{"id":91326,"date":"2025-09-28T13:24:36","date_gmt":"2025-09-28T11:24:36","guid":{"rendered":"https:\/\/now-news.de\/de\/deutschland\/die-schwarze-erde-der-ukraine-und-die-verschwiegene-realitaet-in-einem-ruinierten-land-teil-2\/"},"modified":"2025-09-28T13:24:36","modified_gmt":"2025-09-28T11:24:36","slug":"die-schwarze-erde-der-ukraine-und-die-verschwiegene-realitaet-in-einem-ruinierten-land-teil-2","status":"publish","type":"post","link":"https:\/\/now-news.de\/de\/deutschland\/die-schwarze-erde-der-ukraine-und-die-verschwiegene-realitaet-in-einem-ruinierten-land-teil-2\/","title":{"rendered":"Die Schwarze Erde der Ukraine und die verschwiegene Realit\u00e4t in einem ruinierten Land (Teil 2)"},"content":{"rendered":"<p><img decoding=\"async\" src=\"https:\/\/now-news.de\/de\/wp-content\/uploads\/sites\/3\/2025\/09\/68d57ef348fbef4aab0935ac.jpg\" \/><\/p>\n<div class=\"Text-root Text-type_1 \">\n                Je l\u00e4nger sich der Stellvertreterkrieg sich hinzieht und je weiter die russischen Truppen nach Westen vorr\u00fccken, desto tr\u00fcber werden die Aussichten f\u00fcr die westlichen &#8220;Investoren&#8221;, die von ihnen erhofften exorbitanten Profite aus den Schwarzerde-Gebieten zu realisieren. War die Ukraine schon vor 2022 bankrott, so ist das Land nun vollends ruiniert.\n            <\/div>\n<p><\/p>\n<div class=\"Text-root Text-type_5 ArticleView-text ViewText-root \">\n<p><em>Teil 2 und Schluss \u2013 Teil 1 finden Sie <a rel=\"nofollow noopener\" target=\"_blank\" href=\"https:\/\/freedert.online\/international\/257075-die-schwarze-erde-der-ukraine-und-verschwiegene-realitaet-in-einem-ruinierten-land-teil-1\">hier<\/a>.<\/em><\/p>\n<p><em>Von Wolfgang Bittner<\/em><\/p>\n<p><strong>Die verschwiegene ukrainische Realit\u00e4t<\/strong><\/p>\n<p>Die Ukraine war bereits wenige Monate nach dem Maidan-Putsch bankrott und hing nur noch am Tropf des IWF und der EU. Nach Untersuchungen der Journalisten Friedhelm Klinkhammer und Volker Br\u00e4utigam (ehemalige Mitarbeiter des <em>Norddeutschen Rundfunks<\/em>) haben bis Mitte\u00a02018 etwa acht Millionen Ukrainer ihre Heimat auf der Flucht vor Armut und Arbeitslosigkeit verlassen. Das Land war damals schon mit 13\u00a0Milliarden Euro bei der EU und mit weiteren\u00a0elf Milliarden US-Dollar beim Internationalen W\u00e4hrungsfonds <a rel=\"nofollow noopener\" target=\"_blank\" href=\"http:\/\/www.nrhz.de\/flyer\/beitrag.php?id=25127\">verschuldet<\/a>. &#8220;Diese Last w\u00e4re nur zu tragen, wenn ihr ein angemessenes Bruttosozialprodukt gegen\u00fcberst\u00fcnde&#8221;, so die Autoren 2018. Ihre damalige Prognose: &#8220;Wie das Poroschenko-Regime jedoch die im n\u00e4chsten Jahr f\u00e4lligen ersten R\u00fcckzahlungsraten aufbringen und seinen Tilgungsverpflichtungen nachkommen will, ist v\u00f6llig unklar. [\u2026] Die EU und der IWF machen Druck, dass die ukrainische Regierung endlich die Beschr\u00e4nkungen f\u00fcr den Verkauf von <a rel=\"nofollow noopener\" target=\"_blank\" href=\"https:\/\/www.zeit.de\/wirtschaft\/2015-03\/ukraine-landwirtschaft-schwarzerde-monsanto\/seite-2\">Ackerland<\/a> [den wertvollen &#8216;Schwarzen B\u00f6den&#8217;] aufhebt, an dem internationale Investoren der Agrarindustrie gro\u00dfes Interesse haben. Au\u00dferdem soll das Ausfuhrverbot f\u00fcr Rundh\u00f6lzer demn\u00e4chst abgeschafft werden. Die ukrainischen W\u00e4lder d\u00fcrften bald Vergangenheit sein.&#8221;<\/p>\n<p>Zu registrieren ist seit 2014 eine v\u00f6llige Verelendung des kriegsgesch\u00fcttelten Landes, das von Skandalen, Korruption und Verbrechen <a rel=\"nofollow noopener\" target=\"_blank\" href=\"https:\/\/www.zeit.de\/politik\/ausland\/2015-04\/ukraine-morde-busina-upa\">heimgesucht<\/a> wird. Aber \u00fcber die teilweise Zerst\u00f6rung von Schwarzerde und \u00fcber die prek\u00e4re Situation der ukrainischen Bev\u00f6lkerung wird kaum berichtet. Nur beil\u00e4ufig erfuhr die \u00d6ffentlichkeit von einer Serie mysteri\u00f6ser Todesf\u00e4lle ukrainischer Oppositioneller und ehemaliger hoher Amtstr\u00e4ger, Funktion\u00e4re und Politiker. Darunter waren der ehemalige Leiter des staatlichen Grundst\u00fccksfonds Michail Tschetschetow, der ehemalige Gouverneur von Saporoschje Alexander Pekluschenko, der ehemalige Vorsitzende des Regionalrates in Charkow Nikolai Sergijenko und der ehemalige B\u00fcrgermeister von Melitopol Sergei Walter. Obwohl es keine Abschiedsbriefe gab und die Umst\u00e4nde auf Mord <a rel=\"nofollow noopener\" target=\"_blank\" href=\"https:\/\/freedert.online\/17071\/international\/mordserie-gegen-oppositionspolitiker-in-der-ukraine-haelt-an-und-die-westlichen-medien-schweigen\/\">schlie\u00dfen lie\u00dfen<\/a>, war die offizielle Version jeweils &#8220;Selbstmord&#8221;.<\/p>\n<p>Wie es 2022\/23 in der Ukraine aussah und wor\u00fcber die westlichen Medien nicht berichteten, dokumentierte ein durchaus glaubw\u00fcrdiger Beitrag des russischen Fernsehens, aus dem der Journalist und Russlandkenner Thomas R\u00f6per folgende Passagen <a rel=\"nofollow noopener\" target=\"_blank\" href=\"https:\/\/anti-spiegel.ru\/2022\/in-der-ukraine-herrscht-das-chaos-und-selensky-lallt-vor-der-presse\/?doing_wp_cron=1667614361.9042179584503173828125\">\u00fcbersetzte<\/a>: &#8220;Die Ukraine hat sich in eine Wildnis verwandelt, in der jeder Bezirk von einem eigenen Warlord befehligt wird. Odessa ging an Maxim Martschenko, den ehemaligen Chef des nationalistischen Aidar-Bataillons. Er wurde zum Gouverneur ernannt. Den Strand von Langeron hat er sofort vermint. Die Zivilisten werden als Schutzschilde benutzt. In Mariupol haben Soldaten der ukrainischen Armee hinter einem Kindergarten Artillerie aufgestellt. In Charkow stehen sie mit Maschinengewehren auf den Balkonen von Hochh\u00e4usern. Von was f\u00fcr humanit\u00e4ren Korridoren ist die Rede? Die Einwohner von Mariupol versuchten, die Stadt zu verlassen, wurden aber in zerschossenen Autos aufgehalten und gerieten in einen Hinterhalt des nationalistischen Asow-Bataillons. Der Befehl lautete, niemanden hinauszulassen und so viel Zerst\u00f6rung wie m\u00f6glich zu hinterlassen\u00a0[\u2026] Sie haben die Visapflicht f\u00fcr ausl\u00e4ndische S\u00f6ldner abgeschafft, lie\u00dfen Gefangene frei und verteilten Waffen an alle, die welche haben wollten,\u00a0[\u2026] f\u00fcr Andersdenkende haben sie sogar ihre eigene Strafe erfunden: Auspeitschen, indem man die Opfer mit Klebeband an einen Baum bindet.&#8221;<\/p>\n<p>Zu allen Behauptungen wurden entsprechende Bilder gezeigt. Die Schlussfolgerung lautete: &#8220;Die Ukraine ist f\u00fcr die USA und Europa Verbrauchsmaterial, ihre historische Aufgabe ist es, Russland zu schaden. Das ist alles.&#8221; Der Fernsehbericht zeigte ein Land im Chaos, beherrscht von Verbrecherbanden wie den Asow- und Aidar-Truppen, die ihre Stellungen in der N\u00e4he von Kinderg\u00e4rten oder in Wohnh\u00e4usern einrichteten, Oppositionelle ermordeten und False-Flag-Operationen durchf\u00fchrten, wie zum Beispiel in Butscha (dazu vom Autor: &#8220;Geopolitik im \u00dcberblick&#8221;, Berlin:\u00a0Verlag Hintergrund, 2025, S.\u00a0107\u2013112).<\/p>\n<p>Das hielt die deutsche Regierung nicht davon ab, der Kiewer Regierung zu versichern, dass Deutschland dieses v\u00f6llig heruntergekommene Staatswesen mit der Regierung Selenskij <a rel=\"nofollow noopener\" target=\"_blank\" href=\"https:\/\/www.bundespraesident.de\/SharedDocs\/Reden\/DE\/Frank-Walter-Steinmeier\/Reden\/2022\/10\/221028-Alles-staerken-was-uns-verbindet.html\">unterst\u00fctzen<\/a> werde, &#8220;so lange es n\u00f6tig sein wird&#8221;, milit\u00e4risch, finanziell und politisch. Das entsprach den Vorgaben der Obama- und Biden-Regierungen, aber nicht den deutschen Interessen, die verantwortungslos missachtet wurden, ebenso wie die existenzielle Gef\u00e4hrdung ganz Europas.<\/p>\n<p><strong>Die neuere Entwicklung<\/strong><\/p>\n<p>Durch die Pr\u00e4sidentschaft Donald Trumps hat sich die Situation f\u00fcr die Ukraine, aber auch f\u00fcr Deutschland und Europa gravierend ver\u00e4ndert. Trump, der offensichtlich den Zusammenbruch des US-Wirtschafts- und -Finanzsystems abzuwenden beabsichtigt, will Gesch\u00e4fte (&#8220;Deals&#8221;) machen und hat Abstand von der Ukraine-Politik Obamas und Bidens genommen. Er ist an den Bodensch\u00e4tzen des Landes interessiert, um die Milliardenausgaben der USA f\u00fcr den Ukraine-Krieg wieder <a rel=\"nofollow noopener\" target=\"_blank\" href=\"https:\/\/www.tagesschau.de\/ausland\/amerika\/selenskyj-washington-102.html\">hereinzuholen<\/a>.<\/p>\n<p>Aber das ist nicht neu. Einige Neocons und Kriegstreiber in Washington haben diese &#8220;Investitionen&#8221; in die Ukraine schon l\u00e4nger ganz n\u00fcchtern als eine Win-win-Situation gesehen. So <a rel=\"nofollow noopener\" target=\"_blank\" href=\"https:\/\/www.youtube.com\/watch?v=YS1s8GN77h0\">sagte<\/a> der prominente US-Senator Lindsey Graham am 10.\u00a0Juni 2024 in einem Interview des US-Senders <em>CBS<\/em>: &#8220;Sie sitzen auf zehn bis zw\u00f6lf Billionen Dollar an kritischen Mineralien in der Ukraine. Ich m\u00f6chte Putin dieses Geld und diese Verm\u00f6genswerte nicht geben, um sie mit China zu teilen.&#8221; F\u00fcr Graham ist die Ukraine eine Goldmine, die es auszubeuten gilt: &#8220;Sie k\u00f6nnten das reichste Land in ganz Europa sein\u00a0[\u2026] Das ist eine sehr gro\u00dfe Sache, wie die Ukraine endet. Helfen wir ihnen, einen Krieg zu gewinnen, den wir uns nicht leisten k\u00f6nnen, zu verlieren.&#8221; Doch das will Trump anders regeln. Es wird sich zeigen, inwieweit Russland, das bis vor Kurzem noch aus strategischen und \u00f6konomischen Gr\u00fcnden besiegt und entstaatlicht werden sollte, der Trump-Regierung entgegenkommen wird.<\/p>\n<p>Derweil geht der Krieg weiter. Seit 2022 sind die Gebiete im Osten der Ukraine stark umk\u00e4mpft, was aufgrund des massiven Einsatzes von Artillerie, Drohnen und Minen unter anderem die teilweise Zerst\u00f6rung des Ackerbodens zur Folge hat. Auch die Sprengung des Kachowka-Staudammes f\u00fchrte zu schweren Sch\u00e4den in den russischen Gebieten entlang des Dnjepr und hat den Handel mit Agrarprodukten stark beeintr\u00e4chtigt.<\/p>\n<p>Ein von der Natur gesegnetes Land wurde zu Teilen zerst\u00f6rt und abgewirtschaftet, weil es vor der Haust\u00fcr Russlands liegt, auf dessen Ressourcen sich die westlichen Begehrlichkeiten, abgesehen von den strategischen Zielen, letztlich richten. Das &#8220;Tor zu Russland&#8221; ist auf Jahrzehnte hinaus ruiniert, und der Wiederaufbau nach einem Friedensschluss wird Abermilliarden kosten, die zum gro\u00dfen Teil von den westeurop\u00e4ischen Staaten aufgebracht werden m\u00fcssen.<\/p>\n<p><em>Der vorstehende Artikel erschien zuerst auf den <a rel=\"nofollow noopener\" target=\"_blank\" href=\"https:\/\/www.nachdenkseiten.de\/?p=139547\">NachDenkSeiten<\/a> am 24.\u00a0September 2025.<\/em><\/p>\n<p><em>Der Schriftsteller und Publizist Dr. jur. <strong>Wolfgang Bittner<\/strong> lebt in G\u00f6ttingen. Er hat \u00fcber 80 B\u00fccher ver\u00f6ffentlicht, u.\u00a0a. &#8220;Die Eroberung Europas durch die USA&#8221; (2014), &#8220;Die Heimat, der Krieg und der Goldene Westen&#8221; (Roman, 2019), &#8220;Deutschland \u2013 verraten und verkauft&#8221; (2021), und &#8220;Geopolitik im \u00dcberblick. Deutschland-USA-EU-Russland&#8221; (2025).<\/em><\/p>\n<p><strong>Mehr zum Thema<\/strong>\u00a0&#8211;\u00a0<a rel=\"nofollow noopener\" target=\"_blank\" href=\"https:\/\/freedert.online\/europa\/256845-ukraine-ist-ueberfordert-russlands-offensiven\/\">Die Ukraine ist \u00fcberfordert: Russlands Offensiven verwandeln Schwachstellen in Bruchstellen<\/a><\/p>\n<div class=\"EmbedBlock-root EmbedBlock-externalVideo EmbedBlock-rumble\">\n<div class=\"VkEmbed\"><iframe class=\"lazyload\" data-src=\"https:\/\/rumble.com\/embed\/v6x9ik0\" frameborder=\"0\" width=\"853\" height=\"480\" allowfullscreen><\/iframe><\/div>\n<\/div>\n<\/div>\n<p><br \/>\n<br \/><a href=\"https:\/\/de.rt.com\/europa\/257081-die-schwarze-erde-der-ukraine-und-die-verschwiegene-realitaet-in-einem-ruinierten-land-teil-2\/\">Source link <\/a><\/p>\n","protected":false},"excerpt":{"rendered":"<p>Je l\u00e4nger sich der Stellvertreterkrieg sich hinzieht und je weiter die russischen Truppen nach Westen vorr\u00fccken, desto tr\u00fcber werden die Aussichten f\u00fcr die westlichen &#8220;Investoren&#8221;, die von ihnen erhofften exorbitanten Profite aus den Schwarzerde-Gebieten zu realisieren. War die Ukraine schon vor 2022 bankrott, so ist das Land nun vollends ruiniert. Teil 2 und Schluss \u2013 [&hellip;]<\/p>\n","protected":false},"author":3,"featured_media":91327,"comment_status":"open","ping_status":"open","sticky":false,"template":"","format":"standard","meta":{"_yoast_indexnow_last_ping":["1759058710"],"wp_automatic_camp":["217"],"5d253799057cb6cb0d74b6ce9b4da8d0":["Die Schwarze Erde der Ukraine und die verschwiegene Realit\u00e4t in einem ruinierten Land (Teil 2)"],"original_link":["https:\/\/de.rt.com\/europa\/257081-die-schwarze-erde-der-ukraine-und-die-verschwiegene-realitaet-in-einem-ruinierten-land-teil-2\/"],"_thumbnail_id":["91327"],"jnews_social_counter_last_update":["1777220163"],"_wptgpro_p2tg_sent2tg":["a:1:{i:23737;s:19:\"2025-09-28 13:26:21\";}"]},"categories":[19,23],"tags":[82,45,352,2962,7414,8910,68050,13168,3240,127,140,41545],"yoast_head":"<!-- This site is optimized with the Yoast SEO Premium plugin v22.7 (Yoast SEO v22.7) - https:\/\/yoast.com\/wordpress\/plugins\/seo\/ -->\n<title>Die Schwarze Erde der Ukraine und die verschwiegene Realit\u00e4t in einem ruinierten Land (Teil 2) - just-now.NEWS Deutschland<\/title>\n<meta name=\"robots\" content=\"index, follow, max-snippet:-1, max-image-preview:large, max-video-preview:-1\" \/>\n<link rel=\"canonical\" href=\"https:\/\/now-news.de\/de\/deutschland\/die-schwarze-erde-der-ukraine-und-die-verschwiegene-realitaet-in-einem-ruinierten-land-teil-2\/\" \/>\n<meta property=\"og:locale\" content=\"de_DE\" \/>\n<meta property=\"og:type\" content=\"article\" \/>\n<meta property=\"og:title\" content=\"Die Schwarze Erde der Ukraine und die verschwiegene Realit\u00e4t in einem ruinierten Land (Teil 2)\" \/>\n<meta property=\"og:description\" content=\"Je l\u00e4nger sich der Stellvertreterkrieg sich hinzieht und je weiter die russischen Truppen nach Westen vorr\u00fccken, desto tr\u00fcber werden die Aussichten f\u00fcr die westlichen &#8220;Investoren&#8221;, die von ihnen erhofften exorbitanten Profite aus den Schwarzerde-Gebieten zu realisieren. War die Ukraine schon vor 2022 bankrott, so ist das Land nun vollends ruiniert. Teil 2 und Schluss \u2013 [&hellip;]\" \/>\n<meta property=\"og:url\" content=\"https:\/\/now-news.de\/de\/deutschland\/die-schwarze-erde-der-ukraine-und-die-verschwiegene-realitaet-in-einem-ruinierten-land-teil-2\/\" \/>\n<meta property=\"og:site_name\" content=\"just-now.NEWS Deutschland\" \/>\n<meta property=\"article:publisher\" content=\"https:\/\/www.facebook.com\/wirmachenauf\" \/>\n<meta property=\"article:published_time\" content=\"2025-09-28T11:24:36+00:00\" \/>\n<meta property=\"og:image\" content=\"https:\/\/now-news.de\/de\/wp-content\/uploads\/sites\/3\/2025\/09\/68d57ef348fbef4aab0935ac.jpg\" \/>\n<meta name=\"author\" content=\"rtnews\" \/>\n<meta name=\"twitter:card\" content=\"summary_large_image\" \/>\n<meta name=\"twitter:creator\" content=\"@WirMachenAuf_de\" \/>\n<meta name=\"twitter:site\" content=\"@WirMachenAuf_de\" \/>\n<meta name=\"twitter:label1\" content=\"Verfasst von\" \/>\n\t<meta name=\"twitter:data1\" content=\"rtnews\" \/>\n\t<meta name=\"twitter:label2\" content=\"Gesch\u00e4tzte Lesezeit\" \/>\n\t<meta name=\"twitter:data2\" content=\"6\u00a0Minuten\" \/>\n<script type=\"application\/ld+json\" class=\"yoast-schema-graph\">{\"@context\":\"https:\/\/schema.org\",\"@graph\":[{\"@type\":\"Article\",\"@id\":\"https:\/\/now-news.de\/de\/deutschland\/die-schwarze-erde-der-ukraine-und-die-verschwiegene-realitaet-in-einem-ruinierten-land-teil-2\/#article\",\"isPartOf\":{\"@id\":\"https:\/\/now-news.de\/de\/deutschland\/die-schwarze-erde-der-ukraine-und-die-verschwiegene-realitaet-in-einem-ruinierten-land-teil-2\/\"},\"author\":{\"name\":\"rtnews\",\"@id\":\"https:\/\/now-news.de\/de\/#\/schema\/person\/fb534a4e865501d8b3285208df34a9b5\"},\"headline\":\"Die Schwarze Erde der Ukraine und die verschwiegene Realit\u00e4t in einem ruinierten Land (Teil 2)\",\"datePublished\":\"2025-09-28T11:24:36+00:00\",\"dateModified\":\"2025-09-28T11:24:36+00:00\",\"mainEntityOfPage\":{\"@id\":\"https:\/\/now-news.de\/de\/deutschland\/die-schwarze-erde-der-ukraine-und-die-verschwiegene-realitaet-in-einem-ruinierten-land-teil-2\/\"},\"wordCount\":1162,\"commentCount\":0,\"publisher\":{\"@id\":\"https:\/\/now-news.de\/de\/#organization\"},\"image\":{\"@id\":\"https:\/\/now-news.de\/de\/deutschland\/die-schwarze-erde-der-ukraine-und-die-verschwiegene-realitaet-in-einem-ruinierten-land-teil-2\/#primaryimage\"},\"thumbnailUrl\":\"https:\/\/now-news.de\/de\/wp-content\/uploads\/sites\/3\/2025\/09\/1759058714_Die-Schwarze-Erde-der-Ukraine-und-die-verschwiegene-Realitaet-in.jpg\",\"keywords\":[\"der\",\"die\",\"einem\",\"Erde\",\"Land\",\"Realit\u00e4t\",\"ruinierten\",\"schwarze\",\"Teil\",\"ukraine\",\"und\",\"verschwiegene\"],\"articleSection\":[\"Deutschland\",\"Russland\"],\"inLanguage\":\"de\",\"potentialAction\":[{\"@type\":\"CommentAction\",\"name\":\"Comment\",\"target\":[\"https:\/\/now-news.de\/de\/deutschland\/die-schwarze-erde-der-ukraine-und-die-verschwiegene-realitaet-in-einem-ruinierten-land-teil-2\/#respond\"]}]},{\"@type\":\"WebPage\",\"@id\":\"https:\/\/now-news.de\/de\/deutschland\/die-schwarze-erde-der-ukraine-und-die-verschwiegene-realitaet-in-einem-ruinierten-land-teil-2\/\",\"url\":\"https:\/\/now-news.de\/de\/deutschland\/die-schwarze-erde-der-ukraine-und-die-verschwiegene-realitaet-in-einem-ruinierten-land-teil-2\/\",\"name\":\"Die Schwarze Erde der Ukraine und die verschwiegene Realit\u00e4t in einem ruinierten Land (Teil 2) - just-now.NEWS Deutschland\",\"isPartOf\":{\"@id\":\"https:\/\/now-news.de\/de\/#website\"},\"primaryImageOfPage\":{\"@id\":\"https:\/\/now-news.de\/de\/deutschland\/die-schwarze-erde-der-ukraine-und-die-verschwiegene-realitaet-in-einem-ruinierten-land-teil-2\/#primaryimage\"},\"image\":{\"@id\":\"https:\/\/now-news.de\/de\/deutschland\/die-schwarze-erde-der-ukraine-und-die-verschwiegene-realitaet-in-einem-ruinierten-land-teil-2\/#primaryimage\"},\"thumbnailUrl\":\"https:\/\/now-news.de\/de\/wp-content\/uploads\/sites\/3\/2025\/09\/1759058714_Die-Schwarze-Erde-der-Ukraine-und-die-verschwiegene-Realitaet-in.jpg\",\"datePublished\":\"2025-09-28T11:24:36+00:00\",\"dateModified\":\"2025-09-28T11:24:36+00:00\",\"breadcrumb\":{\"@id\":\"https:\/\/now-news.de\/de\/deutschland\/die-schwarze-erde-der-ukraine-und-die-verschwiegene-realitaet-in-einem-ruinierten-land-teil-2\/#breadcrumb\"},\"inLanguage\":\"de\",\"potentialAction\":[{\"@type\":\"ReadAction\",\"target\":[\"https:\/\/now-news.de\/de\/deutschland\/die-schwarze-erde-der-ukraine-und-die-verschwiegene-realitaet-in-einem-ruinierten-land-teil-2\/\"]}]},{\"@type\":\"ImageObject\",\"inLanguage\":\"de\",\"@id\":\"https:\/\/now-news.de\/de\/deutschland\/die-schwarze-erde-der-ukraine-und-die-verschwiegene-realitaet-in-einem-ruinierten-land-teil-2\/#primaryimage\",\"url\":\"https:\/\/now-news.de\/de\/wp-content\/uploads\/sites\/3\/2025\/09\/1759058714_Die-Schwarze-Erde-der-Ukraine-und-die-verschwiegene-Realitaet-in.jpg\",\"contentUrl\":\"https:\/\/now-news.de\/de\/wp-content\/uploads\/sites\/3\/2025\/09\/1759058714_Die-Schwarze-Erde-der-Ukraine-und-die-verschwiegene-Realitaet-in.jpg\",\"width\":460,\"height\":259,\"caption\":\"Die Schwarze Erde der Ukraine und die verschwiegene Realit\u00e4t in einem ruinierten Land (Teil 2)\"},{\"@type\":\"BreadcrumbList\",\"@id\":\"https:\/\/now-news.de\/de\/deutschland\/die-schwarze-erde-der-ukraine-und-die-verschwiegene-realitaet-in-einem-ruinierten-land-teil-2\/#breadcrumb\",\"itemListElement\":[{\"@type\":\"ListItem\",\"position\":1,\"name\":\"Home\",\"item\":\"https:\/\/now-news.de\/de\/\"},{\"@type\":\"ListItem\",\"position\":2,\"name\":\"Die Schwarze Erde der Ukraine und die verschwiegene Realit\u00e4t in einem ruinierten Land (Teil 2)\"}]},{\"@type\":\"WebSite\",\"@id\":\"https:\/\/now-news.de\/de\/#website\",\"url\":\"https:\/\/now-news.de\/de\/\",\"name\":\"just-now.NEWS Deutschland\",\"description\":\"Das Portal f\u00fcr unzensierte Nachrichten aus der Welt\",\"publisher\":{\"@id\":\"https:\/\/now-news.de\/de\/#organization\"},\"potentialAction\":[{\"@type\":\"SearchAction\",\"target\":{\"@type\":\"EntryPoint\",\"urlTemplate\":\"https:\/\/now-news.de\/de\/?s={search_term_string}\"},\"query-input\":\"required name=search_term_string\"}],\"inLanguage\":\"de\"},{\"@type\":\"Organization\",\"@id\":\"https:\/\/now-news.de\/de\/#organization\",\"name\":\"Just Now News\",\"url\":\"https:\/\/now-news.de\/de\/\",\"logo\":{\"@type\":\"ImageObject\",\"inLanguage\":\"de\",\"@id\":\"https:\/\/now-news.de\/de\/#\/schema\/logo\/image\/\",\"url\":\"http:\/\/just-now.news\/de\/wp-content\/uploads\/sites\/3\/2022\/04\/logo500x500.jpg\",\"contentUrl\":\"http:\/\/just-now.news\/de\/wp-content\/uploads\/sites\/3\/2022\/04\/logo500x500.jpg\",\"width\":500,\"height\":500,\"caption\":\"Just Now News\"},\"image\":{\"@id\":\"https:\/\/now-news.de\/de\/#\/schema\/logo\/image\/\"},\"sameAs\":[\"https:\/\/www.facebook.com\/wirmachenauf\",\"https:\/\/x.com\/WirMachenAuf_de\"]},{\"@type\":\"Person\",\"@id\":\"https:\/\/now-news.de\/de\/#\/schema\/person\/fb534a4e865501d8b3285208df34a9b5\",\"name\":\"rtnews\",\"image\":{\"@type\":\"ImageObject\",\"inLanguage\":\"de\",\"@id\":\"https:\/\/now-news.de\/de\/#\/schema\/person\/image\/\",\"url\":\"https:\/\/secure.gravatar.com\/avatar\/82aafea7d8127119dd649515f56e2117?s=96&d=mm&r=g\",\"contentUrl\":\"https:\/\/secure.gravatar.com\/avatar\/82aafea7d8127119dd649515f56e2117?s=96&d=mm&r=g\",\"caption\":\"rtnews\"},\"url\":\"https:\/\/now-news.de\/de\/author\/rnews\/\"}]}<\/script>\n<!-- \/ Yoast SEO Premium plugin. -->","yoast_head_json":{"title":"Die Schwarze Erde der Ukraine und die verschwiegene Realit\u00e4t in einem ruinierten Land (Teil 2) - just-now.NEWS Deutschland","robots":{"index":"index","follow":"follow","max-snippet":"max-snippet:-1","max-image-preview":"max-image-preview:large","max-video-preview":"max-video-preview:-1"},"canonical":"https:\/\/now-news.de\/de\/deutschland\/die-schwarze-erde-der-ukraine-und-die-verschwiegene-realitaet-in-einem-ruinierten-land-teil-2\/","og_locale":"de_DE","og_type":"article","og_title":"Die Schwarze Erde der Ukraine und die verschwiegene Realit\u00e4t in einem ruinierten Land (Teil 2)","og_description":"Je l\u00e4nger sich der Stellvertreterkrieg sich hinzieht und je weiter die russischen Truppen nach Westen vorr\u00fccken, desto tr\u00fcber werden die Aussichten f\u00fcr die westlichen &#8220;Investoren&#8221;, die von ihnen erhofften exorbitanten Profite aus den Schwarzerde-Gebieten zu realisieren. War die Ukraine schon vor 2022 bankrott, so ist das Land nun vollends ruiniert. Teil 2 und Schluss \u2013 [&hellip;]","og_url":"https:\/\/now-news.de\/de\/deutschland\/die-schwarze-erde-der-ukraine-und-die-verschwiegene-realitaet-in-einem-ruinierten-land-teil-2\/","og_site_name":"just-now.NEWS Deutschland","article_publisher":"https:\/\/www.facebook.com\/wirmachenauf","article_published_time":"2025-09-28T11:24:36+00:00","og_image":[{"url":"https:\/\/now-news.de\/de\/wp-content\/uploads\/sites\/3\/2025\/09\/68d57ef348fbef4aab0935ac.jpg"}],"author":"rtnews","twitter_card":"summary_large_image","twitter_creator":"@WirMachenAuf_de","twitter_site":"@WirMachenAuf_de","twitter_misc":{"Verfasst von":"rtnews","Gesch\u00e4tzte Lesezeit":"6\u00a0Minuten"},"schema":{"@context":"https:\/\/schema.org","@graph":[{"@type":"Article","@id":"https:\/\/now-news.de\/de\/deutschland\/die-schwarze-erde-der-ukraine-und-die-verschwiegene-realitaet-in-einem-ruinierten-land-teil-2\/#article","isPartOf":{"@id":"https:\/\/now-news.de\/de\/deutschland\/die-schwarze-erde-der-ukraine-und-die-verschwiegene-realitaet-in-einem-ruinierten-land-teil-2\/"},"author":{"name":"rtnews","@id":"https:\/\/now-news.de\/de\/#\/schema\/person\/fb534a4e865501d8b3285208df34a9b5"},"headline":"Die Schwarze Erde der Ukraine und die verschwiegene Realit\u00e4t in einem ruinierten Land (Teil 2)","datePublished":"2025-09-28T11:24:36+00:00","dateModified":"2025-09-28T11:24:36+00:00","mainEntityOfPage":{"@id":"https:\/\/now-news.de\/de\/deutschland\/die-schwarze-erde-der-ukraine-und-die-verschwiegene-realitaet-in-einem-ruinierten-land-teil-2\/"},"wordCount":1162,"commentCount":0,"publisher":{"@id":"https:\/\/now-news.de\/de\/#organization"},"image":{"@id":"https:\/\/now-news.de\/de\/deutschland\/die-schwarze-erde-der-ukraine-und-die-verschwiegene-realitaet-in-einem-ruinierten-land-teil-2\/#primaryimage"},"thumbnailUrl":"https:\/\/now-news.de\/de\/wp-content\/uploads\/sites\/3\/2025\/09\/1759058714_Die-Schwarze-Erde-der-Ukraine-und-die-verschwiegene-Realitaet-in.jpg","keywords":["der","die","einem","Erde","Land","Realit\u00e4t","ruinierten","schwarze","Teil","ukraine","und","verschwiegene"],"articleSection":["Deutschland","Russland"],"inLanguage":"de","potentialAction":[{"@type":"CommentAction","name":"Comment","target":["https:\/\/now-news.de\/de\/deutschland\/die-schwarze-erde-der-ukraine-und-die-verschwiegene-realitaet-in-einem-ruinierten-land-teil-2\/#respond"]}]},{"@type":"WebPage","@id":"https:\/\/now-news.de\/de\/deutschland\/die-schwarze-erde-der-ukraine-und-die-verschwiegene-realitaet-in-einem-ruinierten-land-teil-2\/","url":"https:\/\/now-news.de\/de\/deutschland\/die-schwarze-erde-der-ukraine-und-die-verschwiegene-realitaet-in-einem-ruinierten-land-teil-2\/","name":"Die Schwarze Erde der Ukraine und die verschwiegene Realit\u00e4t in einem ruinierten Land (Teil 2) - just-now.NEWS Deutschland","isPartOf":{"@id":"https:\/\/now-news.de\/de\/#website"},"primaryImageOfPage":{"@id":"https:\/\/now-news.de\/de\/deutschland\/die-schwarze-erde-der-ukraine-und-die-verschwiegene-realitaet-in-einem-ruinierten-land-teil-2\/#primaryimage"},"image":{"@id":"https:\/\/now-news.de\/de\/deutschland\/die-schwarze-erde-der-ukraine-und-die-verschwiegene-realitaet-in-einem-ruinierten-land-teil-2\/#primaryimage"},"thumbnailUrl":"https:\/\/now-news.de\/de\/wp-content\/uploads\/sites\/3\/2025\/09\/1759058714_Die-Schwarze-Erde-der-Ukraine-und-die-verschwiegene-Realitaet-in.jpg","datePublished":"2025-09-28T11:24:36+00:00","dateModified":"2025-09-28T11:24:36+00:00","breadcrumb":{"@id":"https:\/\/now-news.de\/de\/deutschland\/die-schwarze-erde-der-ukraine-und-die-verschwiegene-realitaet-in-einem-ruinierten-land-teil-2\/#breadcrumb"},"inLanguage":"de","potentialAction":[{"@type":"ReadAction","target":["https:\/\/now-news.de\/de\/deutschland\/die-schwarze-erde-der-ukraine-und-die-verschwiegene-realitaet-in-einem-ruinierten-land-teil-2\/"]}]},{"@type":"ImageObject","inLanguage":"de","@id":"https:\/\/now-news.de\/de\/deutschland\/die-schwarze-erde-der-ukraine-und-die-verschwiegene-realitaet-in-einem-ruinierten-land-teil-2\/#primaryimage","url":"https:\/\/now-news.de\/de\/wp-content\/uploads\/sites\/3\/2025\/09\/1759058714_Die-Schwarze-Erde-der-Ukraine-und-die-verschwiegene-Realitaet-in.jpg","contentUrl":"https:\/\/now-news.de\/de\/wp-content\/uploads\/sites\/3\/2025\/09\/1759058714_Die-Schwarze-Erde-der-Ukraine-und-die-verschwiegene-Realitaet-in.jpg","width":460,"height":259,"caption":"Die Schwarze Erde der Ukraine und die verschwiegene Realit\u00e4t in einem ruinierten Land (Teil 2)"},{"@type":"BreadcrumbList","@id":"https:\/\/now-news.de\/de\/deutschland\/die-schwarze-erde-der-ukraine-und-die-verschwiegene-realitaet-in-einem-ruinierten-land-teil-2\/#breadcrumb","itemListElement":[{"@type":"ListItem","position":1,"name":"Home","item":"https:\/\/now-news.de\/de\/"},{"@type":"ListItem","position":2,"name":"Die Schwarze Erde der Ukraine und die verschwiegene Realit\u00e4t in einem ruinierten Land (Teil 2)"}]},{"@type":"WebSite","@id":"https:\/\/now-news.de\/de\/#website","url":"https:\/\/now-news.de\/de\/","name":"just-now.NEWS Deutschland","description":"Das Portal f\u00fcr unzensierte Nachrichten aus der Welt","publisher":{"@id":"https:\/\/now-news.de\/de\/#organization"},"potentialAction":[{"@type":"SearchAction","target":{"@type":"EntryPoint","urlTemplate":"https:\/\/now-news.de\/de\/?s={search_term_string}"},"query-input":"required name=search_term_string"}],"inLanguage":"de"},{"@type":"Organization","@id":"https:\/\/now-news.de\/de\/#organization","name":"Just Now News","url":"https:\/\/now-news.de\/de\/","logo":{"@type":"ImageObject","inLanguage":"de","@id":"https:\/\/now-news.de\/de\/#\/schema\/logo\/image\/","url":"http:\/\/just-now.news\/de\/wp-content\/uploads\/sites\/3\/2022\/04\/logo500x500.jpg","contentUrl":"http:\/\/just-now.news\/de\/wp-content\/uploads\/sites\/3\/2022\/04\/logo500x500.jpg","width":500,"height":500,"caption":"Just Now News"},"image":{"@id":"https:\/\/now-news.de\/de\/#\/schema\/logo\/image\/"},"sameAs":["https:\/\/www.facebook.com\/wirmachenauf","https:\/\/x.com\/WirMachenAuf_de"]},{"@type":"Person","@id":"https:\/\/now-news.de\/de\/#\/schema\/person\/fb534a4e865501d8b3285208df34a9b5","name":"rtnews","image":{"@type":"ImageObject","inLanguage":"de","@id":"https:\/\/now-news.de\/de\/#\/schema\/person\/image\/","url":"https:\/\/secure.gravatar.com\/avatar\/82aafea7d8127119dd649515f56e2117?s=96&d=mm&r=g","contentUrl":"https:\/\/secure.gravatar.com\/avatar\/82aafea7d8127119dd649515f56e2117?s=96&d=mm&r=g","caption":"rtnews"},"url":"https:\/\/now-news.de\/de\/author\/rnews\/"}]}},"_links":{"self":[{"href":"https:\/\/now-news.de\/de\/wp-json\/wp\/v2\/posts\/91326"}],"collection":[{"href":"https:\/\/now-news.de\/de\/wp-json\/wp\/v2\/posts"}],"about":[{"href":"https:\/\/now-news.de\/de\/wp-json\/wp\/v2\/types\/post"}],"author":[{"embeddable":true,"href":"https:\/\/now-news.de\/de\/wp-json\/wp\/v2\/users\/3"}],"replies":[{"embeddable":true,"href":"https:\/\/now-news.de\/de\/wp-json\/wp\/v2\/comments?post=91326"}],"version-history":[{"count":0,"href":"https:\/\/now-news.de\/de\/wp-json\/wp\/v2\/posts\/91326\/revisions"}],"wp:featuredmedia":[{"embeddable":true,"href":"https:\/\/now-news.de\/de\/wp-json\/wp\/v2\/media\/91327"}],"wp:attachment":[{"href":"https:\/\/now-news.de\/de\/wp-json\/wp\/v2\/media?parent=91326"}],"wp:term":[{"taxonomy":"category","embeddable":true,"href":"https:\/\/now-news.de\/de\/wp-json\/wp\/v2\/categories?post=91326"},{"taxonomy":"post_tag","embeddable":true,"href":"https:\/\/now-news.de\/de\/wp-json\/wp\/v2\/tags?post=91326"}],"curies":[{"name":"wp","href":"https:\/\/api.w.org\/{rel}","templated":true}]}}