{"id":91322,"date":"2025-09-28T12:42:33","date_gmt":"2025-09-28T10:42:33","guid":{"rendered":"https:\/\/now-news.de\/de\/deutschland\/medien-bundesregierung-plant-streichung-von-pflegegrad-1-%e2%80%92-mehr-als-860-000-personen-betroffen\/"},"modified":"2025-09-28T12:42:33","modified_gmt":"2025-09-28T10:42:33","slug":"medien-bundesregierung-plant-streichung-von-pflegegrad-1-%e2%80%92-mehr-als-860-000-personen-betroffen","status":"publish","type":"post","link":"https:\/\/now-news.de\/de\/deutschland\/medien-bundesregierung-plant-streichung-von-pflegegrad-1-%e2%80%92-mehr-als-860-000-personen-betroffen\/","title":{"rendered":"Medien: Bundesregierung plant Streichung von Pflegegrad 1 \u2012 mehr als 860.000 Personen betroffen"},"content":{"rendered":"<p><img decoding=\"async\" src=\"https:\/\/now-news.de\/de\/wp-content\/uploads\/sites\/3\/2025\/09\/68d8fa2db480cc4e8b45ea38.jpg\" \/><\/p>\n<div class=\"Text-root Text-type_1 \">\n                In den deutschen Sozialsystemen klafft eine Finanzierungsl\u00fccke im Milliardenumfang. Nun pr\u00fcft die schwarz-rote Regierung Vorschl\u00e4ge zu K\u00fcrzungen in diesem Bereich. Im Gespr\u00e4ch ist unter anderem die Streichung des Pflegegrads 1.\n            <\/div>\n<p><\/p>\n<div class=\"Text-root Text-type_5 ArticleView-text ViewText-root \">\n<p><em>BILD <\/em>und<em> Focus<\/em> berichteten an diesem\u00a0Sonntagmorgen \u00fcbereinstimmend \u00fcber \u00c4u\u00dferungen\u00a0der Regierungsparteien,\u00a0wonach\u00a0das Bundesgesundheitsministerium unter Nina Warken (CDU) dringend Sparvorschl\u00e4ge pr\u00fcfe, wie die Finanzierung der gesetzlichen Krankenversicherung und der Pflegeversicherung sichergestellt werden kann. Den gesetzlichen Krankenversicherungen wird f\u00fcr das Jahr 2026 eine L\u00fccke von vier Milliarden Euro prognostiziert, der Pflegeversicherung werden immerhin\u00a0zwei Milliarden Euro fehlen.<\/p>\n<p>Findet sich keine andere L\u00f6sung, m\u00fcssten diese Fehlbetr\u00e4ge durch Beitragserh\u00f6hungen ausgeglichen werden. Eine Steigerung der Lohnnebenkosten (ohnehin schon auf <a rel=\"nofollow noopener\" target=\"_blank\" href=\"https:\/\/www.tagesschau.de\/wirtschaft\/verbraucher\/lohnnebenkosten-rekordhoch-krankenkassenbeitraege-100.html\">Rekordniveau<\/a>) w\u00e4re aber Gift f\u00fcr die schw\u00e4chelnde Konjunktur in Deutschland, der insbesondere auch die Kaufzur\u00fcckhaltung der Deutschen zu schaffen macht.<\/p>\n<p>Bundesgesundheitsministerin Warken steht \u2013 so die Berichte \u2013 unter Druck, denn nur\u00a0unter Vorlage\u00a0von Sparma\u00dfnahmen will Bundesfinanzminister Lars Klingbeil (SPD) zus\u00e4tzliches Geld aus dem Bundeshaushalt zur Finanzierung der Krankenkassen zur Verf\u00fcgung stellen. Derzeit besch\u00e4ftigt sich eine Bund-L\u00e4nder-Kommission mit der Reform der Pflegeversicherung, die auch eine \u00dcberpr\u00fcfung der Pflegegrade umfassen soll. Ein erster Bericht der Kommission soll bereits in wenigen Wochen vorliegen. Da liegt es nahe, die Streichung\u00a0des Pflegegrads 1 erneut ins Gespr\u00e4ch zu bringen, die ohnehin schon einmal Thema bei den Koalitionsverhandlungen war.<\/p>\n<p>Damit k\u00f6nnte man laut einer Studie des RWI-Leibniz-Institut f\u00fcr Wirtschaftsforschung rund 1,8 Milliarden Euro sparen \u2013 was die Zwei-Milliarden-L\u00fccke der Pflegesicherung nahezu decken w\u00fcrde. Und da die Zahl der Pflegebed\u00fcrftigen nach Pflegegrad 1 von Jahr zu Jahr zunimmt (allein im Jahr 2024 um 81.500 Personen), k\u00f6nnte man mit dieser K\u00fcrzung dauerhaft Geld einsparen. Insgesamt mehr als 860.000 Menschen sind im Pflegegrad 1 eingestuft.\u00a0<\/p>\n<p>Pflegegrad 1 bedeutet, dass der Betroffene unter einer geringen Beeintr\u00e4chtigung der Selbstst\u00e4ndigkeit leidet. Mit einem Entlastungsbeitrag von 131 Euro im Monat kann der Empf\u00e4nger beispielsweise eine Putzhilfe oder einen Einkaufsdienst bezahlen oder den Betrag den Angeh\u00f6rigen zukommen lassen, die ihn pflegen. Au\u00dferdem werden Pflegemittel im Umfang von 42 Euro monatlich finanziert. Ebenso gibt es rund 25 Euro als Zuschuss f\u00fcr einen Hausnotruf. Der H\u00f6chstbetrag f\u00fcr eine Wohnraumanpassung betr\u00e4gt etwas \u00fcber 4.000 Euro.<\/p>\n<p>Es stellt sich allerdings die Frage, ob die erhoffte Einsparung durch die Streichung des\u00a0Pflegegrads 1 nicht eine Milchm\u00e4dchenrechnung ist. Denn die finanziellen Leistungen bei Pflegegrad 1 dienen ja dazu, den Empf\u00e4ngern ein weitgehend selbstst\u00e4ndiges Leben weiterhin zu erm\u00f6glichen und ihren Gesundheitszustand nach M\u00f6glichkeit zu stabilisieren. Fallen diese Hilfen in Zukunft weg, k\u00f6nnten die Betroffenen also wom\u00f6glich umso schneller in einem h\u00f6heren Pflegegrad wieder\u00a0auftauchen \u2012\u00a0mit h\u00f6heren Kosten f\u00fcr Pflegekasse und Bund.<\/p>\n<p>\u00d6ffentlich ge\u00e4u\u00dfert hat sich zum K\u00fcrzungsvorhaben bisher nur Sepp M\u00fcller von der CDU, der stellvertretende Vorsitzende der Unionsfraktion im Bundestag. Gegen\u00fcber <em>Bild<\/em> lie\u00df er verlauten: &#8220;Die Lohnnebenkosten m\u00fcssen sinken, anstatt zu steigen. Das muss unser oberstes Ziel sein, um Arbeitspl\u00e4tze und Wohlstand zu sichern. Deshalb m\u00fcssen wir alle Instrumente ernsthaft pr\u00fcfen.&#8221;<\/p>\n<p>Eine Pr\u00fcfung der Ausgaben f\u00fcr die Ukraine ist dagegen anscheinend nicht im Gespr\u00e4ch. Seit 2022 hat Deutschland nach Angaben der Bundesregierung insgesamt 72 Milliarden Euro <a rel=\"nofollow noopener\" target=\"_blank\" href=\"https:\/\/www.bundesregierung.de\/breg-de\/aktuelles\/deutschland-hilft-der-ukraine-2160274\">bereitgestellt<\/a>, davon 38 Milliarden an milit\u00e4rischer Unterst\u00fctzung \u2012 also ein Vielfaches der Gelder, die jetzt im Sozialbereich fehlen. Ein Gesetz zur Abschaffung des B\u00fcrgergelds f\u00fcr ukrainische Fl\u00fcchtlinge ist zwar seit Monaten im Gespr\u00e4ch, ein entsprechender Gesetzentwurf liegt bislang aber noch nicht \u00f6ffentlich\u00a0vor. Es sieht so aus, als m\u00fcssten die Deutschen ihren gewohnten Lebensstandard weiterhin f\u00fcr den Ukraine-Krieg opfern.<\/p>\n<p><strong>Mehr zum Thema<\/strong>\u00a0\u2012 <a rel=\"nofollow noopener\" target=\"_blank\" href=\"https:\/\/freedert.online\/inland\/242378-kassenchefin-trotz-rekordbeitraegen-steht-gesetzliche\/\">Kassenchefin: Trotz Rekordbeitr\u00e4gen steht gesetzliche Krankenversicherung vor Kollaps<\/a><\/p>\n<div class=\"EmbedBlock-root EmbedBlock-externalVideo EmbedBlock-rumble\">\n<div class=\"VkEmbed\"><iframe class=\"lazyload\" data-src=\"https:\/\/rumble.com\/embed\/v6vthme\" frameborder=\"0\" width=\"853\" height=\"480\" allowfullscreen><\/iframe><\/div>\n<\/div>\n<\/div>\n<p><br \/>\n<br \/><a href=\"https:\/\/de.rt.com\/inland\/257334-medien-bundesregierung-plant-streichung-von-pflegegrad-1-mehr-als-860000-personen-betroffen\/\">Source link <\/a><\/p>\n","protected":false},"excerpt":{"rendered":"<p>In den deutschen Sozialsystemen klafft eine Finanzierungsl\u00fccke im Milliardenumfang. Nun pr\u00fcft die schwarz-rote Regierung Vorschl\u00e4ge zu K\u00fcrzungen in diesem Bereich. Im Gespr\u00e4ch ist unter anderem die Streichung des Pflegegrads 1. BILD und Focus berichteten an diesem\u00a0Sonntagmorgen \u00fcbereinstimmend \u00fcber \u00c4u\u00dferungen\u00a0der Regierungsparteien,\u00a0wonach\u00a0das Bundesgesundheitsministerium unter Nina Warken (CDU) dringend Sparvorschl\u00e4ge pr\u00fcfe, wie die Finanzierung der gesetzlichen Krankenversicherung und [&hellip;]<\/p>\n","protected":false},"author":3,"featured_media":91323,"comment_status":"open","ping_status":"open","sticky":false,"template":"","format":"standard","meta":{"_yoast_indexnow_last_ping":["1759056787"],"wp_automatic_camp":["217"],"89027659836be0e1e96e16d3f4dd7bf1":["Medien: Bundesregierung plant Streichung von Pflegegrad 1 \u2012 mehr als 860.000 Personen betroffen"],"original_link":["https:\/\/de.rt.com\/inland\/257334-medien-bundesregierung-plant-streichung-von-pflegegrad-1-mehr-als-860000-personen-betroffen\/"],"_thumbnail_id":["91323"],"jnews_social_counter_last_update":["1777829075"],"_wptgpro_p2tg_sent2tg":["a:1:{i:23737;s:19:\"2025-09-28 12:54:11\";}"]},"categories":[19,23],"tags":[273,6137,3807,580,2063,22916,68073,2559,26648,50],"yoast_head":"<!-- This site is optimized with the Yoast SEO Premium plugin v22.7 (Yoast SEO v22.7) - https:\/\/yoast.com\/wordpress\/plugins\/seo\/ -->\n<title>Medien: Bundesregierung plant Streichung von Pflegegrad 1 \u2012 mehr als 860.000 Personen betroffen - just-now.NEWS Deutschland<\/title>\n<meta name=\"robots\" content=\"index, follow, max-snippet:-1, max-image-preview:large, max-video-preview:-1\" \/>\n<link rel=\"canonical\" href=\"https:\/\/now-news.de\/de\/deutschland\/medien-bundesregierung-plant-streichung-von-pflegegrad-1-\u2012-mehr-als-860-000-personen-betroffen\/\" \/>\n<meta property=\"og:locale\" content=\"de_DE\" \/>\n<meta property=\"og:type\" content=\"article\" \/>\n<meta property=\"og:title\" content=\"Medien: Bundesregierung plant Streichung von Pflegegrad 1 \u2012 mehr als 860.000 Personen betroffen\" \/>\n<meta property=\"og:description\" content=\"In den deutschen Sozialsystemen klafft eine Finanzierungsl\u00fccke im Milliardenumfang. Nun pr\u00fcft die schwarz-rote Regierung Vorschl\u00e4ge zu K\u00fcrzungen in diesem Bereich. Im Gespr\u00e4ch ist unter anderem die Streichung des Pflegegrads 1. BILD und Focus berichteten an diesem\u00a0Sonntagmorgen \u00fcbereinstimmend \u00fcber \u00c4u\u00dferungen\u00a0der Regierungsparteien,\u00a0wonach\u00a0das Bundesgesundheitsministerium unter Nina Warken (CDU) dringend Sparvorschl\u00e4ge pr\u00fcfe, wie die Finanzierung der gesetzlichen Krankenversicherung und [&hellip;]\" \/>\n<meta property=\"og:url\" content=\"https:\/\/now-news.de\/de\/deutschland\/medien-bundesregierung-plant-streichung-von-pflegegrad-1-\u2012-mehr-als-860-000-personen-betroffen\/\" \/>\n<meta property=\"og:site_name\" content=\"just-now.NEWS Deutschland\" \/>\n<meta property=\"article:publisher\" content=\"https:\/\/www.facebook.com\/wirmachenauf\" \/>\n<meta property=\"article:published_time\" content=\"2025-09-28T10:42:33+00:00\" \/>\n<meta property=\"og:image\" content=\"https:\/\/now-news.de\/de\/wp-content\/uploads\/sites\/3\/2025\/09\/68d8fa2db480cc4e8b45ea38.jpg\" \/>\n<meta name=\"author\" content=\"rtnews\" \/>\n<meta name=\"twitter:card\" content=\"summary_large_image\" \/>\n<meta name=\"twitter:creator\" content=\"@WirMachenAuf_de\" \/>\n<meta name=\"twitter:site\" content=\"@WirMachenAuf_de\" \/>\n<meta name=\"twitter:label1\" content=\"Verfasst von\" \/>\n\t<meta name=\"twitter:data1\" content=\"rtnews\" \/>\n\t<meta name=\"twitter:label2\" content=\"Gesch\u00e4tzte Lesezeit\" \/>\n\t<meta name=\"twitter:data2\" content=\"3\u00a0Minuten\" \/>\n<script type=\"application\/ld+json\" class=\"yoast-schema-graph\">{\"@context\":\"https:\/\/schema.org\",\"@graph\":[{\"@type\":\"Article\",\"@id\":\"https:\/\/now-news.de\/de\/deutschland\/medien-bundesregierung-plant-streichung-von-pflegegrad-1-%e2%80%92-mehr-als-860-000-personen-betroffen\/#article\",\"isPartOf\":{\"@id\":\"https:\/\/now-news.de\/de\/deutschland\/medien-bundesregierung-plant-streichung-von-pflegegrad-1-%e2%80%92-mehr-als-860-000-personen-betroffen\/\"},\"author\":{\"name\":\"rtnews\",\"@id\":\"https:\/\/now-news.de\/de\/#\/schema\/person\/fb534a4e865501d8b3285208df34a9b5\"},\"headline\":\"Medien: Bundesregierung plant Streichung von Pflegegrad 1 \u2012 mehr als 860.000 Personen betroffen\",\"datePublished\":\"2025-09-28T10:42:33+00:00\",\"dateModified\":\"2025-09-28T10:42:33+00:00\",\"mainEntityOfPage\":{\"@id\":\"https:\/\/now-news.de\/de\/deutschland\/medien-bundesregierung-plant-streichung-von-pflegegrad-1-%e2%80%92-mehr-als-860-000-personen-betroffen\/\"},\"wordCount\":626,\"commentCount\":0,\"publisher\":{\"@id\":\"https:\/\/now-news.de\/de\/#organization\"},\"image\":{\"@id\":\"https:\/\/now-news.de\/de\/deutschland\/medien-bundesregierung-plant-streichung-von-pflegegrad-1-%e2%80%92-mehr-als-860-000-personen-betroffen\/#primaryimage\"},\"thumbnailUrl\":\"https:\/\/now-news.de\/de\/wp-content\/uploads\/sites\/3\/2025\/09\/Medien-Bundesregierung-plant-Streichung-von-Pflegegrad-1-\u2012-mehr-als.jpg\",\"keywords\":[\"als\",\"betroffen\",\"Bundesregierung\",\"Medien\",\"mehr\",\"Personen\",\"Pflegegrad\",\"plant\",\"Streichung\",\"von\"],\"articleSection\":[\"Deutschland\",\"Russland\"],\"inLanguage\":\"de\",\"potentialAction\":[{\"@type\":\"CommentAction\",\"name\":\"Comment\",\"target\":[\"https:\/\/now-news.de\/de\/deutschland\/medien-bundesregierung-plant-streichung-von-pflegegrad-1-%e2%80%92-mehr-als-860-000-personen-betroffen\/#respond\"]}]},{\"@type\":\"WebPage\",\"@id\":\"https:\/\/now-news.de\/de\/deutschland\/medien-bundesregierung-plant-streichung-von-pflegegrad-1-%e2%80%92-mehr-als-860-000-personen-betroffen\/\",\"url\":\"https:\/\/now-news.de\/de\/deutschland\/medien-bundesregierung-plant-streichung-von-pflegegrad-1-%e2%80%92-mehr-als-860-000-personen-betroffen\/\",\"name\":\"Medien: Bundesregierung plant Streichung von Pflegegrad 1 \u2012 mehr als 860.000 Personen betroffen - just-now.NEWS Deutschland\",\"isPartOf\":{\"@id\":\"https:\/\/now-news.de\/de\/#website\"},\"primaryImageOfPage\":{\"@id\":\"https:\/\/now-news.de\/de\/deutschland\/medien-bundesregierung-plant-streichung-von-pflegegrad-1-%e2%80%92-mehr-als-860-000-personen-betroffen\/#primaryimage\"},\"image\":{\"@id\":\"https:\/\/now-news.de\/de\/deutschland\/medien-bundesregierung-plant-streichung-von-pflegegrad-1-%e2%80%92-mehr-als-860-000-personen-betroffen\/#primaryimage\"},\"thumbnailUrl\":\"https:\/\/now-news.de\/de\/wp-content\/uploads\/sites\/3\/2025\/09\/Medien-Bundesregierung-plant-Streichung-von-Pflegegrad-1-\u2012-mehr-als.jpg\",\"datePublished\":\"2025-09-28T10:42:33+00:00\",\"dateModified\":\"2025-09-28T10:42:33+00:00\",\"breadcrumb\":{\"@id\":\"https:\/\/now-news.de\/de\/deutschland\/medien-bundesregierung-plant-streichung-von-pflegegrad-1-%e2%80%92-mehr-als-860-000-personen-betroffen\/#breadcrumb\"},\"inLanguage\":\"de\",\"potentialAction\":[{\"@type\":\"ReadAction\",\"target\":[\"https:\/\/now-news.de\/de\/deutschland\/medien-bundesregierung-plant-streichung-von-pflegegrad-1-%e2%80%92-mehr-als-860-000-personen-betroffen\/\"]}]},{\"@type\":\"ImageObject\",\"inLanguage\":\"de\",\"@id\":\"https:\/\/now-news.de\/de\/deutschland\/medien-bundesregierung-plant-streichung-von-pflegegrad-1-%e2%80%92-mehr-als-860-000-personen-betroffen\/#primaryimage\",\"url\":\"https:\/\/now-news.de\/de\/wp-content\/uploads\/sites\/3\/2025\/09\/Medien-Bundesregierung-plant-Streichung-von-Pflegegrad-1-\u2012-mehr-als.jpg\",\"contentUrl\":\"https:\/\/now-news.de\/de\/wp-content\/uploads\/sites\/3\/2025\/09\/Medien-Bundesregierung-plant-Streichung-von-Pflegegrad-1-\u2012-mehr-als.jpg\",\"width\":460,\"height\":259,\"caption\":\"Medien: Bundesregierung plant Streichung von Pflegegrad 1 \u2012 mehr als 860.000 Personen betroffen\"},{\"@type\":\"BreadcrumbList\",\"@id\":\"https:\/\/now-news.de\/de\/deutschland\/medien-bundesregierung-plant-streichung-von-pflegegrad-1-%e2%80%92-mehr-als-860-000-personen-betroffen\/#breadcrumb\",\"itemListElement\":[{\"@type\":\"ListItem\",\"position\":1,\"name\":\"Home\",\"item\":\"https:\/\/now-news.de\/de\/\"},{\"@type\":\"ListItem\",\"position\":2,\"name\":\"Medien: Bundesregierung plant Streichung von Pflegegrad 1 \u2012 mehr als 860.000 Personen betroffen\"}]},{\"@type\":\"WebSite\",\"@id\":\"https:\/\/now-news.de\/de\/#website\",\"url\":\"https:\/\/now-news.de\/de\/\",\"name\":\"just-now.NEWS Deutschland\",\"description\":\"Das Portal f\u00fcr unzensierte Nachrichten aus der Welt\",\"publisher\":{\"@id\":\"https:\/\/now-news.de\/de\/#organization\"},\"potentialAction\":[{\"@type\":\"SearchAction\",\"target\":{\"@type\":\"EntryPoint\",\"urlTemplate\":\"https:\/\/now-news.de\/de\/?s={search_term_string}\"},\"query-input\":\"required name=search_term_string\"}],\"inLanguage\":\"de\"},{\"@type\":\"Organization\",\"@id\":\"https:\/\/now-news.de\/de\/#organization\",\"name\":\"Just Now News\",\"url\":\"https:\/\/now-news.de\/de\/\",\"logo\":{\"@type\":\"ImageObject\",\"inLanguage\":\"de\",\"@id\":\"https:\/\/now-news.de\/de\/#\/schema\/logo\/image\/\",\"url\":\"http:\/\/just-now.news\/de\/wp-content\/uploads\/sites\/3\/2022\/04\/logo500x500.jpg\",\"contentUrl\":\"http:\/\/just-now.news\/de\/wp-content\/uploads\/sites\/3\/2022\/04\/logo500x500.jpg\",\"width\":500,\"height\":500,\"caption\":\"Just Now News\"},\"image\":{\"@id\":\"https:\/\/now-news.de\/de\/#\/schema\/logo\/image\/\"},\"sameAs\":[\"https:\/\/www.facebook.com\/wirmachenauf\",\"https:\/\/x.com\/WirMachenAuf_de\"]},{\"@type\":\"Person\",\"@id\":\"https:\/\/now-news.de\/de\/#\/schema\/person\/fb534a4e865501d8b3285208df34a9b5\",\"name\":\"rtnews\",\"image\":{\"@type\":\"ImageObject\",\"inLanguage\":\"de\",\"@id\":\"https:\/\/now-news.de\/de\/#\/schema\/person\/image\/\",\"url\":\"https:\/\/secure.gravatar.com\/avatar\/82aafea7d8127119dd649515f56e2117?s=96&d=mm&r=g\",\"contentUrl\":\"https:\/\/secure.gravatar.com\/avatar\/82aafea7d8127119dd649515f56e2117?s=96&d=mm&r=g\",\"caption\":\"rtnews\"},\"url\":\"https:\/\/now-news.de\/de\/author\/rnews\/\"}]}<\/script>\n<!-- \/ Yoast SEO Premium plugin. -->","yoast_head_json":{"title":"Medien: Bundesregierung plant Streichung von Pflegegrad 1 \u2012 mehr als 860.000 Personen betroffen - just-now.NEWS Deutschland","robots":{"index":"index","follow":"follow","max-snippet":"max-snippet:-1","max-image-preview":"max-image-preview:large","max-video-preview":"max-video-preview:-1"},"canonical":"https:\/\/now-news.de\/de\/deutschland\/medien-bundesregierung-plant-streichung-von-pflegegrad-1-\u2012-mehr-als-860-000-personen-betroffen\/","og_locale":"de_DE","og_type":"article","og_title":"Medien: Bundesregierung plant Streichung von Pflegegrad 1 \u2012 mehr als 860.000 Personen betroffen","og_description":"In den deutschen Sozialsystemen klafft eine Finanzierungsl\u00fccke im Milliardenumfang. Nun pr\u00fcft die schwarz-rote Regierung Vorschl\u00e4ge zu K\u00fcrzungen in diesem Bereich. Im Gespr\u00e4ch ist unter anderem die Streichung des Pflegegrads 1. BILD und Focus berichteten an diesem\u00a0Sonntagmorgen \u00fcbereinstimmend \u00fcber \u00c4u\u00dferungen\u00a0der Regierungsparteien,\u00a0wonach\u00a0das Bundesgesundheitsministerium unter Nina Warken (CDU) dringend Sparvorschl\u00e4ge pr\u00fcfe, wie die Finanzierung der gesetzlichen Krankenversicherung und [&hellip;]","og_url":"https:\/\/now-news.de\/de\/deutschland\/medien-bundesregierung-plant-streichung-von-pflegegrad-1-\u2012-mehr-als-860-000-personen-betroffen\/","og_site_name":"just-now.NEWS Deutschland","article_publisher":"https:\/\/www.facebook.com\/wirmachenauf","article_published_time":"2025-09-28T10:42:33+00:00","og_image":[{"url":"https:\/\/now-news.de\/de\/wp-content\/uploads\/sites\/3\/2025\/09\/68d8fa2db480cc4e8b45ea38.jpg"}],"author":"rtnews","twitter_card":"summary_large_image","twitter_creator":"@WirMachenAuf_de","twitter_site":"@WirMachenAuf_de","twitter_misc":{"Verfasst von":"rtnews","Gesch\u00e4tzte Lesezeit":"3\u00a0Minuten"},"schema":{"@context":"https:\/\/schema.org","@graph":[{"@type":"Article","@id":"https:\/\/now-news.de\/de\/deutschland\/medien-bundesregierung-plant-streichung-von-pflegegrad-1-%e2%80%92-mehr-als-860-000-personen-betroffen\/#article","isPartOf":{"@id":"https:\/\/now-news.de\/de\/deutschland\/medien-bundesregierung-plant-streichung-von-pflegegrad-1-%e2%80%92-mehr-als-860-000-personen-betroffen\/"},"author":{"name":"rtnews","@id":"https:\/\/now-news.de\/de\/#\/schema\/person\/fb534a4e865501d8b3285208df34a9b5"},"headline":"Medien: Bundesregierung plant Streichung von Pflegegrad 1 \u2012 mehr als 860.000 Personen betroffen","datePublished":"2025-09-28T10:42:33+00:00","dateModified":"2025-09-28T10:42:33+00:00","mainEntityOfPage":{"@id":"https:\/\/now-news.de\/de\/deutschland\/medien-bundesregierung-plant-streichung-von-pflegegrad-1-%e2%80%92-mehr-als-860-000-personen-betroffen\/"},"wordCount":626,"commentCount":0,"publisher":{"@id":"https:\/\/now-news.de\/de\/#organization"},"image":{"@id":"https:\/\/now-news.de\/de\/deutschland\/medien-bundesregierung-plant-streichung-von-pflegegrad-1-%e2%80%92-mehr-als-860-000-personen-betroffen\/#primaryimage"},"thumbnailUrl":"https:\/\/now-news.de\/de\/wp-content\/uploads\/sites\/3\/2025\/09\/Medien-Bundesregierung-plant-Streichung-von-Pflegegrad-1-\u2012-mehr-als.jpg","keywords":["als","betroffen","Bundesregierung","Medien","mehr","Personen","Pflegegrad","plant","Streichung","von"],"articleSection":["Deutschland","Russland"],"inLanguage":"de","potentialAction":[{"@type":"CommentAction","name":"Comment","target":["https:\/\/now-news.de\/de\/deutschland\/medien-bundesregierung-plant-streichung-von-pflegegrad-1-%e2%80%92-mehr-als-860-000-personen-betroffen\/#respond"]}]},{"@type":"WebPage","@id":"https:\/\/now-news.de\/de\/deutschland\/medien-bundesregierung-plant-streichung-von-pflegegrad-1-%e2%80%92-mehr-als-860-000-personen-betroffen\/","url":"https:\/\/now-news.de\/de\/deutschland\/medien-bundesregierung-plant-streichung-von-pflegegrad-1-%e2%80%92-mehr-als-860-000-personen-betroffen\/","name":"Medien: Bundesregierung plant Streichung von Pflegegrad 1 \u2012 mehr als 860.000 Personen betroffen - just-now.NEWS Deutschland","isPartOf":{"@id":"https:\/\/now-news.de\/de\/#website"},"primaryImageOfPage":{"@id":"https:\/\/now-news.de\/de\/deutschland\/medien-bundesregierung-plant-streichung-von-pflegegrad-1-%e2%80%92-mehr-als-860-000-personen-betroffen\/#primaryimage"},"image":{"@id":"https:\/\/now-news.de\/de\/deutschland\/medien-bundesregierung-plant-streichung-von-pflegegrad-1-%e2%80%92-mehr-als-860-000-personen-betroffen\/#primaryimage"},"thumbnailUrl":"https:\/\/now-news.de\/de\/wp-content\/uploads\/sites\/3\/2025\/09\/Medien-Bundesregierung-plant-Streichung-von-Pflegegrad-1-\u2012-mehr-als.jpg","datePublished":"2025-09-28T10:42:33+00:00","dateModified":"2025-09-28T10:42:33+00:00","breadcrumb":{"@id":"https:\/\/now-news.de\/de\/deutschland\/medien-bundesregierung-plant-streichung-von-pflegegrad-1-%e2%80%92-mehr-als-860-000-personen-betroffen\/#breadcrumb"},"inLanguage":"de","potentialAction":[{"@type":"ReadAction","target":["https:\/\/now-news.de\/de\/deutschland\/medien-bundesregierung-plant-streichung-von-pflegegrad-1-%e2%80%92-mehr-als-860-000-personen-betroffen\/"]}]},{"@type":"ImageObject","inLanguage":"de","@id":"https:\/\/now-news.de\/de\/deutschland\/medien-bundesregierung-plant-streichung-von-pflegegrad-1-%e2%80%92-mehr-als-860-000-personen-betroffen\/#primaryimage","url":"https:\/\/now-news.de\/de\/wp-content\/uploads\/sites\/3\/2025\/09\/Medien-Bundesregierung-plant-Streichung-von-Pflegegrad-1-\u2012-mehr-als.jpg","contentUrl":"https:\/\/now-news.de\/de\/wp-content\/uploads\/sites\/3\/2025\/09\/Medien-Bundesregierung-plant-Streichung-von-Pflegegrad-1-\u2012-mehr-als.jpg","width":460,"height":259,"caption":"Medien: Bundesregierung plant Streichung von Pflegegrad 1 \u2012 mehr als 860.000 Personen betroffen"},{"@type":"BreadcrumbList","@id":"https:\/\/now-news.de\/de\/deutschland\/medien-bundesregierung-plant-streichung-von-pflegegrad-1-%e2%80%92-mehr-als-860-000-personen-betroffen\/#breadcrumb","itemListElement":[{"@type":"ListItem","position":1,"name":"Home","item":"https:\/\/now-news.de\/de\/"},{"@type":"ListItem","position":2,"name":"Medien: Bundesregierung plant Streichung von Pflegegrad 1 \u2012 mehr als 860.000 Personen betroffen"}]},{"@type":"WebSite","@id":"https:\/\/now-news.de\/de\/#website","url":"https:\/\/now-news.de\/de\/","name":"just-now.NEWS Deutschland","description":"Das Portal f\u00fcr unzensierte Nachrichten aus der Welt","publisher":{"@id":"https:\/\/now-news.de\/de\/#organization"},"potentialAction":[{"@type":"SearchAction","target":{"@type":"EntryPoint","urlTemplate":"https:\/\/now-news.de\/de\/?s={search_term_string}"},"query-input":"required name=search_term_string"}],"inLanguage":"de"},{"@type":"Organization","@id":"https:\/\/now-news.de\/de\/#organization","name":"Just Now News","url":"https:\/\/now-news.de\/de\/","logo":{"@type":"ImageObject","inLanguage":"de","@id":"https:\/\/now-news.de\/de\/#\/schema\/logo\/image\/","url":"http:\/\/just-now.news\/de\/wp-content\/uploads\/sites\/3\/2022\/04\/logo500x500.jpg","contentUrl":"http:\/\/just-now.news\/de\/wp-content\/uploads\/sites\/3\/2022\/04\/logo500x500.jpg","width":500,"height":500,"caption":"Just Now News"},"image":{"@id":"https:\/\/now-news.de\/de\/#\/schema\/logo\/image\/"},"sameAs":["https:\/\/www.facebook.com\/wirmachenauf","https:\/\/x.com\/WirMachenAuf_de"]},{"@type":"Person","@id":"https:\/\/now-news.de\/de\/#\/schema\/person\/fb534a4e865501d8b3285208df34a9b5","name":"rtnews","image":{"@type":"ImageObject","inLanguage":"de","@id":"https:\/\/now-news.de\/de\/#\/schema\/person\/image\/","url":"https:\/\/secure.gravatar.com\/avatar\/82aafea7d8127119dd649515f56e2117?s=96&d=mm&r=g","contentUrl":"https:\/\/secure.gravatar.com\/avatar\/82aafea7d8127119dd649515f56e2117?s=96&d=mm&r=g","caption":"rtnews"},"url":"https:\/\/now-news.de\/de\/author\/rnews\/"}]}},"_links":{"self":[{"href":"https:\/\/now-news.de\/de\/wp-json\/wp\/v2\/posts\/91322"}],"collection":[{"href":"https:\/\/now-news.de\/de\/wp-json\/wp\/v2\/posts"}],"about":[{"href":"https:\/\/now-news.de\/de\/wp-json\/wp\/v2\/types\/post"}],"author":[{"embeddable":true,"href":"https:\/\/now-news.de\/de\/wp-json\/wp\/v2\/users\/3"}],"replies":[{"embeddable":true,"href":"https:\/\/now-news.de\/de\/wp-json\/wp\/v2\/comments?post=91322"}],"version-history":[{"count":0,"href":"https:\/\/now-news.de\/de\/wp-json\/wp\/v2\/posts\/91322\/revisions"}],"wp:featuredmedia":[{"embeddable":true,"href":"https:\/\/now-news.de\/de\/wp-json\/wp\/v2\/media\/91323"}],"wp:attachment":[{"href":"https:\/\/now-news.de\/de\/wp-json\/wp\/v2\/media?parent=91322"}],"wp:term":[{"taxonomy":"category","embeddable":true,"href":"https:\/\/now-news.de\/de\/wp-json\/wp\/v2\/categories?post=91322"},{"taxonomy":"post_tag","embeddable":true,"href":"https:\/\/now-news.de\/de\/wp-json\/wp\/v2\/tags?post=91322"}],"curies":[{"name":"wp","href":"https:\/\/api.w.org\/{rel}","templated":true}]}}