{"id":91296,"date":"2025-09-27T20:31:49","date_gmt":"2025-09-27T18:31:49","guid":{"rendered":"https:\/\/now-news.de\/de\/deutschland\/nach-eu-sanktionsvorschlag-%e2%80%92-deutschland-bleibt-wirtschaftlich-weiterhin-treu-an-israels-seite\/"},"modified":"2025-09-27T20:31:49","modified_gmt":"2025-09-27T18:31:49","slug":"nach-eu-sanktionsvorschlag-%e2%80%92-deutschland-bleibt-wirtschaftlich-weiterhin-treu-an-israels-seite","status":"publish","type":"post","link":"https:\/\/now-news.de\/de\/deutschland\/nach-eu-sanktionsvorschlag-%e2%80%92-deutschland-bleibt-wirtschaftlich-weiterhin-treu-an-israels-seite\/","title":{"rendered":"Nach EU-Sanktionsvorschlag \u2012 Deutschland bleibt wirtschaftlich weiterhin treu an Israels Seite"},"content":{"rendered":"<p><img decoding=\"async\" src=\"https:\/\/now-news.de\/de\/wp-content\/uploads\/sites\/3\/2025\/09\/68d7c7a448fbef5d1f4f5ac4.JPG\" \/><\/p>\n<div class=\"Text-root Text-type_1 \">\n                Am 17. September informierte die EU-Kommission \u00fcber den eingereichten &#8220;Vorschlag&#8221; an den Rat der EU-L\u00e4nder, eine Aussetzung der &#8220;Handelszugest\u00e4ndnisse&#8221; gegen\u00fcber Israel einzuleiten. Rund eine Woche sp\u00e4ter best\u00e4tigt die deutsche Wirtschaftsministerin die weitere enge Zusammenarbeit mit der Netanjahu-Administration.\n            <\/div>\n<p><\/p>\n<div class=\"Text-root Text-type_5 ArticleView-text ViewText-root \">\n<p>Das brutale Agieren der Regierung Netanjahu in Gaza, die ge\u00e4u\u00dferten Absichten hinsichtlich einer m\u00f6glichen Annektierung des Westjordanlands sowie die IDF-<a rel=\"nofollow noopener\" target=\"_blank\" href=\"https:\/\/www.democracynow.org\/2025\/9\/25\/yemen_journalists\">T\u00f6tungen von Journalisten<\/a> und Medienmitarbeitern im Jemen sorgen f\u00fcr eine zunehmende Isolation Israels auf internationaler B\u00fchne. Seitens der EU wird an Pl\u00e4nen gearbeitet, zumindest in Teilen die\u00a0Aussetzung von Handelszugest\u00e4ndnissen gegen\u00fcber Israel und Sanktionen gegen extremistische Minister\u00a0einzuleiten. Diese Woche empfing das\u00a0Bundesministerium f\u00fcr Wirtschaft und Energie Nir Barkat, den israelischen Amtskollegen von Ministerin Katherina Reiche (CDU), in Berlin. Die <a rel=\"nofollow noopener\" target=\"_blank\" href=\"https:\/\/www.bundeswirtschaftsministerium.de\/Redaktion\/DE\/Pressemitteilungen\/2025\/09\/20250926-german-and-israeli-ministers-for-economic-affairs-emphasize-deep-economic-cooperation-between-the-two-countries.html\">Presseerkl\u00e4rung<\/a> k\u00fcndigt die Fortsetzung der &#8220;intensiven wirtschaftlichen Zusammenarbeit&#8221; beider L\u00e4nder an.<\/p>\n<p>Einen Tag, nachdem eine UN-Untersuchungskommission gegen Israel den\u00a0Vorwurf des V\u00f6lkermords erhoben hatte, erfolgte am 17. September <a rel=\"nofollow noopener\" target=\"_blank\" href=\"https:\/\/ec.europa.eu\/commission\/presscorner\/detail\/en\/ip_25_2112\">die Mitteilung<\/a> der EU-Kommission, dass Br\u00fcssel nun vorerst als Reaktion auf die israelische Eskalationspolitik in Gaza &#8220;weitreichende Israel-Sanktionen vorschl\u00e4gt&#8221;. Eine m\u00f6gliche Konsequenz lautet, dass Z\u00f6lle auf bestimmte Waren aus Israel steigen. Das\u00a0Bundesministerium f\u00fcr Wirtschaft und Energie (BMWE) zeigt sich hinsichtlich des Vorschlags der Kommission an den Rat der EU-L\u00e4nder unbeeindruckt und teilte am 26. September in einer Erkl\u00e4rung mit:<\/p>\n<p><em>&#8220;Gestern trafen sich Ministerin Katherina Reiche und Minister Nir Barkat in Berlin. W\u00e4hrend des Treffens betonten die Minister die einzigartige, tiefe und vielschichtige Natur der wirtschaftlichen Beziehungen zwischen Deutschland und Israel. Minister Barkat dankte Ministerin Reiche f\u00fcr ihre anhaltende Unterst\u00fctzung Israels in dieser schwierigen Zeit.&#8221;<\/em><\/p>\n<p>Der X-<a rel=\"nofollow noopener\" target=\"_blank\" href=\"https:\/\/x.com\/BMWE_\">Account<\/a> des BMWE informierte bis dato nicht \u00fcber den Besuch, demgegen\u00fcber <a rel=\"nofollow noopener\" target=\"_blank\" href=\"https:\/\/www.linkedin.com\/posts\/katherinareiche_israel-deutschland-activity-7377356212604076033-tzb2\/\">schrieb<\/a> Ministerin Reiche pers\u00f6nlich auf der Plattform LinkedIn:<\/p>\n<p><em>&#8220;Israel und Deutschland verbindet eine starke und dynamische wirtschaftliche Partnerschaft. Israels Wirtschaft ist nicht nur widerstandsf\u00e4hig, sondern weltweit f\u00fcr ihre Spitzentechnologie, ihren Unternehmergeist und ihr lebendiges Start-up-\u00d6kosystem bekannt. Israelische und deutsche Unternehmen passen hervorragend zu einander. Wir wollen unsere wirtschaftliche Zusammenarbeit weiter vertiefen \u2013 zum Vorteil beider Seiten.&#8221;<\/em><\/p>\n<p>Barkat erkl\u00e4rte dabei zum Thema der Ank\u00fcndigung aus Br\u00fcssel gegen\u00fcber der BMWE-Kollegin, dass die bis dato fruchtbare Kooperation der\u00a0Handelsbeziehungen zwischen Israel und der Europ\u00e4ischen Union &#8220;eine wichtige S\u00e4ule beider Volkswirtschaften bleiben wird und allein im Jahr 2024 ein Handelsvolumen von 42,6 Milliarden Euro erreichte&#8221;.\u00a0<\/p>\n<p>Beide Minister w\u00fcrden laut Mitteilung &#8220;die starken bilateralen Wirtschaftsbeziehungen mit einem j\u00e4hrlichen Volumen von \u00fcber acht Milliarden Euro w\u00fcrdigen&#8221;. Es existiere zwischen beiden L\u00e4ndern\u00a0eine besonders &#8220;enge Zusammenarbeit in den Bereichen Cybersicherheit, Gesundheit und FinTech&#8221;, dazu gebe es Kooperationen\u00a0im Energiebereich, darunter in der Solarenergie und Energiespeicherung.<\/p>\n<p>FinTech steht dabei f\u00fcr Financial Technology und bezeichnet den Einsatz von Technologie zur Verbesserung oder Automatisierung von Finanzdienstleistungen.<\/p>\n<p>Die Ank\u00fcndigung erfolgt zu einem Zeitraum, wo die internationale Kritik am Agieren Israels in der Nahost-Region immer\u00a0gr\u00f6\u00dfere Reaktionen nach sich zieht. So erlebte der israelische Ministerpr\u00e4sident Benjamin Netanjahu am Freitag in New York die Situation, dass zahlreiche Diplomaten vor seiner Rede den Saal verlie\u00dfen. Netanjahu musste sich zudem Buhrufe gefallen lassen.\u00a0<\/p>\n<p>Das BMWE <a rel=\"nofollow noopener\" target=\"_blank\" href=\"https:\/\/www.n-tv.de\/politik\/Ruestungsexporte-nach-Israel-Keine-deutschen-Genehmigungen-mehr-nach-Israel-article26055593.html\">erkl\u00e4rte<\/a> laut Medienberichten auf Anfrage\u00a0des Linken-Abgeordneten Ulrich Thoden zu den Entwicklungen nach der Anfang August erfolgten Ank\u00fcndigung des Bundeskanzlers zu einem teilweisen R\u00fcstungsexport-Stopp nach Israel, dass &#8220;in den ersten f\u00fcnf Wochen danach gar keine Lieferungen mehr genehmigt wurden&#8221;.<\/p>\n<p><strong>Mehr zum Thema \u2013<\/strong>\u00a0<a rel=\"nofollow noopener\" target=\"_blank\" href=\"https:\/\/freedert.online\/der-nahe-osten\/257035-nach-drohnenangriffen-auf-gaza-flottille\/\">Nach Drohnenangriffen auf &#8220;Gaza-Flottille&#8221; \u2013 Spanien und Italien senden Kriegsschiffe zum Schutz<\/a><\/p>\n<div class=\"EmbedBlock-root EmbedBlock-externalVideo EmbedBlock-rumble\">\n<div class=\"VkEmbed\"><iframe class=\"lazyload\" data-src=\"https:\/\/rumble.com\/embed\/v6xckp8\" frameborder=\"0\" width=\"853\" height=\"480\" allowfullscreen><\/iframe><\/div>\n<\/div>\n<\/div>\n<p><br \/>\n<br \/><a href=\"https:\/\/de.rt.com\/inland\/257282-nach-eu-sanktionsankuendigung-deutschland-bleibt\/\">Source link <\/a><\/p>\n","protected":false},"excerpt":{"rendered":"<p>Am 17. September informierte die EU-Kommission \u00fcber den eingereichten &#8220;Vorschlag&#8221; an den Rat der EU-L\u00e4nder, eine Aussetzung der &#8220;Handelszugest\u00e4ndnisse&#8221; gegen\u00fcber Israel einzuleiten. Rund eine Woche sp\u00e4ter best\u00e4tigt die deutsche Wirtschaftsministerin die weitere enge Zusammenarbeit mit der Netanjahu-Administration. Das brutale Agieren der Regierung Netanjahu in Gaza, die ge\u00e4u\u00dferten Absichten hinsichtlich einer m\u00f6glichen Annektierung des Westjordanlands sowie [&hellip;]<\/p>\n","protected":false},"author":3,"featured_media":91297,"comment_status":"open","ping_status":"open","sticky":false,"template":"","format":"standard","meta":{"_yoast_indexnow_last_ping":["1758997985"],"wp_automatic_camp":["217"],"989b0914d05b80d0d9508970b9e0aea3":["Nach EU-Sanktionsvorschlag \u2012 Deutschland bleibt wirtschaftlich weiterhin treu an Israels Seite"],"original_link":["https:\/\/de.rt.com\/inland\/257282-nach-eu-sanktionsankuendigung-deutschland-bleibt\/"],"_thumbnail_id":["91297"],"jnews_social_counter_last_update":["1777160880"],"_wptgpro_p2tg_sent2tg":["a:1:{i:23737;s:19:\"2025-09-27 20:34:12\";}"]},"categories":[19,23],"tags":[487,179,68061,3015,979,1934,58895,4250,4216],"yoast_head":"<!-- This site is optimized with the Yoast SEO Premium plugin v22.7 (Yoast SEO v22.7) - https:\/\/yoast.com\/wordpress\/plugins\/seo\/ -->\n<title>Nach EU-Sanktionsvorschlag \u2012 Deutschland bleibt wirtschaftlich weiterhin treu an Israels Seite - just-now.NEWS Deutschland<\/title>\n<meta name=\"robots\" content=\"index, follow, max-snippet:-1, max-image-preview:large, max-video-preview:-1\" \/>\n<link rel=\"canonical\" href=\"https:\/\/now-news.de\/de\/deutschland\/nach-eu-sanktionsvorschlag-\u2012-deutschland-bleibt-wirtschaftlich-weiterhin-treu-an-israels-seite\/\" \/>\n<meta property=\"og:locale\" content=\"de_DE\" \/>\n<meta property=\"og:type\" content=\"article\" \/>\n<meta property=\"og:title\" content=\"Nach EU-Sanktionsvorschlag \u2012 Deutschland bleibt wirtschaftlich weiterhin treu an Israels Seite\" \/>\n<meta property=\"og:description\" content=\"Am 17. September informierte die EU-Kommission \u00fcber den eingereichten &#8220;Vorschlag&#8221; an den Rat der EU-L\u00e4nder, eine Aussetzung der &#8220;Handelszugest\u00e4ndnisse&#8221; gegen\u00fcber Israel einzuleiten. Rund eine Woche sp\u00e4ter best\u00e4tigt die deutsche Wirtschaftsministerin die weitere enge Zusammenarbeit mit der Netanjahu-Administration. Das brutale Agieren der Regierung Netanjahu in Gaza, die ge\u00e4u\u00dferten Absichten hinsichtlich einer m\u00f6glichen Annektierung des Westjordanlands sowie [&hellip;]\" \/>\n<meta property=\"og:url\" content=\"https:\/\/now-news.de\/de\/deutschland\/nach-eu-sanktionsvorschlag-\u2012-deutschland-bleibt-wirtschaftlich-weiterhin-treu-an-israels-seite\/\" \/>\n<meta property=\"og:site_name\" content=\"just-now.NEWS Deutschland\" \/>\n<meta property=\"article:publisher\" content=\"https:\/\/www.facebook.com\/wirmachenauf\" \/>\n<meta property=\"article:published_time\" content=\"2025-09-27T18:31:49+00:00\" \/>\n<meta property=\"og:image\" content=\"https:\/\/now-news.de\/de\/wp-content\/uploads\/sites\/3\/2025\/09\/68d7c7a448fbef5d1f4f5ac4.JPG\" \/>\n<meta name=\"author\" content=\"rtnews\" \/>\n<meta name=\"twitter:card\" content=\"summary_large_image\" \/>\n<meta name=\"twitter:creator\" content=\"@WirMachenAuf_de\" \/>\n<meta name=\"twitter:site\" content=\"@WirMachenAuf_de\" \/>\n<meta name=\"twitter:label1\" content=\"Verfasst von\" \/>\n\t<meta name=\"twitter:data1\" content=\"rtnews\" \/>\n\t<meta name=\"twitter:label2\" content=\"Gesch\u00e4tzte Lesezeit\" \/>\n\t<meta name=\"twitter:data2\" content=\"3\u00a0Minuten\" \/>\n<script type=\"application\/ld+json\" class=\"yoast-schema-graph\">{\"@context\":\"https:\/\/schema.org\",\"@graph\":[{\"@type\":\"Article\",\"@id\":\"https:\/\/now-news.de\/de\/deutschland\/nach-eu-sanktionsvorschlag-%e2%80%92-deutschland-bleibt-wirtschaftlich-weiterhin-treu-an-israels-seite\/#article\",\"isPartOf\":{\"@id\":\"https:\/\/now-news.de\/de\/deutschland\/nach-eu-sanktionsvorschlag-%e2%80%92-deutschland-bleibt-wirtschaftlich-weiterhin-treu-an-israels-seite\/\"},\"author\":{\"name\":\"rtnews\",\"@id\":\"https:\/\/now-news.de\/de\/#\/schema\/person\/fb534a4e865501d8b3285208df34a9b5\"},\"headline\":\"Nach EU-Sanktionsvorschlag \u2012 Deutschland bleibt wirtschaftlich weiterhin treu an Israels Seite\",\"datePublished\":\"2025-09-27T18:31:49+00:00\",\"dateModified\":\"2025-09-27T18:31:49+00:00\",\"mainEntityOfPage\":{\"@id\":\"https:\/\/now-news.de\/de\/deutschland\/nach-eu-sanktionsvorschlag-%e2%80%92-deutschland-bleibt-wirtschaftlich-weiterhin-treu-an-israels-seite\/\"},\"wordCount\":594,\"commentCount\":0,\"publisher\":{\"@id\":\"https:\/\/now-news.de\/de\/#organization\"},\"image\":{\"@id\":\"https:\/\/now-news.de\/de\/deutschland\/nach-eu-sanktionsvorschlag-%e2%80%92-deutschland-bleibt-wirtschaftlich-weiterhin-treu-an-israels-seite\/#primaryimage\"},\"thumbnailUrl\":\"https:\/\/now-news.de\/de\/wp-content\/uploads\/sites\/3\/2025\/09\/Nach-EU-Sanktionsvorschlag-\u2012-Deutschland-bleibt-wirtschaftlich-weiterhin-treu-an-Israels.JPG\",\"keywords\":[\"bleibt\",\"Deutschland\",\"EUSanktionsvorschlag\",\"Israels\",\"nach\",\"Seite\",\"treu\",\"weiterhin\",\"wirtschaftlich\"],\"articleSection\":[\"Deutschland\",\"Russland\"],\"inLanguage\":\"de\",\"potentialAction\":[{\"@type\":\"CommentAction\",\"name\":\"Comment\",\"target\":[\"https:\/\/now-news.de\/de\/deutschland\/nach-eu-sanktionsvorschlag-%e2%80%92-deutschland-bleibt-wirtschaftlich-weiterhin-treu-an-israels-seite\/#respond\"]}]},{\"@type\":\"WebPage\",\"@id\":\"https:\/\/now-news.de\/de\/deutschland\/nach-eu-sanktionsvorschlag-%e2%80%92-deutschland-bleibt-wirtschaftlich-weiterhin-treu-an-israels-seite\/\",\"url\":\"https:\/\/now-news.de\/de\/deutschland\/nach-eu-sanktionsvorschlag-%e2%80%92-deutschland-bleibt-wirtschaftlich-weiterhin-treu-an-israels-seite\/\",\"name\":\"Nach EU-Sanktionsvorschlag \u2012 Deutschland bleibt wirtschaftlich weiterhin treu an Israels Seite - just-now.NEWS Deutschland\",\"isPartOf\":{\"@id\":\"https:\/\/now-news.de\/de\/#website\"},\"primaryImageOfPage\":{\"@id\":\"https:\/\/now-news.de\/de\/deutschland\/nach-eu-sanktionsvorschlag-%e2%80%92-deutschland-bleibt-wirtschaftlich-weiterhin-treu-an-israels-seite\/#primaryimage\"},\"image\":{\"@id\":\"https:\/\/now-news.de\/de\/deutschland\/nach-eu-sanktionsvorschlag-%e2%80%92-deutschland-bleibt-wirtschaftlich-weiterhin-treu-an-israels-seite\/#primaryimage\"},\"thumbnailUrl\":\"https:\/\/now-news.de\/de\/wp-content\/uploads\/sites\/3\/2025\/09\/Nach-EU-Sanktionsvorschlag-\u2012-Deutschland-bleibt-wirtschaftlich-weiterhin-treu-an-Israels.JPG\",\"datePublished\":\"2025-09-27T18:31:49+00:00\",\"dateModified\":\"2025-09-27T18:31:49+00:00\",\"breadcrumb\":{\"@id\":\"https:\/\/now-news.de\/de\/deutschland\/nach-eu-sanktionsvorschlag-%e2%80%92-deutschland-bleibt-wirtschaftlich-weiterhin-treu-an-israels-seite\/#breadcrumb\"},\"inLanguage\":\"de\",\"potentialAction\":[{\"@type\":\"ReadAction\",\"target\":[\"https:\/\/now-news.de\/de\/deutschland\/nach-eu-sanktionsvorschlag-%e2%80%92-deutschland-bleibt-wirtschaftlich-weiterhin-treu-an-israels-seite\/\"]}]},{\"@type\":\"ImageObject\",\"inLanguage\":\"de\",\"@id\":\"https:\/\/now-news.de\/de\/deutschland\/nach-eu-sanktionsvorschlag-%e2%80%92-deutschland-bleibt-wirtschaftlich-weiterhin-treu-an-israels-seite\/#primaryimage\",\"url\":\"https:\/\/now-news.de\/de\/wp-content\/uploads\/sites\/3\/2025\/09\/Nach-EU-Sanktionsvorschlag-\u2012-Deutschland-bleibt-wirtschaftlich-weiterhin-treu-an-Israels.JPG\",\"contentUrl\":\"https:\/\/now-news.de\/de\/wp-content\/uploads\/sites\/3\/2025\/09\/Nach-EU-Sanktionsvorschlag-\u2012-Deutschland-bleibt-wirtschaftlich-weiterhin-treu-an-Israels.JPG\",\"width\":460,\"height\":259,\"caption\":\"Nach EU-Sanktionsvorschlag \u2012 Deutschland bleibt wirtschaftlich weiterhin treu an Israels Seite\"},{\"@type\":\"BreadcrumbList\",\"@id\":\"https:\/\/now-news.de\/de\/deutschland\/nach-eu-sanktionsvorschlag-%e2%80%92-deutschland-bleibt-wirtschaftlich-weiterhin-treu-an-israels-seite\/#breadcrumb\",\"itemListElement\":[{\"@type\":\"ListItem\",\"position\":1,\"name\":\"Home\",\"item\":\"https:\/\/now-news.de\/de\/\"},{\"@type\":\"ListItem\",\"position\":2,\"name\":\"Nach EU-Sanktionsvorschlag \u2012 Deutschland bleibt wirtschaftlich weiterhin treu an Israels Seite\"}]},{\"@type\":\"WebSite\",\"@id\":\"https:\/\/now-news.de\/de\/#website\",\"url\":\"https:\/\/now-news.de\/de\/\",\"name\":\"just-now.NEWS Deutschland\",\"description\":\"Das Portal f\u00fcr unzensierte Nachrichten aus der Welt\",\"publisher\":{\"@id\":\"https:\/\/now-news.de\/de\/#organization\"},\"potentialAction\":[{\"@type\":\"SearchAction\",\"target\":{\"@type\":\"EntryPoint\",\"urlTemplate\":\"https:\/\/now-news.de\/de\/?s={search_term_string}\"},\"query-input\":\"required name=search_term_string\"}],\"inLanguage\":\"de\"},{\"@type\":\"Organization\",\"@id\":\"https:\/\/now-news.de\/de\/#organization\",\"name\":\"Just Now News\",\"url\":\"https:\/\/now-news.de\/de\/\",\"logo\":{\"@type\":\"ImageObject\",\"inLanguage\":\"de\",\"@id\":\"https:\/\/now-news.de\/de\/#\/schema\/logo\/image\/\",\"url\":\"http:\/\/just-now.news\/de\/wp-content\/uploads\/sites\/3\/2022\/04\/logo500x500.jpg\",\"contentUrl\":\"http:\/\/just-now.news\/de\/wp-content\/uploads\/sites\/3\/2022\/04\/logo500x500.jpg\",\"width\":500,\"height\":500,\"caption\":\"Just Now News\"},\"image\":{\"@id\":\"https:\/\/now-news.de\/de\/#\/schema\/logo\/image\/\"},\"sameAs\":[\"https:\/\/www.facebook.com\/wirmachenauf\",\"https:\/\/x.com\/WirMachenAuf_de\"]},{\"@type\":\"Person\",\"@id\":\"https:\/\/now-news.de\/de\/#\/schema\/person\/fb534a4e865501d8b3285208df34a9b5\",\"name\":\"rtnews\",\"image\":{\"@type\":\"ImageObject\",\"inLanguage\":\"de\",\"@id\":\"https:\/\/now-news.de\/de\/#\/schema\/person\/image\/\",\"url\":\"https:\/\/secure.gravatar.com\/avatar\/82aafea7d8127119dd649515f56e2117?s=96&d=mm&r=g\",\"contentUrl\":\"https:\/\/secure.gravatar.com\/avatar\/82aafea7d8127119dd649515f56e2117?s=96&d=mm&r=g\",\"caption\":\"rtnews\"},\"url\":\"https:\/\/now-news.de\/de\/author\/rnews\/\"}]}<\/script>\n<!-- \/ Yoast SEO Premium plugin. -->","yoast_head_json":{"title":"Nach EU-Sanktionsvorschlag \u2012 Deutschland bleibt wirtschaftlich weiterhin treu an Israels Seite - just-now.NEWS Deutschland","robots":{"index":"index","follow":"follow","max-snippet":"max-snippet:-1","max-image-preview":"max-image-preview:large","max-video-preview":"max-video-preview:-1"},"canonical":"https:\/\/now-news.de\/de\/deutschland\/nach-eu-sanktionsvorschlag-\u2012-deutschland-bleibt-wirtschaftlich-weiterhin-treu-an-israels-seite\/","og_locale":"de_DE","og_type":"article","og_title":"Nach EU-Sanktionsvorschlag \u2012 Deutschland bleibt wirtschaftlich weiterhin treu an Israels Seite","og_description":"Am 17. September informierte die EU-Kommission \u00fcber den eingereichten &#8220;Vorschlag&#8221; an den Rat der EU-L\u00e4nder, eine Aussetzung der &#8220;Handelszugest\u00e4ndnisse&#8221; gegen\u00fcber Israel einzuleiten. Rund eine Woche sp\u00e4ter best\u00e4tigt die deutsche Wirtschaftsministerin die weitere enge Zusammenarbeit mit der Netanjahu-Administration. Das brutale Agieren der Regierung Netanjahu in Gaza, die ge\u00e4u\u00dferten Absichten hinsichtlich einer m\u00f6glichen Annektierung des Westjordanlands sowie [&hellip;]","og_url":"https:\/\/now-news.de\/de\/deutschland\/nach-eu-sanktionsvorschlag-\u2012-deutschland-bleibt-wirtschaftlich-weiterhin-treu-an-israels-seite\/","og_site_name":"just-now.NEWS Deutschland","article_publisher":"https:\/\/www.facebook.com\/wirmachenauf","article_published_time":"2025-09-27T18:31:49+00:00","og_image":[{"url":"https:\/\/now-news.de\/de\/wp-content\/uploads\/sites\/3\/2025\/09\/68d7c7a448fbef5d1f4f5ac4.JPG"}],"author":"rtnews","twitter_card":"summary_large_image","twitter_creator":"@WirMachenAuf_de","twitter_site":"@WirMachenAuf_de","twitter_misc":{"Verfasst von":"rtnews","Gesch\u00e4tzte Lesezeit":"3\u00a0Minuten"},"schema":{"@context":"https:\/\/schema.org","@graph":[{"@type":"Article","@id":"https:\/\/now-news.de\/de\/deutschland\/nach-eu-sanktionsvorschlag-%e2%80%92-deutschland-bleibt-wirtschaftlich-weiterhin-treu-an-israels-seite\/#article","isPartOf":{"@id":"https:\/\/now-news.de\/de\/deutschland\/nach-eu-sanktionsvorschlag-%e2%80%92-deutschland-bleibt-wirtschaftlich-weiterhin-treu-an-israels-seite\/"},"author":{"name":"rtnews","@id":"https:\/\/now-news.de\/de\/#\/schema\/person\/fb534a4e865501d8b3285208df34a9b5"},"headline":"Nach EU-Sanktionsvorschlag \u2012 Deutschland bleibt wirtschaftlich weiterhin treu an Israels Seite","datePublished":"2025-09-27T18:31:49+00:00","dateModified":"2025-09-27T18:31:49+00:00","mainEntityOfPage":{"@id":"https:\/\/now-news.de\/de\/deutschland\/nach-eu-sanktionsvorschlag-%e2%80%92-deutschland-bleibt-wirtschaftlich-weiterhin-treu-an-israels-seite\/"},"wordCount":594,"commentCount":0,"publisher":{"@id":"https:\/\/now-news.de\/de\/#organization"},"image":{"@id":"https:\/\/now-news.de\/de\/deutschland\/nach-eu-sanktionsvorschlag-%e2%80%92-deutschland-bleibt-wirtschaftlich-weiterhin-treu-an-israels-seite\/#primaryimage"},"thumbnailUrl":"https:\/\/now-news.de\/de\/wp-content\/uploads\/sites\/3\/2025\/09\/Nach-EU-Sanktionsvorschlag-\u2012-Deutschland-bleibt-wirtschaftlich-weiterhin-treu-an-Israels.JPG","keywords":["bleibt","Deutschland","EUSanktionsvorschlag","Israels","nach","Seite","treu","weiterhin","wirtschaftlich"],"articleSection":["Deutschland","Russland"],"inLanguage":"de","potentialAction":[{"@type":"CommentAction","name":"Comment","target":["https:\/\/now-news.de\/de\/deutschland\/nach-eu-sanktionsvorschlag-%e2%80%92-deutschland-bleibt-wirtschaftlich-weiterhin-treu-an-israels-seite\/#respond"]}]},{"@type":"WebPage","@id":"https:\/\/now-news.de\/de\/deutschland\/nach-eu-sanktionsvorschlag-%e2%80%92-deutschland-bleibt-wirtschaftlich-weiterhin-treu-an-israels-seite\/","url":"https:\/\/now-news.de\/de\/deutschland\/nach-eu-sanktionsvorschlag-%e2%80%92-deutschland-bleibt-wirtschaftlich-weiterhin-treu-an-israels-seite\/","name":"Nach EU-Sanktionsvorschlag \u2012 Deutschland bleibt wirtschaftlich weiterhin treu an Israels Seite - just-now.NEWS Deutschland","isPartOf":{"@id":"https:\/\/now-news.de\/de\/#website"},"primaryImageOfPage":{"@id":"https:\/\/now-news.de\/de\/deutschland\/nach-eu-sanktionsvorschlag-%e2%80%92-deutschland-bleibt-wirtschaftlich-weiterhin-treu-an-israels-seite\/#primaryimage"},"image":{"@id":"https:\/\/now-news.de\/de\/deutschland\/nach-eu-sanktionsvorschlag-%e2%80%92-deutschland-bleibt-wirtschaftlich-weiterhin-treu-an-israels-seite\/#primaryimage"},"thumbnailUrl":"https:\/\/now-news.de\/de\/wp-content\/uploads\/sites\/3\/2025\/09\/Nach-EU-Sanktionsvorschlag-\u2012-Deutschland-bleibt-wirtschaftlich-weiterhin-treu-an-Israels.JPG","datePublished":"2025-09-27T18:31:49+00:00","dateModified":"2025-09-27T18:31:49+00:00","breadcrumb":{"@id":"https:\/\/now-news.de\/de\/deutschland\/nach-eu-sanktionsvorschlag-%e2%80%92-deutschland-bleibt-wirtschaftlich-weiterhin-treu-an-israels-seite\/#breadcrumb"},"inLanguage":"de","potentialAction":[{"@type":"ReadAction","target":["https:\/\/now-news.de\/de\/deutschland\/nach-eu-sanktionsvorschlag-%e2%80%92-deutschland-bleibt-wirtschaftlich-weiterhin-treu-an-israels-seite\/"]}]},{"@type":"ImageObject","inLanguage":"de","@id":"https:\/\/now-news.de\/de\/deutschland\/nach-eu-sanktionsvorschlag-%e2%80%92-deutschland-bleibt-wirtschaftlich-weiterhin-treu-an-israels-seite\/#primaryimage","url":"https:\/\/now-news.de\/de\/wp-content\/uploads\/sites\/3\/2025\/09\/Nach-EU-Sanktionsvorschlag-\u2012-Deutschland-bleibt-wirtschaftlich-weiterhin-treu-an-Israels.JPG","contentUrl":"https:\/\/now-news.de\/de\/wp-content\/uploads\/sites\/3\/2025\/09\/Nach-EU-Sanktionsvorschlag-\u2012-Deutschland-bleibt-wirtschaftlich-weiterhin-treu-an-Israels.JPG","width":460,"height":259,"caption":"Nach EU-Sanktionsvorschlag \u2012 Deutschland bleibt wirtschaftlich weiterhin treu an Israels Seite"},{"@type":"BreadcrumbList","@id":"https:\/\/now-news.de\/de\/deutschland\/nach-eu-sanktionsvorschlag-%e2%80%92-deutschland-bleibt-wirtschaftlich-weiterhin-treu-an-israels-seite\/#breadcrumb","itemListElement":[{"@type":"ListItem","position":1,"name":"Home","item":"https:\/\/now-news.de\/de\/"},{"@type":"ListItem","position":2,"name":"Nach EU-Sanktionsvorschlag \u2012 Deutschland bleibt wirtschaftlich weiterhin treu an Israels Seite"}]},{"@type":"WebSite","@id":"https:\/\/now-news.de\/de\/#website","url":"https:\/\/now-news.de\/de\/","name":"just-now.NEWS Deutschland","description":"Das Portal f\u00fcr unzensierte Nachrichten aus der Welt","publisher":{"@id":"https:\/\/now-news.de\/de\/#organization"},"potentialAction":[{"@type":"SearchAction","target":{"@type":"EntryPoint","urlTemplate":"https:\/\/now-news.de\/de\/?s={search_term_string}"},"query-input":"required name=search_term_string"}],"inLanguage":"de"},{"@type":"Organization","@id":"https:\/\/now-news.de\/de\/#organization","name":"Just Now News","url":"https:\/\/now-news.de\/de\/","logo":{"@type":"ImageObject","inLanguage":"de","@id":"https:\/\/now-news.de\/de\/#\/schema\/logo\/image\/","url":"http:\/\/just-now.news\/de\/wp-content\/uploads\/sites\/3\/2022\/04\/logo500x500.jpg","contentUrl":"http:\/\/just-now.news\/de\/wp-content\/uploads\/sites\/3\/2022\/04\/logo500x500.jpg","width":500,"height":500,"caption":"Just Now News"},"image":{"@id":"https:\/\/now-news.de\/de\/#\/schema\/logo\/image\/"},"sameAs":["https:\/\/www.facebook.com\/wirmachenauf","https:\/\/x.com\/WirMachenAuf_de"]},{"@type":"Person","@id":"https:\/\/now-news.de\/de\/#\/schema\/person\/fb534a4e865501d8b3285208df34a9b5","name":"rtnews","image":{"@type":"ImageObject","inLanguage":"de","@id":"https:\/\/now-news.de\/de\/#\/schema\/person\/image\/","url":"https:\/\/secure.gravatar.com\/avatar\/82aafea7d8127119dd649515f56e2117?s=96&d=mm&r=g","contentUrl":"https:\/\/secure.gravatar.com\/avatar\/82aafea7d8127119dd649515f56e2117?s=96&d=mm&r=g","caption":"rtnews"},"url":"https:\/\/now-news.de\/de\/author\/rnews\/"}]}},"_links":{"self":[{"href":"https:\/\/now-news.de\/de\/wp-json\/wp\/v2\/posts\/91296"}],"collection":[{"href":"https:\/\/now-news.de\/de\/wp-json\/wp\/v2\/posts"}],"about":[{"href":"https:\/\/now-news.de\/de\/wp-json\/wp\/v2\/types\/post"}],"author":[{"embeddable":true,"href":"https:\/\/now-news.de\/de\/wp-json\/wp\/v2\/users\/3"}],"replies":[{"embeddable":true,"href":"https:\/\/now-news.de\/de\/wp-json\/wp\/v2\/comments?post=91296"}],"version-history":[{"count":0,"href":"https:\/\/now-news.de\/de\/wp-json\/wp\/v2\/posts\/91296\/revisions"}],"wp:featuredmedia":[{"embeddable":true,"href":"https:\/\/now-news.de\/de\/wp-json\/wp\/v2\/media\/91297"}],"wp:attachment":[{"href":"https:\/\/now-news.de\/de\/wp-json\/wp\/v2\/media?parent=91296"}],"wp:term":[{"taxonomy":"category","embeddable":true,"href":"https:\/\/now-news.de\/de\/wp-json\/wp\/v2\/categories?post=91296"},{"taxonomy":"post_tag","embeddable":true,"href":"https:\/\/now-news.de\/de\/wp-json\/wp\/v2\/tags?post=91296"}],"curies":[{"name":"wp","href":"https:\/\/api.w.org\/{rel}","templated":true}]}}