{"id":91278,"date":"2025-09-27T15:27:46","date_gmt":"2025-09-27T13:27:46","guid":{"rendered":"https:\/\/now-news.de\/de\/deutschland\/pistorius-fordert-im-gastbeitrag-kluge-investitionen-in-die-faehigkeiten-von-morgen\/"},"modified":"2025-09-27T15:27:46","modified_gmt":"2025-09-27T13:27:46","slug":"pistorius-fordert-im-gastbeitrag-kluge-investitionen-in-die-faehigkeiten-von-morgen","status":"publish","type":"post","link":"https:\/\/now-news.de\/de\/deutschland\/pistorius-fordert-im-gastbeitrag-kluge-investitionen-in-die-faehigkeiten-von-morgen\/","title":{"rendered":"Pistorius fordert im Gastbeitrag &quot;kluge Investitionen in die F\u00e4higkeiten von morgen&quot;"},"content":{"rendered":"<div class=\"Text-root Text-type_1 \">\n                Wer die entsprechende Anfrage zuerst gestellt hat, ist unbekannt, die Tagesspiegel-Redaktion oder das Verteidigungsministerium. Man einigte sich auf die Eingangsfrage: &#8220;Wie werden wir uns k\u00fcnftig verteidigen, Herr Pistorius?&#8221;. 74 Prozent der Tagesspiegel-Leser w\u00fcnschen eine Wehretaterh\u00f6hung.\n            <\/div>\n<p><\/p>\n<div class=\"Text-root Text-type_5 ArticleView-text ViewText-root \">\n<p>Angesichts einer seit Monaten kontinuierlich aufgebauten Angst vor einem &#8220;russischen Angriff&#8221; auch auf Deutschland wird den B\u00fcrgern im Land von der Politik und den Medien \u00fcber die Bildschirme und Printmedien einhellig und ann\u00e4hernd t\u00e4glich die Wichtigkeit von Kriegsvorbereitungen verinnerlicht. Verteidigungsminister Boris Pistorius durfte im Rahmen dieser Strategie vor dem Hintergrund des &#8220;80. Jubil\u00e4ums des Berliner Tagesspiegels&#8221; einen Gastbeitrag\u00a0verfassen, in dessen Einleitung er die Suggestivfrage &#8220;Wie gehen wir mit Krisen und Kriegen jetzt und in der Zukunft um?&#8221; stellte. In seiner Antwort machte Pistorius deutlich, dass die\u00a0Verteidigung &#8220;unserer Demokratie \u2026 in den K\u00f6pfen einer offenen Gesellschaft [beginnt], die wachsam und wehrhaft ist&#8221;.<\/p>\n<p>Bundesverteidigungsminister Boris Pistorius pr\u00e4sentierte sich in dieser Woche in der Hauptstadt auch als Gastredner auf dem &#8220;Weltraumkongress &#8216;NewSpace\u00a0\u2013 Aufbruch in die industrielle Zukunft'&#8221;. Laut dem ver\u00f6ffentlichten\u00a0<a rel=\"nofollow noopener\" target=\"_blank\" href=\"https:\/\/www.bmvg.de\/de\/presse\/rede-pistorius-3-bdi-weltraumkongress-berlin-5997822\">Redemanuskript<\/a> wurde\u00a0Russland unvermeidlich auch in dieser Rede mehrfach in die Argumentation des Ministers eingebaut. Selbst im Weltall erkennt der Minister demnach ein Bedrohungsszenario:<\/p>\n<p><em>&#8220;Russland und China haben in den letzten Jahren ihre F\u00e4higkeiten zur Kriegsf\u00fchrung im Weltraum rasant ausgebaut: Sie k\u00f6nnen Satelliten st\u00f6ren, blenden, manipulieren oder kinetisch zerst\u00f6ren. Im Weltraum gibt es keine Grenzen oder Kontinente. Dort sind Russland und China unsere direkten Nachbarn.&#8221;<\/em><\/p>\n<p>Zu den Gr\u00fcnden des derzeitigen wirtschaftlichen Niedergangs des Landes stellte Pistorius eine Verbindung zu der nachweislich politisch vorangetriebenen Umstellung der Energieversorgung her:<\/p>\n<p><em>&#8220;Wir erinnern uns: Bereits vor Beginn des Angriffskriegs gegen die Ukraine hat ein russischer Cyberangriff auf das Satellitennetzwerk &#8216;ViaSat&#8217; gro\u00dfe Teile der Kommunikation lahmgelegt. Das hatte auch in Deutschland Folgen: Die Betriebssteuerung von insgesamt knapp 6.000 Windr\u00e4dern war massiv eingeschr\u00e4nkt.&#8221;<\/em><\/p>\n<p>In seinem\u00a0<em>Tagesspiegel<\/em>&#8211;<a rel=\"nofollow noopener\" target=\"_blank\" href=\"https:\/\/www.tagesspiegel.de\/politik\/jubilaumsschwerpunkt-wie-werden-wir-uns-in-zukunft-verteidigen-mussen-herr-pistorius-14366282.html\">Gastbeitrag<\/a> vom 27. September wird der Minister in seinen Ausf\u00fchrungen dann ganz pers\u00f6nlich:<\/p>\n<p><em>&#8220;Wie gehen wir mit Krisen und Kriegen jetzt und in der Zukunft um? Das ist eine Frage, die vielen Menschen eher Sorgenfalten auf die Stirn treibt. Doch in der aktuellen Weltlage ist sie zentral. Ich mache mir dar\u00fcber nicht nur als Verteidigungsminister jeden Tag Gedanken. Auch als Vater und Gro\u00dfvater frage ich mich, was wir heute tun m\u00fcssen, damit auch unsere Kinder und Enkelkinder in Zukunft ein Leben in Freiheit und Sicherheit f\u00fchren k\u00f6nnen.&#8221;<\/em><\/p>\n<p>Die &#8220;klare Analyse und ehrliche Erkenntnis&#8221; laute, dass sich &#8220;die Kriegsf\u00fchrung der Zukunft&#8221; bereits in der Gegenwart zeige. Neben dem &#8220;R\u00fcckfall\u00a0in \u00fcberwunden geglaubte Zeiten&#8221;, den klassischen Krieg mit &#8220;schlammige[n] Sch\u00fctzengr\u00e4ben, erbitterte[n] Stellungsk\u00e4mpfe[n] und rollende[n] Panzer[n]&#8221;, zeigen sich den Menschen auch neue Formen der milit\u00e4rischen Auseinandersetzung:<\/p>\n<p><em>&#8220;Andererseits zeigt der Krieg in der Ukraine: Die Gefechte der Zukunft sind digital. Sie werden aller Wahrscheinlichkeit nach nicht mit einem gro\u00dfen Knall beginnen. Angriffe erfolgen per Mausklick \u2013 auf Stromnetze, Wasserwerke, Krankenh\u00e4user und Industrie. Sie zielen auf Lebensnotwendiges und treffen Menschen und Wirtschaft, lange bevor ein erster Schuss f\u00e4llt.&#8221;\u00a0<\/em><\/p>\n<p>\u00dcberraschend ist in diesem Text nur einmal, und zwar gleich zu Beginn, von Russland die Rede:<\/p>\n<p><em>&#8220;Seit dem\u00a0brutalen Angriff Russlands auf die Ukraine\u00a0herrscht wieder Krieg in Europa.&#8221;<\/em><\/p>\n<p>In den allgemeineren Ausf\u00fchrungen erl\u00e4utert Pistorius den\u00a0Lesern:<\/p>\n<p><em>&#8220;Der Krieg der Zukunft ist ein Cham\u00e4leon. Er setzt dort an, wo Schwachstellen erkennbar sind, und passt sich an, je nachdem, wie gut wir vorbereitet sind \u2013 nicht nur mit einer schlagkr\u00e4ftigen, modernen Bundeswehr, sondern auch wirtschaftlich, technologisch und gesellschaftlich.&#8221;<\/em><\/p>\n<p>Die <em>Tagesspiegel<\/em>-Redaktion pr\u00e4sentiert im Anschluss an diesen Absatz die eigentliche Absicht des vermutlich vom Bundesverteidigungsministerium gew\u00fcnschten Gastbeitrags in Form einer Umfrage mit dem Titel: &#8220;Sollte der Wehretat erh\u00f6ht werden?&#8221;. Die Antwort der 4.500 Leser, die bis zum Samstagvormittag ihre Stimme abgegeben hatten, fiel eindeutig aus: ja.<\/p>\n<figure class=\"RTImage-root\">\n<div class=\"RTImage-image RTImage-original\"><picture class=\"Picture-root Picture-original\"><!--[if IE 9]><video style=\"display: none;\"><![endif]--><source media=\"(-webkit-min-device-pixel-ratio: 2) and (min-resolution: 120dpi)\" data-srcset=\" \nhttps:\/\/now-news.de\/de\/wp-content\/uploads\/sites\/3\/2025\/09\/68d7aa47b480cc6a8f5ad824.JPG 850w,\n                https:\/\/now-news.de\/de\/wp-content\/uploads\/sites\/3\/2025\/09\/68d7aa47b480cc6a8f5ad824.JPG 1960w,            \" ><source data-srcset=\" \nhttps:\/\/now-news.de\/de\/wp-content\/uploads\/sites\/3\/2025\/09\/68d7aa47b480cc6a8f5ad824.JPG 460w,\n              https:\/\/now-news.de\/de\/wp-content\/uploads\/sites\/3\/2025\/09\/68d7aa47b480cc6a8f5ad824.JPG 980w,\n            \" ><!--[if IE 9]><\/video><![endif]--><img decoding=\"async\" data- src=\"data:image\/png;base64,iVBORw0KGgoAAAANSUhEUgAAABAAAAAJCAQAAACRI2S5AAAAEElEQVR42mNkIAAYRxWAAQAG9gAKqv6+AwAAAABJRU5ErkJggg==\" class=\"Picture-root Picture-original lazyload\" data-src=\"https:\/\/now-news.de\/de\/wp-content\/uploads\/sites\/3\/2025\/09\/68d7aa47b480cc6a8f5ad824.JPG\" alt=\"\"><\/source><\/source><\/picture><!-- noscript pattern --><noscript><img decoding=\"async\" src=\"https:\/\/now-news.de\/de\/wp-content\/uploads\/sites\/3\/2025\/09\/68d7aa47b480cc6a8f5ad824.JPG\" alt=\"\"><\/noscript><\/div><figcaption class=\"RTImage-footer\"><span class=\"RTImage-caption\"><\/span><span class=\"RTImage-source\"><span class=\"RTImage-captionItem\">Screenshot: Webseite Tagesspiegel<\/span><\/span><\/figcaption><\/figure>\n<p>In den Worten des Verteidigungsministers lautet die Begr\u00fcndung f\u00fcr den Bedarf weiterer Steuergelder f\u00fcr die laufende Mobilmachung gegen Russland:<\/p>\n<p><em>&#8220;Unsere Streitkr\u00e4fte und auch die unserer Verb\u00fcndeten brauchen eine Industrie, die lieferf\u00e4hig und innovationsstark ist. Eine starke Sicherheits- und Verteidigungsindustrie ist f\u00fcr eine zukunftsf\u00e4hige Verteidigung keine Option, sie ist Voraussetzung. Sie wurde lange vernachl\u00e4ssigt. Wir haben in den letzten Jahren aufgeholt und tun dies weiter mit Volldampf: mit verl\u00e4sslicher Finanzierung, klarer Auftragslage, flexibleren Verfahren und gezieltem Kapazit\u00e4tsausbau.&#8221;<\/em><\/p>\n<p>Im Bendlerblock in Berlin, dem Sitz des Bundesverteidigungsministeriums, herrscht daher die Sorge:<\/p>\n<p><em>&#8220;Unsere Verteidigung muss vorausschauend sein. Es geht um kluge Investitionen in die F\u00e4higkeiten von morgen. Kriege werden zunehmend durch Software oder k\u00fcnstliche Intelligenz entschieden. Wer hier zur\u00fcckf\u00e4llt, ist zu glaubhafter und wirksamer Abschreckung nicht in der Lage und macht sich im Ernstfall sehr verwundbar.&#8221;<\/em><\/p>\n<p>Mit einem erneuten Weckruf appelliert Pistorius daher an die B\u00fcrger:<\/p>\n<p><em>&#8220;Trotz aller Technologie: Der Mensch steht im Zentrum. Unsere Soldatinnen und Soldaten leisten Herausragendes. Aber wir brauchen mehr Frauen und M\u00e4nner, die bereit sind, unser Land zu sch\u00fctzen. Nicht um Krieg zu f\u00fchren, sondern um unsere Abschreckungsf\u00e4higkeit zu erh\u00f6hen und damit einen Krieg gerade zu verhindern.&#8221;<\/em><\/p>\n<p>Die Pl\u00e4ne f\u00fcr eine reformierte Wehrpflicht verfolgten daher die Absicht, dass diese als &#8220;M\u00f6glichkeit f\u00fcr junge Menschen&#8221; wahrgenommen wird, &#8220;etwas f\u00fcr ihr Land zu tun \u2013 nicht aus Zwang, sondern als Angebot, nicht aus Angst, sondern aus Verantwortung&#8221;. Auch der gef\u00fcrchtete Enkeltrick darf zur Untermauerung der Ausf\u00fchrungen des Ministers nicht fehlen:<\/p>\n<p><em>&#8220;Ich frage mich oft, wie unsere Enkel eines Tages auf diese Zeit zur\u00fcckblicken werden. Werden sie sagen: &#8216;Damals habt ihr die Zeichen der Zeit erkannt \u2013 und gehandelt!&#8217; Oder werden sie fragen: &#8216;Warum habt ihr nicht verstanden, was auf dem Spiel stand?&#8217;.&#8221;<\/em><\/p>\n<p>Abschlie\u00dfend mahnt Pistorius, dass &#8220;wir alle Verantwortung daf\u00fcr tragen, dass auch sie in einem demokratischen Land aufwachsen k\u00f6nnen, das gesch\u00fctzt ist \u2013 weil wir bereit und willens sind, uns zu wehren&#8221;.<\/p>\n<p>Die Dringlichkeit der derzeitigen Regierungspolitik und der Ausgabe von Milliarden an Steuergeldern f\u00fcr die Kriegsvorbereitungen rechtfertigt Pistorius schlie\u00dflich mit der Behauptung:<\/p>\n<p><em>&#8220;Wenn wir jetzt handeln, sichern wir unsere Gegenwart \u2013 und ihre Zukunft!&#8221;<\/em><\/p>\n<p><strong>Mehr zum Thema &#8211; <\/strong><a rel=\"nofollow noopener\" target=\"_blank\" href=\"https:\/\/freedert.online\/meinung\/256762-deutschen-wollen-alternative-zum-russlandfeindlichen\/\">Die Deutschen wollen eine Alternative zum russlandfeindlichen Kanzler<\/a><\/p>\n<div class=\"EmbedBlock-root EmbedBlock-externalVideo EmbedBlock-rumble\">\n<div class=\"VkEmbed\"><iframe class=\"lazyload\" data-src=\"https:\/\/rumble.com\/embed\/v6x2ghm\" frameborder=\"0\" width=\"853\" height=\"480\" allowfullscreen><\/iframe><\/div>\n<\/div>\n<\/div>\n<p><br \/>\n<br \/><a href=\"https:\/\/de.rt.com\/inland\/257261-pistorius-fordert-im-gastbeitrag-kluge\/\">Source link <\/a><\/p>\n","protected":false},"excerpt":{"rendered":"<p>Wer die entsprechende Anfrage zuerst gestellt hat, ist unbekannt, die Tagesspiegel-Redaktion oder das Verteidigungsministerium. Man einigte sich auf die Eingangsfrage: &#8220;Wie werden wir uns k\u00fcnftig verteidigen, Herr Pistorius?&#8221;. 74 Prozent der Tagesspiegel-Leser w\u00fcnschen eine Wehretaterh\u00f6hung. Angesichts einer seit Monaten kontinuierlich aufgebauten Angst vor einem &#8220;russischen Angriff&#8221; auch auf Deutschland wird den B\u00fcrgern im Land von [&hellip;]<\/p>\n","protected":false},"author":3,"featured_media":91279,"comment_status":"open","ping_status":"open","sticky":false,"template":"","format":"standard","meta":{"_yoast_indexnow_last_ping":["1758980650"],"wp_automatic_camp":["217"],"a28861e5989e644a059f7415f1b236a6":["Pistorius fordert im Gastbeitrag &quot;kluge Investitionen in die F\u00e4higkeiten von morgen&quot;"],"original_link":["https:\/\/de.rt.com\/inland\/257261-pistorius-fordert-im-gastbeitrag-kluge\/"],"_thumbnail_id":["91279"],"jnews_social_counter_last_update":["1776468823"],"_wptgpro_p2tg_sent2tg":["a:1:{i:23737;s:19:\"2025-09-27 15:45:11\";}"]},"categories":[19,23],"tags":[45,33633,355,68051,1182,68053,39179,68052,50],"yoast_head":"<!-- This site is optimized with the Yoast SEO Premium plugin v22.7 (Yoast SEO v22.7) - https:\/\/yoast.com\/wordpress\/plugins\/seo\/ -->\n<title>Pistorius fordert im Gastbeitrag &quot;kluge Investitionen in die F\u00e4higkeiten von morgen&quot; - just-now.NEWS Deutschland<\/title>\n<meta name=\"robots\" content=\"index, follow, max-snippet:-1, max-image-preview:large, max-video-preview:-1\" \/>\n<link rel=\"canonical\" href=\"https:\/\/now-news.de\/de\/deutschland\/pistorius-fordert-im-gastbeitrag-kluge-investitionen-in-die-faehigkeiten-von-morgen\/\" \/>\n<meta property=\"og:locale\" content=\"de_DE\" \/>\n<meta property=\"og:type\" content=\"article\" \/>\n<meta property=\"og:title\" content=\"Pistorius fordert im Gastbeitrag &quot;kluge Investitionen in die F\u00e4higkeiten von morgen&quot;\" \/>\n<meta property=\"og:description\" content=\"Wer die entsprechende Anfrage zuerst gestellt hat, ist unbekannt, die Tagesspiegel-Redaktion oder das Verteidigungsministerium. Man einigte sich auf die Eingangsfrage: &#8220;Wie werden wir uns k\u00fcnftig verteidigen, Herr Pistorius?&#8221;. 74 Prozent der Tagesspiegel-Leser w\u00fcnschen eine Wehretaterh\u00f6hung. Angesichts einer seit Monaten kontinuierlich aufgebauten Angst vor einem &#8220;russischen Angriff&#8221; auch auf Deutschland wird den B\u00fcrgern im Land von [&hellip;]\" \/>\n<meta property=\"og:url\" content=\"https:\/\/now-news.de\/de\/deutschland\/pistorius-fordert-im-gastbeitrag-kluge-investitionen-in-die-faehigkeiten-von-morgen\/\" \/>\n<meta property=\"og:site_name\" content=\"just-now.NEWS Deutschland\" \/>\n<meta property=\"article:publisher\" content=\"https:\/\/www.facebook.com\/wirmachenauf\" \/>\n<meta property=\"article:published_time\" content=\"2025-09-27T13:27:46+00:00\" \/>\n<meta property=\"og:image\" content=\"https:\/\/now-news.de\/de\/wp-content\/uploads\/sites\/3\/2025\/09\/68d7aa47b480cc6a8f5ad824.JPG\" \/>\n<meta name=\"author\" content=\"rtnews\" \/>\n<meta name=\"twitter:card\" content=\"summary_large_image\" \/>\n<meta name=\"twitter:creator\" content=\"@WirMachenAuf_de\" \/>\n<meta name=\"twitter:site\" content=\"@WirMachenAuf_de\" \/>\n<meta name=\"twitter:label1\" content=\"Verfasst von\" \/>\n\t<meta name=\"twitter:data1\" content=\"rtnews\" \/>\n\t<meta name=\"twitter:label2\" content=\"Gesch\u00e4tzte Lesezeit\" \/>\n\t<meta name=\"twitter:data2\" content=\"5\u00a0Minuten\" \/>\n<script type=\"application\/ld+json\" class=\"yoast-schema-graph\">{\"@context\":\"https:\/\/schema.org\",\"@graph\":[{\"@type\":\"Article\",\"@id\":\"https:\/\/now-news.de\/de\/deutschland\/pistorius-fordert-im-gastbeitrag-kluge-investitionen-in-die-faehigkeiten-von-morgen\/#article\",\"isPartOf\":{\"@id\":\"https:\/\/now-news.de\/de\/deutschland\/pistorius-fordert-im-gastbeitrag-kluge-investitionen-in-die-faehigkeiten-von-morgen\/\"},\"author\":{\"name\":\"rtnews\",\"@id\":\"https:\/\/now-news.de\/de\/#\/schema\/person\/fb534a4e865501d8b3285208df34a9b5\"},\"headline\":\"Pistorius fordert im Gastbeitrag &quot;kluge Investitionen in die F\u00e4higkeiten von morgen&quot;\",\"datePublished\":\"2025-09-27T13:27:46+00:00\",\"dateModified\":\"2025-09-27T13:27:46+00:00\",\"mainEntityOfPage\":{\"@id\":\"https:\/\/now-news.de\/de\/deutschland\/pistorius-fordert-im-gastbeitrag-kluge-investitionen-in-die-faehigkeiten-von-morgen\/\"},\"wordCount\":1046,\"commentCount\":0,\"publisher\":{\"@id\":\"https:\/\/now-news.de\/de\/#organization\"},\"image\":{\"@id\":\"https:\/\/now-news.de\/de\/deutschland\/pistorius-fordert-im-gastbeitrag-kluge-investitionen-in-die-faehigkeiten-von-morgen\/#primaryimage\"},\"thumbnailUrl\":\"https:\/\/now-news.de\/de\/wp-content\/uploads\/sites\/3\/2025\/09\/Pistorius-fordert-im-Gastbeitrag-quotkluge-Investitionen-in-die-Faehigkeiten-von.JPG\",\"keywords\":[\"die\",\"F\u00e4higkeiten\",\"fordert\",\"Gastbeitrag\",\"investitionen\",\"morgenquot\",\"Pistorius\",\"quotkluge\",\"von\"],\"articleSection\":[\"Deutschland\",\"Russland\"],\"inLanguage\":\"de\",\"potentialAction\":[{\"@type\":\"CommentAction\",\"name\":\"Comment\",\"target\":[\"https:\/\/now-news.de\/de\/deutschland\/pistorius-fordert-im-gastbeitrag-kluge-investitionen-in-die-faehigkeiten-von-morgen\/#respond\"]}]},{\"@type\":\"WebPage\",\"@id\":\"https:\/\/now-news.de\/de\/deutschland\/pistorius-fordert-im-gastbeitrag-kluge-investitionen-in-die-faehigkeiten-von-morgen\/\",\"url\":\"https:\/\/now-news.de\/de\/deutschland\/pistorius-fordert-im-gastbeitrag-kluge-investitionen-in-die-faehigkeiten-von-morgen\/\",\"name\":\"Pistorius fordert im Gastbeitrag &quot;kluge Investitionen in die F\u00e4higkeiten von morgen&quot; - just-now.NEWS Deutschland\",\"isPartOf\":{\"@id\":\"https:\/\/now-news.de\/de\/#website\"},\"primaryImageOfPage\":{\"@id\":\"https:\/\/now-news.de\/de\/deutschland\/pistorius-fordert-im-gastbeitrag-kluge-investitionen-in-die-faehigkeiten-von-morgen\/#primaryimage\"},\"image\":{\"@id\":\"https:\/\/now-news.de\/de\/deutschland\/pistorius-fordert-im-gastbeitrag-kluge-investitionen-in-die-faehigkeiten-von-morgen\/#primaryimage\"},\"thumbnailUrl\":\"https:\/\/now-news.de\/de\/wp-content\/uploads\/sites\/3\/2025\/09\/Pistorius-fordert-im-Gastbeitrag-quotkluge-Investitionen-in-die-Faehigkeiten-von.JPG\",\"datePublished\":\"2025-09-27T13:27:46+00:00\",\"dateModified\":\"2025-09-27T13:27:46+00:00\",\"breadcrumb\":{\"@id\":\"https:\/\/now-news.de\/de\/deutschland\/pistorius-fordert-im-gastbeitrag-kluge-investitionen-in-die-faehigkeiten-von-morgen\/#breadcrumb\"},\"inLanguage\":\"de\",\"potentialAction\":[{\"@type\":\"ReadAction\",\"target\":[\"https:\/\/now-news.de\/de\/deutschland\/pistorius-fordert-im-gastbeitrag-kluge-investitionen-in-die-faehigkeiten-von-morgen\/\"]}]},{\"@type\":\"ImageObject\",\"inLanguage\":\"de\",\"@id\":\"https:\/\/now-news.de\/de\/deutschland\/pistorius-fordert-im-gastbeitrag-kluge-investitionen-in-die-faehigkeiten-von-morgen\/#primaryimage\",\"url\":\"https:\/\/now-news.de\/de\/wp-content\/uploads\/sites\/3\/2025\/09\/Pistorius-fordert-im-Gastbeitrag-quotkluge-Investitionen-in-die-Faehigkeiten-von.JPG\",\"contentUrl\":\"https:\/\/now-news.de\/de\/wp-content\/uploads\/sites\/3\/2025\/09\/Pistorius-fordert-im-Gastbeitrag-quotkluge-Investitionen-in-die-Faehigkeiten-von.JPG\",\"width\":609,\"height\":514,\"caption\":\"Pistorius fordert im Gastbeitrag &quot;kluge Investitionen in die F\u00e4higkeiten von morgen&quot;\"},{\"@type\":\"BreadcrumbList\",\"@id\":\"https:\/\/now-news.de\/de\/deutschland\/pistorius-fordert-im-gastbeitrag-kluge-investitionen-in-die-faehigkeiten-von-morgen\/#breadcrumb\",\"itemListElement\":[{\"@type\":\"ListItem\",\"position\":1,\"name\":\"Home\",\"item\":\"https:\/\/now-news.de\/de\/\"},{\"@type\":\"ListItem\",\"position\":2,\"name\":\"Pistorius fordert im Gastbeitrag &quot;kluge Investitionen in die F\u00e4higkeiten von morgen&quot;\"}]},{\"@type\":\"WebSite\",\"@id\":\"https:\/\/now-news.de\/de\/#website\",\"url\":\"https:\/\/now-news.de\/de\/\",\"name\":\"just-now.NEWS Deutschland\",\"description\":\"Das Portal f\u00fcr unzensierte Nachrichten aus der Welt\",\"publisher\":{\"@id\":\"https:\/\/now-news.de\/de\/#organization\"},\"potentialAction\":[{\"@type\":\"SearchAction\",\"target\":{\"@type\":\"EntryPoint\",\"urlTemplate\":\"https:\/\/now-news.de\/de\/?s={search_term_string}\"},\"query-input\":\"required name=search_term_string\"}],\"inLanguage\":\"de\"},{\"@type\":\"Organization\",\"@id\":\"https:\/\/now-news.de\/de\/#organization\",\"name\":\"Just Now News\",\"url\":\"https:\/\/now-news.de\/de\/\",\"logo\":{\"@type\":\"ImageObject\",\"inLanguage\":\"de\",\"@id\":\"https:\/\/now-news.de\/de\/#\/schema\/logo\/image\/\",\"url\":\"http:\/\/just-now.news\/de\/wp-content\/uploads\/sites\/3\/2022\/04\/logo500x500.jpg\",\"contentUrl\":\"http:\/\/just-now.news\/de\/wp-content\/uploads\/sites\/3\/2022\/04\/logo500x500.jpg\",\"width\":500,\"height\":500,\"caption\":\"Just Now News\"},\"image\":{\"@id\":\"https:\/\/now-news.de\/de\/#\/schema\/logo\/image\/\"},\"sameAs\":[\"https:\/\/www.facebook.com\/wirmachenauf\",\"https:\/\/x.com\/WirMachenAuf_de\"]},{\"@type\":\"Person\",\"@id\":\"https:\/\/now-news.de\/de\/#\/schema\/person\/fb534a4e865501d8b3285208df34a9b5\",\"name\":\"rtnews\",\"image\":{\"@type\":\"ImageObject\",\"inLanguage\":\"de\",\"@id\":\"https:\/\/now-news.de\/de\/#\/schema\/person\/image\/\",\"url\":\"https:\/\/secure.gravatar.com\/avatar\/82aafea7d8127119dd649515f56e2117?s=96&d=mm&r=g\",\"contentUrl\":\"https:\/\/secure.gravatar.com\/avatar\/82aafea7d8127119dd649515f56e2117?s=96&d=mm&r=g\",\"caption\":\"rtnews\"},\"url\":\"https:\/\/now-news.de\/de\/author\/rnews\/\"}]}<\/script>\n<!-- \/ Yoast SEO Premium plugin. -->","yoast_head_json":{"title":"Pistorius fordert im Gastbeitrag &quot;kluge Investitionen in die F\u00e4higkeiten von morgen&quot; - just-now.NEWS Deutschland","robots":{"index":"index","follow":"follow","max-snippet":"max-snippet:-1","max-image-preview":"max-image-preview:large","max-video-preview":"max-video-preview:-1"},"canonical":"https:\/\/now-news.de\/de\/deutschland\/pistorius-fordert-im-gastbeitrag-kluge-investitionen-in-die-faehigkeiten-von-morgen\/","og_locale":"de_DE","og_type":"article","og_title":"Pistorius fordert im Gastbeitrag &quot;kluge Investitionen in die F\u00e4higkeiten von morgen&quot;","og_description":"Wer die entsprechende Anfrage zuerst gestellt hat, ist unbekannt, die Tagesspiegel-Redaktion oder das Verteidigungsministerium. Man einigte sich auf die Eingangsfrage: &#8220;Wie werden wir uns k\u00fcnftig verteidigen, Herr Pistorius?&#8221;. 74 Prozent der Tagesspiegel-Leser w\u00fcnschen eine Wehretaterh\u00f6hung. Angesichts einer seit Monaten kontinuierlich aufgebauten Angst vor einem &#8220;russischen Angriff&#8221; auch auf Deutschland wird den B\u00fcrgern im Land von [&hellip;]","og_url":"https:\/\/now-news.de\/de\/deutschland\/pistorius-fordert-im-gastbeitrag-kluge-investitionen-in-die-faehigkeiten-von-morgen\/","og_site_name":"just-now.NEWS Deutschland","article_publisher":"https:\/\/www.facebook.com\/wirmachenauf","article_published_time":"2025-09-27T13:27:46+00:00","og_image":[{"url":"https:\/\/now-news.de\/de\/wp-content\/uploads\/sites\/3\/2025\/09\/68d7aa47b480cc6a8f5ad824.JPG"}],"author":"rtnews","twitter_card":"summary_large_image","twitter_creator":"@WirMachenAuf_de","twitter_site":"@WirMachenAuf_de","twitter_misc":{"Verfasst von":"rtnews","Gesch\u00e4tzte Lesezeit":"5\u00a0Minuten"},"schema":{"@context":"https:\/\/schema.org","@graph":[{"@type":"Article","@id":"https:\/\/now-news.de\/de\/deutschland\/pistorius-fordert-im-gastbeitrag-kluge-investitionen-in-die-faehigkeiten-von-morgen\/#article","isPartOf":{"@id":"https:\/\/now-news.de\/de\/deutschland\/pistorius-fordert-im-gastbeitrag-kluge-investitionen-in-die-faehigkeiten-von-morgen\/"},"author":{"name":"rtnews","@id":"https:\/\/now-news.de\/de\/#\/schema\/person\/fb534a4e865501d8b3285208df34a9b5"},"headline":"Pistorius fordert im Gastbeitrag &quot;kluge Investitionen in die F\u00e4higkeiten von morgen&quot;","datePublished":"2025-09-27T13:27:46+00:00","dateModified":"2025-09-27T13:27:46+00:00","mainEntityOfPage":{"@id":"https:\/\/now-news.de\/de\/deutschland\/pistorius-fordert-im-gastbeitrag-kluge-investitionen-in-die-faehigkeiten-von-morgen\/"},"wordCount":1046,"commentCount":0,"publisher":{"@id":"https:\/\/now-news.de\/de\/#organization"},"image":{"@id":"https:\/\/now-news.de\/de\/deutschland\/pistorius-fordert-im-gastbeitrag-kluge-investitionen-in-die-faehigkeiten-von-morgen\/#primaryimage"},"thumbnailUrl":"https:\/\/now-news.de\/de\/wp-content\/uploads\/sites\/3\/2025\/09\/Pistorius-fordert-im-Gastbeitrag-quotkluge-Investitionen-in-die-Faehigkeiten-von.JPG","keywords":["die","F\u00e4higkeiten","fordert","Gastbeitrag","investitionen","morgenquot","Pistorius","quotkluge","von"],"articleSection":["Deutschland","Russland"],"inLanguage":"de","potentialAction":[{"@type":"CommentAction","name":"Comment","target":["https:\/\/now-news.de\/de\/deutschland\/pistorius-fordert-im-gastbeitrag-kluge-investitionen-in-die-faehigkeiten-von-morgen\/#respond"]}]},{"@type":"WebPage","@id":"https:\/\/now-news.de\/de\/deutschland\/pistorius-fordert-im-gastbeitrag-kluge-investitionen-in-die-faehigkeiten-von-morgen\/","url":"https:\/\/now-news.de\/de\/deutschland\/pistorius-fordert-im-gastbeitrag-kluge-investitionen-in-die-faehigkeiten-von-morgen\/","name":"Pistorius fordert im Gastbeitrag &quot;kluge Investitionen in die F\u00e4higkeiten von morgen&quot; - just-now.NEWS Deutschland","isPartOf":{"@id":"https:\/\/now-news.de\/de\/#website"},"primaryImageOfPage":{"@id":"https:\/\/now-news.de\/de\/deutschland\/pistorius-fordert-im-gastbeitrag-kluge-investitionen-in-die-faehigkeiten-von-morgen\/#primaryimage"},"image":{"@id":"https:\/\/now-news.de\/de\/deutschland\/pistorius-fordert-im-gastbeitrag-kluge-investitionen-in-die-faehigkeiten-von-morgen\/#primaryimage"},"thumbnailUrl":"https:\/\/now-news.de\/de\/wp-content\/uploads\/sites\/3\/2025\/09\/Pistorius-fordert-im-Gastbeitrag-quotkluge-Investitionen-in-die-Faehigkeiten-von.JPG","datePublished":"2025-09-27T13:27:46+00:00","dateModified":"2025-09-27T13:27:46+00:00","breadcrumb":{"@id":"https:\/\/now-news.de\/de\/deutschland\/pistorius-fordert-im-gastbeitrag-kluge-investitionen-in-die-faehigkeiten-von-morgen\/#breadcrumb"},"inLanguage":"de","potentialAction":[{"@type":"ReadAction","target":["https:\/\/now-news.de\/de\/deutschland\/pistorius-fordert-im-gastbeitrag-kluge-investitionen-in-die-faehigkeiten-von-morgen\/"]}]},{"@type":"ImageObject","inLanguage":"de","@id":"https:\/\/now-news.de\/de\/deutschland\/pistorius-fordert-im-gastbeitrag-kluge-investitionen-in-die-faehigkeiten-von-morgen\/#primaryimage","url":"https:\/\/now-news.de\/de\/wp-content\/uploads\/sites\/3\/2025\/09\/Pistorius-fordert-im-Gastbeitrag-quotkluge-Investitionen-in-die-Faehigkeiten-von.JPG","contentUrl":"https:\/\/now-news.de\/de\/wp-content\/uploads\/sites\/3\/2025\/09\/Pistorius-fordert-im-Gastbeitrag-quotkluge-Investitionen-in-die-Faehigkeiten-von.JPG","width":609,"height":514,"caption":"Pistorius fordert im Gastbeitrag &quot;kluge Investitionen in die F\u00e4higkeiten von morgen&quot;"},{"@type":"BreadcrumbList","@id":"https:\/\/now-news.de\/de\/deutschland\/pistorius-fordert-im-gastbeitrag-kluge-investitionen-in-die-faehigkeiten-von-morgen\/#breadcrumb","itemListElement":[{"@type":"ListItem","position":1,"name":"Home","item":"https:\/\/now-news.de\/de\/"},{"@type":"ListItem","position":2,"name":"Pistorius fordert im Gastbeitrag &quot;kluge Investitionen in die F\u00e4higkeiten von morgen&quot;"}]},{"@type":"WebSite","@id":"https:\/\/now-news.de\/de\/#website","url":"https:\/\/now-news.de\/de\/","name":"just-now.NEWS Deutschland","description":"Das Portal f\u00fcr unzensierte Nachrichten aus der Welt","publisher":{"@id":"https:\/\/now-news.de\/de\/#organization"},"potentialAction":[{"@type":"SearchAction","target":{"@type":"EntryPoint","urlTemplate":"https:\/\/now-news.de\/de\/?s={search_term_string}"},"query-input":"required name=search_term_string"}],"inLanguage":"de"},{"@type":"Organization","@id":"https:\/\/now-news.de\/de\/#organization","name":"Just Now News","url":"https:\/\/now-news.de\/de\/","logo":{"@type":"ImageObject","inLanguage":"de","@id":"https:\/\/now-news.de\/de\/#\/schema\/logo\/image\/","url":"http:\/\/just-now.news\/de\/wp-content\/uploads\/sites\/3\/2022\/04\/logo500x500.jpg","contentUrl":"http:\/\/just-now.news\/de\/wp-content\/uploads\/sites\/3\/2022\/04\/logo500x500.jpg","width":500,"height":500,"caption":"Just Now News"},"image":{"@id":"https:\/\/now-news.de\/de\/#\/schema\/logo\/image\/"},"sameAs":["https:\/\/www.facebook.com\/wirmachenauf","https:\/\/x.com\/WirMachenAuf_de"]},{"@type":"Person","@id":"https:\/\/now-news.de\/de\/#\/schema\/person\/fb534a4e865501d8b3285208df34a9b5","name":"rtnews","image":{"@type":"ImageObject","inLanguage":"de","@id":"https:\/\/now-news.de\/de\/#\/schema\/person\/image\/","url":"https:\/\/secure.gravatar.com\/avatar\/82aafea7d8127119dd649515f56e2117?s=96&d=mm&r=g","contentUrl":"https:\/\/secure.gravatar.com\/avatar\/82aafea7d8127119dd649515f56e2117?s=96&d=mm&r=g","caption":"rtnews"},"url":"https:\/\/now-news.de\/de\/author\/rnews\/"}]}},"_links":{"self":[{"href":"https:\/\/now-news.de\/de\/wp-json\/wp\/v2\/posts\/91278"}],"collection":[{"href":"https:\/\/now-news.de\/de\/wp-json\/wp\/v2\/posts"}],"about":[{"href":"https:\/\/now-news.de\/de\/wp-json\/wp\/v2\/types\/post"}],"author":[{"embeddable":true,"href":"https:\/\/now-news.de\/de\/wp-json\/wp\/v2\/users\/3"}],"replies":[{"embeddable":true,"href":"https:\/\/now-news.de\/de\/wp-json\/wp\/v2\/comments?post=91278"}],"version-history":[{"count":0,"href":"https:\/\/now-news.de\/de\/wp-json\/wp\/v2\/posts\/91278\/revisions"}],"wp:featuredmedia":[{"embeddable":true,"href":"https:\/\/now-news.de\/de\/wp-json\/wp\/v2\/media\/91279"}],"wp:attachment":[{"href":"https:\/\/now-news.de\/de\/wp-json\/wp\/v2\/media?parent=91278"}],"wp:term":[{"taxonomy":"category","embeddable":true,"href":"https:\/\/now-news.de\/de\/wp-json\/wp\/v2\/categories?post=91278"},{"taxonomy":"post_tag","embeddable":true,"href":"https:\/\/now-news.de\/de\/wp-json\/wp\/v2\/tags?post=91278"}],"curies":[{"name":"wp","href":"https:\/\/api.w.org\/{rel}","templated":true}]}}