{"id":91270,"date":"2025-09-27T13:28:12","date_gmt":"2025-09-27T11:28:12","guid":{"rendered":"https:\/\/now-news.de\/de\/deutschland\/russland-darf-wieder-bei-den-paralympics-starten\/"},"modified":"2025-09-27T13:28:12","modified_gmt":"2025-09-27T11:28:12","slug":"russland-darf-wieder-bei-den-paralympics-starten","status":"publish","type":"post","link":"https:\/\/now-news.de\/de\/deutschland\/russland-darf-wieder-bei-den-paralympics-starten\/","title":{"rendered":"Russland darf wieder bei den Paralympics starten"},"content":{"rendered":"<div class=\"Text-root Text-type_1 \">\n                Russische Para-Athleten d\u00fcrfen bei den Spielen in Mailand und Cortina im Jahr 2026 wieder unter eigener Flagge antreten. Nach Jahren der Einschr\u00e4nkung hob das IPC die Sanktionen \u00fcberraschend auf. Ein klarer Sieg f\u00fcr Fairness im Sport und ein riesiger Moment f\u00fcr die Athleten.\n            <\/div>\n<p><\/p>\n<div class=\"Text-root Text-type_5 ArticleView-text ViewText-root \">\n<p data-start=\"179\" data-end=\"515\">Russlands Para-Athleten d\u00fcrfen bei den Paralympischen Spielen in Mailand und Cortina d\u2019Ampezzo im Jahr 2026 wieder unter eigener Flagge antreten. Auf der Generalversammlung des Internationalen Paralympischen Komitees (IPC) in Seoul wurden die seit 2023 geltenden Sanktionen gegen Russland und Belarus \u00fcberraschend aufgehoben.<\/p>\n<p data-start=\"517\" data-end=\"845\">Die Sperre war nach dem Februar 2022 verh\u00e4ngt worden, doch nun erhalten die russischen und belarussischen Behindertensportverb\u00e4nde ihre vollen Rechte zur\u00fcck. Das IPC k\u00fcndigte an, eng mit beiden Verb\u00e4nden zusammenarbeiten zu wollen, um die R\u00fcckkehr der Athleten so reibungslos wie m\u00f6glich zu gestalten.<\/p>\n<figure class=\"RTImage-root\">\n<div class=\"RTImage-image RTImage-original\"><picture class=\"Picture-root Picture-original\"><!--[if IE 9]><video style=\"display: none;\"><![endif]--><source media=\"(-webkit-min-device-pixel-ratio: 2) and (min-resolution: 120dpi)\" data-srcset=\" \nhttps:\/\/now-news.de\/de\/wp-content\/uploads\/sites\/3\/2025\/09\/68d7b88448fbef4d5451bb94.jpg 850w,\n                https:\/\/now-news.de\/de\/wp-content\/uploads\/sites\/3\/2025\/09\/68d7b88448fbef4d5451bb94.jpg 1960w,            \" ><source data-srcset=\" \nhttps:\/\/now-news.de\/de\/wp-content\/uploads\/sites\/3\/2025\/09\/68d7b88448fbef4d5451bb94.jpg 460w,\n              https:\/\/now-news.de\/de\/wp-content\/uploads\/sites\/3\/2025\/09\/68d7b88448fbef4d5451bb94.jpg 980w,\n            \" ><!--[if IE 9]><\/video><![endif]--><img decoding=\"async\" data- src=\"data:image\/png;base64,iVBORw0KGgoAAAANSUhEUgAAABAAAAAJCAQAAACRI2S5AAAAEElEQVR42mNkIAAYRxWAAQAG9gAKqv6+AwAAAABJRU5ErkJggg==\" class=\"Picture-root Picture-original lazyload\" data-src=\"https:\/\/now-news.de\/de\/wp-content\/uploads\/sites\/3\/2025\/09\/68d7b88448fbef4d5451bb94.jpg\" alt=\"\"><\/source><\/source><\/picture><!-- noscript pattern --><noscript><img decoding=\"async\" src=\"https:\/\/now-news.de\/de\/wp-content\/uploads\/sites\/3\/2025\/09\/68d7b88448fbef4d5451bb94.jpg\" alt=\"\"><\/noscript><\/div><figcaption class=\"RTImage-footer\"><span class=\"RTImage-caption\"><span class=\"RTImage-captionItem\">Die russische Flagge bei der Er\u00f6ffnungsfeier der Winter-Paralympics 2014 in Sotschi. Vordergrund von links: Dirigent Vladimir Spivakov, Athlet Alexei Nemov, Paralympionik Vladimir Kiselyov, Cheftrainer Pyotr Builov.<\/span><\/span><span class=\"RTImage-source\"><span class=\"RTImage-captionItem\">Grigorij Sysojew<\/span><span class=\"RTImage-captionItem\"> \/ Sputnik<\/span><\/span><\/figcaption><\/figure>\n<p data-start=\"847\" data-end=\"1173\">Bei den Paralympics in Paris mussten russische und belarussische Sportler noch unter neutraler Flagge starten, die Hymnen ihrer Heimatl\u00e4nder wurden bei Siegerehrungen nicht gespielt, und sie durften nicht an der Er\u00f6ffnungsfeier teilnehmen.<\/p>\n<p data-start=\"847\" data-end=\"1173\">Die R\u00fcckkehr unter der eigenen Flagge ist ein klares Signal f\u00fcr Fairness im internationalen Sport.<\/p>\n<p data-start=\"1175\" data-end=\"1443\">W\u00e4hrend der Abstimmung in Seoul sprach sich eine deutliche Mehrheit der IPC-Mitglieder gegen einen Komplettausschluss Russlands aus. In einem zweiten Votum wurde mit 91 zu 77 Stimmen auch die Teilsuspendierung aufgehoben. Eine \u00e4hnliche Entscheidung fiel f\u00fcr Belarus.<\/p>\n<p data-start=\"1445\" data-end=\"1785\">Das russische Paralympische Komitee begr\u00fc\u00dfte den Beschluss als &#8220;faire Entscheidung&#8221; und bezeichnete ihn als wichtigen Beitrag zur internationalen Entwicklung des Paralympischen Sports.<\/p>\n<blockquote>\n<p data-start=\"1445\" data-end=\"1785\"><em>&#8220;Die Rechte der Athleten m\u00fcssen unabh\u00e4ngig von Nationalit\u00e4t oder politischer Zugeh\u00f6rigkeit gesch\u00fctzt werden&#8221;,<\/em><\/p>\n<\/blockquote>\n<p data-start=\"1445\" data-end=\"1785\">hie\u00df es in einer offiziellen Stellungnahme.<\/p>\n<p data-start=\"1787\" data-end=\"2203\">Ob tats\u00e4chlich alle russischen Athleten bei den Spielen 2026 antreten werden, h\u00e4ngt von den jeweiligen internationalen Sportverb\u00e4nden ab, die zuletzt noch eigene Beschr\u00e4nkungen aufrechterhalten hatten. Die Entscheidung des IPC schafft jedoch die Grundlage f\u00fcr eine vollst\u00e4ndige R\u00fcckkehr Russlands in die Welt des Behindertensports \u2013 ein starkes Signal f\u00fcr Sportler, Fans und die internationale Paralympic-Bewegung.<\/p>\n<p data-start=\"1787\" data-end=\"2203\"><strong>Mehr zum Thema<\/strong>\u00a0\u2013 <a rel=\"nofollow noopener\" target=\"_blank\" href=\"https:\/\/freedert.online\/oesterreich\/257194-slowakei-beschliesst-verfassungsaenderung-nur-zwei\/\">Slowakei beschlie\u00dft Verfassungs\u00e4nderung: Nur zwei Geschlechter anerkannt<\/a><\/p>\n<div class=\"EmbedBlock-root EmbedBlock-externalVideo EmbedBlock-rumble\">\n<div class=\"VkEmbed\"><iframe class=\"lazyload\" data-src=\"https:\/\/rumble.com\/embed\/v59g93x\" frameborder=\"0\" width=\"853\" height=\"480\" allowfullscreen><\/iframe><\/div>\n<\/div>\n<\/div>\n<p><br \/>\n<br \/><a href=\"https:\/\/de.rt.com\/russland\/257276-russland-darf-wieder-bei-paralympics\/\">Source link <\/a><\/p>\n","protected":false},"excerpt":{"rendered":"<p>Russische Para-Athleten d\u00fcrfen bei den Spielen in Mailand und Cortina im Jahr 2026 wieder unter eigener Flagge antreten. Nach Jahren der Einschr\u00e4nkung hob das IPC die Sanktionen \u00fcberraschend auf. Ein klarer Sieg f\u00fcr Fairness im Sport und ein riesiger Moment f\u00fcr die Athleten. Russlands Para-Athleten d\u00fcrfen bei den Paralympischen Spielen in Mailand und Cortina d\u2019Ampezzo [&hellip;]<\/p>\n","protected":false},"author":3,"featured_media":91271,"comment_status":"open","ping_status":"open","sticky":false,"template":"","format":"standard","meta":{"_yoast_indexnow_last_ping":["1758975785"],"wp_automatic_camp":["217"],"a1a3d1a5cea0f8e69d8a4455243b1d81":["Russland darf wieder bei den Paralympics starten"],"original_link":["https:\/\/de.rt.com\/russland\/257276-russland-darf-wieder-bei-paralympics\/"],"_thumbnail_id":["91271"],"jnews_social_counter_last_update":["1777288160"],"_wptgpro_p2tg_sent2tg":["a:1:{i:23737;s:19:\"2025-09-27 14:24:05\";}"]},"categories":[19,23],"tags":[363,5310,48,54203,126,20845,904],"yoast_head":"<!-- This site is optimized with the Yoast SEO Premium plugin v22.7 (Yoast SEO v22.7) - https:\/\/yoast.com\/wordpress\/plugins\/seo\/ -->\n<title>Russland darf wieder bei den Paralympics starten - just-now.NEWS Deutschland<\/title>\n<meta name=\"robots\" content=\"index, follow, max-snippet:-1, max-image-preview:large, max-video-preview:-1\" \/>\n<link rel=\"canonical\" href=\"https:\/\/now-news.de\/de\/deutschland\/russland-darf-wieder-bei-den-paralympics-starten\/\" \/>\n<meta property=\"og:locale\" content=\"de_DE\" \/>\n<meta property=\"og:type\" content=\"article\" \/>\n<meta property=\"og:title\" content=\"Russland darf wieder bei den Paralympics starten\" \/>\n<meta property=\"og:description\" content=\"Russische Para-Athleten d\u00fcrfen bei den Spielen in Mailand und Cortina im Jahr 2026 wieder unter eigener Flagge antreten. Nach Jahren der Einschr\u00e4nkung hob das IPC die Sanktionen \u00fcberraschend auf. Ein klarer Sieg f\u00fcr Fairness im Sport und ein riesiger Moment f\u00fcr die Athleten. Russlands Para-Athleten d\u00fcrfen bei den Paralympischen Spielen in Mailand und Cortina d\u2019Ampezzo [&hellip;]\" \/>\n<meta property=\"og:url\" content=\"https:\/\/now-news.de\/de\/deutschland\/russland-darf-wieder-bei-den-paralympics-starten\/\" \/>\n<meta property=\"og:site_name\" content=\"just-now.NEWS Deutschland\" \/>\n<meta property=\"article:publisher\" content=\"https:\/\/www.facebook.com\/wirmachenauf\" \/>\n<meta property=\"article:published_time\" content=\"2025-09-27T11:28:12+00:00\" \/>\n<meta property=\"og:image\" content=\"https:\/\/now-news.de\/de\/wp-content\/uploads\/sites\/3\/2025\/09\/68d7b88448fbef4d5451bb94.jpg\" \/>\n<meta name=\"author\" content=\"rtnews\" \/>\n<meta name=\"twitter:card\" content=\"summary_large_image\" \/>\n<meta name=\"twitter:creator\" content=\"@WirMachenAuf_de\" \/>\n<meta name=\"twitter:site\" content=\"@WirMachenAuf_de\" \/>\n<meta name=\"twitter:label1\" content=\"Verfasst von\" \/>\n\t<meta name=\"twitter:data1\" content=\"rtnews\" \/>\n\t<meta name=\"twitter:label2\" content=\"Gesch\u00e4tzte Lesezeit\" \/>\n\t<meta name=\"twitter:data2\" content=\"2\u00a0Minuten\" \/>\n<script type=\"application\/ld+json\" class=\"yoast-schema-graph\">{\"@context\":\"https:\/\/schema.org\",\"@graph\":[{\"@type\":\"Article\",\"@id\":\"https:\/\/now-news.de\/de\/deutschland\/russland-darf-wieder-bei-den-paralympics-starten\/#article\",\"isPartOf\":{\"@id\":\"https:\/\/now-news.de\/de\/deutschland\/russland-darf-wieder-bei-den-paralympics-starten\/\"},\"author\":{\"name\":\"rtnews\",\"@id\":\"https:\/\/now-news.de\/de\/#\/schema\/person\/fb534a4e865501d8b3285208df34a9b5\"},\"headline\":\"Russland darf wieder bei den Paralympics starten\",\"datePublished\":\"2025-09-27T11:28:12+00:00\",\"dateModified\":\"2025-09-27T11:28:12+00:00\",\"mainEntityOfPage\":{\"@id\":\"https:\/\/now-news.de\/de\/deutschland\/russland-darf-wieder-bei-den-paralympics-starten\/\"},\"wordCount\":383,\"commentCount\":0,\"publisher\":{\"@id\":\"https:\/\/now-news.de\/de\/#organization\"},\"image\":{\"@id\":\"https:\/\/now-news.de\/de\/deutschland\/russland-darf-wieder-bei-den-paralympics-starten\/#primaryimage\"},\"thumbnailUrl\":\"https:\/\/now-news.de\/de\/wp-content\/uploads\/sites\/3\/2025\/09\/Russland-darf-wieder-bei-den-Paralympics-starten.jpg\",\"keywords\":[\"bei\",\"darf\",\"den\",\"Paralympics\",\"russland\",\"starten\",\"wieder\"],\"articleSection\":[\"Deutschland\",\"Russland\"],\"inLanguage\":\"de\",\"potentialAction\":[{\"@type\":\"CommentAction\",\"name\":\"Comment\",\"target\":[\"https:\/\/now-news.de\/de\/deutschland\/russland-darf-wieder-bei-den-paralympics-starten\/#respond\"]}]},{\"@type\":\"WebPage\",\"@id\":\"https:\/\/now-news.de\/de\/deutschland\/russland-darf-wieder-bei-den-paralympics-starten\/\",\"url\":\"https:\/\/now-news.de\/de\/deutschland\/russland-darf-wieder-bei-den-paralympics-starten\/\",\"name\":\"Russland darf wieder bei den Paralympics starten - just-now.NEWS Deutschland\",\"isPartOf\":{\"@id\":\"https:\/\/now-news.de\/de\/#website\"},\"primaryImageOfPage\":{\"@id\":\"https:\/\/now-news.de\/de\/deutschland\/russland-darf-wieder-bei-den-paralympics-starten\/#primaryimage\"},\"image\":{\"@id\":\"https:\/\/now-news.de\/de\/deutschland\/russland-darf-wieder-bei-den-paralympics-starten\/#primaryimage\"},\"thumbnailUrl\":\"https:\/\/now-news.de\/de\/wp-content\/uploads\/sites\/3\/2025\/09\/Russland-darf-wieder-bei-den-Paralympics-starten.jpg\",\"datePublished\":\"2025-09-27T11:28:12+00:00\",\"dateModified\":\"2025-09-27T11:28:12+00:00\",\"breadcrumb\":{\"@id\":\"https:\/\/now-news.de\/de\/deutschland\/russland-darf-wieder-bei-den-paralympics-starten\/#breadcrumb\"},\"inLanguage\":\"de\",\"potentialAction\":[{\"@type\":\"ReadAction\",\"target\":[\"https:\/\/now-news.de\/de\/deutschland\/russland-darf-wieder-bei-den-paralympics-starten\/\"]}]},{\"@type\":\"ImageObject\",\"inLanguage\":\"de\",\"@id\":\"https:\/\/now-news.de\/de\/deutschland\/russland-darf-wieder-bei-den-paralympics-starten\/#primaryimage\",\"url\":\"https:\/\/now-news.de\/de\/wp-content\/uploads\/sites\/3\/2025\/09\/Russland-darf-wieder-bei-den-Paralympics-starten.jpg\",\"contentUrl\":\"https:\/\/now-news.de\/de\/wp-content\/uploads\/sites\/3\/2025\/09\/Russland-darf-wieder-bei-den-Paralympics-starten.jpg\",\"width\":1748,\"height\":1080,\"caption\":\"Russland darf wieder bei den Paralympics starten\"},{\"@type\":\"BreadcrumbList\",\"@id\":\"https:\/\/now-news.de\/de\/deutschland\/russland-darf-wieder-bei-den-paralympics-starten\/#breadcrumb\",\"itemListElement\":[{\"@type\":\"ListItem\",\"position\":1,\"name\":\"Home\",\"item\":\"https:\/\/now-news.de\/de\/\"},{\"@type\":\"ListItem\",\"position\":2,\"name\":\"Russland darf wieder bei den Paralympics starten\"}]},{\"@type\":\"WebSite\",\"@id\":\"https:\/\/now-news.de\/de\/#website\",\"url\":\"https:\/\/now-news.de\/de\/\",\"name\":\"just-now.NEWS Deutschland\",\"description\":\"Das Portal f\u00fcr unzensierte Nachrichten aus der Welt\",\"publisher\":{\"@id\":\"https:\/\/now-news.de\/de\/#organization\"},\"potentialAction\":[{\"@type\":\"SearchAction\",\"target\":{\"@type\":\"EntryPoint\",\"urlTemplate\":\"https:\/\/now-news.de\/de\/?s={search_term_string}\"},\"query-input\":\"required name=search_term_string\"}],\"inLanguage\":\"de\"},{\"@type\":\"Organization\",\"@id\":\"https:\/\/now-news.de\/de\/#organization\",\"name\":\"Just Now News\",\"url\":\"https:\/\/now-news.de\/de\/\",\"logo\":{\"@type\":\"ImageObject\",\"inLanguage\":\"de\",\"@id\":\"https:\/\/now-news.de\/de\/#\/schema\/logo\/image\/\",\"url\":\"http:\/\/just-now.news\/de\/wp-content\/uploads\/sites\/3\/2022\/04\/logo500x500.jpg\",\"contentUrl\":\"http:\/\/just-now.news\/de\/wp-content\/uploads\/sites\/3\/2022\/04\/logo500x500.jpg\",\"width\":500,\"height\":500,\"caption\":\"Just Now News\"},\"image\":{\"@id\":\"https:\/\/now-news.de\/de\/#\/schema\/logo\/image\/\"},\"sameAs\":[\"https:\/\/www.facebook.com\/wirmachenauf\",\"https:\/\/x.com\/WirMachenAuf_de\"]},{\"@type\":\"Person\",\"@id\":\"https:\/\/now-news.de\/de\/#\/schema\/person\/fb534a4e865501d8b3285208df34a9b5\",\"name\":\"rtnews\",\"image\":{\"@type\":\"ImageObject\",\"inLanguage\":\"de\",\"@id\":\"https:\/\/now-news.de\/de\/#\/schema\/person\/image\/\",\"url\":\"https:\/\/secure.gravatar.com\/avatar\/82aafea7d8127119dd649515f56e2117?s=96&d=mm&r=g\",\"contentUrl\":\"https:\/\/secure.gravatar.com\/avatar\/82aafea7d8127119dd649515f56e2117?s=96&d=mm&r=g\",\"caption\":\"rtnews\"},\"url\":\"https:\/\/now-news.de\/de\/author\/rnews\/\"}]}<\/script>\n<!-- \/ Yoast SEO Premium plugin. -->","yoast_head_json":{"title":"Russland darf wieder bei den Paralympics starten - just-now.NEWS Deutschland","robots":{"index":"index","follow":"follow","max-snippet":"max-snippet:-1","max-image-preview":"max-image-preview:large","max-video-preview":"max-video-preview:-1"},"canonical":"https:\/\/now-news.de\/de\/deutschland\/russland-darf-wieder-bei-den-paralympics-starten\/","og_locale":"de_DE","og_type":"article","og_title":"Russland darf wieder bei den Paralympics starten","og_description":"Russische Para-Athleten d\u00fcrfen bei den Spielen in Mailand und Cortina im Jahr 2026 wieder unter eigener Flagge antreten. Nach Jahren der Einschr\u00e4nkung hob das IPC die Sanktionen \u00fcberraschend auf. Ein klarer Sieg f\u00fcr Fairness im Sport und ein riesiger Moment f\u00fcr die Athleten. Russlands Para-Athleten d\u00fcrfen bei den Paralympischen Spielen in Mailand und Cortina d\u2019Ampezzo [&hellip;]","og_url":"https:\/\/now-news.de\/de\/deutschland\/russland-darf-wieder-bei-den-paralympics-starten\/","og_site_name":"just-now.NEWS Deutschland","article_publisher":"https:\/\/www.facebook.com\/wirmachenauf","article_published_time":"2025-09-27T11:28:12+00:00","og_image":[{"url":"https:\/\/now-news.de\/de\/wp-content\/uploads\/sites\/3\/2025\/09\/68d7b88448fbef4d5451bb94.jpg"}],"author":"rtnews","twitter_card":"summary_large_image","twitter_creator":"@WirMachenAuf_de","twitter_site":"@WirMachenAuf_de","twitter_misc":{"Verfasst von":"rtnews","Gesch\u00e4tzte Lesezeit":"2\u00a0Minuten"},"schema":{"@context":"https:\/\/schema.org","@graph":[{"@type":"Article","@id":"https:\/\/now-news.de\/de\/deutschland\/russland-darf-wieder-bei-den-paralympics-starten\/#article","isPartOf":{"@id":"https:\/\/now-news.de\/de\/deutschland\/russland-darf-wieder-bei-den-paralympics-starten\/"},"author":{"name":"rtnews","@id":"https:\/\/now-news.de\/de\/#\/schema\/person\/fb534a4e865501d8b3285208df34a9b5"},"headline":"Russland darf wieder bei den Paralympics starten","datePublished":"2025-09-27T11:28:12+00:00","dateModified":"2025-09-27T11:28:12+00:00","mainEntityOfPage":{"@id":"https:\/\/now-news.de\/de\/deutschland\/russland-darf-wieder-bei-den-paralympics-starten\/"},"wordCount":383,"commentCount":0,"publisher":{"@id":"https:\/\/now-news.de\/de\/#organization"},"image":{"@id":"https:\/\/now-news.de\/de\/deutschland\/russland-darf-wieder-bei-den-paralympics-starten\/#primaryimage"},"thumbnailUrl":"https:\/\/now-news.de\/de\/wp-content\/uploads\/sites\/3\/2025\/09\/Russland-darf-wieder-bei-den-Paralympics-starten.jpg","keywords":["bei","darf","den","Paralympics","russland","starten","wieder"],"articleSection":["Deutschland","Russland"],"inLanguage":"de","potentialAction":[{"@type":"CommentAction","name":"Comment","target":["https:\/\/now-news.de\/de\/deutschland\/russland-darf-wieder-bei-den-paralympics-starten\/#respond"]}]},{"@type":"WebPage","@id":"https:\/\/now-news.de\/de\/deutschland\/russland-darf-wieder-bei-den-paralympics-starten\/","url":"https:\/\/now-news.de\/de\/deutschland\/russland-darf-wieder-bei-den-paralympics-starten\/","name":"Russland darf wieder bei den Paralympics starten - just-now.NEWS Deutschland","isPartOf":{"@id":"https:\/\/now-news.de\/de\/#website"},"primaryImageOfPage":{"@id":"https:\/\/now-news.de\/de\/deutschland\/russland-darf-wieder-bei-den-paralympics-starten\/#primaryimage"},"image":{"@id":"https:\/\/now-news.de\/de\/deutschland\/russland-darf-wieder-bei-den-paralympics-starten\/#primaryimage"},"thumbnailUrl":"https:\/\/now-news.de\/de\/wp-content\/uploads\/sites\/3\/2025\/09\/Russland-darf-wieder-bei-den-Paralympics-starten.jpg","datePublished":"2025-09-27T11:28:12+00:00","dateModified":"2025-09-27T11:28:12+00:00","breadcrumb":{"@id":"https:\/\/now-news.de\/de\/deutschland\/russland-darf-wieder-bei-den-paralympics-starten\/#breadcrumb"},"inLanguage":"de","potentialAction":[{"@type":"ReadAction","target":["https:\/\/now-news.de\/de\/deutschland\/russland-darf-wieder-bei-den-paralympics-starten\/"]}]},{"@type":"ImageObject","inLanguage":"de","@id":"https:\/\/now-news.de\/de\/deutschland\/russland-darf-wieder-bei-den-paralympics-starten\/#primaryimage","url":"https:\/\/now-news.de\/de\/wp-content\/uploads\/sites\/3\/2025\/09\/Russland-darf-wieder-bei-den-Paralympics-starten.jpg","contentUrl":"https:\/\/now-news.de\/de\/wp-content\/uploads\/sites\/3\/2025\/09\/Russland-darf-wieder-bei-den-Paralympics-starten.jpg","width":1748,"height":1080,"caption":"Russland darf wieder bei den Paralympics starten"},{"@type":"BreadcrumbList","@id":"https:\/\/now-news.de\/de\/deutschland\/russland-darf-wieder-bei-den-paralympics-starten\/#breadcrumb","itemListElement":[{"@type":"ListItem","position":1,"name":"Home","item":"https:\/\/now-news.de\/de\/"},{"@type":"ListItem","position":2,"name":"Russland darf wieder bei den Paralympics starten"}]},{"@type":"WebSite","@id":"https:\/\/now-news.de\/de\/#website","url":"https:\/\/now-news.de\/de\/","name":"just-now.NEWS Deutschland","description":"Das Portal f\u00fcr unzensierte Nachrichten aus der Welt","publisher":{"@id":"https:\/\/now-news.de\/de\/#organization"},"potentialAction":[{"@type":"SearchAction","target":{"@type":"EntryPoint","urlTemplate":"https:\/\/now-news.de\/de\/?s={search_term_string}"},"query-input":"required name=search_term_string"}],"inLanguage":"de"},{"@type":"Organization","@id":"https:\/\/now-news.de\/de\/#organization","name":"Just Now News","url":"https:\/\/now-news.de\/de\/","logo":{"@type":"ImageObject","inLanguage":"de","@id":"https:\/\/now-news.de\/de\/#\/schema\/logo\/image\/","url":"http:\/\/just-now.news\/de\/wp-content\/uploads\/sites\/3\/2022\/04\/logo500x500.jpg","contentUrl":"http:\/\/just-now.news\/de\/wp-content\/uploads\/sites\/3\/2022\/04\/logo500x500.jpg","width":500,"height":500,"caption":"Just Now News"},"image":{"@id":"https:\/\/now-news.de\/de\/#\/schema\/logo\/image\/"},"sameAs":["https:\/\/www.facebook.com\/wirmachenauf","https:\/\/x.com\/WirMachenAuf_de"]},{"@type":"Person","@id":"https:\/\/now-news.de\/de\/#\/schema\/person\/fb534a4e865501d8b3285208df34a9b5","name":"rtnews","image":{"@type":"ImageObject","inLanguage":"de","@id":"https:\/\/now-news.de\/de\/#\/schema\/person\/image\/","url":"https:\/\/secure.gravatar.com\/avatar\/82aafea7d8127119dd649515f56e2117?s=96&d=mm&r=g","contentUrl":"https:\/\/secure.gravatar.com\/avatar\/82aafea7d8127119dd649515f56e2117?s=96&d=mm&r=g","caption":"rtnews"},"url":"https:\/\/now-news.de\/de\/author\/rnews\/"}]}},"_links":{"self":[{"href":"https:\/\/now-news.de\/de\/wp-json\/wp\/v2\/posts\/91270"}],"collection":[{"href":"https:\/\/now-news.de\/de\/wp-json\/wp\/v2\/posts"}],"about":[{"href":"https:\/\/now-news.de\/de\/wp-json\/wp\/v2\/types\/post"}],"author":[{"embeddable":true,"href":"https:\/\/now-news.de\/de\/wp-json\/wp\/v2\/users\/3"}],"replies":[{"embeddable":true,"href":"https:\/\/now-news.de\/de\/wp-json\/wp\/v2\/comments?post=91270"}],"version-history":[{"count":0,"href":"https:\/\/now-news.de\/de\/wp-json\/wp\/v2\/posts\/91270\/revisions"}],"wp:featuredmedia":[{"embeddable":true,"href":"https:\/\/now-news.de\/de\/wp-json\/wp\/v2\/media\/91271"}],"wp:attachment":[{"href":"https:\/\/now-news.de\/de\/wp-json\/wp\/v2\/media?parent=91270"}],"wp:term":[{"taxonomy":"category","embeddable":true,"href":"https:\/\/now-news.de\/de\/wp-json\/wp\/v2\/categories?post=91270"},{"taxonomy":"post_tag","embeddable":true,"href":"https:\/\/now-news.de\/de\/wp-json\/wp\/v2\/tags?post=91270"}],"curies":[{"name":"wp","href":"https:\/\/api.w.org\/{rel}","templated":true}]}}