{"id":91254,"date":"2025-09-27T07:30:00","date_gmt":"2025-09-27T05:30:00","guid":{"rendered":"https:\/\/now-news.de\/de\/deutschland\/bild-und-biontech-erneut-hand-in-hand-bei-der-werbung-fuer-den-mrna-piks\/"},"modified":"2025-09-27T07:30:00","modified_gmt":"2025-09-27T05:30:00","slug":"bild-und-biontech-erneut-hand-in-hand-bei-der-werbung-fuer-den-mrna-piks","status":"publish","type":"post","link":"https:\/\/now-news.de\/de\/deutschland\/bild-und-biontech-erneut-hand-in-hand-bei-der-werbung-fuer-den-mrna-piks\/","title":{"rendered":"Bild und BioNTech erneut Hand in Hand bei der Werbung f\u00fcr den mRNA-&quot;Piks&quot;"},"content":{"rendered":"<div class=\"Text-root Text-type_1 \">\n                Die ungez\u00e4hlten, unbekannten Opfer freiwilliger oder unfreiwilliger Verabreichungen eines fahrl\u00e4ssig auf den Markt geworfenen mRNA-Produkts aus Mainz werden m\u00fcde abwinken. Das Unternehmen BioNTech darf nach entsprechenden Zahlungen an den Springer-Verlag weiterhin ungehindert Werbung machen f\u00fcr den &#8220;kleinen Piks&#8221;.\n            <\/div>\n<p><\/p>\n<div class=\"Text-root Text-type_5 ArticleView-text ViewText-root \">\n<p><em>Von Bernhard Loyen<\/em><\/p>\n<p>Angesichts hunderter, wenn nicht gar tausender <a rel=\"nofollow noopener\" target=\"_blank\" href=\"https:\/\/rsw.beck.de\/aktuell\/daily\/meldung\/detail\/anwaelte-mehr-als-180-klagen-wegen-impfschaeden\">laufender Klageverfahren<\/a>\u00a0gegen das Mainzer Unternehmen BioNTech, welche auf der weiterhin hohen Dunkelziffer nachweislicher Gesch\u00e4digter sowie Hinterbliebener von Verstorbenen nach der Verabreichung des Produkts <a rel=\"nofollow noopener\" target=\"_blank\" href=\"https:\/\/www.pei.de\/DE\/newsroom\/dossier\/coronavirus\/impfstoffe\/biontech-faq.html\">Comirnaty<\/a> basieren, war es am 22. September offenbar unumg\u00e4nglich, dass in der Bild-Redaktion ein gewisses Ma\u00df an Professionalit\u00e4t Einzug hielt.\u00a0So wurde der n\u00f6tige Werbehinweis auf eine gut dotierte, sehr ausf\u00fchrliche &#8220;Anzeige&#8221; von Verbrechern, ja, so muss man das\u00a0<a rel=\"nofollow noopener\" target=\"_blank\" href=\"https:\/\/investors.biontech.de\/de\/news-releases\/news-release-details\/biontech-erhaelt-bmbf-foerderung-von-bis-zu-375-millionen-euro\">steuergeldfinanzierte<\/a>\u00a0Unternehmen schlicht weiterhin nennen, zu Beginn ordnungsgem\u00e4\u00df vor den\u00a0<a rel=\"nofollow noopener\" target=\"_blank\" href=\"https:\/\/www.bild.de\/service\/brandstory\/anzeige-warum-gerade-jetzt-eine-impfung-sinnvoll-ist-6895c41979645525eef0195a?targettype=LinkIntern\">Artikel\u00a0<\/a>platziert.<\/p>\n<figure class=\"RTImage-root\">\n<div class=\"RTImage-image RTImage-original\"><picture class=\"Picture-root Picture-original\"><!--[if IE 9]><video style=\"display: none;\"><![endif]--><source media=\"(-webkit-min-device-pixel-ratio: 2) and (min-resolution: 120dpi)\" data-srcset=\" \nhttps:\/\/now-news.de\/de\/wp-content\/uploads\/sites\/3\/2025\/09\/68d3de9cb480cc587a45d625.JPG 850w,\n                https:\/\/now-news.de\/de\/wp-content\/uploads\/sites\/3\/2025\/09\/68d3de9cb480cc587a45d625.JPG 1960w,            \" ><source data-srcset=\" \nhttps:\/\/now-news.de\/de\/wp-content\/uploads\/sites\/3\/2025\/09\/68d3de9cb480cc587a45d625.JPG 460w,\n              https:\/\/now-news.de\/de\/wp-content\/uploads\/sites\/3\/2025\/09\/68d3de9cb480cc587a45d625.JPG 980w,\n            \" ><!--[if IE 9]><\/video><![endif]--><img decoding=\"async\" data- src=\"data:image\/png;base64,iVBORw0KGgoAAAANSUhEUgAAABAAAAAJCAQAAACRI2S5AAAAEElEQVR42mNkIAAYRxWAAQAG9gAKqv6+AwAAAABJRU5ErkJggg==\" class=\"Picture-root Picture-original lazyload\" data-src=\"https:\/\/now-news.de\/de\/wp-content\/uploads\/sites\/3\/2025\/09\/68d3de9cb480cc587a45d625.JPG\" alt=\"\"><\/source><\/source><\/picture><!-- noscript pattern --><noscript><img decoding=\"async\" src=\"https:\/\/now-news.de\/de\/wp-content\/uploads\/sites\/3\/2025\/09\/68d3de9cb480cc587a45d625.JPG\" alt=\"\"><\/noscript><\/div><figcaption class=\"RTImage-footer\"><span class=\"RTImage-caption\"><\/span><span class=\"RTImage-source\"><span class=\"RTImage-captionItem\">Screenshot: Webseite Bild<\/span><\/span><\/figcaption><\/figure>\n<p>Am Ende der Werbeanzeige hei\u00dft es dann zudem seitens der juristischen Abteilung im Hause Springer eingefordert:<\/p>\n<p><em>&#8220;Die Inhalte dieser Seite sind ein Angebot des Werbepartners BioNTech. Die BILD-Redaktion war nicht beteiligt.&#8221;<\/em><\/p>\n<p>Ein &#8220;Werbepartner&#8221; wird die Presseabteilung\u00a0U\u011fur \u015eahins also weiterhin oder erneut genannt, ausgehend von der hundertprozentigen Unterst\u00fctzung des Verlags zum H\u00f6hepunkt einer manisch anmutenden Impfkampagne seitens der Medien, unterst\u00fctzend und hilfreich f\u00fcr die einfordernde Politik.\u00a0<\/p>\n<p>Wie\u00a0<a rel=\"nofollow noopener\" target=\"_blank\" href=\"https:\/\/www.bild.de\/politik\/kolumnen\/kolumne\/kommentar-zum-impfstoff-wunder-groesser-als-die-mondlandung-74573738.bild.html\">benannte<\/a>\u00a0doch gleich die\u00a0<em>Bild<\/em>-Redaktion die fahrl\u00e4ssigen Biotechversuchspharmakologen im Dezember 2020: &#8220;Sie und Ihre Ehefrau sind die gr\u00f6\u00dften Helden, die man sich vorstellen kann, gr\u00f6\u00dfer als die Mondlandung!&#8221;. Im Mai 2021\u00a0<a rel=\"nofollow noopener\" target=\"_blank\" href=\"https:\/\/www.bild.de\/regional\/berlin\/berlin-aktuell\/gesundheitssenatorin-zu-besuch-springer-impfzentrum-geht-in-betrieb-76352678.bild.html\">hie\u00df es<\/a>\u00a0bei der\u00a0<em>Bild<\/em>\u00a0begeistert und engagiert:<\/p>\n<p><em>&#8220;Springer-Impfzentrum geht in Betrieb. Berlins Gesundheitssenatorin\u200b Dilek Kalayci (SPD) bedankt sich\u200b bei Mathias D\u00f6pfner f\u00fcr \u200bdas Engagement. [&#8230;] Die Gesundheitssenatorin war bei ihrer Vorab-Visite begeistert: &#8216;Gro\u00dfartig, was hier hergezaubert wurde.'&#8221;\u200b<\/em><\/p>\n<p>Dem Zauber, verhaltenspsychologisch auch schlicht\u00a0<a rel=\"nofollow noopener\" target=\"_blank\" href=\"https:\/\/www.kom.de\/unternehmen-werben-gemeinsam-fuers-impfen\/\">Manipulation der Massen<\/a>\u00a0genannt, erlagen nachweislich sehr viele B\u00fcrger aus freien St\u00fccken, jedoch auch sehr viele Menschen durch Druck und schlichten Zwang vonseiten des Arbeitgebers, der Familie <em>\u2013<\/em> aus Gro\u00dfteilen der Gesellschaft <em>\u2013<\/em> und eben der Medien. Zur Erinnerung: Im Dezember 2021 vermeldete der Hubert-Burda Medienverlag, dass auch er nat\u00fcrlich an der professionell eingeleiteten\u00a0Impfkampagne mit teilnehmen wird. So\u00a0<a rel=\"nofollow noopener\" target=\"_blank\" href=\"https:\/\/www.burda.com\/de\/news\/burda-marken-unterstutzen-impfkampagne\/\">hei\u00dft es<\/a>:<\/p>\n<p><em>&#8220;Mehr als 150 gro\u00dfe Unternehmen und Marken in Deutschland haben ihre eing\u00e4ngigen Slogans und Claims abge\u00e4ndert, um gemeinsam f\u00fcr die bundesweite Impfkampagne zu werben. Unter dem Hashtag #ZusammenGegenCorona rufen sie auf ihren Social-Media-Kan\u00e4len mit den kreativen Werbemotiven zum Impfen\u00a0auf. Davon haben sich auch die Marken von Hubert Burda Media inspirieren lassen und unterst\u00fctzen die bislang gr\u00f6\u00dfte Kampagne zum Thema Corona-Impfungen in Deutschland tatkr\u00e4ftig: Marken wie\u00a0Instyle, Focus, Bunte, Chip, Freundin, Cyberport, Burda Style\u00a0oder\u00a0TV Spielfilm\u00a0nutzen ihre Reichweite und haben ihre individuellen Werbeslogans in Impfaufrufe\u00a0verwandelt.&#8221;<\/em><\/p>\n<figure class=\"RTImage-root\">\n<div class=\"RTImage-image RTImage-original\"><picture class=\"Picture-root Picture-original\"><!--[if IE 9]><video style=\"display: none;\"><![endif]--><source media=\"(-webkit-min-device-pixel-ratio: 2) and (min-resolution: 120dpi)\" data-srcset=\" \nhttps:\/\/now-news.de\/de\/wp-content\/uploads\/sites\/3\/2025\/09\/68d3e687b480cc5b1013f0d2.JPG 850w,\n                https:\/\/now-news.de\/de\/wp-content\/uploads\/sites\/3\/2025\/09\/68d3e687b480cc5b1013f0d2.JPG 1960w,            \" ><source data-srcset=\" \nhttps:\/\/now-news.de\/de\/wp-content\/uploads\/sites\/3\/2025\/09\/68d3e687b480cc5b1013f0d2.JPG 460w,\n              https:\/\/now-news.de\/de\/wp-content\/uploads\/sites\/3\/2025\/09\/68d3e687b480cc5b1013f0d2.JPG 980w,\n            \" ><!--[if IE 9]><\/video><![endif]--><img decoding=\"async\" data- src=\"data:image\/png;base64,iVBORw0KGgoAAAANSUhEUgAAABAAAAAJCAQAAACRI2S5AAAAEElEQVR42mNkIAAYRxWAAQAG9gAKqv6+AwAAAABJRU5ErkJggg==\" class=\"Picture-root Picture-original lazyload\" data-src=\"https:\/\/now-news.de\/de\/wp-content\/uploads\/sites\/3\/2025\/09\/68d3e687b480cc5b1013f0d2.JPG\" alt=\"\"><\/source><\/source><\/picture><!-- noscript pattern --><noscript><img decoding=\"async\" src=\"https:\/\/now-news.de\/de\/wp-content\/uploads\/sites\/3\/2025\/09\/68d3e687b480cc5b1013f0d2.JPG\" alt=\"\"><\/noscript><\/div><figcaption class=\"RTImage-footer\"><span class=\"RTImage-caption\"><\/span><span class=\"RTImage-source\"><span class=\"RTImage-captionItem\">Archiv B.Loyen<\/span><\/span><\/figcaption><\/figure>\n<p>F\u00fcr viele Betroffene nach Erhalt des &#8220;kleinen Piks&#8221; ohne weitere Folgen, f\u00fcr zu viele Menschen jedoch auch mit lebensbeeintr\u00e4chtigenden bis zu lebensbedrohenden Auswirkungen. Die Zahl Verstorbener oder von Nebenwirkungen Betroffener wird seitens des zust\u00e4ndigen Paul-Ehrlich-Instituts (PEI) wie auch weiteren Institutionen mit entsprechenden vorhandenen Daten, interessierten B\u00fcrgern weiterhin\u00a0<a rel=\"nofollow noopener\" target=\"_blank\" href=\"https:\/\/www.nachdenkseiten.de\/?p=139533\">mutwillig unterschlagen<\/a>.<\/p>\n<p>In der aktuellen BioNTech-<em>Bild<\/em>-Anzeige findet sich das uns\u00e4gliche Wort &#8220;Piks&#8221; insgesamt sechs Mal. Das Durcheinandertrinken von Alkohol galt schon immer als gewagt und gef\u00e4hrlich. Nicht so beim Thema Impfen. Dazu erkl\u00e4rt die BioNTech-Presseabteilung gleich mit Ausrufezeichen:<\/p>\n<p><em>&#8220;Corona &amp; Grippe: Ist der Doppel-Piks wirklich sinnvoll? Ja! Eine Corona-Schutzimpfung wird saisonal empfohlen \u2013 analog zur Grippe. Sofern ein medizinischer Grund vorliegt \u2013 Sie also z.\u00a0B. zur Risikogruppe geh\u00f6ren \u2013 kann laut STIKO-Empfehlung am selben Termin gegen Corona und Grippe geimpft werden.&#8221;<\/em><\/p>\n<p>Immer rein damit. Bescheidenheit ist auch eine Tugend, bezogen auf gewagte Empfehlungen, aber der unangefochtene, gedeckelte Erfolg seit Ende 2020 gibt dem weiterhin unbehelligten Unternehmen erneut das Recht zum frechen Auftritt und zur Bewerbung eines t\u00f6dlichen,\u00a0<a rel=\"nofollow noopener\" target=\"_blank\" href=\"https:\/\/www.youtube.com\/watch?v=i_fU5CXxgvM\">vom Ex-Kanzler beworbenen Versuchsstoffs<\/a>. Da darf dann auch im Jahr 2025 anma\u00dfend unantastbar die zus\u00e4tzliche Analyse-Umfrage samt subjektiver Fragestellung platziert werden. Das Ergebnis zeigt, dass f\u00fcr immerhin 40 Prozent der\u00a0<em>Bild<\/em>-Teilnehmer eine mRNA-Injektion mittlerweile obsolet ist:<\/p>\n<p><em>&#8220;Kommt f\u00fcr Sie ein Doppel-Piks infrage?<\/em><\/p>\n<figure class=\"RTImage-root\">\n<div class=\"RTImage-image RTImage-original\"><picture class=\"Picture-root Picture-original\"><!--[if IE 9]><video style=\"display: none;\"><![endif]--><source media=\"(-webkit-min-device-pixel-ratio: 2) and (min-resolution: 120dpi)\" data-srcset=\" \nhttps:\/\/now-news.de\/de\/wp-content\/uploads\/sites\/3\/2025\/09\/68d3ea3548fbef52de5620c1.JPG 850w,\n                https:\/\/now-news.de\/de\/wp-content\/uploads\/sites\/3\/2025\/09\/68d3ea3548fbef52de5620c1.JPG 1960w,            \" ><source data-srcset=\" \nhttps:\/\/now-news.de\/de\/wp-content\/uploads\/sites\/3\/2025\/09\/68d3ea3548fbef52de5620c1.JPG 460w,\n              https:\/\/now-news.de\/de\/wp-content\/uploads\/sites\/3\/2025\/09\/68d3ea3548fbef52de5620c1.JPG 980w,\n            \" ><!--[if IE 9]><\/video><![endif]--><img decoding=\"async\" data- src=\"data:image\/png;base64,iVBORw0KGgoAAAANSUhEUgAAABAAAAAJCAQAAACRI2S5AAAAEElEQVR42mNkIAAYRxWAAQAG9gAKqv6+AwAAAABJRU5ErkJggg==\" class=\"Picture-root Picture-original lazyload\" data-src=\"https:\/\/now-news.de\/de\/wp-content\/uploads\/sites\/3\/2025\/09\/68d3ea3548fbef52de5620c1.JPG\" alt=\"\"><\/source><\/source><\/picture><!-- noscript pattern --><noscript><img decoding=\"async\" src=\"https:\/\/now-news.de\/de\/wp-content\/uploads\/sites\/3\/2025\/09\/68d3ea3548fbef52de5620c1.JPG\" alt=\"\"><\/noscript><\/div><figcaption class=\"RTImage-footer\"><span class=\"RTImage-caption\"><\/span><span class=\"RTImage-source\"><span class=\"RTImage-captionItem\">Screenshot: Bild.de<\/span><\/span><\/figcaption><\/figure>\n<p>Die Werbeanzeige erinnert final freundlich daran:<\/p>\n<p><em>&#8220;\u00dcbrigens: Auch wer schon mal eine Coronavirus-Infektion durchgestanden hat, kann von dem verbesserten Schutz durch eine Impfung profitieren!&#8221;<\/em><\/p>\n<p>Kann, muss aber nicht so verlaufen, oder wie ein\u00a0<em>Spiegel<\/em>&#8211;<a rel=\"nofollow noopener\" target=\"_blank\" href=\"https:\/\/www.spiegel.de\/wissenschaft\/corona-was-die-253-anerkannten-impfschaeden-bedeuten-a-6b72e388-9304-46f9-89e2-944f00393600\">Artikel<\/a>\u00a0bereits im Januar 2023 n\u00fcchtern berichtete:<\/p>\n<p><em>&#8220;Das PEI hat laut dem\u00a0<a rel=\"nofollow noopener\" target=\"_blank\" href=\"https:\/\/www.pei.de\/SharedDocs\/Downloads\/DE\/newsroom\/dossiers\/sicherheitsberichte\/sicherheitsbericht-27-12-20-bis-30-06-22.pdf?__blob=publicationFile&amp;v=6\">zuletzt ver\u00f6ffentlichten Sicherheitsbericht\u00a0<\/a>333.492 Verdachtsf\u00e4lle f\u00fcr Nebenwirkungen nach einer Covid-19-Impfung registriert.&#8221;<\/em><\/p>\n<p>Eine weitere gewagte Erw\u00e4hnung in der Anzeige lautet:<\/p>\n<p><em>&#8220;Mit einer Corona-Schutzimpfung kann sich ihr Risiko eines schweren Krankheitsverlaufs und ebenso f\u00fcr Long COVID verringern.&#8221;<\/em><\/p>\n<p>Es kann aber\u00a0auch das Risiko f\u00fcr &#8220;Post-Vac&#8221;, also f\u00fcr massive Impfsch\u00e4den, oder den pl\u00f6tzlichen Tod, erh\u00f6hen (?). So lauten Realit\u00e4ten im Jahr 2025 in einem\u00a0<a rel=\"nofollow noopener\" target=\"_blank\" href=\"https:\/\/www.riffreporter.de\/de\/gesellschaft\/post-vac-syndrom-corona-impfschaden-mecfs-versorgungsamt-ablehnung?utm_source=newsletter&amp;utm_medium=email&amp;utm_campaign=57_2604&amp;utm_term=article_title_link\">Artikel<\/a>:<\/p>\n<p><em>&#8220;Vier Unikliniken bringen die Erkrankung von Erika Seebacher in Zusammenhang mit einer Corona-Impfung. Dennoch erkennen Beh\u00f6rden keinen Impfschaden an. Warum?&#8221;<\/em><\/p>\n<p>Unter &#8220;normalen&#8221; Umst\u00e4nden w\u00e4re dieses &#8220;Produkt&#8221; umgehend zu Jahresbeginn 2021 vom Markt genommen worden.\u00a0Es waren aber keine normalen Umst\u00e4nde in den Jahren 2020 bis 2023. Auf der Strecke blieben sehr viele, zu viele Menschen, die heute samt Angeh\u00f6rigen im Stillen bis ans Lebensende leiden m\u00fcssen.<\/p>\n<p>Die\u00a0<em>Bild<\/em>-Finanzbuchhaltung bekam &#8220;BioNTech-Blutgeld&#8221; aus Mainz \u00fcberwiesen, so wie auch aktuell der Kriegs- und Leichenprofiteur Rheinmetall\u00a0<a rel=\"nofollow noopener\" target=\"_blank\" href=\"https:\/\/www.rheinmetall.com\/de\/unternehmen\/corporate-citizenship\">vielerorts<\/a>\u00a0als freundlicher Handelspartner und Sponsor \u00e4hnlich anerkannt und geduldet ist. Ein Skandal? Nein, die Normalit\u00e4t in einem Land, wo seit Jahrzehnten eine abgrundtief skrupellose Mafia, bestehend aus Politik, Justiz, Medien und Kirche, machtvoll und unangreifbar ihr Unwesen treiben kann.\u00a0<\/p>\n<p><strong>Mehr zum Thema &#8211;<\/strong><a rel=\"nofollow noopener\" target=\"_blank\" href=\"https:\/\/freedert.online\/meinung\/255503-corona-enquete-kommission-offiziell-konstituiert\/\">\u00a0Corona-Enquete-Kommission konstituiert: CDU-&#8220;Impfbef\u00fcrworterin&#8221; als Vorsitzende<\/a><\/p>\n<div class=\"EmbedBlock-root EmbedBlock-externalVideo EmbedBlock-rumble\">\n<div class=\"VkEmbed\"><iframe class=\"lazyload\" data-src=\"https:\/\/rumble.com\/embed\/v6tu0zk\" frameborder=\"0\" width=\"853\" height=\"480\" allowfullscreen><\/iframe><\/div>\n<\/div>\n<p>\u00a0<\/p>\n<\/div>\n<p><br \/>\n<br \/><a href=\"https:\/\/de.rt.com\/inland\/256947-blutgeld-bild-und-biontech-peinigen\/\">Source link <\/a><\/p>\n","protected":false},"excerpt":{"rendered":"<p>Die ungez\u00e4hlten, unbekannten Opfer freiwilliger oder unfreiwilliger Verabreichungen eines fahrl\u00e4ssig auf den Markt geworfenen mRNA-Produkts aus Mainz werden m\u00fcde abwinken. Das Unternehmen BioNTech darf nach entsprechenden Zahlungen an den Springer-Verlag weiterhin ungehindert Werbung machen f\u00fcr den &#8220;kleinen Piks&#8221;. Von Bernhard Loyen Angesichts hunderter, wenn nicht gar tausender laufender Klageverfahren\u00a0gegen das Mainzer Unternehmen BioNTech, welche auf [&hellip;]<\/p>\n","protected":false},"author":3,"featured_media":91255,"comment_status":"open","ping_status":"open","sticky":false,"template":"","format":"standard","meta":{"_yoast_indexnow_last_ping":["1758951726"],"wp_automatic_camp":["217"],"de97892dcb73bfc0faa1db00078d3850":["Bild und BioNTech erneut Hand in Hand bei der Werbung f\u00fcr den mRNA-&quot;Piks&quot;"],"original_link":["https:\/\/de.rt.com\/inland\/256947-blutgeld-bild-und-biontech-peinigen\/"],"_thumbnail_id":["91255"],"jnews_social_counter_last_update":["1777326769"],"_wptgpro_p2tg_sent2tg":["a:1:{i:23737;s:19:\"2025-09-27 07:43:27\";}"]},"categories":[19,23],"tags":[363,10745,10894,48,82,781,221,8748,68038,140,23240],"yoast_head":"<!-- This site is optimized with the Yoast SEO Premium plugin v22.7 (Yoast SEO v22.7) - https:\/\/yoast.com\/wordpress\/plugins\/seo\/ -->\n<title>Bild und BioNTech erneut Hand in Hand bei der Werbung f\u00fcr den mRNA-&quot;Piks&quot; - just-now.NEWS Deutschland<\/title>\n<meta name=\"robots\" content=\"index, follow, max-snippet:-1, max-image-preview:large, max-video-preview:-1\" \/>\n<link rel=\"canonical\" href=\"https:\/\/now-news.de\/de\/deutschland\/bild-und-biontech-erneut-hand-in-hand-bei-der-werbung-fuer-den-mrna-piks\/\" \/>\n<meta property=\"og:locale\" content=\"de_DE\" \/>\n<meta property=\"og:type\" content=\"article\" \/>\n<meta property=\"og:title\" content=\"Bild und BioNTech erneut Hand in Hand bei der Werbung f\u00fcr den mRNA-&quot;Piks&quot;\" \/>\n<meta property=\"og:description\" content=\"Die ungez\u00e4hlten, unbekannten Opfer freiwilliger oder unfreiwilliger Verabreichungen eines fahrl\u00e4ssig auf den Markt geworfenen mRNA-Produkts aus Mainz werden m\u00fcde abwinken. Das Unternehmen BioNTech darf nach entsprechenden Zahlungen an den Springer-Verlag weiterhin ungehindert Werbung machen f\u00fcr den &#8220;kleinen Piks&#8221;. Von Bernhard Loyen Angesichts hunderter, wenn nicht gar tausender laufender Klageverfahren\u00a0gegen das Mainzer Unternehmen BioNTech, welche auf [&hellip;]\" \/>\n<meta property=\"og:url\" content=\"https:\/\/now-news.de\/de\/deutschland\/bild-und-biontech-erneut-hand-in-hand-bei-der-werbung-fuer-den-mrna-piks\/\" \/>\n<meta property=\"og:site_name\" content=\"just-now.NEWS Deutschland\" \/>\n<meta property=\"article:publisher\" content=\"https:\/\/www.facebook.com\/wirmachenauf\" \/>\n<meta property=\"article:published_time\" content=\"2025-09-27T05:30:00+00:00\" \/>\n<meta property=\"og:image\" content=\"https:\/\/now-news.de\/de\/wp-content\/uploads\/sites\/3\/2025\/09\/68d3de9cb480cc587a45d625.JPG\" \/>\n<meta name=\"author\" content=\"rtnews\" \/>\n<meta name=\"twitter:card\" content=\"summary_large_image\" \/>\n<meta name=\"twitter:creator\" content=\"@WirMachenAuf_de\" \/>\n<meta name=\"twitter:site\" content=\"@WirMachenAuf_de\" \/>\n<meta name=\"twitter:label1\" content=\"Verfasst von\" \/>\n\t<meta name=\"twitter:data1\" content=\"rtnews\" \/>\n\t<meta name=\"twitter:label2\" content=\"Gesch\u00e4tzte Lesezeit\" \/>\n\t<meta name=\"twitter:data2\" content=\"5\u00a0Minuten\" \/>\n<script type=\"application\/ld+json\" class=\"yoast-schema-graph\">{\"@context\":\"https:\/\/schema.org\",\"@graph\":[{\"@type\":\"Article\",\"@id\":\"https:\/\/now-news.de\/de\/deutschland\/bild-und-biontech-erneut-hand-in-hand-bei-der-werbung-fuer-den-mrna-piks\/#article\",\"isPartOf\":{\"@id\":\"https:\/\/now-news.de\/de\/deutschland\/bild-und-biontech-erneut-hand-in-hand-bei-der-werbung-fuer-den-mrna-piks\/\"},\"author\":{\"name\":\"rtnews\",\"@id\":\"https:\/\/now-news.de\/de\/#\/schema\/person\/fb534a4e865501d8b3285208df34a9b5\"},\"headline\":\"Bild und BioNTech erneut Hand in Hand bei der Werbung f\u00fcr den mRNA-&quot;Piks&quot;\",\"datePublished\":\"2025-09-27T05:30:00+00:00\",\"dateModified\":\"2025-09-27T05:30:00+00:00\",\"mainEntityOfPage\":{\"@id\":\"https:\/\/now-news.de\/de\/deutschland\/bild-und-biontech-erneut-hand-in-hand-bei-der-werbung-fuer-den-mrna-piks\/\"},\"wordCount\":935,\"commentCount\":0,\"publisher\":{\"@id\":\"https:\/\/now-news.de\/de\/#organization\"},\"image\":{\"@id\":\"https:\/\/now-news.de\/de\/deutschland\/bild-und-biontech-erneut-hand-in-hand-bei-der-werbung-fuer-den-mrna-piks\/#primaryimage\"},\"thumbnailUrl\":\"https:\/\/now-news.de\/de\/wp-content\/uploads\/sites\/3\/2025\/09\/Bild-und-BioNTech-erneut-Hand-in-Hand-bei-der-Werbung.JPG\",\"keywords\":[\"bei\",\"bild\",\"Biontech\",\"den\",\"der\",\"erneut\",\"f\u00fcr\",\"hand\",\"mRNAquotPiksquot\",\"und\",\"Werbung\"],\"articleSection\":[\"Deutschland\",\"Russland\"],\"inLanguage\":\"de\",\"potentialAction\":[{\"@type\":\"CommentAction\",\"name\":\"Comment\",\"target\":[\"https:\/\/now-news.de\/de\/deutschland\/bild-und-biontech-erneut-hand-in-hand-bei-der-werbung-fuer-den-mrna-piks\/#respond\"]}]},{\"@type\":\"WebPage\",\"@id\":\"https:\/\/now-news.de\/de\/deutschland\/bild-und-biontech-erneut-hand-in-hand-bei-der-werbung-fuer-den-mrna-piks\/\",\"url\":\"https:\/\/now-news.de\/de\/deutschland\/bild-und-biontech-erneut-hand-in-hand-bei-der-werbung-fuer-den-mrna-piks\/\",\"name\":\"Bild und BioNTech erneut Hand in Hand bei der Werbung f\u00fcr den mRNA-&quot;Piks&quot; - just-now.NEWS Deutschland\",\"isPartOf\":{\"@id\":\"https:\/\/now-news.de\/de\/#website\"},\"primaryImageOfPage\":{\"@id\":\"https:\/\/now-news.de\/de\/deutschland\/bild-und-biontech-erneut-hand-in-hand-bei-der-werbung-fuer-den-mrna-piks\/#primaryimage\"},\"image\":{\"@id\":\"https:\/\/now-news.de\/de\/deutschland\/bild-und-biontech-erneut-hand-in-hand-bei-der-werbung-fuer-den-mrna-piks\/#primaryimage\"},\"thumbnailUrl\":\"https:\/\/now-news.de\/de\/wp-content\/uploads\/sites\/3\/2025\/09\/Bild-und-BioNTech-erneut-Hand-in-Hand-bei-der-Werbung.JPG\",\"datePublished\":\"2025-09-27T05:30:00+00:00\",\"dateModified\":\"2025-09-27T05:30:00+00:00\",\"breadcrumb\":{\"@id\":\"https:\/\/now-news.de\/de\/deutschland\/bild-und-biontech-erneut-hand-in-hand-bei-der-werbung-fuer-den-mrna-piks\/#breadcrumb\"},\"inLanguage\":\"de\",\"potentialAction\":[{\"@type\":\"ReadAction\",\"target\":[\"https:\/\/now-news.de\/de\/deutschland\/bild-und-biontech-erneut-hand-in-hand-bei-der-werbung-fuer-den-mrna-piks\/\"]}]},{\"@type\":\"ImageObject\",\"inLanguage\":\"de\",\"@id\":\"https:\/\/now-news.de\/de\/deutschland\/bild-und-biontech-erneut-hand-in-hand-bei-der-werbung-fuer-den-mrna-piks\/#primaryimage\",\"url\":\"https:\/\/now-news.de\/de\/wp-content\/uploads\/sites\/3\/2025\/09\/Bild-und-BioNTech-erneut-Hand-in-Hand-bei-der-Werbung.JPG\",\"contentUrl\":\"https:\/\/now-news.de\/de\/wp-content\/uploads\/sites\/3\/2025\/09\/Bild-und-BioNTech-erneut-Hand-in-Hand-bei-der-Werbung.JPG\",\"width\":822,\"height\":291,\"caption\":\"Bild und BioNTech erneut Hand in Hand bei der Werbung f\u00fcr den mRNA-&quot;Piks&quot;\"},{\"@type\":\"BreadcrumbList\",\"@id\":\"https:\/\/now-news.de\/de\/deutschland\/bild-und-biontech-erneut-hand-in-hand-bei-der-werbung-fuer-den-mrna-piks\/#breadcrumb\",\"itemListElement\":[{\"@type\":\"ListItem\",\"position\":1,\"name\":\"Home\",\"item\":\"https:\/\/now-news.de\/de\/\"},{\"@type\":\"ListItem\",\"position\":2,\"name\":\"Bild und BioNTech erneut Hand in Hand bei der Werbung f\u00fcr den mRNA-&quot;Piks&quot;\"}]},{\"@type\":\"WebSite\",\"@id\":\"https:\/\/now-news.de\/de\/#website\",\"url\":\"https:\/\/now-news.de\/de\/\",\"name\":\"just-now.NEWS Deutschland\",\"description\":\"Das Portal f\u00fcr unzensierte Nachrichten aus der Welt\",\"publisher\":{\"@id\":\"https:\/\/now-news.de\/de\/#organization\"},\"potentialAction\":[{\"@type\":\"SearchAction\",\"target\":{\"@type\":\"EntryPoint\",\"urlTemplate\":\"https:\/\/now-news.de\/de\/?s={search_term_string}\"},\"query-input\":\"required name=search_term_string\"}],\"inLanguage\":\"de\"},{\"@type\":\"Organization\",\"@id\":\"https:\/\/now-news.de\/de\/#organization\",\"name\":\"Just Now News\",\"url\":\"https:\/\/now-news.de\/de\/\",\"logo\":{\"@type\":\"ImageObject\",\"inLanguage\":\"de\",\"@id\":\"https:\/\/now-news.de\/de\/#\/schema\/logo\/image\/\",\"url\":\"http:\/\/just-now.news\/de\/wp-content\/uploads\/sites\/3\/2022\/04\/logo500x500.jpg\",\"contentUrl\":\"http:\/\/just-now.news\/de\/wp-content\/uploads\/sites\/3\/2022\/04\/logo500x500.jpg\",\"width\":500,\"height\":500,\"caption\":\"Just Now News\"},\"image\":{\"@id\":\"https:\/\/now-news.de\/de\/#\/schema\/logo\/image\/\"},\"sameAs\":[\"https:\/\/www.facebook.com\/wirmachenauf\",\"https:\/\/x.com\/WirMachenAuf_de\"]},{\"@type\":\"Person\",\"@id\":\"https:\/\/now-news.de\/de\/#\/schema\/person\/fb534a4e865501d8b3285208df34a9b5\",\"name\":\"rtnews\",\"image\":{\"@type\":\"ImageObject\",\"inLanguage\":\"de\",\"@id\":\"https:\/\/now-news.de\/de\/#\/schema\/person\/image\/\",\"url\":\"https:\/\/secure.gravatar.com\/avatar\/82aafea7d8127119dd649515f56e2117?s=96&d=mm&r=g\",\"contentUrl\":\"https:\/\/secure.gravatar.com\/avatar\/82aafea7d8127119dd649515f56e2117?s=96&d=mm&r=g\",\"caption\":\"rtnews\"},\"url\":\"https:\/\/now-news.de\/de\/author\/rnews\/\"}]}<\/script>\n<!-- \/ Yoast SEO Premium plugin. -->","yoast_head_json":{"title":"Bild und BioNTech erneut Hand in Hand bei der Werbung f\u00fcr den mRNA-&quot;Piks&quot; - just-now.NEWS Deutschland","robots":{"index":"index","follow":"follow","max-snippet":"max-snippet:-1","max-image-preview":"max-image-preview:large","max-video-preview":"max-video-preview:-1"},"canonical":"https:\/\/now-news.de\/de\/deutschland\/bild-und-biontech-erneut-hand-in-hand-bei-der-werbung-fuer-den-mrna-piks\/","og_locale":"de_DE","og_type":"article","og_title":"Bild und BioNTech erneut Hand in Hand bei der Werbung f\u00fcr den mRNA-&quot;Piks&quot;","og_description":"Die ungez\u00e4hlten, unbekannten Opfer freiwilliger oder unfreiwilliger Verabreichungen eines fahrl\u00e4ssig auf den Markt geworfenen mRNA-Produkts aus Mainz werden m\u00fcde abwinken. Das Unternehmen BioNTech darf nach entsprechenden Zahlungen an den Springer-Verlag weiterhin ungehindert Werbung machen f\u00fcr den &#8220;kleinen Piks&#8221;. Von Bernhard Loyen Angesichts hunderter, wenn nicht gar tausender laufender Klageverfahren\u00a0gegen das Mainzer Unternehmen BioNTech, welche auf [&hellip;]","og_url":"https:\/\/now-news.de\/de\/deutschland\/bild-und-biontech-erneut-hand-in-hand-bei-der-werbung-fuer-den-mrna-piks\/","og_site_name":"just-now.NEWS Deutschland","article_publisher":"https:\/\/www.facebook.com\/wirmachenauf","article_published_time":"2025-09-27T05:30:00+00:00","og_image":[{"url":"https:\/\/now-news.de\/de\/wp-content\/uploads\/sites\/3\/2025\/09\/68d3de9cb480cc587a45d625.JPG"}],"author":"rtnews","twitter_card":"summary_large_image","twitter_creator":"@WirMachenAuf_de","twitter_site":"@WirMachenAuf_de","twitter_misc":{"Verfasst von":"rtnews","Gesch\u00e4tzte Lesezeit":"5\u00a0Minuten"},"schema":{"@context":"https:\/\/schema.org","@graph":[{"@type":"Article","@id":"https:\/\/now-news.de\/de\/deutschland\/bild-und-biontech-erneut-hand-in-hand-bei-der-werbung-fuer-den-mrna-piks\/#article","isPartOf":{"@id":"https:\/\/now-news.de\/de\/deutschland\/bild-und-biontech-erneut-hand-in-hand-bei-der-werbung-fuer-den-mrna-piks\/"},"author":{"name":"rtnews","@id":"https:\/\/now-news.de\/de\/#\/schema\/person\/fb534a4e865501d8b3285208df34a9b5"},"headline":"Bild und BioNTech erneut Hand in Hand bei der Werbung f\u00fcr den mRNA-&quot;Piks&quot;","datePublished":"2025-09-27T05:30:00+00:00","dateModified":"2025-09-27T05:30:00+00:00","mainEntityOfPage":{"@id":"https:\/\/now-news.de\/de\/deutschland\/bild-und-biontech-erneut-hand-in-hand-bei-der-werbung-fuer-den-mrna-piks\/"},"wordCount":935,"commentCount":0,"publisher":{"@id":"https:\/\/now-news.de\/de\/#organization"},"image":{"@id":"https:\/\/now-news.de\/de\/deutschland\/bild-und-biontech-erneut-hand-in-hand-bei-der-werbung-fuer-den-mrna-piks\/#primaryimage"},"thumbnailUrl":"https:\/\/now-news.de\/de\/wp-content\/uploads\/sites\/3\/2025\/09\/Bild-und-BioNTech-erneut-Hand-in-Hand-bei-der-Werbung.JPG","keywords":["bei","bild","Biontech","den","der","erneut","f\u00fcr","hand","mRNAquotPiksquot","und","Werbung"],"articleSection":["Deutschland","Russland"],"inLanguage":"de","potentialAction":[{"@type":"CommentAction","name":"Comment","target":["https:\/\/now-news.de\/de\/deutschland\/bild-und-biontech-erneut-hand-in-hand-bei-der-werbung-fuer-den-mrna-piks\/#respond"]}]},{"@type":"WebPage","@id":"https:\/\/now-news.de\/de\/deutschland\/bild-und-biontech-erneut-hand-in-hand-bei-der-werbung-fuer-den-mrna-piks\/","url":"https:\/\/now-news.de\/de\/deutschland\/bild-und-biontech-erneut-hand-in-hand-bei-der-werbung-fuer-den-mrna-piks\/","name":"Bild und BioNTech erneut Hand in Hand bei der Werbung f\u00fcr den mRNA-&quot;Piks&quot; - just-now.NEWS Deutschland","isPartOf":{"@id":"https:\/\/now-news.de\/de\/#website"},"primaryImageOfPage":{"@id":"https:\/\/now-news.de\/de\/deutschland\/bild-und-biontech-erneut-hand-in-hand-bei-der-werbung-fuer-den-mrna-piks\/#primaryimage"},"image":{"@id":"https:\/\/now-news.de\/de\/deutschland\/bild-und-biontech-erneut-hand-in-hand-bei-der-werbung-fuer-den-mrna-piks\/#primaryimage"},"thumbnailUrl":"https:\/\/now-news.de\/de\/wp-content\/uploads\/sites\/3\/2025\/09\/Bild-und-BioNTech-erneut-Hand-in-Hand-bei-der-Werbung.JPG","datePublished":"2025-09-27T05:30:00+00:00","dateModified":"2025-09-27T05:30:00+00:00","breadcrumb":{"@id":"https:\/\/now-news.de\/de\/deutschland\/bild-und-biontech-erneut-hand-in-hand-bei-der-werbung-fuer-den-mrna-piks\/#breadcrumb"},"inLanguage":"de","potentialAction":[{"@type":"ReadAction","target":["https:\/\/now-news.de\/de\/deutschland\/bild-und-biontech-erneut-hand-in-hand-bei-der-werbung-fuer-den-mrna-piks\/"]}]},{"@type":"ImageObject","inLanguage":"de","@id":"https:\/\/now-news.de\/de\/deutschland\/bild-und-biontech-erneut-hand-in-hand-bei-der-werbung-fuer-den-mrna-piks\/#primaryimage","url":"https:\/\/now-news.de\/de\/wp-content\/uploads\/sites\/3\/2025\/09\/Bild-und-BioNTech-erneut-Hand-in-Hand-bei-der-Werbung.JPG","contentUrl":"https:\/\/now-news.de\/de\/wp-content\/uploads\/sites\/3\/2025\/09\/Bild-und-BioNTech-erneut-Hand-in-Hand-bei-der-Werbung.JPG","width":822,"height":291,"caption":"Bild und BioNTech erneut Hand in Hand bei der Werbung f\u00fcr den mRNA-&quot;Piks&quot;"},{"@type":"BreadcrumbList","@id":"https:\/\/now-news.de\/de\/deutschland\/bild-und-biontech-erneut-hand-in-hand-bei-der-werbung-fuer-den-mrna-piks\/#breadcrumb","itemListElement":[{"@type":"ListItem","position":1,"name":"Home","item":"https:\/\/now-news.de\/de\/"},{"@type":"ListItem","position":2,"name":"Bild und BioNTech erneut Hand in Hand bei der Werbung f\u00fcr den mRNA-&quot;Piks&quot;"}]},{"@type":"WebSite","@id":"https:\/\/now-news.de\/de\/#website","url":"https:\/\/now-news.de\/de\/","name":"just-now.NEWS Deutschland","description":"Das Portal f\u00fcr unzensierte Nachrichten aus der Welt","publisher":{"@id":"https:\/\/now-news.de\/de\/#organization"},"potentialAction":[{"@type":"SearchAction","target":{"@type":"EntryPoint","urlTemplate":"https:\/\/now-news.de\/de\/?s={search_term_string}"},"query-input":"required name=search_term_string"}],"inLanguage":"de"},{"@type":"Organization","@id":"https:\/\/now-news.de\/de\/#organization","name":"Just Now News","url":"https:\/\/now-news.de\/de\/","logo":{"@type":"ImageObject","inLanguage":"de","@id":"https:\/\/now-news.de\/de\/#\/schema\/logo\/image\/","url":"http:\/\/just-now.news\/de\/wp-content\/uploads\/sites\/3\/2022\/04\/logo500x500.jpg","contentUrl":"http:\/\/just-now.news\/de\/wp-content\/uploads\/sites\/3\/2022\/04\/logo500x500.jpg","width":500,"height":500,"caption":"Just Now News"},"image":{"@id":"https:\/\/now-news.de\/de\/#\/schema\/logo\/image\/"},"sameAs":["https:\/\/www.facebook.com\/wirmachenauf","https:\/\/x.com\/WirMachenAuf_de"]},{"@type":"Person","@id":"https:\/\/now-news.de\/de\/#\/schema\/person\/fb534a4e865501d8b3285208df34a9b5","name":"rtnews","image":{"@type":"ImageObject","inLanguage":"de","@id":"https:\/\/now-news.de\/de\/#\/schema\/person\/image\/","url":"https:\/\/secure.gravatar.com\/avatar\/82aafea7d8127119dd649515f56e2117?s=96&d=mm&r=g","contentUrl":"https:\/\/secure.gravatar.com\/avatar\/82aafea7d8127119dd649515f56e2117?s=96&d=mm&r=g","caption":"rtnews"},"url":"https:\/\/now-news.de\/de\/author\/rnews\/"}]}},"_links":{"self":[{"href":"https:\/\/now-news.de\/de\/wp-json\/wp\/v2\/posts\/91254"}],"collection":[{"href":"https:\/\/now-news.de\/de\/wp-json\/wp\/v2\/posts"}],"about":[{"href":"https:\/\/now-news.de\/de\/wp-json\/wp\/v2\/types\/post"}],"author":[{"embeddable":true,"href":"https:\/\/now-news.de\/de\/wp-json\/wp\/v2\/users\/3"}],"replies":[{"embeddable":true,"href":"https:\/\/now-news.de\/de\/wp-json\/wp\/v2\/comments?post=91254"}],"version-history":[{"count":0,"href":"https:\/\/now-news.de\/de\/wp-json\/wp\/v2\/posts\/91254\/revisions"}],"wp:featuredmedia":[{"embeddable":true,"href":"https:\/\/now-news.de\/de\/wp-json\/wp\/v2\/media\/91255"}],"wp:attachment":[{"href":"https:\/\/now-news.de\/de\/wp-json\/wp\/v2\/media?parent=91254"}],"wp:term":[{"taxonomy":"category","embeddable":true,"href":"https:\/\/now-news.de\/de\/wp-json\/wp\/v2\/categories?post=91254"},{"taxonomy":"post_tag","embeddable":true,"href":"https:\/\/now-news.de\/de\/wp-json\/wp\/v2\/tags?post=91254"}],"curies":[{"name":"wp","href":"https:\/\/api.w.org\/{rel}","templated":true}]}}