{"id":9117,"date":"2022-05-28T21:45:00","date_gmt":"2022-05-28T19:45:00","guid":{"rendered":"http:\/\/just-now.news\/de\/usa\/aoc-sagt-dass-weisse-supremacisten-bei-weitem-die-ueberwiegende-mehrheit-des-inlaendischen-terrorismus-begehen-video\/"},"modified":"2022-05-28T21:45:00","modified_gmt":"2022-05-28T19:45:00","slug":"aoc-sagt-dass-weisse-supremacisten-bei-weitem-die-ueberwiegende-mehrheit-des-inlaendischen-terrorismus-begehen-video","status":"publish","type":"post","link":"https:\/\/now-news.de\/de\/usa\/aoc-sagt-dass-weisse-supremacisten-bei-weitem-die-ueberwiegende-mehrheit-des-inlaendischen-terrorismus-begehen-video\/","title":{"rendered":"AOC sagt, dass wei\u00dfe Supremacisten bei weitem die \u00fcberwiegende Mehrheit des \u201einl\u00e4ndischen Terrorismus\u201c begehen (VIDEO)"},"content":{"rendered":"<div class=\"entry-content\">\n<p><\/p>\n<p>Die demokratische Abgeordnete Alexandria Ocasio-Cortez sagte diese Woche, dass wei\u00dfe Rassisten die \u00fcberwiegende Mehrheit des inl\u00e4ndischen Terrorismus begehen.<\/p>\n<p>AOC machte die Bemerkungen, nachdem der 18-j\u00e4hrige Salvador Ramos 21 Menschen t\u00f6dlich erschossen hatte, darunter 19 Kinder an einer texanischen Grundschule in einer hispanischen Gemeinde.<\/p>\n<div id=\"IC1-ad\" class=\"sponsor IC1\">\n<p class=\"ad-notice flipboard-remove\" fl:fl-noexcerpt=\"true\">Werbung \u2013 die Geschichte geht unten weiter<\/p>\n<div id=\"IC1\">\n<script>\n\t\t\t\t\tif( FFADS.units.IC1 && FFADS.units.IC1.ad_type == 'custom' && FFADS.units.IC1.custom_ads && ! getCookie( 'ff_subbed' ) ) {\n\t\t\t\t\t\tdocument.getElementById( 'IC1' ).innerHTML = FFADS.units.IC1.custom_ads[0].code;\n\t\t\t\t\t\tif( ! FFADS.units.IC1.lazy_load ) eval( FFADS.units.IC1.custom_ads[0].rendering_script );\n\t\t\t\t\t}\n\t\t\t\t\telse if( FFADS.units.IC1 && ! getCookie( 'ff_subbed' ) ) {\n\t\t\t\t\t\tif( 'IC' != 'SB' && 'IC' != 'SA' && FFADS.use_fixed_containers ) {\n\t\t\t\t\t\t\tlet max_wh = firefly_size_list_to_max_wh( FFADS.units.IC1.sizes );\n\t\t\t\t\t\t\tlet el = document.querySelector( '#IC1' );\n\t\t\t\t\t\t\tif( 'IC' != 'SA' && FFADS.slide_pixels ) {\n\t\t\t\t\t\t\t\tmax_wh[1] += parseInt( FFADS.slide_pixels );\n\t\t\t\t\t\t\t\tel.classList.add( 'sliding' );\n\t\t\t\t\t\t\t}\n\t\t\t\t\t\t\tel.style.width = max_wh[0] + 'px';\n\t\t\t\t\t\t\tel.style.height = max_wh[1] + 'px';\n\t\t\t\t\t\t\tel.classList.add( 'fixed-size' );\n\t\t\t\t\t\t}\n\t\t\t\t\t\tgoogletag.cmd.push( function() {\n\t\t\t\t\t\t\tFFADS.debug( 'googletag.displaying IC1' );\n\t\t\t\t\t\t\tgoogletag.display( 'IC1' );\n\t\t\t\t\t\t} );\n\t\t\t\t\t}\n\t\t\t\t\telse {\n\t\t\t\t\t\tdocument.querySelector( '#IC1-ad' ).style.display = 'none';}\n\t\t\t\t<\/script><\/div>\n<\/div>\n<p>AOC hat praktischerweise die Gewalt von Schwarz auf Schwarz weggelassen, weil es nicht zur Erz\u00e4hlung passt.<\/p>\n<p>225 Menschen wurden dieses Jahr in Chicago get\u00f6tet und AOC k\u00fcmmert sich nicht um die Opfer. <\/p>\n<p><script>\n\t\t\t\t\tif( ! getCookie( 'ff_subbed' ) ) if( typeof FFADS.replace_ict != 'undefined' ) if( FFADS.replace_ict ) eval( FFADS.replace_ict );\n\t\t\t\t<\/script><\/p>\n<p>AOC zitierte FBI-Statistiken und argumentierte, dass die Vormachtstellung der Wei\u00dfen \u201ebei weitem\u201c der f\u00fchrende Treiber des inl\u00e4ndischen Terrorismus sei.<\/p>\n<p>Was AOC nicht erw\u00e4hnt, ist, dass laut FBI-Statistiken Schwarze mehr als 55 % der bekannten Mordt\u00e4ter ausmachen. <\/p>\n<div id=\"IC2-ad\" class=\"sponsor IC2\">\n<p class=\"ad-notice flipboard-remove\" fl:fl-noexcerpt=\"true\">Werbung \u2013 die Geschichte geht unten weiter<\/p>\n<div id=\"IC2\">\n<script>\n\t\t\t\t\tif( FFADS.units.IC2 && FFADS.units.IC2.ad_type == 'custom' && FFADS.units.IC2.custom_ads && ! getCookie( 'ff_subbed' ) ) {\n\t\t\t\t\t\tdocument.getElementById( 'IC2' ).innerHTML = FFADS.units.IC2.custom_ads[0].code;\n\t\t\t\t\t\tif( ! FFADS.units.IC2.lazy_load ) eval( FFADS.units.IC2.custom_ads[0].rendering_script );\n\t\t\t\t\t}\n\t\t\t\t\telse if( FFADS.units.IC2 && ! getCookie( 'ff_subbed' ) ) {\n\t\t\t\t\t\tif( 'IC' != 'SB' && 'IC' != 'SA' && FFADS.use_fixed_containers ) {\n\t\t\t\t\t\t\tlet max_wh = firefly_size_list_to_max_wh( FFADS.units.IC2.sizes );\n\t\t\t\t\t\t\tlet el = document.querySelector( '#IC2' );\n\t\t\t\t\t\t\tif( 'IC' != 'SA' && FFADS.slide_pixels ) {\n\t\t\t\t\t\t\t\tmax_wh[1] += parseInt( FFADS.slide_pixels );\n\t\t\t\t\t\t\t\tel.classList.add( 'sliding' );\n\t\t\t\t\t\t\t}\n\t\t\t\t\t\t\tel.style.width = max_wh[0] + 'px';\n\t\t\t\t\t\t\tel.style.height = max_wh[1] + 'px';\n\t\t\t\t\t\t\tel.classList.add( 'fixed-size' );\n\t\t\t\t\t\t}\n\t\t\t\t\t\tgoogletag.cmd.push( function() {\n\t\t\t\t\t\t\tFFADS.debug( 'googletag.displaying IC2' );\n\t\t\t\t\t\t\tgoogletag.display( 'IC2' );\n\t\t\t\t\t\t} );\n\t\t\t\t\t}\n\t\t\t\t\telse {\n\t\t\t\t\t\tdocument.querySelector( '#IC2-ad' ).style.display = 'none';}\n\t\t\t\t<\/script><\/div>\n<\/div>\n<p>VIDEO:<\/p>\n<blockquote class=\"twitter-tweet\">\n<p lang=\"en\" dir=\"ltr\">Rep. <a rel=\"nofollow noopener\" target=\"_blank\" href=\"https:\/\/twitter.com\/AOC\">@AOC<\/a>: Wei\u00dfe Rassisten begehen die \u00fcberwiegende Mehrheit des \u201eheimischen Terrorismus \u2026 bei weitem!  Bei weitem!  Es ist nicht einmal ann\u00e4hernd \u2026 sehen Sie sich die Zahlen an!\u201c <a rel=\"nofollow noopener\" target=\"_blank\" href=\"https:\/\/t.co\/DPRxgogQNG\">pic.twitter.com\/DPRxgogQNG<\/a><\/p>\n<p>\u2013 Tom Elliott (@tomselliott) <a rel=\"nofollow noopener\" target=\"_blank\" href=\"https:\/\/twitter.com\/tomselliott\/status\/1529757184606629888\">26. Mai 2022<\/a><\/p>\n<\/blockquote>\n<p> <script async src=\"https:\/\/platform.twitter.com\/widgets.js\" charset=\"utf-8\"><\/script><\/p>\n<p class=\"article-ask\"><span class=\"ask\"><script>\n  if( getParameterByName( \"utm_source\" ) == \"testpage\" ) {\n    !function(e,t,a,n,g){e[n]=e[n]||[],e[n].push({\"gtm.start\":(new Date).getTime(),event:\"gtm.js\"});var m=t.getElementsByTagName(a)[0],r=t.createElement(a);r.async=!0,r.src=\"https:\/\/www.googletagmanager.com\/gtm.js?id=GTM-PL4PD49\",m.parentNode.insertBefore(r,m)}(window.parent,window.parent.document,\"script\",\"dataLayer\");\n    var iframe=window.parent.document.createElement(\"iframe\");iframe.src=\"https:\/\/www.googletagmanager.com\/ns.html?id=GTM-PL4PD49\";iframe.height=\"0\";iframe.width=\"0\";iframe.style=\"display:none;visibility:hidden\";window.parent.document.body.appendChild(iframe);\n    window.parent[\"$$mm-analytics\"] = window.parent[\"$$mm-analytics\"] || {};if (typeof window.parent[\"$$mm-analytics\"].firstEmbed === \"undefined\") {window.parent[\"$$mm-analytics\"].firstEmbed = Date.now();}\n    let as1 = document.createElement( \"script\" );\n    as1.src = \"https:\/\/bucket1.mm-syringe.com\/prod\/configs\/ee2300c8-43d2-7f0b-dac0-40aaf31c9d3d.js\";\n    document.body.appendChild( as1 );\n    let as2 = document.createElement( \"script\" );\n    as2.src = \"https:\/\/bucket1.mm-syringe.com\/prod\/injector\/injector.1.5.3.js\";\n    document.body.appendChild( as2 );\n  }\n<\/script><\/p>\n<div class=\"apester-media\" data-token=\"5f10a39f94902bc81d3d59a7\" data-context=\"true\" data-tags=\"\" data-fallback=\"true\" height=\"350\"><\/div>\n<p><script id=\"apester_script\" src=\"https:\/\/static.apester.com\/js\/sdk\/latest\/apester-sdk.js\" async><\/script><script async src=\"https:\/\/www.googletagmanager.com\/gtag\/js?id=G-EFE91RJVSQ\"><\/script><script>\n  window.dataLayer = window.dataLayer || [];\n  function gtag(){dataLayer.push(arguments);}\n  gtag(\\'js\\', new Date());\n  gtag(\\'config\\', \\'G-EFE91RJVSQ\\');\n<\/script><\/span><\/p>\n<\/div>\n<p><br \/>\n<br \/><a href=\"https:\/\/www.thegatewaypundit.com\/2022\/05\/aoc-says-white-supremacists-commit-vast-majority-domestic-terrorism-far-video\/\">Source link <\/a><\/p>\n","protected":false},"excerpt":{"rendered":"<p>Die demokratische Abgeordnete Alexandria Ocasio-Cortez sagte diese Woche, dass wei\u00dfe Rassisten die \u00fcberwiegende Mehrheit des inl\u00e4ndischen Terrorismus begehen. AOC machte die Bemerkungen, nachdem der 18-j\u00e4hrige Salvador Ramos 21 Menschen t\u00f6dlich erschossen hatte, darunter 19 Kinder an einer texanischen Grundschule in einer hispanischen Gemeinde. Werbung \u2013 die Geschichte geht unten weiter AOC hat praktischerweise die Gewalt [&hellip;]<\/p>\n","protected":false},"author":5,"featured_media":9118,"comment_status":"open","ping_status":"open","sticky":false,"template":"","format":"standard","meta":{"wp_automatic_camp":["1161"],"27a8bbb7162135f83c2b142ce17c2054":["AOC sagt, dass wei\u00dfe Supremacisten bei weitem die \u00fcberwiegende Mehrheit des \u201einl\u00e4ndischen Terrorismus\u201c begehen (VIDEO)\n"],"original_link":["https:\/\/www.thegatewaypundit.com\/2022\/05\/aoc-says-white-supremacists-commit-vast-majority-domestic-terrorism-far-video\/"],"_thumbnail_id":["9118"],"wp_automatic_remove_first_image":["yes"],"jnews_social_counter_last_update":["1777646444"]},"categories":[25],"tags":[13047,12050,363,42,583,45,6180,2033,3564,22213,19426,22215,173,3683,22214],"yoast_head":"<!-- This site is optimized with the Yoast SEO Premium plugin v22.7 (Yoast SEO v22.7) - https:\/\/yoast.com\/wordpress\/plugins\/seo\/ -->\n<title>AOC sagt, dass wei\u00dfe Supremacisten bei weitem die \u00fcberwiegende Mehrheit des \u201einl\u00e4ndischen Terrorismus\u201c begehen (VIDEO) - just-now.NEWS Deutschland<\/title>\n<meta name=\"robots\" content=\"index, follow, max-snippet:-1, max-image-preview:large, max-video-preview:-1\" \/>\n<link rel=\"canonical\" href=\"https:\/\/now-news.de\/de\/usa\/aoc-sagt-dass-weisse-supremacisten-bei-weitem-die-ueberwiegende-mehrheit-des-inlaendischen-terrorismus-begehen-video\/\" \/>\n<meta property=\"og:locale\" content=\"de_DE\" \/>\n<meta property=\"og:type\" content=\"article\" \/>\n<meta property=\"og:title\" content=\"AOC sagt, dass wei\u00dfe Supremacisten bei weitem die \u00fcberwiegende Mehrheit des \u201einl\u00e4ndischen Terrorismus\u201c begehen (VIDEO)\" \/>\n<meta property=\"og:description\" content=\"Die demokratische Abgeordnete Alexandria Ocasio-Cortez sagte diese Woche, dass wei\u00dfe Rassisten die \u00fcberwiegende Mehrheit des inl\u00e4ndischen Terrorismus begehen. AOC machte die Bemerkungen, nachdem der 18-j\u00e4hrige Salvador Ramos 21 Menschen t\u00f6dlich erschossen hatte, darunter 19 Kinder an einer texanischen Grundschule in einer hispanischen Gemeinde. Werbung \u2013 die Geschichte geht unten weiter AOC hat praktischerweise die Gewalt [&hellip;]\" \/>\n<meta property=\"og:url\" content=\"https:\/\/now-news.de\/de\/usa\/aoc-sagt-dass-weisse-supremacisten-bei-weitem-die-ueberwiegende-mehrheit-des-inlaendischen-terrorismus-begehen-video\/\" \/>\n<meta property=\"og:site_name\" content=\"just-now.NEWS Deutschland\" \/>\n<meta property=\"article:publisher\" content=\"https:\/\/www.facebook.com\/wirmachenauf\" \/>\n<meta property=\"article:published_time\" content=\"2022-05-28T19:45:00+00:00\" \/>\n<meta property=\"og:image\" content=\"https:\/\/now-news.de\/de\/wp-content\/uploads\/sites\/3\/2022\/05\/AOC-sagt-dass-weisse-Supremacisten-bei-weitem-die-ueberwiegende-Mehrheit.jpg\" \/>\n\t<meta property=\"og:image:width\" content=\"1169\" \/>\n\t<meta property=\"og:image:height\" content=\"790\" \/>\n\t<meta property=\"og:image:type\" content=\"image\/jpeg\" \/>\n<meta name=\"author\" content=\"greatreset\" \/>\n<meta name=\"twitter:card\" content=\"summary_large_image\" \/>\n<meta name=\"twitter:creator\" content=\"@WirMachenAuf_de\" \/>\n<meta name=\"twitter:site\" content=\"@WirMachenAuf_de\" \/>\n<meta name=\"twitter:label1\" content=\"Verfasst von\" \/>\n\t<meta name=\"twitter:data1\" content=\"greatreset\" \/>\n\t<meta name=\"twitter:label2\" content=\"Gesch\u00e4tzte Lesezeit\" \/>\n\t<meta name=\"twitter:data2\" content=\"1\u00a0Minute\" \/>\n<script type=\"application\/ld+json\" class=\"yoast-schema-graph\">{\"@context\":\"https:\/\/schema.org\",\"@graph\":[{\"@type\":\"Article\",\"@id\":\"https:\/\/now-news.de\/de\/usa\/aoc-sagt-dass-weisse-supremacisten-bei-weitem-die-ueberwiegende-mehrheit-des-inlaendischen-terrorismus-begehen-video\/#article\",\"isPartOf\":{\"@id\":\"https:\/\/now-news.de\/de\/usa\/aoc-sagt-dass-weisse-supremacisten-bei-weitem-die-ueberwiegende-mehrheit-des-inlaendischen-terrorismus-begehen-video\/\"},\"author\":{\"name\":\"greatreset\",\"@id\":\"https:\/\/now-news.de\/de\/#\/schema\/person\/8afb4cd92b68572db7902c13a349ffcb\"},\"headline\":\"AOC sagt, dass wei\u00dfe Supremacisten bei weitem die \u00fcberwiegende Mehrheit des \u201einl\u00e4ndischen Terrorismus\u201c begehen (VIDEO)\",\"datePublished\":\"2022-05-28T19:45:00+00:00\",\"dateModified\":\"2022-05-28T19:45:00+00:00\",\"mainEntityOfPage\":{\"@id\":\"https:\/\/now-news.de\/de\/usa\/aoc-sagt-dass-weisse-supremacisten-bei-weitem-die-ueberwiegende-mehrheit-des-inlaendischen-terrorismus-begehen-video\/\"},\"wordCount\":187,\"commentCount\":0,\"publisher\":{\"@id\":\"https:\/\/now-news.de\/de\/#organization\"},\"image\":{\"@id\":\"https:\/\/now-news.de\/de\/usa\/aoc-sagt-dass-weisse-supremacisten-bei-weitem-die-ueberwiegende-mehrheit-des-inlaendischen-terrorismus-begehen-video\/#primaryimage\"},\"thumbnailUrl\":\"https:\/\/now-news.de\/de\/wp-content\/uploads\/sites\/3\/2022\/05\/AOC-sagt-dass-weisse-Supremacisten-bei-weitem-die-ueberwiegende-Mehrheit.jpg\",\"keywords\":[\"AOC\",\"begehen\",\"bei\",\"dass\",\"des\",\"die\",\"inl\u00e4ndischen\",\"Mehrheit\",\"sagt\",\"Supremacisten\",\"Terrorismus\",\"\u00fcberwiegende\",\"Video\",\"Wei\u00dfe\",\"weitem\"],\"articleSection\":[\"USA\"],\"inLanguage\":\"de\",\"potentialAction\":[{\"@type\":\"CommentAction\",\"name\":\"Comment\",\"target\":[\"https:\/\/now-news.de\/de\/usa\/aoc-sagt-dass-weisse-supremacisten-bei-weitem-die-ueberwiegende-mehrheit-des-inlaendischen-terrorismus-begehen-video\/#respond\"]}]},{\"@type\":\"WebPage\",\"@id\":\"https:\/\/now-news.de\/de\/usa\/aoc-sagt-dass-weisse-supremacisten-bei-weitem-die-ueberwiegende-mehrheit-des-inlaendischen-terrorismus-begehen-video\/\",\"url\":\"https:\/\/now-news.de\/de\/usa\/aoc-sagt-dass-weisse-supremacisten-bei-weitem-die-ueberwiegende-mehrheit-des-inlaendischen-terrorismus-begehen-video\/\",\"name\":\"AOC sagt, dass wei\u00dfe Supremacisten bei weitem die \u00fcberwiegende Mehrheit des \u201einl\u00e4ndischen Terrorismus\u201c begehen (VIDEO) - just-now.NEWS Deutschland\",\"isPartOf\":{\"@id\":\"https:\/\/now-news.de\/de\/#website\"},\"primaryImageOfPage\":{\"@id\":\"https:\/\/now-news.de\/de\/usa\/aoc-sagt-dass-weisse-supremacisten-bei-weitem-die-ueberwiegende-mehrheit-des-inlaendischen-terrorismus-begehen-video\/#primaryimage\"},\"image\":{\"@id\":\"https:\/\/now-news.de\/de\/usa\/aoc-sagt-dass-weisse-supremacisten-bei-weitem-die-ueberwiegende-mehrheit-des-inlaendischen-terrorismus-begehen-video\/#primaryimage\"},\"thumbnailUrl\":\"https:\/\/now-news.de\/de\/wp-content\/uploads\/sites\/3\/2022\/05\/AOC-sagt-dass-weisse-Supremacisten-bei-weitem-die-ueberwiegende-Mehrheit.jpg\",\"datePublished\":\"2022-05-28T19:45:00+00:00\",\"dateModified\":\"2022-05-28T19:45:00+00:00\",\"breadcrumb\":{\"@id\":\"https:\/\/now-news.de\/de\/usa\/aoc-sagt-dass-weisse-supremacisten-bei-weitem-die-ueberwiegende-mehrheit-des-inlaendischen-terrorismus-begehen-video\/#breadcrumb\"},\"inLanguage\":\"de\",\"potentialAction\":[{\"@type\":\"ReadAction\",\"target\":[\"https:\/\/now-news.de\/de\/usa\/aoc-sagt-dass-weisse-supremacisten-bei-weitem-die-ueberwiegende-mehrheit-des-inlaendischen-terrorismus-begehen-video\/\"]}]},{\"@type\":\"ImageObject\",\"inLanguage\":\"de\",\"@id\":\"https:\/\/now-news.de\/de\/usa\/aoc-sagt-dass-weisse-supremacisten-bei-weitem-die-ueberwiegende-mehrheit-des-inlaendischen-terrorismus-begehen-video\/#primaryimage\",\"url\":\"https:\/\/now-news.de\/de\/wp-content\/uploads\/sites\/3\/2022\/05\/AOC-sagt-dass-weisse-Supremacisten-bei-weitem-die-ueberwiegende-Mehrheit.jpg\",\"contentUrl\":\"https:\/\/now-news.de\/de\/wp-content\/uploads\/sites\/3\/2022\/05\/AOC-sagt-dass-weisse-Supremacisten-bei-weitem-die-ueberwiegende-Mehrheit.jpg\",\"width\":1169,\"height\":790},{\"@type\":\"BreadcrumbList\",\"@id\":\"https:\/\/now-news.de\/de\/usa\/aoc-sagt-dass-weisse-supremacisten-bei-weitem-die-ueberwiegende-mehrheit-des-inlaendischen-terrorismus-begehen-video\/#breadcrumb\",\"itemListElement\":[{\"@type\":\"ListItem\",\"position\":1,\"name\":\"Home\",\"item\":\"https:\/\/now-news.de\/de\/\"},{\"@type\":\"ListItem\",\"position\":2,\"name\":\"AOC sagt, dass wei\u00dfe Supremacisten bei weitem die \u00fcberwiegende Mehrheit des \u201einl\u00e4ndischen Terrorismus\u201c begehen (VIDEO)\"}]},{\"@type\":\"WebSite\",\"@id\":\"https:\/\/now-news.de\/de\/#website\",\"url\":\"https:\/\/now-news.de\/de\/\",\"name\":\"just-now.NEWS Deutschland\",\"description\":\"Das Portal f\u00fcr unzensierte Nachrichten aus der Welt\",\"publisher\":{\"@id\":\"https:\/\/now-news.de\/de\/#organization\"},\"potentialAction\":[{\"@type\":\"SearchAction\",\"target\":{\"@type\":\"EntryPoint\",\"urlTemplate\":\"https:\/\/now-news.de\/de\/?s={search_term_string}\"},\"query-input\":\"required name=search_term_string\"}],\"inLanguage\":\"de\"},{\"@type\":\"Organization\",\"@id\":\"https:\/\/now-news.de\/de\/#organization\",\"name\":\"Just Now News\",\"url\":\"https:\/\/now-news.de\/de\/\",\"logo\":{\"@type\":\"ImageObject\",\"inLanguage\":\"de\",\"@id\":\"https:\/\/now-news.de\/de\/#\/schema\/logo\/image\/\",\"url\":\"http:\/\/just-now.news\/de\/wp-content\/uploads\/sites\/3\/2022\/04\/logo500x500.jpg\",\"contentUrl\":\"http:\/\/just-now.news\/de\/wp-content\/uploads\/sites\/3\/2022\/04\/logo500x500.jpg\",\"width\":500,\"height\":500,\"caption\":\"Just Now News\"},\"image\":{\"@id\":\"https:\/\/now-news.de\/de\/#\/schema\/logo\/image\/\"},\"sameAs\":[\"https:\/\/www.facebook.com\/wirmachenauf\",\"https:\/\/x.com\/WirMachenAuf_de\"]},{\"@type\":\"Person\",\"@id\":\"https:\/\/now-news.de\/de\/#\/schema\/person\/8afb4cd92b68572db7902c13a349ffcb\",\"name\":\"greatreset\",\"image\":{\"@type\":\"ImageObject\",\"inLanguage\":\"de\",\"@id\":\"https:\/\/now-news.de\/de\/#\/schema\/person\/image\/\",\"url\":\"https:\/\/secure.gravatar.com\/avatar\/a088df625d49991c090e78c8b9542592?s=96&d=mm&r=g\",\"contentUrl\":\"https:\/\/secure.gravatar.com\/avatar\/a088df625d49991c090e78c8b9542592?s=96&d=mm&r=g\",\"caption\":\"greatreset\"},\"url\":\"https:\/\/now-news.de\/de\/author\/greatreset\/\"}]}<\/script>\n<!-- \/ Yoast SEO Premium plugin. -->","yoast_head_json":{"title":"AOC sagt, dass wei\u00dfe Supremacisten bei weitem die \u00fcberwiegende Mehrheit des \u201einl\u00e4ndischen Terrorismus\u201c begehen (VIDEO) - just-now.NEWS Deutschland","robots":{"index":"index","follow":"follow","max-snippet":"max-snippet:-1","max-image-preview":"max-image-preview:large","max-video-preview":"max-video-preview:-1"},"canonical":"https:\/\/now-news.de\/de\/usa\/aoc-sagt-dass-weisse-supremacisten-bei-weitem-die-ueberwiegende-mehrheit-des-inlaendischen-terrorismus-begehen-video\/","og_locale":"de_DE","og_type":"article","og_title":"AOC sagt, dass wei\u00dfe Supremacisten bei weitem die \u00fcberwiegende Mehrheit des \u201einl\u00e4ndischen Terrorismus\u201c begehen (VIDEO)","og_description":"Die demokratische Abgeordnete Alexandria Ocasio-Cortez sagte diese Woche, dass wei\u00dfe Rassisten die \u00fcberwiegende Mehrheit des inl\u00e4ndischen Terrorismus begehen. AOC machte die Bemerkungen, nachdem der 18-j\u00e4hrige Salvador Ramos 21 Menschen t\u00f6dlich erschossen hatte, darunter 19 Kinder an einer texanischen Grundschule in einer hispanischen Gemeinde. Werbung \u2013 die Geschichte geht unten weiter AOC hat praktischerweise die Gewalt [&hellip;]","og_url":"https:\/\/now-news.de\/de\/usa\/aoc-sagt-dass-weisse-supremacisten-bei-weitem-die-ueberwiegende-mehrheit-des-inlaendischen-terrorismus-begehen-video\/","og_site_name":"just-now.NEWS Deutschland","article_publisher":"https:\/\/www.facebook.com\/wirmachenauf","article_published_time":"2022-05-28T19:45:00+00:00","og_image":[{"width":1169,"height":790,"url":"https:\/\/now-news.de\/de\/wp-content\/uploads\/sites\/3\/2022\/05\/AOC-sagt-dass-weisse-Supremacisten-bei-weitem-die-ueberwiegende-Mehrheit.jpg","type":"image\/jpeg"}],"author":"greatreset","twitter_card":"summary_large_image","twitter_creator":"@WirMachenAuf_de","twitter_site":"@WirMachenAuf_de","twitter_misc":{"Verfasst von":"greatreset","Gesch\u00e4tzte Lesezeit":"1\u00a0Minute"},"schema":{"@context":"https:\/\/schema.org","@graph":[{"@type":"Article","@id":"https:\/\/now-news.de\/de\/usa\/aoc-sagt-dass-weisse-supremacisten-bei-weitem-die-ueberwiegende-mehrheit-des-inlaendischen-terrorismus-begehen-video\/#article","isPartOf":{"@id":"https:\/\/now-news.de\/de\/usa\/aoc-sagt-dass-weisse-supremacisten-bei-weitem-die-ueberwiegende-mehrheit-des-inlaendischen-terrorismus-begehen-video\/"},"author":{"name":"greatreset","@id":"https:\/\/now-news.de\/de\/#\/schema\/person\/8afb4cd92b68572db7902c13a349ffcb"},"headline":"AOC sagt, dass wei\u00dfe Supremacisten bei weitem die \u00fcberwiegende Mehrheit des \u201einl\u00e4ndischen Terrorismus\u201c begehen (VIDEO)","datePublished":"2022-05-28T19:45:00+00:00","dateModified":"2022-05-28T19:45:00+00:00","mainEntityOfPage":{"@id":"https:\/\/now-news.de\/de\/usa\/aoc-sagt-dass-weisse-supremacisten-bei-weitem-die-ueberwiegende-mehrheit-des-inlaendischen-terrorismus-begehen-video\/"},"wordCount":187,"commentCount":0,"publisher":{"@id":"https:\/\/now-news.de\/de\/#organization"},"image":{"@id":"https:\/\/now-news.de\/de\/usa\/aoc-sagt-dass-weisse-supremacisten-bei-weitem-die-ueberwiegende-mehrheit-des-inlaendischen-terrorismus-begehen-video\/#primaryimage"},"thumbnailUrl":"https:\/\/now-news.de\/de\/wp-content\/uploads\/sites\/3\/2022\/05\/AOC-sagt-dass-weisse-Supremacisten-bei-weitem-die-ueberwiegende-Mehrheit.jpg","keywords":["AOC","begehen","bei","dass","des","die","inl\u00e4ndischen","Mehrheit","sagt","Supremacisten","Terrorismus","\u00fcberwiegende","Video","Wei\u00dfe","weitem"],"articleSection":["USA"],"inLanguage":"de","potentialAction":[{"@type":"CommentAction","name":"Comment","target":["https:\/\/now-news.de\/de\/usa\/aoc-sagt-dass-weisse-supremacisten-bei-weitem-die-ueberwiegende-mehrheit-des-inlaendischen-terrorismus-begehen-video\/#respond"]}]},{"@type":"WebPage","@id":"https:\/\/now-news.de\/de\/usa\/aoc-sagt-dass-weisse-supremacisten-bei-weitem-die-ueberwiegende-mehrheit-des-inlaendischen-terrorismus-begehen-video\/","url":"https:\/\/now-news.de\/de\/usa\/aoc-sagt-dass-weisse-supremacisten-bei-weitem-die-ueberwiegende-mehrheit-des-inlaendischen-terrorismus-begehen-video\/","name":"AOC sagt, dass wei\u00dfe Supremacisten bei weitem die \u00fcberwiegende Mehrheit des \u201einl\u00e4ndischen Terrorismus\u201c begehen (VIDEO) - just-now.NEWS Deutschland","isPartOf":{"@id":"https:\/\/now-news.de\/de\/#website"},"primaryImageOfPage":{"@id":"https:\/\/now-news.de\/de\/usa\/aoc-sagt-dass-weisse-supremacisten-bei-weitem-die-ueberwiegende-mehrheit-des-inlaendischen-terrorismus-begehen-video\/#primaryimage"},"image":{"@id":"https:\/\/now-news.de\/de\/usa\/aoc-sagt-dass-weisse-supremacisten-bei-weitem-die-ueberwiegende-mehrheit-des-inlaendischen-terrorismus-begehen-video\/#primaryimage"},"thumbnailUrl":"https:\/\/now-news.de\/de\/wp-content\/uploads\/sites\/3\/2022\/05\/AOC-sagt-dass-weisse-Supremacisten-bei-weitem-die-ueberwiegende-Mehrheit.jpg","datePublished":"2022-05-28T19:45:00+00:00","dateModified":"2022-05-28T19:45:00+00:00","breadcrumb":{"@id":"https:\/\/now-news.de\/de\/usa\/aoc-sagt-dass-weisse-supremacisten-bei-weitem-die-ueberwiegende-mehrheit-des-inlaendischen-terrorismus-begehen-video\/#breadcrumb"},"inLanguage":"de","potentialAction":[{"@type":"ReadAction","target":["https:\/\/now-news.de\/de\/usa\/aoc-sagt-dass-weisse-supremacisten-bei-weitem-die-ueberwiegende-mehrheit-des-inlaendischen-terrorismus-begehen-video\/"]}]},{"@type":"ImageObject","inLanguage":"de","@id":"https:\/\/now-news.de\/de\/usa\/aoc-sagt-dass-weisse-supremacisten-bei-weitem-die-ueberwiegende-mehrheit-des-inlaendischen-terrorismus-begehen-video\/#primaryimage","url":"https:\/\/now-news.de\/de\/wp-content\/uploads\/sites\/3\/2022\/05\/AOC-sagt-dass-weisse-Supremacisten-bei-weitem-die-ueberwiegende-Mehrheit.jpg","contentUrl":"https:\/\/now-news.de\/de\/wp-content\/uploads\/sites\/3\/2022\/05\/AOC-sagt-dass-weisse-Supremacisten-bei-weitem-die-ueberwiegende-Mehrheit.jpg","width":1169,"height":790},{"@type":"BreadcrumbList","@id":"https:\/\/now-news.de\/de\/usa\/aoc-sagt-dass-weisse-supremacisten-bei-weitem-die-ueberwiegende-mehrheit-des-inlaendischen-terrorismus-begehen-video\/#breadcrumb","itemListElement":[{"@type":"ListItem","position":1,"name":"Home","item":"https:\/\/now-news.de\/de\/"},{"@type":"ListItem","position":2,"name":"AOC sagt, dass wei\u00dfe Supremacisten bei weitem die \u00fcberwiegende Mehrheit des \u201einl\u00e4ndischen Terrorismus\u201c begehen (VIDEO)"}]},{"@type":"WebSite","@id":"https:\/\/now-news.de\/de\/#website","url":"https:\/\/now-news.de\/de\/","name":"just-now.NEWS Deutschland","description":"Das Portal f\u00fcr unzensierte Nachrichten aus der Welt","publisher":{"@id":"https:\/\/now-news.de\/de\/#organization"},"potentialAction":[{"@type":"SearchAction","target":{"@type":"EntryPoint","urlTemplate":"https:\/\/now-news.de\/de\/?s={search_term_string}"},"query-input":"required name=search_term_string"}],"inLanguage":"de"},{"@type":"Organization","@id":"https:\/\/now-news.de\/de\/#organization","name":"Just Now News","url":"https:\/\/now-news.de\/de\/","logo":{"@type":"ImageObject","inLanguage":"de","@id":"https:\/\/now-news.de\/de\/#\/schema\/logo\/image\/","url":"http:\/\/just-now.news\/de\/wp-content\/uploads\/sites\/3\/2022\/04\/logo500x500.jpg","contentUrl":"http:\/\/just-now.news\/de\/wp-content\/uploads\/sites\/3\/2022\/04\/logo500x500.jpg","width":500,"height":500,"caption":"Just Now News"},"image":{"@id":"https:\/\/now-news.de\/de\/#\/schema\/logo\/image\/"},"sameAs":["https:\/\/www.facebook.com\/wirmachenauf","https:\/\/x.com\/WirMachenAuf_de"]},{"@type":"Person","@id":"https:\/\/now-news.de\/de\/#\/schema\/person\/8afb4cd92b68572db7902c13a349ffcb","name":"greatreset","image":{"@type":"ImageObject","inLanguage":"de","@id":"https:\/\/now-news.de\/de\/#\/schema\/person\/image\/","url":"https:\/\/secure.gravatar.com\/avatar\/a088df625d49991c090e78c8b9542592?s=96&d=mm&r=g","contentUrl":"https:\/\/secure.gravatar.com\/avatar\/a088df625d49991c090e78c8b9542592?s=96&d=mm&r=g","caption":"greatreset"},"url":"https:\/\/now-news.de\/de\/author\/greatreset\/"}]}},"_links":{"self":[{"href":"https:\/\/now-news.de\/de\/wp-json\/wp\/v2\/posts\/9117"}],"collection":[{"href":"https:\/\/now-news.de\/de\/wp-json\/wp\/v2\/posts"}],"about":[{"href":"https:\/\/now-news.de\/de\/wp-json\/wp\/v2\/types\/post"}],"author":[{"embeddable":true,"href":"https:\/\/now-news.de\/de\/wp-json\/wp\/v2\/users\/5"}],"replies":[{"embeddable":true,"href":"https:\/\/now-news.de\/de\/wp-json\/wp\/v2\/comments?post=9117"}],"version-history":[{"count":0,"href":"https:\/\/now-news.de\/de\/wp-json\/wp\/v2\/posts\/9117\/revisions"}],"wp:featuredmedia":[{"embeddable":true,"href":"https:\/\/now-news.de\/de\/wp-json\/wp\/v2\/media\/9118"}],"wp:attachment":[{"href":"https:\/\/now-news.de\/de\/wp-json\/wp\/v2\/media?parent=9117"}],"wp:term":[{"taxonomy":"category","embeddable":true,"href":"https:\/\/now-news.de\/de\/wp-json\/wp\/v2\/categories?post=9117"},{"taxonomy":"post_tag","embeddable":true,"href":"https:\/\/now-news.de\/de\/wp-json\/wp\/v2\/tags?post=9117"}],"curies":[{"name":"wp","href":"https:\/\/api.w.org\/{rel}","templated":true}]}}