{"id":91141,"date":"2025-09-25T14:18:57","date_gmt":"2025-09-25T12:18:57","guid":{"rendered":"https:\/\/now-news.de\/de\/deutschland\/polen-soll-nord-stream-verdaechtigem-asyl-angeboten-haben-fuer-uns-ist-er-ein-held\/"},"modified":"2025-09-25T14:18:57","modified_gmt":"2025-09-25T12:18:57","slug":"polen-soll-nord-stream-verdaechtigem-asyl-angeboten-haben-fuer-uns-ist-er-ein-held","status":"publish","type":"post","link":"https:\/\/now-news.de\/de\/deutschland\/polen-soll-nord-stream-verdaechtigem-asyl-angeboten-haben-fuer-uns-ist-er-ein-held\/","title":{"rendered":"Polen soll Nord-Stream-Verd\u00e4chtigem Asyl angeboten haben: &quot;F\u00fcr uns ist er ein Held&quot;"},"content":{"rendered":"<p><img decoding=\"async\" src=\"https:\/\/now-news.de\/de\/wp-content\/uploads\/sites\/3\/2025\/09\/68d50994b480cc37cf6a318a.jpeg\" \/><\/p>\n<div class=\"Text-root Text-type_1 \">\n                Polen soll dem ukrainischen Nord-Stream-Verd\u00e4chtigen Wladimir Zh. Asyl und einen Orden angeboten haben. Statt seiner Festnahme erm\u00f6glichte Warschau seine Flucht nach Kiew. Deutsche Ermittler kritisieren die Blockade der Zusammenarbeit und das Ignorieren wichtiger Beweise.\n            <\/div>\n<p><\/p>\n<div class=\"Text-root Text-type_5 ArticleView-text ViewText-root \">\n<p data-start=\"196\" data-end=\"503\">Polens Au\u00dfenminister Rados\u0142aw Sikorski soll den deutschen Beh\u00f6rden gegen\u00fcber erkl\u00e4rt haben, dass Warschau bereit sei, dem mutma\u00dflichen ukrainischen Drahtzieher Wladimir Zh. Asyl zu gew\u00e4hren und ihn sogar mit einem staatlichen Orden auszuzeichnen. Das\u00a0<a rel=\"nofollow noopener\" target=\"_blank\" href=\"https:\/\/www.rp.pl\/polityka\/art43058211-radoslaw-sikorski-byl-gotow-dac-azyl-i-order-podejrzanemu-o-wysadzenie-rosyjskiego-gazociagu\">berichtet<\/a> die <em>Rzeczpospolita<\/em> unter Berufung auf gut informierte Quellen.<\/p>\n<p data-start=\"505\" data-end=\"1009\">Im vergangenen Sommer stellte Berlin einen europ\u00e4ischen Haftbefehl gegen Zh., einen ukrainischen Tauchlehrer, aus und \u00fcbermittelte dazu seine Adresse in Pruszk\u00f3w. Statt ihn festzunehmen, sollen polnische Beh\u00f6rden ihm jedoch die Flucht nach Kiew erm\u00f6glicht haben. Er soll in einem Auto mit ukrainischen Diplomatenkennzeichen unterwegs gewesen sein, gesteuert von einem ukrainischen Milit\u00e4rattach\u00e9.<\/p>\n<blockquote>\n<p data-start=\"505\" data-end=\"1009\"><em>&#8220;Warum sollten wir ihn festnehmen? F\u00fcr uns ist er ein Held&#8221;,<\/em><\/p>\n<\/blockquote>\n<p data-start=\"505\" data-end=\"1009\">sollen polnische Beamte den Deutschen <a rel=\"nofollow noopener\" target=\"_blank\" href=\"https:\/\/www.rp.pl\/polityka\/art43058211-radoslaw-sikorski-byl-gotow-dac-azyl-i-order-podejrzanemu-o-wysadzenie-rosyjskiego-gazociagu\">gesagt haben<\/a>.<\/p>\n<p data-start=\"1011\" data-end=\"1419\">W\u00e4hrend der Gespr\u00e4che\u00a0sei deutlich geworden, dass Warschau keine Unterst\u00fctzung f\u00fcr die Ermittlungen leisten wollte. Polen soll Kiew vorgewarnt und die Zusammenarbeit mit deutschen Ermittlern \u00fcber Monate blockiert haben.<\/p>\n<p data-start=\"1011\" data-end=\"1419\">Auch das Verschwinden von \u00dcberwachungsmaterial aus dem Hafen von Ko\u0142obrzeg, vom Liegeplatz der mutma\u00dflich zum Transport der Sprengstoffe genutzten Yacht Andromeda,\u00a0sei ignoriert worden.<\/p>\n<p data-start=\"1431\" data-end=\"1877\">Bisher wurde in dem Fall nur ein Verd\u00e4chtiger festgenommen: Sergei K., ebenfalls ukrainischer Staatsb\u00fcrger und nach Angaben der deutschen Ermittler der Leiter des Sabotagekommandos, befindet sich derzeit in Italien und wartet auf seine Auslieferung nach Deutschland. Die italienische Justiz kooperiert eng mit Berlin, wodurch die Ermittlungen vorankommen \u2013 w\u00e4hrend Polen offenbar die eigene Rolle vertuscht und Wladimir Zh. gedeckt hat.<\/p>\n<p data-start=\"1879\" data-end=\"2269\">Die Lage ist damit eindeutig. Wladimir Zh. gelang mit Unterst\u00fctzung Polens die Flucht nach Kiew, w\u00e4hrend Sergei K. in Deutschland als Hauptverd\u00e4chtiger vor Gericht gestellt werden soll. Die Vorw\u00fcrfe werfen ein grelles Schlaglicht auf den Angriff\u00a0gegen die deutsche Infrastruktur und verdeutlichen die verkomplizierten Beziehungen zwischen Deutschland und Polen.<\/p>\n<p data-start=\"1879\" data-end=\"2269\"><strong>Mehr zum Thema<\/strong>\u00a0<strong>&#8211;<\/strong>\u00a0<a rel=\"nofollow noopener\" target=\"_blank\" href=\"https:\/\/freedert.online\/europa\/254244-ukrainer-auf-jacht-hat-nord\/\">Ein Ukrainer auf einer Jacht hat Nord Stream zerst\u00f6rt \u2013 Wer soll das glauben?<\/a><\/p>\n<div class=\"EmbedBlock-root EmbedBlock-externalVideo EmbedBlock-rumble\">\n<div class=\"VkEmbed\"><iframe class=\"lazyload\" data-src=\"https:\/\/rumble.com\/embed\/v6vqily\" frameborder=\"0\" width=\"853\" height=\"480\" allowfullscreen><\/iframe><\/div>\n<\/div>\n<\/div>\n<p><br \/>\n<br \/><a href=\"https:\/\/de.rt.com\/europa\/257041-polen-soll-nord-stream-verdaechtigem\/\">Source link <\/a><\/p>\n","protected":false},"excerpt":{"rendered":"<p>Polen soll dem ukrainischen Nord-Stream-Verd\u00e4chtigen Wladimir Zh. Asyl und einen Orden angeboten haben. Statt seiner Festnahme erm\u00f6glichte Warschau seine Flucht nach Kiew. Deutsche Ermittler kritisieren die Blockade der Zusammenarbeit und das Ignorieren wichtiger Beweise. Polens Au\u00dfenminister Rados\u0142aw Sikorski soll den deutschen Beh\u00f6rden gegen\u00fcber erkl\u00e4rt haben, dass Warschau bereit sei, dem mutma\u00dflichen ukrainischen Drahtzieher Wladimir Zh. [&hellip;]<\/p>\n","protected":false},"author":3,"featured_media":91142,"comment_status":"open","ping_status":"open","sticky":false,"template":"","format":"standard","meta":{"_yoast_indexnow_last_ping":["1758803285"],"wp_automatic_camp":["217"],"dc1fb8aae09ee32e2a7f2543aacf9a47":["Polen soll Nord-Stream-Verd\u00e4chtigem Asyl angeboten haben: &quot;F\u00fcr uns ist er ein Held&quot;"],"original_link":["https:\/\/de.rt.com\/europa\/257041-polen-soll-nord-stream-verdaechtigem\/"],"_thumbnail_id":["91142"],"jnews_social_counter_last_update":["1777353111"],"_wptgpro_p2tg_sent2tg":["a:1:{i:23737;s:19:\"2025-09-25 14:29:13\";}"]},"categories":[19,23],"tags":[63743,23273,357,771,59819,414,67193,5850,29542,766,311],"yoast_head":"<!-- This site is optimized with the Yoast SEO Premium plugin v22.7 (Yoast SEO v22.7) - https:\/\/yoast.com\/wordpress\/plugins\/seo\/ -->\n<title>Polen soll Nord-Stream-Verd\u00e4chtigem Asyl angeboten haben: &quot;F\u00fcr uns ist er ein Held&quot; - just-now.NEWS Deutschland<\/title>\n<meta name=\"robots\" content=\"index, follow, max-snippet:-1, max-image-preview:large, max-video-preview:-1\" \/>\n<link rel=\"canonical\" href=\"https:\/\/now-news.de\/de\/deutschland\/polen-soll-nord-stream-verdaechtigem-asyl-angeboten-haben-fuer-uns-ist-er-ein-held\/\" \/>\n<meta property=\"og:locale\" content=\"de_DE\" \/>\n<meta property=\"og:type\" content=\"article\" \/>\n<meta property=\"og:title\" content=\"Polen soll Nord-Stream-Verd\u00e4chtigem Asyl angeboten haben: &quot;F\u00fcr uns ist er ein Held&quot;\" \/>\n<meta property=\"og:description\" content=\"Polen soll dem ukrainischen Nord-Stream-Verd\u00e4chtigen Wladimir Zh. Asyl und einen Orden angeboten haben. Statt seiner Festnahme erm\u00f6glichte Warschau seine Flucht nach Kiew. Deutsche Ermittler kritisieren die Blockade der Zusammenarbeit und das Ignorieren wichtiger Beweise. Polens Au\u00dfenminister Rados\u0142aw Sikorski soll den deutschen Beh\u00f6rden gegen\u00fcber erkl\u00e4rt haben, dass Warschau bereit sei, dem mutma\u00dflichen ukrainischen Drahtzieher Wladimir Zh. [&hellip;]\" \/>\n<meta property=\"og:url\" content=\"https:\/\/now-news.de\/de\/deutschland\/polen-soll-nord-stream-verdaechtigem-asyl-angeboten-haben-fuer-uns-ist-er-ein-held\/\" \/>\n<meta property=\"og:site_name\" content=\"just-now.NEWS Deutschland\" \/>\n<meta property=\"article:publisher\" content=\"https:\/\/www.facebook.com\/wirmachenauf\" \/>\n<meta property=\"article:published_time\" content=\"2025-09-25T12:18:57+00:00\" \/>\n<meta property=\"og:image\" content=\"https:\/\/now-news.de\/de\/wp-content\/uploads\/sites\/3\/2025\/09\/68d50994b480cc37cf6a318a.jpeg\" \/>\n<meta name=\"author\" content=\"rtnews\" \/>\n<meta name=\"twitter:card\" content=\"summary_large_image\" \/>\n<meta name=\"twitter:creator\" content=\"@WirMachenAuf_de\" \/>\n<meta name=\"twitter:site\" content=\"@WirMachenAuf_de\" \/>\n<meta name=\"twitter:label1\" content=\"Verfasst von\" \/>\n\t<meta name=\"twitter:data1\" content=\"rtnews\" \/>\n\t<meta name=\"twitter:label2\" content=\"Gesch\u00e4tzte Lesezeit\" \/>\n\t<meta name=\"twitter:data2\" content=\"2\u00a0Minuten\" \/>\n<script type=\"application\/ld+json\" class=\"yoast-schema-graph\">{\"@context\":\"https:\/\/schema.org\",\"@graph\":[{\"@type\":\"Article\",\"@id\":\"https:\/\/now-news.de\/de\/deutschland\/polen-soll-nord-stream-verdaechtigem-asyl-angeboten-haben-fuer-uns-ist-er-ein-held\/#article\",\"isPartOf\":{\"@id\":\"https:\/\/now-news.de\/de\/deutschland\/polen-soll-nord-stream-verdaechtigem-asyl-angeboten-haben-fuer-uns-ist-er-ein-held\/\"},\"author\":{\"name\":\"rtnews\",\"@id\":\"https:\/\/now-news.de\/de\/#\/schema\/person\/fb534a4e865501d8b3285208df34a9b5\"},\"headline\":\"Polen soll Nord-Stream-Verd\u00e4chtigem Asyl angeboten haben: &quot;F\u00fcr uns ist er ein Held&quot;\",\"datePublished\":\"2025-09-25T12:18:57+00:00\",\"dateModified\":\"2025-09-25T12:18:57+00:00\",\"mainEntityOfPage\":{\"@id\":\"https:\/\/now-news.de\/de\/deutschland\/polen-soll-nord-stream-verdaechtigem-asyl-angeboten-haben-fuer-uns-ist-er-ein-held\/\"},\"wordCount\":371,\"commentCount\":0,\"publisher\":{\"@id\":\"https:\/\/now-news.de\/de\/#organization\"},\"image\":{\"@id\":\"https:\/\/now-news.de\/de\/deutschland\/polen-soll-nord-stream-verdaechtigem-asyl-angeboten-haben-fuer-uns-ist-er-ein-held\/#primaryimage\"},\"thumbnailUrl\":\"https:\/\/now-news.de\/de\/wp-content\/uploads\/sites\/3\/2025\/09\/Polen-soll-Nord-Stream-Verdaechtigem-Asyl-angeboten-haben-quotFuer-uns-ist-er.jpeg\",\"keywords\":[\"angeboten\",\"ASYL\",\"ein\",\"haben\",\"Heldquot\",\"ist\",\"NordStreamVerd\u00e4chtigem\",\"Polen\",\"quotF\u00fcr\",\"soll\",\"uns\"],\"articleSection\":[\"Deutschland\",\"Russland\"],\"inLanguage\":\"de\",\"potentialAction\":[{\"@type\":\"CommentAction\",\"name\":\"Comment\",\"target\":[\"https:\/\/now-news.de\/de\/deutschland\/polen-soll-nord-stream-verdaechtigem-asyl-angeboten-haben-fuer-uns-ist-er-ein-held\/#respond\"]}]},{\"@type\":\"WebPage\",\"@id\":\"https:\/\/now-news.de\/de\/deutschland\/polen-soll-nord-stream-verdaechtigem-asyl-angeboten-haben-fuer-uns-ist-er-ein-held\/\",\"url\":\"https:\/\/now-news.de\/de\/deutschland\/polen-soll-nord-stream-verdaechtigem-asyl-angeboten-haben-fuer-uns-ist-er-ein-held\/\",\"name\":\"Polen soll Nord-Stream-Verd\u00e4chtigem Asyl angeboten haben: &quot;F\u00fcr uns ist er ein Held&quot; - just-now.NEWS Deutschland\",\"isPartOf\":{\"@id\":\"https:\/\/now-news.de\/de\/#website\"},\"primaryImageOfPage\":{\"@id\":\"https:\/\/now-news.de\/de\/deutschland\/polen-soll-nord-stream-verdaechtigem-asyl-angeboten-haben-fuer-uns-ist-er-ein-held\/#primaryimage\"},\"image\":{\"@id\":\"https:\/\/now-news.de\/de\/deutschland\/polen-soll-nord-stream-verdaechtigem-asyl-angeboten-haben-fuer-uns-ist-er-ein-held\/#primaryimage\"},\"thumbnailUrl\":\"https:\/\/now-news.de\/de\/wp-content\/uploads\/sites\/3\/2025\/09\/Polen-soll-Nord-Stream-Verdaechtigem-Asyl-angeboten-haben-quotFuer-uns-ist-er.jpeg\",\"datePublished\":\"2025-09-25T12:18:57+00:00\",\"dateModified\":\"2025-09-25T12:18:57+00:00\",\"breadcrumb\":{\"@id\":\"https:\/\/now-news.de\/de\/deutschland\/polen-soll-nord-stream-verdaechtigem-asyl-angeboten-haben-fuer-uns-ist-er-ein-held\/#breadcrumb\"},\"inLanguage\":\"de\",\"potentialAction\":[{\"@type\":\"ReadAction\",\"target\":[\"https:\/\/now-news.de\/de\/deutschland\/polen-soll-nord-stream-verdaechtigem-asyl-angeboten-haben-fuer-uns-ist-er-ein-held\/\"]}]},{\"@type\":\"ImageObject\",\"inLanguage\":\"de\",\"@id\":\"https:\/\/now-news.de\/de\/deutschland\/polen-soll-nord-stream-verdaechtigem-asyl-angeboten-haben-fuer-uns-ist-er-ein-held\/#primaryimage\",\"url\":\"https:\/\/now-news.de\/de\/wp-content\/uploads\/sites\/3\/2025\/09\/Polen-soll-Nord-Stream-Verdaechtigem-Asyl-angeboten-haben-quotFuer-uns-ist-er.jpeg\",\"contentUrl\":\"https:\/\/now-news.de\/de\/wp-content\/uploads\/sites\/3\/2025\/09\/Polen-soll-Nord-Stream-Verdaechtigem-Asyl-angeboten-haben-quotFuer-uns-ist-er.jpeg\",\"width\":460,\"height\":259,\"caption\":\"Polen soll Nord-Stream-Verd\u00e4chtigem Asyl angeboten haben: &quot;F\u00fcr uns ist er ein Held&quot;\"},{\"@type\":\"BreadcrumbList\",\"@id\":\"https:\/\/now-news.de\/de\/deutschland\/polen-soll-nord-stream-verdaechtigem-asyl-angeboten-haben-fuer-uns-ist-er-ein-held\/#breadcrumb\",\"itemListElement\":[{\"@type\":\"ListItem\",\"position\":1,\"name\":\"Home\",\"item\":\"https:\/\/now-news.de\/de\/\"},{\"@type\":\"ListItem\",\"position\":2,\"name\":\"Polen soll Nord-Stream-Verd\u00e4chtigem Asyl angeboten haben: &quot;F\u00fcr uns ist er ein Held&quot;\"}]},{\"@type\":\"WebSite\",\"@id\":\"https:\/\/now-news.de\/de\/#website\",\"url\":\"https:\/\/now-news.de\/de\/\",\"name\":\"just-now.NEWS Deutschland\",\"description\":\"Das Portal f\u00fcr unzensierte Nachrichten aus der Welt\",\"publisher\":{\"@id\":\"https:\/\/now-news.de\/de\/#organization\"},\"potentialAction\":[{\"@type\":\"SearchAction\",\"target\":{\"@type\":\"EntryPoint\",\"urlTemplate\":\"https:\/\/now-news.de\/de\/?s={search_term_string}\"},\"query-input\":\"required name=search_term_string\"}],\"inLanguage\":\"de\"},{\"@type\":\"Organization\",\"@id\":\"https:\/\/now-news.de\/de\/#organization\",\"name\":\"Just Now News\",\"url\":\"https:\/\/now-news.de\/de\/\",\"logo\":{\"@type\":\"ImageObject\",\"inLanguage\":\"de\",\"@id\":\"https:\/\/now-news.de\/de\/#\/schema\/logo\/image\/\",\"url\":\"http:\/\/just-now.news\/de\/wp-content\/uploads\/sites\/3\/2022\/04\/logo500x500.jpg\",\"contentUrl\":\"http:\/\/just-now.news\/de\/wp-content\/uploads\/sites\/3\/2022\/04\/logo500x500.jpg\",\"width\":500,\"height\":500,\"caption\":\"Just Now News\"},\"image\":{\"@id\":\"https:\/\/now-news.de\/de\/#\/schema\/logo\/image\/\"},\"sameAs\":[\"https:\/\/www.facebook.com\/wirmachenauf\",\"https:\/\/x.com\/WirMachenAuf_de\"]},{\"@type\":\"Person\",\"@id\":\"https:\/\/now-news.de\/de\/#\/schema\/person\/fb534a4e865501d8b3285208df34a9b5\",\"name\":\"rtnews\",\"image\":{\"@type\":\"ImageObject\",\"inLanguage\":\"de\",\"@id\":\"https:\/\/now-news.de\/de\/#\/schema\/person\/image\/\",\"url\":\"https:\/\/secure.gravatar.com\/avatar\/82aafea7d8127119dd649515f56e2117?s=96&d=mm&r=g\",\"contentUrl\":\"https:\/\/secure.gravatar.com\/avatar\/82aafea7d8127119dd649515f56e2117?s=96&d=mm&r=g\",\"caption\":\"rtnews\"},\"url\":\"https:\/\/now-news.de\/de\/author\/rnews\/\"}]}<\/script>\n<!-- \/ Yoast SEO Premium plugin. -->","yoast_head_json":{"title":"Polen soll Nord-Stream-Verd\u00e4chtigem Asyl angeboten haben: &quot;F\u00fcr uns ist er ein Held&quot; - just-now.NEWS Deutschland","robots":{"index":"index","follow":"follow","max-snippet":"max-snippet:-1","max-image-preview":"max-image-preview:large","max-video-preview":"max-video-preview:-1"},"canonical":"https:\/\/now-news.de\/de\/deutschland\/polen-soll-nord-stream-verdaechtigem-asyl-angeboten-haben-fuer-uns-ist-er-ein-held\/","og_locale":"de_DE","og_type":"article","og_title":"Polen soll Nord-Stream-Verd\u00e4chtigem Asyl angeboten haben: &quot;F\u00fcr uns ist er ein Held&quot;","og_description":"Polen soll dem ukrainischen Nord-Stream-Verd\u00e4chtigen Wladimir Zh. Asyl und einen Orden angeboten haben. Statt seiner Festnahme erm\u00f6glichte Warschau seine Flucht nach Kiew. Deutsche Ermittler kritisieren die Blockade der Zusammenarbeit und das Ignorieren wichtiger Beweise. Polens Au\u00dfenminister Rados\u0142aw Sikorski soll den deutschen Beh\u00f6rden gegen\u00fcber erkl\u00e4rt haben, dass Warschau bereit sei, dem mutma\u00dflichen ukrainischen Drahtzieher Wladimir Zh. [&hellip;]","og_url":"https:\/\/now-news.de\/de\/deutschland\/polen-soll-nord-stream-verdaechtigem-asyl-angeboten-haben-fuer-uns-ist-er-ein-held\/","og_site_name":"just-now.NEWS Deutschland","article_publisher":"https:\/\/www.facebook.com\/wirmachenauf","article_published_time":"2025-09-25T12:18:57+00:00","og_image":[{"url":"https:\/\/now-news.de\/de\/wp-content\/uploads\/sites\/3\/2025\/09\/68d50994b480cc37cf6a318a.jpeg"}],"author":"rtnews","twitter_card":"summary_large_image","twitter_creator":"@WirMachenAuf_de","twitter_site":"@WirMachenAuf_de","twitter_misc":{"Verfasst von":"rtnews","Gesch\u00e4tzte Lesezeit":"2\u00a0Minuten"},"schema":{"@context":"https:\/\/schema.org","@graph":[{"@type":"Article","@id":"https:\/\/now-news.de\/de\/deutschland\/polen-soll-nord-stream-verdaechtigem-asyl-angeboten-haben-fuer-uns-ist-er-ein-held\/#article","isPartOf":{"@id":"https:\/\/now-news.de\/de\/deutschland\/polen-soll-nord-stream-verdaechtigem-asyl-angeboten-haben-fuer-uns-ist-er-ein-held\/"},"author":{"name":"rtnews","@id":"https:\/\/now-news.de\/de\/#\/schema\/person\/fb534a4e865501d8b3285208df34a9b5"},"headline":"Polen soll Nord-Stream-Verd\u00e4chtigem Asyl angeboten haben: &quot;F\u00fcr uns ist er ein Held&quot;","datePublished":"2025-09-25T12:18:57+00:00","dateModified":"2025-09-25T12:18:57+00:00","mainEntityOfPage":{"@id":"https:\/\/now-news.de\/de\/deutschland\/polen-soll-nord-stream-verdaechtigem-asyl-angeboten-haben-fuer-uns-ist-er-ein-held\/"},"wordCount":371,"commentCount":0,"publisher":{"@id":"https:\/\/now-news.de\/de\/#organization"},"image":{"@id":"https:\/\/now-news.de\/de\/deutschland\/polen-soll-nord-stream-verdaechtigem-asyl-angeboten-haben-fuer-uns-ist-er-ein-held\/#primaryimage"},"thumbnailUrl":"https:\/\/now-news.de\/de\/wp-content\/uploads\/sites\/3\/2025\/09\/Polen-soll-Nord-Stream-Verdaechtigem-Asyl-angeboten-haben-quotFuer-uns-ist-er.jpeg","keywords":["angeboten","ASYL","ein","haben","Heldquot","ist","NordStreamVerd\u00e4chtigem","Polen","quotF\u00fcr","soll","uns"],"articleSection":["Deutschland","Russland"],"inLanguage":"de","potentialAction":[{"@type":"CommentAction","name":"Comment","target":["https:\/\/now-news.de\/de\/deutschland\/polen-soll-nord-stream-verdaechtigem-asyl-angeboten-haben-fuer-uns-ist-er-ein-held\/#respond"]}]},{"@type":"WebPage","@id":"https:\/\/now-news.de\/de\/deutschland\/polen-soll-nord-stream-verdaechtigem-asyl-angeboten-haben-fuer-uns-ist-er-ein-held\/","url":"https:\/\/now-news.de\/de\/deutschland\/polen-soll-nord-stream-verdaechtigem-asyl-angeboten-haben-fuer-uns-ist-er-ein-held\/","name":"Polen soll Nord-Stream-Verd\u00e4chtigem Asyl angeboten haben: &quot;F\u00fcr uns ist er ein Held&quot; - just-now.NEWS Deutschland","isPartOf":{"@id":"https:\/\/now-news.de\/de\/#website"},"primaryImageOfPage":{"@id":"https:\/\/now-news.de\/de\/deutschland\/polen-soll-nord-stream-verdaechtigem-asyl-angeboten-haben-fuer-uns-ist-er-ein-held\/#primaryimage"},"image":{"@id":"https:\/\/now-news.de\/de\/deutschland\/polen-soll-nord-stream-verdaechtigem-asyl-angeboten-haben-fuer-uns-ist-er-ein-held\/#primaryimage"},"thumbnailUrl":"https:\/\/now-news.de\/de\/wp-content\/uploads\/sites\/3\/2025\/09\/Polen-soll-Nord-Stream-Verdaechtigem-Asyl-angeboten-haben-quotFuer-uns-ist-er.jpeg","datePublished":"2025-09-25T12:18:57+00:00","dateModified":"2025-09-25T12:18:57+00:00","breadcrumb":{"@id":"https:\/\/now-news.de\/de\/deutschland\/polen-soll-nord-stream-verdaechtigem-asyl-angeboten-haben-fuer-uns-ist-er-ein-held\/#breadcrumb"},"inLanguage":"de","potentialAction":[{"@type":"ReadAction","target":["https:\/\/now-news.de\/de\/deutschland\/polen-soll-nord-stream-verdaechtigem-asyl-angeboten-haben-fuer-uns-ist-er-ein-held\/"]}]},{"@type":"ImageObject","inLanguage":"de","@id":"https:\/\/now-news.de\/de\/deutschland\/polen-soll-nord-stream-verdaechtigem-asyl-angeboten-haben-fuer-uns-ist-er-ein-held\/#primaryimage","url":"https:\/\/now-news.de\/de\/wp-content\/uploads\/sites\/3\/2025\/09\/Polen-soll-Nord-Stream-Verdaechtigem-Asyl-angeboten-haben-quotFuer-uns-ist-er.jpeg","contentUrl":"https:\/\/now-news.de\/de\/wp-content\/uploads\/sites\/3\/2025\/09\/Polen-soll-Nord-Stream-Verdaechtigem-Asyl-angeboten-haben-quotFuer-uns-ist-er.jpeg","width":460,"height":259,"caption":"Polen soll Nord-Stream-Verd\u00e4chtigem Asyl angeboten haben: &quot;F\u00fcr uns ist er ein Held&quot;"},{"@type":"BreadcrumbList","@id":"https:\/\/now-news.de\/de\/deutschland\/polen-soll-nord-stream-verdaechtigem-asyl-angeboten-haben-fuer-uns-ist-er-ein-held\/#breadcrumb","itemListElement":[{"@type":"ListItem","position":1,"name":"Home","item":"https:\/\/now-news.de\/de\/"},{"@type":"ListItem","position":2,"name":"Polen soll Nord-Stream-Verd\u00e4chtigem Asyl angeboten haben: &quot;F\u00fcr uns ist er ein Held&quot;"}]},{"@type":"WebSite","@id":"https:\/\/now-news.de\/de\/#website","url":"https:\/\/now-news.de\/de\/","name":"just-now.NEWS Deutschland","description":"Das Portal f\u00fcr unzensierte Nachrichten aus der Welt","publisher":{"@id":"https:\/\/now-news.de\/de\/#organization"},"potentialAction":[{"@type":"SearchAction","target":{"@type":"EntryPoint","urlTemplate":"https:\/\/now-news.de\/de\/?s={search_term_string}"},"query-input":"required name=search_term_string"}],"inLanguage":"de"},{"@type":"Organization","@id":"https:\/\/now-news.de\/de\/#organization","name":"Just Now News","url":"https:\/\/now-news.de\/de\/","logo":{"@type":"ImageObject","inLanguage":"de","@id":"https:\/\/now-news.de\/de\/#\/schema\/logo\/image\/","url":"http:\/\/just-now.news\/de\/wp-content\/uploads\/sites\/3\/2022\/04\/logo500x500.jpg","contentUrl":"http:\/\/just-now.news\/de\/wp-content\/uploads\/sites\/3\/2022\/04\/logo500x500.jpg","width":500,"height":500,"caption":"Just Now News"},"image":{"@id":"https:\/\/now-news.de\/de\/#\/schema\/logo\/image\/"},"sameAs":["https:\/\/www.facebook.com\/wirmachenauf","https:\/\/x.com\/WirMachenAuf_de"]},{"@type":"Person","@id":"https:\/\/now-news.de\/de\/#\/schema\/person\/fb534a4e865501d8b3285208df34a9b5","name":"rtnews","image":{"@type":"ImageObject","inLanguage":"de","@id":"https:\/\/now-news.de\/de\/#\/schema\/person\/image\/","url":"https:\/\/secure.gravatar.com\/avatar\/82aafea7d8127119dd649515f56e2117?s=96&d=mm&r=g","contentUrl":"https:\/\/secure.gravatar.com\/avatar\/82aafea7d8127119dd649515f56e2117?s=96&d=mm&r=g","caption":"rtnews"},"url":"https:\/\/now-news.de\/de\/author\/rnews\/"}]}},"_links":{"self":[{"href":"https:\/\/now-news.de\/de\/wp-json\/wp\/v2\/posts\/91141"}],"collection":[{"href":"https:\/\/now-news.de\/de\/wp-json\/wp\/v2\/posts"}],"about":[{"href":"https:\/\/now-news.de\/de\/wp-json\/wp\/v2\/types\/post"}],"author":[{"embeddable":true,"href":"https:\/\/now-news.de\/de\/wp-json\/wp\/v2\/users\/3"}],"replies":[{"embeddable":true,"href":"https:\/\/now-news.de\/de\/wp-json\/wp\/v2\/comments?post=91141"}],"version-history":[{"count":0,"href":"https:\/\/now-news.de\/de\/wp-json\/wp\/v2\/posts\/91141\/revisions"}],"wp:featuredmedia":[{"embeddable":true,"href":"https:\/\/now-news.de\/de\/wp-json\/wp\/v2\/media\/91142"}],"wp:attachment":[{"href":"https:\/\/now-news.de\/de\/wp-json\/wp\/v2\/media?parent=91141"}],"wp:term":[{"taxonomy":"category","embeddable":true,"href":"https:\/\/now-news.de\/de\/wp-json\/wp\/v2\/categories?post=91141"},{"taxonomy":"post_tag","embeddable":true,"href":"https:\/\/now-news.de\/de\/wp-json\/wp\/v2\/tags?post=91141"}],"curies":[{"name":"wp","href":"https:\/\/api.w.org\/{rel}","templated":true}]}}