{"id":91023,"date":"2025-09-23T16:46:18","date_gmt":"2025-09-23T14:46:18","guid":{"rendered":"https:\/\/now-news.de\/de\/deutschland\/wir-brauchen-den-digitalen-euro-klingbeil-nach-treffen-der-eu-finanzminister\/"},"modified":"2025-09-23T16:46:18","modified_gmt":"2025-09-23T14:46:18","slug":"wir-brauchen-den-digitalen-euro-klingbeil-nach-treffen-der-eu-finanzminister","status":"publish","type":"post","link":"https:\/\/now-news.de\/de\/deutschland\/wir-brauchen-den-digitalen-euro-klingbeil-nach-treffen-der-eu-finanzminister\/","title":{"rendered":"&quot;Wir brauchen den digitalen Euro&quot; \u2013 Klingbeil nach Treffen der EU-Finanzminister"},"content":{"rendered":"<p><img decoding=\"async\" src=\"https:\/\/now-news.de\/de\/wp-content\/uploads\/sites\/3\/2025\/09\/68d27a5248fbef407f353a84.jpg\" \/><\/p>\n<div class=\"Text-root Text-type_1 \">\n                Das j\u00fcngste Treffen der europ\u00e4ischen Finanzminister forciert den Weg in den Digitalzwang im Bereich des Geldes. Die Europ\u00e4ische Zentralbank (EZB) plant, den digitalen Euro im Jahr 2028 einzuf\u00fchren. Bundesfinanzminister Lars Klingbeil (SPD) erkl\u00e4rte nach dem Treffen: &#8220;Dabei m\u00fcssen wir vorankommen.&#8221;\n            <\/div>\n<p><\/p>\n<div class=\"Text-root Text-type_5 ArticleView-text ViewText-root \">\n<p>Die Europ\u00e4ische Kommission hatte Ende Juni\u00a02023 einen sogenannten &#8220;Legislativvorschlag zur Schaffung des Rechtsrahmens f\u00fcr einen m\u00f6glichen digitalen Euro&#8221; ver\u00f6ffentlicht.\u00a0Das Bundesfinanzministerium hatte sich von Beginn an offen f\u00fcr ein entsprechendes Zahlungssystem gezeigt. Im Vorjahr stimmten die Abgeordneten der Ex-Ampel sowie die Restfraktionen gegen einen digitalkritischen Antrag der AfD. Nun best\u00e4tigte\u00a0Bundesfinanzminister Lars Klingbeil (SPD) in einem Instagram-Beitrag, dass unter seiner \u00c4gide der Weg zu einer\u00a0digitalen Zahlungsmethode in Europa nicht gestoppt wird.<\/p>\n<p>Die\u00a0Pr\u00e4sidentin der Europ\u00e4ischen Zentralbank (EZB) Christine Lagarde k\u00fcndigte im M\u00e4rz dieses Jahres an, dass sie es begr\u00fc\u00dfen w\u00fcrde, k\u00f6nnte die &#8220;<a rel=\"nofollow noopener\" target=\"_blank\" href=\"https:\/\/www.ecb.europa.eu\/euro\/digital_euro\/progress\/html\/index.de.html\">Vorbereitungsphase<\/a>\u00a0des Projekts&#8221; eines digitalen Euros noch bis Oktober dieses Jahres abgeschlossen werden.\u00a0\u00a0Im Anschluss soll dann die finale Phase starten, bei der &#8220;die potenzielle Entwicklung und Umsetzung der Anwendungsf\u00e4lle f\u00fcr den digitalen Euro erarbeitet&#8221; werden soll. Am 19.\u00a0September trafen sich turnusm\u00e4\u00dfig die EU-Wirtschafts- und -Finanzminister in D\u00e4nemark. Dazu <a rel=\"nofollow noopener\" target=\"_blank\" href=\"https:\/\/www.handelsblatt.com\/finanzen\/maerkte\/devisen-rohstoffe\/digitaleuro-eu-finanzminister-legen-fahrplan-fuer-digitalen-euro-fest\/100156595.html\">informierte<\/a> das <em>Handelsblatt<\/em>:<\/p>\n<p><em>&#8220;Die europ\u00e4ischen Finanzminister haben sich auf ihrem Treffen in Kopenhagen \u00fcber die n\u00e4chsten Schritte auf dem Weg zu einem digitalen Euro verst\u00e4ndigt. Der Kompromiss sieht vor, dass die Minister ein Mitspracherecht bei der endg\u00fcltigen Entscheidung \u00fcber die Einf\u00fchrung und bei der Festlegung von Obergrenzen f\u00fcr den Besitz der Digitalw\u00e4hrung erhalten.&#8221;<\/em><\/p>\n<p>Der deutsche Finanzminister kommentierte die Ergebnisse in einem Beitrag seines Social-Media-Teams und erkl\u00e4rte:<\/p>\n<p><em>&#8220;Ich bin fest davon \u00fcberzeugt, das wir in Europa\u00a0vorankommen m\u00fcssen mit einer digitalen Zahlungsmethode. Und das erst recht in Zeiten, wo die Welt unsicherer geworden ist, wo man auch wei\u00df, das man sich auf andere Finanzdienstleister nicht zwingend verlassen kann.&#8221;<\/em><\/p>\n<p>Er &#8220;glaube&#8221;, so Klingbeil, es gehe bei der anvisierten Einf\u00fchrung &#8220;um ein neues Selbstbewusstsein, was wir in Europa brauchen&#8221;.\u00a0Der Bundestag hatte zuvor, im Juli des Vorjahres,\u00a0zwei Antr\u00e4ge zum\u00a0digitalen Euro mit den Stimmen der Ex-Ampelregierung\u00a0<a rel=\"nofollow noopener\" target=\"_blank\" href=\"https:\/\/www.bundestag.de\/dokumente\/textarchiv\/2024\/kw27-de-digitaler-euro-1010716\">abgelehnt<\/a>. Dazu hei\u00dft es auf der Website des Bundestags:<\/p>\n<p><em>&#8220;Gegen den Antrag der CDU\/CSU-Fraktion mit dem Titel &#8216;Abstimmung \u00fcber den digitalen Euro im Bundestag bindend machen&#8217; (<a rel=\"nofollow noopener\" target=\"_blank\" href=\"https:\/\/dserver.bundestag.de\/btd\/20\/091\/2009133.pdf\">20\/9133<\/a>) stimmten die Koalitionsfraktionen SPD, B\u00fcndnis\u00a090\/Die Gr\u00fcnen und FDP, daf\u00fcr die Unionsfraktion und die AfD-Fraktion. Mit den Stimmen aller \u00fcbrigen Fraktionen lehnte das Parlament den Antrag der AfD-Fraktion mit dem Titel &#8216;Bargeld als einziges gesetzliches Zahlungsmittel bewahren und \u00dcberwachung der B\u00fcrger durch digitales Zentralbankgeld verhindern\u00a0(<a rel=\"nofollow noopener\" target=\"_blank\" href=\"https:\/\/dserver.bundestag.de\/btd\/20\/091\/2009144.pdf\">20\/9144<\/a>) ab&#8217;.&#8221;<\/em><\/p>\n<p>Laut dem <em>Handelsblatt<\/em>-Artikel hat Klingbeil vor den j\u00fcngsten EU-Beratungen &#8220;auf Fortschritte gedr\u00e4ngt&#8221;. Der\u00a0Vorsitzende der Eurogruppe, der Ire Paschal Donohoe, erkl\u00e4rte am Freitag der Vorwoche auf einer gemeinsamen Pressekonferenz mit Lagarde\u00a0und EU-Kommissar Valdis Dombrovskis:<\/p>\n<p><em>&#8220;Der Kompromiss, den wir erzielt haben, sieht vor, dass es vor einer endg\u00fcltigen Entscheidung der\u00a0EZB\u00a0\u00fcber die Ausgabe\u00a0(&#8230;) eine Gelegenheit zur Diskussion im Ministerrat mit Bezug auf dieses Datum geben wird, mit Bezug darauf, wie das Projekt voranschreiten wird.&#8221;<\/em><\/p>\n<p>Der digitalkritische Blogger und Publizist Norbert H\u00e4ring <a rel=\"nofollow noopener\" target=\"_blank\" href=\"https:\/\/norberthaering.de\/news\/sachstand-digitaler-euro\/\">erkl\u00e4rte<\/a> zum bisherigen Verfahrensverlauf im M\u00e4rz dieses Jahres:<\/p>\n<p><em>&#8220;Die Einf\u00fchrung\u00a0des von EU-Kommission und Europ\u00e4ischer Zentralbank (EZB) vorangetriebenen digitalen Euro wird zunehmend unsicher. Die Regierungen sind untereinander und mit der EZB uneins. Im EU-Parlament beginnen die Beratungen von vorne. Wichtige Fragen der Kompetenzen und der Ausgestaltung sind strittig. Die USA machen nicht mehr mit.&#8221;<\/em><\/p>\n<p>Die Streitigkeiten beziehen sich demnach darauf, dass die\u00a0EZB sich &#8220;bei der technischen und strukturellen Ausgestaltung des digitalen Euro nicht reinreden lassen will&#8221;. So w\u00fcrden &#8220;einige Mitgliedstaaten&#8221; diese Pl\u00e4ne jedoch nicht akzeptieren, da sie Sorge haben, &#8220;dass die EZB auf diese Weise Fakten schafft, und die Regierungen das Ergebnis nur noch abnicken k\u00f6nnen&#8221;.<\/p>\n<p>Das Bundesfinanzministerium behauptet in einem Artikel zum Thema, dass der digitale Euro &#8220;sich an den Grundeigenschaften des Bargelds orientieren&#8221; wird. Ziel der Bundesregierung sei demnach, dass bei Zahlungen mit dem digitalen Euro &#8220;der Privatsph\u00e4reschutz st\u00e4rker ausgepr\u00e4gt ist als bei heutigen, von privaten Unternehmen angebotenen elektronischen Zahlverfahren&#8221;. H\u00e4ring res\u00fcmiert zu den j\u00fcngsten Dynamiken und Streitpunkten:<\/p>\n<p><em>&#8220;Eine unklare Zielsetzung, Kompetenzgerangel und Interessengegens\u00e4tze zwischen privater Finanzbranche, Regierungen und EZB hemmen die Einf\u00fchrung des digitalen Euro. Hinzu kommt seit kurzem, dass sich die USA gegen das Projekt der digitalen W\u00e4hrungen wenden und stattdessen auf Kryptow\u00e4hrungen setzen. Dies macht es eher unwahrscheinlich, dass es gelingt, ein funktionierendes internationales Zahlungssystem auf Basis von digitalen W\u00e4hrungen einzurichten.&#8221;<\/em><\/p>\n<p>Die Zukunft des digitalen Euro sei daher aktuell &#8220;sehr unsicher geworden&#8221;.<\/p>\n<p><strong>Mehr zum Thema \u2013\u00a0<\/strong><a rel=\"nofollow noopener\" target=\"_blank\" href=\"https:\/\/freedert.online\/inland\/256475-neue-scan-autos-mobile-dauerfilmerei\/\">Neue Scan-Autos \u2012 Mobile Video\u00fcberwachung im \u00f6ffentlichen Raum<\/a><\/p>\n<div class=\"EmbedBlock-root EmbedBlock-externalVideo EmbedBlock-rumble\">\n<div class=\"VkEmbed\"><iframe class=\"lazyload\" data-src=\"https:\/\/rumble.com\/embed\/v6rr2ah\" frameborder=\"0\" width=\"853\" height=\"480\" allowfullscreen><\/iframe><\/div>\n<\/div>\n<\/div>\n<p><br \/>\n<br \/><a href=\"https:\/\/de.rt.com\/inland\/256817-wir-brauchen-digitalen-euro-minister-klingbeil-nach-treffen-der-eu-finanzminister\/\">Source link <\/a><\/p>\n","protected":false},"excerpt":{"rendered":"<p>Das j\u00fcngste Treffen der europ\u00e4ischen Finanzminister forciert den Weg in den Digitalzwang im Bereich des Geldes. Die Europ\u00e4ische Zentralbank (EZB) plant, den digitalen Euro im Jahr 2028 einzuf\u00fchren. Bundesfinanzminister Lars Klingbeil (SPD) erkl\u00e4rte nach dem Treffen: &#8220;Dabei m\u00fcssen wir vorankommen.&#8221; Die Europ\u00e4ische Kommission hatte Ende Juni\u00a02023 einen sogenannten &#8220;Legislativvorschlag zur Schaffung des Rechtsrahmens f\u00fcr einen [&hellip;]<\/p>\n","protected":false},"author":3,"featured_media":91024,"comment_status":"open","ping_status":"open","sticky":false,"template":"","format":"standard","meta":{"_yoast_indexnow_last_ping":["1758639656"],"wp_automatic_camp":["217"],"edba5b66874c5a0e0915d8a35da71e2e":["&quot;Wir brauchen den digitalen Euro&quot; \u2013 Klingbeil nach Treffen der EU-Finanzminister"],"original_link":["https:\/\/de.rt.com\/inland\/256817-wir-brauchen-digitalen-euro-minister-klingbeil-nach-treffen-der-eu-finanzminister\/"],"_thumbnail_id":["91024"],"jnews_social_counter_last_update":["1777298162"],"_wptgpro_p2tg_sent2tg":["a:1:{i:23737;s:19:\"2025-09-23 17:02:02\";}"]},"categories":[19,23],"tags":[16210,48,82,25707,67954,67953,18061,979,5451,354],"yoast_head":"<!-- This site is optimized with the Yoast SEO Premium plugin v22.7 (Yoast SEO v22.7) - https:\/\/yoast.com\/wordpress\/plugins\/seo\/ -->\n<title>&quot;Wir brauchen den digitalen Euro&quot; \u2013 Klingbeil nach Treffen der EU-Finanzminister - just-now.NEWS Deutschland<\/title>\n<meta name=\"robots\" content=\"index, follow, max-snippet:-1, max-image-preview:large, max-video-preview:-1\" \/>\n<link rel=\"canonical\" href=\"https:\/\/now-news.de\/de\/deutschland\/wir-brauchen-den-digitalen-euro-klingbeil-nach-treffen-der-eu-finanzminister\/\" \/>\n<meta property=\"og:locale\" content=\"de_DE\" \/>\n<meta property=\"og:type\" content=\"article\" \/>\n<meta property=\"og:title\" content=\"&quot;Wir brauchen den digitalen Euro&quot; \u2013 Klingbeil nach Treffen der EU-Finanzminister\" \/>\n<meta property=\"og:description\" content=\"Das j\u00fcngste Treffen der europ\u00e4ischen Finanzminister forciert den Weg in den Digitalzwang im Bereich des Geldes. Die Europ\u00e4ische Zentralbank (EZB) plant, den digitalen Euro im Jahr 2028 einzuf\u00fchren. Bundesfinanzminister Lars Klingbeil (SPD) erkl\u00e4rte nach dem Treffen: &#8220;Dabei m\u00fcssen wir vorankommen.&#8221; Die Europ\u00e4ische Kommission hatte Ende Juni\u00a02023 einen sogenannten &#8220;Legislativvorschlag zur Schaffung des Rechtsrahmens f\u00fcr einen [&hellip;]\" \/>\n<meta property=\"og:url\" content=\"https:\/\/now-news.de\/de\/deutschland\/wir-brauchen-den-digitalen-euro-klingbeil-nach-treffen-der-eu-finanzminister\/\" \/>\n<meta property=\"og:site_name\" content=\"just-now.NEWS Deutschland\" \/>\n<meta property=\"article:publisher\" content=\"https:\/\/www.facebook.com\/wirmachenauf\" \/>\n<meta property=\"article:published_time\" content=\"2025-09-23T14:46:18+00:00\" \/>\n<meta property=\"og:image\" content=\"https:\/\/now-news.de\/de\/wp-content\/uploads\/sites\/3\/2025\/09\/68d27a5248fbef407f353a84.jpg\" \/>\n<meta name=\"author\" content=\"rtnews\" \/>\n<meta name=\"twitter:card\" content=\"summary_large_image\" \/>\n<meta name=\"twitter:creator\" content=\"@WirMachenAuf_de\" \/>\n<meta name=\"twitter:site\" content=\"@WirMachenAuf_de\" \/>\n<meta name=\"twitter:label1\" content=\"Verfasst von\" \/>\n\t<meta name=\"twitter:data1\" content=\"rtnews\" \/>\n\t<meta name=\"twitter:label2\" content=\"Gesch\u00e4tzte Lesezeit\" \/>\n\t<meta name=\"twitter:data2\" content=\"4\u00a0Minuten\" \/>\n<script type=\"application\/ld+json\" class=\"yoast-schema-graph\">{\"@context\":\"https:\/\/schema.org\",\"@graph\":[{\"@type\":\"Article\",\"@id\":\"https:\/\/now-news.de\/de\/deutschland\/wir-brauchen-den-digitalen-euro-klingbeil-nach-treffen-der-eu-finanzminister\/#article\",\"isPartOf\":{\"@id\":\"https:\/\/now-news.de\/de\/deutschland\/wir-brauchen-den-digitalen-euro-klingbeil-nach-treffen-der-eu-finanzminister\/\"},\"author\":{\"name\":\"rtnews\",\"@id\":\"https:\/\/now-news.de\/de\/#\/schema\/person\/fb534a4e865501d8b3285208df34a9b5\"},\"headline\":\"&quot;Wir brauchen den digitalen Euro&quot; \u2013 Klingbeil nach Treffen der EU-Finanzminister\",\"datePublished\":\"2025-09-23T14:46:18+00:00\",\"dateModified\":\"2025-09-23T14:46:18+00:00\",\"mainEntityOfPage\":{\"@id\":\"https:\/\/now-news.de\/de\/deutschland\/wir-brauchen-den-digitalen-euro-klingbeil-nach-treffen-der-eu-finanzminister\/\"},\"wordCount\":796,\"commentCount\":0,\"publisher\":{\"@id\":\"https:\/\/now-news.de\/de\/#organization\"},\"image\":{\"@id\":\"https:\/\/now-news.de\/de\/deutschland\/wir-brauchen-den-digitalen-euro-klingbeil-nach-treffen-der-eu-finanzminister\/#primaryimage\"},\"thumbnailUrl\":\"https:\/\/now-news.de\/de\/wp-content\/uploads\/sites\/3\/2025\/09\/quotWir-brauchen-den-digitalen-Euroquot-\u2013-Klingbeil-nach-Treffen-der.jpg\",\"keywords\":[\"BRAUCHEN\",\"den\",\"der\",\"digitalen\",\"EUFinanzminister\",\"Euroquot\",\"Klingbeil\",\"nach\",\"quotWir\",\"Treffen\"],\"articleSection\":[\"Deutschland\",\"Russland\"],\"inLanguage\":\"de\",\"potentialAction\":[{\"@type\":\"CommentAction\",\"name\":\"Comment\",\"target\":[\"https:\/\/now-news.de\/de\/deutschland\/wir-brauchen-den-digitalen-euro-klingbeil-nach-treffen-der-eu-finanzminister\/#respond\"]}]},{\"@type\":\"WebPage\",\"@id\":\"https:\/\/now-news.de\/de\/deutschland\/wir-brauchen-den-digitalen-euro-klingbeil-nach-treffen-der-eu-finanzminister\/\",\"url\":\"https:\/\/now-news.de\/de\/deutschland\/wir-brauchen-den-digitalen-euro-klingbeil-nach-treffen-der-eu-finanzminister\/\",\"name\":\"&quot;Wir brauchen den digitalen Euro&quot; \u2013 Klingbeil nach Treffen der EU-Finanzminister - just-now.NEWS Deutschland\",\"isPartOf\":{\"@id\":\"https:\/\/now-news.de\/de\/#website\"},\"primaryImageOfPage\":{\"@id\":\"https:\/\/now-news.de\/de\/deutschland\/wir-brauchen-den-digitalen-euro-klingbeil-nach-treffen-der-eu-finanzminister\/#primaryimage\"},\"image\":{\"@id\":\"https:\/\/now-news.de\/de\/deutschland\/wir-brauchen-den-digitalen-euro-klingbeil-nach-treffen-der-eu-finanzminister\/#primaryimage\"},\"thumbnailUrl\":\"https:\/\/now-news.de\/de\/wp-content\/uploads\/sites\/3\/2025\/09\/quotWir-brauchen-den-digitalen-Euroquot-\u2013-Klingbeil-nach-Treffen-der.jpg\",\"datePublished\":\"2025-09-23T14:46:18+00:00\",\"dateModified\":\"2025-09-23T14:46:18+00:00\",\"breadcrumb\":{\"@id\":\"https:\/\/now-news.de\/de\/deutschland\/wir-brauchen-den-digitalen-euro-klingbeil-nach-treffen-der-eu-finanzminister\/#breadcrumb\"},\"inLanguage\":\"de\",\"potentialAction\":[{\"@type\":\"ReadAction\",\"target\":[\"https:\/\/now-news.de\/de\/deutschland\/wir-brauchen-den-digitalen-euro-klingbeil-nach-treffen-der-eu-finanzminister\/\"]}]},{\"@type\":\"ImageObject\",\"inLanguage\":\"de\",\"@id\":\"https:\/\/now-news.de\/de\/deutschland\/wir-brauchen-den-digitalen-euro-klingbeil-nach-treffen-der-eu-finanzminister\/#primaryimage\",\"url\":\"https:\/\/now-news.de\/de\/wp-content\/uploads\/sites\/3\/2025\/09\/quotWir-brauchen-den-digitalen-Euroquot-\u2013-Klingbeil-nach-Treffen-der.jpg\",\"contentUrl\":\"https:\/\/now-news.de\/de\/wp-content\/uploads\/sites\/3\/2025\/09\/quotWir-brauchen-den-digitalen-Euroquot-\u2013-Klingbeil-nach-Treffen-der.jpg\",\"width\":460,\"height\":259,\"caption\":\"&quot;Wir brauchen den digitalen Euro&quot; \u2013 Klingbeil nach Treffen der EU-Finanzminister\"},{\"@type\":\"BreadcrumbList\",\"@id\":\"https:\/\/now-news.de\/de\/deutschland\/wir-brauchen-den-digitalen-euro-klingbeil-nach-treffen-der-eu-finanzminister\/#breadcrumb\",\"itemListElement\":[{\"@type\":\"ListItem\",\"position\":1,\"name\":\"Home\",\"item\":\"https:\/\/now-news.de\/de\/\"},{\"@type\":\"ListItem\",\"position\":2,\"name\":\"&quot;Wir brauchen den digitalen Euro&quot; \u2013 Klingbeil nach Treffen der EU-Finanzminister\"}]},{\"@type\":\"WebSite\",\"@id\":\"https:\/\/now-news.de\/de\/#website\",\"url\":\"https:\/\/now-news.de\/de\/\",\"name\":\"just-now.NEWS Deutschland\",\"description\":\"Das Portal f\u00fcr unzensierte Nachrichten aus der Welt\",\"publisher\":{\"@id\":\"https:\/\/now-news.de\/de\/#organization\"},\"potentialAction\":[{\"@type\":\"SearchAction\",\"target\":{\"@type\":\"EntryPoint\",\"urlTemplate\":\"https:\/\/now-news.de\/de\/?s={search_term_string}\"},\"query-input\":\"required name=search_term_string\"}],\"inLanguage\":\"de\"},{\"@type\":\"Organization\",\"@id\":\"https:\/\/now-news.de\/de\/#organization\",\"name\":\"Just Now News\",\"url\":\"https:\/\/now-news.de\/de\/\",\"logo\":{\"@type\":\"ImageObject\",\"inLanguage\":\"de\",\"@id\":\"https:\/\/now-news.de\/de\/#\/schema\/logo\/image\/\",\"url\":\"http:\/\/just-now.news\/de\/wp-content\/uploads\/sites\/3\/2022\/04\/logo500x500.jpg\",\"contentUrl\":\"http:\/\/just-now.news\/de\/wp-content\/uploads\/sites\/3\/2022\/04\/logo500x500.jpg\",\"width\":500,\"height\":500,\"caption\":\"Just Now News\"},\"image\":{\"@id\":\"https:\/\/now-news.de\/de\/#\/schema\/logo\/image\/\"},\"sameAs\":[\"https:\/\/www.facebook.com\/wirmachenauf\",\"https:\/\/x.com\/WirMachenAuf_de\"]},{\"@type\":\"Person\",\"@id\":\"https:\/\/now-news.de\/de\/#\/schema\/person\/fb534a4e865501d8b3285208df34a9b5\",\"name\":\"rtnews\",\"image\":{\"@type\":\"ImageObject\",\"inLanguage\":\"de\",\"@id\":\"https:\/\/now-news.de\/de\/#\/schema\/person\/image\/\",\"url\":\"https:\/\/secure.gravatar.com\/avatar\/82aafea7d8127119dd649515f56e2117?s=96&d=mm&r=g\",\"contentUrl\":\"https:\/\/secure.gravatar.com\/avatar\/82aafea7d8127119dd649515f56e2117?s=96&d=mm&r=g\",\"caption\":\"rtnews\"},\"url\":\"https:\/\/now-news.de\/de\/author\/rnews\/\"}]}<\/script>\n<!-- \/ Yoast SEO Premium plugin. -->","yoast_head_json":{"title":"&quot;Wir brauchen den digitalen Euro&quot; \u2013 Klingbeil nach Treffen der EU-Finanzminister - just-now.NEWS Deutschland","robots":{"index":"index","follow":"follow","max-snippet":"max-snippet:-1","max-image-preview":"max-image-preview:large","max-video-preview":"max-video-preview:-1"},"canonical":"https:\/\/now-news.de\/de\/deutschland\/wir-brauchen-den-digitalen-euro-klingbeil-nach-treffen-der-eu-finanzminister\/","og_locale":"de_DE","og_type":"article","og_title":"&quot;Wir brauchen den digitalen Euro&quot; \u2013 Klingbeil nach Treffen der EU-Finanzminister","og_description":"Das j\u00fcngste Treffen der europ\u00e4ischen Finanzminister forciert den Weg in den Digitalzwang im Bereich des Geldes. Die Europ\u00e4ische Zentralbank (EZB) plant, den digitalen Euro im Jahr 2028 einzuf\u00fchren. Bundesfinanzminister Lars Klingbeil (SPD) erkl\u00e4rte nach dem Treffen: &#8220;Dabei m\u00fcssen wir vorankommen.&#8221; Die Europ\u00e4ische Kommission hatte Ende Juni\u00a02023 einen sogenannten &#8220;Legislativvorschlag zur Schaffung des Rechtsrahmens f\u00fcr einen [&hellip;]","og_url":"https:\/\/now-news.de\/de\/deutschland\/wir-brauchen-den-digitalen-euro-klingbeil-nach-treffen-der-eu-finanzminister\/","og_site_name":"just-now.NEWS Deutschland","article_publisher":"https:\/\/www.facebook.com\/wirmachenauf","article_published_time":"2025-09-23T14:46:18+00:00","og_image":[{"url":"https:\/\/now-news.de\/de\/wp-content\/uploads\/sites\/3\/2025\/09\/68d27a5248fbef407f353a84.jpg"}],"author":"rtnews","twitter_card":"summary_large_image","twitter_creator":"@WirMachenAuf_de","twitter_site":"@WirMachenAuf_de","twitter_misc":{"Verfasst von":"rtnews","Gesch\u00e4tzte Lesezeit":"4\u00a0Minuten"},"schema":{"@context":"https:\/\/schema.org","@graph":[{"@type":"Article","@id":"https:\/\/now-news.de\/de\/deutschland\/wir-brauchen-den-digitalen-euro-klingbeil-nach-treffen-der-eu-finanzminister\/#article","isPartOf":{"@id":"https:\/\/now-news.de\/de\/deutschland\/wir-brauchen-den-digitalen-euro-klingbeil-nach-treffen-der-eu-finanzminister\/"},"author":{"name":"rtnews","@id":"https:\/\/now-news.de\/de\/#\/schema\/person\/fb534a4e865501d8b3285208df34a9b5"},"headline":"&quot;Wir brauchen den digitalen Euro&quot; \u2013 Klingbeil nach Treffen der EU-Finanzminister","datePublished":"2025-09-23T14:46:18+00:00","dateModified":"2025-09-23T14:46:18+00:00","mainEntityOfPage":{"@id":"https:\/\/now-news.de\/de\/deutschland\/wir-brauchen-den-digitalen-euro-klingbeil-nach-treffen-der-eu-finanzminister\/"},"wordCount":796,"commentCount":0,"publisher":{"@id":"https:\/\/now-news.de\/de\/#organization"},"image":{"@id":"https:\/\/now-news.de\/de\/deutschland\/wir-brauchen-den-digitalen-euro-klingbeil-nach-treffen-der-eu-finanzminister\/#primaryimage"},"thumbnailUrl":"https:\/\/now-news.de\/de\/wp-content\/uploads\/sites\/3\/2025\/09\/quotWir-brauchen-den-digitalen-Euroquot-\u2013-Klingbeil-nach-Treffen-der.jpg","keywords":["BRAUCHEN","den","der","digitalen","EUFinanzminister","Euroquot","Klingbeil","nach","quotWir","Treffen"],"articleSection":["Deutschland","Russland"],"inLanguage":"de","potentialAction":[{"@type":"CommentAction","name":"Comment","target":["https:\/\/now-news.de\/de\/deutschland\/wir-brauchen-den-digitalen-euro-klingbeil-nach-treffen-der-eu-finanzminister\/#respond"]}]},{"@type":"WebPage","@id":"https:\/\/now-news.de\/de\/deutschland\/wir-brauchen-den-digitalen-euro-klingbeil-nach-treffen-der-eu-finanzminister\/","url":"https:\/\/now-news.de\/de\/deutschland\/wir-brauchen-den-digitalen-euro-klingbeil-nach-treffen-der-eu-finanzminister\/","name":"&quot;Wir brauchen den digitalen Euro&quot; \u2013 Klingbeil nach Treffen der EU-Finanzminister - just-now.NEWS Deutschland","isPartOf":{"@id":"https:\/\/now-news.de\/de\/#website"},"primaryImageOfPage":{"@id":"https:\/\/now-news.de\/de\/deutschland\/wir-brauchen-den-digitalen-euro-klingbeil-nach-treffen-der-eu-finanzminister\/#primaryimage"},"image":{"@id":"https:\/\/now-news.de\/de\/deutschland\/wir-brauchen-den-digitalen-euro-klingbeil-nach-treffen-der-eu-finanzminister\/#primaryimage"},"thumbnailUrl":"https:\/\/now-news.de\/de\/wp-content\/uploads\/sites\/3\/2025\/09\/quotWir-brauchen-den-digitalen-Euroquot-\u2013-Klingbeil-nach-Treffen-der.jpg","datePublished":"2025-09-23T14:46:18+00:00","dateModified":"2025-09-23T14:46:18+00:00","breadcrumb":{"@id":"https:\/\/now-news.de\/de\/deutschland\/wir-brauchen-den-digitalen-euro-klingbeil-nach-treffen-der-eu-finanzminister\/#breadcrumb"},"inLanguage":"de","potentialAction":[{"@type":"ReadAction","target":["https:\/\/now-news.de\/de\/deutschland\/wir-brauchen-den-digitalen-euro-klingbeil-nach-treffen-der-eu-finanzminister\/"]}]},{"@type":"ImageObject","inLanguage":"de","@id":"https:\/\/now-news.de\/de\/deutschland\/wir-brauchen-den-digitalen-euro-klingbeil-nach-treffen-der-eu-finanzminister\/#primaryimage","url":"https:\/\/now-news.de\/de\/wp-content\/uploads\/sites\/3\/2025\/09\/quotWir-brauchen-den-digitalen-Euroquot-\u2013-Klingbeil-nach-Treffen-der.jpg","contentUrl":"https:\/\/now-news.de\/de\/wp-content\/uploads\/sites\/3\/2025\/09\/quotWir-brauchen-den-digitalen-Euroquot-\u2013-Klingbeil-nach-Treffen-der.jpg","width":460,"height":259,"caption":"&quot;Wir brauchen den digitalen Euro&quot; \u2013 Klingbeil nach Treffen der EU-Finanzminister"},{"@type":"BreadcrumbList","@id":"https:\/\/now-news.de\/de\/deutschland\/wir-brauchen-den-digitalen-euro-klingbeil-nach-treffen-der-eu-finanzminister\/#breadcrumb","itemListElement":[{"@type":"ListItem","position":1,"name":"Home","item":"https:\/\/now-news.de\/de\/"},{"@type":"ListItem","position":2,"name":"&quot;Wir brauchen den digitalen Euro&quot; \u2013 Klingbeil nach Treffen der EU-Finanzminister"}]},{"@type":"WebSite","@id":"https:\/\/now-news.de\/de\/#website","url":"https:\/\/now-news.de\/de\/","name":"just-now.NEWS Deutschland","description":"Das Portal f\u00fcr unzensierte Nachrichten aus der Welt","publisher":{"@id":"https:\/\/now-news.de\/de\/#organization"},"potentialAction":[{"@type":"SearchAction","target":{"@type":"EntryPoint","urlTemplate":"https:\/\/now-news.de\/de\/?s={search_term_string}"},"query-input":"required name=search_term_string"}],"inLanguage":"de"},{"@type":"Organization","@id":"https:\/\/now-news.de\/de\/#organization","name":"Just Now News","url":"https:\/\/now-news.de\/de\/","logo":{"@type":"ImageObject","inLanguage":"de","@id":"https:\/\/now-news.de\/de\/#\/schema\/logo\/image\/","url":"http:\/\/just-now.news\/de\/wp-content\/uploads\/sites\/3\/2022\/04\/logo500x500.jpg","contentUrl":"http:\/\/just-now.news\/de\/wp-content\/uploads\/sites\/3\/2022\/04\/logo500x500.jpg","width":500,"height":500,"caption":"Just Now News"},"image":{"@id":"https:\/\/now-news.de\/de\/#\/schema\/logo\/image\/"},"sameAs":["https:\/\/www.facebook.com\/wirmachenauf","https:\/\/x.com\/WirMachenAuf_de"]},{"@type":"Person","@id":"https:\/\/now-news.de\/de\/#\/schema\/person\/fb534a4e865501d8b3285208df34a9b5","name":"rtnews","image":{"@type":"ImageObject","inLanguage":"de","@id":"https:\/\/now-news.de\/de\/#\/schema\/person\/image\/","url":"https:\/\/secure.gravatar.com\/avatar\/82aafea7d8127119dd649515f56e2117?s=96&d=mm&r=g","contentUrl":"https:\/\/secure.gravatar.com\/avatar\/82aafea7d8127119dd649515f56e2117?s=96&d=mm&r=g","caption":"rtnews"},"url":"https:\/\/now-news.de\/de\/author\/rnews\/"}]}},"_links":{"self":[{"href":"https:\/\/now-news.de\/de\/wp-json\/wp\/v2\/posts\/91023"}],"collection":[{"href":"https:\/\/now-news.de\/de\/wp-json\/wp\/v2\/posts"}],"about":[{"href":"https:\/\/now-news.de\/de\/wp-json\/wp\/v2\/types\/post"}],"author":[{"embeddable":true,"href":"https:\/\/now-news.de\/de\/wp-json\/wp\/v2\/users\/3"}],"replies":[{"embeddable":true,"href":"https:\/\/now-news.de\/de\/wp-json\/wp\/v2\/comments?post=91023"}],"version-history":[{"count":0,"href":"https:\/\/now-news.de\/de\/wp-json\/wp\/v2\/posts\/91023\/revisions"}],"wp:featuredmedia":[{"embeddable":true,"href":"https:\/\/now-news.de\/de\/wp-json\/wp\/v2\/media\/91024"}],"wp:attachment":[{"href":"https:\/\/now-news.de\/de\/wp-json\/wp\/v2\/media?parent=91023"}],"wp:term":[{"taxonomy":"category","embeddable":true,"href":"https:\/\/now-news.de\/de\/wp-json\/wp\/v2\/categories?post=91023"},{"taxonomy":"post_tag","embeddable":true,"href":"https:\/\/now-news.de\/de\/wp-json\/wp\/v2\/tags?post=91023"}],"curies":[{"name":"wp","href":"https:\/\/api.w.org\/{rel}","templated":true}]}}