{"id":9101,"date":"2022-05-28T18:49:00","date_gmt":"2022-05-28T16:49:00","guid":{"rendered":"http:\/\/just-now.news\/de\/usa\/live-stream-video-kampfpilot-aeussert-sich-zur-diskriminierung-von-ungeimpften-beim-us-militaer-live-bei-noon-central\/"},"modified":"2022-05-28T18:49:00","modified_gmt":"2022-05-28T16:49:00","slug":"live-stream-video-kampfpilot-aeussert-sich-zur-diskriminierung-von-ungeimpften-beim-us-militaer-live-bei-noon-central","status":"publish","type":"post","link":"https:\/\/now-news.de\/de\/usa\/live-stream-video-kampfpilot-aeussert-sich-zur-diskriminierung-von-ungeimpften-beim-us-militaer-live-bei-noon-central\/","title":{"rendered":"LIVE-STREAM-VIDEO: Kampfpilot \u00e4u\u00dfert sich zur Diskriminierung von Ungeimpften beim US-Milit\u00e4r, live bei Noon Central"},"content":{"rendered":"<div class=\"entry-content\">\n<p><\/p>\n<p>Jim Hoft vom Gateway Pandit wird Kapit\u00e4n Tom Stewart USMC am Samstag, den 23. Mai 2022, um 12 Uhr Central interviewen.<\/p>\n<p>Kapit\u00e4n Tom Stewart:<\/p>\n<div id=\"IC1-ad\" class=\"sponsor IC1\">\n<p class=\"ad-notice flipboard-remove\" fl:fl-noexcerpt=\"true\">Werbung \u2013 die Geschichte geht unten weiter<\/p>\n<div id=\"IC1\">\n<script>\n\t\t\t\t\tif( FFADS.units.IC1 && FFADS.units.IC1.ad_type == 'custom' && FFADS.units.IC1.custom_ads && ! getCookie( 'ff_subbed' ) ) {\n\t\t\t\t\t\tdocument.getElementById( 'IC1' ).innerHTML = FFADS.units.IC1.custom_ads[0].code;\n\t\t\t\t\t\tif( ! FFADS.units.IC1.lazy_load ) eval( FFADS.units.IC1.custom_ads[0].rendering_script );\n\t\t\t\t\t}\n\t\t\t\t\telse if( FFADS.units.IC1 && ! getCookie( 'ff_subbed' ) ) {\n\t\t\t\t\t\tif( 'IC' != 'SB' && 'IC' != 'SA' && FFADS.use_fixed_containers ) {\n\t\t\t\t\t\t\tlet max_wh = firefly_size_list_to_max_wh( FFADS.units.IC1.sizes );\n\t\t\t\t\t\t\tlet el = document.querySelector( '#IC1' );\n\t\t\t\t\t\t\tif( 'IC' != 'SA' && FFADS.slide_pixels ) {\n\t\t\t\t\t\t\t\tmax_wh[1] += parseInt( FFADS.slide_pixels );\n\t\t\t\t\t\t\t\tel.classList.add( 'sliding' );\n\t\t\t\t\t\t\t}\n\t\t\t\t\t\t\tel.style.width = max_wh[0] + 'px';\n\t\t\t\t\t\t\tel.style.height = max_wh[1] + 'px';\n\t\t\t\t\t\t\tel.classList.add( 'fixed-size' );\n\t\t\t\t\t\t}\n\t\t\t\t\t\tgoogletag.cmd.push( function() {\n\t\t\t\t\t\t\tFFADS.debug( 'googletag.displaying IC1' );\n\t\t\t\t\t\t\tgoogletag.display( 'IC1' );\n\t\t\t\t\t\t} );\n\t\t\t\t\t}\n\t\t\t\t\telse {\n\t\t\t\t\t\tdocument.querySelector( '#IC1-ad' ).style.display = 'none';}\n\t\t\t\t<\/script><\/div>\n<\/div>\n<ul>\n<li>Hat 13 Jahre, 5 Monate und 20 Tage gedient<\/li>\n<li>Flog CH-53Es in Hawaii von April 2013 bis Dezember 2017<\/li>\n<li>Entsandt nach Darwin Australien mit kurzer Tour in Thailand w\u00e4hrend dieser Zeit<\/li>\n<li>Nach Hawaii diente er bis Juni 2019 als stellvertretender Luftwaffenoffizier f\u00fcr die 5. Marine Expeditionary Brigade, wo er die Luftbetankung zwischen franz\u00f6sischen Mirages und Marine KC-130 einrichtete und viele weitere \u00dcbungen im gesamten Nahen Osten unterst\u00fctzte<\/li>\n<li>Seit 3 \u200b\u200bJahren Helikopterfluglehrer bei Whiting Field<\/li>\n<li>Er hat am Freitag seinen endg\u00fcltigen Urlaub begonnen und ist am 1. Juli 2022 offiziell ausgefallen.<\/li>\n<\/ul>\n<p>Captain Stewart wird seine pers\u00f6nliche Geschichte beschreiben, als er die Impfmandate des US-Milit\u00e4rs herausforderte.  Dazu geh\u00f6rt auch das rechtswidrige Verfahren, mit dem sie US-Piloten im September ein Hausverbot erteilten, wodurch neun Monate an Arbeitskraft und Ressourcen verschwendet wurden.<\/p>\n<p><script>\n\t\t\t\t\tif( ! getCookie( 'ff_subbed' ) ) if( typeof FFADS.replace_ict != 'undefined' ) if( FFADS.replace_ict ) eval( FFADS.replace_ict );\n\t\t\t\t<\/script><\/p>\n<p>Stewart ist besorgt \u00fcber den Mangel an Kommandanten und anderen hochrangigen Offizieren, die sich gegen die COVID-Mandate wehren. <\/p>\n<p>Und Kapit\u00e4n Stewart wird die religi\u00f6se Diskriminierung er\u00f6rtern und wie das Verteidigungsministerium gegen seinen eigenen Freistellungsprozess verst\u00f6\u00dft.<\/p>\n<div id=\"IC2-ad\" class=\"sponsor IC2\">\n<p class=\"ad-notice flipboard-remove\" fl:fl-noexcerpt=\"true\">Werbung \u2013 die Geschichte geht unten weiter<\/p>\n<div id=\"IC2\">\n<script>\n\t\t\t\t\tif( FFADS.units.IC2 && FFADS.units.IC2.ad_type == 'custom' && FFADS.units.IC2.custom_ads && ! getCookie( 'ff_subbed' ) ) {\n\t\t\t\t\t\tdocument.getElementById( 'IC2' ).innerHTML = FFADS.units.IC2.custom_ads[0].code;\n\t\t\t\t\t\tif( ! FFADS.units.IC2.lazy_load ) eval( FFADS.units.IC2.custom_ads[0].rendering_script );\n\t\t\t\t\t}\n\t\t\t\t\telse if( FFADS.units.IC2 && ! getCookie( 'ff_subbed' ) ) {\n\t\t\t\t\t\tif( 'IC' != 'SB' && 'IC' != 'SA' && FFADS.use_fixed_containers ) {\n\t\t\t\t\t\t\tlet max_wh = firefly_size_list_to_max_wh( FFADS.units.IC2.sizes );\n\t\t\t\t\t\t\tlet el = document.querySelector( '#IC2' );\n\t\t\t\t\t\t\tif( 'IC' != 'SA' && FFADS.slide_pixels ) {\n\t\t\t\t\t\t\t\tmax_wh[1] += parseInt( FFADS.slide_pixels );\n\t\t\t\t\t\t\t\tel.classList.add( 'sliding' );\n\t\t\t\t\t\t\t}\n\t\t\t\t\t\t\tel.style.width = max_wh[0] + 'px';\n\t\t\t\t\t\t\tel.style.height = max_wh[1] + 'px';\n\t\t\t\t\t\t\tel.classList.add( 'fixed-size' );\n\t\t\t\t\t\t}\n\t\t\t\t\t\tgoogletag.cmd.push( function() {\n\t\t\t\t\t\t\tFFADS.debug( 'googletag.displaying IC2' );\n\t\t\t\t\t\t\tgoogletag.display( 'IC2' );\n\t\t\t\t\t\t} );\n\t\t\t\t\t}\n\t\t\t\t\telse {\n\t\t\t\t\t\tdocument.querySelector( '#IC2-ad' ).style.display = 'none';}\n\t\t\t\t<\/script><\/div>\n<\/div>\n<p>Wir freuen uns auf diese Diskussion heute.  Bitte einschalten.<\/p>\n<p><script>!function(r,u,m,b,l,e){r._Rumble=b,r[b]||(r[b]=function(){(r[b]._=r[b]._||[]).push(arguments);if(r[b]._.length==1){l=u.createElement(m),e=u.getElementsByTagName(m)[0],l.async=1,l.src=\"https:\/\/rumble.com\/embedJS\/u5o49d\"+(arguments[1].video?'.'+arguments[1].video:'')+\"\/?url=\"+encodeURIComponent(location.href)+\"&args=\"+encodeURIComponent(JSON.stringify([].slice.apply(arguments))),e.parentNode.insertBefore(l,e)}})}(window, document, \"script\", \"Rumble\");<\/script><\/p>\n<div id=\"rumble_v13u9nr\"><\/div>\n<p><script>\nRumble(\"play\", {\"video\":\"v13u9nr\",\"div\":\"rumble_v13u9nr\"});<\/script><\/p>\n<p class=\"article-ask\"><span class=\"ask\"><script>\n  if( getParameterByName( \"utm_source\" ) == \"testpage\" ) {\n    !function(e,t,a,n,g){e[n]=e[n]||[],e[n].push({\"gtm.start\":(new Date).getTime(),event:\"gtm.js\"});var m=t.getElementsByTagName(a)[0],r=t.createElement(a);r.async=!0,r.src=\"https:\/\/www.googletagmanager.com\/gtm.js?id=GTM-PL4PD49\",m.parentNode.insertBefore(r,m)}(window.parent,window.parent.document,\"script\",\"dataLayer\");\n    var iframe=window.parent.document.createElement(\"iframe\");iframe.src=\"https:\/\/www.googletagmanager.com\/ns.html?id=GTM-PL4PD49\";iframe.height=\"0\";iframe.width=\"0\";iframe.style=\"display:none;visibility:hidden\";window.parent.document.body.appendChild(iframe);\n    window.parent[\"$$mm-analytics\"] = window.parent[\"$$mm-analytics\"] || {};if (typeof window.parent[\"$$mm-analytics\"].firstEmbed === \"undefined\") {window.parent[\"$$mm-analytics\"].firstEmbed = Date.now();}\n    let as1 = document.createElement( \"script\" );\n    as1.src = \"https:\/\/bucket1.mm-syringe.com\/prod\/configs\/ee2300c8-43d2-7f0b-dac0-40aaf31c9d3d.js\";\n    document.body.appendChild( as1 );\n    let as2 = document.createElement( \"script\" );\n    as2.src = \"https:\/\/bucket1.mm-syringe.com\/prod\/injector\/injector.1.5.3.js\";\n    document.body.appendChild( as2 );\n  }\n<\/script><\/p>\n<div class=\"apester-media\" data-token=\"5f10a39f94902bc81d3d59a7\" data-context=\"true\" data-tags=\"\" data-fallback=\"true\" height=\"350\"><\/div>\n<p><script id=\"apester_script\" src=\"https:\/\/static.apester.com\/js\/sdk\/latest\/apester-sdk.js\" async><\/script><script async src=\"https:\/\/www.googletagmanager.com\/gtag\/js?id=G-EFE91RJVSQ\"><\/script><script>\n  window.dataLayer = window.dataLayer || [];\n  function gtag(){dataLayer.push(arguments);}\n  gtag(\\'js\\', new Date());\n  gtag(\\'config\\', \\'G-EFE91RJVSQ\\');\n<\/script><\/span><\/p>\n<\/div>\n<p><br \/>\n<br \/><a href=\"https:\/\/www.thegatewaypundit.com\/2022\/05\/live-stream-video-fighter-pilot-speaks-discrimination-unvaccinated-us-military-live-noon-central\/\">Source link <\/a><\/p>\n","protected":false},"excerpt":{"rendered":"<p>Jim Hoft vom Gateway Pandit wird Kapit\u00e4n Tom Stewart USMC am Samstag, den 23. Mai 2022, um 12 Uhr Central interviewen. Kapit\u00e4n Tom Stewart: Werbung \u2013 die Geschichte geht unten weiter Hat 13 Jahre, 5 Monate und 20 Tage gedient Flog CH-53Es in Hawaii von April 2013 bis Dezember 2017 Entsandt nach Darwin Australien mit [&hellip;]<\/p>\n","protected":false},"author":5,"featured_media":9102,"comment_status":"open","ping_status":"open","sticky":false,"template":"","format":"standard","meta":{"wp_automatic_camp":["1161"],"57d208fe96c5fb1c5e3c7cd3827613bb":["LIVE-STREAM-VIDEO: Kampfpilot \u00e4u\u00dfert sich zur Diskriminierung von Ungeimpften beim US-Milit\u00e4r, live bei Noon Central\n"],"original_link":["https:\/\/www.thegatewaypundit.com\/2022\/05\/live-stream-video-fighter-pilot-speaks-discrimination-unvaccinated-us-military-live-noon-central\/"],"_thumbnail_id":["9102"],"wp_automatic_remove_first_image":["yes"],"jnews_social_counter_last_update":["1777623428"]},"categories":[25],"tags":[10518,363,1814,1640,22188,16704,172,17723,22189,434,21029,20296,50,581],"yoast_head":"<!-- This site is optimized with the Yoast SEO Premium plugin v22.7 (Yoast SEO v22.7) - https:\/\/yoast.com\/wordpress\/plugins\/seo\/ -->\n<title>LIVE-STREAM-VIDEO: Kampfpilot \u00e4u\u00dfert sich zur Diskriminierung von Ungeimpften beim US-Milit\u00e4r, live bei Noon Central - just-now.NEWS Deutschland<\/title>\n<meta name=\"robots\" content=\"index, follow, max-snippet:-1, max-image-preview:large, max-video-preview:-1\" \/>\n<link rel=\"canonical\" href=\"https:\/\/now-news.de\/de\/usa\/live-stream-video-kampfpilot-aeussert-sich-zur-diskriminierung-von-ungeimpften-beim-us-militaer-live-bei-noon-central\/\" \/>\n<meta property=\"og:locale\" content=\"de_DE\" \/>\n<meta property=\"og:type\" content=\"article\" \/>\n<meta property=\"og:title\" content=\"LIVE-STREAM-VIDEO: Kampfpilot \u00e4u\u00dfert sich zur Diskriminierung von Ungeimpften beim US-Milit\u00e4r, live bei Noon Central\" \/>\n<meta property=\"og:description\" content=\"Jim Hoft vom Gateway Pandit wird Kapit\u00e4n Tom Stewart USMC am Samstag, den 23. Mai 2022, um 12 Uhr Central interviewen. Kapit\u00e4n Tom Stewart: Werbung \u2013 die Geschichte geht unten weiter Hat 13 Jahre, 5 Monate und 20 Tage gedient Flog CH-53Es in Hawaii von April 2013 bis Dezember 2017 Entsandt nach Darwin Australien mit [&hellip;]\" \/>\n<meta property=\"og:url\" content=\"https:\/\/now-news.de\/de\/usa\/live-stream-video-kampfpilot-aeussert-sich-zur-diskriminierung-von-ungeimpften-beim-us-militaer-live-bei-noon-central\/\" \/>\n<meta property=\"og:site_name\" content=\"just-now.NEWS Deutschland\" \/>\n<meta property=\"article:publisher\" content=\"https:\/\/www.facebook.com\/wirmachenauf\" \/>\n<meta property=\"article:published_time\" content=\"2022-05-28T16:49:00+00:00\" \/>\n<meta property=\"og:image\" content=\"https:\/\/now-news.de\/de\/wp-content\/uploads\/sites\/3\/2022\/05\/LIVE-STREAM-VIDEO-Kampfpilot-aeussert-sich-zur-Diskriminierung-von-Ungeimpften-beim-US-Militaer.jpeg\" \/>\n\t<meta property=\"og:image:width\" content=\"2048\" \/>\n\t<meta property=\"og:image:height\" content=\"1152\" \/>\n\t<meta property=\"og:image:type\" content=\"image\/jpeg\" \/>\n<meta name=\"author\" content=\"greatreset\" \/>\n<meta name=\"twitter:card\" content=\"summary_large_image\" \/>\n<meta name=\"twitter:creator\" content=\"@WirMachenAuf_de\" \/>\n<meta name=\"twitter:site\" content=\"@WirMachenAuf_de\" \/>\n<meta name=\"twitter:label1\" content=\"Verfasst von\" \/>\n\t<meta name=\"twitter:data1\" content=\"greatreset\" \/>\n\t<meta name=\"twitter:label2\" content=\"Gesch\u00e4tzte Lesezeit\" \/>\n\t<meta name=\"twitter:data2\" content=\"1\u00a0Minute\" \/>\n<script type=\"application\/ld+json\" class=\"yoast-schema-graph\">{\"@context\":\"https:\/\/schema.org\",\"@graph\":[{\"@type\":\"Article\",\"@id\":\"https:\/\/now-news.de\/de\/usa\/live-stream-video-kampfpilot-aeussert-sich-zur-diskriminierung-von-ungeimpften-beim-us-militaer-live-bei-noon-central\/#article\",\"isPartOf\":{\"@id\":\"https:\/\/now-news.de\/de\/usa\/live-stream-video-kampfpilot-aeussert-sich-zur-diskriminierung-von-ungeimpften-beim-us-militaer-live-bei-noon-central\/\"},\"author\":{\"name\":\"greatreset\",\"@id\":\"https:\/\/now-news.de\/de\/#\/schema\/person\/8afb4cd92b68572db7902c13a349ffcb\"},\"headline\":\"LIVE-STREAM-VIDEO: Kampfpilot \u00e4u\u00dfert sich zur Diskriminierung von Ungeimpften beim US-Milit\u00e4r, live bei Noon Central\",\"datePublished\":\"2022-05-28T16:49:00+00:00\",\"dateModified\":\"2022-05-28T16:49:00+00:00\",\"mainEntityOfPage\":{\"@id\":\"https:\/\/now-news.de\/de\/usa\/live-stream-video-kampfpilot-aeussert-sich-zur-diskriminierung-von-ungeimpften-beim-us-militaer-live-bei-noon-central\/\"},\"wordCount\":229,\"commentCount\":0,\"publisher\":{\"@id\":\"https:\/\/now-news.de\/de\/#organization\"},\"image\":{\"@id\":\"https:\/\/now-news.de\/de\/usa\/live-stream-video-kampfpilot-aeussert-sich-zur-diskriminierung-von-ungeimpften-beim-us-militaer-live-bei-noon-central\/#primaryimage\"},\"thumbnailUrl\":\"https:\/\/now-news.de\/de\/wp-content\/uploads\/sites\/3\/2022\/05\/LIVE-STREAM-VIDEO-Kampfpilot-aeussert-sich-zur-Diskriminierung-von-Ungeimpften-beim-US-Militaer.jpeg\",\"keywords\":[\"\u00e4u\u00dfert\",\"bei\",\"beim\",\"central\",\"Diskriminierung\",\"Kampfpilot\",\"Live\",\"LiveStreamVideo\",\"Noon\",\"sich\",\"Ungeimpften\",\"USMilit\u00e4r\",\"von\",\"zur\"],\"articleSection\":[\"USA\"],\"inLanguage\":\"de\",\"potentialAction\":[{\"@type\":\"CommentAction\",\"name\":\"Comment\",\"target\":[\"https:\/\/now-news.de\/de\/usa\/live-stream-video-kampfpilot-aeussert-sich-zur-diskriminierung-von-ungeimpften-beim-us-militaer-live-bei-noon-central\/#respond\"]}]},{\"@type\":\"WebPage\",\"@id\":\"https:\/\/now-news.de\/de\/usa\/live-stream-video-kampfpilot-aeussert-sich-zur-diskriminierung-von-ungeimpften-beim-us-militaer-live-bei-noon-central\/\",\"url\":\"https:\/\/now-news.de\/de\/usa\/live-stream-video-kampfpilot-aeussert-sich-zur-diskriminierung-von-ungeimpften-beim-us-militaer-live-bei-noon-central\/\",\"name\":\"LIVE-STREAM-VIDEO: Kampfpilot \u00e4u\u00dfert sich zur Diskriminierung von Ungeimpften beim US-Milit\u00e4r, live bei Noon Central - just-now.NEWS Deutschland\",\"isPartOf\":{\"@id\":\"https:\/\/now-news.de\/de\/#website\"},\"primaryImageOfPage\":{\"@id\":\"https:\/\/now-news.de\/de\/usa\/live-stream-video-kampfpilot-aeussert-sich-zur-diskriminierung-von-ungeimpften-beim-us-militaer-live-bei-noon-central\/#primaryimage\"},\"image\":{\"@id\":\"https:\/\/now-news.de\/de\/usa\/live-stream-video-kampfpilot-aeussert-sich-zur-diskriminierung-von-ungeimpften-beim-us-militaer-live-bei-noon-central\/#primaryimage\"},\"thumbnailUrl\":\"https:\/\/now-news.de\/de\/wp-content\/uploads\/sites\/3\/2022\/05\/LIVE-STREAM-VIDEO-Kampfpilot-aeussert-sich-zur-Diskriminierung-von-Ungeimpften-beim-US-Militaer.jpeg\",\"datePublished\":\"2022-05-28T16:49:00+00:00\",\"dateModified\":\"2022-05-28T16:49:00+00:00\",\"breadcrumb\":{\"@id\":\"https:\/\/now-news.de\/de\/usa\/live-stream-video-kampfpilot-aeussert-sich-zur-diskriminierung-von-ungeimpften-beim-us-militaer-live-bei-noon-central\/#breadcrumb\"},\"inLanguage\":\"de\",\"potentialAction\":[{\"@type\":\"ReadAction\",\"target\":[\"https:\/\/now-news.de\/de\/usa\/live-stream-video-kampfpilot-aeussert-sich-zur-diskriminierung-von-ungeimpften-beim-us-militaer-live-bei-noon-central\/\"]}]},{\"@type\":\"ImageObject\",\"inLanguage\":\"de\",\"@id\":\"https:\/\/now-news.de\/de\/usa\/live-stream-video-kampfpilot-aeussert-sich-zur-diskriminierung-von-ungeimpften-beim-us-militaer-live-bei-noon-central\/#primaryimage\",\"url\":\"https:\/\/now-news.de\/de\/wp-content\/uploads\/sites\/3\/2022\/05\/LIVE-STREAM-VIDEO-Kampfpilot-aeussert-sich-zur-Diskriminierung-von-Ungeimpften-beim-US-Militaer.jpeg\",\"contentUrl\":\"https:\/\/now-news.de\/de\/wp-content\/uploads\/sites\/3\/2022\/05\/LIVE-STREAM-VIDEO-Kampfpilot-aeussert-sich-zur-Diskriminierung-von-Ungeimpften-beim-US-Militaer.jpeg\",\"width\":2048,\"height\":1152},{\"@type\":\"BreadcrumbList\",\"@id\":\"https:\/\/now-news.de\/de\/usa\/live-stream-video-kampfpilot-aeussert-sich-zur-diskriminierung-von-ungeimpften-beim-us-militaer-live-bei-noon-central\/#breadcrumb\",\"itemListElement\":[{\"@type\":\"ListItem\",\"position\":1,\"name\":\"Home\",\"item\":\"https:\/\/now-news.de\/de\/\"},{\"@type\":\"ListItem\",\"position\":2,\"name\":\"LIVE-STREAM-VIDEO: Kampfpilot \u00e4u\u00dfert sich zur Diskriminierung von Ungeimpften beim US-Milit\u00e4r, live bei Noon Central\"}]},{\"@type\":\"WebSite\",\"@id\":\"https:\/\/now-news.de\/de\/#website\",\"url\":\"https:\/\/now-news.de\/de\/\",\"name\":\"just-now.NEWS Deutschland\",\"description\":\"Das Portal f\u00fcr unzensierte Nachrichten aus der Welt\",\"publisher\":{\"@id\":\"https:\/\/now-news.de\/de\/#organization\"},\"potentialAction\":[{\"@type\":\"SearchAction\",\"target\":{\"@type\":\"EntryPoint\",\"urlTemplate\":\"https:\/\/now-news.de\/de\/?s={search_term_string}\"},\"query-input\":\"required name=search_term_string\"}],\"inLanguage\":\"de\"},{\"@type\":\"Organization\",\"@id\":\"https:\/\/now-news.de\/de\/#organization\",\"name\":\"Just Now News\",\"url\":\"https:\/\/now-news.de\/de\/\",\"logo\":{\"@type\":\"ImageObject\",\"inLanguage\":\"de\",\"@id\":\"https:\/\/now-news.de\/de\/#\/schema\/logo\/image\/\",\"url\":\"http:\/\/just-now.news\/de\/wp-content\/uploads\/sites\/3\/2022\/04\/logo500x500.jpg\",\"contentUrl\":\"http:\/\/just-now.news\/de\/wp-content\/uploads\/sites\/3\/2022\/04\/logo500x500.jpg\",\"width\":500,\"height\":500,\"caption\":\"Just Now News\"},\"image\":{\"@id\":\"https:\/\/now-news.de\/de\/#\/schema\/logo\/image\/\"},\"sameAs\":[\"https:\/\/www.facebook.com\/wirmachenauf\",\"https:\/\/x.com\/WirMachenAuf_de\"]},{\"@type\":\"Person\",\"@id\":\"https:\/\/now-news.de\/de\/#\/schema\/person\/8afb4cd92b68572db7902c13a349ffcb\",\"name\":\"greatreset\",\"image\":{\"@type\":\"ImageObject\",\"inLanguage\":\"de\",\"@id\":\"https:\/\/now-news.de\/de\/#\/schema\/person\/image\/\",\"url\":\"https:\/\/secure.gravatar.com\/avatar\/a088df625d49991c090e78c8b9542592?s=96&d=mm&r=g\",\"contentUrl\":\"https:\/\/secure.gravatar.com\/avatar\/a088df625d49991c090e78c8b9542592?s=96&d=mm&r=g\",\"caption\":\"greatreset\"},\"url\":\"https:\/\/now-news.de\/de\/author\/greatreset\/\"}]}<\/script>\n<!-- \/ Yoast SEO Premium plugin. -->","yoast_head_json":{"title":"LIVE-STREAM-VIDEO: Kampfpilot \u00e4u\u00dfert sich zur Diskriminierung von Ungeimpften beim US-Milit\u00e4r, live bei Noon Central - just-now.NEWS Deutschland","robots":{"index":"index","follow":"follow","max-snippet":"max-snippet:-1","max-image-preview":"max-image-preview:large","max-video-preview":"max-video-preview:-1"},"canonical":"https:\/\/now-news.de\/de\/usa\/live-stream-video-kampfpilot-aeussert-sich-zur-diskriminierung-von-ungeimpften-beim-us-militaer-live-bei-noon-central\/","og_locale":"de_DE","og_type":"article","og_title":"LIVE-STREAM-VIDEO: Kampfpilot \u00e4u\u00dfert sich zur Diskriminierung von Ungeimpften beim US-Milit\u00e4r, live bei Noon Central","og_description":"Jim Hoft vom Gateway Pandit wird Kapit\u00e4n Tom Stewart USMC am Samstag, den 23. Mai 2022, um 12 Uhr Central interviewen. Kapit\u00e4n Tom Stewart: Werbung \u2013 die Geschichte geht unten weiter Hat 13 Jahre, 5 Monate und 20 Tage gedient Flog CH-53Es in Hawaii von April 2013 bis Dezember 2017 Entsandt nach Darwin Australien mit [&hellip;]","og_url":"https:\/\/now-news.de\/de\/usa\/live-stream-video-kampfpilot-aeussert-sich-zur-diskriminierung-von-ungeimpften-beim-us-militaer-live-bei-noon-central\/","og_site_name":"just-now.NEWS Deutschland","article_publisher":"https:\/\/www.facebook.com\/wirmachenauf","article_published_time":"2022-05-28T16:49:00+00:00","og_image":[{"width":2048,"height":1152,"url":"https:\/\/now-news.de\/de\/wp-content\/uploads\/sites\/3\/2022\/05\/LIVE-STREAM-VIDEO-Kampfpilot-aeussert-sich-zur-Diskriminierung-von-Ungeimpften-beim-US-Militaer.jpeg","type":"image\/jpeg"}],"author":"greatreset","twitter_card":"summary_large_image","twitter_creator":"@WirMachenAuf_de","twitter_site":"@WirMachenAuf_de","twitter_misc":{"Verfasst von":"greatreset","Gesch\u00e4tzte Lesezeit":"1\u00a0Minute"},"schema":{"@context":"https:\/\/schema.org","@graph":[{"@type":"Article","@id":"https:\/\/now-news.de\/de\/usa\/live-stream-video-kampfpilot-aeussert-sich-zur-diskriminierung-von-ungeimpften-beim-us-militaer-live-bei-noon-central\/#article","isPartOf":{"@id":"https:\/\/now-news.de\/de\/usa\/live-stream-video-kampfpilot-aeussert-sich-zur-diskriminierung-von-ungeimpften-beim-us-militaer-live-bei-noon-central\/"},"author":{"name":"greatreset","@id":"https:\/\/now-news.de\/de\/#\/schema\/person\/8afb4cd92b68572db7902c13a349ffcb"},"headline":"LIVE-STREAM-VIDEO: Kampfpilot \u00e4u\u00dfert sich zur Diskriminierung von Ungeimpften beim US-Milit\u00e4r, live bei Noon Central","datePublished":"2022-05-28T16:49:00+00:00","dateModified":"2022-05-28T16:49:00+00:00","mainEntityOfPage":{"@id":"https:\/\/now-news.de\/de\/usa\/live-stream-video-kampfpilot-aeussert-sich-zur-diskriminierung-von-ungeimpften-beim-us-militaer-live-bei-noon-central\/"},"wordCount":229,"commentCount":0,"publisher":{"@id":"https:\/\/now-news.de\/de\/#organization"},"image":{"@id":"https:\/\/now-news.de\/de\/usa\/live-stream-video-kampfpilot-aeussert-sich-zur-diskriminierung-von-ungeimpften-beim-us-militaer-live-bei-noon-central\/#primaryimage"},"thumbnailUrl":"https:\/\/now-news.de\/de\/wp-content\/uploads\/sites\/3\/2022\/05\/LIVE-STREAM-VIDEO-Kampfpilot-aeussert-sich-zur-Diskriminierung-von-Ungeimpften-beim-US-Militaer.jpeg","keywords":["\u00e4u\u00dfert","bei","beim","central","Diskriminierung","Kampfpilot","Live","LiveStreamVideo","Noon","sich","Ungeimpften","USMilit\u00e4r","von","zur"],"articleSection":["USA"],"inLanguage":"de","potentialAction":[{"@type":"CommentAction","name":"Comment","target":["https:\/\/now-news.de\/de\/usa\/live-stream-video-kampfpilot-aeussert-sich-zur-diskriminierung-von-ungeimpften-beim-us-militaer-live-bei-noon-central\/#respond"]}]},{"@type":"WebPage","@id":"https:\/\/now-news.de\/de\/usa\/live-stream-video-kampfpilot-aeussert-sich-zur-diskriminierung-von-ungeimpften-beim-us-militaer-live-bei-noon-central\/","url":"https:\/\/now-news.de\/de\/usa\/live-stream-video-kampfpilot-aeussert-sich-zur-diskriminierung-von-ungeimpften-beim-us-militaer-live-bei-noon-central\/","name":"LIVE-STREAM-VIDEO: Kampfpilot \u00e4u\u00dfert sich zur Diskriminierung von Ungeimpften beim US-Milit\u00e4r, live bei Noon Central - just-now.NEWS Deutschland","isPartOf":{"@id":"https:\/\/now-news.de\/de\/#website"},"primaryImageOfPage":{"@id":"https:\/\/now-news.de\/de\/usa\/live-stream-video-kampfpilot-aeussert-sich-zur-diskriminierung-von-ungeimpften-beim-us-militaer-live-bei-noon-central\/#primaryimage"},"image":{"@id":"https:\/\/now-news.de\/de\/usa\/live-stream-video-kampfpilot-aeussert-sich-zur-diskriminierung-von-ungeimpften-beim-us-militaer-live-bei-noon-central\/#primaryimage"},"thumbnailUrl":"https:\/\/now-news.de\/de\/wp-content\/uploads\/sites\/3\/2022\/05\/LIVE-STREAM-VIDEO-Kampfpilot-aeussert-sich-zur-Diskriminierung-von-Ungeimpften-beim-US-Militaer.jpeg","datePublished":"2022-05-28T16:49:00+00:00","dateModified":"2022-05-28T16:49:00+00:00","breadcrumb":{"@id":"https:\/\/now-news.de\/de\/usa\/live-stream-video-kampfpilot-aeussert-sich-zur-diskriminierung-von-ungeimpften-beim-us-militaer-live-bei-noon-central\/#breadcrumb"},"inLanguage":"de","potentialAction":[{"@type":"ReadAction","target":["https:\/\/now-news.de\/de\/usa\/live-stream-video-kampfpilot-aeussert-sich-zur-diskriminierung-von-ungeimpften-beim-us-militaer-live-bei-noon-central\/"]}]},{"@type":"ImageObject","inLanguage":"de","@id":"https:\/\/now-news.de\/de\/usa\/live-stream-video-kampfpilot-aeussert-sich-zur-diskriminierung-von-ungeimpften-beim-us-militaer-live-bei-noon-central\/#primaryimage","url":"https:\/\/now-news.de\/de\/wp-content\/uploads\/sites\/3\/2022\/05\/LIVE-STREAM-VIDEO-Kampfpilot-aeussert-sich-zur-Diskriminierung-von-Ungeimpften-beim-US-Militaer.jpeg","contentUrl":"https:\/\/now-news.de\/de\/wp-content\/uploads\/sites\/3\/2022\/05\/LIVE-STREAM-VIDEO-Kampfpilot-aeussert-sich-zur-Diskriminierung-von-Ungeimpften-beim-US-Militaer.jpeg","width":2048,"height":1152},{"@type":"BreadcrumbList","@id":"https:\/\/now-news.de\/de\/usa\/live-stream-video-kampfpilot-aeussert-sich-zur-diskriminierung-von-ungeimpften-beim-us-militaer-live-bei-noon-central\/#breadcrumb","itemListElement":[{"@type":"ListItem","position":1,"name":"Home","item":"https:\/\/now-news.de\/de\/"},{"@type":"ListItem","position":2,"name":"LIVE-STREAM-VIDEO: Kampfpilot \u00e4u\u00dfert sich zur Diskriminierung von Ungeimpften beim US-Milit\u00e4r, live bei Noon Central"}]},{"@type":"WebSite","@id":"https:\/\/now-news.de\/de\/#website","url":"https:\/\/now-news.de\/de\/","name":"just-now.NEWS Deutschland","description":"Das Portal f\u00fcr unzensierte Nachrichten aus der Welt","publisher":{"@id":"https:\/\/now-news.de\/de\/#organization"},"potentialAction":[{"@type":"SearchAction","target":{"@type":"EntryPoint","urlTemplate":"https:\/\/now-news.de\/de\/?s={search_term_string}"},"query-input":"required name=search_term_string"}],"inLanguage":"de"},{"@type":"Organization","@id":"https:\/\/now-news.de\/de\/#organization","name":"Just Now News","url":"https:\/\/now-news.de\/de\/","logo":{"@type":"ImageObject","inLanguage":"de","@id":"https:\/\/now-news.de\/de\/#\/schema\/logo\/image\/","url":"http:\/\/just-now.news\/de\/wp-content\/uploads\/sites\/3\/2022\/04\/logo500x500.jpg","contentUrl":"http:\/\/just-now.news\/de\/wp-content\/uploads\/sites\/3\/2022\/04\/logo500x500.jpg","width":500,"height":500,"caption":"Just Now News"},"image":{"@id":"https:\/\/now-news.de\/de\/#\/schema\/logo\/image\/"},"sameAs":["https:\/\/www.facebook.com\/wirmachenauf","https:\/\/x.com\/WirMachenAuf_de"]},{"@type":"Person","@id":"https:\/\/now-news.de\/de\/#\/schema\/person\/8afb4cd92b68572db7902c13a349ffcb","name":"greatreset","image":{"@type":"ImageObject","inLanguage":"de","@id":"https:\/\/now-news.de\/de\/#\/schema\/person\/image\/","url":"https:\/\/secure.gravatar.com\/avatar\/a088df625d49991c090e78c8b9542592?s=96&d=mm&r=g","contentUrl":"https:\/\/secure.gravatar.com\/avatar\/a088df625d49991c090e78c8b9542592?s=96&d=mm&r=g","caption":"greatreset"},"url":"https:\/\/now-news.de\/de\/author\/greatreset\/"}]}},"_links":{"self":[{"href":"https:\/\/now-news.de\/de\/wp-json\/wp\/v2\/posts\/9101"}],"collection":[{"href":"https:\/\/now-news.de\/de\/wp-json\/wp\/v2\/posts"}],"about":[{"href":"https:\/\/now-news.de\/de\/wp-json\/wp\/v2\/types\/post"}],"author":[{"embeddable":true,"href":"https:\/\/now-news.de\/de\/wp-json\/wp\/v2\/users\/5"}],"replies":[{"embeddable":true,"href":"https:\/\/now-news.de\/de\/wp-json\/wp\/v2\/comments?post=9101"}],"version-history":[{"count":0,"href":"https:\/\/now-news.de\/de\/wp-json\/wp\/v2\/posts\/9101\/revisions"}],"wp:featuredmedia":[{"embeddable":true,"href":"https:\/\/now-news.de\/de\/wp-json\/wp\/v2\/media\/9102"}],"wp:attachment":[{"href":"https:\/\/now-news.de\/de\/wp-json\/wp\/v2\/media?parent=9101"}],"wp:term":[{"taxonomy":"category","embeddable":true,"href":"https:\/\/now-news.de\/de\/wp-json\/wp\/v2\/categories?post=9101"},{"taxonomy":"post_tag","embeddable":true,"href":"https:\/\/now-news.de\/de\/wp-json\/wp\/v2\/tags?post=9101"}],"curies":[{"name":"wp","href":"https:\/\/api.w.org\/{rel}","templated":true}]}}