{"id":90995,"date":"2025-09-22T21:37:57","date_gmt":"2025-09-22T19:37:57","guid":{"rendered":"https:\/\/now-news.de\/de\/deutschland\/israelische-minister-fordern-annexion-des-westjordanlands\/"},"modified":"2025-09-22T21:37:57","modified_gmt":"2025-09-22T19:37:57","slug":"israelische-minister-fordern-annexion-des-westjordanlands","status":"publish","type":"post","link":"https:\/\/now-news.de\/de\/deutschland\/israelische-minister-fordern-annexion-des-westjordanlands\/","title":{"rendered":"Israelische Minister fordern Annexion des Westjordanlands"},"content":{"rendered":"<p><img decoding=\"async\" src=\"https:\/\/now-news.de\/de\/wp-content\/uploads\/sites\/3\/2025\/09\/68d199ae48fbef35ce03a51c.jpg\" \/><\/p>\n<div class=\"Text-root Text-type_1 \">\n                Die Forderung tauchte abermals auf, nachdem Gro\u00dfbritannien, Kanada, Portugal und Australien Pal\u00e4stina als Staat anerkannt haben. Seit Beginn der israelischen Besetzung Gazas und des Westjordanlands 1967 wurde sie in vielen UN-Resolutionen verurteilt.\n            <\/div>\n<p><\/p>\n<div class=\"Text-root Text-type_5 ArticleView-text ViewText-root \">\n<p>Mehrere Minister im Kabinett des israelischen Premierministers Benjamin Netanjahu haben die sofortige Annexion des besetzten Westjordanlands gefordert, w\u00e4hrend mehr und mehr L\u00e4nder international den Staat Pal\u00e4stina anerkennen.<\/p>\n<p>Im Verlauf des Wochenendes haben Gro\u00dfbritannien, Kanada, Portugal und Australien Pal\u00e4stina als Staat f\u00f6rmlich anerkannt. Dies geschah, w\u00e4hrend sich mehr als 140 Regierungschefs der Welt darauf vorbereiteten, an der j\u00e4hrlichen Vollversammlung der Vereinten Nationen in New York diese Woche teilzunehmen, auf der die Fragen zum Nahen Osten dominieren werden.<\/p>\n<p>Die Erkl\u00e4rungen l\u00f6sten in Israel ver\u00e4rgerte Reaktionen aus, und Netanjahu erkl\u00e4rte am Sonntag, es werde &#8220;keinen pal\u00e4stinensischen Staat&#8221; geben.<\/p>\n<p>Der Minister f\u00fcr nationale Sicherheit, Itamar Ben-Gvir, eines der radikalsten rechten Mitglieder von Netanjahus Koalition, bezeichnete die Anerkennung als &#8220;Belohnung f\u00fcr M\u00f6rder&#8221; und verlangte &#8220;sofortige Gegenma\u00dfnahmen&#8221;. In einer Nachricht auf X vom Sonntag dr\u00e4ngte er Israel, Souver\u00e4nit\u00e4t \u00fcber Jud\u00e4a und Samaria auszu\u00fcben\u00a0\u2012 die Begriffe, mit denen es das Westjordanland bezeichnet, in dem mehr als drei Millionen Pal\u00e4stinenser leben. Er sagte au\u00dferdem, die pal\u00e4stinensische Autonomiebeh\u00f6rde m\u00fcsse &#8220;zerschlagen&#8221; werden.<\/p>\n<p>Ben-Gvir sicherte zu, auf der kommenden Kabinettssitzung einen Plan f\u00fcr die Annexion des Westjordanlands vorzulegen.<\/p>\n<p>Der israelische Finanzminister Bezalel Smotrich dr\u00e4ngte Netanjahu ebenfalls, israelische Souver\u00e4nit\u00e4t auf das Gebiet auszudehnen und &#8220;die n\u00e4rrische Idee eines pal\u00e4stinensischen Staates f\u00fcr immer von der Tagesordnung zu nehmen&#8221;.<\/p>\n<p>Beide Minister dr\u00e4ngen schon lange auf die Annexion des Westjordanlands und eine Wiedererrichtung von Siedlungen in Gaza, wo die israelische Armee einen Feldzug f\u00fchrt, den die UN j\u00fcngst als Genozid bewertete.<\/p>\n<p>Verteidigungsminister Israel Katz und mehrere Minister der Likud-Partei haben ebenfalls wiederholt ihre Unterst\u00fctzung f\u00fcr eine Annexion des Westjordanlands bekundet.<\/p>\n<p>Nach anonymen Beamten und Diplomaten, auf die sich die <em>Financial Times<\/em> beruft, haben Netanjahu und seine Verb\u00fcndeten mehrere Optionen gepr\u00fcft, wollen aber sichergehen, dass jeder Schritt von den USA gest\u00fctzt wird.<\/p>\n<p>Anfang des Monats unterst\u00fctzte die Vollversammlung der Vereinten Nationen abermals die Zweistaatenl\u00f6sung, und nur die USA, Israel und acht \u00fcberwiegend pazifische L\u00e4nder stimmten dagegen.<\/p>\n<p>Der Krieg begann, als bei einem Angriff der Hamas am 7. Oktober 2023 auf Israel 1.200 Personen umkamen und mehr als 250 Israelis als Geiseln genommen wurden. Bis heute ist unklar, wie viele der Toten des 7. Oktober auf das Konto des israelischen Milit\u00e4rs gehen, dessen Doktrin es vorsieht, m\u00f6gliche Geiseln zu t\u00f6ten. Dem darauf folgenden Angriff der israelischen Armee auf Gaza sind nach Angaben des Gesundheitsministeriums von Gaza bisher fast 65.000 Pal\u00e4stinenser zum Opfer gefallen. Zudem blockiert Israel seit Monaten s\u00e4mtliche Grenz\u00fcberg\u00e4nge nach Gaza und schneidet die Bev\u00f6lkerung so von der Versorgung ab. Das f\u00fchrte zu wachsendem internationalem Druck und veranlasste einige L\u00e4nder, Pal\u00e4stina als Staat anzuerkennen.<\/p>\n<p>Russland, das, wie auch viele Mitgliedsl\u00e4nder des damaligen Warschauer Pakts, Pal\u00e4stina bereits zu sowjetischen Zeiten anerkannte, best\u00e4tigte, der einzige Weg zu einem Ende des Gaza-Kriegs sei eine Zweistaatenl\u00f6sung.<\/p>\n<p><strong>Mehr zum Thema<\/strong>\u00a0\u2012 <a rel=\"nofollow noopener\" target=\"_blank\" href=\"https:\/\/freedert.online\/der-nahe-osten\/256470-bei-annexion-westjordanlands-vae-wollen\/\">Bei Annexion des Westjordanlands: VAE wollen Beziehungen zu Israel herabstufen <\/a><\/p>\n<div class=\"EmbedBlock-root EmbedBlock-externalVideo EmbedBlock-rumble\">\n<div class=\"VkEmbed\"><iframe class=\"lazyload\" data-src=\"https:\/\/rumble.com\/embed\/v6x4bbo\" frameborder=\"0\" width=\"853\" height=\"480\" allowfullscreen><\/iframe><\/div>\n<\/div>\n<\/div>\n<p><br \/>\n<br \/><a href=\"https:\/\/de.rt.com\/der-nahe-osten\/256770-israelische-minister-fordern-annexion-westjordanlands\/\">Source link <\/a><\/p>\n","protected":false},"excerpt":{"rendered":"<p>Die Forderung tauchte abermals auf, nachdem Gro\u00dfbritannien, Kanada, Portugal und Australien Pal\u00e4stina als Staat anerkannt haben. Seit Beginn der israelischen Besetzung Gazas und des Westjordanlands 1967 wurde sie in vielen UN-Resolutionen verurteilt. Mehrere Minister im Kabinett des israelischen Premierministers Benjamin Netanjahu haben die sofortige Annexion des besetzten Westjordanlands gefordert, w\u00e4hrend mehr und mehr L\u00e4nder international [&hellip;]<\/p>\n","protected":false},"author":3,"featured_media":90996,"comment_status":"open","ping_status":"open","sticky":false,"template":"","format":"standard","meta":{"_yoast_indexnow_last_ping":["1758570364"],"wp_automatic_camp":["217"],"b03e1ce0b9dc24896fb96edd727ff6bd":["Israelische Minister fordern Annexion des Westjordanlands"],"original_link":["https:\/\/de.rt.com\/der-nahe-osten\/256770-israelische-minister-fordern-annexion-westjordanlands\/"],"_thumbnail_id":["90996"],"jnews_social_counter_last_update":["1777371197"],"_wptgpro_p2tg_sent2tg":["a:1:{i:23737;s:19:\"2025-09-22 21:46:59\";}"]},"categories":[19,23],"tags":[5694,583,3657,1166,11319,66555],"yoast_head":"<!-- This site is optimized with the Yoast SEO Premium plugin v22.7 (Yoast SEO v22.7) - https:\/\/yoast.com\/wordpress\/plugins\/seo\/ -->\n<title>Israelische Minister fordern Annexion des Westjordanlands - just-now.NEWS Deutschland<\/title>\n<meta name=\"robots\" content=\"index, follow, max-snippet:-1, max-image-preview:large, max-video-preview:-1\" \/>\n<link rel=\"canonical\" href=\"https:\/\/now-news.de\/de\/deutschland\/israelische-minister-fordern-annexion-des-westjordanlands\/\" \/>\n<meta property=\"og:locale\" content=\"de_DE\" \/>\n<meta property=\"og:type\" content=\"article\" \/>\n<meta property=\"og:title\" content=\"Israelische Minister fordern Annexion des Westjordanlands\" \/>\n<meta property=\"og:description\" content=\"Die Forderung tauchte abermals auf, nachdem Gro\u00dfbritannien, Kanada, Portugal und Australien Pal\u00e4stina als Staat anerkannt haben. Seit Beginn der israelischen Besetzung Gazas und des Westjordanlands 1967 wurde sie in vielen UN-Resolutionen verurteilt. Mehrere Minister im Kabinett des israelischen Premierministers Benjamin Netanjahu haben die sofortige Annexion des besetzten Westjordanlands gefordert, w\u00e4hrend mehr und mehr L\u00e4nder international [&hellip;]\" \/>\n<meta property=\"og:url\" content=\"https:\/\/now-news.de\/de\/deutschland\/israelische-minister-fordern-annexion-des-westjordanlands\/\" \/>\n<meta property=\"og:site_name\" content=\"just-now.NEWS Deutschland\" \/>\n<meta property=\"article:publisher\" content=\"https:\/\/www.facebook.com\/wirmachenauf\" \/>\n<meta property=\"article:published_time\" content=\"2025-09-22T19:37:57+00:00\" \/>\n<meta property=\"og:image\" content=\"https:\/\/now-news.de\/de\/wp-content\/uploads\/sites\/3\/2025\/09\/68d199ae48fbef35ce03a51c.jpg\" \/>\n<meta name=\"author\" content=\"rtnews\" \/>\n<meta name=\"twitter:card\" content=\"summary_large_image\" \/>\n<meta name=\"twitter:creator\" content=\"@WirMachenAuf_de\" \/>\n<meta name=\"twitter:site\" content=\"@WirMachenAuf_de\" \/>\n<meta name=\"twitter:label1\" content=\"Verfasst von\" \/>\n\t<meta name=\"twitter:data1\" content=\"rtnews\" \/>\n\t<meta name=\"twitter:label2\" content=\"Gesch\u00e4tzte Lesezeit\" \/>\n\t<meta name=\"twitter:data2\" content=\"3\u00a0Minuten\" \/>\n<script type=\"application\/ld+json\" class=\"yoast-schema-graph\">{\"@context\":\"https:\/\/schema.org\",\"@graph\":[{\"@type\":\"Article\",\"@id\":\"https:\/\/now-news.de\/de\/deutschland\/israelische-minister-fordern-annexion-des-westjordanlands\/#article\",\"isPartOf\":{\"@id\":\"https:\/\/now-news.de\/de\/deutschland\/israelische-minister-fordern-annexion-des-westjordanlands\/\"},\"author\":{\"name\":\"rtnews\",\"@id\":\"https:\/\/now-news.de\/de\/#\/schema\/person\/fb534a4e865501d8b3285208df34a9b5\"},\"headline\":\"Israelische Minister fordern Annexion des Westjordanlands\",\"datePublished\":\"2025-09-22T19:37:57+00:00\",\"dateModified\":\"2025-09-22T19:37:57+00:00\",\"mainEntityOfPage\":{\"@id\":\"https:\/\/now-news.de\/de\/deutschland\/israelische-minister-fordern-annexion-des-westjordanlands\/\"},\"wordCount\":554,\"commentCount\":0,\"publisher\":{\"@id\":\"https:\/\/now-news.de\/de\/#organization\"},\"image\":{\"@id\":\"https:\/\/now-news.de\/de\/deutschland\/israelische-minister-fordern-annexion-des-westjordanlands\/#primaryimage\"},\"thumbnailUrl\":\"https:\/\/now-news.de\/de\/wp-content\/uploads\/sites\/3\/2025\/09\/Israelische-Minister-fordern-Annexion-des-Westjordanlands.jpg\",\"keywords\":[\"Annexion\",\"des\",\"f\u00f6rdern\",\"Israelische\",\"Minister\",\"Westjordanlands\"],\"articleSection\":[\"Deutschland\",\"Russland\"],\"inLanguage\":\"de\",\"potentialAction\":[{\"@type\":\"CommentAction\",\"name\":\"Comment\",\"target\":[\"https:\/\/now-news.de\/de\/deutschland\/israelische-minister-fordern-annexion-des-westjordanlands\/#respond\"]}]},{\"@type\":\"WebPage\",\"@id\":\"https:\/\/now-news.de\/de\/deutschland\/israelische-minister-fordern-annexion-des-westjordanlands\/\",\"url\":\"https:\/\/now-news.de\/de\/deutschland\/israelische-minister-fordern-annexion-des-westjordanlands\/\",\"name\":\"Israelische Minister fordern Annexion des Westjordanlands - just-now.NEWS Deutschland\",\"isPartOf\":{\"@id\":\"https:\/\/now-news.de\/de\/#website\"},\"primaryImageOfPage\":{\"@id\":\"https:\/\/now-news.de\/de\/deutschland\/israelische-minister-fordern-annexion-des-westjordanlands\/#primaryimage\"},\"image\":{\"@id\":\"https:\/\/now-news.de\/de\/deutschland\/israelische-minister-fordern-annexion-des-westjordanlands\/#primaryimage\"},\"thumbnailUrl\":\"https:\/\/now-news.de\/de\/wp-content\/uploads\/sites\/3\/2025\/09\/Israelische-Minister-fordern-Annexion-des-Westjordanlands.jpg\",\"datePublished\":\"2025-09-22T19:37:57+00:00\",\"dateModified\":\"2025-09-22T19:37:57+00:00\",\"breadcrumb\":{\"@id\":\"https:\/\/now-news.de\/de\/deutschland\/israelische-minister-fordern-annexion-des-westjordanlands\/#breadcrumb\"},\"inLanguage\":\"de\",\"potentialAction\":[{\"@type\":\"ReadAction\",\"target\":[\"https:\/\/now-news.de\/de\/deutschland\/israelische-minister-fordern-annexion-des-westjordanlands\/\"]}]},{\"@type\":\"ImageObject\",\"inLanguage\":\"de\",\"@id\":\"https:\/\/now-news.de\/de\/deutschland\/israelische-minister-fordern-annexion-des-westjordanlands\/#primaryimage\",\"url\":\"https:\/\/now-news.de\/de\/wp-content\/uploads\/sites\/3\/2025\/09\/Israelische-Minister-fordern-Annexion-des-Westjordanlands.jpg\",\"contentUrl\":\"https:\/\/now-news.de\/de\/wp-content\/uploads\/sites\/3\/2025\/09\/Israelische-Minister-fordern-Annexion-des-Westjordanlands.jpg\",\"width\":460,\"height\":259,\"caption\":\"Israelische Minister fordern Annexion des Westjordanlands\"},{\"@type\":\"BreadcrumbList\",\"@id\":\"https:\/\/now-news.de\/de\/deutschland\/israelische-minister-fordern-annexion-des-westjordanlands\/#breadcrumb\",\"itemListElement\":[{\"@type\":\"ListItem\",\"position\":1,\"name\":\"Home\",\"item\":\"https:\/\/now-news.de\/de\/\"},{\"@type\":\"ListItem\",\"position\":2,\"name\":\"Israelische Minister fordern Annexion des Westjordanlands\"}]},{\"@type\":\"WebSite\",\"@id\":\"https:\/\/now-news.de\/de\/#website\",\"url\":\"https:\/\/now-news.de\/de\/\",\"name\":\"just-now.NEWS Deutschland\",\"description\":\"Das Portal f\u00fcr unzensierte Nachrichten aus der Welt\",\"publisher\":{\"@id\":\"https:\/\/now-news.de\/de\/#organization\"},\"potentialAction\":[{\"@type\":\"SearchAction\",\"target\":{\"@type\":\"EntryPoint\",\"urlTemplate\":\"https:\/\/now-news.de\/de\/?s={search_term_string}\"},\"query-input\":\"required name=search_term_string\"}],\"inLanguage\":\"de\"},{\"@type\":\"Organization\",\"@id\":\"https:\/\/now-news.de\/de\/#organization\",\"name\":\"Just Now News\",\"url\":\"https:\/\/now-news.de\/de\/\",\"logo\":{\"@type\":\"ImageObject\",\"inLanguage\":\"de\",\"@id\":\"https:\/\/now-news.de\/de\/#\/schema\/logo\/image\/\",\"url\":\"http:\/\/just-now.news\/de\/wp-content\/uploads\/sites\/3\/2022\/04\/logo500x500.jpg\",\"contentUrl\":\"http:\/\/just-now.news\/de\/wp-content\/uploads\/sites\/3\/2022\/04\/logo500x500.jpg\",\"width\":500,\"height\":500,\"caption\":\"Just Now News\"},\"image\":{\"@id\":\"https:\/\/now-news.de\/de\/#\/schema\/logo\/image\/\"},\"sameAs\":[\"https:\/\/www.facebook.com\/wirmachenauf\",\"https:\/\/x.com\/WirMachenAuf_de\"]},{\"@type\":\"Person\",\"@id\":\"https:\/\/now-news.de\/de\/#\/schema\/person\/fb534a4e865501d8b3285208df34a9b5\",\"name\":\"rtnews\",\"image\":{\"@type\":\"ImageObject\",\"inLanguage\":\"de\",\"@id\":\"https:\/\/now-news.de\/de\/#\/schema\/person\/image\/\",\"url\":\"https:\/\/secure.gravatar.com\/avatar\/82aafea7d8127119dd649515f56e2117?s=96&d=mm&r=g\",\"contentUrl\":\"https:\/\/secure.gravatar.com\/avatar\/82aafea7d8127119dd649515f56e2117?s=96&d=mm&r=g\",\"caption\":\"rtnews\"},\"url\":\"https:\/\/now-news.de\/de\/author\/rnews\/\"}]}<\/script>\n<!-- \/ Yoast SEO Premium plugin. -->","yoast_head_json":{"title":"Israelische Minister fordern Annexion des Westjordanlands - just-now.NEWS Deutschland","robots":{"index":"index","follow":"follow","max-snippet":"max-snippet:-1","max-image-preview":"max-image-preview:large","max-video-preview":"max-video-preview:-1"},"canonical":"https:\/\/now-news.de\/de\/deutschland\/israelische-minister-fordern-annexion-des-westjordanlands\/","og_locale":"de_DE","og_type":"article","og_title":"Israelische Minister fordern Annexion des Westjordanlands","og_description":"Die Forderung tauchte abermals auf, nachdem Gro\u00dfbritannien, Kanada, Portugal und Australien Pal\u00e4stina als Staat anerkannt haben. Seit Beginn der israelischen Besetzung Gazas und des Westjordanlands 1967 wurde sie in vielen UN-Resolutionen verurteilt. Mehrere Minister im Kabinett des israelischen Premierministers Benjamin Netanjahu haben die sofortige Annexion des besetzten Westjordanlands gefordert, w\u00e4hrend mehr und mehr L\u00e4nder international [&hellip;]","og_url":"https:\/\/now-news.de\/de\/deutschland\/israelische-minister-fordern-annexion-des-westjordanlands\/","og_site_name":"just-now.NEWS Deutschland","article_publisher":"https:\/\/www.facebook.com\/wirmachenauf","article_published_time":"2025-09-22T19:37:57+00:00","og_image":[{"url":"https:\/\/now-news.de\/de\/wp-content\/uploads\/sites\/3\/2025\/09\/68d199ae48fbef35ce03a51c.jpg"}],"author":"rtnews","twitter_card":"summary_large_image","twitter_creator":"@WirMachenAuf_de","twitter_site":"@WirMachenAuf_de","twitter_misc":{"Verfasst von":"rtnews","Gesch\u00e4tzte Lesezeit":"3\u00a0Minuten"},"schema":{"@context":"https:\/\/schema.org","@graph":[{"@type":"Article","@id":"https:\/\/now-news.de\/de\/deutschland\/israelische-minister-fordern-annexion-des-westjordanlands\/#article","isPartOf":{"@id":"https:\/\/now-news.de\/de\/deutschland\/israelische-minister-fordern-annexion-des-westjordanlands\/"},"author":{"name":"rtnews","@id":"https:\/\/now-news.de\/de\/#\/schema\/person\/fb534a4e865501d8b3285208df34a9b5"},"headline":"Israelische Minister fordern Annexion des Westjordanlands","datePublished":"2025-09-22T19:37:57+00:00","dateModified":"2025-09-22T19:37:57+00:00","mainEntityOfPage":{"@id":"https:\/\/now-news.de\/de\/deutschland\/israelische-minister-fordern-annexion-des-westjordanlands\/"},"wordCount":554,"commentCount":0,"publisher":{"@id":"https:\/\/now-news.de\/de\/#organization"},"image":{"@id":"https:\/\/now-news.de\/de\/deutschland\/israelische-minister-fordern-annexion-des-westjordanlands\/#primaryimage"},"thumbnailUrl":"https:\/\/now-news.de\/de\/wp-content\/uploads\/sites\/3\/2025\/09\/Israelische-Minister-fordern-Annexion-des-Westjordanlands.jpg","keywords":["Annexion","des","f\u00f6rdern","Israelische","Minister","Westjordanlands"],"articleSection":["Deutschland","Russland"],"inLanguage":"de","potentialAction":[{"@type":"CommentAction","name":"Comment","target":["https:\/\/now-news.de\/de\/deutschland\/israelische-minister-fordern-annexion-des-westjordanlands\/#respond"]}]},{"@type":"WebPage","@id":"https:\/\/now-news.de\/de\/deutschland\/israelische-minister-fordern-annexion-des-westjordanlands\/","url":"https:\/\/now-news.de\/de\/deutschland\/israelische-minister-fordern-annexion-des-westjordanlands\/","name":"Israelische Minister fordern Annexion des Westjordanlands - just-now.NEWS Deutschland","isPartOf":{"@id":"https:\/\/now-news.de\/de\/#website"},"primaryImageOfPage":{"@id":"https:\/\/now-news.de\/de\/deutschland\/israelische-minister-fordern-annexion-des-westjordanlands\/#primaryimage"},"image":{"@id":"https:\/\/now-news.de\/de\/deutschland\/israelische-minister-fordern-annexion-des-westjordanlands\/#primaryimage"},"thumbnailUrl":"https:\/\/now-news.de\/de\/wp-content\/uploads\/sites\/3\/2025\/09\/Israelische-Minister-fordern-Annexion-des-Westjordanlands.jpg","datePublished":"2025-09-22T19:37:57+00:00","dateModified":"2025-09-22T19:37:57+00:00","breadcrumb":{"@id":"https:\/\/now-news.de\/de\/deutschland\/israelische-minister-fordern-annexion-des-westjordanlands\/#breadcrumb"},"inLanguage":"de","potentialAction":[{"@type":"ReadAction","target":["https:\/\/now-news.de\/de\/deutschland\/israelische-minister-fordern-annexion-des-westjordanlands\/"]}]},{"@type":"ImageObject","inLanguage":"de","@id":"https:\/\/now-news.de\/de\/deutschland\/israelische-minister-fordern-annexion-des-westjordanlands\/#primaryimage","url":"https:\/\/now-news.de\/de\/wp-content\/uploads\/sites\/3\/2025\/09\/Israelische-Minister-fordern-Annexion-des-Westjordanlands.jpg","contentUrl":"https:\/\/now-news.de\/de\/wp-content\/uploads\/sites\/3\/2025\/09\/Israelische-Minister-fordern-Annexion-des-Westjordanlands.jpg","width":460,"height":259,"caption":"Israelische Minister fordern Annexion des Westjordanlands"},{"@type":"BreadcrumbList","@id":"https:\/\/now-news.de\/de\/deutschland\/israelische-minister-fordern-annexion-des-westjordanlands\/#breadcrumb","itemListElement":[{"@type":"ListItem","position":1,"name":"Home","item":"https:\/\/now-news.de\/de\/"},{"@type":"ListItem","position":2,"name":"Israelische Minister fordern Annexion des Westjordanlands"}]},{"@type":"WebSite","@id":"https:\/\/now-news.de\/de\/#website","url":"https:\/\/now-news.de\/de\/","name":"just-now.NEWS Deutschland","description":"Das Portal f\u00fcr unzensierte Nachrichten aus der Welt","publisher":{"@id":"https:\/\/now-news.de\/de\/#organization"},"potentialAction":[{"@type":"SearchAction","target":{"@type":"EntryPoint","urlTemplate":"https:\/\/now-news.de\/de\/?s={search_term_string}"},"query-input":"required name=search_term_string"}],"inLanguage":"de"},{"@type":"Organization","@id":"https:\/\/now-news.de\/de\/#organization","name":"Just Now News","url":"https:\/\/now-news.de\/de\/","logo":{"@type":"ImageObject","inLanguage":"de","@id":"https:\/\/now-news.de\/de\/#\/schema\/logo\/image\/","url":"http:\/\/just-now.news\/de\/wp-content\/uploads\/sites\/3\/2022\/04\/logo500x500.jpg","contentUrl":"http:\/\/just-now.news\/de\/wp-content\/uploads\/sites\/3\/2022\/04\/logo500x500.jpg","width":500,"height":500,"caption":"Just Now News"},"image":{"@id":"https:\/\/now-news.de\/de\/#\/schema\/logo\/image\/"},"sameAs":["https:\/\/www.facebook.com\/wirmachenauf","https:\/\/x.com\/WirMachenAuf_de"]},{"@type":"Person","@id":"https:\/\/now-news.de\/de\/#\/schema\/person\/fb534a4e865501d8b3285208df34a9b5","name":"rtnews","image":{"@type":"ImageObject","inLanguage":"de","@id":"https:\/\/now-news.de\/de\/#\/schema\/person\/image\/","url":"https:\/\/secure.gravatar.com\/avatar\/82aafea7d8127119dd649515f56e2117?s=96&d=mm&r=g","contentUrl":"https:\/\/secure.gravatar.com\/avatar\/82aafea7d8127119dd649515f56e2117?s=96&d=mm&r=g","caption":"rtnews"},"url":"https:\/\/now-news.de\/de\/author\/rnews\/"}]}},"_links":{"self":[{"href":"https:\/\/now-news.de\/de\/wp-json\/wp\/v2\/posts\/90995"}],"collection":[{"href":"https:\/\/now-news.de\/de\/wp-json\/wp\/v2\/posts"}],"about":[{"href":"https:\/\/now-news.de\/de\/wp-json\/wp\/v2\/types\/post"}],"author":[{"embeddable":true,"href":"https:\/\/now-news.de\/de\/wp-json\/wp\/v2\/users\/3"}],"replies":[{"embeddable":true,"href":"https:\/\/now-news.de\/de\/wp-json\/wp\/v2\/comments?post=90995"}],"version-history":[{"count":0,"href":"https:\/\/now-news.de\/de\/wp-json\/wp\/v2\/posts\/90995\/revisions"}],"wp:featuredmedia":[{"embeddable":true,"href":"https:\/\/now-news.de\/de\/wp-json\/wp\/v2\/media\/90996"}],"wp:attachment":[{"href":"https:\/\/now-news.de\/de\/wp-json\/wp\/v2\/media?parent=90995"}],"wp:term":[{"taxonomy":"category","embeddable":true,"href":"https:\/\/now-news.de\/de\/wp-json\/wp\/v2\/categories?post=90995"},{"taxonomy":"post_tag","embeddable":true,"href":"https:\/\/now-news.de\/de\/wp-json\/wp\/v2\/tags?post=90995"}],"curies":[{"name":"wp","href":"https:\/\/api.w.org\/{rel}","templated":true}]}}