{"id":90900,"date":"2025-09-20T21:30:04","date_gmt":"2025-09-20T19:30:04","guid":{"rendered":"https:\/\/now-news.de\/de\/deutschland\/traditionelles-nicht-ereignis-in-bruessel-die-jaehrlich-gehaltene-rede-zur-lage-der-union\/"},"modified":"2025-09-20T21:30:04","modified_gmt":"2025-09-20T19:30:04","slug":"traditionelles-nicht-ereignis-in-bruessel-die-jaehrlich-gehaltene-rede-zur-lage-der-union","status":"publish","type":"post","link":"https:\/\/now-news.de\/de\/deutschland\/traditionelles-nicht-ereignis-in-bruessel-die-jaehrlich-gehaltene-rede-zur-lage-der-union\/","title":{"rendered":"Traditionelles Nicht-Ereignis in Br\u00fcssel: die j\u00e4hrlich gehaltene &quot;Rede zur Lage der Union&quot;"},"content":{"rendered":"<p><img decoding=\"async\" src=\"https:\/\/now-news.de\/de\/wp-content\/uploads\/sites\/3\/2025\/09\/68cc09f9b480cc3366589bf5.jpg\" \/><\/p>\n<div class=\"Text-root Text-type_1 \">\n                Garniert mit einer Prise &#8220;Kampf gegen die Armut&#8221; und &#8220;Macht den Arbeitnehmern&#8221; ging es Ursula von der Leyen vor allem um die Rechtfertigung ihres Zollabkommens mit Donald Trump und um die Verbreitung der \u00fcblichen Narrative zum Konflikt in der Ukraine und im Gazastreifen. Und auch die geplanten Ma\u00dfnahmen sollen dem entsprechen.\n            <\/div>\n<p><\/p>\n<div class=\"Text-root Text-type_5 ArticleView-text ViewText-root \">\n<p><em>Von Pierre Levy<\/em><\/p>\n<p>Es war anscheinend ein &#8220;mit Spannung erwartetes&#8221; Ereignis. So kommentierte jedenfalls die Moderatorin der Arte-Nachrichten, ohne Ironie, die Rede von Ursula von der Leyen vor dem Europ\u00e4ischen Parlament am 10. September. Es handelte sich um die traditionelle &#8220;Rede zur Lage der Union&#8221; (&#8220;SOTEU&#8221; f\u00fcr Eingeweihte, nach dem englischen Akronym).<\/p>\n<p>Diese Tradition, die einst von der Europ\u00e4ischen Kommission eingef\u00fchrt wurde, entstand eigentlich als direkte Nachahmung der in Amerika \u00fcblichen Praxis, wonach der Pr\u00e4sident der Vereinigten Staaten j\u00e4hrlich vor den Mitgliedern des Kongresses spricht. Es war die Zeit, in der manche noch von den &#8220;Vereinigten Staaten von Europa&#8221; tr\u00e4umten und Washington ein unangefochtenes Vorbild war.<\/p>\n<p>Die Rede der Pr\u00e4sidentin der Europ\u00e4ischen Kommission vor dem Plenum in Stra\u00dfburg war in Wirklichkeit, wie immer, ein Nicht-Ereignis, au\u00dfer f\u00fcr die kleine Br\u00fcsseler Blase. Es \u00fcberrascht nicht, dass dabei von &#8220;Unabh\u00e4ngigkeit Europas&#8221;, Wettbewerbsf\u00e4higkeit, &#8220;digitalen und sauberen Technologien&#8221;, k\u00fcnstlicher Intelligenz, &#8220;innovativen Start-ups&#8221; und &#8220;Gigafabriken&#8221;, der Verbindung zwischen \u00f6ffentlicher und privater Finanzierung in Europa, der Vollendung des Binnenmarktes, Elektrobatterien und Klimazielen die Rede war.<\/p>\n<p>Das Ganze wurde begleitet von einer Prise &#8220;Kampf gegen die Armut&#8221; und sogar dem Versprechen, &#8220;den Arbeitnehmern mehr Macht zu geben&#8221;.\u00a0Frau von der Leyen widmete au\u00dferdem mehrere Minuten der Rechtfertigung des Ende Juli mit Donald Trump geschlossenen Abkommens \u00fcber Z\u00f6lle. &#8220;Kapitulation&#8221; w\u00e4re ein passenderer Begriff als &#8220;Abkommen&#8221;, da das Wei\u00dfe Haus eine Besteuerung von 15 Prozent f\u00fcr einen Gro\u00dfteil der europ\u00e4ischen Exporte durchgesetzt hat, w\u00e4hrend amerikanische Waren fast vollst\u00e4ndig von Z\u00f6llen befreit sind. Selbst viele \u00fcberzeugte Br\u00fcssel-Bef\u00fcrworter erkennen diese Dem\u00fctigung an und bedauern sie.<\/p>\n<p>Die Chefin der Br\u00fcsseler Exekutive widmete den Anfang ihrer Rede den internationalen Nachrichten, insbesondere der Ukraine und dem Gazastreifen. Wie zu erwarten war, wurden die beiden Themen sehr unterschiedlich behandelt. Im ersten Fall wurden &#8220;die Freiheit und Unabh\u00e4ngigkeit (f\u00fcr die) das ukrainische Volk heute k\u00e4mpft&#8221; mit bewegenden Berichten \u00fcber den &#8220;russischen Bombenhagel&#8221; hervorgehoben.<\/p>\n<p>Auf diese erschreckende Beschreibung folgte logischerweise die Erw\u00e4hnung der Ma\u00dfnahmen der EU, um Russland die Stirn zu bieten. Insbesondere mit der Vorbereitung des neunzehnten Sanktionspakets gegen Moskau \u2013 die achtzehn vorherigen Pakete, die seit 2022 beschlossen wurden, sollten die russische Wirtschaft in die Knie zwingen und damit den Kreml zur Kapitulation f\u00fchren\u00a0\u2026<\/p>\n<p>Die Pr\u00e4sidentin der Kommission erinnerte au\u00dferdem daran, dass &#8220;bislang 170 Milliarden Euro an milit\u00e4rischer und finanzieller Hilfe&#8221; von der EU an Kiew gezahlt worden sind. Und sie betonte sofort: &#8220;Es wird noch mehr ben\u00f6tigt werden.&#8221; Auf dem Programm stehen unter anderem die St\u00e4rkung der ukrainischen Armee und die Zusammenarbeit mit der R\u00fcstungsindustrie des Landes.<\/p>\n<p>Hinter dieser Unterst\u00fctzung steht die Schaffung einer &#8220;starken und glaubw\u00fcrdigen europ\u00e4ischen Verteidigungsposition&#8221;, insbesondere durch das Programm, das eine &#8220;kriegsbereite&#8221; EU bis 2030 vorsieht. Dieses Programm k\u00f6nnte mit Investitionen in H\u00f6he von bis zu 800 Milliarden Euro ausgestattet werden. Denn laut Frau von der Leyen &#8220;wird Putins Kriegswirtschaft nicht aufh\u00f6ren, auch wenn der Krieg endet&#8221;.<\/p>\n<p>W\u00e4hrend die EU gegen\u00fcber Russland kriegerischer denn je erscheint (zur gro\u00dfen Freude der Waffenh\u00e4ndler), sieht es ganz anders aus, wenn es um Israel geht, um die Fortsetzung dessen, was f\u00fcr die UNO immer deutlicher als V\u00f6lkermord in Gaza erscheint und ganz allgemein um die grenzenlose Arroganz der Beh\u00f6rden dieses Landes gegen\u00fcber dem gesamten Nahen Osten.<\/p>\n<p>Muss man noch erw\u00e4hnen, dass Br\u00fcssel weder plant, 170 Milliarden f\u00fcr den pal\u00e4stinensischen Widerstand bereitzustellen, noch ein neunzehntes Sanktionspaket gegen Tel Aviv zu verh\u00e4ngen? Sanktionen waren bisher undenkbar, zumal eine Reihe von Mitgliedstaaten, darunter Deutschland, die &#8220;Freundschaft&#8221; mit dem j\u00fcdischen Staat zur &#8220;Staatsr\u00e4son&#8221; erhoben hat. Geopolitisch gesehen wird dieses Land traditionell als Vorposten des Westens in dieser Region der Welt angesehen.<\/p>\n<p>Die st\u00e4ndig zunehmende Barbarei Israels hat jedoch ein solches Ausma\u00df erreicht, dass sie seine traditionellen und unersch\u00fctterlichen Verb\u00fcndeten in Unbehagen versetzt hat. Dies ging so weit, dass Frau von der Leyen in ihrer Rede darauf eingehen musste. Sie musste zugeben, dass &#8220;das, was in Gaza geschieht, das Gewissen der ganzen Welt ersch\u00fcttert hat&#8221;. &#8220;Eine vom Menschen verursachte Hungersnot kann unter keinen Umst\u00e4nden eine Kriegswaffe sein&#8221;, f\u00fcgte die Pr\u00e4sidentin hinzu und pr\u00e4zisierte, dass &#8220;dies auch Teil einer systematischeren Ver\u00e4nderung ist, die in den letzten Monaten zu beobachten war und die einfach inakzeptabel ist&#8221;.<\/p>\n<p>Sie stimmte sogar zu, dass &#8220;f\u00fcr viele B\u00fcrger die Unf\u00e4higkeit Europas, sich auf eine gemeinsame Vorgehensweise zu einigen, ebenso schmerzlich ist&#8221;. Und sie erinnerte daran: &#8220;Wir haben vorgeschlagen, einen Teil unserer Finanzierung f\u00fcr Horizon (das Programm f\u00fcr wissenschaftliche Zusammenarbeit) auszusetzen, aber dieser Vorschlag ist mangels Mehrheit blockiert.&#8221;<\/p>\n<p>Zu den geplanten Ma\u00dfnahmen geh\u00f6ren die Aussetzung der bilateralen Hilfe der Kommission, der Vorschlag f\u00fcr &#8220;Sanktionen gegen extremistische Minister&#8221; und &#8220;eine teilweise Aussetzung des Assoziierungsabkommens in Handelsfragen&#8221;. Nicht vorgesehen sind jedoch die Unterbrechung der akademischen Zusammenarbeit oder der wissenschaftlichen F\u00f6rdermittel in diesem Rahmen\u00a0\u2026<\/p>\n<p>Zu den geplanten Ma\u00dfnahmen geh\u00f6ren die Aussetzung der bilateralen Hilfe der Kommission, der Vorschlag f\u00fcr &#8220;Sanktionen gegen extremistische Minister&#8221; und &#8220;eine teilweise Aussetzung des Assoziierungsabkommens in Handelsfragen&#8221;, was zu einer Anhebung bestimmter Z\u00f6lle f\u00fchren k\u00f6nnte. Eine Unterbrechung der akademischen Zusammenarbeit oder der wissenschaftlichen F\u00f6rderungen in diesem Rahmen kommt jedoch nicht infrage \u2026<\/p>\n<p>Es sei au\u00dferdem angemerkt, dass Benjamin Netanjahu nicht als extremistischer Minister gilt und dass die geplante \u201eAussetzung\u201c des Assoziierungsabkommens &#8220;teilweise&#8221; ist\u00a0\u2026 Dar\u00fcber hinaus werden Vergeltungsma\u00dfnahmen erw\u00e4hnt, aber bisher gibt es keine Anzeichen daf\u00fcr, dass diese tats\u00e4chlich in Kraft treten werden.<\/p>\n<p>Das hat also nichts mit der angek\u00fcndigten Konfrontation mit Russland zu tun. Ein Kontrast, der umso auff\u00e4lliger ist, als die beiden Konflikte unterschiedlicher Gr\u00f6\u00dfenordnung und Natur sind. Auch wenn alle Kriege \u2013 mit ihren Opfern und Zerst\u00f6rungen \u2013 das Gewissen der Menschheit ersch\u00fcttern sollten, kann man doch darauf hinweisen, dass die Folgen in beiden F\u00e4llen sehr unterschiedlich sind.<\/p>\n<p>Nach Angaben der UNO bel\u00e4uft sich die Zahl der ukrainischen Zivilopfer auf etwa 14.000 \u2013 14 000 zu viel, nat\u00fcrlich \u2013 f\u00fcr ein Land mit 45 Millionen Einwohnern. Im Gazastreifen wurden allein durch Bombardierungen mehr als 64 000 M\u00e4nner, Frauen und Kinder get\u00f6tet, bei einer Bev\u00f6lkerung von zwei Millionen, die in einem Freiluftgef\u00e4ngnis leben, dessen Zug\u00e4nge blockiert sind und zu dem nichtlokale Journalisten keinen Zugang haben. Lokale Reporter werden besonders ins Visier genommen.<\/p>\n<p>In einem Fall handelt es sich vor allem um eine politisch-milit\u00e4rische Operation (deren Begr\u00fcndetheit man nat\u00fcrlich anzweifeln darf). Im anderen Fall geht es um nichts weniger als die Ausl\u00f6schung eines Volkes und seiner Geschichte: die systematische Vernichtung von Schulen (und des kulturellen Erbes), des gesamten Gesundheitssystems einschlie\u00dflich des Pflegepersonals, der Wasser- und Energieinfrastruktur sowie der landwirtschaftlichen Produktionskapazit\u00e4ten. Und um die quasi offen eingesetzte Waffe der Hungersnot und der fehlenden medizinischen Versorgung (Plagen, deren Opferzahl zu der oben genannten Zahl hinzukommt) gegen das, was ein ehemaliger Verteidigungsminister als &#8220;menschliche Tiere&#8221; bezeichnet hat.<\/p>\n<p>Die j\u00fcngste Offensive der israelischen Armee in der Stadt Gaza mit ihrer Zerst\u00f6rungswut und den endlosen Zwangsumsiedlungen hat das Grauen noch um eine Stufe gesteigert. Angesichts dieser apokalyptischen Situation unterstreichen die vorsichtigen Proteste aus Br\u00fcssel nur die Doppelmoral, die noch nie ein solches Ausma\u00df erreicht hat.<\/p>\n<p><strong>Mehr zum Thema<\/strong> \u2013 <a rel=\"nofollow noopener\" target=\"_blank\" href=\"https:\/\/freedert.online\/europa\/255869-neuer-amtsenthebungsversuch-gegen-ursula-von\">Kriegsbef\u00fcrwortende Rede: Neuer Amtsenthebungsversuch gegen von der Leyen<\/a><\/p>\n<div class=\"EmbedBlock-root EmbedBlock-externalVideo EmbedBlock-rumble\">\n<div class=\"VkEmbed\"><iframe class=\"lazyload\" data-src=\"https:\/\/rumble.com\/embed\/v6wlrhs\" frameborder=\"0\" width=\"853\" height=\"480\" allowfullscreen><\/iframe><\/div>\n<\/div>\n<\/div>\n<p><br \/>\n<br \/><a href=\"https:\/\/de.rt.com\/meinung\/256372-traditionelles-nicht-ereignis-in-bruessel\/\">Source link <\/a><\/p>\n","protected":false},"excerpt":{"rendered":"<p>Garniert mit einer Prise &#8220;Kampf gegen die Armut&#8221; und &#8220;Macht den Arbeitnehmern&#8221; ging es Ursula von der Leyen vor allem um die Rechtfertigung ihres Zollabkommens mit Donald Trump und um die Verbreitung der \u00fcblichen Narrative zum Konflikt in der Ukraine und im Gazastreifen. Und auch die geplanten Ma\u00dfnahmen sollen dem entsprechen. Von Pierre Levy Es [&hellip;]<\/p>\n","protected":false},"author":3,"featured_media":90901,"comment_status":"open","ping_status":"open","sticky":false,"template":"","format":"standard","meta":{"_yoast_indexnow_last_ping":["1758397251"],"wp_automatic_camp":["217"],"0600d209ea33ba168f88c3bed52b3d6b":["Traditionelles Nicht-Ereignis in Br\u00fcssel: die j\u00e4hrlich gehaltene &quot;Rede zur Lage der Union&quot;"],"original_link":["https:\/\/de.rt.com\/meinung\/256372-traditionelles-nicht-ereignis-in-bruessel\/"],"_thumbnail_id":["90901"],"jnews_social_counter_last_update":["1777232730"],"_wptgpro_p2tg_sent2tg":["a:1:{i:23737;s:19:\"2025-09-20 21:41:53\";}"]},"categories":[19,23],"tags":[17026,82,45,24759,10647,525,67898,67899,29341,21895,581],"yoast_head":"<!-- This site is optimized with the Yoast SEO Premium plugin v22.7 (Yoast SEO v22.7) - https:\/\/yoast.com\/wordpress\/plugins\/seo\/ -->\n<title>Traditionelles Nicht-Ereignis in Br\u00fcssel: die j\u00e4hrlich gehaltene &quot;Rede zur Lage der Union&quot; - just-now.NEWS Deutschland<\/title>\n<meta name=\"robots\" content=\"index, follow, max-snippet:-1, max-image-preview:large, max-video-preview:-1\" \/>\n<link rel=\"canonical\" href=\"https:\/\/now-news.de\/de\/deutschland\/traditionelles-nicht-ereignis-in-bruessel-die-jaehrlich-gehaltene-rede-zur-lage-der-union\/\" \/>\n<meta property=\"og:locale\" content=\"de_DE\" \/>\n<meta property=\"og:type\" content=\"article\" \/>\n<meta property=\"og:title\" content=\"Traditionelles Nicht-Ereignis in Br\u00fcssel: die j\u00e4hrlich gehaltene &quot;Rede zur Lage der Union&quot;\" \/>\n<meta property=\"og:description\" content=\"Garniert mit einer Prise &#8220;Kampf gegen die Armut&#8221; und &#8220;Macht den Arbeitnehmern&#8221; ging es Ursula von der Leyen vor allem um die Rechtfertigung ihres Zollabkommens mit Donald Trump und um die Verbreitung der \u00fcblichen Narrative zum Konflikt in der Ukraine und im Gazastreifen. Und auch die geplanten Ma\u00dfnahmen sollen dem entsprechen. Von Pierre Levy Es [&hellip;]\" \/>\n<meta property=\"og:url\" content=\"https:\/\/now-news.de\/de\/deutschland\/traditionelles-nicht-ereignis-in-bruessel-die-jaehrlich-gehaltene-rede-zur-lage-der-union\/\" \/>\n<meta property=\"og:site_name\" content=\"just-now.NEWS Deutschland\" \/>\n<meta property=\"article:publisher\" content=\"https:\/\/www.facebook.com\/wirmachenauf\" \/>\n<meta property=\"article:published_time\" content=\"2025-09-20T19:30:04+00:00\" \/>\n<meta property=\"og:image\" content=\"https:\/\/now-news.de\/de\/wp-content\/uploads\/sites\/3\/2025\/09\/68cc09f9b480cc3366589bf5.jpg\" \/>\n<meta name=\"author\" content=\"rtnews\" \/>\n<meta name=\"twitter:card\" content=\"summary_large_image\" \/>\n<meta name=\"twitter:creator\" content=\"@WirMachenAuf_de\" \/>\n<meta name=\"twitter:site\" content=\"@WirMachenAuf_de\" \/>\n<meta name=\"twitter:label1\" content=\"Verfasst von\" \/>\n\t<meta name=\"twitter:data1\" content=\"rtnews\" \/>\n\t<meta name=\"twitter:label2\" content=\"Gesch\u00e4tzte Lesezeit\" \/>\n\t<meta name=\"twitter:data2\" content=\"6\u00a0Minuten\" \/>\n<script type=\"application\/ld+json\" class=\"yoast-schema-graph\">{\"@context\":\"https:\/\/schema.org\",\"@graph\":[{\"@type\":\"Article\",\"@id\":\"https:\/\/now-news.de\/de\/deutschland\/traditionelles-nicht-ereignis-in-bruessel-die-jaehrlich-gehaltene-rede-zur-lage-der-union\/#article\",\"isPartOf\":{\"@id\":\"https:\/\/now-news.de\/de\/deutschland\/traditionelles-nicht-ereignis-in-bruessel-die-jaehrlich-gehaltene-rede-zur-lage-der-union\/\"},\"author\":{\"name\":\"rtnews\",\"@id\":\"https:\/\/now-news.de\/de\/#\/schema\/person\/fb534a4e865501d8b3285208df34a9b5\"},\"headline\":\"Traditionelles Nicht-Ereignis in Br\u00fcssel: die j\u00e4hrlich gehaltene &quot;Rede zur Lage der Union&quot;\",\"datePublished\":\"2025-09-20T19:30:04+00:00\",\"dateModified\":\"2025-09-20T19:30:04+00:00\",\"mainEntityOfPage\":{\"@id\":\"https:\/\/now-news.de\/de\/deutschland\/traditionelles-nicht-ereignis-in-bruessel-die-jaehrlich-gehaltene-rede-zur-lage-der-union\/\"},\"wordCount\":1306,\"commentCount\":0,\"publisher\":{\"@id\":\"https:\/\/now-news.de\/de\/#organization\"},\"image\":{\"@id\":\"https:\/\/now-news.de\/de\/deutschland\/traditionelles-nicht-ereignis-in-bruessel-die-jaehrlich-gehaltene-rede-zur-lage-der-union\/#primaryimage\"},\"thumbnailUrl\":\"https:\/\/now-news.de\/de\/wp-content\/uploads\/sites\/3\/2025\/09\/Traditionelles-Nicht-Ereignis-in-Bruessel-die-jaehrlich-gehaltene-quotRede-zur-Lage.jpg\",\"keywords\":[\"Br\u00fcssel\",\"der\",\"die\",\"gehaltene\",\"j\u00e4hrlich\",\"Lage\",\"NichtEreignis\",\"quotRede\",\"traditionelles\",\"Unionquot\",\"zur\"],\"articleSection\":[\"Deutschland\",\"Russland\"],\"inLanguage\":\"de\",\"potentialAction\":[{\"@type\":\"CommentAction\",\"name\":\"Comment\",\"target\":[\"https:\/\/now-news.de\/de\/deutschland\/traditionelles-nicht-ereignis-in-bruessel-die-jaehrlich-gehaltene-rede-zur-lage-der-union\/#respond\"]}]},{\"@type\":\"WebPage\",\"@id\":\"https:\/\/now-news.de\/de\/deutschland\/traditionelles-nicht-ereignis-in-bruessel-die-jaehrlich-gehaltene-rede-zur-lage-der-union\/\",\"url\":\"https:\/\/now-news.de\/de\/deutschland\/traditionelles-nicht-ereignis-in-bruessel-die-jaehrlich-gehaltene-rede-zur-lage-der-union\/\",\"name\":\"Traditionelles Nicht-Ereignis in Br\u00fcssel: die j\u00e4hrlich gehaltene &quot;Rede zur Lage der Union&quot; - just-now.NEWS Deutschland\",\"isPartOf\":{\"@id\":\"https:\/\/now-news.de\/de\/#website\"},\"primaryImageOfPage\":{\"@id\":\"https:\/\/now-news.de\/de\/deutschland\/traditionelles-nicht-ereignis-in-bruessel-die-jaehrlich-gehaltene-rede-zur-lage-der-union\/#primaryimage\"},\"image\":{\"@id\":\"https:\/\/now-news.de\/de\/deutschland\/traditionelles-nicht-ereignis-in-bruessel-die-jaehrlich-gehaltene-rede-zur-lage-der-union\/#primaryimage\"},\"thumbnailUrl\":\"https:\/\/now-news.de\/de\/wp-content\/uploads\/sites\/3\/2025\/09\/Traditionelles-Nicht-Ereignis-in-Bruessel-die-jaehrlich-gehaltene-quotRede-zur-Lage.jpg\",\"datePublished\":\"2025-09-20T19:30:04+00:00\",\"dateModified\":\"2025-09-20T19:30:04+00:00\",\"breadcrumb\":{\"@id\":\"https:\/\/now-news.de\/de\/deutschland\/traditionelles-nicht-ereignis-in-bruessel-die-jaehrlich-gehaltene-rede-zur-lage-der-union\/#breadcrumb\"},\"inLanguage\":\"de\",\"potentialAction\":[{\"@type\":\"ReadAction\",\"target\":[\"https:\/\/now-news.de\/de\/deutschland\/traditionelles-nicht-ereignis-in-bruessel-die-jaehrlich-gehaltene-rede-zur-lage-der-union\/\"]}]},{\"@type\":\"ImageObject\",\"inLanguage\":\"de\",\"@id\":\"https:\/\/now-news.de\/de\/deutschland\/traditionelles-nicht-ereignis-in-bruessel-die-jaehrlich-gehaltene-rede-zur-lage-der-union\/#primaryimage\",\"url\":\"https:\/\/now-news.de\/de\/wp-content\/uploads\/sites\/3\/2025\/09\/Traditionelles-Nicht-Ereignis-in-Bruessel-die-jaehrlich-gehaltene-quotRede-zur-Lage.jpg\",\"contentUrl\":\"https:\/\/now-news.de\/de\/wp-content\/uploads\/sites\/3\/2025\/09\/Traditionelles-Nicht-Ereignis-in-Bruessel-die-jaehrlich-gehaltene-quotRede-zur-Lage.jpg\",\"width\":460,\"height\":259,\"caption\":\"Traditionelles Nicht-Ereignis in Br\u00fcssel: die j\u00e4hrlich gehaltene &quot;Rede zur Lage der Union&quot;\"},{\"@type\":\"BreadcrumbList\",\"@id\":\"https:\/\/now-news.de\/de\/deutschland\/traditionelles-nicht-ereignis-in-bruessel-die-jaehrlich-gehaltene-rede-zur-lage-der-union\/#breadcrumb\",\"itemListElement\":[{\"@type\":\"ListItem\",\"position\":1,\"name\":\"Home\",\"item\":\"https:\/\/now-news.de\/de\/\"},{\"@type\":\"ListItem\",\"position\":2,\"name\":\"Traditionelles Nicht-Ereignis in Br\u00fcssel: die j\u00e4hrlich gehaltene &quot;Rede zur Lage der Union&quot;\"}]},{\"@type\":\"WebSite\",\"@id\":\"https:\/\/now-news.de\/de\/#website\",\"url\":\"https:\/\/now-news.de\/de\/\",\"name\":\"just-now.NEWS Deutschland\",\"description\":\"Das Portal f\u00fcr unzensierte Nachrichten aus der Welt\",\"publisher\":{\"@id\":\"https:\/\/now-news.de\/de\/#organization\"},\"potentialAction\":[{\"@type\":\"SearchAction\",\"target\":{\"@type\":\"EntryPoint\",\"urlTemplate\":\"https:\/\/now-news.de\/de\/?s={search_term_string}\"},\"query-input\":\"required name=search_term_string\"}],\"inLanguage\":\"de\"},{\"@type\":\"Organization\",\"@id\":\"https:\/\/now-news.de\/de\/#organization\",\"name\":\"Just Now News\",\"url\":\"https:\/\/now-news.de\/de\/\",\"logo\":{\"@type\":\"ImageObject\",\"inLanguage\":\"de\",\"@id\":\"https:\/\/now-news.de\/de\/#\/schema\/logo\/image\/\",\"url\":\"http:\/\/just-now.news\/de\/wp-content\/uploads\/sites\/3\/2022\/04\/logo500x500.jpg\",\"contentUrl\":\"http:\/\/just-now.news\/de\/wp-content\/uploads\/sites\/3\/2022\/04\/logo500x500.jpg\",\"width\":500,\"height\":500,\"caption\":\"Just Now News\"},\"image\":{\"@id\":\"https:\/\/now-news.de\/de\/#\/schema\/logo\/image\/\"},\"sameAs\":[\"https:\/\/www.facebook.com\/wirmachenauf\",\"https:\/\/x.com\/WirMachenAuf_de\"]},{\"@type\":\"Person\",\"@id\":\"https:\/\/now-news.de\/de\/#\/schema\/person\/fb534a4e865501d8b3285208df34a9b5\",\"name\":\"rtnews\",\"image\":{\"@type\":\"ImageObject\",\"inLanguage\":\"de\",\"@id\":\"https:\/\/now-news.de\/de\/#\/schema\/person\/image\/\",\"url\":\"https:\/\/secure.gravatar.com\/avatar\/82aafea7d8127119dd649515f56e2117?s=96&d=mm&r=g\",\"contentUrl\":\"https:\/\/secure.gravatar.com\/avatar\/82aafea7d8127119dd649515f56e2117?s=96&d=mm&r=g\",\"caption\":\"rtnews\"},\"url\":\"https:\/\/now-news.de\/de\/author\/rnews\/\"}]}<\/script>\n<!-- \/ Yoast SEO Premium plugin. -->","yoast_head_json":{"title":"Traditionelles Nicht-Ereignis in Br\u00fcssel: die j\u00e4hrlich gehaltene &quot;Rede zur Lage der Union&quot; - just-now.NEWS Deutschland","robots":{"index":"index","follow":"follow","max-snippet":"max-snippet:-1","max-image-preview":"max-image-preview:large","max-video-preview":"max-video-preview:-1"},"canonical":"https:\/\/now-news.de\/de\/deutschland\/traditionelles-nicht-ereignis-in-bruessel-die-jaehrlich-gehaltene-rede-zur-lage-der-union\/","og_locale":"de_DE","og_type":"article","og_title":"Traditionelles Nicht-Ereignis in Br\u00fcssel: die j\u00e4hrlich gehaltene &quot;Rede zur Lage der Union&quot;","og_description":"Garniert mit einer Prise &#8220;Kampf gegen die Armut&#8221; und &#8220;Macht den Arbeitnehmern&#8221; ging es Ursula von der Leyen vor allem um die Rechtfertigung ihres Zollabkommens mit Donald Trump und um die Verbreitung der \u00fcblichen Narrative zum Konflikt in der Ukraine und im Gazastreifen. Und auch die geplanten Ma\u00dfnahmen sollen dem entsprechen. Von Pierre Levy Es [&hellip;]","og_url":"https:\/\/now-news.de\/de\/deutschland\/traditionelles-nicht-ereignis-in-bruessel-die-jaehrlich-gehaltene-rede-zur-lage-der-union\/","og_site_name":"just-now.NEWS Deutschland","article_publisher":"https:\/\/www.facebook.com\/wirmachenauf","article_published_time":"2025-09-20T19:30:04+00:00","og_image":[{"url":"https:\/\/now-news.de\/de\/wp-content\/uploads\/sites\/3\/2025\/09\/68cc09f9b480cc3366589bf5.jpg"}],"author":"rtnews","twitter_card":"summary_large_image","twitter_creator":"@WirMachenAuf_de","twitter_site":"@WirMachenAuf_de","twitter_misc":{"Verfasst von":"rtnews","Gesch\u00e4tzte Lesezeit":"6\u00a0Minuten"},"schema":{"@context":"https:\/\/schema.org","@graph":[{"@type":"Article","@id":"https:\/\/now-news.de\/de\/deutschland\/traditionelles-nicht-ereignis-in-bruessel-die-jaehrlich-gehaltene-rede-zur-lage-der-union\/#article","isPartOf":{"@id":"https:\/\/now-news.de\/de\/deutschland\/traditionelles-nicht-ereignis-in-bruessel-die-jaehrlich-gehaltene-rede-zur-lage-der-union\/"},"author":{"name":"rtnews","@id":"https:\/\/now-news.de\/de\/#\/schema\/person\/fb534a4e865501d8b3285208df34a9b5"},"headline":"Traditionelles Nicht-Ereignis in Br\u00fcssel: die j\u00e4hrlich gehaltene &quot;Rede zur Lage der Union&quot;","datePublished":"2025-09-20T19:30:04+00:00","dateModified":"2025-09-20T19:30:04+00:00","mainEntityOfPage":{"@id":"https:\/\/now-news.de\/de\/deutschland\/traditionelles-nicht-ereignis-in-bruessel-die-jaehrlich-gehaltene-rede-zur-lage-der-union\/"},"wordCount":1306,"commentCount":0,"publisher":{"@id":"https:\/\/now-news.de\/de\/#organization"},"image":{"@id":"https:\/\/now-news.de\/de\/deutschland\/traditionelles-nicht-ereignis-in-bruessel-die-jaehrlich-gehaltene-rede-zur-lage-der-union\/#primaryimage"},"thumbnailUrl":"https:\/\/now-news.de\/de\/wp-content\/uploads\/sites\/3\/2025\/09\/Traditionelles-Nicht-Ereignis-in-Bruessel-die-jaehrlich-gehaltene-quotRede-zur-Lage.jpg","keywords":["Br\u00fcssel","der","die","gehaltene","j\u00e4hrlich","Lage","NichtEreignis","quotRede","traditionelles","Unionquot","zur"],"articleSection":["Deutschland","Russland"],"inLanguage":"de","potentialAction":[{"@type":"CommentAction","name":"Comment","target":["https:\/\/now-news.de\/de\/deutschland\/traditionelles-nicht-ereignis-in-bruessel-die-jaehrlich-gehaltene-rede-zur-lage-der-union\/#respond"]}]},{"@type":"WebPage","@id":"https:\/\/now-news.de\/de\/deutschland\/traditionelles-nicht-ereignis-in-bruessel-die-jaehrlich-gehaltene-rede-zur-lage-der-union\/","url":"https:\/\/now-news.de\/de\/deutschland\/traditionelles-nicht-ereignis-in-bruessel-die-jaehrlich-gehaltene-rede-zur-lage-der-union\/","name":"Traditionelles Nicht-Ereignis in Br\u00fcssel: die j\u00e4hrlich gehaltene &quot;Rede zur Lage der Union&quot; - just-now.NEWS Deutschland","isPartOf":{"@id":"https:\/\/now-news.de\/de\/#website"},"primaryImageOfPage":{"@id":"https:\/\/now-news.de\/de\/deutschland\/traditionelles-nicht-ereignis-in-bruessel-die-jaehrlich-gehaltene-rede-zur-lage-der-union\/#primaryimage"},"image":{"@id":"https:\/\/now-news.de\/de\/deutschland\/traditionelles-nicht-ereignis-in-bruessel-die-jaehrlich-gehaltene-rede-zur-lage-der-union\/#primaryimage"},"thumbnailUrl":"https:\/\/now-news.de\/de\/wp-content\/uploads\/sites\/3\/2025\/09\/Traditionelles-Nicht-Ereignis-in-Bruessel-die-jaehrlich-gehaltene-quotRede-zur-Lage.jpg","datePublished":"2025-09-20T19:30:04+00:00","dateModified":"2025-09-20T19:30:04+00:00","breadcrumb":{"@id":"https:\/\/now-news.de\/de\/deutschland\/traditionelles-nicht-ereignis-in-bruessel-die-jaehrlich-gehaltene-rede-zur-lage-der-union\/#breadcrumb"},"inLanguage":"de","potentialAction":[{"@type":"ReadAction","target":["https:\/\/now-news.de\/de\/deutschland\/traditionelles-nicht-ereignis-in-bruessel-die-jaehrlich-gehaltene-rede-zur-lage-der-union\/"]}]},{"@type":"ImageObject","inLanguage":"de","@id":"https:\/\/now-news.de\/de\/deutschland\/traditionelles-nicht-ereignis-in-bruessel-die-jaehrlich-gehaltene-rede-zur-lage-der-union\/#primaryimage","url":"https:\/\/now-news.de\/de\/wp-content\/uploads\/sites\/3\/2025\/09\/Traditionelles-Nicht-Ereignis-in-Bruessel-die-jaehrlich-gehaltene-quotRede-zur-Lage.jpg","contentUrl":"https:\/\/now-news.de\/de\/wp-content\/uploads\/sites\/3\/2025\/09\/Traditionelles-Nicht-Ereignis-in-Bruessel-die-jaehrlich-gehaltene-quotRede-zur-Lage.jpg","width":460,"height":259,"caption":"Traditionelles Nicht-Ereignis in Br\u00fcssel: die j\u00e4hrlich gehaltene &quot;Rede zur Lage der Union&quot;"},{"@type":"BreadcrumbList","@id":"https:\/\/now-news.de\/de\/deutschland\/traditionelles-nicht-ereignis-in-bruessel-die-jaehrlich-gehaltene-rede-zur-lage-der-union\/#breadcrumb","itemListElement":[{"@type":"ListItem","position":1,"name":"Home","item":"https:\/\/now-news.de\/de\/"},{"@type":"ListItem","position":2,"name":"Traditionelles Nicht-Ereignis in Br\u00fcssel: die j\u00e4hrlich gehaltene &quot;Rede zur Lage der Union&quot;"}]},{"@type":"WebSite","@id":"https:\/\/now-news.de\/de\/#website","url":"https:\/\/now-news.de\/de\/","name":"just-now.NEWS Deutschland","description":"Das Portal f\u00fcr unzensierte Nachrichten aus der Welt","publisher":{"@id":"https:\/\/now-news.de\/de\/#organization"},"potentialAction":[{"@type":"SearchAction","target":{"@type":"EntryPoint","urlTemplate":"https:\/\/now-news.de\/de\/?s={search_term_string}"},"query-input":"required name=search_term_string"}],"inLanguage":"de"},{"@type":"Organization","@id":"https:\/\/now-news.de\/de\/#organization","name":"Just Now News","url":"https:\/\/now-news.de\/de\/","logo":{"@type":"ImageObject","inLanguage":"de","@id":"https:\/\/now-news.de\/de\/#\/schema\/logo\/image\/","url":"http:\/\/just-now.news\/de\/wp-content\/uploads\/sites\/3\/2022\/04\/logo500x500.jpg","contentUrl":"http:\/\/just-now.news\/de\/wp-content\/uploads\/sites\/3\/2022\/04\/logo500x500.jpg","width":500,"height":500,"caption":"Just Now News"},"image":{"@id":"https:\/\/now-news.de\/de\/#\/schema\/logo\/image\/"},"sameAs":["https:\/\/www.facebook.com\/wirmachenauf","https:\/\/x.com\/WirMachenAuf_de"]},{"@type":"Person","@id":"https:\/\/now-news.de\/de\/#\/schema\/person\/fb534a4e865501d8b3285208df34a9b5","name":"rtnews","image":{"@type":"ImageObject","inLanguage":"de","@id":"https:\/\/now-news.de\/de\/#\/schema\/person\/image\/","url":"https:\/\/secure.gravatar.com\/avatar\/82aafea7d8127119dd649515f56e2117?s=96&d=mm&r=g","contentUrl":"https:\/\/secure.gravatar.com\/avatar\/82aafea7d8127119dd649515f56e2117?s=96&d=mm&r=g","caption":"rtnews"},"url":"https:\/\/now-news.de\/de\/author\/rnews\/"}]}},"_links":{"self":[{"href":"https:\/\/now-news.de\/de\/wp-json\/wp\/v2\/posts\/90900"}],"collection":[{"href":"https:\/\/now-news.de\/de\/wp-json\/wp\/v2\/posts"}],"about":[{"href":"https:\/\/now-news.de\/de\/wp-json\/wp\/v2\/types\/post"}],"author":[{"embeddable":true,"href":"https:\/\/now-news.de\/de\/wp-json\/wp\/v2\/users\/3"}],"replies":[{"embeddable":true,"href":"https:\/\/now-news.de\/de\/wp-json\/wp\/v2\/comments?post=90900"}],"version-history":[{"count":0,"href":"https:\/\/now-news.de\/de\/wp-json\/wp\/v2\/posts\/90900\/revisions"}],"wp:featuredmedia":[{"embeddable":true,"href":"https:\/\/now-news.de\/de\/wp-json\/wp\/v2\/media\/90901"}],"wp:attachment":[{"href":"https:\/\/now-news.de\/de\/wp-json\/wp\/v2\/media?parent=90900"}],"wp:term":[{"taxonomy":"category","embeddable":true,"href":"https:\/\/now-news.de\/de\/wp-json\/wp\/v2\/categories?post=90900"},{"taxonomy":"post_tag","embeddable":true,"href":"https:\/\/now-news.de\/de\/wp-json\/wp\/v2\/tags?post=90900"}],"curies":[{"name":"wp","href":"https:\/\/api.w.org\/{rel}","templated":true}]}}