{"id":90896,"date":"2025-09-20T21:00:00","date_gmt":"2025-09-20T19:00:00","guid":{"rendered":"https:\/\/now-news.de\/de\/deutschland\/russland-bereitet-reaktion-auf-westliche-aggression-gegen-kaliningrad-vor\/"},"modified":"2025-09-20T21:00:00","modified_gmt":"2025-09-20T19:00:00","slug":"russland-bereitet-reaktion-auf-westliche-aggression-gegen-kaliningrad-vor","status":"publish","type":"post","link":"https:\/\/now-news.de\/de\/deutschland\/russland-bereitet-reaktion-auf-westliche-aggression-gegen-kaliningrad-vor\/","title":{"rendered":"Russland bereitet Reaktion auf westliche Aggression gegen Kaliningrad vor"},"content":{"rendered":"<p><img decoding=\"async\" src=\"https:\/\/now-news.de\/de\/wp-content\/uploads\/sites\/3\/2025\/09\/68cd4b4348fbef1599700edf.jpg\" \/><\/p>\n<div class=\"Text-root Text-type_1 \">\n                Milit\u00e4rexperten bewerten die gerade beendeten gro\u00dfangelegten russisch-wei\u00dfrussischen Man\u00f6ver &#8220;Sapad-2025&#8221; als Demonstration der Bereitschaft, Kaliningrad gegen\u00fcber dem Westen zu verteidigen. Welchen Einfluss hatte die Sonderoperation auf den \u00dcbungsablauf der Man\u00f6ver und auf den Schutz Kaliningrads.\n            <\/div>\n<p><\/p>\n<div class=\"Text-root Text-type_5 ArticleView-text ViewText-root \">\n<p><em>Von Wiktor Sokirko<\/em><\/p>\n<p>Die gemeinsamen Milit\u00e4r\u00fcbungen im Rahmen des Russisch-Wei\u00dfrussischen Unionsstaates &#8220;Sapad-2025&#8221;, die f\u00fcnf Tage lang stattfanden, sind beendet. Das russische Verteidigungsministerium hat mitgeteilt:<\/p>\n<p><em>&#8220;Die Einheiten der Streitkr\u00e4fte der Russischen F\u00f6deration und der Koalitionsstreitkr\u00e4fte, die an dem gemeinsamen strategischen Man\u00f6ver &#8216;Sapad-2025&#8217; teilgenommen haben, haben mit der R\u00fcckkehr zu ihren St\u00fctzpunkten begonnen.&#8221;<\/em><\/p>\n<p>An den Man\u00f6vern waren \u00fcber 100.000 Menschen und mehr als 10.000 St\u00fcck milit\u00e4rischer Technik und Waffen auf 41 \u00dcbungspl\u00e4tzen in Russland und Wei\u00dfrussland beteiligt. Die gro\u00dfe Anzahl von \u00dcbungspl\u00e4tzen ist kein Zufall: Sie zeigt, dass sich die F\u00fchrung der Streitkr\u00e4fte Russlands und Wei\u00dfrusslands bewusst ist, dass im Falle einer Aggression eines potenziellen Gegners multidom\u00e4nenbezogene Angriffe (an Land, auf See und in der Luft) aus verschiedenen Richtungen erfolgen w\u00fcrden. Daher wurden neben den Land\u00fcbungspl\u00e4tzen auch \u00dcbungen in der Ostsee durchgef\u00fchrt, wo die NATO-Staaten bereits mehrfach provokative Aktionen durchgef\u00fchrt haben, sowie in der Arktis, die in naher Zukunft zum Schauplatz einer Konfrontation werden k\u00f6nnte.<\/p>\n<p>Ver\u00e4nderungen sind auch im Vergleich zu \u00dcbungen dieser Gr\u00f6\u00dfenordnung festzustellen, die vor der Sonderoperation in der Ukraine durchgef\u00fchrt wurden. Zu den spektakul\u00e4rsten geh\u00f6ren, wie im Bericht des Verteidigungsministeriums angegeben, &#8220;die Ein\u00fcbung von Sturmangriffen mit Motorr\u00e4dern, Buggys und Quads&#8221;. Nat\u00fcrlich war auch der massive Einsatz von Drohnen durch die unterschiedlichsten Einheiten und Verb\u00e4nde und f\u00fcr verschiedene Zwecke \u2013 sowohl zur Aufkl\u00e4rung als auch f\u00fcr Angriffe \u2013 sehr eindrucksvoll.<\/p>\n<p>Unter den bei den \u00dcbungen vorgestellten Fahrzeugen ist eines der aktuellsten Modelle der russischen Armee der Gel\u00e4ndewagen &#8220;Ulan&#8221;. Tats\u00e4chlich handelt es sich dabei um eine stark vereinfachte, kosteng\u00fcnstigere und f\u00fcr den Einsatz in Kampfgebieten angepasste Version der allseits bekannten &#8220;Niwa&#8221;. Ein Teilnehmer des Man\u00f6vers und Kommandant einer Angriffsgruppe erkl\u00e4rt:<\/p>\n<p><em>&#8220;Das Fahrzeug eignet sich f\u00fcr alle Aufgaben \u2013 sowohl f\u00fcr Angriffe als auch f\u00fcr Evakuierungen und Transport.&#8221;<\/em><\/p>\n<p>Im Grunde genommen handelt es sich hierbei um das lang erwartete Serienproduktionsergebnis ausgiebiger Bem\u00fchungen, die Einheiten an der Front mit leichten Transportmitteln auszustatten.<\/p>\n<p>Grunds\u00e4tzlich ging &#8220;Sapad-2025&#8221; jedoch weit \u00fcber die Aufgaben hinaus, mit denen die russische Armee im Rahmen der laufenden Sonderoperation konfrontiert ist. So geh\u00f6rten die Truppen und \u00dcbungspl\u00e4tze in der Region Kaliningrad w\u00e4hrend der \u00dcbungen zu den am st\u00e4rksten ausgelasteten. Der Milit\u00e4rexperte Alexander Simowski erkl\u00e4rt gegen\u00fcber der Zeitung <em>Wsgljad<\/em>:<\/p>\n<p><em>&#8220;Die regelm\u00e4\u00dfigen \u00dcbungen &#8216;Sapad&#8217; konzentrieren sich traditionell auf Szenarien zur Verteidigung des Unionsstaats gegen eine Aggression des Westens, aber im Jahr 2025 lag der Schwerpunkt besonders auf dem Gebiet Kaliningrad als Region, die unter st\u00e4ndigem Druck steht.<\/em><\/p>\n<p><em>Das war nicht blo\u00df eine \u00dcbung \u2013 es war eine Demonstration gegen\u00fcber dem Westen, dass man bereit ist, Kaliningrad zu verteidigen.&#8221;<\/em><\/p>\n<p>Tats\u00e4chlich hei\u00dft es in der Mitteilung des Verteidigungsministeriums zu den Ergebnissen der \u00dcbungen ausdr\u00fccklich, dass unter anderem Operationen &#8220;mit dem Ziel der Neutralisierung bewaffneter Konflikte in den Grenzgebieten des Unionsstaates und der Zerschlagung des Aggressors&#8221; durchgef\u00fchrt wurden. Ein ganz klarer Hinweis auf die Region Kaliningrad. Die Zeitung <em>Wsgljad<\/em> hat wiederholt <a rel=\"nofollow noopener\" target=\"_blank\" href=\"https:\/\/vz.ru\/world\/2025\/7\/23\/1346776.html\">berichtet<\/a>, dass gerade diese westlichste Region Russlands unmittelbar von einer pl\u00f6tzlichen Aggression der NATO-Staaten bedroht ist. Simowski f\u00fcgt hinzu:<\/p>\n<p><em>&#8220;Die \u00dcbungen legten den Schwerpunkt auf Qualit\u00e4t: Drohnen, Laser, nukleare Szenarien. Ja, sie waren defensiv, aber die Analyse zeigt einen starken konteroffensiven Unterton, insbesondere in Bezug auf Kaliningrad. In milit\u00e4rpolitischer Hinsicht war &#8216;Sapad-2025&#8217; f\u00fcr den baltischen und wei\u00dfrussischen Kriegsschauplatz kein isoliertes Ereignis, sondern Teil der russisch-wei\u00dfrussischen Strategie der &#8216;aktiven Verteidigung&#8217;, bei der Kaliningrad als Vorposten f\u00fcr die Machtprojektion und Warnung an die NATO dient: &#8216;Spielt nicht mit euren Schwellen-Szenarien herum&#8217;.&#8221;<\/em><\/p>\n<p>An der Kaliningrader \u00dcbungsetappe nahmen Kr\u00e4fte der Baltischen Flotte und der Landstreitkr\u00e4fte der Russischen F\u00f6deration teil, wobei wei\u00dfrussische Einheiten und Verb\u00e4nde integriert wurden. Besonders hervorzuheben ist das Szenario mit dem \u00dcbergang von der Verteidigung zum Gegenangriff. Das Ziel der \u00dcbungen bestand darin, die Reaktion der russischen Truppen auf eine Aggression der NATO zur Isolierung Kaliningrads mit Panzer- und Amphibienstreitkr\u00e4ften sowie Luftangriffen auf die Exklave darzustellen.<\/p>\n<p>Die Man\u00f6ver best\u00e4tigten vorangegangene Erkl\u00e4rungen russischer Beamter, dass Russland auf jegliche milit\u00e4rischen Angriffe gegen das Gebiet Kaliningrad mit allen verf\u00fcgbaren Mitteln reagieren werde, die in der Milit\u00e4rdoktrin und der Politik der nuklearen Abschreckung Russlands vorgesehen sind. Simowski meint:<\/p>\n<p><em>&#8220;Besonders bezeichnend ist die Einbeziehung der nuklearen Komponente der Streitkr\u00e4fte der Russischen F\u00f6deration und der Streitkr\u00e4fte der Republik Belarus in den Verteidigungsplan der Region Kaliningrad. Als Tr\u00e4ger diente das operativ-taktische Raketensystem &#8216;Iskander-M&#8217; mit Modellen von Nuklearsprengk\u00f6pfen mit einer Sprengkraft von bis zu 50 Kilotonnen, die zur Simulation der Zielauswahl und anschlie\u00dfender Schl\u00e4ge gegen &#8216;NATO-Truppenkonzentrationen&#8217; in der allgemeinen Richtung Warschau \u2013 Vilnius verwendet wurden. Tats\u00e4chlich handelte es sich um &#8216;elektronische Schl\u00e4ge&#8217; \u2013 Berechnung der Flugbahnen, Autorisierung durch das Nationale Verteidigungszentrum der Russischen F\u00f6deration. Es wurde auch eine Integration von Tu-22M3-Bombern aus Kaliningrad f\u00fcr den Einsatz von Marschflugk\u00f6rpern mit nuklearen Sprengk\u00f6pfen durchgef\u00fchrt. Die St\u00e4be der an den Man\u00f6vern beteiligten Verb\u00e4nde der Streitkr\u00e4fte der Republik Belarus und wei\u00dfrussische Raketenoffiziere nahmen an der Simulation einer nuklearen Reaktion (auf die NATO-Aggression) teil.&#8221;<\/em><\/p>\n<p>Der Milit\u00e4rexperte Boris Dscherelijewski best\u00e4tigt:<\/p>\n<p><em>&#8220;Die Ernsthaftigkeit der Absichten des Unionsstaates in Fragen der Verteidigung ihrer nationalen Interessen und ihrer Sicherheit wurde w\u00e4hrend den Man\u00f6vern durch die Planung des Einsatzes des Mittelstreckenraketenkomplexes &#8216;Oreschnik&#8217; und nichtstrategischer Atomwaffen best\u00e4tigt. Das hei\u00dft, das Verfahren zur Vorbereitung des Einsatzes dieser Waffen und die Umsetzung der getroffenen Entscheidung wurden detailliert ausgearbeitet.&#8221;<\/em><\/p>\n<p>Aber nicht nur dieser Punkt weckte gro\u00dfes Interesse an den strategischen Man\u00f6vern im Ausland. Neben den neuesten Waffen \u2013 wie beispielsweise der Rakete &#8220;Zirkon&#8221; \u2013 wurden bei &#8220;Sapad-2025&#8221; auch im Kampf erprobte taktische Schemata und Methoden umgesetzt.<\/p>\n<p>Das russische Milit\u00e4r verf\u00fcgt heute \u00fcber die fortschrittlichsten und einzigartigsten Kampferfahrungen, die f\u00fcr ausl\u00e4ndische Kollegen von gro\u00dfem Wert sind. So entsandte Indien eine Gruppe seiner Milit\u00e4rs zur Teilnahme an der \u00dcbung, da es die vorhersehbare negative Reaktion des Westens als einen durchaus gerechtfertigten Preis f\u00fcr die f\u00fcr sie interessanten F\u00e4higkeiten und Technologien sowie f\u00fcr die St\u00e4rkung der milit\u00e4rischen Zusammenarbeit mit Russland ansah.<\/p>\n<p><em>\u00dcbersetzt aus dem <a rel=\"nofollow noopener\" target=\"_blank\" href=\"https:\/\/vz.ru\/society\/2025\/9\/19\/1360718.html\">Russischen<\/a>. Der Artikel ist zuerst am 19. September 2025 auf der Website der Zeitung &#8220;Wsgljad&#8221; erschienen.<\/em><\/p>\n<p><em><strong>Wiktor Sokirko<\/strong> ist Analyst bei der Zeitung &#8220;Wsgljad&#8221;.<\/em><\/p>\n<p><strong>Mehr zum Thema<\/strong> \u2013\u00a0<a rel=\"nofollow noopener\" target=\"_blank\" href=\"https:\/\/freedert.online\/europa\/256374-raketen-der-verzweiflung-kiews-letzte-wette-auf-den-sieg\/\">Raketen der Verzweiflung: Kiews letzte Wette auf den Sieg <\/a><\/p>\n<div class=\"EmbedBlock-root EmbedBlock-externalVideo EmbedBlock-rumble\">\n<div class=\"VkEmbed\"><iframe class=\"lazyload\" data-src=\"https:\/\/rumble.com\/embed\/v6wvtyq\" frameborder=\"0\" width=\"853\" height=\"480\" allowfullscreen><\/iframe><\/div>\n<\/div>\n<\/div>\n<p><br \/>\n<br \/><a href=\"https:\/\/de.rt.com\/europa\/256508-russland-bereitet-reaktion-auf-westliche-aggression\/\">Source link <\/a><\/p>\n","protected":false},"excerpt":{"rendered":"<p>Milit\u00e4rexperten bewerten die gerade beendeten gro\u00dfangelegten russisch-wei\u00dfrussischen Man\u00f6ver &#8220;Sapad-2025&#8221; als Demonstration der Bereitschaft, Kaliningrad gegen\u00fcber dem Westen zu verteidigen. Welchen Einfluss hatte die Sonderoperation auf den \u00dcbungsablauf der Man\u00f6ver und auf den Schutz Kaliningrads. Von Wiktor Sokirko Die gemeinsamen Milit\u00e4r\u00fcbungen im Rahmen des Russisch-Wei\u00dfrussischen Unionsstaates &#8220;Sapad-2025&#8221;, die f\u00fcnf Tage lang stattfanden, sind beendet. Das russische [&hellip;]<\/p>\n","protected":false},"author":3,"featured_media":90897,"comment_status":"open","ping_status":"open","sticky":false,"template":"","format":"standard","meta":{"_yoast_indexnow_last_ping":["1758395325"],"wp_automatic_camp":["217"],"4bf208bed2198efe24b5ac571c166906":["Russland bereitet Reaktion auf westliche Aggression gegen Kaliningrad vor"],"original_link":["https:\/\/de.rt.com\/europa\/256508-russland-bereitet-reaktion-auf-westliche-aggression\/"],"_thumbnail_id":["90897"],"jnews_social_counter_last_update":["1777256737"],"_wptgpro_p2tg_sent2tg":["a:1:{i:23737;s:19:\"2025-09-20 21:09:50\";}"]},"categories":[19,23],"tags":[6361,133,8549,278,18900,158,126,320,740],"yoast_head":"<!-- This site is optimized with the Yoast SEO Premium plugin v22.7 (Yoast SEO v22.7) - https:\/\/yoast.com\/wordpress\/plugins\/seo\/ -->\n<title>Russland bereitet Reaktion auf westliche Aggression gegen Kaliningrad vor - just-now.NEWS Deutschland<\/title>\n<meta name=\"robots\" content=\"index, follow, max-snippet:-1, max-image-preview:large, max-video-preview:-1\" \/>\n<link rel=\"canonical\" href=\"https:\/\/now-news.de\/de\/deutschland\/russland-bereitet-reaktion-auf-westliche-aggression-gegen-kaliningrad-vor\/\" \/>\n<meta property=\"og:locale\" content=\"de_DE\" \/>\n<meta property=\"og:type\" content=\"article\" \/>\n<meta property=\"og:title\" content=\"Russland bereitet Reaktion auf westliche Aggression gegen Kaliningrad vor\" \/>\n<meta property=\"og:description\" content=\"Milit\u00e4rexperten bewerten die gerade beendeten gro\u00dfangelegten russisch-wei\u00dfrussischen Man\u00f6ver &#8220;Sapad-2025&#8221; als Demonstration der Bereitschaft, Kaliningrad gegen\u00fcber dem Westen zu verteidigen. Welchen Einfluss hatte die Sonderoperation auf den \u00dcbungsablauf der Man\u00f6ver und auf den Schutz Kaliningrads. Von Wiktor Sokirko Die gemeinsamen Milit\u00e4r\u00fcbungen im Rahmen des Russisch-Wei\u00dfrussischen Unionsstaates &#8220;Sapad-2025&#8221;, die f\u00fcnf Tage lang stattfanden, sind beendet. Das russische [&hellip;]\" \/>\n<meta property=\"og:url\" content=\"https:\/\/now-news.de\/de\/deutschland\/russland-bereitet-reaktion-auf-westliche-aggression-gegen-kaliningrad-vor\/\" \/>\n<meta property=\"og:site_name\" content=\"just-now.NEWS Deutschland\" \/>\n<meta property=\"article:publisher\" content=\"https:\/\/www.facebook.com\/wirmachenauf\" \/>\n<meta property=\"article:published_time\" content=\"2025-09-20T19:00:00+00:00\" \/>\n<meta property=\"og:image\" content=\"https:\/\/now-news.de\/de\/wp-content\/uploads\/sites\/3\/2025\/09\/68cd4b4348fbef1599700edf.jpg\" \/>\n<meta name=\"author\" content=\"rtnews\" \/>\n<meta name=\"twitter:card\" content=\"summary_large_image\" \/>\n<meta name=\"twitter:creator\" content=\"@WirMachenAuf_de\" \/>\n<meta name=\"twitter:site\" content=\"@WirMachenAuf_de\" \/>\n<meta name=\"twitter:label1\" content=\"Verfasst von\" \/>\n\t<meta name=\"twitter:data1\" content=\"rtnews\" \/>\n\t<meta name=\"twitter:label2\" content=\"Gesch\u00e4tzte Lesezeit\" \/>\n\t<meta name=\"twitter:data2\" content=\"6\u00a0Minuten\" \/>\n<script type=\"application\/ld+json\" class=\"yoast-schema-graph\">{\"@context\":\"https:\/\/schema.org\",\"@graph\":[{\"@type\":\"Article\",\"@id\":\"https:\/\/now-news.de\/de\/deutschland\/russland-bereitet-reaktion-auf-westliche-aggression-gegen-kaliningrad-vor\/#article\",\"isPartOf\":{\"@id\":\"https:\/\/now-news.de\/de\/deutschland\/russland-bereitet-reaktion-auf-westliche-aggression-gegen-kaliningrad-vor\/\"},\"author\":{\"name\":\"rtnews\",\"@id\":\"https:\/\/now-news.de\/de\/#\/schema\/person\/fb534a4e865501d8b3285208df34a9b5\"},\"headline\":\"Russland bereitet Reaktion auf westliche Aggression gegen Kaliningrad vor\",\"datePublished\":\"2025-09-20T19:00:00+00:00\",\"dateModified\":\"2025-09-20T19:00:00+00:00\",\"mainEntityOfPage\":{\"@id\":\"https:\/\/now-news.de\/de\/deutschland\/russland-bereitet-reaktion-auf-westliche-aggression-gegen-kaliningrad-vor\/\"},\"wordCount\":1140,\"commentCount\":0,\"publisher\":{\"@id\":\"https:\/\/now-news.de\/de\/#organization\"},\"image\":{\"@id\":\"https:\/\/now-news.de\/de\/deutschland\/russland-bereitet-reaktion-auf-westliche-aggression-gegen-kaliningrad-vor\/#primaryimage\"},\"thumbnailUrl\":\"https:\/\/now-news.de\/de\/wp-content\/uploads\/sites\/3\/2025\/09\/Russland-bereitet-Reaktion-auf-westliche-Aggression-gegen-Kaliningrad-vor.jpg\",\"keywords\":[\"Aggression\",\"AUF\",\"bereitet\",\"gegen\",\"Kaliningrad\",\"reaktion\",\"russland\",\"vor\",\"westliche\"],\"articleSection\":[\"Deutschland\",\"Russland\"],\"inLanguage\":\"de\",\"potentialAction\":[{\"@type\":\"CommentAction\",\"name\":\"Comment\",\"target\":[\"https:\/\/now-news.de\/de\/deutschland\/russland-bereitet-reaktion-auf-westliche-aggression-gegen-kaliningrad-vor\/#respond\"]}]},{\"@type\":\"WebPage\",\"@id\":\"https:\/\/now-news.de\/de\/deutschland\/russland-bereitet-reaktion-auf-westliche-aggression-gegen-kaliningrad-vor\/\",\"url\":\"https:\/\/now-news.de\/de\/deutschland\/russland-bereitet-reaktion-auf-westliche-aggression-gegen-kaliningrad-vor\/\",\"name\":\"Russland bereitet Reaktion auf westliche Aggression gegen Kaliningrad vor - just-now.NEWS Deutschland\",\"isPartOf\":{\"@id\":\"https:\/\/now-news.de\/de\/#website\"},\"primaryImageOfPage\":{\"@id\":\"https:\/\/now-news.de\/de\/deutschland\/russland-bereitet-reaktion-auf-westliche-aggression-gegen-kaliningrad-vor\/#primaryimage\"},\"image\":{\"@id\":\"https:\/\/now-news.de\/de\/deutschland\/russland-bereitet-reaktion-auf-westliche-aggression-gegen-kaliningrad-vor\/#primaryimage\"},\"thumbnailUrl\":\"https:\/\/now-news.de\/de\/wp-content\/uploads\/sites\/3\/2025\/09\/Russland-bereitet-Reaktion-auf-westliche-Aggression-gegen-Kaliningrad-vor.jpg\",\"datePublished\":\"2025-09-20T19:00:00+00:00\",\"dateModified\":\"2025-09-20T19:00:00+00:00\",\"breadcrumb\":{\"@id\":\"https:\/\/now-news.de\/de\/deutschland\/russland-bereitet-reaktion-auf-westliche-aggression-gegen-kaliningrad-vor\/#breadcrumb\"},\"inLanguage\":\"de\",\"potentialAction\":[{\"@type\":\"ReadAction\",\"target\":[\"https:\/\/now-news.de\/de\/deutschland\/russland-bereitet-reaktion-auf-westliche-aggression-gegen-kaliningrad-vor\/\"]}]},{\"@type\":\"ImageObject\",\"inLanguage\":\"de\",\"@id\":\"https:\/\/now-news.de\/de\/deutschland\/russland-bereitet-reaktion-auf-westliche-aggression-gegen-kaliningrad-vor\/#primaryimage\",\"url\":\"https:\/\/now-news.de\/de\/wp-content\/uploads\/sites\/3\/2025\/09\/Russland-bereitet-Reaktion-auf-westliche-Aggression-gegen-Kaliningrad-vor.jpg\",\"contentUrl\":\"https:\/\/now-news.de\/de\/wp-content\/uploads\/sites\/3\/2025\/09\/Russland-bereitet-Reaktion-auf-westliche-Aggression-gegen-Kaliningrad-vor.jpg\",\"width\":460,\"height\":259,\"caption\":\"Russland bereitet Reaktion auf westliche Aggression gegen Kaliningrad vor\"},{\"@type\":\"BreadcrumbList\",\"@id\":\"https:\/\/now-news.de\/de\/deutschland\/russland-bereitet-reaktion-auf-westliche-aggression-gegen-kaliningrad-vor\/#breadcrumb\",\"itemListElement\":[{\"@type\":\"ListItem\",\"position\":1,\"name\":\"Home\",\"item\":\"https:\/\/now-news.de\/de\/\"},{\"@type\":\"ListItem\",\"position\":2,\"name\":\"Russland bereitet Reaktion auf westliche Aggression gegen Kaliningrad vor\"}]},{\"@type\":\"WebSite\",\"@id\":\"https:\/\/now-news.de\/de\/#website\",\"url\":\"https:\/\/now-news.de\/de\/\",\"name\":\"just-now.NEWS Deutschland\",\"description\":\"Das Portal f\u00fcr unzensierte Nachrichten aus der Welt\",\"publisher\":{\"@id\":\"https:\/\/now-news.de\/de\/#organization\"},\"potentialAction\":[{\"@type\":\"SearchAction\",\"target\":{\"@type\":\"EntryPoint\",\"urlTemplate\":\"https:\/\/now-news.de\/de\/?s={search_term_string}\"},\"query-input\":\"required name=search_term_string\"}],\"inLanguage\":\"de\"},{\"@type\":\"Organization\",\"@id\":\"https:\/\/now-news.de\/de\/#organization\",\"name\":\"Just Now News\",\"url\":\"https:\/\/now-news.de\/de\/\",\"logo\":{\"@type\":\"ImageObject\",\"inLanguage\":\"de\",\"@id\":\"https:\/\/now-news.de\/de\/#\/schema\/logo\/image\/\",\"url\":\"http:\/\/just-now.news\/de\/wp-content\/uploads\/sites\/3\/2022\/04\/logo500x500.jpg\",\"contentUrl\":\"http:\/\/just-now.news\/de\/wp-content\/uploads\/sites\/3\/2022\/04\/logo500x500.jpg\",\"width\":500,\"height\":500,\"caption\":\"Just Now News\"},\"image\":{\"@id\":\"https:\/\/now-news.de\/de\/#\/schema\/logo\/image\/\"},\"sameAs\":[\"https:\/\/www.facebook.com\/wirmachenauf\",\"https:\/\/x.com\/WirMachenAuf_de\"]},{\"@type\":\"Person\",\"@id\":\"https:\/\/now-news.de\/de\/#\/schema\/person\/fb534a4e865501d8b3285208df34a9b5\",\"name\":\"rtnews\",\"image\":{\"@type\":\"ImageObject\",\"inLanguage\":\"de\",\"@id\":\"https:\/\/now-news.de\/de\/#\/schema\/person\/image\/\",\"url\":\"https:\/\/secure.gravatar.com\/avatar\/82aafea7d8127119dd649515f56e2117?s=96&d=mm&r=g\",\"contentUrl\":\"https:\/\/secure.gravatar.com\/avatar\/82aafea7d8127119dd649515f56e2117?s=96&d=mm&r=g\",\"caption\":\"rtnews\"},\"url\":\"https:\/\/now-news.de\/de\/author\/rnews\/\"}]}<\/script>\n<!-- \/ Yoast SEO Premium plugin. -->","yoast_head_json":{"title":"Russland bereitet Reaktion auf westliche Aggression gegen Kaliningrad vor - just-now.NEWS Deutschland","robots":{"index":"index","follow":"follow","max-snippet":"max-snippet:-1","max-image-preview":"max-image-preview:large","max-video-preview":"max-video-preview:-1"},"canonical":"https:\/\/now-news.de\/de\/deutschland\/russland-bereitet-reaktion-auf-westliche-aggression-gegen-kaliningrad-vor\/","og_locale":"de_DE","og_type":"article","og_title":"Russland bereitet Reaktion auf westliche Aggression gegen Kaliningrad vor","og_description":"Milit\u00e4rexperten bewerten die gerade beendeten gro\u00dfangelegten russisch-wei\u00dfrussischen Man\u00f6ver &#8220;Sapad-2025&#8221; als Demonstration der Bereitschaft, Kaliningrad gegen\u00fcber dem Westen zu verteidigen. Welchen Einfluss hatte die Sonderoperation auf den \u00dcbungsablauf der Man\u00f6ver und auf den Schutz Kaliningrads. Von Wiktor Sokirko Die gemeinsamen Milit\u00e4r\u00fcbungen im Rahmen des Russisch-Wei\u00dfrussischen Unionsstaates &#8220;Sapad-2025&#8221;, die f\u00fcnf Tage lang stattfanden, sind beendet. Das russische [&hellip;]","og_url":"https:\/\/now-news.de\/de\/deutschland\/russland-bereitet-reaktion-auf-westliche-aggression-gegen-kaliningrad-vor\/","og_site_name":"just-now.NEWS Deutschland","article_publisher":"https:\/\/www.facebook.com\/wirmachenauf","article_published_time":"2025-09-20T19:00:00+00:00","og_image":[{"url":"https:\/\/now-news.de\/de\/wp-content\/uploads\/sites\/3\/2025\/09\/68cd4b4348fbef1599700edf.jpg"}],"author":"rtnews","twitter_card":"summary_large_image","twitter_creator":"@WirMachenAuf_de","twitter_site":"@WirMachenAuf_de","twitter_misc":{"Verfasst von":"rtnews","Gesch\u00e4tzte Lesezeit":"6\u00a0Minuten"},"schema":{"@context":"https:\/\/schema.org","@graph":[{"@type":"Article","@id":"https:\/\/now-news.de\/de\/deutschland\/russland-bereitet-reaktion-auf-westliche-aggression-gegen-kaliningrad-vor\/#article","isPartOf":{"@id":"https:\/\/now-news.de\/de\/deutschland\/russland-bereitet-reaktion-auf-westliche-aggression-gegen-kaliningrad-vor\/"},"author":{"name":"rtnews","@id":"https:\/\/now-news.de\/de\/#\/schema\/person\/fb534a4e865501d8b3285208df34a9b5"},"headline":"Russland bereitet Reaktion auf westliche Aggression gegen Kaliningrad vor","datePublished":"2025-09-20T19:00:00+00:00","dateModified":"2025-09-20T19:00:00+00:00","mainEntityOfPage":{"@id":"https:\/\/now-news.de\/de\/deutschland\/russland-bereitet-reaktion-auf-westliche-aggression-gegen-kaliningrad-vor\/"},"wordCount":1140,"commentCount":0,"publisher":{"@id":"https:\/\/now-news.de\/de\/#organization"},"image":{"@id":"https:\/\/now-news.de\/de\/deutschland\/russland-bereitet-reaktion-auf-westliche-aggression-gegen-kaliningrad-vor\/#primaryimage"},"thumbnailUrl":"https:\/\/now-news.de\/de\/wp-content\/uploads\/sites\/3\/2025\/09\/Russland-bereitet-Reaktion-auf-westliche-Aggression-gegen-Kaliningrad-vor.jpg","keywords":["Aggression","AUF","bereitet","gegen","Kaliningrad","reaktion","russland","vor","westliche"],"articleSection":["Deutschland","Russland"],"inLanguage":"de","potentialAction":[{"@type":"CommentAction","name":"Comment","target":["https:\/\/now-news.de\/de\/deutschland\/russland-bereitet-reaktion-auf-westliche-aggression-gegen-kaliningrad-vor\/#respond"]}]},{"@type":"WebPage","@id":"https:\/\/now-news.de\/de\/deutschland\/russland-bereitet-reaktion-auf-westliche-aggression-gegen-kaliningrad-vor\/","url":"https:\/\/now-news.de\/de\/deutschland\/russland-bereitet-reaktion-auf-westliche-aggression-gegen-kaliningrad-vor\/","name":"Russland bereitet Reaktion auf westliche Aggression gegen Kaliningrad vor - just-now.NEWS Deutschland","isPartOf":{"@id":"https:\/\/now-news.de\/de\/#website"},"primaryImageOfPage":{"@id":"https:\/\/now-news.de\/de\/deutschland\/russland-bereitet-reaktion-auf-westliche-aggression-gegen-kaliningrad-vor\/#primaryimage"},"image":{"@id":"https:\/\/now-news.de\/de\/deutschland\/russland-bereitet-reaktion-auf-westliche-aggression-gegen-kaliningrad-vor\/#primaryimage"},"thumbnailUrl":"https:\/\/now-news.de\/de\/wp-content\/uploads\/sites\/3\/2025\/09\/Russland-bereitet-Reaktion-auf-westliche-Aggression-gegen-Kaliningrad-vor.jpg","datePublished":"2025-09-20T19:00:00+00:00","dateModified":"2025-09-20T19:00:00+00:00","breadcrumb":{"@id":"https:\/\/now-news.de\/de\/deutschland\/russland-bereitet-reaktion-auf-westliche-aggression-gegen-kaliningrad-vor\/#breadcrumb"},"inLanguage":"de","potentialAction":[{"@type":"ReadAction","target":["https:\/\/now-news.de\/de\/deutschland\/russland-bereitet-reaktion-auf-westliche-aggression-gegen-kaliningrad-vor\/"]}]},{"@type":"ImageObject","inLanguage":"de","@id":"https:\/\/now-news.de\/de\/deutschland\/russland-bereitet-reaktion-auf-westliche-aggression-gegen-kaliningrad-vor\/#primaryimage","url":"https:\/\/now-news.de\/de\/wp-content\/uploads\/sites\/3\/2025\/09\/Russland-bereitet-Reaktion-auf-westliche-Aggression-gegen-Kaliningrad-vor.jpg","contentUrl":"https:\/\/now-news.de\/de\/wp-content\/uploads\/sites\/3\/2025\/09\/Russland-bereitet-Reaktion-auf-westliche-Aggression-gegen-Kaliningrad-vor.jpg","width":460,"height":259,"caption":"Russland bereitet Reaktion auf westliche Aggression gegen Kaliningrad vor"},{"@type":"BreadcrumbList","@id":"https:\/\/now-news.de\/de\/deutschland\/russland-bereitet-reaktion-auf-westliche-aggression-gegen-kaliningrad-vor\/#breadcrumb","itemListElement":[{"@type":"ListItem","position":1,"name":"Home","item":"https:\/\/now-news.de\/de\/"},{"@type":"ListItem","position":2,"name":"Russland bereitet Reaktion auf westliche Aggression gegen Kaliningrad vor"}]},{"@type":"WebSite","@id":"https:\/\/now-news.de\/de\/#website","url":"https:\/\/now-news.de\/de\/","name":"just-now.NEWS Deutschland","description":"Das Portal f\u00fcr unzensierte Nachrichten aus der Welt","publisher":{"@id":"https:\/\/now-news.de\/de\/#organization"},"potentialAction":[{"@type":"SearchAction","target":{"@type":"EntryPoint","urlTemplate":"https:\/\/now-news.de\/de\/?s={search_term_string}"},"query-input":"required name=search_term_string"}],"inLanguage":"de"},{"@type":"Organization","@id":"https:\/\/now-news.de\/de\/#organization","name":"Just Now News","url":"https:\/\/now-news.de\/de\/","logo":{"@type":"ImageObject","inLanguage":"de","@id":"https:\/\/now-news.de\/de\/#\/schema\/logo\/image\/","url":"http:\/\/just-now.news\/de\/wp-content\/uploads\/sites\/3\/2022\/04\/logo500x500.jpg","contentUrl":"http:\/\/just-now.news\/de\/wp-content\/uploads\/sites\/3\/2022\/04\/logo500x500.jpg","width":500,"height":500,"caption":"Just Now News"},"image":{"@id":"https:\/\/now-news.de\/de\/#\/schema\/logo\/image\/"},"sameAs":["https:\/\/www.facebook.com\/wirmachenauf","https:\/\/x.com\/WirMachenAuf_de"]},{"@type":"Person","@id":"https:\/\/now-news.de\/de\/#\/schema\/person\/fb534a4e865501d8b3285208df34a9b5","name":"rtnews","image":{"@type":"ImageObject","inLanguage":"de","@id":"https:\/\/now-news.de\/de\/#\/schema\/person\/image\/","url":"https:\/\/secure.gravatar.com\/avatar\/82aafea7d8127119dd649515f56e2117?s=96&d=mm&r=g","contentUrl":"https:\/\/secure.gravatar.com\/avatar\/82aafea7d8127119dd649515f56e2117?s=96&d=mm&r=g","caption":"rtnews"},"url":"https:\/\/now-news.de\/de\/author\/rnews\/"}]}},"_links":{"self":[{"href":"https:\/\/now-news.de\/de\/wp-json\/wp\/v2\/posts\/90896"}],"collection":[{"href":"https:\/\/now-news.de\/de\/wp-json\/wp\/v2\/posts"}],"about":[{"href":"https:\/\/now-news.de\/de\/wp-json\/wp\/v2\/types\/post"}],"author":[{"embeddable":true,"href":"https:\/\/now-news.de\/de\/wp-json\/wp\/v2\/users\/3"}],"replies":[{"embeddable":true,"href":"https:\/\/now-news.de\/de\/wp-json\/wp\/v2\/comments?post=90896"}],"version-history":[{"count":0,"href":"https:\/\/now-news.de\/de\/wp-json\/wp\/v2\/posts\/90896\/revisions"}],"wp:featuredmedia":[{"embeddable":true,"href":"https:\/\/now-news.de\/de\/wp-json\/wp\/v2\/media\/90897"}],"wp:attachment":[{"href":"https:\/\/now-news.de\/de\/wp-json\/wp\/v2\/media?parent=90896"}],"wp:term":[{"taxonomy":"category","embeddable":true,"href":"https:\/\/now-news.de\/de\/wp-json\/wp\/v2\/categories?post=90896"},{"taxonomy":"post_tag","embeddable":true,"href":"https:\/\/now-news.de\/de\/wp-json\/wp\/v2\/tags?post=90896"}],"curies":[{"name":"wp","href":"https:\/\/api.w.org\/{rel}","templated":true}]}}