{"id":90876,"date":"2025-09-20T14:59:54","date_gmt":"2025-09-20T12:59:54","guid":{"rendered":"https:\/\/now-news.de\/de\/deutschland\/cancel-culture-die-geheuchelte-sorge-um-die-meinungsfreiheit-in-den-usa\/"},"modified":"2025-09-20T14:59:54","modified_gmt":"2025-09-20T12:59:54","slug":"cancel-culture-die-geheuchelte-sorge-um-die-meinungsfreiheit-in-den-usa","status":"publish","type":"post","link":"https:\/\/now-news.de\/de\/deutschland\/cancel-culture-die-geheuchelte-sorge-um-die-meinungsfreiheit-in-den-usa\/","title":{"rendered":"Cancel Culture: Die geheuchelte Sorge um die Meinungsfreiheit in den USA"},"content":{"rendered":"<p><img decoding=\"async\" src=\"https:\/\/now-news.de\/de\/wp-content\/uploads\/sites\/3\/2025\/09\/68cd6361b480cc0a57273090.jpg\" \/><\/p>\n<div class=\"Text-root Text-type_1 \">\n                Deutsche Medien sorgen sich um die Meinungsfreiheit in den USA. Das wirkt verlogen. Die Meinungsfreiheit ist dem Mainstream gleichg\u00fcltig, wenn sie f\u00fcr jene eingeschr\u00e4nkt wird, die vom Narrativ abweichen. Deutscher Journalismus hat zudem aktiven Anteil am R\u00fcckbau von Grundrechten.\n            <\/div>\n<p><\/p>\n<div class=\"Text-root Text-type_5 ArticleView-text ViewText-root \">\n<p><em>Von Gert Ewen Ungar<\/em><\/p>\n<p>Endlich ist es so weit! Der deutsche Mainstream sorgt sich um die Meinungsfreiheit. Allerdings nicht in Deutschland, sondern in den USA. Anlass ist die Absetzung der Late-Night-Show von Jimmy Kimmel durch den US-Sender <em>ABC<\/em>. Deutsche Medien sehen die USA nun auf der Kippe zur Autokratie. Schuld daran ist, wie soll es anders sein, Donald Trump.<\/p>\n<p>Kimmel hatte sich anl\u00e4sslich der Ermordung von Charlie Kirk im Ton vergriffen. Ob das ein hinreichender Grund sein kann, um seine Sendung zu canceln, sei dahingestellt. Darum soll es hier nicht gehen.\u00a0<\/p>\n<p>Worum es geht, soll ein zweites Beispiel eines Rauswurfs verdeutlichen: Vor etwas mehr als zwei Jahren wurde der US-Journalist Tucker Carlson von seinem Arbeitgeber <em>Fox News<\/em> ohne Angaben von Gr\u00fcnden gek\u00fcndigt. Damals beklatschte der deutsche Mainstream den Rauswurf, denn Tucker Carlson vertritt politisch eine konservative Haltung und gilt nicht wie Kimmel als &#8220;Trump-Kritiker&#8221;.<\/p>\n<p>Damit sich auch die Zuschauer und Leser auf der moralisch richtigen Seite positionieren konnten, wurde Carlson\u00a0als Antisemit, homophob, ausl\u00e4nderfeindlich und misogyn diffamiert. Stellvertretend f\u00fcr zahlreiche andere gro\u00dfen deutschen Medien sei hier die <em>Tagesschau<\/em>\u00a0<a rel=\"nofollow noopener\" target=\"_blank\" href=\"https:\/\/www.tagesschau.de\/ausland\/amerika\/usa-tucker-carlson-fox-news-medien-100.html\">zitiert<\/a>:\u00a0<\/p>\n<p><em>&#8220;Tucker Carlson, ein Ph\u00e4nomen in der US-Medienlandschaft. Er gilt als ultrakonservativer Hetzer,\u00a0 Quotengarant und Starmoderator.&#8221; Im Beitrag zur Entlassung Carlsons hei\u00dft es dann weiter, &#8220;Fakt ist, dass er sich selbst jahrelang in seiner t\u00e4glichen Abendsendung antisemitisch, rassistisch und homophob ge\u00e4u\u00dfert sowie Verschw\u00f6rungserz\u00e4hlungen und Falschmeldungen verbreitet hat.&#8221;<\/em>\u00a0<\/p>\n<p>Weil das einfach Fakt ist, muss man das auch gar nicht weiter belegen. Den behaupteten Fakt mit Zitaten Carlsons zu unterf\u00fcttern, w\u00e4re auch schwierig. Eine Beweisf\u00fchrung erfolgte, wenn sie denn \u00fcberhaupt stattfand, unter Verweis auf H\u00f6rensagen. Handfeste und vor allem eindeutige Belege f\u00fcr die gemachte Behauptung gibt es schlicht nicht. Die Diffamierungskampagne, mit der damals Tucker Carlson in den deutschen Medien \u00fcberzogen wurde, wiederholen deutsche Medien von jeder Scham befreit nun gegen\u00fcber dem ermordeten Charlie Kirk. Irgendwie sei er an seiner Ermordung selbst schuld, wird suggeriert. Mit so einer Meinung wie Kirk sollte man sich einfach nicht auf die Stra\u00dfe trauen.\u00a0<\/p>\n<p>Die Kritik Carlsons am Ablauf der US-Pr\u00e4sidentschaftswahl im Jahr 2020 wurde \u00fcbrigens sofort mit dem Pr\u00e4dikat &#8220;Verschw\u00f6rungstheorie&#8221; versehen. Dass dieser Vorwurf ausgerechnet von Medien wie der <em>Tagesschau<\/em> erhoben wurde, die an der Geschichte einer russischen Wahleinmischung in den USA im Jahr 2016 auch dann noch festgehalten haben, als &#8220;Russiagate&#8221; l\u00e4ngst als gut orchestrierte und in Szene gesetzte L\u00fcge der demokratischen Partei aufgeflogen war, setzt der Dreistigkeit der Vorw\u00fcrfe gegen\u00fcber Carlson dabei noch die Krone des Absurden auf.<\/p>\n<p>W\u00e4hrend in der Angelegenheit wenig an Fakten aufgefahren wurde, l\u00e4sst sich immerhin ein ganz konkretes Faktum festhalten: Sorgen um die Meinungsfreiheit in den USA machte sich die deutsche Journaille damals nicht.\u00a0\u00a0\u00a0<\/p>\n<div class=\"EmbedBlock-root EmbedBlock-twitter\">\n<div class=\"TwitterEmbed\">\n<blockquote class=\"twitter-tweet lazyload\" data-twitter=\"twitter-tweet\">\n<p lang=\"zxx\" dir=\"ltr\"><a rel=\"nofollow noopener\" target=\"_blank\" href=\"https:\/\/t.co\/L7CLQXTNkY\">pic.twitter.com\/L7CLQXTNkY<\/a><\/p>\n<p>\u2014 Argo Nerd (@argonerd) <a rel=\"nofollow noopener\" target=\"_blank\" href=\"https:\/\/twitter.com\/argonerd\/status\/1968793103461929006?ref_src=twsrc%5Etfw\">September 18, 2025<\/a><\/p><\/blockquote>\n<\/div>\n<\/div>\n<p>Die kognitive Dissonanz ist leicht zu erkl\u00e4ren. Damals traf es aus der Sicht der Mainstream-Medien den Richtigen. Nun trifft es mit Kimmel den Falschen. Richtig und falsch ergeben sich dabei an der Ausrichtung an einem sehr einseitigen, sich jeder Differenzierung verweigernden Narrativ. In diesem Fall lautet es: Wer gegen Trump ist, ist ein Guter, wer ihn unterst\u00fctzt, einer aus dem Kreis der B\u00f6sen.\u00a0<\/p>\n<p>Die offensichtliche Unterkomplexit\u00e4t der deutschen Berichterstattung speist sich aus der Schlichtheit des Weltbildes, in dem dieses Narrativ wurzelt. Es gibt immer nur zwei Seiten. Schattierungen gibt es nicht. Wer abw\u00e4gt, ist ein Nazi. Der deutsche Journalismus hat sich von dem Anspruch, Zusammenh\u00e4nge zu erkl\u00e4ren, vollst\u00e4ndig befreit. Seine neue Aufgabe ist die Implementierung und Durchsetzung feststehender Narrative.\u00a0<\/p>\n<p>Glaubw\u00fcrdiger werden die deutschen Medien durch diese offensichtliche kognitive Dissonanz und Unausgewogenheit nat\u00fcrlich nicht. Vielmehr zeigt sich an ihrer wenig glaubhaften Sorge um die Meinungsfreiheit in den USA erneut, dass die gro\u00dfen deutschen Medien in ihrer Breite l\u00e4ngst vereinnahmt wurden und sich gleichgeschaltet haben.\u00a0<\/p>\n<p>Dass die Sorge um die Meinungsfreiheit nicht mehr als ein rhetorisches Tool der deutschen Propaganda ist, zeigt sich aber nicht nur an der unterschiedlichen Haltung zu Tucker Carlson und Jimmy Kimmel. Sie zeigt sich auch ganz konkret daran, dass die gro\u00dfen deutschen Medienkonzerne und die bekannten Talking-Heads wie Dunja Hayali, Anja Reschke und Georg Restle den R\u00fcckbau von Presse- und Meinungsfreiheit in Deutschland nicht nur hinnehmen, sondern sogar euphorisch begr\u00fc\u00dfen.<\/p>\n<p>Sie vertreten implizit die Auffassung, wenn alle zu den gro\u00dfen gesellschaftspolitischen Themen weitgehend die gleiche Auffassung haben, ist Meinungsfreiheit verwirklicht und die Demokratie gesch\u00fctzt. Abweichler m\u00fcssen daher konsequent identifiziert, nach M\u00f6glichkeit um ihre Existenz gebracht und aus der Gesellschaft ausgeschlossen werden.<\/p>\n<p>Jan B\u00f6hmermann hat es bei dieser pervertierten Version demokratischer Prinzipien in einer modernisierten Variante des Blockwarts und des Denunzianten aus Niedertracht zu hoher Professionalit\u00e4t gebracht. Der deutschen Gesellschaft zum Ruhm gereicht das alles nat\u00fcrlich nicht. Es dr\u00fcckt sich darin vielmehr eine grundlegende Unf\u00e4higkeit aus, die Freiheit des Anderen auszuhalten.\u00a0<\/p>\n<p>Offensichtliches Ziel all dieser Umdeutungen ist die Schaffung einer kontrafaktischen, medial konstruierten Realit\u00e4t,\u00a0wo Demokratie und alles, was sie ausmacht, nur noch simuliert, aber nicht mehr gelebt wird. Von dieser Diktatur der Narrative werden die Multiplikatoren in den Redaktionen behaupten, es handele sich um die beste und h\u00f6chste Form der Demokratie.<\/p>\n<p>F\u00fcr die Umsetzung dieser Aufgabe des gesellschaftlichen Umbaus sind die deutschen Medien mit der deutschen Politik erneut eine\u00a0ungute Symbiose eingegangen. Meinungs- und Pressefreiheit bleiben dabei nicht einfach auf der Strecke. Ihre Abschaffung ist das Ziel.\u00a0<\/p>\n<p><strong>Mehr zum Thema<\/strong>\u00a0<strong>&#8211;<\/strong>\u00a0<a rel=\"nofollow noopener\" target=\"_blank\" href=\"https:\/\/freedert.online\/inland\/256408-deutsche-verlieren-vertrauen-in-staat-und-medien\/\">Deutsche verlieren Vertrauen in Staat und Medien<\/a><\/p>\n<div class=\"EmbedBlock-root EmbedBlock-externalVideo EmbedBlock-rumble\">\n<div class=\"VkEmbed\"><iframe class=\"lazyload\" data-src=\"https:\/\/rumble.com\/embed\/v6ww036\" frameborder=\"0\" width=\"853\" height=\"480\" allowfullscreen><\/iframe><\/div>\n<\/div>\n<\/div>\n<p><script async src=\"https:\/\/platform.twitter.com\/widgets.js\" charset=\"utf-8\"><\/script><br \/>\n<br \/><br \/>\n<br \/><a href=\"https:\/\/de.rt.com\/meinung\/256521-cancel-culture-geheuchelte-sorge-um\/\">Source link <\/a><\/p>\n","protected":false},"excerpt":{"rendered":"<p>Deutsche Medien sorgen sich um die Meinungsfreiheit in den USA. Das wirkt verlogen. Die Meinungsfreiheit ist dem Mainstream gleichg\u00fcltig, wenn sie f\u00fcr jene eingeschr\u00e4nkt wird, die vom Narrativ abweichen. Deutscher Journalismus hat zudem aktiven Anteil am R\u00fcckbau von Grundrechten. Von Gert Ewen Ungar Endlich ist es so weit! Der deutsche Mainstream sorgt sich um die [&hellip;]<\/p>\n","protected":false},"author":3,"featured_media":90877,"comment_status":"open","ping_status":"open","sticky":false,"template":"","format":"standard","meta":{"_yoast_indexnow_last_ping":["1758374153"],"wp_automatic_camp":["217"],"fda851b2e4a8461ed0d5e457502e07a6":["Cancel Culture: Die geheuchelte Sorge um die Meinungsfreiheit in den USA"],"original_link":["https:\/\/de.rt.com\/meinung\/256521-cancel-culture-geheuchelte-sorge-um\/"],"_thumbnail_id":["90877"],"jnews_social_counter_last_update":["1777274819"],"_wptgpro_p2tg_sent2tg":["a:1:{i:23737;s:19:\"2025-09-20 15:17:11\";}"]},"categories":[19,23],"tags":[3664,2200,48,45,33869,7120,13676,193],"yoast_head":"<!-- This site is optimized with the Yoast SEO Premium plugin v22.7 (Yoast SEO v22.7) - https:\/\/yoast.com\/wordpress\/plugins\/seo\/ -->\n<title>Cancel Culture: Die geheuchelte Sorge um die Meinungsfreiheit in den USA - just-now.NEWS Deutschland<\/title>\n<meta name=\"robots\" content=\"index, follow, max-snippet:-1, max-image-preview:large, max-video-preview:-1\" \/>\n<link rel=\"canonical\" href=\"https:\/\/now-news.de\/de\/deutschland\/cancel-culture-die-geheuchelte-sorge-um-die-meinungsfreiheit-in-den-usa\/\" \/>\n<meta property=\"og:locale\" content=\"de_DE\" \/>\n<meta property=\"og:type\" content=\"article\" \/>\n<meta property=\"og:title\" content=\"Cancel Culture: Die geheuchelte Sorge um die Meinungsfreiheit in den USA\" \/>\n<meta property=\"og:description\" content=\"Deutsche Medien sorgen sich um die Meinungsfreiheit in den USA. Das wirkt verlogen. Die Meinungsfreiheit ist dem Mainstream gleichg\u00fcltig, wenn sie f\u00fcr jene eingeschr\u00e4nkt wird, die vom Narrativ abweichen. Deutscher Journalismus hat zudem aktiven Anteil am R\u00fcckbau von Grundrechten. Von Gert Ewen Ungar Endlich ist es so weit! Der deutsche Mainstream sorgt sich um die [&hellip;]\" \/>\n<meta property=\"og:url\" content=\"https:\/\/now-news.de\/de\/deutschland\/cancel-culture-die-geheuchelte-sorge-um-die-meinungsfreiheit-in-den-usa\/\" \/>\n<meta property=\"og:site_name\" content=\"just-now.NEWS Deutschland\" \/>\n<meta property=\"article:publisher\" content=\"https:\/\/www.facebook.com\/wirmachenauf\" \/>\n<meta property=\"article:published_time\" content=\"2025-09-20T12:59:54+00:00\" \/>\n<meta property=\"og:image\" content=\"https:\/\/now-news.de\/de\/wp-content\/uploads\/sites\/3\/2025\/09\/68cd6361b480cc0a57273090.jpg\" \/>\n<meta name=\"author\" content=\"rtnews\" \/>\n<meta name=\"twitter:card\" content=\"summary_large_image\" \/>\n<meta name=\"twitter:creator\" content=\"@WirMachenAuf_de\" \/>\n<meta name=\"twitter:site\" content=\"@WirMachenAuf_de\" \/>\n<meta name=\"twitter:label1\" content=\"Verfasst von\" \/>\n\t<meta name=\"twitter:data1\" content=\"rtnews\" \/>\n\t<meta name=\"twitter:label2\" content=\"Gesch\u00e4tzte Lesezeit\" \/>\n\t<meta name=\"twitter:data2\" content=\"5\u00a0Minuten\" \/>\n<script type=\"application\/ld+json\" class=\"yoast-schema-graph\">{\"@context\":\"https:\/\/schema.org\",\"@graph\":[{\"@type\":\"Article\",\"@id\":\"https:\/\/now-news.de\/de\/deutschland\/cancel-culture-die-geheuchelte-sorge-um-die-meinungsfreiheit-in-den-usa\/#article\",\"isPartOf\":{\"@id\":\"https:\/\/now-news.de\/de\/deutschland\/cancel-culture-die-geheuchelte-sorge-um-die-meinungsfreiheit-in-den-usa\/\"},\"author\":{\"name\":\"rtnews\",\"@id\":\"https:\/\/now-news.de\/de\/#\/schema\/person\/fb534a4e865501d8b3285208df34a9b5\"},\"headline\":\"Cancel Culture: Die geheuchelte Sorge um die Meinungsfreiheit in den USA\",\"datePublished\":\"2025-09-20T12:59:54+00:00\",\"dateModified\":\"2025-09-20T12:59:54+00:00\",\"mainEntityOfPage\":{\"@id\":\"https:\/\/now-news.de\/de\/deutschland\/cancel-culture-die-geheuchelte-sorge-um-die-meinungsfreiheit-in-den-usa\/\"},\"wordCount\":975,\"commentCount\":0,\"publisher\":{\"@id\":\"https:\/\/now-news.de\/de\/#organization\"},\"image\":{\"@id\":\"https:\/\/now-news.de\/de\/deutschland\/cancel-culture-die-geheuchelte-sorge-um-die-meinungsfreiheit-in-den-usa\/#primaryimage\"},\"thumbnailUrl\":\"https:\/\/now-news.de\/de\/wp-content\/uploads\/sites\/3\/2025\/09\/Cancel-Culture-Die-geheuchelte-Sorge-um-die-Meinungsfreiheit-in-den.jpg\",\"keywords\":[\"Cancel\",\"Culture\",\"den\",\"die\",\"geheuchelte\",\"Meinungsfreiheit\",\"Sorge\",\"USA\"],\"articleSection\":[\"Deutschland\",\"Russland\"],\"inLanguage\":\"de\",\"potentialAction\":[{\"@type\":\"CommentAction\",\"name\":\"Comment\",\"target\":[\"https:\/\/now-news.de\/de\/deutschland\/cancel-culture-die-geheuchelte-sorge-um-die-meinungsfreiheit-in-den-usa\/#respond\"]}]},{\"@type\":\"WebPage\",\"@id\":\"https:\/\/now-news.de\/de\/deutschland\/cancel-culture-die-geheuchelte-sorge-um-die-meinungsfreiheit-in-den-usa\/\",\"url\":\"https:\/\/now-news.de\/de\/deutschland\/cancel-culture-die-geheuchelte-sorge-um-die-meinungsfreiheit-in-den-usa\/\",\"name\":\"Cancel Culture: Die geheuchelte Sorge um die Meinungsfreiheit in den USA - just-now.NEWS Deutschland\",\"isPartOf\":{\"@id\":\"https:\/\/now-news.de\/de\/#website\"},\"primaryImageOfPage\":{\"@id\":\"https:\/\/now-news.de\/de\/deutschland\/cancel-culture-die-geheuchelte-sorge-um-die-meinungsfreiheit-in-den-usa\/#primaryimage\"},\"image\":{\"@id\":\"https:\/\/now-news.de\/de\/deutschland\/cancel-culture-die-geheuchelte-sorge-um-die-meinungsfreiheit-in-den-usa\/#primaryimage\"},\"thumbnailUrl\":\"https:\/\/now-news.de\/de\/wp-content\/uploads\/sites\/3\/2025\/09\/Cancel-Culture-Die-geheuchelte-Sorge-um-die-Meinungsfreiheit-in-den.jpg\",\"datePublished\":\"2025-09-20T12:59:54+00:00\",\"dateModified\":\"2025-09-20T12:59:54+00:00\",\"breadcrumb\":{\"@id\":\"https:\/\/now-news.de\/de\/deutschland\/cancel-culture-die-geheuchelte-sorge-um-die-meinungsfreiheit-in-den-usa\/#breadcrumb\"},\"inLanguage\":\"de\",\"potentialAction\":[{\"@type\":\"ReadAction\",\"target\":[\"https:\/\/now-news.de\/de\/deutschland\/cancel-culture-die-geheuchelte-sorge-um-die-meinungsfreiheit-in-den-usa\/\"]}]},{\"@type\":\"ImageObject\",\"inLanguage\":\"de\",\"@id\":\"https:\/\/now-news.de\/de\/deutschland\/cancel-culture-die-geheuchelte-sorge-um-die-meinungsfreiheit-in-den-usa\/#primaryimage\",\"url\":\"https:\/\/now-news.de\/de\/wp-content\/uploads\/sites\/3\/2025\/09\/Cancel-Culture-Die-geheuchelte-Sorge-um-die-Meinungsfreiheit-in-den.jpg\",\"contentUrl\":\"https:\/\/now-news.de\/de\/wp-content\/uploads\/sites\/3\/2025\/09\/Cancel-Culture-Die-geheuchelte-Sorge-um-die-Meinungsfreiheit-in-den.jpg\",\"width\":460,\"height\":259,\"caption\":\"Cancel Culture: Die geheuchelte Sorge um die Meinungsfreiheit in den USA\"},{\"@type\":\"BreadcrumbList\",\"@id\":\"https:\/\/now-news.de\/de\/deutschland\/cancel-culture-die-geheuchelte-sorge-um-die-meinungsfreiheit-in-den-usa\/#breadcrumb\",\"itemListElement\":[{\"@type\":\"ListItem\",\"position\":1,\"name\":\"Home\",\"item\":\"https:\/\/now-news.de\/de\/\"},{\"@type\":\"ListItem\",\"position\":2,\"name\":\"Cancel Culture: Die geheuchelte Sorge um die Meinungsfreiheit in den USA\"}]},{\"@type\":\"WebSite\",\"@id\":\"https:\/\/now-news.de\/de\/#website\",\"url\":\"https:\/\/now-news.de\/de\/\",\"name\":\"just-now.NEWS Deutschland\",\"description\":\"Das Portal f\u00fcr unzensierte Nachrichten aus der Welt\",\"publisher\":{\"@id\":\"https:\/\/now-news.de\/de\/#organization\"},\"potentialAction\":[{\"@type\":\"SearchAction\",\"target\":{\"@type\":\"EntryPoint\",\"urlTemplate\":\"https:\/\/now-news.de\/de\/?s={search_term_string}\"},\"query-input\":\"required name=search_term_string\"}],\"inLanguage\":\"de\"},{\"@type\":\"Organization\",\"@id\":\"https:\/\/now-news.de\/de\/#organization\",\"name\":\"Just Now News\",\"url\":\"https:\/\/now-news.de\/de\/\",\"logo\":{\"@type\":\"ImageObject\",\"inLanguage\":\"de\",\"@id\":\"https:\/\/now-news.de\/de\/#\/schema\/logo\/image\/\",\"url\":\"http:\/\/just-now.news\/de\/wp-content\/uploads\/sites\/3\/2022\/04\/logo500x500.jpg\",\"contentUrl\":\"http:\/\/just-now.news\/de\/wp-content\/uploads\/sites\/3\/2022\/04\/logo500x500.jpg\",\"width\":500,\"height\":500,\"caption\":\"Just Now News\"},\"image\":{\"@id\":\"https:\/\/now-news.de\/de\/#\/schema\/logo\/image\/\"},\"sameAs\":[\"https:\/\/www.facebook.com\/wirmachenauf\",\"https:\/\/x.com\/WirMachenAuf_de\"]},{\"@type\":\"Person\",\"@id\":\"https:\/\/now-news.de\/de\/#\/schema\/person\/fb534a4e865501d8b3285208df34a9b5\",\"name\":\"rtnews\",\"image\":{\"@type\":\"ImageObject\",\"inLanguage\":\"de\",\"@id\":\"https:\/\/now-news.de\/de\/#\/schema\/person\/image\/\",\"url\":\"https:\/\/secure.gravatar.com\/avatar\/82aafea7d8127119dd649515f56e2117?s=96&d=mm&r=g\",\"contentUrl\":\"https:\/\/secure.gravatar.com\/avatar\/82aafea7d8127119dd649515f56e2117?s=96&d=mm&r=g\",\"caption\":\"rtnews\"},\"url\":\"https:\/\/now-news.de\/de\/author\/rnews\/\"}]}<\/script>\n<!-- \/ Yoast SEO Premium plugin. -->","yoast_head_json":{"title":"Cancel Culture: Die geheuchelte Sorge um die Meinungsfreiheit in den USA - just-now.NEWS Deutschland","robots":{"index":"index","follow":"follow","max-snippet":"max-snippet:-1","max-image-preview":"max-image-preview:large","max-video-preview":"max-video-preview:-1"},"canonical":"https:\/\/now-news.de\/de\/deutschland\/cancel-culture-die-geheuchelte-sorge-um-die-meinungsfreiheit-in-den-usa\/","og_locale":"de_DE","og_type":"article","og_title":"Cancel Culture: Die geheuchelte Sorge um die Meinungsfreiheit in den USA","og_description":"Deutsche Medien sorgen sich um die Meinungsfreiheit in den USA. Das wirkt verlogen. Die Meinungsfreiheit ist dem Mainstream gleichg\u00fcltig, wenn sie f\u00fcr jene eingeschr\u00e4nkt wird, die vom Narrativ abweichen. Deutscher Journalismus hat zudem aktiven Anteil am R\u00fcckbau von Grundrechten. Von Gert Ewen Ungar Endlich ist es so weit! Der deutsche Mainstream sorgt sich um die [&hellip;]","og_url":"https:\/\/now-news.de\/de\/deutschland\/cancel-culture-die-geheuchelte-sorge-um-die-meinungsfreiheit-in-den-usa\/","og_site_name":"just-now.NEWS Deutschland","article_publisher":"https:\/\/www.facebook.com\/wirmachenauf","article_published_time":"2025-09-20T12:59:54+00:00","og_image":[{"url":"https:\/\/now-news.de\/de\/wp-content\/uploads\/sites\/3\/2025\/09\/68cd6361b480cc0a57273090.jpg"}],"author":"rtnews","twitter_card":"summary_large_image","twitter_creator":"@WirMachenAuf_de","twitter_site":"@WirMachenAuf_de","twitter_misc":{"Verfasst von":"rtnews","Gesch\u00e4tzte Lesezeit":"5\u00a0Minuten"},"schema":{"@context":"https:\/\/schema.org","@graph":[{"@type":"Article","@id":"https:\/\/now-news.de\/de\/deutschland\/cancel-culture-die-geheuchelte-sorge-um-die-meinungsfreiheit-in-den-usa\/#article","isPartOf":{"@id":"https:\/\/now-news.de\/de\/deutschland\/cancel-culture-die-geheuchelte-sorge-um-die-meinungsfreiheit-in-den-usa\/"},"author":{"name":"rtnews","@id":"https:\/\/now-news.de\/de\/#\/schema\/person\/fb534a4e865501d8b3285208df34a9b5"},"headline":"Cancel Culture: Die geheuchelte Sorge um die Meinungsfreiheit in den USA","datePublished":"2025-09-20T12:59:54+00:00","dateModified":"2025-09-20T12:59:54+00:00","mainEntityOfPage":{"@id":"https:\/\/now-news.de\/de\/deutschland\/cancel-culture-die-geheuchelte-sorge-um-die-meinungsfreiheit-in-den-usa\/"},"wordCount":975,"commentCount":0,"publisher":{"@id":"https:\/\/now-news.de\/de\/#organization"},"image":{"@id":"https:\/\/now-news.de\/de\/deutschland\/cancel-culture-die-geheuchelte-sorge-um-die-meinungsfreiheit-in-den-usa\/#primaryimage"},"thumbnailUrl":"https:\/\/now-news.de\/de\/wp-content\/uploads\/sites\/3\/2025\/09\/Cancel-Culture-Die-geheuchelte-Sorge-um-die-Meinungsfreiheit-in-den.jpg","keywords":["Cancel","Culture","den","die","geheuchelte","Meinungsfreiheit","Sorge","USA"],"articleSection":["Deutschland","Russland"],"inLanguage":"de","potentialAction":[{"@type":"CommentAction","name":"Comment","target":["https:\/\/now-news.de\/de\/deutschland\/cancel-culture-die-geheuchelte-sorge-um-die-meinungsfreiheit-in-den-usa\/#respond"]}]},{"@type":"WebPage","@id":"https:\/\/now-news.de\/de\/deutschland\/cancel-culture-die-geheuchelte-sorge-um-die-meinungsfreiheit-in-den-usa\/","url":"https:\/\/now-news.de\/de\/deutschland\/cancel-culture-die-geheuchelte-sorge-um-die-meinungsfreiheit-in-den-usa\/","name":"Cancel Culture: Die geheuchelte Sorge um die Meinungsfreiheit in den USA - just-now.NEWS Deutschland","isPartOf":{"@id":"https:\/\/now-news.de\/de\/#website"},"primaryImageOfPage":{"@id":"https:\/\/now-news.de\/de\/deutschland\/cancel-culture-die-geheuchelte-sorge-um-die-meinungsfreiheit-in-den-usa\/#primaryimage"},"image":{"@id":"https:\/\/now-news.de\/de\/deutschland\/cancel-culture-die-geheuchelte-sorge-um-die-meinungsfreiheit-in-den-usa\/#primaryimage"},"thumbnailUrl":"https:\/\/now-news.de\/de\/wp-content\/uploads\/sites\/3\/2025\/09\/Cancel-Culture-Die-geheuchelte-Sorge-um-die-Meinungsfreiheit-in-den.jpg","datePublished":"2025-09-20T12:59:54+00:00","dateModified":"2025-09-20T12:59:54+00:00","breadcrumb":{"@id":"https:\/\/now-news.de\/de\/deutschland\/cancel-culture-die-geheuchelte-sorge-um-die-meinungsfreiheit-in-den-usa\/#breadcrumb"},"inLanguage":"de","potentialAction":[{"@type":"ReadAction","target":["https:\/\/now-news.de\/de\/deutschland\/cancel-culture-die-geheuchelte-sorge-um-die-meinungsfreiheit-in-den-usa\/"]}]},{"@type":"ImageObject","inLanguage":"de","@id":"https:\/\/now-news.de\/de\/deutschland\/cancel-culture-die-geheuchelte-sorge-um-die-meinungsfreiheit-in-den-usa\/#primaryimage","url":"https:\/\/now-news.de\/de\/wp-content\/uploads\/sites\/3\/2025\/09\/Cancel-Culture-Die-geheuchelte-Sorge-um-die-Meinungsfreiheit-in-den.jpg","contentUrl":"https:\/\/now-news.de\/de\/wp-content\/uploads\/sites\/3\/2025\/09\/Cancel-Culture-Die-geheuchelte-Sorge-um-die-Meinungsfreiheit-in-den.jpg","width":460,"height":259,"caption":"Cancel Culture: Die geheuchelte Sorge um die Meinungsfreiheit in den USA"},{"@type":"BreadcrumbList","@id":"https:\/\/now-news.de\/de\/deutschland\/cancel-culture-die-geheuchelte-sorge-um-die-meinungsfreiheit-in-den-usa\/#breadcrumb","itemListElement":[{"@type":"ListItem","position":1,"name":"Home","item":"https:\/\/now-news.de\/de\/"},{"@type":"ListItem","position":2,"name":"Cancel Culture: Die geheuchelte Sorge um die Meinungsfreiheit in den USA"}]},{"@type":"WebSite","@id":"https:\/\/now-news.de\/de\/#website","url":"https:\/\/now-news.de\/de\/","name":"just-now.NEWS Deutschland","description":"Das Portal f\u00fcr unzensierte Nachrichten aus der Welt","publisher":{"@id":"https:\/\/now-news.de\/de\/#organization"},"potentialAction":[{"@type":"SearchAction","target":{"@type":"EntryPoint","urlTemplate":"https:\/\/now-news.de\/de\/?s={search_term_string}"},"query-input":"required name=search_term_string"}],"inLanguage":"de"},{"@type":"Organization","@id":"https:\/\/now-news.de\/de\/#organization","name":"Just Now News","url":"https:\/\/now-news.de\/de\/","logo":{"@type":"ImageObject","inLanguage":"de","@id":"https:\/\/now-news.de\/de\/#\/schema\/logo\/image\/","url":"http:\/\/just-now.news\/de\/wp-content\/uploads\/sites\/3\/2022\/04\/logo500x500.jpg","contentUrl":"http:\/\/just-now.news\/de\/wp-content\/uploads\/sites\/3\/2022\/04\/logo500x500.jpg","width":500,"height":500,"caption":"Just Now News"},"image":{"@id":"https:\/\/now-news.de\/de\/#\/schema\/logo\/image\/"},"sameAs":["https:\/\/www.facebook.com\/wirmachenauf","https:\/\/x.com\/WirMachenAuf_de"]},{"@type":"Person","@id":"https:\/\/now-news.de\/de\/#\/schema\/person\/fb534a4e865501d8b3285208df34a9b5","name":"rtnews","image":{"@type":"ImageObject","inLanguage":"de","@id":"https:\/\/now-news.de\/de\/#\/schema\/person\/image\/","url":"https:\/\/secure.gravatar.com\/avatar\/82aafea7d8127119dd649515f56e2117?s=96&d=mm&r=g","contentUrl":"https:\/\/secure.gravatar.com\/avatar\/82aafea7d8127119dd649515f56e2117?s=96&d=mm&r=g","caption":"rtnews"},"url":"https:\/\/now-news.de\/de\/author\/rnews\/"}]}},"_links":{"self":[{"href":"https:\/\/now-news.de\/de\/wp-json\/wp\/v2\/posts\/90876"}],"collection":[{"href":"https:\/\/now-news.de\/de\/wp-json\/wp\/v2\/posts"}],"about":[{"href":"https:\/\/now-news.de\/de\/wp-json\/wp\/v2\/types\/post"}],"author":[{"embeddable":true,"href":"https:\/\/now-news.de\/de\/wp-json\/wp\/v2\/users\/3"}],"replies":[{"embeddable":true,"href":"https:\/\/now-news.de\/de\/wp-json\/wp\/v2\/comments?post=90876"}],"version-history":[{"count":0,"href":"https:\/\/now-news.de\/de\/wp-json\/wp\/v2\/posts\/90876\/revisions"}],"wp:featuredmedia":[{"embeddable":true,"href":"https:\/\/now-news.de\/de\/wp-json\/wp\/v2\/media\/90877"}],"wp:attachment":[{"href":"https:\/\/now-news.de\/de\/wp-json\/wp\/v2\/media?parent=90876"}],"wp:term":[{"taxonomy":"category","embeddable":true,"href":"https:\/\/now-news.de\/de\/wp-json\/wp\/v2\/categories?post=90876"},{"taxonomy":"post_tag","embeddable":true,"href":"https:\/\/now-news.de\/de\/wp-json\/wp\/v2\/tags?post=90876"}],"curies":[{"name":"wp","href":"https:\/\/api.w.org\/{rel}","templated":true}]}}