{"id":90866,"date":"2025-09-20T12:54:26","date_gmt":"2025-09-20T10:54:26","guid":{"rendered":"https:\/\/now-news.de\/de\/deutschland\/die-polnischen-reparationsforderungen-bleiben-in-der-debatte-und-beleben-eine-alte-grenzfrage\/"},"modified":"2025-09-20T12:54:26","modified_gmt":"2025-09-20T10:54:26","slug":"die-polnischen-reparationsforderungen-bleiben-in-der-debatte-und-beleben-eine-alte-grenzfrage","status":"publish","type":"post","link":"https:\/\/now-news.de\/de\/deutschland\/die-polnischen-reparationsforderungen-bleiben-in-der-debatte-und-beleben-eine-alte-grenzfrage\/","title":{"rendered":"Die polnischen Reparationsforderungen bleiben in der Debatte\u00a0\u2013 und beleben eine alte Grenzfrage"},"content":{"rendered":"<p><img decoding=\"async\" src=\"https:\/\/now-news.de\/de\/wp-content\/uploads\/sites\/3\/2025\/09\/68cab48bb480cc5b2617798b.jpg\" \/><\/p>\n<div class=\"Text-root Text-type_1 \">\n                Das Thema wird nicht verschwinden. W\u00e4hrend die Regierungen sowohl Polens als auch Deutschlands erkl\u00e4ren, die st\u00e4rkste Armee Europas aufbauen zu wollen, wird immer wieder eine Forderung nach Reparationen von Polen ins Spiel gebracht.\n            <\/div>\n<p><\/p>\n<div class=\"Text-root Text-type_5 ArticleView-text ViewText-root \">\n<p>Bei seinem Staatsbesuch in Berlin hat der polnische Pr\u00e4sident Karol Nawrocki abermals die Frage nach deutschen Reparationen f\u00fcr Polen aufgeworfen. Bundespr\u00e4sident Frank-Walter Steinmeier und Bundeskanzler Friedrich Merz h\u00e4tten diese, so meldete die deutsche Presse, beide zur\u00fcckgewiesen, aber dennoch erkl\u00e4rt, sie st\u00fcnden &#8220;fest und unverbr\u00fcchlich&#8221; an der Seite Polens.<\/p>\n<div class=\"EmbedBlock-root EmbedBlock-twitter\">\n<div class=\"TwitterEmbed\">\n<blockquote class=\"twitter-tweet lazyload\" data-twitter=\"twitter-tweet\">\n<p lang=\"de\" dir=\"ltr\">Zur Forderung des polnischen Staatspr\u00e4sidenten nach Reparationen betonte der Bundespr\u00e4sident, dass diese Frage aus deutscher Sicht rechtlich abschlie\u00dfend gekl\u00e4rt ist. Die F\u00f6rderung des Gedenkens und Erinnerns bleibe aber ein gemeinsames Anliegen. 3\/4<\/p>\n<p>\u2014 Cerstin Gammelin (@BPrSprecherin) <a rel=\"nofollow noopener\" target=\"_blank\" href=\"https:\/\/twitter.com\/BPrSprecherin\/status\/1967883867890847810?ref_src=twsrc%5Etfw\">September 16, 2025<\/a><\/p><\/blockquote>\n<\/div>\n<\/div>\n<p>Eingeleitet hatte Nawrocki das Thema mit einem Interview in der <em>Bild<\/em>, in dem er einr\u00e4umte: &#8220;Die Frage der Reparationen ist nat\u00fcrlich rechtlich nicht abgeschlossen.&#8221; Er bezog sich erneut auf Berechnungen, mit denen bereits sein Amtsvorg\u00e4nger Andrzej Duda eine Forderung von 1,3 Billionen Euro deklariert hatte.<\/p>\n<p>In diesem Punkt scheint Polen klar gespalten, auch wenn <a rel=\"nofollow noopener\" target=\"_blank\" href=\"https:\/\/www.cbos.pl\/SPISKOM.POL\/2017\/K_154_17.PDF\">Umfragen<\/a> ergeben haben, dass eine Mehrheit von 53 Prozent der Bev\u00f6lkerung die Reparationsforderungen bef\u00fcrwortet\u00a0\u2013 Ministerpr\u00e4sident Donald Tusk hatte erst beim Besuch von Kanzler Merz in Warschau im Mai wiederholt, Polen werde keine finanziellen Forderungen erheben. Gleiches hatte auch Au\u00dfenminister Radoslaw Sikorski im vergangenen Oktober ge\u00e4u\u00dfert, und Tusk hatte damals erkl\u00e4rt, dass &#8220;im formalen, rechtlichen und internationalen Sinne die Frage der Reparationen vor vielen Jahren abgeschlossen wurde&#8221;. Die Linie scheint zwischen den Politikern der PiS und ihren Gegnern zu verlaufen.<\/p>\n<p>Polen hatte in einem Vertrag mit der DDR im Jahr 1953 auf weitere Forderungen verzichtet. Im Gegenzug hat die DDR die Oder-Nei\u00dfe-Grenze anerkannt, durch die Schlesien dauerhaft zu einem Teil Polens wurde. Erst mit dem Einigungsvertrag wurde diese Anerkennung auch vom Westen \u00fcbernommen.<\/p>\n<p>In Polen jedoch geht die Auseinandersetzung weiter. Au\u00dfenminister Radoslaw Sikorski <a rel=\"nofollow noopener\" target=\"_blank\" href=\"https:\/\/de.euronews.com\/2025\/09\/17\/polen-reparationen-nawrocki\">spottete<\/a> auf <em>X<\/em>, der Pr\u00e4sident habe &#8220;in Berlin einen moralischen Sieg&#8221; errungen, aber &#8220;Au\u00dfenpolitik ist schwieriger, als es scheint&#8221;. Auf die Erwiderung, es lohne sich trotzdem, es zu versuchen, antwortete er: &#8220;Mit dem Kopf gegen die Wand zu rennen, entspricht weder meiner Definition von Handlungsf\u00e4higkeit noch von Patriotismus.&#8221;<\/p>\n<p>Der Leiter des B\u00fcros f\u00fcr internationale Politik beim polnischen Pr\u00e4sidenten, Marcin Przydacz, nannte Sikorski daraufhin naiv und forderte, er solle &#8220;etwas zur Verwirklichung der polnischen Staatsr\u00e4son unternehmen&#8221;, was andeutet, die Reparationsfrage sei f\u00fcr ihn eine Frage der Staatsr\u00e4son. Auch der Europaabgeordnete Piotr M\u00fcller, ebenfalls PiS, attackierte Sikorski und warf ihm vor, ausl\u00e4ndische Interessen \u00fcber die polnischen zu stellen.<\/p>\n<p>Bei seiner Pressekonferenz nach seinem Treffen mit dem franz\u00f6sischen Pr\u00e4sidenten Emmanuel Macron, das auf den Besuch in Berlin folgte, \u00e4u\u00dferte sich Nawrocki ein weiteres Mal zum Thema der Reparationen, diesmal mit dem konkreten Vorschlag, &#8220;dass Deutschland einerseits mit der R\u00fcckzahlung der Reparationen beginnen k\u00f6nnte, indem es die St\u00e4rke der polnischen Armee, das bewaffnete Potenzial, aufbaut und gleichzeitig das st\u00e4rkt, was uns allen am Herzen liegt, n\u00e4mlich die Ostflanke der NATO&#8221;. Allerdings erl\u00e4uterte er nicht, warum Deutschland ein Polen st\u00e4rken sollte, das derartige Forderungen stellt.<\/p>\n<p>In Deutschland reicht die Spanne politischer Reaktionen auf Nawrockis Forderungen von einem Verlangen nach Nachgiebigkeit, wof\u00fcr unter anderem die Heinrich-B\u00f6ll-Stiftung steht, bis zu einer Erinnerung an die Tatsache, dass Polen schlie\u00dflich ein Viertel des deutschen Staatsgebiets erhalten habe, einschlie\u00dflich des bedeutenden Industriegebiets Schlesien, und der Aufforderung an die deutsche Regierung, darauf hinzuweisen, wie sie sich etwa im <em>Cicero<\/em>\u00a0<a rel=\"nofollow noopener\" target=\"_blank\" href=\"https:\/\/www.cicero.de\/aussenpolitik\/polnische-reparationsforderungen-berlin-scheut-eine-klare-ansage\">findet<\/a>.<\/p>\n<p>Auch in Polen gibt es Stimmen, die den Zusammenhang zwischen der Anerkennung der Grenze und dem Verzicht auf Reparationen wiederherstellen\u00a0\u2013 \u00fcberraschenderweise ebenfalls aus den Reihen der PiS. Der ehemalige Au\u00dfenminister Jacek Czaputowicz <a rel=\"nofollow noopener\" target=\"_blank\" href=\"https:\/\/www.rp.pl\/komentarze\/art43020221-jacek-czaputowicz-kiedy-zadanie-reparacji-od-niemiec-staje-sie-sprzeczne-z-polska-racja-stanu\">schrieb<\/a> in einem ausf\u00fchrlichen Kommentar, in dem er auch die Berechnungen wiedergibt, auf denen die Forderung nach 1,3 Billionen Euro beruht:<\/p>\n<p><em>&#8220;Die Forderung nach einer anderen Behandlung als andere Staaten der Anti-Hitler-Koalition stimmt nicht mit den Prinzipien der Gerechtigkeit \u00fcberein. Gleichzeitig widerspricht es der polnischen Staatsr\u00e4son, die Entscheidungen von Potsdam, die die Grundlage der internationalen Nachkriegsordnung bilden, in Frage zu stellen. Wenn wir die Entscheidungen zu Reparationen in Frage stellen, wird es uns schwerer fallen, Entscheidungen \u00fcber territoriale Fragen zu verteidigen.&#8221;<\/em><\/p>\n<p><strong>Mehr zum Thema<\/strong> &#8211;\u00a0<a rel=\"nofollow noopener\" target=\"_blank\" href=\"https:\/\/freedert.online\/europa\/244433-tusk-warschau-fordert-von-berlin\/\">Tusk: Warschau fordert von Berlin keine Reparationen mehr als Entsch\u00e4digung f\u00fcr Zweiten Weltkrieg <\/a><\/p>\n<div class=\"EmbedBlock-root EmbedBlock-externalVideo EmbedBlock-rumble\">\n<div class=\"VkEmbed\"><iframe class=\"lazyload\" data-src=\"https:\/\/rumble.com\/embed\/v5b2ghx\" frameborder=\"0\" width=\"853\" height=\"480\" allowfullscreen><\/iframe><\/div>\n<\/div>\n<\/div>\n<p><script async src=\"https:\/\/platform.twitter.com\/widgets.js\" charset=\"utf-8\"><\/script><br \/>\n<br \/><br \/>\n<br \/><a href=\"https:\/\/de.rt.com\/europa\/256301-polnischen-reparationsforderungen-bleiben-in-debatte\/\">Source link <\/a><\/p>\n","protected":false},"excerpt":{"rendered":"<p>Das Thema wird nicht verschwinden. W\u00e4hrend die Regierungen sowohl Polens als auch Deutschlands erkl\u00e4ren, die st\u00e4rkste Armee Europas aufbauen zu wollen, wird immer wieder eine Forderung nach Reparationen von Polen ins Spiel gebracht. Bei seinem Staatsbesuch in Berlin hat der polnische Pr\u00e4sident Karol Nawrocki abermals die Frage nach deutschen Reparationen f\u00fcr Polen aufgeworfen. Bundespr\u00e4sident Frank-Walter [&hellip;]<\/p>\n","protected":false},"author":3,"featured_media":90867,"comment_status":"open","ping_status":"open","sticky":false,"template":"","format":"standard","meta":{"_yoast_indexnow_last_ping":["1758366346"],"wp_automatic_camp":["217"],"edc2e53f80234dd71234f84023e8c3f4":["Die polnischen Reparationsforderungen bleiben in der Debatte\u00a0\u2013 und beleben eine alte Grenzfrage"],"original_link":["https:\/\/de.rt.com\/europa\/256301-polnischen-reparationsforderungen-bleiben-in-debatte\/"],"_thumbnail_id":["90867"],"jnews_social_counter_last_update":["1776577229"],"_wptgpro_p2tg_sent2tg":["a:1:{i:23737;s:19:\"2025-09-20 13:06:52\";}"]},"categories":[19,23],"tags":[22571,59466,9445,10423,82,45,275,67890,14436,35211,140],"yoast_head":"<!-- This site is optimized with the Yoast SEO Premium plugin v22.7 (Yoast SEO v22.7) - https:\/\/yoast.com\/wordpress\/plugins\/seo\/ -->\n<title>Die polnischen Reparationsforderungen bleiben in der Debatte\u00a0\u2013 und beleben eine alte Grenzfrage - just-now.NEWS Deutschland<\/title>\n<meta name=\"robots\" content=\"index, follow, max-snippet:-1, max-image-preview:large, max-video-preview:-1\" \/>\n<link rel=\"canonical\" href=\"https:\/\/now-news.de\/de\/deutschland\/die-polnischen-reparationsforderungen-bleiben-in-der-debatte-und-beleben-eine-alte-grenzfrage\/\" \/>\n<meta property=\"og:locale\" content=\"de_DE\" \/>\n<meta property=\"og:type\" content=\"article\" \/>\n<meta property=\"og:title\" content=\"Die polnischen Reparationsforderungen bleiben in der Debatte\u00a0\u2013 und beleben eine alte Grenzfrage\" \/>\n<meta property=\"og:description\" content=\"Das Thema wird nicht verschwinden. W\u00e4hrend die Regierungen sowohl Polens als auch Deutschlands erkl\u00e4ren, die st\u00e4rkste Armee Europas aufbauen zu wollen, wird immer wieder eine Forderung nach Reparationen von Polen ins Spiel gebracht. Bei seinem Staatsbesuch in Berlin hat der polnische Pr\u00e4sident Karol Nawrocki abermals die Frage nach deutschen Reparationen f\u00fcr Polen aufgeworfen. Bundespr\u00e4sident Frank-Walter [&hellip;]\" \/>\n<meta property=\"og:url\" content=\"https:\/\/now-news.de\/de\/deutschland\/die-polnischen-reparationsforderungen-bleiben-in-der-debatte-und-beleben-eine-alte-grenzfrage\/\" \/>\n<meta property=\"og:site_name\" content=\"just-now.NEWS Deutschland\" \/>\n<meta property=\"article:publisher\" content=\"https:\/\/www.facebook.com\/wirmachenauf\" \/>\n<meta property=\"article:published_time\" content=\"2025-09-20T10:54:26+00:00\" \/>\n<meta property=\"og:image\" content=\"https:\/\/now-news.de\/de\/wp-content\/uploads\/sites\/3\/2025\/09\/68cab48bb480cc5b2617798b.jpg\" \/>\n<meta name=\"author\" content=\"rtnews\" \/>\n<meta name=\"twitter:card\" content=\"summary_large_image\" \/>\n<meta name=\"twitter:creator\" content=\"@WirMachenAuf_de\" \/>\n<meta name=\"twitter:site\" content=\"@WirMachenAuf_de\" \/>\n<meta name=\"twitter:label1\" content=\"Verfasst von\" \/>\n\t<meta name=\"twitter:data1\" content=\"rtnews\" \/>\n\t<meta name=\"twitter:label2\" content=\"Gesch\u00e4tzte Lesezeit\" \/>\n\t<meta name=\"twitter:data2\" content=\"4\u00a0Minuten\" \/>\n<script type=\"application\/ld+json\" class=\"yoast-schema-graph\">{\"@context\":\"https:\/\/schema.org\",\"@graph\":[{\"@type\":\"Article\",\"@id\":\"https:\/\/now-news.de\/de\/deutschland\/die-polnischen-reparationsforderungen-bleiben-in-der-debatte-und-beleben-eine-alte-grenzfrage\/#article\",\"isPartOf\":{\"@id\":\"https:\/\/now-news.de\/de\/deutschland\/die-polnischen-reparationsforderungen-bleiben-in-der-debatte-und-beleben-eine-alte-grenzfrage\/\"},\"author\":{\"name\":\"rtnews\",\"@id\":\"https:\/\/now-news.de\/de\/#\/schema\/person\/fb534a4e865501d8b3285208df34a9b5\"},\"headline\":\"Die polnischen Reparationsforderungen bleiben in der Debatte\u00a0\u2013 und beleben eine alte Grenzfrage\",\"datePublished\":\"2025-09-20T10:54:26+00:00\",\"dateModified\":\"2025-09-20T10:54:26+00:00\",\"mainEntityOfPage\":{\"@id\":\"https:\/\/now-news.de\/de\/deutschland\/die-polnischen-reparationsforderungen-bleiben-in-der-debatte-und-beleben-eine-alte-grenzfrage\/\"},\"wordCount\":750,\"commentCount\":0,\"publisher\":{\"@id\":\"https:\/\/now-news.de\/de\/#organization\"},\"image\":{\"@id\":\"https:\/\/now-news.de\/de\/deutschland\/die-polnischen-reparationsforderungen-bleiben-in-der-debatte-und-beleben-eine-alte-grenzfrage\/#primaryimage\"},\"thumbnailUrl\":\"https:\/\/now-news.de\/de\/wp-content\/uploads\/sites\/3\/2025\/09\/Die-polnischen-Reparationsforderungen-bleiben-in-der-Debatte-\u2013-und-beleben-eine.jpg\",\"keywords\":[\"alte\",\"beleben\",\"Bleiben\",\"debatte\",\"der\",\"die\",\"eine\",\"Grenzfrage\",\"polnischen\",\"Reparationsforderungen\",\"und\"],\"articleSection\":[\"Deutschland\",\"Russland\"],\"inLanguage\":\"de\",\"potentialAction\":[{\"@type\":\"CommentAction\",\"name\":\"Comment\",\"target\":[\"https:\/\/now-news.de\/de\/deutschland\/die-polnischen-reparationsforderungen-bleiben-in-der-debatte-und-beleben-eine-alte-grenzfrage\/#respond\"]}]},{\"@type\":\"WebPage\",\"@id\":\"https:\/\/now-news.de\/de\/deutschland\/die-polnischen-reparationsforderungen-bleiben-in-der-debatte-und-beleben-eine-alte-grenzfrage\/\",\"url\":\"https:\/\/now-news.de\/de\/deutschland\/die-polnischen-reparationsforderungen-bleiben-in-der-debatte-und-beleben-eine-alte-grenzfrage\/\",\"name\":\"Die polnischen Reparationsforderungen bleiben in der Debatte\u00a0\u2013 und beleben eine alte Grenzfrage - just-now.NEWS Deutschland\",\"isPartOf\":{\"@id\":\"https:\/\/now-news.de\/de\/#website\"},\"primaryImageOfPage\":{\"@id\":\"https:\/\/now-news.de\/de\/deutschland\/die-polnischen-reparationsforderungen-bleiben-in-der-debatte-und-beleben-eine-alte-grenzfrage\/#primaryimage\"},\"image\":{\"@id\":\"https:\/\/now-news.de\/de\/deutschland\/die-polnischen-reparationsforderungen-bleiben-in-der-debatte-und-beleben-eine-alte-grenzfrage\/#primaryimage\"},\"thumbnailUrl\":\"https:\/\/now-news.de\/de\/wp-content\/uploads\/sites\/3\/2025\/09\/Die-polnischen-Reparationsforderungen-bleiben-in-der-Debatte-\u2013-und-beleben-eine.jpg\",\"datePublished\":\"2025-09-20T10:54:26+00:00\",\"dateModified\":\"2025-09-20T10:54:26+00:00\",\"breadcrumb\":{\"@id\":\"https:\/\/now-news.de\/de\/deutschland\/die-polnischen-reparationsforderungen-bleiben-in-der-debatte-und-beleben-eine-alte-grenzfrage\/#breadcrumb\"},\"inLanguage\":\"de\",\"potentialAction\":[{\"@type\":\"ReadAction\",\"target\":[\"https:\/\/now-news.de\/de\/deutschland\/die-polnischen-reparationsforderungen-bleiben-in-der-debatte-und-beleben-eine-alte-grenzfrage\/\"]}]},{\"@type\":\"ImageObject\",\"inLanguage\":\"de\",\"@id\":\"https:\/\/now-news.de\/de\/deutschland\/die-polnischen-reparationsforderungen-bleiben-in-der-debatte-und-beleben-eine-alte-grenzfrage\/#primaryimage\",\"url\":\"https:\/\/now-news.de\/de\/wp-content\/uploads\/sites\/3\/2025\/09\/Die-polnischen-Reparationsforderungen-bleiben-in-der-Debatte-\u2013-und-beleben-eine.jpg\",\"contentUrl\":\"https:\/\/now-news.de\/de\/wp-content\/uploads\/sites\/3\/2025\/09\/Die-polnischen-Reparationsforderungen-bleiben-in-der-Debatte-\u2013-und-beleben-eine.jpg\",\"width\":460,\"height\":259,\"caption\":\"Die polnischen Reparationsforderungen bleiben in der Debatte\u00a0\u2013 und beleben eine alte Grenzfrage\"},{\"@type\":\"BreadcrumbList\",\"@id\":\"https:\/\/now-news.de\/de\/deutschland\/die-polnischen-reparationsforderungen-bleiben-in-der-debatte-und-beleben-eine-alte-grenzfrage\/#breadcrumb\",\"itemListElement\":[{\"@type\":\"ListItem\",\"position\":1,\"name\":\"Home\",\"item\":\"https:\/\/now-news.de\/de\/\"},{\"@type\":\"ListItem\",\"position\":2,\"name\":\"Die polnischen Reparationsforderungen bleiben in der Debatte\u00a0\u2013 und beleben eine alte Grenzfrage\"}]},{\"@type\":\"WebSite\",\"@id\":\"https:\/\/now-news.de\/de\/#website\",\"url\":\"https:\/\/now-news.de\/de\/\",\"name\":\"just-now.NEWS Deutschland\",\"description\":\"Das Portal f\u00fcr unzensierte Nachrichten aus der Welt\",\"publisher\":{\"@id\":\"https:\/\/now-news.de\/de\/#organization\"},\"potentialAction\":[{\"@type\":\"SearchAction\",\"target\":{\"@type\":\"EntryPoint\",\"urlTemplate\":\"https:\/\/now-news.de\/de\/?s={search_term_string}\"},\"query-input\":\"required name=search_term_string\"}],\"inLanguage\":\"de\"},{\"@type\":\"Organization\",\"@id\":\"https:\/\/now-news.de\/de\/#organization\",\"name\":\"Just Now News\",\"url\":\"https:\/\/now-news.de\/de\/\",\"logo\":{\"@type\":\"ImageObject\",\"inLanguage\":\"de\",\"@id\":\"https:\/\/now-news.de\/de\/#\/schema\/logo\/image\/\",\"url\":\"http:\/\/just-now.news\/de\/wp-content\/uploads\/sites\/3\/2022\/04\/logo500x500.jpg\",\"contentUrl\":\"http:\/\/just-now.news\/de\/wp-content\/uploads\/sites\/3\/2022\/04\/logo500x500.jpg\",\"width\":500,\"height\":500,\"caption\":\"Just Now News\"},\"image\":{\"@id\":\"https:\/\/now-news.de\/de\/#\/schema\/logo\/image\/\"},\"sameAs\":[\"https:\/\/www.facebook.com\/wirmachenauf\",\"https:\/\/x.com\/WirMachenAuf_de\"]},{\"@type\":\"Person\",\"@id\":\"https:\/\/now-news.de\/de\/#\/schema\/person\/fb534a4e865501d8b3285208df34a9b5\",\"name\":\"rtnews\",\"image\":{\"@type\":\"ImageObject\",\"inLanguage\":\"de\",\"@id\":\"https:\/\/now-news.de\/de\/#\/schema\/person\/image\/\",\"url\":\"https:\/\/secure.gravatar.com\/avatar\/82aafea7d8127119dd649515f56e2117?s=96&d=mm&r=g\",\"contentUrl\":\"https:\/\/secure.gravatar.com\/avatar\/82aafea7d8127119dd649515f56e2117?s=96&d=mm&r=g\",\"caption\":\"rtnews\"},\"url\":\"https:\/\/now-news.de\/de\/author\/rnews\/\"}]}<\/script>\n<!-- \/ Yoast SEO Premium plugin. -->","yoast_head_json":{"title":"Die polnischen Reparationsforderungen bleiben in der Debatte\u00a0\u2013 und beleben eine alte Grenzfrage - just-now.NEWS Deutschland","robots":{"index":"index","follow":"follow","max-snippet":"max-snippet:-1","max-image-preview":"max-image-preview:large","max-video-preview":"max-video-preview:-1"},"canonical":"https:\/\/now-news.de\/de\/deutschland\/die-polnischen-reparationsforderungen-bleiben-in-der-debatte-und-beleben-eine-alte-grenzfrage\/","og_locale":"de_DE","og_type":"article","og_title":"Die polnischen Reparationsforderungen bleiben in der Debatte\u00a0\u2013 und beleben eine alte Grenzfrage","og_description":"Das Thema wird nicht verschwinden. W\u00e4hrend die Regierungen sowohl Polens als auch Deutschlands erkl\u00e4ren, die st\u00e4rkste Armee Europas aufbauen zu wollen, wird immer wieder eine Forderung nach Reparationen von Polen ins Spiel gebracht. Bei seinem Staatsbesuch in Berlin hat der polnische Pr\u00e4sident Karol Nawrocki abermals die Frage nach deutschen Reparationen f\u00fcr Polen aufgeworfen. Bundespr\u00e4sident Frank-Walter [&hellip;]","og_url":"https:\/\/now-news.de\/de\/deutschland\/die-polnischen-reparationsforderungen-bleiben-in-der-debatte-und-beleben-eine-alte-grenzfrage\/","og_site_name":"just-now.NEWS Deutschland","article_publisher":"https:\/\/www.facebook.com\/wirmachenauf","article_published_time":"2025-09-20T10:54:26+00:00","og_image":[{"url":"https:\/\/now-news.de\/de\/wp-content\/uploads\/sites\/3\/2025\/09\/68cab48bb480cc5b2617798b.jpg"}],"author":"rtnews","twitter_card":"summary_large_image","twitter_creator":"@WirMachenAuf_de","twitter_site":"@WirMachenAuf_de","twitter_misc":{"Verfasst von":"rtnews","Gesch\u00e4tzte Lesezeit":"4\u00a0Minuten"},"schema":{"@context":"https:\/\/schema.org","@graph":[{"@type":"Article","@id":"https:\/\/now-news.de\/de\/deutschland\/die-polnischen-reparationsforderungen-bleiben-in-der-debatte-und-beleben-eine-alte-grenzfrage\/#article","isPartOf":{"@id":"https:\/\/now-news.de\/de\/deutschland\/die-polnischen-reparationsforderungen-bleiben-in-der-debatte-und-beleben-eine-alte-grenzfrage\/"},"author":{"name":"rtnews","@id":"https:\/\/now-news.de\/de\/#\/schema\/person\/fb534a4e865501d8b3285208df34a9b5"},"headline":"Die polnischen Reparationsforderungen bleiben in der Debatte\u00a0\u2013 und beleben eine alte Grenzfrage","datePublished":"2025-09-20T10:54:26+00:00","dateModified":"2025-09-20T10:54:26+00:00","mainEntityOfPage":{"@id":"https:\/\/now-news.de\/de\/deutschland\/die-polnischen-reparationsforderungen-bleiben-in-der-debatte-und-beleben-eine-alte-grenzfrage\/"},"wordCount":750,"commentCount":0,"publisher":{"@id":"https:\/\/now-news.de\/de\/#organization"},"image":{"@id":"https:\/\/now-news.de\/de\/deutschland\/die-polnischen-reparationsforderungen-bleiben-in-der-debatte-und-beleben-eine-alte-grenzfrage\/#primaryimage"},"thumbnailUrl":"https:\/\/now-news.de\/de\/wp-content\/uploads\/sites\/3\/2025\/09\/Die-polnischen-Reparationsforderungen-bleiben-in-der-Debatte-\u2013-und-beleben-eine.jpg","keywords":["alte","beleben","Bleiben","debatte","der","die","eine","Grenzfrage","polnischen","Reparationsforderungen","und"],"articleSection":["Deutschland","Russland"],"inLanguage":"de","potentialAction":[{"@type":"CommentAction","name":"Comment","target":["https:\/\/now-news.de\/de\/deutschland\/die-polnischen-reparationsforderungen-bleiben-in-der-debatte-und-beleben-eine-alte-grenzfrage\/#respond"]}]},{"@type":"WebPage","@id":"https:\/\/now-news.de\/de\/deutschland\/die-polnischen-reparationsforderungen-bleiben-in-der-debatte-und-beleben-eine-alte-grenzfrage\/","url":"https:\/\/now-news.de\/de\/deutschland\/die-polnischen-reparationsforderungen-bleiben-in-der-debatte-und-beleben-eine-alte-grenzfrage\/","name":"Die polnischen Reparationsforderungen bleiben in der Debatte\u00a0\u2013 und beleben eine alte Grenzfrage - just-now.NEWS Deutschland","isPartOf":{"@id":"https:\/\/now-news.de\/de\/#website"},"primaryImageOfPage":{"@id":"https:\/\/now-news.de\/de\/deutschland\/die-polnischen-reparationsforderungen-bleiben-in-der-debatte-und-beleben-eine-alte-grenzfrage\/#primaryimage"},"image":{"@id":"https:\/\/now-news.de\/de\/deutschland\/die-polnischen-reparationsforderungen-bleiben-in-der-debatte-und-beleben-eine-alte-grenzfrage\/#primaryimage"},"thumbnailUrl":"https:\/\/now-news.de\/de\/wp-content\/uploads\/sites\/3\/2025\/09\/Die-polnischen-Reparationsforderungen-bleiben-in-der-Debatte-\u2013-und-beleben-eine.jpg","datePublished":"2025-09-20T10:54:26+00:00","dateModified":"2025-09-20T10:54:26+00:00","breadcrumb":{"@id":"https:\/\/now-news.de\/de\/deutschland\/die-polnischen-reparationsforderungen-bleiben-in-der-debatte-und-beleben-eine-alte-grenzfrage\/#breadcrumb"},"inLanguage":"de","potentialAction":[{"@type":"ReadAction","target":["https:\/\/now-news.de\/de\/deutschland\/die-polnischen-reparationsforderungen-bleiben-in-der-debatte-und-beleben-eine-alte-grenzfrage\/"]}]},{"@type":"ImageObject","inLanguage":"de","@id":"https:\/\/now-news.de\/de\/deutschland\/die-polnischen-reparationsforderungen-bleiben-in-der-debatte-und-beleben-eine-alte-grenzfrage\/#primaryimage","url":"https:\/\/now-news.de\/de\/wp-content\/uploads\/sites\/3\/2025\/09\/Die-polnischen-Reparationsforderungen-bleiben-in-der-Debatte-\u2013-und-beleben-eine.jpg","contentUrl":"https:\/\/now-news.de\/de\/wp-content\/uploads\/sites\/3\/2025\/09\/Die-polnischen-Reparationsforderungen-bleiben-in-der-Debatte-\u2013-und-beleben-eine.jpg","width":460,"height":259,"caption":"Die polnischen Reparationsforderungen bleiben in der Debatte\u00a0\u2013 und beleben eine alte Grenzfrage"},{"@type":"BreadcrumbList","@id":"https:\/\/now-news.de\/de\/deutschland\/die-polnischen-reparationsforderungen-bleiben-in-der-debatte-und-beleben-eine-alte-grenzfrage\/#breadcrumb","itemListElement":[{"@type":"ListItem","position":1,"name":"Home","item":"https:\/\/now-news.de\/de\/"},{"@type":"ListItem","position":2,"name":"Die polnischen Reparationsforderungen bleiben in der Debatte\u00a0\u2013 und beleben eine alte Grenzfrage"}]},{"@type":"WebSite","@id":"https:\/\/now-news.de\/de\/#website","url":"https:\/\/now-news.de\/de\/","name":"just-now.NEWS Deutschland","description":"Das Portal f\u00fcr unzensierte Nachrichten aus der Welt","publisher":{"@id":"https:\/\/now-news.de\/de\/#organization"},"potentialAction":[{"@type":"SearchAction","target":{"@type":"EntryPoint","urlTemplate":"https:\/\/now-news.de\/de\/?s={search_term_string}"},"query-input":"required name=search_term_string"}],"inLanguage":"de"},{"@type":"Organization","@id":"https:\/\/now-news.de\/de\/#organization","name":"Just Now News","url":"https:\/\/now-news.de\/de\/","logo":{"@type":"ImageObject","inLanguage":"de","@id":"https:\/\/now-news.de\/de\/#\/schema\/logo\/image\/","url":"http:\/\/just-now.news\/de\/wp-content\/uploads\/sites\/3\/2022\/04\/logo500x500.jpg","contentUrl":"http:\/\/just-now.news\/de\/wp-content\/uploads\/sites\/3\/2022\/04\/logo500x500.jpg","width":500,"height":500,"caption":"Just Now News"},"image":{"@id":"https:\/\/now-news.de\/de\/#\/schema\/logo\/image\/"},"sameAs":["https:\/\/www.facebook.com\/wirmachenauf","https:\/\/x.com\/WirMachenAuf_de"]},{"@type":"Person","@id":"https:\/\/now-news.de\/de\/#\/schema\/person\/fb534a4e865501d8b3285208df34a9b5","name":"rtnews","image":{"@type":"ImageObject","inLanguage":"de","@id":"https:\/\/now-news.de\/de\/#\/schema\/person\/image\/","url":"https:\/\/secure.gravatar.com\/avatar\/82aafea7d8127119dd649515f56e2117?s=96&d=mm&r=g","contentUrl":"https:\/\/secure.gravatar.com\/avatar\/82aafea7d8127119dd649515f56e2117?s=96&d=mm&r=g","caption":"rtnews"},"url":"https:\/\/now-news.de\/de\/author\/rnews\/"}]}},"_links":{"self":[{"href":"https:\/\/now-news.de\/de\/wp-json\/wp\/v2\/posts\/90866"}],"collection":[{"href":"https:\/\/now-news.de\/de\/wp-json\/wp\/v2\/posts"}],"about":[{"href":"https:\/\/now-news.de\/de\/wp-json\/wp\/v2\/types\/post"}],"author":[{"embeddable":true,"href":"https:\/\/now-news.de\/de\/wp-json\/wp\/v2\/users\/3"}],"replies":[{"embeddable":true,"href":"https:\/\/now-news.de\/de\/wp-json\/wp\/v2\/comments?post=90866"}],"version-history":[{"count":0,"href":"https:\/\/now-news.de\/de\/wp-json\/wp\/v2\/posts\/90866\/revisions"}],"wp:featuredmedia":[{"embeddable":true,"href":"https:\/\/now-news.de\/de\/wp-json\/wp\/v2\/media\/90867"}],"wp:attachment":[{"href":"https:\/\/now-news.de\/de\/wp-json\/wp\/v2\/media?parent=90866"}],"wp:term":[{"taxonomy":"category","embeddable":true,"href":"https:\/\/now-news.de\/de\/wp-json\/wp\/v2\/categories?post=90866"},{"taxonomy":"post_tag","embeddable":true,"href":"https:\/\/now-news.de\/de\/wp-json\/wp\/v2\/tags?post=90866"}],"curies":[{"name":"wp","href":"https:\/\/api.w.org\/{rel}","templated":true}]}}