{"id":90844,"date":"2025-09-19T21:02:20","date_gmt":"2025-09-19T19:02:20","guid":{"rendered":"https:\/\/now-news.de\/de\/deutschland\/macron-droht-wiederaufnahme-der-un-sanktionen-gegen-iran-sei-beschlossene-sache\/"},"modified":"2025-09-19T21:02:20","modified_gmt":"2025-09-19T19:02:20","slug":"macron-droht-wiederaufnahme-der-un-sanktionen-gegen-iran-sei-beschlossene-sache","status":"publish","type":"post","link":"https:\/\/now-news.de\/de\/deutschland\/macron-droht-wiederaufnahme-der-un-sanktionen-gegen-iran-sei-beschlossene-sache\/","title":{"rendered":"Macron droht: Wiederaufnahme der UN-Sanktionen gegen Iran sei beschlossene Sache"},"content":{"rendered":"<p><img decoding=\"async\" src=\"https:\/\/now-news.de\/de\/wp-content\/uploads\/sites\/3\/2025\/09\/68cd2ad448fbef46a550aba1.jpg\" \/><\/p>\n<div class=\"Text-root Text-type_1 \">\n                Macrons \u00c4u\u00dferungen in einem Interview mit dem israelischen Fernsehsender &#8220;Channel 12&#8221; deuten darauf hin, dass die Bem\u00fchungen um eine Einigung zwischen den europ\u00e4ischen M\u00e4chten und Iran gescheitert sind.\n            <\/div>\n<p><\/p>\n<div class=\"Text-root Text-type_5 ArticleView-text ViewText-root \">\n<p>Der franz\u00f6sische Pr\u00e4sident Emmanuel Macron erkl\u00e4rte am Donnerstag, dass Ende September &#8220;Snapback&#8221;-Sanktionen gegen Iran verh\u00e4ngt w\u00fcrden. Macrons \u00c4u\u00dferungen in einem Interview mit dem israelischen Fernsehsender<em> Channel 12<\/em> deuten darauf hin, dass die Bem\u00fchungen um eine Einigung zwischen den europ\u00e4ischen M\u00e4chten und Iran gescheitert sind.<\/p>\n<p>Die Islamische Republik\u00a0wird demnach noch gr\u00f6\u00dferen wirtschaftlichen Schaden erleiden, und internationale Beobachter werden praktisch keine Kontrolle mehr \u00fcber das Nuklearmaterial und die Nuklearanlagen Irans haben.<\/p>\n<p>Der UN-Sicherheitsrat wird voraussichtlich n\u00e4chste Woche \u00fcber die Wiederaufnahme der UN-Sanktionen gegen\u00a0Teheran abstimmen, die bis zum 27. September wieder in Kraft treten k\u00f6nnten.<\/p>\n<p>Die Iraner haben als Reaktion darauf mit dem Austritt aus dem Atomwaffensperrvertrag (NPT) gedroht, aber europ\u00e4ische Diplomaten glauben, dass sie nicht so weit gehen werden. Der &#8220;Snapback&#8221;-Mechanismus f\u00fchrt automatisch zur Wiedereinf\u00fchrung aller Sanktionen des UN-Sicherheitsrates, die im Rahmen des Atomabkommens mit Iran im Jahr 2015 aufgehoben worden waren.<\/p>\n<p>Iran argumentiert, dass er nie den vollen Nutzen aus diesem Abkommen gezogen habe, aus dem die USA 2018 ausgestiegen sind, und dass es unrechtm\u00e4\u00dfig sei, Strafen f\u00fcr die Nichteinhaltung zu verh\u00e4ngen. Iranische Regierungsvertreter haben\u00a0dar\u00fcber hinaus die Forderung, sie sollten zu den Atomgespr\u00e4chen mit der Trump-Regierung zur\u00fcckkehren, mit Spott zur\u00fcckgewiesen, da sie dies bis zu den Bombenangriffen Israels und der USA\u00a0ebenfalls vergeblich getan h\u00e4tten.<\/p>\n<p>Auf die Frage von Yonit Levy von <em>Channel 12<\/em>, ob &#8220;Snapback beschlossene Sache&#8221; sei, antwortete Macron:<\/p>\n<blockquote>\n<p><em>&#8220;Ja, ich denke schon. Denn die neuesten Nachrichten, die wir von den Iranern haben, sind nicht ernst zu nehmen.&#8221;<\/em><\/p>\n<\/blockquote>\n<p>Frankreichs Pr\u00e4sident\u00a0behauptete, dass der iranische Au\u00dfenminister Abbas Araghtschi versucht habe, ein vern\u00fcnftiges Angebot zu machen, um eine Einigung mit den europ\u00e4ischen M\u00e4chten zu erzielen. Er habe daf\u00fcr jedoch keine Unterst\u00fctzung von anderen Mitgliedern der iranischen Regierung erhalten.<\/p>\n<p>Anfang dieser Woche hatte\u00a0Teheran den E3-Staaten \u2013 Frankreich, Deutschland und Gro\u00dfbritannien \u2013 einen neuen Vorschlag unterbreitet, wonach die Frist f\u00fcr die Wiedereinsetzung der Sanktionen um mehrere Monate verl\u00e4ngert werden soll, im Gegenzug f\u00fcr iranische Schritte in Bezug auf sein Atomprogramm und die Wiederaufnahme der Verhandlungen mit den USA.<\/p>\n<p>&#8220;Die E3 (drei europ\u00e4ische Staaten) halten den j\u00fcngsten Vorschlag Irans f\u00fcr inhaltlich unzureichend, da er weitreichende Ma\u00dfnahmen wie die Verl\u00e4ngerung des Snapbacks oder sogar dessen vollst\u00e4ndige Beendigung als Gegenleistung f\u00fcr Absichtserkl\u00e4rungen Irans fordert, ohne dass konkrete Ma\u00dfnahmen auf iranischer Seite vorgesehen sind&#8221;, erkl\u00e4rte eine mit dem Vorschlag vertraute Quelle am Donnerstag gegen\u00fcber Reportern\u00a0bei\u00a0einer Pressekonferenz.<\/p>\n<p><strong>Mehr zum Thema<\/strong>\u00a0<strong>&#8211;<\/strong>\u00a0<a rel=\"nofollow noopener\" target=\"_blank\" href=\"https:\/\/freedert.online\/der-nahe-osten\/252060-iran-fordert-von-usa-kriegsentschaedigung\/\">Iran fordert von USA Kriegsentsch\u00e4digung als Voraussetzung f\u00fcr Wiederaufnahme von Verhandlungen<\/a><\/p>\n<div class=\"EmbedBlock-root EmbedBlock-externalVideo EmbedBlock-rumble\">\n<div class=\"VkEmbed\"><iframe class=\"lazyload\" data-src=\"https:\/\/rumble.com\/embed\/v6w1stm\" frameborder=\"0\" width=\"853\" height=\"480\" allowfullscreen><\/iframe><\/div>\n<\/div>\n<\/div>\n<p><br \/>\n<br \/><a href=\"https:\/\/de.rt.com\/der-nahe-osten\/256481-macron-droht-wiederaufnahme-un-sanktionen\/\">Source link <\/a><\/p>\n","protected":false},"excerpt":{"rendered":"<p>Macrons \u00c4u\u00dferungen in einem Interview mit dem israelischen Fernsehsender &#8220;Channel 12&#8221; deuten darauf hin, dass die Bem\u00fchungen um eine Einigung zwischen den europ\u00e4ischen M\u00e4chten und Iran gescheitert sind. Der franz\u00f6sische Pr\u00e4sident Emmanuel Macron erkl\u00e4rte am Donnerstag, dass Ende September &#8220;Snapback&#8221;-Sanktionen gegen Iran verh\u00e4ngt w\u00fcrden. Macrons \u00c4u\u00dferungen in einem Interview mit dem israelischen Fernsehsender Channel 12 [&hellip;]<\/p>\n","protected":false},"author":3,"featured_media":90845,"comment_status":"open","ping_status":"open","sticky":false,"template":"","format":"standard","meta":{"_yoast_indexnow_last_ping":["1758308566"],"wp_automatic_camp":["217"],"e8c384cac82d1a369356f971ae64396e":["Macron droht: Wiederaufnahme der UN-Sanktionen gegen Iran sei beschlossene Sache"],"original_link":["https:\/\/de.rt.com\/der-nahe-osten\/256481-macron-droht-wiederaufnahme-un-sanktionen\/"],"_thumbnail_id":["90845"],"jnews_social_counter_last_update":["1777180986"],"_wptgpro_p2tg_sent2tg":["a:1:{i:23737;s:19:\"2025-09-19 21:03:46\";}"]},"categories":[19,23],"tags":[67221,82,44,278,1786,1711,11394,8104,48911,27795],"yoast_head":"<!-- This site is optimized with the Yoast SEO Premium plugin v22.7 (Yoast SEO v22.7) - https:\/\/yoast.com\/wordpress\/plugins\/seo\/ -->\n<title>Macron droht: Wiederaufnahme der UN-Sanktionen gegen Iran sei beschlossene Sache - just-now.NEWS Deutschland<\/title>\n<meta name=\"robots\" content=\"index, follow, max-snippet:-1, max-image-preview:large, max-video-preview:-1\" \/>\n<link rel=\"canonical\" href=\"https:\/\/now-news.de\/de\/deutschland\/macron-droht-wiederaufnahme-der-un-sanktionen-gegen-iran-sei-beschlossene-sache\/\" \/>\n<meta property=\"og:locale\" content=\"de_DE\" \/>\n<meta property=\"og:type\" content=\"article\" \/>\n<meta property=\"og:title\" content=\"Macron droht: Wiederaufnahme der UN-Sanktionen gegen Iran sei beschlossene Sache\" \/>\n<meta property=\"og:description\" content=\"Macrons \u00c4u\u00dferungen in einem Interview mit dem israelischen Fernsehsender &#8220;Channel 12&#8221; deuten darauf hin, dass die Bem\u00fchungen um eine Einigung zwischen den europ\u00e4ischen M\u00e4chten und Iran gescheitert sind. Der franz\u00f6sische Pr\u00e4sident Emmanuel Macron erkl\u00e4rte am Donnerstag, dass Ende September &#8220;Snapback&#8221;-Sanktionen gegen Iran verh\u00e4ngt w\u00fcrden. Macrons \u00c4u\u00dferungen in einem Interview mit dem israelischen Fernsehsender Channel 12 [&hellip;]\" \/>\n<meta property=\"og:url\" content=\"https:\/\/now-news.de\/de\/deutschland\/macron-droht-wiederaufnahme-der-un-sanktionen-gegen-iran-sei-beschlossene-sache\/\" \/>\n<meta property=\"og:site_name\" content=\"just-now.NEWS Deutschland\" \/>\n<meta property=\"article:publisher\" content=\"https:\/\/www.facebook.com\/wirmachenauf\" \/>\n<meta property=\"article:published_time\" content=\"2025-09-19T19:02:20+00:00\" \/>\n<meta property=\"og:image\" content=\"https:\/\/now-news.de\/de\/wp-content\/uploads\/sites\/3\/2025\/09\/68cd2ad448fbef46a550aba1.jpg\" \/>\n<meta name=\"author\" content=\"rtnews\" \/>\n<meta name=\"twitter:card\" content=\"summary_large_image\" \/>\n<meta name=\"twitter:creator\" content=\"@WirMachenAuf_de\" \/>\n<meta name=\"twitter:site\" content=\"@WirMachenAuf_de\" \/>\n<meta name=\"twitter:label1\" content=\"Verfasst von\" \/>\n\t<meta name=\"twitter:data1\" content=\"rtnews\" \/>\n\t<meta name=\"twitter:label2\" content=\"Gesch\u00e4tzte Lesezeit\" \/>\n\t<meta name=\"twitter:data2\" content=\"2\u00a0Minuten\" \/>\n<script type=\"application\/ld+json\" class=\"yoast-schema-graph\">{\"@context\":\"https:\/\/schema.org\",\"@graph\":[{\"@type\":\"Article\",\"@id\":\"https:\/\/now-news.de\/de\/deutschland\/macron-droht-wiederaufnahme-der-un-sanktionen-gegen-iran-sei-beschlossene-sache\/#article\",\"isPartOf\":{\"@id\":\"https:\/\/now-news.de\/de\/deutschland\/macron-droht-wiederaufnahme-der-un-sanktionen-gegen-iran-sei-beschlossene-sache\/\"},\"author\":{\"name\":\"rtnews\",\"@id\":\"https:\/\/now-news.de\/de\/#\/schema\/person\/fb534a4e865501d8b3285208df34a9b5\"},\"headline\":\"Macron droht: Wiederaufnahme der UN-Sanktionen gegen Iran sei beschlossene Sache\",\"datePublished\":\"2025-09-19T19:02:20+00:00\",\"dateModified\":\"2025-09-19T19:02:20+00:00\",\"mainEntityOfPage\":{\"@id\":\"https:\/\/now-news.de\/de\/deutschland\/macron-droht-wiederaufnahme-der-un-sanktionen-gegen-iran-sei-beschlossene-sache\/\"},\"wordCount\":487,\"commentCount\":0,\"publisher\":{\"@id\":\"https:\/\/now-news.de\/de\/#organization\"},\"image\":{\"@id\":\"https:\/\/now-news.de\/de\/deutschland\/macron-droht-wiederaufnahme-der-un-sanktionen-gegen-iran-sei-beschlossene-sache\/#primaryimage\"},\"thumbnailUrl\":\"https:\/\/now-news.de\/de\/wp-content\/uploads\/sites\/3\/2025\/09\/Macron-droht-Wiederaufnahme-der-UN-Sanktionen-gegen-Iran-sei-beschlossene-Sache.jpg\",\"keywords\":[\"beschlossene\",\"der\",\"droht\",\"gegen\",\"Iran\",\"macron\",\"Sache\",\"sei\",\"UNSanktionen\",\"Wiederaufnahme\"],\"articleSection\":[\"Deutschland\",\"Russland\"],\"inLanguage\":\"de\",\"potentialAction\":[{\"@type\":\"CommentAction\",\"name\":\"Comment\",\"target\":[\"https:\/\/now-news.de\/de\/deutschland\/macron-droht-wiederaufnahme-der-un-sanktionen-gegen-iran-sei-beschlossene-sache\/#respond\"]}]},{\"@type\":\"WebPage\",\"@id\":\"https:\/\/now-news.de\/de\/deutschland\/macron-droht-wiederaufnahme-der-un-sanktionen-gegen-iran-sei-beschlossene-sache\/\",\"url\":\"https:\/\/now-news.de\/de\/deutschland\/macron-droht-wiederaufnahme-der-un-sanktionen-gegen-iran-sei-beschlossene-sache\/\",\"name\":\"Macron droht: Wiederaufnahme der UN-Sanktionen gegen Iran sei beschlossene Sache - just-now.NEWS Deutschland\",\"isPartOf\":{\"@id\":\"https:\/\/now-news.de\/de\/#website\"},\"primaryImageOfPage\":{\"@id\":\"https:\/\/now-news.de\/de\/deutschland\/macron-droht-wiederaufnahme-der-un-sanktionen-gegen-iran-sei-beschlossene-sache\/#primaryimage\"},\"image\":{\"@id\":\"https:\/\/now-news.de\/de\/deutschland\/macron-droht-wiederaufnahme-der-un-sanktionen-gegen-iran-sei-beschlossene-sache\/#primaryimage\"},\"thumbnailUrl\":\"https:\/\/now-news.de\/de\/wp-content\/uploads\/sites\/3\/2025\/09\/Macron-droht-Wiederaufnahme-der-UN-Sanktionen-gegen-Iran-sei-beschlossene-Sache.jpg\",\"datePublished\":\"2025-09-19T19:02:20+00:00\",\"dateModified\":\"2025-09-19T19:02:20+00:00\",\"breadcrumb\":{\"@id\":\"https:\/\/now-news.de\/de\/deutschland\/macron-droht-wiederaufnahme-der-un-sanktionen-gegen-iran-sei-beschlossene-sache\/#breadcrumb\"},\"inLanguage\":\"de\",\"potentialAction\":[{\"@type\":\"ReadAction\",\"target\":[\"https:\/\/now-news.de\/de\/deutschland\/macron-droht-wiederaufnahme-der-un-sanktionen-gegen-iran-sei-beschlossene-sache\/\"]}]},{\"@type\":\"ImageObject\",\"inLanguage\":\"de\",\"@id\":\"https:\/\/now-news.de\/de\/deutschland\/macron-droht-wiederaufnahme-der-un-sanktionen-gegen-iran-sei-beschlossene-sache\/#primaryimage\",\"url\":\"https:\/\/now-news.de\/de\/wp-content\/uploads\/sites\/3\/2025\/09\/Macron-droht-Wiederaufnahme-der-UN-Sanktionen-gegen-Iran-sei-beschlossene-Sache.jpg\",\"contentUrl\":\"https:\/\/now-news.de\/de\/wp-content\/uploads\/sites\/3\/2025\/09\/Macron-droht-Wiederaufnahme-der-UN-Sanktionen-gegen-Iran-sei-beschlossene-Sache.jpg\",\"width\":460,\"height\":259,\"caption\":\"Macron droht: Wiederaufnahme der UN-Sanktionen gegen Iran sei beschlossene Sache\"},{\"@type\":\"BreadcrumbList\",\"@id\":\"https:\/\/now-news.de\/de\/deutschland\/macron-droht-wiederaufnahme-der-un-sanktionen-gegen-iran-sei-beschlossene-sache\/#breadcrumb\",\"itemListElement\":[{\"@type\":\"ListItem\",\"position\":1,\"name\":\"Home\",\"item\":\"https:\/\/now-news.de\/de\/\"},{\"@type\":\"ListItem\",\"position\":2,\"name\":\"Macron droht: Wiederaufnahme der UN-Sanktionen gegen Iran sei beschlossene Sache\"}]},{\"@type\":\"WebSite\",\"@id\":\"https:\/\/now-news.de\/de\/#website\",\"url\":\"https:\/\/now-news.de\/de\/\",\"name\":\"just-now.NEWS Deutschland\",\"description\":\"Das Portal f\u00fcr unzensierte Nachrichten aus der Welt\",\"publisher\":{\"@id\":\"https:\/\/now-news.de\/de\/#organization\"},\"potentialAction\":[{\"@type\":\"SearchAction\",\"target\":{\"@type\":\"EntryPoint\",\"urlTemplate\":\"https:\/\/now-news.de\/de\/?s={search_term_string}\"},\"query-input\":\"required name=search_term_string\"}],\"inLanguage\":\"de\"},{\"@type\":\"Organization\",\"@id\":\"https:\/\/now-news.de\/de\/#organization\",\"name\":\"Just Now News\",\"url\":\"https:\/\/now-news.de\/de\/\",\"logo\":{\"@type\":\"ImageObject\",\"inLanguage\":\"de\",\"@id\":\"https:\/\/now-news.de\/de\/#\/schema\/logo\/image\/\",\"url\":\"http:\/\/just-now.news\/de\/wp-content\/uploads\/sites\/3\/2022\/04\/logo500x500.jpg\",\"contentUrl\":\"http:\/\/just-now.news\/de\/wp-content\/uploads\/sites\/3\/2022\/04\/logo500x500.jpg\",\"width\":500,\"height\":500,\"caption\":\"Just Now News\"},\"image\":{\"@id\":\"https:\/\/now-news.de\/de\/#\/schema\/logo\/image\/\"},\"sameAs\":[\"https:\/\/www.facebook.com\/wirmachenauf\",\"https:\/\/x.com\/WirMachenAuf_de\"]},{\"@type\":\"Person\",\"@id\":\"https:\/\/now-news.de\/de\/#\/schema\/person\/fb534a4e865501d8b3285208df34a9b5\",\"name\":\"rtnews\",\"image\":{\"@type\":\"ImageObject\",\"inLanguage\":\"de\",\"@id\":\"https:\/\/now-news.de\/de\/#\/schema\/person\/image\/\",\"url\":\"https:\/\/secure.gravatar.com\/avatar\/82aafea7d8127119dd649515f56e2117?s=96&d=mm&r=g\",\"contentUrl\":\"https:\/\/secure.gravatar.com\/avatar\/82aafea7d8127119dd649515f56e2117?s=96&d=mm&r=g\",\"caption\":\"rtnews\"},\"url\":\"https:\/\/now-news.de\/de\/author\/rnews\/\"}]}<\/script>\n<!-- \/ Yoast SEO Premium plugin. -->","yoast_head_json":{"title":"Macron droht: Wiederaufnahme der UN-Sanktionen gegen Iran sei beschlossene Sache - just-now.NEWS Deutschland","robots":{"index":"index","follow":"follow","max-snippet":"max-snippet:-1","max-image-preview":"max-image-preview:large","max-video-preview":"max-video-preview:-1"},"canonical":"https:\/\/now-news.de\/de\/deutschland\/macron-droht-wiederaufnahme-der-un-sanktionen-gegen-iran-sei-beschlossene-sache\/","og_locale":"de_DE","og_type":"article","og_title":"Macron droht: Wiederaufnahme der UN-Sanktionen gegen Iran sei beschlossene Sache","og_description":"Macrons \u00c4u\u00dferungen in einem Interview mit dem israelischen Fernsehsender &#8220;Channel 12&#8221; deuten darauf hin, dass die Bem\u00fchungen um eine Einigung zwischen den europ\u00e4ischen M\u00e4chten und Iran gescheitert sind. Der franz\u00f6sische Pr\u00e4sident Emmanuel Macron erkl\u00e4rte am Donnerstag, dass Ende September &#8220;Snapback&#8221;-Sanktionen gegen Iran verh\u00e4ngt w\u00fcrden. Macrons \u00c4u\u00dferungen in einem Interview mit dem israelischen Fernsehsender Channel 12 [&hellip;]","og_url":"https:\/\/now-news.de\/de\/deutschland\/macron-droht-wiederaufnahme-der-un-sanktionen-gegen-iran-sei-beschlossene-sache\/","og_site_name":"just-now.NEWS Deutschland","article_publisher":"https:\/\/www.facebook.com\/wirmachenauf","article_published_time":"2025-09-19T19:02:20+00:00","og_image":[{"url":"https:\/\/now-news.de\/de\/wp-content\/uploads\/sites\/3\/2025\/09\/68cd2ad448fbef46a550aba1.jpg"}],"author":"rtnews","twitter_card":"summary_large_image","twitter_creator":"@WirMachenAuf_de","twitter_site":"@WirMachenAuf_de","twitter_misc":{"Verfasst von":"rtnews","Gesch\u00e4tzte Lesezeit":"2\u00a0Minuten"},"schema":{"@context":"https:\/\/schema.org","@graph":[{"@type":"Article","@id":"https:\/\/now-news.de\/de\/deutschland\/macron-droht-wiederaufnahme-der-un-sanktionen-gegen-iran-sei-beschlossene-sache\/#article","isPartOf":{"@id":"https:\/\/now-news.de\/de\/deutschland\/macron-droht-wiederaufnahme-der-un-sanktionen-gegen-iran-sei-beschlossene-sache\/"},"author":{"name":"rtnews","@id":"https:\/\/now-news.de\/de\/#\/schema\/person\/fb534a4e865501d8b3285208df34a9b5"},"headline":"Macron droht: Wiederaufnahme der UN-Sanktionen gegen Iran sei beschlossene Sache","datePublished":"2025-09-19T19:02:20+00:00","dateModified":"2025-09-19T19:02:20+00:00","mainEntityOfPage":{"@id":"https:\/\/now-news.de\/de\/deutschland\/macron-droht-wiederaufnahme-der-un-sanktionen-gegen-iran-sei-beschlossene-sache\/"},"wordCount":487,"commentCount":0,"publisher":{"@id":"https:\/\/now-news.de\/de\/#organization"},"image":{"@id":"https:\/\/now-news.de\/de\/deutschland\/macron-droht-wiederaufnahme-der-un-sanktionen-gegen-iran-sei-beschlossene-sache\/#primaryimage"},"thumbnailUrl":"https:\/\/now-news.de\/de\/wp-content\/uploads\/sites\/3\/2025\/09\/Macron-droht-Wiederaufnahme-der-UN-Sanktionen-gegen-Iran-sei-beschlossene-Sache.jpg","keywords":["beschlossene","der","droht","gegen","Iran","macron","Sache","sei","UNSanktionen","Wiederaufnahme"],"articleSection":["Deutschland","Russland"],"inLanguage":"de","potentialAction":[{"@type":"CommentAction","name":"Comment","target":["https:\/\/now-news.de\/de\/deutschland\/macron-droht-wiederaufnahme-der-un-sanktionen-gegen-iran-sei-beschlossene-sache\/#respond"]}]},{"@type":"WebPage","@id":"https:\/\/now-news.de\/de\/deutschland\/macron-droht-wiederaufnahme-der-un-sanktionen-gegen-iran-sei-beschlossene-sache\/","url":"https:\/\/now-news.de\/de\/deutschland\/macron-droht-wiederaufnahme-der-un-sanktionen-gegen-iran-sei-beschlossene-sache\/","name":"Macron droht: Wiederaufnahme der UN-Sanktionen gegen Iran sei beschlossene Sache - just-now.NEWS Deutschland","isPartOf":{"@id":"https:\/\/now-news.de\/de\/#website"},"primaryImageOfPage":{"@id":"https:\/\/now-news.de\/de\/deutschland\/macron-droht-wiederaufnahme-der-un-sanktionen-gegen-iran-sei-beschlossene-sache\/#primaryimage"},"image":{"@id":"https:\/\/now-news.de\/de\/deutschland\/macron-droht-wiederaufnahme-der-un-sanktionen-gegen-iran-sei-beschlossene-sache\/#primaryimage"},"thumbnailUrl":"https:\/\/now-news.de\/de\/wp-content\/uploads\/sites\/3\/2025\/09\/Macron-droht-Wiederaufnahme-der-UN-Sanktionen-gegen-Iran-sei-beschlossene-Sache.jpg","datePublished":"2025-09-19T19:02:20+00:00","dateModified":"2025-09-19T19:02:20+00:00","breadcrumb":{"@id":"https:\/\/now-news.de\/de\/deutschland\/macron-droht-wiederaufnahme-der-un-sanktionen-gegen-iran-sei-beschlossene-sache\/#breadcrumb"},"inLanguage":"de","potentialAction":[{"@type":"ReadAction","target":["https:\/\/now-news.de\/de\/deutschland\/macron-droht-wiederaufnahme-der-un-sanktionen-gegen-iran-sei-beschlossene-sache\/"]}]},{"@type":"ImageObject","inLanguage":"de","@id":"https:\/\/now-news.de\/de\/deutschland\/macron-droht-wiederaufnahme-der-un-sanktionen-gegen-iran-sei-beschlossene-sache\/#primaryimage","url":"https:\/\/now-news.de\/de\/wp-content\/uploads\/sites\/3\/2025\/09\/Macron-droht-Wiederaufnahme-der-UN-Sanktionen-gegen-Iran-sei-beschlossene-Sache.jpg","contentUrl":"https:\/\/now-news.de\/de\/wp-content\/uploads\/sites\/3\/2025\/09\/Macron-droht-Wiederaufnahme-der-UN-Sanktionen-gegen-Iran-sei-beschlossene-Sache.jpg","width":460,"height":259,"caption":"Macron droht: Wiederaufnahme der UN-Sanktionen gegen Iran sei beschlossene Sache"},{"@type":"BreadcrumbList","@id":"https:\/\/now-news.de\/de\/deutschland\/macron-droht-wiederaufnahme-der-un-sanktionen-gegen-iran-sei-beschlossene-sache\/#breadcrumb","itemListElement":[{"@type":"ListItem","position":1,"name":"Home","item":"https:\/\/now-news.de\/de\/"},{"@type":"ListItem","position":2,"name":"Macron droht: Wiederaufnahme der UN-Sanktionen gegen Iran sei beschlossene Sache"}]},{"@type":"WebSite","@id":"https:\/\/now-news.de\/de\/#website","url":"https:\/\/now-news.de\/de\/","name":"just-now.NEWS Deutschland","description":"Das Portal f\u00fcr unzensierte Nachrichten aus der Welt","publisher":{"@id":"https:\/\/now-news.de\/de\/#organization"},"potentialAction":[{"@type":"SearchAction","target":{"@type":"EntryPoint","urlTemplate":"https:\/\/now-news.de\/de\/?s={search_term_string}"},"query-input":"required name=search_term_string"}],"inLanguage":"de"},{"@type":"Organization","@id":"https:\/\/now-news.de\/de\/#organization","name":"Just Now News","url":"https:\/\/now-news.de\/de\/","logo":{"@type":"ImageObject","inLanguage":"de","@id":"https:\/\/now-news.de\/de\/#\/schema\/logo\/image\/","url":"http:\/\/just-now.news\/de\/wp-content\/uploads\/sites\/3\/2022\/04\/logo500x500.jpg","contentUrl":"http:\/\/just-now.news\/de\/wp-content\/uploads\/sites\/3\/2022\/04\/logo500x500.jpg","width":500,"height":500,"caption":"Just Now News"},"image":{"@id":"https:\/\/now-news.de\/de\/#\/schema\/logo\/image\/"},"sameAs":["https:\/\/www.facebook.com\/wirmachenauf","https:\/\/x.com\/WirMachenAuf_de"]},{"@type":"Person","@id":"https:\/\/now-news.de\/de\/#\/schema\/person\/fb534a4e865501d8b3285208df34a9b5","name":"rtnews","image":{"@type":"ImageObject","inLanguage":"de","@id":"https:\/\/now-news.de\/de\/#\/schema\/person\/image\/","url":"https:\/\/secure.gravatar.com\/avatar\/82aafea7d8127119dd649515f56e2117?s=96&d=mm&r=g","contentUrl":"https:\/\/secure.gravatar.com\/avatar\/82aafea7d8127119dd649515f56e2117?s=96&d=mm&r=g","caption":"rtnews"},"url":"https:\/\/now-news.de\/de\/author\/rnews\/"}]}},"_links":{"self":[{"href":"https:\/\/now-news.de\/de\/wp-json\/wp\/v2\/posts\/90844"}],"collection":[{"href":"https:\/\/now-news.de\/de\/wp-json\/wp\/v2\/posts"}],"about":[{"href":"https:\/\/now-news.de\/de\/wp-json\/wp\/v2\/types\/post"}],"author":[{"embeddable":true,"href":"https:\/\/now-news.de\/de\/wp-json\/wp\/v2\/users\/3"}],"replies":[{"embeddable":true,"href":"https:\/\/now-news.de\/de\/wp-json\/wp\/v2\/comments?post=90844"}],"version-history":[{"count":0,"href":"https:\/\/now-news.de\/de\/wp-json\/wp\/v2\/posts\/90844\/revisions"}],"wp:featuredmedia":[{"embeddable":true,"href":"https:\/\/now-news.de\/de\/wp-json\/wp\/v2\/media\/90845"}],"wp:attachment":[{"href":"https:\/\/now-news.de\/de\/wp-json\/wp\/v2\/media?parent=90844"}],"wp:term":[{"taxonomy":"category","embeddable":true,"href":"https:\/\/now-news.de\/de\/wp-json\/wp\/v2\/categories?post=90844"},{"taxonomy":"post_tag","embeddable":true,"href":"https:\/\/now-news.de\/de\/wp-json\/wp\/v2\/tags?post=90844"}],"curies":[{"name":"wp","href":"https:\/\/api.w.org\/{rel}","templated":true}]}}