{"id":90824,"date":"2025-09-19T15:32:16","date_gmt":"2025-09-19T13:32:16","guid":{"rendered":"https:\/\/now-news.de\/de\/deutschland\/schweiz-fuehrt-unisex-toiletten-an-primarschulen-ein-kinder-empfinden-das-als-komisch\/"},"modified":"2025-09-19T15:32:16","modified_gmt":"2025-09-19T13:32:16","slug":"schweiz-fuehrt-unisex-toiletten-an-primarschulen-ein-kinder-empfinden-das-als-komisch","status":"publish","type":"post","link":"https:\/\/now-news.de\/de\/deutschland\/schweiz-fuehrt-unisex-toiletten-an-primarschulen-ein-kinder-empfinden-das-als-komisch\/","title":{"rendered":"Schweiz f\u00fchrt Unisex-Toiletten an Primarschulen ein \u2013 Kinder empfinden das als komisch"},"content":{"rendered":"<p><img decoding=\"async\" src=\"https:\/\/now-news.de\/de\/wp-content\/uploads\/sites\/3\/2025\/09\/68cd4cdcb480cc09626c9ade.png\" \/><\/p>\n<div class=\"Text-root Text-type_1 \">\n                In der Schweiz (Monthey) sorgt das neue Primarschulgeb\u00e4ude, eine SP-Initiative, f\u00fcr rote K\u00f6pfe: Kinder von 4 bis 12 Jahren nutzen dort ausschlie\u00dflich geschlechtsneutrale Toiletten. Viele Eltern kritisieren, dass sie vorher nicht dar\u00fcber informiert wurden. SP-Stadtr\u00e4tin Aferdita Bogiqi betont, dass noch Zeit ben\u00f6tigt werde.\n            <\/div>\n<p><\/p>\n<div class=\"Text-root Text-type_5 ArticleView-text ViewText-root \">\n<p data-start=\"588\" data-end=\"858\">In Monthey sorgt das neue Primarschulgeb\u00e4ude Mabillon 5 f\u00fcr Diskussionen, da es dort nur geschlechtsneutrale Toiletten f\u00fcr Kinder von vier bis zw\u00f6lf Jahren gibt. Das Projekt ist eine Initiative der SP und gilt in der Schweiz als Vorreitermodell f\u00fcr inklusive Schulkonzepte.<\/p>\n<p><strong>&#8220;Mein Sohn findet&#8217;s komisch, zusammen mit den M\u00e4dchen zu pinkeln&#8221;<\/strong><\/p>\n<p data-start=\"860\" data-end=\"1176\">Eltern kritisieren die Einf\u00fchrung scharf. In einer Online-Petition warnen sie vor m\u00f6glichen Risiken wie fehlender Intimsph\u00e4re, Aufnahmen mit Handys sowie H\u00e4nseleien, die bereits zu Schamgef\u00fchlen bei Kindern gef\u00fchrt h\u00e4tten. Einige Kinder h\u00e4tten bereits berichtet, dass sie die Toiletten nicht mehr benutzen wollten.<\/p>\n<p data-start=\"1178\" data-end=\"1409\">Der\u00a0Vater eines siebenj\u00e4hrigen Sch\u00fclers beschreibt seine Sorge: Sein Sohn empfinde es als &#8220;komisch&#8221;, zusammen mit M\u00e4dchen die Toilette benutzen zu m\u00fcssen. Besonders die mangelnde Information seitens der Schule st\u00f6re viele Eltern.<\/p>\n<p data-start=\"1411\" data-end=\"1700\">Die zust\u00e4ndige SP-Stadtr\u00e4tin und Direktorin des Bildungswesens, Aferdita Bogiqi, betont, dass man die Fragen umfassend pr\u00fcfen wolle. Sie k\u00fcndigte an, dass der Gemeinderat am Montag \u00fcber die Angelegenheit beraten werde, um eine vollst\u00e4ndige und sorgf\u00e4ltig vorbereitete Antwort zu liefern.<\/p>\n<p data-start=\"1702\" data-end=\"2087\">Monthey setzt mit diesem Schritt auf ein Modell, das bislang in der Schweiz nur vereinzelt umgesetzt wird. Die SP st\u00fctzt sich dabei auf eine Empfehlung des Kantons Wallis, die den Einsatz von Unisex-Toiletten an Schulen f\u00f6rdern soll. \u00c4hnliche Anlagen gibt es bereits in einigen Primarschulen in Lausanne, Z\u00fcrich, Bern und Luzern, wo die SP inklusivere L\u00f6sungen vorantreibt, oft ohne vorherige Einbeziehung der Eltern.<\/p>\n<p data-start=\"1702\" data-end=\"2087\">Aferdita Bogiqi, SP-Stadtr\u00e4tin von Monthey, geriet bereits in die Schlagzeilen, als Fragen zu ihrem Lebenslauf aufkamen. Diskutiert wurde, ob sie ihre beruflichen Qualifikationen \u00fcberzeichnet dargestellt habe.<\/p>\n<p data-start=\"1702\" data-end=\"2087\"><strong>Mehr zum Thema &#8211;\u00a0<\/strong><a rel=\"nofollow noopener\" target=\"_blank\" href=\"https:\/\/freedert.online\/schweiz\/218535-eindruecklicher-ausflug-nach-russland-schweizer\/\">&#8220;Eindr\u00fccklicher Ausflug nach Russland&#8221;: Schweizer Journalistin \u00fcberquert illegal Russlands Grenze<\/a><\/p>\n<div class=\"EmbedBlock-root EmbedBlock-externalVideo EmbedBlock-rumble\">\n<div class=\"VkEmbed\"><iframe class=\"lazyload\" data-src=\"https:\/\/rumble.com\/embed\/v5adi1x\" frameborder=\"0\" width=\"853\" height=\"480\" allowfullscreen><\/iframe><\/div>\n<\/div>\n<\/div>\n<p><br \/>\n<br \/><a href=\"https:\/\/de.rt.com\/schweiz\/256513-schweizer-sp-fuehrt-unisex-toiletten\/\">Source link <\/a><\/p>\n","protected":false},"excerpt":{"rendered":"<p>In der Schweiz (Monthey) sorgt das neue Primarschulgeb\u00e4ude, eine SP-Initiative, f\u00fcr rote K\u00f6pfe: Kinder von 4 bis 12 Jahren nutzen dort ausschlie\u00dflich geschlechtsneutrale Toiletten. Viele Eltern kritisieren, dass sie vorher nicht dar\u00fcber informiert wurden. SP-Stadtr\u00e4tin Aferdita Bogiqi betont, dass noch Zeit ben\u00f6tigt werde. In Monthey sorgt das neue Primarschulgeb\u00e4ude Mabillon 5 f\u00fcr Diskussionen, da es [&hellip;]<\/p>\n","protected":false},"author":3,"featured_media":90825,"comment_status":"open","ping_status":"open","sticky":false,"template":"","format":"standard","meta":{"_yoast_indexnow_last_ping":["1758292254"],"wp_automatic_camp":["217"],"10565ce9e7935c3c9fa25eec312a34c1":["Schweiz f\u00fchrt Unisex-Toiletten an Primarschulen ein \u2013 Kinder empfinden das als komisch"],"original_link":["https:\/\/de.rt.com\/schweiz\/256513-schweizer-sp-fuehrt-unisex-toiletten\/"],"_thumbnail_id":["90825"],"jnews_social_counter_last_update":["1777708971"],"_wptgpro_p2tg_sent2tg":["a:1:{i:23737;s:19:\"2025-09-19 16:31:58\";}"]},"categories":[19,23],"tags":[273,427,357,67880,3525,3567,67881,67879,4207,67028],"yoast_head":"<!-- This site is optimized with the Yoast SEO Premium plugin v22.7 (Yoast SEO v22.7) - https:\/\/yoast.com\/wordpress\/plugins\/seo\/ -->\n<title>Schweiz f\u00fchrt Unisex-Toiletten an Primarschulen ein \u2013 Kinder empfinden das als komisch - just-now.NEWS Deutschland<\/title>\n<meta name=\"robots\" content=\"index, follow, max-snippet:-1, max-image-preview:large, max-video-preview:-1\" \/>\n<link rel=\"canonical\" href=\"https:\/\/now-news.de\/de\/deutschland\/schweiz-fuehrt-unisex-toiletten-an-primarschulen-ein-kinder-empfinden-das-als-komisch\/\" \/>\n<meta property=\"og:locale\" content=\"de_DE\" \/>\n<meta property=\"og:type\" content=\"article\" \/>\n<meta property=\"og:title\" content=\"Schweiz f\u00fchrt Unisex-Toiletten an Primarschulen ein \u2013 Kinder empfinden das als komisch\" \/>\n<meta property=\"og:description\" content=\"In der Schweiz (Monthey) sorgt das neue Primarschulgeb\u00e4ude, eine SP-Initiative, f\u00fcr rote K\u00f6pfe: Kinder von 4 bis 12 Jahren nutzen dort ausschlie\u00dflich geschlechtsneutrale Toiletten. Viele Eltern kritisieren, dass sie vorher nicht dar\u00fcber informiert wurden. SP-Stadtr\u00e4tin Aferdita Bogiqi betont, dass noch Zeit ben\u00f6tigt werde. In Monthey sorgt das neue Primarschulgeb\u00e4ude Mabillon 5 f\u00fcr Diskussionen, da es [&hellip;]\" \/>\n<meta property=\"og:url\" content=\"https:\/\/now-news.de\/de\/deutschland\/schweiz-fuehrt-unisex-toiletten-an-primarschulen-ein-kinder-empfinden-das-als-komisch\/\" \/>\n<meta property=\"og:site_name\" content=\"just-now.NEWS Deutschland\" \/>\n<meta property=\"article:publisher\" content=\"https:\/\/www.facebook.com\/wirmachenauf\" \/>\n<meta property=\"article:published_time\" content=\"2025-09-19T13:32:16+00:00\" \/>\n<meta property=\"og:image\" content=\"https:\/\/now-news.de\/de\/wp-content\/uploads\/sites\/3\/2025\/09\/68cd4cdcb480cc09626c9ade.png\" \/>\n<meta name=\"author\" content=\"rtnews\" \/>\n<meta name=\"twitter:card\" content=\"summary_large_image\" \/>\n<meta name=\"twitter:creator\" content=\"@WirMachenAuf_de\" \/>\n<meta name=\"twitter:site\" content=\"@WirMachenAuf_de\" \/>\n<meta name=\"twitter:label1\" content=\"Verfasst von\" \/>\n\t<meta name=\"twitter:data1\" content=\"rtnews\" \/>\n\t<meta name=\"twitter:label2\" content=\"Gesch\u00e4tzte Lesezeit\" \/>\n\t<meta name=\"twitter:data2\" content=\"2\u00a0Minuten\" \/>\n<script type=\"application\/ld+json\" class=\"yoast-schema-graph\">{\"@context\":\"https:\/\/schema.org\",\"@graph\":[{\"@type\":\"Article\",\"@id\":\"https:\/\/now-news.de\/de\/deutschland\/schweiz-fuehrt-unisex-toiletten-an-primarschulen-ein-kinder-empfinden-das-als-komisch\/#article\",\"isPartOf\":{\"@id\":\"https:\/\/now-news.de\/de\/deutschland\/schweiz-fuehrt-unisex-toiletten-an-primarschulen-ein-kinder-empfinden-das-als-komisch\/\"},\"author\":{\"name\":\"rtnews\",\"@id\":\"https:\/\/now-news.de\/de\/#\/schema\/person\/fb534a4e865501d8b3285208df34a9b5\"},\"headline\":\"Schweiz f\u00fchrt Unisex-Toiletten an Primarschulen ein \u2013 Kinder empfinden das als komisch\",\"datePublished\":\"2025-09-19T13:32:16+00:00\",\"dateModified\":\"2025-09-19T13:32:16+00:00\",\"mainEntityOfPage\":{\"@id\":\"https:\/\/now-news.de\/de\/deutschland\/schweiz-fuehrt-unisex-toiletten-an-primarschulen-ein-kinder-empfinden-das-als-komisch\/\"},\"wordCount\":361,\"commentCount\":0,\"publisher\":{\"@id\":\"https:\/\/now-news.de\/de\/#organization\"},\"image\":{\"@id\":\"https:\/\/now-news.de\/de\/deutschland\/schweiz-fuehrt-unisex-toiletten-an-primarschulen-ein-kinder-empfinden-das-als-komisch\/#primaryimage\"},\"thumbnailUrl\":\"https:\/\/now-news.de\/de\/wp-content\/uploads\/sites\/3\/2025\/09\/Schweiz-fuehrt-Unisex-Toiletten-an-Primarschulen-ein-\u2013-Kinder-empfinden-das.png\",\"keywords\":[\"als\",\"das\",\"ein\",\"empfinden\",\"f\u00fchrt\",\"Kinder\",\"komisch\",\"Primarschulen\",\"schweiz\",\"UnisexToiletten\"],\"articleSection\":[\"Deutschland\",\"Russland\"],\"inLanguage\":\"de\",\"potentialAction\":[{\"@type\":\"CommentAction\",\"name\":\"Comment\",\"target\":[\"https:\/\/now-news.de\/de\/deutschland\/schweiz-fuehrt-unisex-toiletten-an-primarschulen-ein-kinder-empfinden-das-als-komisch\/#respond\"]}]},{\"@type\":\"WebPage\",\"@id\":\"https:\/\/now-news.de\/de\/deutschland\/schweiz-fuehrt-unisex-toiletten-an-primarschulen-ein-kinder-empfinden-das-als-komisch\/\",\"url\":\"https:\/\/now-news.de\/de\/deutschland\/schweiz-fuehrt-unisex-toiletten-an-primarschulen-ein-kinder-empfinden-das-als-komisch\/\",\"name\":\"Schweiz f\u00fchrt Unisex-Toiletten an Primarschulen ein \u2013 Kinder empfinden das als komisch - just-now.NEWS Deutschland\",\"isPartOf\":{\"@id\":\"https:\/\/now-news.de\/de\/#website\"},\"primaryImageOfPage\":{\"@id\":\"https:\/\/now-news.de\/de\/deutschland\/schweiz-fuehrt-unisex-toiletten-an-primarschulen-ein-kinder-empfinden-das-als-komisch\/#primaryimage\"},\"image\":{\"@id\":\"https:\/\/now-news.de\/de\/deutschland\/schweiz-fuehrt-unisex-toiletten-an-primarschulen-ein-kinder-empfinden-das-als-komisch\/#primaryimage\"},\"thumbnailUrl\":\"https:\/\/now-news.de\/de\/wp-content\/uploads\/sites\/3\/2025\/09\/Schweiz-fuehrt-Unisex-Toiletten-an-Primarschulen-ein-\u2013-Kinder-empfinden-das.png\",\"datePublished\":\"2025-09-19T13:32:16+00:00\",\"dateModified\":\"2025-09-19T13:32:16+00:00\",\"breadcrumb\":{\"@id\":\"https:\/\/now-news.de\/de\/deutschland\/schweiz-fuehrt-unisex-toiletten-an-primarschulen-ein-kinder-empfinden-das-als-komisch\/#breadcrumb\"},\"inLanguage\":\"de\",\"potentialAction\":[{\"@type\":\"ReadAction\",\"target\":[\"https:\/\/now-news.de\/de\/deutschland\/schweiz-fuehrt-unisex-toiletten-an-primarschulen-ein-kinder-empfinden-das-als-komisch\/\"]}]},{\"@type\":\"ImageObject\",\"inLanguage\":\"de\",\"@id\":\"https:\/\/now-news.de\/de\/deutschland\/schweiz-fuehrt-unisex-toiletten-an-primarschulen-ein-kinder-empfinden-das-als-komisch\/#primaryimage\",\"url\":\"https:\/\/now-news.de\/de\/wp-content\/uploads\/sites\/3\/2025\/09\/Schweiz-fuehrt-Unisex-Toiletten-an-Primarschulen-ein-\u2013-Kinder-empfinden-das.png\",\"contentUrl\":\"https:\/\/now-news.de\/de\/wp-content\/uploads\/sites\/3\/2025\/09\/Schweiz-fuehrt-Unisex-Toiletten-an-Primarschulen-ein-\u2013-Kinder-empfinden-das.png\",\"width\":460,\"height\":259,\"caption\":\"Schweiz f\u00fchrt Unisex-Toiletten an Primarschulen ein \u2013 Kinder empfinden das als komisch\"},{\"@type\":\"BreadcrumbList\",\"@id\":\"https:\/\/now-news.de\/de\/deutschland\/schweiz-fuehrt-unisex-toiletten-an-primarschulen-ein-kinder-empfinden-das-als-komisch\/#breadcrumb\",\"itemListElement\":[{\"@type\":\"ListItem\",\"position\":1,\"name\":\"Home\",\"item\":\"https:\/\/now-news.de\/de\/\"},{\"@type\":\"ListItem\",\"position\":2,\"name\":\"Schweiz f\u00fchrt Unisex-Toiletten an Primarschulen ein \u2013 Kinder empfinden das als komisch\"}]},{\"@type\":\"WebSite\",\"@id\":\"https:\/\/now-news.de\/de\/#website\",\"url\":\"https:\/\/now-news.de\/de\/\",\"name\":\"just-now.NEWS Deutschland\",\"description\":\"Das Portal f\u00fcr unzensierte Nachrichten aus der Welt\",\"publisher\":{\"@id\":\"https:\/\/now-news.de\/de\/#organization\"},\"potentialAction\":[{\"@type\":\"SearchAction\",\"target\":{\"@type\":\"EntryPoint\",\"urlTemplate\":\"https:\/\/now-news.de\/de\/?s={search_term_string}\"},\"query-input\":\"required name=search_term_string\"}],\"inLanguage\":\"de\"},{\"@type\":\"Organization\",\"@id\":\"https:\/\/now-news.de\/de\/#organization\",\"name\":\"Just Now News\",\"url\":\"https:\/\/now-news.de\/de\/\",\"logo\":{\"@type\":\"ImageObject\",\"inLanguage\":\"de\",\"@id\":\"https:\/\/now-news.de\/de\/#\/schema\/logo\/image\/\",\"url\":\"http:\/\/just-now.news\/de\/wp-content\/uploads\/sites\/3\/2022\/04\/logo500x500.jpg\",\"contentUrl\":\"http:\/\/just-now.news\/de\/wp-content\/uploads\/sites\/3\/2022\/04\/logo500x500.jpg\",\"width\":500,\"height\":500,\"caption\":\"Just Now News\"},\"image\":{\"@id\":\"https:\/\/now-news.de\/de\/#\/schema\/logo\/image\/\"},\"sameAs\":[\"https:\/\/www.facebook.com\/wirmachenauf\",\"https:\/\/x.com\/WirMachenAuf_de\"]},{\"@type\":\"Person\",\"@id\":\"https:\/\/now-news.de\/de\/#\/schema\/person\/fb534a4e865501d8b3285208df34a9b5\",\"name\":\"rtnews\",\"image\":{\"@type\":\"ImageObject\",\"inLanguage\":\"de\",\"@id\":\"https:\/\/now-news.de\/de\/#\/schema\/person\/image\/\",\"url\":\"https:\/\/secure.gravatar.com\/avatar\/82aafea7d8127119dd649515f56e2117?s=96&d=mm&r=g\",\"contentUrl\":\"https:\/\/secure.gravatar.com\/avatar\/82aafea7d8127119dd649515f56e2117?s=96&d=mm&r=g\",\"caption\":\"rtnews\"},\"url\":\"https:\/\/now-news.de\/de\/author\/rnews\/\"}]}<\/script>\n<!-- \/ Yoast SEO Premium plugin. -->","yoast_head_json":{"title":"Schweiz f\u00fchrt Unisex-Toiletten an Primarschulen ein \u2013 Kinder empfinden das als komisch - just-now.NEWS Deutschland","robots":{"index":"index","follow":"follow","max-snippet":"max-snippet:-1","max-image-preview":"max-image-preview:large","max-video-preview":"max-video-preview:-1"},"canonical":"https:\/\/now-news.de\/de\/deutschland\/schweiz-fuehrt-unisex-toiletten-an-primarschulen-ein-kinder-empfinden-das-als-komisch\/","og_locale":"de_DE","og_type":"article","og_title":"Schweiz f\u00fchrt Unisex-Toiletten an Primarschulen ein \u2013 Kinder empfinden das als komisch","og_description":"In der Schweiz (Monthey) sorgt das neue Primarschulgeb\u00e4ude, eine SP-Initiative, f\u00fcr rote K\u00f6pfe: Kinder von 4 bis 12 Jahren nutzen dort ausschlie\u00dflich geschlechtsneutrale Toiletten. Viele Eltern kritisieren, dass sie vorher nicht dar\u00fcber informiert wurden. SP-Stadtr\u00e4tin Aferdita Bogiqi betont, dass noch Zeit ben\u00f6tigt werde. In Monthey sorgt das neue Primarschulgeb\u00e4ude Mabillon 5 f\u00fcr Diskussionen, da es [&hellip;]","og_url":"https:\/\/now-news.de\/de\/deutschland\/schweiz-fuehrt-unisex-toiletten-an-primarschulen-ein-kinder-empfinden-das-als-komisch\/","og_site_name":"just-now.NEWS Deutschland","article_publisher":"https:\/\/www.facebook.com\/wirmachenauf","article_published_time":"2025-09-19T13:32:16+00:00","og_image":[{"url":"https:\/\/now-news.de\/de\/wp-content\/uploads\/sites\/3\/2025\/09\/68cd4cdcb480cc09626c9ade.png"}],"author":"rtnews","twitter_card":"summary_large_image","twitter_creator":"@WirMachenAuf_de","twitter_site":"@WirMachenAuf_de","twitter_misc":{"Verfasst von":"rtnews","Gesch\u00e4tzte Lesezeit":"2\u00a0Minuten"},"schema":{"@context":"https:\/\/schema.org","@graph":[{"@type":"Article","@id":"https:\/\/now-news.de\/de\/deutschland\/schweiz-fuehrt-unisex-toiletten-an-primarschulen-ein-kinder-empfinden-das-als-komisch\/#article","isPartOf":{"@id":"https:\/\/now-news.de\/de\/deutschland\/schweiz-fuehrt-unisex-toiletten-an-primarschulen-ein-kinder-empfinden-das-als-komisch\/"},"author":{"name":"rtnews","@id":"https:\/\/now-news.de\/de\/#\/schema\/person\/fb534a4e865501d8b3285208df34a9b5"},"headline":"Schweiz f\u00fchrt Unisex-Toiletten an Primarschulen ein \u2013 Kinder empfinden das als komisch","datePublished":"2025-09-19T13:32:16+00:00","dateModified":"2025-09-19T13:32:16+00:00","mainEntityOfPage":{"@id":"https:\/\/now-news.de\/de\/deutschland\/schweiz-fuehrt-unisex-toiletten-an-primarschulen-ein-kinder-empfinden-das-als-komisch\/"},"wordCount":361,"commentCount":0,"publisher":{"@id":"https:\/\/now-news.de\/de\/#organization"},"image":{"@id":"https:\/\/now-news.de\/de\/deutschland\/schweiz-fuehrt-unisex-toiletten-an-primarschulen-ein-kinder-empfinden-das-als-komisch\/#primaryimage"},"thumbnailUrl":"https:\/\/now-news.de\/de\/wp-content\/uploads\/sites\/3\/2025\/09\/Schweiz-fuehrt-Unisex-Toiletten-an-Primarschulen-ein-\u2013-Kinder-empfinden-das.png","keywords":["als","das","ein","empfinden","f\u00fchrt","Kinder","komisch","Primarschulen","schweiz","UnisexToiletten"],"articleSection":["Deutschland","Russland"],"inLanguage":"de","potentialAction":[{"@type":"CommentAction","name":"Comment","target":["https:\/\/now-news.de\/de\/deutschland\/schweiz-fuehrt-unisex-toiletten-an-primarschulen-ein-kinder-empfinden-das-als-komisch\/#respond"]}]},{"@type":"WebPage","@id":"https:\/\/now-news.de\/de\/deutschland\/schweiz-fuehrt-unisex-toiletten-an-primarschulen-ein-kinder-empfinden-das-als-komisch\/","url":"https:\/\/now-news.de\/de\/deutschland\/schweiz-fuehrt-unisex-toiletten-an-primarschulen-ein-kinder-empfinden-das-als-komisch\/","name":"Schweiz f\u00fchrt Unisex-Toiletten an Primarschulen ein \u2013 Kinder empfinden das als komisch - just-now.NEWS Deutschland","isPartOf":{"@id":"https:\/\/now-news.de\/de\/#website"},"primaryImageOfPage":{"@id":"https:\/\/now-news.de\/de\/deutschland\/schweiz-fuehrt-unisex-toiletten-an-primarschulen-ein-kinder-empfinden-das-als-komisch\/#primaryimage"},"image":{"@id":"https:\/\/now-news.de\/de\/deutschland\/schweiz-fuehrt-unisex-toiletten-an-primarschulen-ein-kinder-empfinden-das-als-komisch\/#primaryimage"},"thumbnailUrl":"https:\/\/now-news.de\/de\/wp-content\/uploads\/sites\/3\/2025\/09\/Schweiz-fuehrt-Unisex-Toiletten-an-Primarschulen-ein-\u2013-Kinder-empfinden-das.png","datePublished":"2025-09-19T13:32:16+00:00","dateModified":"2025-09-19T13:32:16+00:00","breadcrumb":{"@id":"https:\/\/now-news.de\/de\/deutschland\/schweiz-fuehrt-unisex-toiletten-an-primarschulen-ein-kinder-empfinden-das-als-komisch\/#breadcrumb"},"inLanguage":"de","potentialAction":[{"@type":"ReadAction","target":["https:\/\/now-news.de\/de\/deutschland\/schweiz-fuehrt-unisex-toiletten-an-primarschulen-ein-kinder-empfinden-das-als-komisch\/"]}]},{"@type":"ImageObject","inLanguage":"de","@id":"https:\/\/now-news.de\/de\/deutschland\/schweiz-fuehrt-unisex-toiletten-an-primarschulen-ein-kinder-empfinden-das-als-komisch\/#primaryimage","url":"https:\/\/now-news.de\/de\/wp-content\/uploads\/sites\/3\/2025\/09\/Schweiz-fuehrt-Unisex-Toiletten-an-Primarschulen-ein-\u2013-Kinder-empfinden-das.png","contentUrl":"https:\/\/now-news.de\/de\/wp-content\/uploads\/sites\/3\/2025\/09\/Schweiz-fuehrt-Unisex-Toiletten-an-Primarschulen-ein-\u2013-Kinder-empfinden-das.png","width":460,"height":259,"caption":"Schweiz f\u00fchrt Unisex-Toiletten an Primarschulen ein \u2013 Kinder empfinden das als komisch"},{"@type":"BreadcrumbList","@id":"https:\/\/now-news.de\/de\/deutschland\/schweiz-fuehrt-unisex-toiletten-an-primarschulen-ein-kinder-empfinden-das-als-komisch\/#breadcrumb","itemListElement":[{"@type":"ListItem","position":1,"name":"Home","item":"https:\/\/now-news.de\/de\/"},{"@type":"ListItem","position":2,"name":"Schweiz f\u00fchrt Unisex-Toiletten an Primarschulen ein \u2013 Kinder empfinden das als komisch"}]},{"@type":"WebSite","@id":"https:\/\/now-news.de\/de\/#website","url":"https:\/\/now-news.de\/de\/","name":"just-now.NEWS Deutschland","description":"Das Portal f\u00fcr unzensierte Nachrichten aus der Welt","publisher":{"@id":"https:\/\/now-news.de\/de\/#organization"},"potentialAction":[{"@type":"SearchAction","target":{"@type":"EntryPoint","urlTemplate":"https:\/\/now-news.de\/de\/?s={search_term_string}"},"query-input":"required name=search_term_string"}],"inLanguage":"de"},{"@type":"Organization","@id":"https:\/\/now-news.de\/de\/#organization","name":"Just Now News","url":"https:\/\/now-news.de\/de\/","logo":{"@type":"ImageObject","inLanguage":"de","@id":"https:\/\/now-news.de\/de\/#\/schema\/logo\/image\/","url":"http:\/\/just-now.news\/de\/wp-content\/uploads\/sites\/3\/2022\/04\/logo500x500.jpg","contentUrl":"http:\/\/just-now.news\/de\/wp-content\/uploads\/sites\/3\/2022\/04\/logo500x500.jpg","width":500,"height":500,"caption":"Just Now News"},"image":{"@id":"https:\/\/now-news.de\/de\/#\/schema\/logo\/image\/"},"sameAs":["https:\/\/www.facebook.com\/wirmachenauf","https:\/\/x.com\/WirMachenAuf_de"]},{"@type":"Person","@id":"https:\/\/now-news.de\/de\/#\/schema\/person\/fb534a4e865501d8b3285208df34a9b5","name":"rtnews","image":{"@type":"ImageObject","inLanguage":"de","@id":"https:\/\/now-news.de\/de\/#\/schema\/person\/image\/","url":"https:\/\/secure.gravatar.com\/avatar\/82aafea7d8127119dd649515f56e2117?s=96&d=mm&r=g","contentUrl":"https:\/\/secure.gravatar.com\/avatar\/82aafea7d8127119dd649515f56e2117?s=96&d=mm&r=g","caption":"rtnews"},"url":"https:\/\/now-news.de\/de\/author\/rnews\/"}]}},"_links":{"self":[{"href":"https:\/\/now-news.de\/de\/wp-json\/wp\/v2\/posts\/90824"}],"collection":[{"href":"https:\/\/now-news.de\/de\/wp-json\/wp\/v2\/posts"}],"about":[{"href":"https:\/\/now-news.de\/de\/wp-json\/wp\/v2\/types\/post"}],"author":[{"embeddable":true,"href":"https:\/\/now-news.de\/de\/wp-json\/wp\/v2\/users\/3"}],"replies":[{"embeddable":true,"href":"https:\/\/now-news.de\/de\/wp-json\/wp\/v2\/comments?post=90824"}],"version-history":[{"count":0,"href":"https:\/\/now-news.de\/de\/wp-json\/wp\/v2\/posts\/90824\/revisions"}],"wp:featuredmedia":[{"embeddable":true,"href":"https:\/\/now-news.de\/de\/wp-json\/wp\/v2\/media\/90825"}],"wp:attachment":[{"href":"https:\/\/now-news.de\/de\/wp-json\/wp\/v2\/media?parent=90824"}],"wp:term":[{"taxonomy":"category","embeddable":true,"href":"https:\/\/now-news.de\/de\/wp-json\/wp\/v2\/categories?post=90824"},{"taxonomy":"post_tag","embeddable":true,"href":"https:\/\/now-news.de\/de\/wp-json\/wp\/v2\/tags?post=90824"}],"curies":[{"name":"wp","href":"https:\/\/api.w.org\/{rel}","templated":true}]}}