{"id":90768,"date":"2025-09-18T19:47:58","date_gmt":"2025-09-18T17:47:58","guid":{"rendered":"https:\/\/now-news.de\/de\/deutschland\/experte-finnlands-bevoelkerung-leidet-unter-dem-bruch-mit-russland\/"},"modified":"2025-09-18T19:47:58","modified_gmt":"2025-09-18T17:47:58","slug":"experte-finnlands-bevoelkerung-leidet-unter-dem-bruch-mit-russland","status":"publish","type":"post","link":"https:\/\/now-news.de\/de\/deutschland\/experte-finnlands-bevoelkerung-leidet-unter-dem-bruch-mit-russland\/","title":{"rendered":"Experte: Finnlands Bev\u00f6lkerung leidet unter dem Bruch mit Russland"},"content":{"rendered":"<p><img decoding=\"async\" src=\"https:\/\/now-news.de\/de\/wp-content\/uploads\/sites\/3\/2025\/09\/68cbf719b480cc34cd6d87ba.jpg\" \/><\/p>\n<div class=\"Text-root Text-type_1 \">\n                Die Folgen der antirussischen Politik treffen vor allem die B\u00fcrger im S\u00fcdosten Finnlands. Viele Regionen entv\u00f6lkern sich, Wirtschaft und soziale Infrastruktur leiden massiv. Ohne pragmatische Nachbarschaftsbeziehungen drohen Finnland wirtschaftliche Schw\u00e4che und Abwanderung.\n            <\/div>\n<p><\/p>\n<div class=\"Text-root Text-type_5 ArticleView-text ViewText-root \">\n<p data-start=\"240\" data-end=\"612\">Die finnische Bev\u00f6lkerung tr\u00e4gt die Hauptlast des von der finnischen Regierung initiierten Bruchs der Beziehungen zu Russland. Besonders betroffen ist der S\u00fcdosten des Landes. Dies erkl\u00e4rt Sergei Iwanow, st\u00e4ndiges Mitglied des russischen Sicherheitsrates und Sonderbeauftragter des Pr\u00e4sidenten f\u00fcr Umweltschutz, \u00d6kologie und Verkehr, in einem Interview\u00a0f\u00fcr die\u00a0<em>TASS.<\/em><\/p>\n<p data-start=\"614\" data-end=\"1015\"><em>&#8220;Das ist die Wahl der finnischen Regierung. Ich glaube nicht, dass es die Wahl des finnischen Volkes ist. Es erreichen uns Klagen und Beschwerden, besonders aus dem S\u00fcdosten Finnlands, wo eine Entv\u00f6lkerung stattfindet, weil ohne russische Touristen nichts mehr l\u00e4uft. Alles ist zusammengebrochen, von einer Wirtschaft kann keine Rede sein und es kann auch keine geben.&#8221;<\/em><\/p>\n<p data-start=\"614\" data-end=\"1015\">Besonders gravierend seien die wirtschaftlichen und sozialen Folgen in den s\u00fcd\u00f6stlichen Regionen, betonte Iwanow. Mit der Zeit werde die finnische Gesellschaft erkennen, dass nachbarschaftliche Beziehungen zu Russland weit vorteilhafter gewesen w\u00e4ren als die derzeitige Politik der Entfremdung und Konfrontation.<\/p>\n<p>Juho Romakkaniemi, der Gesch\u00e4ftsf\u00fchrer der Zentralen Handels- und Industriekammer Finnlands, hatte bereits im August 2025 erkl\u00e4rt, dass Finnland die wirtschaftlichen Auswirkungen der Ukraine-Krise und die Folgen des Abbruchs der Handelsbeziehungen zu Russland st\u00e4rker als andere EU-L\u00e4nder gesp\u00fcrt habe.<\/p>\n<p>Auch russische Politiker haben diese Entwicklung kritisiert. So bezeichnete Dmitri Medwedew, stellvertretender Vorsitzender des russischen Sicherheitsrates, Finnland als &#8220;Antirussland-Nation&#8221; und f\u00fchrte historische Voraussetzungen sowie nationalistische Str\u00f6mungen als Gr\u00fcnde f\u00fcr diese Entwicklung an.<\/p>\n<p data-start=\"2014\" data-end=\"2509\">Iwanow erinnerte zudem an die historische Rolle Russlands nach dem Zweiten Weltkrieg. Finnland habe seine Unabh\u00e4ngigkeit &#8220;dank des wohlwollenden Verhaltens Stalins&#8221; bewahrt.\u00a0Aus demselben Grund\u00a0sei auch der finnische Milit\u00e4rf\u00fchrer Carl Gustaf Mannerheim\u00a0von der Liste der Kriegsverbrecher gestrichen worden. Mannerheim, der fr\u00fcher Offizier der Russischen Kaiserarmee war, diente l\u00e4nger in der russischen als in der finnischen Armee und wurde nach dem Krieg &#8220;zum Nationalhelden Finnlands&#8221;.<\/p>\n<p data-start=\"2511\" data-end=\"2862\">Die Konflikte zwischen Finnland und der Sowjetunion dauerten von 1939 bis 1940 sowie von 1941 bis 1944, wobei Helsinki zeitweise auf der Seite Nazi-Deutschlands stand. Der Winterkrieg endete 1944 mit einem Waffenstillstand, Teile Kareliens und weitere Regionen gingen an die UdSSR. 1947 beendete der Pariser Friedensvertrag formal den Kriegszustand.<\/p>\n<p data-start=\"137\" data-end=\"228\"><strong>L\u00e4nder, die am st\u00e4rksten unter fehlenden russischen Touristen leiden<\/strong><\/p>\n<p data-start=\"3101\" data-end=\"3301\">Finnland habe wirtschaftlich unter den Einschr\u00e4nkungen f\u00fcr russische Touristen gelitten, sei aber nicht das am st\u00e4rksten betroffene EU-Land, so der Politologe Boris Meschujuew gegen\u00fcber <em data-start=\"3287\" data-end=\"3298\">Gazeta.Ru<\/em>.<\/p>\n<p data-start=\"3303\" data-end=\"3746\"><em>&#8220;Meiner Meinung nach hat die Tschechische Republik\u00a0von den EU-L\u00e4ndern am st\u00e4rksten unter den Einschr\u00e4nkungen f\u00fcr russische Touristen gelitten. Vor den Sanktionen reisten gerade in dieses Land massenhaft russische Touristen zu den Neujahrsfeiertagen, das war fast schon ein eigener Wirtschaftszweig. Jetzt jedoch verh\u00e4lt sich Prag sowohl bei der Vergabe von Touristenvisa als auch insgesamt sehr hart gegen\u00fcber Moskau.&#8221;<\/em><\/p>\n<p data-start=\"3748\" data-end=\"3878\">Auch Bulgarien habe stark gelitten, da Russen h\u00e4ufig dorthin zum Strandurlaub\u00a0gereist seien und viele dort Immobilien erworben h\u00e4tten.<\/p>\n<p data-start=\"3880\" data-end=\"4312\"><em>&#8220;Ich denke, dass auch die italienische Wirtschaft unter dem R\u00fcckgang des Tourismus gelitten hat. Obwohl Italien weiterhin gerne Visa f\u00fcr russische Touristen ausstellt, ist ihre Zahl stark zur\u00fcckgegangen. Finnland hingegen hat eher deshalb unter den antirussischen Sanktionen gelitten, weil wir eine gemeinsame Grenze haben und die Russen oft nur kurz zum Einkaufen oder f\u00fcr ein Wochenende dorthin gefahren sind.&#8221;<\/em><\/p>\n<p data-start=\"3880\" data-end=\"4312\"><strong>Mehr zum Thema<\/strong>\u00a0<strong>&#8211;<\/strong>\u00a0<a rel=\"nofollow noopener\" target=\"_blank\" href=\"https:\/\/freedert.online\/europa\/255676-wie-russland-finnland-fuer-russophobie\/\">Wie Russland Finnland f\u00fcr Russophobie bestrafen kann<\/a><\/p>\n<div class=\"EmbedBlock-root EmbedBlock-externalVideo EmbedBlock-rumble\">\n<div class=\"VkEmbed\"><iframe class=\"lazyload\" data-src=\"https:\/\/rumble.com\/embed\/v6wu0ik\" frameborder=\"0\" width=\"853\" height=\"480\" allowfullscreen><\/iframe><\/div>\n<\/div>\n<\/div>\n<p><br \/>\n<br \/><a href=\"https:\/\/de.rt.com\/international\/256403-experte-finnlands-bevoelkerung-leidet-am-bruch-mit-russland\/\">Source link <\/a><\/p>\n","protected":false},"excerpt":{"rendered":"<p>Die Folgen der antirussischen Politik treffen vor allem die B\u00fcrger im S\u00fcdosten Finnlands. Viele Regionen entv\u00f6lkern sich, Wirtschaft und soziale Infrastruktur leiden massiv. Ohne pragmatische Nachbarschaftsbeziehungen drohen Finnland wirtschaftliche Schw\u00e4che und Abwanderung. Die finnische Bev\u00f6lkerung tr\u00e4gt die Hauptlast des von der finnischen Regierung initiierten Bruchs der Beziehungen zu Russland. Besonders betroffen ist der S\u00fcdosten des [&hellip;]<\/p>\n","protected":false},"author":3,"featured_media":90769,"comment_status":"open","ping_status":"open","sticky":false,"template":"","format":"standard","meta":{"_yoast_indexnow_last_ping":["1758218148"],"wp_automatic_camp":["217"],"9fa7d71ba9d54d7cec6ba59e809634e9":["Experte: Finnlands Bev\u00f6lkerung leidet unter dem Bruch mit Russland"],"original_link":["https:\/\/de.rt.com\/international\/256403-experte-finnlands-bevoelkerung-leidet-am-bruch-mit-russland\/"],"_thumbnail_id":["90769"],"jnews_social_counter_last_update":["1777253487"],"_wptgpro_p2tg_sent2tg":["a:1:{i:23737;s:19:\"2025-09-18 19:56:48\";}"]},"categories":[19,23],"tags":[27586,20503,134,3927,11594,20371,419,126,908],"yoast_head":"<!-- This site is optimized with the Yoast SEO Premium plugin v22.7 (Yoast SEO v22.7) - https:\/\/yoast.com\/wordpress\/plugins\/seo\/ -->\n<title>Experte: Finnlands Bev\u00f6lkerung leidet unter dem Bruch mit Russland - just-now.NEWS Deutschland<\/title>\n<meta name=\"robots\" content=\"index, follow, max-snippet:-1, max-image-preview:large, max-video-preview:-1\" \/>\n<link rel=\"canonical\" href=\"https:\/\/now-news.de\/de\/deutschland\/experte-finnlands-bevoelkerung-leidet-unter-dem-bruch-mit-russland\/\" \/>\n<meta property=\"og:locale\" content=\"de_DE\" \/>\n<meta property=\"og:type\" content=\"article\" \/>\n<meta property=\"og:title\" content=\"Experte: Finnlands Bev\u00f6lkerung leidet unter dem Bruch mit Russland\" \/>\n<meta property=\"og:description\" content=\"Die Folgen der antirussischen Politik treffen vor allem die B\u00fcrger im S\u00fcdosten Finnlands. Viele Regionen entv\u00f6lkern sich, Wirtschaft und soziale Infrastruktur leiden massiv. Ohne pragmatische Nachbarschaftsbeziehungen drohen Finnland wirtschaftliche Schw\u00e4che und Abwanderung. Die finnische Bev\u00f6lkerung tr\u00e4gt die Hauptlast des von der finnischen Regierung initiierten Bruchs der Beziehungen zu Russland. Besonders betroffen ist der S\u00fcdosten des [&hellip;]\" \/>\n<meta property=\"og:url\" content=\"https:\/\/now-news.de\/de\/deutschland\/experte-finnlands-bevoelkerung-leidet-unter-dem-bruch-mit-russland\/\" \/>\n<meta property=\"og:site_name\" content=\"just-now.NEWS Deutschland\" \/>\n<meta property=\"article:publisher\" content=\"https:\/\/www.facebook.com\/wirmachenauf\" \/>\n<meta property=\"article:published_time\" content=\"2025-09-18T17:47:58+00:00\" \/>\n<meta property=\"og:image\" content=\"https:\/\/now-news.de\/de\/wp-content\/uploads\/sites\/3\/2025\/09\/68cbf719b480cc34cd6d87ba.jpg\" \/>\n<meta name=\"author\" content=\"rtnews\" \/>\n<meta name=\"twitter:card\" content=\"summary_large_image\" \/>\n<meta name=\"twitter:creator\" content=\"@WirMachenAuf_de\" \/>\n<meta name=\"twitter:site\" content=\"@WirMachenAuf_de\" \/>\n<meta name=\"twitter:label1\" content=\"Verfasst von\" \/>\n\t<meta name=\"twitter:data1\" content=\"rtnews\" \/>\n\t<meta name=\"twitter:label2\" content=\"Gesch\u00e4tzte Lesezeit\" \/>\n\t<meta name=\"twitter:data2\" content=\"3\u00a0Minuten\" \/>\n<script type=\"application\/ld+json\" class=\"yoast-schema-graph\">{\"@context\":\"https:\/\/schema.org\",\"@graph\":[{\"@type\":\"Article\",\"@id\":\"https:\/\/now-news.de\/de\/deutschland\/experte-finnlands-bevoelkerung-leidet-unter-dem-bruch-mit-russland\/#article\",\"isPartOf\":{\"@id\":\"https:\/\/now-news.de\/de\/deutschland\/experte-finnlands-bevoelkerung-leidet-unter-dem-bruch-mit-russland\/\"},\"author\":{\"name\":\"rtnews\",\"@id\":\"https:\/\/now-news.de\/de\/#\/schema\/person\/fb534a4e865501d8b3285208df34a9b5\"},\"headline\":\"Experte: Finnlands Bev\u00f6lkerung leidet unter dem Bruch mit Russland\",\"datePublished\":\"2025-09-18T17:47:58+00:00\",\"dateModified\":\"2025-09-18T17:47:58+00:00\",\"mainEntityOfPage\":{\"@id\":\"https:\/\/now-news.de\/de\/deutschland\/experte-finnlands-bevoelkerung-leidet-unter-dem-bruch-mit-russland\/\"},\"wordCount\":600,\"commentCount\":0,\"publisher\":{\"@id\":\"https:\/\/now-news.de\/de\/#organization\"},\"image\":{\"@id\":\"https:\/\/now-news.de\/de\/deutschland\/experte-finnlands-bevoelkerung-leidet-unter-dem-bruch-mit-russland\/#primaryimage\"},\"thumbnailUrl\":\"https:\/\/now-news.de\/de\/wp-content\/uploads\/sites\/3\/2025\/09\/Experte-Finnlands-Bevoelkerung-leidet-unter-dem-Bruch-mit-Russland.jpg\",\"keywords\":[\"Bev\u00f6lkerung\",\"Bruch\",\"DEM\",\"Experte\",\"Finnlands\",\"leidet\",\"mit\",\"russland\",\"unter\"],\"articleSection\":[\"Deutschland\",\"Russland\"],\"inLanguage\":\"de\",\"potentialAction\":[{\"@type\":\"CommentAction\",\"name\":\"Comment\",\"target\":[\"https:\/\/now-news.de\/de\/deutschland\/experte-finnlands-bevoelkerung-leidet-unter-dem-bruch-mit-russland\/#respond\"]}]},{\"@type\":\"WebPage\",\"@id\":\"https:\/\/now-news.de\/de\/deutschland\/experte-finnlands-bevoelkerung-leidet-unter-dem-bruch-mit-russland\/\",\"url\":\"https:\/\/now-news.de\/de\/deutschland\/experte-finnlands-bevoelkerung-leidet-unter-dem-bruch-mit-russland\/\",\"name\":\"Experte: Finnlands Bev\u00f6lkerung leidet unter dem Bruch mit Russland - just-now.NEWS Deutschland\",\"isPartOf\":{\"@id\":\"https:\/\/now-news.de\/de\/#website\"},\"primaryImageOfPage\":{\"@id\":\"https:\/\/now-news.de\/de\/deutschland\/experte-finnlands-bevoelkerung-leidet-unter-dem-bruch-mit-russland\/#primaryimage\"},\"image\":{\"@id\":\"https:\/\/now-news.de\/de\/deutschland\/experte-finnlands-bevoelkerung-leidet-unter-dem-bruch-mit-russland\/#primaryimage\"},\"thumbnailUrl\":\"https:\/\/now-news.de\/de\/wp-content\/uploads\/sites\/3\/2025\/09\/Experte-Finnlands-Bevoelkerung-leidet-unter-dem-Bruch-mit-Russland.jpg\",\"datePublished\":\"2025-09-18T17:47:58+00:00\",\"dateModified\":\"2025-09-18T17:47:58+00:00\",\"breadcrumb\":{\"@id\":\"https:\/\/now-news.de\/de\/deutschland\/experte-finnlands-bevoelkerung-leidet-unter-dem-bruch-mit-russland\/#breadcrumb\"},\"inLanguage\":\"de\",\"potentialAction\":[{\"@type\":\"ReadAction\",\"target\":[\"https:\/\/now-news.de\/de\/deutschland\/experte-finnlands-bevoelkerung-leidet-unter-dem-bruch-mit-russland\/\"]}]},{\"@type\":\"ImageObject\",\"inLanguage\":\"de\",\"@id\":\"https:\/\/now-news.de\/de\/deutschland\/experte-finnlands-bevoelkerung-leidet-unter-dem-bruch-mit-russland\/#primaryimage\",\"url\":\"https:\/\/now-news.de\/de\/wp-content\/uploads\/sites\/3\/2025\/09\/Experte-Finnlands-Bevoelkerung-leidet-unter-dem-Bruch-mit-Russland.jpg\",\"contentUrl\":\"https:\/\/now-news.de\/de\/wp-content\/uploads\/sites\/3\/2025\/09\/Experte-Finnlands-Bevoelkerung-leidet-unter-dem-Bruch-mit-Russland.jpg\",\"width\":460,\"height\":259,\"caption\":\"Experte: Finnlands Bev\u00f6lkerung leidet unter dem Bruch mit Russland\"},{\"@type\":\"BreadcrumbList\",\"@id\":\"https:\/\/now-news.de\/de\/deutschland\/experte-finnlands-bevoelkerung-leidet-unter-dem-bruch-mit-russland\/#breadcrumb\",\"itemListElement\":[{\"@type\":\"ListItem\",\"position\":1,\"name\":\"Home\",\"item\":\"https:\/\/now-news.de\/de\/\"},{\"@type\":\"ListItem\",\"position\":2,\"name\":\"Experte: Finnlands Bev\u00f6lkerung leidet unter dem Bruch mit Russland\"}]},{\"@type\":\"WebSite\",\"@id\":\"https:\/\/now-news.de\/de\/#website\",\"url\":\"https:\/\/now-news.de\/de\/\",\"name\":\"just-now.NEWS Deutschland\",\"description\":\"Das Portal f\u00fcr unzensierte Nachrichten aus der Welt\",\"publisher\":{\"@id\":\"https:\/\/now-news.de\/de\/#organization\"},\"potentialAction\":[{\"@type\":\"SearchAction\",\"target\":{\"@type\":\"EntryPoint\",\"urlTemplate\":\"https:\/\/now-news.de\/de\/?s={search_term_string}\"},\"query-input\":\"required name=search_term_string\"}],\"inLanguage\":\"de\"},{\"@type\":\"Organization\",\"@id\":\"https:\/\/now-news.de\/de\/#organization\",\"name\":\"Just Now News\",\"url\":\"https:\/\/now-news.de\/de\/\",\"logo\":{\"@type\":\"ImageObject\",\"inLanguage\":\"de\",\"@id\":\"https:\/\/now-news.de\/de\/#\/schema\/logo\/image\/\",\"url\":\"http:\/\/just-now.news\/de\/wp-content\/uploads\/sites\/3\/2022\/04\/logo500x500.jpg\",\"contentUrl\":\"http:\/\/just-now.news\/de\/wp-content\/uploads\/sites\/3\/2022\/04\/logo500x500.jpg\",\"width\":500,\"height\":500,\"caption\":\"Just Now News\"},\"image\":{\"@id\":\"https:\/\/now-news.de\/de\/#\/schema\/logo\/image\/\"},\"sameAs\":[\"https:\/\/www.facebook.com\/wirmachenauf\",\"https:\/\/x.com\/WirMachenAuf_de\"]},{\"@type\":\"Person\",\"@id\":\"https:\/\/now-news.de\/de\/#\/schema\/person\/fb534a4e865501d8b3285208df34a9b5\",\"name\":\"rtnews\",\"image\":{\"@type\":\"ImageObject\",\"inLanguage\":\"de\",\"@id\":\"https:\/\/now-news.de\/de\/#\/schema\/person\/image\/\",\"url\":\"https:\/\/secure.gravatar.com\/avatar\/82aafea7d8127119dd649515f56e2117?s=96&d=mm&r=g\",\"contentUrl\":\"https:\/\/secure.gravatar.com\/avatar\/82aafea7d8127119dd649515f56e2117?s=96&d=mm&r=g\",\"caption\":\"rtnews\"},\"url\":\"https:\/\/now-news.de\/de\/author\/rnews\/\"}]}<\/script>\n<!-- \/ Yoast SEO Premium plugin. -->","yoast_head_json":{"title":"Experte: Finnlands Bev\u00f6lkerung leidet unter dem Bruch mit Russland - just-now.NEWS Deutschland","robots":{"index":"index","follow":"follow","max-snippet":"max-snippet:-1","max-image-preview":"max-image-preview:large","max-video-preview":"max-video-preview:-1"},"canonical":"https:\/\/now-news.de\/de\/deutschland\/experte-finnlands-bevoelkerung-leidet-unter-dem-bruch-mit-russland\/","og_locale":"de_DE","og_type":"article","og_title":"Experte: Finnlands Bev\u00f6lkerung leidet unter dem Bruch mit Russland","og_description":"Die Folgen der antirussischen Politik treffen vor allem die B\u00fcrger im S\u00fcdosten Finnlands. Viele Regionen entv\u00f6lkern sich, Wirtschaft und soziale Infrastruktur leiden massiv. Ohne pragmatische Nachbarschaftsbeziehungen drohen Finnland wirtschaftliche Schw\u00e4che und Abwanderung. Die finnische Bev\u00f6lkerung tr\u00e4gt die Hauptlast des von der finnischen Regierung initiierten Bruchs der Beziehungen zu Russland. Besonders betroffen ist der S\u00fcdosten des [&hellip;]","og_url":"https:\/\/now-news.de\/de\/deutschland\/experte-finnlands-bevoelkerung-leidet-unter-dem-bruch-mit-russland\/","og_site_name":"just-now.NEWS Deutschland","article_publisher":"https:\/\/www.facebook.com\/wirmachenauf","article_published_time":"2025-09-18T17:47:58+00:00","og_image":[{"url":"https:\/\/now-news.de\/de\/wp-content\/uploads\/sites\/3\/2025\/09\/68cbf719b480cc34cd6d87ba.jpg"}],"author":"rtnews","twitter_card":"summary_large_image","twitter_creator":"@WirMachenAuf_de","twitter_site":"@WirMachenAuf_de","twitter_misc":{"Verfasst von":"rtnews","Gesch\u00e4tzte Lesezeit":"3\u00a0Minuten"},"schema":{"@context":"https:\/\/schema.org","@graph":[{"@type":"Article","@id":"https:\/\/now-news.de\/de\/deutschland\/experte-finnlands-bevoelkerung-leidet-unter-dem-bruch-mit-russland\/#article","isPartOf":{"@id":"https:\/\/now-news.de\/de\/deutschland\/experte-finnlands-bevoelkerung-leidet-unter-dem-bruch-mit-russland\/"},"author":{"name":"rtnews","@id":"https:\/\/now-news.de\/de\/#\/schema\/person\/fb534a4e865501d8b3285208df34a9b5"},"headline":"Experte: Finnlands Bev\u00f6lkerung leidet unter dem Bruch mit Russland","datePublished":"2025-09-18T17:47:58+00:00","dateModified":"2025-09-18T17:47:58+00:00","mainEntityOfPage":{"@id":"https:\/\/now-news.de\/de\/deutschland\/experte-finnlands-bevoelkerung-leidet-unter-dem-bruch-mit-russland\/"},"wordCount":600,"commentCount":0,"publisher":{"@id":"https:\/\/now-news.de\/de\/#organization"},"image":{"@id":"https:\/\/now-news.de\/de\/deutschland\/experte-finnlands-bevoelkerung-leidet-unter-dem-bruch-mit-russland\/#primaryimage"},"thumbnailUrl":"https:\/\/now-news.de\/de\/wp-content\/uploads\/sites\/3\/2025\/09\/Experte-Finnlands-Bevoelkerung-leidet-unter-dem-Bruch-mit-Russland.jpg","keywords":["Bev\u00f6lkerung","Bruch","DEM","Experte","Finnlands","leidet","mit","russland","unter"],"articleSection":["Deutschland","Russland"],"inLanguage":"de","potentialAction":[{"@type":"CommentAction","name":"Comment","target":["https:\/\/now-news.de\/de\/deutschland\/experte-finnlands-bevoelkerung-leidet-unter-dem-bruch-mit-russland\/#respond"]}]},{"@type":"WebPage","@id":"https:\/\/now-news.de\/de\/deutschland\/experte-finnlands-bevoelkerung-leidet-unter-dem-bruch-mit-russland\/","url":"https:\/\/now-news.de\/de\/deutschland\/experte-finnlands-bevoelkerung-leidet-unter-dem-bruch-mit-russland\/","name":"Experte: Finnlands Bev\u00f6lkerung leidet unter dem Bruch mit Russland - just-now.NEWS Deutschland","isPartOf":{"@id":"https:\/\/now-news.de\/de\/#website"},"primaryImageOfPage":{"@id":"https:\/\/now-news.de\/de\/deutschland\/experte-finnlands-bevoelkerung-leidet-unter-dem-bruch-mit-russland\/#primaryimage"},"image":{"@id":"https:\/\/now-news.de\/de\/deutschland\/experte-finnlands-bevoelkerung-leidet-unter-dem-bruch-mit-russland\/#primaryimage"},"thumbnailUrl":"https:\/\/now-news.de\/de\/wp-content\/uploads\/sites\/3\/2025\/09\/Experte-Finnlands-Bevoelkerung-leidet-unter-dem-Bruch-mit-Russland.jpg","datePublished":"2025-09-18T17:47:58+00:00","dateModified":"2025-09-18T17:47:58+00:00","breadcrumb":{"@id":"https:\/\/now-news.de\/de\/deutschland\/experte-finnlands-bevoelkerung-leidet-unter-dem-bruch-mit-russland\/#breadcrumb"},"inLanguage":"de","potentialAction":[{"@type":"ReadAction","target":["https:\/\/now-news.de\/de\/deutschland\/experte-finnlands-bevoelkerung-leidet-unter-dem-bruch-mit-russland\/"]}]},{"@type":"ImageObject","inLanguage":"de","@id":"https:\/\/now-news.de\/de\/deutschland\/experte-finnlands-bevoelkerung-leidet-unter-dem-bruch-mit-russland\/#primaryimage","url":"https:\/\/now-news.de\/de\/wp-content\/uploads\/sites\/3\/2025\/09\/Experte-Finnlands-Bevoelkerung-leidet-unter-dem-Bruch-mit-Russland.jpg","contentUrl":"https:\/\/now-news.de\/de\/wp-content\/uploads\/sites\/3\/2025\/09\/Experte-Finnlands-Bevoelkerung-leidet-unter-dem-Bruch-mit-Russland.jpg","width":460,"height":259,"caption":"Experte: Finnlands Bev\u00f6lkerung leidet unter dem Bruch mit Russland"},{"@type":"BreadcrumbList","@id":"https:\/\/now-news.de\/de\/deutschland\/experte-finnlands-bevoelkerung-leidet-unter-dem-bruch-mit-russland\/#breadcrumb","itemListElement":[{"@type":"ListItem","position":1,"name":"Home","item":"https:\/\/now-news.de\/de\/"},{"@type":"ListItem","position":2,"name":"Experte: Finnlands Bev\u00f6lkerung leidet unter dem Bruch mit Russland"}]},{"@type":"WebSite","@id":"https:\/\/now-news.de\/de\/#website","url":"https:\/\/now-news.de\/de\/","name":"just-now.NEWS Deutschland","description":"Das Portal f\u00fcr unzensierte Nachrichten aus der Welt","publisher":{"@id":"https:\/\/now-news.de\/de\/#organization"},"potentialAction":[{"@type":"SearchAction","target":{"@type":"EntryPoint","urlTemplate":"https:\/\/now-news.de\/de\/?s={search_term_string}"},"query-input":"required name=search_term_string"}],"inLanguage":"de"},{"@type":"Organization","@id":"https:\/\/now-news.de\/de\/#organization","name":"Just Now News","url":"https:\/\/now-news.de\/de\/","logo":{"@type":"ImageObject","inLanguage":"de","@id":"https:\/\/now-news.de\/de\/#\/schema\/logo\/image\/","url":"http:\/\/just-now.news\/de\/wp-content\/uploads\/sites\/3\/2022\/04\/logo500x500.jpg","contentUrl":"http:\/\/just-now.news\/de\/wp-content\/uploads\/sites\/3\/2022\/04\/logo500x500.jpg","width":500,"height":500,"caption":"Just Now News"},"image":{"@id":"https:\/\/now-news.de\/de\/#\/schema\/logo\/image\/"},"sameAs":["https:\/\/www.facebook.com\/wirmachenauf","https:\/\/x.com\/WirMachenAuf_de"]},{"@type":"Person","@id":"https:\/\/now-news.de\/de\/#\/schema\/person\/fb534a4e865501d8b3285208df34a9b5","name":"rtnews","image":{"@type":"ImageObject","inLanguage":"de","@id":"https:\/\/now-news.de\/de\/#\/schema\/person\/image\/","url":"https:\/\/secure.gravatar.com\/avatar\/82aafea7d8127119dd649515f56e2117?s=96&d=mm&r=g","contentUrl":"https:\/\/secure.gravatar.com\/avatar\/82aafea7d8127119dd649515f56e2117?s=96&d=mm&r=g","caption":"rtnews"},"url":"https:\/\/now-news.de\/de\/author\/rnews\/"}]}},"_links":{"self":[{"href":"https:\/\/now-news.de\/de\/wp-json\/wp\/v2\/posts\/90768"}],"collection":[{"href":"https:\/\/now-news.de\/de\/wp-json\/wp\/v2\/posts"}],"about":[{"href":"https:\/\/now-news.de\/de\/wp-json\/wp\/v2\/types\/post"}],"author":[{"embeddable":true,"href":"https:\/\/now-news.de\/de\/wp-json\/wp\/v2\/users\/3"}],"replies":[{"embeddable":true,"href":"https:\/\/now-news.de\/de\/wp-json\/wp\/v2\/comments?post=90768"}],"version-history":[{"count":0,"href":"https:\/\/now-news.de\/de\/wp-json\/wp\/v2\/posts\/90768\/revisions"}],"wp:featuredmedia":[{"embeddable":true,"href":"https:\/\/now-news.de\/de\/wp-json\/wp\/v2\/media\/90769"}],"wp:attachment":[{"href":"https:\/\/now-news.de\/de\/wp-json\/wp\/v2\/media?parent=90768"}],"wp:term":[{"taxonomy":"category","embeddable":true,"href":"https:\/\/now-news.de\/de\/wp-json\/wp\/v2\/categories?post=90768"},{"taxonomy":"post_tag","embeddable":true,"href":"https:\/\/now-news.de\/de\/wp-json\/wp\/v2\/tags?post=90768"}],"curies":[{"name":"wp","href":"https:\/\/api.w.org\/{rel}","templated":true}]}}