{"id":9068,"date":"2022-05-28T11:07:33","date_gmt":"2022-05-28T09:07:33","guid":{"rendered":"http:\/\/just-now.news\/de\/deutschland\/arbeits-und-sozialminister-heil-will-klimageld-fuer-menschen-mit-einkommen-unter-4-000-euro-brutto\/"},"modified":"2022-05-28T11:07:33","modified_gmt":"2022-05-28T09:07:33","slug":"arbeits-und-sozialminister-heil-will-klimageld-fuer-menschen-mit-einkommen-unter-4-000-euro-brutto","status":"publish","type":"post","link":"https:\/\/now-news.de\/de\/deutschland\/arbeits-und-sozialminister-heil-will-klimageld-fuer-menschen-mit-einkommen-unter-4-000-euro-brutto\/","title":{"rendered":"Arbeits- und Sozialminister Heil will &quot;Klimageld&quot; f\u00fcr Menschen mit Einkommen unter 4.000 Euro brutto"},"content":{"rendered":"<p><img decoding=\"async\" src=\"http:\/\/just-now.news\/de\/wp-content\/uploads\/sites\/3\/2022\/05\/6291c81548fbef1c113d1674.jpg\" \/><\/p>\n<div class=\"Text-root Text-type_1 \">\n                Die Preise f\u00fcr Energie und Lebensmittel sind in den vergangenen Monaten so rasant angestiegen wie nie. Die Teuerung belastet vor allem Haushalte mit geringem und mittlerem Einkommen. Der Bundesminister f\u00fcr Arbeit und Soziales Hubertus Heil will nun zur Entlastung ein &#8220;soziales Klimageld&#8221; einf\u00fchren.\n            <\/div>\n<p><\/p>\n<div class=\"Text-root Text-type_5 ArticleView-text ViewText-root \">\n<p>Seit Monaten steigen die Kosten f\u00fcr Lebensmittel. Den Daten des Statistischen Bundesamtes <a rel=\"nofollow noopener\" target=\"_blank\" href=\"https:\/\/www.destatis.de\/DE\/Presse\/Pressemitteilungen\/2022\/05\/PD22_196_611.html#:~:text=Die%20Preise%20f%C3%BCr%20Nahrungsmittel%20erh%C3%B6hten,wurden%20bei%20allen%20Nahrungsmittelgruppen%20ermittelt.\">zufolge liegt<\/a> der Preisanstieg von April 2021 zu April 2022 bei 8,6 Prozent. Demnach seien diese Preissteigerungen bei allen Nahrungsmittelgruppen ermittelt worden. Auch die Energiekosten schie\u00dfen in die H\u00f6he. Noch nie zuvor waren Strom, Heizen und Tanken so teuer.<\/p>\n<p>Laut dem Statistischen Bundesamt lagen die Preise f\u00fcr Energieprodukte\u00a0im April 2022 &#8220;um 35,3 Prozent \u00fcber dem Niveau des Vorjahresmonats&#8221;. Der Preisauftrieb sei von mehreren Faktoren beeinflusst worden. Neben den kriegs- und krisenbedingten Effekten habe auch die zu Jahresbeginn angehobene gesetzliche CO2-Abgabe\u00a0von 25 Euro auf 30 Euro pro Tonne CO2 Auswirkungen auf den Preisanstieg.<\/p>\n<p>Die Teuerung belastet vor allem Haushalte mit geringem und mittleren Einkommen. Der Bundesminister f\u00fcr Arbeit und Soziales Hubertus Heil will nun handeln. Der SPD-Politiker will\u00a0ein &#8220;soziales Klimageld&#8221; f\u00fcr Menschen mit einem monatlichen Bruttoeinkommen unter 4.000 Euro einf\u00fchren. Den Zeitungen der <em>Funke-Mediengruppe s<\/em>agte Heil:\u00a0&#8220;Wir m\u00fcssen eine Antwort geben, \u00fcber das jetzige Entlastungspaket hinaus.&#8221; Der SPD-Politiker erg\u00e4nzte:<\/p>\n<blockquote>\n<p><em>&#8220;Ich bin der festen \u00dcberzeugung, dass wir dauerhafte und gezielte Entlastungen f\u00fcr alle mit geringen und mittleren Einkommen brauchen: Arbeitnehmerinnen und Arbeitnehmer, Rentnerinnen und Rentner, Studierende und Auszubildende. Und darum will ich mit der Einf\u00fchrung eines sozialen Klimageldes daf\u00fcr sorgen, dass ein sozialer Ausgleich stattfindet.&#8221;<\/em><\/p>\n<\/blockquote>\n<p>Das &#8220;Klimageld&#8221; soll nach dem Willen des Ministers als eine feste Summe einmal im Jahr ausgezahlt werden und &#8220;Menschen zugutekommen, die als Alleinstehende weniger als 4.000 Euro brutto und als Verheiratete zusammen weniger als 8.000 Euro brutto im Monat verdienen&#8221;. \u00dcber die genaue Staffelung und den Umfang sei in der Koalition noch zu sprechen.<\/p>\n<p>Im Interview mit der <em>Funke Mediengruppe<\/em>\u00a0betonte der Bundesminister:<\/p>\n<blockquote>\n<p><em>&#8220;F\u00fcr Gutverdiener sind hohe Preise auch eine \u00e4rgerliche Sache, aber sie k\u00f6nnen damit umgehen. Die Ressourcen des Staates sind begrenzt. Daher sollten wir das Klimageld nicht mit der Gie\u00dfkanne an alle ausgeben.&#8221;<\/em><\/p>\n<\/blockquote>\n<p>Heil erg\u00e4nzte: &#8220;F\u00fcr mich als Sozialminister ist wichtig, dass wir dieses Klimageld sozial gestaffelt ausgestalten \u2013 nach dem Prinzip: diejenigen, die es am n\u00f6tigsten brauchen, bekommen am meisten. Diejenigen, die es nicht so n\u00f6tig brauchen, bekommen etwas. Und diejenigen, die viel verdienen, bekommen nichts.&#8221;<\/p>\n<p>Ihm sei es auch wichtig, dass das Klimageld schneller eingef\u00fchrt werde, &#8220;als sich mancher in der Koalition das vorstellt&#8221;, so Heil.<\/p>\n<blockquote>\n<p><em>&#8220;Wenn es technisch m\u00f6glich ist, sollten wir das soziale Klimageld zum 1. Januar 2023 umsetzen. Falls das nicht gelingt, m\u00fcssen wir mit \u00fcberbr\u00fcckenden Einmalzahlungen arbeiten.&#8221;<\/em><\/p>\n<\/blockquote>\n<p>Au\u00dferdem solle auch das neue &#8220;B\u00fcrgergeld&#8221; zum 1. Januar eingef\u00fchrt werden. Dazu sagte Heil: &#8220;Mein Vorschlag ist, dass wir etwa bei Familienhaushalten die unteren 30 statt der unteren 20 Prozent der Einkommen als Grundlage nehmen. Damit k\u00f6nnen wir erreichen, dass die Regels\u00e4tze im B\u00fcrgergeld pro Person und Monat in etwa um 40 bis 50 Euro h\u00f6her sein werden als in der Grundsicherung. Das entspricht einer Steigerung von etwa 10 Prozent. Das finde ich vern\u00fcnftig.&#8221;<\/p>\n<p><strong>Mehr zum Thema<\/strong> &#8211; <a rel=\"nofollow noopener\" target=\"_blank\" href=\"https:\/\/rtde.team\/meinung\/139375-armenbashing-wie-medien-und-politiker\/\">Armenbashing: Wie Medien und Politiker auf das teilweise Aussetzen der Hartz-IV-Sanktionen reagieren<\/a><\/p>\n<\/div>\n<p><br \/>\n<br \/><a href=\"https:\/\/de.rt.com\/inland\/139600-sozialminister-heil-will-klimageld-fur\/\">Source link <\/a><\/p>\n","protected":false},"excerpt":{"rendered":"<p>Die Preise f\u00fcr Energie und Lebensmittel sind in den vergangenen Monaten so rasant angestiegen wie nie. Die Teuerung belastet vor allem Haushalte mit geringem und mittlerem Einkommen. Der Bundesminister f\u00fcr Arbeit und Soziales Hubertus Heil will nun zur Entlastung ein &#8220;soziales Klimageld&#8221; einf\u00fchren. Seit Monaten steigen die Kosten f\u00fcr Lebensmittel. Den Daten des Statistischen Bundesamtes [&hellip;]<\/p>\n","protected":false},"author":3,"featured_media":9069,"comment_status":"open","ping_status":"open","sticky":false,"template":"","format":"standard","meta":{"wp_automatic_camp":["217"],"652f4555693570654b6a7cbfd64e9d22":["Arbeits- und Sozialminister Heil will &quot;Klimageld&quot; f\u00fcr Menschen mit Einkommen unter 4.000 Euro brutto"],"original_link":["https:\/\/de.rt.com\/inland\/139600-sozialminister-heil-will-klimageld-fur\/"],"_thumbnail_id":["9069"],"jnews_social_counter_last_update":["1777552314"]},"categories":[19,23],"tags":[22138,22141,503,1005,221,188,1378,419,22140,22139,140,908],"yoast_head":"<!-- This site is optimized with the Yoast SEO Premium plugin v22.7 (Yoast SEO v22.7) - https:\/\/yoast.com\/wordpress\/plugins\/seo\/ -->\n<title>Arbeits- und Sozialminister Heil will &quot;Klimageld&quot; f\u00fcr Menschen mit Einkommen unter 4.000 Euro brutto - just-now.NEWS Deutschland<\/title>\n<meta name=\"robots\" content=\"index, follow, max-snippet:-1, max-image-preview:large, max-video-preview:-1\" \/>\n<link rel=\"canonical\" href=\"https:\/\/now-news.de\/de\/deutschland\/arbeits-und-sozialminister-heil-will-klimageld-fuer-menschen-mit-einkommen-unter-4-000-euro-brutto\/\" \/>\n<meta property=\"og:locale\" content=\"de_DE\" \/>\n<meta property=\"og:type\" content=\"article\" \/>\n<meta property=\"og:title\" content=\"Arbeits- und Sozialminister Heil will &quot;Klimageld&quot; f\u00fcr Menschen mit Einkommen unter 4.000 Euro brutto\" \/>\n<meta property=\"og:description\" content=\"Die Preise f\u00fcr Energie und Lebensmittel sind in den vergangenen Monaten so rasant angestiegen wie nie. Die Teuerung belastet vor allem Haushalte mit geringem und mittlerem Einkommen. Der Bundesminister f\u00fcr Arbeit und Soziales Hubertus Heil will nun zur Entlastung ein &#8220;soziales Klimageld&#8221; einf\u00fchren. Seit Monaten steigen die Kosten f\u00fcr Lebensmittel. Den Daten des Statistischen Bundesamtes [&hellip;]\" \/>\n<meta property=\"og:url\" content=\"https:\/\/now-news.de\/de\/deutschland\/arbeits-und-sozialminister-heil-will-klimageld-fuer-menschen-mit-einkommen-unter-4-000-euro-brutto\/\" \/>\n<meta property=\"og:site_name\" content=\"just-now.NEWS Deutschland\" \/>\n<meta property=\"article:publisher\" content=\"https:\/\/www.facebook.com\/wirmachenauf\" \/>\n<meta property=\"article:published_time\" content=\"2022-05-28T09:07:33+00:00\" \/>\n<meta property=\"og:image\" content=\"https:\/\/now-news.de\/de\/wp-content\/uploads\/sites\/3\/2022\/05\/Arbeits-und-Sozialminister-Heil-will-quotKlimageldquot-fuer-Menschen-mit-Einkommen.jpg\" \/>\n\t<meta property=\"og:image:width\" content=\"460\" \/>\n\t<meta property=\"og:image:height\" content=\"259\" \/>\n\t<meta property=\"og:image:type\" content=\"image\/jpeg\" \/>\n<meta name=\"author\" content=\"rtnews\" \/>\n<meta name=\"twitter:card\" content=\"summary_large_image\" \/>\n<meta name=\"twitter:creator\" content=\"@WirMachenAuf_de\" \/>\n<meta name=\"twitter:site\" content=\"@WirMachenAuf_de\" \/>\n<meta name=\"twitter:label1\" content=\"Verfasst von\" \/>\n\t<meta name=\"twitter:data1\" content=\"rtnews\" \/>\n\t<meta name=\"twitter:label2\" content=\"Gesch\u00e4tzte Lesezeit\" \/>\n\t<meta name=\"twitter:data2\" content=\"3\u00a0Minuten\" \/>\n<script type=\"application\/ld+json\" class=\"yoast-schema-graph\">{\"@context\":\"https:\/\/schema.org\",\"@graph\":[{\"@type\":\"Article\",\"@id\":\"https:\/\/now-news.de\/de\/deutschland\/arbeits-und-sozialminister-heil-will-klimageld-fuer-menschen-mit-einkommen-unter-4-000-euro-brutto\/#article\",\"isPartOf\":{\"@id\":\"https:\/\/now-news.de\/de\/deutschland\/arbeits-und-sozialminister-heil-will-klimageld-fuer-menschen-mit-einkommen-unter-4-000-euro-brutto\/\"},\"author\":{\"name\":\"rtnews\",\"@id\":\"https:\/\/now-news.de\/de\/#\/schema\/person\/fb534a4e865501d8b3285208df34a9b5\"},\"headline\":\"Arbeits- und Sozialminister Heil will &quot;Klimageld&quot; f\u00fcr Menschen mit Einkommen unter 4.000 Euro brutto\",\"datePublished\":\"2022-05-28T09:07:33+00:00\",\"dateModified\":\"2022-05-28T09:07:33+00:00\",\"mainEntityOfPage\":{\"@id\":\"https:\/\/now-news.de\/de\/deutschland\/arbeits-und-sozialminister-heil-will-klimageld-fuer-menschen-mit-einkommen-unter-4-000-euro-brutto\/\"},\"wordCount\":561,\"commentCount\":0,\"publisher\":{\"@id\":\"https:\/\/now-news.de\/de\/#organization\"},\"image\":{\"@id\":\"https:\/\/now-news.de\/de\/deutschland\/arbeits-und-sozialminister-heil-will-klimageld-fuer-menschen-mit-einkommen-unter-4-000-euro-brutto\/#primaryimage\"},\"thumbnailUrl\":\"https:\/\/now-news.de\/de\/wp-content\/uploads\/sites\/3\/2022\/05\/Arbeits-und-Sozialminister-Heil-will-quotKlimageldquot-fuer-Menschen-mit-Einkommen.jpg\",\"keywords\":[\"Arbeits\",\"brutto\",\"einkommen\",\"Euro\",\"f\u00fcr\",\"Heil\",\"Menschen\",\"mit\",\"quotKlimageldquot\",\"Sozialminister\",\"und\",\"unter\"],\"articleSection\":[\"Deutschland\",\"Russland\"],\"inLanguage\":\"de\",\"potentialAction\":[{\"@type\":\"CommentAction\",\"name\":\"Comment\",\"target\":[\"https:\/\/now-news.de\/de\/deutschland\/arbeits-und-sozialminister-heil-will-klimageld-fuer-menschen-mit-einkommen-unter-4-000-euro-brutto\/#respond\"]}]},{\"@type\":\"WebPage\",\"@id\":\"https:\/\/now-news.de\/de\/deutschland\/arbeits-und-sozialminister-heil-will-klimageld-fuer-menschen-mit-einkommen-unter-4-000-euro-brutto\/\",\"url\":\"https:\/\/now-news.de\/de\/deutschland\/arbeits-und-sozialminister-heil-will-klimageld-fuer-menschen-mit-einkommen-unter-4-000-euro-brutto\/\",\"name\":\"Arbeits- und Sozialminister Heil will &quot;Klimageld&quot; f\u00fcr Menschen mit Einkommen unter 4.000 Euro brutto - just-now.NEWS Deutschland\",\"isPartOf\":{\"@id\":\"https:\/\/now-news.de\/de\/#website\"},\"primaryImageOfPage\":{\"@id\":\"https:\/\/now-news.de\/de\/deutschland\/arbeits-und-sozialminister-heil-will-klimageld-fuer-menschen-mit-einkommen-unter-4-000-euro-brutto\/#primaryimage\"},\"image\":{\"@id\":\"https:\/\/now-news.de\/de\/deutschland\/arbeits-und-sozialminister-heil-will-klimageld-fuer-menschen-mit-einkommen-unter-4-000-euro-brutto\/#primaryimage\"},\"thumbnailUrl\":\"https:\/\/now-news.de\/de\/wp-content\/uploads\/sites\/3\/2022\/05\/Arbeits-und-Sozialminister-Heil-will-quotKlimageldquot-fuer-Menschen-mit-Einkommen.jpg\",\"datePublished\":\"2022-05-28T09:07:33+00:00\",\"dateModified\":\"2022-05-28T09:07:33+00:00\",\"breadcrumb\":{\"@id\":\"https:\/\/now-news.de\/de\/deutschland\/arbeits-und-sozialminister-heil-will-klimageld-fuer-menschen-mit-einkommen-unter-4-000-euro-brutto\/#breadcrumb\"},\"inLanguage\":\"de\",\"potentialAction\":[{\"@type\":\"ReadAction\",\"target\":[\"https:\/\/now-news.de\/de\/deutschland\/arbeits-und-sozialminister-heil-will-klimageld-fuer-menschen-mit-einkommen-unter-4-000-euro-brutto\/\"]}]},{\"@type\":\"ImageObject\",\"inLanguage\":\"de\",\"@id\":\"https:\/\/now-news.de\/de\/deutschland\/arbeits-und-sozialminister-heil-will-klimageld-fuer-menschen-mit-einkommen-unter-4-000-euro-brutto\/#primaryimage\",\"url\":\"https:\/\/now-news.de\/de\/wp-content\/uploads\/sites\/3\/2022\/05\/Arbeits-und-Sozialminister-Heil-will-quotKlimageldquot-fuer-Menschen-mit-Einkommen.jpg\",\"contentUrl\":\"https:\/\/now-news.de\/de\/wp-content\/uploads\/sites\/3\/2022\/05\/Arbeits-und-Sozialminister-Heil-will-quotKlimageldquot-fuer-Menschen-mit-Einkommen.jpg\",\"width\":460,\"height\":259,\"caption\":\"Arbeits- und Sozialminister Heil will &quot;Klimageld&quot; f\u00fcr Menschen mit Einkommen unter 4.000 Euro brutto\"},{\"@type\":\"BreadcrumbList\",\"@id\":\"https:\/\/now-news.de\/de\/deutschland\/arbeits-und-sozialminister-heil-will-klimageld-fuer-menschen-mit-einkommen-unter-4-000-euro-brutto\/#breadcrumb\",\"itemListElement\":[{\"@type\":\"ListItem\",\"position\":1,\"name\":\"Home\",\"item\":\"https:\/\/now-news.de\/de\/\"},{\"@type\":\"ListItem\",\"position\":2,\"name\":\"Arbeits- und Sozialminister Heil will &quot;Klimageld&quot; f\u00fcr Menschen mit Einkommen unter 4.000 Euro brutto\"}]},{\"@type\":\"WebSite\",\"@id\":\"https:\/\/now-news.de\/de\/#website\",\"url\":\"https:\/\/now-news.de\/de\/\",\"name\":\"just-now.NEWS Deutschland\",\"description\":\"Das Portal f\u00fcr unzensierte Nachrichten aus der Welt\",\"publisher\":{\"@id\":\"https:\/\/now-news.de\/de\/#organization\"},\"potentialAction\":[{\"@type\":\"SearchAction\",\"target\":{\"@type\":\"EntryPoint\",\"urlTemplate\":\"https:\/\/now-news.de\/de\/?s={search_term_string}\"},\"query-input\":\"required name=search_term_string\"}],\"inLanguage\":\"de\"},{\"@type\":\"Organization\",\"@id\":\"https:\/\/now-news.de\/de\/#organization\",\"name\":\"Just Now News\",\"url\":\"https:\/\/now-news.de\/de\/\",\"logo\":{\"@type\":\"ImageObject\",\"inLanguage\":\"de\",\"@id\":\"https:\/\/now-news.de\/de\/#\/schema\/logo\/image\/\",\"url\":\"http:\/\/just-now.news\/de\/wp-content\/uploads\/sites\/3\/2022\/04\/logo500x500.jpg\",\"contentUrl\":\"http:\/\/just-now.news\/de\/wp-content\/uploads\/sites\/3\/2022\/04\/logo500x500.jpg\",\"width\":500,\"height\":500,\"caption\":\"Just Now News\"},\"image\":{\"@id\":\"https:\/\/now-news.de\/de\/#\/schema\/logo\/image\/\"},\"sameAs\":[\"https:\/\/www.facebook.com\/wirmachenauf\",\"https:\/\/x.com\/WirMachenAuf_de\"]},{\"@type\":\"Person\",\"@id\":\"https:\/\/now-news.de\/de\/#\/schema\/person\/fb534a4e865501d8b3285208df34a9b5\",\"name\":\"rtnews\",\"image\":{\"@type\":\"ImageObject\",\"inLanguage\":\"de\",\"@id\":\"https:\/\/now-news.de\/de\/#\/schema\/person\/image\/\",\"url\":\"https:\/\/secure.gravatar.com\/avatar\/82aafea7d8127119dd649515f56e2117?s=96&d=mm&r=g\",\"contentUrl\":\"https:\/\/secure.gravatar.com\/avatar\/82aafea7d8127119dd649515f56e2117?s=96&d=mm&r=g\",\"caption\":\"rtnews\"},\"url\":\"https:\/\/now-news.de\/de\/author\/rnews\/\"}]}<\/script>\n<!-- \/ Yoast SEO Premium plugin. -->","yoast_head_json":{"title":"Arbeits- und Sozialminister Heil will &quot;Klimageld&quot; f\u00fcr Menschen mit Einkommen unter 4.000 Euro brutto - just-now.NEWS Deutschland","robots":{"index":"index","follow":"follow","max-snippet":"max-snippet:-1","max-image-preview":"max-image-preview:large","max-video-preview":"max-video-preview:-1"},"canonical":"https:\/\/now-news.de\/de\/deutschland\/arbeits-und-sozialminister-heil-will-klimageld-fuer-menschen-mit-einkommen-unter-4-000-euro-brutto\/","og_locale":"de_DE","og_type":"article","og_title":"Arbeits- und Sozialminister Heil will &quot;Klimageld&quot; f\u00fcr Menschen mit Einkommen unter 4.000 Euro brutto","og_description":"Die Preise f\u00fcr Energie und Lebensmittel sind in den vergangenen Monaten so rasant angestiegen wie nie. Die Teuerung belastet vor allem Haushalte mit geringem und mittlerem Einkommen. Der Bundesminister f\u00fcr Arbeit und Soziales Hubertus Heil will nun zur Entlastung ein &#8220;soziales Klimageld&#8221; einf\u00fchren. Seit Monaten steigen die Kosten f\u00fcr Lebensmittel. Den Daten des Statistischen Bundesamtes [&hellip;]","og_url":"https:\/\/now-news.de\/de\/deutschland\/arbeits-und-sozialminister-heil-will-klimageld-fuer-menschen-mit-einkommen-unter-4-000-euro-brutto\/","og_site_name":"just-now.NEWS Deutschland","article_publisher":"https:\/\/www.facebook.com\/wirmachenauf","article_published_time":"2022-05-28T09:07:33+00:00","og_image":[{"width":460,"height":259,"url":"https:\/\/now-news.de\/de\/wp-content\/uploads\/sites\/3\/2022\/05\/Arbeits-und-Sozialminister-Heil-will-quotKlimageldquot-fuer-Menschen-mit-Einkommen.jpg","type":"image\/jpeg"}],"author":"rtnews","twitter_card":"summary_large_image","twitter_creator":"@WirMachenAuf_de","twitter_site":"@WirMachenAuf_de","twitter_misc":{"Verfasst von":"rtnews","Gesch\u00e4tzte Lesezeit":"3\u00a0Minuten"},"schema":{"@context":"https:\/\/schema.org","@graph":[{"@type":"Article","@id":"https:\/\/now-news.de\/de\/deutschland\/arbeits-und-sozialminister-heil-will-klimageld-fuer-menschen-mit-einkommen-unter-4-000-euro-brutto\/#article","isPartOf":{"@id":"https:\/\/now-news.de\/de\/deutschland\/arbeits-und-sozialminister-heil-will-klimageld-fuer-menschen-mit-einkommen-unter-4-000-euro-brutto\/"},"author":{"name":"rtnews","@id":"https:\/\/now-news.de\/de\/#\/schema\/person\/fb534a4e865501d8b3285208df34a9b5"},"headline":"Arbeits- und Sozialminister Heil will &quot;Klimageld&quot; f\u00fcr Menschen mit Einkommen unter 4.000 Euro brutto","datePublished":"2022-05-28T09:07:33+00:00","dateModified":"2022-05-28T09:07:33+00:00","mainEntityOfPage":{"@id":"https:\/\/now-news.de\/de\/deutschland\/arbeits-und-sozialminister-heil-will-klimageld-fuer-menschen-mit-einkommen-unter-4-000-euro-brutto\/"},"wordCount":561,"commentCount":0,"publisher":{"@id":"https:\/\/now-news.de\/de\/#organization"},"image":{"@id":"https:\/\/now-news.de\/de\/deutschland\/arbeits-und-sozialminister-heil-will-klimageld-fuer-menschen-mit-einkommen-unter-4-000-euro-brutto\/#primaryimage"},"thumbnailUrl":"https:\/\/now-news.de\/de\/wp-content\/uploads\/sites\/3\/2022\/05\/Arbeits-und-Sozialminister-Heil-will-quotKlimageldquot-fuer-Menschen-mit-Einkommen.jpg","keywords":["Arbeits","brutto","einkommen","Euro","f\u00fcr","Heil","Menschen","mit","quotKlimageldquot","Sozialminister","und","unter"],"articleSection":["Deutschland","Russland"],"inLanguage":"de","potentialAction":[{"@type":"CommentAction","name":"Comment","target":["https:\/\/now-news.de\/de\/deutschland\/arbeits-und-sozialminister-heil-will-klimageld-fuer-menschen-mit-einkommen-unter-4-000-euro-brutto\/#respond"]}]},{"@type":"WebPage","@id":"https:\/\/now-news.de\/de\/deutschland\/arbeits-und-sozialminister-heil-will-klimageld-fuer-menschen-mit-einkommen-unter-4-000-euro-brutto\/","url":"https:\/\/now-news.de\/de\/deutschland\/arbeits-und-sozialminister-heil-will-klimageld-fuer-menschen-mit-einkommen-unter-4-000-euro-brutto\/","name":"Arbeits- und Sozialminister Heil will &quot;Klimageld&quot; f\u00fcr Menschen mit Einkommen unter 4.000 Euro brutto - just-now.NEWS Deutschland","isPartOf":{"@id":"https:\/\/now-news.de\/de\/#website"},"primaryImageOfPage":{"@id":"https:\/\/now-news.de\/de\/deutschland\/arbeits-und-sozialminister-heil-will-klimageld-fuer-menschen-mit-einkommen-unter-4-000-euro-brutto\/#primaryimage"},"image":{"@id":"https:\/\/now-news.de\/de\/deutschland\/arbeits-und-sozialminister-heil-will-klimageld-fuer-menschen-mit-einkommen-unter-4-000-euro-brutto\/#primaryimage"},"thumbnailUrl":"https:\/\/now-news.de\/de\/wp-content\/uploads\/sites\/3\/2022\/05\/Arbeits-und-Sozialminister-Heil-will-quotKlimageldquot-fuer-Menschen-mit-Einkommen.jpg","datePublished":"2022-05-28T09:07:33+00:00","dateModified":"2022-05-28T09:07:33+00:00","breadcrumb":{"@id":"https:\/\/now-news.de\/de\/deutschland\/arbeits-und-sozialminister-heil-will-klimageld-fuer-menschen-mit-einkommen-unter-4-000-euro-brutto\/#breadcrumb"},"inLanguage":"de","potentialAction":[{"@type":"ReadAction","target":["https:\/\/now-news.de\/de\/deutschland\/arbeits-und-sozialminister-heil-will-klimageld-fuer-menschen-mit-einkommen-unter-4-000-euro-brutto\/"]}]},{"@type":"ImageObject","inLanguage":"de","@id":"https:\/\/now-news.de\/de\/deutschland\/arbeits-und-sozialminister-heil-will-klimageld-fuer-menschen-mit-einkommen-unter-4-000-euro-brutto\/#primaryimage","url":"https:\/\/now-news.de\/de\/wp-content\/uploads\/sites\/3\/2022\/05\/Arbeits-und-Sozialminister-Heil-will-quotKlimageldquot-fuer-Menschen-mit-Einkommen.jpg","contentUrl":"https:\/\/now-news.de\/de\/wp-content\/uploads\/sites\/3\/2022\/05\/Arbeits-und-Sozialminister-Heil-will-quotKlimageldquot-fuer-Menschen-mit-Einkommen.jpg","width":460,"height":259,"caption":"Arbeits- und Sozialminister Heil will &quot;Klimageld&quot; f\u00fcr Menschen mit Einkommen unter 4.000 Euro brutto"},{"@type":"BreadcrumbList","@id":"https:\/\/now-news.de\/de\/deutschland\/arbeits-und-sozialminister-heil-will-klimageld-fuer-menschen-mit-einkommen-unter-4-000-euro-brutto\/#breadcrumb","itemListElement":[{"@type":"ListItem","position":1,"name":"Home","item":"https:\/\/now-news.de\/de\/"},{"@type":"ListItem","position":2,"name":"Arbeits- und Sozialminister Heil will &quot;Klimageld&quot; f\u00fcr Menschen mit Einkommen unter 4.000 Euro brutto"}]},{"@type":"WebSite","@id":"https:\/\/now-news.de\/de\/#website","url":"https:\/\/now-news.de\/de\/","name":"just-now.NEWS Deutschland","description":"Das Portal f\u00fcr unzensierte Nachrichten aus der Welt","publisher":{"@id":"https:\/\/now-news.de\/de\/#organization"},"potentialAction":[{"@type":"SearchAction","target":{"@type":"EntryPoint","urlTemplate":"https:\/\/now-news.de\/de\/?s={search_term_string}"},"query-input":"required name=search_term_string"}],"inLanguage":"de"},{"@type":"Organization","@id":"https:\/\/now-news.de\/de\/#organization","name":"Just Now News","url":"https:\/\/now-news.de\/de\/","logo":{"@type":"ImageObject","inLanguage":"de","@id":"https:\/\/now-news.de\/de\/#\/schema\/logo\/image\/","url":"http:\/\/just-now.news\/de\/wp-content\/uploads\/sites\/3\/2022\/04\/logo500x500.jpg","contentUrl":"http:\/\/just-now.news\/de\/wp-content\/uploads\/sites\/3\/2022\/04\/logo500x500.jpg","width":500,"height":500,"caption":"Just Now News"},"image":{"@id":"https:\/\/now-news.de\/de\/#\/schema\/logo\/image\/"},"sameAs":["https:\/\/www.facebook.com\/wirmachenauf","https:\/\/x.com\/WirMachenAuf_de"]},{"@type":"Person","@id":"https:\/\/now-news.de\/de\/#\/schema\/person\/fb534a4e865501d8b3285208df34a9b5","name":"rtnews","image":{"@type":"ImageObject","inLanguage":"de","@id":"https:\/\/now-news.de\/de\/#\/schema\/person\/image\/","url":"https:\/\/secure.gravatar.com\/avatar\/82aafea7d8127119dd649515f56e2117?s=96&d=mm&r=g","contentUrl":"https:\/\/secure.gravatar.com\/avatar\/82aafea7d8127119dd649515f56e2117?s=96&d=mm&r=g","caption":"rtnews"},"url":"https:\/\/now-news.de\/de\/author\/rnews\/"}]}},"_links":{"self":[{"href":"https:\/\/now-news.de\/de\/wp-json\/wp\/v2\/posts\/9068"}],"collection":[{"href":"https:\/\/now-news.de\/de\/wp-json\/wp\/v2\/posts"}],"about":[{"href":"https:\/\/now-news.de\/de\/wp-json\/wp\/v2\/types\/post"}],"author":[{"embeddable":true,"href":"https:\/\/now-news.de\/de\/wp-json\/wp\/v2\/users\/3"}],"replies":[{"embeddable":true,"href":"https:\/\/now-news.de\/de\/wp-json\/wp\/v2\/comments?post=9068"}],"version-history":[{"count":0,"href":"https:\/\/now-news.de\/de\/wp-json\/wp\/v2\/posts\/9068\/revisions"}],"wp:featuredmedia":[{"embeddable":true,"href":"https:\/\/now-news.de\/de\/wp-json\/wp\/v2\/media\/9069"}],"wp:attachment":[{"href":"https:\/\/now-news.de\/de\/wp-json\/wp\/v2\/media?parent=9068"}],"wp:term":[{"taxonomy":"category","embeddable":true,"href":"https:\/\/now-news.de\/de\/wp-json\/wp\/v2\/categories?post=9068"},{"taxonomy":"post_tag","embeddable":true,"href":"https:\/\/now-news.de\/de\/wp-json\/wp\/v2\/tags?post=9068"}],"curies":[{"name":"wp","href":"https:\/\/api.w.org\/{rel}","templated":true}]}}