{"id":9064,"date":"2022-05-28T10:38:07","date_gmt":"2022-05-28T08:38:07","guid":{"rendered":"http:\/\/just-now.news\/de\/deutschland\/politikwissenschaftler-muenkler-haben-mit-ukrainekrieg-hoehepunkt-unseres-wohlstands-ueberschritten\/"},"modified":"2022-05-28T10:38:07","modified_gmt":"2022-05-28T08:38:07","slug":"politikwissenschaftler-muenkler-haben-mit-ukrainekrieg-hoehepunkt-unseres-wohlstands-ueberschritten","status":"publish","type":"post","link":"https:\/\/now-news.de\/de\/deutschland\/politikwissenschaftler-muenkler-haben-mit-ukrainekrieg-hoehepunkt-unseres-wohlstands-ueberschritten\/","title":{"rendered":"Politikwissenschaftler M\u00fcnkler:  Haben mit Ukrainekrieg H\u00f6hepunkt unseres Wohlstands \u00fcberschritten"},"content":{"rendered":"<p><img decoding=\"async\" src=\"http:\/\/just-now.news\/de\/wp-content\/uploads\/sites\/3\/2022\/05\/6291b0bcb480cc58b41886c6.jpg\" \/><\/p>\n<p>Der Politikwissenschaftler Herfried M\u00fcnkler gilt als einer der wichtigsten Intellektuellen der Bundesrepublik und als regierungsnah. Im Interview mit der\u00a0<em>Welt<\/em>\u00a0<a rel=\"nofollow noopener\" target=\"_blank\" href=\"https:\/\/www.welt.de\/kultur\/literarischewelt\/plus238979149\/Herfried-Muenkler-Die-Ukraine-steht-im-Begriff-den-Krieg-zu-verlieren.html\">sprach<\/a> er am Donnerstag einige f\u00fcr die Bundesregierung und die hiesigen B\u00fcrger unbequeme Wahrheiten bez\u00fcglich des Ukraine-Krieges und seiner Folgen aus.<\/p>\n<p>M\u00fcnkler wurde auch mit Aussagen des Transatlantikers und Lobbyisten Ralf F\u00fccks konfrontiert, dem Initiator eines offenen Briefes, der Waffenlieferungen Deutschlands an die Ukraine fordert. \u00dcber M\u00fcnkler bemerkte F\u00fccks abf\u00e4llig, dieser habe &#8220;den teilnahmslosen Blick eines Ameisenforschers&#8221; auf den Krieg und reduziere internationale Politik auf einen &#8220;Mechanismus von Macht&#8221;. Darauf erwiderte der 70-J\u00e4hrige:<\/p>\n<blockquote>\n<p><em>&#8220;Ich habe mich in dem Interview als Wissenschaftler ge\u00e4u\u00dfert, der unterschiedliche Szenarien des zu erwartenden oder m\u00f6glichen Ausgangs dieses Krieges dargestellt hat. Und dabei ist ein starker Bezug auf eigene Empathie oder eigene politische Pr\u00e4ferenzen eher st\u00f6rend. Wenn einige glauben, sie k\u00f6nnten auf der Grundlage eines einzigen Interviews, das sie von seiner Intention und Anlage her nicht erfasst haben, Urteile f\u00e4llen, dann ist das ihr Problem.<\/em><br \/><em><\/em><\/p>\n<p><em>W\u00e4re ich Kampagnenmacher wie Herr F\u00fccks, dann h\u00e4tte ich mich anders ge\u00e4u\u00dfert: Ich h\u00e4tte alles vergessen, was ich \u00fcber die suggestive Kraft von Bildern geschrieben habe, \u00fcber die Bedeutung von Emotionen bei politischen Entscheidungen, \u00fcber die damit verbundene Form der Blickfeldverengung. Insofern f\u00fchle ich mich von der Kritik nicht getroffen, sondern betrachte diese und andere \u00c4u\u00dferungen als einen weiteren Ausdruck defizit\u00e4ren strategischen Denkens in Deutschland.&#8221;<\/em><\/p>\n<\/blockquote>\n<p>Zur Rolle der Ampel und insbesondere der Gr\u00fcnen und der Kanzlerpartei SPD meinte M\u00fcnkler:<\/p>\n<blockquote>\n<p><em>&#8220;Es ist ja sichtbar, dass zum allgemeinen Erstaunen die aus einem forcierten Pazifismus hervorgegangene Partei der Gr\u00fcnen hier mit Verve eine entschiedene Position entwickelt hat, was freilich nicht mehr ganz so \u00fcberraschend ist, wenn man bedenkt, dass wir sie so \u00e4hnlich schon einmal beim damaligen Vizekanzler Joschka Fischer in der Frage eines Eingreifens in die jugoslawischen Zerfallskriege gesehen haben. Wohingegen in Teilen der Sozialdemokratie, die ich als Partei sicherlich von innen am besten kenne, ein Sentimentalpazifismus vorherrscht.&#8221;<\/em><\/p>\n<\/blockquote>\n<p>Auf die Frage, ob seine SPD-N\u00e4he &#8220;nicht durch die Russlandpolitik der Partei, Stichworte Gerhard Schr\u00f6der, Manuela Schwesig und Nord Stream 2, ersch\u00fcttert [wurde]&#8221;, antwortet M\u00fcnkler s\u00fcffisant:<\/p>\n<blockquote>\n<p><em>&#8220;Sie meinen das Projekt, Russland, das aus der Konkursmasse der Sowjetunion als eine tendenziell revisionistische Macht hervorgegangen ist, in eine europ\u00e4ische Friedensordnung durch wirtschaftliche Verflechtung einzubinden und obendrein durch den \u00d6l-Gas-Deal den Industriestandort Deutschland zu sichern? Es war dies ein Projekt, das den Wohlstand in diesem Land gesichert hat. Wir erleben jetzt, dass wir den H\u00f6hepunkt unseres Wohlstands auf Jahre, wenn nicht Jahrzehnte hin \u00fcberschritten haben.&#8221;<\/em><\/p>\n<\/blockquote>\n<p>F\u00fcr den Professor gibt es nach wie vor politische Einflusssph\u00e4ren, die s\u00e4mtliche Gro\u00dfm\u00e4chte, die USA, China und eben auch Russland haben. In diesem Kontext betont M\u00fcnkler:<\/p>\n<blockquote>\n<p><em>&#8220;Nur politische Traumt\u00e4nzer leugnen die Realit\u00e4t von Einflusszonen.&#8221;<\/em><\/p>\n<\/blockquote>\n<p>Zentral ist f\u00fcr M\u00fcnkler die Frage, wer die Kontrolle \u00fcber das Schwarze Meer hat. Neben der T\u00fcrkei sieht er hier auch Begehren der USA:<\/p>\n<blockquote>\n<p><em>&#8220;Wer Geopolitik oder Geostrategie in einer historischen Perspektive betrachtet, kennt das Problem Schwarzes Meer mitsamt den Landengen zwischen Bosporus und Dardanellen. Aus westlicher und auch US-amerikanischer Sicht ist das jetzt ein Problem wegen der von Ihnen angesprochenen Exporte von Weizen und damit letzten Endes der Frage von Hungersn\u00f6ten in aller Welt.&#8221;<\/em><\/p>\n<\/blockquote>\n<p>Neue dadurch entstehende Fluchtwellen \u2013 die zuletzt vor allem durch die Kriege der USA in Afghanistan, Libyen oder dem Irak verursacht wurden \u2013 k\u00f6nnten durchaus Teil eines Kalk\u00fcls sein, so M\u00fcnkler. Er meint:<\/p>\n<blockquote>\n<p><em>&#8220;Wenn man \u00fcberlegt, dass Hungersn\u00f6te Migrationsstr\u00f6me generieren und diese Migrationsstr\u00f6me aus nachvollziehbaren Gr\u00fcnden nicht nach Russland gehen, sondern eher nach Europa, sind sie mit ziemlicher Wahrscheinlichkeit ein Bestandteil der Strategie Putins zur Destabilisierung Europas. Denn er kann mit guten Gr\u00fcnden davon ausgehen, dass Migrationsstr\u00f6me, wenn sie nicht aus der Ukraine kommen, eher destruktiv auf den Zusammenhalt der Europ\u00e4er wirken.&#8221;<\/em><\/p>\n<\/blockquote>\n<p>Am Ende des Interviews fasst M\u00fcnkler die aktuelle Situation in der Ukraine folgenderma\u00dfen zusammen:<\/p>\n<blockquote>\n<p><em>&#8220;Es kommt jetzt darauf an, politisch daf\u00fcr zu sorgen, dass der Widerstand der Ukrainer in den ersten 90 Tagen dieses Krieges nicht vergeblich gewesen ist. Denn nachdem zeitweilig eine gewisse Euphorie geherrscht hat, die Ukraine k\u00f6nne diesen Krieg gewinnen und sogar die Russen aus der ganzen Ukraine vertreiben, stellt sich der Krieg jetzt f\u00fcr die Ukraine sehr schwierig dar. Sie steht im Begriff, ihn zu verlieren.&#8221;<\/em><\/p>\n<\/blockquote>\n<p><strong>Mehr zum Thema<\/strong><em> &#8211; <\/em><a rel=\"nofollow noopener\" target=\"_blank\" href=\"https:\/\/rtde.site\/inland\/123804-herfried-munkler-merkel\/\">Prof. Herfried M\u00fcnkler \u00fcber Angela Merkel: &#8220;Gl\u00fccksfall f\u00fcr die deutsche Geschichte&#8221;<\/a><\/p>\n<\/p>\n<p><br \/>\n<br \/><a href=\"https:\/\/de.rt.com\/inland\/139567-muenkler-ueber-folgen-des-ukraine-kriegs-haben-hoehepunkt-wohlstands-ueberschritten\/\">Source link <\/a><\/p>\n","protected":false},"excerpt":{"rendered":"<p>Der Politikwissenschaftler Herfried M\u00fcnkler gilt als einer der wichtigsten Intellektuellen der Bundesrepublik und als regierungsnah. Im Interview mit der\u00a0Welt\u00a0sprach er am Donnerstag einige f\u00fcr die Bundesregierung und die hiesigen B\u00fcrger unbequeme Wahrheiten bez\u00fcglich des Ukraine-Krieges und seiner Folgen aus. M\u00fcnkler wurde auch mit Aussagen des Transatlantikers und Lobbyisten Ralf F\u00fccks konfrontiert, dem Initiator eines offenen [&hellip;]<\/p>\n","protected":false},"author":3,"featured_media":9065,"comment_status":"open","ping_status":"open","sticky":false,"template":"","format":"standard","meta":{"wp_automatic_camp":["217"],"fa9778a0acdb591fb552ddebfb340b0b":["Politikwissenschaftler M\u00fcnkler:  Haben mit Ukrainekrieg H\u00f6hepunkt unseres Wohlstands \u00fcberschritten"],"original_link":["https:\/\/de.rt.com\/inland\/139567-muenkler-ueber-folgen-des-ukraine-kriegs-haben-hoehepunkt-wohlstands-ueberschritten\/"],"_thumbnail_id":["9065"],"jnews_social_counter_last_update":["1777259507"]},"categories":[19,23],"tags":[771,22134,419,22133,22132,22135,566,18599,20259],"yoast_head":"<!-- This site is optimized with the Yoast SEO Premium plugin v22.7 (Yoast SEO v22.7) - https:\/\/yoast.com\/wordpress\/plugins\/seo\/ -->\n<title>Politikwissenschaftler M\u00fcnkler: Haben mit Ukrainekrieg H\u00f6hepunkt unseres Wohlstands \u00fcberschritten - just-now.NEWS Deutschland<\/title>\n<meta name=\"robots\" content=\"index, follow, max-snippet:-1, max-image-preview:large, max-video-preview:-1\" \/>\n<link rel=\"canonical\" href=\"https:\/\/now-news.de\/de\/deutschland\/politikwissenschaftler-muenkler-haben-mit-ukrainekrieg-hoehepunkt-unseres-wohlstands-ueberschritten\/\" \/>\n<meta property=\"og:locale\" content=\"de_DE\" \/>\n<meta property=\"og:type\" content=\"article\" \/>\n<meta property=\"og:title\" content=\"Politikwissenschaftler M\u00fcnkler: Haben mit Ukrainekrieg H\u00f6hepunkt unseres Wohlstands \u00fcberschritten\" \/>\n<meta property=\"og:description\" content=\"Der Politikwissenschaftler Herfried M\u00fcnkler gilt als einer der wichtigsten Intellektuellen der Bundesrepublik und als regierungsnah. Im Interview mit der\u00a0Welt\u00a0sprach er am Donnerstag einige f\u00fcr die Bundesregierung und die hiesigen B\u00fcrger unbequeme Wahrheiten bez\u00fcglich des Ukraine-Krieges und seiner Folgen aus. M\u00fcnkler wurde auch mit Aussagen des Transatlantikers und Lobbyisten Ralf F\u00fccks konfrontiert, dem Initiator eines offenen [&hellip;]\" \/>\n<meta property=\"og:url\" content=\"https:\/\/now-news.de\/de\/deutschland\/politikwissenschaftler-muenkler-haben-mit-ukrainekrieg-hoehepunkt-unseres-wohlstands-ueberschritten\/\" \/>\n<meta property=\"og:site_name\" content=\"just-now.NEWS Deutschland\" \/>\n<meta property=\"article:publisher\" content=\"https:\/\/www.facebook.com\/wirmachenauf\" \/>\n<meta property=\"article:published_time\" content=\"2022-05-28T08:38:07+00:00\" \/>\n<meta property=\"og:image\" content=\"https:\/\/now-news.de\/de\/wp-content\/uploads\/sites\/3\/2022\/05\/Politikwissenschaftler-Muenkler-Haben-mit-Ukrainekrieg-Hoehepunkt-unseres-Wohlstands-ueberschritten.jpg\" \/>\n\t<meta property=\"og:image:width\" content=\"460\" \/>\n\t<meta property=\"og:image:height\" content=\"259\" \/>\n\t<meta property=\"og:image:type\" content=\"image\/jpeg\" \/>\n<meta name=\"author\" content=\"rtnews\" \/>\n<meta name=\"twitter:card\" content=\"summary_large_image\" \/>\n<meta name=\"twitter:creator\" content=\"@WirMachenAuf_de\" \/>\n<meta name=\"twitter:site\" content=\"@WirMachenAuf_de\" \/>\n<meta name=\"twitter:label1\" content=\"Verfasst von\" \/>\n\t<meta name=\"twitter:data1\" content=\"rtnews\" \/>\n\t<meta name=\"twitter:label2\" content=\"Gesch\u00e4tzte Lesezeit\" \/>\n\t<meta name=\"twitter:data2\" content=\"4\u00a0Minuten\" \/>\n<script type=\"application\/ld+json\" class=\"yoast-schema-graph\">{\"@context\":\"https:\/\/schema.org\",\"@graph\":[{\"@type\":\"Article\",\"@id\":\"https:\/\/now-news.de\/de\/deutschland\/politikwissenschaftler-muenkler-haben-mit-ukrainekrieg-hoehepunkt-unseres-wohlstands-ueberschritten\/#article\",\"isPartOf\":{\"@id\":\"https:\/\/now-news.de\/de\/deutschland\/politikwissenschaftler-muenkler-haben-mit-ukrainekrieg-hoehepunkt-unseres-wohlstands-ueberschritten\/\"},\"author\":{\"name\":\"rtnews\",\"@id\":\"https:\/\/now-news.de\/de\/#\/schema\/person\/fb534a4e865501d8b3285208df34a9b5\"},\"headline\":\"Politikwissenschaftler M\u00fcnkler: Haben mit Ukrainekrieg H\u00f6hepunkt unseres Wohlstands \u00fcberschritten\",\"datePublished\":\"2022-05-28T08:38:07+00:00\",\"dateModified\":\"2022-05-28T08:38:07+00:00\",\"mainEntityOfPage\":{\"@id\":\"https:\/\/now-news.de\/de\/deutschland\/politikwissenschaftler-muenkler-haben-mit-ukrainekrieg-hoehepunkt-unseres-wohlstands-ueberschritten\/\"},\"wordCount\":779,\"commentCount\":0,\"publisher\":{\"@id\":\"https:\/\/now-news.de\/de\/#organization\"},\"image\":{\"@id\":\"https:\/\/now-news.de\/de\/deutschland\/politikwissenschaftler-muenkler-haben-mit-ukrainekrieg-hoehepunkt-unseres-wohlstands-ueberschritten\/#primaryimage\"},\"thumbnailUrl\":\"https:\/\/now-news.de\/de\/wp-content\/uploads\/sites\/3\/2022\/05\/Politikwissenschaftler-Muenkler-Haben-mit-Ukrainekrieg-Hoehepunkt-unseres-Wohlstands-ueberschritten.jpg\",\"keywords\":[\"haben\",\"H\u00f6hepunkt\",\"mit\",\"M\u00fcnkler\",\"Politikwissenschaftler\",\"\u00fcberschritten\",\"UkraineKrieg\",\"unseres\",\"Wohlstands\"],\"articleSection\":[\"Deutschland\",\"Russland\"],\"inLanguage\":\"de\",\"potentialAction\":[{\"@type\":\"CommentAction\",\"name\":\"Comment\",\"target\":[\"https:\/\/now-news.de\/de\/deutschland\/politikwissenschaftler-muenkler-haben-mit-ukrainekrieg-hoehepunkt-unseres-wohlstands-ueberschritten\/#respond\"]}]},{\"@type\":\"WebPage\",\"@id\":\"https:\/\/now-news.de\/de\/deutschland\/politikwissenschaftler-muenkler-haben-mit-ukrainekrieg-hoehepunkt-unseres-wohlstands-ueberschritten\/\",\"url\":\"https:\/\/now-news.de\/de\/deutschland\/politikwissenschaftler-muenkler-haben-mit-ukrainekrieg-hoehepunkt-unseres-wohlstands-ueberschritten\/\",\"name\":\"Politikwissenschaftler M\u00fcnkler: Haben mit Ukrainekrieg H\u00f6hepunkt unseres Wohlstands \u00fcberschritten - just-now.NEWS Deutschland\",\"isPartOf\":{\"@id\":\"https:\/\/now-news.de\/de\/#website\"},\"primaryImageOfPage\":{\"@id\":\"https:\/\/now-news.de\/de\/deutschland\/politikwissenschaftler-muenkler-haben-mit-ukrainekrieg-hoehepunkt-unseres-wohlstands-ueberschritten\/#primaryimage\"},\"image\":{\"@id\":\"https:\/\/now-news.de\/de\/deutschland\/politikwissenschaftler-muenkler-haben-mit-ukrainekrieg-hoehepunkt-unseres-wohlstands-ueberschritten\/#primaryimage\"},\"thumbnailUrl\":\"https:\/\/now-news.de\/de\/wp-content\/uploads\/sites\/3\/2022\/05\/Politikwissenschaftler-Muenkler-Haben-mit-Ukrainekrieg-Hoehepunkt-unseres-Wohlstands-ueberschritten.jpg\",\"datePublished\":\"2022-05-28T08:38:07+00:00\",\"dateModified\":\"2022-05-28T08:38:07+00:00\",\"breadcrumb\":{\"@id\":\"https:\/\/now-news.de\/de\/deutschland\/politikwissenschaftler-muenkler-haben-mit-ukrainekrieg-hoehepunkt-unseres-wohlstands-ueberschritten\/#breadcrumb\"},\"inLanguage\":\"de\",\"potentialAction\":[{\"@type\":\"ReadAction\",\"target\":[\"https:\/\/now-news.de\/de\/deutschland\/politikwissenschaftler-muenkler-haben-mit-ukrainekrieg-hoehepunkt-unseres-wohlstands-ueberschritten\/\"]}]},{\"@type\":\"ImageObject\",\"inLanguage\":\"de\",\"@id\":\"https:\/\/now-news.de\/de\/deutschland\/politikwissenschaftler-muenkler-haben-mit-ukrainekrieg-hoehepunkt-unseres-wohlstands-ueberschritten\/#primaryimage\",\"url\":\"https:\/\/now-news.de\/de\/wp-content\/uploads\/sites\/3\/2022\/05\/Politikwissenschaftler-Muenkler-Haben-mit-Ukrainekrieg-Hoehepunkt-unseres-Wohlstands-ueberschritten.jpg\",\"contentUrl\":\"https:\/\/now-news.de\/de\/wp-content\/uploads\/sites\/3\/2022\/05\/Politikwissenschaftler-Muenkler-Haben-mit-Ukrainekrieg-Hoehepunkt-unseres-Wohlstands-ueberschritten.jpg\",\"width\":460,\"height\":259,\"caption\":\"Politikwissenschaftler M\u00fcnkler: Haben mit Ukrainekrieg H\u00f6hepunkt unseres Wohlstands \u00fcberschritten\"},{\"@type\":\"BreadcrumbList\",\"@id\":\"https:\/\/now-news.de\/de\/deutschland\/politikwissenschaftler-muenkler-haben-mit-ukrainekrieg-hoehepunkt-unseres-wohlstands-ueberschritten\/#breadcrumb\",\"itemListElement\":[{\"@type\":\"ListItem\",\"position\":1,\"name\":\"Home\",\"item\":\"https:\/\/now-news.de\/de\/\"},{\"@type\":\"ListItem\",\"position\":2,\"name\":\"Politikwissenschaftler M\u00fcnkler: Haben mit Ukrainekrieg H\u00f6hepunkt unseres Wohlstands \u00fcberschritten\"}]},{\"@type\":\"WebSite\",\"@id\":\"https:\/\/now-news.de\/de\/#website\",\"url\":\"https:\/\/now-news.de\/de\/\",\"name\":\"just-now.NEWS Deutschland\",\"description\":\"Das Portal f\u00fcr unzensierte Nachrichten aus der Welt\",\"publisher\":{\"@id\":\"https:\/\/now-news.de\/de\/#organization\"},\"potentialAction\":[{\"@type\":\"SearchAction\",\"target\":{\"@type\":\"EntryPoint\",\"urlTemplate\":\"https:\/\/now-news.de\/de\/?s={search_term_string}\"},\"query-input\":\"required name=search_term_string\"}],\"inLanguage\":\"de\"},{\"@type\":\"Organization\",\"@id\":\"https:\/\/now-news.de\/de\/#organization\",\"name\":\"Just Now News\",\"url\":\"https:\/\/now-news.de\/de\/\",\"logo\":{\"@type\":\"ImageObject\",\"inLanguage\":\"de\",\"@id\":\"https:\/\/now-news.de\/de\/#\/schema\/logo\/image\/\",\"url\":\"http:\/\/just-now.news\/de\/wp-content\/uploads\/sites\/3\/2022\/04\/logo500x500.jpg\",\"contentUrl\":\"http:\/\/just-now.news\/de\/wp-content\/uploads\/sites\/3\/2022\/04\/logo500x500.jpg\",\"width\":500,\"height\":500,\"caption\":\"Just Now News\"},\"image\":{\"@id\":\"https:\/\/now-news.de\/de\/#\/schema\/logo\/image\/\"},\"sameAs\":[\"https:\/\/www.facebook.com\/wirmachenauf\",\"https:\/\/x.com\/WirMachenAuf_de\"]},{\"@type\":\"Person\",\"@id\":\"https:\/\/now-news.de\/de\/#\/schema\/person\/fb534a4e865501d8b3285208df34a9b5\",\"name\":\"rtnews\",\"image\":{\"@type\":\"ImageObject\",\"inLanguage\":\"de\",\"@id\":\"https:\/\/now-news.de\/de\/#\/schema\/person\/image\/\",\"url\":\"https:\/\/secure.gravatar.com\/avatar\/82aafea7d8127119dd649515f56e2117?s=96&d=mm&r=g\",\"contentUrl\":\"https:\/\/secure.gravatar.com\/avatar\/82aafea7d8127119dd649515f56e2117?s=96&d=mm&r=g\",\"caption\":\"rtnews\"},\"url\":\"https:\/\/now-news.de\/de\/author\/rnews\/\"}]}<\/script>\n<!-- \/ Yoast SEO Premium plugin. -->","yoast_head_json":{"title":"Politikwissenschaftler M\u00fcnkler: Haben mit Ukrainekrieg H\u00f6hepunkt unseres Wohlstands \u00fcberschritten - just-now.NEWS Deutschland","robots":{"index":"index","follow":"follow","max-snippet":"max-snippet:-1","max-image-preview":"max-image-preview:large","max-video-preview":"max-video-preview:-1"},"canonical":"https:\/\/now-news.de\/de\/deutschland\/politikwissenschaftler-muenkler-haben-mit-ukrainekrieg-hoehepunkt-unseres-wohlstands-ueberschritten\/","og_locale":"de_DE","og_type":"article","og_title":"Politikwissenschaftler M\u00fcnkler: Haben mit Ukrainekrieg H\u00f6hepunkt unseres Wohlstands \u00fcberschritten","og_description":"Der Politikwissenschaftler Herfried M\u00fcnkler gilt als einer der wichtigsten Intellektuellen der Bundesrepublik und als regierungsnah. Im Interview mit der\u00a0Welt\u00a0sprach er am Donnerstag einige f\u00fcr die Bundesregierung und die hiesigen B\u00fcrger unbequeme Wahrheiten bez\u00fcglich des Ukraine-Krieges und seiner Folgen aus. M\u00fcnkler wurde auch mit Aussagen des Transatlantikers und Lobbyisten Ralf F\u00fccks konfrontiert, dem Initiator eines offenen [&hellip;]","og_url":"https:\/\/now-news.de\/de\/deutschland\/politikwissenschaftler-muenkler-haben-mit-ukrainekrieg-hoehepunkt-unseres-wohlstands-ueberschritten\/","og_site_name":"just-now.NEWS Deutschland","article_publisher":"https:\/\/www.facebook.com\/wirmachenauf","article_published_time":"2022-05-28T08:38:07+00:00","og_image":[{"width":460,"height":259,"url":"https:\/\/now-news.de\/de\/wp-content\/uploads\/sites\/3\/2022\/05\/Politikwissenschaftler-Muenkler-Haben-mit-Ukrainekrieg-Hoehepunkt-unseres-Wohlstands-ueberschritten.jpg","type":"image\/jpeg"}],"author":"rtnews","twitter_card":"summary_large_image","twitter_creator":"@WirMachenAuf_de","twitter_site":"@WirMachenAuf_de","twitter_misc":{"Verfasst von":"rtnews","Gesch\u00e4tzte Lesezeit":"4\u00a0Minuten"},"schema":{"@context":"https:\/\/schema.org","@graph":[{"@type":"Article","@id":"https:\/\/now-news.de\/de\/deutschland\/politikwissenschaftler-muenkler-haben-mit-ukrainekrieg-hoehepunkt-unseres-wohlstands-ueberschritten\/#article","isPartOf":{"@id":"https:\/\/now-news.de\/de\/deutschland\/politikwissenschaftler-muenkler-haben-mit-ukrainekrieg-hoehepunkt-unseres-wohlstands-ueberschritten\/"},"author":{"name":"rtnews","@id":"https:\/\/now-news.de\/de\/#\/schema\/person\/fb534a4e865501d8b3285208df34a9b5"},"headline":"Politikwissenschaftler M\u00fcnkler: Haben mit Ukrainekrieg H\u00f6hepunkt unseres Wohlstands \u00fcberschritten","datePublished":"2022-05-28T08:38:07+00:00","dateModified":"2022-05-28T08:38:07+00:00","mainEntityOfPage":{"@id":"https:\/\/now-news.de\/de\/deutschland\/politikwissenschaftler-muenkler-haben-mit-ukrainekrieg-hoehepunkt-unseres-wohlstands-ueberschritten\/"},"wordCount":779,"commentCount":0,"publisher":{"@id":"https:\/\/now-news.de\/de\/#organization"},"image":{"@id":"https:\/\/now-news.de\/de\/deutschland\/politikwissenschaftler-muenkler-haben-mit-ukrainekrieg-hoehepunkt-unseres-wohlstands-ueberschritten\/#primaryimage"},"thumbnailUrl":"https:\/\/now-news.de\/de\/wp-content\/uploads\/sites\/3\/2022\/05\/Politikwissenschaftler-Muenkler-Haben-mit-Ukrainekrieg-Hoehepunkt-unseres-Wohlstands-ueberschritten.jpg","keywords":["haben","H\u00f6hepunkt","mit","M\u00fcnkler","Politikwissenschaftler","\u00fcberschritten","UkraineKrieg","unseres","Wohlstands"],"articleSection":["Deutschland","Russland"],"inLanguage":"de","potentialAction":[{"@type":"CommentAction","name":"Comment","target":["https:\/\/now-news.de\/de\/deutschland\/politikwissenschaftler-muenkler-haben-mit-ukrainekrieg-hoehepunkt-unseres-wohlstands-ueberschritten\/#respond"]}]},{"@type":"WebPage","@id":"https:\/\/now-news.de\/de\/deutschland\/politikwissenschaftler-muenkler-haben-mit-ukrainekrieg-hoehepunkt-unseres-wohlstands-ueberschritten\/","url":"https:\/\/now-news.de\/de\/deutschland\/politikwissenschaftler-muenkler-haben-mit-ukrainekrieg-hoehepunkt-unseres-wohlstands-ueberschritten\/","name":"Politikwissenschaftler M\u00fcnkler: Haben mit Ukrainekrieg H\u00f6hepunkt unseres Wohlstands \u00fcberschritten - just-now.NEWS Deutschland","isPartOf":{"@id":"https:\/\/now-news.de\/de\/#website"},"primaryImageOfPage":{"@id":"https:\/\/now-news.de\/de\/deutschland\/politikwissenschaftler-muenkler-haben-mit-ukrainekrieg-hoehepunkt-unseres-wohlstands-ueberschritten\/#primaryimage"},"image":{"@id":"https:\/\/now-news.de\/de\/deutschland\/politikwissenschaftler-muenkler-haben-mit-ukrainekrieg-hoehepunkt-unseres-wohlstands-ueberschritten\/#primaryimage"},"thumbnailUrl":"https:\/\/now-news.de\/de\/wp-content\/uploads\/sites\/3\/2022\/05\/Politikwissenschaftler-Muenkler-Haben-mit-Ukrainekrieg-Hoehepunkt-unseres-Wohlstands-ueberschritten.jpg","datePublished":"2022-05-28T08:38:07+00:00","dateModified":"2022-05-28T08:38:07+00:00","breadcrumb":{"@id":"https:\/\/now-news.de\/de\/deutschland\/politikwissenschaftler-muenkler-haben-mit-ukrainekrieg-hoehepunkt-unseres-wohlstands-ueberschritten\/#breadcrumb"},"inLanguage":"de","potentialAction":[{"@type":"ReadAction","target":["https:\/\/now-news.de\/de\/deutschland\/politikwissenschaftler-muenkler-haben-mit-ukrainekrieg-hoehepunkt-unseres-wohlstands-ueberschritten\/"]}]},{"@type":"ImageObject","inLanguage":"de","@id":"https:\/\/now-news.de\/de\/deutschland\/politikwissenschaftler-muenkler-haben-mit-ukrainekrieg-hoehepunkt-unseres-wohlstands-ueberschritten\/#primaryimage","url":"https:\/\/now-news.de\/de\/wp-content\/uploads\/sites\/3\/2022\/05\/Politikwissenschaftler-Muenkler-Haben-mit-Ukrainekrieg-Hoehepunkt-unseres-Wohlstands-ueberschritten.jpg","contentUrl":"https:\/\/now-news.de\/de\/wp-content\/uploads\/sites\/3\/2022\/05\/Politikwissenschaftler-Muenkler-Haben-mit-Ukrainekrieg-Hoehepunkt-unseres-Wohlstands-ueberschritten.jpg","width":460,"height":259,"caption":"Politikwissenschaftler M\u00fcnkler: Haben mit Ukrainekrieg H\u00f6hepunkt unseres Wohlstands \u00fcberschritten"},{"@type":"BreadcrumbList","@id":"https:\/\/now-news.de\/de\/deutschland\/politikwissenschaftler-muenkler-haben-mit-ukrainekrieg-hoehepunkt-unseres-wohlstands-ueberschritten\/#breadcrumb","itemListElement":[{"@type":"ListItem","position":1,"name":"Home","item":"https:\/\/now-news.de\/de\/"},{"@type":"ListItem","position":2,"name":"Politikwissenschaftler M\u00fcnkler: Haben mit Ukrainekrieg H\u00f6hepunkt unseres Wohlstands \u00fcberschritten"}]},{"@type":"WebSite","@id":"https:\/\/now-news.de\/de\/#website","url":"https:\/\/now-news.de\/de\/","name":"just-now.NEWS Deutschland","description":"Das Portal f\u00fcr unzensierte Nachrichten aus der Welt","publisher":{"@id":"https:\/\/now-news.de\/de\/#organization"},"potentialAction":[{"@type":"SearchAction","target":{"@type":"EntryPoint","urlTemplate":"https:\/\/now-news.de\/de\/?s={search_term_string}"},"query-input":"required name=search_term_string"}],"inLanguage":"de"},{"@type":"Organization","@id":"https:\/\/now-news.de\/de\/#organization","name":"Just Now News","url":"https:\/\/now-news.de\/de\/","logo":{"@type":"ImageObject","inLanguage":"de","@id":"https:\/\/now-news.de\/de\/#\/schema\/logo\/image\/","url":"http:\/\/just-now.news\/de\/wp-content\/uploads\/sites\/3\/2022\/04\/logo500x500.jpg","contentUrl":"http:\/\/just-now.news\/de\/wp-content\/uploads\/sites\/3\/2022\/04\/logo500x500.jpg","width":500,"height":500,"caption":"Just Now News"},"image":{"@id":"https:\/\/now-news.de\/de\/#\/schema\/logo\/image\/"},"sameAs":["https:\/\/www.facebook.com\/wirmachenauf","https:\/\/x.com\/WirMachenAuf_de"]},{"@type":"Person","@id":"https:\/\/now-news.de\/de\/#\/schema\/person\/fb534a4e865501d8b3285208df34a9b5","name":"rtnews","image":{"@type":"ImageObject","inLanguage":"de","@id":"https:\/\/now-news.de\/de\/#\/schema\/person\/image\/","url":"https:\/\/secure.gravatar.com\/avatar\/82aafea7d8127119dd649515f56e2117?s=96&d=mm&r=g","contentUrl":"https:\/\/secure.gravatar.com\/avatar\/82aafea7d8127119dd649515f56e2117?s=96&d=mm&r=g","caption":"rtnews"},"url":"https:\/\/now-news.de\/de\/author\/rnews\/"}]}},"_links":{"self":[{"href":"https:\/\/now-news.de\/de\/wp-json\/wp\/v2\/posts\/9064"}],"collection":[{"href":"https:\/\/now-news.de\/de\/wp-json\/wp\/v2\/posts"}],"about":[{"href":"https:\/\/now-news.de\/de\/wp-json\/wp\/v2\/types\/post"}],"author":[{"embeddable":true,"href":"https:\/\/now-news.de\/de\/wp-json\/wp\/v2\/users\/3"}],"replies":[{"embeddable":true,"href":"https:\/\/now-news.de\/de\/wp-json\/wp\/v2\/comments?post=9064"}],"version-history":[{"count":0,"href":"https:\/\/now-news.de\/de\/wp-json\/wp\/v2\/posts\/9064\/revisions"}],"wp:featuredmedia":[{"embeddable":true,"href":"https:\/\/now-news.de\/de\/wp-json\/wp\/v2\/media\/9065"}],"wp:attachment":[{"href":"https:\/\/now-news.de\/de\/wp-json\/wp\/v2\/media?parent=9064"}],"wp:term":[{"taxonomy":"category","embeddable":true,"href":"https:\/\/now-news.de\/de\/wp-json\/wp\/v2\/categories?post=9064"},{"taxonomy":"post_tag","embeddable":true,"href":"https:\/\/now-news.de\/de\/wp-json\/wp\/v2\/tags?post=9064"}],"curies":[{"name":"wp","href":"https:\/\/api.w.org\/{rel}","templated":true}]}}