{"id":90572,"date":"2025-09-15T19:06:31","date_gmt":"2025-09-15T17:06:31","guid":{"rendered":"https:\/\/now-news.de\/de\/deutschland\/krach-in-mecklenburg-vorpommern-west-minister-befoerdert-west-polizisten\/"},"modified":"2025-09-15T19:06:31","modified_gmt":"2025-09-15T17:06:31","slug":"krach-in-mecklenburg-vorpommern-west-minister-befoerdert-west-polizisten","status":"publish","type":"post","link":"https:\/\/now-news.de\/de\/deutschland\/krach-in-mecklenburg-vorpommern-west-minister-befoerdert-west-polizisten\/","title":{"rendered":"Krach in Mecklenburg-Vorpommern: West-Minister bef\u00f6rdert West-Polizisten"},"content":{"rendered":"<p><img decoding=\"async\" src=\"https:\/\/now-news.de\/de\/wp-content\/uploads\/sites\/3\/2025\/09\/68c81b9348fbef6ec804d1bf.jpg\" \/><\/p>\n<div class=\"Text-root Text-type_1 \">\n                Ausgerechnet die Polizei ist in Mecklenburg-Vorpommern derzeit Gegenstand einer heftigen politischen Auseinandersetzung. Ein Beamter mit SPD-Parteibuch wurde ungew\u00f6hnlich schnell bef\u00f6rdert. Ein West-Polizist, von einem West-Minister.\n            <\/div>\n<p><\/p>\n<div class=\"Text-root Text-type_5 ArticleView-text ViewText-root \">\n<p>Seit einigen Tagen g\u00e4rt es in Mecklenburg-Vorpommern wegen einer Bef\u00f6rderung in der Polizei. Sie wurde sogar bereits Thema im Landtag des Bundeslandes. Gegenstand der Auseinandersetzung: Andreas Walus, Jahrgang 1983, geb\u00fcrtiger Hamburger und promovierter Jurist, der zum leitenden Polizeidirektor bef\u00f6rdert wurde.<\/p>\n<p>&#8220;Die F\u00fchrung der Landespolizei rebelliert gegen die politische F\u00fchrung, das wird zu einem Problem f\u00fcr unsere Sicherheitsarchitektur unseres Landes&#8221;, erkl\u00e4rte der Fraktionsvorsitzende der CDU im Landtag, Daniel Peters, und forderte den R\u00fccktritt von Innenminister Christian Pegel und seinem Staatssekret\u00e4r Wolfgang Schm\u00fclling, die die Bef\u00f6rderung zu verantworten h\u00e4tten.<\/p>\n<p>Dabei ist nicht gesichert, dass Christian Pegel \u00fcberhaupt von der Bef\u00f6rderung wusste. Der weilte n\u00e4mlich zu diesem Zeitpunkt auf Auslandsreise in den Vereinigten Staaten. Andererseits\u00a0\u2013 genau das k\u00f6nnte auch Absicht gewesen sein, um die bekannte &#8220;glaubw\u00fcrdige Abstreitbarkeit&#8221; zu sichern.<\/p>\n<p>Walus wurde, das steht fest, innerhalb eines einzigen Jahres zum zweiten Mal bef\u00f6rdert und befindet sich nun mit nur 42 Jahren bereits am Ende der regul\u00e4ren Beamtenkarriere: Alle Posten oberhalb des leitenden Direktors sind bereits politisch besetzte Positionen.<\/p>\n<p>Schm\u00fclling, so der Vorwurf, habe Walus so schnell bef\u00f6rdert, weil Walus ein SPD-Parteibuch besitze. Tats\u00e4chlich war Walus Kreisvorsitzender in Wismar, und ist immer noch Ortsvereinsvorstand in Mecklenburg-Neuburg-Poel. Auf der dortigen Webseite erkl\u00e4rt er seine Mitgliedschaft:<\/p>\n<p>&#8220;Ich engagiere mich in der SPD, weil mir ein gerechtes Land wichtig ist. Jeder sollte die gleichen Chancen in Deutschland haben. Das f\u00e4ngt schon bei der Bildung an. Ohne die SPD w\u00fcrde es zum Beispiel keine Kita-Beitragsfreiheit und kein BAf\u00f6G geben. Au\u00dferdem sind mir sichere Arbeitspl\u00e4tze, gute L\u00f6hne und eine starke Wirtschaft wichtig.&#8221;<\/p>\n<p>Seine Polizeikarriere begann er als Leiter des Polizeihauptreviers in Wismar. Von dort lie\u00df er sich 2018\u00a0<a rel=\"nofollow noopener\" target=\"_blank\" href=\"https:\/\/www.ostsee-zeitung.de\/mecklenburg-vorpommern\/wismars-revierleiter-laesst-sich-versetzen-YO7EUDMHKYTYU7HRBGJIP5ERAI.html\">versetzen<\/a>, als er dort zum Kreisvorsitzenden in Nordwestmecklenburg gew\u00e4hlt wurde. Derzeit leitet er das Landesamt der Polizei f\u00fcr zentrale Aufgaben, Brand- und Katastrophenschutz. Auch das k\u00f6nnte in der Aff\u00e4re eine Rolle spielen.<\/p>\n<p>Schm\u00fclling, der SPD-Staatssekret\u00e4r im Innenministerium, hatte sogar die Leistungsbewertung von Walus verbessert, ein Akt, der in der Polizei besonderen Unmut ausl\u00f6st, weil daf\u00fcr sonst nur der unmittelbare Vorgesetzte zust\u00e4ndig ist. Der Chef der Bereitschaftspolizei, der Rostocker Michael Ebert, ist besonders erz\u00fcrnt: &#8220;Als ich nach 30 Jahren Leitender Polizeidirektor wurde, da war ich sehr stolz darauf. Mit der jetzigen Entscheidung der Hausleitung des Innenministeriums hat dieser Dienstgrad f\u00fcr mich seinen Wert verloren.&#8221;<\/p>\n<p>Auch die Polizeigewerkschaften reagierten scharf. Der Landesvorsitzende der Gewerkschaft der Polizei (GdP) erkl\u00e4rte: &#8220;Diese Bef\u00f6rderung ist nicht mehr ein Thema, das nur die F\u00fchrungskr\u00e4fte der Landespolizei bewegt. Die gesamte Bef\u00f6rderungsauswahl im Land Mecklenburg-Vorpommern steht in Frage.&#8221; Die Konkurrenzorganisation Deutsche Polizeigewerkschaft sieht das \u00e4hnlich. Deren Landesvorsitzender meinte: &#8220;Eine Parteikarriere darf es im Berufsbeamtentum nicht mehr geben. Diese Praxis sollte seit 1990 endg\u00fcltig der Vergangenheit angeh\u00f6ren&#8221;.<\/p>\n<p>Allerdings gibt es bei dieser Bef\u00f6rderung noch andere Aspekte. Der erste: Alle Beteiligten der Aff\u00e4re sind nicht nur SPD-Mitglieder, sie stammen auch alle drei aus dem Westen. Innenminister Pegel und der bef\u00f6rderte Walus kommen aus Hamburg, Staatssekret\u00e4r Schm\u00fclling aus dem Ruhrgebiet. Michael Ebert hingegen, der Bereitschaftspolizeichef, ist in Anklam geboren und begann seine Polizeikarriere noch in der DDR. Ebert hatte 2022 als Rostocker B\u00fcrgermeister kandidiert und 2025 f\u00fcr die CDU f\u00fcr den Bundestag. Nach wie vor sind F\u00fchrungspositionen in den f\u00fcnf &#8220;neuen&#8221; Bundesl\u00e4ndern weit \u00fcberwiegend mit Westpersonal besetzt; im Hintergrund k\u00f6nnte auch diese Frage eine Rolle spielen.<\/p>\n<p>Au\u00dferdem zeigt sich, auch das wird im Vergleich zwischen Ebert und Walus sichtbar, dass die Polizei Mecklenburg-Vorpommern unter einem alten Konflikt leidet, zwischen jenen Polizeibeamten, die aus dem gehobenen in den h\u00f6heren Dienst aufgestiegen sind (wodurch Ebert auf die 30 Jahre kam), und jenen, vor allem Juristen, die im h\u00f6heren Dienst einsteigen. Zwischen diesen beiden Gruppen gibt es traditionell Reibungen.<\/p>\n<p>Es k\u00f6nnte allerdings noch einen weiteren Grund geben. Walus hat sich als Jurist auf ein sehr spezifisches Thema spezialisiert, wie die\u00a0<a rel=\"nofollow noopener\" target=\"_blank\" href=\"https:\/\/fzk.rewi.hu-berlin.de\/doc\/Veroeffentlichungen_Dozententaetigkeiten.pdf\">Liste<\/a>\u00a0seiner Ver\u00f6ffentlichungen zeigt, die die Humboldt-Universit\u00e4t Berlin bietet: Katastrophen- und Zivilschutz und Terrorismus, bis zu der &#8220;Verteidigungs- und Zivilschutzkompetenz des Bundes bei ausw\u00e4rtigen Cyberangriffen gegen kritische Infrastrukturen&#8221; oder &#8220;Rechtskonflikte der Triage und ihre L\u00f6sung&#8221;. Genau der richtige Mann, um die \u2013 v\u00f6lkerrechtlich heiklen\u00a0\u2013 NATO-Pl\u00e4ne bei Aufr\u00fcstung und ziviler Kriegsvorbereitung in Mecklenburg-Vorpommern juristisch zu flankieren. Wof\u00fcr man ihn sozusagen vorab bis an die Schwelle der politischen Positionen bef\u00f6rdern musste.<\/p>\n<p>Vorerst d\u00fcrfte diese Angelegenheit jedenfalls weiterhin Unmut hervorrufen.\u00a0<\/p>\n<p><strong>Mehr zum Thema<\/strong> &#8211; <a rel=\"nofollow noopener\" target=\"_blank\" href=\"https:\/\/freedert.online\/international\/234632-wie-sich-nato-darauf-vorbereitet-russland-in-ostsee-anzugreifen\/\">Wie sich die NATO darauf vorbereitet, Russland in der Ostsee anzugreifen <\/a><\/p>\n<div class=\"EmbedBlock-root EmbedBlock-externalVideo EmbedBlock-rumble\">\n<div class=\"VkEmbed\"><iframe class=\"lazyload\" data-src=\"https:\/\/rumble.com\/embed\/v6w0bv2\" frameborder=\"0\" width=\"853\" height=\"480\" allowfullscreen><\/iframe><\/div>\n<\/div>\n<\/div>\n<p><br \/>\n<br \/><a href=\"https:\/\/de.rt.com\/inland\/256100-mecklenburg-vorpommern-krach-um-befoerderung\/\">Source link <\/a><\/p>\n","protected":false},"excerpt":{"rendered":"<p>Ausgerechnet die Polizei ist in Mecklenburg-Vorpommern derzeit Gegenstand einer heftigen politischen Auseinandersetzung. Ein Beamter mit SPD-Parteibuch wurde ungew\u00f6hnlich schnell bef\u00f6rdert. Ein West-Polizist, von einem West-Minister. Seit einigen Tagen g\u00e4rt es in Mecklenburg-Vorpommern wegen einer Bef\u00f6rderung in der Polizei. Sie wurde sogar bereits Thema im Landtag des Bundeslandes. Gegenstand der Auseinandersetzung: Andreas Walus, Jahrgang 1983, geb\u00fcrtiger [&hellip;]<\/p>\n","protected":false},"author":3,"featured_media":90573,"comment_status":"open","ping_status":"open","sticky":false,"template":"","format":"standard","meta":{"_yoast_indexnow_last_ping":["1757956907"],"wp_automatic_camp":["217"],"2edaba4607307137510143ac7eaddd47":["Krach in Mecklenburg-Vorpommern: West-Minister bef\u00f6rdert West-Polizisten"],"original_link":["https:\/\/de.rt.com\/inland\/256100-mecklenburg-vorpommern-krach-um-befoerderung\/"],"_thumbnail_id":["90573"],"jnews_social_counter_last_update":["1776894097"],"_wptgpro_p2tg_sent2tg":["a:1:{i:23737;s:19:\"2025-09-15 19:22:51\";}"]},"categories":[19,23],"tags":[36430,60052,1941,67761,67762],"yoast_head":"<!-- This site is optimized with the Yoast SEO Premium plugin v22.7 (Yoast SEO v22.7) - https:\/\/yoast.com\/wordpress\/plugins\/seo\/ -->\n<title>Krach in Mecklenburg-Vorpommern: West-Minister bef\u00f6rdert West-Polizisten - just-now.NEWS Deutschland<\/title>\n<meta name=\"robots\" content=\"index, follow, max-snippet:-1, max-image-preview:large, max-video-preview:-1\" \/>\n<link rel=\"canonical\" href=\"https:\/\/now-news.de\/de\/deutschland\/krach-in-mecklenburg-vorpommern-west-minister-befoerdert-west-polizisten\/\" \/>\n<meta property=\"og:locale\" content=\"de_DE\" \/>\n<meta property=\"og:type\" content=\"article\" \/>\n<meta property=\"og:title\" content=\"Krach in Mecklenburg-Vorpommern: West-Minister bef\u00f6rdert West-Polizisten\" \/>\n<meta property=\"og:description\" content=\"Ausgerechnet die Polizei ist in Mecklenburg-Vorpommern derzeit Gegenstand einer heftigen politischen Auseinandersetzung. Ein Beamter mit SPD-Parteibuch wurde ungew\u00f6hnlich schnell bef\u00f6rdert. Ein West-Polizist, von einem West-Minister. Seit einigen Tagen g\u00e4rt es in Mecklenburg-Vorpommern wegen einer Bef\u00f6rderung in der Polizei. Sie wurde sogar bereits Thema im Landtag des Bundeslandes. Gegenstand der Auseinandersetzung: Andreas Walus, Jahrgang 1983, geb\u00fcrtiger [&hellip;]\" \/>\n<meta property=\"og:url\" content=\"https:\/\/now-news.de\/de\/deutschland\/krach-in-mecklenburg-vorpommern-west-minister-befoerdert-west-polizisten\/\" \/>\n<meta property=\"og:site_name\" content=\"just-now.NEWS Deutschland\" \/>\n<meta property=\"article:publisher\" content=\"https:\/\/www.facebook.com\/wirmachenauf\" \/>\n<meta property=\"article:published_time\" content=\"2025-09-15T17:06:31+00:00\" \/>\n<meta property=\"og:image\" content=\"https:\/\/now-news.de\/de\/wp-content\/uploads\/sites\/3\/2025\/09\/68c81b9348fbef6ec804d1bf.jpg\" \/>\n<meta name=\"author\" content=\"rtnews\" \/>\n<meta name=\"twitter:card\" content=\"summary_large_image\" \/>\n<meta name=\"twitter:creator\" content=\"@WirMachenAuf_de\" \/>\n<meta name=\"twitter:site\" content=\"@WirMachenAuf_de\" \/>\n<meta name=\"twitter:label1\" content=\"Verfasst von\" \/>\n\t<meta name=\"twitter:data1\" content=\"rtnews\" \/>\n\t<meta name=\"twitter:label2\" content=\"Gesch\u00e4tzte Lesezeit\" \/>\n\t<meta name=\"twitter:data2\" content=\"4\u00a0Minuten\" \/>\n<script type=\"application\/ld+json\" class=\"yoast-schema-graph\">{\"@context\":\"https:\/\/schema.org\",\"@graph\":[{\"@type\":\"Article\",\"@id\":\"https:\/\/now-news.de\/de\/deutschland\/krach-in-mecklenburg-vorpommern-west-minister-befoerdert-west-polizisten\/#article\",\"isPartOf\":{\"@id\":\"https:\/\/now-news.de\/de\/deutschland\/krach-in-mecklenburg-vorpommern-west-minister-befoerdert-west-polizisten\/\"},\"author\":{\"name\":\"rtnews\",\"@id\":\"https:\/\/now-news.de\/de\/#\/schema\/person\/fb534a4e865501d8b3285208df34a9b5\"},\"headline\":\"Krach in Mecklenburg-Vorpommern: West-Minister bef\u00f6rdert West-Polizisten\",\"datePublished\":\"2025-09-15T17:06:31+00:00\",\"dateModified\":\"2025-09-15T17:06:31+00:00\",\"mainEntityOfPage\":{\"@id\":\"https:\/\/now-news.de\/de\/deutschland\/krach-in-mecklenburg-vorpommern-west-minister-befoerdert-west-polizisten\/\"},\"wordCount\":806,\"commentCount\":0,\"publisher\":{\"@id\":\"https:\/\/now-news.de\/de\/#organization\"},\"image\":{\"@id\":\"https:\/\/now-news.de\/de\/deutschland\/krach-in-mecklenburg-vorpommern-west-minister-befoerdert-west-polizisten\/#primaryimage\"},\"thumbnailUrl\":\"https:\/\/now-news.de\/de\/wp-content\/uploads\/sites\/3\/2025\/09\/Krach-in-Mecklenburg-Vorpommern-West-Minister-befoerdert-West-Polizisten.jpg\",\"keywords\":[\"bef\u00f6rdert\",\"Krach\",\"MecklenburgVorpommern\",\"WestMinister\",\"WestPolizisten\"],\"articleSection\":[\"Deutschland\",\"Russland\"],\"inLanguage\":\"de\",\"potentialAction\":[{\"@type\":\"CommentAction\",\"name\":\"Comment\",\"target\":[\"https:\/\/now-news.de\/de\/deutschland\/krach-in-mecklenburg-vorpommern-west-minister-befoerdert-west-polizisten\/#respond\"]}]},{\"@type\":\"WebPage\",\"@id\":\"https:\/\/now-news.de\/de\/deutschland\/krach-in-mecklenburg-vorpommern-west-minister-befoerdert-west-polizisten\/\",\"url\":\"https:\/\/now-news.de\/de\/deutschland\/krach-in-mecklenburg-vorpommern-west-minister-befoerdert-west-polizisten\/\",\"name\":\"Krach in Mecklenburg-Vorpommern: West-Minister bef\u00f6rdert West-Polizisten - just-now.NEWS Deutschland\",\"isPartOf\":{\"@id\":\"https:\/\/now-news.de\/de\/#website\"},\"primaryImageOfPage\":{\"@id\":\"https:\/\/now-news.de\/de\/deutschland\/krach-in-mecklenburg-vorpommern-west-minister-befoerdert-west-polizisten\/#primaryimage\"},\"image\":{\"@id\":\"https:\/\/now-news.de\/de\/deutschland\/krach-in-mecklenburg-vorpommern-west-minister-befoerdert-west-polizisten\/#primaryimage\"},\"thumbnailUrl\":\"https:\/\/now-news.de\/de\/wp-content\/uploads\/sites\/3\/2025\/09\/Krach-in-Mecklenburg-Vorpommern-West-Minister-befoerdert-West-Polizisten.jpg\",\"datePublished\":\"2025-09-15T17:06:31+00:00\",\"dateModified\":\"2025-09-15T17:06:31+00:00\",\"breadcrumb\":{\"@id\":\"https:\/\/now-news.de\/de\/deutschland\/krach-in-mecklenburg-vorpommern-west-minister-befoerdert-west-polizisten\/#breadcrumb\"},\"inLanguage\":\"de\",\"potentialAction\":[{\"@type\":\"ReadAction\",\"target\":[\"https:\/\/now-news.de\/de\/deutschland\/krach-in-mecklenburg-vorpommern-west-minister-befoerdert-west-polizisten\/\"]}]},{\"@type\":\"ImageObject\",\"inLanguage\":\"de\",\"@id\":\"https:\/\/now-news.de\/de\/deutschland\/krach-in-mecklenburg-vorpommern-west-minister-befoerdert-west-polizisten\/#primaryimage\",\"url\":\"https:\/\/now-news.de\/de\/wp-content\/uploads\/sites\/3\/2025\/09\/Krach-in-Mecklenburg-Vorpommern-West-Minister-befoerdert-West-Polizisten.jpg\",\"contentUrl\":\"https:\/\/now-news.de\/de\/wp-content\/uploads\/sites\/3\/2025\/09\/Krach-in-Mecklenburg-Vorpommern-West-Minister-befoerdert-West-Polizisten.jpg\",\"width\":460,\"height\":259,\"caption\":\"Krach in Mecklenburg-Vorpommern: West-Minister bef\u00f6rdert West-Polizisten\"},{\"@type\":\"BreadcrumbList\",\"@id\":\"https:\/\/now-news.de\/de\/deutschland\/krach-in-mecklenburg-vorpommern-west-minister-befoerdert-west-polizisten\/#breadcrumb\",\"itemListElement\":[{\"@type\":\"ListItem\",\"position\":1,\"name\":\"Home\",\"item\":\"https:\/\/now-news.de\/de\/\"},{\"@type\":\"ListItem\",\"position\":2,\"name\":\"Krach in Mecklenburg-Vorpommern: West-Minister bef\u00f6rdert West-Polizisten\"}]},{\"@type\":\"WebSite\",\"@id\":\"https:\/\/now-news.de\/de\/#website\",\"url\":\"https:\/\/now-news.de\/de\/\",\"name\":\"just-now.NEWS Deutschland\",\"description\":\"Das Portal f\u00fcr unzensierte Nachrichten aus der Welt\",\"publisher\":{\"@id\":\"https:\/\/now-news.de\/de\/#organization\"},\"potentialAction\":[{\"@type\":\"SearchAction\",\"target\":{\"@type\":\"EntryPoint\",\"urlTemplate\":\"https:\/\/now-news.de\/de\/?s={search_term_string}\"},\"query-input\":\"required name=search_term_string\"}],\"inLanguage\":\"de\"},{\"@type\":\"Organization\",\"@id\":\"https:\/\/now-news.de\/de\/#organization\",\"name\":\"Just Now News\",\"url\":\"https:\/\/now-news.de\/de\/\",\"logo\":{\"@type\":\"ImageObject\",\"inLanguage\":\"de\",\"@id\":\"https:\/\/now-news.de\/de\/#\/schema\/logo\/image\/\",\"url\":\"http:\/\/just-now.news\/de\/wp-content\/uploads\/sites\/3\/2022\/04\/logo500x500.jpg\",\"contentUrl\":\"http:\/\/just-now.news\/de\/wp-content\/uploads\/sites\/3\/2022\/04\/logo500x500.jpg\",\"width\":500,\"height\":500,\"caption\":\"Just Now News\"},\"image\":{\"@id\":\"https:\/\/now-news.de\/de\/#\/schema\/logo\/image\/\"},\"sameAs\":[\"https:\/\/www.facebook.com\/wirmachenauf\",\"https:\/\/x.com\/WirMachenAuf_de\"]},{\"@type\":\"Person\",\"@id\":\"https:\/\/now-news.de\/de\/#\/schema\/person\/fb534a4e865501d8b3285208df34a9b5\",\"name\":\"rtnews\",\"image\":{\"@type\":\"ImageObject\",\"inLanguage\":\"de\",\"@id\":\"https:\/\/now-news.de\/de\/#\/schema\/person\/image\/\",\"url\":\"https:\/\/secure.gravatar.com\/avatar\/82aafea7d8127119dd649515f56e2117?s=96&d=mm&r=g\",\"contentUrl\":\"https:\/\/secure.gravatar.com\/avatar\/82aafea7d8127119dd649515f56e2117?s=96&d=mm&r=g\",\"caption\":\"rtnews\"},\"url\":\"https:\/\/now-news.de\/de\/author\/rnews\/\"}]}<\/script>\n<!-- \/ Yoast SEO Premium plugin. -->","yoast_head_json":{"title":"Krach in Mecklenburg-Vorpommern: West-Minister bef\u00f6rdert West-Polizisten - just-now.NEWS Deutschland","robots":{"index":"index","follow":"follow","max-snippet":"max-snippet:-1","max-image-preview":"max-image-preview:large","max-video-preview":"max-video-preview:-1"},"canonical":"https:\/\/now-news.de\/de\/deutschland\/krach-in-mecklenburg-vorpommern-west-minister-befoerdert-west-polizisten\/","og_locale":"de_DE","og_type":"article","og_title":"Krach in Mecklenburg-Vorpommern: West-Minister bef\u00f6rdert West-Polizisten","og_description":"Ausgerechnet die Polizei ist in Mecklenburg-Vorpommern derzeit Gegenstand einer heftigen politischen Auseinandersetzung. Ein Beamter mit SPD-Parteibuch wurde ungew\u00f6hnlich schnell bef\u00f6rdert. Ein West-Polizist, von einem West-Minister. Seit einigen Tagen g\u00e4rt es in Mecklenburg-Vorpommern wegen einer Bef\u00f6rderung in der Polizei. Sie wurde sogar bereits Thema im Landtag des Bundeslandes. Gegenstand der Auseinandersetzung: Andreas Walus, Jahrgang 1983, geb\u00fcrtiger [&hellip;]","og_url":"https:\/\/now-news.de\/de\/deutschland\/krach-in-mecklenburg-vorpommern-west-minister-befoerdert-west-polizisten\/","og_site_name":"just-now.NEWS Deutschland","article_publisher":"https:\/\/www.facebook.com\/wirmachenauf","article_published_time":"2025-09-15T17:06:31+00:00","og_image":[{"url":"https:\/\/now-news.de\/de\/wp-content\/uploads\/sites\/3\/2025\/09\/68c81b9348fbef6ec804d1bf.jpg"}],"author":"rtnews","twitter_card":"summary_large_image","twitter_creator":"@WirMachenAuf_de","twitter_site":"@WirMachenAuf_de","twitter_misc":{"Verfasst von":"rtnews","Gesch\u00e4tzte Lesezeit":"4\u00a0Minuten"},"schema":{"@context":"https:\/\/schema.org","@graph":[{"@type":"Article","@id":"https:\/\/now-news.de\/de\/deutschland\/krach-in-mecklenburg-vorpommern-west-minister-befoerdert-west-polizisten\/#article","isPartOf":{"@id":"https:\/\/now-news.de\/de\/deutschland\/krach-in-mecklenburg-vorpommern-west-minister-befoerdert-west-polizisten\/"},"author":{"name":"rtnews","@id":"https:\/\/now-news.de\/de\/#\/schema\/person\/fb534a4e865501d8b3285208df34a9b5"},"headline":"Krach in Mecklenburg-Vorpommern: West-Minister bef\u00f6rdert West-Polizisten","datePublished":"2025-09-15T17:06:31+00:00","dateModified":"2025-09-15T17:06:31+00:00","mainEntityOfPage":{"@id":"https:\/\/now-news.de\/de\/deutschland\/krach-in-mecklenburg-vorpommern-west-minister-befoerdert-west-polizisten\/"},"wordCount":806,"commentCount":0,"publisher":{"@id":"https:\/\/now-news.de\/de\/#organization"},"image":{"@id":"https:\/\/now-news.de\/de\/deutschland\/krach-in-mecklenburg-vorpommern-west-minister-befoerdert-west-polizisten\/#primaryimage"},"thumbnailUrl":"https:\/\/now-news.de\/de\/wp-content\/uploads\/sites\/3\/2025\/09\/Krach-in-Mecklenburg-Vorpommern-West-Minister-befoerdert-West-Polizisten.jpg","keywords":["bef\u00f6rdert","Krach","MecklenburgVorpommern","WestMinister","WestPolizisten"],"articleSection":["Deutschland","Russland"],"inLanguage":"de","potentialAction":[{"@type":"CommentAction","name":"Comment","target":["https:\/\/now-news.de\/de\/deutschland\/krach-in-mecklenburg-vorpommern-west-minister-befoerdert-west-polizisten\/#respond"]}]},{"@type":"WebPage","@id":"https:\/\/now-news.de\/de\/deutschland\/krach-in-mecklenburg-vorpommern-west-minister-befoerdert-west-polizisten\/","url":"https:\/\/now-news.de\/de\/deutschland\/krach-in-mecklenburg-vorpommern-west-minister-befoerdert-west-polizisten\/","name":"Krach in Mecklenburg-Vorpommern: West-Minister bef\u00f6rdert West-Polizisten - just-now.NEWS Deutschland","isPartOf":{"@id":"https:\/\/now-news.de\/de\/#website"},"primaryImageOfPage":{"@id":"https:\/\/now-news.de\/de\/deutschland\/krach-in-mecklenburg-vorpommern-west-minister-befoerdert-west-polizisten\/#primaryimage"},"image":{"@id":"https:\/\/now-news.de\/de\/deutschland\/krach-in-mecklenburg-vorpommern-west-minister-befoerdert-west-polizisten\/#primaryimage"},"thumbnailUrl":"https:\/\/now-news.de\/de\/wp-content\/uploads\/sites\/3\/2025\/09\/Krach-in-Mecklenburg-Vorpommern-West-Minister-befoerdert-West-Polizisten.jpg","datePublished":"2025-09-15T17:06:31+00:00","dateModified":"2025-09-15T17:06:31+00:00","breadcrumb":{"@id":"https:\/\/now-news.de\/de\/deutschland\/krach-in-mecklenburg-vorpommern-west-minister-befoerdert-west-polizisten\/#breadcrumb"},"inLanguage":"de","potentialAction":[{"@type":"ReadAction","target":["https:\/\/now-news.de\/de\/deutschland\/krach-in-mecklenburg-vorpommern-west-minister-befoerdert-west-polizisten\/"]}]},{"@type":"ImageObject","inLanguage":"de","@id":"https:\/\/now-news.de\/de\/deutschland\/krach-in-mecklenburg-vorpommern-west-minister-befoerdert-west-polizisten\/#primaryimage","url":"https:\/\/now-news.de\/de\/wp-content\/uploads\/sites\/3\/2025\/09\/Krach-in-Mecklenburg-Vorpommern-West-Minister-befoerdert-West-Polizisten.jpg","contentUrl":"https:\/\/now-news.de\/de\/wp-content\/uploads\/sites\/3\/2025\/09\/Krach-in-Mecklenburg-Vorpommern-West-Minister-befoerdert-West-Polizisten.jpg","width":460,"height":259,"caption":"Krach in Mecklenburg-Vorpommern: West-Minister bef\u00f6rdert West-Polizisten"},{"@type":"BreadcrumbList","@id":"https:\/\/now-news.de\/de\/deutschland\/krach-in-mecklenburg-vorpommern-west-minister-befoerdert-west-polizisten\/#breadcrumb","itemListElement":[{"@type":"ListItem","position":1,"name":"Home","item":"https:\/\/now-news.de\/de\/"},{"@type":"ListItem","position":2,"name":"Krach in Mecklenburg-Vorpommern: West-Minister bef\u00f6rdert West-Polizisten"}]},{"@type":"WebSite","@id":"https:\/\/now-news.de\/de\/#website","url":"https:\/\/now-news.de\/de\/","name":"just-now.NEWS Deutschland","description":"Das Portal f\u00fcr unzensierte Nachrichten aus der Welt","publisher":{"@id":"https:\/\/now-news.de\/de\/#organization"},"potentialAction":[{"@type":"SearchAction","target":{"@type":"EntryPoint","urlTemplate":"https:\/\/now-news.de\/de\/?s={search_term_string}"},"query-input":"required name=search_term_string"}],"inLanguage":"de"},{"@type":"Organization","@id":"https:\/\/now-news.de\/de\/#organization","name":"Just Now News","url":"https:\/\/now-news.de\/de\/","logo":{"@type":"ImageObject","inLanguage":"de","@id":"https:\/\/now-news.de\/de\/#\/schema\/logo\/image\/","url":"http:\/\/just-now.news\/de\/wp-content\/uploads\/sites\/3\/2022\/04\/logo500x500.jpg","contentUrl":"http:\/\/just-now.news\/de\/wp-content\/uploads\/sites\/3\/2022\/04\/logo500x500.jpg","width":500,"height":500,"caption":"Just Now News"},"image":{"@id":"https:\/\/now-news.de\/de\/#\/schema\/logo\/image\/"},"sameAs":["https:\/\/www.facebook.com\/wirmachenauf","https:\/\/x.com\/WirMachenAuf_de"]},{"@type":"Person","@id":"https:\/\/now-news.de\/de\/#\/schema\/person\/fb534a4e865501d8b3285208df34a9b5","name":"rtnews","image":{"@type":"ImageObject","inLanguage":"de","@id":"https:\/\/now-news.de\/de\/#\/schema\/person\/image\/","url":"https:\/\/secure.gravatar.com\/avatar\/82aafea7d8127119dd649515f56e2117?s=96&d=mm&r=g","contentUrl":"https:\/\/secure.gravatar.com\/avatar\/82aafea7d8127119dd649515f56e2117?s=96&d=mm&r=g","caption":"rtnews"},"url":"https:\/\/now-news.de\/de\/author\/rnews\/"}]}},"_links":{"self":[{"href":"https:\/\/now-news.de\/de\/wp-json\/wp\/v2\/posts\/90572"}],"collection":[{"href":"https:\/\/now-news.de\/de\/wp-json\/wp\/v2\/posts"}],"about":[{"href":"https:\/\/now-news.de\/de\/wp-json\/wp\/v2\/types\/post"}],"author":[{"embeddable":true,"href":"https:\/\/now-news.de\/de\/wp-json\/wp\/v2\/users\/3"}],"replies":[{"embeddable":true,"href":"https:\/\/now-news.de\/de\/wp-json\/wp\/v2\/comments?post=90572"}],"version-history":[{"count":0,"href":"https:\/\/now-news.de\/de\/wp-json\/wp\/v2\/posts\/90572\/revisions"}],"wp:featuredmedia":[{"embeddable":true,"href":"https:\/\/now-news.de\/de\/wp-json\/wp\/v2\/media\/90573"}],"wp:attachment":[{"href":"https:\/\/now-news.de\/de\/wp-json\/wp\/v2\/media?parent=90572"}],"wp:term":[{"taxonomy":"category","embeddable":true,"href":"https:\/\/now-news.de\/de\/wp-json\/wp\/v2\/categories?post=90572"},{"taxonomy":"post_tag","embeddable":true,"href":"https:\/\/now-news.de\/de\/wp-json\/wp\/v2\/tags?post=90572"}],"curies":[{"name":"wp","href":"https:\/\/api.w.org\/{rel}","templated":true}]}}