{"id":90530,"date":"2025-09-15T10:18:14","date_gmt":"2025-09-15T08:18:14","guid":{"rendered":"https:\/\/now-news.de\/de\/deutschland\/nrw-wahl-cdu-spd-und-afd-vorn-in-drei-staedten-kommt-es-zur-buergermeisterstichwahl-mit-der-afd\/"},"modified":"2025-09-15T10:18:14","modified_gmt":"2025-09-15T08:18:14","slug":"nrw-wahl-cdu-spd-und-afd-vorn-in-drei-staedten-kommt-es-zur-buergermeisterstichwahl-mit-der-afd","status":"publish","type":"post","link":"https:\/\/now-news.de\/de\/deutschland\/nrw-wahl-cdu-spd-und-afd-vorn-in-drei-staedten-kommt-es-zur-buergermeisterstichwahl-mit-der-afd\/","title":{"rendered":"NRW-Wahl: CDU, SPD und AfD vorn \u2013 in drei St\u00e4dten kommt es zur B\u00fcrgermeisterstichwahl mit der AfD"},"content":{"rendered":"<p><img decoding=\"async\" src=\"https:\/\/now-news.de\/de\/wp-content\/uploads\/sites\/3\/2025\/09\/68c7ad35b480cc75b60066d7.JPG\" \/><\/p>\n<div class=\"Text-root Text-type_1 \">\n                Die Kommunalwahlen in Nordrhein-Westfalen gelten als Stimmungstest f\u00fcr die schwarz-rote Koalition in Berlin. Die CDU-Landesregierung unter Hendrik W\u00fcst gewann mit minimalen Verlusten. Eindeutiger Wahlsieger ist die AfD mit einem Stimmenzuwachs von 9,4 Prozent. Die Gr\u00fcnen st\u00fcrzen ab, die FDP versinkt erneut in der Bedeutungslosigkeit.\n            <\/div>\n<p><\/p>\n<div class=\"Text-root Text-type_5 ArticleView-text ViewText-root \">\n<p>Rund 13,7 Millionen Wahlberechtigte in Nordrhein-Westfalen (NRW)\u00a0wurden am Sonntag zur Wahl einer neuen Landesregierung aufgerufen. Gew\u00e4hlt wurden neben den Kommunalparlamenten auch B\u00fcrgermeister, Oberb\u00fcrgermeister und Landr\u00e4te.\u00a0Der amtierende Ministerpr\u00e4sident Hendrik W\u00fcst\u00a0konnte mit der regierenden CDU das Ergebnis aus dem Jahr 2020 halten und kam auf 33,3 Prozent (minus 1,0). Eindeutiger Wahlsieger wurde die Alternative f\u00fcr Deutschland, die ihr vorheriges Ergebnis mit nun 14,5 Prozent verdreifachte. Gr\u00f6\u00dfter Wahlverlierer sind die Gr\u00fcnen mit 6,5 Prozent Verlusten und damit auf dem vierten Platz. Die SPD verlor ebenfalls weiter an Zustimmung (minus 2,2), bleibt aber auf Platz 2. Die Linke konnte leicht zulegen (plus 1,8 Prozent). Inhalte und Angebote seitens der FDP und des BSW interessierten wenige bis keine NRW-B\u00fcrger.<\/p>\n<p>Seit dem 28. Juni 2022 regiert in Nordrhein-Westfalen eine schwarz-gr\u00fcne Regierung, bestehend aus CDU und B\u00fcndnis 90\/Die Gr\u00fcnen, unter Ministerpr\u00e4sident Hendrik W\u00fcst (CDU). Der gestrige Wahltag sorgte f\u00fcr folgendes vorl\u00e4ufiges Endergebnis:<\/p>\n<ul>\n<li>CDU: 33,1 Prozent (-1,1)<\/li>\n<li>SPD: 22,1 Prozent (-2,2)<\/li>\n<li>AfD: 14,5 Prozent (+9,4)<\/li>\n<li>B\u00fcndnis 90\/Die Gr\u00fcnen: 13,5 Prozent (-6,5)<\/li>\n<li>Linke: 5,6 Prozent (+1,8)<\/li>\n<li>FDP: 3,7 Prozent (-1,9)<\/li>\n<li>BSW: 1,2 Prozent<\/li>\n<\/ul>\n<div class=\"EmbedBlock-root EmbedBlock-twitter\">\n<div class=\"TwitterEmbed\">\n<blockquote class=\"twitter-tweet lazyload\" data-twitter=\"twitter-tweet\">\n<p lang=\"de\" dir=\"ltr\"><a rel=\"nofollow noopener\" target=\"_blank\" href=\"https:\/\/twitter.com\/hashtag\/Kommunalwahlen?src=hash&amp;ref_src=twsrc%5Etfw\">#Kommunalwahlen<\/a> in Nordrhein-Westfalen \u2022 Das Landesergebnis der Kreistagswahlen und Stadtratswahlen in den kreisfreien St\u00e4dten\u27a4 Landesergebnis NRW im Detail: <a rel=\"nofollow noopener\" target=\"_blank\" href=\"https:\/\/t.co\/RtOTLGqL9X\">https:\/\/t.co\/RtOTLGqL9X<\/a>\u27a4 <a rel=\"nofollow noopener\" target=\"_blank\" href=\"https:\/\/twitter.com\/hashtag\/Wahlbeteiligung?src=hash&amp;ref_src=twsrc%5Etfw\">#Wahlbeteiligung<\/a>: 56,8 % (2020: 51,9 %) <a rel=\"nofollow noopener\" target=\"_blank\" href=\"https:\/\/t.co\/jcrXUOxCdN\">pic.twitter.com\/jcrXUOxCdN<\/a><\/p>\n<p>\u2014 Wahlrecht.de (@Wahlrecht_de) <a rel=\"nofollow noopener\" target=\"_blank\" href=\"https:\/\/twitter.com\/Wahlrecht_de\/status\/1967465034717819056?ref_src=twsrc%5Etfw\">September 15, 2025<\/a><\/p><\/blockquote>\n<\/div>\n<\/div>\n<p>Das mit rund 18 Millionen B\u00fcrgern bev\u00f6lkerungsreichste Bundesland pr\u00e4sentiert in den vorl\u00e4ufigen Einzelergebnissen der Kommunalwahl ein Spiegelbild der Gesellschaft. Die Wahlbeteiligung lag dabei laut einer aktuellen Hochrechnung vom Vorabend mit 56,8 Prozent h\u00f6her als bei der Kommunalwahl 2020 (51,9 Prozent). So konnten in der Studentenstadt M\u00fcnster die eindeutigen Wahlverlierer der Gr\u00fcnen beeindruckende 31,6 Prozent (+ 1,4) holen und stellen damit den n\u00e4chsten B\u00fcrgermeister. Die AfD erreichte hier magere 4,5 Prozent (+2,3).<\/p>\n<p>In Gelsenkirchen, einer Stadt mit hoher Arbeitslosigkeit und allen Facetten der Migrationsproblematik, konnte wiederum die AfD punkten. Die AfD erreichte hier Platz 2 mit 29,9 Prozent (+17), vor der SPD mit 30,4 Prozent (-4,7). Dazu\u00a0<a rel=\"nofollow noopener\" target=\"_blank\" href=\"https:\/\/www1.wdr.de\/nachrichten\/wahlen\/kommunalwahlen-2025\/gelsenkirchen-wahl-aktuell-100.html\">berichtet<\/a>\u00a0der\u00a0<em>WDR<\/em>:<\/p>\n<p><em>&#8220;Es ist amtlich: Die Wahlberechtigten in\u00a0Gelsenkirchen\u00a0haben entschieden, dass es f\u00fcr das Amt des Oberb\u00fcrgermeisters eine Stichwahl geben wird. Die Kandidatin von\u00a0SPD\u00a0und Gr\u00fcnen, Andrea Henze, und der Kandidat der\u00a0AfD, Norbert Emmerich, m\u00fcssen am 28. September erneut antreten.&#8221;<\/em><\/p>\n<p>In St\u00e4dten mit \u00e4hnlicher Problematik, wie Bochum (14,9 Prozent\/+9,2), Duisburg (21,2 Prozent\/+11,9) und Dortmund (16,6 Prozent\/+11,1), konnte ebenfalls die AfD eindeutig zulegen. Demgegen\u00fcber gewannen in der &#8220;bunten und diversen&#8221; Karnevalshochburg K\u00f6ln erneut die Gr\u00fcnen, wenn auch mit leichten Verlusten (25,0 Prozent\/-3,5).<\/p>\n<p>Die insgesamt Verdreifachung der AfD-Ergebnisse in Nordrhein-Westfalen\u00a0<a rel=\"nofollow noopener\" target=\"_blank\" href=\"https:\/\/www.spiegel.de\/politik\/deutschland\/news-kommunalwahl-in-nrw-afd-gaza-streifen-tuerkei-und-die-chp-a-f6474197-9416-48c1-b848-8dd4c5b91d35\">kommentierte<\/a>\u00a0der\u00a0<em>Spiegel<\/em>\u00a0am Morgen nach der Wahl mit der \u00dcberschrift:<\/p>\n<p><em>&#8220;Die AfD in NRW \u2013 in Wahrheit eine Loser-Truppe&#8221;<\/em><\/p>\n<p>Zur Begr\u00fcndung dienen die etwas h\u00f6heren Zweitstimmenergebnisse\u00a0der\u00a0AfD bei der Bundestagswahl. Das SPD-nahe\u00a0<em>RND<\/em>\u00a0<a rel=\"nofollow noopener\" target=\"_blank\" href=\"https:\/\/www.rnd.de\/politik\/kommunalwahlen-in-nrw-ergebnisse-und-alle-wichtigen-infos-im-ueberblick-EZ7KX34IKFBQZOWB3CA3MYVA4I.html\">berichtet<\/a>\u00a0zur Wahl:<\/p>\n<p><em>&#8220;Das Erstarken der AfD im Westen l\u00f6ste bei den anderen Parteien Sorge aus. &#8216;Dieses Ergebnis muss uns zu denken geben, kann uns auch nicht ruhig schlafen lassen&#8217;, sagte NRW-Ministerpr\u00e4sident Hendrik W\u00fcst (CDU). &#8216;Selbst meine Partei nicht, die diese Wahl so klar gewonnen hat&#8217;.&#8221;\u00a0<\/em><\/p>\n<p>In vielen Gro\u00dfst\u00e4dten wie Aachen, Bonn, Bochum, Bielefeld, D\u00fcsseldorf, Dortmund, Duisburg, Essen, K\u00f6ln und M\u00fcnster &#8220;gibt es am 28. September Stichwahlen um die Oberb\u00fcrgermeister-Posten&#8221;, <a rel=\"nofollow noopener\" target=\"_blank\" href=\"https:\/\/www.zdfheute.de\/politik\/deutschland\/nrw-kommunalwahl-2025-ergebnisse-100.html\">berichtet<\/a>\u00a0das <em>ZDF<\/em>. Weiter hei\u00dft es zusammenfassend:<\/p>\n<p><em>&#8220;In der gr\u00f6\u00dften NRW-Stadt K\u00f6ln kommt es zu einer Stichwahl zwischen der Gr\u00fcnen-Landtagsvizepr\u00e4sidentin Berivan Aymaz und dem SPD-Mann Torsten Burmester. In der Landeshauptstadt D\u00fcsseldorf lag Amtsinhaber Stephan Keller (CDU) vorn, muss aber in die Stichwahl gegen Clara Gerlach (Gr\u00fcne). In Bonn muss sich die gr\u00fcne Oberb\u00fcrgermeisterin Katja D\u00f6rner einer Stichwahl gegen den CDU-Kandidaten Guido D\u00e9us stellen, der im ersten Wahlgang die Nase vorn hatte.&#8221;<\/em><\/p>\n<p>In den Ruhrgebietsst\u00e4dten kommen insgesamt in Gelsenkirchen, zudem auch in Duisburg und Hagen drei AfD-Kandidaten in die erforderliche Stichwahl, dabei\u00a0gegen SPD-Kandidaten (Gelsenkirchen, Duisburg) und einen CDU-Kandidaten (Hagen). Der amtierende Ministerpr\u00e4sident Hendrik W\u00fcst k\u00fcndigte vor Journalisten die erwartbare &#8220;demokratische&#8221; Brandmauerstrategie der Konkurrenz an, um zu Protokoll zu geben:<\/p>\n<p><em>&#8220;Wenn jemand von der AfD in der Stichwahl ist und jemand von einer demokratischen Partei, dann wissen Demokraten, was zu tun ist.&#8221;<\/em><\/p>\n<p>Die\u00a0SPD-Landesparteichefin Sarah Philipp erkl\u00e4rte noch am Wahlabend im\u00a0<em>WDR<\/em>-Fernsehen unisono:<\/p>\n<p><em>&#8220;Da, wo die CDU mit der AfD in der Stichwahl ist, da ist f\u00fcr mich als Sozialdemokratin ganz klar, wir unterst\u00fctzen nat\u00fcrlich die CDU&#8221;, sagte Philipp. Das erwarte sie umgekehrt auch von der CDU.&#8221;\u00a0<\/em><\/p>\n<p><strong>Mehr zum Thema<\/strong> &#8211; <a rel=\"nofollow noopener\" target=\"_blank\" href=\"https:\/\/freedert.online\/inland\/255030-plaene-bundesregierung-9-milliarden-fuer\/\">Sozialstaat schleifen, Nachfrage d\u00e4mpfen \u2013 Merz auf dem CDU-Parteitag in Bonn<\/a><\/p>\n<div class=\"EmbedBlock-root EmbedBlock-externalVideo EmbedBlock-rumble\">\n<div class=\"VkEmbed\"><iframe class=\"lazyload\" data-src=\"https:\/\/rumble.com\/embed\/v6wigi8\" frameborder=\"0\" width=\"853\" height=\"480\" allowfullscreen><\/iframe><\/div>\n<\/div>\n<\/div>\n<p><script async src=\"https:\/\/platform.twitter.com\/widgets.js\" charset=\"utf-8\"><\/script><br \/>\n<br \/><br \/>\n<br \/><a href=\"https:\/\/de.rt.com\/inland\/256042-nrw-wahl-cdu-gewinnt-mit\/\">Source link <\/a><\/p>\n","protected":false},"excerpt":{"rendered":"<p>Die Kommunalwahlen in Nordrhein-Westfalen gelten als Stimmungstest f\u00fcr die schwarz-rote Koalition in Berlin. Die CDU-Landesregierung unter Hendrik W\u00fcst gewann mit minimalen Verlusten. Eindeutiger Wahlsieger ist die AfD mit einem Stimmenzuwachs von 9,4 Prozent. Die Gr\u00fcnen st\u00fcrzen ab, die FDP versinkt erneut in der Bedeutungslosigkeit. Rund 13,7 Millionen Wahlberechtigte in Nordrhein-Westfalen (NRW)\u00a0wurden am Sonntag zur Wahl [&hellip;]<\/p>\n","protected":false},"author":3,"featured_media":90531,"comment_status":"open","ping_status":"open","sticky":false,"template":"","format":"standard","meta":{"_yoast_indexnow_last_ping":["1757925169"],"wp_automatic_camp":["217"],"989efdc99e197faa436956b2dedcd78c":["NRW-Wahl: CDU, SPD und AfD vorn \u2013 in drei St\u00e4dten kommt es zur B\u00fcrgermeisterstichwahl mit der AfD"],"original_link":["https:\/\/de.rt.com\/inland\/256042-nrw-wahl-cdu-gewinnt-mit\/"],"_thumbnail_id":["90531"],"jnews_social_counter_last_update":["1777614559"],"_wptgpro_p2tg_sent2tg":["a:1:{i:23737;s:19:\"2025-09-15 10:34:04\";}"]},"categories":[19,23],"tags":[3815,67744,3795,82,3836,310,419,67743,3814,22607,140,19074,581],"yoast_head":"<!-- This site is optimized with the Yoast SEO Premium plugin v22.7 (Yoast SEO v22.7) - https:\/\/yoast.com\/wordpress\/plugins\/seo\/ -->\n<title>NRW-Wahl: CDU, SPD und AfD vorn \u2013 in drei St\u00e4dten kommt es zur B\u00fcrgermeisterstichwahl mit der AfD - just-now.NEWS Deutschland<\/title>\n<meta name=\"robots\" content=\"index, follow, max-snippet:-1, max-image-preview:large, max-video-preview:-1\" \/>\n<link rel=\"canonical\" href=\"https:\/\/now-news.de\/de\/deutschland\/nrw-wahl-cdu-spd-und-afd-vorn-in-drei-staedten-kommt-es-zur-buergermeisterstichwahl-mit-der-afd\/\" \/>\n<meta property=\"og:locale\" content=\"de_DE\" \/>\n<meta property=\"og:type\" content=\"article\" \/>\n<meta property=\"og:title\" content=\"NRW-Wahl: CDU, SPD und AfD vorn \u2013 in drei St\u00e4dten kommt es zur B\u00fcrgermeisterstichwahl mit der AfD\" \/>\n<meta property=\"og:description\" content=\"Die Kommunalwahlen in Nordrhein-Westfalen gelten als Stimmungstest f\u00fcr die schwarz-rote Koalition in Berlin. Die CDU-Landesregierung unter Hendrik W\u00fcst gewann mit minimalen Verlusten. Eindeutiger Wahlsieger ist die AfD mit einem Stimmenzuwachs von 9,4 Prozent. Die Gr\u00fcnen st\u00fcrzen ab, die FDP versinkt erneut in der Bedeutungslosigkeit. Rund 13,7 Millionen Wahlberechtigte in Nordrhein-Westfalen (NRW)\u00a0wurden am Sonntag zur Wahl [&hellip;]\" \/>\n<meta property=\"og:url\" content=\"https:\/\/now-news.de\/de\/deutschland\/nrw-wahl-cdu-spd-und-afd-vorn-in-drei-staedten-kommt-es-zur-buergermeisterstichwahl-mit-der-afd\/\" \/>\n<meta property=\"og:site_name\" content=\"just-now.NEWS Deutschland\" \/>\n<meta property=\"article:publisher\" content=\"https:\/\/www.facebook.com\/wirmachenauf\" \/>\n<meta property=\"article:published_time\" content=\"2025-09-15T08:18:14+00:00\" \/>\n<meta property=\"og:image\" content=\"https:\/\/now-news.de\/de\/wp-content\/uploads\/sites\/3\/2025\/09\/68c7ad35b480cc75b60066d7.JPG\" \/>\n<meta name=\"author\" content=\"rtnews\" \/>\n<meta name=\"twitter:card\" content=\"summary_large_image\" \/>\n<meta name=\"twitter:creator\" content=\"@WirMachenAuf_de\" \/>\n<meta name=\"twitter:site\" content=\"@WirMachenAuf_de\" \/>\n<meta name=\"twitter:label1\" content=\"Verfasst von\" \/>\n\t<meta name=\"twitter:data1\" content=\"rtnews\" \/>\n\t<meta name=\"twitter:label2\" content=\"Gesch\u00e4tzte Lesezeit\" \/>\n\t<meta name=\"twitter:data2\" content=\"4\u00a0Minuten\" \/>\n<script type=\"application\/ld+json\" class=\"yoast-schema-graph\">{\"@context\":\"https:\/\/schema.org\",\"@graph\":[{\"@type\":\"Article\",\"@id\":\"https:\/\/now-news.de\/de\/deutschland\/nrw-wahl-cdu-spd-und-afd-vorn-in-drei-staedten-kommt-es-zur-buergermeisterstichwahl-mit-der-afd\/#article\",\"isPartOf\":{\"@id\":\"https:\/\/now-news.de\/de\/deutschland\/nrw-wahl-cdu-spd-und-afd-vorn-in-drei-staedten-kommt-es-zur-buergermeisterstichwahl-mit-der-afd\/\"},\"author\":{\"name\":\"rtnews\",\"@id\":\"https:\/\/now-news.de\/de\/#\/schema\/person\/fb534a4e865501d8b3285208df34a9b5\"},\"headline\":\"NRW-Wahl: CDU, SPD und AfD vorn \u2013 in drei St\u00e4dten kommt es zur B\u00fcrgermeisterstichwahl mit der AfD\",\"datePublished\":\"2025-09-15T08:18:14+00:00\",\"dateModified\":\"2025-09-15T08:18:14+00:00\",\"mainEntityOfPage\":{\"@id\":\"https:\/\/now-news.de\/de\/deutschland\/nrw-wahl-cdu-spd-und-afd-vorn-in-drei-staedten-kommt-es-zur-buergermeisterstichwahl-mit-der-afd\/\"},\"wordCount\":809,\"commentCount\":0,\"publisher\":{\"@id\":\"https:\/\/now-news.de\/de\/#organization\"},\"image\":{\"@id\":\"https:\/\/now-news.de\/de\/deutschland\/nrw-wahl-cdu-spd-und-afd-vorn-in-drei-staedten-kommt-es-zur-buergermeisterstichwahl-mit-der-afd\/#primaryimage\"},\"thumbnailUrl\":\"https:\/\/now-news.de\/de\/wp-content\/uploads\/sites\/3\/2025\/09\/NRW-Wahl-CDU-SPD-und-AfD-vorn-\u2013-in-drei-Staedten.JPG\",\"keywords\":[\"AfD\",\"B\u00fcrgermeisterstichwahl\",\"CDU\",\"der\",\"drei\",\"kommt\",\"mit\",\"NRWWahl\",\"SPD\",\"St\u00e4dten\",\"und\",\"vorn\",\"zur\"],\"articleSection\":[\"Deutschland\",\"Russland\"],\"inLanguage\":\"de\",\"potentialAction\":[{\"@type\":\"CommentAction\",\"name\":\"Comment\",\"target\":[\"https:\/\/now-news.de\/de\/deutschland\/nrw-wahl-cdu-spd-und-afd-vorn-in-drei-staedten-kommt-es-zur-buergermeisterstichwahl-mit-der-afd\/#respond\"]}]},{\"@type\":\"WebPage\",\"@id\":\"https:\/\/now-news.de\/de\/deutschland\/nrw-wahl-cdu-spd-und-afd-vorn-in-drei-staedten-kommt-es-zur-buergermeisterstichwahl-mit-der-afd\/\",\"url\":\"https:\/\/now-news.de\/de\/deutschland\/nrw-wahl-cdu-spd-und-afd-vorn-in-drei-staedten-kommt-es-zur-buergermeisterstichwahl-mit-der-afd\/\",\"name\":\"NRW-Wahl: CDU, SPD und AfD vorn \u2013 in drei St\u00e4dten kommt es zur B\u00fcrgermeisterstichwahl mit der AfD - just-now.NEWS Deutschland\",\"isPartOf\":{\"@id\":\"https:\/\/now-news.de\/de\/#website\"},\"primaryImageOfPage\":{\"@id\":\"https:\/\/now-news.de\/de\/deutschland\/nrw-wahl-cdu-spd-und-afd-vorn-in-drei-staedten-kommt-es-zur-buergermeisterstichwahl-mit-der-afd\/#primaryimage\"},\"image\":{\"@id\":\"https:\/\/now-news.de\/de\/deutschland\/nrw-wahl-cdu-spd-und-afd-vorn-in-drei-staedten-kommt-es-zur-buergermeisterstichwahl-mit-der-afd\/#primaryimage\"},\"thumbnailUrl\":\"https:\/\/now-news.de\/de\/wp-content\/uploads\/sites\/3\/2025\/09\/NRW-Wahl-CDU-SPD-und-AfD-vorn-\u2013-in-drei-Staedten.JPG\",\"datePublished\":\"2025-09-15T08:18:14+00:00\",\"dateModified\":\"2025-09-15T08:18:14+00:00\",\"breadcrumb\":{\"@id\":\"https:\/\/now-news.de\/de\/deutschland\/nrw-wahl-cdu-spd-und-afd-vorn-in-drei-staedten-kommt-es-zur-buergermeisterstichwahl-mit-der-afd\/#breadcrumb\"},\"inLanguage\":\"de\",\"potentialAction\":[{\"@type\":\"ReadAction\",\"target\":[\"https:\/\/now-news.de\/de\/deutschland\/nrw-wahl-cdu-spd-und-afd-vorn-in-drei-staedten-kommt-es-zur-buergermeisterstichwahl-mit-der-afd\/\"]}]},{\"@type\":\"ImageObject\",\"inLanguage\":\"de\",\"@id\":\"https:\/\/now-news.de\/de\/deutschland\/nrw-wahl-cdu-spd-und-afd-vorn-in-drei-staedten-kommt-es-zur-buergermeisterstichwahl-mit-der-afd\/#primaryimage\",\"url\":\"https:\/\/now-news.de\/de\/wp-content\/uploads\/sites\/3\/2025\/09\/NRW-Wahl-CDU-SPD-und-AfD-vorn-\u2013-in-drei-Staedten.JPG\",\"contentUrl\":\"https:\/\/now-news.de\/de\/wp-content\/uploads\/sites\/3\/2025\/09\/NRW-Wahl-CDU-SPD-und-AfD-vorn-\u2013-in-drei-Staedten.JPG\",\"width\":460,\"height\":259,\"caption\":\"NRW-Wahl: CDU, SPD und AfD vorn \u2013 in drei St\u00e4dten kommt es zur B\u00fcrgermeisterstichwahl mit der AfD\"},{\"@type\":\"BreadcrumbList\",\"@id\":\"https:\/\/now-news.de\/de\/deutschland\/nrw-wahl-cdu-spd-und-afd-vorn-in-drei-staedten-kommt-es-zur-buergermeisterstichwahl-mit-der-afd\/#breadcrumb\",\"itemListElement\":[{\"@type\":\"ListItem\",\"position\":1,\"name\":\"Home\",\"item\":\"https:\/\/now-news.de\/de\/\"},{\"@type\":\"ListItem\",\"position\":2,\"name\":\"NRW-Wahl: CDU, SPD und AfD vorn \u2013 in drei St\u00e4dten kommt es zur B\u00fcrgermeisterstichwahl mit der AfD\"}]},{\"@type\":\"WebSite\",\"@id\":\"https:\/\/now-news.de\/de\/#website\",\"url\":\"https:\/\/now-news.de\/de\/\",\"name\":\"just-now.NEWS Deutschland\",\"description\":\"Das Portal f\u00fcr unzensierte Nachrichten aus der Welt\",\"publisher\":{\"@id\":\"https:\/\/now-news.de\/de\/#organization\"},\"potentialAction\":[{\"@type\":\"SearchAction\",\"target\":{\"@type\":\"EntryPoint\",\"urlTemplate\":\"https:\/\/now-news.de\/de\/?s={search_term_string}\"},\"query-input\":\"required name=search_term_string\"}],\"inLanguage\":\"de\"},{\"@type\":\"Organization\",\"@id\":\"https:\/\/now-news.de\/de\/#organization\",\"name\":\"Just Now News\",\"url\":\"https:\/\/now-news.de\/de\/\",\"logo\":{\"@type\":\"ImageObject\",\"inLanguage\":\"de\",\"@id\":\"https:\/\/now-news.de\/de\/#\/schema\/logo\/image\/\",\"url\":\"http:\/\/just-now.news\/de\/wp-content\/uploads\/sites\/3\/2022\/04\/logo500x500.jpg\",\"contentUrl\":\"http:\/\/just-now.news\/de\/wp-content\/uploads\/sites\/3\/2022\/04\/logo500x500.jpg\",\"width\":500,\"height\":500,\"caption\":\"Just Now News\"},\"image\":{\"@id\":\"https:\/\/now-news.de\/de\/#\/schema\/logo\/image\/\"},\"sameAs\":[\"https:\/\/www.facebook.com\/wirmachenauf\",\"https:\/\/x.com\/WirMachenAuf_de\"]},{\"@type\":\"Person\",\"@id\":\"https:\/\/now-news.de\/de\/#\/schema\/person\/fb534a4e865501d8b3285208df34a9b5\",\"name\":\"rtnews\",\"image\":{\"@type\":\"ImageObject\",\"inLanguage\":\"de\",\"@id\":\"https:\/\/now-news.de\/de\/#\/schema\/person\/image\/\",\"url\":\"https:\/\/secure.gravatar.com\/avatar\/82aafea7d8127119dd649515f56e2117?s=96&d=mm&r=g\",\"contentUrl\":\"https:\/\/secure.gravatar.com\/avatar\/82aafea7d8127119dd649515f56e2117?s=96&d=mm&r=g\",\"caption\":\"rtnews\"},\"url\":\"https:\/\/now-news.de\/de\/author\/rnews\/\"}]}<\/script>\n<!-- \/ Yoast SEO Premium plugin. -->","yoast_head_json":{"title":"NRW-Wahl: CDU, SPD und AfD vorn \u2013 in drei St\u00e4dten kommt es zur B\u00fcrgermeisterstichwahl mit der AfD - just-now.NEWS Deutschland","robots":{"index":"index","follow":"follow","max-snippet":"max-snippet:-1","max-image-preview":"max-image-preview:large","max-video-preview":"max-video-preview:-1"},"canonical":"https:\/\/now-news.de\/de\/deutschland\/nrw-wahl-cdu-spd-und-afd-vorn-in-drei-staedten-kommt-es-zur-buergermeisterstichwahl-mit-der-afd\/","og_locale":"de_DE","og_type":"article","og_title":"NRW-Wahl: CDU, SPD und AfD vorn \u2013 in drei St\u00e4dten kommt es zur B\u00fcrgermeisterstichwahl mit der AfD","og_description":"Die Kommunalwahlen in Nordrhein-Westfalen gelten als Stimmungstest f\u00fcr die schwarz-rote Koalition in Berlin. Die CDU-Landesregierung unter Hendrik W\u00fcst gewann mit minimalen Verlusten. Eindeutiger Wahlsieger ist die AfD mit einem Stimmenzuwachs von 9,4 Prozent. Die Gr\u00fcnen st\u00fcrzen ab, die FDP versinkt erneut in der Bedeutungslosigkeit. Rund 13,7 Millionen Wahlberechtigte in Nordrhein-Westfalen (NRW)\u00a0wurden am Sonntag zur Wahl [&hellip;]","og_url":"https:\/\/now-news.de\/de\/deutschland\/nrw-wahl-cdu-spd-und-afd-vorn-in-drei-staedten-kommt-es-zur-buergermeisterstichwahl-mit-der-afd\/","og_site_name":"just-now.NEWS Deutschland","article_publisher":"https:\/\/www.facebook.com\/wirmachenauf","article_published_time":"2025-09-15T08:18:14+00:00","og_image":[{"url":"https:\/\/now-news.de\/de\/wp-content\/uploads\/sites\/3\/2025\/09\/68c7ad35b480cc75b60066d7.JPG"}],"author":"rtnews","twitter_card":"summary_large_image","twitter_creator":"@WirMachenAuf_de","twitter_site":"@WirMachenAuf_de","twitter_misc":{"Verfasst von":"rtnews","Gesch\u00e4tzte Lesezeit":"4\u00a0Minuten"},"schema":{"@context":"https:\/\/schema.org","@graph":[{"@type":"Article","@id":"https:\/\/now-news.de\/de\/deutschland\/nrw-wahl-cdu-spd-und-afd-vorn-in-drei-staedten-kommt-es-zur-buergermeisterstichwahl-mit-der-afd\/#article","isPartOf":{"@id":"https:\/\/now-news.de\/de\/deutschland\/nrw-wahl-cdu-spd-und-afd-vorn-in-drei-staedten-kommt-es-zur-buergermeisterstichwahl-mit-der-afd\/"},"author":{"name":"rtnews","@id":"https:\/\/now-news.de\/de\/#\/schema\/person\/fb534a4e865501d8b3285208df34a9b5"},"headline":"NRW-Wahl: CDU, SPD und AfD vorn \u2013 in drei St\u00e4dten kommt es zur B\u00fcrgermeisterstichwahl mit der AfD","datePublished":"2025-09-15T08:18:14+00:00","dateModified":"2025-09-15T08:18:14+00:00","mainEntityOfPage":{"@id":"https:\/\/now-news.de\/de\/deutschland\/nrw-wahl-cdu-spd-und-afd-vorn-in-drei-staedten-kommt-es-zur-buergermeisterstichwahl-mit-der-afd\/"},"wordCount":809,"commentCount":0,"publisher":{"@id":"https:\/\/now-news.de\/de\/#organization"},"image":{"@id":"https:\/\/now-news.de\/de\/deutschland\/nrw-wahl-cdu-spd-und-afd-vorn-in-drei-staedten-kommt-es-zur-buergermeisterstichwahl-mit-der-afd\/#primaryimage"},"thumbnailUrl":"https:\/\/now-news.de\/de\/wp-content\/uploads\/sites\/3\/2025\/09\/NRW-Wahl-CDU-SPD-und-AfD-vorn-\u2013-in-drei-Staedten.JPG","keywords":["AfD","B\u00fcrgermeisterstichwahl","CDU","der","drei","kommt","mit","NRWWahl","SPD","St\u00e4dten","und","vorn","zur"],"articleSection":["Deutschland","Russland"],"inLanguage":"de","potentialAction":[{"@type":"CommentAction","name":"Comment","target":["https:\/\/now-news.de\/de\/deutschland\/nrw-wahl-cdu-spd-und-afd-vorn-in-drei-staedten-kommt-es-zur-buergermeisterstichwahl-mit-der-afd\/#respond"]}]},{"@type":"WebPage","@id":"https:\/\/now-news.de\/de\/deutschland\/nrw-wahl-cdu-spd-und-afd-vorn-in-drei-staedten-kommt-es-zur-buergermeisterstichwahl-mit-der-afd\/","url":"https:\/\/now-news.de\/de\/deutschland\/nrw-wahl-cdu-spd-und-afd-vorn-in-drei-staedten-kommt-es-zur-buergermeisterstichwahl-mit-der-afd\/","name":"NRW-Wahl: CDU, SPD und AfD vorn \u2013 in drei St\u00e4dten kommt es zur B\u00fcrgermeisterstichwahl mit der AfD - just-now.NEWS Deutschland","isPartOf":{"@id":"https:\/\/now-news.de\/de\/#website"},"primaryImageOfPage":{"@id":"https:\/\/now-news.de\/de\/deutschland\/nrw-wahl-cdu-spd-und-afd-vorn-in-drei-staedten-kommt-es-zur-buergermeisterstichwahl-mit-der-afd\/#primaryimage"},"image":{"@id":"https:\/\/now-news.de\/de\/deutschland\/nrw-wahl-cdu-spd-und-afd-vorn-in-drei-staedten-kommt-es-zur-buergermeisterstichwahl-mit-der-afd\/#primaryimage"},"thumbnailUrl":"https:\/\/now-news.de\/de\/wp-content\/uploads\/sites\/3\/2025\/09\/NRW-Wahl-CDU-SPD-und-AfD-vorn-\u2013-in-drei-Staedten.JPG","datePublished":"2025-09-15T08:18:14+00:00","dateModified":"2025-09-15T08:18:14+00:00","breadcrumb":{"@id":"https:\/\/now-news.de\/de\/deutschland\/nrw-wahl-cdu-spd-und-afd-vorn-in-drei-staedten-kommt-es-zur-buergermeisterstichwahl-mit-der-afd\/#breadcrumb"},"inLanguage":"de","potentialAction":[{"@type":"ReadAction","target":["https:\/\/now-news.de\/de\/deutschland\/nrw-wahl-cdu-spd-und-afd-vorn-in-drei-staedten-kommt-es-zur-buergermeisterstichwahl-mit-der-afd\/"]}]},{"@type":"ImageObject","inLanguage":"de","@id":"https:\/\/now-news.de\/de\/deutschland\/nrw-wahl-cdu-spd-und-afd-vorn-in-drei-staedten-kommt-es-zur-buergermeisterstichwahl-mit-der-afd\/#primaryimage","url":"https:\/\/now-news.de\/de\/wp-content\/uploads\/sites\/3\/2025\/09\/NRW-Wahl-CDU-SPD-und-AfD-vorn-\u2013-in-drei-Staedten.JPG","contentUrl":"https:\/\/now-news.de\/de\/wp-content\/uploads\/sites\/3\/2025\/09\/NRW-Wahl-CDU-SPD-und-AfD-vorn-\u2013-in-drei-Staedten.JPG","width":460,"height":259,"caption":"NRW-Wahl: CDU, SPD und AfD vorn \u2013 in drei St\u00e4dten kommt es zur B\u00fcrgermeisterstichwahl mit der AfD"},{"@type":"BreadcrumbList","@id":"https:\/\/now-news.de\/de\/deutschland\/nrw-wahl-cdu-spd-und-afd-vorn-in-drei-staedten-kommt-es-zur-buergermeisterstichwahl-mit-der-afd\/#breadcrumb","itemListElement":[{"@type":"ListItem","position":1,"name":"Home","item":"https:\/\/now-news.de\/de\/"},{"@type":"ListItem","position":2,"name":"NRW-Wahl: CDU, SPD und AfD vorn \u2013 in drei St\u00e4dten kommt es zur B\u00fcrgermeisterstichwahl mit der AfD"}]},{"@type":"WebSite","@id":"https:\/\/now-news.de\/de\/#website","url":"https:\/\/now-news.de\/de\/","name":"just-now.NEWS Deutschland","description":"Das Portal f\u00fcr unzensierte Nachrichten aus der Welt","publisher":{"@id":"https:\/\/now-news.de\/de\/#organization"},"potentialAction":[{"@type":"SearchAction","target":{"@type":"EntryPoint","urlTemplate":"https:\/\/now-news.de\/de\/?s={search_term_string}"},"query-input":"required name=search_term_string"}],"inLanguage":"de"},{"@type":"Organization","@id":"https:\/\/now-news.de\/de\/#organization","name":"Just Now News","url":"https:\/\/now-news.de\/de\/","logo":{"@type":"ImageObject","inLanguage":"de","@id":"https:\/\/now-news.de\/de\/#\/schema\/logo\/image\/","url":"http:\/\/just-now.news\/de\/wp-content\/uploads\/sites\/3\/2022\/04\/logo500x500.jpg","contentUrl":"http:\/\/just-now.news\/de\/wp-content\/uploads\/sites\/3\/2022\/04\/logo500x500.jpg","width":500,"height":500,"caption":"Just Now News"},"image":{"@id":"https:\/\/now-news.de\/de\/#\/schema\/logo\/image\/"},"sameAs":["https:\/\/www.facebook.com\/wirmachenauf","https:\/\/x.com\/WirMachenAuf_de"]},{"@type":"Person","@id":"https:\/\/now-news.de\/de\/#\/schema\/person\/fb534a4e865501d8b3285208df34a9b5","name":"rtnews","image":{"@type":"ImageObject","inLanguage":"de","@id":"https:\/\/now-news.de\/de\/#\/schema\/person\/image\/","url":"https:\/\/secure.gravatar.com\/avatar\/82aafea7d8127119dd649515f56e2117?s=96&d=mm&r=g","contentUrl":"https:\/\/secure.gravatar.com\/avatar\/82aafea7d8127119dd649515f56e2117?s=96&d=mm&r=g","caption":"rtnews"},"url":"https:\/\/now-news.de\/de\/author\/rnews\/"}]}},"_links":{"self":[{"href":"https:\/\/now-news.de\/de\/wp-json\/wp\/v2\/posts\/90530"}],"collection":[{"href":"https:\/\/now-news.de\/de\/wp-json\/wp\/v2\/posts"}],"about":[{"href":"https:\/\/now-news.de\/de\/wp-json\/wp\/v2\/types\/post"}],"author":[{"embeddable":true,"href":"https:\/\/now-news.de\/de\/wp-json\/wp\/v2\/users\/3"}],"replies":[{"embeddable":true,"href":"https:\/\/now-news.de\/de\/wp-json\/wp\/v2\/comments?post=90530"}],"version-history":[{"count":0,"href":"https:\/\/now-news.de\/de\/wp-json\/wp\/v2\/posts\/90530\/revisions"}],"wp:featuredmedia":[{"embeddable":true,"href":"https:\/\/now-news.de\/de\/wp-json\/wp\/v2\/media\/90531"}],"wp:attachment":[{"href":"https:\/\/now-news.de\/de\/wp-json\/wp\/v2\/media?parent=90530"}],"wp:term":[{"taxonomy":"category","embeddable":true,"href":"https:\/\/now-news.de\/de\/wp-json\/wp\/v2\/categories?post=90530"},{"taxonomy":"post_tag","embeddable":true,"href":"https:\/\/now-news.de\/de\/wp-json\/wp\/v2\/tags?post=90530"}],"curies":[{"name":"wp","href":"https:\/\/api.w.org\/{rel}","templated":true}]}}