{"id":90510,"date":"2025-09-14T19:21:56","date_gmt":"2025-09-14T17:21:56","guid":{"rendered":"https:\/\/now-news.de\/de\/deutschland\/demonstration-gegen-migration-in-london-das-ist-nur-die-oberflaeche\/"},"modified":"2025-09-14T19:21:56","modified_gmt":"2025-09-14T17:21:56","slug":"demonstration-gegen-migration-in-london-das-ist-nur-die-oberflaeche","status":"publish","type":"post","link":"https:\/\/now-news.de\/de\/deutschland\/demonstration-gegen-migration-in-london-das-ist-nur-die-oberflaeche\/","title":{"rendered":"Demonstration &quot;gegen Migration&quot; in London? Das ist nur die Oberfl\u00e4che&#8230;"},"content":{"rendered":"<p><img decoding=\"async\" src=\"https:\/\/now-news.de\/de\/wp-content\/uploads\/sites\/3\/2025\/09\/68c6e55cb480cc466e0a104e.jpg\" \/><\/p>\n<div class=\"Text-root Text-type_1 \">\n                Es sei die gr\u00f6\u00dfte rechte Demonstration, die man seit langem in England gesehen habe, hei\u00dft es. Aber um zu verstehen, was die Menschen wirklich in London auf die Stra\u00dfe trieb, muss man das gesamte Bild betrachten. Ein vernachl\u00e4ssigtes Land.\n            <\/div>\n<p><\/p>\n<div class=\"Text-root Text-type_5 ArticleView-text ViewText-root \">\n<p><em>Von Dagmar Henn<\/em><\/p>\n<p>F\u00fcr die Konservativen in Gro\u00dfbritannien ist die Londoner Demonstration ein Menetekel \u2012 mindestens\u00a0100.000\u00a0bis\u00a0150.000 Menschen\u00a0marschierten selbst nach Sch\u00e4tzungen liberaler Medien am Samstag durch London, in einem Zug, dessen urspr\u00fcngliches Thema die Einschr\u00e4nkung der Meinungsfreiheit war, als &#8220;Festival der freien Rede&#8221;, der sich aber auch infolge der Auseinandersetzungen in j\u00fcngerer Zeit in eine Demonstration gegen illegale Einwanderung verwandelte.<\/p>\n<p>Das lag bei weitem nicht nur am Organisator der Demonstration, Tommy Robinson, einer etwas zwielichtigen Gestalt, die Anfang des Jahrtausends tats\u00e4chlich Mitglied der britischen Nazipartei British National Party (BNP) war. Au\u00dferdem Hooligan, Flugzeugmechaniker, Journalist, Spieler und Berater der Brexit-Partei UKIP\u00a0\u2012 und stets in Aktivismus gegen Migration, insbesondere islamische, involviert. Ein Mann, der bereits mehrere Gef\u00e4ngnisaufenthalte wegen gewaltt\u00e4tigen Verhaltens hinter sich hat. Ginge es um Robinson und nicht um die unz\u00e4hligen Probleme, die die britische Gesellschaft derzeit plagen, h\u00e4tte das Zahlenverh\u00e4ltnis nie mehr als\u00a0100.000\u00a0auf der Demonstration und nur\u00a05.000 auf der Gegendemonstration betragen \u2012 viele Jahrzehnte lang waren die Zahlenverh\u00e4ltnisse umgekehrt.<\/p>\n<p>Aber auch Gro\u00dfbritannien hat ein Migrationsproblem. Im vergangenen Jahr allein kamen 36.816 illegale Einwanderer per Boot, \u00fcber den \u00c4rmelkanal, nach England. Das ist etwas weniger als 2022, aber damals war eigentlich versucht worden, diesen Weg zu versperren \u2012 die franz\u00f6sische und die deutsche Polizei versuchten damals, auch in Deutschland den Kauf von Schlauchbooten und Motoren f\u00fcr diesen Zweck zu unterbinden. 90 Prozent dieser Boote sollen in Deutschland erworben worden sein. Allerdings gibt es inzwischen Mitteilungen \u00fcber einen Schmuggel von Schlauchbooten zur Kanal\u00fcberquerung bis aus der T\u00fcrkei. Im August wurden auf britische Bitten an der bulgarischen Grenze 70 Boote <a rel=\"nofollow noopener\" target=\"_blank\" href=\"https:\/\/de.nachrichten.yahoo.com\/rund-70-schleuser-boote-beschlagnahmt-163311398.html\">beschlagnahmt<\/a>, die f\u00fcr diesen Zweck in Lastwagen verborgen worden waren.<\/p>\n<p>Dennoch haben\u00a0im laufenden Jahr bereits 30.164 Personen so den Kanal \u00fcberquert\u00a0\u2012 allein am Samstag, dem 6. September, mehr als 1.000. Im Juli waren 45.000 Asylbewerber in Hotels untergebracht, zu Kosten von 6 Millionen britischen Pfund (6,93 Millionen Euro) t\u00e4glich. Die Migranten, die \u00fcber den \u00c4rmelkanal kommen,\u00a0machen jedoch nur einen Teil der Einwanderer aus. Die weit \u00fcberwiegende Mehrheit kommt legal, mit einem Besuchs- oder Arbeitsvisum, und bleibt. Allein in London wird nach einer neueren <a rel=\"nofollow noopener\" target=\"_blank\" href=\"https:\/\/www.standard.co.uk\/news\/london\/illegal-migrants-uk-london-report-thames-water-b1206559.html\">Studie<\/a> die Zahl der Illegalen auf bis zu 585.000, also jeden zw\u00f6lften Stadtbewohner, gesch\u00e4tzt.<\/p>\n<p>Die Migranten auf den Booten kommen <a rel=\"nofollow noopener\" target=\"_blank\" href=\"https:\/\/www.bbc.com\/news\/articles\/c8xgkx20dyvo\">\u00fcberwiegend<\/a> aus Afghanistan und Eritrea, Iran und Syrien. <a rel=\"nofollow noopener\" target=\"_blank\" href=\"https:\/\/migrationobservatory.ox.ac.uk\/resources\/briefings\/migrants-in-the-uk-an-overview\/\">Insgesamt<\/a> sind Indien, Polen, Pakistan und Rum\u00e4nien die Hauptursprungsl\u00e4nder von in Gro\u00dfbritannien lebenden Ausl\u00e4ndern. Allerdings sind gerade von Indern und Pakistanis viele l\u00e4ngst eingeb\u00fcrgert worden. Seit 2006 hat sich die Zahl der nicht in Gro\u00dfbritannien geborenen Einwohner von 5,2 Millionen auf 10,3 Millionen im Jahr 2023 fast verdoppelt. Leicester, London, Birmingham, Manchester, Slough und Luton sind St\u00e4dte, in denen die Briten nicht mehr die Mehrheit der Bev\u00f6lkerung stellen. Der derzeitige Labour-B\u00fcrgermeister von London, Sadiq Khan, ist ein Brite pakistanischer Abstammung. Die Generation seiner Eltern geh\u00f6rte noch zu jenen, die als Angeh\u00f6rige des Commonwealth, also der ehemaligen britischen Kolonien, einfach einreisen konnten.<\/p>\n<p>Aber im Gegensatz zum Jahr 1968, als Khans Eltern in London eintrafen, ist Gro\u00dfbritannien heute weder ein Industrieland noch in wirtschaftlich guter Verfassung. Nachdem Maggie Thatcher als Premierministerin in den 1980ern die Deindustrialisierung eingeleitet hatte, ist inzwischen nur noch wenig Industrie \u00fcbrig: Das letzte Stahlwerk\u00a0des Landes \u2012\u00a0Scunthorpe \u2012, das einmal die Stahlproduktion mit Kokskohle erfunden und damit die Industrialisierung erm\u00f6glicht hatte, wurde im April durch Verstaatlichung vor der Schlie\u00dfung <a rel=\"nofollow noopener\" target=\"_blank\" href=\"https:\/\/www.tagesschau.de\/wirtschaft\/weltwirtschaft\/grossbritannien-stahl-produktion-rettung-regierung-100.html\">gerettet<\/a>. Das Erd\u00f6l aus der Nordsee, das die Folgen dieser Deindustrialisierung \u00fcberdeckt hat, ist inzwischen weitgehend ersch\u00f6pft, und die Finanzwirtschaft in der City of London hangelt sich seit 2008 auch nur von Blase zu Blase, selbst wenn die Zahlen den Anschein erwecken, da werde Geld verdient.<\/p>\n<p>Die Entscheidung f\u00fcr den Brexit, also den Ausstieg Gro\u00dfbritanniens aus der EU, wurde auch durch die Hoffnung motiviert, dadurch die Migration unter Kontrolle zu bringen. Die Regierungen nach dem Brexit, gleich, ob Konservative oder Labour, machten diese Hoffnungen jedoch zunichte. Schlimmer noch \u2012 seit der Eskalation des Ukraine-Konflikts ist Gro\u00dfbritannien immer mit dabei, dann eben \u00fcber die NATO, wenn nicht \u00fcber die EU. Immerhin war es ein britischer Premierminister, Boris Johnson, der die eigentlich erfolgreichen Verhandlungen in Istanbul zwischen Kiew und Moskau Anfang April 2022 zum Absturz brachte, und seitdem ist jeder britische Premier unter den aggressivsten Anh\u00e4ngern Kiews zu finden.<\/p>\n<p>Was nat\u00fcrlich auch im Budget bemerkt wird. Erst im M\u00e4rz hatte der aktuelle (Labour-)Premier Keir Starmer einen &#8220;Kreditvertrag&#8221; mit Selenskij in Kiew unterzeichnet, \u00fcber 2,74 Milliarden Euro, nach einem Winter, in dem armen britischen Rentnern die Heizbeihilfen gestrichen wurden, weil nicht genug Geld daf\u00fcr vorhanden gewesen sei. Auch Aufr\u00fcstung soll betrieben werden: Sechs neue Waffen- und Munitionsfabriken sind geplant. 240.000 britische Haushalte <a rel=\"nofollow noopener\" target=\"_blank\" href=\"https:\/\/www.lloydsbankinggroup.com\/insights\/the-hidden-cost-of-the-housing-crisis.html\">lebten<\/a>, nach Aussage der Lloyds Bankengruppe vom Oktober 2024, in Notunterk\u00fcnften, darunter 150.000 Kinder, und auf den Wartelisten f\u00fcr Sozialwohnungen, die auch dort zur immer knapperen Ressource werden, stehen 1,5 Millionen Haushalte \u2012 mit Wartezeiten von bis zu 55 Jahren. Die Bank kommt \u00fcbrigens in ihrer Ver\u00f6ffentlichung zu einem \u00fcberraschenden Schluss\u00a0bez\u00fcglich der Vorteile des sozialen Wohnungsbaus: &#8220;Hausbau unterst\u00fctzt zwischen 4,1 und 4,5 Vollzeitjobs pro errichtetem Haus, und f\u00fcr jeden Job in der Bauwirtschaft werden weitere 1,7 Jobs in der \u00fcbrigen Wirtschaft geschaffen. Mehr als die H\u00e4lfte jeder staatlichen F\u00f6rderung f\u00fcr Sozialwohnungen k\u00f6nnte durch Zunahme der Steuereinnahmen wieder hereingeholt werden. Zus\u00e4tzlich, so zeigt ein Bericht der National Housing Federation, w\u00fcrde die Errichtung von 90.000 Sozialwohnungen binnen drei Jahren 37,8 Milliarden Pfund in die Wirtschaft leiten.&#8221;<\/p>\n<p>Als w\u00e4re dieses Elend nicht genug, hat Gro\u00dfbritannien auch noch das sch\u00e4rfste Vorgehen gegen die Meinungsfreiheit in Europa. Dabei werden gleich zwei Seiten ins Visier genommen \u2012 es gibt ein extrem hartes Vorgehen gegen Aussagen gegen Migranten (schon der Satz &#8220;Sprich Englisch&#8221; gilt als Beleidigung), aber auch gegen die Pal\u00e4stina-Proteste, die in London ebenfalls gigantisches Format erreichten. J\u00fcngst wurde sogar\u00a0die propal\u00e4stinensische\u00a0Gruppe &#8220;Palestine Action&#8221;, die einen Farbanschlag auf eine britische Niederlassung der israelischen R\u00fcstungsfirma &#8220;Elbit Systems&#8221; durchgef\u00fchrt hatte, zur terroristischen Organisation erkl\u00e4rt.<\/p>\n<p>Vergangene Woche wurde ein irischer Komiker, Graham Linehan, am Flughafen Heathrow verhaftet, weil er im April\u00a0auf X einige Bemerkungen gepostet hatte, die als &#8220;Verdacht, Gewalt gegen Transgendermenschen online zu f\u00f6rdern&#8221;, bewertet wurden. Eine davon lautete, wenn man eine Transgenderfrau in einem Bereich &#8220;nur f\u00fcr Frauen&#8221; antreffe, solle man &#8220;eine Szene machen, die Polizei rufen, und, wenn das alles nichts n\u00fctzt, ihm in die Eier treten&#8221;.<\/p>\n<p>F\u00fcnf Polizisten umringten ihn daf\u00fcr auf dem Flughafen, was selbst die Fraktionsvorsitzende der derzeit opponierenden Konservativen, Kemi Badenoch, dazu brachte, zu <a rel=\"nofollow noopener\" target=\"_blank\" href=\"https:\/\/www.nytimes.com\/2025\/09\/10\/world\/europe\/graham-linehan-free-speech-uk.html\">sagen<\/a>, das sei &#8220;keine Polizeiarbeit, sondern Politik&#8221;. Die Ressourcen der Polizei w\u00fcrden &#8220;f\u00fcr Gedankenkontrolle verschwendet&#8221;. Tats\u00e4chlich ist die britische Justiz \u00e4u\u00dferst gro\u00dfz\u00fcgig in der Verteilung von Haftstrafen f\u00fcr Beitr\u00e4ge auf sozialen Medien. Auch ein kultureller Bruch mit dem Land, das Fu\u00dfball und Punk erfand und in dem nun Sprache kontrolliert wird wie zuletzt unter K\u00f6nigin Victoria.<\/p>\n<p>Es ist diese verbreitete Zensur, die dazu f\u00fchrte, dass auch Elon Musk einen Redebeitrag bei der Londoner Demonstration hielt. Gro\u00dfbritannien hat keine geschriebene Verfassung\u00a0\u2012 das erschwert die Verteidigung von Grundrechten, wenn sie einmal ernsthaft gef\u00e4hrdet sind. Aber die Repression zumindest funktioniert.<\/p>\n<p>Auff\u00e4llig bei der Demonstration waren die vielen Georgskreuze, rot auf wei\u00dfem Grund. Auch das ein Detail, bei dem die offizielle Politik selbst f\u00fcr eine Eskalation gesorgt hatte. Es handelt sich dabei n\u00e4mlich um die Fahne Englands. Der bekanntere Union Jack steht f\u00fcr England, Schottland, Wales und Nordirland. Man kann sie immer mal wieder sehen, wenn die englische Nationalmannschaft spielt. Seit sie im vergangenen Sommer aber bei Protesten gegen Migration aufgetaucht ist, geht die Polizei dagegen vor, weil sie f\u00fcr Rassismus stehen soll\u00a0\u2012 ohne dass sich an ihrem offiziellen Status etwas ge\u00e4ndert hat. Was bedeutet, dass die Polizei des Landes die Landesfahne verbietet&#8230;\u00a0 Wer die Briten kennt, insbesondere jene aus der Arbeiterklasse, wei\u00df, dass sie nichts st\u00e4rker motiviert, etwas zu tun, als es zu verbieten. Die Georgsfahne hat also l\u00e4ngst den Status eines Protestsymbols erreicht, das sich gegen die Zust\u00e4nde als Ganzes, samt Regierung, richtet, w\u00e4hrend die Beh\u00f6rden so tun, als ginge es nur um Migration.<\/p>\n<p>Ein weiterer Punkt, der sich in der Teilnahme an dieser Demonstration manifestierte, ist der Verfall des britischen Parteiensystems. In so gut wie allen Umfragen liegt inzwischen Nigel Farages Reform-Partei weit vor den Konservativen und Labour, obwohl Letztere noch im vergangenen Jahr die Wahlen gewonnen hatten. Aber es gibt nicht nur Farage: Auf der Linken arbeitet der ehemalige Labour-Chef Jeremy Corbyn \u2012 der von den neoliberalen Fans Tony Blairs aus der Partei gemobbt wurde (als &#8220;Antisemit&#8221;, weil er f\u00fcr Pal\u00e4stina eintrat) \u2012 an der Gr\u00fcndung einer neuen Partei links von Labour. Seit dem Zweiten Weltkrieg hatten sich Konservative und Labour die W\u00e4hler und die \u00c4mter geteilt, w\u00e4hrend Labour von der gewerkschaftsdominierten klassischen Sozialdemokratie wegmutierte, mit nur ein paar Liberaldemokraten dazwischengestreut. Jetzt erreicht Farage in den Umfragen so viel wie Labour und Konservative zusammen, die also, da Gro\u00dfbritannien ein Mehrheitswahlrecht hat, darauf hoffen m\u00fcssen, dass Corbyns Gr\u00fcndung Erfolg hat, weil sie dann wenigstens noch mitkoalieren k\u00f6nnten.<\/p>\n<p>Und noch immer nicht ist man am Ende des britischen Elends angelangt. Vergangene Woche kursierte das Ger\u00fccht, Gro\u00dfbritannien sei so pleite, dass es beim IWF um einen Kredit bitten m\u00fcsse\u00a0\u2012 ein Zustand, den es mit Frankreich teilt. Und dann kam auch noch die Bombe mit Peter Mandelson, dem britischen Botschafter in den USA, der gerade gefeuert wurde. Mandelson, alter Labour-Adel und schon zu Zeiten von Tony Blair die graue Eminenz, stolperte \u00fcber seine N\u00e4he zu\u00a0\u2012 Jeffrey Epstein. Kurz vor der Jahrtausendwende verfasste er zusammen mit dem deutschen Kanzleramtsminister Bodo Hombach das Blair-Schr\u00f6der-Papier, das den neoliberalen Niedergang beider Parteien anbahnte. Von 2004 bis 2008 war\u00a0Mandelson EU-Handelskommissar.<\/p>\n<p>Starmer hatte erst kurz zuvor seine Stellvertreterin Angela Rayner entlassen m\u00fcssen, die \u00fcber Steuerhinterziehung bei einem Immobiliengesch\u00e4ft gestolpert war. Rayner war bereits die achte Ministerin, die in der Amtszeit von Starmer, die im Juli 2024 begann, ausgeschieden ist. Nun\u00a0wird im Gefolge der Aff\u00e4re um Mandelson auch Starmers Stabschef Morgan McSweeney in Frage gestellt, der eng mit Mandelson verkn\u00fcpft ist. Unter der Regierung von Tony Blair war McSweeney Mandelsons Mitarbeiter.<\/p>\n<p>Gew\u00fcrzt wird diese ganze Melange aus Elend und Verfall auch noch durch Aff\u00e4ren wie jene um pakistanische Gangs, die \u00fcber Jahrzehnte hinweg und an vielen Orten von der Polizei gedeckt junge M\u00e4dchen missbrauchten. Das ist nicht die Wurzel des \u00dcbels, aber es beeinflusst, welche Gestalt der Zorn dar\u00fcber annimmt. Gleich, ob Konservativ oder Labour, die Missachtung der Bed\u00fcrfnisse der gew\u00f6hnlichen Bev\u00f6lkerung kennzeichnet sie beide. Und beide erkl\u00e4ren zwar gelegentlich gern, den Zufluss von Migranten eind\u00e4mmen zu wollen, \u00e4ndern aber praktisch nichts. Beide stehen ebenso sehr hinter dem\u00a0v\u00f6lkerm\u00f6rderischen\u00a0Israel wie hinter der Ukraine, und ersetzen einen Versuch, die Probleme im Inneren zu l\u00f6sen, durch gro\u00dfspurige au\u00dfenpolitische Auftritte. Oder durch <a rel=\"nofollow noopener\" target=\"_blank\" href=\"https:\/\/x.com\/Artemisfornow\/status\/1967118963806269611\">Vorschriften<\/a> f\u00fcr CO2-neutrale Bestattungen.<\/p>\n<p>Insofern\u00a0ist die Haltung zur Migration oder selbst zur Meinungsfreiheit nur die Oberfl\u00e4che\u00a0\u2012 darunter findet sich ein vielstimmiges, vielgestaltiges &#8220;Es reicht!&#8221;. George Galloway, wirkliches Urgestein der klassischen, also nicht woken, britischen Linken, <a rel=\"nofollow noopener\" target=\"_blank\" href=\"https:\/\/x.com\/labourlewis\/status\/1966988870890963361\">teilte<\/a> einen Beitrag eines Labour-Abgeordneten, der \u00fcber einen Freund berichtete, der an der Londoner Demonstration teilnahm. &#8220;Die Regierung h\u00f6rt uns nicht zu&#8221;, zitiert er ihn, und: &#8220;Ich will mich wieder stolz f\u00fchlen k\u00f6nnen f\u00fcr mein Land.&#8221; Und setzt selbstkritisch nach: &#8220;Wir haben eine Gesellschaft errichtet, die den Menschen zu wenig gibt, was sie miteinander gemein haben, keine kollektive Geschichte dar\u00fcber, wer wir sind oder wof\u00fcr wir sind.&#8221;<\/p>\n<p>Das Kriegsgeschrei, das auch die britischen Regierungen aussto\u00dfen, ist nichts, was Menschen mit ihrem Land verbindet. Was sich da unter der Mischung von Union Jack und Georgsbanner versammelt hat, ist ein Ausdruck der Qual und des Protests, der wohl erst dann zu einem Ausdruck von Hoffnung werden kann, wenn der Verfallsprozess des politischen Systems in Gro\u00dfbritannien abgeschlossen ist.<\/p>\n<p><strong>Mehr zum Thema<\/strong>\u00a0\u2012 <a rel=\"nofollow noopener\" target=\"_blank\" href=\"https:\/\/freedert.online\/europa\/255953-stoppt-boote-ueber-100000-menschen-protestieren-in-london-gegen-asylpolitik\/\">&#8220;Stoppt die Boote!&#8221; \u00dcber 100.000 Menschen protestieren in London gegen Asylpolitik <\/a><\/p>\n<div class=\"EmbedBlock-root EmbedBlock-externalVideo EmbedBlock-rumble\">\n<div class=\"VkEmbed\"><iframe class=\"lazyload\" data-src=\"https:\/\/rumble.com\/embed\/v6uz0p8\" frameborder=\"0\" width=\"853\" height=\"480\" allowfullscreen><\/iframe><\/div>\n<\/div>\n<\/div>\n<p><br \/>\n<br \/><a href=\"https:\/\/de.rt.com\/meinung\/256020-demonstration-gegen-migration-in-london\/\">Source link <\/a><\/p>\n","protected":false},"excerpt":{"rendered":"<p>Es sei die gr\u00f6\u00dfte rechte Demonstration, die man seit langem in England gesehen habe, hei\u00dft es. Aber um zu verstehen, was die Menschen wirklich in London auf die Stra\u00dfe trieb, muss man das gesamte Bild betrachten. Ein vernachl\u00e4ssigtes Land. Von Dagmar Henn F\u00fcr die Konservativen in Gro\u00dfbritannien ist die Londoner Demonstration ein Menetekel \u2012 mindestens\u00a0100.000\u00a0bis\u00a0150.000 [&hellip;]<\/p>\n","protected":false},"author":3,"featured_media":90511,"comment_status":"open","ping_status":"open","sticky":false,"template":"","format":"standard","meta":{"_yoast_indexnow_last_ping":["1757871224"],"wp_automatic_camp":["217"],"d3f80290cbb96ff3cde4dda36fc800bc":["Demonstration &quot;gegen Migration&quot; in London? Das ist nur die Oberfl\u00e4che..."],"original_link":["https:\/\/de.rt.com\/meinung\/256020-demonstration-gegen-migration-in-london\/"],"_thumbnail_id":["90511"],"jnews_social_counter_last_update":["1777517320"],"_wptgpro_p2tg_sent2tg":["a:1:{i:23737;s:19:\"2025-09-14 19:34:46\";}"]},"categories":[19,23],"tags":[427,32282,45,414,5306,52248,4230,34064,31953],"yoast_head":"<!-- This site is optimized with the Yoast SEO Premium plugin v22.7 (Yoast SEO v22.7) - https:\/\/yoast.com\/wordpress\/plugins\/seo\/ -->\n<title>Demonstration &quot;gegen Migration&quot; in London? Das ist nur die Oberfl\u00e4che... - just-now.NEWS Deutschland<\/title>\n<meta name=\"robots\" content=\"index, follow, max-snippet:-1, max-image-preview:large, max-video-preview:-1\" \/>\n<link rel=\"canonical\" href=\"https:\/\/now-news.de\/de\/deutschland\/demonstration-gegen-migration-in-london-das-ist-nur-die-oberflaeche\/\" \/>\n<meta property=\"og:locale\" content=\"de_DE\" \/>\n<meta property=\"og:type\" content=\"article\" \/>\n<meta property=\"og:title\" content=\"Demonstration &quot;gegen Migration&quot; in London? Das ist nur die Oberfl\u00e4che...\" \/>\n<meta property=\"og:description\" content=\"Es sei die gr\u00f6\u00dfte rechte Demonstration, die man seit langem in England gesehen habe, hei\u00dft es. Aber um zu verstehen, was die Menschen wirklich in London auf die Stra\u00dfe trieb, muss man das gesamte Bild betrachten. Ein vernachl\u00e4ssigtes Land. Von Dagmar Henn F\u00fcr die Konservativen in Gro\u00dfbritannien ist die Londoner Demonstration ein Menetekel \u2012 mindestens\u00a0100.000\u00a0bis\u00a0150.000 [&hellip;]\" \/>\n<meta property=\"og:url\" content=\"https:\/\/now-news.de\/de\/deutschland\/demonstration-gegen-migration-in-london-das-ist-nur-die-oberflaeche\/\" \/>\n<meta property=\"og:site_name\" content=\"just-now.NEWS Deutschland\" \/>\n<meta property=\"article:publisher\" content=\"https:\/\/www.facebook.com\/wirmachenauf\" \/>\n<meta property=\"article:published_time\" content=\"2025-09-14T17:21:56+00:00\" \/>\n<meta property=\"og:image\" content=\"https:\/\/now-news.de\/de\/wp-content\/uploads\/sites\/3\/2025\/09\/68c6e55cb480cc466e0a104e.jpg\" \/>\n<meta name=\"author\" content=\"rtnews\" \/>\n<meta name=\"twitter:card\" content=\"summary_large_image\" \/>\n<meta name=\"twitter:creator\" content=\"@WirMachenAuf_de\" \/>\n<meta name=\"twitter:site\" content=\"@WirMachenAuf_de\" \/>\n<meta name=\"twitter:label1\" content=\"Verfasst von\" \/>\n\t<meta name=\"twitter:data1\" content=\"rtnews\" \/>\n\t<meta name=\"twitter:label2\" content=\"Gesch\u00e4tzte Lesezeit\" \/>\n\t<meta name=\"twitter:data2\" content=\"10\u00a0Minuten\" \/>\n<script type=\"application\/ld+json\" class=\"yoast-schema-graph\">{\"@context\":\"https:\/\/schema.org\",\"@graph\":[{\"@type\":\"Article\",\"@id\":\"https:\/\/now-news.de\/de\/deutschland\/demonstration-gegen-migration-in-london-das-ist-nur-die-oberflaeche\/#article\",\"isPartOf\":{\"@id\":\"https:\/\/now-news.de\/de\/deutschland\/demonstration-gegen-migration-in-london-das-ist-nur-die-oberflaeche\/\"},\"author\":{\"name\":\"rtnews\",\"@id\":\"https:\/\/now-news.de\/de\/#\/schema\/person\/fb534a4e865501d8b3285208df34a9b5\"},\"headline\":\"Demonstration &quot;gegen Migration&quot; in London? Das ist nur die Oberfl\u00e4che&#8230;\",\"datePublished\":\"2025-09-14T17:21:56+00:00\",\"dateModified\":\"2025-09-14T17:21:56+00:00\",\"mainEntityOfPage\":{\"@id\":\"https:\/\/now-news.de\/de\/deutschland\/demonstration-gegen-migration-in-london-das-ist-nur-die-oberflaeche\/\"},\"wordCount\":2073,\"commentCount\":0,\"publisher\":{\"@id\":\"https:\/\/now-news.de\/de\/#organization\"},\"image\":{\"@id\":\"https:\/\/now-news.de\/de\/deutschland\/demonstration-gegen-migration-in-london-das-ist-nur-die-oberflaeche\/#primaryimage\"},\"thumbnailUrl\":\"https:\/\/now-news.de\/de\/wp-content\/uploads\/sites\/3\/2025\/09\/Demonstration-quotgegen-Migrationquot-in-London-Das-ist-nur-die-Oberflaeche.jpg\",\"keywords\":[\"das\",\"Demonstration\",\"die\",\"ist\",\"london\",\"Migrationquot\",\"NUR\",\"Oberfl\u00e4che\",\"quotGegen\"],\"articleSection\":[\"Deutschland\",\"Russland\"],\"inLanguage\":\"de\",\"potentialAction\":[{\"@type\":\"CommentAction\",\"name\":\"Comment\",\"target\":[\"https:\/\/now-news.de\/de\/deutschland\/demonstration-gegen-migration-in-london-das-ist-nur-die-oberflaeche\/#respond\"]}]},{\"@type\":\"WebPage\",\"@id\":\"https:\/\/now-news.de\/de\/deutschland\/demonstration-gegen-migration-in-london-das-ist-nur-die-oberflaeche\/\",\"url\":\"https:\/\/now-news.de\/de\/deutschland\/demonstration-gegen-migration-in-london-das-ist-nur-die-oberflaeche\/\",\"name\":\"Demonstration &quot;gegen Migration&quot; in London? Das ist nur die Oberfl\u00e4che... - just-now.NEWS Deutschland\",\"isPartOf\":{\"@id\":\"https:\/\/now-news.de\/de\/#website\"},\"primaryImageOfPage\":{\"@id\":\"https:\/\/now-news.de\/de\/deutschland\/demonstration-gegen-migration-in-london-das-ist-nur-die-oberflaeche\/#primaryimage\"},\"image\":{\"@id\":\"https:\/\/now-news.de\/de\/deutschland\/demonstration-gegen-migration-in-london-das-ist-nur-die-oberflaeche\/#primaryimage\"},\"thumbnailUrl\":\"https:\/\/now-news.de\/de\/wp-content\/uploads\/sites\/3\/2025\/09\/Demonstration-quotgegen-Migrationquot-in-London-Das-ist-nur-die-Oberflaeche.jpg\",\"datePublished\":\"2025-09-14T17:21:56+00:00\",\"dateModified\":\"2025-09-14T17:21:56+00:00\",\"breadcrumb\":{\"@id\":\"https:\/\/now-news.de\/de\/deutschland\/demonstration-gegen-migration-in-london-das-ist-nur-die-oberflaeche\/#breadcrumb\"},\"inLanguage\":\"de\",\"potentialAction\":[{\"@type\":\"ReadAction\",\"target\":[\"https:\/\/now-news.de\/de\/deutschland\/demonstration-gegen-migration-in-london-das-ist-nur-die-oberflaeche\/\"]}]},{\"@type\":\"ImageObject\",\"inLanguage\":\"de\",\"@id\":\"https:\/\/now-news.de\/de\/deutschland\/demonstration-gegen-migration-in-london-das-ist-nur-die-oberflaeche\/#primaryimage\",\"url\":\"https:\/\/now-news.de\/de\/wp-content\/uploads\/sites\/3\/2025\/09\/Demonstration-quotgegen-Migrationquot-in-London-Das-ist-nur-die-Oberflaeche.jpg\",\"contentUrl\":\"https:\/\/now-news.de\/de\/wp-content\/uploads\/sites\/3\/2025\/09\/Demonstration-quotgegen-Migrationquot-in-London-Das-ist-nur-die-Oberflaeche.jpg\",\"width\":460,\"height\":259,\"caption\":\"Demonstration &quot;gegen Migration&quot; in London? Das ist nur die Oberfl\u00e4che...\"},{\"@type\":\"BreadcrumbList\",\"@id\":\"https:\/\/now-news.de\/de\/deutschland\/demonstration-gegen-migration-in-london-das-ist-nur-die-oberflaeche\/#breadcrumb\",\"itemListElement\":[{\"@type\":\"ListItem\",\"position\":1,\"name\":\"Home\",\"item\":\"https:\/\/now-news.de\/de\/\"},{\"@type\":\"ListItem\",\"position\":2,\"name\":\"Demonstration &quot;gegen Migration&quot; in London? Das ist nur die Oberfl\u00e4che&#8230;\"}]},{\"@type\":\"WebSite\",\"@id\":\"https:\/\/now-news.de\/de\/#website\",\"url\":\"https:\/\/now-news.de\/de\/\",\"name\":\"just-now.NEWS Deutschland\",\"description\":\"Das Portal f\u00fcr unzensierte Nachrichten aus der Welt\",\"publisher\":{\"@id\":\"https:\/\/now-news.de\/de\/#organization\"},\"potentialAction\":[{\"@type\":\"SearchAction\",\"target\":{\"@type\":\"EntryPoint\",\"urlTemplate\":\"https:\/\/now-news.de\/de\/?s={search_term_string}\"},\"query-input\":\"required name=search_term_string\"}],\"inLanguage\":\"de\"},{\"@type\":\"Organization\",\"@id\":\"https:\/\/now-news.de\/de\/#organization\",\"name\":\"Just Now News\",\"url\":\"https:\/\/now-news.de\/de\/\",\"logo\":{\"@type\":\"ImageObject\",\"inLanguage\":\"de\",\"@id\":\"https:\/\/now-news.de\/de\/#\/schema\/logo\/image\/\",\"url\":\"http:\/\/just-now.news\/de\/wp-content\/uploads\/sites\/3\/2022\/04\/logo500x500.jpg\",\"contentUrl\":\"http:\/\/just-now.news\/de\/wp-content\/uploads\/sites\/3\/2022\/04\/logo500x500.jpg\",\"width\":500,\"height\":500,\"caption\":\"Just Now News\"},\"image\":{\"@id\":\"https:\/\/now-news.de\/de\/#\/schema\/logo\/image\/\"},\"sameAs\":[\"https:\/\/www.facebook.com\/wirmachenauf\",\"https:\/\/x.com\/WirMachenAuf_de\"]},{\"@type\":\"Person\",\"@id\":\"https:\/\/now-news.de\/de\/#\/schema\/person\/fb534a4e865501d8b3285208df34a9b5\",\"name\":\"rtnews\",\"image\":{\"@type\":\"ImageObject\",\"inLanguage\":\"de\",\"@id\":\"https:\/\/now-news.de\/de\/#\/schema\/person\/image\/\",\"url\":\"https:\/\/secure.gravatar.com\/avatar\/82aafea7d8127119dd649515f56e2117?s=96&d=mm&r=g\",\"contentUrl\":\"https:\/\/secure.gravatar.com\/avatar\/82aafea7d8127119dd649515f56e2117?s=96&d=mm&r=g\",\"caption\":\"rtnews\"},\"url\":\"https:\/\/now-news.de\/de\/author\/rnews\/\"}]}<\/script>\n<!-- \/ Yoast SEO Premium plugin. -->","yoast_head_json":{"title":"Demonstration &quot;gegen Migration&quot; in London? Das ist nur die Oberfl\u00e4che... - just-now.NEWS Deutschland","robots":{"index":"index","follow":"follow","max-snippet":"max-snippet:-1","max-image-preview":"max-image-preview:large","max-video-preview":"max-video-preview:-1"},"canonical":"https:\/\/now-news.de\/de\/deutschland\/demonstration-gegen-migration-in-london-das-ist-nur-die-oberflaeche\/","og_locale":"de_DE","og_type":"article","og_title":"Demonstration &quot;gegen Migration&quot; in London? Das ist nur die Oberfl\u00e4che...","og_description":"Es sei die gr\u00f6\u00dfte rechte Demonstration, die man seit langem in England gesehen habe, hei\u00dft es. Aber um zu verstehen, was die Menschen wirklich in London auf die Stra\u00dfe trieb, muss man das gesamte Bild betrachten. Ein vernachl\u00e4ssigtes Land. Von Dagmar Henn F\u00fcr die Konservativen in Gro\u00dfbritannien ist die Londoner Demonstration ein Menetekel \u2012 mindestens\u00a0100.000\u00a0bis\u00a0150.000 [&hellip;]","og_url":"https:\/\/now-news.de\/de\/deutschland\/demonstration-gegen-migration-in-london-das-ist-nur-die-oberflaeche\/","og_site_name":"just-now.NEWS Deutschland","article_publisher":"https:\/\/www.facebook.com\/wirmachenauf","article_published_time":"2025-09-14T17:21:56+00:00","og_image":[{"url":"https:\/\/now-news.de\/de\/wp-content\/uploads\/sites\/3\/2025\/09\/68c6e55cb480cc466e0a104e.jpg"}],"author":"rtnews","twitter_card":"summary_large_image","twitter_creator":"@WirMachenAuf_de","twitter_site":"@WirMachenAuf_de","twitter_misc":{"Verfasst von":"rtnews","Gesch\u00e4tzte Lesezeit":"10\u00a0Minuten"},"schema":{"@context":"https:\/\/schema.org","@graph":[{"@type":"Article","@id":"https:\/\/now-news.de\/de\/deutschland\/demonstration-gegen-migration-in-london-das-ist-nur-die-oberflaeche\/#article","isPartOf":{"@id":"https:\/\/now-news.de\/de\/deutschland\/demonstration-gegen-migration-in-london-das-ist-nur-die-oberflaeche\/"},"author":{"name":"rtnews","@id":"https:\/\/now-news.de\/de\/#\/schema\/person\/fb534a4e865501d8b3285208df34a9b5"},"headline":"Demonstration &quot;gegen Migration&quot; in London? Das ist nur die Oberfl\u00e4che&#8230;","datePublished":"2025-09-14T17:21:56+00:00","dateModified":"2025-09-14T17:21:56+00:00","mainEntityOfPage":{"@id":"https:\/\/now-news.de\/de\/deutschland\/demonstration-gegen-migration-in-london-das-ist-nur-die-oberflaeche\/"},"wordCount":2073,"commentCount":0,"publisher":{"@id":"https:\/\/now-news.de\/de\/#organization"},"image":{"@id":"https:\/\/now-news.de\/de\/deutschland\/demonstration-gegen-migration-in-london-das-ist-nur-die-oberflaeche\/#primaryimage"},"thumbnailUrl":"https:\/\/now-news.de\/de\/wp-content\/uploads\/sites\/3\/2025\/09\/Demonstration-quotgegen-Migrationquot-in-London-Das-ist-nur-die-Oberflaeche.jpg","keywords":["das","Demonstration","die","ist","london","Migrationquot","NUR","Oberfl\u00e4che","quotGegen"],"articleSection":["Deutschland","Russland"],"inLanguage":"de","potentialAction":[{"@type":"CommentAction","name":"Comment","target":["https:\/\/now-news.de\/de\/deutschland\/demonstration-gegen-migration-in-london-das-ist-nur-die-oberflaeche\/#respond"]}]},{"@type":"WebPage","@id":"https:\/\/now-news.de\/de\/deutschland\/demonstration-gegen-migration-in-london-das-ist-nur-die-oberflaeche\/","url":"https:\/\/now-news.de\/de\/deutschland\/demonstration-gegen-migration-in-london-das-ist-nur-die-oberflaeche\/","name":"Demonstration &quot;gegen Migration&quot; in London? Das ist nur die Oberfl\u00e4che... - just-now.NEWS Deutschland","isPartOf":{"@id":"https:\/\/now-news.de\/de\/#website"},"primaryImageOfPage":{"@id":"https:\/\/now-news.de\/de\/deutschland\/demonstration-gegen-migration-in-london-das-ist-nur-die-oberflaeche\/#primaryimage"},"image":{"@id":"https:\/\/now-news.de\/de\/deutschland\/demonstration-gegen-migration-in-london-das-ist-nur-die-oberflaeche\/#primaryimage"},"thumbnailUrl":"https:\/\/now-news.de\/de\/wp-content\/uploads\/sites\/3\/2025\/09\/Demonstration-quotgegen-Migrationquot-in-London-Das-ist-nur-die-Oberflaeche.jpg","datePublished":"2025-09-14T17:21:56+00:00","dateModified":"2025-09-14T17:21:56+00:00","breadcrumb":{"@id":"https:\/\/now-news.de\/de\/deutschland\/demonstration-gegen-migration-in-london-das-ist-nur-die-oberflaeche\/#breadcrumb"},"inLanguage":"de","potentialAction":[{"@type":"ReadAction","target":["https:\/\/now-news.de\/de\/deutschland\/demonstration-gegen-migration-in-london-das-ist-nur-die-oberflaeche\/"]}]},{"@type":"ImageObject","inLanguage":"de","@id":"https:\/\/now-news.de\/de\/deutschland\/demonstration-gegen-migration-in-london-das-ist-nur-die-oberflaeche\/#primaryimage","url":"https:\/\/now-news.de\/de\/wp-content\/uploads\/sites\/3\/2025\/09\/Demonstration-quotgegen-Migrationquot-in-London-Das-ist-nur-die-Oberflaeche.jpg","contentUrl":"https:\/\/now-news.de\/de\/wp-content\/uploads\/sites\/3\/2025\/09\/Demonstration-quotgegen-Migrationquot-in-London-Das-ist-nur-die-Oberflaeche.jpg","width":460,"height":259,"caption":"Demonstration &quot;gegen Migration&quot; in London? Das ist nur die Oberfl\u00e4che..."},{"@type":"BreadcrumbList","@id":"https:\/\/now-news.de\/de\/deutschland\/demonstration-gegen-migration-in-london-das-ist-nur-die-oberflaeche\/#breadcrumb","itemListElement":[{"@type":"ListItem","position":1,"name":"Home","item":"https:\/\/now-news.de\/de\/"},{"@type":"ListItem","position":2,"name":"Demonstration &quot;gegen Migration&quot; in London? Das ist nur die Oberfl\u00e4che&#8230;"}]},{"@type":"WebSite","@id":"https:\/\/now-news.de\/de\/#website","url":"https:\/\/now-news.de\/de\/","name":"just-now.NEWS Deutschland","description":"Das Portal f\u00fcr unzensierte Nachrichten aus der Welt","publisher":{"@id":"https:\/\/now-news.de\/de\/#organization"},"potentialAction":[{"@type":"SearchAction","target":{"@type":"EntryPoint","urlTemplate":"https:\/\/now-news.de\/de\/?s={search_term_string}"},"query-input":"required name=search_term_string"}],"inLanguage":"de"},{"@type":"Organization","@id":"https:\/\/now-news.de\/de\/#organization","name":"Just Now News","url":"https:\/\/now-news.de\/de\/","logo":{"@type":"ImageObject","inLanguage":"de","@id":"https:\/\/now-news.de\/de\/#\/schema\/logo\/image\/","url":"http:\/\/just-now.news\/de\/wp-content\/uploads\/sites\/3\/2022\/04\/logo500x500.jpg","contentUrl":"http:\/\/just-now.news\/de\/wp-content\/uploads\/sites\/3\/2022\/04\/logo500x500.jpg","width":500,"height":500,"caption":"Just Now News"},"image":{"@id":"https:\/\/now-news.de\/de\/#\/schema\/logo\/image\/"},"sameAs":["https:\/\/www.facebook.com\/wirmachenauf","https:\/\/x.com\/WirMachenAuf_de"]},{"@type":"Person","@id":"https:\/\/now-news.de\/de\/#\/schema\/person\/fb534a4e865501d8b3285208df34a9b5","name":"rtnews","image":{"@type":"ImageObject","inLanguage":"de","@id":"https:\/\/now-news.de\/de\/#\/schema\/person\/image\/","url":"https:\/\/secure.gravatar.com\/avatar\/82aafea7d8127119dd649515f56e2117?s=96&d=mm&r=g","contentUrl":"https:\/\/secure.gravatar.com\/avatar\/82aafea7d8127119dd649515f56e2117?s=96&d=mm&r=g","caption":"rtnews"},"url":"https:\/\/now-news.de\/de\/author\/rnews\/"}]}},"_links":{"self":[{"href":"https:\/\/now-news.de\/de\/wp-json\/wp\/v2\/posts\/90510"}],"collection":[{"href":"https:\/\/now-news.de\/de\/wp-json\/wp\/v2\/posts"}],"about":[{"href":"https:\/\/now-news.de\/de\/wp-json\/wp\/v2\/types\/post"}],"author":[{"embeddable":true,"href":"https:\/\/now-news.de\/de\/wp-json\/wp\/v2\/users\/3"}],"replies":[{"embeddable":true,"href":"https:\/\/now-news.de\/de\/wp-json\/wp\/v2\/comments?post=90510"}],"version-history":[{"count":0,"href":"https:\/\/now-news.de\/de\/wp-json\/wp\/v2\/posts\/90510\/revisions"}],"wp:featuredmedia":[{"embeddable":true,"href":"https:\/\/now-news.de\/de\/wp-json\/wp\/v2\/media\/90511"}],"wp:attachment":[{"href":"https:\/\/now-news.de\/de\/wp-json\/wp\/v2\/media?parent=90510"}],"wp:term":[{"taxonomy":"category","embeddable":true,"href":"https:\/\/now-news.de\/de\/wp-json\/wp\/v2\/categories?post=90510"},{"taxonomy":"post_tag","embeddable":true,"href":"https:\/\/now-news.de\/de\/wp-json\/wp\/v2\/tags?post=90510"}],"curies":[{"name":"wp","href":"https:\/\/api.w.org\/{rel}","templated":true}]}}