{"id":9045,"date":"2022-05-28T04:15:00","date_gmt":"2022-05-28T02:15:00","guid":{"rendered":"http:\/\/just-now.news\/de\/usa\/rinos-unter-der-leitung-von-mitch-mcconnell-erwaegen-sich-den-demokraten-anzuschliessen-um-die-waffengesetze-nach-den-massenschiessereien-in-uvalde-texas-zu-verschaerfen\/"},"modified":"2022-05-28T04:15:00","modified_gmt":"2022-05-28T02:15:00","slug":"rinos-unter-der-leitung-von-mitch-mcconnell-erwaegen-sich-den-demokraten-anzuschliessen-um-die-waffengesetze-nach-den-massenschiessereien-in-uvalde-texas-zu-verschaerfen","status":"publish","type":"post","link":"https:\/\/now-news.de\/de\/usa\/rinos-unter-der-leitung-von-mitch-mcconnell-erwaegen-sich-den-demokraten-anzuschliessen-um-die-waffengesetze-nach-den-massenschiessereien-in-uvalde-texas-zu-verschaerfen\/","title":{"rendered":"RINOs unter der Leitung von Mitch McConnell erw\u00e4gen, sich den Demokraten anzuschlie\u00dfen, um die Waffengesetze nach den Massenschie\u00dfereien in Uvalde, Texas, zu versch\u00e4rfen"},"content":{"rendered":"<div class=\"entry-content\">\n<p><\/p>\n<p>Am Freitag k\u00fcndigte GOP-F\u00fchrer Mitch McConnell an, dass die RINO-Republikaner den Forderungen der Demokraten nach einer Versch\u00e4rfung der Waffengesetzgebung nachgeben werden.  Dies geschieht Tage nach dem Schulmassaker in Uvalde, Texas.<\/p>\n<p>McConnell sagte gegen\u00fcber CNN, die Republikaner w\u00fcrden sich mit \u201eGem\u00e4\u00dfigten\u201c wie Senator Chris Murphy treffen, um neue Gesetze auszuarbeiten, die nichts dazu beitragen werden, gef\u00e4hrliche Psychopathen daran zu hindern, Kinder in Schulen zu t\u00f6ten.<\/p>\n<div id=\"IC1-ad\" class=\"sponsor IC1\">\n<p class=\"ad-notice flipboard-remove\" fl:fl-noexcerpt=\"true\">Werbung \u2013 die Geschichte geht unten weiter<\/p>\n<div id=\"IC1\">\n<script>\n\t\t\t\t\tif( FFADS.units.IC1 && FFADS.units.IC1.ad_type == 'custom' && FFADS.units.IC1.custom_ads && ! getCookie( 'ff_subbed' ) ) {\n\t\t\t\t\t\tdocument.getElementById( 'IC1' ).innerHTML = FFADS.units.IC1.custom_ads[0].code;\n\t\t\t\t\t\tif( ! FFADS.units.IC1.lazy_load ) eval( FFADS.units.IC1.custom_ads[0].rendering_script );\n\t\t\t\t\t}\n\t\t\t\t\telse if( FFADS.units.IC1 && ! getCookie( 'ff_subbed' ) ) {\n\t\t\t\t\t\tif( 'IC' != 'SB' && 'IC' != 'SA' && FFADS.use_fixed_containers ) {\n\t\t\t\t\t\t\tlet max_wh = firefly_size_list_to_max_wh( FFADS.units.IC1.sizes );\n\t\t\t\t\t\t\tlet el = document.querySelector( '#IC1' );\n\t\t\t\t\t\t\tif( 'IC' != 'SA' && FFADS.slide_pixels ) {\n\t\t\t\t\t\t\t\tmax_wh[1] += parseInt( FFADS.slide_pixels );\n\t\t\t\t\t\t\t\tel.classList.add( 'sliding' );\n\t\t\t\t\t\t\t}\n\t\t\t\t\t\t\tel.style.width = max_wh[0] + 'px';\n\t\t\t\t\t\t\tel.style.height = max_wh[1] + 'px';\n\t\t\t\t\t\t\tel.classList.add( 'fixed-size' );\n\t\t\t\t\t\t}\n\t\t\t\t\t\tgoogletag.cmd.push( function() {\n\t\t\t\t\t\t\tFFADS.debug( 'googletag.displaying IC1' );\n\t\t\t\t\t\t\tgoogletag.display( 'IC1' );\n\t\t\t\t\t\t} );\n\t\t\t\t\t}\n\t\t\t\t\telse {\n\t\t\t\t\t\tdocument.querySelector( '#IC1-ad' ).style.display = 'none';}\n\t\t\t\t<\/script><\/div>\n<\/div>\n<p>Murphy ist ber\u00fchmt daf\u00fcr, dass er Gesetze vorangetrieben hat, um die gesamte Polizei von Schulen zu entfernen \u2013 ein t\u00f6dlicher Vorschlag, der mehr Leben gekostet h\u00e4tte.<\/p>\n<p>Wieder einmal repr\u00e4sentiert McConnell nicht seine W\u00e4hlerbasis und es ist ihm egal.<\/p>\n<p><script>\n\t\t\t\t\tif( ! getCookie( 'ff_subbed' ) ) if( typeof FFADS.replace_ict != 'undefined' ) if( FFADS.replace_ict ) eval( FFADS.replace_ict );\n\t\t\t\t<\/script><\/p>\n<p>Epoch Times berichtete:<\/p>\n<blockquote>\n<p>Einige Republikaner erw\u00e4gen, den Forderungen der Demokraten nachzugeben, die Waffengesetze des Bundes nach einer Schie\u00dferei in einer Schule in Uvalde, Texas, zu versch\u00e4rfen, bei der mindestens 19 Menschen ums Leben kamen.<\/p>\n<div id=\"IC2-ad\" class=\"sponsor IC2\">\n<p class=\"ad-notice flipboard-remove\" fl:fl-noexcerpt=\"true\">Werbung \u2013 die Geschichte geht unten weiter<\/p>\n<div id=\"IC2\">\n<script>\n\t\t\t\t\tif( FFADS.units.IC2 && FFADS.units.IC2.ad_type == 'custom' && FFADS.units.IC2.custom_ads && ! getCookie( 'ff_subbed' ) ) {\n\t\t\t\t\t\tdocument.getElementById( 'IC2' ).innerHTML = FFADS.units.IC2.custom_ads[0].code;\n\t\t\t\t\t\tif( ! FFADS.units.IC2.lazy_load ) eval( FFADS.units.IC2.custom_ads[0].rendering_script );\n\t\t\t\t\t}\n\t\t\t\t\telse if( FFADS.units.IC2 && ! getCookie( 'ff_subbed' ) ) {\n\t\t\t\t\t\tif( 'IC' != 'SB' && 'IC' != 'SA' && FFADS.use_fixed_containers ) {\n\t\t\t\t\t\t\tlet max_wh = firefly_size_list_to_max_wh( FFADS.units.IC2.sizes );\n\t\t\t\t\t\t\tlet el = document.querySelector( '#IC2' );\n\t\t\t\t\t\t\tif( 'IC' != 'SA' && FFADS.slide_pixels ) {\n\t\t\t\t\t\t\t\tmax_wh[1] += parseInt( FFADS.slide_pixels );\n\t\t\t\t\t\t\t\tel.classList.add( 'sliding' );\n\t\t\t\t\t\t\t}\n\t\t\t\t\t\t\tel.style.width = max_wh[0] + 'px';\n\t\t\t\t\t\t\tel.style.height = max_wh[1] + 'px';\n\t\t\t\t\t\t\tel.classList.add( 'fixed-size' );\n\t\t\t\t\t\t}\n\t\t\t\t\t\tgoogletag.cmd.push( function() {\n\t\t\t\t\t\t\tFFADS.debug( 'googletag.displaying IC2' );\n\t\t\t\t\t\t\tgoogletag.display( 'IC2' );\n\t\t\t\t\t\t} );\n\t\t\t\t\t}\n\t\t\t\t\telse {\n\t\t\t\t\t\tdocument.querySelector( '#IC2-ad' ).style.display = 'none';}\n\t\t\t\t<\/script><\/div>\n<\/div>\n<p>Die Demokraten haben lange auf eine strengere Waffenkontrolle auf Bundesebene gedr\u00e4ngt, aber die Republikaner haben sich unter Berufung auf die Rechte des zweiten Verfassungszusatzes lange gegen diese Bem\u00fchungen gewehrt.  Nun scheinen einige Republikaner offen daf\u00fcr zu sein, diese Haltung aufzuweichen.<\/p>\n<p>Am prominentesten sagte der Minderheitsf\u00fchrer im Senat, Mitch McConnell (R-Ky.), w\u00e4hrend eines Interviews mit CNN, dass er Senator John Cornyn (R-Texas) angewiesen habe, mit einigen Demokraten der Mitte zu verhandeln, darunter Sens. Kyrsten Sinema (D-Ariz. ) und Chris Murphy (D-Conn.), um zu versuchen, einen Kompromissentwurf auszuarbeiten.<\/p>\n<p>\u201eIch habe ihn ermutigt, mit Senator Sinema, Senator Murphy und anderen zu sprechen, die daran interessiert sind, ein Ergebnis zu erzielen, das in direktem Zusammenhang mit dem Problem steht\u201c, sagte McConnell und f\u00fcgte hinzu, er sei \u201ehoffnungsvoll, dass wir zu einem kommen k\u00f6nnten eine partei\u00fcbergreifende L\u00f6sung, die in direktem Zusammenhang mit den Fakten dieses schrecklichen Massakers steht.\u201c<\/p>\n<p>McConnell war bestrebt zu betonen, dass er nicht auf eine Gesetzgebung dr\u00e4ngte, die eine parteiische Agenda der Demokraten voranbringen w\u00fcrde, sondern nur darauf abzielte, eine gesetzgeberische L\u00f6sung zu finden, die in direktem Zusammenhang mit den Umst\u00e4nden der Schie\u00dferei von Uvalde steht.<\/p>\n<p>\u201eIch habe Senator Cornyn gebeten, sich mit den Demokraten zu treffen, die an einer partei\u00fcbergreifenden L\u00f6sung interessiert sind, und m\u00f6glichst einen Vorschlag zu unterbreiten, der auf dieses spezielle Problem zugeschnitten ist\u201c, sagte er.<\/p>\n<div id=\"IC3-ad\" class=\"sponsor IC3\">\n<p class=\"ad-notice flipboard-remove\" fl:fl-noexcerpt=\"true\">Werbung \u2013 die Geschichte geht unten weiter<\/p>\n<div id=\"IC3\">\n<script>\n\t\t\t\t\tif( FFADS.units.IC3 && FFADS.units.IC3.ad_type == 'custom' && FFADS.units.IC3.custom_ads && ! getCookie( 'ff_subbed' ) ) {\n\t\t\t\t\t\tdocument.getElementById( 'IC3' ).innerHTML = FFADS.units.IC3.custom_ads[0].code;\n\t\t\t\t\t\tif( ! FFADS.units.IC3.lazy_load ) eval( FFADS.units.IC3.custom_ads[0].rendering_script );\n\t\t\t\t\t}\n\t\t\t\t\telse if( FFADS.units.IC3 && ! getCookie( 'ff_subbed' ) ) {\n\t\t\t\t\t\tif( 'IC' != 'SB' && 'IC' != 'SA' && FFADS.use_fixed_containers ) {\n\t\t\t\t\t\t\tlet max_wh = firefly_size_list_to_max_wh( FFADS.units.IC3.sizes );\n\t\t\t\t\t\t\tlet el = document.querySelector( '#IC3' );\n\t\t\t\t\t\t\tif( 'IC' != 'SA' && FFADS.slide_pixels ) {\n\t\t\t\t\t\t\t\tmax_wh[1] += parseInt( FFADS.slide_pixels );\n\t\t\t\t\t\t\t\tel.classList.add( 'sliding' );\n\t\t\t\t\t\t\t}\n\t\t\t\t\t\t\tel.style.width = max_wh[0] + 'px';\n\t\t\t\t\t\t\tel.style.height = max_wh[1] + 'px';\n\t\t\t\t\t\t\tel.classList.add( 'fixed-size' );\n\t\t\t\t\t\t}\n\t\t\t\t\t\tgoogletag.cmd.push( function() {\n\t\t\t\t\t\t\tFFADS.debug( 'googletag.displaying IC3' );\n\t\t\t\t\t\t\tgoogletag.display( 'IC3' );\n\t\t\t\t\t\t} );\n\t\t\t\t\t}\n\t\t\t\t\telse {\n\t\t\t\t\t\tdocument.querySelector( '#IC3-ad' ).style.display = 'none';}\n\t\t\t\t<\/script><\/div>\n<\/div>\n<p>McConnells lauwarme Unterst\u00fctzung f\u00fcr ein Kompromisspaket k\u00f6nnte ein willkommenes Zeichen f\u00fcr die Demokraten sein, die die Unterst\u00fctzung von mindestens 10 Republikanern ben\u00f6tigen, um die Filibuster-Schwelle des Senats von 60 Stimmen zu \u00fcberwinden.<\/p>\n<\/blockquote>\n<p class=\"article-ask\"><span class=\"ask\"><script>\n  if( getParameterByName( \"utm_source\" ) == \"testpage\" ) {\n    !function(e,t,a,n,g){e[n]=e[n]||[],e[n].push({\"gtm.start\":(new Date).getTime(),event:\"gtm.js\"});var m=t.getElementsByTagName(a)[0],r=t.createElement(a);r.async=!0,r.src=\"https:\/\/www.googletagmanager.com\/gtm.js?id=GTM-PL4PD49\",m.parentNode.insertBefore(r,m)}(window.parent,window.parent.document,\"script\",\"dataLayer\");\n    var iframe=window.parent.document.createElement(\"iframe\");iframe.src=\"https:\/\/www.googletagmanager.com\/ns.html?id=GTM-PL4PD49\";iframe.height=\"0\";iframe.width=\"0\";iframe.style=\"display:none;visibility:hidden\";window.parent.document.body.appendChild(iframe);\n    window.parent[\"$$mm-analytics\"] = window.parent[\"$$mm-analytics\"] || {};if (typeof window.parent[\"$$mm-analytics\"].firstEmbed === \"undefined\") {window.parent[\"$$mm-analytics\"].firstEmbed = Date.now();}\n    let as1 = document.createElement( \"script\" );\n    as1.src = \"https:\/\/bucket1.mm-syringe.com\/prod\/configs\/ee2300c8-43d2-7f0b-dac0-40aaf31c9d3d.js\";\n    document.body.appendChild( as1 );\n    let as2 = document.createElement( \"script\" );\n    as2.src = \"https:\/\/bucket1.mm-syringe.com\/prod\/injector\/injector.1.5.3.js\";\n    document.body.appendChild( as2 );\n  }\n<\/script><\/p>\n<div class=\"apester-media\" data-token=\"5f10a39f94902bc81d3d59a7\" data-context=\"true\" data-tags=\"\" data-fallback=\"true\" height=\"350\"><\/div>\n<p><script id=\"apester_script\" src=\"https:\/\/static.apester.com\/js\/sdk\/latest\/apester-sdk.js\" async><\/script><script async src=\"https:\/\/www.googletagmanager.com\/gtag\/js?id=G-EFE91RJVSQ\"><\/script><script>\n  window.dataLayer = window.dataLayer || [];\n  function gtag(){dataLayer.push(arguments);}\n  gtag(\\'js\\', new Date());\n  gtag(\\'config\\', \\'G-EFE91RJVSQ\\');\n<\/script><\/span><\/p>\n<\/div>\n<p><br \/>\n<br \/><a href=\"https:\/\/www.thegatewaypundit.com\/2022\/05\/rinos-led-mitch-mcconnell-consider-joining-democrats-tighten-gun-laws-following-uvalde-texas-mass-shooting\/\">Source link <\/a><\/p>\n","protected":false},"excerpt":{"rendered":"<p>Am Freitag k\u00fcndigte GOP-F\u00fchrer Mitch McConnell an, dass die RINO-Republikaner den Forderungen der Demokraten nach einer Versch\u00e4rfung der Waffengesetzgebung nachgeben werden. Dies geschieht Tage nach dem Schulmassaker in Uvalde, Texas. McConnell sagte gegen\u00fcber CNN, die Republikaner w\u00fcrden sich mit \u201eGem\u00e4\u00dfigten\u201c wie Senator Chris Murphy treffen, um neue Gesetze auszuarbeiten, die nichts dazu beitragen werden, gef\u00e4hrliche [&hellip;]<\/p>\n","protected":false},"author":5,"featured_media":9046,"comment_status":"open","ping_status":"open","sticky":false,"template":"","format":"standard","meta":{"wp_automatic_camp":["1161"],"f6fd08fe197037de18be781e3f02d59a":["RINOs unter der Leitung von Mitch McConnell erw\u00e4gen, sich den Demokraten anzuschlie\u00dfen, um die Waffengesetze nach den Massenschie\u00dfereien in Uvalde, Texas, zu versch\u00e4rfen\n"],"original_link":["https:\/\/www.thegatewaypundit.com\/2022\/05\/rinos-led-mitch-mcconnell-consider-joining-democrats-tighten-gun-laws-following-uvalde-texas-mass-shooting\/"],"_thumbnail_id":["9046"],"wp_automatic_remove_first_image":["yes"],"jnews_social_counter_last_update":["1777121080"]},"categories":[25],"tags":[22112,3383,48,82,45,21428,9324,21717,16663,16662,979,16666,434,2484,908,21715,22114,50,22113],"yoast_head":"<!-- This site is optimized with the Yoast SEO Premium plugin v22.7 (Yoast SEO v22.7) - https:\/\/yoast.com\/wordpress\/plugins\/seo\/ -->\n<title>RINOs unter der Leitung von Mitch McConnell erw\u00e4gen, sich den Demokraten anzuschlie\u00dfen, um die Waffengesetze nach den Massenschie\u00dfereien in Uvalde, Texas, zu versch\u00e4rfen - just-now.NEWS Deutschland<\/title>\n<meta name=\"robots\" content=\"index, follow, max-snippet:-1, max-image-preview:large, max-video-preview:-1\" \/>\n<link rel=\"canonical\" href=\"https:\/\/now-news.de\/de\/usa\/rinos-unter-der-leitung-von-mitch-mcconnell-erwaegen-sich-den-demokraten-anzuschliessen-um-die-waffengesetze-nach-den-massenschiessereien-in-uvalde-texas-zu-verschaerfen\/\" \/>\n<meta property=\"og:locale\" content=\"de_DE\" \/>\n<meta property=\"og:type\" content=\"article\" \/>\n<meta property=\"og:title\" content=\"RINOs unter der Leitung von Mitch McConnell erw\u00e4gen, sich den Demokraten anzuschlie\u00dfen, um die Waffengesetze nach den Massenschie\u00dfereien in Uvalde, Texas, zu versch\u00e4rfen\" \/>\n<meta property=\"og:description\" content=\"Am Freitag k\u00fcndigte GOP-F\u00fchrer Mitch McConnell an, dass die RINO-Republikaner den Forderungen der Demokraten nach einer Versch\u00e4rfung der Waffengesetzgebung nachgeben werden. Dies geschieht Tage nach dem Schulmassaker in Uvalde, Texas. McConnell sagte gegen\u00fcber CNN, die Republikaner w\u00fcrden sich mit \u201eGem\u00e4\u00dfigten\u201c wie Senator Chris Murphy treffen, um neue Gesetze auszuarbeiten, die nichts dazu beitragen werden, gef\u00e4hrliche [&hellip;]\" \/>\n<meta property=\"og:url\" content=\"https:\/\/now-news.de\/de\/usa\/rinos-unter-der-leitung-von-mitch-mcconnell-erwaegen-sich-den-demokraten-anzuschliessen-um-die-waffengesetze-nach-den-massenschiessereien-in-uvalde-texas-zu-verschaerfen\/\" \/>\n<meta property=\"og:site_name\" content=\"just-now.NEWS Deutschland\" \/>\n<meta property=\"article:publisher\" content=\"https:\/\/www.facebook.com\/wirmachenauf\" \/>\n<meta property=\"article:published_time\" content=\"2022-05-28T02:15:00+00:00\" \/>\n<meta property=\"og:image\" content=\"https:\/\/now-news.de\/de\/wp-content\/uploads\/sites\/3\/2022\/05\/RINOs-unter-der-Leitung-von-Mitch-McConnell-erwaegen-sich-den.jpg\" \/>\n\t<meta property=\"og:image:width\" content=\"1169\" \/>\n\t<meta property=\"og:image:height\" content=\"631\" \/>\n\t<meta property=\"og:image:type\" content=\"image\/jpeg\" \/>\n<meta name=\"author\" content=\"greatreset\" \/>\n<meta name=\"twitter:card\" content=\"summary_large_image\" \/>\n<meta name=\"twitter:creator\" content=\"@WirMachenAuf_de\" \/>\n<meta name=\"twitter:site\" content=\"@WirMachenAuf_de\" \/>\n<meta name=\"twitter:label1\" content=\"Verfasst von\" \/>\n\t<meta name=\"twitter:data1\" content=\"greatreset\" \/>\n\t<meta name=\"twitter:label2\" content=\"Gesch\u00e4tzte Lesezeit\" \/>\n\t<meta name=\"twitter:data2\" content=\"2\u00a0Minuten\" \/>\n<script type=\"application\/ld+json\" class=\"yoast-schema-graph\">{\"@context\":\"https:\/\/schema.org\",\"@graph\":[{\"@type\":\"Article\",\"@id\":\"https:\/\/now-news.de\/de\/usa\/rinos-unter-der-leitung-von-mitch-mcconnell-erwaegen-sich-den-demokraten-anzuschliessen-um-die-waffengesetze-nach-den-massenschiessereien-in-uvalde-texas-zu-verschaerfen\/#article\",\"isPartOf\":{\"@id\":\"https:\/\/now-news.de\/de\/usa\/rinos-unter-der-leitung-von-mitch-mcconnell-erwaegen-sich-den-demokraten-anzuschliessen-um-die-waffengesetze-nach-den-massenschiessereien-in-uvalde-texas-zu-verschaerfen\/\"},\"author\":{\"name\":\"greatreset\",\"@id\":\"https:\/\/now-news.de\/de\/#\/schema\/person\/8afb4cd92b68572db7902c13a349ffcb\"},\"headline\":\"RINOs unter der Leitung von Mitch McConnell erw\u00e4gen, sich den Demokraten anzuschlie\u00dfen, um die Waffengesetze nach den Massenschie\u00dfereien in Uvalde, Texas, zu versch\u00e4rfen\",\"datePublished\":\"2022-05-28T02:15:00+00:00\",\"dateModified\":\"2022-05-28T02:15:00+00:00\",\"mainEntityOfPage\":{\"@id\":\"https:\/\/now-news.de\/de\/usa\/rinos-unter-der-leitung-von-mitch-mcconnell-erwaegen-sich-den-demokraten-anzuschliessen-um-die-waffengesetze-nach-den-massenschiessereien-in-uvalde-texas-zu-verschaerfen\/\"},\"wordCount\":468,\"commentCount\":0,\"publisher\":{\"@id\":\"https:\/\/now-news.de\/de\/#organization\"},\"image\":{\"@id\":\"https:\/\/now-news.de\/de\/usa\/rinos-unter-der-leitung-von-mitch-mcconnell-erwaegen-sich-den-demokraten-anzuschliessen-um-die-waffengesetze-nach-den-massenschiessereien-in-uvalde-texas-zu-verschaerfen\/#primaryimage\"},\"thumbnailUrl\":\"https:\/\/now-news.de\/de\/wp-content\/uploads\/sites\/3\/2022\/05\/RINOs-unter-der-Leitung-von-Mitch-McConnell-erwaegen-sich-den.jpg\",\"keywords\":[\"anzuschlie\u00dfen\",\"Demokraten\",\"den\",\"der\",\"die\",\"erw\u00e4gen\",\"Leitung\",\"Massenschie\u00dfereien\",\"McConnell\",\"Mitch\",\"nach\",\"RINOs\",\"sich\",\"texas\",\"unter\",\"Uvalde\",\"versch\u00e4rfen\",\"von\",\"Waffengesetze\"],\"articleSection\":[\"USA\"],\"inLanguage\":\"de\",\"potentialAction\":[{\"@type\":\"CommentAction\",\"name\":\"Comment\",\"target\":[\"https:\/\/now-news.de\/de\/usa\/rinos-unter-der-leitung-von-mitch-mcconnell-erwaegen-sich-den-demokraten-anzuschliessen-um-die-waffengesetze-nach-den-massenschiessereien-in-uvalde-texas-zu-verschaerfen\/#respond\"]}]},{\"@type\":\"WebPage\",\"@id\":\"https:\/\/now-news.de\/de\/usa\/rinos-unter-der-leitung-von-mitch-mcconnell-erwaegen-sich-den-demokraten-anzuschliessen-um-die-waffengesetze-nach-den-massenschiessereien-in-uvalde-texas-zu-verschaerfen\/\",\"url\":\"https:\/\/now-news.de\/de\/usa\/rinos-unter-der-leitung-von-mitch-mcconnell-erwaegen-sich-den-demokraten-anzuschliessen-um-die-waffengesetze-nach-den-massenschiessereien-in-uvalde-texas-zu-verschaerfen\/\",\"name\":\"RINOs unter der Leitung von Mitch McConnell erw\u00e4gen, sich den Demokraten anzuschlie\u00dfen, um die Waffengesetze nach den Massenschie\u00dfereien in Uvalde, Texas, zu versch\u00e4rfen - just-now.NEWS Deutschland\",\"isPartOf\":{\"@id\":\"https:\/\/now-news.de\/de\/#website\"},\"primaryImageOfPage\":{\"@id\":\"https:\/\/now-news.de\/de\/usa\/rinos-unter-der-leitung-von-mitch-mcconnell-erwaegen-sich-den-demokraten-anzuschliessen-um-die-waffengesetze-nach-den-massenschiessereien-in-uvalde-texas-zu-verschaerfen\/#primaryimage\"},\"image\":{\"@id\":\"https:\/\/now-news.de\/de\/usa\/rinos-unter-der-leitung-von-mitch-mcconnell-erwaegen-sich-den-demokraten-anzuschliessen-um-die-waffengesetze-nach-den-massenschiessereien-in-uvalde-texas-zu-verschaerfen\/#primaryimage\"},\"thumbnailUrl\":\"https:\/\/now-news.de\/de\/wp-content\/uploads\/sites\/3\/2022\/05\/RINOs-unter-der-Leitung-von-Mitch-McConnell-erwaegen-sich-den.jpg\",\"datePublished\":\"2022-05-28T02:15:00+00:00\",\"dateModified\":\"2022-05-28T02:15:00+00:00\",\"breadcrumb\":{\"@id\":\"https:\/\/now-news.de\/de\/usa\/rinos-unter-der-leitung-von-mitch-mcconnell-erwaegen-sich-den-demokraten-anzuschliessen-um-die-waffengesetze-nach-den-massenschiessereien-in-uvalde-texas-zu-verschaerfen\/#breadcrumb\"},\"inLanguage\":\"de\",\"potentialAction\":[{\"@type\":\"ReadAction\",\"target\":[\"https:\/\/now-news.de\/de\/usa\/rinos-unter-der-leitung-von-mitch-mcconnell-erwaegen-sich-den-demokraten-anzuschliessen-um-die-waffengesetze-nach-den-massenschiessereien-in-uvalde-texas-zu-verschaerfen\/\"]}]},{\"@type\":\"ImageObject\",\"inLanguage\":\"de\",\"@id\":\"https:\/\/now-news.de\/de\/usa\/rinos-unter-der-leitung-von-mitch-mcconnell-erwaegen-sich-den-demokraten-anzuschliessen-um-die-waffengesetze-nach-den-massenschiessereien-in-uvalde-texas-zu-verschaerfen\/#primaryimage\",\"url\":\"https:\/\/now-news.de\/de\/wp-content\/uploads\/sites\/3\/2022\/05\/RINOs-unter-der-Leitung-von-Mitch-McConnell-erwaegen-sich-den.jpg\",\"contentUrl\":\"https:\/\/now-news.de\/de\/wp-content\/uploads\/sites\/3\/2022\/05\/RINOs-unter-der-Leitung-von-Mitch-McConnell-erwaegen-sich-den.jpg\",\"width\":1169,\"height\":631},{\"@type\":\"BreadcrumbList\",\"@id\":\"https:\/\/now-news.de\/de\/usa\/rinos-unter-der-leitung-von-mitch-mcconnell-erwaegen-sich-den-demokraten-anzuschliessen-um-die-waffengesetze-nach-den-massenschiessereien-in-uvalde-texas-zu-verschaerfen\/#breadcrumb\",\"itemListElement\":[{\"@type\":\"ListItem\",\"position\":1,\"name\":\"Home\",\"item\":\"https:\/\/now-news.de\/de\/\"},{\"@type\":\"ListItem\",\"position\":2,\"name\":\"RINOs unter der Leitung von Mitch McConnell erw\u00e4gen, sich den Demokraten anzuschlie\u00dfen, um die Waffengesetze nach den Massenschie\u00dfereien in Uvalde, Texas, zu versch\u00e4rfen\"}]},{\"@type\":\"WebSite\",\"@id\":\"https:\/\/now-news.de\/de\/#website\",\"url\":\"https:\/\/now-news.de\/de\/\",\"name\":\"just-now.NEWS Deutschland\",\"description\":\"Das Portal f\u00fcr unzensierte Nachrichten aus der Welt\",\"publisher\":{\"@id\":\"https:\/\/now-news.de\/de\/#organization\"},\"potentialAction\":[{\"@type\":\"SearchAction\",\"target\":{\"@type\":\"EntryPoint\",\"urlTemplate\":\"https:\/\/now-news.de\/de\/?s={search_term_string}\"},\"query-input\":\"required name=search_term_string\"}],\"inLanguage\":\"de\"},{\"@type\":\"Organization\",\"@id\":\"https:\/\/now-news.de\/de\/#organization\",\"name\":\"Just Now News\",\"url\":\"https:\/\/now-news.de\/de\/\",\"logo\":{\"@type\":\"ImageObject\",\"inLanguage\":\"de\",\"@id\":\"https:\/\/now-news.de\/de\/#\/schema\/logo\/image\/\",\"url\":\"http:\/\/just-now.news\/de\/wp-content\/uploads\/sites\/3\/2022\/04\/logo500x500.jpg\",\"contentUrl\":\"http:\/\/just-now.news\/de\/wp-content\/uploads\/sites\/3\/2022\/04\/logo500x500.jpg\",\"width\":500,\"height\":500,\"caption\":\"Just Now News\"},\"image\":{\"@id\":\"https:\/\/now-news.de\/de\/#\/schema\/logo\/image\/\"},\"sameAs\":[\"https:\/\/www.facebook.com\/wirmachenauf\",\"https:\/\/x.com\/WirMachenAuf_de\"]},{\"@type\":\"Person\",\"@id\":\"https:\/\/now-news.de\/de\/#\/schema\/person\/8afb4cd92b68572db7902c13a349ffcb\",\"name\":\"greatreset\",\"image\":{\"@type\":\"ImageObject\",\"inLanguage\":\"de\",\"@id\":\"https:\/\/now-news.de\/de\/#\/schema\/person\/image\/\",\"url\":\"https:\/\/secure.gravatar.com\/avatar\/a088df625d49991c090e78c8b9542592?s=96&d=mm&r=g\",\"contentUrl\":\"https:\/\/secure.gravatar.com\/avatar\/a088df625d49991c090e78c8b9542592?s=96&d=mm&r=g\",\"caption\":\"greatreset\"},\"url\":\"https:\/\/now-news.de\/de\/author\/greatreset\/\"}]}<\/script>\n<!-- \/ Yoast SEO Premium plugin. -->","yoast_head_json":{"title":"RINOs unter der Leitung von Mitch McConnell erw\u00e4gen, sich den Demokraten anzuschlie\u00dfen, um die Waffengesetze nach den Massenschie\u00dfereien in Uvalde, Texas, zu versch\u00e4rfen - just-now.NEWS Deutschland","robots":{"index":"index","follow":"follow","max-snippet":"max-snippet:-1","max-image-preview":"max-image-preview:large","max-video-preview":"max-video-preview:-1"},"canonical":"https:\/\/now-news.de\/de\/usa\/rinos-unter-der-leitung-von-mitch-mcconnell-erwaegen-sich-den-demokraten-anzuschliessen-um-die-waffengesetze-nach-den-massenschiessereien-in-uvalde-texas-zu-verschaerfen\/","og_locale":"de_DE","og_type":"article","og_title":"RINOs unter der Leitung von Mitch McConnell erw\u00e4gen, sich den Demokraten anzuschlie\u00dfen, um die Waffengesetze nach den Massenschie\u00dfereien in Uvalde, Texas, zu versch\u00e4rfen","og_description":"Am Freitag k\u00fcndigte GOP-F\u00fchrer Mitch McConnell an, dass die RINO-Republikaner den Forderungen der Demokraten nach einer Versch\u00e4rfung der Waffengesetzgebung nachgeben werden. Dies geschieht Tage nach dem Schulmassaker in Uvalde, Texas. McConnell sagte gegen\u00fcber CNN, die Republikaner w\u00fcrden sich mit \u201eGem\u00e4\u00dfigten\u201c wie Senator Chris Murphy treffen, um neue Gesetze auszuarbeiten, die nichts dazu beitragen werden, gef\u00e4hrliche [&hellip;]","og_url":"https:\/\/now-news.de\/de\/usa\/rinos-unter-der-leitung-von-mitch-mcconnell-erwaegen-sich-den-demokraten-anzuschliessen-um-die-waffengesetze-nach-den-massenschiessereien-in-uvalde-texas-zu-verschaerfen\/","og_site_name":"just-now.NEWS Deutschland","article_publisher":"https:\/\/www.facebook.com\/wirmachenauf","article_published_time":"2022-05-28T02:15:00+00:00","og_image":[{"width":1169,"height":631,"url":"https:\/\/now-news.de\/de\/wp-content\/uploads\/sites\/3\/2022\/05\/RINOs-unter-der-Leitung-von-Mitch-McConnell-erwaegen-sich-den.jpg","type":"image\/jpeg"}],"author":"greatreset","twitter_card":"summary_large_image","twitter_creator":"@WirMachenAuf_de","twitter_site":"@WirMachenAuf_de","twitter_misc":{"Verfasst von":"greatreset","Gesch\u00e4tzte Lesezeit":"2\u00a0Minuten"},"schema":{"@context":"https:\/\/schema.org","@graph":[{"@type":"Article","@id":"https:\/\/now-news.de\/de\/usa\/rinos-unter-der-leitung-von-mitch-mcconnell-erwaegen-sich-den-demokraten-anzuschliessen-um-die-waffengesetze-nach-den-massenschiessereien-in-uvalde-texas-zu-verschaerfen\/#article","isPartOf":{"@id":"https:\/\/now-news.de\/de\/usa\/rinos-unter-der-leitung-von-mitch-mcconnell-erwaegen-sich-den-demokraten-anzuschliessen-um-die-waffengesetze-nach-den-massenschiessereien-in-uvalde-texas-zu-verschaerfen\/"},"author":{"name":"greatreset","@id":"https:\/\/now-news.de\/de\/#\/schema\/person\/8afb4cd92b68572db7902c13a349ffcb"},"headline":"RINOs unter der Leitung von Mitch McConnell erw\u00e4gen, sich den Demokraten anzuschlie\u00dfen, um die Waffengesetze nach den Massenschie\u00dfereien in Uvalde, Texas, zu versch\u00e4rfen","datePublished":"2022-05-28T02:15:00+00:00","dateModified":"2022-05-28T02:15:00+00:00","mainEntityOfPage":{"@id":"https:\/\/now-news.de\/de\/usa\/rinos-unter-der-leitung-von-mitch-mcconnell-erwaegen-sich-den-demokraten-anzuschliessen-um-die-waffengesetze-nach-den-massenschiessereien-in-uvalde-texas-zu-verschaerfen\/"},"wordCount":468,"commentCount":0,"publisher":{"@id":"https:\/\/now-news.de\/de\/#organization"},"image":{"@id":"https:\/\/now-news.de\/de\/usa\/rinos-unter-der-leitung-von-mitch-mcconnell-erwaegen-sich-den-demokraten-anzuschliessen-um-die-waffengesetze-nach-den-massenschiessereien-in-uvalde-texas-zu-verschaerfen\/#primaryimage"},"thumbnailUrl":"https:\/\/now-news.de\/de\/wp-content\/uploads\/sites\/3\/2022\/05\/RINOs-unter-der-Leitung-von-Mitch-McConnell-erwaegen-sich-den.jpg","keywords":["anzuschlie\u00dfen","Demokraten","den","der","die","erw\u00e4gen","Leitung","Massenschie\u00dfereien","McConnell","Mitch","nach","RINOs","sich","texas","unter","Uvalde","versch\u00e4rfen","von","Waffengesetze"],"articleSection":["USA"],"inLanguage":"de","potentialAction":[{"@type":"CommentAction","name":"Comment","target":["https:\/\/now-news.de\/de\/usa\/rinos-unter-der-leitung-von-mitch-mcconnell-erwaegen-sich-den-demokraten-anzuschliessen-um-die-waffengesetze-nach-den-massenschiessereien-in-uvalde-texas-zu-verschaerfen\/#respond"]}]},{"@type":"WebPage","@id":"https:\/\/now-news.de\/de\/usa\/rinos-unter-der-leitung-von-mitch-mcconnell-erwaegen-sich-den-demokraten-anzuschliessen-um-die-waffengesetze-nach-den-massenschiessereien-in-uvalde-texas-zu-verschaerfen\/","url":"https:\/\/now-news.de\/de\/usa\/rinos-unter-der-leitung-von-mitch-mcconnell-erwaegen-sich-den-demokraten-anzuschliessen-um-die-waffengesetze-nach-den-massenschiessereien-in-uvalde-texas-zu-verschaerfen\/","name":"RINOs unter der Leitung von Mitch McConnell erw\u00e4gen, sich den Demokraten anzuschlie\u00dfen, um die Waffengesetze nach den Massenschie\u00dfereien in Uvalde, Texas, zu versch\u00e4rfen - just-now.NEWS Deutschland","isPartOf":{"@id":"https:\/\/now-news.de\/de\/#website"},"primaryImageOfPage":{"@id":"https:\/\/now-news.de\/de\/usa\/rinos-unter-der-leitung-von-mitch-mcconnell-erwaegen-sich-den-demokraten-anzuschliessen-um-die-waffengesetze-nach-den-massenschiessereien-in-uvalde-texas-zu-verschaerfen\/#primaryimage"},"image":{"@id":"https:\/\/now-news.de\/de\/usa\/rinos-unter-der-leitung-von-mitch-mcconnell-erwaegen-sich-den-demokraten-anzuschliessen-um-die-waffengesetze-nach-den-massenschiessereien-in-uvalde-texas-zu-verschaerfen\/#primaryimage"},"thumbnailUrl":"https:\/\/now-news.de\/de\/wp-content\/uploads\/sites\/3\/2022\/05\/RINOs-unter-der-Leitung-von-Mitch-McConnell-erwaegen-sich-den.jpg","datePublished":"2022-05-28T02:15:00+00:00","dateModified":"2022-05-28T02:15:00+00:00","breadcrumb":{"@id":"https:\/\/now-news.de\/de\/usa\/rinos-unter-der-leitung-von-mitch-mcconnell-erwaegen-sich-den-demokraten-anzuschliessen-um-die-waffengesetze-nach-den-massenschiessereien-in-uvalde-texas-zu-verschaerfen\/#breadcrumb"},"inLanguage":"de","potentialAction":[{"@type":"ReadAction","target":["https:\/\/now-news.de\/de\/usa\/rinos-unter-der-leitung-von-mitch-mcconnell-erwaegen-sich-den-demokraten-anzuschliessen-um-die-waffengesetze-nach-den-massenschiessereien-in-uvalde-texas-zu-verschaerfen\/"]}]},{"@type":"ImageObject","inLanguage":"de","@id":"https:\/\/now-news.de\/de\/usa\/rinos-unter-der-leitung-von-mitch-mcconnell-erwaegen-sich-den-demokraten-anzuschliessen-um-die-waffengesetze-nach-den-massenschiessereien-in-uvalde-texas-zu-verschaerfen\/#primaryimage","url":"https:\/\/now-news.de\/de\/wp-content\/uploads\/sites\/3\/2022\/05\/RINOs-unter-der-Leitung-von-Mitch-McConnell-erwaegen-sich-den.jpg","contentUrl":"https:\/\/now-news.de\/de\/wp-content\/uploads\/sites\/3\/2022\/05\/RINOs-unter-der-Leitung-von-Mitch-McConnell-erwaegen-sich-den.jpg","width":1169,"height":631},{"@type":"BreadcrumbList","@id":"https:\/\/now-news.de\/de\/usa\/rinos-unter-der-leitung-von-mitch-mcconnell-erwaegen-sich-den-demokraten-anzuschliessen-um-die-waffengesetze-nach-den-massenschiessereien-in-uvalde-texas-zu-verschaerfen\/#breadcrumb","itemListElement":[{"@type":"ListItem","position":1,"name":"Home","item":"https:\/\/now-news.de\/de\/"},{"@type":"ListItem","position":2,"name":"RINOs unter der Leitung von Mitch McConnell erw\u00e4gen, sich den Demokraten anzuschlie\u00dfen, um die Waffengesetze nach den Massenschie\u00dfereien in Uvalde, Texas, zu versch\u00e4rfen"}]},{"@type":"WebSite","@id":"https:\/\/now-news.de\/de\/#website","url":"https:\/\/now-news.de\/de\/","name":"just-now.NEWS Deutschland","description":"Das Portal f\u00fcr unzensierte Nachrichten aus der Welt","publisher":{"@id":"https:\/\/now-news.de\/de\/#organization"},"potentialAction":[{"@type":"SearchAction","target":{"@type":"EntryPoint","urlTemplate":"https:\/\/now-news.de\/de\/?s={search_term_string}"},"query-input":"required name=search_term_string"}],"inLanguage":"de"},{"@type":"Organization","@id":"https:\/\/now-news.de\/de\/#organization","name":"Just Now News","url":"https:\/\/now-news.de\/de\/","logo":{"@type":"ImageObject","inLanguage":"de","@id":"https:\/\/now-news.de\/de\/#\/schema\/logo\/image\/","url":"http:\/\/just-now.news\/de\/wp-content\/uploads\/sites\/3\/2022\/04\/logo500x500.jpg","contentUrl":"http:\/\/just-now.news\/de\/wp-content\/uploads\/sites\/3\/2022\/04\/logo500x500.jpg","width":500,"height":500,"caption":"Just Now News"},"image":{"@id":"https:\/\/now-news.de\/de\/#\/schema\/logo\/image\/"},"sameAs":["https:\/\/www.facebook.com\/wirmachenauf","https:\/\/x.com\/WirMachenAuf_de"]},{"@type":"Person","@id":"https:\/\/now-news.de\/de\/#\/schema\/person\/8afb4cd92b68572db7902c13a349ffcb","name":"greatreset","image":{"@type":"ImageObject","inLanguage":"de","@id":"https:\/\/now-news.de\/de\/#\/schema\/person\/image\/","url":"https:\/\/secure.gravatar.com\/avatar\/a088df625d49991c090e78c8b9542592?s=96&d=mm&r=g","contentUrl":"https:\/\/secure.gravatar.com\/avatar\/a088df625d49991c090e78c8b9542592?s=96&d=mm&r=g","caption":"greatreset"},"url":"https:\/\/now-news.de\/de\/author\/greatreset\/"}]}},"_links":{"self":[{"href":"https:\/\/now-news.de\/de\/wp-json\/wp\/v2\/posts\/9045"}],"collection":[{"href":"https:\/\/now-news.de\/de\/wp-json\/wp\/v2\/posts"}],"about":[{"href":"https:\/\/now-news.de\/de\/wp-json\/wp\/v2\/types\/post"}],"author":[{"embeddable":true,"href":"https:\/\/now-news.de\/de\/wp-json\/wp\/v2\/users\/5"}],"replies":[{"embeddable":true,"href":"https:\/\/now-news.de\/de\/wp-json\/wp\/v2\/comments?post=9045"}],"version-history":[{"count":0,"href":"https:\/\/now-news.de\/de\/wp-json\/wp\/v2\/posts\/9045\/revisions"}],"wp:featuredmedia":[{"embeddable":true,"href":"https:\/\/now-news.de\/de\/wp-json\/wp\/v2\/media\/9046"}],"wp:attachment":[{"href":"https:\/\/now-news.de\/de\/wp-json\/wp\/v2\/media?parent=9045"}],"wp:term":[{"taxonomy":"category","embeddable":true,"href":"https:\/\/now-news.de\/de\/wp-json\/wp\/v2\/categories?post=9045"},{"taxonomy":"post_tag","embeddable":true,"href":"https:\/\/now-news.de\/de\/wp-json\/wp\/v2\/tags?post=9045"}],"curies":[{"name":"wp","href":"https:\/\/api.w.org\/{rel}","templated":true}]}}