{"id":90399,"date":"2025-09-12T14:23:03","date_gmt":"2025-09-12T12:23:03","guid":{"rendered":"https:\/\/now-news.de\/de\/deutschland\/trump-moerder-von-charlie-kirk-vermutlich-gefasst\/"},"modified":"2025-09-12T14:23:03","modified_gmt":"2025-09-12T12:23:03","slug":"trump-moerder-von-charlie-kirk-vermutlich-gefasst","status":"publish","type":"post","link":"https:\/\/now-news.de\/de\/deutschland\/trump-moerder-von-charlie-kirk-vermutlich-gefasst\/","title":{"rendered":"Trump: M\u00f6rder von Charlie Kirk &quot;vermutlich&quot; gefasst"},"content":{"rendered":"<p><img decoding=\"async\" src=\"https:\/\/now-news.de\/de\/wp-content\/uploads\/sites\/3\/2024\/05\/breaking3.jpg\" \/><\/p>\n<div class=\"Text-root Text-type_1 \">\n                In einem TV-Interview am Freitag hat US-Pr\u00e4sident Donald Trump mitgeteilt, dass der Attent\u00e4ter, der am Mittwoch den Influencer Charlie Kirk erschoss, &#8220;vermutlich&#8221; gefasst wurde. Details nannte er nicht.\n            <\/div>\n<p><\/p>\n<div class=\"Text-root Text-type_5 ArticleView-text ViewText-root \">\n<p>US-Pr\u00e4sident Donald Trump hat am Freitag die Festnahme eines Verd\u00e4chtigen im Fall des Mordes an dem konservativen Blogger und Influencer Charlie Kirk bekanntgegeben. Er sagte in einem Interview mit dem Sender <em>Fox News<\/em>, der mutma\u00dfliche Sch\u00fctze sei in Gewahrsam genommen worden. &#8220;Jemand, der ihm sehr nahe steht, hat ihn verraten&#8221;, so Trump.<\/p>\n<div class=\"EmbedBlock-root EmbedBlock-twitter\">\n<div class=\"TwitterEmbed\">\n<blockquote class=\"twitter-tweet lazyload\" data-twitter=\"twitter-tweet\" data-media-max-width=\"560\">\n<p lang=\"en\" dir=\"ltr\">BREAKING: President Trump on Charlie Kirk suspected assassin: &#8220;I think, with a high degree of certainty, we have him in custody.&#8221; <a rel=\"nofollow noopener\" target=\"_blank\" href=\"https:\/\/t.co\/wAAGegrrWI\">pic.twitter.com\/wAAGegrrWI<\/a><\/p>\n<p>\u2014 Fox News (@FoxNews) <a rel=\"nofollow noopener\" target=\"_blank\" href=\"https:\/\/twitter.com\/FoxNews\/status\/1966474360102731862?ref_src=twsrc%5Etfw\">September 12, 2025<\/a><\/p><\/blockquote>\n<\/div>\n<\/div>\n<p><em>Mehr Informationen in K\u00fcrze &#8230;\u00a0<\/em><\/p>\n<\/div>\n<p><script async src=\"https:\/\/platform.twitter.com\/widgets.js\" charset=\"utf-8\"><\/script><br \/>\n<br \/><br \/>\n<br \/><a href=\"https:\/\/de.rt.com\/nordamerika\/255854-trump-moerder-von-charlie-kirk-gefasst\/\">Source link <\/a><\/p>\n","protected":false},"excerpt":{"rendered":"<p>In einem TV-Interview am Freitag hat US-Pr\u00e4sident Donald Trump mitgeteilt, dass der Attent\u00e4ter, der am Mittwoch den Influencer Charlie Kirk erschoss, &#8220;vermutlich&#8221; gefasst wurde. Details nannte er nicht. US-Pr\u00e4sident Donald Trump hat am Freitag die Festnahme eines Verd\u00e4chtigen im Fall des Mordes an dem konservativen Blogger und Influencer Charlie Kirk bekanntgegeben. Er sagte in einem [&hellip;]<\/p>\n","protected":false},"author":3,"featured_media":58637,"comment_status":"open","ping_status":"open","sticky":false,"template":"","format":"standard","meta":{"_yoast_indexnow_last_ping":["1757680299"],"wp_automatic_camp":["217"],"36bbbb54f7116e7b12c16dc19d3fd74f":["Trump: M\u00f6rder von Charlie Kirk &quot;vermutlich&quot; gefasst"],"original_link":["https:\/\/de.rt.com\/nordamerika\/255854-trump-moerder-von-charlie-kirk-gefasst\/"],"_thumbnail_id":["58637"],"jnews_social_counter_last_update":["1777427436"],"_wptgpro_p2tg_sent2tg":["a:1:{i:23737;s:19:\"2025-09-12 14:32:46\";}"]},"categories":[19,23],"tags":[7751,6410,7752,23531,67689,1639,50],"yoast_head":"<!-- This site is optimized with the Yoast SEO Premium plugin v22.7 (Yoast SEO v22.7) - https:\/\/yoast.com\/wordpress\/plugins\/seo\/ -->\n<title>Trump: M\u00f6rder von Charlie Kirk &quot;vermutlich&quot; gefasst - just-now.NEWS Deutschland<\/title>\n<meta name=\"robots\" content=\"index, follow, max-snippet:-1, max-image-preview:large, max-video-preview:-1\" \/>\n<link rel=\"canonical\" href=\"https:\/\/now-news.de\/de\/deutschland\/trump-moerder-von-charlie-kirk-vermutlich-gefasst\/\" \/>\n<meta property=\"og:locale\" content=\"de_DE\" \/>\n<meta property=\"og:type\" content=\"article\" \/>\n<meta property=\"og:title\" content=\"Trump: M\u00f6rder von Charlie Kirk &quot;vermutlich&quot; gefasst\" \/>\n<meta property=\"og:description\" content=\"In einem TV-Interview am Freitag hat US-Pr\u00e4sident Donald Trump mitgeteilt, dass der Attent\u00e4ter, der am Mittwoch den Influencer Charlie Kirk erschoss, &#8220;vermutlich&#8221; gefasst wurde. Details nannte er nicht. US-Pr\u00e4sident Donald Trump hat am Freitag die Festnahme eines Verd\u00e4chtigen im Fall des Mordes an dem konservativen Blogger und Influencer Charlie Kirk bekanntgegeben. Er sagte in einem [&hellip;]\" \/>\n<meta property=\"og:url\" content=\"https:\/\/now-news.de\/de\/deutschland\/trump-moerder-von-charlie-kirk-vermutlich-gefasst\/\" \/>\n<meta property=\"og:site_name\" content=\"just-now.NEWS Deutschland\" \/>\n<meta property=\"article:publisher\" content=\"https:\/\/www.facebook.com\/wirmachenauf\" \/>\n<meta property=\"article:published_time\" content=\"2025-09-12T12:23:03+00:00\" \/>\n<meta property=\"og:image\" content=\"https:\/\/now-news.de\/de\/wp-content\/uploads\/sites\/3\/2024\/05\/breaking3.jpg\" \/>\n<meta name=\"author\" content=\"rtnews\" \/>\n<meta name=\"twitter:card\" content=\"summary_large_image\" \/>\n<meta name=\"twitter:creator\" content=\"@WirMachenAuf_de\" \/>\n<meta name=\"twitter:site\" content=\"@WirMachenAuf_de\" \/>\n<meta name=\"twitter:label1\" content=\"Verfasst von\" \/>\n\t<meta name=\"twitter:data1\" content=\"rtnews\" \/>\n\t<meta name=\"twitter:label2\" content=\"Gesch\u00e4tzte Lesezeit\" \/>\n\t<meta name=\"twitter:data2\" content=\"1\u00a0Minute\" \/>\n<script type=\"application\/ld+json\" class=\"yoast-schema-graph\">{\"@context\":\"https:\/\/schema.org\",\"@graph\":[{\"@type\":\"Article\",\"@id\":\"https:\/\/now-news.de\/de\/deutschland\/trump-moerder-von-charlie-kirk-vermutlich-gefasst\/#article\",\"isPartOf\":{\"@id\":\"https:\/\/now-news.de\/de\/deutschland\/trump-moerder-von-charlie-kirk-vermutlich-gefasst\/\"},\"author\":{\"name\":\"rtnews\",\"@id\":\"https:\/\/now-news.de\/de\/#\/schema\/person\/fb534a4e865501d8b3285208df34a9b5\"},\"headline\":\"Trump: M\u00f6rder von Charlie Kirk &quot;vermutlich&quot; gefasst\",\"datePublished\":\"2025-09-12T12:23:03+00:00\",\"dateModified\":\"2025-09-12T12:23:03+00:00\",\"mainEntityOfPage\":{\"@id\":\"https:\/\/now-news.de\/de\/deutschland\/trump-moerder-von-charlie-kirk-vermutlich-gefasst\/\"},\"wordCount\":133,\"commentCount\":0,\"publisher\":{\"@id\":\"https:\/\/now-news.de\/de\/#organization\"},\"image\":{\"@id\":\"https:\/\/now-news.de\/de\/deutschland\/trump-moerder-von-charlie-kirk-vermutlich-gefasst\/#primaryimage\"},\"thumbnailUrl\":\"https:\/\/now-news.de\/de\/wp-content\/uploads\/sites\/3\/2024\/05\/China-beginnt-mit-Umzingelungsuebungen-rund-um-Taiwan.jpg\",\"keywords\":[\"Charlie\",\"gefasst\",\"Kirk\",\"M\u00f6rder\",\"quotvermutlichquot\",\"trump\",\"von\"],\"articleSection\":[\"Deutschland\",\"Russland\"],\"inLanguage\":\"de\",\"potentialAction\":[{\"@type\":\"CommentAction\",\"name\":\"Comment\",\"target\":[\"https:\/\/now-news.de\/de\/deutschland\/trump-moerder-von-charlie-kirk-vermutlich-gefasst\/#respond\"]}]},{\"@type\":\"WebPage\",\"@id\":\"https:\/\/now-news.de\/de\/deutschland\/trump-moerder-von-charlie-kirk-vermutlich-gefasst\/\",\"url\":\"https:\/\/now-news.de\/de\/deutschland\/trump-moerder-von-charlie-kirk-vermutlich-gefasst\/\",\"name\":\"Trump: M\u00f6rder von Charlie Kirk &quot;vermutlich&quot; gefasst - just-now.NEWS Deutschland\",\"isPartOf\":{\"@id\":\"https:\/\/now-news.de\/de\/#website\"},\"primaryImageOfPage\":{\"@id\":\"https:\/\/now-news.de\/de\/deutschland\/trump-moerder-von-charlie-kirk-vermutlich-gefasst\/#primaryimage\"},\"image\":{\"@id\":\"https:\/\/now-news.de\/de\/deutschland\/trump-moerder-von-charlie-kirk-vermutlich-gefasst\/#primaryimage\"},\"thumbnailUrl\":\"https:\/\/now-news.de\/de\/wp-content\/uploads\/sites\/3\/2024\/05\/China-beginnt-mit-Umzingelungsuebungen-rund-um-Taiwan.jpg\",\"datePublished\":\"2025-09-12T12:23:03+00:00\",\"dateModified\":\"2025-09-12T12:23:03+00:00\",\"breadcrumb\":{\"@id\":\"https:\/\/now-news.de\/de\/deutschland\/trump-moerder-von-charlie-kirk-vermutlich-gefasst\/#breadcrumb\"},\"inLanguage\":\"de\",\"potentialAction\":[{\"@type\":\"ReadAction\",\"target\":[\"https:\/\/now-news.de\/de\/deutschland\/trump-moerder-von-charlie-kirk-vermutlich-gefasst\/\"]}]},{\"@type\":\"ImageObject\",\"inLanguage\":\"de\",\"@id\":\"https:\/\/now-news.de\/de\/deutschland\/trump-moerder-von-charlie-kirk-vermutlich-gefasst\/#primaryimage\",\"url\":\"https:\/\/now-news.de\/de\/wp-content\/uploads\/sites\/3\/2024\/05\/China-beginnt-mit-Umzingelungsuebungen-rund-um-Taiwan.jpg\",\"contentUrl\":\"https:\/\/now-news.de\/de\/wp-content\/uploads\/sites\/3\/2024\/05\/China-beginnt-mit-Umzingelungsuebungen-rund-um-Taiwan.jpg\",\"width\":460,\"height\":259,\"caption\":\"China beginnt mit Umzingelungs\u00fcbungen rund um Taiwan\"},{\"@type\":\"BreadcrumbList\",\"@id\":\"https:\/\/now-news.de\/de\/deutschland\/trump-moerder-von-charlie-kirk-vermutlich-gefasst\/#breadcrumb\",\"itemListElement\":[{\"@type\":\"ListItem\",\"position\":1,\"name\":\"Home\",\"item\":\"https:\/\/now-news.de\/de\/\"},{\"@type\":\"ListItem\",\"position\":2,\"name\":\"Trump: M\u00f6rder von Charlie Kirk &quot;vermutlich&quot; gefasst\"}]},{\"@type\":\"WebSite\",\"@id\":\"https:\/\/now-news.de\/de\/#website\",\"url\":\"https:\/\/now-news.de\/de\/\",\"name\":\"just-now.NEWS Deutschland\",\"description\":\"Das Portal f\u00fcr unzensierte Nachrichten aus der Welt\",\"publisher\":{\"@id\":\"https:\/\/now-news.de\/de\/#organization\"},\"potentialAction\":[{\"@type\":\"SearchAction\",\"target\":{\"@type\":\"EntryPoint\",\"urlTemplate\":\"https:\/\/now-news.de\/de\/?s={search_term_string}\"},\"query-input\":\"required name=search_term_string\"}],\"inLanguage\":\"de\"},{\"@type\":\"Organization\",\"@id\":\"https:\/\/now-news.de\/de\/#organization\",\"name\":\"Just Now News\",\"url\":\"https:\/\/now-news.de\/de\/\",\"logo\":{\"@type\":\"ImageObject\",\"inLanguage\":\"de\",\"@id\":\"https:\/\/now-news.de\/de\/#\/schema\/logo\/image\/\",\"url\":\"http:\/\/just-now.news\/de\/wp-content\/uploads\/sites\/3\/2022\/04\/logo500x500.jpg\",\"contentUrl\":\"http:\/\/just-now.news\/de\/wp-content\/uploads\/sites\/3\/2022\/04\/logo500x500.jpg\",\"width\":500,\"height\":500,\"caption\":\"Just Now News\"},\"image\":{\"@id\":\"https:\/\/now-news.de\/de\/#\/schema\/logo\/image\/\"},\"sameAs\":[\"https:\/\/www.facebook.com\/wirmachenauf\",\"https:\/\/x.com\/WirMachenAuf_de\"]},{\"@type\":\"Person\",\"@id\":\"https:\/\/now-news.de\/de\/#\/schema\/person\/fb534a4e865501d8b3285208df34a9b5\",\"name\":\"rtnews\",\"image\":{\"@type\":\"ImageObject\",\"inLanguage\":\"de\",\"@id\":\"https:\/\/now-news.de\/de\/#\/schema\/person\/image\/\",\"url\":\"https:\/\/secure.gravatar.com\/avatar\/82aafea7d8127119dd649515f56e2117?s=96&d=mm&r=g\",\"contentUrl\":\"https:\/\/secure.gravatar.com\/avatar\/82aafea7d8127119dd649515f56e2117?s=96&d=mm&r=g\",\"caption\":\"rtnews\"},\"url\":\"https:\/\/now-news.de\/de\/author\/rnews\/\"}]}<\/script>\n<!-- \/ Yoast SEO Premium plugin. -->","yoast_head_json":{"title":"Trump: M\u00f6rder von Charlie Kirk &quot;vermutlich&quot; gefasst - just-now.NEWS Deutschland","robots":{"index":"index","follow":"follow","max-snippet":"max-snippet:-1","max-image-preview":"max-image-preview:large","max-video-preview":"max-video-preview:-1"},"canonical":"https:\/\/now-news.de\/de\/deutschland\/trump-moerder-von-charlie-kirk-vermutlich-gefasst\/","og_locale":"de_DE","og_type":"article","og_title":"Trump: M\u00f6rder von Charlie Kirk &quot;vermutlich&quot; gefasst","og_description":"In einem TV-Interview am Freitag hat US-Pr\u00e4sident Donald Trump mitgeteilt, dass der Attent\u00e4ter, der am Mittwoch den Influencer Charlie Kirk erschoss, &#8220;vermutlich&#8221; gefasst wurde. Details nannte er nicht. US-Pr\u00e4sident Donald Trump hat am Freitag die Festnahme eines Verd\u00e4chtigen im Fall des Mordes an dem konservativen Blogger und Influencer Charlie Kirk bekanntgegeben. Er sagte in einem [&hellip;]","og_url":"https:\/\/now-news.de\/de\/deutschland\/trump-moerder-von-charlie-kirk-vermutlich-gefasst\/","og_site_name":"just-now.NEWS Deutschland","article_publisher":"https:\/\/www.facebook.com\/wirmachenauf","article_published_time":"2025-09-12T12:23:03+00:00","og_image":[{"url":"https:\/\/now-news.de\/de\/wp-content\/uploads\/sites\/3\/2024\/05\/breaking3.jpg"}],"author":"rtnews","twitter_card":"summary_large_image","twitter_creator":"@WirMachenAuf_de","twitter_site":"@WirMachenAuf_de","twitter_misc":{"Verfasst von":"rtnews","Gesch\u00e4tzte Lesezeit":"1\u00a0Minute"},"schema":{"@context":"https:\/\/schema.org","@graph":[{"@type":"Article","@id":"https:\/\/now-news.de\/de\/deutschland\/trump-moerder-von-charlie-kirk-vermutlich-gefasst\/#article","isPartOf":{"@id":"https:\/\/now-news.de\/de\/deutschland\/trump-moerder-von-charlie-kirk-vermutlich-gefasst\/"},"author":{"name":"rtnews","@id":"https:\/\/now-news.de\/de\/#\/schema\/person\/fb534a4e865501d8b3285208df34a9b5"},"headline":"Trump: M\u00f6rder von Charlie Kirk &quot;vermutlich&quot; gefasst","datePublished":"2025-09-12T12:23:03+00:00","dateModified":"2025-09-12T12:23:03+00:00","mainEntityOfPage":{"@id":"https:\/\/now-news.de\/de\/deutschland\/trump-moerder-von-charlie-kirk-vermutlich-gefasst\/"},"wordCount":133,"commentCount":0,"publisher":{"@id":"https:\/\/now-news.de\/de\/#organization"},"image":{"@id":"https:\/\/now-news.de\/de\/deutschland\/trump-moerder-von-charlie-kirk-vermutlich-gefasst\/#primaryimage"},"thumbnailUrl":"https:\/\/now-news.de\/de\/wp-content\/uploads\/sites\/3\/2024\/05\/China-beginnt-mit-Umzingelungsuebungen-rund-um-Taiwan.jpg","keywords":["Charlie","gefasst","Kirk","M\u00f6rder","quotvermutlichquot","trump","von"],"articleSection":["Deutschland","Russland"],"inLanguage":"de","potentialAction":[{"@type":"CommentAction","name":"Comment","target":["https:\/\/now-news.de\/de\/deutschland\/trump-moerder-von-charlie-kirk-vermutlich-gefasst\/#respond"]}]},{"@type":"WebPage","@id":"https:\/\/now-news.de\/de\/deutschland\/trump-moerder-von-charlie-kirk-vermutlich-gefasst\/","url":"https:\/\/now-news.de\/de\/deutschland\/trump-moerder-von-charlie-kirk-vermutlich-gefasst\/","name":"Trump: M\u00f6rder von Charlie Kirk &quot;vermutlich&quot; gefasst - just-now.NEWS Deutschland","isPartOf":{"@id":"https:\/\/now-news.de\/de\/#website"},"primaryImageOfPage":{"@id":"https:\/\/now-news.de\/de\/deutschland\/trump-moerder-von-charlie-kirk-vermutlich-gefasst\/#primaryimage"},"image":{"@id":"https:\/\/now-news.de\/de\/deutschland\/trump-moerder-von-charlie-kirk-vermutlich-gefasst\/#primaryimage"},"thumbnailUrl":"https:\/\/now-news.de\/de\/wp-content\/uploads\/sites\/3\/2024\/05\/China-beginnt-mit-Umzingelungsuebungen-rund-um-Taiwan.jpg","datePublished":"2025-09-12T12:23:03+00:00","dateModified":"2025-09-12T12:23:03+00:00","breadcrumb":{"@id":"https:\/\/now-news.de\/de\/deutschland\/trump-moerder-von-charlie-kirk-vermutlich-gefasst\/#breadcrumb"},"inLanguage":"de","potentialAction":[{"@type":"ReadAction","target":["https:\/\/now-news.de\/de\/deutschland\/trump-moerder-von-charlie-kirk-vermutlich-gefasst\/"]}]},{"@type":"ImageObject","inLanguage":"de","@id":"https:\/\/now-news.de\/de\/deutschland\/trump-moerder-von-charlie-kirk-vermutlich-gefasst\/#primaryimage","url":"https:\/\/now-news.de\/de\/wp-content\/uploads\/sites\/3\/2024\/05\/China-beginnt-mit-Umzingelungsuebungen-rund-um-Taiwan.jpg","contentUrl":"https:\/\/now-news.de\/de\/wp-content\/uploads\/sites\/3\/2024\/05\/China-beginnt-mit-Umzingelungsuebungen-rund-um-Taiwan.jpg","width":460,"height":259,"caption":"China beginnt mit Umzingelungs\u00fcbungen rund um Taiwan"},{"@type":"BreadcrumbList","@id":"https:\/\/now-news.de\/de\/deutschland\/trump-moerder-von-charlie-kirk-vermutlich-gefasst\/#breadcrumb","itemListElement":[{"@type":"ListItem","position":1,"name":"Home","item":"https:\/\/now-news.de\/de\/"},{"@type":"ListItem","position":2,"name":"Trump: M\u00f6rder von Charlie Kirk &quot;vermutlich&quot; gefasst"}]},{"@type":"WebSite","@id":"https:\/\/now-news.de\/de\/#website","url":"https:\/\/now-news.de\/de\/","name":"just-now.NEWS Deutschland","description":"Das Portal f\u00fcr unzensierte Nachrichten aus der Welt","publisher":{"@id":"https:\/\/now-news.de\/de\/#organization"},"potentialAction":[{"@type":"SearchAction","target":{"@type":"EntryPoint","urlTemplate":"https:\/\/now-news.de\/de\/?s={search_term_string}"},"query-input":"required name=search_term_string"}],"inLanguage":"de"},{"@type":"Organization","@id":"https:\/\/now-news.de\/de\/#organization","name":"Just Now News","url":"https:\/\/now-news.de\/de\/","logo":{"@type":"ImageObject","inLanguage":"de","@id":"https:\/\/now-news.de\/de\/#\/schema\/logo\/image\/","url":"http:\/\/just-now.news\/de\/wp-content\/uploads\/sites\/3\/2022\/04\/logo500x500.jpg","contentUrl":"http:\/\/just-now.news\/de\/wp-content\/uploads\/sites\/3\/2022\/04\/logo500x500.jpg","width":500,"height":500,"caption":"Just Now News"},"image":{"@id":"https:\/\/now-news.de\/de\/#\/schema\/logo\/image\/"},"sameAs":["https:\/\/www.facebook.com\/wirmachenauf","https:\/\/x.com\/WirMachenAuf_de"]},{"@type":"Person","@id":"https:\/\/now-news.de\/de\/#\/schema\/person\/fb534a4e865501d8b3285208df34a9b5","name":"rtnews","image":{"@type":"ImageObject","inLanguage":"de","@id":"https:\/\/now-news.de\/de\/#\/schema\/person\/image\/","url":"https:\/\/secure.gravatar.com\/avatar\/82aafea7d8127119dd649515f56e2117?s=96&d=mm&r=g","contentUrl":"https:\/\/secure.gravatar.com\/avatar\/82aafea7d8127119dd649515f56e2117?s=96&d=mm&r=g","caption":"rtnews"},"url":"https:\/\/now-news.de\/de\/author\/rnews\/"}]}},"_links":{"self":[{"href":"https:\/\/now-news.de\/de\/wp-json\/wp\/v2\/posts\/90399"}],"collection":[{"href":"https:\/\/now-news.de\/de\/wp-json\/wp\/v2\/posts"}],"about":[{"href":"https:\/\/now-news.de\/de\/wp-json\/wp\/v2\/types\/post"}],"author":[{"embeddable":true,"href":"https:\/\/now-news.de\/de\/wp-json\/wp\/v2\/users\/3"}],"replies":[{"embeddable":true,"href":"https:\/\/now-news.de\/de\/wp-json\/wp\/v2\/comments?post=90399"}],"version-history":[{"count":0,"href":"https:\/\/now-news.de\/de\/wp-json\/wp\/v2\/posts\/90399\/revisions"}],"wp:featuredmedia":[{"embeddable":true,"href":"https:\/\/now-news.de\/de\/wp-json\/wp\/v2\/media\/58637"}],"wp:attachment":[{"href":"https:\/\/now-news.de\/de\/wp-json\/wp\/v2\/media?parent=90399"}],"wp:term":[{"taxonomy":"category","embeddable":true,"href":"https:\/\/now-news.de\/de\/wp-json\/wp\/v2\/categories?post=90399"},{"taxonomy":"post_tag","embeddable":true,"href":"https:\/\/now-news.de\/de\/wp-json\/wp\/v2\/tags?post=90399"}],"curies":[{"name":"wp","href":"https:\/\/api.w.org\/{rel}","templated":true}]}}