{"id":90397,"date":"2025-09-12T14:13:34","date_gmt":"2025-09-12T12:13:34","guid":{"rendered":"https:\/\/now-news.de\/de\/deutschland\/brasilien-27-jahre-haft-fuer-ex-praesident-bolsonaro-usa-drohen-mit-konsequenzen\/"},"modified":"2025-09-12T14:13:34","modified_gmt":"2025-09-12T12:13:34","slug":"brasilien-27-jahre-haft-fuer-ex-praesident-bolsonaro-usa-drohen-mit-konsequenzen","status":"publish","type":"post","link":"https:\/\/now-news.de\/de\/deutschland\/brasilien-27-jahre-haft-fuer-ex-praesident-bolsonaro-usa-drohen-mit-konsequenzen\/","title":{"rendered":"Brasilien: 27 Jahre Haft f\u00fcr  Ex-Pr\u00e4sident Bolsonaro &#8211; USA drohen mit Konsequenzen"},"content":{"rendered":"<p><img decoding=\"async\" src=\"https:\/\/now-news.de\/de\/wp-content\/uploads\/sites\/3\/2025\/09\/68c3f8cab480cc057d6fd9ee.jpg\" \/><\/p>\n<div class=\"Text-root Text-type_1 \">\n                Wegen eines Putschversuchs bekommt Brasiliens Ex-Pr\u00e4sident Jair Bolsonaro eine hohe Haftstrafe. Die USA sehen ihn als Opfer politischer Verfolgung. US-Au\u00dfenminister Marco Rubio droht mit Konsequenzen.\n            <\/div>\n<p><\/p>\n<div class=\"Text-root Text-type_5 ArticleView-text ViewText-root \">\n<p>Der Oberste Gerichtshof Brasiliens hat den ehemaligen Pr\u00e4sidenten Jair Bolsonaro am Donnerstag zu 27\u00a0Jahren und drei Monaten Gef\u00e4ngnis verurteilt. Vier der f\u00fcnf Richter der zust\u00e4ndigen ersten Gerichtskammer befanden den 70-J\u00e4hrigen f\u00fcr schuldig, einen Staatsstreich geplant zu haben, um nach seiner Wahlniederlage im Jahr 2022 im Amt zu bleiben.<\/p>\n<p>Der Anklage lag ein mehr als 800\u00a0Seiten umfassender Untersuchungsbericht der brasilianischen Bundespolizei zugrunde, der unz\u00e4hlige Dokumente, Zeugenaussagen und auf Mobiltelefonen sichergestellte Nachrichten enthielt.<\/p>\n<p>Zentrales Beweisst\u00fcck war der sichergestellte Entwurf eines Dekrets, das die Verh\u00e4ngung des Ausnahmezustands \u00fcber das Oberste Wahlgericht sowie die Festnahme seiner Mitglieder vorsah, um anschlie\u00dfend das Wahlergebnis zu \u00fcberpr\u00fcfen und die Wahl zu annullieren. Bolsonaro hatte die Armeespitze konsultiert, doch nur der Kommandeur der Marine war bereit gewesen, sich auf das Abenteuer eines Staatsstreichs einzulassen. Daran\u00a0war der Plan gescheitert.<\/p>\n<p>Die Richter verurteilten Bolsonaro in allen f\u00fcnf Anklagepunkten: Versuch der gewaltsamen Abschaffung des demokratischen Rechtsstaats, versuchter Staatsstreich, kriminelle Vereinigung sowie Zerst\u00f6rung von Staatseigentum und gesch\u00fctzten Kulturg\u00fctern. Neben Bolsonaro wurden sieben weitere Angeklagte zu \u00e4hnlich hohen Haftstrafen verurteilt, darunter mehrere ehemalige Minister und Gener\u00e4le sowie Bolsonaros ehemaliger Adjutant, der als Kronzeuge mit der Staatsanwaltschaft kooperierte und eine entsprechend milde Strafe erhielt.<\/p>\n<p>Bolsonaros Anw\u00e4lte k\u00fcndigten an, in Berufung zu gehen. Die verh\u00e4ngte Haftstrafe von mehr als 27\u00a0Jahren sei &#8220;absurd \u00fcberh\u00f6ht und unverh\u00e4ltnism\u00e4\u00dfig&#8221;, hie\u00df es in einer Erkl\u00e4rung, die Bolsonaro-Berater Fabio Wajngarten am Donnerstag abgab. Die Verteidigung werde die Urteilsbegr\u00fcndung pr\u00fcfen und &#8220;entsprechende Rechtsmittel einlegen, auch auf internationaler Ebene&#8221;.<\/p>\n<p>US-Pr\u00e4sident Donald Trump bezeichnete die Verurteilung als &#8220;sehr \u00fcberraschend&#8221;. Bolsonaro sei ein &#8220;guter Pr\u00e4sident Brasiliens&#8221; gewesen, sagte Trump am Donnerstag zu Journalisten. &#8220;Es ist sehr \u00fcberraschend, dass das passieren konnte&#8221;, f\u00fcgte er mit Blick auf den kurz zuvor verk\u00fcndeten Schuldspruch hinzu. Bolsonaro gilt als Verb\u00fcndeter des US-Pr\u00e4sidenten.<\/p>\n<p>US-Au\u00dfenminister Marco Rubio drohte mit Konsequenzen. &#8220;Die Vereinigten Staaten werden auf diese Hexenjagd entsprechend reagieren&#8221;, schrieb er auf der Plattform X. Trump hatte das Verfahren gegen seinen Verb\u00fcndeten bereits mehrfach als &#8220;Hexenjagd&#8221; kritisiert und mit Strafz\u00f6llen sowie Sanktionen gegen den Vorsitzenden Richter reagiert.<\/p>\n<div class=\"EmbedBlock-root EmbedBlock-twitter\">\n<div class=\"TwitterEmbed\">\n<blockquote class=\"twitter-tweet lazyload\" data-twitter=\"twitter-tweet\">\n<p lang=\"en\" dir=\"ltr\">The political persecutions by sanctioned human rights abuser Alexandre de Moraes continue, as he and others on Brazil&#8217;s supreme court have unjustly ruled to imprison former President Jair Bolsonaro.The United States will respond accordingly to this witch hunt.<\/p>\n<p>\u2014 Secretary Marco Rubio (@SecRubio) <a rel=\"nofollow noopener\" target=\"_blank\" href=\"https:\/\/twitter.com\/SecRubio\/status\/1966257934129864715?ref_src=twsrc%5Etfw\">September 11, 2025<\/a><\/p><\/blockquote>\n<\/div>\n<\/div>\n<p><strong>Mehr zum Thema<\/strong> &#8211; <a rel=\"nofollow noopener\" target=\"_blank\" href=\"https:\/\/freedert.online\/amerika\/254016-geheimplan-enthuellt-bolsonaro-plante-flucht\/\">Geheimplan enth\u00fcllt: Bolsonaro plante Flucht nach Argentinien<\/a><\/p>\n<div class=\"EmbedBlock-root EmbedBlock-externalVideo EmbedBlock-rumble\">\n<div class=\"VkEmbed\"><iframe class=\"lazyload\" data-src=\"https:\/\/rumble.com\/embed\/v6uc4je\" frameborder=\"0\" width=\"853\" height=\"480\" allowfullscreen><\/iframe><\/div>\n<\/div>\n<\/div>\n<p><script async src=\"https:\/\/platform.twitter.com\/widgets.js\" charset=\"utf-8\"><\/script><br \/>\n<br \/><br \/>\n<br \/><a href=\"https:\/\/de.rt.com\/international\/255820-usa-drohen-mit-konsequenzen-gericht-verurteilt-ex-praesident-bolsonaro-zu-27-jahren-haft\/\">Source link <\/a><\/p>\n","protected":false},"excerpt":{"rendered":"<p>Wegen eines Putschversuchs bekommt Brasiliens Ex-Pr\u00e4sident Jair Bolsonaro eine hohe Haftstrafe. Die USA sehen ihn als Opfer politischer Verfolgung. US-Au\u00dfenminister Marco Rubio droht mit Konsequenzen. Der Oberste Gerichtshof Brasiliens hat den ehemaligen Pr\u00e4sidenten Jair Bolsonaro am Donnerstag zu 27\u00a0Jahren und drei Monaten Gef\u00e4ngnis verurteilt. Vier der f\u00fcnf Richter der zust\u00e4ndigen ersten Gerichtskammer befanden den 70-J\u00e4hrigen [&hellip;]<\/p>\n","protected":false},"author":3,"featured_media":90398,"comment_status":"open","ping_status":"open","sticky":false,"template":"","format":"standard","meta":{"_yoast_indexnow_last_ping":["1757679344"],"wp_automatic_camp":["217"],"c5d5d880c21b4f85efd62055c4168b11":["Brasilien: 27 Jahre Haft f\u00fcr  Ex-Pr\u00e4sident Bolsonaro - USA drohen mit Konsequenzen"],"original_link":["https:\/\/de.rt.com\/international\/255820-usa-drohen-mit-konsequenzen-gericht-verurteilt-ex-praesident-bolsonaro-zu-27-jahren-haft\/"],"_thumbnail_id":["90398"],"jnews_social_counter_last_update":["1777795674"],"_wptgpro_p2tg_sent2tg":["a:1:{i:23737;s:19:\"2025-09-12 14:16:48\";}"]},"categories":[19,23],"tags":[10645,10646,9047,3104,221,19011,7530,11246,419,193],"yoast_head":"<!-- This site is optimized with the Yoast SEO Premium plugin v22.7 (Yoast SEO v22.7) - https:\/\/yoast.com\/wordpress\/plugins\/seo\/ -->\n<title>Brasilien: 27 Jahre Haft f\u00fcr Ex-Pr\u00e4sident Bolsonaro - USA drohen mit Konsequenzen - just-now.NEWS Deutschland<\/title>\n<meta name=\"robots\" content=\"index, follow, max-snippet:-1, max-image-preview:large, max-video-preview:-1\" \/>\n<link rel=\"canonical\" href=\"https:\/\/now-news.de\/de\/deutschland\/brasilien-27-jahre-haft-fuer-ex-praesident-bolsonaro-usa-drohen-mit-konsequenzen\/\" \/>\n<meta property=\"og:locale\" content=\"de_DE\" \/>\n<meta property=\"og:type\" content=\"article\" \/>\n<meta property=\"og:title\" content=\"Brasilien: 27 Jahre Haft f\u00fcr Ex-Pr\u00e4sident Bolsonaro - USA drohen mit Konsequenzen\" \/>\n<meta property=\"og:description\" content=\"Wegen eines Putschversuchs bekommt Brasiliens Ex-Pr\u00e4sident Jair Bolsonaro eine hohe Haftstrafe. Die USA sehen ihn als Opfer politischer Verfolgung. US-Au\u00dfenminister Marco Rubio droht mit Konsequenzen. Der Oberste Gerichtshof Brasiliens hat den ehemaligen Pr\u00e4sidenten Jair Bolsonaro am Donnerstag zu 27\u00a0Jahren und drei Monaten Gef\u00e4ngnis verurteilt. Vier der f\u00fcnf Richter der zust\u00e4ndigen ersten Gerichtskammer befanden den 70-J\u00e4hrigen [&hellip;]\" \/>\n<meta property=\"og:url\" content=\"https:\/\/now-news.de\/de\/deutschland\/brasilien-27-jahre-haft-fuer-ex-praesident-bolsonaro-usa-drohen-mit-konsequenzen\/\" \/>\n<meta property=\"og:site_name\" content=\"just-now.NEWS Deutschland\" \/>\n<meta property=\"article:publisher\" content=\"https:\/\/www.facebook.com\/wirmachenauf\" \/>\n<meta property=\"article:published_time\" content=\"2025-09-12T12:13:34+00:00\" \/>\n<meta property=\"og:image\" content=\"https:\/\/now-news.de\/de\/wp-content\/uploads\/sites\/3\/2025\/09\/68c3f8cab480cc057d6fd9ee.jpg\" \/>\n<meta name=\"author\" content=\"rtnews\" \/>\n<meta name=\"twitter:card\" content=\"summary_large_image\" \/>\n<meta name=\"twitter:creator\" content=\"@WirMachenAuf_de\" \/>\n<meta name=\"twitter:site\" content=\"@WirMachenAuf_de\" \/>\n<meta name=\"twitter:label1\" content=\"Verfasst von\" \/>\n\t<meta name=\"twitter:data1\" content=\"rtnews\" \/>\n\t<meta name=\"twitter:label2\" content=\"Gesch\u00e4tzte Lesezeit\" \/>\n\t<meta name=\"twitter:data2\" content=\"2\u00a0Minuten\" \/>\n<script type=\"application\/ld+json\" class=\"yoast-schema-graph\">{\"@context\":\"https:\/\/schema.org\",\"@graph\":[{\"@type\":\"Article\",\"@id\":\"https:\/\/now-news.de\/de\/deutschland\/brasilien-27-jahre-haft-fuer-ex-praesident-bolsonaro-usa-drohen-mit-konsequenzen\/#article\",\"isPartOf\":{\"@id\":\"https:\/\/now-news.de\/de\/deutschland\/brasilien-27-jahre-haft-fuer-ex-praesident-bolsonaro-usa-drohen-mit-konsequenzen\/\"},\"author\":{\"name\":\"rtnews\",\"@id\":\"https:\/\/now-news.de\/de\/#\/schema\/person\/fb534a4e865501d8b3285208df34a9b5\"},\"headline\":\"Brasilien: 27 Jahre Haft f\u00fcr Ex-Pr\u00e4sident Bolsonaro &#8211; USA drohen mit Konsequenzen\",\"datePublished\":\"2025-09-12T12:13:34+00:00\",\"dateModified\":\"2025-09-12T12:13:34+00:00\",\"mainEntityOfPage\":{\"@id\":\"https:\/\/now-news.de\/de\/deutschland\/brasilien-27-jahre-haft-fuer-ex-praesident-bolsonaro-usa-drohen-mit-konsequenzen\/\"},\"wordCount\":460,\"commentCount\":0,\"publisher\":{\"@id\":\"https:\/\/now-news.de\/de\/#organization\"},\"image\":{\"@id\":\"https:\/\/now-news.de\/de\/deutschland\/brasilien-27-jahre-haft-fuer-ex-praesident-bolsonaro-usa-drohen-mit-konsequenzen\/#primaryimage\"},\"thumbnailUrl\":\"https:\/\/now-news.de\/de\/wp-content\/uploads\/sites\/3\/2025\/09\/Brasilien-27-Jahre-Haft-fuer-Ex-Praesident-Bolsonaro-USA-drohen.jpg\",\"keywords\":[\"Bolsonaro\",\"Brasilien\",\"drohen\",\"ExPr\u00e4sident\",\"f\u00fcr\",\"Haft\",\"Jahre\",\"Konsequenzen\",\"mit\",\"USA\"],\"articleSection\":[\"Deutschland\",\"Russland\"],\"inLanguage\":\"de\",\"potentialAction\":[{\"@type\":\"CommentAction\",\"name\":\"Comment\",\"target\":[\"https:\/\/now-news.de\/de\/deutschland\/brasilien-27-jahre-haft-fuer-ex-praesident-bolsonaro-usa-drohen-mit-konsequenzen\/#respond\"]}]},{\"@type\":\"WebPage\",\"@id\":\"https:\/\/now-news.de\/de\/deutschland\/brasilien-27-jahre-haft-fuer-ex-praesident-bolsonaro-usa-drohen-mit-konsequenzen\/\",\"url\":\"https:\/\/now-news.de\/de\/deutschland\/brasilien-27-jahre-haft-fuer-ex-praesident-bolsonaro-usa-drohen-mit-konsequenzen\/\",\"name\":\"Brasilien: 27 Jahre Haft f\u00fcr Ex-Pr\u00e4sident Bolsonaro - USA drohen mit Konsequenzen - just-now.NEWS Deutschland\",\"isPartOf\":{\"@id\":\"https:\/\/now-news.de\/de\/#website\"},\"primaryImageOfPage\":{\"@id\":\"https:\/\/now-news.de\/de\/deutschland\/brasilien-27-jahre-haft-fuer-ex-praesident-bolsonaro-usa-drohen-mit-konsequenzen\/#primaryimage\"},\"image\":{\"@id\":\"https:\/\/now-news.de\/de\/deutschland\/brasilien-27-jahre-haft-fuer-ex-praesident-bolsonaro-usa-drohen-mit-konsequenzen\/#primaryimage\"},\"thumbnailUrl\":\"https:\/\/now-news.de\/de\/wp-content\/uploads\/sites\/3\/2025\/09\/Brasilien-27-Jahre-Haft-fuer-Ex-Praesident-Bolsonaro-USA-drohen.jpg\",\"datePublished\":\"2025-09-12T12:13:34+00:00\",\"dateModified\":\"2025-09-12T12:13:34+00:00\",\"breadcrumb\":{\"@id\":\"https:\/\/now-news.de\/de\/deutschland\/brasilien-27-jahre-haft-fuer-ex-praesident-bolsonaro-usa-drohen-mit-konsequenzen\/#breadcrumb\"},\"inLanguage\":\"de\",\"potentialAction\":[{\"@type\":\"ReadAction\",\"target\":[\"https:\/\/now-news.de\/de\/deutschland\/brasilien-27-jahre-haft-fuer-ex-praesident-bolsonaro-usa-drohen-mit-konsequenzen\/\"]}]},{\"@type\":\"ImageObject\",\"inLanguage\":\"de\",\"@id\":\"https:\/\/now-news.de\/de\/deutschland\/brasilien-27-jahre-haft-fuer-ex-praesident-bolsonaro-usa-drohen-mit-konsequenzen\/#primaryimage\",\"url\":\"https:\/\/now-news.de\/de\/wp-content\/uploads\/sites\/3\/2025\/09\/Brasilien-27-Jahre-Haft-fuer-Ex-Praesident-Bolsonaro-USA-drohen.jpg\",\"contentUrl\":\"https:\/\/now-news.de\/de\/wp-content\/uploads\/sites\/3\/2025\/09\/Brasilien-27-Jahre-Haft-fuer-Ex-Praesident-Bolsonaro-USA-drohen.jpg\",\"width\":460,\"height\":259,\"caption\":\"Brasilien: 27 Jahre Haft f\u00fcr Ex-Pr\u00e4sident Bolsonaro - USA drohen mit Konsequenzen\"},{\"@type\":\"BreadcrumbList\",\"@id\":\"https:\/\/now-news.de\/de\/deutschland\/brasilien-27-jahre-haft-fuer-ex-praesident-bolsonaro-usa-drohen-mit-konsequenzen\/#breadcrumb\",\"itemListElement\":[{\"@type\":\"ListItem\",\"position\":1,\"name\":\"Home\",\"item\":\"https:\/\/now-news.de\/de\/\"},{\"@type\":\"ListItem\",\"position\":2,\"name\":\"Brasilien: 27 Jahre Haft f\u00fcr Ex-Pr\u00e4sident Bolsonaro &#8211; USA drohen mit Konsequenzen\"}]},{\"@type\":\"WebSite\",\"@id\":\"https:\/\/now-news.de\/de\/#website\",\"url\":\"https:\/\/now-news.de\/de\/\",\"name\":\"just-now.NEWS Deutschland\",\"description\":\"Das Portal f\u00fcr unzensierte Nachrichten aus der Welt\",\"publisher\":{\"@id\":\"https:\/\/now-news.de\/de\/#organization\"},\"potentialAction\":[{\"@type\":\"SearchAction\",\"target\":{\"@type\":\"EntryPoint\",\"urlTemplate\":\"https:\/\/now-news.de\/de\/?s={search_term_string}\"},\"query-input\":\"required name=search_term_string\"}],\"inLanguage\":\"de\"},{\"@type\":\"Organization\",\"@id\":\"https:\/\/now-news.de\/de\/#organization\",\"name\":\"Just Now News\",\"url\":\"https:\/\/now-news.de\/de\/\",\"logo\":{\"@type\":\"ImageObject\",\"inLanguage\":\"de\",\"@id\":\"https:\/\/now-news.de\/de\/#\/schema\/logo\/image\/\",\"url\":\"http:\/\/just-now.news\/de\/wp-content\/uploads\/sites\/3\/2022\/04\/logo500x500.jpg\",\"contentUrl\":\"http:\/\/just-now.news\/de\/wp-content\/uploads\/sites\/3\/2022\/04\/logo500x500.jpg\",\"width\":500,\"height\":500,\"caption\":\"Just Now News\"},\"image\":{\"@id\":\"https:\/\/now-news.de\/de\/#\/schema\/logo\/image\/\"},\"sameAs\":[\"https:\/\/www.facebook.com\/wirmachenauf\",\"https:\/\/x.com\/WirMachenAuf_de\"]},{\"@type\":\"Person\",\"@id\":\"https:\/\/now-news.de\/de\/#\/schema\/person\/fb534a4e865501d8b3285208df34a9b5\",\"name\":\"rtnews\",\"image\":{\"@type\":\"ImageObject\",\"inLanguage\":\"de\",\"@id\":\"https:\/\/now-news.de\/de\/#\/schema\/person\/image\/\",\"url\":\"https:\/\/secure.gravatar.com\/avatar\/82aafea7d8127119dd649515f56e2117?s=96&d=mm&r=g\",\"contentUrl\":\"https:\/\/secure.gravatar.com\/avatar\/82aafea7d8127119dd649515f56e2117?s=96&d=mm&r=g\",\"caption\":\"rtnews\"},\"url\":\"https:\/\/now-news.de\/de\/author\/rnews\/\"}]}<\/script>\n<!-- \/ Yoast SEO Premium plugin. -->","yoast_head_json":{"title":"Brasilien: 27 Jahre Haft f\u00fcr Ex-Pr\u00e4sident Bolsonaro - USA drohen mit Konsequenzen - just-now.NEWS Deutschland","robots":{"index":"index","follow":"follow","max-snippet":"max-snippet:-1","max-image-preview":"max-image-preview:large","max-video-preview":"max-video-preview:-1"},"canonical":"https:\/\/now-news.de\/de\/deutschland\/brasilien-27-jahre-haft-fuer-ex-praesident-bolsonaro-usa-drohen-mit-konsequenzen\/","og_locale":"de_DE","og_type":"article","og_title":"Brasilien: 27 Jahre Haft f\u00fcr Ex-Pr\u00e4sident Bolsonaro - USA drohen mit Konsequenzen","og_description":"Wegen eines Putschversuchs bekommt Brasiliens Ex-Pr\u00e4sident Jair Bolsonaro eine hohe Haftstrafe. Die USA sehen ihn als Opfer politischer Verfolgung. US-Au\u00dfenminister Marco Rubio droht mit Konsequenzen. Der Oberste Gerichtshof Brasiliens hat den ehemaligen Pr\u00e4sidenten Jair Bolsonaro am Donnerstag zu 27\u00a0Jahren und drei Monaten Gef\u00e4ngnis verurteilt. Vier der f\u00fcnf Richter der zust\u00e4ndigen ersten Gerichtskammer befanden den 70-J\u00e4hrigen [&hellip;]","og_url":"https:\/\/now-news.de\/de\/deutschland\/brasilien-27-jahre-haft-fuer-ex-praesident-bolsonaro-usa-drohen-mit-konsequenzen\/","og_site_name":"just-now.NEWS Deutschland","article_publisher":"https:\/\/www.facebook.com\/wirmachenauf","article_published_time":"2025-09-12T12:13:34+00:00","og_image":[{"url":"https:\/\/now-news.de\/de\/wp-content\/uploads\/sites\/3\/2025\/09\/68c3f8cab480cc057d6fd9ee.jpg"}],"author":"rtnews","twitter_card":"summary_large_image","twitter_creator":"@WirMachenAuf_de","twitter_site":"@WirMachenAuf_de","twitter_misc":{"Verfasst von":"rtnews","Gesch\u00e4tzte Lesezeit":"2\u00a0Minuten"},"schema":{"@context":"https:\/\/schema.org","@graph":[{"@type":"Article","@id":"https:\/\/now-news.de\/de\/deutschland\/brasilien-27-jahre-haft-fuer-ex-praesident-bolsonaro-usa-drohen-mit-konsequenzen\/#article","isPartOf":{"@id":"https:\/\/now-news.de\/de\/deutschland\/brasilien-27-jahre-haft-fuer-ex-praesident-bolsonaro-usa-drohen-mit-konsequenzen\/"},"author":{"name":"rtnews","@id":"https:\/\/now-news.de\/de\/#\/schema\/person\/fb534a4e865501d8b3285208df34a9b5"},"headline":"Brasilien: 27 Jahre Haft f\u00fcr Ex-Pr\u00e4sident Bolsonaro &#8211; USA drohen mit Konsequenzen","datePublished":"2025-09-12T12:13:34+00:00","dateModified":"2025-09-12T12:13:34+00:00","mainEntityOfPage":{"@id":"https:\/\/now-news.de\/de\/deutschland\/brasilien-27-jahre-haft-fuer-ex-praesident-bolsonaro-usa-drohen-mit-konsequenzen\/"},"wordCount":460,"commentCount":0,"publisher":{"@id":"https:\/\/now-news.de\/de\/#organization"},"image":{"@id":"https:\/\/now-news.de\/de\/deutschland\/brasilien-27-jahre-haft-fuer-ex-praesident-bolsonaro-usa-drohen-mit-konsequenzen\/#primaryimage"},"thumbnailUrl":"https:\/\/now-news.de\/de\/wp-content\/uploads\/sites\/3\/2025\/09\/Brasilien-27-Jahre-Haft-fuer-Ex-Praesident-Bolsonaro-USA-drohen.jpg","keywords":["Bolsonaro","Brasilien","drohen","ExPr\u00e4sident","f\u00fcr","Haft","Jahre","Konsequenzen","mit","USA"],"articleSection":["Deutschland","Russland"],"inLanguage":"de","potentialAction":[{"@type":"CommentAction","name":"Comment","target":["https:\/\/now-news.de\/de\/deutschland\/brasilien-27-jahre-haft-fuer-ex-praesident-bolsonaro-usa-drohen-mit-konsequenzen\/#respond"]}]},{"@type":"WebPage","@id":"https:\/\/now-news.de\/de\/deutschland\/brasilien-27-jahre-haft-fuer-ex-praesident-bolsonaro-usa-drohen-mit-konsequenzen\/","url":"https:\/\/now-news.de\/de\/deutschland\/brasilien-27-jahre-haft-fuer-ex-praesident-bolsonaro-usa-drohen-mit-konsequenzen\/","name":"Brasilien: 27 Jahre Haft f\u00fcr Ex-Pr\u00e4sident Bolsonaro - USA drohen mit Konsequenzen - just-now.NEWS Deutschland","isPartOf":{"@id":"https:\/\/now-news.de\/de\/#website"},"primaryImageOfPage":{"@id":"https:\/\/now-news.de\/de\/deutschland\/brasilien-27-jahre-haft-fuer-ex-praesident-bolsonaro-usa-drohen-mit-konsequenzen\/#primaryimage"},"image":{"@id":"https:\/\/now-news.de\/de\/deutschland\/brasilien-27-jahre-haft-fuer-ex-praesident-bolsonaro-usa-drohen-mit-konsequenzen\/#primaryimage"},"thumbnailUrl":"https:\/\/now-news.de\/de\/wp-content\/uploads\/sites\/3\/2025\/09\/Brasilien-27-Jahre-Haft-fuer-Ex-Praesident-Bolsonaro-USA-drohen.jpg","datePublished":"2025-09-12T12:13:34+00:00","dateModified":"2025-09-12T12:13:34+00:00","breadcrumb":{"@id":"https:\/\/now-news.de\/de\/deutschland\/brasilien-27-jahre-haft-fuer-ex-praesident-bolsonaro-usa-drohen-mit-konsequenzen\/#breadcrumb"},"inLanguage":"de","potentialAction":[{"@type":"ReadAction","target":["https:\/\/now-news.de\/de\/deutschland\/brasilien-27-jahre-haft-fuer-ex-praesident-bolsonaro-usa-drohen-mit-konsequenzen\/"]}]},{"@type":"ImageObject","inLanguage":"de","@id":"https:\/\/now-news.de\/de\/deutschland\/brasilien-27-jahre-haft-fuer-ex-praesident-bolsonaro-usa-drohen-mit-konsequenzen\/#primaryimage","url":"https:\/\/now-news.de\/de\/wp-content\/uploads\/sites\/3\/2025\/09\/Brasilien-27-Jahre-Haft-fuer-Ex-Praesident-Bolsonaro-USA-drohen.jpg","contentUrl":"https:\/\/now-news.de\/de\/wp-content\/uploads\/sites\/3\/2025\/09\/Brasilien-27-Jahre-Haft-fuer-Ex-Praesident-Bolsonaro-USA-drohen.jpg","width":460,"height":259,"caption":"Brasilien: 27 Jahre Haft f\u00fcr Ex-Pr\u00e4sident Bolsonaro - USA drohen mit Konsequenzen"},{"@type":"BreadcrumbList","@id":"https:\/\/now-news.de\/de\/deutschland\/brasilien-27-jahre-haft-fuer-ex-praesident-bolsonaro-usa-drohen-mit-konsequenzen\/#breadcrumb","itemListElement":[{"@type":"ListItem","position":1,"name":"Home","item":"https:\/\/now-news.de\/de\/"},{"@type":"ListItem","position":2,"name":"Brasilien: 27 Jahre Haft f\u00fcr Ex-Pr\u00e4sident Bolsonaro &#8211; USA drohen mit Konsequenzen"}]},{"@type":"WebSite","@id":"https:\/\/now-news.de\/de\/#website","url":"https:\/\/now-news.de\/de\/","name":"just-now.NEWS Deutschland","description":"Das Portal f\u00fcr unzensierte Nachrichten aus der Welt","publisher":{"@id":"https:\/\/now-news.de\/de\/#organization"},"potentialAction":[{"@type":"SearchAction","target":{"@type":"EntryPoint","urlTemplate":"https:\/\/now-news.de\/de\/?s={search_term_string}"},"query-input":"required name=search_term_string"}],"inLanguage":"de"},{"@type":"Organization","@id":"https:\/\/now-news.de\/de\/#organization","name":"Just Now News","url":"https:\/\/now-news.de\/de\/","logo":{"@type":"ImageObject","inLanguage":"de","@id":"https:\/\/now-news.de\/de\/#\/schema\/logo\/image\/","url":"http:\/\/just-now.news\/de\/wp-content\/uploads\/sites\/3\/2022\/04\/logo500x500.jpg","contentUrl":"http:\/\/just-now.news\/de\/wp-content\/uploads\/sites\/3\/2022\/04\/logo500x500.jpg","width":500,"height":500,"caption":"Just Now News"},"image":{"@id":"https:\/\/now-news.de\/de\/#\/schema\/logo\/image\/"},"sameAs":["https:\/\/www.facebook.com\/wirmachenauf","https:\/\/x.com\/WirMachenAuf_de"]},{"@type":"Person","@id":"https:\/\/now-news.de\/de\/#\/schema\/person\/fb534a4e865501d8b3285208df34a9b5","name":"rtnews","image":{"@type":"ImageObject","inLanguage":"de","@id":"https:\/\/now-news.de\/de\/#\/schema\/person\/image\/","url":"https:\/\/secure.gravatar.com\/avatar\/82aafea7d8127119dd649515f56e2117?s=96&d=mm&r=g","contentUrl":"https:\/\/secure.gravatar.com\/avatar\/82aafea7d8127119dd649515f56e2117?s=96&d=mm&r=g","caption":"rtnews"},"url":"https:\/\/now-news.de\/de\/author\/rnews\/"}]}},"_links":{"self":[{"href":"https:\/\/now-news.de\/de\/wp-json\/wp\/v2\/posts\/90397"}],"collection":[{"href":"https:\/\/now-news.de\/de\/wp-json\/wp\/v2\/posts"}],"about":[{"href":"https:\/\/now-news.de\/de\/wp-json\/wp\/v2\/types\/post"}],"author":[{"embeddable":true,"href":"https:\/\/now-news.de\/de\/wp-json\/wp\/v2\/users\/3"}],"replies":[{"embeddable":true,"href":"https:\/\/now-news.de\/de\/wp-json\/wp\/v2\/comments?post=90397"}],"version-history":[{"count":0,"href":"https:\/\/now-news.de\/de\/wp-json\/wp\/v2\/posts\/90397\/revisions"}],"wp:featuredmedia":[{"embeddable":true,"href":"https:\/\/now-news.de\/de\/wp-json\/wp\/v2\/media\/90398"}],"wp:attachment":[{"href":"https:\/\/now-news.de\/de\/wp-json\/wp\/v2\/media?parent=90397"}],"wp:term":[{"taxonomy":"category","embeddable":true,"href":"https:\/\/now-news.de\/de\/wp-json\/wp\/v2\/categories?post=90397"},{"taxonomy":"post_tag","embeddable":true,"href":"https:\/\/now-news.de\/de\/wp-json\/wp\/v2\/tags?post=90397"}],"curies":[{"name":"wp","href":"https:\/\/api.w.org\/{rel}","templated":true}]}}