{"id":90369,"date":"2025-09-11T19:32:22","date_gmt":"2025-09-11T17:32:22","guid":{"rendered":"https:\/\/now-news.de\/de\/deutschland\/kirk-mord-fotos-des-mutmasslichen-schuetzen-veroeffentlicht\/"},"modified":"2025-09-11T19:32:22","modified_gmt":"2025-09-11T17:32:22","slug":"kirk-mord-fotos-des-mutmasslichen-schuetzen-veroeffentlicht","status":"publish","type":"post","link":"https:\/\/now-news.de\/de\/deutschland\/kirk-mord-fotos-des-mutmasslichen-schuetzen-veroeffentlicht\/","title":{"rendered":"Kirk-Mord: Fotos des mutma\u00dflichen Sch\u00fctzen ver\u00f6ffentlicht"},"content":{"rendered":"<p><img decoding=\"async\" src=\"https:\/\/now-news.de\/de\/wp-content\/uploads\/sites\/3\/2025\/09\/68c3042648fbef2f003cff2f.jpg\" \/><\/p>\n<div class=\"Text-root Text-type_1 \">\n                Der Attent\u00e4ter, der in Utah den MAGA-Aktivisten Charlie Kirk erschoss, ist noch nicht gefasst. Aber es scheint inzwischen festzustehen, dass es sich um einen politischen Mord handelte. Das FBI hat jetzt eine landesweite Fahndung eingeleitet.\n            <\/div>\n<p><\/p>\n<div class=\"Text-root Text-type_5 ArticleView-text ViewText-root \">\n<p>Inzwischen hat das FBI Fotos des vermeintlichen Sch\u00fctzen ver\u00f6ffentlicht, der den US-Aktivisten Charlie Kirk auf einer Veranstaltung in Utah aus einer Entfernung von 128\u00a0Metern erschossen hat.<\/p>\n<div class=\"EmbedBlock-root EmbedBlock-twitter\">\n<div class=\"TwitterEmbed\">\n<blockquote class=\"twitter-tweet lazyload\" data-twitter=\"twitter-tweet\">\n<p lang=\"en\" dir=\"ltr\">We are asking for the public&#8217;s help identifying this person of interest in connection with the fatal shooting of Charlie Kirk at Utah Valley University. 1-800-CALL-FBIDigital media tips: <a rel=\"nofollow noopener\" target=\"_blank\" href=\"https:\/\/t.co\/K7maX81TjJ\">https:\/\/t.co\/K7maX81TjJ<\/a><a rel=\"nofollow noopener\" target=\"_blank\" href=\"https:\/\/t.co\/ALuVkTXuDc\">pic.twitter.com\/ALuVkTXuDc<\/a><\/p>\n<p>\u2014 FBI Salt Lake City (@FBISaltLakeCity) <a rel=\"nofollow noopener\" target=\"_blank\" href=\"https:\/\/twitter.com\/FBISaltLakeCity\/status\/1966169520403525760?ref_src=twsrc%5Etfw\">September 11, 2025<\/a><\/p><\/blockquote>\n<\/div>\n<\/div>\n<p>Auf demselben Account wurde inzwischen auch eine Belohnung ausgesetzt: bis zu 100.000\u00a0US-Dollar f\u00fcr Information, die zur Identifizierung und Festnahme&#8221; der Personen f\u00fchrt, die f\u00fcr den Mord an Kirk verantwortlich sind.<\/p>\n<p>Die <em>New York Post<\/em>\u00a0(<em>NYP<\/em>) ver\u00f6ffentlichte noch einige zus\u00e4tzliche Details: So soll die Waffe, ein importiertes Mauser-Gewehr Kaliber 30-06, in ein Handtuch gewickelt in einem Geb\u00fcsch\u00a0gefunden worden sein. Au\u00dferdem sollen die noch nicht abgefeuerten Patronen im Gewehr, so die <em>NYP<\/em> unter Berufung auf Quellen in der Strafverfolgung, beschriftet gewesen sein\u00a0\u2013 mit &#8220;Transgender- und antifaschistischer Ideologie&#8221;.<\/p>\n<p>Unklar ist noch, ob der Sch\u00fctze Unterst\u00fctzung hatte. Unmittelbar nach der Tat waren zwei Personen festgenommen worden, die wom\u00f6glich vorget\u00e4uscht hatten, geschossen zu haben. Erst mit Verz\u00f6gerung stellte sich heraus, dass aus gr\u00f6\u00dferer Entfernung geschossen worden war.<\/p>\n<p>Kirk war in den Hals getroffen worden und hatte unmittelbar gro\u00dfe Mengen Blut verloren. Er konnte nicht mehr gerettet werden.<\/p>\n<p><strong>Mehr zum Thema \u2013\u00a0<\/strong><a rel=\"nofollow noopener\" target=\"_blank\" href=\"https:\/\/freedert.online\/nordamerika\/255694-spekulationen-nach-tod-von-trump\/\">Spekulationen nach dem Tod von Trump-Unterst\u00fctzer Kirk \u2013 T\u00e4ter weiterhin unbekannt<\/a><\/p>\n<div class=\"EmbedBlock-root EmbedBlock-externalVideo EmbedBlock-rumble\">\n<div class=\"VkEmbed\"><iframe class=\"lazyload\" data-src=\"https:\/\/rumble.com\/embed\/v6wlk88\" frameborder=\"0\" width=\"853\" height=\"480\" allowfullscreen><\/iframe><\/div>\n<\/div>\n<\/div>\n<p><script async src=\"https:\/\/platform.twitter.com\/widgets.js\" charset=\"utf-8\"><\/script><br \/>\n<br \/><br \/>\n<br \/><a href=\"https:\/\/de.rt.com\/nordamerika\/255773-kirk-mord-fotos-des-mutmasslichen-schuetzen-veroeffentlicht\/\">Source link <\/a><\/p>\n","protected":false},"excerpt":{"rendered":"<p>Der Attent\u00e4ter, der in Utah den MAGA-Aktivisten Charlie Kirk erschoss, ist noch nicht gefasst. Aber es scheint inzwischen festzustehen, dass es sich um einen politischen Mord handelte. Das FBI hat jetzt eine landesweite Fahndung eingeleitet. Inzwischen hat das FBI Fotos des vermeintlichen Sch\u00fctzen ver\u00f6ffentlicht, der den US-Aktivisten Charlie Kirk auf einer Veranstaltung in Utah aus [&hellip;]<\/p>\n","protected":false},"author":3,"featured_media":90370,"comment_status":"open","ping_status":"open","sticky":false,"template":"","format":"standard","meta":{"_yoast_indexnow_last_ping":["1757614788"],"wp_automatic_camp":["217"],"189c5f5c7da9a7b7ec2f9ed184d0f490":["Kirk-Mord: Fotos des mutma\u00dflichen Sch\u00fctzen ver\u00f6ffentlicht"],"original_link":["https:\/\/de.rt.com\/nordamerika\/255773-kirk-mord-fotos-des-mutmasslichen-schuetzen-veroeffentlicht\/"],"_thumbnail_id":["90370"],"jnews_social_counter_last_update":["1777187042"],"_wptgpro_p2tg_sent2tg":["a:1:{i:23737;s:19:\"2025-09-11 20:20:52\";}"]},"categories":[19,23],"tags":[583,16707,67679,20689,8171,2329],"yoast_head":"<!-- This site is optimized with the Yoast SEO Premium plugin v22.7 (Yoast SEO v22.7) - https:\/\/yoast.com\/wordpress\/plugins\/seo\/ -->\n<title>Kirk-Mord: Fotos des mutma\u00dflichen Sch\u00fctzen ver\u00f6ffentlicht - just-now.NEWS Deutschland<\/title>\n<meta name=\"robots\" content=\"index, follow, max-snippet:-1, max-image-preview:large, max-video-preview:-1\" \/>\n<link rel=\"canonical\" href=\"https:\/\/now-news.de\/de\/deutschland\/kirk-mord-fotos-des-mutmasslichen-schuetzen-veroeffentlicht\/\" \/>\n<meta property=\"og:locale\" content=\"de_DE\" \/>\n<meta property=\"og:type\" content=\"article\" \/>\n<meta property=\"og:title\" content=\"Kirk-Mord: Fotos des mutma\u00dflichen Sch\u00fctzen ver\u00f6ffentlicht\" \/>\n<meta property=\"og:description\" content=\"Der Attent\u00e4ter, der in Utah den MAGA-Aktivisten Charlie Kirk erschoss, ist noch nicht gefasst. Aber es scheint inzwischen festzustehen, dass es sich um einen politischen Mord handelte. Das FBI hat jetzt eine landesweite Fahndung eingeleitet. Inzwischen hat das FBI Fotos des vermeintlichen Sch\u00fctzen ver\u00f6ffentlicht, der den US-Aktivisten Charlie Kirk auf einer Veranstaltung in Utah aus [&hellip;]\" \/>\n<meta property=\"og:url\" content=\"https:\/\/now-news.de\/de\/deutschland\/kirk-mord-fotos-des-mutmasslichen-schuetzen-veroeffentlicht\/\" \/>\n<meta property=\"og:site_name\" content=\"just-now.NEWS Deutschland\" \/>\n<meta property=\"article:publisher\" content=\"https:\/\/www.facebook.com\/wirmachenauf\" \/>\n<meta property=\"article:published_time\" content=\"2025-09-11T17:32:22+00:00\" \/>\n<meta property=\"og:image\" content=\"https:\/\/now-news.de\/de\/wp-content\/uploads\/sites\/3\/2025\/09\/68c3042648fbef2f003cff2f.jpg\" \/>\n<meta name=\"author\" content=\"rtnews\" \/>\n<meta name=\"twitter:card\" content=\"summary_large_image\" \/>\n<meta name=\"twitter:creator\" content=\"@WirMachenAuf_de\" \/>\n<meta name=\"twitter:site\" content=\"@WirMachenAuf_de\" \/>\n<meta name=\"twitter:label1\" content=\"Verfasst von\" \/>\n\t<meta name=\"twitter:data1\" content=\"rtnews\" \/>\n\t<meta name=\"twitter:label2\" content=\"Gesch\u00e4tzte Lesezeit\" \/>\n\t<meta name=\"twitter:data2\" content=\"1\u00a0Minute\" \/>\n<script type=\"application\/ld+json\" class=\"yoast-schema-graph\">{\"@context\":\"https:\/\/schema.org\",\"@graph\":[{\"@type\":\"Article\",\"@id\":\"https:\/\/now-news.de\/de\/deutschland\/kirk-mord-fotos-des-mutmasslichen-schuetzen-veroeffentlicht\/#article\",\"isPartOf\":{\"@id\":\"https:\/\/now-news.de\/de\/deutschland\/kirk-mord-fotos-des-mutmasslichen-schuetzen-veroeffentlicht\/\"},\"author\":{\"name\":\"rtnews\",\"@id\":\"https:\/\/now-news.de\/de\/#\/schema\/person\/fb534a4e865501d8b3285208df34a9b5\"},\"headline\":\"Kirk-Mord: Fotos des mutma\u00dflichen Sch\u00fctzen ver\u00f6ffentlicht\",\"datePublished\":\"2025-09-11T17:32:22+00:00\",\"dateModified\":\"2025-09-11T17:32:22+00:00\",\"mainEntityOfPage\":{\"@id\":\"https:\/\/now-news.de\/de\/deutschland\/kirk-mord-fotos-des-mutmasslichen-schuetzen-veroeffentlicht\/\"},\"wordCount\":294,\"commentCount\":0,\"publisher\":{\"@id\":\"https:\/\/now-news.de\/de\/#organization\"},\"image\":{\"@id\":\"https:\/\/now-news.de\/de\/deutschland\/kirk-mord-fotos-des-mutmasslichen-schuetzen-veroeffentlicht\/#primaryimage\"},\"thumbnailUrl\":\"https:\/\/now-news.de\/de\/wp-content\/uploads\/sites\/3\/2025\/09\/Kirk-Mord-Fotos-des-mutmasslichen-Schuetzen-veroeffentlicht.jpg\",\"keywords\":[\"des\",\"Fotos\",\"KirkMord\",\"mutma\u00dflichen\",\"sch\u00fctzen\",\"ver\u00f6ffentlicht\"],\"articleSection\":[\"Deutschland\",\"Russland\"],\"inLanguage\":\"de\",\"potentialAction\":[{\"@type\":\"CommentAction\",\"name\":\"Comment\",\"target\":[\"https:\/\/now-news.de\/de\/deutschland\/kirk-mord-fotos-des-mutmasslichen-schuetzen-veroeffentlicht\/#respond\"]}]},{\"@type\":\"WebPage\",\"@id\":\"https:\/\/now-news.de\/de\/deutschland\/kirk-mord-fotos-des-mutmasslichen-schuetzen-veroeffentlicht\/\",\"url\":\"https:\/\/now-news.de\/de\/deutschland\/kirk-mord-fotos-des-mutmasslichen-schuetzen-veroeffentlicht\/\",\"name\":\"Kirk-Mord: Fotos des mutma\u00dflichen Sch\u00fctzen ver\u00f6ffentlicht - just-now.NEWS Deutschland\",\"isPartOf\":{\"@id\":\"https:\/\/now-news.de\/de\/#website\"},\"primaryImageOfPage\":{\"@id\":\"https:\/\/now-news.de\/de\/deutschland\/kirk-mord-fotos-des-mutmasslichen-schuetzen-veroeffentlicht\/#primaryimage\"},\"image\":{\"@id\":\"https:\/\/now-news.de\/de\/deutschland\/kirk-mord-fotos-des-mutmasslichen-schuetzen-veroeffentlicht\/#primaryimage\"},\"thumbnailUrl\":\"https:\/\/now-news.de\/de\/wp-content\/uploads\/sites\/3\/2025\/09\/Kirk-Mord-Fotos-des-mutmasslichen-Schuetzen-veroeffentlicht.jpg\",\"datePublished\":\"2025-09-11T17:32:22+00:00\",\"dateModified\":\"2025-09-11T17:32:22+00:00\",\"breadcrumb\":{\"@id\":\"https:\/\/now-news.de\/de\/deutschland\/kirk-mord-fotos-des-mutmasslichen-schuetzen-veroeffentlicht\/#breadcrumb\"},\"inLanguage\":\"de\",\"potentialAction\":[{\"@type\":\"ReadAction\",\"target\":[\"https:\/\/now-news.de\/de\/deutschland\/kirk-mord-fotos-des-mutmasslichen-schuetzen-veroeffentlicht\/\"]}]},{\"@type\":\"ImageObject\",\"inLanguage\":\"de\",\"@id\":\"https:\/\/now-news.de\/de\/deutschland\/kirk-mord-fotos-des-mutmasslichen-schuetzen-veroeffentlicht\/#primaryimage\",\"url\":\"https:\/\/now-news.de\/de\/wp-content\/uploads\/sites\/3\/2025\/09\/Kirk-Mord-Fotos-des-mutmasslichen-Schuetzen-veroeffentlicht.jpg\",\"contentUrl\":\"https:\/\/now-news.de\/de\/wp-content\/uploads\/sites\/3\/2025\/09\/Kirk-Mord-Fotos-des-mutmasslichen-Schuetzen-veroeffentlicht.jpg\",\"width\":460,\"height\":259,\"caption\":\"Kirk-Mord: Fotos des mutma\u00dflichen Sch\u00fctzen ver\u00f6ffentlicht\"},{\"@type\":\"BreadcrumbList\",\"@id\":\"https:\/\/now-news.de\/de\/deutschland\/kirk-mord-fotos-des-mutmasslichen-schuetzen-veroeffentlicht\/#breadcrumb\",\"itemListElement\":[{\"@type\":\"ListItem\",\"position\":1,\"name\":\"Home\",\"item\":\"https:\/\/now-news.de\/de\/\"},{\"@type\":\"ListItem\",\"position\":2,\"name\":\"Kirk-Mord: Fotos des mutma\u00dflichen Sch\u00fctzen ver\u00f6ffentlicht\"}]},{\"@type\":\"WebSite\",\"@id\":\"https:\/\/now-news.de\/de\/#website\",\"url\":\"https:\/\/now-news.de\/de\/\",\"name\":\"just-now.NEWS Deutschland\",\"description\":\"Das Portal f\u00fcr unzensierte Nachrichten aus der Welt\",\"publisher\":{\"@id\":\"https:\/\/now-news.de\/de\/#organization\"},\"potentialAction\":[{\"@type\":\"SearchAction\",\"target\":{\"@type\":\"EntryPoint\",\"urlTemplate\":\"https:\/\/now-news.de\/de\/?s={search_term_string}\"},\"query-input\":\"required name=search_term_string\"}],\"inLanguage\":\"de\"},{\"@type\":\"Organization\",\"@id\":\"https:\/\/now-news.de\/de\/#organization\",\"name\":\"Just Now News\",\"url\":\"https:\/\/now-news.de\/de\/\",\"logo\":{\"@type\":\"ImageObject\",\"inLanguage\":\"de\",\"@id\":\"https:\/\/now-news.de\/de\/#\/schema\/logo\/image\/\",\"url\":\"http:\/\/just-now.news\/de\/wp-content\/uploads\/sites\/3\/2022\/04\/logo500x500.jpg\",\"contentUrl\":\"http:\/\/just-now.news\/de\/wp-content\/uploads\/sites\/3\/2022\/04\/logo500x500.jpg\",\"width\":500,\"height\":500,\"caption\":\"Just Now News\"},\"image\":{\"@id\":\"https:\/\/now-news.de\/de\/#\/schema\/logo\/image\/\"},\"sameAs\":[\"https:\/\/www.facebook.com\/wirmachenauf\",\"https:\/\/x.com\/WirMachenAuf_de\"]},{\"@type\":\"Person\",\"@id\":\"https:\/\/now-news.de\/de\/#\/schema\/person\/fb534a4e865501d8b3285208df34a9b5\",\"name\":\"rtnews\",\"image\":{\"@type\":\"ImageObject\",\"inLanguage\":\"de\",\"@id\":\"https:\/\/now-news.de\/de\/#\/schema\/person\/image\/\",\"url\":\"https:\/\/secure.gravatar.com\/avatar\/82aafea7d8127119dd649515f56e2117?s=96&d=mm&r=g\",\"contentUrl\":\"https:\/\/secure.gravatar.com\/avatar\/82aafea7d8127119dd649515f56e2117?s=96&d=mm&r=g\",\"caption\":\"rtnews\"},\"url\":\"https:\/\/now-news.de\/de\/author\/rnews\/\"}]}<\/script>\n<!-- \/ Yoast SEO Premium plugin. -->","yoast_head_json":{"title":"Kirk-Mord: Fotos des mutma\u00dflichen Sch\u00fctzen ver\u00f6ffentlicht - just-now.NEWS Deutschland","robots":{"index":"index","follow":"follow","max-snippet":"max-snippet:-1","max-image-preview":"max-image-preview:large","max-video-preview":"max-video-preview:-1"},"canonical":"https:\/\/now-news.de\/de\/deutschland\/kirk-mord-fotos-des-mutmasslichen-schuetzen-veroeffentlicht\/","og_locale":"de_DE","og_type":"article","og_title":"Kirk-Mord: Fotos des mutma\u00dflichen Sch\u00fctzen ver\u00f6ffentlicht","og_description":"Der Attent\u00e4ter, der in Utah den MAGA-Aktivisten Charlie Kirk erschoss, ist noch nicht gefasst. Aber es scheint inzwischen festzustehen, dass es sich um einen politischen Mord handelte. Das FBI hat jetzt eine landesweite Fahndung eingeleitet. Inzwischen hat das FBI Fotos des vermeintlichen Sch\u00fctzen ver\u00f6ffentlicht, der den US-Aktivisten Charlie Kirk auf einer Veranstaltung in Utah aus [&hellip;]","og_url":"https:\/\/now-news.de\/de\/deutschland\/kirk-mord-fotos-des-mutmasslichen-schuetzen-veroeffentlicht\/","og_site_name":"just-now.NEWS Deutschland","article_publisher":"https:\/\/www.facebook.com\/wirmachenauf","article_published_time":"2025-09-11T17:32:22+00:00","og_image":[{"url":"https:\/\/now-news.de\/de\/wp-content\/uploads\/sites\/3\/2025\/09\/68c3042648fbef2f003cff2f.jpg"}],"author":"rtnews","twitter_card":"summary_large_image","twitter_creator":"@WirMachenAuf_de","twitter_site":"@WirMachenAuf_de","twitter_misc":{"Verfasst von":"rtnews","Gesch\u00e4tzte Lesezeit":"1\u00a0Minute"},"schema":{"@context":"https:\/\/schema.org","@graph":[{"@type":"Article","@id":"https:\/\/now-news.de\/de\/deutschland\/kirk-mord-fotos-des-mutmasslichen-schuetzen-veroeffentlicht\/#article","isPartOf":{"@id":"https:\/\/now-news.de\/de\/deutschland\/kirk-mord-fotos-des-mutmasslichen-schuetzen-veroeffentlicht\/"},"author":{"name":"rtnews","@id":"https:\/\/now-news.de\/de\/#\/schema\/person\/fb534a4e865501d8b3285208df34a9b5"},"headline":"Kirk-Mord: Fotos des mutma\u00dflichen Sch\u00fctzen ver\u00f6ffentlicht","datePublished":"2025-09-11T17:32:22+00:00","dateModified":"2025-09-11T17:32:22+00:00","mainEntityOfPage":{"@id":"https:\/\/now-news.de\/de\/deutschland\/kirk-mord-fotos-des-mutmasslichen-schuetzen-veroeffentlicht\/"},"wordCount":294,"commentCount":0,"publisher":{"@id":"https:\/\/now-news.de\/de\/#organization"},"image":{"@id":"https:\/\/now-news.de\/de\/deutschland\/kirk-mord-fotos-des-mutmasslichen-schuetzen-veroeffentlicht\/#primaryimage"},"thumbnailUrl":"https:\/\/now-news.de\/de\/wp-content\/uploads\/sites\/3\/2025\/09\/Kirk-Mord-Fotos-des-mutmasslichen-Schuetzen-veroeffentlicht.jpg","keywords":["des","Fotos","KirkMord","mutma\u00dflichen","sch\u00fctzen","ver\u00f6ffentlicht"],"articleSection":["Deutschland","Russland"],"inLanguage":"de","potentialAction":[{"@type":"CommentAction","name":"Comment","target":["https:\/\/now-news.de\/de\/deutschland\/kirk-mord-fotos-des-mutmasslichen-schuetzen-veroeffentlicht\/#respond"]}]},{"@type":"WebPage","@id":"https:\/\/now-news.de\/de\/deutschland\/kirk-mord-fotos-des-mutmasslichen-schuetzen-veroeffentlicht\/","url":"https:\/\/now-news.de\/de\/deutschland\/kirk-mord-fotos-des-mutmasslichen-schuetzen-veroeffentlicht\/","name":"Kirk-Mord: Fotos des mutma\u00dflichen Sch\u00fctzen ver\u00f6ffentlicht - just-now.NEWS Deutschland","isPartOf":{"@id":"https:\/\/now-news.de\/de\/#website"},"primaryImageOfPage":{"@id":"https:\/\/now-news.de\/de\/deutschland\/kirk-mord-fotos-des-mutmasslichen-schuetzen-veroeffentlicht\/#primaryimage"},"image":{"@id":"https:\/\/now-news.de\/de\/deutschland\/kirk-mord-fotos-des-mutmasslichen-schuetzen-veroeffentlicht\/#primaryimage"},"thumbnailUrl":"https:\/\/now-news.de\/de\/wp-content\/uploads\/sites\/3\/2025\/09\/Kirk-Mord-Fotos-des-mutmasslichen-Schuetzen-veroeffentlicht.jpg","datePublished":"2025-09-11T17:32:22+00:00","dateModified":"2025-09-11T17:32:22+00:00","breadcrumb":{"@id":"https:\/\/now-news.de\/de\/deutschland\/kirk-mord-fotos-des-mutmasslichen-schuetzen-veroeffentlicht\/#breadcrumb"},"inLanguage":"de","potentialAction":[{"@type":"ReadAction","target":["https:\/\/now-news.de\/de\/deutschland\/kirk-mord-fotos-des-mutmasslichen-schuetzen-veroeffentlicht\/"]}]},{"@type":"ImageObject","inLanguage":"de","@id":"https:\/\/now-news.de\/de\/deutschland\/kirk-mord-fotos-des-mutmasslichen-schuetzen-veroeffentlicht\/#primaryimage","url":"https:\/\/now-news.de\/de\/wp-content\/uploads\/sites\/3\/2025\/09\/Kirk-Mord-Fotos-des-mutmasslichen-Schuetzen-veroeffentlicht.jpg","contentUrl":"https:\/\/now-news.de\/de\/wp-content\/uploads\/sites\/3\/2025\/09\/Kirk-Mord-Fotos-des-mutmasslichen-Schuetzen-veroeffentlicht.jpg","width":460,"height":259,"caption":"Kirk-Mord: Fotos des mutma\u00dflichen Sch\u00fctzen ver\u00f6ffentlicht"},{"@type":"BreadcrumbList","@id":"https:\/\/now-news.de\/de\/deutschland\/kirk-mord-fotos-des-mutmasslichen-schuetzen-veroeffentlicht\/#breadcrumb","itemListElement":[{"@type":"ListItem","position":1,"name":"Home","item":"https:\/\/now-news.de\/de\/"},{"@type":"ListItem","position":2,"name":"Kirk-Mord: Fotos des mutma\u00dflichen Sch\u00fctzen ver\u00f6ffentlicht"}]},{"@type":"WebSite","@id":"https:\/\/now-news.de\/de\/#website","url":"https:\/\/now-news.de\/de\/","name":"just-now.NEWS Deutschland","description":"Das Portal f\u00fcr unzensierte Nachrichten aus der Welt","publisher":{"@id":"https:\/\/now-news.de\/de\/#organization"},"potentialAction":[{"@type":"SearchAction","target":{"@type":"EntryPoint","urlTemplate":"https:\/\/now-news.de\/de\/?s={search_term_string}"},"query-input":"required name=search_term_string"}],"inLanguage":"de"},{"@type":"Organization","@id":"https:\/\/now-news.de\/de\/#organization","name":"Just Now News","url":"https:\/\/now-news.de\/de\/","logo":{"@type":"ImageObject","inLanguage":"de","@id":"https:\/\/now-news.de\/de\/#\/schema\/logo\/image\/","url":"http:\/\/just-now.news\/de\/wp-content\/uploads\/sites\/3\/2022\/04\/logo500x500.jpg","contentUrl":"http:\/\/just-now.news\/de\/wp-content\/uploads\/sites\/3\/2022\/04\/logo500x500.jpg","width":500,"height":500,"caption":"Just Now News"},"image":{"@id":"https:\/\/now-news.de\/de\/#\/schema\/logo\/image\/"},"sameAs":["https:\/\/www.facebook.com\/wirmachenauf","https:\/\/x.com\/WirMachenAuf_de"]},{"@type":"Person","@id":"https:\/\/now-news.de\/de\/#\/schema\/person\/fb534a4e865501d8b3285208df34a9b5","name":"rtnews","image":{"@type":"ImageObject","inLanguage":"de","@id":"https:\/\/now-news.de\/de\/#\/schema\/person\/image\/","url":"https:\/\/secure.gravatar.com\/avatar\/82aafea7d8127119dd649515f56e2117?s=96&d=mm&r=g","contentUrl":"https:\/\/secure.gravatar.com\/avatar\/82aafea7d8127119dd649515f56e2117?s=96&d=mm&r=g","caption":"rtnews"},"url":"https:\/\/now-news.de\/de\/author\/rnews\/"}]}},"_links":{"self":[{"href":"https:\/\/now-news.de\/de\/wp-json\/wp\/v2\/posts\/90369"}],"collection":[{"href":"https:\/\/now-news.de\/de\/wp-json\/wp\/v2\/posts"}],"about":[{"href":"https:\/\/now-news.de\/de\/wp-json\/wp\/v2\/types\/post"}],"author":[{"embeddable":true,"href":"https:\/\/now-news.de\/de\/wp-json\/wp\/v2\/users\/3"}],"replies":[{"embeddable":true,"href":"https:\/\/now-news.de\/de\/wp-json\/wp\/v2\/comments?post=90369"}],"version-history":[{"count":0,"href":"https:\/\/now-news.de\/de\/wp-json\/wp\/v2\/posts\/90369\/revisions"}],"wp:featuredmedia":[{"embeddable":true,"href":"https:\/\/now-news.de\/de\/wp-json\/wp\/v2\/media\/90370"}],"wp:attachment":[{"href":"https:\/\/now-news.de\/de\/wp-json\/wp\/v2\/media?parent=90369"}],"wp:term":[{"taxonomy":"category","embeddable":true,"href":"https:\/\/now-news.de\/de\/wp-json\/wp\/v2\/categories?post=90369"},{"taxonomy":"post_tag","embeddable":true,"href":"https:\/\/now-news.de\/de\/wp-json\/wp\/v2\/tags?post=90369"}],"curies":[{"name":"wp","href":"https:\/\/api.w.org\/{rel}","templated":true}]}}