{"id":90325,"date":"2025-09-11T06:15:00","date_gmt":"2025-09-11T04:15:00","guid":{"rendered":"https:\/\/now-news.de\/de\/deutschland\/warum-deckt-deutschland-die-terroristen-von-denen-es-angegriffen-wurde\/"},"modified":"2025-09-11T06:15:00","modified_gmt":"2025-09-11T04:15:00","slug":"warum-deckt-deutschland-die-terroristen-von-denen-es-angegriffen-wurde","status":"publish","type":"post","link":"https:\/\/now-news.de\/de\/deutschland\/warum-deckt-deutschland-die-terroristen-von-denen-es-angegriffen-wurde\/","title":{"rendered":"Warum deckt Deutschland die Terroristen, von denen es angegriffen wurde?"},"content":{"rendered":"<p><img decoding=\"async\" src=\"https:\/\/now-news.de\/de\/wp-content\/uploads\/sites\/3\/2025\/09\/68c05fa1b480cc078656b367.jpg\" \/><\/p>\n<div class=\"Text-root Text-type_1 \">\n                Vor drei Jahren wurden die Nord-Stream-Pipelines gesprengt. Und bis heute fragt man sich, was schlimmer ist: die Attacke selbst oder deren Vertuschung? Der schlimmste Akt des \u00d6koterrorismus in der j\u00fcngeren Geschichte ist zu einer surrealen \u00dcbung in bequemer Schuldzuweisung geworden.\n            <\/div>\n<p><\/p>\n<div class=\"Text-root Text-type_5 ArticleView-text ViewText-root \">\n<p><em>Von Tarik Cyril Amar<\/em><\/p>\n<p>Es war einmal vor langer, langer Zeit, da hatten Skandale sogar im Westen Konsequenzen, zumindest manchmal. In den alten USA des Jahres 1974 hatte\u00a0Richard &#8220;Tricky Dick&#8221; Nixon wegen Watergate zur\u00fccktreten m\u00fcssen, das im Gegensatz zu Russiagate real gewesen war, wenn auch nach heutigen Ma\u00dfst\u00e4ben kaum sensationell.<\/p>\n<p>Selbst in den sp\u00e4ten 1990er-Jahren, kurz nach der Wiedervereinigung Deutschlands, erlitt die Karriere eines Giganten wie Helmut Kohl, der &#8220;Kanzler der Wiedervereinigung&#8221;, einen t\u00f6dlichen Schlag durch eine eher langweilige <a rel=\"nofollow noopener\" target=\"_blank\" href=\"https:\/\/www.welt.de\/geschichte\/article254785748\/Spendenaffaere-Wie-Angela-Merkel-Helmut-Kohl-erledigte.html\">Aff\u00e4re um kreative Buchf\u00fchrung<\/a> in der Parteifinanzierung. Tats\u00e4chlich waren voreingenommene Medienberichte und liberale Emp\u00f6rung der eigentliche Kern des ganzen Trubels. Ohne sie h\u00e4tte Angela Merkel ihrem alten Wohlt\u00e4ter Kohl vielleicht nie in den R\u00fccken fallen k\u00f6nnen, und Gerhard Schr\u00f6der w\u00e4re vielleicht nicht Bundeskanzler als Kohl-Nachfolger geworden.<\/p>\n<p>Nun hat sich der Westen weiter zur\u00fcckentwickelt. Unsere politischen Eliten in den USA und der EU haben gelernt, sich nicht darum zu k\u00fcmmern, und was noch wichtiger ist, sie haben gelernt, wie sie uns dazu bringen k\u00f6nnen, uns nicht darum zu k\u00fcmmern, oder zumindest nicht genug. Der schlimmste politische Skandal der j\u00fcngeren US-Geschichte ist die seltsam unerkl\u00e4rliche <a rel=\"nofollow noopener\" target=\"_blank\" href=\"https:\/\/www.youtube.com\/live\/0BGfo4yiCc8\">Karriere Jeffrey Epsteins<\/a>, eines verurteilten P\u00e4dophilen und mutma\u00dflichen Geheimdienstmitarbeiters, der offenbar mit den meisten Mitgliedern des US-Establishments eng befreundet war (auf eine durch und durch &#8220;\u00fcberparteiliche&#8221; Weise, mit widerw\u00e4rtigen Gef\u00e4lligkeiten f\u00fcr alle). Die Folgen dieses Skandals h\u00e4tten die Innen- und Au\u00dfenpolitik der USA, insbesondere im Nahen Osten, bereits tiefgreifend ver\u00e4ndern m\u00fcssen. Und doch wird dies wahrscheinlich nie geschehen.<\/p>\n<p>Im NATO-EU-Europa sieht es mindestens genauso d\u00fcster aus, wie es sich f\u00fcr den wohl masochistischsten Hinterhof des US-Imperiums geh\u00f6rt. Dort ist der schlimmste Skandal das, was mit den Nord-Stream-Pipelines auf dem Grund der Ostsee <a rel=\"nofollow noopener\" target=\"_blank\" href=\"https:\/\/www.rt.com\/russia\/602813-why-west-is-still-lying-ns\/\">passiert ist<\/a>. Sie wurden f\u00fcr rund 20\u00a0Milliarden US-Dollar <a rel=\"nofollow noopener\" target=\"_blank\" href=\"https:\/\/www.wsj.com\/world\/europe\/ukrainian-suspected-of-leading-nord-stream-sabotage-arrested-in-italy-3f648838\">gebaut<\/a>, um billiges Gas aus Russland nach Deutschland und in die gesamte EU zu transportieren, und wurden im September\u00a02022 durch Sabotage weitgehend zerst\u00f6rt.<\/p>\n<p>Das war der schlimmste <a rel=\"nofollow noopener\" target=\"_blank\" href=\"https:\/\/www.rt.com\/russia\/602813-why-west-is-still-lying-ns\/\">Akt des \u00d6koterrorismus<\/a> in der Geschichte Europas. Insbesondere angesichts der Tatsache, dass Russland und China derzeit den Bau der Pipeline &#8220;Power of Siberia\u00a02&#8221; abschlie\u00dfen, wird die Zerst\u00f6rung von Nord Stream auch als Teil einer historischen Neuausrichtung der eurasischen Energiefl\u00fcsse in Erinnerung bleiben, die die selbst verschuldete Deindustrialisierung Deutschlands\u00a0\u2013 und der EU\u00a0\u2013 besiegelt hat.<\/p>\n<p>Auf dieses wahnsinnige Ereignis folgte eine h\u00f6chst bizarre Vertuschungsaktion. Tats\u00e4chlich ist es unm\u00f6glich zu sagen, was\u00a0erschreckender und atemberaubender ist: der Angriff auf die Pipelines selbst oder dessen Vertuschung. Aber das m\u00fcssen wir auch gar nicht: Das Ganze ist ein einziges gro\u00dfes Durcheinander.<\/p>\n<p>Ein Chaos, das zwar unter einer schmutzigen Schlammlawine westlicher Mainstream-Medienpropaganda begraben ist, aber dennoch wie Methan aus einer gesprengten Gaspipeline an die Oberfl\u00e4che sprudelt. Und so verschwindet der Gestank nie wirklich: Die j\u00fcngste \u00fcbelriechende Blase ist in Italien geplatzt, wo die Polizei einen ukrainischen Terroristen\u00a0\u2013 das ist die korrekte Bezeichnung f\u00fcr diejenigen, die Terrorakte begehen\u00a0\u2013 auf einer Familienreise <a rel=\"nofollow noopener\" target=\"_blank\" href=\"https:\/\/www.spiegel.de\/panorama\/nord-stream-was-ueber-den-mutmasslichem-pipeline-saboteur-serhij-k-bekannt-ist-a-599e64c8-c651-4978-ab6a-0b303d54a928?_gl=1*kfzsjj*spon_gcl_au*MTQwODk4NDMyNi4xNzU2NTMxMjY4\">festgenommen hat<\/a>.<\/p>\n<p>Sergei Kusnezow, ebenfalls Gesch\u00e4ftsmann (zuf\u00e4lligerweise in der Energiebranche) und Mitglied des ukrainischen Milit\u00e4rs und Geheimdienstes (in Wirklichkeit: internationale Terrororganisationen, wie einer ihrer Anf\u00fchrer offen und scherzhaft <a rel=\"nofollow noopener\" target=\"_blank\" href=\"https:\/\/x.com\/leonidragozin\/status\/1964783045745217676\">zugibt<\/a>), wird plausibel beschuldigt, eine Schl\u00fcsselrolle beim Angriff auf Nord Stream gespielt zu haben. Der vielseitige Ukrainer wird an Deutschland ausgeliefert werden. Unterdessen fahnden die deutschen Beh\u00f6rden noch nach mehreren weiteren ukrainischen Terroristen, die an dem Anschlag beteiligt waren.<\/p>\n<p>Die besch\u00e4mende, l\u00e4cherliche Rolle, die westliche Medien und M\u00f6chtegern-Experten gespielt haben\u00a0\u2013 insbesondere in Deutschland, dem Land, das am st\u00e4rksten von dem Anschlag betroffen war, wie <a rel=\"nofollow noopener\" target=\"_blank\" href=\"https:\/\/www.rt.com\/russia\/602813-why-west-is-still-lying-ns\/\">Carlo Masala oder Janis Kluge\u00a0<\/a>\u2013 , indem sie auf absurde Weise versuchten, Russland f\u00fcr diesen hinterh\u00e4ltigen Terroranschlag gegen ganz Deutschland verantwortlich zu machen, ist bereits altbekannt. Dennoch sollte man sich daran erinnern: Die Tatsache, dass dies keinen Einfluss auf ihre Karrieren und ihre k\u00fcnstlich erzeugte Resonanz in den Mainstream-Medien hatte, sagt viel \u00fcber den Abgrund der T\u00e4uschung und Selbstt\u00e4uschung aus, zu dem die westliche Propaganda geworden ist.<\/p>\n<p>Doch selbst nachdem die anf\u00e4ngliche Verleumdung Russlands weitgehend aufgegeben wurde, ist dies keine Geschichte, in der sich endlich die Wahrheit durchgesetzt hat. In Wirklichkeit erleben wir, wie eine Reihe alberner L\u00fcgen die n\u00e4chste abl\u00f6st. Im Wesentlichen stecken wir, seit es selbst f\u00fcr die unehrlichsten, unpatriotischsten und skrupellosesten westlichen Informationskrieger unm\u00f6glich geworden ist, so zu tun, als h\u00e4tte Russland eines seiner wertvollsten G\u00fcter gesprengt, in einer zweiten, verbesserten\u00a0\u2013 wenn man das so sagen kann\u00a0\u2013 Phase alberner <a rel=\"nofollow noopener\" target=\"_blank\" href=\"https:\/\/www.rt.com\/news\/603297-nord-stream-western-media\/\">Geschichten f\u00fcr Dummies<\/a> fest: Jetzt soll jeder gute Konsument westlicher Mainstream-Medien glauben, dass es ein halbes Dutzend Ukrainer war, und nur dieses allein, das mit etwas, das einer Badewanne mit Segel \u00e4hnelte, schwer gepanzerte Pipelines auf dem Grund eines kalten, unwirtlichen Meeres sabotiert hat.<\/p>\n<p>Russische Experten weisen unterdessen auf die Beteiligung hochqualifizierter und gut ausger\u00fcsteter Spezialeinheiten wichtiger NATO-Mitglieder <a rel=\"nofollow noopener\" target=\"_blank\" href=\"https:\/\/freedert.online\/europa\/255427-putin-berater-elite-taucher-aus\/\">wie Gro\u00dfbritannien<\/a> hin. Wie so oft in letzter Zeit erscheint die russische Sichtweise wesentlich plausibler als die im Westen verbreiteten Unwahrheiten.<\/p>\n<p>Mit diesem Unsinn sollen wir auch glauben, dass die USA nichts mit dem Angriff zu tun hatten. Dabei spielen <a rel=\"nofollow noopener\" target=\"_blank\" href=\"https:\/\/www.nachdenkseiten.de\/?p=126797\">die Enth\u00fcllungen<\/a> des renommierten US-Investigativjournalisten Seymour Hersh und die Tatsache keine Rolle, dass die USA ein perfektes Motiv hatten, ebenso wie Deutschlands freundliches Nachbarland Polen (<a rel=\"nofollow noopener\" target=\"_blank\" href=\"https:\/\/www.nachdenkseiten.de\/?p=126797\">in beiden F\u00e4llen eine Kombination aus klaren und brutalen finanziellen Interessen und kaltbl\u00fctiger Geopolitik<\/a>). Noch l\u00e4cherlicher ist die derzeitige Mainstream-Linie des Westens, dass die netten, anst\u00e4ndigen Leute von der CIA die hitzk\u00f6pfigen Ukrainer vor diesem Sprung in die Ostsee gewarnt h\u00e4tten. Ja, nat\u00fcrlich! Und Henry Kissinger hatte wirklich versucht, Salvador Allende aus dem Pr\u00e4sidentenpalast in Chile ausfliegen zu lassen, kurz bevor er sich das Hirn wegblies, bevor die von der CIA unterst\u00fctzten Verschw\u00f6rer ihn erwischen konnten.<\/p>\n<p>In einer weiteren Wendung f\u00fcr die besonders Leichtgl\u00e4ubigen wird sogar der autorit\u00e4re, klinisch verlogene, extrem korrupte und meist zugedr\u00f6hnte ukrainische Staatschef Wladimir Selenskij von jeglichem Verdacht ausgenommen. Er, so lautet die Geschichte, war ebenfalls kein Bef\u00fcrworter der explosiven Tauchparty; nur der b\u00f6se, <a rel=\"nofollow noopener\" target=\"_blank\" href=\"https:\/\/www.wsj.com\/world\/europe\/ukrainian-suspected-of-leading-nord-stream-sabotage-arrested-in-italy-3f648838\">au\u00dfer Kontrolle geratene<\/a> General Waleri Saluschny war daf\u00fcr.<\/p>\n<p>Mittlerweile berichtet eine gro\u00dfe deutsche Zeitung, dass die deutsche Staatsanwaltschaft sich <a rel=\"nofollow noopener\" target=\"_blank\" href=\"https:\/\/freedert.online\/europa\/255444-bericht-ermittler-halten-ukrainischen-ex\/\">darauf vorbereitet<\/a>, Saluschny als Drahtzieher des Terroranschlags zu benennen. Das ist\u00a0\u2013 kein Wortspiel beabsichtigt\u00a0\u2013 explosiv: Derzeit ist Saluschny, <a rel=\"nofollow noopener\" target=\"_blank\" href=\"https:\/\/www.rt.com\/russia\/592312-zelensky-replacing-top-general-zaluzhny\/\">ein alter und erbitterter Rivale<\/a>\u00a0Selenskijs, ein ungew\u00f6hnlicher Botschafter im Vereinigten K\u00f6nigreich (sein Englisch ist miserabel, seine diplomatischen F\u00e4higkeiten sind nicht vorhanden, aber das ist in der Ukraine ja durchaus \u00fcblich). Noch wichtiger ist, dass er auch ein wahrscheinlicher Nachfolger Selenskijs ist, sollte der Westen beschlie\u00dfen, diesen durch einen Palastputsch oder eine Farbrevolution zu st\u00fcrzen.<\/p>\n<p>Sie glauben, all das sei schon v\u00f6llig verr\u00fcckt? Dann untersch\u00e4tzen Sie die NATO-EU-Europ\u00e4er noch immer. Denn hier kommt die n\u00e4chste Stufe des Wahnsinns: Nachdem man sich auf eine dumme Geschichte ohne Sinn und Verstand geeinigt hat, die die gesamte Schuld auf die Ukraine und nur auf die Ukraine abw\u00e4lzt, ist Deutschland nicht einmal bereit, vern\u00fcnftige Konsequenzen aus seiner eigenen Vertuschungsgeschichte zu ziehen.<\/p>\n<p>Stattdessen hat Berlin deutlich gemacht, dass die Anerkennung Kiews als Urheber des schlimmsten Angriffs auf deutsche Lebensadern und nationale Interessen in Friedenszeiten nicht bedeutet, dass die Regierung Ma\u00dfnahmen gegen die Ukraine ergreifen will. Sanktionen? Vergeltungsma\u00dfnahmen? Auf keinen Fall! Im Gegenteil, das kleinm\u00fctige Berlin verspricht Kiew noch mehr Milliarden Euro (zus\u00e4tzlich zu den 44\u00a0Milliarden, die dort bereits verschwendet wurden), w\u00e4hrend es demonstrativ nicht einmal den Terrorakt der Ukraine und den De-facto-Krieg gegen Deutschland anspricht. Das w\u00e4re schlie\u00dflich sehr, sehr unh\u00f6flich.<\/p>\n<p>Und das alles vor dem Hintergrund, dass sie ihr eigenes Volk bedrohen\u00a0\u2013 und damit auch die Steuerzahler, die die Milliarden f\u00fcr die Korruption des Kiewer Regimes aufbringen\u00a0\u2013, mit einer sehr harten Zeit der Sparma\u00dfnahmen und der Beseitigung der Sozialleistungen <a rel=\"nofollow noopener\" target=\"_blank\" href=\"https:\/\/www.rt.com\/news\/623597-merz-welfare-ukraine-opposition\/\">konfrontieren<\/a>. Auf einer Pressekonferenz zu diesem Wahnsinn befragt, haben die deutschen Beh\u00f6rden ihren B\u00fcrgern <a rel=\"nofollow noopener\" target=\"_blank\" href=\"https:\/\/www.nachdenkseiten.de\/?p=138083\">nichts zu sagen<\/a>. So viel zu der Frage, wem sie sich rechenschaftspflichtig f\u00fchlen. Definitiv nicht dem deutschen Volk.<\/p>\n<p>Die deutschen Politiker beschwichtigen die Ukraine auf l\u00e4cherliche Weise. Dar\u00fcber hinaus beschwichtigen sie alle anderen, die ebenfalls an diesem massiven, verheerenden Angriff auf die Deindustrialisierung eines Landes beteiligt waren, das sich bereits in einer tiefen wirtschaftlichen Krise befand\u00a0\u2013 also h\u00f6chstwahrscheinlich Polen, die USA und Norwegen.\u00a0All das ist f\u00fcr jeden, der Augen hat, offensichtlich. Dennoch \u00e4ndert sich in Deutschland nichts. Oder vielleicht noch nicht?<\/p>\n<p><em><strong>Tarik Cyril Amar<\/strong>\u00a0ist Historiker und Experte f\u00fcr internationale Politik. Er hat einen Bachelor-Abschluss in Neuerer Geschichte an der Universit\u00e4t Oxford, einen Master-Abschluss in Internationaler Geschichte an der London School of Economics und promovierte in Geschichte an der Princeton University. Er war Stipendiat am Holocaust Memorial Museum und am Harvard Ukrainian Research Institute und leitete das Center for Urban History im ukrainischen Lwow. Amar stammt urspr\u00fcnglich aus Deutschland und hat im Vereinigten K\u00f6nigreich, der Ukraine, Polen, den USA und der T\u00fcrkei gelebt.<\/em><\/p>\n<p><em>\u00dcbersetzt aus dem\u00a0<a rel=\"nofollow noopener\" target=\"_blank\" href=\"https:\/\/www.rt.com\/news\/624234-germany-nord-stream-terrorism\/\">Englischen<\/a><\/em>.<\/p>\n<p><strong>Mehr zum Thema<\/strong>\u00a0\u2013 <a rel=\"nofollow noopener\" target=\"_blank\" href=\"https:\/\/freedert.online\/kurzclips\/video\/254045-bundesjustizministerin-nach-festnahme-tatverdaechtigen-stehen\/\">Bundesjustizministerin nach Festnahme eines Tatverd\u00e4chtigen: &#8220;Stehen an der Seite der Ukraine&#8221;<\/a><\/p>\n<div class=\"EmbedBlock-root EmbedBlock-externalVideo EmbedBlock-rumble\">\n<div class=\"VkEmbed\"><iframe class=\"lazyload\" data-src=\"https:\/\/rumble.com\/embed\/v6wdq1i\" frameborder=\"0\" width=\"853\" height=\"480\" allowfullscreen><\/iframe><\/div>\n<\/div>\n<\/div>\n<p><br \/>\n<br \/><a href=\"https:\/\/de.rt.com\/meinung\/255548-warum-deckt-deutschland-die-terroristen-von-denen-es-angegriffen-wurde\/\">Source link <\/a><\/p>\n","protected":false},"excerpt":{"rendered":"<p>Vor drei Jahren wurden die Nord-Stream-Pipelines gesprengt. Und bis heute fragt man sich, was schlimmer ist: die Attacke selbst oder deren Vertuschung? Der schlimmste Akt des \u00d6koterrorismus in der j\u00fcngeren Geschichte ist zu einer surrealen \u00dcbung in bequemer Schuldzuweisung geworden. Von Tarik Cyril Amar Es war einmal vor langer, langer Zeit, da hatten Skandale sogar [&hellip;]<\/p>\n","protected":false},"author":3,"featured_media":90326,"comment_status":"open","ping_status":"open","sticky":false,"template":"","format":"standard","meta":{"_yoast_indexnow_last_ping":["1757564748"],"wp_automatic_camp":["217"],"7889510d48c5b7533a5a3801bbdf6230":["Warum deckt Deutschland die Terroristen, von denen es angegriffen wurde?"],"original_link":["https:\/\/de.rt.com\/meinung\/255548-warum-deckt-deutschland-die-terroristen-von-denen-es-angegriffen-wurde\/"],"_thumbnail_id":["90326"],"jnews_social_counter_last_update":["1776926007","1776926007"],"_wptgpro_p2tg_sent2tg":["a:1:{i:23737;s:19:\"2025-09-11 06:27:02\";}"]},"categories":[19,23],"tags":[18042,23011,5113,179,45,17172,50,1289,528],"yoast_head":"<!-- This site is optimized with the Yoast SEO Premium plugin v22.7 (Yoast SEO v22.7) - https:\/\/yoast.com\/wordpress\/plugins\/seo\/ -->\n<title>Warum deckt Deutschland die Terroristen, von denen es angegriffen wurde? - just-now.NEWS Deutschland<\/title>\n<meta name=\"robots\" content=\"index, follow, max-snippet:-1, max-image-preview:large, max-video-preview:-1\" \/>\n<link rel=\"canonical\" href=\"https:\/\/now-news.de\/de\/deutschland\/warum-deckt-deutschland-die-terroristen-von-denen-es-angegriffen-wurde\/\" \/>\n<meta property=\"og:locale\" content=\"de_DE\" \/>\n<meta property=\"og:type\" content=\"article\" \/>\n<meta property=\"og:title\" content=\"Warum deckt Deutschland die Terroristen, von denen es angegriffen wurde?\" \/>\n<meta property=\"og:description\" content=\"Vor drei Jahren wurden die Nord-Stream-Pipelines gesprengt. Und bis heute fragt man sich, was schlimmer ist: die Attacke selbst oder deren Vertuschung? Der schlimmste Akt des \u00d6koterrorismus in der j\u00fcngeren Geschichte ist zu einer surrealen \u00dcbung in bequemer Schuldzuweisung geworden. Von Tarik Cyril Amar Es war einmal vor langer, langer Zeit, da hatten Skandale sogar [&hellip;]\" \/>\n<meta property=\"og:url\" content=\"https:\/\/now-news.de\/de\/deutschland\/warum-deckt-deutschland-die-terroristen-von-denen-es-angegriffen-wurde\/\" \/>\n<meta property=\"og:site_name\" content=\"just-now.NEWS Deutschland\" \/>\n<meta property=\"article:publisher\" content=\"https:\/\/www.facebook.com\/wirmachenauf\" \/>\n<meta property=\"article:published_time\" content=\"2025-09-11T04:15:00+00:00\" \/>\n<meta property=\"og:image\" content=\"https:\/\/now-news.de\/de\/wp-content\/uploads\/sites\/3\/2025\/09\/68c05fa1b480cc078656b367.jpg\" \/>\n<meta name=\"author\" content=\"rtnews\" \/>\n<meta name=\"twitter:card\" content=\"summary_large_image\" \/>\n<meta name=\"twitter:creator\" content=\"@WirMachenAuf_de\" \/>\n<meta name=\"twitter:site\" content=\"@WirMachenAuf_de\" \/>\n<meta name=\"twitter:label1\" content=\"Verfasst von\" \/>\n\t<meta name=\"twitter:data1\" content=\"rtnews\" \/>\n\t<meta name=\"twitter:label2\" content=\"Gesch\u00e4tzte Lesezeit\" \/>\n\t<meta name=\"twitter:data2\" content=\"8\u00a0Minuten\" \/>\n<script type=\"application\/ld+json\" class=\"yoast-schema-graph\">{\"@context\":\"https:\/\/schema.org\",\"@graph\":[{\"@type\":\"Article\",\"@id\":\"https:\/\/now-news.de\/de\/deutschland\/warum-deckt-deutschland-die-terroristen-von-denen-es-angegriffen-wurde\/#article\",\"isPartOf\":{\"@id\":\"https:\/\/now-news.de\/de\/deutschland\/warum-deckt-deutschland-die-terroristen-von-denen-es-angegriffen-wurde\/\"},\"author\":{\"name\":\"rtnews\",\"@id\":\"https:\/\/now-news.de\/de\/#\/schema\/person\/fb534a4e865501d8b3285208df34a9b5\"},\"headline\":\"Warum deckt Deutschland die Terroristen, von denen es angegriffen wurde?\",\"datePublished\":\"2025-09-11T04:15:00+00:00\",\"dateModified\":\"2025-09-11T04:15:00+00:00\",\"mainEntityOfPage\":{\"@id\":\"https:\/\/now-news.de\/de\/deutschland\/warum-deckt-deutschland-die-terroristen-von-denen-es-angegriffen-wurde\/\"},\"wordCount\":1587,\"commentCount\":0,\"publisher\":{\"@id\":\"https:\/\/now-news.de\/de\/#organization\"},\"image\":{\"@id\":\"https:\/\/now-news.de\/de\/deutschland\/warum-deckt-deutschland-die-terroristen-von-denen-es-angegriffen-wurde\/#primaryimage\"},\"thumbnailUrl\":\"https:\/\/now-news.de\/de\/wp-content\/uploads\/sites\/3\/2025\/09\/Warum-deckt-Deutschland-die-Terroristen-von-denen-es-angegriffen-wurde.jpg\",\"keywords\":[\"angegriffen\",\"deckt\",\"denen\",\"Deutschland\",\"die\",\"Terroristen\",\"von\",\"Warum\",\"wurde\"],\"articleSection\":[\"Deutschland\",\"Russland\"],\"inLanguage\":\"de\",\"potentialAction\":[{\"@type\":\"CommentAction\",\"name\":\"Comment\",\"target\":[\"https:\/\/now-news.de\/de\/deutschland\/warum-deckt-deutschland-die-terroristen-von-denen-es-angegriffen-wurde\/#respond\"]}]},{\"@type\":\"WebPage\",\"@id\":\"https:\/\/now-news.de\/de\/deutschland\/warum-deckt-deutschland-die-terroristen-von-denen-es-angegriffen-wurde\/\",\"url\":\"https:\/\/now-news.de\/de\/deutschland\/warum-deckt-deutschland-die-terroristen-von-denen-es-angegriffen-wurde\/\",\"name\":\"Warum deckt Deutschland die Terroristen, von denen es angegriffen wurde? - just-now.NEWS Deutschland\",\"isPartOf\":{\"@id\":\"https:\/\/now-news.de\/de\/#website\"},\"primaryImageOfPage\":{\"@id\":\"https:\/\/now-news.de\/de\/deutschland\/warum-deckt-deutschland-die-terroristen-von-denen-es-angegriffen-wurde\/#primaryimage\"},\"image\":{\"@id\":\"https:\/\/now-news.de\/de\/deutschland\/warum-deckt-deutschland-die-terroristen-von-denen-es-angegriffen-wurde\/#primaryimage\"},\"thumbnailUrl\":\"https:\/\/now-news.de\/de\/wp-content\/uploads\/sites\/3\/2025\/09\/Warum-deckt-Deutschland-die-Terroristen-von-denen-es-angegriffen-wurde.jpg\",\"datePublished\":\"2025-09-11T04:15:00+00:00\",\"dateModified\":\"2025-09-11T04:15:00+00:00\",\"breadcrumb\":{\"@id\":\"https:\/\/now-news.de\/de\/deutschland\/warum-deckt-deutschland-die-terroristen-von-denen-es-angegriffen-wurde\/#breadcrumb\"},\"inLanguage\":\"de\",\"potentialAction\":[{\"@type\":\"ReadAction\",\"target\":[\"https:\/\/now-news.de\/de\/deutschland\/warum-deckt-deutschland-die-terroristen-von-denen-es-angegriffen-wurde\/\"]}]},{\"@type\":\"ImageObject\",\"inLanguage\":\"de\",\"@id\":\"https:\/\/now-news.de\/de\/deutschland\/warum-deckt-deutschland-die-terroristen-von-denen-es-angegriffen-wurde\/#primaryimage\",\"url\":\"https:\/\/now-news.de\/de\/wp-content\/uploads\/sites\/3\/2025\/09\/Warum-deckt-Deutschland-die-Terroristen-von-denen-es-angegriffen-wurde.jpg\",\"contentUrl\":\"https:\/\/now-news.de\/de\/wp-content\/uploads\/sites\/3\/2025\/09\/Warum-deckt-Deutschland-die-Terroristen-von-denen-es-angegriffen-wurde.jpg\",\"width\":460,\"height\":259,\"caption\":\"Warum deckt Deutschland die Terroristen, von denen es angegriffen wurde?\"},{\"@type\":\"BreadcrumbList\",\"@id\":\"https:\/\/now-news.de\/de\/deutschland\/warum-deckt-deutschland-die-terroristen-von-denen-es-angegriffen-wurde\/#breadcrumb\",\"itemListElement\":[{\"@type\":\"ListItem\",\"position\":1,\"name\":\"Home\",\"item\":\"https:\/\/now-news.de\/de\/\"},{\"@type\":\"ListItem\",\"position\":2,\"name\":\"Warum deckt Deutschland die Terroristen, von denen es angegriffen wurde?\"}]},{\"@type\":\"WebSite\",\"@id\":\"https:\/\/now-news.de\/de\/#website\",\"url\":\"https:\/\/now-news.de\/de\/\",\"name\":\"just-now.NEWS Deutschland\",\"description\":\"Das Portal f\u00fcr unzensierte Nachrichten aus der Welt\",\"publisher\":{\"@id\":\"https:\/\/now-news.de\/de\/#organization\"},\"potentialAction\":[{\"@type\":\"SearchAction\",\"target\":{\"@type\":\"EntryPoint\",\"urlTemplate\":\"https:\/\/now-news.de\/de\/?s={search_term_string}\"},\"query-input\":\"required name=search_term_string\"}],\"inLanguage\":\"de\"},{\"@type\":\"Organization\",\"@id\":\"https:\/\/now-news.de\/de\/#organization\",\"name\":\"Just Now News\",\"url\":\"https:\/\/now-news.de\/de\/\",\"logo\":{\"@type\":\"ImageObject\",\"inLanguage\":\"de\",\"@id\":\"https:\/\/now-news.de\/de\/#\/schema\/logo\/image\/\",\"url\":\"http:\/\/just-now.news\/de\/wp-content\/uploads\/sites\/3\/2022\/04\/logo500x500.jpg\",\"contentUrl\":\"http:\/\/just-now.news\/de\/wp-content\/uploads\/sites\/3\/2022\/04\/logo500x500.jpg\",\"width\":500,\"height\":500,\"caption\":\"Just Now News\"},\"image\":{\"@id\":\"https:\/\/now-news.de\/de\/#\/schema\/logo\/image\/\"},\"sameAs\":[\"https:\/\/www.facebook.com\/wirmachenauf\",\"https:\/\/x.com\/WirMachenAuf_de\"]},{\"@type\":\"Person\",\"@id\":\"https:\/\/now-news.de\/de\/#\/schema\/person\/fb534a4e865501d8b3285208df34a9b5\",\"name\":\"rtnews\",\"image\":{\"@type\":\"ImageObject\",\"inLanguage\":\"de\",\"@id\":\"https:\/\/now-news.de\/de\/#\/schema\/person\/image\/\",\"url\":\"https:\/\/secure.gravatar.com\/avatar\/82aafea7d8127119dd649515f56e2117?s=96&d=mm&r=g\",\"contentUrl\":\"https:\/\/secure.gravatar.com\/avatar\/82aafea7d8127119dd649515f56e2117?s=96&d=mm&r=g\",\"caption\":\"rtnews\"},\"url\":\"https:\/\/now-news.de\/de\/author\/rnews\/\"}]}<\/script>\n<!-- \/ Yoast SEO Premium plugin. -->","yoast_head_json":{"title":"Warum deckt Deutschland die Terroristen, von denen es angegriffen wurde? - just-now.NEWS Deutschland","robots":{"index":"index","follow":"follow","max-snippet":"max-snippet:-1","max-image-preview":"max-image-preview:large","max-video-preview":"max-video-preview:-1"},"canonical":"https:\/\/now-news.de\/de\/deutschland\/warum-deckt-deutschland-die-terroristen-von-denen-es-angegriffen-wurde\/","og_locale":"de_DE","og_type":"article","og_title":"Warum deckt Deutschland die Terroristen, von denen es angegriffen wurde?","og_description":"Vor drei Jahren wurden die Nord-Stream-Pipelines gesprengt. Und bis heute fragt man sich, was schlimmer ist: die Attacke selbst oder deren Vertuschung? Der schlimmste Akt des \u00d6koterrorismus in der j\u00fcngeren Geschichte ist zu einer surrealen \u00dcbung in bequemer Schuldzuweisung geworden. Von Tarik Cyril Amar Es war einmal vor langer, langer Zeit, da hatten Skandale sogar [&hellip;]","og_url":"https:\/\/now-news.de\/de\/deutschland\/warum-deckt-deutschland-die-terroristen-von-denen-es-angegriffen-wurde\/","og_site_name":"just-now.NEWS Deutschland","article_publisher":"https:\/\/www.facebook.com\/wirmachenauf","article_published_time":"2025-09-11T04:15:00+00:00","og_image":[{"url":"https:\/\/now-news.de\/de\/wp-content\/uploads\/sites\/3\/2025\/09\/68c05fa1b480cc078656b367.jpg"}],"author":"rtnews","twitter_card":"summary_large_image","twitter_creator":"@WirMachenAuf_de","twitter_site":"@WirMachenAuf_de","twitter_misc":{"Verfasst von":"rtnews","Gesch\u00e4tzte Lesezeit":"8\u00a0Minuten"},"schema":{"@context":"https:\/\/schema.org","@graph":[{"@type":"Article","@id":"https:\/\/now-news.de\/de\/deutschland\/warum-deckt-deutschland-die-terroristen-von-denen-es-angegriffen-wurde\/#article","isPartOf":{"@id":"https:\/\/now-news.de\/de\/deutschland\/warum-deckt-deutschland-die-terroristen-von-denen-es-angegriffen-wurde\/"},"author":{"name":"rtnews","@id":"https:\/\/now-news.de\/de\/#\/schema\/person\/fb534a4e865501d8b3285208df34a9b5"},"headline":"Warum deckt Deutschland die Terroristen, von denen es angegriffen wurde?","datePublished":"2025-09-11T04:15:00+00:00","dateModified":"2025-09-11T04:15:00+00:00","mainEntityOfPage":{"@id":"https:\/\/now-news.de\/de\/deutschland\/warum-deckt-deutschland-die-terroristen-von-denen-es-angegriffen-wurde\/"},"wordCount":1587,"commentCount":0,"publisher":{"@id":"https:\/\/now-news.de\/de\/#organization"},"image":{"@id":"https:\/\/now-news.de\/de\/deutschland\/warum-deckt-deutschland-die-terroristen-von-denen-es-angegriffen-wurde\/#primaryimage"},"thumbnailUrl":"https:\/\/now-news.de\/de\/wp-content\/uploads\/sites\/3\/2025\/09\/Warum-deckt-Deutschland-die-Terroristen-von-denen-es-angegriffen-wurde.jpg","keywords":["angegriffen","deckt","denen","Deutschland","die","Terroristen","von","Warum","wurde"],"articleSection":["Deutschland","Russland"],"inLanguage":"de","potentialAction":[{"@type":"CommentAction","name":"Comment","target":["https:\/\/now-news.de\/de\/deutschland\/warum-deckt-deutschland-die-terroristen-von-denen-es-angegriffen-wurde\/#respond"]}]},{"@type":"WebPage","@id":"https:\/\/now-news.de\/de\/deutschland\/warum-deckt-deutschland-die-terroristen-von-denen-es-angegriffen-wurde\/","url":"https:\/\/now-news.de\/de\/deutschland\/warum-deckt-deutschland-die-terroristen-von-denen-es-angegriffen-wurde\/","name":"Warum deckt Deutschland die Terroristen, von denen es angegriffen wurde? - just-now.NEWS Deutschland","isPartOf":{"@id":"https:\/\/now-news.de\/de\/#website"},"primaryImageOfPage":{"@id":"https:\/\/now-news.de\/de\/deutschland\/warum-deckt-deutschland-die-terroristen-von-denen-es-angegriffen-wurde\/#primaryimage"},"image":{"@id":"https:\/\/now-news.de\/de\/deutschland\/warum-deckt-deutschland-die-terroristen-von-denen-es-angegriffen-wurde\/#primaryimage"},"thumbnailUrl":"https:\/\/now-news.de\/de\/wp-content\/uploads\/sites\/3\/2025\/09\/Warum-deckt-Deutschland-die-Terroristen-von-denen-es-angegriffen-wurde.jpg","datePublished":"2025-09-11T04:15:00+00:00","dateModified":"2025-09-11T04:15:00+00:00","breadcrumb":{"@id":"https:\/\/now-news.de\/de\/deutschland\/warum-deckt-deutschland-die-terroristen-von-denen-es-angegriffen-wurde\/#breadcrumb"},"inLanguage":"de","potentialAction":[{"@type":"ReadAction","target":["https:\/\/now-news.de\/de\/deutschland\/warum-deckt-deutschland-die-terroristen-von-denen-es-angegriffen-wurde\/"]}]},{"@type":"ImageObject","inLanguage":"de","@id":"https:\/\/now-news.de\/de\/deutschland\/warum-deckt-deutschland-die-terroristen-von-denen-es-angegriffen-wurde\/#primaryimage","url":"https:\/\/now-news.de\/de\/wp-content\/uploads\/sites\/3\/2025\/09\/Warum-deckt-Deutschland-die-Terroristen-von-denen-es-angegriffen-wurde.jpg","contentUrl":"https:\/\/now-news.de\/de\/wp-content\/uploads\/sites\/3\/2025\/09\/Warum-deckt-Deutschland-die-Terroristen-von-denen-es-angegriffen-wurde.jpg","width":460,"height":259,"caption":"Warum deckt Deutschland die Terroristen, von denen es angegriffen wurde?"},{"@type":"BreadcrumbList","@id":"https:\/\/now-news.de\/de\/deutschland\/warum-deckt-deutschland-die-terroristen-von-denen-es-angegriffen-wurde\/#breadcrumb","itemListElement":[{"@type":"ListItem","position":1,"name":"Home","item":"https:\/\/now-news.de\/de\/"},{"@type":"ListItem","position":2,"name":"Warum deckt Deutschland die Terroristen, von denen es angegriffen wurde?"}]},{"@type":"WebSite","@id":"https:\/\/now-news.de\/de\/#website","url":"https:\/\/now-news.de\/de\/","name":"just-now.NEWS Deutschland","description":"Das Portal f\u00fcr unzensierte Nachrichten aus der Welt","publisher":{"@id":"https:\/\/now-news.de\/de\/#organization"},"potentialAction":[{"@type":"SearchAction","target":{"@type":"EntryPoint","urlTemplate":"https:\/\/now-news.de\/de\/?s={search_term_string}"},"query-input":"required name=search_term_string"}],"inLanguage":"de"},{"@type":"Organization","@id":"https:\/\/now-news.de\/de\/#organization","name":"Just Now News","url":"https:\/\/now-news.de\/de\/","logo":{"@type":"ImageObject","inLanguage":"de","@id":"https:\/\/now-news.de\/de\/#\/schema\/logo\/image\/","url":"http:\/\/just-now.news\/de\/wp-content\/uploads\/sites\/3\/2022\/04\/logo500x500.jpg","contentUrl":"http:\/\/just-now.news\/de\/wp-content\/uploads\/sites\/3\/2022\/04\/logo500x500.jpg","width":500,"height":500,"caption":"Just Now News"},"image":{"@id":"https:\/\/now-news.de\/de\/#\/schema\/logo\/image\/"},"sameAs":["https:\/\/www.facebook.com\/wirmachenauf","https:\/\/x.com\/WirMachenAuf_de"]},{"@type":"Person","@id":"https:\/\/now-news.de\/de\/#\/schema\/person\/fb534a4e865501d8b3285208df34a9b5","name":"rtnews","image":{"@type":"ImageObject","inLanguage":"de","@id":"https:\/\/now-news.de\/de\/#\/schema\/person\/image\/","url":"https:\/\/secure.gravatar.com\/avatar\/82aafea7d8127119dd649515f56e2117?s=96&d=mm&r=g","contentUrl":"https:\/\/secure.gravatar.com\/avatar\/82aafea7d8127119dd649515f56e2117?s=96&d=mm&r=g","caption":"rtnews"},"url":"https:\/\/now-news.de\/de\/author\/rnews\/"}]}},"_links":{"self":[{"href":"https:\/\/now-news.de\/de\/wp-json\/wp\/v2\/posts\/90325"}],"collection":[{"href":"https:\/\/now-news.de\/de\/wp-json\/wp\/v2\/posts"}],"about":[{"href":"https:\/\/now-news.de\/de\/wp-json\/wp\/v2\/types\/post"}],"author":[{"embeddable":true,"href":"https:\/\/now-news.de\/de\/wp-json\/wp\/v2\/users\/3"}],"replies":[{"embeddable":true,"href":"https:\/\/now-news.de\/de\/wp-json\/wp\/v2\/comments?post=90325"}],"version-history":[{"count":0,"href":"https:\/\/now-news.de\/de\/wp-json\/wp\/v2\/posts\/90325\/revisions"}],"wp:featuredmedia":[{"embeddable":true,"href":"https:\/\/now-news.de\/de\/wp-json\/wp\/v2\/media\/90326"}],"wp:attachment":[{"href":"https:\/\/now-news.de\/de\/wp-json\/wp\/v2\/media?parent=90325"}],"wp:term":[{"taxonomy":"category","embeddable":true,"href":"https:\/\/now-news.de\/de\/wp-json\/wp\/v2\/categories?post=90325"},{"taxonomy":"post_tag","embeddable":true,"href":"https:\/\/now-news.de\/de\/wp-json\/wp\/v2\/tags?post=90325"}],"curies":[{"name":"wp","href":"https:\/\/api.w.org\/{rel}","templated":true}]}}