{"id":90323,"date":"2025-09-10T22:26:46","date_gmt":"2025-09-10T20:26:46","guid":{"rendered":"https:\/\/now-news.de\/de\/deutschland\/brasilien-blockt-us-vorwuerfe-im-fall-bolsonaro-ab\/"},"modified":"2025-09-10T22:26:46","modified_gmt":"2025-09-10T20:26:46","slug":"brasilien-blockt-us-vorwuerfe-im-fall-bolsonaro-ab","status":"publish","type":"post","link":"https:\/\/now-news.de\/de\/deutschland\/brasilien-blockt-us-vorwuerfe-im-fall-bolsonaro-ab\/","title":{"rendered":"Brasilien blockt US-Vorw\u00fcrfe im Fall Bolsonaro ab"},"content":{"rendered":"<p><img decoding=\"async\" src=\"https:\/\/now-news.de\/de\/wp-content\/uploads\/sites\/3\/2025\/09\/68c19a1548fbef2aed7a862c.jpg\" \/><\/p>\n<div class=\"Text-root Text-type_1 \">\n                Der Prozess gegen den ehemaligen Pr\u00e4sidenten Jair Bolsonaro hat sich f\u00fcr Brasilien und die USA in einen Zankapfel verwandelt. Die US-Regierung von Donald Trump sieht den rechten Politiker als Opfer einer Hexenjagd. Das s\u00fcdamerikanische Land verteidigt seine Justiz.\n            <\/div>\n<p><\/p>\n<div class=\"Text-root Text-type_5 ArticleView-text ViewText-root \">\n<p>Brasilien hat die j\u00fcngsten Drohungen der USA im Zusammenhang mit dem Gerichtsprozess gegen Jair Bolsonaro entschieden zur\u00fcckgewiesen. In einer entsprechenden Erkl\u00e4rung <a rel=\"nofollow noopener\" target=\"_blank\" href=\"https:\/\/www.gov.br\/mre\/pt-br\/canais_atendimento\/imprensa\/notas-a-imprensa\/em-defesa-da-democracia-brasileira\">verurteilte<\/a> die Regierung in Bras\u00edlia die Anwendung von Wirtschaftssanktionen oder Gewaltdrohungen gegen den Rechtsstaat und die Demokratie. \u00a0\u00a0\u00a0\u00a0<\/p>\n<blockquote>\n<p><em>&#8220;Der erste Schritt, um die Meinungsfreiheit zu sch\u00fctzen, ist es, die Demokratie zu verteidigen und den bei den Wahlen bekundeten Volkswillen zu respektieren. Dies ist die Aufgabe der drei Staatsgewalten, die sich durch keine Angriffe auf unsere Souver\u00e4nit\u00e4t einsch\u00fcchtern lassen.&#8221; \u00a0\u00a0\u00a0<\/em><\/p>\n<\/blockquote>\n<p>Offenbar mit Blick auf Eduardo Bolsonaro, den dritt\u00e4ltesten Sohn des ehemaligen Staatschefs, der in Washington mehrfach die US-Regierung um Sanktionen gegen Brasilien\u00a0ersucht hatte, \u00e4u\u00dferte sich die Regierung in Bras\u00edlia kritisch. Sie verurteilte den Versuch der &#8220;antidemokratischen Kr\u00e4fte&#8221;, andere Regierungen zu missbrauchen, um die brasilianischen Beh\u00f6rden unter Druck zu setzen.<\/p>\n<p>Damit kommentierte die Regierung des linken Pr\u00e4sidenten Luiz In\u00e1cio Lula da Silva die Worte von Karoline Leavitt. Die Sprecherin des Wei\u00dfen Hauses war zuvor bei einer Presserunde nach dem Prozess gegen Bolsonaro in Brasilien gefragt worden. Sie erkl\u00e4rte, dass es eine &#8220;Priorit\u00e4t&#8221; der Regierung von Donald Trump sei, dem brasilianischen Politiker sein Recht auf Meinungsfreiheit zu garantieren. Dabei betonte sie die Entschlossenheit des Republikaners:<\/p>\n<blockquote>\n<p><em>&#8220;Der Pr\u00e4sident hat keine Angst davor, die wirtschaftliche und milit\u00e4rische Kraft der Vereinigten Staaten zu nutzen, um die Meinungsfreiheit in der ganzen Welt zu sch\u00fctzen.&#8221;<\/em><\/p>\n<\/blockquote>\n<p>Die Beziehungen zwischen Bras\u00edlia und Washington hatten sich am 7. August zusehends verschlechtert, als die einen Monat zuvor von Trump angek\u00fcndigten Strafz\u00f6lle gegen das gr\u00f6\u00dfte s\u00fcdamerikanische Land in Kraft getreten waren. Der Republikaner rechtfertigte die Ma\u00dfnahme mit dem Gerichtsprozess gegen seinen Freund Bolsonaro und mit der &#8220;sehr unfairen&#8221; Situation im bilateralen Handel.<\/p>\n<p>Im Oktober 2022 hatte Bolsonaro die Pr\u00e4sidentenwahl gegen seinen linken Kontrahenten verloren. Der damalige Staatschef vermied es, seine Niederlage \u00f6ffentlich einzur\u00e4umen. Er reichte beim Obersten Wahlgericht eine Beschwerde gegen das Wahlergebnis ein. Der Antrag auf \u00dcberpr\u00fcfung wurde jedoch abgewiesen. Am 8. Januar 2023 st\u00fcrmten zahlreiche Anh\u00e4nger Bolsonaros, die Lulas Wahlsieg nicht anerkennen wollten, den Kongress, den Regierungssitz und den Obersten Gerichtshof in Bras\u00edlia und richteten erhebliche Sch\u00e4den an.<\/p>\n<p>W\u00e4hrend ihrer Untersuchung stellte die brasilianische Generalstaatsanwaltschaft fest, dass der gescheiterte Putsch schon im Jahr 2021 mit systematischen \u00f6ffentlichen Verbalattacken gegen das elektronische Wahlsystem begonnen habe. Bolsonaro habe im Rahmen seines Plans sogar den Tod des gew\u00e4hlten Pr\u00e4sidenten, des Vizepr\u00e4sidenten und des Chefs des Obersten Gerichtshofs in Kauf genommen. Gegen den Politiker wurde eine Anklage wegen f\u00fcnf Verbrechen erhoben:\u00a0F\u00fchrung einer bewaffneten kriminellen Organisation, Versuch der gewaltsamen Abschaffung des demokratischen Rechtsstaats, Vorbereitung eines Staatsstreichs, Bedrohung und Besch\u00e4digung von Verm\u00f6gen sowie Besch\u00e4digung von Kulturerbe.<\/p>\n<p><strong>Mehr zum Thema<\/strong>\u00a0\u2012 <a rel=\"nofollow noopener\" target=\"_blank\" href=\"https:\/\/freedert.online\/amerika\/253282-trumps-strafzoelle-brasilien-spannt-schutzschirm\/\">Trumps Strafz\u00f6lle: Brasilien spannt Schutzschirm \u00fcber heimischer Wirtschaft auf<\/a><\/p>\n<div class=\"EmbedBlock-root EmbedBlock-externalVideo EmbedBlock-rumble\">\n<div class=\"VkEmbed\"><iframe class=\"lazyload\" data-src=\"https:\/\/rumble.com\/embed\/v6wgpb4\" frameborder=\"0\" width=\"853\" height=\"480\" allowfullscreen><\/iframe><\/div>\n<\/div>\n<\/div>\n<p><br \/>\n<br \/><a href=\"https:\/\/de.rt.com\/amerika\/255642-brasilien-laesst-sich-im-streit-mit-usa-nicht-kleinkriegen\/\">Source link <\/a><\/p>\n","protected":false},"excerpt":{"rendered":"<p>Der Prozess gegen den ehemaligen Pr\u00e4sidenten Jair Bolsonaro hat sich f\u00fcr Brasilien und die USA in einen Zankapfel verwandelt. Die US-Regierung von Donald Trump sieht den rechten Politiker als Opfer einer Hexenjagd. Das s\u00fcdamerikanische Land verteidigt seine Justiz. Brasilien hat die j\u00fcngsten Drohungen der USA im Zusammenhang mit dem Gerichtsprozess gegen Jair Bolsonaro entschieden zur\u00fcckgewiesen. [&hellip;]<\/p>\n","protected":false},"author":3,"featured_media":90324,"comment_status":"open","ping_status":"open","sticky":false,"template":"","format":"standard","meta":{"_yoast_indexnow_last_ping":["1757536839"],"wp_automatic_camp":["217"],"140263ab0a3f74012f0917f2086d25ae":["Brasilien blockt US-Vorw\u00fcrfe im Fall Bolsonaro ab"],"original_link":["https:\/\/de.rt.com\/amerika\/255642-brasilien-laesst-sich-im-streit-mit-usa-nicht-kleinkriegen\/"],"_thumbnail_id":["90324"],"jnews_social_counter_last_update":["1777133979"],"_wptgpro_p2tg_sent2tg":["a:1:{i:23737;s:19:\"2025-09-10 22:41:46\";}"]},"categories":[19,23],"tags":[67280,10645,10646,1657,35110],"yoast_head":"<!-- This site is optimized with the Yoast SEO Premium plugin v22.7 (Yoast SEO v22.7) - https:\/\/yoast.com\/wordpress\/plugins\/seo\/ -->\n<title>Brasilien blockt US-Vorw\u00fcrfe im Fall Bolsonaro ab - just-now.NEWS Deutschland<\/title>\n<meta name=\"robots\" content=\"index, follow, max-snippet:-1, max-image-preview:large, max-video-preview:-1\" \/>\n<link rel=\"canonical\" href=\"https:\/\/now-news.de\/de\/deutschland\/brasilien-blockt-us-vorwuerfe-im-fall-bolsonaro-ab\/\" \/>\n<meta property=\"og:locale\" content=\"de_DE\" \/>\n<meta property=\"og:type\" content=\"article\" \/>\n<meta property=\"og:title\" content=\"Brasilien blockt US-Vorw\u00fcrfe im Fall Bolsonaro ab\" \/>\n<meta property=\"og:description\" content=\"Der Prozess gegen den ehemaligen Pr\u00e4sidenten Jair Bolsonaro hat sich f\u00fcr Brasilien und die USA in einen Zankapfel verwandelt. Die US-Regierung von Donald Trump sieht den rechten Politiker als Opfer einer Hexenjagd. Das s\u00fcdamerikanische Land verteidigt seine Justiz. Brasilien hat die j\u00fcngsten Drohungen der USA im Zusammenhang mit dem Gerichtsprozess gegen Jair Bolsonaro entschieden zur\u00fcckgewiesen. [&hellip;]\" \/>\n<meta property=\"og:url\" content=\"https:\/\/now-news.de\/de\/deutschland\/brasilien-blockt-us-vorwuerfe-im-fall-bolsonaro-ab\/\" \/>\n<meta property=\"og:site_name\" content=\"just-now.NEWS Deutschland\" \/>\n<meta property=\"article:publisher\" content=\"https:\/\/www.facebook.com\/wirmachenauf\" \/>\n<meta property=\"article:published_time\" content=\"2025-09-10T20:26:46+00:00\" \/>\n<meta property=\"og:image\" content=\"https:\/\/now-news.de\/de\/wp-content\/uploads\/sites\/3\/2025\/09\/68c19a1548fbef2aed7a862c.jpg\" \/>\n<meta name=\"author\" content=\"rtnews\" \/>\n<meta name=\"twitter:card\" content=\"summary_large_image\" \/>\n<meta name=\"twitter:creator\" content=\"@WirMachenAuf_de\" \/>\n<meta name=\"twitter:site\" content=\"@WirMachenAuf_de\" \/>\n<meta name=\"twitter:label1\" content=\"Verfasst von\" \/>\n\t<meta name=\"twitter:data1\" content=\"rtnews\" \/>\n\t<meta name=\"twitter:label2\" content=\"Gesch\u00e4tzte Lesezeit\" \/>\n\t<meta name=\"twitter:data2\" content=\"3\u00a0Minuten\" \/>\n<script type=\"application\/ld+json\" class=\"yoast-schema-graph\">{\"@context\":\"https:\/\/schema.org\",\"@graph\":[{\"@type\":\"Article\",\"@id\":\"https:\/\/now-news.de\/de\/deutschland\/brasilien-blockt-us-vorwuerfe-im-fall-bolsonaro-ab\/#article\",\"isPartOf\":{\"@id\":\"https:\/\/now-news.de\/de\/deutschland\/brasilien-blockt-us-vorwuerfe-im-fall-bolsonaro-ab\/\"},\"author\":{\"name\":\"rtnews\",\"@id\":\"https:\/\/now-news.de\/de\/#\/schema\/person\/fb534a4e865501d8b3285208df34a9b5\"},\"headline\":\"Brasilien blockt US-Vorw\u00fcrfe im Fall Bolsonaro ab\",\"datePublished\":\"2025-09-10T20:26:46+00:00\",\"dateModified\":\"2025-09-10T20:26:46+00:00\",\"mainEntityOfPage\":{\"@id\":\"https:\/\/now-news.de\/de\/deutschland\/brasilien-blockt-us-vorwuerfe-im-fall-bolsonaro-ab\/\"},\"wordCount\":523,\"commentCount\":0,\"publisher\":{\"@id\":\"https:\/\/now-news.de\/de\/#organization\"},\"image\":{\"@id\":\"https:\/\/now-news.de\/de\/deutschland\/brasilien-blockt-us-vorwuerfe-im-fall-bolsonaro-ab\/#primaryimage\"},\"thumbnailUrl\":\"https:\/\/now-news.de\/de\/wp-content\/uploads\/sites\/3\/2025\/09\/Brasilien-blockt-US-Vorwuerfe-im-Fall-Bolsonaro-ab.jpg\",\"keywords\":[\"blockt\",\"Bolsonaro\",\"Brasilien\",\"fall\",\"USVorw\u00fcrfe\"],\"articleSection\":[\"Deutschland\",\"Russland\"],\"inLanguage\":\"de\",\"potentialAction\":[{\"@type\":\"CommentAction\",\"name\":\"Comment\",\"target\":[\"https:\/\/now-news.de\/de\/deutschland\/brasilien-blockt-us-vorwuerfe-im-fall-bolsonaro-ab\/#respond\"]}]},{\"@type\":\"WebPage\",\"@id\":\"https:\/\/now-news.de\/de\/deutschland\/brasilien-blockt-us-vorwuerfe-im-fall-bolsonaro-ab\/\",\"url\":\"https:\/\/now-news.de\/de\/deutschland\/brasilien-blockt-us-vorwuerfe-im-fall-bolsonaro-ab\/\",\"name\":\"Brasilien blockt US-Vorw\u00fcrfe im Fall Bolsonaro ab - just-now.NEWS Deutschland\",\"isPartOf\":{\"@id\":\"https:\/\/now-news.de\/de\/#website\"},\"primaryImageOfPage\":{\"@id\":\"https:\/\/now-news.de\/de\/deutschland\/brasilien-blockt-us-vorwuerfe-im-fall-bolsonaro-ab\/#primaryimage\"},\"image\":{\"@id\":\"https:\/\/now-news.de\/de\/deutschland\/brasilien-blockt-us-vorwuerfe-im-fall-bolsonaro-ab\/#primaryimage\"},\"thumbnailUrl\":\"https:\/\/now-news.de\/de\/wp-content\/uploads\/sites\/3\/2025\/09\/Brasilien-blockt-US-Vorwuerfe-im-Fall-Bolsonaro-ab.jpg\",\"datePublished\":\"2025-09-10T20:26:46+00:00\",\"dateModified\":\"2025-09-10T20:26:46+00:00\",\"breadcrumb\":{\"@id\":\"https:\/\/now-news.de\/de\/deutschland\/brasilien-blockt-us-vorwuerfe-im-fall-bolsonaro-ab\/#breadcrumb\"},\"inLanguage\":\"de\",\"potentialAction\":[{\"@type\":\"ReadAction\",\"target\":[\"https:\/\/now-news.de\/de\/deutschland\/brasilien-blockt-us-vorwuerfe-im-fall-bolsonaro-ab\/\"]}]},{\"@type\":\"ImageObject\",\"inLanguage\":\"de\",\"@id\":\"https:\/\/now-news.de\/de\/deutschland\/brasilien-blockt-us-vorwuerfe-im-fall-bolsonaro-ab\/#primaryimage\",\"url\":\"https:\/\/now-news.de\/de\/wp-content\/uploads\/sites\/3\/2025\/09\/Brasilien-blockt-US-Vorwuerfe-im-Fall-Bolsonaro-ab.jpg\",\"contentUrl\":\"https:\/\/now-news.de\/de\/wp-content\/uploads\/sites\/3\/2025\/09\/Brasilien-blockt-US-Vorwuerfe-im-Fall-Bolsonaro-ab.jpg\",\"width\":460,\"height\":259,\"caption\":\"Brasilien blockt US-Vorw\u00fcrfe im Fall Bolsonaro ab\"},{\"@type\":\"BreadcrumbList\",\"@id\":\"https:\/\/now-news.de\/de\/deutschland\/brasilien-blockt-us-vorwuerfe-im-fall-bolsonaro-ab\/#breadcrumb\",\"itemListElement\":[{\"@type\":\"ListItem\",\"position\":1,\"name\":\"Home\",\"item\":\"https:\/\/now-news.de\/de\/\"},{\"@type\":\"ListItem\",\"position\":2,\"name\":\"Brasilien blockt US-Vorw\u00fcrfe im Fall Bolsonaro ab\"}]},{\"@type\":\"WebSite\",\"@id\":\"https:\/\/now-news.de\/de\/#website\",\"url\":\"https:\/\/now-news.de\/de\/\",\"name\":\"just-now.NEWS Deutschland\",\"description\":\"Das Portal f\u00fcr unzensierte Nachrichten aus der Welt\",\"publisher\":{\"@id\":\"https:\/\/now-news.de\/de\/#organization\"},\"potentialAction\":[{\"@type\":\"SearchAction\",\"target\":{\"@type\":\"EntryPoint\",\"urlTemplate\":\"https:\/\/now-news.de\/de\/?s={search_term_string}\"},\"query-input\":\"required name=search_term_string\"}],\"inLanguage\":\"de\"},{\"@type\":\"Organization\",\"@id\":\"https:\/\/now-news.de\/de\/#organization\",\"name\":\"Just Now News\",\"url\":\"https:\/\/now-news.de\/de\/\",\"logo\":{\"@type\":\"ImageObject\",\"inLanguage\":\"de\",\"@id\":\"https:\/\/now-news.de\/de\/#\/schema\/logo\/image\/\",\"url\":\"http:\/\/just-now.news\/de\/wp-content\/uploads\/sites\/3\/2022\/04\/logo500x500.jpg\",\"contentUrl\":\"http:\/\/just-now.news\/de\/wp-content\/uploads\/sites\/3\/2022\/04\/logo500x500.jpg\",\"width\":500,\"height\":500,\"caption\":\"Just Now News\"},\"image\":{\"@id\":\"https:\/\/now-news.de\/de\/#\/schema\/logo\/image\/\"},\"sameAs\":[\"https:\/\/www.facebook.com\/wirmachenauf\",\"https:\/\/x.com\/WirMachenAuf_de\"]},{\"@type\":\"Person\",\"@id\":\"https:\/\/now-news.de\/de\/#\/schema\/person\/fb534a4e865501d8b3285208df34a9b5\",\"name\":\"rtnews\",\"image\":{\"@type\":\"ImageObject\",\"inLanguage\":\"de\",\"@id\":\"https:\/\/now-news.de\/de\/#\/schema\/person\/image\/\",\"url\":\"https:\/\/secure.gravatar.com\/avatar\/82aafea7d8127119dd649515f56e2117?s=96&d=mm&r=g\",\"contentUrl\":\"https:\/\/secure.gravatar.com\/avatar\/82aafea7d8127119dd649515f56e2117?s=96&d=mm&r=g\",\"caption\":\"rtnews\"},\"url\":\"https:\/\/now-news.de\/de\/author\/rnews\/\"}]}<\/script>\n<!-- \/ Yoast SEO Premium plugin. -->","yoast_head_json":{"title":"Brasilien blockt US-Vorw\u00fcrfe im Fall Bolsonaro ab - just-now.NEWS Deutschland","robots":{"index":"index","follow":"follow","max-snippet":"max-snippet:-1","max-image-preview":"max-image-preview:large","max-video-preview":"max-video-preview:-1"},"canonical":"https:\/\/now-news.de\/de\/deutschland\/brasilien-blockt-us-vorwuerfe-im-fall-bolsonaro-ab\/","og_locale":"de_DE","og_type":"article","og_title":"Brasilien blockt US-Vorw\u00fcrfe im Fall Bolsonaro ab","og_description":"Der Prozess gegen den ehemaligen Pr\u00e4sidenten Jair Bolsonaro hat sich f\u00fcr Brasilien und die USA in einen Zankapfel verwandelt. Die US-Regierung von Donald Trump sieht den rechten Politiker als Opfer einer Hexenjagd. Das s\u00fcdamerikanische Land verteidigt seine Justiz. Brasilien hat die j\u00fcngsten Drohungen der USA im Zusammenhang mit dem Gerichtsprozess gegen Jair Bolsonaro entschieden zur\u00fcckgewiesen. [&hellip;]","og_url":"https:\/\/now-news.de\/de\/deutschland\/brasilien-blockt-us-vorwuerfe-im-fall-bolsonaro-ab\/","og_site_name":"just-now.NEWS Deutschland","article_publisher":"https:\/\/www.facebook.com\/wirmachenauf","article_published_time":"2025-09-10T20:26:46+00:00","og_image":[{"url":"https:\/\/now-news.de\/de\/wp-content\/uploads\/sites\/3\/2025\/09\/68c19a1548fbef2aed7a862c.jpg"}],"author":"rtnews","twitter_card":"summary_large_image","twitter_creator":"@WirMachenAuf_de","twitter_site":"@WirMachenAuf_de","twitter_misc":{"Verfasst von":"rtnews","Gesch\u00e4tzte Lesezeit":"3\u00a0Minuten"},"schema":{"@context":"https:\/\/schema.org","@graph":[{"@type":"Article","@id":"https:\/\/now-news.de\/de\/deutschland\/brasilien-blockt-us-vorwuerfe-im-fall-bolsonaro-ab\/#article","isPartOf":{"@id":"https:\/\/now-news.de\/de\/deutschland\/brasilien-blockt-us-vorwuerfe-im-fall-bolsonaro-ab\/"},"author":{"name":"rtnews","@id":"https:\/\/now-news.de\/de\/#\/schema\/person\/fb534a4e865501d8b3285208df34a9b5"},"headline":"Brasilien blockt US-Vorw\u00fcrfe im Fall Bolsonaro ab","datePublished":"2025-09-10T20:26:46+00:00","dateModified":"2025-09-10T20:26:46+00:00","mainEntityOfPage":{"@id":"https:\/\/now-news.de\/de\/deutschland\/brasilien-blockt-us-vorwuerfe-im-fall-bolsonaro-ab\/"},"wordCount":523,"commentCount":0,"publisher":{"@id":"https:\/\/now-news.de\/de\/#organization"},"image":{"@id":"https:\/\/now-news.de\/de\/deutschland\/brasilien-blockt-us-vorwuerfe-im-fall-bolsonaro-ab\/#primaryimage"},"thumbnailUrl":"https:\/\/now-news.de\/de\/wp-content\/uploads\/sites\/3\/2025\/09\/Brasilien-blockt-US-Vorwuerfe-im-Fall-Bolsonaro-ab.jpg","keywords":["blockt","Bolsonaro","Brasilien","fall","USVorw\u00fcrfe"],"articleSection":["Deutschland","Russland"],"inLanguage":"de","potentialAction":[{"@type":"CommentAction","name":"Comment","target":["https:\/\/now-news.de\/de\/deutschland\/brasilien-blockt-us-vorwuerfe-im-fall-bolsonaro-ab\/#respond"]}]},{"@type":"WebPage","@id":"https:\/\/now-news.de\/de\/deutschland\/brasilien-blockt-us-vorwuerfe-im-fall-bolsonaro-ab\/","url":"https:\/\/now-news.de\/de\/deutschland\/brasilien-blockt-us-vorwuerfe-im-fall-bolsonaro-ab\/","name":"Brasilien blockt US-Vorw\u00fcrfe im Fall Bolsonaro ab - just-now.NEWS Deutschland","isPartOf":{"@id":"https:\/\/now-news.de\/de\/#website"},"primaryImageOfPage":{"@id":"https:\/\/now-news.de\/de\/deutschland\/brasilien-blockt-us-vorwuerfe-im-fall-bolsonaro-ab\/#primaryimage"},"image":{"@id":"https:\/\/now-news.de\/de\/deutschland\/brasilien-blockt-us-vorwuerfe-im-fall-bolsonaro-ab\/#primaryimage"},"thumbnailUrl":"https:\/\/now-news.de\/de\/wp-content\/uploads\/sites\/3\/2025\/09\/Brasilien-blockt-US-Vorwuerfe-im-Fall-Bolsonaro-ab.jpg","datePublished":"2025-09-10T20:26:46+00:00","dateModified":"2025-09-10T20:26:46+00:00","breadcrumb":{"@id":"https:\/\/now-news.de\/de\/deutschland\/brasilien-blockt-us-vorwuerfe-im-fall-bolsonaro-ab\/#breadcrumb"},"inLanguage":"de","potentialAction":[{"@type":"ReadAction","target":["https:\/\/now-news.de\/de\/deutschland\/brasilien-blockt-us-vorwuerfe-im-fall-bolsonaro-ab\/"]}]},{"@type":"ImageObject","inLanguage":"de","@id":"https:\/\/now-news.de\/de\/deutschland\/brasilien-blockt-us-vorwuerfe-im-fall-bolsonaro-ab\/#primaryimage","url":"https:\/\/now-news.de\/de\/wp-content\/uploads\/sites\/3\/2025\/09\/Brasilien-blockt-US-Vorwuerfe-im-Fall-Bolsonaro-ab.jpg","contentUrl":"https:\/\/now-news.de\/de\/wp-content\/uploads\/sites\/3\/2025\/09\/Brasilien-blockt-US-Vorwuerfe-im-Fall-Bolsonaro-ab.jpg","width":460,"height":259,"caption":"Brasilien blockt US-Vorw\u00fcrfe im Fall Bolsonaro ab"},{"@type":"BreadcrumbList","@id":"https:\/\/now-news.de\/de\/deutschland\/brasilien-blockt-us-vorwuerfe-im-fall-bolsonaro-ab\/#breadcrumb","itemListElement":[{"@type":"ListItem","position":1,"name":"Home","item":"https:\/\/now-news.de\/de\/"},{"@type":"ListItem","position":2,"name":"Brasilien blockt US-Vorw\u00fcrfe im Fall Bolsonaro ab"}]},{"@type":"WebSite","@id":"https:\/\/now-news.de\/de\/#website","url":"https:\/\/now-news.de\/de\/","name":"just-now.NEWS Deutschland","description":"Das Portal f\u00fcr unzensierte Nachrichten aus der Welt","publisher":{"@id":"https:\/\/now-news.de\/de\/#organization"},"potentialAction":[{"@type":"SearchAction","target":{"@type":"EntryPoint","urlTemplate":"https:\/\/now-news.de\/de\/?s={search_term_string}"},"query-input":"required name=search_term_string"}],"inLanguage":"de"},{"@type":"Organization","@id":"https:\/\/now-news.de\/de\/#organization","name":"Just Now News","url":"https:\/\/now-news.de\/de\/","logo":{"@type":"ImageObject","inLanguage":"de","@id":"https:\/\/now-news.de\/de\/#\/schema\/logo\/image\/","url":"http:\/\/just-now.news\/de\/wp-content\/uploads\/sites\/3\/2022\/04\/logo500x500.jpg","contentUrl":"http:\/\/just-now.news\/de\/wp-content\/uploads\/sites\/3\/2022\/04\/logo500x500.jpg","width":500,"height":500,"caption":"Just Now News"},"image":{"@id":"https:\/\/now-news.de\/de\/#\/schema\/logo\/image\/"},"sameAs":["https:\/\/www.facebook.com\/wirmachenauf","https:\/\/x.com\/WirMachenAuf_de"]},{"@type":"Person","@id":"https:\/\/now-news.de\/de\/#\/schema\/person\/fb534a4e865501d8b3285208df34a9b5","name":"rtnews","image":{"@type":"ImageObject","inLanguage":"de","@id":"https:\/\/now-news.de\/de\/#\/schema\/person\/image\/","url":"https:\/\/secure.gravatar.com\/avatar\/82aafea7d8127119dd649515f56e2117?s=96&d=mm&r=g","contentUrl":"https:\/\/secure.gravatar.com\/avatar\/82aafea7d8127119dd649515f56e2117?s=96&d=mm&r=g","caption":"rtnews"},"url":"https:\/\/now-news.de\/de\/author\/rnews\/"}]}},"_links":{"self":[{"href":"https:\/\/now-news.de\/de\/wp-json\/wp\/v2\/posts\/90323"}],"collection":[{"href":"https:\/\/now-news.de\/de\/wp-json\/wp\/v2\/posts"}],"about":[{"href":"https:\/\/now-news.de\/de\/wp-json\/wp\/v2\/types\/post"}],"author":[{"embeddable":true,"href":"https:\/\/now-news.de\/de\/wp-json\/wp\/v2\/users\/3"}],"replies":[{"embeddable":true,"href":"https:\/\/now-news.de\/de\/wp-json\/wp\/v2\/comments?post=90323"}],"version-history":[{"count":0,"href":"https:\/\/now-news.de\/de\/wp-json\/wp\/v2\/posts\/90323\/revisions"}],"wp:featuredmedia":[{"embeddable":true,"href":"https:\/\/now-news.de\/de\/wp-json\/wp\/v2\/media\/90324"}],"wp:attachment":[{"href":"https:\/\/now-news.de\/de\/wp-json\/wp\/v2\/media?parent=90323"}],"wp:term":[{"taxonomy":"category","embeddable":true,"href":"https:\/\/now-news.de\/de\/wp-json\/wp\/v2\/categories?post=90323"},{"taxonomy":"post_tag","embeddable":true,"href":"https:\/\/now-news.de\/de\/wp-json\/wp\/v2\/tags?post=90323"}],"curies":[{"name":"wp","href":"https:\/\/api.w.org\/{rel}","templated":true}]}}