{"id":90308,"date":"2025-09-10T19:31:50","date_gmt":"2025-09-10T17:31:50","guid":{"rendered":"https:\/\/now-news.de\/de\/deutschland\/paris-die-fabrik-der-diplomatie-rotiert-im-kreis\/"},"modified":"2025-09-10T19:31:50","modified_gmt":"2025-09-10T17:31:50","slug":"paris-die-fabrik-der-diplomatie-rotiert-im-kreis","status":"publish","type":"post","link":"https:\/\/now-news.de\/de\/deutschland\/paris-die-fabrik-der-diplomatie-rotiert-im-kreis\/","title":{"rendered":"Paris: Die &quot;Fabrik der Diplomatie&quot; rotiert im Kreis"},"content":{"rendered":"<p><img decoding=\"async\" src=\"https:\/\/now-news.de\/de\/wp-content\/uploads\/sites\/3\/2025\/09\/68c1643b48fbef3d7864c02d.jpg\" \/><\/p>\n<div class=\"Text-root Text-type_1 \">\n                Das vom franz\u00f6sischen Au\u00dfenministerium f\u00fcr Berufseinsteiger veranstaltete Kolloqium &#8220;La Fabrique de la Diplomatie&#8221; strotzte nur so von Eurozentrismus, Russophobie und einem bedauerlichen Mangel an jeglichen Ans\u00e4tzen eines diplomatischen Umgangs mit Russland. Die wenigen vern\u00fcnftigen Stimmen fanden dabei kaum Geh\u00f6r.\n            <\/div>\n<p><\/p>\n<div class=\"Text-root Text-type_5 ArticleView-text ViewText-root \">\n<p><em>Von Pierre Levy<\/em><\/p>\n<p>Am 5. und 6. September fand ein gro\u00dfes Kolloquium statt, das vom franz\u00f6sischen Au\u00dfenministerium organisiert wurde, eine Initiative, die von der Universit\u00e4t Sorbonne Nouvelle unterst\u00fctzt und auf einem ihr zugeh\u00f6rigen Campus\u00a0veranstaltet wurde. Das Publikum str\u00f6mte zahlreich zu den verschiedenen Foren, Gespr\u00e4chen am Runden Tisch und Seminaren. Hunderte von Teilnehmern waren anwesend, darunter viele junge Menschen, die sich f\u00fcr eine diplomatische Laufbahn interessieren.<\/p>\n<p>Das Ministerium hatte keine M\u00fchen gescheut, um zuk\u00fcnftige Berufseinsteiger anzulocken. Unter dem Oberbegriff &#8220;La Fabrique de la Diplomatie&#8221; (Die Fabrik der Diplomatie) fanden dutzende Debatten vor ausverkauftem Haus statt. Insbesondere diejenigen, an denen medienwirksame Pers\u00f6nlichkeiten wie der ehemalige Premierminister Dominique de Villepin (2005\u20132007), der auch an der Spitze des Quai d&#8217;Orsay (2002\u20132004) stand, oder G\u00e9rard Araud, ehemaliger Botschafter Frankreichs in Israel, bei der UNO und dann in den Vereinigten Staaten, teilnahmen.<\/p>\n<p>Die\u00a0\u00dcberschriften der Debatten waren so gew\u00e4hlt, dass sie Neugier weckten. Dazu geh\u00f6rten: &#8220;Der globale S\u00fcden auf der Suche nach einer neuen internationalen Ordnung&#8221;; &#8220;Naher Osten: Wie findet man zur\u00fcck zu den Verhandlungen?&#8221;; &#8220;Wirtschaftsdiplomatie zwischen den Vereinigten Staaten und China: Welchen Platz nimmt Europa ein?&#8221;; &#8220;Die franz\u00f6sische G7-Pr\u00e4sidentschaft 2026 angesichts der gro\u00dfen globalen Ungleichgewichte&#8221;; &#8220;Die NATO: ein B\u00fcndnis unter vielen?&#8221; \u2026<\/p>\n<p>Es ist eine Untertreibung zu sagen, dass die meisten Diskussionen zwischen den Teilnehmern der verschiedenen Podiumsdiskussionen von der vorherrschenden Ideologie gepr\u00e4gt waren. Die &#8220;notwendige&#8221; europ\u00e4ische Integration geh\u00f6rte nat\u00fcrlich zu den heiligen Dogmen. Es \u00fcberrascht nicht, dass sich in vielen Debatten auch Russophobie manifestierte. Am h\u00e4ufigsten kam dies in der kategorischen Behauptung sinngem\u00e4\u00df zum Ausdruck, dass &#8220;Putin seine imperialistischen Kriege niemals beenden wird, wenn wir ihm nicht Einhalt gebieten.&#8221;<\/p>\n<p>Ein Redner wies auf die Gefahr hin, dass die franz\u00f6sische Bev\u00f6lkerung nicht bereit sein k\u00f6nnte, sich an einem Krieg gegen Moskau zu beteiligen, sollte Russland Litauen angreifen, und erntete begeisterten Applaus f\u00fcr seine Forderung, diese Feigheit zu bek\u00e4mpfen\u00a0\u2026 Ein Zeichen daf\u00fcr, dass die zuk\u00fcnftigen Eliten, aus denen sich das Publikum zusammensetzte, wenig repr\u00e4sentativ f\u00fcr die Stimmung in der Bev\u00f6lkerung sind.<\/p>\n<p>Vor diesem Hintergrund stachen die etwas unorthodoxen \u00c4u\u00dferungen einiger Pers\u00f6nlichkeiten aus der allgemeinen Stimmung heraus und verdienen daher Beachtung. Dies war insbesondere im Forum mit der \u00dcberschrift &#8220;Welche europ\u00e4ische Sicherheitsarchitektur?&#8221; der Fall. Der erste Redner war Hubert V\u00e9drine. Der ehemalige Au\u00dfenminister (1997\u20132002) geh\u00f6rt zur Schule der &#8220;Realisten&#8221; (im Gegensatz zu den kompromisslosen Ideologen) und pflegt eine Sprache, die er nicht dem aktuellen offiziellen Denken unterwerfen will, auch wenn er ein Bef\u00fcrworter des Atlantischen B\u00fcndnisses bleibt und die Russen verteufelt.<\/p>\n<p>Er nutzte die Gelegenheit, um seine abweichende Meinung zu \u00e4u\u00dfern, indem er energisch bestritt, dass sich aktuell eine &#8220;europ\u00e4ische S\u00e4ule&#8221; der NATO im Aufbau befinde. &#8220;Vergessen Sie die offizielle Kommunikation und Propaganda, denn die &#8216;europ\u00e4ische Verteidigung&#8217;\u00a0ist\u00a0ein Konzept, das von den meisten L\u00e4ndern des B\u00fcndnisses, die alle in erster Linie vom Schutz durch Uncle Sam tr\u00e4umen, in der Praxis abgelehnt wird&#8221;, betonte V\u00e9drine im Wesentlichen. Seiner Meinung nach stehe\u00a0Frankreich mit der von Emmanuel Macron gepriesenen &#8220;europ\u00e4ischen Souver\u00e4nit\u00e4t&#8221; allein da (wie der j\u00fcngste Gipfel in Den Haag gezeigt hat). Die meisten B\u00fcndnispartner kauften weiterhin \u00fcberwiegend amerikanische Waffen und Ausr\u00fcstung, betonte der ehemalige Chef des Quai d&#8217;Orsay.<\/p>\n<p>Pierre Vimont \u00e4u\u00dferte sich noch heterodoxer. Dabei ist der Diplomat keineswegs ein &#8220;Euroskeptiker&#8221;: Er war Generalsekret\u00e4r des Europ\u00e4ischen Ausw\u00e4rtigen Dienstes, nachdem er zuvor st\u00e4ndiger Vertreter Frankreichs bei der EU gewesen war\u00a0\u2013 Vimont ist\u00a0also ein hervorragender Kenner der Br\u00fcsseler Angelegenheiten. Dar\u00fcber hinaus war er\u00a0Kabinettschef mehrerer Au\u00dfenminister und anschlie\u00dfend franz\u00f6sischer Botschafter in den Vereinigten Staaten.<\/p>\n<p>Er verk\u00f6rpert das Bild des traditionellen Diplomaten der &#8220;alten Schule&#8221;, der Analyse, Vorsicht und Nuancen sch\u00e4tzt. Umso interessanter waren folglich seine \u00c4u\u00dferungen. Insbesondere als er \u2013 mit Bedauern \u2013 auf die gro\u00dfe Schwierigkeit hinwies, innerhalb der 27 Mitgliedstaaten \u00dcberlegungen zu einer Sicherheitsarchitektur in Europa anzustellen. Diesem erfahrenen Fachmann zufolge seien die meisten Mitgliedstaaten von Natur aus abgeneigt, diplomatische Verhandlungen mit Moskau zu f\u00fchren.<\/p>\n<p>F\u00fcr einige von ihnen sei &#8220;das zu emotional&#8221;: Sie lehnten es sogar ab, eine Diskussion zu f\u00fchren, wenn ein russischer Vertreter anwesend sei. Die Folge: Seit der Erweiterung im Jahr 2004\u00a0mache die EU keine &#8220;Russlandpolitik&#8221; mehr. Um seine Aussage zu veranschaulichen,\u00a0erinnerte der Diplomat daran, dass die deutsche Bundeskanzlerin 2021 ein Gipfeltreffen mit Moskau vorgeschlagen hatte. Dies l\u00f6ste einen regelrechten Aufschrei aus, insbesondere bei den Regierungschefs der meisten osteurop\u00e4ischen L\u00e4nder, und die Idee wurde verworfen.<\/p>\n<p>Es sei daher nicht m\u00f6glich, so beklagte der Redner, auch nur strategische \u00dcberlegungen in diesem Bereich anzustellen. Die EU sei nicht in der Lage, eine langfristige Vision f\u00fcr\u00a0ihre Beziehungen zu Russland zu entwickeln. Ein weiterer Hinweis: Bei den Kontakten zwischen Russen und Westlern neigten die Geheimdienste beider Seiten dazu, die Diplomaten zu ersetzen. All dies stelle eine &#8220;dramatische&#8221; Situation dar, bedauerte er.<\/p>\n<p>Herr Vimont betonte, dass es notwendiger denn je sei, sich Gedanken \u00fcber die k\u00fcnftigen Beziehungen zu Moskau zu machen. Dies k\u00f6nne nicht Aufgabe des Milit\u00e4rs sein, sondern vielmehr der Diplomaten, deren Aufgabe es\u00a0vor allem sei, ihre Gespr\u00e4chspartner zu verstehen. Was Russland betreffe, so m\u00fcsse man sich daher mit den &#8220;tiefgreifenden Ursachen&#8221; des aktuellen Krieges aus der Sicht Moskaus befassen, insbesondere im Hinblick auf\u00a0die eigenen Sicherheitsgarantien.<\/p>\n<p>Andernfalls werde die Situation seiner Meinung nach zu einem riskanten milit\u00e4rischen Engagement, zu chronischer strategischer Instabilit\u00e4t, aber auch zu einer Gefahr des Zerfalls der &#8220;europ\u00e4ischen Einheit&#8221; f\u00fchren (eine\u00a0Anspielung auf bestimmte L\u00e4nder \u2013 Ungarn, Slowakei\u00a0\u2026 \u2013, die eine Ann\u00e4herung an Moskau anstreben).<\/p>\n<p>F\u00fcr den Diplomaten m\u00fcsste der Status und die Art und Weise der Behandlung der L\u00e4nder einer zwischen der EU und Russland gelegenen &#8220;Grauzone&#8221; definiert werden \u2013 einer Zone, zu der beispielsweise Georgien, Moldawien und nat\u00fcrlich die Ukraine geh\u00f6ren. Bedeute dies eine R\u00fcckkehr zu den Abkommen von Helsinki (1975) mit der UdSSR? Nein, meint Pierre Vimont: Vielmehr sollte man ein neues Gleichgewicht zwischen den M\u00e4chten finden, ein Gleichgewicht und einen Kompromiss, die an einige Merkmale der Geopolitik des 19. Jahrhunderts erinnern w\u00fcrden.<\/p>\n<p>Hubert V\u00e9drine schien dieser Meinung zuzustimmen: Er erinnerte an die &#8220;verpasste historische Chance&#8221;\u00a0nach dem Untergang der UdSSR, als amerikanische Geopolitologen der realistischen Schule (Henry Kissinger, John Mearsheimer usw.) einen Kompromiss mit Moskau bef\u00fcrwortet hatten. Letztendlich wies Pr\u00e4sident Clinton diese Vorschl\u00e4ge zur\u00fcck, da er der Ansicht war, dass der Westen den Kalten Krieg gewonnen habe und es daher seine Aufgabe sei, einseitig seine Vorherrschaft durchzusetzen.<\/p>\n<p>Nach zwei Tagen Kolloquium blieb das euro-atlantische Denken weiterhin extrem dominant. Die wenigen realistischen Stimmen fielen da umso mehr auf. Aber ihre geringe Zahl l\u00e4sst vermuten, dass die Europ\u00e4ische Union mehr denn je in einer Sackgasse steckt.<\/p>\n<p><strong>Mehr zum Thema &#8211;<\/strong>\u00a0<a rel=\"nofollow noopener\" target=\"_blank\" href=\"https:\/\/freedert.online\/europa\/255575-verzweiflungstat-macron-macht-lecornu-zum\/\">Verzweiflungstat: Macron macht Lecornu zum Premier<\/a><\/p>\n<div class=\"EmbedBlock-root EmbedBlock-externalVideo EmbedBlock-rumble\">\n<div class=\"VkEmbed\"><iframe class=\"lazyload\" data-src=\"https:\/\/rumble.com\/embed\/v6widbm\" frameborder=\"0\" width=\"853\" height=\"480\" allowfullscreen><\/iframe><\/div>\n<\/div>\n<\/div>\n<p><br \/>\n<br \/><a href=\"https:\/\/de.rt.com\/europa\/255614-paris-fabrik-diplomatie-rotiert-im\/\">Source link <\/a><\/p>\n","protected":false},"excerpt":{"rendered":"<p>Das vom franz\u00f6sischen Au\u00dfenministerium f\u00fcr Berufseinsteiger veranstaltete Kolloqium &#8220;La Fabrique de la Diplomatie&#8221; strotzte nur so von Eurozentrismus, Russophobie und einem bedauerlichen Mangel an jeglichen Ans\u00e4tzen eines diplomatischen Umgangs mit Russland. Die wenigen vern\u00fcnftigen Stimmen fanden dabei kaum Geh\u00f6r. Von Pierre Levy Am 5. und 6. September fand ein gro\u00dfes Kolloquium statt, das vom franz\u00f6sischen [&hellip;]<\/p>\n","protected":false},"author":3,"featured_media":90309,"comment_status":"open","ping_status":"open","sticky":false,"template":"","format":"standard","meta":{"_yoast_indexnow_last_ping":["1757526282"],"wp_automatic_camp":["217"],"02e7aa71438147d91242e238efb7bcf1":["Paris: Die &quot;Fabrik der Diplomatie&quot; rotiert im Kreis"],"original_link":["https:\/\/de.rt.com\/europa\/255614-paris-fabrik-diplomatie-rotiert-im\/"],"_thumbnail_id":["90309"],"jnews_social_counter_last_update":["1777434542"],"_wptgpro_p2tg_sent2tg":["a:1:{i:23737;s:19:\"2025-09-10 19:45:42\";}"]},"categories":[19,23],"tags":[82,45,46893,8908,9609,67652,67653],"yoast_head":"<!-- This site is optimized with the Yoast SEO Premium plugin v22.7 (Yoast SEO v22.7) - https:\/\/yoast.com\/wordpress\/plugins\/seo\/ -->\n<title>Paris: Die &quot;Fabrik der Diplomatie&quot; rotiert im Kreis - just-now.NEWS Deutschland<\/title>\n<meta name=\"robots\" content=\"index, follow, max-snippet:-1, max-image-preview:large, max-video-preview:-1\" \/>\n<link rel=\"canonical\" href=\"https:\/\/now-news.de\/de\/deutschland\/paris-die-fabrik-der-diplomatie-rotiert-im-kreis\/\" \/>\n<meta property=\"og:locale\" content=\"de_DE\" \/>\n<meta property=\"og:type\" content=\"article\" \/>\n<meta property=\"og:title\" content=\"Paris: Die &quot;Fabrik der Diplomatie&quot; rotiert im Kreis\" \/>\n<meta property=\"og:description\" content=\"Das vom franz\u00f6sischen Au\u00dfenministerium f\u00fcr Berufseinsteiger veranstaltete Kolloqium &#8220;La Fabrique de la Diplomatie&#8221; strotzte nur so von Eurozentrismus, Russophobie und einem bedauerlichen Mangel an jeglichen Ans\u00e4tzen eines diplomatischen Umgangs mit Russland. Die wenigen vern\u00fcnftigen Stimmen fanden dabei kaum Geh\u00f6r. Von Pierre Levy Am 5. und 6. September fand ein gro\u00dfes Kolloquium statt, das vom franz\u00f6sischen [&hellip;]\" \/>\n<meta property=\"og:url\" content=\"https:\/\/now-news.de\/de\/deutschland\/paris-die-fabrik-der-diplomatie-rotiert-im-kreis\/\" \/>\n<meta property=\"og:site_name\" content=\"just-now.NEWS Deutschland\" \/>\n<meta property=\"article:publisher\" content=\"https:\/\/www.facebook.com\/wirmachenauf\" \/>\n<meta property=\"article:published_time\" content=\"2025-09-10T17:31:50+00:00\" \/>\n<meta property=\"og:image\" content=\"https:\/\/now-news.de\/de\/wp-content\/uploads\/sites\/3\/2025\/09\/68c1643b48fbef3d7864c02d.jpg\" \/>\n<meta name=\"author\" content=\"rtnews\" \/>\n<meta name=\"twitter:card\" content=\"summary_large_image\" \/>\n<meta name=\"twitter:creator\" content=\"@WirMachenAuf_de\" \/>\n<meta name=\"twitter:site\" content=\"@WirMachenAuf_de\" \/>\n<meta name=\"twitter:label1\" content=\"Verfasst von\" \/>\n\t<meta name=\"twitter:data1\" content=\"rtnews\" \/>\n\t<meta name=\"twitter:label2\" content=\"Gesch\u00e4tzte Lesezeit\" \/>\n\t<meta name=\"twitter:data2\" content=\"6\u00a0Minuten\" \/>\n<script type=\"application\/ld+json\" class=\"yoast-schema-graph\">{\"@context\":\"https:\/\/schema.org\",\"@graph\":[{\"@type\":\"Article\",\"@id\":\"https:\/\/now-news.de\/de\/deutschland\/paris-die-fabrik-der-diplomatie-rotiert-im-kreis\/#article\",\"isPartOf\":{\"@id\":\"https:\/\/now-news.de\/de\/deutschland\/paris-die-fabrik-der-diplomatie-rotiert-im-kreis\/\"},\"author\":{\"name\":\"rtnews\",\"@id\":\"https:\/\/now-news.de\/de\/#\/schema\/person\/fb534a4e865501d8b3285208df34a9b5\"},\"headline\":\"Paris: Die &quot;Fabrik der Diplomatie&quot; rotiert im Kreis\",\"datePublished\":\"2025-09-10T17:31:50+00:00\",\"dateModified\":\"2025-09-10T17:31:50+00:00\",\"mainEntityOfPage\":{\"@id\":\"https:\/\/now-news.de\/de\/deutschland\/paris-die-fabrik-der-diplomatie-rotiert-im-kreis\/\"},\"wordCount\":1221,\"commentCount\":0,\"publisher\":{\"@id\":\"https:\/\/now-news.de\/de\/#organization\"},\"image\":{\"@id\":\"https:\/\/now-news.de\/de\/deutschland\/paris-die-fabrik-der-diplomatie-rotiert-im-kreis\/#primaryimage\"},\"thumbnailUrl\":\"https:\/\/now-news.de\/de\/wp-content\/uploads\/sites\/3\/2025\/09\/Paris-Die-quotFabrik-der-Diplomatiequot-rotiert-im-Kreis.jpg\",\"keywords\":[\"der\",\"die\",\"Diplomatiequot\",\"Kreis\",\"Paris\",\"quotFabrik\",\"rotiert\"],\"articleSection\":[\"Deutschland\",\"Russland\"],\"inLanguage\":\"de\",\"potentialAction\":[{\"@type\":\"CommentAction\",\"name\":\"Comment\",\"target\":[\"https:\/\/now-news.de\/de\/deutschland\/paris-die-fabrik-der-diplomatie-rotiert-im-kreis\/#respond\"]}]},{\"@type\":\"WebPage\",\"@id\":\"https:\/\/now-news.de\/de\/deutschland\/paris-die-fabrik-der-diplomatie-rotiert-im-kreis\/\",\"url\":\"https:\/\/now-news.de\/de\/deutschland\/paris-die-fabrik-der-diplomatie-rotiert-im-kreis\/\",\"name\":\"Paris: Die &quot;Fabrik der Diplomatie&quot; rotiert im Kreis - just-now.NEWS Deutschland\",\"isPartOf\":{\"@id\":\"https:\/\/now-news.de\/de\/#website\"},\"primaryImageOfPage\":{\"@id\":\"https:\/\/now-news.de\/de\/deutschland\/paris-die-fabrik-der-diplomatie-rotiert-im-kreis\/#primaryimage\"},\"image\":{\"@id\":\"https:\/\/now-news.de\/de\/deutschland\/paris-die-fabrik-der-diplomatie-rotiert-im-kreis\/#primaryimage\"},\"thumbnailUrl\":\"https:\/\/now-news.de\/de\/wp-content\/uploads\/sites\/3\/2025\/09\/Paris-Die-quotFabrik-der-Diplomatiequot-rotiert-im-Kreis.jpg\",\"datePublished\":\"2025-09-10T17:31:50+00:00\",\"dateModified\":\"2025-09-10T17:31:50+00:00\",\"breadcrumb\":{\"@id\":\"https:\/\/now-news.de\/de\/deutschland\/paris-die-fabrik-der-diplomatie-rotiert-im-kreis\/#breadcrumb\"},\"inLanguage\":\"de\",\"potentialAction\":[{\"@type\":\"ReadAction\",\"target\":[\"https:\/\/now-news.de\/de\/deutschland\/paris-die-fabrik-der-diplomatie-rotiert-im-kreis\/\"]}]},{\"@type\":\"ImageObject\",\"inLanguage\":\"de\",\"@id\":\"https:\/\/now-news.de\/de\/deutschland\/paris-die-fabrik-der-diplomatie-rotiert-im-kreis\/#primaryimage\",\"url\":\"https:\/\/now-news.de\/de\/wp-content\/uploads\/sites\/3\/2025\/09\/Paris-Die-quotFabrik-der-Diplomatiequot-rotiert-im-Kreis.jpg\",\"contentUrl\":\"https:\/\/now-news.de\/de\/wp-content\/uploads\/sites\/3\/2025\/09\/Paris-Die-quotFabrik-der-Diplomatiequot-rotiert-im-Kreis.jpg\",\"width\":460,\"height\":259,\"caption\":\"Paris: Die &quot;Fabrik der Diplomatie&quot; rotiert im Kreis\"},{\"@type\":\"BreadcrumbList\",\"@id\":\"https:\/\/now-news.de\/de\/deutschland\/paris-die-fabrik-der-diplomatie-rotiert-im-kreis\/#breadcrumb\",\"itemListElement\":[{\"@type\":\"ListItem\",\"position\":1,\"name\":\"Home\",\"item\":\"https:\/\/now-news.de\/de\/\"},{\"@type\":\"ListItem\",\"position\":2,\"name\":\"Paris: Die &quot;Fabrik der Diplomatie&quot; rotiert im Kreis\"}]},{\"@type\":\"WebSite\",\"@id\":\"https:\/\/now-news.de\/de\/#website\",\"url\":\"https:\/\/now-news.de\/de\/\",\"name\":\"just-now.NEWS Deutschland\",\"description\":\"Das Portal f\u00fcr unzensierte Nachrichten aus der Welt\",\"publisher\":{\"@id\":\"https:\/\/now-news.de\/de\/#organization\"},\"potentialAction\":[{\"@type\":\"SearchAction\",\"target\":{\"@type\":\"EntryPoint\",\"urlTemplate\":\"https:\/\/now-news.de\/de\/?s={search_term_string}\"},\"query-input\":\"required name=search_term_string\"}],\"inLanguage\":\"de\"},{\"@type\":\"Organization\",\"@id\":\"https:\/\/now-news.de\/de\/#organization\",\"name\":\"Just Now News\",\"url\":\"https:\/\/now-news.de\/de\/\",\"logo\":{\"@type\":\"ImageObject\",\"inLanguage\":\"de\",\"@id\":\"https:\/\/now-news.de\/de\/#\/schema\/logo\/image\/\",\"url\":\"http:\/\/just-now.news\/de\/wp-content\/uploads\/sites\/3\/2022\/04\/logo500x500.jpg\",\"contentUrl\":\"http:\/\/just-now.news\/de\/wp-content\/uploads\/sites\/3\/2022\/04\/logo500x500.jpg\",\"width\":500,\"height\":500,\"caption\":\"Just Now News\"},\"image\":{\"@id\":\"https:\/\/now-news.de\/de\/#\/schema\/logo\/image\/\"},\"sameAs\":[\"https:\/\/www.facebook.com\/wirmachenauf\",\"https:\/\/x.com\/WirMachenAuf_de\"]},{\"@type\":\"Person\",\"@id\":\"https:\/\/now-news.de\/de\/#\/schema\/person\/fb534a4e865501d8b3285208df34a9b5\",\"name\":\"rtnews\",\"image\":{\"@type\":\"ImageObject\",\"inLanguage\":\"de\",\"@id\":\"https:\/\/now-news.de\/de\/#\/schema\/person\/image\/\",\"url\":\"https:\/\/secure.gravatar.com\/avatar\/82aafea7d8127119dd649515f56e2117?s=96&d=mm&r=g\",\"contentUrl\":\"https:\/\/secure.gravatar.com\/avatar\/82aafea7d8127119dd649515f56e2117?s=96&d=mm&r=g\",\"caption\":\"rtnews\"},\"url\":\"https:\/\/now-news.de\/de\/author\/rnews\/\"}]}<\/script>\n<!-- \/ Yoast SEO Premium plugin. -->","yoast_head_json":{"title":"Paris: Die &quot;Fabrik der Diplomatie&quot; rotiert im Kreis - just-now.NEWS Deutschland","robots":{"index":"index","follow":"follow","max-snippet":"max-snippet:-1","max-image-preview":"max-image-preview:large","max-video-preview":"max-video-preview:-1"},"canonical":"https:\/\/now-news.de\/de\/deutschland\/paris-die-fabrik-der-diplomatie-rotiert-im-kreis\/","og_locale":"de_DE","og_type":"article","og_title":"Paris: Die &quot;Fabrik der Diplomatie&quot; rotiert im Kreis","og_description":"Das vom franz\u00f6sischen Au\u00dfenministerium f\u00fcr Berufseinsteiger veranstaltete Kolloqium &#8220;La Fabrique de la Diplomatie&#8221; strotzte nur so von Eurozentrismus, Russophobie und einem bedauerlichen Mangel an jeglichen Ans\u00e4tzen eines diplomatischen Umgangs mit Russland. Die wenigen vern\u00fcnftigen Stimmen fanden dabei kaum Geh\u00f6r. Von Pierre Levy Am 5. und 6. September fand ein gro\u00dfes Kolloquium statt, das vom franz\u00f6sischen [&hellip;]","og_url":"https:\/\/now-news.de\/de\/deutschland\/paris-die-fabrik-der-diplomatie-rotiert-im-kreis\/","og_site_name":"just-now.NEWS Deutschland","article_publisher":"https:\/\/www.facebook.com\/wirmachenauf","article_published_time":"2025-09-10T17:31:50+00:00","og_image":[{"url":"https:\/\/now-news.de\/de\/wp-content\/uploads\/sites\/3\/2025\/09\/68c1643b48fbef3d7864c02d.jpg"}],"author":"rtnews","twitter_card":"summary_large_image","twitter_creator":"@WirMachenAuf_de","twitter_site":"@WirMachenAuf_de","twitter_misc":{"Verfasst von":"rtnews","Gesch\u00e4tzte Lesezeit":"6\u00a0Minuten"},"schema":{"@context":"https:\/\/schema.org","@graph":[{"@type":"Article","@id":"https:\/\/now-news.de\/de\/deutschland\/paris-die-fabrik-der-diplomatie-rotiert-im-kreis\/#article","isPartOf":{"@id":"https:\/\/now-news.de\/de\/deutschland\/paris-die-fabrik-der-diplomatie-rotiert-im-kreis\/"},"author":{"name":"rtnews","@id":"https:\/\/now-news.de\/de\/#\/schema\/person\/fb534a4e865501d8b3285208df34a9b5"},"headline":"Paris: Die &quot;Fabrik der Diplomatie&quot; rotiert im Kreis","datePublished":"2025-09-10T17:31:50+00:00","dateModified":"2025-09-10T17:31:50+00:00","mainEntityOfPage":{"@id":"https:\/\/now-news.de\/de\/deutschland\/paris-die-fabrik-der-diplomatie-rotiert-im-kreis\/"},"wordCount":1221,"commentCount":0,"publisher":{"@id":"https:\/\/now-news.de\/de\/#organization"},"image":{"@id":"https:\/\/now-news.de\/de\/deutschland\/paris-die-fabrik-der-diplomatie-rotiert-im-kreis\/#primaryimage"},"thumbnailUrl":"https:\/\/now-news.de\/de\/wp-content\/uploads\/sites\/3\/2025\/09\/Paris-Die-quotFabrik-der-Diplomatiequot-rotiert-im-Kreis.jpg","keywords":["der","die","Diplomatiequot","Kreis","Paris","quotFabrik","rotiert"],"articleSection":["Deutschland","Russland"],"inLanguage":"de","potentialAction":[{"@type":"CommentAction","name":"Comment","target":["https:\/\/now-news.de\/de\/deutschland\/paris-die-fabrik-der-diplomatie-rotiert-im-kreis\/#respond"]}]},{"@type":"WebPage","@id":"https:\/\/now-news.de\/de\/deutschland\/paris-die-fabrik-der-diplomatie-rotiert-im-kreis\/","url":"https:\/\/now-news.de\/de\/deutschland\/paris-die-fabrik-der-diplomatie-rotiert-im-kreis\/","name":"Paris: Die &quot;Fabrik der Diplomatie&quot; rotiert im Kreis - just-now.NEWS Deutschland","isPartOf":{"@id":"https:\/\/now-news.de\/de\/#website"},"primaryImageOfPage":{"@id":"https:\/\/now-news.de\/de\/deutschland\/paris-die-fabrik-der-diplomatie-rotiert-im-kreis\/#primaryimage"},"image":{"@id":"https:\/\/now-news.de\/de\/deutschland\/paris-die-fabrik-der-diplomatie-rotiert-im-kreis\/#primaryimage"},"thumbnailUrl":"https:\/\/now-news.de\/de\/wp-content\/uploads\/sites\/3\/2025\/09\/Paris-Die-quotFabrik-der-Diplomatiequot-rotiert-im-Kreis.jpg","datePublished":"2025-09-10T17:31:50+00:00","dateModified":"2025-09-10T17:31:50+00:00","breadcrumb":{"@id":"https:\/\/now-news.de\/de\/deutschland\/paris-die-fabrik-der-diplomatie-rotiert-im-kreis\/#breadcrumb"},"inLanguage":"de","potentialAction":[{"@type":"ReadAction","target":["https:\/\/now-news.de\/de\/deutschland\/paris-die-fabrik-der-diplomatie-rotiert-im-kreis\/"]}]},{"@type":"ImageObject","inLanguage":"de","@id":"https:\/\/now-news.de\/de\/deutschland\/paris-die-fabrik-der-diplomatie-rotiert-im-kreis\/#primaryimage","url":"https:\/\/now-news.de\/de\/wp-content\/uploads\/sites\/3\/2025\/09\/Paris-Die-quotFabrik-der-Diplomatiequot-rotiert-im-Kreis.jpg","contentUrl":"https:\/\/now-news.de\/de\/wp-content\/uploads\/sites\/3\/2025\/09\/Paris-Die-quotFabrik-der-Diplomatiequot-rotiert-im-Kreis.jpg","width":460,"height":259,"caption":"Paris: Die &quot;Fabrik der Diplomatie&quot; rotiert im Kreis"},{"@type":"BreadcrumbList","@id":"https:\/\/now-news.de\/de\/deutschland\/paris-die-fabrik-der-diplomatie-rotiert-im-kreis\/#breadcrumb","itemListElement":[{"@type":"ListItem","position":1,"name":"Home","item":"https:\/\/now-news.de\/de\/"},{"@type":"ListItem","position":2,"name":"Paris: Die &quot;Fabrik der Diplomatie&quot; rotiert im Kreis"}]},{"@type":"WebSite","@id":"https:\/\/now-news.de\/de\/#website","url":"https:\/\/now-news.de\/de\/","name":"just-now.NEWS Deutschland","description":"Das Portal f\u00fcr unzensierte Nachrichten aus der Welt","publisher":{"@id":"https:\/\/now-news.de\/de\/#organization"},"potentialAction":[{"@type":"SearchAction","target":{"@type":"EntryPoint","urlTemplate":"https:\/\/now-news.de\/de\/?s={search_term_string}"},"query-input":"required name=search_term_string"}],"inLanguage":"de"},{"@type":"Organization","@id":"https:\/\/now-news.de\/de\/#organization","name":"Just Now News","url":"https:\/\/now-news.de\/de\/","logo":{"@type":"ImageObject","inLanguage":"de","@id":"https:\/\/now-news.de\/de\/#\/schema\/logo\/image\/","url":"http:\/\/just-now.news\/de\/wp-content\/uploads\/sites\/3\/2022\/04\/logo500x500.jpg","contentUrl":"http:\/\/just-now.news\/de\/wp-content\/uploads\/sites\/3\/2022\/04\/logo500x500.jpg","width":500,"height":500,"caption":"Just Now News"},"image":{"@id":"https:\/\/now-news.de\/de\/#\/schema\/logo\/image\/"},"sameAs":["https:\/\/www.facebook.com\/wirmachenauf","https:\/\/x.com\/WirMachenAuf_de"]},{"@type":"Person","@id":"https:\/\/now-news.de\/de\/#\/schema\/person\/fb534a4e865501d8b3285208df34a9b5","name":"rtnews","image":{"@type":"ImageObject","inLanguage":"de","@id":"https:\/\/now-news.de\/de\/#\/schema\/person\/image\/","url":"https:\/\/secure.gravatar.com\/avatar\/82aafea7d8127119dd649515f56e2117?s=96&d=mm&r=g","contentUrl":"https:\/\/secure.gravatar.com\/avatar\/82aafea7d8127119dd649515f56e2117?s=96&d=mm&r=g","caption":"rtnews"},"url":"https:\/\/now-news.de\/de\/author\/rnews\/"}]}},"_links":{"self":[{"href":"https:\/\/now-news.de\/de\/wp-json\/wp\/v2\/posts\/90308"}],"collection":[{"href":"https:\/\/now-news.de\/de\/wp-json\/wp\/v2\/posts"}],"about":[{"href":"https:\/\/now-news.de\/de\/wp-json\/wp\/v2\/types\/post"}],"author":[{"embeddable":true,"href":"https:\/\/now-news.de\/de\/wp-json\/wp\/v2\/users\/3"}],"replies":[{"embeddable":true,"href":"https:\/\/now-news.de\/de\/wp-json\/wp\/v2\/comments?post=90308"}],"version-history":[{"count":0,"href":"https:\/\/now-news.de\/de\/wp-json\/wp\/v2\/posts\/90308\/revisions"}],"wp:featuredmedia":[{"embeddable":true,"href":"https:\/\/now-news.de\/de\/wp-json\/wp\/v2\/media\/90309"}],"wp:attachment":[{"href":"https:\/\/now-news.de\/de\/wp-json\/wp\/v2\/media?parent=90308"}],"wp:term":[{"taxonomy":"category","embeddable":true,"href":"https:\/\/now-news.de\/de\/wp-json\/wp\/v2\/categories?post=90308"},{"taxonomy":"post_tag","embeddable":true,"href":"https:\/\/now-news.de\/de\/wp-json\/wp\/v2\/tags?post=90308"}],"curies":[{"name":"wp","href":"https:\/\/api.w.org\/{rel}","templated":true}]}}