{"id":90265,"date":"2025-09-10T09:09:28","date_gmt":"2025-09-10T07:09:28","guid":{"rendered":"https:\/\/now-news.de\/de\/deutschland\/niederlande-haben-keinen-platz-mehr-fuer-ukrainer\/"},"modified":"2025-09-10T09:09:28","modified_gmt":"2025-09-10T07:09:28","slug":"niederlande-haben-keinen-platz-mehr-fuer-ukrainer","status":"publish","type":"post","link":"https:\/\/now-news.de\/de\/deutschland\/niederlande-haben-keinen-platz-mehr-fuer-ukrainer\/","title":{"rendered":"Niederlande haben keinen Platz mehr f\u00fcr Ukrainer"},"content":{"rendered":"<p><img decoding=\"async\" src=\"https:\/\/now-news.de\/de\/wp-content\/uploads\/sites\/3\/2025\/09\/68c077f848fbef7e5a176e9c.jpg\" \/><\/p>\n<div class=\"Text-root Text-type_1 \">\n                Die niederl\u00e4ndischen St\u00e4dte haben erkl\u00e4rt, dass ihre Unterk\u00fcnfte voll sind, dennoch kommen immer noch weitere Ukrainer ins Land. Ohne staatliche Mittel seien sie nicht l\u00e4nger imstande, ihren Verpflichtungen nachzukommen, so die Kommunen.\n            <\/div>\n<p><\/p>\n<div class=\"Text-root Text-type_5 ArticleView-text ViewText-root \">\n<p>In den niederl\u00e4ndischen St\u00e4dten k\u00f6nnen ukrainische Immigranten nicht mehr untergebracht werden, da die Unterk\u00fcnfte voll sind, und, so der niederl\u00e4ndische St\u00e4dtebund (VNG), Menschen fortgeschickt w\u00fcrden.<\/p>\n<p>Etwa 4,7 Millionen Menschen sind aus der Ukraine in andere Teile Europas geflohen, seit der Konflikt zwischen Moskau und Kiew im Februar 2022 eskalierte. Etwa 120.000 sind in die Niederlande gegangen, darunter auch M\u00e4nner, die das Land verlassen haben, um der Einberufung zu entgehen.<\/p>\n<p>Laut VNG sind &#8220;fast&#8221; alle der 97.000 Pl\u00e4tze in den st\u00e4dtischen Unterk\u00fcnften der Niederlande belegt, aber, so f\u00fcgte die Organisation hinzu, w\u00f6chentlich kommen etwa 300 weitere Ukrainer im Land an.<\/p>\n<p>St\u00e4dte wie Utrecht und Dordrecht haben berichtet, sie seien nicht mehr l\u00e4nger imstande, Neuank\u00f6mmlinge unterzubringen. \u00d6rtliche Politiker haben auf einen Mangel an Wohnraum und an Mitteln verwiesen, und die nationale Regierung aufgefordert, einen Langzeitplan zu erstellen.<\/p>\n<p>Niederl\u00e4ndische Politiker haben gewarnt, dass die Kommunen ohne zus\u00e4tzliche Unterst\u00fctzung des Staates nicht in der Lage sein w\u00fcrden, ihren rechtlichen Unterbringungsverpflichtungen nachzukommen. Im Gespr\u00e4ch sind Vorschl\u00e4ge wie die Anforderung, Ukrainer mit einer Arbeit oder ausreichend Einkommen sollten zur Miete ihrer Unterkunft beitragen, aber es ist noch keine endg\u00fcltige Entscheidung gefallen.<\/p>\n<p>Andere westeurop\u00e4ische L\u00e4nder haben \u00e4hnliche Schwierigkeiten: Gro\u00dfbritannien, Irland, Deutschland und Finnland haben in den vergangenen Monaten alle Schritte unternommen, um die finanzielle Unterst\u00fctzung oder die Sozialhilfe f\u00fcr Ukrainer zu verringern, unter Verweis auf den Druck, unter dem der Haushalt st\u00fcnde, und die Verf\u00fcgbarkeit von Wohnraum.<\/p>\n<p>In Polen sollen antiukrainische Gef\u00fchle zunehmen. Verteidigungsminister Wladyslaw Kosiniak-Kamysz sagte im M\u00e4rz, die Polen seien zunehmend frustriert angesichts &#8220;hunderttausender, oder vielleicht \u00fcber einer Million junger Ukrainer, die in den besten Autos in Europa herumfahren und ihre Wochenenden in F\u00fcnf-Sterne-Hotels verbringen&#8221;.<\/p>\n<p>Im August legte der polnische Pr\u00e4sident Karol Nawrocki sein Veto gegen ein Gesetz ein, das die Leistungen f\u00fcr Ukrainer verl\u00e4ngert, und meinte, das Unterst\u00fctzungssystem m\u00fcsse \u00fcberarbeitet werden.<\/p>\n<p><strong>Mehr zum Thema<\/strong>\u00a0\u2013 <a rel=\"nofollow noopener\" target=\"_blank\" href=\"https:\/\/freedert.online\/oesterreich\/253140-sozialleistungsbetrug-in-oesterreich-steigt-ukrainer\/\">\u00d6sterreich: Sozialleistungsbetrug steigt \u2013 Ukrainer dominieren unter Verd\u00e4chtigen <\/a><\/p>\n<div class=\"EmbedBlock-root EmbedBlock-externalVideo EmbedBlock-rumble\">\n<div class=\"VkEmbed\"><iframe class=\"lazyload\" data-src=\"https:\/\/rumble.com\/embed\/v6wi8cg\" frameborder=\"0\" width=\"853\" height=\"480\" allowfullscreen><\/iframe><\/div>\n<\/div>\n<\/div>\n<p><br \/>\n<br \/><a href=\"https:\/\/de.rt.com\/europa\/255578-niederlande-haben-keinen-platz-mehr\/\">Source link <\/a><\/p>\n","protected":false},"excerpt":{"rendered":"<p>Die niederl\u00e4ndischen St\u00e4dte haben erkl\u00e4rt, dass ihre Unterk\u00fcnfte voll sind, dennoch kommen immer noch weitere Ukrainer ins Land. Ohne staatliche Mittel seien sie nicht l\u00e4nger imstande, ihren Verpflichtungen nachzukommen, so die Kommunen. In den niederl\u00e4ndischen St\u00e4dten k\u00f6nnen ukrainische Immigranten nicht mehr untergebracht werden, da die Unterk\u00fcnfte voll sind, und, so der niederl\u00e4ndische St\u00e4dtebund (VNG), Menschen [&hellip;]<\/p>\n","protected":false},"author":3,"featured_media":90266,"comment_status":"open","ping_status":"open","sticky":false,"template":"","format":"standard","meta":{"_yoast_indexnow_last_ping":["1757488780"],"wp_automatic_camp":["217"],"f4b33cb1fb417a7e777813f483538312":["Niederlande haben keinen Platz mehr f\u00fcr Ukrainer"],"original_link":["https:\/\/de.rt.com\/europa\/255578-niederlande-haben-keinen-platz-mehr\/"],"_thumbnail_id":["90266"],"jnews_social_counter_last_update":["1777553557"],"_wptgpro_p2tg_sent2tg":["a:1:{i:23737;s:19:\"2025-09-10 09:20:41\";}"]},"categories":[19,23],"tags":[221,771,3738,2063,1522,11883,5757],"yoast_head":"<!-- This site is optimized with the Yoast SEO Premium plugin v22.7 (Yoast SEO v22.7) - https:\/\/yoast.com\/wordpress\/plugins\/seo\/ -->\n<title>Niederlande haben keinen Platz mehr f\u00fcr Ukrainer - just-now.NEWS Deutschland<\/title>\n<meta name=\"robots\" content=\"index, follow, max-snippet:-1, max-image-preview:large, max-video-preview:-1\" \/>\n<link rel=\"canonical\" href=\"https:\/\/now-news.de\/de\/deutschland\/niederlande-haben-keinen-platz-mehr-fuer-ukrainer\/\" \/>\n<meta property=\"og:locale\" content=\"de_DE\" \/>\n<meta property=\"og:type\" content=\"article\" \/>\n<meta property=\"og:title\" content=\"Niederlande haben keinen Platz mehr f\u00fcr Ukrainer\" \/>\n<meta property=\"og:description\" content=\"Die niederl\u00e4ndischen St\u00e4dte haben erkl\u00e4rt, dass ihre Unterk\u00fcnfte voll sind, dennoch kommen immer noch weitere Ukrainer ins Land. Ohne staatliche Mittel seien sie nicht l\u00e4nger imstande, ihren Verpflichtungen nachzukommen, so die Kommunen. In den niederl\u00e4ndischen St\u00e4dten k\u00f6nnen ukrainische Immigranten nicht mehr untergebracht werden, da die Unterk\u00fcnfte voll sind, und, so der niederl\u00e4ndische St\u00e4dtebund (VNG), Menschen [&hellip;]\" \/>\n<meta property=\"og:url\" content=\"https:\/\/now-news.de\/de\/deutschland\/niederlande-haben-keinen-platz-mehr-fuer-ukrainer\/\" \/>\n<meta property=\"og:site_name\" content=\"just-now.NEWS Deutschland\" \/>\n<meta property=\"article:publisher\" content=\"https:\/\/www.facebook.com\/wirmachenauf\" \/>\n<meta property=\"article:published_time\" content=\"2025-09-10T07:09:28+00:00\" \/>\n<meta property=\"og:image\" content=\"https:\/\/now-news.de\/de\/wp-content\/uploads\/sites\/3\/2025\/09\/68c077f848fbef7e5a176e9c.jpg\" \/>\n<meta name=\"author\" content=\"rtnews\" \/>\n<meta name=\"twitter:card\" content=\"summary_large_image\" \/>\n<meta name=\"twitter:creator\" content=\"@WirMachenAuf_de\" \/>\n<meta name=\"twitter:site\" content=\"@WirMachenAuf_de\" \/>\n<meta name=\"twitter:label1\" content=\"Verfasst von\" \/>\n\t<meta name=\"twitter:data1\" content=\"rtnews\" \/>\n\t<meta name=\"twitter:label2\" content=\"Gesch\u00e4tzte Lesezeit\" \/>\n\t<meta name=\"twitter:data2\" content=\"2\u00a0Minuten\" \/>\n<script type=\"application\/ld+json\" class=\"yoast-schema-graph\">{\"@context\":\"https:\/\/schema.org\",\"@graph\":[{\"@type\":\"Article\",\"@id\":\"https:\/\/now-news.de\/de\/deutschland\/niederlande-haben-keinen-platz-mehr-fuer-ukrainer\/#article\",\"isPartOf\":{\"@id\":\"https:\/\/now-news.de\/de\/deutschland\/niederlande-haben-keinen-platz-mehr-fuer-ukrainer\/\"},\"author\":{\"name\":\"rtnews\",\"@id\":\"https:\/\/now-news.de\/de\/#\/schema\/person\/fb534a4e865501d8b3285208df34a9b5\"},\"headline\":\"Niederlande haben keinen Platz mehr f\u00fcr Ukrainer\",\"datePublished\":\"2025-09-10T07:09:28+00:00\",\"dateModified\":\"2025-09-10T07:09:28+00:00\",\"mainEntityOfPage\":{\"@id\":\"https:\/\/now-news.de\/de\/deutschland\/niederlande-haben-keinen-platz-mehr-fuer-ukrainer\/\"},\"wordCount\":389,\"commentCount\":0,\"publisher\":{\"@id\":\"https:\/\/now-news.de\/de\/#organization\"},\"image\":{\"@id\":\"https:\/\/now-news.de\/de\/deutschland\/niederlande-haben-keinen-platz-mehr-fuer-ukrainer\/#primaryimage\"},\"thumbnailUrl\":\"https:\/\/now-news.de\/de\/wp-content\/uploads\/sites\/3\/2025\/09\/Niederlande-haben-keinen-Platz-mehr-fuer-Ukrainer.jpg\",\"keywords\":[\"f\u00fcr\",\"haben\",\"keinen\",\"mehr\",\"Niederlande\",\"Platz\",\"Ukrainer\"],\"articleSection\":[\"Deutschland\",\"Russland\"],\"inLanguage\":\"de\",\"potentialAction\":[{\"@type\":\"CommentAction\",\"name\":\"Comment\",\"target\":[\"https:\/\/now-news.de\/de\/deutschland\/niederlande-haben-keinen-platz-mehr-fuer-ukrainer\/#respond\"]}]},{\"@type\":\"WebPage\",\"@id\":\"https:\/\/now-news.de\/de\/deutschland\/niederlande-haben-keinen-platz-mehr-fuer-ukrainer\/\",\"url\":\"https:\/\/now-news.de\/de\/deutschland\/niederlande-haben-keinen-platz-mehr-fuer-ukrainer\/\",\"name\":\"Niederlande haben keinen Platz mehr f\u00fcr Ukrainer - just-now.NEWS Deutschland\",\"isPartOf\":{\"@id\":\"https:\/\/now-news.de\/de\/#website\"},\"primaryImageOfPage\":{\"@id\":\"https:\/\/now-news.de\/de\/deutschland\/niederlande-haben-keinen-platz-mehr-fuer-ukrainer\/#primaryimage\"},\"image\":{\"@id\":\"https:\/\/now-news.de\/de\/deutschland\/niederlande-haben-keinen-platz-mehr-fuer-ukrainer\/#primaryimage\"},\"thumbnailUrl\":\"https:\/\/now-news.de\/de\/wp-content\/uploads\/sites\/3\/2025\/09\/Niederlande-haben-keinen-Platz-mehr-fuer-Ukrainer.jpg\",\"datePublished\":\"2025-09-10T07:09:28+00:00\",\"dateModified\":\"2025-09-10T07:09:28+00:00\",\"breadcrumb\":{\"@id\":\"https:\/\/now-news.de\/de\/deutschland\/niederlande-haben-keinen-platz-mehr-fuer-ukrainer\/#breadcrumb\"},\"inLanguage\":\"de\",\"potentialAction\":[{\"@type\":\"ReadAction\",\"target\":[\"https:\/\/now-news.de\/de\/deutschland\/niederlande-haben-keinen-platz-mehr-fuer-ukrainer\/\"]}]},{\"@type\":\"ImageObject\",\"inLanguage\":\"de\",\"@id\":\"https:\/\/now-news.de\/de\/deutschland\/niederlande-haben-keinen-platz-mehr-fuer-ukrainer\/#primaryimage\",\"url\":\"https:\/\/now-news.de\/de\/wp-content\/uploads\/sites\/3\/2025\/09\/Niederlande-haben-keinen-Platz-mehr-fuer-Ukrainer.jpg\",\"contentUrl\":\"https:\/\/now-news.de\/de\/wp-content\/uploads\/sites\/3\/2025\/09\/Niederlande-haben-keinen-Platz-mehr-fuer-Ukrainer.jpg\",\"width\":460,\"height\":259,\"caption\":\"Niederlande haben keinen Platz mehr f\u00fcr Ukrainer\"},{\"@type\":\"BreadcrumbList\",\"@id\":\"https:\/\/now-news.de\/de\/deutschland\/niederlande-haben-keinen-platz-mehr-fuer-ukrainer\/#breadcrumb\",\"itemListElement\":[{\"@type\":\"ListItem\",\"position\":1,\"name\":\"Home\",\"item\":\"https:\/\/now-news.de\/de\/\"},{\"@type\":\"ListItem\",\"position\":2,\"name\":\"Niederlande haben keinen Platz mehr f\u00fcr Ukrainer\"}]},{\"@type\":\"WebSite\",\"@id\":\"https:\/\/now-news.de\/de\/#website\",\"url\":\"https:\/\/now-news.de\/de\/\",\"name\":\"just-now.NEWS Deutschland\",\"description\":\"Das Portal f\u00fcr unzensierte Nachrichten aus der Welt\",\"publisher\":{\"@id\":\"https:\/\/now-news.de\/de\/#organization\"},\"potentialAction\":[{\"@type\":\"SearchAction\",\"target\":{\"@type\":\"EntryPoint\",\"urlTemplate\":\"https:\/\/now-news.de\/de\/?s={search_term_string}\"},\"query-input\":\"required name=search_term_string\"}],\"inLanguage\":\"de\"},{\"@type\":\"Organization\",\"@id\":\"https:\/\/now-news.de\/de\/#organization\",\"name\":\"Just Now News\",\"url\":\"https:\/\/now-news.de\/de\/\",\"logo\":{\"@type\":\"ImageObject\",\"inLanguage\":\"de\",\"@id\":\"https:\/\/now-news.de\/de\/#\/schema\/logo\/image\/\",\"url\":\"http:\/\/just-now.news\/de\/wp-content\/uploads\/sites\/3\/2022\/04\/logo500x500.jpg\",\"contentUrl\":\"http:\/\/just-now.news\/de\/wp-content\/uploads\/sites\/3\/2022\/04\/logo500x500.jpg\",\"width\":500,\"height\":500,\"caption\":\"Just Now News\"},\"image\":{\"@id\":\"https:\/\/now-news.de\/de\/#\/schema\/logo\/image\/\"},\"sameAs\":[\"https:\/\/www.facebook.com\/wirmachenauf\",\"https:\/\/x.com\/WirMachenAuf_de\"]},{\"@type\":\"Person\",\"@id\":\"https:\/\/now-news.de\/de\/#\/schema\/person\/fb534a4e865501d8b3285208df34a9b5\",\"name\":\"rtnews\",\"image\":{\"@type\":\"ImageObject\",\"inLanguage\":\"de\",\"@id\":\"https:\/\/now-news.de\/de\/#\/schema\/person\/image\/\",\"url\":\"https:\/\/secure.gravatar.com\/avatar\/82aafea7d8127119dd649515f56e2117?s=96&d=mm&r=g\",\"contentUrl\":\"https:\/\/secure.gravatar.com\/avatar\/82aafea7d8127119dd649515f56e2117?s=96&d=mm&r=g\",\"caption\":\"rtnews\"},\"url\":\"https:\/\/now-news.de\/de\/author\/rnews\/\"}]}<\/script>\n<!-- \/ Yoast SEO Premium plugin. -->","yoast_head_json":{"title":"Niederlande haben keinen Platz mehr f\u00fcr Ukrainer - just-now.NEWS Deutschland","robots":{"index":"index","follow":"follow","max-snippet":"max-snippet:-1","max-image-preview":"max-image-preview:large","max-video-preview":"max-video-preview:-1"},"canonical":"https:\/\/now-news.de\/de\/deutschland\/niederlande-haben-keinen-platz-mehr-fuer-ukrainer\/","og_locale":"de_DE","og_type":"article","og_title":"Niederlande haben keinen Platz mehr f\u00fcr Ukrainer","og_description":"Die niederl\u00e4ndischen St\u00e4dte haben erkl\u00e4rt, dass ihre Unterk\u00fcnfte voll sind, dennoch kommen immer noch weitere Ukrainer ins Land. Ohne staatliche Mittel seien sie nicht l\u00e4nger imstande, ihren Verpflichtungen nachzukommen, so die Kommunen. In den niederl\u00e4ndischen St\u00e4dten k\u00f6nnen ukrainische Immigranten nicht mehr untergebracht werden, da die Unterk\u00fcnfte voll sind, und, so der niederl\u00e4ndische St\u00e4dtebund (VNG), Menschen [&hellip;]","og_url":"https:\/\/now-news.de\/de\/deutschland\/niederlande-haben-keinen-platz-mehr-fuer-ukrainer\/","og_site_name":"just-now.NEWS Deutschland","article_publisher":"https:\/\/www.facebook.com\/wirmachenauf","article_published_time":"2025-09-10T07:09:28+00:00","og_image":[{"url":"https:\/\/now-news.de\/de\/wp-content\/uploads\/sites\/3\/2025\/09\/68c077f848fbef7e5a176e9c.jpg"}],"author":"rtnews","twitter_card":"summary_large_image","twitter_creator":"@WirMachenAuf_de","twitter_site":"@WirMachenAuf_de","twitter_misc":{"Verfasst von":"rtnews","Gesch\u00e4tzte Lesezeit":"2\u00a0Minuten"},"schema":{"@context":"https:\/\/schema.org","@graph":[{"@type":"Article","@id":"https:\/\/now-news.de\/de\/deutschland\/niederlande-haben-keinen-platz-mehr-fuer-ukrainer\/#article","isPartOf":{"@id":"https:\/\/now-news.de\/de\/deutschland\/niederlande-haben-keinen-platz-mehr-fuer-ukrainer\/"},"author":{"name":"rtnews","@id":"https:\/\/now-news.de\/de\/#\/schema\/person\/fb534a4e865501d8b3285208df34a9b5"},"headline":"Niederlande haben keinen Platz mehr f\u00fcr Ukrainer","datePublished":"2025-09-10T07:09:28+00:00","dateModified":"2025-09-10T07:09:28+00:00","mainEntityOfPage":{"@id":"https:\/\/now-news.de\/de\/deutschland\/niederlande-haben-keinen-platz-mehr-fuer-ukrainer\/"},"wordCount":389,"commentCount":0,"publisher":{"@id":"https:\/\/now-news.de\/de\/#organization"},"image":{"@id":"https:\/\/now-news.de\/de\/deutschland\/niederlande-haben-keinen-platz-mehr-fuer-ukrainer\/#primaryimage"},"thumbnailUrl":"https:\/\/now-news.de\/de\/wp-content\/uploads\/sites\/3\/2025\/09\/Niederlande-haben-keinen-Platz-mehr-fuer-Ukrainer.jpg","keywords":["f\u00fcr","haben","keinen","mehr","Niederlande","Platz","Ukrainer"],"articleSection":["Deutschland","Russland"],"inLanguage":"de","potentialAction":[{"@type":"CommentAction","name":"Comment","target":["https:\/\/now-news.de\/de\/deutschland\/niederlande-haben-keinen-platz-mehr-fuer-ukrainer\/#respond"]}]},{"@type":"WebPage","@id":"https:\/\/now-news.de\/de\/deutschland\/niederlande-haben-keinen-platz-mehr-fuer-ukrainer\/","url":"https:\/\/now-news.de\/de\/deutschland\/niederlande-haben-keinen-platz-mehr-fuer-ukrainer\/","name":"Niederlande haben keinen Platz mehr f\u00fcr Ukrainer - just-now.NEWS Deutschland","isPartOf":{"@id":"https:\/\/now-news.de\/de\/#website"},"primaryImageOfPage":{"@id":"https:\/\/now-news.de\/de\/deutschland\/niederlande-haben-keinen-platz-mehr-fuer-ukrainer\/#primaryimage"},"image":{"@id":"https:\/\/now-news.de\/de\/deutschland\/niederlande-haben-keinen-platz-mehr-fuer-ukrainer\/#primaryimage"},"thumbnailUrl":"https:\/\/now-news.de\/de\/wp-content\/uploads\/sites\/3\/2025\/09\/Niederlande-haben-keinen-Platz-mehr-fuer-Ukrainer.jpg","datePublished":"2025-09-10T07:09:28+00:00","dateModified":"2025-09-10T07:09:28+00:00","breadcrumb":{"@id":"https:\/\/now-news.de\/de\/deutschland\/niederlande-haben-keinen-platz-mehr-fuer-ukrainer\/#breadcrumb"},"inLanguage":"de","potentialAction":[{"@type":"ReadAction","target":["https:\/\/now-news.de\/de\/deutschland\/niederlande-haben-keinen-platz-mehr-fuer-ukrainer\/"]}]},{"@type":"ImageObject","inLanguage":"de","@id":"https:\/\/now-news.de\/de\/deutschland\/niederlande-haben-keinen-platz-mehr-fuer-ukrainer\/#primaryimage","url":"https:\/\/now-news.de\/de\/wp-content\/uploads\/sites\/3\/2025\/09\/Niederlande-haben-keinen-Platz-mehr-fuer-Ukrainer.jpg","contentUrl":"https:\/\/now-news.de\/de\/wp-content\/uploads\/sites\/3\/2025\/09\/Niederlande-haben-keinen-Platz-mehr-fuer-Ukrainer.jpg","width":460,"height":259,"caption":"Niederlande haben keinen Platz mehr f\u00fcr Ukrainer"},{"@type":"BreadcrumbList","@id":"https:\/\/now-news.de\/de\/deutschland\/niederlande-haben-keinen-platz-mehr-fuer-ukrainer\/#breadcrumb","itemListElement":[{"@type":"ListItem","position":1,"name":"Home","item":"https:\/\/now-news.de\/de\/"},{"@type":"ListItem","position":2,"name":"Niederlande haben keinen Platz mehr f\u00fcr Ukrainer"}]},{"@type":"WebSite","@id":"https:\/\/now-news.de\/de\/#website","url":"https:\/\/now-news.de\/de\/","name":"just-now.NEWS Deutschland","description":"Das Portal f\u00fcr unzensierte Nachrichten aus der Welt","publisher":{"@id":"https:\/\/now-news.de\/de\/#organization"},"potentialAction":[{"@type":"SearchAction","target":{"@type":"EntryPoint","urlTemplate":"https:\/\/now-news.de\/de\/?s={search_term_string}"},"query-input":"required name=search_term_string"}],"inLanguage":"de"},{"@type":"Organization","@id":"https:\/\/now-news.de\/de\/#organization","name":"Just Now News","url":"https:\/\/now-news.de\/de\/","logo":{"@type":"ImageObject","inLanguage":"de","@id":"https:\/\/now-news.de\/de\/#\/schema\/logo\/image\/","url":"http:\/\/just-now.news\/de\/wp-content\/uploads\/sites\/3\/2022\/04\/logo500x500.jpg","contentUrl":"http:\/\/just-now.news\/de\/wp-content\/uploads\/sites\/3\/2022\/04\/logo500x500.jpg","width":500,"height":500,"caption":"Just Now News"},"image":{"@id":"https:\/\/now-news.de\/de\/#\/schema\/logo\/image\/"},"sameAs":["https:\/\/www.facebook.com\/wirmachenauf","https:\/\/x.com\/WirMachenAuf_de"]},{"@type":"Person","@id":"https:\/\/now-news.de\/de\/#\/schema\/person\/fb534a4e865501d8b3285208df34a9b5","name":"rtnews","image":{"@type":"ImageObject","inLanguage":"de","@id":"https:\/\/now-news.de\/de\/#\/schema\/person\/image\/","url":"https:\/\/secure.gravatar.com\/avatar\/82aafea7d8127119dd649515f56e2117?s=96&d=mm&r=g","contentUrl":"https:\/\/secure.gravatar.com\/avatar\/82aafea7d8127119dd649515f56e2117?s=96&d=mm&r=g","caption":"rtnews"},"url":"https:\/\/now-news.de\/de\/author\/rnews\/"}]}},"_links":{"self":[{"href":"https:\/\/now-news.de\/de\/wp-json\/wp\/v2\/posts\/90265"}],"collection":[{"href":"https:\/\/now-news.de\/de\/wp-json\/wp\/v2\/posts"}],"about":[{"href":"https:\/\/now-news.de\/de\/wp-json\/wp\/v2\/types\/post"}],"author":[{"embeddable":true,"href":"https:\/\/now-news.de\/de\/wp-json\/wp\/v2\/users\/3"}],"replies":[{"embeddable":true,"href":"https:\/\/now-news.de\/de\/wp-json\/wp\/v2\/comments?post=90265"}],"version-history":[{"count":0,"href":"https:\/\/now-news.de\/de\/wp-json\/wp\/v2\/posts\/90265\/revisions"}],"wp:featuredmedia":[{"embeddable":true,"href":"https:\/\/now-news.de\/de\/wp-json\/wp\/v2\/media\/90266"}],"wp:attachment":[{"href":"https:\/\/now-news.de\/de\/wp-json\/wp\/v2\/media?parent=90265"}],"wp:term":[{"taxonomy":"category","embeddable":true,"href":"https:\/\/now-news.de\/de\/wp-json\/wp\/v2\/categories?post=90265"},{"taxonomy":"post_tag","embeddable":true,"href":"https:\/\/now-news.de\/de\/wp-json\/wp\/v2\/tags?post=90265"}],"curies":[{"name":"wp","href":"https:\/\/api.w.org\/{rel}","templated":true}]}}