{"id":90216,"date":"2025-09-09T10:02:06","date_gmt":"2025-09-09T08:02:06","guid":{"rendered":"https:\/\/now-news.de\/de\/deutschland\/schweiz-streicht-hautfarbe-aus-fahndungssystem\/"},"modified":"2025-09-09T10:02:06","modified_gmt":"2025-09-09T08:02:06","slug":"schweiz-streicht-hautfarbe-aus-fahndungssystem","status":"publish","type":"post","link":"https:\/\/now-news.de\/de\/deutschland\/schweiz-streicht-hautfarbe-aus-fahndungssystem\/","title":{"rendered":"Schweiz streicht Hautfarbe aus Fahndungssystem"},"content":{"rendered":"<p><img decoding=\"async\" src=\"https:\/\/now-news.de\/de\/wp-content\/uploads\/sites\/3\/2025\/09\/68bf3d6e48fbef486f57202c.jpg\" \/><\/p>\n<div class=\"Text-root Text-type_1 \">\n                Das Bundesamt f\u00fcr Polizei hat entschieden, dass Schweizer Polizeikorps bei Fahndungen keine Hautfarbe mehr im System Ripol erfassen d\u00fcrfen. Begr\u00fcndet wird der Schritt mit unpr\u00e4ziser Wahrnehmung und internationaler Praxis. In Polizeikreisen st\u00f6\u00dft die \u00c4nderung auf Kritik.\n            <\/div>\n<p><\/p>\n<div class=\"Text-root Text-type_5 ArticleView-text ViewText-root \">\n<p>Die Schweizer Polizeikorps d\u00fcrfen bei Fahndungen keine Hautfarbe mehr angeben. Das Bundesamt f\u00fcr Polizei hat das Merkmal aus dem nationalen Fahndungssystem Ripol gestrichen. Ausl\u00f6ser war eine Beschwerde aus dem Ausland, doch die \u00dcberpr\u00fcfung der Praxis lief bereits zuvor.<\/p>\n<p>Das Fedpol begr\u00fcndet den Schritt mit der geringen Aussagekraft der Hautfarbe. Wahrnehmung und Definition seien zu unterschiedlich, um als verl\u00e4ssliches Fahndungsmerkmal zu dienen. Zudem werde sie ohnehin nur selten eingetragen. In weniger als einem Prozent der F\u00e4lle sei Hautfarbe bisher vermerkt worden.<\/p>\n<p>Auch international ist das Vorgehen \u00fcblich. Viele Partnerbeh\u00f6rden nutzen Hautfarbe nicht mehr und setzen stattdessen auf Bildaufnahmen, die eine pr\u00e4zisere Identifikation erm\u00f6glichen.<\/p>\n<p>In Polizeikreisen gibt es dennoch Kritik. Ermittler bef\u00fcrchten Einschr\u00e4nkungen bei Fahndungen. Die Kantonspolizeien Z\u00fcrich, Bern und Aargau best\u00e4tigten die \u00c4nderung, kommentierten sie aber kaum.<\/p>\n<p>Der Entscheid reiht sich in die Debatte um Racial Profiling ein, die die Schweiz seit Jahren begleitet. Besonders der Fall des Schweiz-Kenianers\u00a0<a rel=\"nofollow noopener\" target=\"_blank\" href=\"https:\/\/www.watson.ch\/schweiz\/rassismus\/180670685-ein-fehler-im-system-mohamed-wa-baile-und-sein-kampf-gegen-das-racial-profiling\">Mohamed Wa Baile<\/a>, der 2015 eine Kontrolle verweigerte, r\u00fcckte das Thema ins Zentrum. 2024 r\u00fcgte der Europ\u00e4ische Gerichtshof f\u00fcr Menschenrechte die Schweiz, weil Gerichte nicht ausreichend gepr\u00fcft hatten, ob seine Kontrolle diskriminierend war.<\/p>\n<p>Mit dem j\u00fcngsten Schritt folgt die Schweiz internationalen Standards und markiert einen Einschnitt in der Polizeipraxis. Ob zus\u00e4tzliche Kriterien f\u00fcr Fahndungen eingef\u00fchrt werden, bleibt offen.<\/p>\n<p data-start=\"1774\" data-end=\"1969\"><strong>Mehr zum Thema<\/strong>\u00a0\u2013\u00a0<a rel=\"nofollow noopener\" target=\"_blank\" href=\"https:\/\/freeassange.rtde.life\/meinung\/174124-neue-generation-aufstands-in-frankreich\/\">Die neue Generation des Aufstands in Frankreich<\/a><\/p>\n<div class=\"EmbedBlock-root EmbedBlock-externalVideo EmbedBlock-rumble\">\n<div class=\"VkEmbed\"><iframe class=\"lazyload\" data-src=\"https:\/\/rumble.com\/embed\/v5hkgnp\" frameborder=\"0\" width=\"853\" height=\"480\" allowfullscreen><\/iframe><\/div>\n<\/div>\n<\/div>\n<p><br \/>\n<br \/><a href=\"https:\/\/de.rt.com\/schweiz\/255491-schweiz-streicht-hautfarbe-aus-fahndungssystem\/\">Source link <\/a><\/p>\n","protected":false},"excerpt":{"rendered":"<p>Das Bundesamt f\u00fcr Polizei hat entschieden, dass Schweizer Polizeikorps bei Fahndungen keine Hautfarbe mehr im System Ripol erfassen d\u00fcrfen. Begr\u00fcndet wird der Schritt mit unpr\u00e4ziser Wahrnehmung und internationaler Praxis. In Polizeikreisen st\u00f6\u00dft die \u00c4nderung auf Kritik. Die Schweizer Polizeikorps d\u00fcrfen bei Fahndungen keine Hautfarbe mehr angeben. Das Bundesamt f\u00fcr Polizei hat das Merkmal aus dem [&hellip;]<\/p>\n","protected":false},"author":3,"featured_media":90217,"comment_status":"open","ping_status":"open","sticky":false,"template":"","format":"standard","meta":{"_yoast_indexnow_last_ping":["1757404958"],"wp_automatic_camp":["217"],"30f9ad8b125ed43a5fabaf2a89265e9d":["Schweiz streicht Hautfarbe aus Fahndungssystem"],"original_link":["https:\/\/de.rt.com\/schweiz\/255491-schweiz-streicht-hautfarbe-aus-fahndungssystem\/"],"_thumbnail_id":["90217"],"jnews_social_counter_last_update":["1777353457"],"_wptgpro_p2tg_sent2tg":["a:1:{i:23737;s:19:\"2025-09-09 10:03:39\";}"]},"categories":[19,23],"tags":[679,67610,67609,4207,853],"yoast_head":"<!-- This site is optimized with the Yoast SEO Premium plugin v22.7 (Yoast SEO v22.7) - https:\/\/yoast.com\/wordpress\/plugins\/seo\/ -->\n<title>Schweiz streicht Hautfarbe aus Fahndungssystem - just-now.NEWS Deutschland<\/title>\n<meta name=\"robots\" content=\"index, follow, max-snippet:-1, max-image-preview:large, max-video-preview:-1\" \/>\n<link rel=\"canonical\" href=\"https:\/\/now-news.de\/de\/deutschland\/schweiz-streicht-hautfarbe-aus-fahndungssystem\/\" \/>\n<meta property=\"og:locale\" content=\"de_DE\" \/>\n<meta property=\"og:type\" content=\"article\" \/>\n<meta property=\"og:title\" content=\"Schweiz streicht Hautfarbe aus Fahndungssystem\" \/>\n<meta property=\"og:description\" content=\"Das Bundesamt f\u00fcr Polizei hat entschieden, dass Schweizer Polizeikorps bei Fahndungen keine Hautfarbe mehr im System Ripol erfassen d\u00fcrfen. Begr\u00fcndet wird der Schritt mit unpr\u00e4ziser Wahrnehmung und internationaler Praxis. In Polizeikreisen st\u00f6\u00dft die \u00c4nderung auf Kritik. Die Schweizer Polizeikorps d\u00fcrfen bei Fahndungen keine Hautfarbe mehr angeben. Das Bundesamt f\u00fcr Polizei hat das Merkmal aus dem [&hellip;]\" \/>\n<meta property=\"og:url\" content=\"https:\/\/now-news.de\/de\/deutschland\/schweiz-streicht-hautfarbe-aus-fahndungssystem\/\" \/>\n<meta property=\"og:site_name\" content=\"just-now.NEWS Deutschland\" \/>\n<meta property=\"article:publisher\" content=\"https:\/\/www.facebook.com\/wirmachenauf\" \/>\n<meta property=\"article:published_time\" content=\"2025-09-09T08:02:06+00:00\" \/>\n<meta property=\"og:image\" content=\"https:\/\/now-news.de\/de\/wp-content\/uploads\/sites\/3\/2025\/09\/68bf3d6e48fbef486f57202c.jpg\" \/>\n<meta name=\"author\" content=\"rtnews\" \/>\n<meta name=\"twitter:card\" content=\"summary_large_image\" \/>\n<meta name=\"twitter:creator\" content=\"@WirMachenAuf_de\" \/>\n<meta name=\"twitter:site\" content=\"@WirMachenAuf_de\" \/>\n<meta name=\"twitter:label1\" content=\"Verfasst von\" \/>\n\t<meta name=\"twitter:data1\" content=\"rtnews\" \/>\n\t<meta name=\"twitter:label2\" content=\"Gesch\u00e4tzte Lesezeit\" \/>\n\t<meta name=\"twitter:data2\" content=\"1\u00a0Minute\" \/>\n<script type=\"application\/ld+json\" class=\"yoast-schema-graph\">{\"@context\":\"https:\/\/schema.org\",\"@graph\":[{\"@type\":\"Article\",\"@id\":\"https:\/\/now-news.de\/de\/deutschland\/schweiz-streicht-hautfarbe-aus-fahndungssystem\/#article\",\"isPartOf\":{\"@id\":\"https:\/\/now-news.de\/de\/deutschland\/schweiz-streicht-hautfarbe-aus-fahndungssystem\/\"},\"author\":{\"name\":\"rtnews\",\"@id\":\"https:\/\/now-news.de\/de\/#\/schema\/person\/fb534a4e865501d8b3285208df34a9b5\"},\"headline\":\"Schweiz streicht Hautfarbe aus Fahndungssystem\",\"datePublished\":\"2025-09-09T08:02:06+00:00\",\"dateModified\":\"2025-09-09T08:02:06+00:00\",\"mainEntityOfPage\":{\"@id\":\"https:\/\/now-news.de\/de\/deutschland\/schweiz-streicht-hautfarbe-aus-fahndungssystem\/\"},\"wordCount\":286,\"commentCount\":0,\"publisher\":{\"@id\":\"https:\/\/now-news.de\/de\/#organization\"},\"image\":{\"@id\":\"https:\/\/now-news.de\/de\/deutschland\/schweiz-streicht-hautfarbe-aus-fahndungssystem\/#primaryimage\"},\"thumbnailUrl\":\"https:\/\/now-news.de\/de\/wp-content\/uploads\/sites\/3\/2025\/09\/Schweiz-streicht-Hautfarbe-aus-Fahndungssystem.jpg\",\"keywords\":[\"aus\",\"Fahndungssystem\",\"Hautfarbe\",\"schweiz\",\"streicht\"],\"articleSection\":[\"Deutschland\",\"Russland\"],\"inLanguage\":\"de\",\"potentialAction\":[{\"@type\":\"CommentAction\",\"name\":\"Comment\",\"target\":[\"https:\/\/now-news.de\/de\/deutschland\/schweiz-streicht-hautfarbe-aus-fahndungssystem\/#respond\"]}]},{\"@type\":\"WebPage\",\"@id\":\"https:\/\/now-news.de\/de\/deutschland\/schweiz-streicht-hautfarbe-aus-fahndungssystem\/\",\"url\":\"https:\/\/now-news.de\/de\/deutschland\/schweiz-streicht-hautfarbe-aus-fahndungssystem\/\",\"name\":\"Schweiz streicht Hautfarbe aus Fahndungssystem - just-now.NEWS Deutschland\",\"isPartOf\":{\"@id\":\"https:\/\/now-news.de\/de\/#website\"},\"primaryImageOfPage\":{\"@id\":\"https:\/\/now-news.de\/de\/deutschland\/schweiz-streicht-hautfarbe-aus-fahndungssystem\/#primaryimage\"},\"image\":{\"@id\":\"https:\/\/now-news.de\/de\/deutschland\/schweiz-streicht-hautfarbe-aus-fahndungssystem\/#primaryimage\"},\"thumbnailUrl\":\"https:\/\/now-news.de\/de\/wp-content\/uploads\/sites\/3\/2025\/09\/Schweiz-streicht-Hautfarbe-aus-Fahndungssystem.jpg\",\"datePublished\":\"2025-09-09T08:02:06+00:00\",\"dateModified\":\"2025-09-09T08:02:06+00:00\",\"breadcrumb\":{\"@id\":\"https:\/\/now-news.de\/de\/deutschland\/schweiz-streicht-hautfarbe-aus-fahndungssystem\/#breadcrumb\"},\"inLanguage\":\"de\",\"potentialAction\":[{\"@type\":\"ReadAction\",\"target\":[\"https:\/\/now-news.de\/de\/deutschland\/schweiz-streicht-hautfarbe-aus-fahndungssystem\/\"]}]},{\"@type\":\"ImageObject\",\"inLanguage\":\"de\",\"@id\":\"https:\/\/now-news.de\/de\/deutschland\/schweiz-streicht-hautfarbe-aus-fahndungssystem\/#primaryimage\",\"url\":\"https:\/\/now-news.de\/de\/wp-content\/uploads\/sites\/3\/2025\/09\/Schweiz-streicht-Hautfarbe-aus-Fahndungssystem.jpg\",\"contentUrl\":\"https:\/\/now-news.de\/de\/wp-content\/uploads\/sites\/3\/2025\/09\/Schweiz-streicht-Hautfarbe-aus-Fahndungssystem.jpg\",\"width\":460,\"height\":259,\"caption\":\"Schweiz streicht Hautfarbe aus Fahndungssystem\"},{\"@type\":\"BreadcrumbList\",\"@id\":\"https:\/\/now-news.de\/de\/deutschland\/schweiz-streicht-hautfarbe-aus-fahndungssystem\/#breadcrumb\",\"itemListElement\":[{\"@type\":\"ListItem\",\"position\":1,\"name\":\"Home\",\"item\":\"https:\/\/now-news.de\/de\/\"},{\"@type\":\"ListItem\",\"position\":2,\"name\":\"Schweiz streicht Hautfarbe aus Fahndungssystem\"}]},{\"@type\":\"WebSite\",\"@id\":\"https:\/\/now-news.de\/de\/#website\",\"url\":\"https:\/\/now-news.de\/de\/\",\"name\":\"just-now.NEWS Deutschland\",\"description\":\"Das Portal f\u00fcr unzensierte Nachrichten aus der Welt\",\"publisher\":{\"@id\":\"https:\/\/now-news.de\/de\/#organization\"},\"potentialAction\":[{\"@type\":\"SearchAction\",\"target\":{\"@type\":\"EntryPoint\",\"urlTemplate\":\"https:\/\/now-news.de\/de\/?s={search_term_string}\"},\"query-input\":\"required name=search_term_string\"}],\"inLanguage\":\"de\"},{\"@type\":\"Organization\",\"@id\":\"https:\/\/now-news.de\/de\/#organization\",\"name\":\"Just Now News\",\"url\":\"https:\/\/now-news.de\/de\/\",\"logo\":{\"@type\":\"ImageObject\",\"inLanguage\":\"de\",\"@id\":\"https:\/\/now-news.de\/de\/#\/schema\/logo\/image\/\",\"url\":\"http:\/\/just-now.news\/de\/wp-content\/uploads\/sites\/3\/2022\/04\/logo500x500.jpg\",\"contentUrl\":\"http:\/\/just-now.news\/de\/wp-content\/uploads\/sites\/3\/2022\/04\/logo500x500.jpg\",\"width\":500,\"height\":500,\"caption\":\"Just Now News\"},\"image\":{\"@id\":\"https:\/\/now-news.de\/de\/#\/schema\/logo\/image\/\"},\"sameAs\":[\"https:\/\/www.facebook.com\/wirmachenauf\",\"https:\/\/x.com\/WirMachenAuf_de\"]},{\"@type\":\"Person\",\"@id\":\"https:\/\/now-news.de\/de\/#\/schema\/person\/fb534a4e865501d8b3285208df34a9b5\",\"name\":\"rtnews\",\"image\":{\"@type\":\"ImageObject\",\"inLanguage\":\"de\",\"@id\":\"https:\/\/now-news.de\/de\/#\/schema\/person\/image\/\",\"url\":\"https:\/\/secure.gravatar.com\/avatar\/82aafea7d8127119dd649515f56e2117?s=96&d=mm&r=g\",\"contentUrl\":\"https:\/\/secure.gravatar.com\/avatar\/82aafea7d8127119dd649515f56e2117?s=96&d=mm&r=g\",\"caption\":\"rtnews\"},\"url\":\"https:\/\/now-news.de\/de\/author\/rnews\/\"}]}<\/script>\n<!-- \/ Yoast SEO Premium plugin. -->","yoast_head_json":{"title":"Schweiz streicht Hautfarbe aus Fahndungssystem - just-now.NEWS Deutschland","robots":{"index":"index","follow":"follow","max-snippet":"max-snippet:-1","max-image-preview":"max-image-preview:large","max-video-preview":"max-video-preview:-1"},"canonical":"https:\/\/now-news.de\/de\/deutschland\/schweiz-streicht-hautfarbe-aus-fahndungssystem\/","og_locale":"de_DE","og_type":"article","og_title":"Schweiz streicht Hautfarbe aus Fahndungssystem","og_description":"Das Bundesamt f\u00fcr Polizei hat entschieden, dass Schweizer Polizeikorps bei Fahndungen keine Hautfarbe mehr im System Ripol erfassen d\u00fcrfen. Begr\u00fcndet wird der Schritt mit unpr\u00e4ziser Wahrnehmung und internationaler Praxis. In Polizeikreisen st\u00f6\u00dft die \u00c4nderung auf Kritik. Die Schweizer Polizeikorps d\u00fcrfen bei Fahndungen keine Hautfarbe mehr angeben. Das Bundesamt f\u00fcr Polizei hat das Merkmal aus dem [&hellip;]","og_url":"https:\/\/now-news.de\/de\/deutschland\/schweiz-streicht-hautfarbe-aus-fahndungssystem\/","og_site_name":"just-now.NEWS Deutschland","article_publisher":"https:\/\/www.facebook.com\/wirmachenauf","article_published_time":"2025-09-09T08:02:06+00:00","og_image":[{"url":"https:\/\/now-news.de\/de\/wp-content\/uploads\/sites\/3\/2025\/09\/68bf3d6e48fbef486f57202c.jpg"}],"author":"rtnews","twitter_card":"summary_large_image","twitter_creator":"@WirMachenAuf_de","twitter_site":"@WirMachenAuf_de","twitter_misc":{"Verfasst von":"rtnews","Gesch\u00e4tzte Lesezeit":"1\u00a0Minute"},"schema":{"@context":"https:\/\/schema.org","@graph":[{"@type":"Article","@id":"https:\/\/now-news.de\/de\/deutschland\/schweiz-streicht-hautfarbe-aus-fahndungssystem\/#article","isPartOf":{"@id":"https:\/\/now-news.de\/de\/deutschland\/schweiz-streicht-hautfarbe-aus-fahndungssystem\/"},"author":{"name":"rtnews","@id":"https:\/\/now-news.de\/de\/#\/schema\/person\/fb534a4e865501d8b3285208df34a9b5"},"headline":"Schweiz streicht Hautfarbe aus Fahndungssystem","datePublished":"2025-09-09T08:02:06+00:00","dateModified":"2025-09-09T08:02:06+00:00","mainEntityOfPage":{"@id":"https:\/\/now-news.de\/de\/deutschland\/schweiz-streicht-hautfarbe-aus-fahndungssystem\/"},"wordCount":286,"commentCount":0,"publisher":{"@id":"https:\/\/now-news.de\/de\/#organization"},"image":{"@id":"https:\/\/now-news.de\/de\/deutschland\/schweiz-streicht-hautfarbe-aus-fahndungssystem\/#primaryimage"},"thumbnailUrl":"https:\/\/now-news.de\/de\/wp-content\/uploads\/sites\/3\/2025\/09\/Schweiz-streicht-Hautfarbe-aus-Fahndungssystem.jpg","keywords":["aus","Fahndungssystem","Hautfarbe","schweiz","streicht"],"articleSection":["Deutschland","Russland"],"inLanguage":"de","potentialAction":[{"@type":"CommentAction","name":"Comment","target":["https:\/\/now-news.de\/de\/deutschland\/schweiz-streicht-hautfarbe-aus-fahndungssystem\/#respond"]}]},{"@type":"WebPage","@id":"https:\/\/now-news.de\/de\/deutschland\/schweiz-streicht-hautfarbe-aus-fahndungssystem\/","url":"https:\/\/now-news.de\/de\/deutschland\/schweiz-streicht-hautfarbe-aus-fahndungssystem\/","name":"Schweiz streicht Hautfarbe aus Fahndungssystem - just-now.NEWS Deutschland","isPartOf":{"@id":"https:\/\/now-news.de\/de\/#website"},"primaryImageOfPage":{"@id":"https:\/\/now-news.de\/de\/deutschland\/schweiz-streicht-hautfarbe-aus-fahndungssystem\/#primaryimage"},"image":{"@id":"https:\/\/now-news.de\/de\/deutschland\/schweiz-streicht-hautfarbe-aus-fahndungssystem\/#primaryimage"},"thumbnailUrl":"https:\/\/now-news.de\/de\/wp-content\/uploads\/sites\/3\/2025\/09\/Schweiz-streicht-Hautfarbe-aus-Fahndungssystem.jpg","datePublished":"2025-09-09T08:02:06+00:00","dateModified":"2025-09-09T08:02:06+00:00","breadcrumb":{"@id":"https:\/\/now-news.de\/de\/deutschland\/schweiz-streicht-hautfarbe-aus-fahndungssystem\/#breadcrumb"},"inLanguage":"de","potentialAction":[{"@type":"ReadAction","target":["https:\/\/now-news.de\/de\/deutschland\/schweiz-streicht-hautfarbe-aus-fahndungssystem\/"]}]},{"@type":"ImageObject","inLanguage":"de","@id":"https:\/\/now-news.de\/de\/deutschland\/schweiz-streicht-hautfarbe-aus-fahndungssystem\/#primaryimage","url":"https:\/\/now-news.de\/de\/wp-content\/uploads\/sites\/3\/2025\/09\/Schweiz-streicht-Hautfarbe-aus-Fahndungssystem.jpg","contentUrl":"https:\/\/now-news.de\/de\/wp-content\/uploads\/sites\/3\/2025\/09\/Schweiz-streicht-Hautfarbe-aus-Fahndungssystem.jpg","width":460,"height":259,"caption":"Schweiz streicht Hautfarbe aus Fahndungssystem"},{"@type":"BreadcrumbList","@id":"https:\/\/now-news.de\/de\/deutschland\/schweiz-streicht-hautfarbe-aus-fahndungssystem\/#breadcrumb","itemListElement":[{"@type":"ListItem","position":1,"name":"Home","item":"https:\/\/now-news.de\/de\/"},{"@type":"ListItem","position":2,"name":"Schweiz streicht Hautfarbe aus Fahndungssystem"}]},{"@type":"WebSite","@id":"https:\/\/now-news.de\/de\/#website","url":"https:\/\/now-news.de\/de\/","name":"just-now.NEWS Deutschland","description":"Das Portal f\u00fcr unzensierte Nachrichten aus der Welt","publisher":{"@id":"https:\/\/now-news.de\/de\/#organization"},"potentialAction":[{"@type":"SearchAction","target":{"@type":"EntryPoint","urlTemplate":"https:\/\/now-news.de\/de\/?s={search_term_string}"},"query-input":"required name=search_term_string"}],"inLanguage":"de"},{"@type":"Organization","@id":"https:\/\/now-news.de\/de\/#organization","name":"Just Now News","url":"https:\/\/now-news.de\/de\/","logo":{"@type":"ImageObject","inLanguage":"de","@id":"https:\/\/now-news.de\/de\/#\/schema\/logo\/image\/","url":"http:\/\/just-now.news\/de\/wp-content\/uploads\/sites\/3\/2022\/04\/logo500x500.jpg","contentUrl":"http:\/\/just-now.news\/de\/wp-content\/uploads\/sites\/3\/2022\/04\/logo500x500.jpg","width":500,"height":500,"caption":"Just Now News"},"image":{"@id":"https:\/\/now-news.de\/de\/#\/schema\/logo\/image\/"},"sameAs":["https:\/\/www.facebook.com\/wirmachenauf","https:\/\/x.com\/WirMachenAuf_de"]},{"@type":"Person","@id":"https:\/\/now-news.de\/de\/#\/schema\/person\/fb534a4e865501d8b3285208df34a9b5","name":"rtnews","image":{"@type":"ImageObject","inLanguage":"de","@id":"https:\/\/now-news.de\/de\/#\/schema\/person\/image\/","url":"https:\/\/secure.gravatar.com\/avatar\/82aafea7d8127119dd649515f56e2117?s=96&d=mm&r=g","contentUrl":"https:\/\/secure.gravatar.com\/avatar\/82aafea7d8127119dd649515f56e2117?s=96&d=mm&r=g","caption":"rtnews"},"url":"https:\/\/now-news.de\/de\/author\/rnews\/"}]}},"_links":{"self":[{"href":"https:\/\/now-news.de\/de\/wp-json\/wp\/v2\/posts\/90216"}],"collection":[{"href":"https:\/\/now-news.de\/de\/wp-json\/wp\/v2\/posts"}],"about":[{"href":"https:\/\/now-news.de\/de\/wp-json\/wp\/v2\/types\/post"}],"author":[{"embeddable":true,"href":"https:\/\/now-news.de\/de\/wp-json\/wp\/v2\/users\/3"}],"replies":[{"embeddable":true,"href":"https:\/\/now-news.de\/de\/wp-json\/wp\/v2\/comments?post=90216"}],"version-history":[{"count":0,"href":"https:\/\/now-news.de\/de\/wp-json\/wp\/v2\/posts\/90216\/revisions"}],"wp:featuredmedia":[{"embeddable":true,"href":"https:\/\/now-news.de\/de\/wp-json\/wp\/v2\/media\/90217"}],"wp:attachment":[{"href":"https:\/\/now-news.de\/de\/wp-json\/wp\/v2\/media?parent=90216"}],"wp:term":[{"taxonomy":"category","embeddable":true,"href":"https:\/\/now-news.de\/de\/wp-json\/wp\/v2\/categories?post=90216"},{"taxonomy":"post_tag","embeddable":true,"href":"https:\/\/now-news.de\/de\/wp-json\/wp\/v2\/tags?post=90216"}],"curies":[{"name":"wp","href":"https:\/\/api.w.org\/{rel}","templated":true}]}}