{"id":90214,"date":"2025-09-09T09:41:11","date_gmt":"2025-09-09T07:41:11","guid":{"rendered":"https:\/\/now-news.de\/de\/deutschland\/die-ngos-und-afghanistan\/"},"modified":"2025-09-09T09:41:11","modified_gmt":"2025-09-09T07:41:11","slug":"die-ngos-und-afghanistan","status":"publish","type":"post","link":"https:\/\/now-news.de\/de\/deutschland\/die-ngos-und-afghanistan\/","title":{"rendered":"Die NGOs und Afghanistan"},"content":{"rendered":"<p><img decoding=\"async\" src=\"https:\/\/now-news.de\/de\/wp-content\/uploads\/sites\/3\/2025\/09\/68bfda68b480cc470854521f.jpg\" \/><\/p>\n<div class=\"Text-root Text-type_1 \">\n                W\u00e4hrend die Zahlen der Asylbewerber gerade etwas zur\u00fcckgehen, stellen pl\u00f6tzlich viele afghanische Frauen in Deutschland einen Asylantrag. Und noch ist unklar, ob nicht die Afghanistan-Fl\u00fcge wieder aufgenommen werden. Die NGOs arbeiten weiter.\n            <\/div>\n<p><\/p>\n<div class=\"Text-root Text-type_5 ArticleView-text ViewText-root \">\n<p><em>Von Dagmar Henn<\/em><\/p>\n<p>Die Aufnahmezusagen f\u00fcr Afghanen k\u00f6nnen geradezu als Musterfall gelten, wenn man untersuchen will, was am deutschen System so problematisch ist. Das wurde bereits bei der Auseinandersetzung um die G\u00fcltigkeit der get\u00e4tigten Aufnahmezusagen sichtbar: Im Rahmen eines Programms, das eigentlich ehemalige Kollaborateure der Bundeswehr in Afghanistan, sogenannte &#8220;Ortskr\u00e4fte&#8221;, nach Deutschland in Sicherheit bringen sollte, wurden zahlreiche andere Personen nach Deutschland gebracht, die aus anderen Gr\u00fcnden als gef\u00e4hrdet galten.<\/p>\n<p>Dabei gab es schon l\u00e4ngst vielfach Kritik an diesem Programm, das nach der Macht\u00fcbernahme der Taliban aufgelegt wurde. Der Afghanistan-Experte Hans-Hermann Dube, der selbst Entwicklungsprojekte am Hindukusch geleitet hat, <a rel=\"nofollow noopener\" target=\"_blank\" href=\"https:\/\/www.focus.de\/politik\/deutschland\/afghanistan-kenner-rechnet-ab-es-braeuchte-die-fluege-zu-uns-gar-nicht_a9764688-c6fb-4954-90f4-1aa04b5d928f.html\">erkl\u00e4rte<\/a> etwa im Februar, aber auch erst vor wenigen Tagen <a rel=\"nofollow noopener\" target=\"_blank\" href=\"https:\/\/www.welt.de\/politik\/ausland\/video68b55f45cf33b514cb80dda3\/afghanen-flugzeug-sie-fluechten-nicht-vor-dem-regime-sie-fluechten-vor-der-armut.html\">wieder<\/a>, die behauptete Lebensgefahr f\u00fcr die Eingeflogenen existiere gar nicht: &#8220;An den Menschen, die in Afghanistan f\u00fcr Deutschland gearbeitet haben, \u00fcben die Taliban keine Rache. Ich sehe keine belegten F\u00e4lle f\u00fcr Racheakte vonseiten der afghanischen Regierung. Das Programm ist also schlichtweg unn\u00f6tig.&#8221;<\/p>\n<p>Dube, der auch unter der Taliban-Regierung nach Afghanistan gereist ist, als Privatperson, ist allerdings sowohl f\u00fcr die alte als auch f\u00fcr die neue Bundesregierung ein unwillkommener Experte, weil er eigentlich Deutschland in der Pflicht sieht, Entwicklungsprojekte trotz des Machtwechsels fortzuf\u00fchren: &#8220;Wir d\u00fcrfen nicht vergessen: Der Westen ist in Afghanistan einmarschiert\u00a0\u2013 nicht umgekehrt \u2026 Die Afghanen haben uns nie angegriffen, doch wir haben ihrem Land enormen Schaden zugef\u00fcgt. Das wir sie nun ihrem Schicksal \u00fcberlassen, halte ich f\u00fcr fatal.&#8221;<\/p>\n<p>Im Interview im Februar setzte er noch Hoffnungen auf eine CDU-Regierung, die diplomatische Beziehungen wiederherstellen k\u00f6nne.<\/p>\n<p>W\u00e4hrend der Amtszeit der Ampelkoalition war es unter Au\u00dfenministerin Annalena Baerbock zu mehreren Skandalen gekommen, weil Visa an Afghanen, die eingeflogen werden sollten, erteilt wurden, ohne dass die erforderlichen \u00dcberpr\u00fcfungen vorgenommen worden waren. In einem Fall gab es sogar eine Anweisung aus dem Ministerium, gegen Papiere, die die deutsche Botschaft in Islamabad f\u00fcr falsch hielt, dennoch ein Visum zu erteilen.<\/p>\n<p>Zust\u00e4ndig f\u00fcr die Auswahl der Kandidaten f\u00fcr das Aufnahmeprogramm waren deutsche NGOs in Pakistan, vor allem der Verein Kabul-Luftbr\u00fccke, der anfangs auch selbst einen Charterflug mit Afghanen organisiert hatte. Mit einer Verz\u00f6gerung von acht Monaten wurde nun ein Bericht des Bundesrechnungshofes vom Januar dieses Jahres bekannt, der sich mit der T\u00e4tigkeit dieser NGOs befasst und skandal\u00f6se Zust\u00e4nde entdeckte.<\/p>\n<p>Im Oktober 2022 war das Bundesaufnahmeprogramm von Au\u00dfen- und Innenministerium <a rel=\"nofollow noopener\" target=\"_blank\" href=\"https:\/\/www.auswaertiges-amt.de\/de\/newsroom\/bundesaufnahmeprogrammafghanistan\/2558716\">verk\u00fcndet<\/a> worden. Zuvor waren bereits 26.000 Personen aus Afghanistan nach Deutschland gebracht worden, nach Angaben des Ministeriums bereits zwei Drittel der &#8220;Ortskr\u00e4fte&#8221;. Ab diesem Moment wurde die Auswahl der &#8220;geeigneten Personen&#8221; an NGOs \u00fcbertragen. &#8220;Die teilnehmenden zivilgesellschaftlichen Organisationen werden durch eine vom BMI finanzierte Koordinierungsstelle bei diesem Verfahren unterst\u00fctzt&#8221;, hie\u00df es in der damaligen Erkl\u00e4rung.<\/p>\n<p>Zum Zeitpunkt des <a rel=\"nofollow noopener\" target=\"_blank\" href=\"https:\/\/www.bundesrechnungshof.de\/SharedDocs\/Downloads\/DE\/Berichte\/2025\/aufnahmeprogramm-afghanistan-volltext.pdf?__blob=publicationFile&amp;v=2\">Berichts<\/a> des Bundesrechnungshofes, der die Jahre 2022 bis 2024 umfasst, flossen an die Koordinierungsstelle F\u00f6rdermittel in H\u00f6he von 8,3 Millionen Euro. Der Bericht greift teilweise auf Abrechnungspr\u00fcfungen des Bundesamtes f\u00fcr Migration und Fl\u00fcchtlinge (BAMF) zur\u00fcck, die jedoch Anfang dieses Jahres f\u00fcr das Jahr 2023 noch nicht abgeschlossen waren. Was nicht verhinderte, dass sich darunter folgende Angaben finden:<\/p>\n<p><em>&#8220;Beleg Nummer 54 des Jahres 2023 enth\u00e4lt die Kreditkartenabrechnung des Tr\u00e4gers f\u00fcr Februar 2023. Aufgelistet sind etwa Ausgaben von 307,80 Euro f\u00fcr ein Fr\u00fchst\u00fcck f\u00fcr die Besch\u00e4ftigten der Koordinierungsstelle sowie 655 Euro f\u00fcr ein Gesch\u00e4ftsessen f\u00fcr sechs Personen (mehrere Besch\u00e4ftigte der Koordinierungsstelle sowie eines IT-Dienstleisters). Teuerste Einzelposition dieses Belegs ist ein Steak f\u00fcr 178 Euro.&#8221;<\/em><\/p>\n<p>Zum Stichwort IT-Dienstleister passt dann auch, dass 2022 von dieser Koordinierungsstelle ein Auftrag \u00fcber 651.800 Euro f\u00fcr eine Softwarel\u00f6sung ohne Ausschreibung vergeben wurde.\u00a0Insgesamt kam das BAMF auf eine R\u00fcckforderung von \u00fcber 300.000 Euro, die der Tr\u00e4ger jedoch nicht zahlen k\u00f6nne, so der Rechnungshof. Und dann: &#8220;Dennoch haben weder BAMF noch das BMI [Bundesministerium des Inneren] in Bezug auf eine F\u00f6rderung im Jahr 2025 Konsequenzen gezogen und eine weitere F\u00f6rderung ausgeschlossen.&#8221;<\/p>\n<p>Das BMI hat das Finanzgebaren des Tr\u00e4gers damit entschuldigt, er habe &#8220;zu Beginn der F\u00f6rderung \u00fcber keine Erfahrungen im Zuwendungsrecht verf\u00fcgt. Er sei aber die einzige NGO, die bereit gewesen sei, als Koordinierungsstelle innerhalb des Bundesaufnahmeprogramms f\u00fcr Afghanistan t\u00e4tig zu werden.&#8221; Der Rechnungshof jedenfalls bestand darauf, die F\u00f6rderung dieser NGO im Haushalt 2025 einzustellen, die aber im Bericht nicht konkret benannt wird. Im aktuellen Haushaltsentwurf f\u00fcr 2025 soll keine Zahlung an die Koordinierungsstelle mehr enthalten sein.<\/p>\n<p>Eine der auff\u00e4lligsten NGOs in diesem Zusammenhang ist Kabul Luftbr\u00fccke, noch im Jahr 2021 gegr\u00fcndet unter Beteiligung eines ehemaligen gr\u00fcnen Europaabgeordneten, Erik Marquardt. Inzwischen firmiert Kabul Luftbr\u00fccke als &#8220;eine Initiative der Aab Humanitarian Association gGmbH&#8221;; die wiederum ist beim Bezirk Charlottenburg <a rel=\"nofollow noopener\" target=\"_blank\" href=\"https:\/\/www.northdata.com\/Aab%20Humanitarian%20Association%20gemeinn%C3%BCtzige%20GmbH,%20Berlin\/Amtsgericht%20Charlottenburg%20(Berlin)%20HRB%20262566%20B\">registriert<\/a>; derzeitige Gesch\u00e4ftsf\u00fchrerin ist Vesna Donic.<\/p>\n<p>Es war Kabul Luftbr\u00fccke, die die juristische Auseinandersetzung am Verwaltungsgericht Berlin vorangetrieben hat, indem sie f\u00fcr Dutzende Afghanen, die eine der zweifelhaften Aufnahmezusagen erhalten hatten, Klage auf Erteilung eines Visums einreichte, womit sie in der ersten Instanz erfolgreich war. In der zweiten jedoch, beim Oberverwaltungsgericht, stie\u00dfen die NGO-Vertreter wohl auf keine Freunde. Das OVG verlangte explizit f\u00fcr die Visavergabe eine pers\u00f6nliche Vorsprache bei der Botschaft, die wohl bisher nicht erforderlich war. &#8220;Nur im Rahmen einer pers\u00f6nlichen Vorsprache&#8221;, so das OVG, &#8220;ist es der Auslandsvertretung m\u00f6glich, neben der gebotenen Pr\u00fcfung der Identit\u00e4t des Nachzugswilligen vor dessen Einreise in das Bundesgebiet zu kl\u00e4ren, ob in Bezug auf die jeweilige Person Sicherheitsbedenken bestehen&#8221;.<\/p>\n<p>Die Aab Humanitarian Association gGmbH war \u00fcbrigens auch im Bundestagswahlkampf aktiv und <a rel=\"nofollow noopener\" target=\"_blank\" href=\"https:\/\/www.finanznachrichten.de\/nachrichten-2025-02\/64551794-werbebranche-vereint-rechts-kann-uns-kreuzweise-hamburg-startet-eine-der-sichtbarsten-kampagnen-zur-bundestagswahl-2025-007.htm\">organisierte<\/a> eine Kampagne mit, die mit Plakaten davon abhalten sollte, die &#8220;falschen&#8221; Parteien zu w\u00e4hlen: &#8220;Kreuzweise gegen rechts&#8221;.<\/p>\n<p>W\u00e4hrend Kabul Luftbr\u00fccke damit befasst war, Menschen in das Bundesaufnahmeprogramm zu bringen, ist die AaB Humanitarian Association nach Angaben auf der eigenen Webseite mit der Vorstufe <a rel=\"nofollow noopener\" target=\"_blank\" href=\"https:\/\/www.aab-human.de\/\">besch\u00e4ftigt<\/a>: &#8220;Wir evakuieren weiterhin gef\u00e4hrdete Menschen \u2013 insbesondere Frauen und minderj\u00e4hrige Kinder \u2013 von Afghanistan nach Pakistan.&#8221; Angaben zu Spendern oder zu m\u00f6glichen \u00f6ffentlichen Mitteln finden sich auf der Webseite nicht, obwohl die Struktur der gGmbH selten genutzt wird, wenn es nicht um den Zugriff auf \u00f6ffentliche F\u00f6rderung geht.<\/p>\n<p>Bis zum Sommer vergangenen Jahres war die Kabul Luftbr\u00fccke bei dem Verein Civilfleet-Support e.V. angesiedelt, der auch &#8220;Seenotretter&#8221; und Helfer entlang der Balkanroute <a rel=\"nofollow noopener\" target=\"_blank\" href=\"https:\/\/lnob.net\/jahresberichte\/\">unterst\u00fctzt<\/a>. Aber die Gesch\u00e4ftsf\u00fchrerin der AaB gGmbH war schon Projektleiterin bei Civilfleet.<\/p>\n<p>Derzeit wird die Auseinandersetzung um die Abarbeitung des Aufnahmeprogramms vor allem gerichtlich gef\u00fchrt. Unklar ist, inwieweit Kabul Luftbr\u00fccke auch in v\u00f6llig anderen F\u00e4llen aktiv ist, neben anderen NGOs, versteht sich. In diesem Zusammenhang sind zwei aktuelle Meldungen interessant.<\/p>\n<p>Die erste besagt, dass in den letzten Monaten zwar die Zahl neu eingetroffener Asylbewerber zur\u00fcckgegangen ist, aber die Zahl der Asylverfahren vor den Verwaltungsgerichten einen v\u00f6llig neuen Rekord erreicht hat. Bis Ende Juni, so <a rel=\"nofollow noopener\" target=\"_blank\" href=\"https:\/\/www.spiegel.de\/politik\/deutschland-zahl-der-asylklagen-in-mehreren-bundeslaendern-stark-angestiegen-a-76376e64-8677-4654-8cd4-c196f9ce7a6c#ref=rss\">berichtet<\/a> der Spiegel, waren schon 76.646 neue Hauptsacheverfahren bei den Gerichten eingegangen. Im Jahr 2024 waren es im gesamten Jahr 100.494. Der Vorfall in Friedland, wo ein abgelehnter, ausreisepflichtiger Asylbewerber ein M\u00e4dchen vor den Zug gesto\u00dfen hat, liefert ein aktuelles Beispiel, woher diese Verfahren kommen\u00a0\u2013\u00a0er hatte zuletzt gegen seine Abschiebung nach Litauen nach dem Dublin-Verfahren geklagt, weil er dort &#8220;als Homosexueller misshandelt&#8221; werde, und einen erneuten Asylantrag gestellt, weswegen er in Friedland untergebracht war.<\/p>\n<p>Das Bundesamt f\u00fcr Migration und Fl\u00fcchtlinge, so die Aussage des Bundesgesch\u00e4ftsf\u00fchrers des deutschen Richterbundes zu diesem Thema, bearbeite die Asylantr\u00e4ge inzwischen schneller, weshalb auch die Klagen fr\u00fcher erfolgten und dadurch diese gr\u00f6\u00dfere Zahl entst\u00fcnde. Das d\u00fcrfte aber nur ein Teil der Geschichte sein.<\/p>\n<p>Ein anderes Detail in diesem Zusammenhang ist die Tatsache, dass, auch wenn die Zahl der eintreffenden Asylbewerber sinkt, die Zahl der Asylantr\u00e4ge von Afghaninnen zuletzt sprunghaft gestiegen ist. Im Juli <a rel=\"nofollow noopener\" target=\"_blank\" href=\"https:\/\/www.zeit.de\/politik\/deutschland\/2025-08\/afghanistan-taliban-frauen-asyl-bamf\">waren<\/a> es 3.104 neue Antr\u00e4ge. Dabei handelt es sich bei den Afghanen, die in Deutschland eintreffen, nach wie vor weit \u00fcberwiegend um M\u00e4nner; diese Antr\u00e4ge der Afghaninnen sind vor allem Folgeantr\u00e4ge. In der\u00a0<em>Zeit <\/em>ist zu lesen:<\/p>\n<p><em>&#8220;Insgesamt haben demnach seit Jahresbeginn fast 9.600 Afghaninnen Asylantr\u00e4ge in Deutschland gestellt. Knapp die H\u00e4lfte davon gehe von Frauen aus, die bereits in Deutschland leben, aber keinen Asylstatus haben\u00a0\u2013 nun aber sogenannte Folgeantr\u00e4ge stellen.&#8221; <\/em><\/p>\n<p>Dahinter steckt vermutlich der Umstand, dass zuletzt wieder Abschiebungen nach Afghanistan stattfanden. F\u00fcr die Durchf\u00fchrung einer Familienzusammenf\u00fchrung gen\u00fcgt aber bereits ein Familienmitglied mit einem bewilligten Asylantrag, um den Rest der Familie in Deutschland zu halten. Dass jetzt\u00a0\u2013 und nicht mit dem \u00dcbergang der Macht in Afghanistan an die Taliban im Sommer 2022\u00a0\u2013 afghanische Frauen, die bereits in Deutschland leben, Asylantr\u00e4ge stellen, d\u00fcrfte aber neben der Frage m\u00f6glicher Abschiebungen auch das Ergebnis der Arbeit entsprechender NGOs sein, die die f\u00fcr den Erfolg des Asylersuchens notwendige Argumentation bekannt machen, so wie vermutlich auch im oben erw\u00e4hnten Fall des Irakers in Friedland.<\/p>\n<p>Inwieweit die Bundesregierung sich an den Beschluss des Oberverwaltungsgerichts h\u00e4lt oder wie weit sie dem medialen Druck nachgibt, den Import von Afghanen wieder aufzunehmen, ist noch nicht klar. Un\u00fcbersehbar ist jedoch, dass die entsprechenden NGOs ihre Arbeit mit erh\u00f6htem Druck fortsetzen. Dabei kommt ihnen nicht nur die Rechtsprechung des Europ\u00e4ischen Gerichtshofs zugute, der sich m\u00fcht, Einwanderung zu einem Menschenrecht zu erkl\u00e4ren, sondern es gibt auch das verlockende Ziel von Steaks f\u00fcr 175 Euro aus Steuermitteln.<\/p>\n<p>Unter den 45 Anfang des Monats eingeflogenen Afghanen <a rel=\"nofollow noopener\" target=\"_blank\" href=\"https:\/\/www.rnd.de\/politik\/hannover-zwei-weitere-afghaninnen-aus-aufnahmeprogramm-angekommen-5OB7FNJ5MVPNHBPFDT4LTDQKVU.html\">waren<\/a> \u00fcbrigens genau null Ortskr\u00e4fte, die angeblich der Grund f\u00fcr das gesamte Programm waren. Nein, es handelte sich samt und sonders um Personen, denen NGOs in Afghanistan bescheinigten, besonders gef\u00e4hrdet zu sein, und die sich daraufhin mit Familien von bis zu 13 Personen im Schlepptau nach Deutschland aufmachen konnten, um k\u00fcnftig von den Deutschen erhalten zu werden. Vor allem von jenen, die keinen Zugriff auf 175-Euro-Steaks haben.<\/p>\n<p><strong>Mehr zum Thema<\/strong> &#8211;\u00a0<a rel=\"nofollow noopener\" target=\"_blank\" href=\"https:\/\/freedert.online\/inland\/251393-medienanalyse-kabul-luftbruecke-fragliche-agieren\/\">Medienanalyse: &#8220;Kabul Luftbr\u00fccke&#8221; \u2013 Das fragliche Agieren einer Gr\u00fcnen-Organisation<\/a><\/p>\n<div class=\"EmbedBlock-root EmbedBlock-externalVideo EmbedBlock-rumble\">\n<div class=\"VkEmbed\"><iframe class=\"lazyload\" data-src=\"https:\/\/rumble.com\/embed\/v6tligd\" frameborder=\"0\" width=\"853\" height=\"480\" allowfullscreen><\/iframe><\/div>\n<\/div>\n<\/div>\n<p><br \/>\n<br \/><a href=\"https:\/\/de.rt.com\/inland\/255472-ngos-und-afghanistan\/\">Source link <\/a><\/p>\n","protected":false},"excerpt":{"rendered":"<p>W\u00e4hrend die Zahlen der Asylbewerber gerade etwas zur\u00fcckgehen, stellen pl\u00f6tzlich viele afghanische Frauen in Deutschland einen Asylantrag. Und noch ist unklar, ob nicht die Afghanistan-Fl\u00fcge wieder aufgenommen werden. Die NGOs arbeiten weiter. Von Dagmar Henn Die Aufnahmezusagen f\u00fcr Afghanen k\u00f6nnen geradezu als Musterfall gelten, wenn man untersuchen will, was am deutschen System so problematisch ist. [&hellip;]<\/p>\n","protected":false},"author":3,"featured_media":90215,"comment_status":"open","ping_status":"open","sticky":false,"template":"","format":"standard","meta":{"_yoast_indexnow_last_ping":["1757404005"],"wp_automatic_camp":["217"],"a4d9319804f50cc42148bec6c893e35a":["Die NGOs und Afghanistan"],"original_link":["https:\/\/de.rt.com\/inland\/255472-ngos-und-afghanistan\/"],"_thumbnail_id":["90215"],"jnews_social_counter_last_update":["1777423926"],"_wptgpro_p2tg_sent2tg":["a:1:{i:23737;s:19:\"2025-09-09 09:47:47\";}"]},"categories":[19,23],"tags":[1799,45,36307,140],"yoast_head":"<!-- This site is optimized with the Yoast SEO Premium plugin v22.7 (Yoast SEO v22.7) - https:\/\/yoast.com\/wordpress\/plugins\/seo\/ -->\n<title>Die NGOs und Afghanistan - just-now.NEWS Deutschland<\/title>\n<meta name=\"robots\" content=\"index, follow, max-snippet:-1, max-image-preview:large, max-video-preview:-1\" \/>\n<link rel=\"canonical\" href=\"https:\/\/now-news.de\/de\/deutschland\/die-ngos-und-afghanistan\/\" \/>\n<meta property=\"og:locale\" content=\"de_DE\" \/>\n<meta property=\"og:type\" content=\"article\" \/>\n<meta property=\"og:title\" content=\"Die NGOs und Afghanistan\" \/>\n<meta property=\"og:description\" content=\"W\u00e4hrend die Zahlen der Asylbewerber gerade etwas zur\u00fcckgehen, stellen pl\u00f6tzlich viele afghanische Frauen in Deutschland einen Asylantrag. Und noch ist unklar, ob nicht die Afghanistan-Fl\u00fcge wieder aufgenommen werden. Die NGOs arbeiten weiter. Von Dagmar Henn Die Aufnahmezusagen f\u00fcr Afghanen k\u00f6nnen geradezu als Musterfall gelten, wenn man untersuchen will, was am deutschen System so problematisch ist. [&hellip;]\" \/>\n<meta property=\"og:url\" content=\"https:\/\/now-news.de\/de\/deutschland\/die-ngos-und-afghanistan\/\" \/>\n<meta property=\"og:site_name\" content=\"just-now.NEWS Deutschland\" \/>\n<meta property=\"article:publisher\" content=\"https:\/\/www.facebook.com\/wirmachenauf\" \/>\n<meta property=\"article:published_time\" content=\"2025-09-09T07:41:11+00:00\" \/>\n<meta property=\"og:image\" content=\"https:\/\/now-news.de\/de\/wp-content\/uploads\/sites\/3\/2025\/09\/68bfda68b480cc470854521f.jpg\" \/>\n<meta name=\"author\" content=\"rtnews\" \/>\n<meta name=\"twitter:card\" content=\"summary_large_image\" \/>\n<meta name=\"twitter:creator\" content=\"@WirMachenAuf_de\" \/>\n<meta name=\"twitter:site\" content=\"@WirMachenAuf_de\" \/>\n<meta name=\"twitter:label1\" content=\"Verfasst von\" \/>\n\t<meta name=\"twitter:data1\" content=\"rtnews\" \/>\n\t<meta name=\"twitter:label2\" content=\"Gesch\u00e4tzte Lesezeit\" \/>\n\t<meta name=\"twitter:data2\" content=\"8\u00a0Minuten\" \/>\n<script type=\"application\/ld+json\" class=\"yoast-schema-graph\">{\"@context\":\"https:\/\/schema.org\",\"@graph\":[{\"@type\":\"Article\",\"@id\":\"https:\/\/now-news.de\/de\/deutschland\/die-ngos-und-afghanistan\/#article\",\"isPartOf\":{\"@id\":\"https:\/\/now-news.de\/de\/deutschland\/die-ngos-und-afghanistan\/\"},\"author\":{\"name\":\"rtnews\",\"@id\":\"https:\/\/now-news.de\/de\/#\/schema\/person\/fb534a4e865501d8b3285208df34a9b5\"},\"headline\":\"Die NGOs und Afghanistan\",\"datePublished\":\"2025-09-09T07:41:11+00:00\",\"dateModified\":\"2025-09-09T07:41:11+00:00\",\"mainEntityOfPage\":{\"@id\":\"https:\/\/now-news.de\/de\/deutschland\/die-ngos-und-afghanistan\/\"},\"wordCount\":1701,\"commentCount\":0,\"publisher\":{\"@id\":\"https:\/\/now-news.de\/de\/#organization\"},\"image\":{\"@id\":\"https:\/\/now-news.de\/de\/deutschland\/die-ngos-und-afghanistan\/#primaryimage\"},\"thumbnailUrl\":\"https:\/\/now-news.de\/de\/wp-content\/uploads\/sites\/3\/2025\/09\/Die-NGOs-und-Afghanistan.jpg\",\"keywords\":[\"Afghanistan\",\"die\",\"NGOs\",\"und\"],\"articleSection\":[\"Deutschland\",\"Russland\"],\"inLanguage\":\"de\",\"potentialAction\":[{\"@type\":\"CommentAction\",\"name\":\"Comment\",\"target\":[\"https:\/\/now-news.de\/de\/deutschland\/die-ngos-und-afghanistan\/#respond\"]}]},{\"@type\":\"WebPage\",\"@id\":\"https:\/\/now-news.de\/de\/deutschland\/die-ngos-und-afghanistan\/\",\"url\":\"https:\/\/now-news.de\/de\/deutschland\/die-ngos-und-afghanistan\/\",\"name\":\"Die NGOs und Afghanistan - just-now.NEWS Deutschland\",\"isPartOf\":{\"@id\":\"https:\/\/now-news.de\/de\/#website\"},\"primaryImageOfPage\":{\"@id\":\"https:\/\/now-news.de\/de\/deutschland\/die-ngos-und-afghanistan\/#primaryimage\"},\"image\":{\"@id\":\"https:\/\/now-news.de\/de\/deutschland\/die-ngos-und-afghanistan\/#primaryimage\"},\"thumbnailUrl\":\"https:\/\/now-news.de\/de\/wp-content\/uploads\/sites\/3\/2025\/09\/Die-NGOs-und-Afghanistan.jpg\",\"datePublished\":\"2025-09-09T07:41:11+00:00\",\"dateModified\":\"2025-09-09T07:41:11+00:00\",\"breadcrumb\":{\"@id\":\"https:\/\/now-news.de\/de\/deutschland\/die-ngos-und-afghanistan\/#breadcrumb\"},\"inLanguage\":\"de\",\"potentialAction\":[{\"@type\":\"ReadAction\",\"target\":[\"https:\/\/now-news.de\/de\/deutschland\/die-ngos-und-afghanistan\/\"]}]},{\"@type\":\"ImageObject\",\"inLanguage\":\"de\",\"@id\":\"https:\/\/now-news.de\/de\/deutschland\/die-ngos-und-afghanistan\/#primaryimage\",\"url\":\"https:\/\/now-news.de\/de\/wp-content\/uploads\/sites\/3\/2025\/09\/Die-NGOs-und-Afghanistan.jpg\",\"contentUrl\":\"https:\/\/now-news.de\/de\/wp-content\/uploads\/sites\/3\/2025\/09\/Die-NGOs-und-Afghanistan.jpg\",\"width\":460,\"height\":259,\"caption\":\"Die NGOs und Afghanistan\"},{\"@type\":\"BreadcrumbList\",\"@id\":\"https:\/\/now-news.de\/de\/deutschland\/die-ngos-und-afghanistan\/#breadcrumb\",\"itemListElement\":[{\"@type\":\"ListItem\",\"position\":1,\"name\":\"Home\",\"item\":\"https:\/\/now-news.de\/de\/\"},{\"@type\":\"ListItem\",\"position\":2,\"name\":\"Die NGOs und Afghanistan\"}]},{\"@type\":\"WebSite\",\"@id\":\"https:\/\/now-news.de\/de\/#website\",\"url\":\"https:\/\/now-news.de\/de\/\",\"name\":\"just-now.NEWS Deutschland\",\"description\":\"Das Portal f\u00fcr unzensierte Nachrichten aus der Welt\",\"publisher\":{\"@id\":\"https:\/\/now-news.de\/de\/#organization\"},\"potentialAction\":[{\"@type\":\"SearchAction\",\"target\":{\"@type\":\"EntryPoint\",\"urlTemplate\":\"https:\/\/now-news.de\/de\/?s={search_term_string}\"},\"query-input\":\"required name=search_term_string\"}],\"inLanguage\":\"de\"},{\"@type\":\"Organization\",\"@id\":\"https:\/\/now-news.de\/de\/#organization\",\"name\":\"Just Now News\",\"url\":\"https:\/\/now-news.de\/de\/\",\"logo\":{\"@type\":\"ImageObject\",\"inLanguage\":\"de\",\"@id\":\"https:\/\/now-news.de\/de\/#\/schema\/logo\/image\/\",\"url\":\"http:\/\/just-now.news\/de\/wp-content\/uploads\/sites\/3\/2022\/04\/logo500x500.jpg\",\"contentUrl\":\"http:\/\/just-now.news\/de\/wp-content\/uploads\/sites\/3\/2022\/04\/logo500x500.jpg\",\"width\":500,\"height\":500,\"caption\":\"Just Now News\"},\"image\":{\"@id\":\"https:\/\/now-news.de\/de\/#\/schema\/logo\/image\/\"},\"sameAs\":[\"https:\/\/www.facebook.com\/wirmachenauf\",\"https:\/\/x.com\/WirMachenAuf_de\"]},{\"@type\":\"Person\",\"@id\":\"https:\/\/now-news.de\/de\/#\/schema\/person\/fb534a4e865501d8b3285208df34a9b5\",\"name\":\"rtnews\",\"image\":{\"@type\":\"ImageObject\",\"inLanguage\":\"de\",\"@id\":\"https:\/\/now-news.de\/de\/#\/schema\/person\/image\/\",\"url\":\"https:\/\/secure.gravatar.com\/avatar\/82aafea7d8127119dd649515f56e2117?s=96&d=mm&r=g\",\"contentUrl\":\"https:\/\/secure.gravatar.com\/avatar\/82aafea7d8127119dd649515f56e2117?s=96&d=mm&r=g\",\"caption\":\"rtnews\"},\"url\":\"https:\/\/now-news.de\/de\/author\/rnews\/\"}]}<\/script>\n<!-- \/ Yoast SEO Premium plugin. -->","yoast_head_json":{"title":"Die NGOs und Afghanistan - just-now.NEWS Deutschland","robots":{"index":"index","follow":"follow","max-snippet":"max-snippet:-1","max-image-preview":"max-image-preview:large","max-video-preview":"max-video-preview:-1"},"canonical":"https:\/\/now-news.de\/de\/deutschland\/die-ngos-und-afghanistan\/","og_locale":"de_DE","og_type":"article","og_title":"Die NGOs und Afghanistan","og_description":"W\u00e4hrend die Zahlen der Asylbewerber gerade etwas zur\u00fcckgehen, stellen pl\u00f6tzlich viele afghanische Frauen in Deutschland einen Asylantrag. Und noch ist unklar, ob nicht die Afghanistan-Fl\u00fcge wieder aufgenommen werden. Die NGOs arbeiten weiter. Von Dagmar Henn Die Aufnahmezusagen f\u00fcr Afghanen k\u00f6nnen geradezu als Musterfall gelten, wenn man untersuchen will, was am deutschen System so problematisch ist. [&hellip;]","og_url":"https:\/\/now-news.de\/de\/deutschland\/die-ngos-und-afghanistan\/","og_site_name":"just-now.NEWS Deutschland","article_publisher":"https:\/\/www.facebook.com\/wirmachenauf","article_published_time":"2025-09-09T07:41:11+00:00","og_image":[{"url":"https:\/\/now-news.de\/de\/wp-content\/uploads\/sites\/3\/2025\/09\/68bfda68b480cc470854521f.jpg"}],"author":"rtnews","twitter_card":"summary_large_image","twitter_creator":"@WirMachenAuf_de","twitter_site":"@WirMachenAuf_de","twitter_misc":{"Verfasst von":"rtnews","Gesch\u00e4tzte Lesezeit":"8\u00a0Minuten"},"schema":{"@context":"https:\/\/schema.org","@graph":[{"@type":"Article","@id":"https:\/\/now-news.de\/de\/deutschland\/die-ngos-und-afghanistan\/#article","isPartOf":{"@id":"https:\/\/now-news.de\/de\/deutschland\/die-ngos-und-afghanistan\/"},"author":{"name":"rtnews","@id":"https:\/\/now-news.de\/de\/#\/schema\/person\/fb534a4e865501d8b3285208df34a9b5"},"headline":"Die NGOs und Afghanistan","datePublished":"2025-09-09T07:41:11+00:00","dateModified":"2025-09-09T07:41:11+00:00","mainEntityOfPage":{"@id":"https:\/\/now-news.de\/de\/deutschland\/die-ngos-und-afghanistan\/"},"wordCount":1701,"commentCount":0,"publisher":{"@id":"https:\/\/now-news.de\/de\/#organization"},"image":{"@id":"https:\/\/now-news.de\/de\/deutschland\/die-ngos-und-afghanistan\/#primaryimage"},"thumbnailUrl":"https:\/\/now-news.de\/de\/wp-content\/uploads\/sites\/3\/2025\/09\/Die-NGOs-und-Afghanistan.jpg","keywords":["Afghanistan","die","NGOs","und"],"articleSection":["Deutschland","Russland"],"inLanguage":"de","potentialAction":[{"@type":"CommentAction","name":"Comment","target":["https:\/\/now-news.de\/de\/deutschland\/die-ngos-und-afghanistan\/#respond"]}]},{"@type":"WebPage","@id":"https:\/\/now-news.de\/de\/deutschland\/die-ngos-und-afghanistan\/","url":"https:\/\/now-news.de\/de\/deutschland\/die-ngos-und-afghanistan\/","name":"Die NGOs und Afghanistan - just-now.NEWS Deutschland","isPartOf":{"@id":"https:\/\/now-news.de\/de\/#website"},"primaryImageOfPage":{"@id":"https:\/\/now-news.de\/de\/deutschland\/die-ngos-und-afghanistan\/#primaryimage"},"image":{"@id":"https:\/\/now-news.de\/de\/deutschland\/die-ngos-und-afghanistan\/#primaryimage"},"thumbnailUrl":"https:\/\/now-news.de\/de\/wp-content\/uploads\/sites\/3\/2025\/09\/Die-NGOs-und-Afghanistan.jpg","datePublished":"2025-09-09T07:41:11+00:00","dateModified":"2025-09-09T07:41:11+00:00","breadcrumb":{"@id":"https:\/\/now-news.de\/de\/deutschland\/die-ngos-und-afghanistan\/#breadcrumb"},"inLanguage":"de","potentialAction":[{"@type":"ReadAction","target":["https:\/\/now-news.de\/de\/deutschland\/die-ngos-und-afghanistan\/"]}]},{"@type":"ImageObject","inLanguage":"de","@id":"https:\/\/now-news.de\/de\/deutschland\/die-ngos-und-afghanistan\/#primaryimage","url":"https:\/\/now-news.de\/de\/wp-content\/uploads\/sites\/3\/2025\/09\/Die-NGOs-und-Afghanistan.jpg","contentUrl":"https:\/\/now-news.de\/de\/wp-content\/uploads\/sites\/3\/2025\/09\/Die-NGOs-und-Afghanistan.jpg","width":460,"height":259,"caption":"Die NGOs und Afghanistan"},{"@type":"BreadcrumbList","@id":"https:\/\/now-news.de\/de\/deutschland\/die-ngos-und-afghanistan\/#breadcrumb","itemListElement":[{"@type":"ListItem","position":1,"name":"Home","item":"https:\/\/now-news.de\/de\/"},{"@type":"ListItem","position":2,"name":"Die NGOs und Afghanistan"}]},{"@type":"WebSite","@id":"https:\/\/now-news.de\/de\/#website","url":"https:\/\/now-news.de\/de\/","name":"just-now.NEWS Deutschland","description":"Das Portal f\u00fcr unzensierte Nachrichten aus der Welt","publisher":{"@id":"https:\/\/now-news.de\/de\/#organization"},"potentialAction":[{"@type":"SearchAction","target":{"@type":"EntryPoint","urlTemplate":"https:\/\/now-news.de\/de\/?s={search_term_string}"},"query-input":"required name=search_term_string"}],"inLanguage":"de"},{"@type":"Organization","@id":"https:\/\/now-news.de\/de\/#organization","name":"Just Now News","url":"https:\/\/now-news.de\/de\/","logo":{"@type":"ImageObject","inLanguage":"de","@id":"https:\/\/now-news.de\/de\/#\/schema\/logo\/image\/","url":"http:\/\/just-now.news\/de\/wp-content\/uploads\/sites\/3\/2022\/04\/logo500x500.jpg","contentUrl":"http:\/\/just-now.news\/de\/wp-content\/uploads\/sites\/3\/2022\/04\/logo500x500.jpg","width":500,"height":500,"caption":"Just Now News"},"image":{"@id":"https:\/\/now-news.de\/de\/#\/schema\/logo\/image\/"},"sameAs":["https:\/\/www.facebook.com\/wirmachenauf","https:\/\/x.com\/WirMachenAuf_de"]},{"@type":"Person","@id":"https:\/\/now-news.de\/de\/#\/schema\/person\/fb534a4e865501d8b3285208df34a9b5","name":"rtnews","image":{"@type":"ImageObject","inLanguage":"de","@id":"https:\/\/now-news.de\/de\/#\/schema\/person\/image\/","url":"https:\/\/secure.gravatar.com\/avatar\/82aafea7d8127119dd649515f56e2117?s=96&d=mm&r=g","contentUrl":"https:\/\/secure.gravatar.com\/avatar\/82aafea7d8127119dd649515f56e2117?s=96&d=mm&r=g","caption":"rtnews"},"url":"https:\/\/now-news.de\/de\/author\/rnews\/"}]}},"_links":{"self":[{"href":"https:\/\/now-news.de\/de\/wp-json\/wp\/v2\/posts\/90214"}],"collection":[{"href":"https:\/\/now-news.de\/de\/wp-json\/wp\/v2\/posts"}],"about":[{"href":"https:\/\/now-news.de\/de\/wp-json\/wp\/v2\/types\/post"}],"author":[{"embeddable":true,"href":"https:\/\/now-news.de\/de\/wp-json\/wp\/v2\/users\/3"}],"replies":[{"embeddable":true,"href":"https:\/\/now-news.de\/de\/wp-json\/wp\/v2\/comments?post=90214"}],"version-history":[{"count":0,"href":"https:\/\/now-news.de\/de\/wp-json\/wp\/v2\/posts\/90214\/revisions"}],"wp:featuredmedia":[{"embeddable":true,"href":"https:\/\/now-news.de\/de\/wp-json\/wp\/v2\/media\/90215"}],"wp:attachment":[{"href":"https:\/\/now-news.de\/de\/wp-json\/wp\/v2\/media?parent=90214"}],"wp:term":[{"taxonomy":"category","embeddable":true,"href":"https:\/\/now-news.de\/de\/wp-json\/wp\/v2\/categories?post=90214"},{"taxonomy":"post_tag","embeddable":true,"href":"https:\/\/now-news.de\/de\/wp-json\/wp\/v2\/tags?post=90214"}],"curies":[{"name":"wp","href":"https:\/\/api.w.org\/{rel}","templated":true}]}}