{"id":90185,"date":"2025-09-08T18:41:21","date_gmt":"2025-09-08T16:41:21","guid":{"rendered":"https:\/\/now-news.de\/de\/deutschland\/beim-fruehschoppen-soeder-keift-gegen-gruenen-tofuterror-und-spricht-sich-gegen-afd-verbot-aus\/"},"modified":"2025-09-08T18:41:21","modified_gmt":"2025-09-08T16:41:21","slug":"beim-fruehschoppen-soeder-keift-gegen-gruenen-tofuterror-und-spricht-sich-gegen-afd-verbot-aus","status":"publish","type":"post","link":"https:\/\/now-news.de\/de\/deutschland\/beim-fruehschoppen-soeder-keift-gegen-gruenen-tofuterror-und-spricht-sich-gegen-afd-verbot-aus\/","title":{"rendered":"Beim Fr\u00fchschoppen: S\u00f6der keift gegen gr\u00fcnen &quot;Tofuterror&quot; und spricht sich gegen AfD-Verbot aus"},"content":{"rendered":"<p><img decoding=\"async\" src=\"https:\/\/now-news.de\/de\/wp-content\/uploads\/sites\/3\/2025\/09\/68bef7e548fbef7e5d107ddd.jpg\" \/><\/p>\n<div class=\"Text-root Text-type_1 \">\n                Er kann es nicht lassen: CSU-Chef Markus S\u00f6der attackierte beim politischen Fr\u00fchschoppen Gillamoos beim Jahrmarkt im bayrischen Abensberg die Gr\u00fcnen und Ex-Minister Habeck \u2013 und er rief: &#8220;Schluss mit dem Tofu-Terror!&#8221; Gleichzeitig bekr\u00e4ftigte er seine Forderung, die AfD nicht verbieten zu wollen.\n            <\/div>\n<p><\/p>\n<div class=\"Text-root Text-type_5 ArticleView-text ViewText-root \">\n<p>Bayerns Ministerpr\u00e4sident Markus S\u00f6der (CSU) hat beim politischen Fr\u00fchschoppen auf dem Gillamoos-Volksfest in gewohnter Weise polarisiert. Bei einer Rede standen besonders die Gr\u00fcnen und Ex-Wirtschaftsminister\u00a0Robert Habeck im Fokus, wie die <em>Berliner Zeitung<\/em> am Montag <a rel=\"nofollow noopener\" target=\"_blank\" href=\"https:\/\/www.berliner-zeitung.de\/news\/soeder-poltert-gegen-habeck-und-fordert-schluss-mit-dem-tofu-terror-li.2355015\">berichtete<\/a>. Der CSU-Chef nahm mal wieder kein Blatt vor den Mund. Er polterte indirekt gegen Veganer:<\/p>\n<blockquote>\n<p><em> &#8220;Wir sind frei und jeder kann essen, was er will. Aber Fleisch geh\u00f6rt dazu. Schluss mit dem Tofu-Terror. Ab jetzt steht wieder Fleisch auf der Speisekarte!&#8221;<\/em><\/p>\n<\/blockquote>\n<p>Die bierseelige Masse im Festzelt tobte. Zuvor lobte S\u00f6der seinen Landwirtschaftsminister Alois Rainer, der die Gr\u00fcnen wegen ihrer &#8220;Symbolpolitik&#8221; kritisiert hatte. Dann nahm S\u00f6der Ex-Wirtschaftsminister Robert Habeck, der mittlerweile in D\u00e4nemark lebt und eine Gastprofessur in den USA hat, ins Visier. S\u00f6der meinte:<\/p>\n<blockquote>\n<p><em>&#8220;Er war der schw\u00e4chste Wirtschaftsminister aller Zeiten. Sein Abgang war genau wie seine Amtszeit [&#8230;] Ich w\u00fcrde nie sagen, er sei eine beleidigte Leberwurst, daf\u00fcr mag ich Leberwurst zu sehr. Geh mit Gott \u2013 Hauptsache, weit weg.&#8221; <\/em><\/p>\n<\/blockquote>\n<p>Auch die alte Bundesregierung geriet in den Fokus von S\u00f6ders Attacken. Der CSU-Politiker\u00a0erkl\u00e4rte, er sei froh, dass nun Friedrich Merz Kanzler sei und nicht mehr Olaf Scholz. Final kam noch die Hauptstadt und der Landesfinanzausgleich unter die R\u00e4der \u2013 damit dann auch alle antipreu\u00dfischen Stereotypen abgearbeitet wurden f\u00fcr die blau-wei\u00dfe Heiterkeit:<\/p>\n<blockquote>\n<p><em>&#8220;Lieber bei Ochsen in Bayern, als bei manchem Rindvieh in Berlin.&#8221;<\/em><\/p>\n<\/blockquote>\n<p>Au\u00dferdem wetterte er gegen den Bundesfinanzausgleich:<\/p>\n<blockquote>\n<p><em>&#8220;Bayern ohne Deutschland ginge, aber Deutschland ohne Bayern w\u00e4re pleite.&#8221;<\/em><\/p>\n<\/blockquote>\n<p>Anschlie\u00dfend\u00a0wurde es noch ernster: Mit Blick auf die Migrationspolitik forderte er verst\u00e4rkt R\u00fcckf\u00fchrungen und Grenzkontrollen. Auch zum Thema AfD positionierte sich der CSU-Chef \u00fcberraschend deutlich: Ein Parteiverbot lehne er ab, das verschaffe den &#8220;Rechtspopulisten&#8221; nur einen &#8220;M\u00e4rtyrerstatus&#8221;. Wird hier schon der Weg zu einer m\u00f6glichen blau-schwarzen Koalition gewiesen? Das wird sich zeigen. Da auch Markus S\u00f6der keiner Kostver\u00e4chter ist, lie\u00df er es sich schlie\u00dflich nicht nehmen, es sich auf dem Volksfest gutgehen zu lassen. Er schrieb auf X\/vormals Twitter:<\/p>\n<blockquote>\n<p><em>&#8220;Nach dem Festzelt eine kleine St\u00e4rkung: Ob Kiachl, K\u00fcchle oder Auszogne \u2013 sie hei\u00dfen zwar unterschiedlich, schmecken bei den Landfrauen am <a rel=\"nofollow noopener\" target=\"_blank\" href=\"https:\/\/x.com\/hashtag\/Gillamoos?src=hashtag_click\">#Gillamoos<\/a> aber immer gleich super. <a rel=\"nofollow noopener\" target=\"_blank\" href=\"https:\/\/x.com\/hashtag\/s%C3%B6derisst?src=hashtag_click\">#s\u00f6derisst<\/a> auch gerne mal was S\u00fc\u00dfes.&#8221;<\/em><\/p>\n<\/blockquote>\n<div class=\"EmbedBlock-root EmbedBlock-twitter\">\n<div class=\"TwitterEmbed\">\n<blockquote class=\"twitter-tweet lazyload\" data-twitter=\"twitter-tweet\">\n<p lang=\"de\" dir=\"ltr\">Nach dem Festzelt eine kleine St\u00e4rkung: Ob Kiachl, K\u00fcchle oder Auszogne &#8211; sie hei\u00dfen zwar unterschiedlich, schmecken bei den Landfrauen am <a rel=\"nofollow noopener\" target=\"_blank\" href=\"https:\/\/twitter.com\/hashtag\/Gillamoos?src=hash&amp;ref_src=twsrc%5Etfw\">#Gillamoos<\/a> aber immer gleich super. <a rel=\"nofollow noopener\" target=\"_blank\" href=\"https:\/\/twitter.com\/hashtag\/s%C3%B6derisst?src=hash&amp;ref_src=twsrc%5Etfw\">#s\u00f6derisst<\/a> auch gerne mal was S\u00fc\u00dfes \ud83d\ude00 <a rel=\"nofollow noopener\" target=\"_blank\" href=\"https:\/\/t.co\/hPG7pPLBBF\">pic.twitter.com\/hPG7pPLBBF<\/a><\/p>\n<p>\u2014 Markus S\u00f6der (@Markus_Soeder) <a rel=\"nofollow noopener\" target=\"_blank\" href=\"https:\/\/twitter.com\/Markus_Soeder\/status\/1965047636333142430?ref_src=twsrc%5Etfw\">September 8, 2025<\/a><\/p><\/blockquote>\n<\/div>\n<\/div>\n<p><strong>Mehr zum Thema<\/strong> &#8211; <a rel=\"nofollow noopener\" target=\"_blank\" href=\"https:\/\/freedert.online\/inland\/254220-soeder-ja-zur-wehrpflicht-nein\/\">S\u00f6der: Ja zur Wehrpflicht, nein zu deutschen Soldaten in der Ukraine<\/a><\/p>\n<\/p>\n<\/div>\n<p><script async src=\"https:\/\/platform.twitter.com\/widgets.js\" charset=\"utf-8\"><\/script><br \/>\n<br \/><br \/>\n<br \/><a href=\"https:\/\/de.rt.com\/inland\/255464-beim-fruehschoppen-soeder-keift-gegen\/\">Source link <\/a><\/p>\n","protected":false},"excerpt":{"rendered":"<p>Er kann es nicht lassen: CSU-Chef Markus S\u00f6der attackierte beim politischen Fr\u00fchschoppen Gillamoos beim Jahrmarkt im bayrischen Abensberg die Gr\u00fcnen und Ex-Minister Habeck \u2013 und er rief: &#8220;Schluss mit dem Tofu-Terror!&#8221; Gleichzeitig bekr\u00e4ftigte er seine Forderung, die AfD nicht verbieten zu wollen. Bayerns Ministerpr\u00e4sident Markus S\u00f6der (CSU) hat beim politischen Fr\u00fchschoppen auf dem Gillamoos-Volksfest in [&hellip;]<\/p>\n","protected":false},"author":3,"featured_media":90186,"comment_status":"open","ping_status":"open","sticky":false,"template":"","format":"standard","meta":{"_yoast_indexnow_last_ping":["1757350058"],"wp_automatic_camp":["217"],"a4a10c151a4ecb131ca47e6855c17a28":["Beim Fr\u00fchschoppen: S\u00f6der keift gegen gr\u00fcnen &quot;Tofuterror&quot; und spricht sich gegen AfD-Verbot aus"],"original_link":["https:\/\/de.rt.com\/inland\/255464-beim-fruehschoppen-soeder-keift-gegen\/"],"_thumbnail_id":["90186"],"jnews_social_counter_last_update":["1777825957"],"_wptgpro_p2tg_sent2tg":["a:1:{i:23737;s:19:\"2025-09-08 18:48:44\";}"]},"categories":[19,23],"tags":[34226,679,1814,67591,278,594,67592,67593,434,3822,4067,140],"yoast_head":"<!-- This site is optimized with the Yoast SEO Premium plugin v22.7 (Yoast SEO v22.7) - https:\/\/yoast.com\/wordpress\/plugins\/seo\/ -->\n<title>Beim Fr\u00fchschoppen: S\u00f6der keift gegen gr\u00fcnen &quot;Tofuterror&quot; und spricht sich gegen AfD-Verbot aus - just-now.NEWS Deutschland<\/title>\n<meta name=\"robots\" content=\"index, follow, max-snippet:-1, max-image-preview:large, max-video-preview:-1\" \/>\n<link rel=\"canonical\" href=\"https:\/\/now-news.de\/de\/deutschland\/beim-fruehschoppen-soeder-keift-gegen-gruenen-tofuterror-und-spricht-sich-gegen-afd-verbot-aus\/\" \/>\n<meta property=\"og:locale\" content=\"de_DE\" \/>\n<meta property=\"og:type\" content=\"article\" \/>\n<meta property=\"og:title\" content=\"Beim Fr\u00fchschoppen: S\u00f6der keift gegen gr\u00fcnen &quot;Tofuterror&quot; und spricht sich gegen AfD-Verbot aus\" \/>\n<meta property=\"og:description\" content=\"Er kann es nicht lassen: CSU-Chef Markus S\u00f6der attackierte beim politischen Fr\u00fchschoppen Gillamoos beim Jahrmarkt im bayrischen Abensberg die Gr\u00fcnen und Ex-Minister Habeck \u2013 und er rief: &#8220;Schluss mit dem Tofu-Terror!&#8221; Gleichzeitig bekr\u00e4ftigte er seine Forderung, die AfD nicht verbieten zu wollen. Bayerns Ministerpr\u00e4sident Markus S\u00f6der (CSU) hat beim politischen Fr\u00fchschoppen auf dem Gillamoos-Volksfest in [&hellip;]\" \/>\n<meta property=\"og:url\" content=\"https:\/\/now-news.de\/de\/deutschland\/beim-fruehschoppen-soeder-keift-gegen-gruenen-tofuterror-und-spricht-sich-gegen-afd-verbot-aus\/\" \/>\n<meta property=\"og:site_name\" content=\"just-now.NEWS Deutschland\" \/>\n<meta property=\"article:publisher\" content=\"https:\/\/www.facebook.com\/wirmachenauf\" \/>\n<meta property=\"article:published_time\" content=\"2025-09-08T16:41:21+00:00\" \/>\n<meta property=\"og:image\" content=\"https:\/\/now-news.de\/de\/wp-content\/uploads\/sites\/3\/2025\/09\/68bef7e548fbef7e5d107ddd.jpg\" \/>\n<meta name=\"author\" content=\"rtnews\" \/>\n<meta name=\"twitter:card\" content=\"summary_large_image\" \/>\n<meta name=\"twitter:creator\" content=\"@WirMachenAuf_de\" \/>\n<meta name=\"twitter:site\" content=\"@WirMachenAuf_de\" \/>\n<meta name=\"twitter:label1\" content=\"Verfasst von\" \/>\n\t<meta name=\"twitter:data1\" content=\"rtnews\" \/>\n\t<meta name=\"twitter:label2\" content=\"Gesch\u00e4tzte Lesezeit\" \/>\n\t<meta name=\"twitter:data2\" content=\"2\u00a0Minuten\" \/>\n<script type=\"application\/ld+json\" class=\"yoast-schema-graph\">{\"@context\":\"https:\/\/schema.org\",\"@graph\":[{\"@type\":\"Article\",\"@id\":\"https:\/\/now-news.de\/de\/deutschland\/beim-fruehschoppen-soeder-keift-gegen-gruenen-tofuterror-und-spricht-sich-gegen-afd-verbot-aus\/#article\",\"isPartOf\":{\"@id\":\"https:\/\/now-news.de\/de\/deutschland\/beim-fruehschoppen-soeder-keift-gegen-gruenen-tofuterror-und-spricht-sich-gegen-afd-verbot-aus\/\"},\"author\":{\"name\":\"rtnews\",\"@id\":\"https:\/\/now-news.de\/de\/#\/schema\/person\/fb534a4e865501d8b3285208df34a9b5\"},\"headline\":\"Beim Fr\u00fchschoppen: S\u00f6der keift gegen gr\u00fcnen &quot;Tofuterror&quot; und spricht sich gegen AfD-Verbot aus\",\"datePublished\":\"2025-09-08T16:41:21+00:00\",\"dateModified\":\"2025-09-08T16:41:21+00:00\",\"mainEntityOfPage\":{\"@id\":\"https:\/\/now-news.de\/de\/deutschland\/beim-fruehschoppen-soeder-keift-gegen-gruenen-tofuterror-und-spricht-sich-gegen-afd-verbot-aus\/\"},\"wordCount\":510,\"commentCount\":0,\"publisher\":{\"@id\":\"https:\/\/now-news.de\/de\/#organization\"},\"image\":{\"@id\":\"https:\/\/now-news.de\/de\/deutschland\/beim-fruehschoppen-soeder-keift-gegen-gruenen-tofuterror-und-spricht-sich-gegen-afd-verbot-aus\/#primaryimage\"},\"thumbnailUrl\":\"https:\/\/now-news.de\/de\/wp-content\/uploads\/sites\/3\/2025\/09\/Beim-Fruehschoppen-Soeder-keift-gegen-gruenen-quotTofuterrorquot-und-spricht-sich.jpg\",\"keywords\":[\"AfDVerbot\",\"aus\",\"beim\",\"Fr\u00fchschoppen\",\"gegen\",\"GR\u00dcNEN\",\"keift\",\"quotTofuterrorquot\",\"sich\",\"S\u00f6der\",\"spricht\",\"und\"],\"articleSection\":[\"Deutschland\",\"Russland\"],\"inLanguage\":\"de\",\"potentialAction\":[{\"@type\":\"CommentAction\",\"name\":\"Comment\",\"target\":[\"https:\/\/now-news.de\/de\/deutschland\/beim-fruehschoppen-soeder-keift-gegen-gruenen-tofuterror-und-spricht-sich-gegen-afd-verbot-aus\/#respond\"]}]},{\"@type\":\"WebPage\",\"@id\":\"https:\/\/now-news.de\/de\/deutschland\/beim-fruehschoppen-soeder-keift-gegen-gruenen-tofuterror-und-spricht-sich-gegen-afd-verbot-aus\/\",\"url\":\"https:\/\/now-news.de\/de\/deutschland\/beim-fruehschoppen-soeder-keift-gegen-gruenen-tofuterror-und-spricht-sich-gegen-afd-verbot-aus\/\",\"name\":\"Beim Fr\u00fchschoppen: S\u00f6der keift gegen gr\u00fcnen &quot;Tofuterror&quot; und spricht sich gegen AfD-Verbot aus - just-now.NEWS Deutschland\",\"isPartOf\":{\"@id\":\"https:\/\/now-news.de\/de\/#website\"},\"primaryImageOfPage\":{\"@id\":\"https:\/\/now-news.de\/de\/deutschland\/beim-fruehschoppen-soeder-keift-gegen-gruenen-tofuterror-und-spricht-sich-gegen-afd-verbot-aus\/#primaryimage\"},\"image\":{\"@id\":\"https:\/\/now-news.de\/de\/deutschland\/beim-fruehschoppen-soeder-keift-gegen-gruenen-tofuterror-und-spricht-sich-gegen-afd-verbot-aus\/#primaryimage\"},\"thumbnailUrl\":\"https:\/\/now-news.de\/de\/wp-content\/uploads\/sites\/3\/2025\/09\/Beim-Fruehschoppen-Soeder-keift-gegen-gruenen-quotTofuterrorquot-und-spricht-sich.jpg\",\"datePublished\":\"2025-09-08T16:41:21+00:00\",\"dateModified\":\"2025-09-08T16:41:21+00:00\",\"breadcrumb\":{\"@id\":\"https:\/\/now-news.de\/de\/deutschland\/beim-fruehschoppen-soeder-keift-gegen-gruenen-tofuterror-und-spricht-sich-gegen-afd-verbot-aus\/#breadcrumb\"},\"inLanguage\":\"de\",\"potentialAction\":[{\"@type\":\"ReadAction\",\"target\":[\"https:\/\/now-news.de\/de\/deutschland\/beim-fruehschoppen-soeder-keift-gegen-gruenen-tofuterror-und-spricht-sich-gegen-afd-verbot-aus\/\"]}]},{\"@type\":\"ImageObject\",\"inLanguage\":\"de\",\"@id\":\"https:\/\/now-news.de\/de\/deutschland\/beim-fruehschoppen-soeder-keift-gegen-gruenen-tofuterror-und-spricht-sich-gegen-afd-verbot-aus\/#primaryimage\",\"url\":\"https:\/\/now-news.de\/de\/wp-content\/uploads\/sites\/3\/2025\/09\/Beim-Fruehschoppen-Soeder-keift-gegen-gruenen-quotTofuterrorquot-und-spricht-sich.jpg\",\"contentUrl\":\"https:\/\/now-news.de\/de\/wp-content\/uploads\/sites\/3\/2025\/09\/Beim-Fruehschoppen-Soeder-keift-gegen-gruenen-quotTofuterrorquot-und-spricht-sich.jpg\",\"width\":460,\"height\":259,\"caption\":\"Beim Fr\u00fchschoppen: S\u00f6der keift gegen gr\u00fcnen &quot;Tofuterror&quot; und spricht sich gegen AfD-Verbot aus\"},{\"@type\":\"BreadcrumbList\",\"@id\":\"https:\/\/now-news.de\/de\/deutschland\/beim-fruehschoppen-soeder-keift-gegen-gruenen-tofuterror-und-spricht-sich-gegen-afd-verbot-aus\/#breadcrumb\",\"itemListElement\":[{\"@type\":\"ListItem\",\"position\":1,\"name\":\"Home\",\"item\":\"https:\/\/now-news.de\/de\/\"},{\"@type\":\"ListItem\",\"position\":2,\"name\":\"Beim Fr\u00fchschoppen: S\u00f6der keift gegen gr\u00fcnen &quot;Tofuterror&quot; und spricht sich gegen AfD-Verbot aus\"}]},{\"@type\":\"WebSite\",\"@id\":\"https:\/\/now-news.de\/de\/#website\",\"url\":\"https:\/\/now-news.de\/de\/\",\"name\":\"just-now.NEWS Deutschland\",\"description\":\"Das Portal f\u00fcr unzensierte Nachrichten aus der Welt\",\"publisher\":{\"@id\":\"https:\/\/now-news.de\/de\/#organization\"},\"potentialAction\":[{\"@type\":\"SearchAction\",\"target\":{\"@type\":\"EntryPoint\",\"urlTemplate\":\"https:\/\/now-news.de\/de\/?s={search_term_string}\"},\"query-input\":\"required name=search_term_string\"}],\"inLanguage\":\"de\"},{\"@type\":\"Organization\",\"@id\":\"https:\/\/now-news.de\/de\/#organization\",\"name\":\"Just Now News\",\"url\":\"https:\/\/now-news.de\/de\/\",\"logo\":{\"@type\":\"ImageObject\",\"inLanguage\":\"de\",\"@id\":\"https:\/\/now-news.de\/de\/#\/schema\/logo\/image\/\",\"url\":\"http:\/\/just-now.news\/de\/wp-content\/uploads\/sites\/3\/2022\/04\/logo500x500.jpg\",\"contentUrl\":\"http:\/\/just-now.news\/de\/wp-content\/uploads\/sites\/3\/2022\/04\/logo500x500.jpg\",\"width\":500,\"height\":500,\"caption\":\"Just Now News\"},\"image\":{\"@id\":\"https:\/\/now-news.de\/de\/#\/schema\/logo\/image\/\"},\"sameAs\":[\"https:\/\/www.facebook.com\/wirmachenauf\",\"https:\/\/x.com\/WirMachenAuf_de\"]},{\"@type\":\"Person\",\"@id\":\"https:\/\/now-news.de\/de\/#\/schema\/person\/fb534a4e865501d8b3285208df34a9b5\",\"name\":\"rtnews\",\"image\":{\"@type\":\"ImageObject\",\"inLanguage\":\"de\",\"@id\":\"https:\/\/now-news.de\/de\/#\/schema\/person\/image\/\",\"url\":\"https:\/\/secure.gravatar.com\/avatar\/82aafea7d8127119dd649515f56e2117?s=96&d=mm&r=g\",\"contentUrl\":\"https:\/\/secure.gravatar.com\/avatar\/82aafea7d8127119dd649515f56e2117?s=96&d=mm&r=g\",\"caption\":\"rtnews\"},\"url\":\"https:\/\/now-news.de\/de\/author\/rnews\/\"}]}<\/script>\n<!-- \/ Yoast SEO Premium plugin. -->","yoast_head_json":{"title":"Beim Fr\u00fchschoppen: S\u00f6der keift gegen gr\u00fcnen &quot;Tofuterror&quot; und spricht sich gegen AfD-Verbot aus - just-now.NEWS Deutschland","robots":{"index":"index","follow":"follow","max-snippet":"max-snippet:-1","max-image-preview":"max-image-preview:large","max-video-preview":"max-video-preview:-1"},"canonical":"https:\/\/now-news.de\/de\/deutschland\/beim-fruehschoppen-soeder-keift-gegen-gruenen-tofuterror-und-spricht-sich-gegen-afd-verbot-aus\/","og_locale":"de_DE","og_type":"article","og_title":"Beim Fr\u00fchschoppen: S\u00f6der keift gegen gr\u00fcnen &quot;Tofuterror&quot; und spricht sich gegen AfD-Verbot aus","og_description":"Er kann es nicht lassen: CSU-Chef Markus S\u00f6der attackierte beim politischen Fr\u00fchschoppen Gillamoos beim Jahrmarkt im bayrischen Abensberg die Gr\u00fcnen und Ex-Minister Habeck \u2013 und er rief: &#8220;Schluss mit dem Tofu-Terror!&#8221; Gleichzeitig bekr\u00e4ftigte er seine Forderung, die AfD nicht verbieten zu wollen. Bayerns Ministerpr\u00e4sident Markus S\u00f6der (CSU) hat beim politischen Fr\u00fchschoppen auf dem Gillamoos-Volksfest in [&hellip;]","og_url":"https:\/\/now-news.de\/de\/deutschland\/beim-fruehschoppen-soeder-keift-gegen-gruenen-tofuterror-und-spricht-sich-gegen-afd-verbot-aus\/","og_site_name":"just-now.NEWS Deutschland","article_publisher":"https:\/\/www.facebook.com\/wirmachenauf","article_published_time":"2025-09-08T16:41:21+00:00","og_image":[{"url":"https:\/\/now-news.de\/de\/wp-content\/uploads\/sites\/3\/2025\/09\/68bef7e548fbef7e5d107ddd.jpg"}],"author":"rtnews","twitter_card":"summary_large_image","twitter_creator":"@WirMachenAuf_de","twitter_site":"@WirMachenAuf_de","twitter_misc":{"Verfasst von":"rtnews","Gesch\u00e4tzte Lesezeit":"2\u00a0Minuten"},"schema":{"@context":"https:\/\/schema.org","@graph":[{"@type":"Article","@id":"https:\/\/now-news.de\/de\/deutschland\/beim-fruehschoppen-soeder-keift-gegen-gruenen-tofuterror-und-spricht-sich-gegen-afd-verbot-aus\/#article","isPartOf":{"@id":"https:\/\/now-news.de\/de\/deutschland\/beim-fruehschoppen-soeder-keift-gegen-gruenen-tofuterror-und-spricht-sich-gegen-afd-verbot-aus\/"},"author":{"name":"rtnews","@id":"https:\/\/now-news.de\/de\/#\/schema\/person\/fb534a4e865501d8b3285208df34a9b5"},"headline":"Beim Fr\u00fchschoppen: S\u00f6der keift gegen gr\u00fcnen &quot;Tofuterror&quot; und spricht sich gegen AfD-Verbot aus","datePublished":"2025-09-08T16:41:21+00:00","dateModified":"2025-09-08T16:41:21+00:00","mainEntityOfPage":{"@id":"https:\/\/now-news.de\/de\/deutschland\/beim-fruehschoppen-soeder-keift-gegen-gruenen-tofuterror-und-spricht-sich-gegen-afd-verbot-aus\/"},"wordCount":510,"commentCount":0,"publisher":{"@id":"https:\/\/now-news.de\/de\/#organization"},"image":{"@id":"https:\/\/now-news.de\/de\/deutschland\/beim-fruehschoppen-soeder-keift-gegen-gruenen-tofuterror-und-spricht-sich-gegen-afd-verbot-aus\/#primaryimage"},"thumbnailUrl":"https:\/\/now-news.de\/de\/wp-content\/uploads\/sites\/3\/2025\/09\/Beim-Fruehschoppen-Soeder-keift-gegen-gruenen-quotTofuterrorquot-und-spricht-sich.jpg","keywords":["AfDVerbot","aus","beim","Fr\u00fchschoppen","gegen","GR\u00dcNEN","keift","quotTofuterrorquot","sich","S\u00f6der","spricht","und"],"articleSection":["Deutschland","Russland"],"inLanguage":"de","potentialAction":[{"@type":"CommentAction","name":"Comment","target":["https:\/\/now-news.de\/de\/deutschland\/beim-fruehschoppen-soeder-keift-gegen-gruenen-tofuterror-und-spricht-sich-gegen-afd-verbot-aus\/#respond"]}]},{"@type":"WebPage","@id":"https:\/\/now-news.de\/de\/deutschland\/beim-fruehschoppen-soeder-keift-gegen-gruenen-tofuterror-und-spricht-sich-gegen-afd-verbot-aus\/","url":"https:\/\/now-news.de\/de\/deutschland\/beim-fruehschoppen-soeder-keift-gegen-gruenen-tofuterror-und-spricht-sich-gegen-afd-verbot-aus\/","name":"Beim Fr\u00fchschoppen: S\u00f6der keift gegen gr\u00fcnen &quot;Tofuterror&quot; und spricht sich gegen AfD-Verbot aus - just-now.NEWS Deutschland","isPartOf":{"@id":"https:\/\/now-news.de\/de\/#website"},"primaryImageOfPage":{"@id":"https:\/\/now-news.de\/de\/deutschland\/beim-fruehschoppen-soeder-keift-gegen-gruenen-tofuterror-und-spricht-sich-gegen-afd-verbot-aus\/#primaryimage"},"image":{"@id":"https:\/\/now-news.de\/de\/deutschland\/beim-fruehschoppen-soeder-keift-gegen-gruenen-tofuterror-und-spricht-sich-gegen-afd-verbot-aus\/#primaryimage"},"thumbnailUrl":"https:\/\/now-news.de\/de\/wp-content\/uploads\/sites\/3\/2025\/09\/Beim-Fruehschoppen-Soeder-keift-gegen-gruenen-quotTofuterrorquot-und-spricht-sich.jpg","datePublished":"2025-09-08T16:41:21+00:00","dateModified":"2025-09-08T16:41:21+00:00","breadcrumb":{"@id":"https:\/\/now-news.de\/de\/deutschland\/beim-fruehschoppen-soeder-keift-gegen-gruenen-tofuterror-und-spricht-sich-gegen-afd-verbot-aus\/#breadcrumb"},"inLanguage":"de","potentialAction":[{"@type":"ReadAction","target":["https:\/\/now-news.de\/de\/deutschland\/beim-fruehschoppen-soeder-keift-gegen-gruenen-tofuterror-und-spricht-sich-gegen-afd-verbot-aus\/"]}]},{"@type":"ImageObject","inLanguage":"de","@id":"https:\/\/now-news.de\/de\/deutschland\/beim-fruehschoppen-soeder-keift-gegen-gruenen-tofuterror-und-spricht-sich-gegen-afd-verbot-aus\/#primaryimage","url":"https:\/\/now-news.de\/de\/wp-content\/uploads\/sites\/3\/2025\/09\/Beim-Fruehschoppen-Soeder-keift-gegen-gruenen-quotTofuterrorquot-und-spricht-sich.jpg","contentUrl":"https:\/\/now-news.de\/de\/wp-content\/uploads\/sites\/3\/2025\/09\/Beim-Fruehschoppen-Soeder-keift-gegen-gruenen-quotTofuterrorquot-und-spricht-sich.jpg","width":460,"height":259,"caption":"Beim Fr\u00fchschoppen: S\u00f6der keift gegen gr\u00fcnen &quot;Tofuterror&quot; und spricht sich gegen AfD-Verbot aus"},{"@type":"BreadcrumbList","@id":"https:\/\/now-news.de\/de\/deutschland\/beim-fruehschoppen-soeder-keift-gegen-gruenen-tofuterror-und-spricht-sich-gegen-afd-verbot-aus\/#breadcrumb","itemListElement":[{"@type":"ListItem","position":1,"name":"Home","item":"https:\/\/now-news.de\/de\/"},{"@type":"ListItem","position":2,"name":"Beim Fr\u00fchschoppen: S\u00f6der keift gegen gr\u00fcnen &quot;Tofuterror&quot; und spricht sich gegen AfD-Verbot aus"}]},{"@type":"WebSite","@id":"https:\/\/now-news.de\/de\/#website","url":"https:\/\/now-news.de\/de\/","name":"just-now.NEWS Deutschland","description":"Das Portal f\u00fcr unzensierte Nachrichten aus der Welt","publisher":{"@id":"https:\/\/now-news.de\/de\/#organization"},"potentialAction":[{"@type":"SearchAction","target":{"@type":"EntryPoint","urlTemplate":"https:\/\/now-news.de\/de\/?s={search_term_string}"},"query-input":"required name=search_term_string"}],"inLanguage":"de"},{"@type":"Organization","@id":"https:\/\/now-news.de\/de\/#organization","name":"Just Now News","url":"https:\/\/now-news.de\/de\/","logo":{"@type":"ImageObject","inLanguage":"de","@id":"https:\/\/now-news.de\/de\/#\/schema\/logo\/image\/","url":"http:\/\/just-now.news\/de\/wp-content\/uploads\/sites\/3\/2022\/04\/logo500x500.jpg","contentUrl":"http:\/\/just-now.news\/de\/wp-content\/uploads\/sites\/3\/2022\/04\/logo500x500.jpg","width":500,"height":500,"caption":"Just Now News"},"image":{"@id":"https:\/\/now-news.de\/de\/#\/schema\/logo\/image\/"},"sameAs":["https:\/\/www.facebook.com\/wirmachenauf","https:\/\/x.com\/WirMachenAuf_de"]},{"@type":"Person","@id":"https:\/\/now-news.de\/de\/#\/schema\/person\/fb534a4e865501d8b3285208df34a9b5","name":"rtnews","image":{"@type":"ImageObject","inLanguage":"de","@id":"https:\/\/now-news.de\/de\/#\/schema\/person\/image\/","url":"https:\/\/secure.gravatar.com\/avatar\/82aafea7d8127119dd649515f56e2117?s=96&d=mm&r=g","contentUrl":"https:\/\/secure.gravatar.com\/avatar\/82aafea7d8127119dd649515f56e2117?s=96&d=mm&r=g","caption":"rtnews"},"url":"https:\/\/now-news.de\/de\/author\/rnews\/"}]}},"_links":{"self":[{"href":"https:\/\/now-news.de\/de\/wp-json\/wp\/v2\/posts\/90185"}],"collection":[{"href":"https:\/\/now-news.de\/de\/wp-json\/wp\/v2\/posts"}],"about":[{"href":"https:\/\/now-news.de\/de\/wp-json\/wp\/v2\/types\/post"}],"author":[{"embeddable":true,"href":"https:\/\/now-news.de\/de\/wp-json\/wp\/v2\/users\/3"}],"replies":[{"embeddable":true,"href":"https:\/\/now-news.de\/de\/wp-json\/wp\/v2\/comments?post=90185"}],"version-history":[{"count":0,"href":"https:\/\/now-news.de\/de\/wp-json\/wp\/v2\/posts\/90185\/revisions"}],"wp:featuredmedia":[{"embeddable":true,"href":"https:\/\/now-news.de\/de\/wp-json\/wp\/v2\/media\/90186"}],"wp:attachment":[{"href":"https:\/\/now-news.de\/de\/wp-json\/wp\/v2\/media?parent=90185"}],"wp:term":[{"taxonomy":"category","embeddable":true,"href":"https:\/\/now-news.de\/de\/wp-json\/wp\/v2\/categories?post=90185"},{"taxonomy":"post_tag","embeddable":true,"href":"https:\/\/now-news.de\/de\/wp-json\/wp\/v2\/tags?post=90185"}],"curies":[{"name":"wp","href":"https:\/\/api.w.org\/{rel}","templated":true}]}}