{"id":90153,"date":"2025-09-08T12:10:30","date_gmt":"2025-09-08T10:10:30","guid":{"rendered":"https:\/\/now-news.de\/de\/deutschland\/anhaenger-der-tuerkischen-oppositionspartei-chp-protestieren-in-istanbul-trotz-demonstrationsverbot\/"},"modified":"2025-09-08T12:10:30","modified_gmt":"2025-09-08T10:10:30","slug":"anhaenger-der-tuerkischen-oppositionspartei-chp-protestieren-in-istanbul-trotz-demonstrationsverbot","status":"publish","type":"post","link":"https:\/\/now-news.de\/de\/deutschland\/anhaenger-der-tuerkischen-oppositionspartei-chp-protestieren-in-istanbul-trotz-demonstrationsverbot\/","title":{"rendered":"Anh\u00e4nger der t\u00fcrkischen Oppositionspartei CHP protestieren in Istanbul trotz Demonstrationsverbot"},"content":{"rendered":"<p><img decoding=\"async\" src=\"https:\/\/now-news.de\/de\/wp-content\/uploads\/sites\/3\/2025\/09\/68bea206b480cc4f9f345cce.jpg\" \/><\/p>\n<div class=\"Text-root Text-type_1 \">\n                Die Menschen protestieren gegen die Entscheidung eines Gerichts, die F\u00fchrung der Istanbuler Zweigstelle der Republikanischen Volkspartei zu entlassen. Es kam zu Zusammenst\u00f6\u00dfen mit der Polizei. Ekrem \u0130mamo\u011flu, eine der F\u00fchrungspersonen der Partei, ist seit Mai in Haft.\n            <\/div>\n<p><\/p>\n<div class=\"Text-root Text-type_5 ArticleView-text ViewText-root \">\n<p>In Istanbul ist es wieder zu Protesten gekommen.\u00a0Anh\u00e4nger der gr\u00f6\u00dften Oppositionspartei in der T\u00fcrkei, der Republikanischen Volkspartei (CHP), haben vor der Istanbuler Zentrale der Organisation gegen die Absetzung der lokalen Parteispitze, einschlie\u00dflich der Istanbuler Parteivorsitzenden \u00d6zg\u00fcr \u00c7elik, protestiert. Dies <a rel=\"nofollow noopener\" target=\"_blank\" href=\"https:\/\/www.hurriyet.com.tr\/gundem\/chp-istanbul-il-baskanligi-onunde-protesto-42940948\">teilt<\/a> die Zeitung <em>Hurriyet<\/em> am Montag mit.<\/p>\n<p>Der Grund f\u00fcr die Demonstration war ein Gerichtsbeschluss vom vergangenen Dienstag. Ein Gericht hatte die Ergebnisse des Parteitages von 2023, auf dem die F\u00fchrung der Istanbuler Abteilung gew\u00e4hlt worden war, wegen Verst\u00f6\u00dfen bei der Durchf\u00fchrung des Kongresses und der Abstimmung f\u00fcr ung\u00fcltig erkl\u00e4rt. Anstelle von \u00c7elik ernannte das Gericht ein anderes Parteimitglied, G\u00fcrsel Tekin.<\/p>\n<p>Au\u00dferdem verk\u00fcndete die Stadtverwaltung ein dreit\u00e4giges Verbot von Versammlungen, Demonstrationen und Verteilung von Flugbl\u00e4ttern in einigen Stadtbezirken.\u00a0Das Verbot gilt von 20:00 Uhr am 7. September bis 23:59 Uhr am 10. September in den Stadtteilen Be\u015fikta\u015f, Beyo\u011flu, Ey\u00fcpsultan, Ka\u011f\u0131thane, \u015ei\u015fli sowie Sar\u0131yer, wo sich das B\u00fcro der Istanbuler Abteilung der CHP befindet.<\/p>\n<p>\u00d6zg\u00fcr \u00d6zel, der Vorsitzende der Partei, forderte die Aufhebung des Gerichtsbeschlusses zur Entlassung von \u00c7elik. &#8220;Sie begehen einen historischen Fehler, Sie werden sich sch\u00e4men, kehren Sie von diesem Irrtum um, verhalten Sie sich so, wie es sich f\u00fcr Mitglieder der Partei Mustafa Kemals geh\u00f6rt, dies ist meine letzte Warnung&#8221;, <a rel=\"nofollow noopener\" target=\"_blank\" href=\"https:\/\/www.milliyet.com.tr\/gundem\/chp-genel-baskani-ozel-bu-hatadan-donun-son-uyarimdir-7441277\">zitiert<\/a> das Blatt <em>Milliyet <\/em>seine Worte.<\/p>\n<p>Die Jugendabteilungen der Partei erkl\u00e4rten noch vor dem Demonstrationsverbot, dass sie &#8220;Seite an Seite mit dem Provinzvorsitzenden \u00d6zg\u00fcr \u00c7elik stehen&#8221; und riefen dazu auf, sich vor dem B\u00fcro der Istanbuler Parteizentrale zu versammeln,\u00a0<a rel=\"nofollow noopener\" target=\"_blank\" href=\"https:\/\/www.cumhuriyet.com.tr\/turkiye\/chp-istanbul-genclik-kollari-nin-cagrisinin-ardindan-istanbul-da-eylem-yasagi-2433083\">berichtet<\/a> Cumhurriyet.<\/p>\n<p>Ali Yerlikaya, der Innenminister der T\u00fcrkei, <a rel=\"nofollow noopener\" target=\"_blank\" href=\"https:\/\/www.milliyet.com.tr\/gundem\/bakan-yerlikaya-sokaklarin-provoke-edilmesine-asla-musaade-etmeyecegiz-7441293\">erwiderte<\/a>, dass &#8220;die Missachtung von Gerichtsentscheidungen und Versuche, Menschen auf die Stra\u00dfe zu bringen, eine Missachtung des Gesetzes ist&#8221;.\u00a0&#8220;Wir werden niemals zulassen, dass die Aufrufe zur Demonstration die \u00f6ffentliche Ordnung und den Frieden unseres Volkes st\u00f6ren und Unruhen auf den Stra\u00dfen provozieren&#8221;, schrieb Yerlikaya auf X.<\/p>\n<p>Die t\u00fcrkische Polizei berichtete \u00fcber Festnahme von 14 Verd\u00e4chtigen, die in den sozialen Medien provokative Informationen zur &#8220;Anstiftung der \u00d6ffentlichkeit zu Hass und Feindseligkeit&#8221; verbreitet haben sollen.<\/p>\n<p>Die Absetzung der F\u00fchrung der Istanbuler Abteilung der CHP erfolgte vor dem Hintergrund der Verhaftung von \u0130mamo\u011flu, des ehemaligen B\u00fcrgermeisters, im M\u00e4rz. Er galt als Hauptgegner des t\u00fcrkischen Pr\u00e4sidenten Recep Tayyip Erdo\u011fan bei den Wahlen im Jahr 2028.<\/p>\n<p>\u0130mamo\u011flu wurde wegen des Verdachts auf Korruption, Geldw\u00e4sche und Verbindungen zum Terrorismus verhaftet. Der Politiker und seine Partei betrachten die Verfolgung als politisch motiviert. Nach der Verhaftung von \u0130mamo\u011flu kam es in Istanbul zu Protesten, bei denen Hunderte von Menschen festgenommen wurden.<\/p>\n<p><strong>Mehr zum Thema \u2013 <\/strong><a rel=\"nofollow noopener\" target=\"_blank\" href=\"https:\/\/freedert.online\/international\/254932-erdogan-putin-und-selenskij-noch\/\">Erdo\u011fan: Putin und Selenskij noch nicht bereit zu einem Treffen<\/a>\u00a0<\/p>\n<div class=\"EmbedBlock-root EmbedBlock-externalVideo EmbedBlock-rumble\">\n<div class=\"VkEmbed\"><iframe class=\"lazyload\" data-src=\"https:\/\/rumble.com\/embed\/v6w2pbk\" frameborder=\"0\" width=\"853\" height=\"480\" allowfullscreen><\/iframe><\/div>\n<\/div>\n<\/div>\n<p><br \/>\n<br \/><a href=\"https:\/\/de.rt.com\/asien\/255417-anhaenger-tuerkischen-oppositionspartei-chp-protestieren\/\">Source link <\/a><\/p>\n","protected":false},"excerpt":{"rendered":"<p>Die Menschen protestieren gegen die Entscheidung eines Gerichts, die F\u00fchrung der Istanbuler Zweigstelle der Republikanischen Volkspartei zu entlassen. Es kam zu Zusammenst\u00f6\u00dfen mit der Polizei. Ekrem \u0130mamo\u011flu, eine der F\u00fchrungspersonen der Partei, ist seit Mai in Haft. In Istanbul ist es wieder zu Protesten gekommen.\u00a0Anh\u00e4nger der gr\u00f6\u00dften Oppositionspartei in der T\u00fcrkei, der Republikanischen Volkspartei (CHP), [&hellip;]<\/p>\n","protected":false},"author":3,"featured_media":90154,"comment_status":"open","ping_status":"open","sticky":false,"template":"","format":"standard","meta":{"_yoast_indexnow_last_ping":["1757326958"],"wp_automatic_camp":["217"],"2748e5d4f7c238e4449cc9cf683b775b":["Anh\u00e4nger der t\u00fcrkischen Oppositionspartei CHP protestieren in Istanbul trotz Demonstrationsverbot"],"original_link":["https:\/\/de.rt.com\/asien\/255417-anhaenger-tuerkischen-oppositionspartei-chp-protestieren\/"],"_thumbnail_id":["90154"],"jnews_social_counter_last_update":["1777502879"],"_wptgpro_p2tg_sent2tg":["a:1:{i:23737;s:19:\"2025-09-08 12:23:39\";}"]},"categories":[19,23],"tags":[20588,63694,42154,82,27964,45798,16257,1381,13974],"yoast_head":"<!-- This site is optimized with the Yoast SEO Premium plugin v22.7 (Yoast SEO v22.7) - https:\/\/yoast.com\/wordpress\/plugins\/seo\/ -->\n<title>Anh\u00e4nger der t\u00fcrkischen Oppositionspartei CHP protestieren in Istanbul trotz Demonstrationsverbot - just-now.NEWS Deutschland<\/title>\n<meta name=\"robots\" content=\"index, follow, max-snippet:-1, max-image-preview:large, max-video-preview:-1\" \/>\n<link rel=\"canonical\" href=\"https:\/\/now-news.de\/de\/deutschland\/anhaenger-der-tuerkischen-oppositionspartei-chp-protestieren-in-istanbul-trotz-demonstrationsverbot\/\" \/>\n<meta property=\"og:locale\" content=\"de_DE\" \/>\n<meta property=\"og:type\" content=\"article\" \/>\n<meta property=\"og:title\" content=\"Anh\u00e4nger der t\u00fcrkischen Oppositionspartei CHP protestieren in Istanbul trotz Demonstrationsverbot\" \/>\n<meta property=\"og:description\" content=\"Die Menschen protestieren gegen die Entscheidung eines Gerichts, die F\u00fchrung der Istanbuler Zweigstelle der Republikanischen Volkspartei zu entlassen. Es kam zu Zusammenst\u00f6\u00dfen mit der Polizei. Ekrem \u0130mamo\u011flu, eine der F\u00fchrungspersonen der Partei, ist seit Mai in Haft. In Istanbul ist es wieder zu Protesten gekommen.\u00a0Anh\u00e4nger der gr\u00f6\u00dften Oppositionspartei in der T\u00fcrkei, der Republikanischen Volkspartei (CHP), [&hellip;]\" \/>\n<meta property=\"og:url\" content=\"https:\/\/now-news.de\/de\/deutschland\/anhaenger-der-tuerkischen-oppositionspartei-chp-protestieren-in-istanbul-trotz-demonstrationsverbot\/\" \/>\n<meta property=\"og:site_name\" content=\"just-now.NEWS Deutschland\" \/>\n<meta property=\"article:publisher\" content=\"https:\/\/www.facebook.com\/wirmachenauf\" \/>\n<meta property=\"article:published_time\" content=\"2025-09-08T10:10:30+00:00\" \/>\n<meta property=\"og:image\" content=\"https:\/\/now-news.de\/de\/wp-content\/uploads\/sites\/3\/2025\/09\/68bea206b480cc4f9f345cce.jpg\" \/>\n<meta name=\"author\" content=\"rtnews\" \/>\n<meta name=\"twitter:card\" content=\"summary_large_image\" \/>\n<meta name=\"twitter:creator\" content=\"@WirMachenAuf_de\" \/>\n<meta name=\"twitter:site\" content=\"@WirMachenAuf_de\" \/>\n<meta name=\"twitter:label1\" content=\"Verfasst von\" \/>\n\t<meta name=\"twitter:data1\" content=\"rtnews\" \/>\n\t<meta name=\"twitter:label2\" content=\"Gesch\u00e4tzte Lesezeit\" \/>\n\t<meta name=\"twitter:data2\" content=\"3\u00a0Minuten\" \/>\n<script type=\"application\/ld+json\" class=\"yoast-schema-graph\">{\"@context\":\"https:\/\/schema.org\",\"@graph\":[{\"@type\":\"Article\",\"@id\":\"https:\/\/now-news.de\/de\/deutschland\/anhaenger-der-tuerkischen-oppositionspartei-chp-protestieren-in-istanbul-trotz-demonstrationsverbot\/#article\",\"isPartOf\":{\"@id\":\"https:\/\/now-news.de\/de\/deutschland\/anhaenger-der-tuerkischen-oppositionspartei-chp-protestieren-in-istanbul-trotz-demonstrationsverbot\/\"},\"author\":{\"name\":\"rtnews\",\"@id\":\"https:\/\/now-news.de\/de\/#\/schema\/person\/fb534a4e865501d8b3285208df34a9b5\"},\"headline\":\"Anh\u00e4nger der t\u00fcrkischen Oppositionspartei CHP protestieren in Istanbul trotz Demonstrationsverbot\",\"datePublished\":\"2025-09-08T10:10:30+00:00\",\"dateModified\":\"2025-09-08T10:10:30+00:00\",\"mainEntityOfPage\":{\"@id\":\"https:\/\/now-news.de\/de\/deutschland\/anhaenger-der-tuerkischen-oppositionspartei-chp-protestieren-in-istanbul-trotz-demonstrationsverbot\/\"},\"wordCount\":514,\"commentCount\":0,\"publisher\":{\"@id\":\"https:\/\/now-news.de\/de\/#organization\"},\"image\":{\"@id\":\"https:\/\/now-news.de\/de\/deutschland\/anhaenger-der-tuerkischen-oppositionspartei-chp-protestieren-in-istanbul-trotz-demonstrationsverbot\/#primaryimage\"},\"thumbnailUrl\":\"https:\/\/now-news.de\/de\/wp-content\/uploads\/sites\/3\/2025\/09\/Anhaenger-der-tuerkischen-Oppositionspartei-CHP-protestieren-in-Istanbul-trotz-Demonstrationsverbot.jpg\",\"keywords\":[\"Anh\u00e4nger\",\"CHP\",\"Demonstrationsverbot\",\"der\",\"Istanbul\",\"Oppositionspartei\",\"protestieren\",\"Trotz\",\"t\u00fcrkischen\"],\"articleSection\":[\"Deutschland\",\"Russland\"],\"inLanguage\":\"de\",\"potentialAction\":[{\"@type\":\"CommentAction\",\"name\":\"Comment\",\"target\":[\"https:\/\/now-news.de\/de\/deutschland\/anhaenger-der-tuerkischen-oppositionspartei-chp-protestieren-in-istanbul-trotz-demonstrationsverbot\/#respond\"]}]},{\"@type\":\"WebPage\",\"@id\":\"https:\/\/now-news.de\/de\/deutschland\/anhaenger-der-tuerkischen-oppositionspartei-chp-protestieren-in-istanbul-trotz-demonstrationsverbot\/\",\"url\":\"https:\/\/now-news.de\/de\/deutschland\/anhaenger-der-tuerkischen-oppositionspartei-chp-protestieren-in-istanbul-trotz-demonstrationsverbot\/\",\"name\":\"Anh\u00e4nger der t\u00fcrkischen Oppositionspartei CHP protestieren in Istanbul trotz Demonstrationsverbot - just-now.NEWS Deutschland\",\"isPartOf\":{\"@id\":\"https:\/\/now-news.de\/de\/#website\"},\"primaryImageOfPage\":{\"@id\":\"https:\/\/now-news.de\/de\/deutschland\/anhaenger-der-tuerkischen-oppositionspartei-chp-protestieren-in-istanbul-trotz-demonstrationsverbot\/#primaryimage\"},\"image\":{\"@id\":\"https:\/\/now-news.de\/de\/deutschland\/anhaenger-der-tuerkischen-oppositionspartei-chp-protestieren-in-istanbul-trotz-demonstrationsverbot\/#primaryimage\"},\"thumbnailUrl\":\"https:\/\/now-news.de\/de\/wp-content\/uploads\/sites\/3\/2025\/09\/Anhaenger-der-tuerkischen-Oppositionspartei-CHP-protestieren-in-Istanbul-trotz-Demonstrationsverbot.jpg\",\"datePublished\":\"2025-09-08T10:10:30+00:00\",\"dateModified\":\"2025-09-08T10:10:30+00:00\",\"breadcrumb\":{\"@id\":\"https:\/\/now-news.de\/de\/deutschland\/anhaenger-der-tuerkischen-oppositionspartei-chp-protestieren-in-istanbul-trotz-demonstrationsverbot\/#breadcrumb\"},\"inLanguage\":\"de\",\"potentialAction\":[{\"@type\":\"ReadAction\",\"target\":[\"https:\/\/now-news.de\/de\/deutschland\/anhaenger-der-tuerkischen-oppositionspartei-chp-protestieren-in-istanbul-trotz-demonstrationsverbot\/\"]}]},{\"@type\":\"ImageObject\",\"inLanguage\":\"de\",\"@id\":\"https:\/\/now-news.de\/de\/deutschland\/anhaenger-der-tuerkischen-oppositionspartei-chp-protestieren-in-istanbul-trotz-demonstrationsverbot\/#primaryimage\",\"url\":\"https:\/\/now-news.de\/de\/wp-content\/uploads\/sites\/3\/2025\/09\/Anhaenger-der-tuerkischen-Oppositionspartei-CHP-protestieren-in-Istanbul-trotz-Demonstrationsverbot.jpg\",\"contentUrl\":\"https:\/\/now-news.de\/de\/wp-content\/uploads\/sites\/3\/2025\/09\/Anhaenger-der-tuerkischen-Oppositionspartei-CHP-protestieren-in-Istanbul-trotz-Demonstrationsverbot.jpg\",\"width\":460,\"height\":259,\"caption\":\"Anh\u00e4nger der t\u00fcrkischen Oppositionspartei CHP protestieren in Istanbul trotz Demonstrationsverbot\"},{\"@type\":\"BreadcrumbList\",\"@id\":\"https:\/\/now-news.de\/de\/deutschland\/anhaenger-der-tuerkischen-oppositionspartei-chp-protestieren-in-istanbul-trotz-demonstrationsverbot\/#breadcrumb\",\"itemListElement\":[{\"@type\":\"ListItem\",\"position\":1,\"name\":\"Home\",\"item\":\"https:\/\/now-news.de\/de\/\"},{\"@type\":\"ListItem\",\"position\":2,\"name\":\"Anh\u00e4nger der t\u00fcrkischen Oppositionspartei CHP protestieren in Istanbul trotz Demonstrationsverbot\"}]},{\"@type\":\"WebSite\",\"@id\":\"https:\/\/now-news.de\/de\/#website\",\"url\":\"https:\/\/now-news.de\/de\/\",\"name\":\"just-now.NEWS Deutschland\",\"description\":\"Das Portal f\u00fcr unzensierte Nachrichten aus der Welt\",\"publisher\":{\"@id\":\"https:\/\/now-news.de\/de\/#organization\"},\"potentialAction\":[{\"@type\":\"SearchAction\",\"target\":{\"@type\":\"EntryPoint\",\"urlTemplate\":\"https:\/\/now-news.de\/de\/?s={search_term_string}\"},\"query-input\":\"required name=search_term_string\"}],\"inLanguage\":\"de\"},{\"@type\":\"Organization\",\"@id\":\"https:\/\/now-news.de\/de\/#organization\",\"name\":\"Just Now News\",\"url\":\"https:\/\/now-news.de\/de\/\",\"logo\":{\"@type\":\"ImageObject\",\"inLanguage\":\"de\",\"@id\":\"https:\/\/now-news.de\/de\/#\/schema\/logo\/image\/\",\"url\":\"http:\/\/just-now.news\/de\/wp-content\/uploads\/sites\/3\/2022\/04\/logo500x500.jpg\",\"contentUrl\":\"http:\/\/just-now.news\/de\/wp-content\/uploads\/sites\/3\/2022\/04\/logo500x500.jpg\",\"width\":500,\"height\":500,\"caption\":\"Just Now News\"},\"image\":{\"@id\":\"https:\/\/now-news.de\/de\/#\/schema\/logo\/image\/\"},\"sameAs\":[\"https:\/\/www.facebook.com\/wirmachenauf\",\"https:\/\/x.com\/WirMachenAuf_de\"]},{\"@type\":\"Person\",\"@id\":\"https:\/\/now-news.de\/de\/#\/schema\/person\/fb534a4e865501d8b3285208df34a9b5\",\"name\":\"rtnews\",\"image\":{\"@type\":\"ImageObject\",\"inLanguage\":\"de\",\"@id\":\"https:\/\/now-news.de\/de\/#\/schema\/person\/image\/\",\"url\":\"https:\/\/secure.gravatar.com\/avatar\/82aafea7d8127119dd649515f56e2117?s=96&d=mm&r=g\",\"contentUrl\":\"https:\/\/secure.gravatar.com\/avatar\/82aafea7d8127119dd649515f56e2117?s=96&d=mm&r=g\",\"caption\":\"rtnews\"},\"url\":\"https:\/\/now-news.de\/de\/author\/rnews\/\"}]}<\/script>\n<!-- \/ Yoast SEO Premium plugin. -->","yoast_head_json":{"title":"Anh\u00e4nger der t\u00fcrkischen Oppositionspartei CHP protestieren in Istanbul trotz Demonstrationsverbot - just-now.NEWS Deutschland","robots":{"index":"index","follow":"follow","max-snippet":"max-snippet:-1","max-image-preview":"max-image-preview:large","max-video-preview":"max-video-preview:-1"},"canonical":"https:\/\/now-news.de\/de\/deutschland\/anhaenger-der-tuerkischen-oppositionspartei-chp-protestieren-in-istanbul-trotz-demonstrationsverbot\/","og_locale":"de_DE","og_type":"article","og_title":"Anh\u00e4nger der t\u00fcrkischen Oppositionspartei CHP protestieren in Istanbul trotz Demonstrationsverbot","og_description":"Die Menschen protestieren gegen die Entscheidung eines Gerichts, die F\u00fchrung der Istanbuler Zweigstelle der Republikanischen Volkspartei zu entlassen. Es kam zu Zusammenst\u00f6\u00dfen mit der Polizei. Ekrem \u0130mamo\u011flu, eine der F\u00fchrungspersonen der Partei, ist seit Mai in Haft. In Istanbul ist es wieder zu Protesten gekommen.\u00a0Anh\u00e4nger der gr\u00f6\u00dften Oppositionspartei in der T\u00fcrkei, der Republikanischen Volkspartei (CHP), [&hellip;]","og_url":"https:\/\/now-news.de\/de\/deutschland\/anhaenger-der-tuerkischen-oppositionspartei-chp-protestieren-in-istanbul-trotz-demonstrationsverbot\/","og_site_name":"just-now.NEWS Deutschland","article_publisher":"https:\/\/www.facebook.com\/wirmachenauf","article_published_time":"2025-09-08T10:10:30+00:00","og_image":[{"url":"https:\/\/now-news.de\/de\/wp-content\/uploads\/sites\/3\/2025\/09\/68bea206b480cc4f9f345cce.jpg"}],"author":"rtnews","twitter_card":"summary_large_image","twitter_creator":"@WirMachenAuf_de","twitter_site":"@WirMachenAuf_de","twitter_misc":{"Verfasst von":"rtnews","Gesch\u00e4tzte Lesezeit":"3\u00a0Minuten"},"schema":{"@context":"https:\/\/schema.org","@graph":[{"@type":"Article","@id":"https:\/\/now-news.de\/de\/deutschland\/anhaenger-der-tuerkischen-oppositionspartei-chp-protestieren-in-istanbul-trotz-demonstrationsverbot\/#article","isPartOf":{"@id":"https:\/\/now-news.de\/de\/deutschland\/anhaenger-der-tuerkischen-oppositionspartei-chp-protestieren-in-istanbul-trotz-demonstrationsverbot\/"},"author":{"name":"rtnews","@id":"https:\/\/now-news.de\/de\/#\/schema\/person\/fb534a4e865501d8b3285208df34a9b5"},"headline":"Anh\u00e4nger der t\u00fcrkischen Oppositionspartei CHP protestieren in Istanbul trotz Demonstrationsverbot","datePublished":"2025-09-08T10:10:30+00:00","dateModified":"2025-09-08T10:10:30+00:00","mainEntityOfPage":{"@id":"https:\/\/now-news.de\/de\/deutschland\/anhaenger-der-tuerkischen-oppositionspartei-chp-protestieren-in-istanbul-trotz-demonstrationsverbot\/"},"wordCount":514,"commentCount":0,"publisher":{"@id":"https:\/\/now-news.de\/de\/#organization"},"image":{"@id":"https:\/\/now-news.de\/de\/deutschland\/anhaenger-der-tuerkischen-oppositionspartei-chp-protestieren-in-istanbul-trotz-demonstrationsverbot\/#primaryimage"},"thumbnailUrl":"https:\/\/now-news.de\/de\/wp-content\/uploads\/sites\/3\/2025\/09\/Anhaenger-der-tuerkischen-Oppositionspartei-CHP-protestieren-in-Istanbul-trotz-Demonstrationsverbot.jpg","keywords":["Anh\u00e4nger","CHP","Demonstrationsverbot","der","Istanbul","Oppositionspartei","protestieren","Trotz","t\u00fcrkischen"],"articleSection":["Deutschland","Russland"],"inLanguage":"de","potentialAction":[{"@type":"CommentAction","name":"Comment","target":["https:\/\/now-news.de\/de\/deutschland\/anhaenger-der-tuerkischen-oppositionspartei-chp-protestieren-in-istanbul-trotz-demonstrationsverbot\/#respond"]}]},{"@type":"WebPage","@id":"https:\/\/now-news.de\/de\/deutschland\/anhaenger-der-tuerkischen-oppositionspartei-chp-protestieren-in-istanbul-trotz-demonstrationsverbot\/","url":"https:\/\/now-news.de\/de\/deutschland\/anhaenger-der-tuerkischen-oppositionspartei-chp-protestieren-in-istanbul-trotz-demonstrationsverbot\/","name":"Anh\u00e4nger der t\u00fcrkischen Oppositionspartei CHP protestieren in Istanbul trotz Demonstrationsverbot - just-now.NEWS Deutschland","isPartOf":{"@id":"https:\/\/now-news.de\/de\/#website"},"primaryImageOfPage":{"@id":"https:\/\/now-news.de\/de\/deutschland\/anhaenger-der-tuerkischen-oppositionspartei-chp-protestieren-in-istanbul-trotz-demonstrationsverbot\/#primaryimage"},"image":{"@id":"https:\/\/now-news.de\/de\/deutschland\/anhaenger-der-tuerkischen-oppositionspartei-chp-protestieren-in-istanbul-trotz-demonstrationsverbot\/#primaryimage"},"thumbnailUrl":"https:\/\/now-news.de\/de\/wp-content\/uploads\/sites\/3\/2025\/09\/Anhaenger-der-tuerkischen-Oppositionspartei-CHP-protestieren-in-Istanbul-trotz-Demonstrationsverbot.jpg","datePublished":"2025-09-08T10:10:30+00:00","dateModified":"2025-09-08T10:10:30+00:00","breadcrumb":{"@id":"https:\/\/now-news.de\/de\/deutschland\/anhaenger-der-tuerkischen-oppositionspartei-chp-protestieren-in-istanbul-trotz-demonstrationsverbot\/#breadcrumb"},"inLanguage":"de","potentialAction":[{"@type":"ReadAction","target":["https:\/\/now-news.de\/de\/deutschland\/anhaenger-der-tuerkischen-oppositionspartei-chp-protestieren-in-istanbul-trotz-demonstrationsverbot\/"]}]},{"@type":"ImageObject","inLanguage":"de","@id":"https:\/\/now-news.de\/de\/deutschland\/anhaenger-der-tuerkischen-oppositionspartei-chp-protestieren-in-istanbul-trotz-demonstrationsverbot\/#primaryimage","url":"https:\/\/now-news.de\/de\/wp-content\/uploads\/sites\/3\/2025\/09\/Anhaenger-der-tuerkischen-Oppositionspartei-CHP-protestieren-in-Istanbul-trotz-Demonstrationsverbot.jpg","contentUrl":"https:\/\/now-news.de\/de\/wp-content\/uploads\/sites\/3\/2025\/09\/Anhaenger-der-tuerkischen-Oppositionspartei-CHP-protestieren-in-Istanbul-trotz-Demonstrationsverbot.jpg","width":460,"height":259,"caption":"Anh\u00e4nger der t\u00fcrkischen Oppositionspartei CHP protestieren in Istanbul trotz Demonstrationsverbot"},{"@type":"BreadcrumbList","@id":"https:\/\/now-news.de\/de\/deutschland\/anhaenger-der-tuerkischen-oppositionspartei-chp-protestieren-in-istanbul-trotz-demonstrationsverbot\/#breadcrumb","itemListElement":[{"@type":"ListItem","position":1,"name":"Home","item":"https:\/\/now-news.de\/de\/"},{"@type":"ListItem","position":2,"name":"Anh\u00e4nger der t\u00fcrkischen Oppositionspartei CHP protestieren in Istanbul trotz Demonstrationsverbot"}]},{"@type":"WebSite","@id":"https:\/\/now-news.de\/de\/#website","url":"https:\/\/now-news.de\/de\/","name":"just-now.NEWS Deutschland","description":"Das Portal f\u00fcr unzensierte Nachrichten aus der Welt","publisher":{"@id":"https:\/\/now-news.de\/de\/#organization"},"potentialAction":[{"@type":"SearchAction","target":{"@type":"EntryPoint","urlTemplate":"https:\/\/now-news.de\/de\/?s={search_term_string}"},"query-input":"required name=search_term_string"}],"inLanguage":"de"},{"@type":"Organization","@id":"https:\/\/now-news.de\/de\/#organization","name":"Just Now News","url":"https:\/\/now-news.de\/de\/","logo":{"@type":"ImageObject","inLanguage":"de","@id":"https:\/\/now-news.de\/de\/#\/schema\/logo\/image\/","url":"http:\/\/just-now.news\/de\/wp-content\/uploads\/sites\/3\/2022\/04\/logo500x500.jpg","contentUrl":"http:\/\/just-now.news\/de\/wp-content\/uploads\/sites\/3\/2022\/04\/logo500x500.jpg","width":500,"height":500,"caption":"Just Now News"},"image":{"@id":"https:\/\/now-news.de\/de\/#\/schema\/logo\/image\/"},"sameAs":["https:\/\/www.facebook.com\/wirmachenauf","https:\/\/x.com\/WirMachenAuf_de"]},{"@type":"Person","@id":"https:\/\/now-news.de\/de\/#\/schema\/person\/fb534a4e865501d8b3285208df34a9b5","name":"rtnews","image":{"@type":"ImageObject","inLanguage":"de","@id":"https:\/\/now-news.de\/de\/#\/schema\/person\/image\/","url":"https:\/\/secure.gravatar.com\/avatar\/82aafea7d8127119dd649515f56e2117?s=96&d=mm&r=g","contentUrl":"https:\/\/secure.gravatar.com\/avatar\/82aafea7d8127119dd649515f56e2117?s=96&d=mm&r=g","caption":"rtnews"},"url":"https:\/\/now-news.de\/de\/author\/rnews\/"}]}},"_links":{"self":[{"href":"https:\/\/now-news.de\/de\/wp-json\/wp\/v2\/posts\/90153"}],"collection":[{"href":"https:\/\/now-news.de\/de\/wp-json\/wp\/v2\/posts"}],"about":[{"href":"https:\/\/now-news.de\/de\/wp-json\/wp\/v2\/types\/post"}],"author":[{"embeddable":true,"href":"https:\/\/now-news.de\/de\/wp-json\/wp\/v2\/users\/3"}],"replies":[{"embeddable":true,"href":"https:\/\/now-news.de\/de\/wp-json\/wp\/v2\/comments?post=90153"}],"version-history":[{"count":0,"href":"https:\/\/now-news.de\/de\/wp-json\/wp\/v2\/posts\/90153\/revisions"}],"wp:featuredmedia":[{"embeddable":true,"href":"https:\/\/now-news.de\/de\/wp-json\/wp\/v2\/media\/90154"}],"wp:attachment":[{"href":"https:\/\/now-news.de\/de\/wp-json\/wp\/v2\/media?parent=90153"}],"wp:term":[{"taxonomy":"category","embeddable":true,"href":"https:\/\/now-news.de\/de\/wp-json\/wp\/v2\/categories?post=90153"},{"taxonomy":"post_tag","embeddable":true,"href":"https:\/\/now-news.de\/de\/wp-json\/wp\/v2\/tags?post=90153"}],"curies":[{"name":"wp","href":"https:\/\/api.w.org\/{rel}","templated":true}]}}