{"id":90119,"date":"2025-09-07T18:03:17","date_gmt":"2025-09-07T16:03:17","guid":{"rendered":"https:\/\/now-news.de\/de\/deutschland\/vergessene-parade-vor-80-jahren-feierten-die-alliierte-in-berlin-das-ende-des-krieges\/"},"modified":"2025-09-07T18:03:17","modified_gmt":"2025-09-07T16:03:17","slug":"vergessene-parade-vor-80-jahren-feierten-die-alliierte-in-berlin-das-ende-des-krieges","status":"publish","type":"post","link":"https:\/\/now-news.de\/de\/deutschland\/vergessene-parade-vor-80-jahren-feierten-die-alliierte-in-berlin-das-ende-des-krieges\/","title":{"rendered":"&quot;Vergessene Parade&quot; \u2013 vor 80 Jahren feierten die Alliierte in Berlin das Ende des Krieges"},"content":{"rendered":"<div class=\"Text-root Text-type_1 \">\n                Am 7. September 1945, also genau vor 80 Jahren, fand in Berlin auf der Charlottenburger Chaussee eine Parade der vier Siegerm\u00e4chte statt. Dieser Festakt in der N\u00e4he des Brandenburger Tors war symbolisch, denn er stellte eine der letzten gemeinsamen Aktionen der vier Sieger vor dem Beginn des Kalten Krieges dar.\n            <\/div>\n<p><\/p>\n<div class=\"Text-root Text-type_5 ArticleView-text ViewText-root \">\n<p>Dies war wohl einer der letzten gro\u00dfen gemeinsamen Auftritte der vier Siegerm\u00e4chte: die Parade der alliierten Streitkr\u00e4fte am 7. September 1945 mit 5.000 teilnehmenden Soldaten. Wie die russische Botschaft in einer Ver\u00f6ffentlichung in den sozialen Medien mitteilt, hatte die sowjetische F\u00fchrung die Siegesparade initiiert.<\/p>\n<p>Es war geplant, dass alle vier Oberbefehlshaber der alliierten Streitkr\u00e4fte zugegen sein sollten, aber die Gener\u00e4le der drei westlichen Siegerm\u00e4chte USA und Gro\u00dfbritannien, der US-General Dwight D. Eisenhower und der britische Feldmarschall Bernard Montgomery, sagten nur wenige Tage vor Beginn der Parade ab und sandten lediglich ihre Stellvertreter (General George S. Patton und Generalmajor Brian Robertson), was als Affront gegen die UdSSR gewertet wurde.\u00a0Als Vertreter Frankreichs war Pierre Koenig anwesend, der Milit\u00e4rgouverneur der franz\u00f6sischen Besatzungszone in Deutschland.<\/p>\n<figure class=\"RTImage-root\">\n<div class=\"RTImage-image RTImage-original\"><picture class=\"Picture-root Picture-original\"><!--[if IE 9]><video style=\"display: none;\"><![endif]--><source media=\"(-webkit-min-device-pixel-ratio: 2) and (min-resolution: 120dpi)\" data-srcset=\" \nhttps:\/\/now-news.de\/de\/wp-content\/uploads\/sites\/3\/2025\/09\/68bda400b480cc4c69198872.jpg 850w,\n                https:\/\/now-news.de\/de\/wp-content\/uploads\/sites\/3\/2025\/09\/68bda400b480cc4c69198872.jpg 1960w,            \" ><source data-srcset=\" \nhttps:\/\/now-news.de\/de\/wp-content\/uploads\/sites\/3\/2025\/09\/68bda400b480cc4c69198872.jpg 460w,\n              https:\/\/now-news.de\/de\/wp-content\/uploads\/sites\/3\/2025\/09\/68bda400b480cc4c69198872.jpg 980w,\n            \" ><!--[if IE 9]><\/video><![endif]--><img decoding=\"async\" data- src=\"data:image\/png;base64,iVBORw0KGgoAAAANSUhEUgAAABAAAAAJCAQAAACRI2S5AAAAEElEQVR42mNkIAAYRxWAAQAG9gAKqv6+AwAAAABJRU5ErkJggg==\" class=\"Picture-root Picture-original lazyload\" data-src=\"https:\/\/now-news.de\/de\/wp-content\/uploads\/sites\/3\/2025\/09\/68bda400b480cc4c69198872.jpg\" alt=\"\"><\/source><\/source><\/picture><!-- noscript pattern --><noscript><img decoding=\"async\" src=\"https:\/\/now-news.de\/de\/wp-content\/uploads\/sites\/3\/2025\/09\/68bda400b480cc4c69198872.jpg\" alt=\"\"><\/noscript><\/div><figcaption class=\"RTImage-footer\"><span class=\"RTImage-caption\"><span class=\"RTImage-captionItem\">Sowjetische Soldaten am Rande der Siegesparade in Berlin am 7. September 1945.<\/span><\/span><span class=\"RTImage-source\"><span class=\"RTImage-captionItem\">Michail Kuleschow<\/span><span class=\"RTImage-captionItem\"> \/ Sputnik<\/span><\/span><\/figcaption><\/figure>\n<p>Der sowjetische Marschall Schukow war hingegen in Berlin anwesend. Stalin hatte den sowjetischen Kriegshelden angewiesen, auf die kurzfristige Absage seiner westlichen Generalskollegen nicht zu reagieren: &#8220;Beachten Sie die Absage der Oberkommandierenden nicht und nehmen Sie die Parade selbst ab&#8221;, soll Stalin Schukows Erinnerung zufolge gesagt haben. Und: &#8220;Umso mehr, als Sie dazu mehr Recht haben als die.&#8221; Damit nahm Stalin darauf Bezug, dass die Sowjetunion lange Zeit die Hauptlast des Kampfes gegen Nazi-Deutschland und seine Verb\u00fcndeten zu tragen hatte.\u00a0<\/p>\n<p><a><\/a> Insgesamt nahmen 5.000 siegreiche Soldaten an der Parade teil, davon 2.000 Rotarmisten. An der Spitze der Parade marschierten Gardetruppen der Roten Armee, die an der Erst\u00fcrmung der Reichshauptstadt teilgenommen hatten. Milit\u00e4rgeschichtlich bemerkenswert: Die Sowjetunion nutzte die Feierlichkeiten f\u00fcr den ersten \u00f6ffentlichen Auftritt ihres schweren Panzers IS-3.<\/p>\n<figure class=\"RTImage-root\">\n<div class=\"RTImage-image RTImage-original\"><picture class=\"Picture-root Picture-original\"><!--[if IE 9]><video style=\"display: none;\"><![endif]--><source media=\"(-webkit-min-device-pixel-ratio: 2) and (min-resolution: 120dpi)\" data-srcset=\" \nhttps:\/\/now-news.de\/de\/wp-content\/uploads\/sites\/3\/2025\/09\/68bda32548fbef129a33397d.jpg 850w,\n                https:\/\/now-news.de\/de\/wp-content\/uploads\/sites\/3\/2025\/09\/68bda32548fbef129a33397d.jpg 1960w,            \" ><source data-srcset=\" \nhttps:\/\/now-news.de\/de\/wp-content\/uploads\/sites\/3\/2025\/09\/68bda32548fbef129a33397d.jpg 460w,\n              https:\/\/now-news.de\/de\/wp-content\/uploads\/sites\/3\/2025\/09\/68bda32548fbef129a33397d.jpg 980w,\n            \" ><!--[if IE 9]><\/video><![endif]--><img decoding=\"async\" data- src=\"data:image\/png;base64,iVBORw0KGgoAAAANSUhEUgAAABAAAAAJCAQAAACRI2S5AAAAEElEQVR42mNkIAAYRxWAAQAG9gAKqv6+AwAAAABJRU5ErkJggg==\" class=\"Picture-root Picture-original lazyload\" data-src=\"https:\/\/now-news.de\/de\/wp-content\/uploads\/sites\/3\/2025\/09\/68bda32548fbef129a33397d.jpg\" alt=\"\"><\/source><\/source><\/picture><!-- noscript pattern --><noscript><img decoding=\"async\" src=\"https:\/\/now-news.de\/de\/wp-content\/uploads\/sites\/3\/2025\/09\/68bda32548fbef129a33397d.jpg\" alt=\"\"><\/noscript><\/div><figcaption class=\"RTImage-footer\"><span class=\"RTImage-caption\"><span class=\"RTImage-captionItem\">Schwere Panzer IS-3<\/span><\/span><span class=\"RTImage-source\"><\/span><\/figcaption><\/figure>\n<p>Geleitet wurde die Parade vom britischen Generalmajor Eric Nares. Tausende alliierte Soldaten schauten am Stra\u00dfenrand ihren marschierenden Kriegskameraden zu. F\u00fcr die h\u00f6heren Offiziere waren geschm\u00fcckte Trib\u00fcnen aufgestellt. Auch die Berliner Bev\u00f6lkerung nahm Anteil an diesem Gro\u00dfereignis: 20.000 Einwohner der ehemaligen Reichshauptstadt sollen der Parade zugesehen haben.<\/p>\n<p>In den westlichen Medien wurde die Parade kaum erw\u00e4hnt; deshalb wird sie in russischen Quellen auch &#8220;die vergessene Parade&#8221; (\u0437\u0430\u0431\u044b\u0442\u044b\u0439 \u043f\u0430\u0440\u0430\u0434) genannt. Dass die Berliner Siegesparade medial wenig Beachtung fand, mag auch daran liegen, dass der Fokus der Journalisten auf dem Ende des Pazifikkriegs lag. Ann\u00e4hernd zur gleichen Zeit erfolgte n\u00e4mlich der triumphale Einzug des US-amerikanischen Oberbefehlshabers, General Douglas MacArthur, in die japanische Hauptstadt Tokio.<\/p>\n<figure class=\"RTImage-root\">\n<div class=\"RTImage-image RTImage-original\"><picture class=\"Picture-root Picture-original\"><!--[if IE 9]><video style=\"display: none;\"><![endif]--><source media=\"(-webkit-min-device-pixel-ratio: 2) and (min-resolution: 120dpi)\" data-srcset=\" \nhttps:\/\/now-news.de\/de\/wp-content\/uploads\/sites\/3\/2025\/09\/68bda14d48fbef3c3702422d.jpg 850w,\n                https:\/\/now-news.de\/de\/wp-content\/uploads\/sites\/3\/2025\/09\/68bda14d48fbef3c3702422d.jpg 1960w,            \" ><source data-srcset=\" \nhttps:\/\/now-news.de\/de\/wp-content\/uploads\/sites\/3\/2025\/09\/68bda14d48fbef3c3702422d.jpg 460w,\n              https:\/\/now-news.de\/de\/wp-content\/uploads\/sites\/3\/2025\/09\/68bda14d48fbef3c3702422d.jpg 980w,\n            \" ><!--[if IE 9]><\/video><![endif]--><img decoding=\"async\" data- src=\"data:image\/png;base64,iVBORw0KGgoAAAANSUhEUgAAABAAAAAJCAQAAACRI2S5AAAAEElEQVR42mNkIAAYRxWAAQAG9gAKqv6+AwAAAABJRU5ErkJggg==\" class=\"Picture-root Picture-original lazyload\" data-src=\"https:\/\/now-news.de\/de\/wp-content\/uploads\/sites\/3\/2025\/09\/68bda14d48fbef3c3702422d.jpg\" alt=\"\"><\/source><\/source><\/picture><!-- noscript pattern --><noscript><img decoding=\"async\" src=\"https:\/\/now-news.de\/de\/wp-content\/uploads\/sites\/3\/2025\/09\/68bda14d48fbef3c3702422d.jpg\" alt=\"\"><\/noscript><\/div><figcaption class=\"RTImage-footer\"><span class=\"RTImage-caption\"><span class=\"RTImage-captionItem\">Die Siegesparade in den deutschsprachigen Zeitungen von damals: Eine Randnotiz.<\/span><\/span><span class=\"RTImage-source\"><span class=\"RTImage-captionItem\">https:\/\/anno.onb.ac.at<\/span><\/span><\/figcaption><\/figure>\n<p>Auch in der Sowjetunion wurde die Parade nur in einem dreimin\u00fctigen Wochenschaubeitrag gew\u00fcrdigt. Dies mag daran liegen, dass sich Stalin durch die kurzfristige Absage der westlichen Oberkommandierenden gekr\u00e4nkt sah.<\/p>\n<div class=\"EmbedBlock-root EmbedBlock-twitter\">\n<div class=\"TwitterEmbed\">\n<blockquote class=\"twitter-tweet lazyload\" data-twitter=\"twitter-tweet\">\n<p lang=\"de\" dir=\"ltr\">OTD, am 7.9.45 fand in Berlin die Siegesparade der alliierten Streitkr\u00e4fte \u2013 der UdSSR, \ud83c\uddfa\ud83c\uddf8, \ud83c\uddec\ud83c\udde7 und \ud83c\uddeb\ud83c\uddf7 \u2013 statt. Die Sowjets zeigten ihren neuen schweren Panzer IS-3 und die Westallierten durch Absagen und Felduniformen ihrer Vertreter ihre Verachtung gegen\u00fcber den &#8220;Russen&#8221;. <a rel=\"nofollow noopener\" target=\"_blank\" href=\"https:\/\/t.co\/BHKLwuHQ0U\">pic.twitter.com\/BHKLwuHQ0U<\/a><\/p>\n<p>\u2014 Wlad Sankin (@wladsan) <a rel=\"nofollow noopener\" target=\"_blank\" href=\"https:\/\/twitter.com\/wladsan\/status\/1964707207674818622?ref_src=twsrc%5Etfw\">September 7, 2025<\/a><\/p><\/blockquote>\n<\/div>\n<\/div>\n<p>Per Lautsprecherdurchsage sprach Marschall Schukow die historischen Worte:<\/p>\n<p><em>&#8220;Heute feiern wir in Berlin den Sieg der Rechtschaffenheit \u00fcber die dunkeln M\u00e4chte der Unterdr\u00fcckung im Fernen Osten. Die endg\u00fcltige Entscheidung wurde errungen. Die V\u00f6lker der ganzen Welt sind nun befreit von der Furcht vor Deutschlands Angriffslust im Westen und vor dem japanischen Banditentum im Osten. Von nun an werden uns alle freiheitsliebenden V\u00f6lker dankbar sein.&#8221;<\/em>\u00a0<\/p>\n<p>Schukow\u00a0nahm dabei Bezug auf die k\u00fcrzlich erfolgte Kapitulation des militaristischen Japan.\u00a0<\/p>\n<p>Marschall Schukow wird jedoch auch das bittere Zitat zugeschrieben:<\/p>\n<p><em>&#8220;Wir haben sie vom Faschismus befreit, das werden sie uns nie verzeihen.&#8221;<\/em><\/p>\n<p>Prophetische Worte, wenn man die derzeitige Frontstellung des kollektiven Westens gegen\u00fcber Russland denkt.<\/p>\n<p>&#8220;Die vergessene Parade&#8221; war allerdings nicht die letzte gemeinsame Parade der vier Siegerm\u00e4chte. Im Jahr darauf, am 8. Mai 1946, fand zum Jahrestag der Kapitulation des nationalsozialistischen Deutschlands ebenfalls eine gemeinsame Feier statt. Au\u00dferdem war bereits im November 1945 das Sowjetische Ehrenmal im Berliner Tiergarten mit einer Parade der Alliierten begangen worden. An den Siegesfeierlichkeiten in London am 8. Juni 1946 waren sowjetische Einheiten hingegen bereits nicht mehr vertreten, ebenso wie Soldaten aus Polen und Jugoslawien.<\/p>\n<p><strong>Mehr zum Thema<\/strong>\u00a0\u2013\u00a0<a rel=\"nofollow noopener\" target=\"_blank\" href=\"https:\/\/freedert.online\/meinung\/254428-geburtsstaette-nazismus-ehrt-opfer-kommunismus\/\">Geburtsst\u00e4tte des Nazismus ehrt &#8220;Opfer des Kommunismus&#8221;<\/a><\/p>\n<div class=\"EmbedBlock-root EmbedBlock-externalVideo EmbedBlock-youtube\">\n<div class=\"YouTubeEmbed lazyload\" data-rtmodule=\"YouTubeEmbed\" id=\"Mnpn5znFEtc\" onload=\"return {\n            covers: JSON.parse('\\u007B\\u0022small\\u0022\\u003A\\u0022https\\u003A\\\\\\\/\\\\\\\/i.ytimg.com\\\\\\\/vi\\\\\\\/Mnpn5znFEtc\\\\\\\/hqdefault.jpg\\u0022,\\u0022medium\\u0022\\u003A\\u0022https\\u003A\\\\\\\/\\\\\\\/i.ytimg.com\\\\\\\/vi\\\\\\\/Mnpn5znFEtc\\\\\\\/sddefault.jpg\\u0022,\\u0022large\\u0022\\u003A\\u0022https\\u003A\\\\\\\/\\\\\\\/i.ytimg.com\\\\\\\/vi\\\\\\\/Mnpn5znFEtc\\\\\\\/sddefault.jpg\\u0022\\u007D'),\n            iframeSrc: JSON.parse('\\u0022\\\\\\\/\\\\\\\/www.youtube.com\\\\\\\/embed\\\\\\\/Mnpn5znFEtc\\u0022'),\n            youtubeId: JSON.parse('\\u0022Mnpn5znFEtc\\u0022'),\n        };\"><\/p>\n<div class=\"YouTubeEmbed-cover\"><button class=\"YouTubeEmbed-button\"><svg class=\"YouTubeEmbed-playButton\" height=\"100%\" version=\"1.1\" viewbox=\"0 0 68 48\" width=\"100%\"><path class=\"YouTubeEmbed-playButtonBg\" d=\"M66.52,7.74c-0.78-2.93-2.49-5.41-5.42-6.19C55.79,.13,34,0,34,0S12.21,.13,6.9,1.55 C3.97,2.33,2.27,4.81,1.48,7.74C0.06,13.05,0,24,0,24s0.06,10.95,1.48,16.26c0.78,2.93,2.49,5.41,5.42,6.19 C12.21,47.87,34,48,34,48s21.79-0.13,27.1-1.55c2.93-0.78,4.64-3.26,5.42-6.19C67.94,34.95,68,24,68,24S67.94,13.05,66.52,7.74z\" fill=\"#212121\" fill-opacity=\"0.8\"><\/path><path d=\"M 45,24 27,14 27,34\" fill=\"#fff\"><\/path><\/svg><\/button><\/div>\n<\/div>\n<\/div>\n<\/div>\n<p><script async src=\"https:\/\/platform.twitter.com\/widgets.js\" charset=\"utf-8\"><\/script><br \/>\n<br \/><br \/>\n<br \/><a href=\"https:\/\/de.rt.com\/international\/255373-vergessene-parade-wie-alliierte-in-alliierte-berlin-das-ende-des-krieges\/\">Source link <\/a><\/p>\n","protected":false},"excerpt":{"rendered":"<p>Am 7. September 1945, also genau vor 80 Jahren, fand in Berlin auf der Charlottenburger Chaussee eine Parade der vier Siegerm\u00e4chte statt. Dieser Festakt in der N\u00e4he des Brandenburger Tors war symbolisch, denn er stellte eine der letzten gemeinsamen Aktionen der vier Sieger vor dem Beginn des Kalten Krieges dar. Dies war wohl einer der [&hellip;]<\/p>\n","protected":false},"author":3,"featured_media":90120,"comment_status":"open","ping_status":"open","sticky":false,"template":"","format":"standard","meta":{"_yoast_indexnow_last_ping":["1757261559"],"wp_automatic_camp":["217"],"7cf52d064f6d33ae5b4197613ce2bc89":["&quot;Vergessene Parade&quot; \u2013 vor 80 Jahren feierten die Alliierte in Berlin das Ende des Krieges"],"original_link":["https:\/\/de.rt.com\/international\/255373-vergessene-parade-wie-alliierte-in-alliierte-berlin-das-ende-des-krieges\/"],"_thumbnail_id":["90120"],"jnews_social_counter_last_update":["1777527553"],"_wptgpro_p2tg_sent2tg":["a:1:{i:23737;s:19:\"2025-09-07 18:13:43\";}"]},"categories":[19,23],"tags":[34363,943,427,583,45,5375,67564,1728,584,67563,67562,320],"yoast_head":"<!-- This site is optimized with the Yoast SEO Premium plugin v22.7 (Yoast SEO v22.7) - https:\/\/yoast.com\/wordpress\/plugins\/seo\/ -->\n<title>&quot;Vergessene Parade&quot; \u2013 vor 80 Jahren feierten die Alliierte in Berlin das Ende des Krieges - just-now.NEWS Deutschland<\/title>\n<meta name=\"robots\" content=\"index, follow, max-snippet:-1, max-image-preview:large, max-video-preview:-1\" \/>\n<link rel=\"canonical\" href=\"https:\/\/now-news.de\/de\/deutschland\/vergessene-parade-vor-80-jahren-feierten-die-alliierte-in-berlin-das-ende-des-krieges\/\" \/>\n<meta property=\"og:locale\" content=\"de_DE\" \/>\n<meta property=\"og:type\" content=\"article\" \/>\n<meta property=\"og:title\" content=\"&quot;Vergessene Parade&quot; \u2013 vor 80 Jahren feierten die Alliierte in Berlin das Ende des Krieges\" \/>\n<meta property=\"og:description\" content=\"Am 7. September 1945, also genau vor 80 Jahren, fand in Berlin auf der Charlottenburger Chaussee eine Parade der vier Siegerm\u00e4chte statt. Dieser Festakt in der N\u00e4he des Brandenburger Tors war symbolisch, denn er stellte eine der letzten gemeinsamen Aktionen der vier Sieger vor dem Beginn des Kalten Krieges dar. Dies war wohl einer der [&hellip;]\" \/>\n<meta property=\"og:url\" content=\"https:\/\/now-news.de\/de\/deutschland\/vergessene-parade-vor-80-jahren-feierten-die-alliierte-in-berlin-das-ende-des-krieges\/\" \/>\n<meta property=\"og:site_name\" content=\"just-now.NEWS Deutschland\" \/>\n<meta property=\"article:publisher\" content=\"https:\/\/www.facebook.com\/wirmachenauf\" \/>\n<meta property=\"article:published_time\" content=\"2025-09-07T16:03:17+00:00\" \/>\n<meta property=\"og:image\" content=\"https:\/\/now-news.de\/de\/wp-content\/uploads\/sites\/3\/2025\/09\/68bda400b480cc4c69198872.jpg\" \/>\n<meta name=\"author\" content=\"rtnews\" \/>\n<meta name=\"twitter:card\" content=\"summary_large_image\" \/>\n<meta name=\"twitter:creator\" content=\"@WirMachenAuf_de\" \/>\n<meta name=\"twitter:site\" content=\"@WirMachenAuf_de\" \/>\n<meta name=\"twitter:label1\" content=\"Verfasst von\" \/>\n\t<meta name=\"twitter:data1\" content=\"rtnews\" \/>\n\t<meta name=\"twitter:label2\" content=\"Gesch\u00e4tzte Lesezeit\" \/>\n\t<meta name=\"twitter:data2\" content=\"4\u00a0Minuten\" \/>\n<script type=\"application\/ld+json\" class=\"yoast-schema-graph\">{\"@context\":\"https:\/\/schema.org\",\"@graph\":[{\"@type\":\"Article\",\"@id\":\"https:\/\/now-news.de\/de\/deutschland\/vergessene-parade-vor-80-jahren-feierten-die-alliierte-in-berlin-das-ende-des-krieges\/#article\",\"isPartOf\":{\"@id\":\"https:\/\/now-news.de\/de\/deutschland\/vergessene-parade-vor-80-jahren-feierten-die-alliierte-in-berlin-das-ende-des-krieges\/\"},\"author\":{\"name\":\"rtnews\",\"@id\":\"https:\/\/now-news.de\/de\/#\/schema\/person\/fb534a4e865501d8b3285208df34a9b5\"},\"headline\":\"&quot;Vergessene Parade&quot; \u2013 vor 80 Jahren feierten die Alliierte in Berlin das Ende des Krieges\",\"datePublished\":\"2025-09-07T16:03:17+00:00\",\"dateModified\":\"2025-09-07T16:03:17+00:00\",\"mainEntityOfPage\":{\"@id\":\"https:\/\/now-news.de\/de\/deutschland\/vergessene-parade-vor-80-jahren-feierten-die-alliierte-in-berlin-das-ende-des-krieges\/\"},\"wordCount\":761,\"commentCount\":0,\"publisher\":{\"@id\":\"https:\/\/now-news.de\/de\/#organization\"},\"image\":{\"@id\":\"https:\/\/now-news.de\/de\/deutschland\/vergessene-parade-vor-80-jahren-feierten-die-alliierte-in-berlin-das-ende-des-krieges\/#primaryimage\"},\"thumbnailUrl\":\"https:\/\/now-news.de\/de\/wp-content\/uploads\/sites\/3\/2025\/09\/quotVergessene-Paradequot-\u2013-vor-80-Jahren-feierten-die-Alliierte-in.jpg\",\"keywords\":[\"alliierte\",\"Berlin\",\"das\",\"des\",\"die\",\"Ende\",\"feierten\",\"Jahren\",\"Krieges\",\"Paradequot\",\"quotVergessene\",\"vor\"],\"articleSection\":[\"Deutschland\",\"Russland\"],\"inLanguage\":\"de\",\"potentialAction\":[{\"@type\":\"CommentAction\",\"name\":\"Comment\",\"target\":[\"https:\/\/now-news.de\/de\/deutschland\/vergessene-parade-vor-80-jahren-feierten-die-alliierte-in-berlin-das-ende-des-krieges\/#respond\"]}]},{\"@type\":\"WebPage\",\"@id\":\"https:\/\/now-news.de\/de\/deutschland\/vergessene-parade-vor-80-jahren-feierten-die-alliierte-in-berlin-das-ende-des-krieges\/\",\"url\":\"https:\/\/now-news.de\/de\/deutschland\/vergessene-parade-vor-80-jahren-feierten-die-alliierte-in-berlin-das-ende-des-krieges\/\",\"name\":\"&quot;Vergessene Parade&quot; \u2013 vor 80 Jahren feierten die Alliierte in Berlin das Ende des Krieges - just-now.NEWS Deutschland\",\"isPartOf\":{\"@id\":\"https:\/\/now-news.de\/de\/#website\"},\"primaryImageOfPage\":{\"@id\":\"https:\/\/now-news.de\/de\/deutschland\/vergessene-parade-vor-80-jahren-feierten-die-alliierte-in-berlin-das-ende-des-krieges\/#primaryimage\"},\"image\":{\"@id\":\"https:\/\/now-news.de\/de\/deutschland\/vergessene-parade-vor-80-jahren-feierten-die-alliierte-in-berlin-das-ende-des-krieges\/#primaryimage\"},\"thumbnailUrl\":\"https:\/\/now-news.de\/de\/wp-content\/uploads\/sites\/3\/2025\/09\/quotVergessene-Paradequot-\u2013-vor-80-Jahren-feierten-die-Alliierte-in.jpg\",\"datePublished\":\"2025-09-07T16:03:17+00:00\",\"dateModified\":\"2025-09-07T16:03:17+00:00\",\"breadcrumb\":{\"@id\":\"https:\/\/now-news.de\/de\/deutschland\/vergessene-parade-vor-80-jahren-feierten-die-alliierte-in-berlin-das-ende-des-krieges\/#breadcrumb\"},\"inLanguage\":\"de\",\"potentialAction\":[{\"@type\":\"ReadAction\",\"target\":[\"https:\/\/now-news.de\/de\/deutschland\/vergessene-parade-vor-80-jahren-feierten-die-alliierte-in-berlin-das-ende-des-krieges\/\"]}]},{\"@type\":\"ImageObject\",\"inLanguage\":\"de\",\"@id\":\"https:\/\/now-news.de\/de\/deutschland\/vergessene-parade-vor-80-jahren-feierten-die-alliierte-in-berlin-das-ende-des-krieges\/#primaryimage\",\"url\":\"https:\/\/now-news.de\/de\/wp-content\/uploads\/sites\/3\/2025\/09\/quotVergessene-Paradequot-\u2013-vor-80-Jahren-feierten-die-Alliierte-in.jpg\",\"contentUrl\":\"https:\/\/now-news.de\/de\/wp-content\/uploads\/sites\/3\/2025\/09\/quotVergessene-Paradequot-\u2013-vor-80-Jahren-feierten-die-Alliierte-in.jpg\",\"width\":1500,\"height\":1000,\"caption\":\"&quot;Vergessene Parade&quot; \u2013 vor 80 Jahren feierten die Alliierte in Berlin das Ende des Krieges\"},{\"@type\":\"BreadcrumbList\",\"@id\":\"https:\/\/now-news.de\/de\/deutschland\/vergessene-parade-vor-80-jahren-feierten-die-alliierte-in-berlin-das-ende-des-krieges\/#breadcrumb\",\"itemListElement\":[{\"@type\":\"ListItem\",\"position\":1,\"name\":\"Home\",\"item\":\"https:\/\/now-news.de\/de\/\"},{\"@type\":\"ListItem\",\"position\":2,\"name\":\"&quot;Vergessene Parade&quot; \u2013 vor 80 Jahren feierten die Alliierte in Berlin das Ende des Krieges\"}]},{\"@type\":\"WebSite\",\"@id\":\"https:\/\/now-news.de\/de\/#website\",\"url\":\"https:\/\/now-news.de\/de\/\",\"name\":\"just-now.NEWS Deutschland\",\"description\":\"Das Portal f\u00fcr unzensierte Nachrichten aus der Welt\",\"publisher\":{\"@id\":\"https:\/\/now-news.de\/de\/#organization\"},\"potentialAction\":[{\"@type\":\"SearchAction\",\"target\":{\"@type\":\"EntryPoint\",\"urlTemplate\":\"https:\/\/now-news.de\/de\/?s={search_term_string}\"},\"query-input\":\"required name=search_term_string\"}],\"inLanguage\":\"de\"},{\"@type\":\"Organization\",\"@id\":\"https:\/\/now-news.de\/de\/#organization\",\"name\":\"Just Now News\",\"url\":\"https:\/\/now-news.de\/de\/\",\"logo\":{\"@type\":\"ImageObject\",\"inLanguage\":\"de\",\"@id\":\"https:\/\/now-news.de\/de\/#\/schema\/logo\/image\/\",\"url\":\"http:\/\/just-now.news\/de\/wp-content\/uploads\/sites\/3\/2022\/04\/logo500x500.jpg\",\"contentUrl\":\"http:\/\/just-now.news\/de\/wp-content\/uploads\/sites\/3\/2022\/04\/logo500x500.jpg\",\"width\":500,\"height\":500,\"caption\":\"Just Now News\"},\"image\":{\"@id\":\"https:\/\/now-news.de\/de\/#\/schema\/logo\/image\/\"},\"sameAs\":[\"https:\/\/www.facebook.com\/wirmachenauf\",\"https:\/\/x.com\/WirMachenAuf_de\"]},{\"@type\":\"Person\",\"@id\":\"https:\/\/now-news.de\/de\/#\/schema\/person\/fb534a4e865501d8b3285208df34a9b5\",\"name\":\"rtnews\",\"image\":{\"@type\":\"ImageObject\",\"inLanguage\":\"de\",\"@id\":\"https:\/\/now-news.de\/de\/#\/schema\/person\/image\/\",\"url\":\"https:\/\/secure.gravatar.com\/avatar\/82aafea7d8127119dd649515f56e2117?s=96&d=mm&r=g\",\"contentUrl\":\"https:\/\/secure.gravatar.com\/avatar\/82aafea7d8127119dd649515f56e2117?s=96&d=mm&r=g\",\"caption\":\"rtnews\"},\"url\":\"https:\/\/now-news.de\/de\/author\/rnews\/\"}]}<\/script>\n<!-- \/ Yoast SEO Premium plugin. -->","yoast_head_json":{"title":"&quot;Vergessene Parade&quot; \u2013 vor 80 Jahren feierten die Alliierte in Berlin das Ende des Krieges - just-now.NEWS Deutschland","robots":{"index":"index","follow":"follow","max-snippet":"max-snippet:-1","max-image-preview":"max-image-preview:large","max-video-preview":"max-video-preview:-1"},"canonical":"https:\/\/now-news.de\/de\/deutschland\/vergessene-parade-vor-80-jahren-feierten-die-alliierte-in-berlin-das-ende-des-krieges\/","og_locale":"de_DE","og_type":"article","og_title":"&quot;Vergessene Parade&quot; \u2013 vor 80 Jahren feierten die Alliierte in Berlin das Ende des Krieges","og_description":"Am 7. September 1945, also genau vor 80 Jahren, fand in Berlin auf der Charlottenburger Chaussee eine Parade der vier Siegerm\u00e4chte statt. Dieser Festakt in der N\u00e4he des Brandenburger Tors war symbolisch, denn er stellte eine der letzten gemeinsamen Aktionen der vier Sieger vor dem Beginn des Kalten Krieges dar. Dies war wohl einer der [&hellip;]","og_url":"https:\/\/now-news.de\/de\/deutschland\/vergessene-parade-vor-80-jahren-feierten-die-alliierte-in-berlin-das-ende-des-krieges\/","og_site_name":"just-now.NEWS Deutschland","article_publisher":"https:\/\/www.facebook.com\/wirmachenauf","article_published_time":"2025-09-07T16:03:17+00:00","og_image":[{"url":"https:\/\/now-news.de\/de\/wp-content\/uploads\/sites\/3\/2025\/09\/68bda400b480cc4c69198872.jpg"}],"author":"rtnews","twitter_card":"summary_large_image","twitter_creator":"@WirMachenAuf_de","twitter_site":"@WirMachenAuf_de","twitter_misc":{"Verfasst von":"rtnews","Gesch\u00e4tzte Lesezeit":"4\u00a0Minuten"},"schema":{"@context":"https:\/\/schema.org","@graph":[{"@type":"Article","@id":"https:\/\/now-news.de\/de\/deutschland\/vergessene-parade-vor-80-jahren-feierten-die-alliierte-in-berlin-das-ende-des-krieges\/#article","isPartOf":{"@id":"https:\/\/now-news.de\/de\/deutschland\/vergessene-parade-vor-80-jahren-feierten-die-alliierte-in-berlin-das-ende-des-krieges\/"},"author":{"name":"rtnews","@id":"https:\/\/now-news.de\/de\/#\/schema\/person\/fb534a4e865501d8b3285208df34a9b5"},"headline":"&quot;Vergessene Parade&quot; \u2013 vor 80 Jahren feierten die Alliierte in Berlin das Ende des Krieges","datePublished":"2025-09-07T16:03:17+00:00","dateModified":"2025-09-07T16:03:17+00:00","mainEntityOfPage":{"@id":"https:\/\/now-news.de\/de\/deutschland\/vergessene-parade-vor-80-jahren-feierten-die-alliierte-in-berlin-das-ende-des-krieges\/"},"wordCount":761,"commentCount":0,"publisher":{"@id":"https:\/\/now-news.de\/de\/#organization"},"image":{"@id":"https:\/\/now-news.de\/de\/deutschland\/vergessene-parade-vor-80-jahren-feierten-die-alliierte-in-berlin-das-ende-des-krieges\/#primaryimage"},"thumbnailUrl":"https:\/\/now-news.de\/de\/wp-content\/uploads\/sites\/3\/2025\/09\/quotVergessene-Paradequot-\u2013-vor-80-Jahren-feierten-die-Alliierte-in.jpg","keywords":["alliierte","Berlin","das","des","die","Ende","feierten","Jahren","Krieges","Paradequot","quotVergessene","vor"],"articleSection":["Deutschland","Russland"],"inLanguage":"de","potentialAction":[{"@type":"CommentAction","name":"Comment","target":["https:\/\/now-news.de\/de\/deutschland\/vergessene-parade-vor-80-jahren-feierten-die-alliierte-in-berlin-das-ende-des-krieges\/#respond"]}]},{"@type":"WebPage","@id":"https:\/\/now-news.de\/de\/deutschland\/vergessene-parade-vor-80-jahren-feierten-die-alliierte-in-berlin-das-ende-des-krieges\/","url":"https:\/\/now-news.de\/de\/deutschland\/vergessene-parade-vor-80-jahren-feierten-die-alliierte-in-berlin-das-ende-des-krieges\/","name":"&quot;Vergessene Parade&quot; \u2013 vor 80 Jahren feierten die Alliierte in Berlin das Ende des Krieges - just-now.NEWS Deutschland","isPartOf":{"@id":"https:\/\/now-news.de\/de\/#website"},"primaryImageOfPage":{"@id":"https:\/\/now-news.de\/de\/deutschland\/vergessene-parade-vor-80-jahren-feierten-die-alliierte-in-berlin-das-ende-des-krieges\/#primaryimage"},"image":{"@id":"https:\/\/now-news.de\/de\/deutschland\/vergessene-parade-vor-80-jahren-feierten-die-alliierte-in-berlin-das-ende-des-krieges\/#primaryimage"},"thumbnailUrl":"https:\/\/now-news.de\/de\/wp-content\/uploads\/sites\/3\/2025\/09\/quotVergessene-Paradequot-\u2013-vor-80-Jahren-feierten-die-Alliierte-in.jpg","datePublished":"2025-09-07T16:03:17+00:00","dateModified":"2025-09-07T16:03:17+00:00","breadcrumb":{"@id":"https:\/\/now-news.de\/de\/deutschland\/vergessene-parade-vor-80-jahren-feierten-die-alliierte-in-berlin-das-ende-des-krieges\/#breadcrumb"},"inLanguage":"de","potentialAction":[{"@type":"ReadAction","target":["https:\/\/now-news.de\/de\/deutschland\/vergessene-parade-vor-80-jahren-feierten-die-alliierte-in-berlin-das-ende-des-krieges\/"]}]},{"@type":"ImageObject","inLanguage":"de","@id":"https:\/\/now-news.de\/de\/deutschland\/vergessene-parade-vor-80-jahren-feierten-die-alliierte-in-berlin-das-ende-des-krieges\/#primaryimage","url":"https:\/\/now-news.de\/de\/wp-content\/uploads\/sites\/3\/2025\/09\/quotVergessene-Paradequot-\u2013-vor-80-Jahren-feierten-die-Alliierte-in.jpg","contentUrl":"https:\/\/now-news.de\/de\/wp-content\/uploads\/sites\/3\/2025\/09\/quotVergessene-Paradequot-\u2013-vor-80-Jahren-feierten-die-Alliierte-in.jpg","width":1500,"height":1000,"caption":"&quot;Vergessene Parade&quot; \u2013 vor 80 Jahren feierten die Alliierte in Berlin das Ende des Krieges"},{"@type":"BreadcrumbList","@id":"https:\/\/now-news.de\/de\/deutschland\/vergessene-parade-vor-80-jahren-feierten-die-alliierte-in-berlin-das-ende-des-krieges\/#breadcrumb","itemListElement":[{"@type":"ListItem","position":1,"name":"Home","item":"https:\/\/now-news.de\/de\/"},{"@type":"ListItem","position":2,"name":"&quot;Vergessene Parade&quot; \u2013 vor 80 Jahren feierten die Alliierte in Berlin das Ende des Krieges"}]},{"@type":"WebSite","@id":"https:\/\/now-news.de\/de\/#website","url":"https:\/\/now-news.de\/de\/","name":"just-now.NEWS Deutschland","description":"Das Portal f\u00fcr unzensierte Nachrichten aus der Welt","publisher":{"@id":"https:\/\/now-news.de\/de\/#organization"},"potentialAction":[{"@type":"SearchAction","target":{"@type":"EntryPoint","urlTemplate":"https:\/\/now-news.de\/de\/?s={search_term_string}"},"query-input":"required name=search_term_string"}],"inLanguage":"de"},{"@type":"Organization","@id":"https:\/\/now-news.de\/de\/#organization","name":"Just Now News","url":"https:\/\/now-news.de\/de\/","logo":{"@type":"ImageObject","inLanguage":"de","@id":"https:\/\/now-news.de\/de\/#\/schema\/logo\/image\/","url":"http:\/\/just-now.news\/de\/wp-content\/uploads\/sites\/3\/2022\/04\/logo500x500.jpg","contentUrl":"http:\/\/just-now.news\/de\/wp-content\/uploads\/sites\/3\/2022\/04\/logo500x500.jpg","width":500,"height":500,"caption":"Just Now News"},"image":{"@id":"https:\/\/now-news.de\/de\/#\/schema\/logo\/image\/"},"sameAs":["https:\/\/www.facebook.com\/wirmachenauf","https:\/\/x.com\/WirMachenAuf_de"]},{"@type":"Person","@id":"https:\/\/now-news.de\/de\/#\/schema\/person\/fb534a4e865501d8b3285208df34a9b5","name":"rtnews","image":{"@type":"ImageObject","inLanguage":"de","@id":"https:\/\/now-news.de\/de\/#\/schema\/person\/image\/","url":"https:\/\/secure.gravatar.com\/avatar\/82aafea7d8127119dd649515f56e2117?s=96&d=mm&r=g","contentUrl":"https:\/\/secure.gravatar.com\/avatar\/82aafea7d8127119dd649515f56e2117?s=96&d=mm&r=g","caption":"rtnews"},"url":"https:\/\/now-news.de\/de\/author\/rnews\/"}]}},"_links":{"self":[{"href":"https:\/\/now-news.de\/de\/wp-json\/wp\/v2\/posts\/90119"}],"collection":[{"href":"https:\/\/now-news.de\/de\/wp-json\/wp\/v2\/posts"}],"about":[{"href":"https:\/\/now-news.de\/de\/wp-json\/wp\/v2\/types\/post"}],"author":[{"embeddable":true,"href":"https:\/\/now-news.de\/de\/wp-json\/wp\/v2\/users\/3"}],"replies":[{"embeddable":true,"href":"https:\/\/now-news.de\/de\/wp-json\/wp\/v2\/comments?post=90119"}],"version-history":[{"count":0,"href":"https:\/\/now-news.de\/de\/wp-json\/wp\/v2\/posts\/90119\/revisions"}],"wp:featuredmedia":[{"embeddable":true,"href":"https:\/\/now-news.de\/de\/wp-json\/wp\/v2\/media\/90120"}],"wp:attachment":[{"href":"https:\/\/now-news.de\/de\/wp-json\/wp\/v2\/media?parent=90119"}],"wp:term":[{"taxonomy":"category","embeddable":true,"href":"https:\/\/now-news.de\/de\/wp-json\/wp\/v2\/categories?post=90119"},{"taxonomy":"post_tag","embeddable":true,"href":"https:\/\/now-news.de\/de\/wp-json\/wp\/v2\/tags?post=90119"}],"curies":[{"name":"wp","href":"https:\/\/api.w.org\/{rel}","templated":true}]}}