{"id":90103,"date":"2025-09-07T13:12:05","date_gmt":"2025-09-07T11:12:05","guid":{"rendered":"https:\/\/now-news.de\/de\/deutschland\/koennte-auch-kraft-sibiriens-2-gesprengt-werden-fox-news-topmoderator-legt-idee-nahe\/"},"modified":"2025-09-07T13:12:05","modified_gmt":"2025-09-07T11:12:05","slug":"koennte-auch-kraft-sibiriens-2-gesprengt-werden-fox-news-topmoderator-legt-idee-nahe","status":"publish","type":"post","link":"https:\/\/now-news.de\/de\/deutschland\/koennte-auch-kraft-sibiriens-2-gesprengt-werden-fox-news-topmoderator-legt-idee-nahe\/","title":{"rendered":"K\u00f6nnte auch &quot;Kraft Sibiriens 2&quot; gesprengt werden? Fox News-Topmoderator legt Idee nahe"},"content":{"rendered":"<p><img decoding=\"async\" src=\"https:\/\/now-news.de\/de\/wp-content\/uploads\/sites\/3\/2025\/09\/68bd4ad648fbef128301c3ae.jpg\" \/><\/p>\n<div class=\"Text-root Text-type_1 \">\n                Die geplante Mega-Pipeline &#8220;Kraft Sibiriens 2&#8221; k\u00f6nnte das gleiche Schicksal ereilen wie die auf dem Meeresboden gesprengten Gaspipelines &#8220;Nord Stream 1 und 2&#8221;. Die Idee dazu \u00e4u\u00dferte US-Topmoderator Jesse Watters in seiner eigenen Sendung.\n            <\/div>\n<p><\/p>\n<div class=\"Text-root Text-type_5 ArticleView-text ViewText-root \">\n<p>In einem Kommentar zum geplanten Bau der Gaspipeline &#8220;Kraft Sibiriens 2&#8221; legte der US-Moderator Jesse Watters die Idee nahe, dass sie \u00e4hnlich wie die Gaspipeline &#8220;Nord Stream&#8221; gesprengt werden k\u00f6nnte.<\/p>\n<p>In seiner Sendung &#8220;Jesse Watters Primetime&#8221; beim TV-Sender\u00a0<em>Fox News<\/em> sagte Watters, der russische Pr\u00e4sident Wladimir Putin habe nach der Eskalation des Ukraine-Konflikts im Jahr 2022 und den beispiellosen Sanktionen des Westens &#8220;seine Kunden in Europa verloren&#8221; und wende sich nun Asien zu. Er bezeichnete die Gaspipeline &#8220;Kraft Sibiriens 2&#8221; als ein Schl\u00fcsselelement dieser Strategie.<\/p>\n<p><em>&#8220;Putin baut eine gro\u00dfe Gaspipeline nach China. Sie soll im n\u00e4chsten Jahrzehnt fertiggestellt werden und 15 Prozent des Energiebedarfs Chinas decken. Russland und China r\u00fccken immer n\u00e4her zusammen. Jemand k\u00f6nnte diese Pipeline wie Nord Stream in die Luft sprengen&#8221;,<\/em><\/p>\n<p>sagte Waters den Zuschauern. Der Moderator ging nicht n\u00e4her darauf ein, wer dieses Projekt zerst\u00f6ren wollen k\u00f6nnte.<\/p>\n<p>Anfang dieser Woche gab Russland bekannt, dass Moskau und Peking ein Memorandum \u00fcber die Pipeline &#8220;Kraft Sibiriens 2&#8221; unterzeichnet haben, die j\u00e4hrlich bis zu 50 Milliarden Kubikmeter Erdgas \u00fcber die Mongolei nach China liefern soll. Die Inbetriebnahme ist f\u00fcr 2033 geplant.<\/p>\n<p>Laut Putin handelt es sich bei dem Projekt &#8220;nicht um Wohlt\u00e4tigkeit&#8221;, sondern um ein f\u00fcr beide Seiten vorteilhaftes Abkommen, in dessen Rahmen Gas zu markt\u00fcblichen Preisen geliefert wird. Russische Beamte deuteten jedoch an, dass die Gaspreise f\u00fcr China niedriger sein w\u00fcrden als f\u00fcr den EU-Markt, was vor allem auf die einfachere Logistik zur\u00fcckzuf\u00fchren sei. Sie wiesen auch die Vorstellung zur\u00fcck, dass Russland sich neu auf den Osten ausrichte, und betonten, dass Russland f\u00fcr eine Zusammenarbeit mit allen willigen Parteien offen sei.<\/p>\n<p>Den Bau der Gasbr\u00fccke nach China nannte Gazprom-Chef Alexei M\u00fcller &#8220;das gr\u00f6\u00dfte, umfangreichste und kapitalintensivste Projekt der Gasindustrie weltweit&#8221;. 2.700 Kilometer sollen sich von Sibirien an die Grenze zur Mongolei und von dort weit \u00fcber 900 Kilometer bis an die chinesische Grenze erstrecken. Lieferungen im Rahmen eines neuen Abkommens sind Miller zufolge auf eine Laufzeit von 30 Jahren veranschlagt.<\/p>\n<p>Insgesamt drei von vier Str\u00e4ngen der Nord-Stream-Pipelines wurden im September 2022 durch Unterwasser-Explosionen in der Ostsee schwer besch\u00e4digt, was allgemein als Sabotageakt angesehen wird. Zuvor haben hochrangige US-Beamte mehrfach darauf hingewiesen, dass das Projekt f\u00fcr die USA inakzeptabel sei. So warnte Biden nur wenige Wochen vor der Eskalation des Ukraine-Konflikts: &#8220;Wenn Russland einmarschiert, wird es Nord Stream 2 nicht mehr geben. Wir werden dem ein Ende setzen.&#8221;<\/p>\n<p>Der amerikanische Investigativjournalist Seymour Hersh vermutete, dass der Angriff von den US-Geheimdiensten unter der Regierung des ehemaligen US-Pr\u00e4sidenten Joe Biden orchestriert wurde. Russland wird Hershs Version als ernst zu nehmend eingesch\u00e4tzt. Es wird darauf hingewiesen, dass eine Sprengung solchen Ausma\u00dfes nur von einem staatlichen Akteur unternommen werden k\u00f6nne. Die in den westlichen Medien lancierte Version, wonach die Sabotage von einer ukrainischen Gruppe von Tauchern ver\u00fcbt worden sei, <a rel=\"nofollow noopener\" target=\"_blank\" href=\"https:\/\/freedert.online\/international\/254403-russische-un-vertretung-zur-nord-stream-ermittlung-deutschland-lenkt-mit-albernem-blockbuster-ab\/\">kritisiert<\/a> er als unglaubw\u00fcrdig.<\/p>\n<p><strong>Mehr zum Thema<\/strong>\u00a0\u2013\u00a0<a rel=\"nofollow noopener\" target=\"_blank\" href=\"https:\/\/freedert.online\/meinung\/255138-befreiung-russlands-von-westeuropa-durch\/\">Energiewende: Die Befreiung Russlands vom unzuverl\u00e4ssigen Westen durch die EU<\/a><\/p>\n<div class=\"EmbedBlock-root EmbedBlock-externalVideo EmbedBlock-rumble\">\n<div class=\"VkEmbed\"><iframe class=\"lazyload\" data-src=\"https:\/\/rumble.com\/embed\/v6wdq1i\" frameborder=\"0\" width=\"853\" height=\"480\" allowfullscreen><\/iframe><\/div>\n<\/div>\n<\/div>\n<p><br \/>\n<br \/><a href=\"https:\/\/de.rt.com\/international\/255343-koennte-auch-kraft-sibiriens-2-gesprengt-werden-fox-news-topmoderator-legt-idee-nahe\/\">Source link <\/a><\/p>\n","protected":false},"excerpt":{"rendered":"<p>Die geplante Mega-Pipeline &#8220;Kraft Sibiriens 2&#8221; k\u00f6nnte das gleiche Schicksal ereilen wie die auf dem Meeresboden gesprengten Gaspipelines &#8220;Nord Stream 1 und 2&#8221;. Die Idee dazu \u00e4u\u00dferte US-Topmoderator Jesse Watters in seiner eigenen Sendung. In einem Kommentar zum geplanten Bau der Gaspipeline &#8220;Kraft Sibiriens 2&#8221; legte der US-Moderator Jesse Watters die Idee nahe, dass sie [&hellip;]<\/p>\n","protected":false},"author":3,"featured_media":90104,"comment_status":"open","ping_status":"open","sticky":false,"template":"","format":"standard","meta":{"_yoast_indexnow_last_ping":["1757244281"],"wp_automatic_camp":["217"],"b5a09abc955b96ac34ec5e89164bbba9":["K\u00f6nnte auch &quot;Kraft Sibiriens 2&quot; gesprengt werden? Fox News-Topmoderator legt Idee nahe"],"original_link":["https:\/\/de.rt.com\/international\/255343-koennte-auch-kraft-sibiriens-2-gesprengt-werden-fox-news-topmoderator-legt-idee-nahe\/"],"_thumbnail_id":["90104"],"jnews_social_counter_last_update":["1777197119"],"_wptgpro_p2tg_sent2tg":["a:1:{i:23737;s:19:\"2025-09-07 13:25:42\";}"]},"categories":[19,23],"tags":[13959,1475,4144,39019,24748,970,5552,1817,67554,51597,67553,1040],"yoast_head":"<!-- This site is optimized with the Yoast SEO Premium plugin v22.7 (Yoast SEO v22.7) - https:\/\/yoast.com\/wordpress\/plugins\/seo\/ -->\n<title>K\u00f6nnte auch &quot;Kraft Sibiriens 2&quot; gesprengt werden? Fox News-Topmoderator legt Idee nahe - just-now.NEWS Deutschland<\/title>\n<meta name=\"robots\" content=\"index, follow, max-snippet:-1, max-image-preview:large, max-video-preview:-1\" \/>\n<link rel=\"canonical\" href=\"https:\/\/now-news.de\/de\/deutschland\/koennte-auch-kraft-sibiriens-2-gesprengt-werden-fox-news-topmoderator-legt-idee-nahe\/\" \/>\n<meta property=\"og:locale\" content=\"de_DE\" \/>\n<meta property=\"og:type\" content=\"article\" \/>\n<meta property=\"og:title\" content=\"K\u00f6nnte auch &quot;Kraft Sibiriens 2&quot; gesprengt werden? Fox News-Topmoderator legt Idee nahe\" \/>\n<meta property=\"og:description\" content=\"Die geplante Mega-Pipeline &#8220;Kraft Sibiriens 2&#8221; k\u00f6nnte das gleiche Schicksal ereilen wie die auf dem Meeresboden gesprengten Gaspipelines &#8220;Nord Stream 1 und 2&#8221;. Die Idee dazu \u00e4u\u00dferte US-Topmoderator Jesse Watters in seiner eigenen Sendung. In einem Kommentar zum geplanten Bau der Gaspipeline &#8220;Kraft Sibiriens 2&#8221; legte der US-Moderator Jesse Watters die Idee nahe, dass sie [&hellip;]\" \/>\n<meta property=\"og:url\" content=\"https:\/\/now-news.de\/de\/deutschland\/koennte-auch-kraft-sibiriens-2-gesprengt-werden-fox-news-topmoderator-legt-idee-nahe\/\" \/>\n<meta property=\"og:site_name\" content=\"just-now.NEWS Deutschland\" \/>\n<meta property=\"article:publisher\" content=\"https:\/\/www.facebook.com\/wirmachenauf\" \/>\n<meta property=\"article:published_time\" content=\"2025-09-07T11:12:05+00:00\" \/>\n<meta property=\"og:image\" content=\"https:\/\/now-news.de\/de\/wp-content\/uploads\/sites\/3\/2025\/09\/68bd4ad648fbef128301c3ae.jpg\" \/>\n<meta name=\"author\" content=\"rtnews\" \/>\n<meta name=\"twitter:card\" content=\"summary_large_image\" \/>\n<meta name=\"twitter:creator\" content=\"@WirMachenAuf_de\" \/>\n<meta name=\"twitter:site\" content=\"@WirMachenAuf_de\" \/>\n<meta name=\"twitter:label1\" content=\"Verfasst von\" \/>\n\t<meta name=\"twitter:data1\" content=\"rtnews\" \/>\n\t<meta name=\"twitter:label2\" content=\"Gesch\u00e4tzte Lesezeit\" \/>\n\t<meta name=\"twitter:data2\" content=\"3\u00a0Minuten\" \/>\n<script type=\"application\/ld+json\" class=\"yoast-schema-graph\">{\"@context\":\"https:\/\/schema.org\",\"@graph\":[{\"@type\":\"Article\",\"@id\":\"https:\/\/now-news.de\/de\/deutschland\/koennte-auch-kraft-sibiriens-2-gesprengt-werden-fox-news-topmoderator-legt-idee-nahe\/#article\",\"isPartOf\":{\"@id\":\"https:\/\/now-news.de\/de\/deutschland\/koennte-auch-kraft-sibiriens-2-gesprengt-werden-fox-news-topmoderator-legt-idee-nahe\/\"},\"author\":{\"name\":\"rtnews\",\"@id\":\"https:\/\/now-news.de\/de\/#\/schema\/person\/fb534a4e865501d8b3285208df34a9b5\"},\"headline\":\"K\u00f6nnte auch &quot;Kraft Sibiriens 2&quot; gesprengt werden? Fox News-Topmoderator legt Idee nahe\",\"datePublished\":\"2025-09-07T11:12:05+00:00\",\"dateModified\":\"2025-09-07T11:12:05+00:00\",\"mainEntityOfPage\":{\"@id\":\"https:\/\/now-news.de\/de\/deutschland\/koennte-auch-kraft-sibiriens-2-gesprengt-werden-fox-news-topmoderator-legt-idee-nahe\/\"},\"wordCount\":547,\"commentCount\":0,\"publisher\":{\"@id\":\"https:\/\/now-news.de\/de\/#organization\"},\"image\":{\"@id\":\"https:\/\/now-news.de\/de\/deutschland\/koennte-auch-kraft-sibiriens-2-gesprengt-werden-fox-news-topmoderator-legt-idee-nahe\/#primaryimage\"},\"thumbnailUrl\":\"https:\/\/now-news.de\/de\/wp-content\/uploads\/sites\/3\/2025\/09\/Koennte-auch-quotKraft-Sibiriens-2quot-gesprengt-werden-Fox-News-Topmoderator-legt.jpg\",\"keywords\":[\"2quot\",\"auch\",\"FOX\",\"gesprengt\",\"Idee\",\"K\u00f6nnte\",\"legt\",\"nahe\",\"NewsTopmoderator\",\"quotKraft\",\"Sibiriens\",\"Werden\"],\"articleSection\":[\"Deutschland\",\"Russland\"],\"inLanguage\":\"de\",\"potentialAction\":[{\"@type\":\"CommentAction\",\"name\":\"Comment\",\"target\":[\"https:\/\/now-news.de\/de\/deutschland\/koennte-auch-kraft-sibiriens-2-gesprengt-werden-fox-news-topmoderator-legt-idee-nahe\/#respond\"]}]},{\"@type\":\"WebPage\",\"@id\":\"https:\/\/now-news.de\/de\/deutschland\/koennte-auch-kraft-sibiriens-2-gesprengt-werden-fox-news-topmoderator-legt-idee-nahe\/\",\"url\":\"https:\/\/now-news.de\/de\/deutschland\/koennte-auch-kraft-sibiriens-2-gesprengt-werden-fox-news-topmoderator-legt-idee-nahe\/\",\"name\":\"K\u00f6nnte auch &quot;Kraft Sibiriens 2&quot; gesprengt werden? Fox News-Topmoderator legt Idee nahe - just-now.NEWS Deutschland\",\"isPartOf\":{\"@id\":\"https:\/\/now-news.de\/de\/#website\"},\"primaryImageOfPage\":{\"@id\":\"https:\/\/now-news.de\/de\/deutschland\/koennte-auch-kraft-sibiriens-2-gesprengt-werden-fox-news-topmoderator-legt-idee-nahe\/#primaryimage\"},\"image\":{\"@id\":\"https:\/\/now-news.de\/de\/deutschland\/koennte-auch-kraft-sibiriens-2-gesprengt-werden-fox-news-topmoderator-legt-idee-nahe\/#primaryimage\"},\"thumbnailUrl\":\"https:\/\/now-news.de\/de\/wp-content\/uploads\/sites\/3\/2025\/09\/Koennte-auch-quotKraft-Sibiriens-2quot-gesprengt-werden-Fox-News-Topmoderator-legt.jpg\",\"datePublished\":\"2025-09-07T11:12:05+00:00\",\"dateModified\":\"2025-09-07T11:12:05+00:00\",\"breadcrumb\":{\"@id\":\"https:\/\/now-news.de\/de\/deutschland\/koennte-auch-kraft-sibiriens-2-gesprengt-werden-fox-news-topmoderator-legt-idee-nahe\/#breadcrumb\"},\"inLanguage\":\"de\",\"potentialAction\":[{\"@type\":\"ReadAction\",\"target\":[\"https:\/\/now-news.de\/de\/deutschland\/koennte-auch-kraft-sibiriens-2-gesprengt-werden-fox-news-topmoderator-legt-idee-nahe\/\"]}]},{\"@type\":\"ImageObject\",\"inLanguage\":\"de\",\"@id\":\"https:\/\/now-news.de\/de\/deutschland\/koennte-auch-kraft-sibiriens-2-gesprengt-werden-fox-news-topmoderator-legt-idee-nahe\/#primaryimage\",\"url\":\"https:\/\/now-news.de\/de\/wp-content\/uploads\/sites\/3\/2025\/09\/Koennte-auch-quotKraft-Sibiriens-2quot-gesprengt-werden-Fox-News-Topmoderator-legt.jpg\",\"contentUrl\":\"https:\/\/now-news.de\/de\/wp-content\/uploads\/sites\/3\/2025\/09\/Koennte-auch-quotKraft-Sibiriens-2quot-gesprengt-werden-Fox-News-Topmoderator-legt.jpg\",\"width\":460,\"height\":259,\"caption\":\"K\u00f6nnte auch &quot;Kraft Sibiriens 2&quot; gesprengt werden? Fox News-Topmoderator legt Idee nahe\"},{\"@type\":\"BreadcrumbList\",\"@id\":\"https:\/\/now-news.de\/de\/deutschland\/koennte-auch-kraft-sibiriens-2-gesprengt-werden-fox-news-topmoderator-legt-idee-nahe\/#breadcrumb\",\"itemListElement\":[{\"@type\":\"ListItem\",\"position\":1,\"name\":\"Home\",\"item\":\"https:\/\/now-news.de\/de\/\"},{\"@type\":\"ListItem\",\"position\":2,\"name\":\"K\u00f6nnte auch &quot;Kraft Sibiriens 2&quot; gesprengt werden? Fox News-Topmoderator legt Idee nahe\"}]},{\"@type\":\"WebSite\",\"@id\":\"https:\/\/now-news.de\/de\/#website\",\"url\":\"https:\/\/now-news.de\/de\/\",\"name\":\"just-now.NEWS Deutschland\",\"description\":\"Das Portal f\u00fcr unzensierte Nachrichten aus der Welt\",\"publisher\":{\"@id\":\"https:\/\/now-news.de\/de\/#organization\"},\"potentialAction\":[{\"@type\":\"SearchAction\",\"target\":{\"@type\":\"EntryPoint\",\"urlTemplate\":\"https:\/\/now-news.de\/de\/?s={search_term_string}\"},\"query-input\":\"required name=search_term_string\"}],\"inLanguage\":\"de\"},{\"@type\":\"Organization\",\"@id\":\"https:\/\/now-news.de\/de\/#organization\",\"name\":\"Just Now News\",\"url\":\"https:\/\/now-news.de\/de\/\",\"logo\":{\"@type\":\"ImageObject\",\"inLanguage\":\"de\",\"@id\":\"https:\/\/now-news.de\/de\/#\/schema\/logo\/image\/\",\"url\":\"http:\/\/just-now.news\/de\/wp-content\/uploads\/sites\/3\/2022\/04\/logo500x500.jpg\",\"contentUrl\":\"http:\/\/just-now.news\/de\/wp-content\/uploads\/sites\/3\/2022\/04\/logo500x500.jpg\",\"width\":500,\"height\":500,\"caption\":\"Just Now News\"},\"image\":{\"@id\":\"https:\/\/now-news.de\/de\/#\/schema\/logo\/image\/\"},\"sameAs\":[\"https:\/\/www.facebook.com\/wirmachenauf\",\"https:\/\/x.com\/WirMachenAuf_de\"]},{\"@type\":\"Person\",\"@id\":\"https:\/\/now-news.de\/de\/#\/schema\/person\/fb534a4e865501d8b3285208df34a9b5\",\"name\":\"rtnews\",\"image\":{\"@type\":\"ImageObject\",\"inLanguage\":\"de\",\"@id\":\"https:\/\/now-news.de\/de\/#\/schema\/person\/image\/\",\"url\":\"https:\/\/secure.gravatar.com\/avatar\/82aafea7d8127119dd649515f56e2117?s=96&d=mm&r=g\",\"contentUrl\":\"https:\/\/secure.gravatar.com\/avatar\/82aafea7d8127119dd649515f56e2117?s=96&d=mm&r=g\",\"caption\":\"rtnews\"},\"url\":\"https:\/\/now-news.de\/de\/author\/rnews\/\"}]}<\/script>\n<!-- \/ Yoast SEO Premium plugin. -->","yoast_head_json":{"title":"K\u00f6nnte auch &quot;Kraft Sibiriens 2&quot; gesprengt werden? Fox News-Topmoderator legt Idee nahe - just-now.NEWS Deutschland","robots":{"index":"index","follow":"follow","max-snippet":"max-snippet:-1","max-image-preview":"max-image-preview:large","max-video-preview":"max-video-preview:-1"},"canonical":"https:\/\/now-news.de\/de\/deutschland\/koennte-auch-kraft-sibiriens-2-gesprengt-werden-fox-news-topmoderator-legt-idee-nahe\/","og_locale":"de_DE","og_type":"article","og_title":"K\u00f6nnte auch &quot;Kraft Sibiriens 2&quot; gesprengt werden? Fox News-Topmoderator legt Idee nahe","og_description":"Die geplante Mega-Pipeline &#8220;Kraft Sibiriens 2&#8221; k\u00f6nnte das gleiche Schicksal ereilen wie die auf dem Meeresboden gesprengten Gaspipelines &#8220;Nord Stream 1 und 2&#8221;. Die Idee dazu \u00e4u\u00dferte US-Topmoderator Jesse Watters in seiner eigenen Sendung. In einem Kommentar zum geplanten Bau der Gaspipeline &#8220;Kraft Sibiriens 2&#8221; legte der US-Moderator Jesse Watters die Idee nahe, dass sie [&hellip;]","og_url":"https:\/\/now-news.de\/de\/deutschland\/koennte-auch-kraft-sibiriens-2-gesprengt-werden-fox-news-topmoderator-legt-idee-nahe\/","og_site_name":"just-now.NEWS Deutschland","article_publisher":"https:\/\/www.facebook.com\/wirmachenauf","article_published_time":"2025-09-07T11:12:05+00:00","og_image":[{"url":"https:\/\/now-news.de\/de\/wp-content\/uploads\/sites\/3\/2025\/09\/68bd4ad648fbef128301c3ae.jpg"}],"author":"rtnews","twitter_card":"summary_large_image","twitter_creator":"@WirMachenAuf_de","twitter_site":"@WirMachenAuf_de","twitter_misc":{"Verfasst von":"rtnews","Gesch\u00e4tzte Lesezeit":"3\u00a0Minuten"},"schema":{"@context":"https:\/\/schema.org","@graph":[{"@type":"Article","@id":"https:\/\/now-news.de\/de\/deutschland\/koennte-auch-kraft-sibiriens-2-gesprengt-werden-fox-news-topmoderator-legt-idee-nahe\/#article","isPartOf":{"@id":"https:\/\/now-news.de\/de\/deutschland\/koennte-auch-kraft-sibiriens-2-gesprengt-werden-fox-news-topmoderator-legt-idee-nahe\/"},"author":{"name":"rtnews","@id":"https:\/\/now-news.de\/de\/#\/schema\/person\/fb534a4e865501d8b3285208df34a9b5"},"headline":"K\u00f6nnte auch &quot;Kraft Sibiriens 2&quot; gesprengt werden? Fox News-Topmoderator legt Idee nahe","datePublished":"2025-09-07T11:12:05+00:00","dateModified":"2025-09-07T11:12:05+00:00","mainEntityOfPage":{"@id":"https:\/\/now-news.de\/de\/deutschland\/koennte-auch-kraft-sibiriens-2-gesprengt-werden-fox-news-topmoderator-legt-idee-nahe\/"},"wordCount":547,"commentCount":0,"publisher":{"@id":"https:\/\/now-news.de\/de\/#organization"},"image":{"@id":"https:\/\/now-news.de\/de\/deutschland\/koennte-auch-kraft-sibiriens-2-gesprengt-werden-fox-news-topmoderator-legt-idee-nahe\/#primaryimage"},"thumbnailUrl":"https:\/\/now-news.de\/de\/wp-content\/uploads\/sites\/3\/2025\/09\/Koennte-auch-quotKraft-Sibiriens-2quot-gesprengt-werden-Fox-News-Topmoderator-legt.jpg","keywords":["2quot","auch","FOX","gesprengt","Idee","K\u00f6nnte","legt","nahe","NewsTopmoderator","quotKraft","Sibiriens","Werden"],"articleSection":["Deutschland","Russland"],"inLanguage":"de","potentialAction":[{"@type":"CommentAction","name":"Comment","target":["https:\/\/now-news.de\/de\/deutschland\/koennte-auch-kraft-sibiriens-2-gesprengt-werden-fox-news-topmoderator-legt-idee-nahe\/#respond"]}]},{"@type":"WebPage","@id":"https:\/\/now-news.de\/de\/deutschland\/koennte-auch-kraft-sibiriens-2-gesprengt-werden-fox-news-topmoderator-legt-idee-nahe\/","url":"https:\/\/now-news.de\/de\/deutschland\/koennte-auch-kraft-sibiriens-2-gesprengt-werden-fox-news-topmoderator-legt-idee-nahe\/","name":"K\u00f6nnte auch &quot;Kraft Sibiriens 2&quot; gesprengt werden? Fox News-Topmoderator legt Idee nahe - just-now.NEWS Deutschland","isPartOf":{"@id":"https:\/\/now-news.de\/de\/#website"},"primaryImageOfPage":{"@id":"https:\/\/now-news.de\/de\/deutschland\/koennte-auch-kraft-sibiriens-2-gesprengt-werden-fox-news-topmoderator-legt-idee-nahe\/#primaryimage"},"image":{"@id":"https:\/\/now-news.de\/de\/deutschland\/koennte-auch-kraft-sibiriens-2-gesprengt-werden-fox-news-topmoderator-legt-idee-nahe\/#primaryimage"},"thumbnailUrl":"https:\/\/now-news.de\/de\/wp-content\/uploads\/sites\/3\/2025\/09\/Koennte-auch-quotKraft-Sibiriens-2quot-gesprengt-werden-Fox-News-Topmoderator-legt.jpg","datePublished":"2025-09-07T11:12:05+00:00","dateModified":"2025-09-07T11:12:05+00:00","breadcrumb":{"@id":"https:\/\/now-news.de\/de\/deutschland\/koennte-auch-kraft-sibiriens-2-gesprengt-werden-fox-news-topmoderator-legt-idee-nahe\/#breadcrumb"},"inLanguage":"de","potentialAction":[{"@type":"ReadAction","target":["https:\/\/now-news.de\/de\/deutschland\/koennte-auch-kraft-sibiriens-2-gesprengt-werden-fox-news-topmoderator-legt-idee-nahe\/"]}]},{"@type":"ImageObject","inLanguage":"de","@id":"https:\/\/now-news.de\/de\/deutschland\/koennte-auch-kraft-sibiriens-2-gesprengt-werden-fox-news-topmoderator-legt-idee-nahe\/#primaryimage","url":"https:\/\/now-news.de\/de\/wp-content\/uploads\/sites\/3\/2025\/09\/Koennte-auch-quotKraft-Sibiriens-2quot-gesprengt-werden-Fox-News-Topmoderator-legt.jpg","contentUrl":"https:\/\/now-news.de\/de\/wp-content\/uploads\/sites\/3\/2025\/09\/Koennte-auch-quotKraft-Sibiriens-2quot-gesprengt-werden-Fox-News-Topmoderator-legt.jpg","width":460,"height":259,"caption":"K\u00f6nnte auch &quot;Kraft Sibiriens 2&quot; gesprengt werden? Fox News-Topmoderator legt Idee nahe"},{"@type":"BreadcrumbList","@id":"https:\/\/now-news.de\/de\/deutschland\/koennte-auch-kraft-sibiriens-2-gesprengt-werden-fox-news-topmoderator-legt-idee-nahe\/#breadcrumb","itemListElement":[{"@type":"ListItem","position":1,"name":"Home","item":"https:\/\/now-news.de\/de\/"},{"@type":"ListItem","position":2,"name":"K\u00f6nnte auch &quot;Kraft Sibiriens 2&quot; gesprengt werden? Fox News-Topmoderator legt Idee nahe"}]},{"@type":"WebSite","@id":"https:\/\/now-news.de\/de\/#website","url":"https:\/\/now-news.de\/de\/","name":"just-now.NEWS Deutschland","description":"Das Portal f\u00fcr unzensierte Nachrichten aus der Welt","publisher":{"@id":"https:\/\/now-news.de\/de\/#organization"},"potentialAction":[{"@type":"SearchAction","target":{"@type":"EntryPoint","urlTemplate":"https:\/\/now-news.de\/de\/?s={search_term_string}"},"query-input":"required name=search_term_string"}],"inLanguage":"de"},{"@type":"Organization","@id":"https:\/\/now-news.de\/de\/#organization","name":"Just Now News","url":"https:\/\/now-news.de\/de\/","logo":{"@type":"ImageObject","inLanguage":"de","@id":"https:\/\/now-news.de\/de\/#\/schema\/logo\/image\/","url":"http:\/\/just-now.news\/de\/wp-content\/uploads\/sites\/3\/2022\/04\/logo500x500.jpg","contentUrl":"http:\/\/just-now.news\/de\/wp-content\/uploads\/sites\/3\/2022\/04\/logo500x500.jpg","width":500,"height":500,"caption":"Just Now News"},"image":{"@id":"https:\/\/now-news.de\/de\/#\/schema\/logo\/image\/"},"sameAs":["https:\/\/www.facebook.com\/wirmachenauf","https:\/\/x.com\/WirMachenAuf_de"]},{"@type":"Person","@id":"https:\/\/now-news.de\/de\/#\/schema\/person\/fb534a4e865501d8b3285208df34a9b5","name":"rtnews","image":{"@type":"ImageObject","inLanguage":"de","@id":"https:\/\/now-news.de\/de\/#\/schema\/person\/image\/","url":"https:\/\/secure.gravatar.com\/avatar\/82aafea7d8127119dd649515f56e2117?s=96&d=mm&r=g","contentUrl":"https:\/\/secure.gravatar.com\/avatar\/82aafea7d8127119dd649515f56e2117?s=96&d=mm&r=g","caption":"rtnews"},"url":"https:\/\/now-news.de\/de\/author\/rnews\/"}]}},"_links":{"self":[{"href":"https:\/\/now-news.de\/de\/wp-json\/wp\/v2\/posts\/90103"}],"collection":[{"href":"https:\/\/now-news.de\/de\/wp-json\/wp\/v2\/posts"}],"about":[{"href":"https:\/\/now-news.de\/de\/wp-json\/wp\/v2\/types\/post"}],"author":[{"embeddable":true,"href":"https:\/\/now-news.de\/de\/wp-json\/wp\/v2\/users\/3"}],"replies":[{"embeddable":true,"href":"https:\/\/now-news.de\/de\/wp-json\/wp\/v2\/comments?post=90103"}],"version-history":[{"count":0,"href":"https:\/\/now-news.de\/de\/wp-json\/wp\/v2\/posts\/90103\/revisions"}],"wp:featuredmedia":[{"embeddable":true,"href":"https:\/\/now-news.de\/de\/wp-json\/wp\/v2\/media\/90104"}],"wp:attachment":[{"href":"https:\/\/now-news.de\/de\/wp-json\/wp\/v2\/media?parent=90103"}],"wp:term":[{"taxonomy":"category","embeddable":true,"href":"https:\/\/now-news.de\/de\/wp-json\/wp\/v2\/categories?post=90103"},{"taxonomy":"post_tag","embeddable":true,"href":"https:\/\/now-news.de\/de\/wp-json\/wp\/v2\/tags?post=90103"}],"curies":[{"name":"wp","href":"https:\/\/api.w.org\/{rel}","templated":true}]}}