{"id":90085,"date":"2025-09-06T21:05:29","date_gmt":"2025-09-06T19:05:29","guid":{"rendered":"https:\/\/now-news.de\/de\/deutschland\/supermarktdach-eingestuerzt-vier-verletzte-in-lauchringen\/"},"modified":"2025-09-06T21:05:29","modified_gmt":"2025-09-06T19:05:29","slug":"supermarktdach-eingestuerzt-vier-verletzte-in-lauchringen","status":"publish","type":"post","link":"https:\/\/now-news.de\/de\/deutschland\/supermarktdach-eingestuerzt-vier-verletzte-in-lauchringen\/","title":{"rendered":"Supermarktdach eingest\u00fcrzt \u2013 Vier Verletzte in Lauchringen"},"content":{"rendered":"<p><img decoding=\"async\" src=\"https:\/\/now-news.de\/de\/wp-content\/uploads\/sites\/3\/2025\/09\/68bc765fb480cc4f8343d811.jpg\" \/><\/p>\n<div class=\"Text-root Text-type_1 \">\n                In Lauchringen im Landkreis Waldshut ist am Samstagabend das Dach eines Supermarkts teilweise eingest\u00fcrzt. Zwei Menschen wurden schwer, zwei weitere leicht verletzt.\n            <\/div>\n<p><\/p>\n<div class=\"Text-root Text-type_5 ArticleView-text ViewText-root \">\n<p data-start=\"78\" data-end=\"239\">Am fr\u00fchen Samstagabend kam es in Lauchringen im Landkreis Waldshut zu einem schweren Unfall: Gegen 17.45\u00a0Uhr st\u00fcrzte das Dach eines Supermarktes teilweise ein.<\/p>\n<p data-start=\"241\" data-end=\"467\">Nach Angaben der Polizei wurden dabei zwei Menschen schwer, zwei weitere leicht verletzt. Lebensgefahr besteht nach derzeitigem Kenntnisstand nicht. Zur Versorgung der Verletzten war auch ein Rettungshubschrauber im Einsatz.<\/p>\n<p data-start=\"469\" data-end=\"664\">Der Einsturz ereignete sich im Kassenbereich des Marktes, w\u00e4hrend sich noch Kunden im Geb\u00e4ude aufhielten. Wie viele Menschen sich zu diesem Zeitpunkt im Supermarkt befanden, ist bislang unklar.<\/p>\n<p data-start=\"666\" data-end=\"854\">Zur Ursache des Ungl\u00fccks gibt es noch keine Erkenntnisse. Statiker und Einsatzkr\u00e4fte sicherten am Abend die betroffenen Geb\u00e4udeteile, parallel nahmen die Beh\u00f6rden erste Ermittlungen auf.<\/p>\n<p data-start=\"856\" data-end=\"1100\">F\u00fcr die Gemeinde Lauchringen nahe der Schweizer Grenze kommt der Vorfall v\u00f6llig unerwartet. Erst wenn die genaue Zahl der Anwesenden feststeht und die Untersuchungen abgeschlossen sind, l\u00e4sst sich das gesamte Ausma\u00df des Einsturzes absch\u00e4tzen.<\/p>\n<p data-start=\"856\" data-end=\"1100\"><strong>Mehr zum Thema\u00a0<\/strong><strong><\/strong>\u2013\u00a0<a rel=\"nofollow noopener\" target=\"_blank\" href=\"https:\/\/freedert.online\/international\/250021-hunger-im-land-superreichen-jeder-sechste-us-buerger-betroffen\/\">Hunger im Land der Superreichen: Jeder sechste US-B\u00fcrger betroffen<\/a><\/p>\n<div class=\"EmbedBlock-root EmbedBlock-externalVideo EmbedBlock-rumble\">\n<div class=\"VkEmbed\"><iframe class=\"lazyload\" data-src=\"https:\/\/rumble.com\/embed\/v5mbbwe\" frameborder=\"0\" width=\"853\" height=\"480\" allowfullscreen><\/iframe><\/div>\n<\/div>\n<\/div>\n<p><br \/>\n<br \/><a href=\"https:\/\/de.rt.com\/inland\/255325-supermarktdach-eingestuerzt-vier-verletzte-in-lauchringen\/\">Source link <\/a><\/p>\n","protected":false},"excerpt":{"rendered":"<p>In Lauchringen im Landkreis Waldshut ist am Samstagabend das Dach eines Supermarkts teilweise eingest\u00fcrzt. Zwei Menschen wurden schwer, zwei weitere leicht verletzt. Am fr\u00fchen Samstagabend kam es in Lauchringen im Landkreis Waldshut zu einem schweren Unfall: Gegen 17.45\u00a0Uhr st\u00fcrzte das Dach eines Supermarktes teilweise ein. Nach Angaben der Polizei wurden dabei zwei Menschen schwer, zwei [&hellip;]<\/p>\n","protected":false},"author":3,"featured_media":90086,"comment_status":"open","ping_status":"open","sticky":false,"template":"","format":"standard","meta":{"_yoast_indexnow_last_ping":["1757186379"],"wp_automatic_camp":["217"],"05fa0330114566414d8e7e775a43fcb1":["Supermarktdach eingest\u00fcrzt \u2013 Vier Verletzte in Lauchringen"],"original_link":["https:\/\/de.rt.com\/inland\/255325-supermarktdach-eingestuerzt-vier-verletzte-in-lauchringen\/"],"_thumbnail_id":["90086"],"jnews_social_counter_last_update":["1777432024"],"_wptgpro_p2tg_sent2tg":["a:1:{i:23737;s:19:\"2025-09-06 21:20:40\";}"]},"categories":[19,23],"tags":[41591,67547,67546,1813,3232],"yoast_head":"<!-- This site is optimized with the Yoast SEO Premium plugin v22.7 (Yoast SEO v22.7) - https:\/\/yoast.com\/wordpress\/plugins\/seo\/ -->\n<title>Supermarktdach eingest\u00fcrzt \u2013 Vier Verletzte in Lauchringen - just-now.NEWS Deutschland<\/title>\n<meta name=\"robots\" content=\"index, follow, max-snippet:-1, max-image-preview:large, max-video-preview:-1\" \/>\n<link rel=\"canonical\" href=\"https:\/\/now-news.de\/de\/deutschland\/supermarktdach-eingestuerzt-vier-verletzte-in-lauchringen\/\" \/>\n<meta property=\"og:locale\" content=\"de_DE\" \/>\n<meta property=\"og:type\" content=\"article\" \/>\n<meta property=\"og:title\" content=\"Supermarktdach eingest\u00fcrzt \u2013 Vier Verletzte in Lauchringen\" \/>\n<meta property=\"og:description\" content=\"In Lauchringen im Landkreis Waldshut ist am Samstagabend das Dach eines Supermarkts teilweise eingest\u00fcrzt. Zwei Menschen wurden schwer, zwei weitere leicht verletzt. Am fr\u00fchen Samstagabend kam es in Lauchringen im Landkreis Waldshut zu einem schweren Unfall: Gegen 17.45\u00a0Uhr st\u00fcrzte das Dach eines Supermarktes teilweise ein. Nach Angaben der Polizei wurden dabei zwei Menschen schwer, zwei [&hellip;]\" \/>\n<meta property=\"og:url\" content=\"https:\/\/now-news.de\/de\/deutschland\/supermarktdach-eingestuerzt-vier-verletzte-in-lauchringen\/\" \/>\n<meta property=\"og:site_name\" content=\"just-now.NEWS Deutschland\" \/>\n<meta property=\"article:publisher\" content=\"https:\/\/www.facebook.com\/wirmachenauf\" \/>\n<meta property=\"article:published_time\" content=\"2025-09-06T19:05:29+00:00\" \/>\n<meta property=\"og:image\" content=\"https:\/\/now-news.de\/de\/wp-content\/uploads\/sites\/3\/2025\/09\/68bc765fb480cc4f8343d811.jpg\" \/>\n<meta name=\"author\" content=\"rtnews\" \/>\n<meta name=\"twitter:card\" content=\"summary_large_image\" \/>\n<meta name=\"twitter:creator\" content=\"@WirMachenAuf_de\" \/>\n<meta name=\"twitter:site\" content=\"@WirMachenAuf_de\" \/>\n<meta name=\"twitter:label1\" content=\"Verfasst von\" \/>\n\t<meta name=\"twitter:data1\" content=\"rtnews\" \/>\n\t<meta name=\"twitter:label2\" content=\"Gesch\u00e4tzte Lesezeit\" \/>\n\t<meta name=\"twitter:data2\" content=\"1\u00a0Minute\" \/>\n<script type=\"application\/ld+json\" class=\"yoast-schema-graph\">{\"@context\":\"https:\/\/schema.org\",\"@graph\":[{\"@type\":\"Article\",\"@id\":\"https:\/\/now-news.de\/de\/deutschland\/supermarktdach-eingestuerzt-vier-verletzte-in-lauchringen\/#article\",\"isPartOf\":{\"@id\":\"https:\/\/now-news.de\/de\/deutschland\/supermarktdach-eingestuerzt-vier-verletzte-in-lauchringen\/\"},\"author\":{\"name\":\"rtnews\",\"@id\":\"https:\/\/now-news.de\/de\/#\/schema\/person\/fb534a4e865501d8b3285208df34a9b5\"},\"headline\":\"Supermarktdach eingest\u00fcrzt \u2013 Vier Verletzte in Lauchringen\",\"datePublished\":\"2025-09-06T19:05:29+00:00\",\"dateModified\":\"2025-09-06T19:05:29+00:00\",\"mainEntityOfPage\":{\"@id\":\"https:\/\/now-news.de\/de\/deutschland\/supermarktdach-eingestuerzt-vier-verletzte-in-lauchringen\/\"},\"wordCount\":197,\"commentCount\":0,\"publisher\":{\"@id\":\"https:\/\/now-news.de\/de\/#organization\"},\"image\":{\"@id\":\"https:\/\/now-news.de\/de\/deutschland\/supermarktdach-eingestuerzt-vier-verletzte-in-lauchringen\/#primaryimage\"},\"thumbnailUrl\":\"https:\/\/now-news.de\/de\/wp-content\/uploads\/sites\/3\/2025\/09\/Supermarktdach-eingestuerzt-\u2013-Vier-Verletzte-in-Lauchringen.jpg\",\"keywords\":[\"eingest\u00fcrzt\",\"Lauchringen\",\"Supermarktdach\",\"Verletzte\",\"vier\"],\"articleSection\":[\"Deutschland\",\"Russland\"],\"inLanguage\":\"de\",\"potentialAction\":[{\"@type\":\"CommentAction\",\"name\":\"Comment\",\"target\":[\"https:\/\/now-news.de\/de\/deutschland\/supermarktdach-eingestuerzt-vier-verletzte-in-lauchringen\/#respond\"]}]},{\"@type\":\"WebPage\",\"@id\":\"https:\/\/now-news.de\/de\/deutschland\/supermarktdach-eingestuerzt-vier-verletzte-in-lauchringen\/\",\"url\":\"https:\/\/now-news.de\/de\/deutschland\/supermarktdach-eingestuerzt-vier-verletzte-in-lauchringen\/\",\"name\":\"Supermarktdach eingest\u00fcrzt \u2013 Vier Verletzte in Lauchringen - just-now.NEWS Deutschland\",\"isPartOf\":{\"@id\":\"https:\/\/now-news.de\/de\/#website\"},\"primaryImageOfPage\":{\"@id\":\"https:\/\/now-news.de\/de\/deutschland\/supermarktdach-eingestuerzt-vier-verletzte-in-lauchringen\/#primaryimage\"},\"image\":{\"@id\":\"https:\/\/now-news.de\/de\/deutschland\/supermarktdach-eingestuerzt-vier-verletzte-in-lauchringen\/#primaryimage\"},\"thumbnailUrl\":\"https:\/\/now-news.de\/de\/wp-content\/uploads\/sites\/3\/2025\/09\/Supermarktdach-eingestuerzt-\u2013-Vier-Verletzte-in-Lauchringen.jpg\",\"datePublished\":\"2025-09-06T19:05:29+00:00\",\"dateModified\":\"2025-09-06T19:05:29+00:00\",\"breadcrumb\":{\"@id\":\"https:\/\/now-news.de\/de\/deutschland\/supermarktdach-eingestuerzt-vier-verletzte-in-lauchringen\/#breadcrumb\"},\"inLanguage\":\"de\",\"potentialAction\":[{\"@type\":\"ReadAction\",\"target\":[\"https:\/\/now-news.de\/de\/deutschland\/supermarktdach-eingestuerzt-vier-verletzte-in-lauchringen\/\"]}]},{\"@type\":\"ImageObject\",\"inLanguage\":\"de\",\"@id\":\"https:\/\/now-news.de\/de\/deutschland\/supermarktdach-eingestuerzt-vier-verletzte-in-lauchringen\/#primaryimage\",\"url\":\"https:\/\/now-news.de\/de\/wp-content\/uploads\/sites\/3\/2025\/09\/Supermarktdach-eingestuerzt-\u2013-Vier-Verletzte-in-Lauchringen.jpg\",\"contentUrl\":\"https:\/\/now-news.de\/de\/wp-content\/uploads\/sites\/3\/2025\/09\/Supermarktdach-eingestuerzt-\u2013-Vier-Verletzte-in-Lauchringen.jpg\",\"width\":460,\"height\":259,\"caption\":\"Supermarktdach eingest\u00fcrzt \u2013 Vier Verletzte in Lauchringen\"},{\"@type\":\"BreadcrumbList\",\"@id\":\"https:\/\/now-news.de\/de\/deutschland\/supermarktdach-eingestuerzt-vier-verletzte-in-lauchringen\/#breadcrumb\",\"itemListElement\":[{\"@type\":\"ListItem\",\"position\":1,\"name\":\"Home\",\"item\":\"https:\/\/now-news.de\/de\/\"},{\"@type\":\"ListItem\",\"position\":2,\"name\":\"Supermarktdach eingest\u00fcrzt \u2013 Vier Verletzte in Lauchringen\"}]},{\"@type\":\"WebSite\",\"@id\":\"https:\/\/now-news.de\/de\/#website\",\"url\":\"https:\/\/now-news.de\/de\/\",\"name\":\"just-now.NEWS Deutschland\",\"description\":\"Das Portal f\u00fcr unzensierte Nachrichten aus der Welt\",\"publisher\":{\"@id\":\"https:\/\/now-news.de\/de\/#organization\"},\"potentialAction\":[{\"@type\":\"SearchAction\",\"target\":{\"@type\":\"EntryPoint\",\"urlTemplate\":\"https:\/\/now-news.de\/de\/?s={search_term_string}\"},\"query-input\":\"required name=search_term_string\"}],\"inLanguage\":\"de\"},{\"@type\":\"Organization\",\"@id\":\"https:\/\/now-news.de\/de\/#organization\",\"name\":\"Just Now News\",\"url\":\"https:\/\/now-news.de\/de\/\",\"logo\":{\"@type\":\"ImageObject\",\"inLanguage\":\"de\",\"@id\":\"https:\/\/now-news.de\/de\/#\/schema\/logo\/image\/\",\"url\":\"http:\/\/just-now.news\/de\/wp-content\/uploads\/sites\/3\/2022\/04\/logo500x500.jpg\",\"contentUrl\":\"http:\/\/just-now.news\/de\/wp-content\/uploads\/sites\/3\/2022\/04\/logo500x500.jpg\",\"width\":500,\"height\":500,\"caption\":\"Just Now News\"},\"image\":{\"@id\":\"https:\/\/now-news.de\/de\/#\/schema\/logo\/image\/\"},\"sameAs\":[\"https:\/\/www.facebook.com\/wirmachenauf\",\"https:\/\/x.com\/WirMachenAuf_de\"]},{\"@type\":\"Person\",\"@id\":\"https:\/\/now-news.de\/de\/#\/schema\/person\/fb534a4e865501d8b3285208df34a9b5\",\"name\":\"rtnews\",\"image\":{\"@type\":\"ImageObject\",\"inLanguage\":\"de\",\"@id\":\"https:\/\/now-news.de\/de\/#\/schema\/person\/image\/\",\"url\":\"https:\/\/secure.gravatar.com\/avatar\/82aafea7d8127119dd649515f56e2117?s=96&d=mm&r=g\",\"contentUrl\":\"https:\/\/secure.gravatar.com\/avatar\/82aafea7d8127119dd649515f56e2117?s=96&d=mm&r=g\",\"caption\":\"rtnews\"},\"url\":\"https:\/\/now-news.de\/de\/author\/rnews\/\"}]}<\/script>\n<!-- \/ Yoast SEO Premium plugin. -->","yoast_head_json":{"title":"Supermarktdach eingest\u00fcrzt \u2013 Vier Verletzte in Lauchringen - just-now.NEWS Deutschland","robots":{"index":"index","follow":"follow","max-snippet":"max-snippet:-1","max-image-preview":"max-image-preview:large","max-video-preview":"max-video-preview:-1"},"canonical":"https:\/\/now-news.de\/de\/deutschland\/supermarktdach-eingestuerzt-vier-verletzte-in-lauchringen\/","og_locale":"de_DE","og_type":"article","og_title":"Supermarktdach eingest\u00fcrzt \u2013 Vier Verletzte in Lauchringen","og_description":"In Lauchringen im Landkreis Waldshut ist am Samstagabend das Dach eines Supermarkts teilweise eingest\u00fcrzt. Zwei Menschen wurden schwer, zwei weitere leicht verletzt. Am fr\u00fchen Samstagabend kam es in Lauchringen im Landkreis Waldshut zu einem schweren Unfall: Gegen 17.45\u00a0Uhr st\u00fcrzte das Dach eines Supermarktes teilweise ein. Nach Angaben der Polizei wurden dabei zwei Menschen schwer, zwei [&hellip;]","og_url":"https:\/\/now-news.de\/de\/deutschland\/supermarktdach-eingestuerzt-vier-verletzte-in-lauchringen\/","og_site_name":"just-now.NEWS Deutschland","article_publisher":"https:\/\/www.facebook.com\/wirmachenauf","article_published_time":"2025-09-06T19:05:29+00:00","og_image":[{"url":"https:\/\/now-news.de\/de\/wp-content\/uploads\/sites\/3\/2025\/09\/68bc765fb480cc4f8343d811.jpg"}],"author":"rtnews","twitter_card":"summary_large_image","twitter_creator":"@WirMachenAuf_de","twitter_site":"@WirMachenAuf_de","twitter_misc":{"Verfasst von":"rtnews","Gesch\u00e4tzte Lesezeit":"1\u00a0Minute"},"schema":{"@context":"https:\/\/schema.org","@graph":[{"@type":"Article","@id":"https:\/\/now-news.de\/de\/deutschland\/supermarktdach-eingestuerzt-vier-verletzte-in-lauchringen\/#article","isPartOf":{"@id":"https:\/\/now-news.de\/de\/deutschland\/supermarktdach-eingestuerzt-vier-verletzte-in-lauchringen\/"},"author":{"name":"rtnews","@id":"https:\/\/now-news.de\/de\/#\/schema\/person\/fb534a4e865501d8b3285208df34a9b5"},"headline":"Supermarktdach eingest\u00fcrzt \u2013 Vier Verletzte in Lauchringen","datePublished":"2025-09-06T19:05:29+00:00","dateModified":"2025-09-06T19:05:29+00:00","mainEntityOfPage":{"@id":"https:\/\/now-news.de\/de\/deutschland\/supermarktdach-eingestuerzt-vier-verletzte-in-lauchringen\/"},"wordCount":197,"commentCount":0,"publisher":{"@id":"https:\/\/now-news.de\/de\/#organization"},"image":{"@id":"https:\/\/now-news.de\/de\/deutschland\/supermarktdach-eingestuerzt-vier-verletzte-in-lauchringen\/#primaryimage"},"thumbnailUrl":"https:\/\/now-news.de\/de\/wp-content\/uploads\/sites\/3\/2025\/09\/Supermarktdach-eingestuerzt-\u2013-Vier-Verletzte-in-Lauchringen.jpg","keywords":["eingest\u00fcrzt","Lauchringen","Supermarktdach","Verletzte","vier"],"articleSection":["Deutschland","Russland"],"inLanguage":"de","potentialAction":[{"@type":"CommentAction","name":"Comment","target":["https:\/\/now-news.de\/de\/deutschland\/supermarktdach-eingestuerzt-vier-verletzte-in-lauchringen\/#respond"]}]},{"@type":"WebPage","@id":"https:\/\/now-news.de\/de\/deutschland\/supermarktdach-eingestuerzt-vier-verletzte-in-lauchringen\/","url":"https:\/\/now-news.de\/de\/deutschland\/supermarktdach-eingestuerzt-vier-verletzte-in-lauchringen\/","name":"Supermarktdach eingest\u00fcrzt \u2013 Vier Verletzte in Lauchringen - just-now.NEWS Deutschland","isPartOf":{"@id":"https:\/\/now-news.de\/de\/#website"},"primaryImageOfPage":{"@id":"https:\/\/now-news.de\/de\/deutschland\/supermarktdach-eingestuerzt-vier-verletzte-in-lauchringen\/#primaryimage"},"image":{"@id":"https:\/\/now-news.de\/de\/deutschland\/supermarktdach-eingestuerzt-vier-verletzte-in-lauchringen\/#primaryimage"},"thumbnailUrl":"https:\/\/now-news.de\/de\/wp-content\/uploads\/sites\/3\/2025\/09\/Supermarktdach-eingestuerzt-\u2013-Vier-Verletzte-in-Lauchringen.jpg","datePublished":"2025-09-06T19:05:29+00:00","dateModified":"2025-09-06T19:05:29+00:00","breadcrumb":{"@id":"https:\/\/now-news.de\/de\/deutschland\/supermarktdach-eingestuerzt-vier-verletzte-in-lauchringen\/#breadcrumb"},"inLanguage":"de","potentialAction":[{"@type":"ReadAction","target":["https:\/\/now-news.de\/de\/deutschland\/supermarktdach-eingestuerzt-vier-verletzte-in-lauchringen\/"]}]},{"@type":"ImageObject","inLanguage":"de","@id":"https:\/\/now-news.de\/de\/deutschland\/supermarktdach-eingestuerzt-vier-verletzte-in-lauchringen\/#primaryimage","url":"https:\/\/now-news.de\/de\/wp-content\/uploads\/sites\/3\/2025\/09\/Supermarktdach-eingestuerzt-\u2013-Vier-Verletzte-in-Lauchringen.jpg","contentUrl":"https:\/\/now-news.de\/de\/wp-content\/uploads\/sites\/3\/2025\/09\/Supermarktdach-eingestuerzt-\u2013-Vier-Verletzte-in-Lauchringen.jpg","width":460,"height":259,"caption":"Supermarktdach eingest\u00fcrzt \u2013 Vier Verletzte in Lauchringen"},{"@type":"BreadcrumbList","@id":"https:\/\/now-news.de\/de\/deutschland\/supermarktdach-eingestuerzt-vier-verletzte-in-lauchringen\/#breadcrumb","itemListElement":[{"@type":"ListItem","position":1,"name":"Home","item":"https:\/\/now-news.de\/de\/"},{"@type":"ListItem","position":2,"name":"Supermarktdach eingest\u00fcrzt \u2013 Vier Verletzte in Lauchringen"}]},{"@type":"WebSite","@id":"https:\/\/now-news.de\/de\/#website","url":"https:\/\/now-news.de\/de\/","name":"just-now.NEWS Deutschland","description":"Das Portal f\u00fcr unzensierte Nachrichten aus der Welt","publisher":{"@id":"https:\/\/now-news.de\/de\/#organization"},"potentialAction":[{"@type":"SearchAction","target":{"@type":"EntryPoint","urlTemplate":"https:\/\/now-news.de\/de\/?s={search_term_string}"},"query-input":"required name=search_term_string"}],"inLanguage":"de"},{"@type":"Organization","@id":"https:\/\/now-news.de\/de\/#organization","name":"Just Now News","url":"https:\/\/now-news.de\/de\/","logo":{"@type":"ImageObject","inLanguage":"de","@id":"https:\/\/now-news.de\/de\/#\/schema\/logo\/image\/","url":"http:\/\/just-now.news\/de\/wp-content\/uploads\/sites\/3\/2022\/04\/logo500x500.jpg","contentUrl":"http:\/\/just-now.news\/de\/wp-content\/uploads\/sites\/3\/2022\/04\/logo500x500.jpg","width":500,"height":500,"caption":"Just Now News"},"image":{"@id":"https:\/\/now-news.de\/de\/#\/schema\/logo\/image\/"},"sameAs":["https:\/\/www.facebook.com\/wirmachenauf","https:\/\/x.com\/WirMachenAuf_de"]},{"@type":"Person","@id":"https:\/\/now-news.de\/de\/#\/schema\/person\/fb534a4e865501d8b3285208df34a9b5","name":"rtnews","image":{"@type":"ImageObject","inLanguage":"de","@id":"https:\/\/now-news.de\/de\/#\/schema\/person\/image\/","url":"https:\/\/secure.gravatar.com\/avatar\/82aafea7d8127119dd649515f56e2117?s=96&d=mm&r=g","contentUrl":"https:\/\/secure.gravatar.com\/avatar\/82aafea7d8127119dd649515f56e2117?s=96&d=mm&r=g","caption":"rtnews"},"url":"https:\/\/now-news.de\/de\/author\/rnews\/"}]}},"_links":{"self":[{"href":"https:\/\/now-news.de\/de\/wp-json\/wp\/v2\/posts\/90085"}],"collection":[{"href":"https:\/\/now-news.de\/de\/wp-json\/wp\/v2\/posts"}],"about":[{"href":"https:\/\/now-news.de\/de\/wp-json\/wp\/v2\/types\/post"}],"author":[{"embeddable":true,"href":"https:\/\/now-news.de\/de\/wp-json\/wp\/v2\/users\/3"}],"replies":[{"embeddable":true,"href":"https:\/\/now-news.de\/de\/wp-json\/wp\/v2\/comments?post=90085"}],"version-history":[{"count":0,"href":"https:\/\/now-news.de\/de\/wp-json\/wp\/v2\/posts\/90085\/revisions"}],"wp:featuredmedia":[{"embeddable":true,"href":"https:\/\/now-news.de\/de\/wp-json\/wp\/v2\/media\/90086"}],"wp:attachment":[{"href":"https:\/\/now-news.de\/de\/wp-json\/wp\/v2\/media?parent=90085"}],"wp:term":[{"taxonomy":"category","embeddable":true,"href":"https:\/\/now-news.de\/de\/wp-json\/wp\/v2\/categories?post=90085"},{"taxonomy":"post_tag","embeddable":true,"href":"https:\/\/now-news.de\/de\/wp-json\/wp\/v2\/tags?post=90085"}],"curies":[{"name":"wp","href":"https:\/\/api.w.org\/{rel}","templated":true}]}}