{"id":9001,"date":"2022-05-27T17:45:40","date_gmt":"2022-05-27T15:45:40","guid":{"rendered":"http:\/\/just-now.news\/de\/deutschland\/konfrontation-peking-wirft-us-aussenminister-verleumdung-chinas-vor\/"},"modified":"2022-05-27T17:45:40","modified_gmt":"2022-05-27T15:45:40","slug":"konfrontation-peking-wirft-us-aussenminister-verleumdung-chinas-vor","status":"publish","type":"post","link":"https:\/\/now-news.de\/de\/deutschland\/konfrontation-peking-wirft-us-aussenminister-verleumdung-chinas-vor\/","title":{"rendered":"Konfrontation: Peking wirft US-Au\u00dfenminister &quot;Verleumdung Chinas&quot; vor"},"content":{"rendered":"<div class=\"Text-root Text-type_5 ArticleView-text ViewText-root \">\n<p>Am Freitag hat das chinesische Au\u00dfenministerium den Au\u00dfenminister der Vereinigten Staaten Antony Blinken wegen &#8220;Verleumdung des Landes&#8221; scharf angegriffen. Blinken hatte Ma\u00dfnahmen gefordert, um ein Gegengewicht zum wachsenden globalen Einfluss Pekings zu schaffen.<\/p>\n<p>Am Vortag hatte Blinken in einer 45-min\u00fctigen Ansprache Bedenken \u00fcber Chinas &#8220;Absicht, die internationale Ordnung umzugestalten&#8221; ge\u00e4u\u00dfert. Die Rede des Ministers wurde unter Politikern und Experten als die bisher umfassendste Erkl\u00e4rung der US-Regierung zu China wahrgenommen. Der US-Au\u00dfenminister erkl\u00e4rte:<\/p>\n<blockquote>\n<p><em>&#8220;China ist das einzige Land, das sowohl die Absicht hat, die internationale Ordnung neu zu gestalten, als auch in zunehmendem Ma\u00dfe \u00fcber die wirtschaftliche, diplomatische, milit\u00e4rische und technologische Macht verf\u00fcgt, dies zu tun.&#8221;<\/em><\/p>\n<p><em>&#8220;Pekings Vision w\u00fcrde uns von den universellen Werten abbringen, die in den vergangenen 75 Jahren einen Gro\u00dfteil des weltweiten Fortschritts erm\u00f6glicht haben.&#8221;<\/em><\/p>\n<\/blockquote>\n<p>Blinken forderte die internationale Gemeinschaft auf, den Status quo zu verteidigen und die Beziehungen zu Peking &#8220;mit mehr Realismus&#8221; anzugehen.<\/p>\n<div class=\"ReadMore-root Section-root Section-is1to3-xs_is1to1\" data-widgets=\"ReadMore\" data-has-alias>\n<div class=\"Section-container Section-isRow-isTop-isWrap\">\n<article class=\"Card-root Card-is1to1 \">\n<div class=\"Card-imageWrap\">\n<div class=\"Card-picture\">\n<picture class=\"Picture-root Picture-default\"><!--[if IE 9]><video style=\"display: none;\"><![endif]--><source media=\"(-webkit-min-device-pixel-ratio: 2) and (min-resolution: 120dpi)\" data-srcset=\" \nhttp:\/\/just-now.news\/de\/wp-content\/uploads\/sites\/3\/2022\/05\/628b664948fbef040841202f.jpeg 850w,\n                http:\/\/just-now.news\/de\/wp-content\/uploads\/sites\/3\/2022\/05\/1653596339_650_628b664948fbef040841202f.jpeg 1960w,\n            \" ><source data-srcset=\" \nhttp:\/\/just-now.news\/de\/wp-content\/uploads\/sites\/3\/2022\/05\/628b664948fbef040841202f.jpeg 460w,\n              http:\/\/just-now.news\/de\/wp-content\/uploads\/sites\/3\/2022\/05\/1653596339_650_628b664948fbef040841202f.jpeg 980w,\n            \" ><!--[if IE 9]><\/video><![endif]--><img decoding=\"async\" data- src=\"data:image\/png;base64,iVBORw0KGgoAAAANSUhEUgAAABAAAAAJCAQAAACRI2S5AAAAEElEQVR42mNkIAAYRxWAAQAG9gAKqv6+AwAAAABJRU5ErkJggg==\" class=\"Picture-root Picture-default lazyload\" data-src=\"http:\/\/just-now.news\/de\/wp-content\/uploads\/sites\/3\/2022\/05\/628b664948fbef040841202f.jpeg\" alt='Chinas Au\u00dfenminister: US-\"Indopazifik\"-Strategie zum Scheitern verurteilt'><\/source><\/source><\/picture><!-- noscript pattern --><noscript><img decoding=\"async\" src=\"http:\/\/just-now.news\/de\/wp-content\/uploads\/sites\/3\/2022\/05\/1653596339_650_628b664948fbef040841202f.jpeg\" alt='Chinas Au\u00dfenminister: US-\"Indopazifik\"-Strategie zum Scheitern verurteilt'><\/noscript>    <\/div><\/div>\n<div class=\"Card-contentWrap\">\n<div class=\"Card-content\">\n<div class=\"Card-title\">\n<div class=\"HeaderNews-root HeaderNews-type_6 \">\n<p>            <a rel=\"nofollow noopener\" target=\"_blank\" href=\"https:\/\/de.rt.com\/international\/139149-chinas-aussenminister-us-indopazifik-strategie-zum-scheitern-verurteilt\/\" class=\"Link-root Link-isFullCard \"><br \/>\n                Chinas Au\u00dfenminister: US-&#8220;Indopazifik&#8221;-Strategie zum Scheitern verurteilt<br \/>\n            <\/a><\/p><\/div><\/div><\/div><\/div>\n<\/article>\n<\/div><\/div>\n<p>Dabei beschuldigte Blinken China, die Spannungen in Bezug auf Taiwan zu sch\u00fcren. Peking warf er vor, &#8220;Taiwans Beziehungen zu L\u00e4ndern auf der ganzen Welt abzuschneiden und es an der Teilnahme an internationalen Organisationen zu hindern&#8221;.<\/p>\n<p>Der Sprecher des chinesischen Au\u00dfenministeriums Wang Wenbin erkl\u00e4rte jedoch, Blinken &#8220;verbreitet falsche Informationen, \u00fcbertreibt die Bedrohung durch China, mischt sich in Chinas innere Angelegenheiten ein und verleumdet Chinas Innen- und Au\u00dfenpolitik&#8221;.<\/p>\n<p>Wang stellte klar, dass China Blinkens Rede entschieden zur\u00fcckweise. Diese zeige den Wunsch Washingtons, &#8220;Chinas Entwicklung einzud\u00e4mmen und zu unterdr\u00fccken sowie die Hegemonie und Macht der USA aufrechtzuerhalten&#8221;.<\/p>\n<p>Anfang der Woche hatte US-Pr\u00e4sident Joe Biden unerwartet angek\u00fcndigt, dass die USA im Falle einer chinesischen Invasion Taiwans milit\u00e4risch intervenieren w\u00fcrden, was unter Vertretern Chinas f\u00fcr gro\u00dfe Emp\u00f6rung sorgte. Allerdings korrigierten mehrere US-Beamte umgehend Bidens Aussage und bestanden darauf, dass die Worte des US-Pr\u00e4sidenten keine \u00c4nderung der seit langem bestehenden Anerkennung der &#8220;Ein-China-Politik&#8221; durch die USA darstellten, die Chinas Souver\u00e4nit\u00e4t \u00fcber Taiwan best\u00e4tigt.<\/p>\n<div class=\"ReadMore-root Section-root Section-is1to3-xs_is1to1\" data-widgets=\"ReadMore\" data-has-alias>\n<div class=\"Section-container Section-isRow-isTop-isWrap\">\n<article class=\"Card-root Card-is1to1 \">\n<div class=\"Card-imageWrap\">\n<div class=\"Card-picture\">\n<picture class=\"Picture-root Picture-default\"><!--[if IE 9]><video style=\"display: none;\"><![endif]--><source media=\"(-webkit-min-device-pixel-ratio: 2) and (min-resolution: 120dpi)\" data-srcset=\" \nhttp:\/\/just-now.news\/de\/wp-content\/uploads\/sites\/3\/2022\/05\/628a3cecb480cc79b93d8427.jpg 850w,\n                http:\/\/just-now.news\/de\/wp-content\/uploads\/sites\/3\/2022\/05\/628a3cecb480cc79b93d8426.jpg 1960w,\n            \" ><source data-srcset=\" \nhttp:\/\/just-now.news\/de\/wp-content\/uploads\/sites\/3\/2022\/05\/628a3cecb480cc79b93d8427.jpg 460w,\n              http:\/\/just-now.news\/de\/wp-content\/uploads\/sites\/3\/2022\/05\/628a3cecb480cc79b93d8426.jpg 980w,\n            \" ><!--[if IE 9]><\/video><![endif]--><img decoding=\"async\" data- src=\"data:image\/png;base64,iVBORw0KGgoAAAANSUhEUgAAABAAAAAJCAQAAACRI2S5AAAAEElEQVR42mNkIAAYRxWAAQAG9gAKqv6+AwAAAABJRU5ErkJggg==\" class=\"Picture-root Picture-default lazyload\" data-src=\"http:\/\/just-now.news\/de\/wp-content\/uploads\/sites\/3\/2022\/05\/628a3cecb480cc79b93d8427.jpg\" alt=\"Die USA nutzen die Ukraine, um die Spannungen in der Taiwan-Frage anzuheizen\"><\/source><\/source><\/picture><!-- noscript pattern --><noscript><img decoding=\"async\" src=\"http:\/\/just-now.news\/de\/wp-content\/uploads\/sites\/3\/2022\/05\/628a3cecb480cc79b93d8426.jpg\" alt=\"Die USA nutzen die Ukraine, um die Spannungen in der Taiwan-Frage anzuheizen\"><\/noscript>    <\/div><\/div>\n<div class=\"Card-contentWrap\">\n<div class=\"Card-label\">\n                <span class=\"Label-root Label-analyse\"><br \/>\n                    Analyse<br \/>\n                <\/span>\n            <\/div>\n<div class=\"Card-content\">\n<div class=\"Card-title\">\n<div class=\"HeaderNews-root HeaderNews-type_6 \">\n<p>            <a rel=\"nofollow noopener\" target=\"_blank\" href=\"https:\/\/de.rt.com\/international\/139074-usa-nutzen-ukraine-um-spannungen\/\" class=\"Link-root Link-isFullCard \"><br \/>\n                Die USA nutzen die Ukraine, um die Spannungen in der Taiwan-Frage anzuheizen<br \/>\n            <\/a><\/p><\/div><\/div><\/div><\/div>\n<\/article>\n<\/div><\/div>\n<p>In einer Ansprache am Donnerstag versuchte Blinken erneut, Bidens Aussage klarzustellen und bekr\u00e4ftigte, dass die USA Taiwans Unabh\u00e4ngigkeit nicht anerkennen. Er \u00e4u\u00dferte die Hoffnung, dass die Differenzen zwischen Taiwan und China &#8220;mit friedlichen Mitteln gel\u00f6st werden&#8221;.<\/p>\n<p>Allerdings betonte Blinken auch, dass sich die Politik der USA nicht ge\u00e4ndert habe, &#8220;wohl aber Pekings wachsende Zwangshandlungen&#8221;. Er warf China eine &#8220;provokative Rhetorik und Aktivit\u00e4t&#8221; gegen\u00fcber Taiwan vor und verwies auf angebliche Verletzungen des taiwanischen Luftraums durch chinesische Milit\u00e4rflugzeuge.<\/p>\n<p>Anfang des Monats hatte Taipeh Peking vorgeworfen, 18 Milit\u00e4rflugzeuge, darunter zwei nuklearf\u00e4hige Bomber der chinesischen Luftwaffe, seien in die taiwanische Luftverteidigungszone eingedrungen. Blinken erkl\u00e4rte, diese Aktionen seien &#8220;zutiefst destabilisierend&#8221; und bedrohten den Frieden und die Stabilit\u00e4t in der Stra\u00dfe von Taiwan.<\/p>\n<p><strong>Mehr zum Thema<\/strong> &#8211; <a rel=\"nofollow noopener\" target=\"_blank\" href=\"https:\/\/de.rt.com\/international\/139379-new-york-times-usa-wollen\/\">New York Times: USA wollen Erfahrungen aus Ukraine-Krieg in Taiwan nutzen <\/a><\/p>\n<\/div>\n<p><br \/>\n<br \/><a href=\"https:\/\/de.rt.com\/international\/139538-china-konfrontiert-us-aussenminister\/\">Source link <\/a><\/p>\n","protected":false},"excerpt":{"rendered":"<p>Am Freitag hat das chinesische Au\u00dfenministerium den Au\u00dfenminister der Vereinigten Staaten Antony Blinken wegen &#8220;Verleumdung des Landes&#8221; scharf angegriffen. Blinken hatte Ma\u00dfnahmen gefordert, um ein Gegengewicht zum wachsenden globalen Einfluss Pekings zu schaffen. Am Vortag hatte Blinken in einer 45-min\u00fctigen Ansprache Bedenken \u00fcber Chinas &#8220;Absicht, die internationale Ordnung umzugestalten&#8221; ge\u00e4u\u00dfert. Die Rede des Ministers wurde [&hellip;]<\/p>\n","protected":false},"author":3,"featured_media":8632,"comment_status":"open","ping_status":"open","sticky":false,"template":"","format":"standard","meta":{"wp_automatic_camp":["217"],"075d2bfb0f915e4b16d8e549e9b76fd6":["Konfrontation: Peking wirft US-Au\u00dfenminister &quot;Verleumdung Chinas&quot; vor"],"original_link":["https:\/\/de.rt.com\/international\/139538-china-konfrontiert-us-aussenminister\/"],"_thumbnail_id":["8632"],"_wptg_p2tg_sent2tg":["2022-05-27 17:58:13"],"jnews_social_counter_last_update":["1777481285"]},"categories":[19,23],"tags":[22051,4487,4117,22050,7403,320,7129],"yoast_head":"<!-- This site is optimized with the Yoast SEO Premium plugin v22.7 (Yoast SEO v22.7) - https:\/\/yoast.com\/wordpress\/plugins\/seo\/ -->\n<title>Konfrontation: Peking wirft US-Au\u00dfenminister &quot;Verleumdung Chinas&quot; vor - just-now.NEWS Deutschland<\/title>\n<meta name=\"robots\" content=\"index, follow, max-snippet:-1, max-image-preview:large, max-video-preview:-1\" \/>\n<link rel=\"canonical\" href=\"https:\/\/now-news.de\/de\/deutschland\/konfrontation-peking-wirft-us-aussenminister-verleumdung-chinas-vor\/\" \/>\n<meta property=\"og:locale\" content=\"de_DE\" \/>\n<meta property=\"og:type\" content=\"article\" \/>\n<meta property=\"og:title\" content=\"Konfrontation: Peking wirft US-Au\u00dfenminister &quot;Verleumdung Chinas&quot; vor\" \/>\n<meta property=\"og:description\" content=\"Am Freitag hat das chinesische Au\u00dfenministerium den Au\u00dfenminister der Vereinigten Staaten Antony Blinken wegen &#8220;Verleumdung des Landes&#8221; scharf angegriffen. Blinken hatte Ma\u00dfnahmen gefordert, um ein Gegengewicht zum wachsenden globalen Einfluss Pekings zu schaffen. Am Vortag hatte Blinken in einer 45-min\u00fctigen Ansprache Bedenken \u00fcber Chinas &#8220;Absicht, die internationale Ordnung umzugestalten&#8221; ge\u00e4u\u00dfert. Die Rede des Ministers wurde [&hellip;]\" \/>\n<meta property=\"og:url\" content=\"https:\/\/now-news.de\/de\/deutschland\/konfrontation-peking-wirft-us-aussenminister-verleumdung-chinas-vor\/\" \/>\n<meta property=\"og:site_name\" content=\"just-now.NEWS Deutschland\" \/>\n<meta property=\"article:publisher\" content=\"https:\/\/www.facebook.com\/wirmachenauf\" \/>\n<meta property=\"article:published_time\" content=\"2022-05-27T15:45:40+00:00\" \/>\n<meta property=\"og:image\" content=\"https:\/\/now-news.de\/de\/wp-content\/uploads\/sites\/3\/2022\/05\/Chinas-Aussenminister-US-quotIndopazifikquot-Strategie-zum-Scheitern-verurteilt.jpeg\" \/>\n\t<meta property=\"og:image:width\" content=\"460\" \/>\n\t<meta property=\"og:image:height\" content=\"259\" \/>\n\t<meta property=\"og:image:type\" content=\"image\/jpeg\" \/>\n<meta name=\"author\" content=\"rtnews\" \/>\n<meta name=\"twitter:card\" content=\"summary_large_image\" \/>\n<meta name=\"twitter:creator\" content=\"@WirMachenAuf_de\" \/>\n<meta name=\"twitter:site\" content=\"@WirMachenAuf_de\" \/>\n<meta name=\"twitter:label1\" content=\"Verfasst von\" \/>\n\t<meta name=\"twitter:data1\" content=\"rtnews\" \/>\n\t<meta name=\"twitter:label2\" content=\"Gesch\u00e4tzte Lesezeit\" \/>\n\t<meta name=\"twitter:data2\" content=\"3\u00a0Minuten\" \/>\n<script type=\"application\/ld+json\" class=\"yoast-schema-graph\">{\"@context\":\"https:\/\/schema.org\",\"@graph\":[{\"@type\":\"Article\",\"@id\":\"https:\/\/now-news.de\/de\/deutschland\/konfrontation-peking-wirft-us-aussenminister-verleumdung-chinas-vor\/#article\",\"isPartOf\":{\"@id\":\"https:\/\/now-news.de\/de\/deutschland\/konfrontation-peking-wirft-us-aussenminister-verleumdung-chinas-vor\/\"},\"author\":{\"name\":\"rtnews\",\"@id\":\"https:\/\/now-news.de\/de\/#\/schema\/person\/fb534a4e865501d8b3285208df34a9b5\"},\"headline\":\"Konfrontation: Peking wirft US-Au\u00dfenminister &quot;Verleumdung Chinas&quot; vor\",\"datePublished\":\"2022-05-27T15:45:40+00:00\",\"dateModified\":\"2022-05-27T15:45:40+00:00\",\"mainEntityOfPage\":{\"@id\":\"https:\/\/now-news.de\/de\/deutschland\/konfrontation-peking-wirft-us-aussenminister-verleumdung-chinas-vor\/\"},\"wordCount\":516,\"commentCount\":0,\"publisher\":{\"@id\":\"https:\/\/now-news.de\/de\/#organization\"},\"image\":{\"@id\":\"https:\/\/now-news.de\/de\/deutschland\/konfrontation-peking-wirft-us-aussenminister-verleumdung-chinas-vor\/#primaryimage\"},\"thumbnailUrl\":\"https:\/\/now-news.de\/de\/wp-content\/uploads\/sites\/3\/2022\/05\/Chinas-Aussenminister-US-quotIndopazifikquot-Strategie-zum-Scheitern-verurteilt.jpeg\",\"keywords\":[\"Chinasquot\",\"Konfrontation\",\"Peking\",\"quotVerleumdung\",\"USAu\u00dfenminister\",\"vor\",\"wirft\"],\"articleSection\":[\"Deutschland\",\"Russland\"],\"inLanguage\":\"de\",\"potentialAction\":[{\"@type\":\"CommentAction\",\"name\":\"Comment\",\"target\":[\"https:\/\/now-news.de\/de\/deutschland\/konfrontation-peking-wirft-us-aussenminister-verleumdung-chinas-vor\/#respond\"]}]},{\"@type\":\"WebPage\",\"@id\":\"https:\/\/now-news.de\/de\/deutschland\/konfrontation-peking-wirft-us-aussenminister-verleumdung-chinas-vor\/\",\"url\":\"https:\/\/now-news.de\/de\/deutschland\/konfrontation-peking-wirft-us-aussenminister-verleumdung-chinas-vor\/\",\"name\":\"Konfrontation: Peking wirft US-Au\u00dfenminister &quot;Verleumdung Chinas&quot; vor - just-now.NEWS Deutschland\",\"isPartOf\":{\"@id\":\"https:\/\/now-news.de\/de\/#website\"},\"primaryImageOfPage\":{\"@id\":\"https:\/\/now-news.de\/de\/deutschland\/konfrontation-peking-wirft-us-aussenminister-verleumdung-chinas-vor\/#primaryimage\"},\"image\":{\"@id\":\"https:\/\/now-news.de\/de\/deutschland\/konfrontation-peking-wirft-us-aussenminister-verleumdung-chinas-vor\/#primaryimage\"},\"thumbnailUrl\":\"https:\/\/now-news.de\/de\/wp-content\/uploads\/sites\/3\/2022\/05\/Chinas-Aussenminister-US-quotIndopazifikquot-Strategie-zum-Scheitern-verurteilt.jpeg\",\"datePublished\":\"2022-05-27T15:45:40+00:00\",\"dateModified\":\"2022-05-27T15:45:40+00:00\",\"breadcrumb\":{\"@id\":\"https:\/\/now-news.de\/de\/deutschland\/konfrontation-peking-wirft-us-aussenminister-verleumdung-chinas-vor\/#breadcrumb\"},\"inLanguage\":\"de\",\"potentialAction\":[{\"@type\":\"ReadAction\",\"target\":[\"https:\/\/now-news.de\/de\/deutschland\/konfrontation-peking-wirft-us-aussenminister-verleumdung-chinas-vor\/\"]}]},{\"@type\":\"ImageObject\",\"inLanguage\":\"de\",\"@id\":\"https:\/\/now-news.de\/de\/deutschland\/konfrontation-peking-wirft-us-aussenminister-verleumdung-chinas-vor\/#primaryimage\",\"url\":\"https:\/\/now-news.de\/de\/wp-content\/uploads\/sites\/3\/2022\/05\/Chinas-Aussenminister-US-quotIndopazifikquot-Strategie-zum-Scheitern-verurteilt.jpeg\",\"contentUrl\":\"https:\/\/now-news.de\/de\/wp-content\/uploads\/sites\/3\/2022\/05\/Chinas-Aussenminister-US-quotIndopazifikquot-Strategie-zum-Scheitern-verurteilt.jpeg\",\"width\":460,\"height\":259,\"caption\":\"Chinas Au\u00dfenminister: US-&quot;Indopazifik&quot;-Strategie zum Scheitern verurteilt\"},{\"@type\":\"BreadcrumbList\",\"@id\":\"https:\/\/now-news.de\/de\/deutschland\/konfrontation-peking-wirft-us-aussenminister-verleumdung-chinas-vor\/#breadcrumb\",\"itemListElement\":[{\"@type\":\"ListItem\",\"position\":1,\"name\":\"Home\",\"item\":\"https:\/\/now-news.de\/de\/\"},{\"@type\":\"ListItem\",\"position\":2,\"name\":\"Konfrontation: Peking wirft US-Au\u00dfenminister &quot;Verleumdung Chinas&quot; vor\"}]},{\"@type\":\"WebSite\",\"@id\":\"https:\/\/now-news.de\/de\/#website\",\"url\":\"https:\/\/now-news.de\/de\/\",\"name\":\"just-now.NEWS Deutschland\",\"description\":\"Das Portal f\u00fcr unzensierte Nachrichten aus der Welt\",\"publisher\":{\"@id\":\"https:\/\/now-news.de\/de\/#organization\"},\"potentialAction\":[{\"@type\":\"SearchAction\",\"target\":{\"@type\":\"EntryPoint\",\"urlTemplate\":\"https:\/\/now-news.de\/de\/?s={search_term_string}\"},\"query-input\":\"required name=search_term_string\"}],\"inLanguage\":\"de\"},{\"@type\":\"Organization\",\"@id\":\"https:\/\/now-news.de\/de\/#organization\",\"name\":\"Just Now News\",\"url\":\"https:\/\/now-news.de\/de\/\",\"logo\":{\"@type\":\"ImageObject\",\"inLanguage\":\"de\",\"@id\":\"https:\/\/now-news.de\/de\/#\/schema\/logo\/image\/\",\"url\":\"http:\/\/just-now.news\/de\/wp-content\/uploads\/sites\/3\/2022\/04\/logo500x500.jpg\",\"contentUrl\":\"http:\/\/just-now.news\/de\/wp-content\/uploads\/sites\/3\/2022\/04\/logo500x500.jpg\",\"width\":500,\"height\":500,\"caption\":\"Just Now News\"},\"image\":{\"@id\":\"https:\/\/now-news.de\/de\/#\/schema\/logo\/image\/\"},\"sameAs\":[\"https:\/\/www.facebook.com\/wirmachenauf\",\"https:\/\/x.com\/WirMachenAuf_de\"]},{\"@type\":\"Person\",\"@id\":\"https:\/\/now-news.de\/de\/#\/schema\/person\/fb534a4e865501d8b3285208df34a9b5\",\"name\":\"rtnews\",\"image\":{\"@type\":\"ImageObject\",\"inLanguage\":\"de\",\"@id\":\"https:\/\/now-news.de\/de\/#\/schema\/person\/image\/\",\"url\":\"https:\/\/secure.gravatar.com\/avatar\/82aafea7d8127119dd649515f56e2117?s=96&d=mm&r=g\",\"contentUrl\":\"https:\/\/secure.gravatar.com\/avatar\/82aafea7d8127119dd649515f56e2117?s=96&d=mm&r=g\",\"caption\":\"rtnews\"},\"url\":\"https:\/\/now-news.de\/de\/author\/rnews\/\"}]}<\/script>\n<!-- \/ Yoast SEO Premium plugin. -->","yoast_head_json":{"title":"Konfrontation: Peking wirft US-Au\u00dfenminister &quot;Verleumdung Chinas&quot; vor - just-now.NEWS Deutschland","robots":{"index":"index","follow":"follow","max-snippet":"max-snippet:-1","max-image-preview":"max-image-preview:large","max-video-preview":"max-video-preview:-1"},"canonical":"https:\/\/now-news.de\/de\/deutschland\/konfrontation-peking-wirft-us-aussenminister-verleumdung-chinas-vor\/","og_locale":"de_DE","og_type":"article","og_title":"Konfrontation: Peking wirft US-Au\u00dfenminister &quot;Verleumdung Chinas&quot; vor","og_description":"Am Freitag hat das chinesische Au\u00dfenministerium den Au\u00dfenminister der Vereinigten Staaten Antony Blinken wegen &#8220;Verleumdung des Landes&#8221; scharf angegriffen. Blinken hatte Ma\u00dfnahmen gefordert, um ein Gegengewicht zum wachsenden globalen Einfluss Pekings zu schaffen. Am Vortag hatte Blinken in einer 45-min\u00fctigen Ansprache Bedenken \u00fcber Chinas &#8220;Absicht, die internationale Ordnung umzugestalten&#8221; ge\u00e4u\u00dfert. Die Rede des Ministers wurde [&hellip;]","og_url":"https:\/\/now-news.de\/de\/deutschland\/konfrontation-peking-wirft-us-aussenminister-verleumdung-chinas-vor\/","og_site_name":"just-now.NEWS Deutschland","article_publisher":"https:\/\/www.facebook.com\/wirmachenauf","article_published_time":"2022-05-27T15:45:40+00:00","og_image":[{"width":460,"height":259,"url":"https:\/\/now-news.de\/de\/wp-content\/uploads\/sites\/3\/2022\/05\/Chinas-Aussenminister-US-quotIndopazifikquot-Strategie-zum-Scheitern-verurteilt.jpeg","type":"image\/jpeg"}],"author":"rtnews","twitter_card":"summary_large_image","twitter_creator":"@WirMachenAuf_de","twitter_site":"@WirMachenAuf_de","twitter_misc":{"Verfasst von":"rtnews","Gesch\u00e4tzte Lesezeit":"3\u00a0Minuten"},"schema":{"@context":"https:\/\/schema.org","@graph":[{"@type":"Article","@id":"https:\/\/now-news.de\/de\/deutschland\/konfrontation-peking-wirft-us-aussenminister-verleumdung-chinas-vor\/#article","isPartOf":{"@id":"https:\/\/now-news.de\/de\/deutschland\/konfrontation-peking-wirft-us-aussenminister-verleumdung-chinas-vor\/"},"author":{"name":"rtnews","@id":"https:\/\/now-news.de\/de\/#\/schema\/person\/fb534a4e865501d8b3285208df34a9b5"},"headline":"Konfrontation: Peking wirft US-Au\u00dfenminister &quot;Verleumdung Chinas&quot; vor","datePublished":"2022-05-27T15:45:40+00:00","dateModified":"2022-05-27T15:45:40+00:00","mainEntityOfPage":{"@id":"https:\/\/now-news.de\/de\/deutschland\/konfrontation-peking-wirft-us-aussenminister-verleumdung-chinas-vor\/"},"wordCount":516,"commentCount":0,"publisher":{"@id":"https:\/\/now-news.de\/de\/#organization"},"image":{"@id":"https:\/\/now-news.de\/de\/deutschland\/konfrontation-peking-wirft-us-aussenminister-verleumdung-chinas-vor\/#primaryimage"},"thumbnailUrl":"https:\/\/now-news.de\/de\/wp-content\/uploads\/sites\/3\/2022\/05\/Chinas-Aussenminister-US-quotIndopazifikquot-Strategie-zum-Scheitern-verurteilt.jpeg","keywords":["Chinasquot","Konfrontation","Peking","quotVerleumdung","USAu\u00dfenminister","vor","wirft"],"articleSection":["Deutschland","Russland"],"inLanguage":"de","potentialAction":[{"@type":"CommentAction","name":"Comment","target":["https:\/\/now-news.de\/de\/deutschland\/konfrontation-peking-wirft-us-aussenminister-verleumdung-chinas-vor\/#respond"]}]},{"@type":"WebPage","@id":"https:\/\/now-news.de\/de\/deutschland\/konfrontation-peking-wirft-us-aussenminister-verleumdung-chinas-vor\/","url":"https:\/\/now-news.de\/de\/deutschland\/konfrontation-peking-wirft-us-aussenminister-verleumdung-chinas-vor\/","name":"Konfrontation: Peking wirft US-Au\u00dfenminister &quot;Verleumdung Chinas&quot; vor - just-now.NEWS Deutschland","isPartOf":{"@id":"https:\/\/now-news.de\/de\/#website"},"primaryImageOfPage":{"@id":"https:\/\/now-news.de\/de\/deutschland\/konfrontation-peking-wirft-us-aussenminister-verleumdung-chinas-vor\/#primaryimage"},"image":{"@id":"https:\/\/now-news.de\/de\/deutschland\/konfrontation-peking-wirft-us-aussenminister-verleumdung-chinas-vor\/#primaryimage"},"thumbnailUrl":"https:\/\/now-news.de\/de\/wp-content\/uploads\/sites\/3\/2022\/05\/Chinas-Aussenminister-US-quotIndopazifikquot-Strategie-zum-Scheitern-verurteilt.jpeg","datePublished":"2022-05-27T15:45:40+00:00","dateModified":"2022-05-27T15:45:40+00:00","breadcrumb":{"@id":"https:\/\/now-news.de\/de\/deutschland\/konfrontation-peking-wirft-us-aussenminister-verleumdung-chinas-vor\/#breadcrumb"},"inLanguage":"de","potentialAction":[{"@type":"ReadAction","target":["https:\/\/now-news.de\/de\/deutschland\/konfrontation-peking-wirft-us-aussenminister-verleumdung-chinas-vor\/"]}]},{"@type":"ImageObject","inLanguage":"de","@id":"https:\/\/now-news.de\/de\/deutschland\/konfrontation-peking-wirft-us-aussenminister-verleumdung-chinas-vor\/#primaryimage","url":"https:\/\/now-news.de\/de\/wp-content\/uploads\/sites\/3\/2022\/05\/Chinas-Aussenminister-US-quotIndopazifikquot-Strategie-zum-Scheitern-verurteilt.jpeg","contentUrl":"https:\/\/now-news.de\/de\/wp-content\/uploads\/sites\/3\/2022\/05\/Chinas-Aussenminister-US-quotIndopazifikquot-Strategie-zum-Scheitern-verurteilt.jpeg","width":460,"height":259,"caption":"Chinas Au\u00dfenminister: US-&quot;Indopazifik&quot;-Strategie zum Scheitern verurteilt"},{"@type":"BreadcrumbList","@id":"https:\/\/now-news.de\/de\/deutschland\/konfrontation-peking-wirft-us-aussenminister-verleumdung-chinas-vor\/#breadcrumb","itemListElement":[{"@type":"ListItem","position":1,"name":"Home","item":"https:\/\/now-news.de\/de\/"},{"@type":"ListItem","position":2,"name":"Konfrontation: Peking wirft US-Au\u00dfenminister &quot;Verleumdung Chinas&quot; vor"}]},{"@type":"WebSite","@id":"https:\/\/now-news.de\/de\/#website","url":"https:\/\/now-news.de\/de\/","name":"just-now.NEWS Deutschland","description":"Das Portal f\u00fcr unzensierte Nachrichten aus der Welt","publisher":{"@id":"https:\/\/now-news.de\/de\/#organization"},"potentialAction":[{"@type":"SearchAction","target":{"@type":"EntryPoint","urlTemplate":"https:\/\/now-news.de\/de\/?s={search_term_string}"},"query-input":"required name=search_term_string"}],"inLanguage":"de"},{"@type":"Organization","@id":"https:\/\/now-news.de\/de\/#organization","name":"Just Now News","url":"https:\/\/now-news.de\/de\/","logo":{"@type":"ImageObject","inLanguage":"de","@id":"https:\/\/now-news.de\/de\/#\/schema\/logo\/image\/","url":"http:\/\/just-now.news\/de\/wp-content\/uploads\/sites\/3\/2022\/04\/logo500x500.jpg","contentUrl":"http:\/\/just-now.news\/de\/wp-content\/uploads\/sites\/3\/2022\/04\/logo500x500.jpg","width":500,"height":500,"caption":"Just Now News"},"image":{"@id":"https:\/\/now-news.de\/de\/#\/schema\/logo\/image\/"},"sameAs":["https:\/\/www.facebook.com\/wirmachenauf","https:\/\/x.com\/WirMachenAuf_de"]},{"@type":"Person","@id":"https:\/\/now-news.de\/de\/#\/schema\/person\/fb534a4e865501d8b3285208df34a9b5","name":"rtnews","image":{"@type":"ImageObject","inLanguage":"de","@id":"https:\/\/now-news.de\/de\/#\/schema\/person\/image\/","url":"https:\/\/secure.gravatar.com\/avatar\/82aafea7d8127119dd649515f56e2117?s=96&d=mm&r=g","contentUrl":"https:\/\/secure.gravatar.com\/avatar\/82aafea7d8127119dd649515f56e2117?s=96&d=mm&r=g","caption":"rtnews"},"url":"https:\/\/now-news.de\/de\/author\/rnews\/"}]}},"_links":{"self":[{"href":"https:\/\/now-news.de\/de\/wp-json\/wp\/v2\/posts\/9001"}],"collection":[{"href":"https:\/\/now-news.de\/de\/wp-json\/wp\/v2\/posts"}],"about":[{"href":"https:\/\/now-news.de\/de\/wp-json\/wp\/v2\/types\/post"}],"author":[{"embeddable":true,"href":"https:\/\/now-news.de\/de\/wp-json\/wp\/v2\/users\/3"}],"replies":[{"embeddable":true,"href":"https:\/\/now-news.de\/de\/wp-json\/wp\/v2\/comments?post=9001"}],"version-history":[{"count":0,"href":"https:\/\/now-news.de\/de\/wp-json\/wp\/v2\/posts\/9001\/revisions"}],"wp:featuredmedia":[{"embeddable":true,"href":"https:\/\/now-news.de\/de\/wp-json\/wp\/v2\/media\/8632"}],"wp:attachment":[{"href":"https:\/\/now-news.de\/de\/wp-json\/wp\/v2\/media?parent=9001"}],"wp:term":[{"taxonomy":"category","embeddable":true,"href":"https:\/\/now-news.de\/de\/wp-json\/wp\/v2\/categories?post=9001"},{"taxonomy":"post_tag","embeddable":true,"href":"https:\/\/now-news.de\/de\/wp-json\/wp\/v2\/tags?post=9001"}],"curies":[{"name":"wp","href":"https:\/\/api.w.org\/{rel}","templated":true}]}}