{"id":90005,"date":"2025-09-05T12:26:55","date_gmt":"2025-09-05T10:26:55","guid":{"rendered":"https:\/\/now-news.de\/de\/deutschland\/erstmals-seit-ende-des-zweiten-weltkriegs-umbenennung-des-pentagons-in-kriegsministerium\/"},"modified":"2025-09-05T12:26:55","modified_gmt":"2025-09-05T10:26:55","slug":"erstmals-seit-ende-des-zweiten-weltkriegs-umbenennung-des-pentagons-in-kriegsministerium","status":"publish","type":"post","link":"https:\/\/now-news.de\/de\/deutschland\/erstmals-seit-ende-des-zweiten-weltkriegs-umbenennung-des-pentagons-in-kriegsministerium\/","title":{"rendered":"Erstmals seit Ende des Zweiten Weltkriegs: Umbenennung des Pentagons in &quot;Kriegsministerium&quot;"},"content":{"rendered":"<p><img decoding=\"async\" src=\"https:\/\/now-news.de\/de\/wp-content\/uploads\/sites\/3\/2025\/09\/68baa5cb48fbef450c02a70c.jpg\" \/><\/p>\n<div class=\"Text-root Text-type_1 \">\n                Der &#8220;Friedensstifter&#8221; Trump will das US-Verteidigungsministerium in Kriegsministerium umbenennen. Das US-Verteidigungsministerium hie\u00df bis 1949 &#8220;Kriegsministerium&#8221;. Die nun geplante Umbenennung d\u00fcrfte Hunderte Millionen Dollar kosten.\n            <\/div>\n<p><\/p>\n<div class=\"Text-root Text-type_5 ArticleView-text ViewText-root \">\n<p>US-Pr\u00e4sident Donald Trump will das Verteidigungsministerium laut dem Wei\u00dfen Haus in &#8220;Kriegsministerium&#8221; umbenennen. Trump werde am Freitag eine entsprechende Anordnung unterzeichnen, teilte ein Sprecher des Wei\u00dfen Hauses mit. Die Anordnung werde Verteidigungsminister Pete Hegseth und sein Ministerium dazu erm\u00e4chtigen, in der offiziellen Kommunikation die Titel &#8220;Kriegsminister&#8221; und &#8220;Kriegsministerium&#8221; zu verwenden. Dies geht aus einem Informationsblatt des Wei\u00dfen Hauses hervor. Laut Hegseth soll die Umbenennung das &#8220;Krieger-Ethos&#8221; der Streitkr\u00e4fte widerspiegeln.<\/p>\n<div class=\"EmbedBlock-root EmbedBlock-twitter\">\n<div class=\"TwitterEmbed\">\n<blockquote class=\"twitter-tweet lazyload\" data-twitter=\"twitter-tweet\">\n<p lang=\"en\" dir=\"ltr\">DEPARTMENT OF WAR <a rel=\"nofollow noopener\" target=\"_blank\" href=\"https:\/\/t.co\/uyAZGiklRi\">https:\/\/t.co\/uyAZGiklRi<\/a><\/p>\n<p>\u2014 Pete Hegseth (@PeteHegseth) <a rel=\"nofollow noopener\" target=\"_blank\" href=\"https:\/\/twitter.com\/PeteHegseth\/status\/1963727635143639327?ref_src=twsrc%5Etfw\">September 4, 2025<\/a><\/p><\/blockquote>\n<\/div>\n<\/div>\n<p>Im Rahmen dieser Anordnung w\u00e4re der Verteidigungsminister zudem angehalten, Ma\u00dfnahmen zu empfehlen, die erforderlich sind, um die Umbenennung dauerhaft umzusetzen.\u00a0Laut dem US-Sender <em>CNN<\/em> hatte sich die Namens\u00e4nderung zuletzt bereits abgezeichnet. So habe Trump in der vergangenen Woche vor Reportern im Oval Office gesagt, dass seine Regierung den Namen \u00e4ndern werde.<\/p>\n<p>Umbenennungen von Ministerien sind selten und bed\u00fcrfen der Zustimmung des US-Kongresses. Widerstand vonseiten der in beiden Kammern knapp regierenden Republikaner gilt jedoch als unwahrscheinlich. Trump hatte bereits im vergangenen Monat erkl\u00e4rt, der Name &#8220;Verteidigung&#8221; sei zu defensiv.<\/p>\n<p>Das US-Verteidigungsministerium hie\u00df bis 1949 &#8220;Kriegsministerium&#8221;. Nach dem Zweiten Weltkrieg wurde der Name ge\u00e4ndert, um im Atomzeitalter das Anliegen der Verhinderung von Kriegen zu unterstreichen. Die nun geplante Umbenennung d\u00fcrfte Hunderte Millionen Dollar kosten, da unter anderem s\u00e4mtliche Schilder und Briefk\u00f6pfe weltweit ge\u00e4ndert werden m\u00fcssten. Seit seinem Amtsantritt im Januar hat Trump bereits mehrere Umbenennungen von Orten und Institutionen vorangetrieben.\u00a0<\/p>\n<p><strong>Mehr zum Thema<\/strong> &#8211; <a rel=\"nofollow noopener\" target=\"_blank\" href=\"https:\/\/freedert.online\/international\/255097-eskaliert-streit-mit-venezuela-usa\/\">Eskaliert der Streit mit Venezuela? USA drohen Drogenkartellen mit weiteren Milit\u00e4rschl\u00e4gen<\/a><\/p>\n<div class=\"EmbedBlock-root EmbedBlock-externalVideo EmbedBlock-rumble\">\n<div class=\"VkEmbed\"><iframe class=\"lazyload\" data-src=\"https:\/\/rumble.com\/embed\/v6vx27w\" frameborder=\"0\" width=\"853\" height=\"480\" allowfullscreen><\/iframe><\/div>\n<\/div>\n<\/div>\n<p><script async src=\"https:\/\/platform.twitter.com\/widgets.js\" charset=\"utf-8\"><\/script><br \/>\n<br \/><br \/>\n<br \/><a href=\"https:\/\/de.rt.com\/international\/255192-erstmals-seit-ende-zweiten-weltkriegs\/\">Source link <\/a><\/p>\n","protected":false},"excerpt":{"rendered":"<p>Der &#8220;Friedensstifter&#8221; Trump will das US-Verteidigungsministerium in Kriegsministerium umbenennen. Das US-Verteidigungsministerium hie\u00df bis 1949 &#8220;Kriegsministerium&#8221;. Die nun geplante Umbenennung d\u00fcrfte Hunderte Millionen Dollar kosten. US-Pr\u00e4sident Donald Trump will das Verteidigungsministerium laut dem Wei\u00dfen Haus in &#8220;Kriegsministerium&#8221; umbenennen. Trump werde am Freitag eine entsprechende Anordnung unterzeichnen, teilte ein Sprecher des Wei\u00dfen Hauses mit. Die Anordnung werde [&hellip;]<\/p>\n","protected":false},"author":3,"featured_media":90006,"comment_status":"open","ping_status":"open","sticky":false,"template":"","format":"standard","meta":{"_yoast_indexnow_last_ping":["1757068888"],"wp_automatic_camp":["217"],"a8a32cf32d42878487ff58c5d8034a6d":["Erstmals seit Ende des Zweiten Weltkriegs: Umbenennung des Pentagons in &quot;Kriegsministerium&quot;"],"original_link":["https:\/\/de.rt.com\/international\/255192-erstmals-seit-ende-zweiten-weltkriegs\/"],"_thumbnail_id":["90006"],"jnews_social_counter_last_update":["1776751058"],"_wptgpro_p2tg_sent2tg":["a:1:{i:23737;s:19:\"2025-09-05 12:42:32\";}"]},"categories":[19,23],"tags":[583,5375,7182,4893,67503,1829,31721,42150,19962],"yoast_head":"<!-- This site is optimized with the Yoast SEO Premium plugin v22.7 (Yoast SEO v22.7) - https:\/\/yoast.com\/wordpress\/plugins\/seo\/ -->\n<title>Erstmals seit Ende des Zweiten Weltkriegs: Umbenennung des Pentagons in &quot;Kriegsministerium&quot; - just-now.NEWS Deutschland<\/title>\n<meta name=\"robots\" content=\"index, follow, max-snippet:-1, max-image-preview:large, max-video-preview:-1\" \/>\n<link rel=\"canonical\" href=\"https:\/\/now-news.de\/de\/deutschland\/erstmals-seit-ende-des-zweiten-weltkriegs-umbenennung-des-pentagons-in-kriegsministerium\/\" \/>\n<meta property=\"og:locale\" content=\"de_DE\" \/>\n<meta property=\"og:type\" content=\"article\" \/>\n<meta property=\"og:title\" content=\"Erstmals seit Ende des Zweiten Weltkriegs: Umbenennung des Pentagons in &quot;Kriegsministerium&quot;\" \/>\n<meta property=\"og:description\" content=\"Der &#8220;Friedensstifter&#8221; Trump will das US-Verteidigungsministerium in Kriegsministerium umbenennen. Das US-Verteidigungsministerium hie\u00df bis 1949 &#8220;Kriegsministerium&#8221;. Die nun geplante Umbenennung d\u00fcrfte Hunderte Millionen Dollar kosten. US-Pr\u00e4sident Donald Trump will das Verteidigungsministerium laut dem Wei\u00dfen Haus in &#8220;Kriegsministerium&#8221; umbenennen. Trump werde am Freitag eine entsprechende Anordnung unterzeichnen, teilte ein Sprecher des Wei\u00dfen Hauses mit. Die Anordnung werde [&hellip;]\" \/>\n<meta property=\"og:url\" content=\"https:\/\/now-news.de\/de\/deutschland\/erstmals-seit-ende-des-zweiten-weltkriegs-umbenennung-des-pentagons-in-kriegsministerium\/\" \/>\n<meta property=\"og:site_name\" content=\"just-now.NEWS Deutschland\" \/>\n<meta property=\"article:publisher\" content=\"https:\/\/www.facebook.com\/wirmachenauf\" \/>\n<meta property=\"article:published_time\" content=\"2025-09-05T10:26:55+00:00\" \/>\n<meta property=\"og:image\" content=\"https:\/\/now-news.de\/de\/wp-content\/uploads\/sites\/3\/2025\/09\/68baa5cb48fbef450c02a70c.jpg\" \/>\n<meta name=\"author\" content=\"rtnews\" \/>\n<meta name=\"twitter:card\" content=\"summary_large_image\" \/>\n<meta name=\"twitter:creator\" content=\"@WirMachenAuf_de\" \/>\n<meta name=\"twitter:site\" content=\"@WirMachenAuf_de\" \/>\n<meta name=\"twitter:label1\" content=\"Verfasst von\" \/>\n\t<meta name=\"twitter:data1\" content=\"rtnews\" \/>\n\t<meta name=\"twitter:label2\" content=\"Gesch\u00e4tzte Lesezeit\" \/>\n\t<meta name=\"twitter:data2\" content=\"1\u00a0Minute\" \/>\n<script type=\"application\/ld+json\" class=\"yoast-schema-graph\">{\"@context\":\"https:\/\/schema.org\",\"@graph\":[{\"@type\":\"Article\",\"@id\":\"https:\/\/now-news.de\/de\/deutschland\/erstmals-seit-ende-des-zweiten-weltkriegs-umbenennung-des-pentagons-in-kriegsministerium\/#article\",\"isPartOf\":{\"@id\":\"https:\/\/now-news.de\/de\/deutschland\/erstmals-seit-ende-des-zweiten-weltkriegs-umbenennung-des-pentagons-in-kriegsministerium\/\"},\"author\":{\"name\":\"rtnews\",\"@id\":\"https:\/\/now-news.de\/de\/#\/schema\/person\/fb534a4e865501d8b3285208df34a9b5\"},\"headline\":\"Erstmals seit Ende des Zweiten Weltkriegs: Umbenennung des Pentagons in &quot;Kriegsministerium&quot;\",\"datePublished\":\"2025-09-05T10:26:55+00:00\",\"dateModified\":\"2025-09-05T10:26:55+00:00\",\"mainEntityOfPage\":{\"@id\":\"https:\/\/now-news.de\/de\/deutschland\/erstmals-seit-ende-des-zweiten-weltkriegs-umbenennung-des-pentagons-in-kriegsministerium\/\"},\"wordCount\":301,\"commentCount\":0,\"publisher\":{\"@id\":\"https:\/\/now-news.de\/de\/#organization\"},\"image\":{\"@id\":\"https:\/\/now-news.de\/de\/deutschland\/erstmals-seit-ende-des-zweiten-weltkriegs-umbenennung-des-pentagons-in-kriegsministerium\/#primaryimage\"},\"thumbnailUrl\":\"https:\/\/now-news.de\/de\/wp-content\/uploads\/sites\/3\/2025\/09\/Erstmals-seit-Ende-des-Zweiten-Weltkriegs-Umbenennung-des-Pentagons-in.jpg\",\"keywords\":[\"des\",\"Ende\",\"Erstmals\",\"Pentagons\",\"quotKriegsministeriumquot\",\"seit\",\"Umbenennung\",\"Weltkriegs\",\"Zweiten\"],\"articleSection\":[\"Deutschland\",\"Russland\"],\"inLanguage\":\"de\",\"potentialAction\":[{\"@type\":\"CommentAction\",\"name\":\"Comment\",\"target\":[\"https:\/\/now-news.de\/de\/deutschland\/erstmals-seit-ende-des-zweiten-weltkriegs-umbenennung-des-pentagons-in-kriegsministerium\/#respond\"]}]},{\"@type\":\"WebPage\",\"@id\":\"https:\/\/now-news.de\/de\/deutschland\/erstmals-seit-ende-des-zweiten-weltkriegs-umbenennung-des-pentagons-in-kriegsministerium\/\",\"url\":\"https:\/\/now-news.de\/de\/deutschland\/erstmals-seit-ende-des-zweiten-weltkriegs-umbenennung-des-pentagons-in-kriegsministerium\/\",\"name\":\"Erstmals seit Ende des Zweiten Weltkriegs: Umbenennung des Pentagons in &quot;Kriegsministerium&quot; - just-now.NEWS Deutschland\",\"isPartOf\":{\"@id\":\"https:\/\/now-news.de\/de\/#website\"},\"primaryImageOfPage\":{\"@id\":\"https:\/\/now-news.de\/de\/deutschland\/erstmals-seit-ende-des-zweiten-weltkriegs-umbenennung-des-pentagons-in-kriegsministerium\/#primaryimage\"},\"image\":{\"@id\":\"https:\/\/now-news.de\/de\/deutschland\/erstmals-seit-ende-des-zweiten-weltkriegs-umbenennung-des-pentagons-in-kriegsministerium\/#primaryimage\"},\"thumbnailUrl\":\"https:\/\/now-news.de\/de\/wp-content\/uploads\/sites\/3\/2025\/09\/Erstmals-seit-Ende-des-Zweiten-Weltkriegs-Umbenennung-des-Pentagons-in.jpg\",\"datePublished\":\"2025-09-05T10:26:55+00:00\",\"dateModified\":\"2025-09-05T10:26:55+00:00\",\"breadcrumb\":{\"@id\":\"https:\/\/now-news.de\/de\/deutschland\/erstmals-seit-ende-des-zweiten-weltkriegs-umbenennung-des-pentagons-in-kriegsministerium\/#breadcrumb\"},\"inLanguage\":\"de\",\"potentialAction\":[{\"@type\":\"ReadAction\",\"target\":[\"https:\/\/now-news.de\/de\/deutschland\/erstmals-seit-ende-des-zweiten-weltkriegs-umbenennung-des-pentagons-in-kriegsministerium\/\"]}]},{\"@type\":\"ImageObject\",\"inLanguage\":\"de\",\"@id\":\"https:\/\/now-news.de\/de\/deutschland\/erstmals-seit-ende-des-zweiten-weltkriegs-umbenennung-des-pentagons-in-kriegsministerium\/#primaryimage\",\"url\":\"https:\/\/now-news.de\/de\/wp-content\/uploads\/sites\/3\/2025\/09\/Erstmals-seit-Ende-des-Zweiten-Weltkriegs-Umbenennung-des-Pentagons-in.jpg\",\"contentUrl\":\"https:\/\/now-news.de\/de\/wp-content\/uploads\/sites\/3\/2025\/09\/Erstmals-seit-Ende-des-Zweiten-Weltkriegs-Umbenennung-des-Pentagons-in.jpg\",\"width\":460,\"height\":259,\"caption\":\"Erstmals seit Ende des Zweiten Weltkriegs: Umbenennung des Pentagons in &quot;Kriegsministerium&quot;\"},{\"@type\":\"BreadcrumbList\",\"@id\":\"https:\/\/now-news.de\/de\/deutschland\/erstmals-seit-ende-des-zweiten-weltkriegs-umbenennung-des-pentagons-in-kriegsministerium\/#breadcrumb\",\"itemListElement\":[{\"@type\":\"ListItem\",\"position\":1,\"name\":\"Home\",\"item\":\"https:\/\/now-news.de\/de\/\"},{\"@type\":\"ListItem\",\"position\":2,\"name\":\"Erstmals seit Ende des Zweiten Weltkriegs: Umbenennung des Pentagons in &quot;Kriegsministerium&quot;\"}]},{\"@type\":\"WebSite\",\"@id\":\"https:\/\/now-news.de\/de\/#website\",\"url\":\"https:\/\/now-news.de\/de\/\",\"name\":\"just-now.NEWS Deutschland\",\"description\":\"Das Portal f\u00fcr unzensierte Nachrichten aus der Welt\",\"publisher\":{\"@id\":\"https:\/\/now-news.de\/de\/#organization\"},\"potentialAction\":[{\"@type\":\"SearchAction\",\"target\":{\"@type\":\"EntryPoint\",\"urlTemplate\":\"https:\/\/now-news.de\/de\/?s={search_term_string}\"},\"query-input\":\"required name=search_term_string\"}],\"inLanguage\":\"de\"},{\"@type\":\"Organization\",\"@id\":\"https:\/\/now-news.de\/de\/#organization\",\"name\":\"Just Now News\",\"url\":\"https:\/\/now-news.de\/de\/\",\"logo\":{\"@type\":\"ImageObject\",\"inLanguage\":\"de\",\"@id\":\"https:\/\/now-news.de\/de\/#\/schema\/logo\/image\/\",\"url\":\"http:\/\/just-now.news\/de\/wp-content\/uploads\/sites\/3\/2022\/04\/logo500x500.jpg\",\"contentUrl\":\"http:\/\/just-now.news\/de\/wp-content\/uploads\/sites\/3\/2022\/04\/logo500x500.jpg\",\"width\":500,\"height\":500,\"caption\":\"Just Now News\"},\"image\":{\"@id\":\"https:\/\/now-news.de\/de\/#\/schema\/logo\/image\/\"},\"sameAs\":[\"https:\/\/www.facebook.com\/wirmachenauf\",\"https:\/\/x.com\/WirMachenAuf_de\"]},{\"@type\":\"Person\",\"@id\":\"https:\/\/now-news.de\/de\/#\/schema\/person\/fb534a4e865501d8b3285208df34a9b5\",\"name\":\"rtnews\",\"image\":{\"@type\":\"ImageObject\",\"inLanguage\":\"de\",\"@id\":\"https:\/\/now-news.de\/de\/#\/schema\/person\/image\/\",\"url\":\"https:\/\/secure.gravatar.com\/avatar\/82aafea7d8127119dd649515f56e2117?s=96&d=mm&r=g\",\"contentUrl\":\"https:\/\/secure.gravatar.com\/avatar\/82aafea7d8127119dd649515f56e2117?s=96&d=mm&r=g\",\"caption\":\"rtnews\"},\"url\":\"https:\/\/now-news.de\/de\/author\/rnews\/\"}]}<\/script>\n<!-- \/ Yoast SEO Premium plugin. -->","yoast_head_json":{"title":"Erstmals seit Ende des Zweiten Weltkriegs: Umbenennung des Pentagons in &quot;Kriegsministerium&quot; - just-now.NEWS Deutschland","robots":{"index":"index","follow":"follow","max-snippet":"max-snippet:-1","max-image-preview":"max-image-preview:large","max-video-preview":"max-video-preview:-1"},"canonical":"https:\/\/now-news.de\/de\/deutschland\/erstmals-seit-ende-des-zweiten-weltkriegs-umbenennung-des-pentagons-in-kriegsministerium\/","og_locale":"de_DE","og_type":"article","og_title":"Erstmals seit Ende des Zweiten Weltkriegs: Umbenennung des Pentagons in &quot;Kriegsministerium&quot;","og_description":"Der &#8220;Friedensstifter&#8221; Trump will das US-Verteidigungsministerium in Kriegsministerium umbenennen. Das US-Verteidigungsministerium hie\u00df bis 1949 &#8220;Kriegsministerium&#8221;. Die nun geplante Umbenennung d\u00fcrfte Hunderte Millionen Dollar kosten. US-Pr\u00e4sident Donald Trump will das Verteidigungsministerium laut dem Wei\u00dfen Haus in &#8220;Kriegsministerium&#8221; umbenennen. Trump werde am Freitag eine entsprechende Anordnung unterzeichnen, teilte ein Sprecher des Wei\u00dfen Hauses mit. Die Anordnung werde [&hellip;]","og_url":"https:\/\/now-news.de\/de\/deutschland\/erstmals-seit-ende-des-zweiten-weltkriegs-umbenennung-des-pentagons-in-kriegsministerium\/","og_site_name":"just-now.NEWS Deutschland","article_publisher":"https:\/\/www.facebook.com\/wirmachenauf","article_published_time":"2025-09-05T10:26:55+00:00","og_image":[{"url":"https:\/\/now-news.de\/de\/wp-content\/uploads\/sites\/3\/2025\/09\/68baa5cb48fbef450c02a70c.jpg"}],"author":"rtnews","twitter_card":"summary_large_image","twitter_creator":"@WirMachenAuf_de","twitter_site":"@WirMachenAuf_de","twitter_misc":{"Verfasst von":"rtnews","Gesch\u00e4tzte Lesezeit":"1\u00a0Minute"},"schema":{"@context":"https:\/\/schema.org","@graph":[{"@type":"Article","@id":"https:\/\/now-news.de\/de\/deutschland\/erstmals-seit-ende-des-zweiten-weltkriegs-umbenennung-des-pentagons-in-kriegsministerium\/#article","isPartOf":{"@id":"https:\/\/now-news.de\/de\/deutschland\/erstmals-seit-ende-des-zweiten-weltkriegs-umbenennung-des-pentagons-in-kriegsministerium\/"},"author":{"name":"rtnews","@id":"https:\/\/now-news.de\/de\/#\/schema\/person\/fb534a4e865501d8b3285208df34a9b5"},"headline":"Erstmals seit Ende des Zweiten Weltkriegs: Umbenennung des Pentagons in &quot;Kriegsministerium&quot;","datePublished":"2025-09-05T10:26:55+00:00","dateModified":"2025-09-05T10:26:55+00:00","mainEntityOfPage":{"@id":"https:\/\/now-news.de\/de\/deutschland\/erstmals-seit-ende-des-zweiten-weltkriegs-umbenennung-des-pentagons-in-kriegsministerium\/"},"wordCount":301,"commentCount":0,"publisher":{"@id":"https:\/\/now-news.de\/de\/#organization"},"image":{"@id":"https:\/\/now-news.de\/de\/deutschland\/erstmals-seit-ende-des-zweiten-weltkriegs-umbenennung-des-pentagons-in-kriegsministerium\/#primaryimage"},"thumbnailUrl":"https:\/\/now-news.de\/de\/wp-content\/uploads\/sites\/3\/2025\/09\/Erstmals-seit-Ende-des-Zweiten-Weltkriegs-Umbenennung-des-Pentagons-in.jpg","keywords":["des","Ende","Erstmals","Pentagons","quotKriegsministeriumquot","seit","Umbenennung","Weltkriegs","Zweiten"],"articleSection":["Deutschland","Russland"],"inLanguage":"de","potentialAction":[{"@type":"CommentAction","name":"Comment","target":["https:\/\/now-news.de\/de\/deutschland\/erstmals-seit-ende-des-zweiten-weltkriegs-umbenennung-des-pentagons-in-kriegsministerium\/#respond"]}]},{"@type":"WebPage","@id":"https:\/\/now-news.de\/de\/deutschland\/erstmals-seit-ende-des-zweiten-weltkriegs-umbenennung-des-pentagons-in-kriegsministerium\/","url":"https:\/\/now-news.de\/de\/deutschland\/erstmals-seit-ende-des-zweiten-weltkriegs-umbenennung-des-pentagons-in-kriegsministerium\/","name":"Erstmals seit Ende des Zweiten Weltkriegs: Umbenennung des Pentagons in &quot;Kriegsministerium&quot; - just-now.NEWS Deutschland","isPartOf":{"@id":"https:\/\/now-news.de\/de\/#website"},"primaryImageOfPage":{"@id":"https:\/\/now-news.de\/de\/deutschland\/erstmals-seit-ende-des-zweiten-weltkriegs-umbenennung-des-pentagons-in-kriegsministerium\/#primaryimage"},"image":{"@id":"https:\/\/now-news.de\/de\/deutschland\/erstmals-seit-ende-des-zweiten-weltkriegs-umbenennung-des-pentagons-in-kriegsministerium\/#primaryimage"},"thumbnailUrl":"https:\/\/now-news.de\/de\/wp-content\/uploads\/sites\/3\/2025\/09\/Erstmals-seit-Ende-des-Zweiten-Weltkriegs-Umbenennung-des-Pentagons-in.jpg","datePublished":"2025-09-05T10:26:55+00:00","dateModified":"2025-09-05T10:26:55+00:00","breadcrumb":{"@id":"https:\/\/now-news.de\/de\/deutschland\/erstmals-seit-ende-des-zweiten-weltkriegs-umbenennung-des-pentagons-in-kriegsministerium\/#breadcrumb"},"inLanguage":"de","potentialAction":[{"@type":"ReadAction","target":["https:\/\/now-news.de\/de\/deutschland\/erstmals-seit-ende-des-zweiten-weltkriegs-umbenennung-des-pentagons-in-kriegsministerium\/"]}]},{"@type":"ImageObject","inLanguage":"de","@id":"https:\/\/now-news.de\/de\/deutschland\/erstmals-seit-ende-des-zweiten-weltkriegs-umbenennung-des-pentagons-in-kriegsministerium\/#primaryimage","url":"https:\/\/now-news.de\/de\/wp-content\/uploads\/sites\/3\/2025\/09\/Erstmals-seit-Ende-des-Zweiten-Weltkriegs-Umbenennung-des-Pentagons-in.jpg","contentUrl":"https:\/\/now-news.de\/de\/wp-content\/uploads\/sites\/3\/2025\/09\/Erstmals-seit-Ende-des-Zweiten-Weltkriegs-Umbenennung-des-Pentagons-in.jpg","width":460,"height":259,"caption":"Erstmals seit Ende des Zweiten Weltkriegs: Umbenennung des Pentagons in &quot;Kriegsministerium&quot;"},{"@type":"BreadcrumbList","@id":"https:\/\/now-news.de\/de\/deutschland\/erstmals-seit-ende-des-zweiten-weltkriegs-umbenennung-des-pentagons-in-kriegsministerium\/#breadcrumb","itemListElement":[{"@type":"ListItem","position":1,"name":"Home","item":"https:\/\/now-news.de\/de\/"},{"@type":"ListItem","position":2,"name":"Erstmals seit Ende des Zweiten Weltkriegs: Umbenennung des Pentagons in &quot;Kriegsministerium&quot;"}]},{"@type":"WebSite","@id":"https:\/\/now-news.de\/de\/#website","url":"https:\/\/now-news.de\/de\/","name":"just-now.NEWS Deutschland","description":"Das Portal f\u00fcr unzensierte Nachrichten aus der Welt","publisher":{"@id":"https:\/\/now-news.de\/de\/#organization"},"potentialAction":[{"@type":"SearchAction","target":{"@type":"EntryPoint","urlTemplate":"https:\/\/now-news.de\/de\/?s={search_term_string}"},"query-input":"required name=search_term_string"}],"inLanguage":"de"},{"@type":"Organization","@id":"https:\/\/now-news.de\/de\/#organization","name":"Just Now News","url":"https:\/\/now-news.de\/de\/","logo":{"@type":"ImageObject","inLanguage":"de","@id":"https:\/\/now-news.de\/de\/#\/schema\/logo\/image\/","url":"http:\/\/just-now.news\/de\/wp-content\/uploads\/sites\/3\/2022\/04\/logo500x500.jpg","contentUrl":"http:\/\/just-now.news\/de\/wp-content\/uploads\/sites\/3\/2022\/04\/logo500x500.jpg","width":500,"height":500,"caption":"Just Now News"},"image":{"@id":"https:\/\/now-news.de\/de\/#\/schema\/logo\/image\/"},"sameAs":["https:\/\/www.facebook.com\/wirmachenauf","https:\/\/x.com\/WirMachenAuf_de"]},{"@type":"Person","@id":"https:\/\/now-news.de\/de\/#\/schema\/person\/fb534a4e865501d8b3285208df34a9b5","name":"rtnews","image":{"@type":"ImageObject","inLanguage":"de","@id":"https:\/\/now-news.de\/de\/#\/schema\/person\/image\/","url":"https:\/\/secure.gravatar.com\/avatar\/82aafea7d8127119dd649515f56e2117?s=96&d=mm&r=g","contentUrl":"https:\/\/secure.gravatar.com\/avatar\/82aafea7d8127119dd649515f56e2117?s=96&d=mm&r=g","caption":"rtnews"},"url":"https:\/\/now-news.de\/de\/author\/rnews\/"}]}},"_links":{"self":[{"href":"https:\/\/now-news.de\/de\/wp-json\/wp\/v2\/posts\/90005"}],"collection":[{"href":"https:\/\/now-news.de\/de\/wp-json\/wp\/v2\/posts"}],"about":[{"href":"https:\/\/now-news.de\/de\/wp-json\/wp\/v2\/types\/post"}],"author":[{"embeddable":true,"href":"https:\/\/now-news.de\/de\/wp-json\/wp\/v2\/users\/3"}],"replies":[{"embeddable":true,"href":"https:\/\/now-news.de\/de\/wp-json\/wp\/v2\/comments?post=90005"}],"version-history":[{"count":0,"href":"https:\/\/now-news.de\/de\/wp-json\/wp\/v2\/posts\/90005\/revisions"}],"wp:featuredmedia":[{"embeddable":true,"href":"https:\/\/now-news.de\/de\/wp-json\/wp\/v2\/media\/90006"}],"wp:attachment":[{"href":"https:\/\/now-news.de\/de\/wp-json\/wp\/v2\/media?parent=90005"}],"wp:term":[{"taxonomy":"category","embeddable":true,"href":"https:\/\/now-news.de\/de\/wp-json\/wp\/v2\/categories?post=90005"},{"taxonomy":"post_tag","embeddable":true,"href":"https:\/\/now-news.de\/de\/wp-json\/wp\/v2\/tags?post=90005"}],"curies":[{"name":"wp","href":"https:\/\/api.w.org\/{rel}","templated":true}]}}