{"id":89958,"date":"2025-09-04T14:49:02","date_gmt":"2025-09-04T12:49:02","guid":{"rendered":"https:\/\/now-news.de\/de\/deutschland\/russland-erklaert-estnischen-diplomaten-zu-persona-non-grata\/"},"modified":"2025-09-04T14:49:02","modified_gmt":"2025-09-04T12:49:02","slug":"russland-erklaert-estnischen-diplomaten-zu-persona-non-grata","status":"publish","type":"post","link":"https:\/\/now-news.de\/de\/deutschland\/russland-erklaert-estnischen-diplomaten-zu-persona-non-grata\/","title":{"rendered":"Russland erkl\u00e4rt estnischen Diplomaten zu Persona non grata"},"content":{"rendered":"<p><img decoding=\"async\" src=\"https:\/\/now-news.de\/de\/wp-content\/uploads\/sites\/3\/2025\/09\/68b9875448fbef7309068d97.jpg\" \/><\/p>\n<div class=\"Text-root Text-type_1 \">\n                Ein Mitarbeiter der estnischen Botschaft in Russland wird des Landes verwiesen. Moskau erkl\u00e4rte den Schritt als Reaktion auf die Handlungen der estnischen Seite. Mitte August verwies Estland den ersten Sekret\u00e4r der russischen Botschaft des Landes.\n            <\/div>\n<p><\/p>\n<div class=\"Text-root Text-type_5 ArticleView-text ViewText-root \">\n<p><strong><\/strong>Russland hat einen Mitarbeiter der estnischen Botschaft zur Persona non grata erkl\u00e4rt. Der Diplomat wurde angewiesen, das Land zu verlassen. Dies erkl\u00e4rte das russische Au\u00dfenministerium gegen\u00fcber Marek \u00dchtegi, dem estnischen Gesch\u00e4ftstr\u00e4ger ad interim. \u00dchtegi wurde am Donnerstag ins Au\u00dfenministerium einbestellt.<\/p>\n<p>Dem Gesch\u00e4ftstr\u00e4ger wurde eine entschlossene Protestnote wegen der Handlungen der estnischen Seite \u00fcbermittelt. Am 13. August dieses Jahres traf das Au\u00dfenministerium in Tallinn die grundlose Entscheidung, einen diplomatischen Mitarbeiter der russischen Botschaft zur Persona non grata zu erkl\u00e4ren.<\/p>\n<p>Somit ging Moskau bei dem am Donnerstag angek\u00fcndigten Schritt vom Prinzip der Gegenseitigkeit aus, betonte das russische Au\u00dfenministerium. Dar\u00fcber hinaus wurde die estnische Seite gewarnt, dass alle feindseligen Schritte nicht ohne Antwort bleiben w\u00fcrden.<\/p>\n<p>Bei dem aus Estland ausgewiesenen Diplomaten handelte es sich um den ersten Sekret\u00e4r der russischen Vertretung. Estlands Au\u00dfenminister Margus Tsahkna warf dem Russen vor, &#8220;die verfassungsm\u00e4\u00dfige Ordnung und das Rechtssystem Estlands zu untergraben&#8221; sowie &#8220;Spaltungen in der Gesellschaft zu sch\u00fcren&#8221;. Zudem st\u00fcnde er mit Verst\u00f6\u00dfen gegen Sanktionen in Verbindung, was zur Verurteilung eines estnischen Staatsb\u00fcrgers gef\u00fchrt habe.<\/p>\n<p><strong>Mehr zum Thema<\/strong> \u2013 <a rel=\"nofollow noopener\" target=\"_blank\" href=\"https:\/\/freedert.online\/international\/253169-estland-weist-ersten-sekretaer-russischen\/\">Estland weist ersten Sekret\u00e4r der russischen Botschaft aus<\/a><\/p>\n<div class=\"EmbedBlock-root EmbedBlock-externalVideo EmbedBlock-rumble\">\n<div class=\"VkEmbed\"><iframe class=\"lazyload\" data-src=\"https:\/\/rumble.com\/embed\/v6tbzgt\" frameborder=\"0\" width=\"853\" height=\"480\" allowfullscreen><\/iframe><\/div>\n<\/div>\n<\/div>\n<p><br \/>\n<br \/><a href=\"https:\/\/de.rt.com\/europa\/255126-russland-erklaert-estnischen-diplomaten-zu\/\">Source link <\/a><\/p>\n","protected":false},"excerpt":{"rendered":"<p>Ein Mitarbeiter der estnischen Botschaft in Russland wird des Landes verwiesen. Moskau erkl\u00e4rte den Schritt als Reaktion auf die Handlungen der estnischen Seite. Mitte August verwies Estland den ersten Sekret\u00e4r der russischen Botschaft des Landes. Russland hat einen Mitarbeiter der estnischen Botschaft zur Persona non grata erkl\u00e4rt. Der Diplomat wurde angewiesen, das Land zu verlassen. [&hellip;]<\/p>\n","protected":false},"author":3,"featured_media":89959,"comment_status":"open","ping_status":"open","sticky":false,"template":"","format":"standard","meta":{"_yoast_indexnow_last_ping":["1756990946"],"wp_automatic_camp":["217"],"a768fc6fc5140eed3c4b01d10d56a9df":["Russland erkl\u00e4rt estnischen Diplomaten zu Persona non grata"],"original_link":["https:\/\/de.rt.com\/europa\/255126-russland-erklaert-estnischen-diplomaten-zu\/"],"_thumbnail_id":["89959"],"jnews_social_counter_last_update":["1777304571"],"_wptgpro_p2tg_sent2tg":["a:1:{i:23737;s:19:\"2025-09-04 15:03:28\";}"]},"categories":[19,23],"tags":[9831,1030,32676,35162,35161,126],"yoast_head":"<!-- This site is optimized with the Yoast SEO Premium plugin v22.7 (Yoast SEO v22.7) - https:\/\/yoast.com\/wordpress\/plugins\/seo\/ -->\n<title>Russland erkl\u00e4rt estnischen Diplomaten zu Persona non grata - just-now.NEWS Deutschland<\/title>\n<meta name=\"robots\" content=\"index, follow, max-snippet:-1, max-image-preview:large, max-video-preview:-1\" \/>\n<link rel=\"canonical\" href=\"https:\/\/now-news.de\/de\/deutschland\/russland-erklaert-estnischen-diplomaten-zu-persona-non-grata\/\" \/>\n<meta property=\"og:locale\" content=\"de_DE\" \/>\n<meta property=\"og:type\" content=\"article\" \/>\n<meta property=\"og:title\" content=\"Russland erkl\u00e4rt estnischen Diplomaten zu Persona non grata\" \/>\n<meta property=\"og:description\" content=\"Ein Mitarbeiter der estnischen Botschaft in Russland wird des Landes verwiesen. Moskau erkl\u00e4rte den Schritt als Reaktion auf die Handlungen der estnischen Seite. Mitte August verwies Estland den ersten Sekret\u00e4r der russischen Botschaft des Landes. Russland hat einen Mitarbeiter der estnischen Botschaft zur Persona non grata erkl\u00e4rt. Der Diplomat wurde angewiesen, das Land zu verlassen. [&hellip;]\" \/>\n<meta property=\"og:url\" content=\"https:\/\/now-news.de\/de\/deutschland\/russland-erklaert-estnischen-diplomaten-zu-persona-non-grata\/\" \/>\n<meta property=\"og:site_name\" content=\"just-now.NEWS Deutschland\" \/>\n<meta property=\"article:publisher\" content=\"https:\/\/www.facebook.com\/wirmachenauf\" \/>\n<meta property=\"article:published_time\" content=\"2025-09-04T12:49:02+00:00\" \/>\n<meta property=\"og:image\" content=\"https:\/\/now-news.de\/de\/wp-content\/uploads\/sites\/3\/2025\/09\/68b9875448fbef7309068d97.jpg\" \/>\n<meta name=\"author\" content=\"rtnews\" \/>\n<meta name=\"twitter:card\" content=\"summary_large_image\" \/>\n<meta name=\"twitter:creator\" content=\"@WirMachenAuf_de\" \/>\n<meta name=\"twitter:site\" content=\"@WirMachenAuf_de\" \/>\n<meta name=\"twitter:label1\" content=\"Verfasst von\" \/>\n\t<meta name=\"twitter:data1\" content=\"rtnews\" \/>\n\t<meta name=\"twitter:label2\" content=\"Gesch\u00e4tzte Lesezeit\" \/>\n\t<meta name=\"twitter:data2\" content=\"1\u00a0Minute\" \/>\n<script type=\"application\/ld+json\" class=\"yoast-schema-graph\">{\"@context\":\"https:\/\/schema.org\",\"@graph\":[{\"@type\":\"Article\",\"@id\":\"https:\/\/now-news.de\/de\/deutschland\/russland-erklaert-estnischen-diplomaten-zu-persona-non-grata\/#article\",\"isPartOf\":{\"@id\":\"https:\/\/now-news.de\/de\/deutschland\/russland-erklaert-estnischen-diplomaten-zu-persona-non-grata\/\"},\"author\":{\"name\":\"rtnews\",\"@id\":\"https:\/\/now-news.de\/de\/#\/schema\/person\/fb534a4e865501d8b3285208df34a9b5\"},\"headline\":\"Russland erkl\u00e4rt estnischen Diplomaten zu Persona non grata\",\"datePublished\":\"2025-09-04T12:49:02+00:00\",\"dateModified\":\"2025-09-04T12:49:02+00:00\",\"mainEntityOfPage\":{\"@id\":\"https:\/\/now-news.de\/de\/deutschland\/russland-erklaert-estnischen-diplomaten-zu-persona-non-grata\/\"},\"wordCount\":252,\"commentCount\":0,\"publisher\":{\"@id\":\"https:\/\/now-news.de\/de\/#organization\"},\"image\":{\"@id\":\"https:\/\/now-news.de\/de\/deutschland\/russland-erklaert-estnischen-diplomaten-zu-persona-non-grata\/#primaryimage\"},\"thumbnailUrl\":\"https:\/\/now-news.de\/de\/wp-content\/uploads\/sites\/3\/2025\/09\/Russland-erklaert-estnischen-Diplomaten-zu-Persona-non-grata.jpg\",\"keywords\":[\"Diplomaten\",\"erkl\u00e4rt\",\"estnischen\",\"grata\",\"Persona\",\"russland\"],\"articleSection\":[\"Deutschland\",\"Russland\"],\"inLanguage\":\"de\",\"potentialAction\":[{\"@type\":\"CommentAction\",\"name\":\"Comment\",\"target\":[\"https:\/\/now-news.de\/de\/deutschland\/russland-erklaert-estnischen-diplomaten-zu-persona-non-grata\/#respond\"]}]},{\"@type\":\"WebPage\",\"@id\":\"https:\/\/now-news.de\/de\/deutschland\/russland-erklaert-estnischen-diplomaten-zu-persona-non-grata\/\",\"url\":\"https:\/\/now-news.de\/de\/deutschland\/russland-erklaert-estnischen-diplomaten-zu-persona-non-grata\/\",\"name\":\"Russland erkl\u00e4rt estnischen Diplomaten zu Persona non grata - just-now.NEWS Deutschland\",\"isPartOf\":{\"@id\":\"https:\/\/now-news.de\/de\/#website\"},\"primaryImageOfPage\":{\"@id\":\"https:\/\/now-news.de\/de\/deutschland\/russland-erklaert-estnischen-diplomaten-zu-persona-non-grata\/#primaryimage\"},\"image\":{\"@id\":\"https:\/\/now-news.de\/de\/deutschland\/russland-erklaert-estnischen-diplomaten-zu-persona-non-grata\/#primaryimage\"},\"thumbnailUrl\":\"https:\/\/now-news.de\/de\/wp-content\/uploads\/sites\/3\/2025\/09\/Russland-erklaert-estnischen-Diplomaten-zu-Persona-non-grata.jpg\",\"datePublished\":\"2025-09-04T12:49:02+00:00\",\"dateModified\":\"2025-09-04T12:49:02+00:00\",\"breadcrumb\":{\"@id\":\"https:\/\/now-news.de\/de\/deutschland\/russland-erklaert-estnischen-diplomaten-zu-persona-non-grata\/#breadcrumb\"},\"inLanguage\":\"de\",\"potentialAction\":[{\"@type\":\"ReadAction\",\"target\":[\"https:\/\/now-news.de\/de\/deutschland\/russland-erklaert-estnischen-diplomaten-zu-persona-non-grata\/\"]}]},{\"@type\":\"ImageObject\",\"inLanguage\":\"de\",\"@id\":\"https:\/\/now-news.de\/de\/deutschland\/russland-erklaert-estnischen-diplomaten-zu-persona-non-grata\/#primaryimage\",\"url\":\"https:\/\/now-news.de\/de\/wp-content\/uploads\/sites\/3\/2025\/09\/Russland-erklaert-estnischen-Diplomaten-zu-Persona-non-grata.jpg\",\"contentUrl\":\"https:\/\/now-news.de\/de\/wp-content\/uploads\/sites\/3\/2025\/09\/Russland-erklaert-estnischen-Diplomaten-zu-Persona-non-grata.jpg\",\"width\":460,\"height\":259,\"caption\":\"Russland erkl\u00e4rt estnischen Diplomaten zu Persona non grata\"},{\"@type\":\"BreadcrumbList\",\"@id\":\"https:\/\/now-news.de\/de\/deutschland\/russland-erklaert-estnischen-diplomaten-zu-persona-non-grata\/#breadcrumb\",\"itemListElement\":[{\"@type\":\"ListItem\",\"position\":1,\"name\":\"Home\",\"item\":\"https:\/\/now-news.de\/de\/\"},{\"@type\":\"ListItem\",\"position\":2,\"name\":\"Russland erkl\u00e4rt estnischen Diplomaten zu Persona non grata\"}]},{\"@type\":\"WebSite\",\"@id\":\"https:\/\/now-news.de\/de\/#website\",\"url\":\"https:\/\/now-news.de\/de\/\",\"name\":\"just-now.NEWS Deutschland\",\"description\":\"Das Portal f\u00fcr unzensierte Nachrichten aus der Welt\",\"publisher\":{\"@id\":\"https:\/\/now-news.de\/de\/#organization\"},\"potentialAction\":[{\"@type\":\"SearchAction\",\"target\":{\"@type\":\"EntryPoint\",\"urlTemplate\":\"https:\/\/now-news.de\/de\/?s={search_term_string}\"},\"query-input\":\"required name=search_term_string\"}],\"inLanguage\":\"de\"},{\"@type\":\"Organization\",\"@id\":\"https:\/\/now-news.de\/de\/#organization\",\"name\":\"Just Now News\",\"url\":\"https:\/\/now-news.de\/de\/\",\"logo\":{\"@type\":\"ImageObject\",\"inLanguage\":\"de\",\"@id\":\"https:\/\/now-news.de\/de\/#\/schema\/logo\/image\/\",\"url\":\"http:\/\/just-now.news\/de\/wp-content\/uploads\/sites\/3\/2022\/04\/logo500x500.jpg\",\"contentUrl\":\"http:\/\/just-now.news\/de\/wp-content\/uploads\/sites\/3\/2022\/04\/logo500x500.jpg\",\"width\":500,\"height\":500,\"caption\":\"Just Now News\"},\"image\":{\"@id\":\"https:\/\/now-news.de\/de\/#\/schema\/logo\/image\/\"},\"sameAs\":[\"https:\/\/www.facebook.com\/wirmachenauf\",\"https:\/\/x.com\/WirMachenAuf_de\"]},{\"@type\":\"Person\",\"@id\":\"https:\/\/now-news.de\/de\/#\/schema\/person\/fb534a4e865501d8b3285208df34a9b5\",\"name\":\"rtnews\",\"image\":{\"@type\":\"ImageObject\",\"inLanguage\":\"de\",\"@id\":\"https:\/\/now-news.de\/de\/#\/schema\/person\/image\/\",\"url\":\"https:\/\/secure.gravatar.com\/avatar\/82aafea7d8127119dd649515f56e2117?s=96&d=mm&r=g\",\"contentUrl\":\"https:\/\/secure.gravatar.com\/avatar\/82aafea7d8127119dd649515f56e2117?s=96&d=mm&r=g\",\"caption\":\"rtnews\"},\"url\":\"https:\/\/now-news.de\/de\/author\/rnews\/\"}]}<\/script>\n<!-- \/ Yoast SEO Premium plugin. -->","yoast_head_json":{"title":"Russland erkl\u00e4rt estnischen Diplomaten zu Persona non grata - just-now.NEWS Deutschland","robots":{"index":"index","follow":"follow","max-snippet":"max-snippet:-1","max-image-preview":"max-image-preview:large","max-video-preview":"max-video-preview:-1"},"canonical":"https:\/\/now-news.de\/de\/deutschland\/russland-erklaert-estnischen-diplomaten-zu-persona-non-grata\/","og_locale":"de_DE","og_type":"article","og_title":"Russland erkl\u00e4rt estnischen Diplomaten zu Persona non grata","og_description":"Ein Mitarbeiter der estnischen Botschaft in Russland wird des Landes verwiesen. Moskau erkl\u00e4rte den Schritt als Reaktion auf die Handlungen der estnischen Seite. Mitte August verwies Estland den ersten Sekret\u00e4r der russischen Botschaft des Landes. Russland hat einen Mitarbeiter der estnischen Botschaft zur Persona non grata erkl\u00e4rt. Der Diplomat wurde angewiesen, das Land zu verlassen. [&hellip;]","og_url":"https:\/\/now-news.de\/de\/deutschland\/russland-erklaert-estnischen-diplomaten-zu-persona-non-grata\/","og_site_name":"just-now.NEWS Deutschland","article_publisher":"https:\/\/www.facebook.com\/wirmachenauf","article_published_time":"2025-09-04T12:49:02+00:00","og_image":[{"url":"https:\/\/now-news.de\/de\/wp-content\/uploads\/sites\/3\/2025\/09\/68b9875448fbef7309068d97.jpg"}],"author":"rtnews","twitter_card":"summary_large_image","twitter_creator":"@WirMachenAuf_de","twitter_site":"@WirMachenAuf_de","twitter_misc":{"Verfasst von":"rtnews","Gesch\u00e4tzte Lesezeit":"1\u00a0Minute"},"schema":{"@context":"https:\/\/schema.org","@graph":[{"@type":"Article","@id":"https:\/\/now-news.de\/de\/deutschland\/russland-erklaert-estnischen-diplomaten-zu-persona-non-grata\/#article","isPartOf":{"@id":"https:\/\/now-news.de\/de\/deutschland\/russland-erklaert-estnischen-diplomaten-zu-persona-non-grata\/"},"author":{"name":"rtnews","@id":"https:\/\/now-news.de\/de\/#\/schema\/person\/fb534a4e865501d8b3285208df34a9b5"},"headline":"Russland erkl\u00e4rt estnischen Diplomaten zu Persona non grata","datePublished":"2025-09-04T12:49:02+00:00","dateModified":"2025-09-04T12:49:02+00:00","mainEntityOfPage":{"@id":"https:\/\/now-news.de\/de\/deutschland\/russland-erklaert-estnischen-diplomaten-zu-persona-non-grata\/"},"wordCount":252,"commentCount":0,"publisher":{"@id":"https:\/\/now-news.de\/de\/#organization"},"image":{"@id":"https:\/\/now-news.de\/de\/deutschland\/russland-erklaert-estnischen-diplomaten-zu-persona-non-grata\/#primaryimage"},"thumbnailUrl":"https:\/\/now-news.de\/de\/wp-content\/uploads\/sites\/3\/2025\/09\/Russland-erklaert-estnischen-Diplomaten-zu-Persona-non-grata.jpg","keywords":["Diplomaten","erkl\u00e4rt","estnischen","grata","Persona","russland"],"articleSection":["Deutschland","Russland"],"inLanguage":"de","potentialAction":[{"@type":"CommentAction","name":"Comment","target":["https:\/\/now-news.de\/de\/deutschland\/russland-erklaert-estnischen-diplomaten-zu-persona-non-grata\/#respond"]}]},{"@type":"WebPage","@id":"https:\/\/now-news.de\/de\/deutschland\/russland-erklaert-estnischen-diplomaten-zu-persona-non-grata\/","url":"https:\/\/now-news.de\/de\/deutschland\/russland-erklaert-estnischen-diplomaten-zu-persona-non-grata\/","name":"Russland erkl\u00e4rt estnischen Diplomaten zu Persona non grata - just-now.NEWS Deutschland","isPartOf":{"@id":"https:\/\/now-news.de\/de\/#website"},"primaryImageOfPage":{"@id":"https:\/\/now-news.de\/de\/deutschland\/russland-erklaert-estnischen-diplomaten-zu-persona-non-grata\/#primaryimage"},"image":{"@id":"https:\/\/now-news.de\/de\/deutschland\/russland-erklaert-estnischen-diplomaten-zu-persona-non-grata\/#primaryimage"},"thumbnailUrl":"https:\/\/now-news.de\/de\/wp-content\/uploads\/sites\/3\/2025\/09\/Russland-erklaert-estnischen-Diplomaten-zu-Persona-non-grata.jpg","datePublished":"2025-09-04T12:49:02+00:00","dateModified":"2025-09-04T12:49:02+00:00","breadcrumb":{"@id":"https:\/\/now-news.de\/de\/deutschland\/russland-erklaert-estnischen-diplomaten-zu-persona-non-grata\/#breadcrumb"},"inLanguage":"de","potentialAction":[{"@type":"ReadAction","target":["https:\/\/now-news.de\/de\/deutschland\/russland-erklaert-estnischen-diplomaten-zu-persona-non-grata\/"]}]},{"@type":"ImageObject","inLanguage":"de","@id":"https:\/\/now-news.de\/de\/deutschland\/russland-erklaert-estnischen-diplomaten-zu-persona-non-grata\/#primaryimage","url":"https:\/\/now-news.de\/de\/wp-content\/uploads\/sites\/3\/2025\/09\/Russland-erklaert-estnischen-Diplomaten-zu-Persona-non-grata.jpg","contentUrl":"https:\/\/now-news.de\/de\/wp-content\/uploads\/sites\/3\/2025\/09\/Russland-erklaert-estnischen-Diplomaten-zu-Persona-non-grata.jpg","width":460,"height":259,"caption":"Russland erkl\u00e4rt estnischen Diplomaten zu Persona non grata"},{"@type":"BreadcrumbList","@id":"https:\/\/now-news.de\/de\/deutschland\/russland-erklaert-estnischen-diplomaten-zu-persona-non-grata\/#breadcrumb","itemListElement":[{"@type":"ListItem","position":1,"name":"Home","item":"https:\/\/now-news.de\/de\/"},{"@type":"ListItem","position":2,"name":"Russland erkl\u00e4rt estnischen Diplomaten zu Persona non grata"}]},{"@type":"WebSite","@id":"https:\/\/now-news.de\/de\/#website","url":"https:\/\/now-news.de\/de\/","name":"just-now.NEWS Deutschland","description":"Das Portal f\u00fcr unzensierte Nachrichten aus der Welt","publisher":{"@id":"https:\/\/now-news.de\/de\/#organization"},"potentialAction":[{"@type":"SearchAction","target":{"@type":"EntryPoint","urlTemplate":"https:\/\/now-news.de\/de\/?s={search_term_string}"},"query-input":"required name=search_term_string"}],"inLanguage":"de"},{"@type":"Organization","@id":"https:\/\/now-news.de\/de\/#organization","name":"Just Now News","url":"https:\/\/now-news.de\/de\/","logo":{"@type":"ImageObject","inLanguage":"de","@id":"https:\/\/now-news.de\/de\/#\/schema\/logo\/image\/","url":"http:\/\/just-now.news\/de\/wp-content\/uploads\/sites\/3\/2022\/04\/logo500x500.jpg","contentUrl":"http:\/\/just-now.news\/de\/wp-content\/uploads\/sites\/3\/2022\/04\/logo500x500.jpg","width":500,"height":500,"caption":"Just Now News"},"image":{"@id":"https:\/\/now-news.de\/de\/#\/schema\/logo\/image\/"},"sameAs":["https:\/\/www.facebook.com\/wirmachenauf","https:\/\/x.com\/WirMachenAuf_de"]},{"@type":"Person","@id":"https:\/\/now-news.de\/de\/#\/schema\/person\/fb534a4e865501d8b3285208df34a9b5","name":"rtnews","image":{"@type":"ImageObject","inLanguage":"de","@id":"https:\/\/now-news.de\/de\/#\/schema\/person\/image\/","url":"https:\/\/secure.gravatar.com\/avatar\/82aafea7d8127119dd649515f56e2117?s=96&d=mm&r=g","contentUrl":"https:\/\/secure.gravatar.com\/avatar\/82aafea7d8127119dd649515f56e2117?s=96&d=mm&r=g","caption":"rtnews"},"url":"https:\/\/now-news.de\/de\/author\/rnews\/"}]}},"_links":{"self":[{"href":"https:\/\/now-news.de\/de\/wp-json\/wp\/v2\/posts\/89958"}],"collection":[{"href":"https:\/\/now-news.de\/de\/wp-json\/wp\/v2\/posts"}],"about":[{"href":"https:\/\/now-news.de\/de\/wp-json\/wp\/v2\/types\/post"}],"author":[{"embeddable":true,"href":"https:\/\/now-news.de\/de\/wp-json\/wp\/v2\/users\/3"}],"replies":[{"embeddable":true,"href":"https:\/\/now-news.de\/de\/wp-json\/wp\/v2\/comments?post=89958"}],"version-history":[{"count":0,"href":"https:\/\/now-news.de\/de\/wp-json\/wp\/v2\/posts\/89958\/revisions"}],"wp:featuredmedia":[{"embeddable":true,"href":"https:\/\/now-news.de\/de\/wp-json\/wp\/v2\/media\/89959"}],"wp:attachment":[{"href":"https:\/\/now-news.de\/de\/wp-json\/wp\/v2\/media?parent=89958"}],"wp:term":[{"taxonomy":"category","embeddable":true,"href":"https:\/\/now-news.de\/de\/wp-json\/wp\/v2\/categories?post=89958"},{"taxonomy":"post_tag","embeddable":true,"href":"https:\/\/now-news.de\/de\/wp-json\/wp\/v2\/tags?post=89958"}],"curies":[{"name":"wp","href":"https:\/\/api.w.org\/{rel}","templated":true}]}}