{"id":89947,"date":"2025-09-04T11:44:14","date_gmt":"2025-09-04T09:44:14","guid":{"rendered":"https:\/\/now-news.de\/de\/deutschland\/die-koalition-der-willigen-trifft-auf-die-unwilligen\/"},"modified":"2025-09-04T11:44:14","modified_gmt":"2025-09-04T09:44:14","slug":"die-koalition-der-willigen-trifft-auf-die-unwilligen","status":"publish","type":"post","link":"https:\/\/now-news.de\/de\/deutschland\/die-koalition-der-willigen-trifft-auf-die-unwilligen\/","title":{"rendered":"Die &quot;Koalition der Willigen&quot; trifft auf die Unwilligen"},"content":{"rendered":"<p><img decoding=\"async\" src=\"https:\/\/now-news.de\/de\/wp-content\/uploads\/sites\/3\/2025\/09\/68b87899b480cc549f03e05c.jpg\" \/><\/p>\n<div class=\"Text-root Text-type_1 \">\n                Die regierenden Eliten in Paris, London und Berlin verk\u00fcnden gro\u00dfspurig, Kiew auch weiterhin bei seinem Krieg gegen Russland unterst\u00fctzen zu wollen. Allerdings verlieren sie immer mehr den R\u00fcckhalt der W\u00e4hler im eigenen Land. In Ungarn, der Slowakei, Polen, aber auch den USA sperrt man sich derweil gegen die Entsendung westlicher Truppen in die Ukraine.\n            <\/div>\n<p><\/p>\n<div class=\"Text-root Text-type_5 ArticleView-text ViewText-root \">\n<p><em>Von Wiktorija Nikiforowa<\/em><\/p>\n<p>Die Verwirrung der &#8220;Koalition der Willigen&#8221; am Vorabend des f\u00fcr Donnerstag geplanten Treffens in Paris mit US-Pr\u00e4sident Donald Trump und Wladimir Selenskij erinnert stark an eine Szene aus der sowjetischen Filmkom\u00f6die &#8220;Die Kaukasische Gefangene&#8221;, in der die Hauptfiguren \u2013 Feigling, Dummkopf und Erfahrener \u2013 versuchen, einem Lastwagen den Weg zu versperren. Frankreich (wie der sowjetische Schauspieler Jewgeni Morgunow in der Rolle des Erfahrenen) blickt bedrohlich, Gro\u00dfbritannien (wie der sowjetische Schauspieler Juri Nikulin in der Rolle des Dummkopfs) macht sich zum Narren, und Deutschland (wie der sowjetische Schauspieler Georgi Wizin in der Rolle des Feiglings) bekommt einen Weinkrampf und f\u00e4llt auf die Knie. Morgen k\u00f6nnen wir diese Szene in vollen Z\u00fcgen genie\u00dfen!<\/p>\n<p>Eigentlich kann man diese &#8220;Willigen&#8221; nicht beneiden. Sie versuchten, auf mehreren St\u00fchlen gleichzeitig zu sitzen, und die St\u00fchle unter ihnen bewegten sich in verschiedene Richtungen.<\/p>\n<p>Einerseits muss die &#8220;Koalition&#8221; dem Kiewer Regime und seinen Streitkr\u00e4ften versprechen, dass &#8220;das Ausland ihnen helfen wird.&#8221; Andererseits muss sie ihren W\u00e4hlern irgendwie erkl\u00e4ren, warum diese in einen Krieg mit Russland verwickelt werden sollten (der zudem sehr schnell zu einem Atomkrieg eskalieren k\u00f6nnte).<\/p>\n<p>Mit einer Hand versuchen sie, Selenskij zu manipulieren, mit der anderen, ihre sinkenden Umfragewerte hochzuziehen. Emmanuel Macron, Keir Starmer und Friedrich Merz stellen jeden Monat neue Negativrekorde auf: Die W\u00e4hler hassen sie und f\u00fcrchten ihre aggressive Politik.<\/p>\n<p><a><\/a> Gleichzeitig m\u00fcssen sie Donald Trump umschmeicheln, ihn mutig bel\u00fcgen und ihn dazu \u00fcberreden, eine selbstm\u00f6rderische Entscheidung zu treffen \u2013 n\u00e4mlich die US-Streitkr\u00e4fte zur Unterst\u00fctzung der europ\u00e4ischen &#8220;Friedensstifter&#8221; in die Ukraine zu entsenden.<\/p>\n<p>Dar\u00fcber hinaus m\u00fcssen sie noch gegen die &#8220;Koalition der Unwilligen&#8221; vorgehen. Ungarn und die Slowakei sprechen sich offen gegen ihre Pl\u00e4ne aus, NATO-Truppen in die Ukraine zu entsenden. In Donald Trumps Umfeld herrscht gro\u00dfe Skepsis hinsichtlich der milit\u00e4rischen Unterst\u00fctzung der &#8220;Koalition&#8221;, und der US-Pr\u00e4sident selbst sagte bereits, dass es keine US-amerikanischen Soldaten in der Ukraine zu sehen geben werde.<\/p>\n<p><a><\/a> Doch damit nicht genug: Skandale ersch\u00fcttern auch die &#8220;Koalition&#8221; selbst. Ursula von der Leyen, die die Chance auf eine Um- und Neuverteilung milit\u00e4rischer Ausgaben witterte, zeigt sich entschlossen und verspricht, Truppen in die Ukraine zu entsenden. Doch sie wurde sofort vom deutschen Verteidigungsminister Boris Pistorius zur\u00fcckgepfiffen. Der Vorsitzende der franz\u00f6sischen Partei &#8220;Les Patriotes&#8221;, Florian Philippot, kommentierte dies in den sozialen Netzwerken mit den Worten:<\/p>\n<blockquote>\n<p><em>&#8220;Eine echte Ohrfeige f\u00fcr Ursula!&#8221;<\/em><\/p>\n<\/blockquote>\n<p>Die Briten drohten lange Zeit damit, ihre Milit\u00e4rkontingente zu entsenden, doch als sie alle Soldaten gez\u00e4hlt hatten und auf eine St\u00e4rke von 70.000 Mann kamen, \u00e4nderten sie pl\u00f6tzlich ihre Absicht, die Truppen nach Malorossija [Kleinrussland] zu schicken: Man wisse ja nie, ob sie zur\u00fcckkehren w\u00fcrden. Und hier rebellierten die eigenen B\u00fcrger so sehr, dass wohl bald die Armee eingesetzt werden m\u00fcsse, um sie zu beruhigen.<\/p>\n<p><a><\/a> Und dabei haben wir noch gar nichts \u00fcber Deutschland gesagt. Am Vorabend des Treffens in Paris gab Bundeskanzler Merz ein Fernsehinterview und wich geschickt der Frage aus, ob er deutsche Soldaten in die Ukraine entsenden w\u00fcrde. Dazu, so sagte er, sei die Zustimmung des Bundestages erforderlich, au\u00dferdem werde &#8220;der Konflikt langwierig sein&#8221;, und mit all dem habe er schlie\u00dflich nichts zu tun.<\/p>\n<p>F\u00fcr Donald Trump zur Kenntnis: Dieses sich millionenfach Winden der &#8220;Koalition der Willigen&#8221; r\u00fchrt daher, dass sie von Anfang an geplant hatten, in der Ukraine ausschlie\u00dflich mit US-amerikanischen Kontingenten zu k\u00e4mpfen \u2013 mit denen, die in Europa stationiert sind, und mit neuen, die ihnen der Oberbefehlshaber der Vereinigten Staaten zu\u00a0Hilfe schicken sollte.<\/p>\n<p>Ihre eigenen B\u00fcrger \u2013 Deutsche, Franzosen und Briten \u2013 wollten sie von Anfang an nicht einsetzen, da dies zu einer Revolution gef\u00fchrt h\u00e4tte. Es gab die Idee, Polen zum Einsatz zu bringen, aber deren F\u00fchrung lehnte es bereits mehrfach ab, sich in der Ukraine zu engagieren. Die Ukrainer gehen unterdessen zur Neige \u2013 genau wie die Ukraine selbst.<\/p>\n<p>Es ist schwer, Worte zu finden, um den Grad des Zynismus dieser Personen richtig zu beschreiben. Sie schmeicheln dem US-Pr\u00e4sidenten in unverhohlener Weise, bewundern seine Genialit\u00e4t und \u00fcben gleichzeitig Druck auf ihn aus, damit er Zehntausende seiner US-amerikanischen Soldaten dem sicheren Tod in Malorossija aussetzt.<\/p>\n<p><a><\/a> Es besteht kein Zweifel: Donald Trump durchschaut diese Fallstricke sehr gut. Und so scheitert der ausgekl\u00fcgelte Plan der Europ\u00e4er \u2013 mit Hysterie, Streitigkeiten und Skandalen als Folge. Europa, das sich so lange seiner Geschlossenheit r\u00fchmte, verwandelt sich vor unseren Augen in eine skandaltr\u00e4chtige Wohngemeinschaft.<\/p>\n<p>Man kann diese Typen ja verstehen: In der Ukraine erleiden sie eine schwere Niederlage in ihrem Krieg gegen Russland. Denn urspr\u00fcnglich war die Ukraine nur eine Art &#8220;Bio-Drohne&#8221;, ein Instrument, um Druck auf Moskau auszu\u00fcben.<\/p>\n<p>Die Europ\u00e4er verfolgten eigentlich das Ziel, unser Land in eine Wirtschaftskrise und soziale Spannungen zu st\u00fcrzen, einen Machtwechsel zu erreichen, ihre Marionette in den Kreml zu bringen und somit quasi ein neokoloniales Regime in Russland zu etablieren, um freien Zugang zu all unseren Ressourcen und Reicht\u00fcmern zu erhalten.<\/p>\n<p>Zu diesem Zweck lie\u00dfen sie die Wirtschaft zusammenbrechen, sch\u00fcchterten ihre eigenen B\u00fcrger mit Propaganda ein, st\u00fcrzten ihre L\u00e4nder in eine langwierige Krise und ruinierten ganz Europa. Und wie sieht das Ergebnis aus? Eine friedliche L\u00f6sung der russisch-ukrainischen Krise w\u00fcrde eine besch\u00e4mende Niederlage f\u00fcr die aggressiven europ\u00e4ischen Eliten bedeuten.<\/p>\n<p>Der ehemalige US-Botschafter in Russland, Michael McFaul, entwickelte f\u00fcr den US-Pr\u00e4sidenten eine Zwei-Z\u00fcge-Strategie: Zun\u00e4chst sollten die Sicherheitsgarantien f\u00fcr die Ukraine ohne Russland mit den Europ\u00e4ern besprochen werden, und danach sollten der russische Pr\u00e4sident Wladimir Putin und Wladimir Selenskij sich an den Verhandlungstisch setzen, um territoriale Fragen zu er\u00f6rtern.<\/p>\n<p>Tats\u00e4chlich versuchte dieser Vertreter aus den Reihen der US-Demokraten \u2013 die als Erzfeinde des derzeitigen US-Pr\u00e4sidenten gelten \u2013 lediglich, Donald Trump in eine schwierige Lage zu versetzen und die USA erneut in einen Krieg zu verwickeln. Dabei sind die einzigen echten Sicherheitsgarantien f\u00fcr die Ukraine ihre Neutralit\u00e4t und Entmilitarisierung. Alles andere \u2013 vor allem die Entsendung ausl\u00e4ndischer Milit\u00e4rkontingente \u2013 w\u00fcrde nur zu einer Versch\u00e4rfung, Eskalation und Ausweitung des Konflikts f\u00fchren.<\/p>\n<p>Russland wird einer westlichen Intervention in der Ukraine in keiner Form zustimmen. Dementsprechend sind f\u00fcr uns jegliche Verhandlungen \u00fcber &#8220;territoriale Fragen&#8221; sinnlos. Als Reaktion darauf beginnt die &#8220;Koalition der Willigen&#8221; vorhersehbar zu behaupten, dass Moskau keinen Frieden wolle. Aber in Wirklichkeit will Moskau keinen Weltkrieg. Und es scheint, dass Pr\u00e4sident Wladimir Putin und Pr\u00e4sident Donald Trump in dieser Hinsicht einer Meinung sind.<\/p>\n<p><em>\u00dcbersetzt aus dem <a rel=\"nofollow noopener\" target=\"_blank\" href=\"https:\/\/ria.ru\/20250903\/koalitsiya-2039192817.html\">Russischen<\/a>. Der Artikel ist am 3. September 2025 zuerst bei &#8220;RIA Nowosti&#8221; erschienen.<\/em><\/p>\n<p><strong>Mehr zum Thema &#8211;<\/strong>\u00a0<a rel=\"nofollow noopener\" target=\"_blank\" href=\"https:\/\/freedert.online\/meinung\/254851-wagt-es-nur-russland-erteilt\/\">&#8220;Wagt es nur&#8221;: Russland erteilt der &#8220;Koalition der Willigen&#8221; eine Lektion <\/a><\/p>\n<\/p>\n<\/div>\n<p><br \/>\n<br \/><a href=\"https:\/\/de.rt.com\/meinung\/255050-koalition-willigen-trifft-auf-unwilligen\/\">Source link <\/a><\/p>\n","protected":false},"excerpt":{"rendered":"<p>Die regierenden Eliten in Paris, London und Berlin verk\u00fcnden gro\u00dfspurig, Kiew auch weiterhin bei seinem Krieg gegen Russland unterst\u00fctzen zu wollen. Allerdings verlieren sie immer mehr den R\u00fcckhalt der W\u00e4hler im eigenen Land. In Ungarn, der Slowakei, Polen, aber auch den USA sperrt man sich derweil gegen die Entsendung westlicher Truppen in die Ukraine. Von [&hellip;]<\/p>\n","protected":false},"author":3,"featured_media":89948,"comment_status":"open","ping_status":"open","sticky":false,"template":"","format":"standard","meta":{"_yoast_indexnow_last_ping":["1756979365"],"wp_automatic_camp":["217"],"aab77d3bd626bdca8e5592247c076028":["Die &quot;Koalition der Willigen&quot; trifft auf die Unwilligen"],"original_link":["https:\/\/de.rt.com\/meinung\/255050-koalition-willigen-trifft-auf-unwilligen\/"],"_thumbnail_id":["89948"],"jnews_social_counter_last_update":["1777109529"],"_wptgpro_p2tg_sent2tg":["a:1:{i:23737;s:19:\"2025-09-04 11:50:27\";}"]},"categories":[19,23],"tags":[133,82,45,62729,13790,67480,62730],"yoast_head":"<!-- This site is optimized with the Yoast SEO Premium plugin v22.7 (Yoast SEO v22.7) - https:\/\/yoast.com\/wordpress\/plugins\/seo\/ -->\n<title>Die &quot;Koalition der Willigen&quot; trifft auf die Unwilligen - just-now.NEWS Deutschland<\/title>\n<meta name=\"robots\" content=\"index, follow, max-snippet:-1, max-image-preview:large, max-video-preview:-1\" \/>\n<link rel=\"canonical\" href=\"https:\/\/now-news.de\/de\/deutschland\/die-koalition-der-willigen-trifft-auf-die-unwilligen\/\" \/>\n<meta property=\"og:locale\" content=\"de_DE\" \/>\n<meta property=\"og:type\" content=\"article\" \/>\n<meta property=\"og:title\" content=\"Die &quot;Koalition der Willigen&quot; trifft auf die Unwilligen\" \/>\n<meta property=\"og:description\" content=\"Die regierenden Eliten in Paris, London und Berlin verk\u00fcnden gro\u00dfspurig, Kiew auch weiterhin bei seinem Krieg gegen Russland unterst\u00fctzen zu wollen. Allerdings verlieren sie immer mehr den R\u00fcckhalt der W\u00e4hler im eigenen Land. In Ungarn, der Slowakei, Polen, aber auch den USA sperrt man sich derweil gegen die Entsendung westlicher Truppen in die Ukraine. Von [&hellip;]\" \/>\n<meta property=\"og:url\" content=\"https:\/\/now-news.de\/de\/deutschland\/die-koalition-der-willigen-trifft-auf-die-unwilligen\/\" \/>\n<meta property=\"og:site_name\" content=\"just-now.NEWS Deutschland\" \/>\n<meta property=\"article:publisher\" content=\"https:\/\/www.facebook.com\/wirmachenauf\" \/>\n<meta property=\"article:published_time\" content=\"2025-09-04T09:44:14+00:00\" \/>\n<meta property=\"og:image\" content=\"https:\/\/now-news.de\/de\/wp-content\/uploads\/sites\/3\/2025\/09\/68b87899b480cc549f03e05c.jpg\" \/>\n<meta name=\"author\" content=\"rtnews\" \/>\n<meta name=\"twitter:card\" content=\"summary_large_image\" \/>\n<meta name=\"twitter:creator\" content=\"@WirMachenAuf_de\" \/>\n<meta name=\"twitter:site\" content=\"@WirMachenAuf_de\" \/>\n<meta name=\"twitter:label1\" content=\"Verfasst von\" \/>\n\t<meta name=\"twitter:data1\" content=\"rtnews\" \/>\n\t<meta name=\"twitter:label2\" content=\"Gesch\u00e4tzte Lesezeit\" \/>\n\t<meta name=\"twitter:data2\" content=\"6\u00a0Minuten\" \/>\n<script type=\"application\/ld+json\" class=\"yoast-schema-graph\">{\"@context\":\"https:\/\/schema.org\",\"@graph\":[{\"@type\":\"Article\",\"@id\":\"https:\/\/now-news.de\/de\/deutschland\/die-koalition-der-willigen-trifft-auf-die-unwilligen\/#article\",\"isPartOf\":{\"@id\":\"https:\/\/now-news.de\/de\/deutschland\/die-koalition-der-willigen-trifft-auf-die-unwilligen\/\"},\"author\":{\"name\":\"rtnews\",\"@id\":\"https:\/\/now-news.de\/de\/#\/schema\/person\/fb534a4e865501d8b3285208df34a9b5\"},\"headline\":\"Die &quot;Koalition der Willigen&quot; trifft auf die Unwilligen\",\"datePublished\":\"2025-09-04T09:44:14+00:00\",\"dateModified\":\"2025-09-04T09:44:14+00:00\",\"mainEntityOfPage\":{\"@id\":\"https:\/\/now-news.de\/de\/deutschland\/die-koalition-der-willigen-trifft-auf-die-unwilligen\/\"},\"wordCount\":1200,\"commentCount\":0,\"publisher\":{\"@id\":\"https:\/\/now-news.de\/de\/#organization\"},\"image\":{\"@id\":\"https:\/\/now-news.de\/de\/deutschland\/die-koalition-der-willigen-trifft-auf-die-unwilligen\/#primaryimage\"},\"thumbnailUrl\":\"https:\/\/now-news.de\/de\/wp-content\/uploads\/sites\/3\/2025\/09\/Die-quotKoalition-der-Willigenquot-trifft-auf-die-Unwilligen.jpg\",\"keywords\":[\"AUF\",\"der\",\"die\",\"quotKoalition\",\"trifft\",\"Unwilligen\",\"Willigenquot\"],\"articleSection\":[\"Deutschland\",\"Russland\"],\"inLanguage\":\"de\",\"potentialAction\":[{\"@type\":\"CommentAction\",\"name\":\"Comment\",\"target\":[\"https:\/\/now-news.de\/de\/deutschland\/die-koalition-der-willigen-trifft-auf-die-unwilligen\/#respond\"]}]},{\"@type\":\"WebPage\",\"@id\":\"https:\/\/now-news.de\/de\/deutschland\/die-koalition-der-willigen-trifft-auf-die-unwilligen\/\",\"url\":\"https:\/\/now-news.de\/de\/deutschland\/die-koalition-der-willigen-trifft-auf-die-unwilligen\/\",\"name\":\"Die &quot;Koalition der Willigen&quot; trifft auf die Unwilligen - just-now.NEWS Deutschland\",\"isPartOf\":{\"@id\":\"https:\/\/now-news.de\/de\/#website\"},\"primaryImageOfPage\":{\"@id\":\"https:\/\/now-news.de\/de\/deutschland\/die-koalition-der-willigen-trifft-auf-die-unwilligen\/#primaryimage\"},\"image\":{\"@id\":\"https:\/\/now-news.de\/de\/deutschland\/die-koalition-der-willigen-trifft-auf-die-unwilligen\/#primaryimage\"},\"thumbnailUrl\":\"https:\/\/now-news.de\/de\/wp-content\/uploads\/sites\/3\/2025\/09\/Die-quotKoalition-der-Willigenquot-trifft-auf-die-Unwilligen.jpg\",\"datePublished\":\"2025-09-04T09:44:14+00:00\",\"dateModified\":\"2025-09-04T09:44:14+00:00\",\"breadcrumb\":{\"@id\":\"https:\/\/now-news.de\/de\/deutschland\/die-koalition-der-willigen-trifft-auf-die-unwilligen\/#breadcrumb\"},\"inLanguage\":\"de\",\"potentialAction\":[{\"@type\":\"ReadAction\",\"target\":[\"https:\/\/now-news.de\/de\/deutschland\/die-koalition-der-willigen-trifft-auf-die-unwilligen\/\"]}]},{\"@type\":\"ImageObject\",\"inLanguage\":\"de\",\"@id\":\"https:\/\/now-news.de\/de\/deutschland\/die-koalition-der-willigen-trifft-auf-die-unwilligen\/#primaryimage\",\"url\":\"https:\/\/now-news.de\/de\/wp-content\/uploads\/sites\/3\/2025\/09\/Die-quotKoalition-der-Willigenquot-trifft-auf-die-Unwilligen.jpg\",\"contentUrl\":\"https:\/\/now-news.de\/de\/wp-content\/uploads\/sites\/3\/2025\/09\/Die-quotKoalition-der-Willigenquot-trifft-auf-die-Unwilligen.jpg\",\"width\":460,\"height\":259,\"caption\":\"Die &quot;Koalition der Willigen&quot; trifft auf die Unwilligen\"},{\"@type\":\"BreadcrumbList\",\"@id\":\"https:\/\/now-news.de\/de\/deutschland\/die-koalition-der-willigen-trifft-auf-die-unwilligen\/#breadcrumb\",\"itemListElement\":[{\"@type\":\"ListItem\",\"position\":1,\"name\":\"Home\",\"item\":\"https:\/\/now-news.de\/de\/\"},{\"@type\":\"ListItem\",\"position\":2,\"name\":\"Die &quot;Koalition der Willigen&quot; trifft auf die Unwilligen\"}]},{\"@type\":\"WebSite\",\"@id\":\"https:\/\/now-news.de\/de\/#website\",\"url\":\"https:\/\/now-news.de\/de\/\",\"name\":\"just-now.NEWS Deutschland\",\"description\":\"Das Portal f\u00fcr unzensierte Nachrichten aus der Welt\",\"publisher\":{\"@id\":\"https:\/\/now-news.de\/de\/#organization\"},\"potentialAction\":[{\"@type\":\"SearchAction\",\"target\":{\"@type\":\"EntryPoint\",\"urlTemplate\":\"https:\/\/now-news.de\/de\/?s={search_term_string}\"},\"query-input\":\"required name=search_term_string\"}],\"inLanguage\":\"de\"},{\"@type\":\"Organization\",\"@id\":\"https:\/\/now-news.de\/de\/#organization\",\"name\":\"Just Now News\",\"url\":\"https:\/\/now-news.de\/de\/\",\"logo\":{\"@type\":\"ImageObject\",\"inLanguage\":\"de\",\"@id\":\"https:\/\/now-news.de\/de\/#\/schema\/logo\/image\/\",\"url\":\"http:\/\/just-now.news\/de\/wp-content\/uploads\/sites\/3\/2022\/04\/logo500x500.jpg\",\"contentUrl\":\"http:\/\/just-now.news\/de\/wp-content\/uploads\/sites\/3\/2022\/04\/logo500x500.jpg\",\"width\":500,\"height\":500,\"caption\":\"Just Now News\"},\"image\":{\"@id\":\"https:\/\/now-news.de\/de\/#\/schema\/logo\/image\/\"},\"sameAs\":[\"https:\/\/www.facebook.com\/wirmachenauf\",\"https:\/\/x.com\/WirMachenAuf_de\"]},{\"@type\":\"Person\",\"@id\":\"https:\/\/now-news.de\/de\/#\/schema\/person\/fb534a4e865501d8b3285208df34a9b5\",\"name\":\"rtnews\",\"image\":{\"@type\":\"ImageObject\",\"inLanguage\":\"de\",\"@id\":\"https:\/\/now-news.de\/de\/#\/schema\/person\/image\/\",\"url\":\"https:\/\/secure.gravatar.com\/avatar\/82aafea7d8127119dd649515f56e2117?s=96&d=mm&r=g\",\"contentUrl\":\"https:\/\/secure.gravatar.com\/avatar\/82aafea7d8127119dd649515f56e2117?s=96&d=mm&r=g\",\"caption\":\"rtnews\"},\"url\":\"https:\/\/now-news.de\/de\/author\/rnews\/\"}]}<\/script>\n<!-- \/ Yoast SEO Premium plugin. -->","yoast_head_json":{"title":"Die &quot;Koalition der Willigen&quot; trifft auf die Unwilligen - just-now.NEWS Deutschland","robots":{"index":"index","follow":"follow","max-snippet":"max-snippet:-1","max-image-preview":"max-image-preview:large","max-video-preview":"max-video-preview:-1"},"canonical":"https:\/\/now-news.de\/de\/deutschland\/die-koalition-der-willigen-trifft-auf-die-unwilligen\/","og_locale":"de_DE","og_type":"article","og_title":"Die &quot;Koalition der Willigen&quot; trifft auf die Unwilligen","og_description":"Die regierenden Eliten in Paris, London und Berlin verk\u00fcnden gro\u00dfspurig, Kiew auch weiterhin bei seinem Krieg gegen Russland unterst\u00fctzen zu wollen. Allerdings verlieren sie immer mehr den R\u00fcckhalt der W\u00e4hler im eigenen Land. In Ungarn, der Slowakei, Polen, aber auch den USA sperrt man sich derweil gegen die Entsendung westlicher Truppen in die Ukraine. Von [&hellip;]","og_url":"https:\/\/now-news.de\/de\/deutschland\/die-koalition-der-willigen-trifft-auf-die-unwilligen\/","og_site_name":"just-now.NEWS Deutschland","article_publisher":"https:\/\/www.facebook.com\/wirmachenauf","article_published_time":"2025-09-04T09:44:14+00:00","og_image":[{"url":"https:\/\/now-news.de\/de\/wp-content\/uploads\/sites\/3\/2025\/09\/68b87899b480cc549f03e05c.jpg"}],"author":"rtnews","twitter_card":"summary_large_image","twitter_creator":"@WirMachenAuf_de","twitter_site":"@WirMachenAuf_de","twitter_misc":{"Verfasst von":"rtnews","Gesch\u00e4tzte Lesezeit":"6\u00a0Minuten"},"schema":{"@context":"https:\/\/schema.org","@graph":[{"@type":"Article","@id":"https:\/\/now-news.de\/de\/deutschland\/die-koalition-der-willigen-trifft-auf-die-unwilligen\/#article","isPartOf":{"@id":"https:\/\/now-news.de\/de\/deutschland\/die-koalition-der-willigen-trifft-auf-die-unwilligen\/"},"author":{"name":"rtnews","@id":"https:\/\/now-news.de\/de\/#\/schema\/person\/fb534a4e865501d8b3285208df34a9b5"},"headline":"Die &quot;Koalition der Willigen&quot; trifft auf die Unwilligen","datePublished":"2025-09-04T09:44:14+00:00","dateModified":"2025-09-04T09:44:14+00:00","mainEntityOfPage":{"@id":"https:\/\/now-news.de\/de\/deutschland\/die-koalition-der-willigen-trifft-auf-die-unwilligen\/"},"wordCount":1200,"commentCount":0,"publisher":{"@id":"https:\/\/now-news.de\/de\/#organization"},"image":{"@id":"https:\/\/now-news.de\/de\/deutschland\/die-koalition-der-willigen-trifft-auf-die-unwilligen\/#primaryimage"},"thumbnailUrl":"https:\/\/now-news.de\/de\/wp-content\/uploads\/sites\/3\/2025\/09\/Die-quotKoalition-der-Willigenquot-trifft-auf-die-Unwilligen.jpg","keywords":["AUF","der","die","quotKoalition","trifft","Unwilligen","Willigenquot"],"articleSection":["Deutschland","Russland"],"inLanguage":"de","potentialAction":[{"@type":"CommentAction","name":"Comment","target":["https:\/\/now-news.de\/de\/deutschland\/die-koalition-der-willigen-trifft-auf-die-unwilligen\/#respond"]}]},{"@type":"WebPage","@id":"https:\/\/now-news.de\/de\/deutschland\/die-koalition-der-willigen-trifft-auf-die-unwilligen\/","url":"https:\/\/now-news.de\/de\/deutschland\/die-koalition-der-willigen-trifft-auf-die-unwilligen\/","name":"Die &quot;Koalition der Willigen&quot; trifft auf die Unwilligen - just-now.NEWS Deutschland","isPartOf":{"@id":"https:\/\/now-news.de\/de\/#website"},"primaryImageOfPage":{"@id":"https:\/\/now-news.de\/de\/deutschland\/die-koalition-der-willigen-trifft-auf-die-unwilligen\/#primaryimage"},"image":{"@id":"https:\/\/now-news.de\/de\/deutschland\/die-koalition-der-willigen-trifft-auf-die-unwilligen\/#primaryimage"},"thumbnailUrl":"https:\/\/now-news.de\/de\/wp-content\/uploads\/sites\/3\/2025\/09\/Die-quotKoalition-der-Willigenquot-trifft-auf-die-Unwilligen.jpg","datePublished":"2025-09-04T09:44:14+00:00","dateModified":"2025-09-04T09:44:14+00:00","breadcrumb":{"@id":"https:\/\/now-news.de\/de\/deutschland\/die-koalition-der-willigen-trifft-auf-die-unwilligen\/#breadcrumb"},"inLanguage":"de","potentialAction":[{"@type":"ReadAction","target":["https:\/\/now-news.de\/de\/deutschland\/die-koalition-der-willigen-trifft-auf-die-unwilligen\/"]}]},{"@type":"ImageObject","inLanguage":"de","@id":"https:\/\/now-news.de\/de\/deutschland\/die-koalition-der-willigen-trifft-auf-die-unwilligen\/#primaryimage","url":"https:\/\/now-news.de\/de\/wp-content\/uploads\/sites\/3\/2025\/09\/Die-quotKoalition-der-Willigenquot-trifft-auf-die-Unwilligen.jpg","contentUrl":"https:\/\/now-news.de\/de\/wp-content\/uploads\/sites\/3\/2025\/09\/Die-quotKoalition-der-Willigenquot-trifft-auf-die-Unwilligen.jpg","width":460,"height":259,"caption":"Die &quot;Koalition der Willigen&quot; trifft auf die Unwilligen"},{"@type":"BreadcrumbList","@id":"https:\/\/now-news.de\/de\/deutschland\/die-koalition-der-willigen-trifft-auf-die-unwilligen\/#breadcrumb","itemListElement":[{"@type":"ListItem","position":1,"name":"Home","item":"https:\/\/now-news.de\/de\/"},{"@type":"ListItem","position":2,"name":"Die &quot;Koalition der Willigen&quot; trifft auf die Unwilligen"}]},{"@type":"WebSite","@id":"https:\/\/now-news.de\/de\/#website","url":"https:\/\/now-news.de\/de\/","name":"just-now.NEWS Deutschland","description":"Das Portal f\u00fcr unzensierte Nachrichten aus der Welt","publisher":{"@id":"https:\/\/now-news.de\/de\/#organization"},"potentialAction":[{"@type":"SearchAction","target":{"@type":"EntryPoint","urlTemplate":"https:\/\/now-news.de\/de\/?s={search_term_string}"},"query-input":"required name=search_term_string"}],"inLanguage":"de"},{"@type":"Organization","@id":"https:\/\/now-news.de\/de\/#organization","name":"Just Now News","url":"https:\/\/now-news.de\/de\/","logo":{"@type":"ImageObject","inLanguage":"de","@id":"https:\/\/now-news.de\/de\/#\/schema\/logo\/image\/","url":"http:\/\/just-now.news\/de\/wp-content\/uploads\/sites\/3\/2022\/04\/logo500x500.jpg","contentUrl":"http:\/\/just-now.news\/de\/wp-content\/uploads\/sites\/3\/2022\/04\/logo500x500.jpg","width":500,"height":500,"caption":"Just Now News"},"image":{"@id":"https:\/\/now-news.de\/de\/#\/schema\/logo\/image\/"},"sameAs":["https:\/\/www.facebook.com\/wirmachenauf","https:\/\/x.com\/WirMachenAuf_de"]},{"@type":"Person","@id":"https:\/\/now-news.de\/de\/#\/schema\/person\/fb534a4e865501d8b3285208df34a9b5","name":"rtnews","image":{"@type":"ImageObject","inLanguage":"de","@id":"https:\/\/now-news.de\/de\/#\/schema\/person\/image\/","url":"https:\/\/secure.gravatar.com\/avatar\/82aafea7d8127119dd649515f56e2117?s=96&d=mm&r=g","contentUrl":"https:\/\/secure.gravatar.com\/avatar\/82aafea7d8127119dd649515f56e2117?s=96&d=mm&r=g","caption":"rtnews"},"url":"https:\/\/now-news.de\/de\/author\/rnews\/"}]}},"_links":{"self":[{"href":"https:\/\/now-news.de\/de\/wp-json\/wp\/v2\/posts\/89947"}],"collection":[{"href":"https:\/\/now-news.de\/de\/wp-json\/wp\/v2\/posts"}],"about":[{"href":"https:\/\/now-news.de\/de\/wp-json\/wp\/v2\/types\/post"}],"author":[{"embeddable":true,"href":"https:\/\/now-news.de\/de\/wp-json\/wp\/v2\/users\/3"}],"replies":[{"embeddable":true,"href":"https:\/\/now-news.de\/de\/wp-json\/wp\/v2\/comments?post=89947"}],"version-history":[{"count":0,"href":"https:\/\/now-news.de\/de\/wp-json\/wp\/v2\/posts\/89947\/revisions"}],"wp:featuredmedia":[{"embeddable":true,"href":"https:\/\/now-news.de\/de\/wp-json\/wp\/v2\/media\/89948"}],"wp:attachment":[{"href":"https:\/\/now-news.de\/de\/wp-json\/wp\/v2\/media?parent=89947"}],"wp:term":[{"taxonomy":"category","embeddable":true,"href":"https:\/\/now-news.de\/de\/wp-json\/wp\/v2\/categories?post=89947"},{"taxonomy":"post_tag","embeddable":true,"href":"https:\/\/now-news.de\/de\/wp-json\/wp\/v2\/tags?post=89947"}],"curies":[{"name":"wp","href":"https:\/\/api.w.org\/{rel}","templated":true}]}}