{"id":89918,"date":"2025-09-03T20:05:57","date_gmt":"2025-09-03T18:05:57","guid":{"rendered":"https:\/\/now-news.de\/de\/deutschland\/nach-sieben-todesfaellen-in-der-afd-weidel-mahnt-zur-vorsicht-vor-voreiligen-schluessen\/"},"modified":"2025-09-03T20:05:57","modified_gmt":"2025-09-03T18:05:57","slug":"nach-sieben-todesfaellen-in-der-afd-weidel-mahnt-zur-vorsicht-vor-voreiligen-schluessen","status":"publish","type":"post","link":"https:\/\/now-news.de\/de\/deutschland\/nach-sieben-todesfaellen-in-der-afd-weidel-mahnt-zur-vorsicht-vor-voreiligen-schluessen\/","title":{"rendered":"Nach sieben Todesf\u00e4llen in der AfD: Weidel mahnt zur Vorsicht vor voreiligen Schl\u00fcssen"},"content":{"rendered":"<p><img decoding=\"async\" src=\"https:\/\/now-news.de\/de\/wp-content\/uploads\/sites\/3\/2024\/05\/breaking3.jpg\" \/><\/p>\n<div class=\"Text-root Text-type_1 \">\n                AfD-Chefin Alice Weidel hat sich nach sieben Todesf\u00e4llen innerhalb der Partei erstmals \u00f6ffentlich ge\u00e4u\u00dfert. Sie sprach von einer internen Aufkl\u00e4rung und verwies auf Suizid- sowie Krankheitsf\u00e4lle unter den Verstorbenen. Hinweise auf Fremdeinwirkung gebe es bisher nicht.\n            <\/div>\n<p><\/p>\n<div class=\"Text-root Text-type_5 ArticleView-text ViewText-root \">\n<p data-start=\"168\" data-end=\"413\">Nach dem Bekanntwerden von insgesamt sieben Todesf\u00e4llen unter AfD-Mitgliedern hat sich Parteichefin Alice Weidel erstmals \u00f6ffentlich ge\u00e4u\u00dfert.<\/p>\n<p data-start=\"168\" data-end=\"413\">In einem Interview sprach sie von einer \u201einternen Aufkl\u00e4rung\u201c und warnte zugleich vor Spekulationen.<\/p>\n<p data-start=\"415\" data-end=\"704\">Weidel betonte, dass in der \u00d6ffentlichkeit schnell der Vorwurf des Verschw\u00f6rungstheoretikers erhoben werde, sobald man die H\u00e4ufung von F\u00e4llen auch nur als statistische Unwahrscheinlichkeit anspreche. Deshalb, so die Parteichefin, gehe sie in ihren \u00c4u\u00dferungen \u201esehr, sehr vorsichtig\u201c vor.<\/p>\n<p data-start=\"706\" data-end=\"1107\">Laut Weidel wurden die Familien der Verstorbenen von der Partei direkt kontaktiert, um n\u00e4here Informationen zu den Umst\u00e4nden zu erhalten. Nach bisherigen Erkenntnissen sei ein Suizid darunter, zudem gebe es Hinweise auf Vorerkrankungen bei einigen Betroffenen.<\/p>\n<p data-start=\"706\" data-end=\"1107\">Von Seiten des nordrhein-westf\u00e4lischen Landesvorstandes sei signalisiert worden, dass derzeit von \u201ekeiner Fremdeinwirkung\u201c auszugehen sei.<\/p>\n<blockquote>\n<p data-start=\"1109\" data-end=\"1329\">\u201eSollte sich polizeilich ein anderer Eindruck ergeben, dann gehe ich selbstverst\u00e4ndlich davon aus, dass eine umfassende Untersuchung eingeleitet wird\u201c, erkl\u00e4rte Weidel.<\/p>\n<\/blockquote>\n<p data-start=\"1109\" data-end=\"1329\">Bislang gebe es daf\u00fcr jedoch keine Anhaltspunkte.<\/p>\n<p data-start=\"1331\" data-end=\"1531\">Gleichzeitig r\u00e4umte die Parteichefin ein, dass die Zahl von sieben Todesf\u00e4llen innerhalb kurzer Zeit \u201enat\u00fcrlich sehr genau\u201c zu betrachten sei. Eine abschlie\u00dfende Bewertung liege aber noch nicht vor.<\/p>\n<p data-start=\"1331\" data-end=\"1531\"><strong>Mehr zum Thema &#8211;<\/strong>\u00a0<a rel=\"nofollow noopener\" target=\"_blank\" href=\"https:\/\/freedert.online\/inland\/254883-vor-wahlen-sechs-tote-afd\/\">Vor Wahlen: Sechs tote AfD-Kandidaten in zwei Wochen \u2013 statistisch fast unm\u00f6glich!<\/a><\/p>\n<div class=\"EmbedBlock-root EmbedBlock-externalVideo EmbedBlock-rumble\">\n<div class=\"VkEmbed\"><iframe class=\"lazyload\" data-src=\"https:\/\/rumble.com\/embed\/v6w4t94\" frameborder=\"0\" width=\"853\" height=\"480\" allowfullscreen><\/iframe><\/div>\n<\/div>\n<\/div>\n<p><br \/>\n<br \/><a href=\"https:\/\/de.rt.com\/inland\/255062-nach-sieben-todesfaellen-in-afd\/\">Source link <\/a><\/p>\n","protected":false},"excerpt":{"rendered":"<p>AfD-Chefin Alice Weidel hat sich nach sieben Todesf\u00e4llen innerhalb der Partei erstmals \u00f6ffentlich ge\u00e4u\u00dfert. Sie sprach von einer internen Aufkl\u00e4rung und verwies auf Suizid- sowie Krankheitsf\u00e4lle unter den Verstorbenen. Hinweise auf Fremdeinwirkung gebe es bisher nicht. Nach dem Bekanntwerden von insgesamt sieben Todesf\u00e4llen unter AfD-Mitgliedern hat sich Parteichefin Alice Weidel erstmals \u00f6ffentlich ge\u00e4u\u00dfert. In einem [&hellip;]<\/p>\n","protected":false},"author":3,"featured_media":58637,"comment_status":"open","ping_status":"open","sticky":false,"template":"","format":"standard","meta":{"_yoast_indexnow_last_ping":["1756923622"],"wp_automatic_camp":["217"],"5435fdc3ac42edaf8cbfdb109d4574db":["Nach sieben Todesf\u00e4llen in der AfD: Weidel mahnt zur Vorsicht vor voreiligen Schl\u00fcssen"],"original_link":["https:\/\/de.rt.com\/inland\/255062-nach-sieben-todesfaellen-in-afd\/"],"_thumbnail_id":["58637"],"_wptgpro_p2tg_sent2tg":["a:1:{i:23737;s:19:\"2025-09-03 20:21:24\";}"],"jnews_social_counter_last_update":["1777455914"]},"categories":[19,23],"tags":[3815,82,20708,979,67465,1812,52993,320,67464,16518,20441,581],"yoast_head":"<!-- This site is optimized with the Yoast SEO Premium plugin v22.7 (Yoast SEO v22.7) - https:\/\/yoast.com\/wordpress\/plugins\/seo\/ -->\n<title>Nach sieben Todesf\u00e4llen in der AfD: Weidel mahnt zur Vorsicht vor voreiligen Schl\u00fcssen - just-now.NEWS Deutschland<\/title>\n<meta name=\"robots\" content=\"index, follow, max-snippet:-1, max-image-preview:large, max-video-preview:-1\" \/>\n<link rel=\"canonical\" href=\"https:\/\/now-news.de\/de\/deutschland\/nach-sieben-todesfaellen-in-der-afd-weidel-mahnt-zur-vorsicht-vor-voreiligen-schluessen\/\" \/>\n<meta property=\"og:locale\" content=\"de_DE\" \/>\n<meta property=\"og:type\" content=\"article\" \/>\n<meta property=\"og:title\" content=\"Nach sieben Todesf\u00e4llen in der AfD: Weidel mahnt zur Vorsicht vor voreiligen Schl\u00fcssen\" \/>\n<meta property=\"og:description\" content=\"AfD-Chefin Alice Weidel hat sich nach sieben Todesf\u00e4llen innerhalb der Partei erstmals \u00f6ffentlich ge\u00e4u\u00dfert. Sie sprach von einer internen Aufkl\u00e4rung und verwies auf Suizid- sowie Krankheitsf\u00e4lle unter den Verstorbenen. Hinweise auf Fremdeinwirkung gebe es bisher nicht. Nach dem Bekanntwerden von insgesamt sieben Todesf\u00e4llen unter AfD-Mitgliedern hat sich Parteichefin Alice Weidel erstmals \u00f6ffentlich ge\u00e4u\u00dfert. In einem [&hellip;]\" \/>\n<meta property=\"og:url\" content=\"https:\/\/now-news.de\/de\/deutschland\/nach-sieben-todesfaellen-in-der-afd-weidel-mahnt-zur-vorsicht-vor-voreiligen-schluessen\/\" \/>\n<meta property=\"og:site_name\" content=\"just-now.NEWS Deutschland\" \/>\n<meta property=\"article:publisher\" content=\"https:\/\/www.facebook.com\/wirmachenauf\" \/>\n<meta property=\"article:published_time\" content=\"2025-09-03T18:05:57+00:00\" \/>\n<meta property=\"og:image\" content=\"https:\/\/now-news.de\/de\/wp-content\/uploads\/sites\/3\/2024\/05\/breaking3.jpg\" \/>\n<meta name=\"author\" content=\"rtnews\" \/>\n<meta name=\"twitter:card\" content=\"summary_large_image\" \/>\n<meta name=\"twitter:creator\" content=\"@WirMachenAuf_de\" \/>\n<meta name=\"twitter:site\" content=\"@WirMachenAuf_de\" \/>\n<meta name=\"twitter:label1\" content=\"Verfasst von\" \/>\n\t<meta name=\"twitter:data1\" content=\"rtnews\" \/>\n\t<meta name=\"twitter:label2\" content=\"Gesch\u00e4tzte Lesezeit\" \/>\n\t<meta name=\"twitter:data2\" content=\"1\u00a0Minute\" \/>\n<script type=\"application\/ld+json\" class=\"yoast-schema-graph\">{\"@context\":\"https:\/\/schema.org\",\"@graph\":[{\"@type\":\"Article\",\"@id\":\"https:\/\/now-news.de\/de\/deutschland\/nach-sieben-todesfaellen-in-der-afd-weidel-mahnt-zur-vorsicht-vor-voreiligen-schluessen\/#article\",\"isPartOf\":{\"@id\":\"https:\/\/now-news.de\/de\/deutschland\/nach-sieben-todesfaellen-in-der-afd-weidel-mahnt-zur-vorsicht-vor-voreiligen-schluessen\/\"},\"author\":{\"name\":\"rtnews\",\"@id\":\"https:\/\/now-news.de\/de\/#\/schema\/person\/fb534a4e865501d8b3285208df34a9b5\"},\"headline\":\"Nach sieben Todesf\u00e4llen in der AfD: Weidel mahnt zur Vorsicht vor voreiligen Schl\u00fcssen\",\"datePublished\":\"2025-09-03T18:05:57+00:00\",\"dateModified\":\"2025-09-03T18:05:57+00:00\",\"mainEntityOfPage\":{\"@id\":\"https:\/\/now-news.de\/de\/deutschland\/nach-sieben-todesfaellen-in-der-afd-weidel-mahnt-zur-vorsicht-vor-voreiligen-schluessen\/\"},\"wordCount\":269,\"commentCount\":0,\"publisher\":{\"@id\":\"https:\/\/now-news.de\/de\/#organization\"},\"image\":{\"@id\":\"https:\/\/now-news.de\/de\/deutschland\/nach-sieben-todesfaellen-in-der-afd-weidel-mahnt-zur-vorsicht-vor-voreiligen-schluessen\/#primaryimage\"},\"thumbnailUrl\":\"https:\/\/now-news.de\/de\/wp-content\/uploads\/sites\/3\/2024\/05\/China-beginnt-mit-Umzingelungsuebungen-rund-um-Taiwan.jpg\",\"keywords\":[\"AfD\",\"der\",\"mahnt\",\"nach\",\"Schl\u00fcssen\",\"Sieben\",\"Todesf\u00e4llen\",\"vor\",\"voreiligen\",\"Vorsicht\",\"Weidel\",\"zur\"],\"articleSection\":[\"Deutschland\",\"Russland\"],\"inLanguage\":\"de\",\"potentialAction\":[{\"@type\":\"CommentAction\",\"name\":\"Comment\",\"target\":[\"https:\/\/now-news.de\/de\/deutschland\/nach-sieben-todesfaellen-in-der-afd-weidel-mahnt-zur-vorsicht-vor-voreiligen-schluessen\/#respond\"]}]},{\"@type\":\"WebPage\",\"@id\":\"https:\/\/now-news.de\/de\/deutschland\/nach-sieben-todesfaellen-in-der-afd-weidel-mahnt-zur-vorsicht-vor-voreiligen-schluessen\/\",\"url\":\"https:\/\/now-news.de\/de\/deutschland\/nach-sieben-todesfaellen-in-der-afd-weidel-mahnt-zur-vorsicht-vor-voreiligen-schluessen\/\",\"name\":\"Nach sieben Todesf\u00e4llen in der AfD: Weidel mahnt zur Vorsicht vor voreiligen Schl\u00fcssen - just-now.NEWS Deutschland\",\"isPartOf\":{\"@id\":\"https:\/\/now-news.de\/de\/#website\"},\"primaryImageOfPage\":{\"@id\":\"https:\/\/now-news.de\/de\/deutschland\/nach-sieben-todesfaellen-in-der-afd-weidel-mahnt-zur-vorsicht-vor-voreiligen-schluessen\/#primaryimage\"},\"image\":{\"@id\":\"https:\/\/now-news.de\/de\/deutschland\/nach-sieben-todesfaellen-in-der-afd-weidel-mahnt-zur-vorsicht-vor-voreiligen-schluessen\/#primaryimage\"},\"thumbnailUrl\":\"https:\/\/now-news.de\/de\/wp-content\/uploads\/sites\/3\/2024\/05\/China-beginnt-mit-Umzingelungsuebungen-rund-um-Taiwan.jpg\",\"datePublished\":\"2025-09-03T18:05:57+00:00\",\"dateModified\":\"2025-09-03T18:05:57+00:00\",\"breadcrumb\":{\"@id\":\"https:\/\/now-news.de\/de\/deutschland\/nach-sieben-todesfaellen-in-der-afd-weidel-mahnt-zur-vorsicht-vor-voreiligen-schluessen\/#breadcrumb\"},\"inLanguage\":\"de\",\"potentialAction\":[{\"@type\":\"ReadAction\",\"target\":[\"https:\/\/now-news.de\/de\/deutschland\/nach-sieben-todesfaellen-in-der-afd-weidel-mahnt-zur-vorsicht-vor-voreiligen-schluessen\/\"]}]},{\"@type\":\"ImageObject\",\"inLanguage\":\"de\",\"@id\":\"https:\/\/now-news.de\/de\/deutschland\/nach-sieben-todesfaellen-in-der-afd-weidel-mahnt-zur-vorsicht-vor-voreiligen-schluessen\/#primaryimage\",\"url\":\"https:\/\/now-news.de\/de\/wp-content\/uploads\/sites\/3\/2024\/05\/China-beginnt-mit-Umzingelungsuebungen-rund-um-Taiwan.jpg\",\"contentUrl\":\"https:\/\/now-news.de\/de\/wp-content\/uploads\/sites\/3\/2024\/05\/China-beginnt-mit-Umzingelungsuebungen-rund-um-Taiwan.jpg\",\"width\":460,\"height\":259,\"caption\":\"China beginnt mit Umzingelungs\u00fcbungen rund um Taiwan\"},{\"@type\":\"BreadcrumbList\",\"@id\":\"https:\/\/now-news.de\/de\/deutschland\/nach-sieben-todesfaellen-in-der-afd-weidel-mahnt-zur-vorsicht-vor-voreiligen-schluessen\/#breadcrumb\",\"itemListElement\":[{\"@type\":\"ListItem\",\"position\":1,\"name\":\"Home\",\"item\":\"https:\/\/now-news.de\/de\/\"},{\"@type\":\"ListItem\",\"position\":2,\"name\":\"Nach sieben Todesf\u00e4llen in der AfD: Weidel mahnt zur Vorsicht vor voreiligen Schl\u00fcssen\"}]},{\"@type\":\"WebSite\",\"@id\":\"https:\/\/now-news.de\/de\/#website\",\"url\":\"https:\/\/now-news.de\/de\/\",\"name\":\"just-now.NEWS Deutschland\",\"description\":\"Das Portal f\u00fcr unzensierte Nachrichten aus der Welt\",\"publisher\":{\"@id\":\"https:\/\/now-news.de\/de\/#organization\"},\"potentialAction\":[{\"@type\":\"SearchAction\",\"target\":{\"@type\":\"EntryPoint\",\"urlTemplate\":\"https:\/\/now-news.de\/de\/?s={search_term_string}\"},\"query-input\":\"required name=search_term_string\"}],\"inLanguage\":\"de\"},{\"@type\":\"Organization\",\"@id\":\"https:\/\/now-news.de\/de\/#organization\",\"name\":\"Just Now News\",\"url\":\"https:\/\/now-news.de\/de\/\",\"logo\":{\"@type\":\"ImageObject\",\"inLanguage\":\"de\",\"@id\":\"https:\/\/now-news.de\/de\/#\/schema\/logo\/image\/\",\"url\":\"http:\/\/just-now.news\/de\/wp-content\/uploads\/sites\/3\/2022\/04\/logo500x500.jpg\",\"contentUrl\":\"http:\/\/just-now.news\/de\/wp-content\/uploads\/sites\/3\/2022\/04\/logo500x500.jpg\",\"width\":500,\"height\":500,\"caption\":\"Just Now News\"},\"image\":{\"@id\":\"https:\/\/now-news.de\/de\/#\/schema\/logo\/image\/\"},\"sameAs\":[\"https:\/\/www.facebook.com\/wirmachenauf\",\"https:\/\/x.com\/WirMachenAuf_de\"]},{\"@type\":\"Person\",\"@id\":\"https:\/\/now-news.de\/de\/#\/schema\/person\/fb534a4e865501d8b3285208df34a9b5\",\"name\":\"rtnews\",\"image\":{\"@type\":\"ImageObject\",\"inLanguage\":\"de\",\"@id\":\"https:\/\/now-news.de\/de\/#\/schema\/person\/image\/\",\"url\":\"https:\/\/secure.gravatar.com\/avatar\/82aafea7d8127119dd649515f56e2117?s=96&d=mm&r=g\",\"contentUrl\":\"https:\/\/secure.gravatar.com\/avatar\/82aafea7d8127119dd649515f56e2117?s=96&d=mm&r=g\",\"caption\":\"rtnews\"},\"url\":\"https:\/\/now-news.de\/de\/author\/rnews\/\"}]}<\/script>\n<!-- \/ Yoast SEO Premium plugin. -->","yoast_head_json":{"title":"Nach sieben Todesf\u00e4llen in der AfD: Weidel mahnt zur Vorsicht vor voreiligen Schl\u00fcssen - just-now.NEWS Deutschland","robots":{"index":"index","follow":"follow","max-snippet":"max-snippet:-1","max-image-preview":"max-image-preview:large","max-video-preview":"max-video-preview:-1"},"canonical":"https:\/\/now-news.de\/de\/deutschland\/nach-sieben-todesfaellen-in-der-afd-weidel-mahnt-zur-vorsicht-vor-voreiligen-schluessen\/","og_locale":"de_DE","og_type":"article","og_title":"Nach sieben Todesf\u00e4llen in der AfD: Weidel mahnt zur Vorsicht vor voreiligen Schl\u00fcssen","og_description":"AfD-Chefin Alice Weidel hat sich nach sieben Todesf\u00e4llen innerhalb der Partei erstmals \u00f6ffentlich ge\u00e4u\u00dfert. Sie sprach von einer internen Aufkl\u00e4rung und verwies auf Suizid- sowie Krankheitsf\u00e4lle unter den Verstorbenen. Hinweise auf Fremdeinwirkung gebe es bisher nicht. Nach dem Bekanntwerden von insgesamt sieben Todesf\u00e4llen unter AfD-Mitgliedern hat sich Parteichefin Alice Weidel erstmals \u00f6ffentlich ge\u00e4u\u00dfert. In einem [&hellip;]","og_url":"https:\/\/now-news.de\/de\/deutschland\/nach-sieben-todesfaellen-in-der-afd-weidel-mahnt-zur-vorsicht-vor-voreiligen-schluessen\/","og_site_name":"just-now.NEWS Deutschland","article_publisher":"https:\/\/www.facebook.com\/wirmachenauf","article_published_time":"2025-09-03T18:05:57+00:00","og_image":[{"url":"https:\/\/now-news.de\/de\/wp-content\/uploads\/sites\/3\/2024\/05\/breaking3.jpg"}],"author":"rtnews","twitter_card":"summary_large_image","twitter_creator":"@WirMachenAuf_de","twitter_site":"@WirMachenAuf_de","twitter_misc":{"Verfasst von":"rtnews","Gesch\u00e4tzte Lesezeit":"1\u00a0Minute"},"schema":{"@context":"https:\/\/schema.org","@graph":[{"@type":"Article","@id":"https:\/\/now-news.de\/de\/deutschland\/nach-sieben-todesfaellen-in-der-afd-weidel-mahnt-zur-vorsicht-vor-voreiligen-schluessen\/#article","isPartOf":{"@id":"https:\/\/now-news.de\/de\/deutschland\/nach-sieben-todesfaellen-in-der-afd-weidel-mahnt-zur-vorsicht-vor-voreiligen-schluessen\/"},"author":{"name":"rtnews","@id":"https:\/\/now-news.de\/de\/#\/schema\/person\/fb534a4e865501d8b3285208df34a9b5"},"headline":"Nach sieben Todesf\u00e4llen in der AfD: Weidel mahnt zur Vorsicht vor voreiligen Schl\u00fcssen","datePublished":"2025-09-03T18:05:57+00:00","dateModified":"2025-09-03T18:05:57+00:00","mainEntityOfPage":{"@id":"https:\/\/now-news.de\/de\/deutschland\/nach-sieben-todesfaellen-in-der-afd-weidel-mahnt-zur-vorsicht-vor-voreiligen-schluessen\/"},"wordCount":269,"commentCount":0,"publisher":{"@id":"https:\/\/now-news.de\/de\/#organization"},"image":{"@id":"https:\/\/now-news.de\/de\/deutschland\/nach-sieben-todesfaellen-in-der-afd-weidel-mahnt-zur-vorsicht-vor-voreiligen-schluessen\/#primaryimage"},"thumbnailUrl":"https:\/\/now-news.de\/de\/wp-content\/uploads\/sites\/3\/2024\/05\/China-beginnt-mit-Umzingelungsuebungen-rund-um-Taiwan.jpg","keywords":["AfD","der","mahnt","nach","Schl\u00fcssen","Sieben","Todesf\u00e4llen","vor","voreiligen","Vorsicht","Weidel","zur"],"articleSection":["Deutschland","Russland"],"inLanguage":"de","potentialAction":[{"@type":"CommentAction","name":"Comment","target":["https:\/\/now-news.de\/de\/deutschland\/nach-sieben-todesfaellen-in-der-afd-weidel-mahnt-zur-vorsicht-vor-voreiligen-schluessen\/#respond"]}]},{"@type":"WebPage","@id":"https:\/\/now-news.de\/de\/deutschland\/nach-sieben-todesfaellen-in-der-afd-weidel-mahnt-zur-vorsicht-vor-voreiligen-schluessen\/","url":"https:\/\/now-news.de\/de\/deutschland\/nach-sieben-todesfaellen-in-der-afd-weidel-mahnt-zur-vorsicht-vor-voreiligen-schluessen\/","name":"Nach sieben Todesf\u00e4llen in der AfD: Weidel mahnt zur Vorsicht vor voreiligen Schl\u00fcssen - just-now.NEWS Deutschland","isPartOf":{"@id":"https:\/\/now-news.de\/de\/#website"},"primaryImageOfPage":{"@id":"https:\/\/now-news.de\/de\/deutschland\/nach-sieben-todesfaellen-in-der-afd-weidel-mahnt-zur-vorsicht-vor-voreiligen-schluessen\/#primaryimage"},"image":{"@id":"https:\/\/now-news.de\/de\/deutschland\/nach-sieben-todesfaellen-in-der-afd-weidel-mahnt-zur-vorsicht-vor-voreiligen-schluessen\/#primaryimage"},"thumbnailUrl":"https:\/\/now-news.de\/de\/wp-content\/uploads\/sites\/3\/2024\/05\/China-beginnt-mit-Umzingelungsuebungen-rund-um-Taiwan.jpg","datePublished":"2025-09-03T18:05:57+00:00","dateModified":"2025-09-03T18:05:57+00:00","breadcrumb":{"@id":"https:\/\/now-news.de\/de\/deutschland\/nach-sieben-todesfaellen-in-der-afd-weidel-mahnt-zur-vorsicht-vor-voreiligen-schluessen\/#breadcrumb"},"inLanguage":"de","potentialAction":[{"@type":"ReadAction","target":["https:\/\/now-news.de\/de\/deutschland\/nach-sieben-todesfaellen-in-der-afd-weidel-mahnt-zur-vorsicht-vor-voreiligen-schluessen\/"]}]},{"@type":"ImageObject","inLanguage":"de","@id":"https:\/\/now-news.de\/de\/deutschland\/nach-sieben-todesfaellen-in-der-afd-weidel-mahnt-zur-vorsicht-vor-voreiligen-schluessen\/#primaryimage","url":"https:\/\/now-news.de\/de\/wp-content\/uploads\/sites\/3\/2024\/05\/China-beginnt-mit-Umzingelungsuebungen-rund-um-Taiwan.jpg","contentUrl":"https:\/\/now-news.de\/de\/wp-content\/uploads\/sites\/3\/2024\/05\/China-beginnt-mit-Umzingelungsuebungen-rund-um-Taiwan.jpg","width":460,"height":259,"caption":"China beginnt mit Umzingelungs\u00fcbungen rund um Taiwan"},{"@type":"BreadcrumbList","@id":"https:\/\/now-news.de\/de\/deutschland\/nach-sieben-todesfaellen-in-der-afd-weidel-mahnt-zur-vorsicht-vor-voreiligen-schluessen\/#breadcrumb","itemListElement":[{"@type":"ListItem","position":1,"name":"Home","item":"https:\/\/now-news.de\/de\/"},{"@type":"ListItem","position":2,"name":"Nach sieben Todesf\u00e4llen in der AfD: Weidel mahnt zur Vorsicht vor voreiligen Schl\u00fcssen"}]},{"@type":"WebSite","@id":"https:\/\/now-news.de\/de\/#website","url":"https:\/\/now-news.de\/de\/","name":"just-now.NEWS Deutschland","description":"Das Portal f\u00fcr unzensierte Nachrichten aus der Welt","publisher":{"@id":"https:\/\/now-news.de\/de\/#organization"},"potentialAction":[{"@type":"SearchAction","target":{"@type":"EntryPoint","urlTemplate":"https:\/\/now-news.de\/de\/?s={search_term_string}"},"query-input":"required name=search_term_string"}],"inLanguage":"de"},{"@type":"Organization","@id":"https:\/\/now-news.de\/de\/#organization","name":"Just Now News","url":"https:\/\/now-news.de\/de\/","logo":{"@type":"ImageObject","inLanguage":"de","@id":"https:\/\/now-news.de\/de\/#\/schema\/logo\/image\/","url":"http:\/\/just-now.news\/de\/wp-content\/uploads\/sites\/3\/2022\/04\/logo500x500.jpg","contentUrl":"http:\/\/just-now.news\/de\/wp-content\/uploads\/sites\/3\/2022\/04\/logo500x500.jpg","width":500,"height":500,"caption":"Just Now News"},"image":{"@id":"https:\/\/now-news.de\/de\/#\/schema\/logo\/image\/"},"sameAs":["https:\/\/www.facebook.com\/wirmachenauf","https:\/\/x.com\/WirMachenAuf_de"]},{"@type":"Person","@id":"https:\/\/now-news.de\/de\/#\/schema\/person\/fb534a4e865501d8b3285208df34a9b5","name":"rtnews","image":{"@type":"ImageObject","inLanguage":"de","@id":"https:\/\/now-news.de\/de\/#\/schema\/person\/image\/","url":"https:\/\/secure.gravatar.com\/avatar\/82aafea7d8127119dd649515f56e2117?s=96&d=mm&r=g","contentUrl":"https:\/\/secure.gravatar.com\/avatar\/82aafea7d8127119dd649515f56e2117?s=96&d=mm&r=g","caption":"rtnews"},"url":"https:\/\/now-news.de\/de\/author\/rnews\/"}]}},"_links":{"self":[{"href":"https:\/\/now-news.de\/de\/wp-json\/wp\/v2\/posts\/89918"}],"collection":[{"href":"https:\/\/now-news.de\/de\/wp-json\/wp\/v2\/posts"}],"about":[{"href":"https:\/\/now-news.de\/de\/wp-json\/wp\/v2\/types\/post"}],"author":[{"embeddable":true,"href":"https:\/\/now-news.de\/de\/wp-json\/wp\/v2\/users\/3"}],"replies":[{"embeddable":true,"href":"https:\/\/now-news.de\/de\/wp-json\/wp\/v2\/comments?post=89918"}],"version-history":[{"count":0,"href":"https:\/\/now-news.de\/de\/wp-json\/wp\/v2\/posts\/89918\/revisions"}],"wp:featuredmedia":[{"embeddable":true,"href":"https:\/\/now-news.de\/de\/wp-json\/wp\/v2\/media\/58637"}],"wp:attachment":[{"href":"https:\/\/now-news.de\/de\/wp-json\/wp\/v2\/media?parent=89918"}],"wp:term":[{"taxonomy":"category","embeddable":true,"href":"https:\/\/now-news.de\/de\/wp-json\/wp\/v2\/categories?post=89918"},{"taxonomy":"post_tag","embeddable":true,"href":"https:\/\/now-news.de\/de\/wp-json\/wp\/v2\/tags?post=89918"}],"curies":[{"name":"wp","href":"https:\/\/api.w.org\/{rel}","templated":true}]}}