{"id":8990,"date":"2022-05-27T15:49:57","date_gmt":"2022-05-27T13:49:57","guid":{"rendered":"http:\/\/just-now.news\/de\/deutschland\/lufthansa-will-maskenpflicht-an-bord-nicht-mehr-durchsetzen\/"},"modified":"2022-05-27T15:49:57","modified_gmt":"2022-05-27T13:49:57","slug":"lufthansa-will-maskenpflicht-an-bord-nicht-mehr-durchsetzen","status":"publish","type":"post","link":"https:\/\/now-news.de\/de\/deutschland\/lufthansa-will-maskenpflicht-an-bord-nicht-mehr-durchsetzen\/","title":{"rendered":"Lufthansa will Maskenpflicht an Bord nicht mehr durchsetzen"},"content":{"rendered":"<p><img decoding=\"async\" src=\"http:\/\/just-now.news\/de\/wp-content\/uploads\/sites\/3\/2022\/05\/6290bc98b480cc1807002479.jpg\" \/><\/p>\n<p>Die in Deutschland fortbestehende Maskenpflicht auch an Bord von Flugzeugen stellt zunehmend ein Problem dar, <a rel=\"nofollow noopener\" target=\"_blank\" href=\"https:\/\/www.welt.de\/wirtschaft\/article239019055\/Lufthansa-sieht-Durchsetzung-der-Maskenpflicht-als-Sicherheitsrisiko.html\">berichtet<\/a> die <em>Welt<\/em>. Dies meint die &#8220;Lufthansa&#8221; und kommt in einem internen Papier zu dem Schluss, die Maskenpflicht durchzusetzen sei ein gr\u00f6\u00dferes Sicherheitsrisiko, als Passagiere, die keine Maske tragen, einfach in Ruhe zu lassen. Die Durchsetzung der Maskenpflicht f\u00fchre immer wieder zu Eskalationen zwischen Flugg\u00e4sten und Crewmitgliedern \u2013 durchaus ein Unsicherheitsfaktor an Bord.<\/p>\n<p><strong>Berliner Prinzipienreiterei<\/strong><\/p>\n<p>Seit Mitte Mai ist in vielen EU-L\u00e4ndern die Maskenpflicht auf Flugh\u00e4fen und in Flugzeugen aufgehoben, nicht aber in Deutschland. Das sorgt f\u00fcr Irritationen bei vielen Passagieren, die etwa mit Fl\u00fcgen aus dem Ausland in Deutschland ankommen. Denn bislang setzten Lufthansa und Condor im Vergleich zu anderen Gesellschaften die Maskenpflicht an Bord recht streng durch.<\/p>\n<p>Doch die Kontrollen, die das Kabinenpersonal durchf\u00fchren muss, f\u00fchren offensichtlich mehr und mehr zu Unmut bei Passagieren, was in dem internen Gutachten der Fluglinie als Sicherheitsproblem erkannt wird. Denn wie soll die Crew das Tragen der Masken bei Flugg\u00e4sten durchsetzen? Es erscheint nachvollziehbar, dass Passagiere, die im Ausland unterwegs oder mit ausl\u00e4ndischen Linien nach Deutschland gekommen sind, mit Unverst\u00e4ndnis reagieren, wenn sie in Deutschland \u2013 im Unterschied zu anderen EU-L\u00e4ndern \u2013 an Bord der Lufthansa immer noch Maske tragen m\u00fcssen.<\/p>\n<p><strong>Zweierlei Ma\u00df<\/strong><\/p>\n<p>Hinzu kommt, dass die Politik auch auf diesem Feld nicht immer mit positivem Beispiel vorangeht. So war Bundeskanzler Olaf Scholz auf Fotos an Bord von Flugzeugen gelegentlich schon &#8220;unmaskiert&#8221; zu sehen. Aber nicht nur an Bord von Flugzeugen gilt in Deutschland noch die Maskenpflicht, sondern auch in Bussen und Bahnen. Andere Nachbarl\u00e4nder haben f\u00fcr diese Verkehrsmittel die Maskenpflicht l\u00e4ngst abgeschafft, ohne dass es zu gesundheitspolitischen Problemen gekommen w\u00e4re.<\/p>\n<p>Bei der Lufthansa d\u00fcrfte neben den nachvollziehbaren Sicherheitsbedenken f\u00fcr ihre \u00dcberlegungen auch eine Rolle gespielt haben, dass man Passagiere nicht an ausl\u00e4ndische Fluglinien verlieren m\u00f6chte. Beim innerdeutschen Bahn- und Busverkehr haben die Fahrg\u00e4ste dieses Druckmittel, eine ausl\u00e4ndische Linie zu nehmen, allerdings nicht.<\/p>\n<p><strong>Mehr zum Thema<\/strong> &#8211; <a rel=\"nofollow noopener\" target=\"_blank\" href=\"https:\/\/pressefreiheit.rtde.tech\/russland\/139350-moskau-kuendigt-corona-amnestie-an\/\">Moskau k\u00fcndigt &#8220;Corona-Amnestie&#8221; an: Strafen f\u00fcr Verst\u00f6\u00dfe gegen Corona-Regeln nicht mehr<\/a> f\u00e4llig<\/p>\n<p><br \/>\n<br \/><a href=\"https:\/\/de.rt.com\/inland\/139537-lufthansa-will-maskenpflicht-an-bord-nicht-mehr-durchsetzen\/\">Source link <\/a><\/p>\n","protected":false},"excerpt":{"rendered":"<p>Die in Deutschland fortbestehende Maskenpflicht auch an Bord von Flugzeugen stellt zunehmend ein Problem dar, berichtet die Welt. Dies meint die &#8220;Lufthansa&#8221; und kommt in einem internen Papier zu dem Schluss, die Maskenpflicht durchzusetzen sei ein gr\u00f6\u00dferes Sicherheitsrisiko, als Passagiere, die keine Maske tragen, einfach in Ruhe zu lassen. Die Durchsetzung der Maskenpflicht f\u00fchre immer [&hellip;]<\/p>\n","protected":false},"author":3,"featured_media":8991,"comment_status":"open","ping_status":"open","sticky":false,"template":"","format":"standard","meta":{"wp_automatic_camp":["217"],"986d6f722734d7a93f4af50e0b29f485":["Lufthansa will Maskenpflicht an Bord nicht mehr durchsetzen"],"original_link":["https:\/\/de.rt.com\/inland\/139537-lufthansa-will-maskenpflicht-an-bord-nicht-mehr-durchsetzen\/"],"_thumbnail_id":["8991"],"_wptg_p2tg_sent2tg":["2022-05-27 16:06:34"],"jnews_social_counter_last_update":["1776819864"]},"categories":[19,23],"tags":[8551,22037,22036,2656,2063,800],"yoast_head":"<!-- This site is optimized with the Yoast SEO Premium plugin v22.7 (Yoast SEO v22.7) - https:\/\/yoast.com\/wordpress\/plugins\/seo\/ -->\n<title>Lufthansa will Maskenpflicht an Bord nicht mehr durchsetzen - just-now.NEWS Deutschland<\/title>\n<meta name=\"robots\" content=\"index, follow, max-snippet:-1, max-image-preview:large, max-video-preview:-1\" \/>\n<link rel=\"canonical\" href=\"https:\/\/now-news.de\/de\/deutschland\/lufthansa-will-maskenpflicht-an-bord-nicht-mehr-durchsetzen\/\" \/>\n<meta property=\"og:locale\" content=\"de_DE\" \/>\n<meta property=\"og:type\" content=\"article\" \/>\n<meta property=\"og:title\" content=\"Lufthansa will Maskenpflicht an Bord nicht mehr durchsetzen\" \/>\n<meta property=\"og:description\" content=\"Die in Deutschland fortbestehende Maskenpflicht auch an Bord von Flugzeugen stellt zunehmend ein Problem dar, berichtet die Welt. Dies meint die &#8220;Lufthansa&#8221; und kommt in einem internen Papier zu dem Schluss, die Maskenpflicht durchzusetzen sei ein gr\u00f6\u00dferes Sicherheitsrisiko, als Passagiere, die keine Maske tragen, einfach in Ruhe zu lassen. Die Durchsetzung der Maskenpflicht f\u00fchre immer [&hellip;]\" \/>\n<meta property=\"og:url\" content=\"https:\/\/now-news.de\/de\/deutschland\/lufthansa-will-maskenpflicht-an-bord-nicht-mehr-durchsetzen\/\" \/>\n<meta property=\"og:site_name\" content=\"just-now.NEWS Deutschland\" \/>\n<meta property=\"article:publisher\" content=\"https:\/\/www.facebook.com\/wirmachenauf\" \/>\n<meta property=\"article:published_time\" content=\"2022-05-27T13:49:57+00:00\" \/>\n<meta property=\"og:image\" content=\"https:\/\/now-news.de\/de\/wp-content\/uploads\/sites\/3\/2022\/05\/Lufthansa-will-Maskenpflicht-an-Bord-nicht-mehr-durchsetzen.jpg\" \/>\n\t<meta property=\"og:image:width\" content=\"460\" \/>\n\t<meta property=\"og:image:height\" content=\"259\" \/>\n\t<meta property=\"og:image:type\" content=\"image\/jpeg\" \/>\n<meta name=\"author\" content=\"rtnews\" \/>\n<meta name=\"twitter:card\" content=\"summary_large_image\" \/>\n<meta name=\"twitter:creator\" content=\"@WirMachenAuf_de\" \/>\n<meta name=\"twitter:site\" content=\"@WirMachenAuf_de\" \/>\n<meta name=\"twitter:label1\" content=\"Verfasst von\" \/>\n\t<meta name=\"twitter:data1\" content=\"rtnews\" \/>\n\t<meta name=\"twitter:label2\" content=\"Gesch\u00e4tzte Lesezeit\" \/>\n\t<meta name=\"twitter:data2\" content=\"2\u00a0Minuten\" \/>\n<script type=\"application\/ld+json\" class=\"yoast-schema-graph\">{\"@context\":\"https:\/\/schema.org\",\"@graph\":[{\"@type\":\"Article\",\"@id\":\"https:\/\/now-news.de\/de\/deutschland\/lufthansa-will-maskenpflicht-an-bord-nicht-mehr-durchsetzen\/#article\",\"isPartOf\":{\"@id\":\"https:\/\/now-news.de\/de\/deutschland\/lufthansa-will-maskenpflicht-an-bord-nicht-mehr-durchsetzen\/\"},\"author\":{\"name\":\"rtnews\",\"@id\":\"https:\/\/now-news.de\/de\/#\/schema\/person\/fb534a4e865501d8b3285208df34a9b5\"},\"headline\":\"Lufthansa will Maskenpflicht an Bord nicht mehr durchsetzen\",\"datePublished\":\"2022-05-27T13:49:57+00:00\",\"dateModified\":\"2022-05-27T13:49:57+00:00\",\"mainEntityOfPage\":{\"@id\":\"https:\/\/now-news.de\/de\/deutschland\/lufthansa-will-maskenpflicht-an-bord-nicht-mehr-durchsetzen\/\"},\"wordCount\":368,\"commentCount\":0,\"publisher\":{\"@id\":\"https:\/\/now-news.de\/de\/#organization\"},\"image\":{\"@id\":\"https:\/\/now-news.de\/de\/deutschland\/lufthansa-will-maskenpflicht-an-bord-nicht-mehr-durchsetzen\/#primaryimage\"},\"thumbnailUrl\":\"https:\/\/now-news.de\/de\/wp-content\/uploads\/sites\/3\/2022\/05\/Lufthansa-will-Maskenpflicht-an-Bord-nicht-mehr-durchsetzen.jpg\",\"keywords\":[\"Bord\",\"durchsetzen\",\"Lufthansa\",\"maskenpflicht\",\"mehr\",\"nicht\"],\"articleSection\":[\"Deutschland\",\"Russland\"],\"inLanguage\":\"de\",\"potentialAction\":[{\"@type\":\"CommentAction\",\"name\":\"Comment\",\"target\":[\"https:\/\/now-news.de\/de\/deutschland\/lufthansa-will-maskenpflicht-an-bord-nicht-mehr-durchsetzen\/#respond\"]}]},{\"@type\":\"WebPage\",\"@id\":\"https:\/\/now-news.de\/de\/deutschland\/lufthansa-will-maskenpflicht-an-bord-nicht-mehr-durchsetzen\/\",\"url\":\"https:\/\/now-news.de\/de\/deutschland\/lufthansa-will-maskenpflicht-an-bord-nicht-mehr-durchsetzen\/\",\"name\":\"Lufthansa will Maskenpflicht an Bord nicht mehr durchsetzen - just-now.NEWS Deutschland\",\"isPartOf\":{\"@id\":\"https:\/\/now-news.de\/de\/#website\"},\"primaryImageOfPage\":{\"@id\":\"https:\/\/now-news.de\/de\/deutschland\/lufthansa-will-maskenpflicht-an-bord-nicht-mehr-durchsetzen\/#primaryimage\"},\"image\":{\"@id\":\"https:\/\/now-news.de\/de\/deutschland\/lufthansa-will-maskenpflicht-an-bord-nicht-mehr-durchsetzen\/#primaryimage\"},\"thumbnailUrl\":\"https:\/\/now-news.de\/de\/wp-content\/uploads\/sites\/3\/2022\/05\/Lufthansa-will-Maskenpflicht-an-Bord-nicht-mehr-durchsetzen.jpg\",\"datePublished\":\"2022-05-27T13:49:57+00:00\",\"dateModified\":\"2022-05-27T13:49:57+00:00\",\"breadcrumb\":{\"@id\":\"https:\/\/now-news.de\/de\/deutschland\/lufthansa-will-maskenpflicht-an-bord-nicht-mehr-durchsetzen\/#breadcrumb\"},\"inLanguage\":\"de\",\"potentialAction\":[{\"@type\":\"ReadAction\",\"target\":[\"https:\/\/now-news.de\/de\/deutschland\/lufthansa-will-maskenpflicht-an-bord-nicht-mehr-durchsetzen\/\"]}]},{\"@type\":\"ImageObject\",\"inLanguage\":\"de\",\"@id\":\"https:\/\/now-news.de\/de\/deutschland\/lufthansa-will-maskenpflicht-an-bord-nicht-mehr-durchsetzen\/#primaryimage\",\"url\":\"https:\/\/now-news.de\/de\/wp-content\/uploads\/sites\/3\/2022\/05\/Lufthansa-will-Maskenpflicht-an-Bord-nicht-mehr-durchsetzen.jpg\",\"contentUrl\":\"https:\/\/now-news.de\/de\/wp-content\/uploads\/sites\/3\/2022\/05\/Lufthansa-will-Maskenpflicht-an-Bord-nicht-mehr-durchsetzen.jpg\",\"width\":460,\"height\":259,\"caption\":\"Lufthansa will Maskenpflicht an Bord nicht mehr durchsetzen\"},{\"@type\":\"BreadcrumbList\",\"@id\":\"https:\/\/now-news.de\/de\/deutschland\/lufthansa-will-maskenpflicht-an-bord-nicht-mehr-durchsetzen\/#breadcrumb\",\"itemListElement\":[{\"@type\":\"ListItem\",\"position\":1,\"name\":\"Home\",\"item\":\"https:\/\/now-news.de\/de\/\"},{\"@type\":\"ListItem\",\"position\":2,\"name\":\"Lufthansa will Maskenpflicht an Bord nicht mehr durchsetzen\"}]},{\"@type\":\"WebSite\",\"@id\":\"https:\/\/now-news.de\/de\/#website\",\"url\":\"https:\/\/now-news.de\/de\/\",\"name\":\"just-now.NEWS Deutschland\",\"description\":\"Das Portal f\u00fcr unzensierte Nachrichten aus der Welt\",\"publisher\":{\"@id\":\"https:\/\/now-news.de\/de\/#organization\"},\"potentialAction\":[{\"@type\":\"SearchAction\",\"target\":{\"@type\":\"EntryPoint\",\"urlTemplate\":\"https:\/\/now-news.de\/de\/?s={search_term_string}\"},\"query-input\":\"required name=search_term_string\"}],\"inLanguage\":\"de\"},{\"@type\":\"Organization\",\"@id\":\"https:\/\/now-news.de\/de\/#organization\",\"name\":\"Just Now News\",\"url\":\"https:\/\/now-news.de\/de\/\",\"logo\":{\"@type\":\"ImageObject\",\"inLanguage\":\"de\",\"@id\":\"https:\/\/now-news.de\/de\/#\/schema\/logo\/image\/\",\"url\":\"http:\/\/just-now.news\/de\/wp-content\/uploads\/sites\/3\/2022\/04\/logo500x500.jpg\",\"contentUrl\":\"http:\/\/just-now.news\/de\/wp-content\/uploads\/sites\/3\/2022\/04\/logo500x500.jpg\",\"width\":500,\"height\":500,\"caption\":\"Just Now News\"},\"image\":{\"@id\":\"https:\/\/now-news.de\/de\/#\/schema\/logo\/image\/\"},\"sameAs\":[\"https:\/\/www.facebook.com\/wirmachenauf\",\"https:\/\/x.com\/WirMachenAuf_de\"]},{\"@type\":\"Person\",\"@id\":\"https:\/\/now-news.de\/de\/#\/schema\/person\/fb534a4e865501d8b3285208df34a9b5\",\"name\":\"rtnews\",\"image\":{\"@type\":\"ImageObject\",\"inLanguage\":\"de\",\"@id\":\"https:\/\/now-news.de\/de\/#\/schema\/person\/image\/\",\"url\":\"https:\/\/secure.gravatar.com\/avatar\/82aafea7d8127119dd649515f56e2117?s=96&d=mm&r=g\",\"contentUrl\":\"https:\/\/secure.gravatar.com\/avatar\/82aafea7d8127119dd649515f56e2117?s=96&d=mm&r=g\",\"caption\":\"rtnews\"},\"url\":\"https:\/\/now-news.de\/de\/author\/rnews\/\"}]}<\/script>\n<!-- \/ Yoast SEO Premium plugin. -->","yoast_head_json":{"title":"Lufthansa will Maskenpflicht an Bord nicht mehr durchsetzen - just-now.NEWS Deutschland","robots":{"index":"index","follow":"follow","max-snippet":"max-snippet:-1","max-image-preview":"max-image-preview:large","max-video-preview":"max-video-preview:-1"},"canonical":"https:\/\/now-news.de\/de\/deutschland\/lufthansa-will-maskenpflicht-an-bord-nicht-mehr-durchsetzen\/","og_locale":"de_DE","og_type":"article","og_title":"Lufthansa will Maskenpflicht an Bord nicht mehr durchsetzen","og_description":"Die in Deutschland fortbestehende Maskenpflicht auch an Bord von Flugzeugen stellt zunehmend ein Problem dar, berichtet die Welt. Dies meint die &#8220;Lufthansa&#8221; und kommt in einem internen Papier zu dem Schluss, die Maskenpflicht durchzusetzen sei ein gr\u00f6\u00dferes Sicherheitsrisiko, als Passagiere, die keine Maske tragen, einfach in Ruhe zu lassen. Die Durchsetzung der Maskenpflicht f\u00fchre immer [&hellip;]","og_url":"https:\/\/now-news.de\/de\/deutschland\/lufthansa-will-maskenpflicht-an-bord-nicht-mehr-durchsetzen\/","og_site_name":"just-now.NEWS Deutschland","article_publisher":"https:\/\/www.facebook.com\/wirmachenauf","article_published_time":"2022-05-27T13:49:57+00:00","og_image":[{"width":460,"height":259,"url":"https:\/\/now-news.de\/de\/wp-content\/uploads\/sites\/3\/2022\/05\/Lufthansa-will-Maskenpflicht-an-Bord-nicht-mehr-durchsetzen.jpg","type":"image\/jpeg"}],"author":"rtnews","twitter_card":"summary_large_image","twitter_creator":"@WirMachenAuf_de","twitter_site":"@WirMachenAuf_de","twitter_misc":{"Verfasst von":"rtnews","Gesch\u00e4tzte Lesezeit":"2\u00a0Minuten"},"schema":{"@context":"https:\/\/schema.org","@graph":[{"@type":"Article","@id":"https:\/\/now-news.de\/de\/deutschland\/lufthansa-will-maskenpflicht-an-bord-nicht-mehr-durchsetzen\/#article","isPartOf":{"@id":"https:\/\/now-news.de\/de\/deutschland\/lufthansa-will-maskenpflicht-an-bord-nicht-mehr-durchsetzen\/"},"author":{"name":"rtnews","@id":"https:\/\/now-news.de\/de\/#\/schema\/person\/fb534a4e865501d8b3285208df34a9b5"},"headline":"Lufthansa will Maskenpflicht an Bord nicht mehr durchsetzen","datePublished":"2022-05-27T13:49:57+00:00","dateModified":"2022-05-27T13:49:57+00:00","mainEntityOfPage":{"@id":"https:\/\/now-news.de\/de\/deutschland\/lufthansa-will-maskenpflicht-an-bord-nicht-mehr-durchsetzen\/"},"wordCount":368,"commentCount":0,"publisher":{"@id":"https:\/\/now-news.de\/de\/#organization"},"image":{"@id":"https:\/\/now-news.de\/de\/deutschland\/lufthansa-will-maskenpflicht-an-bord-nicht-mehr-durchsetzen\/#primaryimage"},"thumbnailUrl":"https:\/\/now-news.de\/de\/wp-content\/uploads\/sites\/3\/2022\/05\/Lufthansa-will-Maskenpflicht-an-Bord-nicht-mehr-durchsetzen.jpg","keywords":["Bord","durchsetzen","Lufthansa","maskenpflicht","mehr","nicht"],"articleSection":["Deutschland","Russland"],"inLanguage":"de","potentialAction":[{"@type":"CommentAction","name":"Comment","target":["https:\/\/now-news.de\/de\/deutschland\/lufthansa-will-maskenpflicht-an-bord-nicht-mehr-durchsetzen\/#respond"]}]},{"@type":"WebPage","@id":"https:\/\/now-news.de\/de\/deutschland\/lufthansa-will-maskenpflicht-an-bord-nicht-mehr-durchsetzen\/","url":"https:\/\/now-news.de\/de\/deutschland\/lufthansa-will-maskenpflicht-an-bord-nicht-mehr-durchsetzen\/","name":"Lufthansa will Maskenpflicht an Bord nicht mehr durchsetzen - just-now.NEWS Deutschland","isPartOf":{"@id":"https:\/\/now-news.de\/de\/#website"},"primaryImageOfPage":{"@id":"https:\/\/now-news.de\/de\/deutschland\/lufthansa-will-maskenpflicht-an-bord-nicht-mehr-durchsetzen\/#primaryimage"},"image":{"@id":"https:\/\/now-news.de\/de\/deutschland\/lufthansa-will-maskenpflicht-an-bord-nicht-mehr-durchsetzen\/#primaryimage"},"thumbnailUrl":"https:\/\/now-news.de\/de\/wp-content\/uploads\/sites\/3\/2022\/05\/Lufthansa-will-Maskenpflicht-an-Bord-nicht-mehr-durchsetzen.jpg","datePublished":"2022-05-27T13:49:57+00:00","dateModified":"2022-05-27T13:49:57+00:00","breadcrumb":{"@id":"https:\/\/now-news.de\/de\/deutschland\/lufthansa-will-maskenpflicht-an-bord-nicht-mehr-durchsetzen\/#breadcrumb"},"inLanguage":"de","potentialAction":[{"@type":"ReadAction","target":["https:\/\/now-news.de\/de\/deutschland\/lufthansa-will-maskenpflicht-an-bord-nicht-mehr-durchsetzen\/"]}]},{"@type":"ImageObject","inLanguage":"de","@id":"https:\/\/now-news.de\/de\/deutschland\/lufthansa-will-maskenpflicht-an-bord-nicht-mehr-durchsetzen\/#primaryimage","url":"https:\/\/now-news.de\/de\/wp-content\/uploads\/sites\/3\/2022\/05\/Lufthansa-will-Maskenpflicht-an-Bord-nicht-mehr-durchsetzen.jpg","contentUrl":"https:\/\/now-news.de\/de\/wp-content\/uploads\/sites\/3\/2022\/05\/Lufthansa-will-Maskenpflicht-an-Bord-nicht-mehr-durchsetzen.jpg","width":460,"height":259,"caption":"Lufthansa will Maskenpflicht an Bord nicht mehr durchsetzen"},{"@type":"BreadcrumbList","@id":"https:\/\/now-news.de\/de\/deutschland\/lufthansa-will-maskenpflicht-an-bord-nicht-mehr-durchsetzen\/#breadcrumb","itemListElement":[{"@type":"ListItem","position":1,"name":"Home","item":"https:\/\/now-news.de\/de\/"},{"@type":"ListItem","position":2,"name":"Lufthansa will Maskenpflicht an Bord nicht mehr durchsetzen"}]},{"@type":"WebSite","@id":"https:\/\/now-news.de\/de\/#website","url":"https:\/\/now-news.de\/de\/","name":"just-now.NEWS Deutschland","description":"Das Portal f\u00fcr unzensierte Nachrichten aus der Welt","publisher":{"@id":"https:\/\/now-news.de\/de\/#organization"},"potentialAction":[{"@type":"SearchAction","target":{"@type":"EntryPoint","urlTemplate":"https:\/\/now-news.de\/de\/?s={search_term_string}"},"query-input":"required name=search_term_string"}],"inLanguage":"de"},{"@type":"Organization","@id":"https:\/\/now-news.de\/de\/#organization","name":"Just Now News","url":"https:\/\/now-news.de\/de\/","logo":{"@type":"ImageObject","inLanguage":"de","@id":"https:\/\/now-news.de\/de\/#\/schema\/logo\/image\/","url":"http:\/\/just-now.news\/de\/wp-content\/uploads\/sites\/3\/2022\/04\/logo500x500.jpg","contentUrl":"http:\/\/just-now.news\/de\/wp-content\/uploads\/sites\/3\/2022\/04\/logo500x500.jpg","width":500,"height":500,"caption":"Just Now News"},"image":{"@id":"https:\/\/now-news.de\/de\/#\/schema\/logo\/image\/"},"sameAs":["https:\/\/www.facebook.com\/wirmachenauf","https:\/\/x.com\/WirMachenAuf_de"]},{"@type":"Person","@id":"https:\/\/now-news.de\/de\/#\/schema\/person\/fb534a4e865501d8b3285208df34a9b5","name":"rtnews","image":{"@type":"ImageObject","inLanguage":"de","@id":"https:\/\/now-news.de\/de\/#\/schema\/person\/image\/","url":"https:\/\/secure.gravatar.com\/avatar\/82aafea7d8127119dd649515f56e2117?s=96&d=mm&r=g","contentUrl":"https:\/\/secure.gravatar.com\/avatar\/82aafea7d8127119dd649515f56e2117?s=96&d=mm&r=g","caption":"rtnews"},"url":"https:\/\/now-news.de\/de\/author\/rnews\/"}]}},"_links":{"self":[{"href":"https:\/\/now-news.de\/de\/wp-json\/wp\/v2\/posts\/8990"}],"collection":[{"href":"https:\/\/now-news.de\/de\/wp-json\/wp\/v2\/posts"}],"about":[{"href":"https:\/\/now-news.de\/de\/wp-json\/wp\/v2\/types\/post"}],"author":[{"embeddable":true,"href":"https:\/\/now-news.de\/de\/wp-json\/wp\/v2\/users\/3"}],"replies":[{"embeddable":true,"href":"https:\/\/now-news.de\/de\/wp-json\/wp\/v2\/comments?post=8990"}],"version-history":[{"count":0,"href":"https:\/\/now-news.de\/de\/wp-json\/wp\/v2\/posts\/8990\/revisions"}],"wp:featuredmedia":[{"embeddable":true,"href":"https:\/\/now-news.de\/de\/wp-json\/wp\/v2\/media\/8991"}],"wp:attachment":[{"href":"https:\/\/now-news.de\/de\/wp-json\/wp\/v2\/media?parent=8990"}],"wp:term":[{"taxonomy":"category","embeddable":true,"href":"https:\/\/now-news.de\/de\/wp-json\/wp\/v2\/categories?post=8990"},{"taxonomy":"post_tag","embeddable":true,"href":"https:\/\/now-news.de\/de\/wp-json\/wp\/v2\/tags?post=8990"}],"curies":[{"name":"wp","href":"https:\/\/api.w.org\/{rel}","templated":true}]}}