{"id":89832,"date":"2025-09-02T11:01:02","date_gmt":"2025-09-02T09:01:02","guid":{"rendered":"https:\/\/now-news.de\/de\/deutschland\/vor-wahlen-sechs-tote-afd-kandidaten-in-zwei-wochen-statistisch-fast-unmoeglich\/"},"modified":"2025-09-02T11:01:02","modified_gmt":"2025-09-02T09:01:02","slug":"vor-wahlen-sechs-tote-afd-kandidaten-in-zwei-wochen-statistisch-fast-unmoeglich","status":"publish","type":"post","link":"https:\/\/now-news.de\/de\/deutschland\/vor-wahlen-sechs-tote-afd-kandidaten-in-zwei-wochen-statistisch-fast-unmoeglich\/","title":{"rendered":"Vor Wahlen: Sechs tote AfD-Kandidaten in zwei Wochen \u2013 statistisch fast unm\u00f6glich!"},"content":{"rendered":"<p><img decoding=\"async\" src=\"https:\/\/now-news.de\/de\/wp-content\/uploads\/sites\/3\/2025\/09\/68b6ac7db480cc52ad598b18.png\" \/><\/p>\n<div class=\"Text-root Text-type_1 \">\n                Sechs AfD-Kandidaten in Nordrhein-Westfalen sind binnen zwei Wochen verstorben, darunter vier Direktkandidaten. Die Vorf\u00e4lle zwingen Wahlleitungen zur Neuausgabe von Stimmzetteln und Briefwahlunterlagen. W\u00e4hrend in sozialen Netzwerken Verschw\u00f6rungsthesen kursieren, sehen Polizei und Landeswahlleitung bislang keine Hinweise auf Fremdeinwirkung.\n            <\/div>\n<p><\/p>\n<div class=\"Text-root Text-type_5 ArticleView-text ViewText-root \">\n<p data-start=\"258\" data-end=\"565\">In Nordrhein-Westfalen wird am 14. September auf kommunaler Ebene gew\u00e4hlt. Kurz vor dem Urnengang verzeichnet die AfD eine ungew\u00f6hnliche Serie von Todesf\u00e4llen: Vier Direktkandidaten und zwei Ersatzbewerber starben binnen zwei Wochen. Betroffen sind Blomberg, Bad Lippspringe, Schwerte und Rheinberg.<\/p>\n<p data-start=\"605\" data-end=\"807\">Die Todesf\u00e4lle haben unmittelbare Auswirkungen. In mehreren Wahlkreisen m\u00fcssen Stimmzettel neu gedruckt werden, hunderte Briefw\u00e4hler ihre Stimme erneut abgeben. Die AfD darf Kandidaten nachnominieren.<\/p>\n<p data-start=\"844\" data-end=\"1258\">W\u00e4hrend die AfD-Landespartei von &#8220;tragischen Einzelf\u00e4llen&#8221; spricht und keinen Anlass sieht, die Todesf\u00e4lle zu instrumentalisieren, sorgen sie in sozialen Medien f\u00fcr erhebliche Aufmerksamkeit.<\/p>\n<p data-start=\"844\" data-end=\"1258\">AfD-Chefin Alice Weidel griff den Hinweis des \u00d6konomen Stefan Homburg auf, wonach eine solche H\u00e4ufung &#8220;statistisch fast unm\u00f6glich&#8221; sei.\u00a0<\/p>\n<div class=\"EmbedBlock-root EmbedBlock-twitter\">\n<div class=\"TwitterEmbed\">\n<blockquote class=\"twitter-tweet lazyload\" data-twitter=\"twitter-tweet\">\n<p lang=\"nl\" dir=\"ltr\">Vier AfD-Kandidaten gestorben. <a rel=\"nofollow noopener\" target=\"_blank\" href=\"https:\/\/t.co\/i9is9Dnya5\">https:\/\/t.co\/i9is9Dnya5<\/a><\/p>\n<p>\u2014 Alice Weidel (@Alice_Weidel) <a rel=\"nofollow noopener\" target=\"_blank\" href=\"https:\/\/twitter.com\/Alice_Weidel\/status\/1962207184076358137?ref_src=twsrc%5Etfw\">August 31, 2025<\/a><\/p><\/blockquote>\n<\/div>\n<\/div>\n<p data-start=\"1294\" data-end=\"1732\">Die Landeswahlleitung weist darauf hin, dass auch andere Parteien Todesf\u00e4lle unter ihren Kandidaten zu beklagen hatten. Insgesamt sind mindestens zehn Bewerber verschiedener Parteien verstorben.<\/p>\n<p data-start=\"1294\" data-end=\"1732\">Auff\u00e4llig bleibt jedoch, dass die AfD mit sechs F\u00e4llen \u00fcberproportional stark betroffen ist und diese zudem innerhalb weniger Wochen eintraten. Die Beh\u00f6rden verweisen zwar auf den hohen Altersdurchschnitt im kommunalen Ehrenamt und sprechen von keinem au\u00dfergew\u00f6hnlichen Ph\u00e4nomen, doch die H\u00e4ufung wirft Fragen auf. Polizeiliche Ermittlungen ergaben bislang keine Hinweise auf Fremdverschulden. In einzelnen F\u00e4llen wurden Vorerkrankungen, Organversagen oder Suizid bekannt.<\/p>\n<div class=\"EmbedBlock-root EmbedBlock-twitter\">\n<div class=\"TwitterEmbed\">\n<blockquote class=\"twitter-tweet lazyload\" data-twitter=\"twitter-tweet\">\n<p lang=\"de\" dir=\"ltr\">Ich lege mich fest. Es werden keine AfD Provinz-Politiker umgebracht von heimlichen M\u00e4chten. Hier verlieren einige langsam den Verstand. Corona-Regime hat offenbar doch ganze Arbeit geleistet \ud83d\ude2d <a rel=\"nofollow noopener\" target=\"_blank\" href=\"https:\/\/t.co\/OAdcWStY5Q\">https:\/\/t.co\/OAdcWStY5Q<\/a><\/p>\n<p>\u2014 Alexander Wallasch (@AlexWallasch) <a rel=\"nofollow noopener\" target=\"_blank\" href=\"https:\/\/twitter.com\/AlexWallasch\/status\/1962636552770642299?ref_src=twsrc%5Etfw\">September 1, 2025<\/a><\/p><\/blockquote>\n<\/div>\n<\/div>\n<p data-start=\"1734\" data-end=\"1772\">Die Todesf\u00e4lle treffen die AfD in einer Phase, in der sie in Nordrhein-Westfalen mit deutlichen Zugewinnen rechnet. Spekulationen \u00fcber politische Hintergr\u00fcnde kursieren im Internet, belastbare Hinweise daf\u00fcr fehlen jedoch.<\/p>\n<p data-start=\"1773\" data-end=\"2127\">F\u00fcr die Wahlorganisation bringen die Vorf\u00e4lle vor allem organisatorischen Mehraufwand, f\u00fcr die Partei stellen sie einen unerwarteten Belastungstest dar.<\/p>\n<p data-start=\"1773\" data-end=\"2127\"><strong>Mehr zum Thema<\/strong>\u00a0&#8211;\u00a0<a rel=\"nofollow noopener\" target=\"_blank\" href=\"https:\/\/freedert.online\/europa\/253265-us-staroekonom-jeffrey-sachs-merz\/\">US-Star\u00f6konom Jeffrey Sachs: &#8220;Merz ist ein Kriegstreiber&#8221;<\/a><\/p>\n<div class=\"EmbedBlock-root EmbedBlock-externalVideo EmbedBlock-rumble\">\n<div class=\"VkEmbed\"><iframe class=\"lazyload\" data-src=\"https:\/\/rumble.com\/embed\/v6w2nkw\" frameborder=\"0\" width=\"853\" height=\"480\" allowfullscreen><\/iframe><\/div>\n<\/div>\n<\/div>\n<p><script async src=\"https:\/\/platform.twitter.com\/widgets.js\" charset=\"utf-8\"><\/script><br \/>\n<br \/><br \/>\n<br \/><a href=\"https:\/\/de.rt.com\/inland\/254883-vor-wahlen-sechs-tote-afd\/\">Source link <\/a><\/p>\n","protected":false},"excerpt":{"rendered":"<p>Sechs AfD-Kandidaten in Nordrhein-Westfalen sind binnen zwei Wochen verstorben, darunter vier Direktkandidaten. Die Vorf\u00e4lle zwingen Wahlleitungen zur Neuausgabe von Stimmzetteln und Briefwahlunterlagen. W\u00e4hrend in sozialen Netzwerken Verschw\u00f6rungsthesen kursieren, sehen Polizei und Landeswahlleitung bislang keine Hinweise auf Fremdeinwirkung. In Nordrhein-Westfalen wird am 14. September auf kommunaler Ebene gew\u00e4hlt. Kurz vor dem Urnengang verzeichnet die AfD eine [&hellip;]<\/p>\n","protected":false},"author":3,"featured_media":89833,"comment_status":"open","ping_status":"open","sticky":false,"template":"","format":"standard","meta":{"_yoast_indexnow_last_ping":["1756804161"],"wp_automatic_camp":["217"],"8df9ddd33cb413fc69ef9b8d4daa3c55":["Vor Wahlen: Sechs tote AfD-Kandidaten in zwei Wochen \u2013 statistisch fast unm\u00f6glich!"],"original_link":["https:\/\/de.rt.com\/inland\/254883-vor-wahlen-sechs-tote-afd\/"],"_thumbnail_id":["89833"],"jnews_social_counter_last_update":["1777355218"],"_wptgpro_p2tg_sent2tg":["a:1:{i:23737;s:19:\"2025-09-02 11:10:25\";}"]},"categories":[19,23],"tags":[61985,260,14558,67434,3233,29314,320,2576,12190,1003],"yoast_head":"<!-- This site is optimized with the Yoast SEO Premium plugin v22.7 (Yoast SEO v22.7) - https:\/\/yoast.com\/wordpress\/plugins\/seo\/ -->\n<title>Vor Wahlen: Sechs tote AfD-Kandidaten in zwei Wochen \u2013 statistisch fast unm\u00f6glich! - just-now.NEWS Deutschland<\/title>\n<meta name=\"robots\" content=\"index, follow, max-snippet:-1, max-image-preview:large, max-video-preview:-1\" \/>\n<link rel=\"canonical\" href=\"https:\/\/now-news.de\/de\/deutschland\/vor-wahlen-sechs-tote-afd-kandidaten-in-zwei-wochen-statistisch-fast-unmoeglich\/\" \/>\n<meta property=\"og:locale\" content=\"de_DE\" \/>\n<meta property=\"og:type\" content=\"article\" \/>\n<meta property=\"og:title\" content=\"Vor Wahlen: Sechs tote AfD-Kandidaten in zwei Wochen \u2013 statistisch fast unm\u00f6glich!\" \/>\n<meta property=\"og:description\" content=\"Sechs AfD-Kandidaten in Nordrhein-Westfalen sind binnen zwei Wochen verstorben, darunter vier Direktkandidaten. Die Vorf\u00e4lle zwingen Wahlleitungen zur Neuausgabe von Stimmzetteln und Briefwahlunterlagen. W\u00e4hrend in sozialen Netzwerken Verschw\u00f6rungsthesen kursieren, sehen Polizei und Landeswahlleitung bislang keine Hinweise auf Fremdeinwirkung. In Nordrhein-Westfalen wird am 14. September auf kommunaler Ebene gew\u00e4hlt. Kurz vor dem Urnengang verzeichnet die AfD eine [&hellip;]\" \/>\n<meta property=\"og:url\" content=\"https:\/\/now-news.de\/de\/deutschland\/vor-wahlen-sechs-tote-afd-kandidaten-in-zwei-wochen-statistisch-fast-unmoeglich\/\" \/>\n<meta property=\"og:site_name\" content=\"just-now.NEWS Deutschland\" \/>\n<meta property=\"article:publisher\" content=\"https:\/\/www.facebook.com\/wirmachenauf\" \/>\n<meta property=\"article:published_time\" content=\"2025-09-02T09:01:02+00:00\" \/>\n<meta property=\"og:image\" content=\"https:\/\/now-news.de\/de\/wp-content\/uploads\/sites\/3\/2025\/09\/68b6ac7db480cc52ad598b18.png\" \/>\n<meta name=\"author\" content=\"rtnews\" \/>\n<meta name=\"twitter:card\" content=\"summary_large_image\" \/>\n<meta name=\"twitter:creator\" content=\"@WirMachenAuf_de\" \/>\n<meta name=\"twitter:site\" content=\"@WirMachenAuf_de\" \/>\n<meta name=\"twitter:label1\" content=\"Verfasst von\" \/>\n\t<meta name=\"twitter:data1\" content=\"rtnews\" \/>\n\t<meta name=\"twitter:label2\" content=\"Gesch\u00e4tzte Lesezeit\" \/>\n\t<meta name=\"twitter:data2\" content=\"2\u00a0Minuten\" \/>\n<script type=\"application\/ld+json\" class=\"yoast-schema-graph\">{\"@context\":\"https:\/\/schema.org\",\"@graph\":[{\"@type\":\"Article\",\"@id\":\"https:\/\/now-news.de\/de\/deutschland\/vor-wahlen-sechs-tote-afd-kandidaten-in-zwei-wochen-statistisch-fast-unmoeglich\/#article\",\"isPartOf\":{\"@id\":\"https:\/\/now-news.de\/de\/deutschland\/vor-wahlen-sechs-tote-afd-kandidaten-in-zwei-wochen-statistisch-fast-unmoeglich\/\"},\"author\":{\"name\":\"rtnews\",\"@id\":\"https:\/\/now-news.de\/de\/#\/schema\/person\/fb534a4e865501d8b3285208df34a9b5\"},\"headline\":\"Vor Wahlen: Sechs tote AfD-Kandidaten in zwei Wochen \u2013 statistisch fast unm\u00f6glich!\",\"datePublished\":\"2025-09-02T09:01:02+00:00\",\"dateModified\":\"2025-09-02T09:01:02+00:00\",\"mainEntityOfPage\":{\"@id\":\"https:\/\/now-news.de\/de\/deutschland\/vor-wahlen-sechs-tote-afd-kandidaten-in-zwei-wochen-statistisch-fast-unmoeglich\/\"},\"wordCount\":380,\"commentCount\":0,\"publisher\":{\"@id\":\"https:\/\/now-news.de\/de\/#organization\"},\"image\":{\"@id\":\"https:\/\/now-news.de\/de\/deutschland\/vor-wahlen-sechs-tote-afd-kandidaten-in-zwei-wochen-statistisch-fast-unmoeglich\/#primaryimage\"},\"thumbnailUrl\":\"https:\/\/now-news.de\/de\/wp-content\/uploads\/sites\/3\/2025\/09\/Vor-Wahlen-Sechs-tote-AfD-Kandidaten-in-zwei-Wochen-\u2013-statistisch.png\",\"keywords\":[\"AfDKandidaten\",\"Fast\",\"sechs\",\"statistisch\",\"Tote\",\"unm\u00f6glich\",\"vor\",\"Wahlen\",\"Wochen\",\"zwei\"],\"articleSection\":[\"Deutschland\",\"Russland\"],\"inLanguage\":\"de\",\"potentialAction\":[{\"@type\":\"CommentAction\",\"name\":\"Comment\",\"target\":[\"https:\/\/now-news.de\/de\/deutschland\/vor-wahlen-sechs-tote-afd-kandidaten-in-zwei-wochen-statistisch-fast-unmoeglich\/#respond\"]}]},{\"@type\":\"WebPage\",\"@id\":\"https:\/\/now-news.de\/de\/deutschland\/vor-wahlen-sechs-tote-afd-kandidaten-in-zwei-wochen-statistisch-fast-unmoeglich\/\",\"url\":\"https:\/\/now-news.de\/de\/deutschland\/vor-wahlen-sechs-tote-afd-kandidaten-in-zwei-wochen-statistisch-fast-unmoeglich\/\",\"name\":\"Vor Wahlen: Sechs tote AfD-Kandidaten in zwei Wochen \u2013 statistisch fast unm\u00f6glich! - just-now.NEWS Deutschland\",\"isPartOf\":{\"@id\":\"https:\/\/now-news.de\/de\/#website\"},\"primaryImageOfPage\":{\"@id\":\"https:\/\/now-news.de\/de\/deutschland\/vor-wahlen-sechs-tote-afd-kandidaten-in-zwei-wochen-statistisch-fast-unmoeglich\/#primaryimage\"},\"image\":{\"@id\":\"https:\/\/now-news.de\/de\/deutschland\/vor-wahlen-sechs-tote-afd-kandidaten-in-zwei-wochen-statistisch-fast-unmoeglich\/#primaryimage\"},\"thumbnailUrl\":\"https:\/\/now-news.de\/de\/wp-content\/uploads\/sites\/3\/2025\/09\/Vor-Wahlen-Sechs-tote-AfD-Kandidaten-in-zwei-Wochen-\u2013-statistisch.png\",\"datePublished\":\"2025-09-02T09:01:02+00:00\",\"dateModified\":\"2025-09-02T09:01:02+00:00\",\"breadcrumb\":{\"@id\":\"https:\/\/now-news.de\/de\/deutschland\/vor-wahlen-sechs-tote-afd-kandidaten-in-zwei-wochen-statistisch-fast-unmoeglich\/#breadcrumb\"},\"inLanguage\":\"de\",\"potentialAction\":[{\"@type\":\"ReadAction\",\"target\":[\"https:\/\/now-news.de\/de\/deutschland\/vor-wahlen-sechs-tote-afd-kandidaten-in-zwei-wochen-statistisch-fast-unmoeglich\/\"]}]},{\"@type\":\"ImageObject\",\"inLanguage\":\"de\",\"@id\":\"https:\/\/now-news.de\/de\/deutschland\/vor-wahlen-sechs-tote-afd-kandidaten-in-zwei-wochen-statistisch-fast-unmoeglich\/#primaryimage\",\"url\":\"https:\/\/now-news.de\/de\/wp-content\/uploads\/sites\/3\/2025\/09\/Vor-Wahlen-Sechs-tote-AfD-Kandidaten-in-zwei-Wochen-\u2013-statistisch.png\",\"contentUrl\":\"https:\/\/now-news.de\/de\/wp-content\/uploads\/sites\/3\/2025\/09\/Vor-Wahlen-Sechs-tote-AfD-Kandidaten-in-zwei-Wochen-\u2013-statistisch.png\",\"width\":460,\"height\":259,\"caption\":\"Vor Wahlen: Sechs tote AfD-Kandidaten in zwei Wochen \u2013 statistisch fast unm\u00f6glich!\"},{\"@type\":\"BreadcrumbList\",\"@id\":\"https:\/\/now-news.de\/de\/deutschland\/vor-wahlen-sechs-tote-afd-kandidaten-in-zwei-wochen-statistisch-fast-unmoeglich\/#breadcrumb\",\"itemListElement\":[{\"@type\":\"ListItem\",\"position\":1,\"name\":\"Home\",\"item\":\"https:\/\/now-news.de\/de\/\"},{\"@type\":\"ListItem\",\"position\":2,\"name\":\"Vor Wahlen: Sechs tote AfD-Kandidaten in zwei Wochen \u2013 statistisch fast unm\u00f6glich!\"}]},{\"@type\":\"WebSite\",\"@id\":\"https:\/\/now-news.de\/de\/#website\",\"url\":\"https:\/\/now-news.de\/de\/\",\"name\":\"just-now.NEWS Deutschland\",\"description\":\"Das Portal f\u00fcr unzensierte Nachrichten aus der Welt\",\"publisher\":{\"@id\":\"https:\/\/now-news.de\/de\/#organization\"},\"potentialAction\":[{\"@type\":\"SearchAction\",\"target\":{\"@type\":\"EntryPoint\",\"urlTemplate\":\"https:\/\/now-news.de\/de\/?s={search_term_string}\"},\"query-input\":\"required name=search_term_string\"}],\"inLanguage\":\"de\"},{\"@type\":\"Organization\",\"@id\":\"https:\/\/now-news.de\/de\/#organization\",\"name\":\"Just Now News\",\"url\":\"https:\/\/now-news.de\/de\/\",\"logo\":{\"@type\":\"ImageObject\",\"inLanguage\":\"de\",\"@id\":\"https:\/\/now-news.de\/de\/#\/schema\/logo\/image\/\",\"url\":\"http:\/\/just-now.news\/de\/wp-content\/uploads\/sites\/3\/2022\/04\/logo500x500.jpg\",\"contentUrl\":\"http:\/\/just-now.news\/de\/wp-content\/uploads\/sites\/3\/2022\/04\/logo500x500.jpg\",\"width\":500,\"height\":500,\"caption\":\"Just Now News\"},\"image\":{\"@id\":\"https:\/\/now-news.de\/de\/#\/schema\/logo\/image\/\"},\"sameAs\":[\"https:\/\/www.facebook.com\/wirmachenauf\",\"https:\/\/x.com\/WirMachenAuf_de\"]},{\"@type\":\"Person\",\"@id\":\"https:\/\/now-news.de\/de\/#\/schema\/person\/fb534a4e865501d8b3285208df34a9b5\",\"name\":\"rtnews\",\"image\":{\"@type\":\"ImageObject\",\"inLanguage\":\"de\",\"@id\":\"https:\/\/now-news.de\/de\/#\/schema\/person\/image\/\",\"url\":\"https:\/\/secure.gravatar.com\/avatar\/82aafea7d8127119dd649515f56e2117?s=96&d=mm&r=g\",\"contentUrl\":\"https:\/\/secure.gravatar.com\/avatar\/82aafea7d8127119dd649515f56e2117?s=96&d=mm&r=g\",\"caption\":\"rtnews\"},\"url\":\"https:\/\/now-news.de\/de\/author\/rnews\/\"}]}<\/script>\n<!-- \/ Yoast SEO Premium plugin. -->","yoast_head_json":{"title":"Vor Wahlen: Sechs tote AfD-Kandidaten in zwei Wochen \u2013 statistisch fast unm\u00f6glich! - just-now.NEWS Deutschland","robots":{"index":"index","follow":"follow","max-snippet":"max-snippet:-1","max-image-preview":"max-image-preview:large","max-video-preview":"max-video-preview:-1"},"canonical":"https:\/\/now-news.de\/de\/deutschland\/vor-wahlen-sechs-tote-afd-kandidaten-in-zwei-wochen-statistisch-fast-unmoeglich\/","og_locale":"de_DE","og_type":"article","og_title":"Vor Wahlen: Sechs tote AfD-Kandidaten in zwei Wochen \u2013 statistisch fast unm\u00f6glich!","og_description":"Sechs AfD-Kandidaten in Nordrhein-Westfalen sind binnen zwei Wochen verstorben, darunter vier Direktkandidaten. Die Vorf\u00e4lle zwingen Wahlleitungen zur Neuausgabe von Stimmzetteln und Briefwahlunterlagen. W\u00e4hrend in sozialen Netzwerken Verschw\u00f6rungsthesen kursieren, sehen Polizei und Landeswahlleitung bislang keine Hinweise auf Fremdeinwirkung. In Nordrhein-Westfalen wird am 14. September auf kommunaler Ebene gew\u00e4hlt. Kurz vor dem Urnengang verzeichnet die AfD eine [&hellip;]","og_url":"https:\/\/now-news.de\/de\/deutschland\/vor-wahlen-sechs-tote-afd-kandidaten-in-zwei-wochen-statistisch-fast-unmoeglich\/","og_site_name":"just-now.NEWS Deutschland","article_publisher":"https:\/\/www.facebook.com\/wirmachenauf","article_published_time":"2025-09-02T09:01:02+00:00","og_image":[{"url":"https:\/\/now-news.de\/de\/wp-content\/uploads\/sites\/3\/2025\/09\/68b6ac7db480cc52ad598b18.png"}],"author":"rtnews","twitter_card":"summary_large_image","twitter_creator":"@WirMachenAuf_de","twitter_site":"@WirMachenAuf_de","twitter_misc":{"Verfasst von":"rtnews","Gesch\u00e4tzte Lesezeit":"2\u00a0Minuten"},"schema":{"@context":"https:\/\/schema.org","@graph":[{"@type":"Article","@id":"https:\/\/now-news.de\/de\/deutschland\/vor-wahlen-sechs-tote-afd-kandidaten-in-zwei-wochen-statistisch-fast-unmoeglich\/#article","isPartOf":{"@id":"https:\/\/now-news.de\/de\/deutschland\/vor-wahlen-sechs-tote-afd-kandidaten-in-zwei-wochen-statistisch-fast-unmoeglich\/"},"author":{"name":"rtnews","@id":"https:\/\/now-news.de\/de\/#\/schema\/person\/fb534a4e865501d8b3285208df34a9b5"},"headline":"Vor Wahlen: Sechs tote AfD-Kandidaten in zwei Wochen \u2013 statistisch fast unm\u00f6glich!","datePublished":"2025-09-02T09:01:02+00:00","dateModified":"2025-09-02T09:01:02+00:00","mainEntityOfPage":{"@id":"https:\/\/now-news.de\/de\/deutschland\/vor-wahlen-sechs-tote-afd-kandidaten-in-zwei-wochen-statistisch-fast-unmoeglich\/"},"wordCount":380,"commentCount":0,"publisher":{"@id":"https:\/\/now-news.de\/de\/#organization"},"image":{"@id":"https:\/\/now-news.de\/de\/deutschland\/vor-wahlen-sechs-tote-afd-kandidaten-in-zwei-wochen-statistisch-fast-unmoeglich\/#primaryimage"},"thumbnailUrl":"https:\/\/now-news.de\/de\/wp-content\/uploads\/sites\/3\/2025\/09\/Vor-Wahlen-Sechs-tote-AfD-Kandidaten-in-zwei-Wochen-\u2013-statistisch.png","keywords":["AfDKandidaten","Fast","sechs","statistisch","Tote","unm\u00f6glich","vor","Wahlen","Wochen","zwei"],"articleSection":["Deutschland","Russland"],"inLanguage":"de","potentialAction":[{"@type":"CommentAction","name":"Comment","target":["https:\/\/now-news.de\/de\/deutschland\/vor-wahlen-sechs-tote-afd-kandidaten-in-zwei-wochen-statistisch-fast-unmoeglich\/#respond"]}]},{"@type":"WebPage","@id":"https:\/\/now-news.de\/de\/deutschland\/vor-wahlen-sechs-tote-afd-kandidaten-in-zwei-wochen-statistisch-fast-unmoeglich\/","url":"https:\/\/now-news.de\/de\/deutschland\/vor-wahlen-sechs-tote-afd-kandidaten-in-zwei-wochen-statistisch-fast-unmoeglich\/","name":"Vor Wahlen: Sechs tote AfD-Kandidaten in zwei Wochen \u2013 statistisch fast unm\u00f6glich! - just-now.NEWS Deutschland","isPartOf":{"@id":"https:\/\/now-news.de\/de\/#website"},"primaryImageOfPage":{"@id":"https:\/\/now-news.de\/de\/deutschland\/vor-wahlen-sechs-tote-afd-kandidaten-in-zwei-wochen-statistisch-fast-unmoeglich\/#primaryimage"},"image":{"@id":"https:\/\/now-news.de\/de\/deutschland\/vor-wahlen-sechs-tote-afd-kandidaten-in-zwei-wochen-statistisch-fast-unmoeglich\/#primaryimage"},"thumbnailUrl":"https:\/\/now-news.de\/de\/wp-content\/uploads\/sites\/3\/2025\/09\/Vor-Wahlen-Sechs-tote-AfD-Kandidaten-in-zwei-Wochen-\u2013-statistisch.png","datePublished":"2025-09-02T09:01:02+00:00","dateModified":"2025-09-02T09:01:02+00:00","breadcrumb":{"@id":"https:\/\/now-news.de\/de\/deutschland\/vor-wahlen-sechs-tote-afd-kandidaten-in-zwei-wochen-statistisch-fast-unmoeglich\/#breadcrumb"},"inLanguage":"de","potentialAction":[{"@type":"ReadAction","target":["https:\/\/now-news.de\/de\/deutschland\/vor-wahlen-sechs-tote-afd-kandidaten-in-zwei-wochen-statistisch-fast-unmoeglich\/"]}]},{"@type":"ImageObject","inLanguage":"de","@id":"https:\/\/now-news.de\/de\/deutschland\/vor-wahlen-sechs-tote-afd-kandidaten-in-zwei-wochen-statistisch-fast-unmoeglich\/#primaryimage","url":"https:\/\/now-news.de\/de\/wp-content\/uploads\/sites\/3\/2025\/09\/Vor-Wahlen-Sechs-tote-AfD-Kandidaten-in-zwei-Wochen-\u2013-statistisch.png","contentUrl":"https:\/\/now-news.de\/de\/wp-content\/uploads\/sites\/3\/2025\/09\/Vor-Wahlen-Sechs-tote-AfD-Kandidaten-in-zwei-Wochen-\u2013-statistisch.png","width":460,"height":259,"caption":"Vor Wahlen: Sechs tote AfD-Kandidaten in zwei Wochen \u2013 statistisch fast unm\u00f6glich!"},{"@type":"BreadcrumbList","@id":"https:\/\/now-news.de\/de\/deutschland\/vor-wahlen-sechs-tote-afd-kandidaten-in-zwei-wochen-statistisch-fast-unmoeglich\/#breadcrumb","itemListElement":[{"@type":"ListItem","position":1,"name":"Home","item":"https:\/\/now-news.de\/de\/"},{"@type":"ListItem","position":2,"name":"Vor Wahlen: Sechs tote AfD-Kandidaten in zwei Wochen \u2013 statistisch fast unm\u00f6glich!"}]},{"@type":"WebSite","@id":"https:\/\/now-news.de\/de\/#website","url":"https:\/\/now-news.de\/de\/","name":"just-now.NEWS Deutschland","description":"Das Portal f\u00fcr unzensierte Nachrichten aus der Welt","publisher":{"@id":"https:\/\/now-news.de\/de\/#organization"},"potentialAction":[{"@type":"SearchAction","target":{"@type":"EntryPoint","urlTemplate":"https:\/\/now-news.de\/de\/?s={search_term_string}"},"query-input":"required name=search_term_string"}],"inLanguage":"de"},{"@type":"Organization","@id":"https:\/\/now-news.de\/de\/#organization","name":"Just Now News","url":"https:\/\/now-news.de\/de\/","logo":{"@type":"ImageObject","inLanguage":"de","@id":"https:\/\/now-news.de\/de\/#\/schema\/logo\/image\/","url":"http:\/\/just-now.news\/de\/wp-content\/uploads\/sites\/3\/2022\/04\/logo500x500.jpg","contentUrl":"http:\/\/just-now.news\/de\/wp-content\/uploads\/sites\/3\/2022\/04\/logo500x500.jpg","width":500,"height":500,"caption":"Just Now News"},"image":{"@id":"https:\/\/now-news.de\/de\/#\/schema\/logo\/image\/"},"sameAs":["https:\/\/www.facebook.com\/wirmachenauf","https:\/\/x.com\/WirMachenAuf_de"]},{"@type":"Person","@id":"https:\/\/now-news.de\/de\/#\/schema\/person\/fb534a4e865501d8b3285208df34a9b5","name":"rtnews","image":{"@type":"ImageObject","inLanguage":"de","@id":"https:\/\/now-news.de\/de\/#\/schema\/person\/image\/","url":"https:\/\/secure.gravatar.com\/avatar\/82aafea7d8127119dd649515f56e2117?s=96&d=mm&r=g","contentUrl":"https:\/\/secure.gravatar.com\/avatar\/82aafea7d8127119dd649515f56e2117?s=96&d=mm&r=g","caption":"rtnews"},"url":"https:\/\/now-news.de\/de\/author\/rnews\/"}]}},"_links":{"self":[{"href":"https:\/\/now-news.de\/de\/wp-json\/wp\/v2\/posts\/89832"}],"collection":[{"href":"https:\/\/now-news.de\/de\/wp-json\/wp\/v2\/posts"}],"about":[{"href":"https:\/\/now-news.de\/de\/wp-json\/wp\/v2\/types\/post"}],"author":[{"embeddable":true,"href":"https:\/\/now-news.de\/de\/wp-json\/wp\/v2\/users\/3"}],"replies":[{"embeddable":true,"href":"https:\/\/now-news.de\/de\/wp-json\/wp\/v2\/comments?post=89832"}],"version-history":[{"count":0,"href":"https:\/\/now-news.de\/de\/wp-json\/wp\/v2\/posts\/89832\/revisions"}],"wp:featuredmedia":[{"embeddable":true,"href":"https:\/\/now-news.de\/de\/wp-json\/wp\/v2\/media\/89833"}],"wp:attachment":[{"href":"https:\/\/now-news.de\/de\/wp-json\/wp\/v2\/media?parent=89832"}],"wp:term":[{"taxonomy":"category","embeddable":true,"href":"https:\/\/now-news.de\/de\/wp-json\/wp\/v2\/categories?post=89832"},{"taxonomy":"post_tag","embeddable":true,"href":"https:\/\/now-news.de\/de\/wp-json\/wp\/v2\/tags?post=89832"}],"curies":[{"name":"wp","href":"https:\/\/api.w.org\/{rel}","templated":true}]}}