{"id":89824,"date":"2025-09-02T09:15:37","date_gmt":"2025-09-02T07:15:37","guid":{"rendered":"https:\/\/now-news.de\/de\/deutschland\/keine-zustaendigkeiten-und-kompetenzen-pistorius-rueffelt-von-der-leyen-zum-thema-ukraine-truppen\/"},"modified":"2025-09-02T09:15:37","modified_gmt":"2025-09-02T07:15:37","slug":"keine-zustaendigkeiten-und-kompetenzen-pistorius-rueffelt-von-der-leyen-zum-thema-ukraine-truppen","status":"publish","type":"post","link":"https:\/\/now-news.de\/de\/deutschland\/keine-zustaendigkeiten-und-kompetenzen-pistorius-rueffelt-von-der-leyen-zum-thema-ukraine-truppen\/","title":{"rendered":"&quot;Keine Zust\u00e4ndigkeiten und Kompetenzen&quot; \u2013 Pistorius r\u00fcffelt von der Leyen zum Thema Ukraine-Truppen"},"content":{"rendered":"<p><img decoding=\"async\" src=\"https:\/\/now-news.de\/de\/wp-content\/uploads\/sites\/3\/2025\/09\/68b68b80b480cc54bc73bda7.JPG\" \/><\/p>\n<div class=\"Text-root Text-type_1 \">\n                EU-Kommissionspr\u00e4sidentin Ursula von der Leyen teilte am Wochenende mit, dass f\u00fchrende EU-Staaten an &#8220;recht pr\u00e4zisen Pl\u00e4nen&#8221; f\u00fcr m\u00f6gliche NATO-Truppen in der Ukraine arbeiten w\u00fcrden. Der deutsche Verteidigungsminister widerspricht, um zu erkl\u00e4ren, dass zum jetzigen Zeitpunkt entsprechende Mitteilungen &#8220;total falsch&#8221; w\u00e4ren.\n            <\/div>\n<p><\/p>\n<div class=\"Text-root Text-type_5 ArticleView-text ViewText-root \">\n<p>Bundesverteidigungsminister Boris Pistorius \u00e4u\u00dferte sein Unverst\u00e4ndnis und seinen \u00c4rger \u00fcber die j\u00fcngsten Aussagen von\u00a0EU-Kommissionspr\u00e4sidentin Ursula von der Leyen zum Thema der\u00a0Entsendung multinationaler Truppen in die Ukraine. Von der Leyen behauptete in einem Interview mit der\u00a0<em>Financial Times<\/em>, dass entsprechende Absprachen in Form &#8220;eines klaren Fahrplans&#8221; und &#8220;eine[r] Vereinbarung im Wei\u00dfen Haus&#8221; seitens der EU vorliegen w\u00fcrden. Pistorius weist nun die Formulierungen von der Leyens scharf zur\u00fcck.\u00a0<\/p>\n<p>Der deutsche Verteidigungsminister nutzte seine Anwesenheit, bei einem\u00a0<a rel=\"nofollow noopener\" target=\"_blank\" href=\"https:\/\/www.bmvg.de\/de\/aktuelles\/verteidigungsminister-besuch-ruestungssektor-5989554\">Pressetermin<\/a>\u00a0beim nordrhein-westf\u00e4lischen Munitionshersteller\u00a0DynITEC, um vor Journalisten seine Irritation zu den j\u00fcngsten Aussagen von\u00a0EU-Kommissionspr\u00e4sidentin Ursula von der Leyen zu Protokoll zu geben. So erkl\u00e4rte der SPD-Politiker in eindeutiger Formulierung:<\/p>\n<p>&#8220;<em>Also abgesehen davon, dass die Europ\u00e4ische Union keinerlei Zust\u00e4ndigkeiten und Kompetenzen hat, was die Stellung von Truppen \u2013 egal f\u00fcr wen und f\u00fcr was hat \u2013 w\u00fcrde ich mich davor h\u00fcten, derartige \u00dcberlegungen in irgendeiner Weise zu best\u00e4tigen oder zu kommentieren.&#8221;<\/em><\/p>\n<p>Von der Leyen hatte im\u00a0<em>FT-<\/em>Interview erkl\u00e4rt, dass es bereits einen &#8220;klaren Fahrplan&#8221; f\u00fcr m\u00f6gliche NATO-Eins\u00e4tze in der Ukraine g\u00e4be, um w\u00f6rtlich auszuf\u00fchren, dass &#8220;die Hauptst\u00e4dte an Pl\u00e4nen f\u00fcr &#8216;eine multinationale Truppenentsendung und die Unterst\u00fctzung durch die Amerikaner&#8217; arbeiten&#8221;, so der Artikel zusammenfassend.<\/p>\n<p>Laut Pistorius w\u00fcrden nat\u00fcrlich regelm\u00e4\u00dfige Gespr\u00e4che der &#8220;Koalition der Willigen&#8221; zu diesem Thema gef\u00fchrt, &#8220;was ginge, was ginge nicht&#8221;, dies jedoch unter Ber\u00fccksichtigung von Vorbehalten und generellen Bedingungen. Weiter hei\u00dft es laut dpa-Zitat:<\/p>\n<p><em>&#8220;Aber das \u00f6ffentlich zu diskutieren, zum jetzigen Zeitpunkt, halte ich f\u00fcr total falsch.&#8221;<\/em><\/p>\n<p>Auf Nachfragen der Journalisten wollte Pistorius nicht weiter eingehen, nannte &#8220;zu laufenden Beratungen \u00fcber Sicherheitsgarantien f\u00fcr die Ukraine&#8221; keine weiteren Details, um kurz und knapp zu kommentieren: &#8220;Man komme voran&#8221;.<\/p>\n<p>Laut\u00a0<em>Zeit-<\/em><a rel=\"nofollow noopener\" target=\"_blank\" href=\"https:\/\/www.zeit.de\/politik\/2025-09\/verteidigungsminister-boris-pistorius-sicherheitsgarantien-ukraine\">Artikel<\/a>\u00a0h\u00e4tte der Minister bei seinem Pressetermin weiter betont, dass zum Thema der Aufr\u00fcstung Deutschlands &#8220;die Produktionskapazit\u00e4ten betr\u00e4chtlich steigen, aber wir sind noch nicht am Limit&#8221;.\u00a0Pistorius\u00a0nannte den besuchten Betrieb, welcher &#8220;Bestandteile von Z\u00fcndern sowie Sprengstoff herstellt, die in Munition und in Lenkk\u00f6rpern verbaut werden&#8221;, als wichtiges Beispiel daf\u00fcr, dass das deutsche Milit\u00e4r &#8220;unabh\u00e4ngiger werden m\u00fcsse, wo immer das geht, durch technologische Entwicklung, aber auch durch Aufwachsen der Industriestandorte und Produktionskapazit\u00e4ten in Deutschland&#8221;.<\/p>\n<p>In der vergangenen Woche war Pistorius mit Vizekanzler Lars Klingbeil und NATO-Generalsekret\u00e4r Mark Rutte gemeinsam\u00a0<a rel=\"nofollow noopener\" target=\"_blank\" href=\"https:\/\/www.cz.de\/lokales\/celle-lk\/suedheide\/unterluess\/rheinmetall-munitionsfabrik-unterluess-pistorius-klingbeil-und-rutte-kommen-zur-einweihung-LAZYF3MATRGM3MYBRFAIFKKDPU.html\">zur Einweihung<\/a>\u00a0der j\u00fcngsten Rheinmetall-Munitionsfabrik in Niedersachsen angereist, um der Zeremonie f\u00fcr den k\u00fcnftig gr\u00f6\u00dften Rheinmetall-Standort bei der Artillerieproduktion in Deutschland beizuwohnen.<\/p>\n<p>Mehr zum Thema &#8211; <a rel=\"nofollow noopener\" target=\"_blank\" href=\"https:\/\/freedert.online\/inland\/254387-ukraine-auf-platz-eins-deutsche\/\">Exporte in die Ukraine auf Platz eins \u2013 Deutsche R\u00fcstungsexporte auf Rekordh\u00f6he<\/a><\/p>\n<div class=\"EmbedBlock-root EmbedBlock-externalVideo EmbedBlock-rumble\">\n<div class=\"VkEmbed\"><iframe class=\"lazyload\" data-src=\"https:\/\/rumble.com\/embed\/v6vzpzu\" frameborder=\"0\" width=\"853\" height=\"480\" allowfullscreen><\/iframe><\/div>\n<\/div>\n<\/div>\n<p><br \/>\n<br \/><a href=\"https:\/\/de.rt.com\/inland\/254872-keine-zustaendigkeiten-und-kompetenzen-pistorius\/\">Source link <\/a><\/p>\n","protected":false},"excerpt":{"rendered":"<p>EU-Kommissionspr\u00e4sidentin Ursula von der Leyen teilte am Wochenende mit, dass f\u00fchrende EU-Staaten an &#8220;recht pr\u00e4zisen Pl\u00e4nen&#8221; f\u00fcr m\u00f6gliche NATO-Truppen in der Ukraine arbeiten w\u00fcrden. Der deutsche Verteidigungsminister widerspricht, um zu erkl\u00e4ren, dass zum jetzigen Zeitpunkt entsprechende Mitteilungen &#8220;total falsch&#8221; w\u00e4ren. Bundesverteidigungsminister Boris Pistorius \u00e4u\u00dferte sein Unverst\u00e4ndnis und seinen \u00c4rger \u00fcber die j\u00fcngsten Aussagen von\u00a0EU-Kommissionspr\u00e4sidentin Ursula [&hellip;]<\/p>\n","protected":false},"author":3,"featured_media":89825,"comment_status":"open","ping_status":"open","sticky":false,"template":"","format":"standard","meta":{"_yoast_indexnow_last_ping":["1756797440"],"wp_automatic_camp":["217"],"b3bfd7a93cd0e46377f9e3e3f0c40783":["&quot;Keine Zust\u00e4ndigkeiten und Kompetenzen&quot; \u2013 Pistorius r\u00fcffelt von der Leyen zum Thema Ukraine-Truppen"],"original_link":["https:\/\/de.rt.com\/inland\/254872-keine-zustaendigkeiten-und-kompetenzen-pistorius\/"],"_thumbnail_id":["89825"],"jnews_social_counter_last_update":["1777335764"],"_wptgpro_p2tg_sent2tg":["a:1:{i:23737;s:19:\"2025-09-02 09:18:22\";}"]},"categories":[19,23],"tags":[82,67426,368,39179,8356,39875,15832,67427,140,50,565,67425],"yoast_head":"<!-- This site is optimized with the Yoast SEO Premium plugin v22.7 (Yoast SEO v22.7) - https:\/\/yoast.com\/wordpress\/plugins\/seo\/ -->\n<title>&quot;Keine Zust\u00e4ndigkeiten und Kompetenzen&quot; \u2013 Pistorius r\u00fcffelt von der Leyen zum Thema Ukraine-Truppen - just-now.NEWS Deutschland<\/title>\n<meta name=\"robots\" content=\"index, follow, max-snippet:-1, max-image-preview:large, max-video-preview:-1\" \/>\n<link rel=\"canonical\" href=\"https:\/\/now-news.de\/de\/deutschland\/keine-zustaendigkeiten-und-kompetenzen-pistorius-rueffelt-von-der-leyen-zum-thema-ukraine-truppen\/\" \/>\n<meta property=\"og:locale\" content=\"de_DE\" \/>\n<meta property=\"og:type\" content=\"article\" \/>\n<meta property=\"og:title\" content=\"&quot;Keine Zust\u00e4ndigkeiten und Kompetenzen&quot; \u2013 Pistorius r\u00fcffelt von der Leyen zum Thema Ukraine-Truppen\" \/>\n<meta property=\"og:description\" content=\"EU-Kommissionspr\u00e4sidentin Ursula von der Leyen teilte am Wochenende mit, dass f\u00fchrende EU-Staaten an &#8220;recht pr\u00e4zisen Pl\u00e4nen&#8221; f\u00fcr m\u00f6gliche NATO-Truppen in der Ukraine arbeiten w\u00fcrden. Der deutsche Verteidigungsminister widerspricht, um zu erkl\u00e4ren, dass zum jetzigen Zeitpunkt entsprechende Mitteilungen &#8220;total falsch&#8221; w\u00e4ren. Bundesverteidigungsminister Boris Pistorius \u00e4u\u00dferte sein Unverst\u00e4ndnis und seinen \u00c4rger \u00fcber die j\u00fcngsten Aussagen von\u00a0EU-Kommissionspr\u00e4sidentin Ursula [&hellip;]\" \/>\n<meta property=\"og:url\" content=\"https:\/\/now-news.de\/de\/deutschland\/keine-zustaendigkeiten-und-kompetenzen-pistorius-rueffelt-von-der-leyen-zum-thema-ukraine-truppen\/\" \/>\n<meta property=\"og:site_name\" content=\"just-now.NEWS Deutschland\" \/>\n<meta property=\"article:publisher\" content=\"https:\/\/www.facebook.com\/wirmachenauf\" \/>\n<meta property=\"article:published_time\" content=\"2025-09-02T07:15:37+00:00\" \/>\n<meta property=\"og:image\" content=\"https:\/\/now-news.de\/de\/wp-content\/uploads\/sites\/3\/2025\/09\/68b68b80b480cc54bc73bda7.JPG\" \/>\n<meta name=\"author\" content=\"rtnews\" \/>\n<meta name=\"twitter:card\" content=\"summary_large_image\" \/>\n<meta name=\"twitter:creator\" content=\"@WirMachenAuf_de\" \/>\n<meta name=\"twitter:site\" content=\"@WirMachenAuf_de\" \/>\n<meta name=\"twitter:label1\" content=\"Verfasst von\" \/>\n\t<meta name=\"twitter:data1\" content=\"rtnews\" \/>\n\t<meta name=\"twitter:label2\" content=\"Gesch\u00e4tzte Lesezeit\" \/>\n\t<meta name=\"twitter:data2\" content=\"3\u00a0Minuten\" \/>\n<script type=\"application\/ld+json\" class=\"yoast-schema-graph\">{\"@context\":\"https:\/\/schema.org\",\"@graph\":[{\"@type\":\"Article\",\"@id\":\"https:\/\/now-news.de\/de\/deutschland\/keine-zustaendigkeiten-und-kompetenzen-pistorius-rueffelt-von-der-leyen-zum-thema-ukraine-truppen\/#article\",\"isPartOf\":{\"@id\":\"https:\/\/now-news.de\/de\/deutschland\/keine-zustaendigkeiten-und-kompetenzen-pistorius-rueffelt-von-der-leyen-zum-thema-ukraine-truppen\/\"},\"author\":{\"name\":\"rtnews\",\"@id\":\"https:\/\/now-news.de\/de\/#\/schema\/person\/fb534a4e865501d8b3285208df34a9b5\"},\"headline\":\"&quot;Keine Zust\u00e4ndigkeiten und Kompetenzen&quot; \u2013 Pistorius r\u00fcffelt von der Leyen zum Thema Ukraine-Truppen\",\"datePublished\":\"2025-09-02T07:15:37+00:00\",\"dateModified\":\"2025-09-02T07:15:37+00:00\",\"mainEntityOfPage\":{\"@id\":\"https:\/\/now-news.de\/de\/deutschland\/keine-zustaendigkeiten-und-kompetenzen-pistorius-rueffelt-von-der-leyen-zum-thema-ukraine-truppen\/\"},\"wordCount\":518,\"commentCount\":0,\"publisher\":{\"@id\":\"https:\/\/now-news.de\/de\/#organization\"},\"image\":{\"@id\":\"https:\/\/now-news.de\/de\/deutschland\/keine-zustaendigkeiten-und-kompetenzen-pistorius-rueffelt-von-der-leyen-zum-thema-ukraine-truppen\/#primaryimage\"},\"thumbnailUrl\":\"https:\/\/now-news.de\/de\/wp-content\/uploads\/sites\/3\/2025\/09\/quotKeine-Zustaendigkeiten-und-Kompetenzenquot-\u2013-Pistorius-rueffelt-von-der-Leyen.JPG\",\"keywords\":[\"der\",\"Kompetenzenquot\",\"Leyen\",\"Pistorius\",\"quotkeine\",\"r\u00fcffelt\",\"Thema\",\"UkraineTruppen\",\"und\",\"von\",\"zum\",\"Zust\u00e4ndigkeiten\"],\"articleSection\":[\"Deutschland\",\"Russland\"],\"inLanguage\":\"de\",\"potentialAction\":[{\"@type\":\"CommentAction\",\"name\":\"Comment\",\"target\":[\"https:\/\/now-news.de\/de\/deutschland\/keine-zustaendigkeiten-und-kompetenzen-pistorius-rueffelt-von-der-leyen-zum-thema-ukraine-truppen\/#respond\"]}]},{\"@type\":\"WebPage\",\"@id\":\"https:\/\/now-news.de\/de\/deutschland\/keine-zustaendigkeiten-und-kompetenzen-pistorius-rueffelt-von-der-leyen-zum-thema-ukraine-truppen\/\",\"url\":\"https:\/\/now-news.de\/de\/deutschland\/keine-zustaendigkeiten-und-kompetenzen-pistorius-rueffelt-von-der-leyen-zum-thema-ukraine-truppen\/\",\"name\":\"&quot;Keine Zust\u00e4ndigkeiten und Kompetenzen&quot; \u2013 Pistorius r\u00fcffelt von der Leyen zum Thema Ukraine-Truppen - just-now.NEWS Deutschland\",\"isPartOf\":{\"@id\":\"https:\/\/now-news.de\/de\/#website\"},\"primaryImageOfPage\":{\"@id\":\"https:\/\/now-news.de\/de\/deutschland\/keine-zustaendigkeiten-und-kompetenzen-pistorius-rueffelt-von-der-leyen-zum-thema-ukraine-truppen\/#primaryimage\"},\"image\":{\"@id\":\"https:\/\/now-news.de\/de\/deutschland\/keine-zustaendigkeiten-und-kompetenzen-pistorius-rueffelt-von-der-leyen-zum-thema-ukraine-truppen\/#primaryimage\"},\"thumbnailUrl\":\"https:\/\/now-news.de\/de\/wp-content\/uploads\/sites\/3\/2025\/09\/quotKeine-Zustaendigkeiten-und-Kompetenzenquot-\u2013-Pistorius-rueffelt-von-der-Leyen.JPG\",\"datePublished\":\"2025-09-02T07:15:37+00:00\",\"dateModified\":\"2025-09-02T07:15:37+00:00\",\"breadcrumb\":{\"@id\":\"https:\/\/now-news.de\/de\/deutschland\/keine-zustaendigkeiten-und-kompetenzen-pistorius-rueffelt-von-der-leyen-zum-thema-ukraine-truppen\/#breadcrumb\"},\"inLanguage\":\"de\",\"potentialAction\":[{\"@type\":\"ReadAction\",\"target\":[\"https:\/\/now-news.de\/de\/deutschland\/keine-zustaendigkeiten-und-kompetenzen-pistorius-rueffelt-von-der-leyen-zum-thema-ukraine-truppen\/\"]}]},{\"@type\":\"ImageObject\",\"inLanguage\":\"de\",\"@id\":\"https:\/\/now-news.de\/de\/deutschland\/keine-zustaendigkeiten-und-kompetenzen-pistorius-rueffelt-von-der-leyen-zum-thema-ukraine-truppen\/#primaryimage\",\"url\":\"https:\/\/now-news.de\/de\/wp-content\/uploads\/sites\/3\/2025\/09\/quotKeine-Zustaendigkeiten-und-Kompetenzenquot-\u2013-Pistorius-rueffelt-von-der-Leyen.JPG\",\"contentUrl\":\"https:\/\/now-news.de\/de\/wp-content\/uploads\/sites\/3\/2025\/09\/quotKeine-Zustaendigkeiten-und-Kompetenzenquot-\u2013-Pistorius-rueffelt-von-der-Leyen.JPG\",\"width\":460,\"height\":259,\"caption\":\"&quot;Keine Zust\u00e4ndigkeiten und Kompetenzen&quot; \u2013 Pistorius r\u00fcffelt von der Leyen zum Thema Ukraine-Truppen\"},{\"@type\":\"BreadcrumbList\",\"@id\":\"https:\/\/now-news.de\/de\/deutschland\/keine-zustaendigkeiten-und-kompetenzen-pistorius-rueffelt-von-der-leyen-zum-thema-ukraine-truppen\/#breadcrumb\",\"itemListElement\":[{\"@type\":\"ListItem\",\"position\":1,\"name\":\"Home\",\"item\":\"https:\/\/now-news.de\/de\/\"},{\"@type\":\"ListItem\",\"position\":2,\"name\":\"&quot;Keine Zust\u00e4ndigkeiten und Kompetenzen&quot; \u2013 Pistorius r\u00fcffelt von der Leyen zum Thema Ukraine-Truppen\"}]},{\"@type\":\"WebSite\",\"@id\":\"https:\/\/now-news.de\/de\/#website\",\"url\":\"https:\/\/now-news.de\/de\/\",\"name\":\"just-now.NEWS Deutschland\",\"description\":\"Das Portal f\u00fcr unzensierte Nachrichten aus der Welt\",\"publisher\":{\"@id\":\"https:\/\/now-news.de\/de\/#organization\"},\"potentialAction\":[{\"@type\":\"SearchAction\",\"target\":{\"@type\":\"EntryPoint\",\"urlTemplate\":\"https:\/\/now-news.de\/de\/?s={search_term_string}\"},\"query-input\":\"required name=search_term_string\"}],\"inLanguage\":\"de\"},{\"@type\":\"Organization\",\"@id\":\"https:\/\/now-news.de\/de\/#organization\",\"name\":\"Just Now News\",\"url\":\"https:\/\/now-news.de\/de\/\",\"logo\":{\"@type\":\"ImageObject\",\"inLanguage\":\"de\",\"@id\":\"https:\/\/now-news.de\/de\/#\/schema\/logo\/image\/\",\"url\":\"http:\/\/just-now.news\/de\/wp-content\/uploads\/sites\/3\/2022\/04\/logo500x500.jpg\",\"contentUrl\":\"http:\/\/just-now.news\/de\/wp-content\/uploads\/sites\/3\/2022\/04\/logo500x500.jpg\",\"width\":500,\"height\":500,\"caption\":\"Just Now News\"},\"image\":{\"@id\":\"https:\/\/now-news.de\/de\/#\/schema\/logo\/image\/\"},\"sameAs\":[\"https:\/\/www.facebook.com\/wirmachenauf\",\"https:\/\/x.com\/WirMachenAuf_de\"]},{\"@type\":\"Person\",\"@id\":\"https:\/\/now-news.de\/de\/#\/schema\/person\/fb534a4e865501d8b3285208df34a9b5\",\"name\":\"rtnews\",\"image\":{\"@type\":\"ImageObject\",\"inLanguage\":\"de\",\"@id\":\"https:\/\/now-news.de\/de\/#\/schema\/person\/image\/\",\"url\":\"https:\/\/secure.gravatar.com\/avatar\/82aafea7d8127119dd649515f56e2117?s=96&d=mm&r=g\",\"contentUrl\":\"https:\/\/secure.gravatar.com\/avatar\/82aafea7d8127119dd649515f56e2117?s=96&d=mm&r=g\",\"caption\":\"rtnews\"},\"url\":\"https:\/\/now-news.de\/de\/author\/rnews\/\"}]}<\/script>\n<!-- \/ Yoast SEO Premium plugin. -->","yoast_head_json":{"title":"&quot;Keine Zust\u00e4ndigkeiten und Kompetenzen&quot; \u2013 Pistorius r\u00fcffelt von der Leyen zum Thema Ukraine-Truppen - just-now.NEWS Deutschland","robots":{"index":"index","follow":"follow","max-snippet":"max-snippet:-1","max-image-preview":"max-image-preview:large","max-video-preview":"max-video-preview:-1"},"canonical":"https:\/\/now-news.de\/de\/deutschland\/keine-zustaendigkeiten-und-kompetenzen-pistorius-rueffelt-von-der-leyen-zum-thema-ukraine-truppen\/","og_locale":"de_DE","og_type":"article","og_title":"&quot;Keine Zust\u00e4ndigkeiten und Kompetenzen&quot; \u2013 Pistorius r\u00fcffelt von der Leyen zum Thema Ukraine-Truppen","og_description":"EU-Kommissionspr\u00e4sidentin Ursula von der Leyen teilte am Wochenende mit, dass f\u00fchrende EU-Staaten an &#8220;recht pr\u00e4zisen Pl\u00e4nen&#8221; f\u00fcr m\u00f6gliche NATO-Truppen in der Ukraine arbeiten w\u00fcrden. Der deutsche Verteidigungsminister widerspricht, um zu erkl\u00e4ren, dass zum jetzigen Zeitpunkt entsprechende Mitteilungen &#8220;total falsch&#8221; w\u00e4ren. Bundesverteidigungsminister Boris Pistorius \u00e4u\u00dferte sein Unverst\u00e4ndnis und seinen \u00c4rger \u00fcber die j\u00fcngsten Aussagen von\u00a0EU-Kommissionspr\u00e4sidentin Ursula [&hellip;]","og_url":"https:\/\/now-news.de\/de\/deutschland\/keine-zustaendigkeiten-und-kompetenzen-pistorius-rueffelt-von-der-leyen-zum-thema-ukraine-truppen\/","og_site_name":"just-now.NEWS Deutschland","article_publisher":"https:\/\/www.facebook.com\/wirmachenauf","article_published_time":"2025-09-02T07:15:37+00:00","og_image":[{"url":"https:\/\/now-news.de\/de\/wp-content\/uploads\/sites\/3\/2025\/09\/68b68b80b480cc54bc73bda7.JPG"}],"author":"rtnews","twitter_card":"summary_large_image","twitter_creator":"@WirMachenAuf_de","twitter_site":"@WirMachenAuf_de","twitter_misc":{"Verfasst von":"rtnews","Gesch\u00e4tzte Lesezeit":"3\u00a0Minuten"},"schema":{"@context":"https:\/\/schema.org","@graph":[{"@type":"Article","@id":"https:\/\/now-news.de\/de\/deutschland\/keine-zustaendigkeiten-und-kompetenzen-pistorius-rueffelt-von-der-leyen-zum-thema-ukraine-truppen\/#article","isPartOf":{"@id":"https:\/\/now-news.de\/de\/deutschland\/keine-zustaendigkeiten-und-kompetenzen-pistorius-rueffelt-von-der-leyen-zum-thema-ukraine-truppen\/"},"author":{"name":"rtnews","@id":"https:\/\/now-news.de\/de\/#\/schema\/person\/fb534a4e865501d8b3285208df34a9b5"},"headline":"&quot;Keine Zust\u00e4ndigkeiten und Kompetenzen&quot; \u2013 Pistorius r\u00fcffelt von der Leyen zum Thema Ukraine-Truppen","datePublished":"2025-09-02T07:15:37+00:00","dateModified":"2025-09-02T07:15:37+00:00","mainEntityOfPage":{"@id":"https:\/\/now-news.de\/de\/deutschland\/keine-zustaendigkeiten-und-kompetenzen-pistorius-rueffelt-von-der-leyen-zum-thema-ukraine-truppen\/"},"wordCount":518,"commentCount":0,"publisher":{"@id":"https:\/\/now-news.de\/de\/#organization"},"image":{"@id":"https:\/\/now-news.de\/de\/deutschland\/keine-zustaendigkeiten-und-kompetenzen-pistorius-rueffelt-von-der-leyen-zum-thema-ukraine-truppen\/#primaryimage"},"thumbnailUrl":"https:\/\/now-news.de\/de\/wp-content\/uploads\/sites\/3\/2025\/09\/quotKeine-Zustaendigkeiten-und-Kompetenzenquot-\u2013-Pistorius-rueffelt-von-der-Leyen.JPG","keywords":["der","Kompetenzenquot","Leyen","Pistorius","quotkeine","r\u00fcffelt","Thema","UkraineTruppen","und","von","zum","Zust\u00e4ndigkeiten"],"articleSection":["Deutschland","Russland"],"inLanguage":"de","potentialAction":[{"@type":"CommentAction","name":"Comment","target":["https:\/\/now-news.de\/de\/deutschland\/keine-zustaendigkeiten-und-kompetenzen-pistorius-rueffelt-von-der-leyen-zum-thema-ukraine-truppen\/#respond"]}]},{"@type":"WebPage","@id":"https:\/\/now-news.de\/de\/deutschland\/keine-zustaendigkeiten-und-kompetenzen-pistorius-rueffelt-von-der-leyen-zum-thema-ukraine-truppen\/","url":"https:\/\/now-news.de\/de\/deutschland\/keine-zustaendigkeiten-und-kompetenzen-pistorius-rueffelt-von-der-leyen-zum-thema-ukraine-truppen\/","name":"&quot;Keine Zust\u00e4ndigkeiten und Kompetenzen&quot; \u2013 Pistorius r\u00fcffelt von der Leyen zum Thema Ukraine-Truppen - just-now.NEWS Deutschland","isPartOf":{"@id":"https:\/\/now-news.de\/de\/#website"},"primaryImageOfPage":{"@id":"https:\/\/now-news.de\/de\/deutschland\/keine-zustaendigkeiten-und-kompetenzen-pistorius-rueffelt-von-der-leyen-zum-thema-ukraine-truppen\/#primaryimage"},"image":{"@id":"https:\/\/now-news.de\/de\/deutschland\/keine-zustaendigkeiten-und-kompetenzen-pistorius-rueffelt-von-der-leyen-zum-thema-ukraine-truppen\/#primaryimage"},"thumbnailUrl":"https:\/\/now-news.de\/de\/wp-content\/uploads\/sites\/3\/2025\/09\/quotKeine-Zustaendigkeiten-und-Kompetenzenquot-\u2013-Pistorius-rueffelt-von-der-Leyen.JPG","datePublished":"2025-09-02T07:15:37+00:00","dateModified":"2025-09-02T07:15:37+00:00","breadcrumb":{"@id":"https:\/\/now-news.de\/de\/deutschland\/keine-zustaendigkeiten-und-kompetenzen-pistorius-rueffelt-von-der-leyen-zum-thema-ukraine-truppen\/#breadcrumb"},"inLanguage":"de","potentialAction":[{"@type":"ReadAction","target":["https:\/\/now-news.de\/de\/deutschland\/keine-zustaendigkeiten-und-kompetenzen-pistorius-rueffelt-von-der-leyen-zum-thema-ukraine-truppen\/"]}]},{"@type":"ImageObject","inLanguage":"de","@id":"https:\/\/now-news.de\/de\/deutschland\/keine-zustaendigkeiten-und-kompetenzen-pistorius-rueffelt-von-der-leyen-zum-thema-ukraine-truppen\/#primaryimage","url":"https:\/\/now-news.de\/de\/wp-content\/uploads\/sites\/3\/2025\/09\/quotKeine-Zustaendigkeiten-und-Kompetenzenquot-\u2013-Pistorius-rueffelt-von-der-Leyen.JPG","contentUrl":"https:\/\/now-news.de\/de\/wp-content\/uploads\/sites\/3\/2025\/09\/quotKeine-Zustaendigkeiten-und-Kompetenzenquot-\u2013-Pistorius-rueffelt-von-der-Leyen.JPG","width":460,"height":259,"caption":"&quot;Keine Zust\u00e4ndigkeiten und Kompetenzen&quot; \u2013 Pistorius r\u00fcffelt von der Leyen zum Thema Ukraine-Truppen"},{"@type":"BreadcrumbList","@id":"https:\/\/now-news.de\/de\/deutschland\/keine-zustaendigkeiten-und-kompetenzen-pistorius-rueffelt-von-der-leyen-zum-thema-ukraine-truppen\/#breadcrumb","itemListElement":[{"@type":"ListItem","position":1,"name":"Home","item":"https:\/\/now-news.de\/de\/"},{"@type":"ListItem","position":2,"name":"&quot;Keine Zust\u00e4ndigkeiten und Kompetenzen&quot; \u2013 Pistorius r\u00fcffelt von der Leyen zum Thema Ukraine-Truppen"}]},{"@type":"WebSite","@id":"https:\/\/now-news.de\/de\/#website","url":"https:\/\/now-news.de\/de\/","name":"just-now.NEWS Deutschland","description":"Das Portal f\u00fcr unzensierte Nachrichten aus der Welt","publisher":{"@id":"https:\/\/now-news.de\/de\/#organization"},"potentialAction":[{"@type":"SearchAction","target":{"@type":"EntryPoint","urlTemplate":"https:\/\/now-news.de\/de\/?s={search_term_string}"},"query-input":"required name=search_term_string"}],"inLanguage":"de"},{"@type":"Organization","@id":"https:\/\/now-news.de\/de\/#organization","name":"Just Now News","url":"https:\/\/now-news.de\/de\/","logo":{"@type":"ImageObject","inLanguage":"de","@id":"https:\/\/now-news.de\/de\/#\/schema\/logo\/image\/","url":"http:\/\/just-now.news\/de\/wp-content\/uploads\/sites\/3\/2022\/04\/logo500x500.jpg","contentUrl":"http:\/\/just-now.news\/de\/wp-content\/uploads\/sites\/3\/2022\/04\/logo500x500.jpg","width":500,"height":500,"caption":"Just Now News"},"image":{"@id":"https:\/\/now-news.de\/de\/#\/schema\/logo\/image\/"},"sameAs":["https:\/\/www.facebook.com\/wirmachenauf","https:\/\/x.com\/WirMachenAuf_de"]},{"@type":"Person","@id":"https:\/\/now-news.de\/de\/#\/schema\/person\/fb534a4e865501d8b3285208df34a9b5","name":"rtnews","image":{"@type":"ImageObject","inLanguage":"de","@id":"https:\/\/now-news.de\/de\/#\/schema\/person\/image\/","url":"https:\/\/secure.gravatar.com\/avatar\/82aafea7d8127119dd649515f56e2117?s=96&d=mm&r=g","contentUrl":"https:\/\/secure.gravatar.com\/avatar\/82aafea7d8127119dd649515f56e2117?s=96&d=mm&r=g","caption":"rtnews"},"url":"https:\/\/now-news.de\/de\/author\/rnews\/"}]}},"_links":{"self":[{"href":"https:\/\/now-news.de\/de\/wp-json\/wp\/v2\/posts\/89824"}],"collection":[{"href":"https:\/\/now-news.de\/de\/wp-json\/wp\/v2\/posts"}],"about":[{"href":"https:\/\/now-news.de\/de\/wp-json\/wp\/v2\/types\/post"}],"author":[{"embeddable":true,"href":"https:\/\/now-news.de\/de\/wp-json\/wp\/v2\/users\/3"}],"replies":[{"embeddable":true,"href":"https:\/\/now-news.de\/de\/wp-json\/wp\/v2\/comments?post=89824"}],"version-history":[{"count":0,"href":"https:\/\/now-news.de\/de\/wp-json\/wp\/v2\/posts\/89824\/revisions"}],"wp:featuredmedia":[{"embeddable":true,"href":"https:\/\/now-news.de\/de\/wp-json\/wp\/v2\/media\/89825"}],"wp:attachment":[{"href":"https:\/\/now-news.de\/de\/wp-json\/wp\/v2\/media?parent=89824"}],"wp:term":[{"taxonomy":"category","embeddable":true,"href":"https:\/\/now-news.de\/de\/wp-json\/wp\/v2\/categories?post=89824"},{"taxonomy":"post_tag","embeddable":true,"href":"https:\/\/now-news.de\/de\/wp-json\/wp\/v2\/tags?post=89824"}],"curies":[{"name":"wp","href":"https:\/\/api.w.org\/{rel}","templated":true}]}}