{"id":89808,"date":"2025-09-01T21:10:49","date_gmt":"2025-09-01T19:10:49","guid":{"rendered":"https:\/\/now-news.de\/de\/deutschland\/die-schweiz-lebt-bereits-nach-eu-regeln-ein-beitritt-ist-unnoetig\/"},"modified":"2025-09-01T21:10:49","modified_gmt":"2025-09-01T19:10:49","slug":"die-schweiz-lebt-bereits-nach-eu-regeln-ein-beitritt-ist-unnoetig","status":"publish","type":"post","link":"https:\/\/now-news.de\/de\/deutschland\/die-schweiz-lebt-bereits-nach-eu-regeln-ein-beitritt-ist-unnoetig\/","title":{"rendered":"Die Schweiz lebt bereits nach EU-Regeln \u2013 ein Beitritt ist unn\u00f6tig"},"content":{"rendered":"<div class=\"Text-root Text-type_1 \">\n                Die Schweiz ist faktisch in die EU integriert: Binnenmarkt, EU-Recht und EuGH beeinflussen Wirtschaft, Recht und Politik. Ein formaler Beitritt w\u00fcrde kaum Vorteile bringen, daf\u00fcr Souver\u00e4nit\u00e4t kosten. Die Schweiz kann ihre Integration nutzen, ohne Mitglied zu sein, und ihre Selbstbestimmung wahren.\n            <\/div>\n<p><\/p>\n<div class=\"Text-root Text-type_5 ArticleView-text ViewText-root \">\n<p><em>Von Hans-Ueli L\u00e4ppli<\/em><\/p>\n<p data-start=\"117\" data-end=\"808\">Nach Trumps 39-Prozent-Z\u00f6llen flammt die Debatte \u00fcber einen EU-Beitritt der Schweiz erneut auf, befeuert von gr\u00fcnliberalen Kr\u00e4ften und dem radikal linken Fl\u00fcgel der SP.<\/p>\n<p data-start=\"117\" data-end=\"808\">Wer jedoch die Emotionen beiseiteschiebt und die Fakten n\u00fcchtern betrachtet, erkennt schnell: Die Schweiz ist l\u00e4ngst de facto Teil der Europ\u00e4ischen Union, auch ohne formale Mitgliedschaft. Durch die Bilateralen, die Umsetzung von EU-Recht und die weitgehende Orientierung an Br\u00fcsseler Vorgaben ist die Schweiz fest im europ\u00e4ischen Binnenmarkt verankert.<\/p>\n<p data-start=\"117\" data-end=\"808\">Ein offizieller Beitritt w\u00fcrde an dieser Realit\u00e4t wenig \u00e4ndern, daf\u00fcr aber die letzten Reste der politischen und wirtschaftlichen Eigenst\u00e4ndigkeit aufs Spiel setzen.<\/p>\n<h4 data-start=\"858\" data-end=\"887\">Die stille Integration<\/h4>\n<p data-start=\"889\" data-end=\"1415\">Der eigentliche Wendepunkt liegt im Jahr 2000, mit den Bilateralen I. Mit diesen Abkommen gab die Schweiz wesentliche Teile ihrer Souver\u00e4nit\u00e4t auf, \u00f6ffnete Arbeitsmarkt und Wirtschaft und \u00fcbernahm zahlreiche technische Normen.<\/p>\n<p data-start=\"889\" data-end=\"1415\">Seither orientieren sich Unternehmen und Beh\u00f6rden zunehmend an EU-Vorgaben. Medizintechnik, Lebensmittelstandards, Arbeitsrecht und Energiepolitik: In vielen Bereichen bestimmen Br\u00fcsseler Vorschriften den Alltag in der Schweiz, ohne dass die B\u00fcrger offiziell \u00fcber einen Beitritt abgestimmt h\u00e4tten.<\/p>\n<p data-start=\"1417\" data-end=\"1830\">Die Anpassung an EU-Normen erfolgt oft freiwillig, aus Pragmatismus. Unternehmen sichern sich so den Marktzugang und die internationale Zusammenarbeit, w\u00e4hrend Beh\u00f6rden rechtliche Klarheit schaffen.<\/p>\n<p data-start=\"1417\" data-end=\"1830\">Dieses Vorgehen hat die Schweiz tief in das europ\u00e4ische System integriert, unabh\u00e4ngig davon, ob neue Vertr\u00e4ge ratifiziert werden oder nicht. Selbst ein Nein zu einem neuen Rahmenabkommen w\u00fcrde daran wenig \u00e4ndern.<\/p>\n<p data-start=\"134\" data-end=\"704\">\u00d6konomisch betrachtet sind die Vorteile der EU-Vertr\u00e4ge f\u00fcr die Schweiz begrenzt. Die Wirtschaftspolitik wird zentraler und weniger flexibel, Entscheidungen m\u00fcssen zunehmend an EU-Vorgaben ausgerichtet werden. Selbst f\u00fcr viele EU-Mitgliedsstaaten bleibt der Binnenmarkt eine theoretische Konstruktion, gepr\u00e4gt von zahlreichen Ausnahmen und Sonderregelungen.<\/p>\n<figure class=\"RTImage-root\">\n<div class=\"RTImage-image RTImage-original\"><picture class=\"Picture-root Picture-original\"><!--[if IE 9]><video style=\"display: none;\"><![endif]--><source media=\"(-webkit-min-device-pixel-ratio: 2) and (min-resolution: 120dpi)\" data-srcset=\" \nhttps:\/\/now-news.de\/de\/wp-content\/uploads\/sites\/3\/2025\/09\/68b5c685b480cc26e501e37a.jpg 850w,\n                https:\/\/now-news.de\/de\/wp-content\/uploads\/sites\/3\/2025\/09\/68b5c685b480cc26e501e37a.jpg 1960w,            \" ><source data-srcset=\" \nhttps:\/\/now-news.de\/de\/wp-content\/uploads\/sites\/3\/2025\/09\/68b5c685b480cc26e501e37a.jpg 460w,\n              https:\/\/now-news.de\/de\/wp-content\/uploads\/sites\/3\/2025\/09\/68b5c685b480cc26e501e37a.jpg 980w,\n            \" ><!--[if IE 9]><\/video><![endif]--><img decoding=\"async\" data- src=\"data:image\/png;base64,iVBORw0KGgoAAAANSUhEUgAAABAAAAAJCAQAAACRI2S5AAAAEElEQVR42mNkIAAYRxWAAQAG9gAKqv6+AwAAAABJRU5ErkJggg==\" class=\"Picture-root Picture-original lazyload\" data-src=\"https:\/\/now-news.de\/de\/wp-content\/uploads\/sites\/3\/2025\/09\/68b5c685b480cc26e501e37a.jpg\" alt=\"\"><\/source><\/source><\/picture><!-- noscript pattern --><noscript><img decoding=\"async\" src=\"https:\/\/now-news.de\/de\/wp-content\/uploads\/sites\/3\/2025\/09\/68b5c685b480cc26e501e37a.jpg\" alt=\"\"><\/noscript><\/div><figcaption class=\"RTImage-footer\"><span class=\"RTImage-caption\"><span class=\"RTImage-captionItem\">Die stille Macht\u00fcbernahme: EU-Normen in der Schweiz<\/span><\/span><span class=\"RTImage-source\"><span class=\"RTImage-captionItem\">RT<\/span><\/span><\/figcaption><\/figure>\n<p data-start=\"706\" data-end=\"1228\">Zuwanderung ist ein zentraler Treiber dieser Dynamik. Die Personenfreiz\u00fcgigkeit f\u00f6rdert Besch\u00e4ftigung und Wachstum, belastet jedoch insbesondere Staatsapparat, Bildungs- und Gesundheitswesen sowie Pendler und Wohnungssuchende. Mehr Zuwanderung bedeutet nicht automatisch h\u00f6here Produktivit\u00e4t. Gleichzeitig profitieren\u00a0Nutznie\u00dfer wie Universit\u00e4ten oder der Immobilienmarkt erheblich. Der wirtschaftliche Gewinn verteilt sich ungleich und kann daher nicht als pauschale Rechtfertigung f\u00fcr weitergehende Abkommen herhalten.<\/p>\n<p data-start=\"1230\" data-end=\"1256\"><strong>Juristische Unterordnung<\/strong><\/p>\n<p data-start=\"1258\" data-end=\"1615\">Die Integration zeigt sich noch deutlicher auf juristischer Ebene. Der Europ\u00e4ische Gerichtshof (EuGH) entscheidet bereits \u00fcber zentrale Rechtsfragen, die auch die Schweiz betreffen. K\u00fcnftige Schiedsgerichte k\u00f6nnen seine Auslegungen verbindlich \u00fcbernehmen, wodurch die Schweiz faktisch die Kontrolle \u00fcber die Interpretation des \u00fcbernommenen EU-Rechts verliert.<\/p>\n<p data-start=\"1617\" data-end=\"2012\">Die Bindung an die EU hat auch geopolitische Dimensionen. Deutschland zeigt, dass politische Rechte unter Druck geraten k\u00f6nnen, wenn die Union Druck aus\u00fcbt. Gleichzeitig bleibt die EU ein Konfliktakteur, insbesondere\u00a0mit Blick auf die Ukraine. F\u00fcr die Schweiz bedeutet eine st\u00e4rkere Anbindung an Br\u00fcssel, dass sie bei internationalen Spannungen in Rollen gedr\u00e4ngt wird, die sie politisch nicht gew\u00e4hlt hat.<\/p>\n<p data-start=\"2445\" data-end=\"2799\">Mit EU-Vertr\u00e4gen w\u00fcrde die Schweiz zudem ihre Flexibilit\u00e4t verlieren, wie sie im Verh\u00e4ltnis zu den USA mehrfach unter Beweis gestellt hat. Binnenmarkt-Vorschriften binden sie eng an Br\u00fcssel und verhindern eigenst\u00e4ndige politische Reaktionen. Die politische Selbstbestimmung bleibt damit der gr\u00f6\u00dfte Vorteil, den ein formaler EU-Beitritt gef\u00e4hrden w\u00fcrde.<\/p>\n<p data-start=\"2801\" data-end=\"2830\">Die Bilateralen sichern der Schweiz bereits heute den Zugang zum Binnenmarkt, die Kooperation in Forschung und Wissenschaft sowie wirtschaftliche Stabilit\u00e4t. Ein formaler Beitritt w\u00e4re symbolisch und w\u00fcrde kaum wirtschaftlichen Mehrwert bringen. Die Schweiz kann ihre Integration in Europa nutzen, ohne Mitglied zu sein, und dabei die Kontrolle \u00fcber ihre Politik weitgehend behalten.<\/p>\n<p data-start=\"3219\" data-end=\"3483\">Ein Nein zu neuen Vertr\u00e4gen bedeutet keine Abkehr vom bisherigen Kurs, sondern die Best\u00e4tigung einer pragmatischen, souver\u00e4nen Position. Die Schweiz bleibt ein verl\u00e4sslicher Partner f\u00fcr die EU, entscheidet aber weiterhin selbst, wie viel Souver\u00e4nit\u00e4t sie abgibt.<\/p>\n<p data-start=\"3219\" data-end=\"3483\"><strong>Mehr zum Thema\u00a0<\/strong><strong><\/strong>\u2013\u00a0<a rel=\"nofollow noopener\" target=\"_blank\" href=\"https:\/\/freedert.online\/international\/250021-hunger-im-land-superreichen-jeder-sechste-us-buerger-betroffen\/\">Hunger im Land der Superreichen: Jeder sechste US-B\u00fcrger betroffen<\/a><\/p>\n<div class=\"EmbedBlock-root EmbedBlock-externalVideo EmbedBlock-rumble\">\n<div class=\"VkEmbed\"><iframe class=\"lazyload\" data-src=\"https:\/\/rumble.com\/embed\/v5mbbwe\" frameborder=\"0\" width=\"853\" height=\"480\" allowfullscreen><\/iframe><\/div>\n<\/div>\n<\/div>\n<p><br \/>\n<br \/><a href=\"https:\/\/de.rt.com\/meinung\/254853-eu-regeln-bestimmen-schweizer-alltag\/\">Source link <\/a><\/p>\n","protected":false},"excerpt":{"rendered":"<p>Die Schweiz ist faktisch in die EU integriert: Binnenmarkt, EU-Recht und EuGH beeinflussen Wirtschaft, Recht und Politik. Ein formaler Beitritt w\u00fcrde kaum Vorteile bringen, daf\u00fcr Souver\u00e4nit\u00e4t kosten. Die Schweiz kann ihre Integration nutzen, ohne Mitglied zu sein, und ihre Selbstbestimmung wahren. Von Hans-Ueli L\u00e4ppli Nach Trumps 39-Prozent-Z\u00f6llen flammt die Debatte \u00fcber einen EU-Beitritt der Schweiz [&hellip;]<\/p>\n","protected":false},"author":3,"featured_media":89809,"comment_status":"open","ping_status":"open","sticky":false,"template":"","format":"standard","meta":{"_yoast_indexnow_last_ping":["1756754119"],"wp_automatic_camp":["217"],"c3222f3a8b440bc56913dc2742529a2e":["Die Schweiz lebt bereits nach EU-Regeln \u2013 ein Beitritt ist unn\u00f6tig"],"original_link":["https:\/\/de.rt.com\/meinung\/254853-eu-regeln-bestimmen-schweizer-alltag\/"],"_thumbnail_id":["89809"],"jnews_social_counter_last_update":["1777357322"],"_wptgpro_p2tg_sent2tg":["a:1:{i:23737;s:19:\"2025-09-01 21:16:21\";}"]},"categories":[19,23],"tags":[20061,10014,45,357,67415,414,29337,979,4207,6246],"yoast_head":"<!-- This site is optimized with the Yoast SEO Premium plugin v22.7 (Yoast SEO v22.7) - https:\/\/yoast.com\/wordpress\/plugins\/seo\/ -->\n<title>Die Schweiz lebt bereits nach EU-Regeln \u2013 ein Beitritt ist unn\u00f6tig - just-now.NEWS Deutschland<\/title>\n<meta name=\"robots\" content=\"index, follow, max-snippet:-1, max-image-preview:large, max-video-preview:-1\" \/>\n<link rel=\"canonical\" href=\"https:\/\/now-news.de\/de\/deutschland\/die-schweiz-lebt-bereits-nach-eu-regeln-ein-beitritt-ist-unnoetig\/\" \/>\n<meta property=\"og:locale\" content=\"de_DE\" \/>\n<meta property=\"og:type\" content=\"article\" \/>\n<meta property=\"og:title\" content=\"Die Schweiz lebt bereits nach EU-Regeln \u2013 ein Beitritt ist unn\u00f6tig\" \/>\n<meta property=\"og:description\" content=\"Die Schweiz ist faktisch in die EU integriert: Binnenmarkt, EU-Recht und EuGH beeinflussen Wirtschaft, Recht und Politik. Ein formaler Beitritt w\u00fcrde kaum Vorteile bringen, daf\u00fcr Souver\u00e4nit\u00e4t kosten. Die Schweiz kann ihre Integration nutzen, ohne Mitglied zu sein, und ihre Selbstbestimmung wahren. Von Hans-Ueli L\u00e4ppli Nach Trumps 39-Prozent-Z\u00f6llen flammt die Debatte \u00fcber einen EU-Beitritt der Schweiz [&hellip;]\" \/>\n<meta property=\"og:url\" content=\"https:\/\/now-news.de\/de\/deutschland\/die-schweiz-lebt-bereits-nach-eu-regeln-ein-beitritt-ist-unnoetig\/\" \/>\n<meta property=\"og:site_name\" content=\"just-now.NEWS Deutschland\" \/>\n<meta property=\"article:publisher\" content=\"https:\/\/www.facebook.com\/wirmachenauf\" \/>\n<meta property=\"article:published_time\" content=\"2025-09-01T19:10:49+00:00\" \/>\n<meta property=\"og:image\" content=\"https:\/\/now-news.de\/de\/wp-content\/uploads\/sites\/3\/2025\/09\/68b5c685b480cc26e501e37a.jpg\" \/>\n<meta name=\"author\" content=\"rtnews\" \/>\n<meta name=\"twitter:card\" content=\"summary_large_image\" \/>\n<meta name=\"twitter:creator\" content=\"@WirMachenAuf_de\" \/>\n<meta name=\"twitter:site\" content=\"@WirMachenAuf_de\" \/>\n<meta name=\"twitter:label1\" content=\"Verfasst von\" \/>\n\t<meta name=\"twitter:data1\" content=\"rtnews\" \/>\n\t<meta name=\"twitter:label2\" content=\"Gesch\u00e4tzte Lesezeit\" \/>\n\t<meta name=\"twitter:data2\" content=\"3\u00a0Minuten\" \/>\n<script type=\"application\/ld+json\" class=\"yoast-schema-graph\">{\"@context\":\"https:\/\/schema.org\",\"@graph\":[{\"@type\":\"Article\",\"@id\":\"https:\/\/now-news.de\/de\/deutschland\/die-schweiz-lebt-bereits-nach-eu-regeln-ein-beitritt-ist-unnoetig\/#article\",\"isPartOf\":{\"@id\":\"https:\/\/now-news.de\/de\/deutschland\/die-schweiz-lebt-bereits-nach-eu-regeln-ein-beitritt-ist-unnoetig\/\"},\"author\":{\"name\":\"rtnews\",\"@id\":\"https:\/\/now-news.de\/de\/#\/schema\/person\/fb534a4e865501d8b3285208df34a9b5\"},\"headline\":\"Die Schweiz lebt bereits nach EU-Regeln \u2013 ein Beitritt ist unn\u00f6tig\",\"datePublished\":\"2025-09-01T19:10:49+00:00\",\"dateModified\":\"2025-09-01T19:10:49+00:00\",\"mainEntityOfPage\":{\"@id\":\"https:\/\/now-news.de\/de\/deutschland\/die-schweiz-lebt-bereits-nach-eu-regeln-ein-beitritt-ist-unnoetig\/\"},\"wordCount\":705,\"commentCount\":0,\"publisher\":{\"@id\":\"https:\/\/now-news.de\/de\/#organization\"},\"image\":{\"@id\":\"https:\/\/now-news.de\/de\/deutschland\/die-schweiz-lebt-bereits-nach-eu-regeln-ein-beitritt-ist-unnoetig\/#primaryimage\"},\"thumbnailUrl\":\"https:\/\/now-news.de\/de\/wp-content\/uploads\/sites\/3\/2025\/09\/Die-Schweiz-lebt-bereits-nach-EU-Regeln-\u2013-ein-Beitritt-ist.jpg\",\"keywords\":[\"Beitritt\",\"bereits\",\"die\",\"ein\",\"EURegeln\",\"ist\",\"lebt\",\"nach\",\"schweiz\",\"unn\u00f6tig\"],\"articleSection\":[\"Deutschland\",\"Russland\"],\"inLanguage\":\"de\",\"potentialAction\":[{\"@type\":\"CommentAction\",\"name\":\"Comment\",\"target\":[\"https:\/\/now-news.de\/de\/deutschland\/die-schweiz-lebt-bereits-nach-eu-regeln-ein-beitritt-ist-unnoetig\/#respond\"]}]},{\"@type\":\"WebPage\",\"@id\":\"https:\/\/now-news.de\/de\/deutschland\/die-schweiz-lebt-bereits-nach-eu-regeln-ein-beitritt-ist-unnoetig\/\",\"url\":\"https:\/\/now-news.de\/de\/deutschland\/die-schweiz-lebt-bereits-nach-eu-regeln-ein-beitritt-ist-unnoetig\/\",\"name\":\"Die Schweiz lebt bereits nach EU-Regeln \u2013 ein Beitritt ist unn\u00f6tig - just-now.NEWS Deutschland\",\"isPartOf\":{\"@id\":\"https:\/\/now-news.de\/de\/#website\"},\"primaryImageOfPage\":{\"@id\":\"https:\/\/now-news.de\/de\/deutschland\/die-schweiz-lebt-bereits-nach-eu-regeln-ein-beitritt-ist-unnoetig\/#primaryimage\"},\"image\":{\"@id\":\"https:\/\/now-news.de\/de\/deutschland\/die-schweiz-lebt-bereits-nach-eu-regeln-ein-beitritt-ist-unnoetig\/#primaryimage\"},\"thumbnailUrl\":\"https:\/\/now-news.de\/de\/wp-content\/uploads\/sites\/3\/2025\/09\/Die-Schweiz-lebt-bereits-nach-EU-Regeln-\u2013-ein-Beitritt-ist.jpg\",\"datePublished\":\"2025-09-01T19:10:49+00:00\",\"dateModified\":\"2025-09-01T19:10:49+00:00\",\"breadcrumb\":{\"@id\":\"https:\/\/now-news.de\/de\/deutschland\/die-schweiz-lebt-bereits-nach-eu-regeln-ein-beitritt-ist-unnoetig\/#breadcrumb\"},\"inLanguage\":\"de\",\"potentialAction\":[{\"@type\":\"ReadAction\",\"target\":[\"https:\/\/now-news.de\/de\/deutschland\/die-schweiz-lebt-bereits-nach-eu-regeln-ein-beitritt-ist-unnoetig\/\"]}]},{\"@type\":\"ImageObject\",\"inLanguage\":\"de\",\"@id\":\"https:\/\/now-news.de\/de\/deutschland\/die-schweiz-lebt-bereits-nach-eu-regeln-ein-beitritt-ist-unnoetig\/#primaryimage\",\"url\":\"https:\/\/now-news.de\/de\/wp-content\/uploads\/sites\/3\/2025\/09\/Die-Schweiz-lebt-bereits-nach-EU-Regeln-\u2013-ein-Beitritt-ist.jpg\",\"contentUrl\":\"https:\/\/now-news.de\/de\/wp-content\/uploads\/sites\/3\/2025\/09\/Die-Schweiz-lebt-bereits-nach-EU-Regeln-\u2013-ein-Beitritt-ist.jpg\",\"width\":1280,\"height\":960,\"caption\":\"Die Schweiz lebt bereits nach EU-Regeln \u2013 ein Beitritt ist unn\u00f6tig\"},{\"@type\":\"BreadcrumbList\",\"@id\":\"https:\/\/now-news.de\/de\/deutschland\/die-schweiz-lebt-bereits-nach-eu-regeln-ein-beitritt-ist-unnoetig\/#breadcrumb\",\"itemListElement\":[{\"@type\":\"ListItem\",\"position\":1,\"name\":\"Home\",\"item\":\"https:\/\/now-news.de\/de\/\"},{\"@type\":\"ListItem\",\"position\":2,\"name\":\"Die Schweiz lebt bereits nach EU-Regeln \u2013 ein Beitritt ist unn\u00f6tig\"}]},{\"@type\":\"WebSite\",\"@id\":\"https:\/\/now-news.de\/de\/#website\",\"url\":\"https:\/\/now-news.de\/de\/\",\"name\":\"just-now.NEWS Deutschland\",\"description\":\"Das Portal f\u00fcr unzensierte Nachrichten aus der Welt\",\"publisher\":{\"@id\":\"https:\/\/now-news.de\/de\/#organization\"},\"potentialAction\":[{\"@type\":\"SearchAction\",\"target\":{\"@type\":\"EntryPoint\",\"urlTemplate\":\"https:\/\/now-news.de\/de\/?s={search_term_string}\"},\"query-input\":\"required name=search_term_string\"}],\"inLanguage\":\"de\"},{\"@type\":\"Organization\",\"@id\":\"https:\/\/now-news.de\/de\/#organization\",\"name\":\"Just Now News\",\"url\":\"https:\/\/now-news.de\/de\/\",\"logo\":{\"@type\":\"ImageObject\",\"inLanguage\":\"de\",\"@id\":\"https:\/\/now-news.de\/de\/#\/schema\/logo\/image\/\",\"url\":\"http:\/\/just-now.news\/de\/wp-content\/uploads\/sites\/3\/2022\/04\/logo500x500.jpg\",\"contentUrl\":\"http:\/\/just-now.news\/de\/wp-content\/uploads\/sites\/3\/2022\/04\/logo500x500.jpg\",\"width\":500,\"height\":500,\"caption\":\"Just Now News\"},\"image\":{\"@id\":\"https:\/\/now-news.de\/de\/#\/schema\/logo\/image\/\"},\"sameAs\":[\"https:\/\/www.facebook.com\/wirmachenauf\",\"https:\/\/x.com\/WirMachenAuf_de\"]},{\"@type\":\"Person\",\"@id\":\"https:\/\/now-news.de\/de\/#\/schema\/person\/fb534a4e865501d8b3285208df34a9b5\",\"name\":\"rtnews\",\"image\":{\"@type\":\"ImageObject\",\"inLanguage\":\"de\",\"@id\":\"https:\/\/now-news.de\/de\/#\/schema\/person\/image\/\",\"url\":\"https:\/\/secure.gravatar.com\/avatar\/82aafea7d8127119dd649515f56e2117?s=96&d=mm&r=g\",\"contentUrl\":\"https:\/\/secure.gravatar.com\/avatar\/82aafea7d8127119dd649515f56e2117?s=96&d=mm&r=g\",\"caption\":\"rtnews\"},\"url\":\"https:\/\/now-news.de\/de\/author\/rnews\/\"}]}<\/script>\n<!-- \/ Yoast SEO Premium plugin. -->","yoast_head_json":{"title":"Die Schweiz lebt bereits nach EU-Regeln \u2013 ein Beitritt ist unn\u00f6tig - just-now.NEWS Deutschland","robots":{"index":"index","follow":"follow","max-snippet":"max-snippet:-1","max-image-preview":"max-image-preview:large","max-video-preview":"max-video-preview:-1"},"canonical":"https:\/\/now-news.de\/de\/deutschland\/die-schweiz-lebt-bereits-nach-eu-regeln-ein-beitritt-ist-unnoetig\/","og_locale":"de_DE","og_type":"article","og_title":"Die Schweiz lebt bereits nach EU-Regeln \u2013 ein Beitritt ist unn\u00f6tig","og_description":"Die Schweiz ist faktisch in die EU integriert: Binnenmarkt, EU-Recht und EuGH beeinflussen Wirtschaft, Recht und Politik. Ein formaler Beitritt w\u00fcrde kaum Vorteile bringen, daf\u00fcr Souver\u00e4nit\u00e4t kosten. Die Schweiz kann ihre Integration nutzen, ohne Mitglied zu sein, und ihre Selbstbestimmung wahren. Von Hans-Ueli L\u00e4ppli Nach Trumps 39-Prozent-Z\u00f6llen flammt die Debatte \u00fcber einen EU-Beitritt der Schweiz [&hellip;]","og_url":"https:\/\/now-news.de\/de\/deutschland\/die-schweiz-lebt-bereits-nach-eu-regeln-ein-beitritt-ist-unnoetig\/","og_site_name":"just-now.NEWS Deutschland","article_publisher":"https:\/\/www.facebook.com\/wirmachenauf","article_published_time":"2025-09-01T19:10:49+00:00","og_image":[{"url":"https:\/\/now-news.de\/de\/wp-content\/uploads\/sites\/3\/2025\/09\/68b5c685b480cc26e501e37a.jpg"}],"author":"rtnews","twitter_card":"summary_large_image","twitter_creator":"@WirMachenAuf_de","twitter_site":"@WirMachenAuf_de","twitter_misc":{"Verfasst von":"rtnews","Gesch\u00e4tzte Lesezeit":"3\u00a0Minuten"},"schema":{"@context":"https:\/\/schema.org","@graph":[{"@type":"Article","@id":"https:\/\/now-news.de\/de\/deutschland\/die-schweiz-lebt-bereits-nach-eu-regeln-ein-beitritt-ist-unnoetig\/#article","isPartOf":{"@id":"https:\/\/now-news.de\/de\/deutschland\/die-schweiz-lebt-bereits-nach-eu-regeln-ein-beitritt-ist-unnoetig\/"},"author":{"name":"rtnews","@id":"https:\/\/now-news.de\/de\/#\/schema\/person\/fb534a4e865501d8b3285208df34a9b5"},"headline":"Die Schweiz lebt bereits nach EU-Regeln \u2013 ein Beitritt ist unn\u00f6tig","datePublished":"2025-09-01T19:10:49+00:00","dateModified":"2025-09-01T19:10:49+00:00","mainEntityOfPage":{"@id":"https:\/\/now-news.de\/de\/deutschland\/die-schweiz-lebt-bereits-nach-eu-regeln-ein-beitritt-ist-unnoetig\/"},"wordCount":705,"commentCount":0,"publisher":{"@id":"https:\/\/now-news.de\/de\/#organization"},"image":{"@id":"https:\/\/now-news.de\/de\/deutschland\/die-schweiz-lebt-bereits-nach-eu-regeln-ein-beitritt-ist-unnoetig\/#primaryimage"},"thumbnailUrl":"https:\/\/now-news.de\/de\/wp-content\/uploads\/sites\/3\/2025\/09\/Die-Schweiz-lebt-bereits-nach-EU-Regeln-\u2013-ein-Beitritt-ist.jpg","keywords":["Beitritt","bereits","die","ein","EURegeln","ist","lebt","nach","schweiz","unn\u00f6tig"],"articleSection":["Deutschland","Russland"],"inLanguage":"de","potentialAction":[{"@type":"CommentAction","name":"Comment","target":["https:\/\/now-news.de\/de\/deutschland\/die-schweiz-lebt-bereits-nach-eu-regeln-ein-beitritt-ist-unnoetig\/#respond"]}]},{"@type":"WebPage","@id":"https:\/\/now-news.de\/de\/deutschland\/die-schweiz-lebt-bereits-nach-eu-regeln-ein-beitritt-ist-unnoetig\/","url":"https:\/\/now-news.de\/de\/deutschland\/die-schweiz-lebt-bereits-nach-eu-regeln-ein-beitritt-ist-unnoetig\/","name":"Die Schweiz lebt bereits nach EU-Regeln \u2013 ein Beitritt ist unn\u00f6tig - just-now.NEWS Deutschland","isPartOf":{"@id":"https:\/\/now-news.de\/de\/#website"},"primaryImageOfPage":{"@id":"https:\/\/now-news.de\/de\/deutschland\/die-schweiz-lebt-bereits-nach-eu-regeln-ein-beitritt-ist-unnoetig\/#primaryimage"},"image":{"@id":"https:\/\/now-news.de\/de\/deutschland\/die-schweiz-lebt-bereits-nach-eu-regeln-ein-beitritt-ist-unnoetig\/#primaryimage"},"thumbnailUrl":"https:\/\/now-news.de\/de\/wp-content\/uploads\/sites\/3\/2025\/09\/Die-Schweiz-lebt-bereits-nach-EU-Regeln-\u2013-ein-Beitritt-ist.jpg","datePublished":"2025-09-01T19:10:49+00:00","dateModified":"2025-09-01T19:10:49+00:00","breadcrumb":{"@id":"https:\/\/now-news.de\/de\/deutschland\/die-schweiz-lebt-bereits-nach-eu-regeln-ein-beitritt-ist-unnoetig\/#breadcrumb"},"inLanguage":"de","potentialAction":[{"@type":"ReadAction","target":["https:\/\/now-news.de\/de\/deutschland\/die-schweiz-lebt-bereits-nach-eu-regeln-ein-beitritt-ist-unnoetig\/"]}]},{"@type":"ImageObject","inLanguage":"de","@id":"https:\/\/now-news.de\/de\/deutschland\/die-schweiz-lebt-bereits-nach-eu-regeln-ein-beitritt-ist-unnoetig\/#primaryimage","url":"https:\/\/now-news.de\/de\/wp-content\/uploads\/sites\/3\/2025\/09\/Die-Schweiz-lebt-bereits-nach-EU-Regeln-\u2013-ein-Beitritt-ist.jpg","contentUrl":"https:\/\/now-news.de\/de\/wp-content\/uploads\/sites\/3\/2025\/09\/Die-Schweiz-lebt-bereits-nach-EU-Regeln-\u2013-ein-Beitritt-ist.jpg","width":1280,"height":960,"caption":"Die Schweiz lebt bereits nach EU-Regeln \u2013 ein Beitritt ist unn\u00f6tig"},{"@type":"BreadcrumbList","@id":"https:\/\/now-news.de\/de\/deutschland\/die-schweiz-lebt-bereits-nach-eu-regeln-ein-beitritt-ist-unnoetig\/#breadcrumb","itemListElement":[{"@type":"ListItem","position":1,"name":"Home","item":"https:\/\/now-news.de\/de\/"},{"@type":"ListItem","position":2,"name":"Die Schweiz lebt bereits nach EU-Regeln \u2013 ein Beitritt ist unn\u00f6tig"}]},{"@type":"WebSite","@id":"https:\/\/now-news.de\/de\/#website","url":"https:\/\/now-news.de\/de\/","name":"just-now.NEWS Deutschland","description":"Das Portal f\u00fcr unzensierte Nachrichten aus der Welt","publisher":{"@id":"https:\/\/now-news.de\/de\/#organization"},"potentialAction":[{"@type":"SearchAction","target":{"@type":"EntryPoint","urlTemplate":"https:\/\/now-news.de\/de\/?s={search_term_string}"},"query-input":"required name=search_term_string"}],"inLanguage":"de"},{"@type":"Organization","@id":"https:\/\/now-news.de\/de\/#organization","name":"Just Now News","url":"https:\/\/now-news.de\/de\/","logo":{"@type":"ImageObject","inLanguage":"de","@id":"https:\/\/now-news.de\/de\/#\/schema\/logo\/image\/","url":"http:\/\/just-now.news\/de\/wp-content\/uploads\/sites\/3\/2022\/04\/logo500x500.jpg","contentUrl":"http:\/\/just-now.news\/de\/wp-content\/uploads\/sites\/3\/2022\/04\/logo500x500.jpg","width":500,"height":500,"caption":"Just Now News"},"image":{"@id":"https:\/\/now-news.de\/de\/#\/schema\/logo\/image\/"},"sameAs":["https:\/\/www.facebook.com\/wirmachenauf","https:\/\/x.com\/WirMachenAuf_de"]},{"@type":"Person","@id":"https:\/\/now-news.de\/de\/#\/schema\/person\/fb534a4e865501d8b3285208df34a9b5","name":"rtnews","image":{"@type":"ImageObject","inLanguage":"de","@id":"https:\/\/now-news.de\/de\/#\/schema\/person\/image\/","url":"https:\/\/secure.gravatar.com\/avatar\/82aafea7d8127119dd649515f56e2117?s=96&d=mm&r=g","contentUrl":"https:\/\/secure.gravatar.com\/avatar\/82aafea7d8127119dd649515f56e2117?s=96&d=mm&r=g","caption":"rtnews"},"url":"https:\/\/now-news.de\/de\/author\/rnews\/"}]}},"_links":{"self":[{"href":"https:\/\/now-news.de\/de\/wp-json\/wp\/v2\/posts\/89808"}],"collection":[{"href":"https:\/\/now-news.de\/de\/wp-json\/wp\/v2\/posts"}],"about":[{"href":"https:\/\/now-news.de\/de\/wp-json\/wp\/v2\/types\/post"}],"author":[{"embeddable":true,"href":"https:\/\/now-news.de\/de\/wp-json\/wp\/v2\/users\/3"}],"replies":[{"embeddable":true,"href":"https:\/\/now-news.de\/de\/wp-json\/wp\/v2\/comments?post=89808"}],"version-history":[{"count":0,"href":"https:\/\/now-news.de\/de\/wp-json\/wp\/v2\/posts\/89808\/revisions"}],"wp:featuredmedia":[{"embeddable":true,"href":"https:\/\/now-news.de\/de\/wp-json\/wp\/v2\/media\/89809"}],"wp:attachment":[{"href":"https:\/\/now-news.de\/de\/wp-json\/wp\/v2\/media?parent=89808"}],"wp:term":[{"taxonomy":"category","embeddable":true,"href":"https:\/\/now-news.de\/de\/wp-json\/wp\/v2\/categories?post=89808"},{"taxonomy":"post_tag","embeddable":true,"href":"https:\/\/now-news.de\/de\/wp-json\/wp\/v2\/tags?post=89808"}],"curies":[{"name":"wp","href":"https:\/\/api.w.org\/{rel}","templated":true}]}}