{"id":89782,"date":"2025-09-01T14:49:29","date_gmt":"2025-09-01T12:49:29","guid":{"rendered":"https:\/\/now-news.de\/de\/deutschland\/musk-schlaegt-alarm-nur-afd-kann-deutschland-retten\/"},"modified":"2025-09-01T14:49:29","modified_gmt":"2025-09-01T12:49:29","slug":"musk-schlaegt-alarm-nur-afd-kann-deutschland-retten","status":"publish","type":"post","link":"https:\/\/now-news.de\/de\/deutschland\/musk-schlaegt-alarm-nur-afd-kann-deutschland-retten\/","title":{"rendered":"Musk schl\u00e4gt Alarm: &quot;Nur AfD kann Deutschland retten!&quot;"},"content":{"rendered":"<p><img decoding=\"async\" src=\"https:\/\/now-news.de\/de\/wp-content\/uploads\/sites\/3\/2025\/09\/68b58245b480cc7e3c6e0760.png\" \/><\/p>\n<div class=\"Text-root Text-type_1 \">\n                Elon Musk positioniert sich nach dem K\u00f6lner &#8220;Fairness-Abkommen&#8221; erneut pro AfD: &#8220;Nur die AfD kann Deutschland retten!&#8221; Sechs Parteien wollen Migration im Wahlkampf nur positiv thematisieren, die AfD bleibt au\u00dfen vor. Musks fr\u00fche Pro-AfD-Statements und sein Gespr\u00e4ch mit Alice Weidel st\u00e4rken die Partei vor der NRW-Wahl.\n            <\/div>\n<p><\/p>\n<div class=\"Text-root Text-type_5 ArticleView-text ViewText-root \">\n<p data-start=\"230\" data-end=\"934\">Elon Musk tut es erneut. Der Tesla-Chef hat sich politisch in Deutschland exponiert, diesmal mit Blick auf einen beispiellosen Wahlkampf in K\u00f6ln, der weit \u00fcber NRW hinaus Aufmerksamkeit erregt und in den sozialen Medien hitzige Debatten ausl\u00f6st.<\/p>\n<p data-start=\"230\" data-end=\"934\">Sechs Parteien \u2013 CDU, SPD, Gr\u00fcne, FDP, Linke und Volt \u2013 unterzeichneten ein umstrittenes &#8220;<a rel=\"nofollow noopener\" target=\"_blank\" href=\"https:\/\/www.rundertischkoeln.de\/der-koelner-fluechtlingsrat-e-v-verurteilt-die-instrumentalisierung-des-koelner-fairness-abkommens-durch-rechtskonservative-und-rechtsradikale-kreise-auf-das-schaerfste\/\">Fairness-Abkommen<\/a>&#8220;, das negative Aussagen \u00fcber Migranten und\u00a0Fl\u00fcchtlinge im Wahlkampf untersagt.<\/p>\n<p data-start=\"230\" data-end=\"934\">Ein klarer Versuch, kontroverse Themen auszusparen und die \u00f6ffentliche Debatte zu kanalisieren.<\/p>\n<p data-start=\"230\" data-end=\"934\"><strong>Kritiker sehen darin eine klare Einschr\u00e4nkung der Meinungsfreiheit<\/strong><strong><\/strong><\/p>\n<p data-start=\"230\" data-end=\"934\"><a rel=\"nofollow noopener\" target=\"_blank\" href=\"https:\/\/www.rundertischkoeln.de\/das-fairnessabkommen-mit-den-demokratischen-parteien\/\">Die Initiative zielt darauf ab<\/a>, kritische Themen zu vermeiden und die Aufmerksamkeit auf angenehme Aspekte zu lenken.<\/p>\n<p data-start=\"230\" data-end=\"934\">Die AfD wurde von der Vereinbarung bewusst ausgeschlossen. F\u00fcr die Partei bedeutet dies: Sie bleibt die einzige Kraft, die Migration kritisch thematisieren kann, unbequeme Wahrheiten ausspricht und dr\u00e4ngende Themen wie Wirtschaft, Arbeitslosigkeit und gesellschaftliche Spannungen offen benennt.<\/p>\n<p data-start=\"230\" data-end=\"934\">Beobachter und Politologen werten die Selbstzensur der linken Parteien als strategischen Fehler: Das Ausklammern relevanter Themen \u00fcberl\u00e4sst das linke Parteienspektrum automatisch der AfD und schw\u00e4cht den \u00f6ffentlichen Diskurs. Viele sehen darin den Versuch, die tats\u00e4chlichen Probleme zu gl\u00e4tten und weniger sichtbar zu machen.<\/p>\n<p data-start=\"1524\" data-end=\"2016\">Auch innerhalb der unterzeichnenden Parteien zeigen sich Spannungen. Die CDU kritisierte die geplante Schaffung einer Erstaufnahmeeinrichtung mit bis zu 500 Pl\u00e4tzen. Der Fl\u00fcchtlingsrat wertete dies als Versto\u00df gegen das Abkommen, w\u00e4hrend der Runde Tisch das Thema komplett aus dem Wahlkampf heraushalten wollte. K\u00f6lns CDU-Chefin Serap G\u00fcler bezeichnete die Vorw\u00fcrfe als &#8220;\u00fcbergriffig&#8221; und betonte, dass sachliche Kritik an der Einrichtung nicht automatisch Stimmung gegen Migranten erzeuge.<\/p>\n<p data-start=\"2018\" data-end=\"2299\">Die Selbstzensur droht, den Wahlkampf st\u00e4rker zu pr\u00e4gen als Inhalte: Es geht weniger um politische Visionen als vielmehr um die Frage, wer das Abkommen einh\u00e4lt und wer dagegen verst\u00f6\u00dft. Eine Entemotionalisierung des Wahlkampfs scheint in diesem Umfeld fraglich und kaum realistisch.<\/p>\n<div class=\"EmbedBlock-root EmbedBlock-twitter\">\n<div class=\"TwitterEmbed\">\n<blockquote class=\"twitter-tweet lazyload\" data-twitter=\"twitter-tweet\">\n<p lang=\"en\" dir=\"ltr\">Either Germany votes <a rel=\"nofollow noopener\" target=\"_blank\" href=\"https:\/\/twitter.com\/AfD?ref_src=twsrc%5Etfw\">@AfD<\/a> or it is the end of Germany <a rel=\"nofollow noopener\" target=\"_blank\" href=\"https:\/\/t.co\/Ix58V4USrn\">https:\/\/t.co\/Ix58V4USrn<\/a><\/p>\n<p>\u2014 Elon Musk (@elonmusk) <a rel=\"nofollow noopener\" target=\"_blank\" href=\"https:\/\/twitter.com\/elonmusk\/status\/1961947101035675798?ref_src=twsrc%5Etfw\">August 31, 2025<\/a><\/p><\/blockquote>\n<\/div>\n<\/div>\n<p data-start=\"2301\" data-end=\"2728\">Elon Musk reagierte auf diese Entwicklungen auf X und positionierte sich erneut klar zugunsten der AfD:<\/p>\n<blockquote>\n<p data-start=\"2301\" data-end=\"2728\"><em>&#8220;Nur die AfD kann Deutschland retten!&#8221;<\/em><\/p>\n<\/blockquote>\n<p data-start=\"2301\" data-end=\"2728\">Damit unterstrich er seine fr\u00fcheren Pro-AfD-Positionen. Bereits zuvor hatte er Gespr\u00e4che mit AfD-Chefin Alice Weidel gef\u00fchrt und war bei einem Wahlkampfauftakt der Partei aufgetreten. Musks Engagement verst\u00e4rkt die Wahrnehmung der AfD als zentrale Gegenkraft im Migrationsdiskurs.<\/p>\n<p data-start=\"2730\" data-end=\"3127\">NRW wird damit zum Stimmungstest f\u00fcr die Alternative f\u00fcr Deutschland. Besonders im Ruhrgebiet k\u00f6nnten die Effekte sp\u00fcrbar sein: In Gelsenkirchen erreichte die Partei bei der Bundestagswahl im Februar 24,7 Prozent, knapp vor der SPD. Bei den Kommunalwahlen 2020 lag ihr Landesdurchschnitt bei rund f\u00fcnf Prozent. Am 14. September wird sich zeigen, wie stark K\u00f6lner Maulkorb und Musks Intervention die W\u00e4hler mobilisieren.<\/p>\n<p data-start=\"2730\" data-end=\"3127\"><strong>Mehr zum Thema<\/strong>\u00a0&#8211;\u00a0<a rel=\"nofollow noopener\" target=\"_blank\" href=\"https:\/\/freedert.online\/europa\/253265-us-staroekonom-jeffrey-sachs-merz\/\">US-Star\u00f6konom Jeffrey Sachs: &#8220;Merz ist ein Kriegstreiber&#8221;<\/a><\/p>\n<div class=\"EmbedBlock-root EmbedBlock-externalVideo EmbedBlock-rumble\">\n<div class=\"VkEmbed\"><iframe class=\"lazyload\" data-src=\"https:\/\/rumble.com\/embed\/v6w4t94\" frameborder=\"0\" width=\"853\" height=\"480\" allowfullscreen><\/iframe><\/div>\n<\/div>\n<\/div>\n<p><script async src=\"https:\/\/platform.twitter.com\/widgets.js\" charset=\"utf-8\"><\/script><br \/>\n<br \/><br \/>\n<br \/><a href=\"https:\/\/de.rt.com\/inland\/254818-musk-schlaegt-alarm-nur-afd\/\">Source link <\/a><\/p>\n","protected":false},"excerpt":{"rendered":"<p>Elon Musk positioniert sich nach dem K\u00f6lner &#8220;Fairness-Abkommen&#8221; erneut pro AfD: &#8220;Nur die AfD kann Deutschland retten!&#8221; Sechs Parteien wollen Migration im Wahlkampf nur positiv thematisieren, die AfD bleibt au\u00dfen vor. Musks fr\u00fche Pro-AfD-Statements und sein Gespr\u00e4ch mit Alice Weidel st\u00e4rken die Partei vor der NRW-Wahl. Elon Musk tut es erneut. Der Tesla-Chef hat sich [&hellip;]<\/p>\n","protected":false},"author":3,"featured_media":89783,"comment_status":"open","ping_status":"open","sticky":false,"template":"","format":"standard","meta":{"_yoast_indexnow_last_ping":["1756732877"],"wp_automatic_camp":["217"],"c1f3d5dbaa7f9ef795dc6de4eab22f1b":["Musk schl\u00e4gt Alarm: &quot;Nur AfD kann Deutschland retten!&quot;"],"original_link":["https:\/\/de.rt.com\/inland\/254818-musk-schlaegt-alarm-nur-afd\/"],"_thumbnail_id":["89783"],"jnews_social_counter_last_update":["1777191016"],"_wptgpro_p2tg_sent2tg":["a:1:{i:23737;s:19:\"2025-09-01 15:22:26\";}"]},"categories":[19,23],"tags":[3815,1469,179,838,1582,20401,21750,1468],"yoast_head":"<!-- This site is optimized with the Yoast SEO Premium plugin v22.7 (Yoast SEO v22.7) - https:\/\/yoast.com\/wordpress\/plugins\/seo\/ -->\n<title>Musk schl\u00e4gt Alarm: &quot;Nur AfD kann Deutschland retten!&quot; - just-now.NEWS Deutschland<\/title>\n<meta name=\"robots\" content=\"index, follow, max-snippet:-1, max-image-preview:large, max-video-preview:-1\" \/>\n<link rel=\"canonical\" href=\"https:\/\/now-news.de\/de\/deutschland\/musk-schlaegt-alarm-nur-afd-kann-deutschland-retten\/\" \/>\n<meta property=\"og:locale\" content=\"de_DE\" \/>\n<meta property=\"og:type\" content=\"article\" \/>\n<meta property=\"og:title\" content=\"Musk schl\u00e4gt Alarm: &quot;Nur AfD kann Deutschland retten!&quot;\" \/>\n<meta property=\"og:description\" content=\"Elon Musk positioniert sich nach dem K\u00f6lner &#8220;Fairness-Abkommen&#8221; erneut pro AfD: &#8220;Nur die AfD kann Deutschland retten!&#8221; Sechs Parteien wollen Migration im Wahlkampf nur positiv thematisieren, die AfD bleibt au\u00dfen vor. Musks fr\u00fche Pro-AfD-Statements und sein Gespr\u00e4ch mit Alice Weidel st\u00e4rken die Partei vor der NRW-Wahl. Elon Musk tut es erneut. Der Tesla-Chef hat sich [&hellip;]\" \/>\n<meta property=\"og:url\" content=\"https:\/\/now-news.de\/de\/deutschland\/musk-schlaegt-alarm-nur-afd-kann-deutschland-retten\/\" \/>\n<meta property=\"og:site_name\" content=\"just-now.NEWS Deutschland\" \/>\n<meta property=\"article:publisher\" content=\"https:\/\/www.facebook.com\/wirmachenauf\" \/>\n<meta property=\"article:published_time\" content=\"2025-09-01T12:49:29+00:00\" \/>\n<meta property=\"og:image\" content=\"https:\/\/now-news.de\/de\/wp-content\/uploads\/sites\/3\/2025\/09\/68b58245b480cc7e3c6e0760.png\" \/>\n<meta name=\"author\" content=\"rtnews\" \/>\n<meta name=\"twitter:card\" content=\"summary_large_image\" \/>\n<meta name=\"twitter:creator\" content=\"@WirMachenAuf_de\" \/>\n<meta name=\"twitter:site\" content=\"@WirMachenAuf_de\" \/>\n<meta name=\"twitter:label1\" content=\"Verfasst von\" \/>\n\t<meta name=\"twitter:data1\" content=\"rtnews\" \/>\n\t<meta name=\"twitter:label2\" content=\"Gesch\u00e4tzte Lesezeit\" \/>\n\t<meta name=\"twitter:data2\" content=\"3\u00a0Minuten\" \/>\n<script type=\"application\/ld+json\" class=\"yoast-schema-graph\">{\"@context\":\"https:\/\/schema.org\",\"@graph\":[{\"@type\":\"Article\",\"@id\":\"https:\/\/now-news.de\/de\/deutschland\/musk-schlaegt-alarm-nur-afd-kann-deutschland-retten\/#article\",\"isPartOf\":{\"@id\":\"https:\/\/now-news.de\/de\/deutschland\/musk-schlaegt-alarm-nur-afd-kann-deutschland-retten\/\"},\"author\":{\"name\":\"rtnews\",\"@id\":\"https:\/\/now-news.de\/de\/#\/schema\/person\/fb534a4e865501d8b3285208df34a9b5\"},\"headline\":\"Musk schl\u00e4gt Alarm: &quot;Nur AfD kann Deutschland retten!&quot;\",\"datePublished\":\"2025-09-01T12:49:29+00:00\",\"dateModified\":\"2025-09-01T12:49:29+00:00\",\"mainEntityOfPage\":{\"@id\":\"https:\/\/now-news.de\/de\/deutschland\/musk-schlaegt-alarm-nur-afd-kann-deutschland-retten\/\"},\"wordCount\":528,\"commentCount\":0,\"publisher\":{\"@id\":\"https:\/\/now-news.de\/de\/#organization\"},\"image\":{\"@id\":\"https:\/\/now-news.de\/de\/deutschland\/musk-schlaegt-alarm-nur-afd-kann-deutschland-retten\/#primaryimage\"},\"thumbnailUrl\":\"https:\/\/now-news.de\/de\/wp-content\/uploads\/sites\/3\/2025\/09\/Musk-schlaegt-Alarm-quotNur-AfD-kann-Deutschland-rettenquot.png\",\"keywords\":[\"AfD\",\"Alarm\",\"Deutschland\",\"kann\",\"Musk\",\"quotNur\",\"rettenquot\",\"schl\u00e4gt\"],\"articleSection\":[\"Deutschland\",\"Russland\"],\"inLanguage\":\"de\",\"potentialAction\":[{\"@type\":\"CommentAction\",\"name\":\"Comment\",\"target\":[\"https:\/\/now-news.de\/de\/deutschland\/musk-schlaegt-alarm-nur-afd-kann-deutschland-retten\/#respond\"]}]},{\"@type\":\"WebPage\",\"@id\":\"https:\/\/now-news.de\/de\/deutschland\/musk-schlaegt-alarm-nur-afd-kann-deutschland-retten\/\",\"url\":\"https:\/\/now-news.de\/de\/deutschland\/musk-schlaegt-alarm-nur-afd-kann-deutschland-retten\/\",\"name\":\"Musk schl\u00e4gt Alarm: &quot;Nur AfD kann Deutschland retten!&quot; - just-now.NEWS Deutschland\",\"isPartOf\":{\"@id\":\"https:\/\/now-news.de\/de\/#website\"},\"primaryImageOfPage\":{\"@id\":\"https:\/\/now-news.de\/de\/deutschland\/musk-schlaegt-alarm-nur-afd-kann-deutschland-retten\/#primaryimage\"},\"image\":{\"@id\":\"https:\/\/now-news.de\/de\/deutschland\/musk-schlaegt-alarm-nur-afd-kann-deutschland-retten\/#primaryimage\"},\"thumbnailUrl\":\"https:\/\/now-news.de\/de\/wp-content\/uploads\/sites\/3\/2025\/09\/Musk-schlaegt-Alarm-quotNur-AfD-kann-Deutschland-rettenquot.png\",\"datePublished\":\"2025-09-01T12:49:29+00:00\",\"dateModified\":\"2025-09-01T12:49:29+00:00\",\"breadcrumb\":{\"@id\":\"https:\/\/now-news.de\/de\/deutschland\/musk-schlaegt-alarm-nur-afd-kann-deutschland-retten\/#breadcrumb\"},\"inLanguage\":\"de\",\"potentialAction\":[{\"@type\":\"ReadAction\",\"target\":[\"https:\/\/now-news.de\/de\/deutschland\/musk-schlaegt-alarm-nur-afd-kann-deutschland-retten\/\"]}]},{\"@type\":\"ImageObject\",\"inLanguage\":\"de\",\"@id\":\"https:\/\/now-news.de\/de\/deutschland\/musk-schlaegt-alarm-nur-afd-kann-deutschland-retten\/#primaryimage\",\"url\":\"https:\/\/now-news.de\/de\/wp-content\/uploads\/sites\/3\/2025\/09\/Musk-schlaegt-Alarm-quotNur-AfD-kann-Deutschland-rettenquot.png\",\"contentUrl\":\"https:\/\/now-news.de\/de\/wp-content\/uploads\/sites\/3\/2025\/09\/Musk-schlaegt-Alarm-quotNur-AfD-kann-Deutschland-rettenquot.png\",\"width\":460,\"height\":259,\"caption\":\"Musk schl\u00e4gt Alarm: &quot;Nur AfD kann Deutschland retten!&quot;\"},{\"@type\":\"BreadcrumbList\",\"@id\":\"https:\/\/now-news.de\/de\/deutschland\/musk-schlaegt-alarm-nur-afd-kann-deutschland-retten\/#breadcrumb\",\"itemListElement\":[{\"@type\":\"ListItem\",\"position\":1,\"name\":\"Home\",\"item\":\"https:\/\/now-news.de\/de\/\"},{\"@type\":\"ListItem\",\"position\":2,\"name\":\"Musk schl\u00e4gt Alarm: &quot;Nur AfD kann Deutschland retten!&quot;\"}]},{\"@type\":\"WebSite\",\"@id\":\"https:\/\/now-news.de\/de\/#website\",\"url\":\"https:\/\/now-news.de\/de\/\",\"name\":\"just-now.NEWS Deutschland\",\"description\":\"Das Portal f\u00fcr unzensierte Nachrichten aus der Welt\",\"publisher\":{\"@id\":\"https:\/\/now-news.de\/de\/#organization\"},\"potentialAction\":[{\"@type\":\"SearchAction\",\"target\":{\"@type\":\"EntryPoint\",\"urlTemplate\":\"https:\/\/now-news.de\/de\/?s={search_term_string}\"},\"query-input\":\"required name=search_term_string\"}],\"inLanguage\":\"de\"},{\"@type\":\"Organization\",\"@id\":\"https:\/\/now-news.de\/de\/#organization\",\"name\":\"Just Now News\",\"url\":\"https:\/\/now-news.de\/de\/\",\"logo\":{\"@type\":\"ImageObject\",\"inLanguage\":\"de\",\"@id\":\"https:\/\/now-news.de\/de\/#\/schema\/logo\/image\/\",\"url\":\"http:\/\/just-now.news\/de\/wp-content\/uploads\/sites\/3\/2022\/04\/logo500x500.jpg\",\"contentUrl\":\"http:\/\/just-now.news\/de\/wp-content\/uploads\/sites\/3\/2022\/04\/logo500x500.jpg\",\"width\":500,\"height\":500,\"caption\":\"Just Now News\"},\"image\":{\"@id\":\"https:\/\/now-news.de\/de\/#\/schema\/logo\/image\/\"},\"sameAs\":[\"https:\/\/www.facebook.com\/wirmachenauf\",\"https:\/\/x.com\/WirMachenAuf_de\"]},{\"@type\":\"Person\",\"@id\":\"https:\/\/now-news.de\/de\/#\/schema\/person\/fb534a4e865501d8b3285208df34a9b5\",\"name\":\"rtnews\",\"image\":{\"@type\":\"ImageObject\",\"inLanguage\":\"de\",\"@id\":\"https:\/\/now-news.de\/de\/#\/schema\/person\/image\/\",\"url\":\"https:\/\/secure.gravatar.com\/avatar\/82aafea7d8127119dd649515f56e2117?s=96&d=mm&r=g\",\"contentUrl\":\"https:\/\/secure.gravatar.com\/avatar\/82aafea7d8127119dd649515f56e2117?s=96&d=mm&r=g\",\"caption\":\"rtnews\"},\"url\":\"https:\/\/now-news.de\/de\/author\/rnews\/\"}]}<\/script>\n<!-- \/ Yoast SEO Premium plugin. -->","yoast_head_json":{"title":"Musk schl\u00e4gt Alarm: &quot;Nur AfD kann Deutschland retten!&quot; - just-now.NEWS Deutschland","robots":{"index":"index","follow":"follow","max-snippet":"max-snippet:-1","max-image-preview":"max-image-preview:large","max-video-preview":"max-video-preview:-1"},"canonical":"https:\/\/now-news.de\/de\/deutschland\/musk-schlaegt-alarm-nur-afd-kann-deutschland-retten\/","og_locale":"de_DE","og_type":"article","og_title":"Musk schl\u00e4gt Alarm: &quot;Nur AfD kann Deutschland retten!&quot;","og_description":"Elon Musk positioniert sich nach dem K\u00f6lner &#8220;Fairness-Abkommen&#8221; erneut pro AfD: &#8220;Nur die AfD kann Deutschland retten!&#8221; Sechs Parteien wollen Migration im Wahlkampf nur positiv thematisieren, die AfD bleibt au\u00dfen vor. Musks fr\u00fche Pro-AfD-Statements und sein Gespr\u00e4ch mit Alice Weidel st\u00e4rken die Partei vor der NRW-Wahl. Elon Musk tut es erneut. Der Tesla-Chef hat sich [&hellip;]","og_url":"https:\/\/now-news.de\/de\/deutschland\/musk-schlaegt-alarm-nur-afd-kann-deutschland-retten\/","og_site_name":"just-now.NEWS Deutschland","article_publisher":"https:\/\/www.facebook.com\/wirmachenauf","article_published_time":"2025-09-01T12:49:29+00:00","og_image":[{"url":"https:\/\/now-news.de\/de\/wp-content\/uploads\/sites\/3\/2025\/09\/68b58245b480cc7e3c6e0760.png"}],"author":"rtnews","twitter_card":"summary_large_image","twitter_creator":"@WirMachenAuf_de","twitter_site":"@WirMachenAuf_de","twitter_misc":{"Verfasst von":"rtnews","Gesch\u00e4tzte Lesezeit":"3\u00a0Minuten"},"schema":{"@context":"https:\/\/schema.org","@graph":[{"@type":"Article","@id":"https:\/\/now-news.de\/de\/deutschland\/musk-schlaegt-alarm-nur-afd-kann-deutschland-retten\/#article","isPartOf":{"@id":"https:\/\/now-news.de\/de\/deutschland\/musk-schlaegt-alarm-nur-afd-kann-deutschland-retten\/"},"author":{"name":"rtnews","@id":"https:\/\/now-news.de\/de\/#\/schema\/person\/fb534a4e865501d8b3285208df34a9b5"},"headline":"Musk schl\u00e4gt Alarm: &quot;Nur AfD kann Deutschland retten!&quot;","datePublished":"2025-09-01T12:49:29+00:00","dateModified":"2025-09-01T12:49:29+00:00","mainEntityOfPage":{"@id":"https:\/\/now-news.de\/de\/deutschland\/musk-schlaegt-alarm-nur-afd-kann-deutschland-retten\/"},"wordCount":528,"commentCount":0,"publisher":{"@id":"https:\/\/now-news.de\/de\/#organization"},"image":{"@id":"https:\/\/now-news.de\/de\/deutschland\/musk-schlaegt-alarm-nur-afd-kann-deutschland-retten\/#primaryimage"},"thumbnailUrl":"https:\/\/now-news.de\/de\/wp-content\/uploads\/sites\/3\/2025\/09\/Musk-schlaegt-Alarm-quotNur-AfD-kann-Deutschland-rettenquot.png","keywords":["AfD","Alarm","Deutschland","kann","Musk","quotNur","rettenquot","schl\u00e4gt"],"articleSection":["Deutschland","Russland"],"inLanguage":"de","potentialAction":[{"@type":"CommentAction","name":"Comment","target":["https:\/\/now-news.de\/de\/deutschland\/musk-schlaegt-alarm-nur-afd-kann-deutschland-retten\/#respond"]}]},{"@type":"WebPage","@id":"https:\/\/now-news.de\/de\/deutschland\/musk-schlaegt-alarm-nur-afd-kann-deutschland-retten\/","url":"https:\/\/now-news.de\/de\/deutschland\/musk-schlaegt-alarm-nur-afd-kann-deutschland-retten\/","name":"Musk schl\u00e4gt Alarm: &quot;Nur AfD kann Deutschland retten!&quot; - just-now.NEWS Deutschland","isPartOf":{"@id":"https:\/\/now-news.de\/de\/#website"},"primaryImageOfPage":{"@id":"https:\/\/now-news.de\/de\/deutschland\/musk-schlaegt-alarm-nur-afd-kann-deutschland-retten\/#primaryimage"},"image":{"@id":"https:\/\/now-news.de\/de\/deutschland\/musk-schlaegt-alarm-nur-afd-kann-deutschland-retten\/#primaryimage"},"thumbnailUrl":"https:\/\/now-news.de\/de\/wp-content\/uploads\/sites\/3\/2025\/09\/Musk-schlaegt-Alarm-quotNur-AfD-kann-Deutschland-rettenquot.png","datePublished":"2025-09-01T12:49:29+00:00","dateModified":"2025-09-01T12:49:29+00:00","breadcrumb":{"@id":"https:\/\/now-news.de\/de\/deutschland\/musk-schlaegt-alarm-nur-afd-kann-deutschland-retten\/#breadcrumb"},"inLanguage":"de","potentialAction":[{"@type":"ReadAction","target":["https:\/\/now-news.de\/de\/deutschland\/musk-schlaegt-alarm-nur-afd-kann-deutschland-retten\/"]}]},{"@type":"ImageObject","inLanguage":"de","@id":"https:\/\/now-news.de\/de\/deutschland\/musk-schlaegt-alarm-nur-afd-kann-deutschland-retten\/#primaryimage","url":"https:\/\/now-news.de\/de\/wp-content\/uploads\/sites\/3\/2025\/09\/Musk-schlaegt-Alarm-quotNur-AfD-kann-Deutschland-rettenquot.png","contentUrl":"https:\/\/now-news.de\/de\/wp-content\/uploads\/sites\/3\/2025\/09\/Musk-schlaegt-Alarm-quotNur-AfD-kann-Deutschland-rettenquot.png","width":460,"height":259,"caption":"Musk schl\u00e4gt Alarm: &quot;Nur AfD kann Deutschland retten!&quot;"},{"@type":"BreadcrumbList","@id":"https:\/\/now-news.de\/de\/deutschland\/musk-schlaegt-alarm-nur-afd-kann-deutschland-retten\/#breadcrumb","itemListElement":[{"@type":"ListItem","position":1,"name":"Home","item":"https:\/\/now-news.de\/de\/"},{"@type":"ListItem","position":2,"name":"Musk schl\u00e4gt Alarm: &quot;Nur AfD kann Deutschland retten!&quot;"}]},{"@type":"WebSite","@id":"https:\/\/now-news.de\/de\/#website","url":"https:\/\/now-news.de\/de\/","name":"just-now.NEWS Deutschland","description":"Das Portal f\u00fcr unzensierte Nachrichten aus der Welt","publisher":{"@id":"https:\/\/now-news.de\/de\/#organization"},"potentialAction":[{"@type":"SearchAction","target":{"@type":"EntryPoint","urlTemplate":"https:\/\/now-news.de\/de\/?s={search_term_string}"},"query-input":"required name=search_term_string"}],"inLanguage":"de"},{"@type":"Organization","@id":"https:\/\/now-news.de\/de\/#organization","name":"Just Now News","url":"https:\/\/now-news.de\/de\/","logo":{"@type":"ImageObject","inLanguage":"de","@id":"https:\/\/now-news.de\/de\/#\/schema\/logo\/image\/","url":"http:\/\/just-now.news\/de\/wp-content\/uploads\/sites\/3\/2022\/04\/logo500x500.jpg","contentUrl":"http:\/\/just-now.news\/de\/wp-content\/uploads\/sites\/3\/2022\/04\/logo500x500.jpg","width":500,"height":500,"caption":"Just Now News"},"image":{"@id":"https:\/\/now-news.de\/de\/#\/schema\/logo\/image\/"},"sameAs":["https:\/\/www.facebook.com\/wirmachenauf","https:\/\/x.com\/WirMachenAuf_de"]},{"@type":"Person","@id":"https:\/\/now-news.de\/de\/#\/schema\/person\/fb534a4e865501d8b3285208df34a9b5","name":"rtnews","image":{"@type":"ImageObject","inLanguage":"de","@id":"https:\/\/now-news.de\/de\/#\/schema\/person\/image\/","url":"https:\/\/secure.gravatar.com\/avatar\/82aafea7d8127119dd649515f56e2117?s=96&d=mm&r=g","contentUrl":"https:\/\/secure.gravatar.com\/avatar\/82aafea7d8127119dd649515f56e2117?s=96&d=mm&r=g","caption":"rtnews"},"url":"https:\/\/now-news.de\/de\/author\/rnews\/"}]}},"_links":{"self":[{"href":"https:\/\/now-news.de\/de\/wp-json\/wp\/v2\/posts\/89782"}],"collection":[{"href":"https:\/\/now-news.de\/de\/wp-json\/wp\/v2\/posts"}],"about":[{"href":"https:\/\/now-news.de\/de\/wp-json\/wp\/v2\/types\/post"}],"author":[{"embeddable":true,"href":"https:\/\/now-news.de\/de\/wp-json\/wp\/v2\/users\/3"}],"replies":[{"embeddable":true,"href":"https:\/\/now-news.de\/de\/wp-json\/wp\/v2\/comments?post=89782"}],"version-history":[{"count":0,"href":"https:\/\/now-news.de\/de\/wp-json\/wp\/v2\/posts\/89782\/revisions"}],"wp:featuredmedia":[{"embeddable":true,"href":"https:\/\/now-news.de\/de\/wp-json\/wp\/v2\/media\/89783"}],"wp:attachment":[{"href":"https:\/\/now-news.de\/de\/wp-json\/wp\/v2\/media?parent=89782"}],"wp:term":[{"taxonomy":"category","embeddable":true,"href":"https:\/\/now-news.de\/de\/wp-json\/wp\/v2\/categories?post=89782"},{"taxonomy":"post_tag","embeddable":true,"href":"https:\/\/now-news.de\/de\/wp-json\/wp\/v2\/tags?post=89782"}],"curies":[{"name":"wp","href":"https:\/\/api.w.org\/{rel}","templated":true}]}}