{"id":89778,"date":"2025-09-01T14:38:45","date_gmt":"2025-09-01T12:38:45","guid":{"rendered":"https:\/\/now-news.de\/de\/deutschland\/ist-noch-platz-in-der-hauptstadt-berliner-linke-will-gaza-fluechtlinge-aufnehmen\/"},"modified":"2025-09-01T14:38:45","modified_gmt":"2025-09-01T12:38:45","slug":"ist-noch-platz-in-der-hauptstadt-berliner-linke-will-gaza-fluechtlinge-aufnehmen","status":"publish","type":"post","link":"https:\/\/now-news.de\/de\/deutschland\/ist-noch-platz-in-der-hauptstadt-berliner-linke-will-gaza-fluechtlinge-aufnehmen\/","title":{"rendered":"Ist noch Platz in der Hauptstadt? Berliner Linke will Gaza-Fl\u00fcchtlinge aufnehmen"},"content":{"rendered":"<p><img decoding=\"async\" src=\"https:\/\/now-news.de\/de\/wp-content\/uploads\/sites\/3\/2025\/09\/68b5884348fbef6187229faf.jpg\" \/><\/p>\n<div class=\"Text-root Text-type_1 \">\n                Anstatt Fluchtursachen und die dazugeh\u00f6rigen Akteure zu bek\u00e4mpfen, will die Berliner Linke noch mehr Fl\u00fcchtlinge ins Land holen: Der Senat soll sich f\u00fcr die Aufnahme von Pal\u00e4stinensern starkmachen \u2013 als Zeichen an die &#8220;gr\u00f6\u00dfte pal\u00e4stinensische Community Deutschlands&#8221;, wie Berlin Linken-Chefin Kerstin Wolter betont.\n            <\/div>\n<p><\/p>\n<div class=\"Text-root Text-type_5 ArticleView-text ViewText-root \">\n<p>Die Berliner Linke hat ihre Forderung, der Berliner Senat solle sich bei der Bundesregierung daf\u00fcr einsetzen, dass Fl\u00fcchtlinge aus Gaza in der Hauptstadt aufgenommen werden, am Montag erneut bekr\u00e4ftigt. Als ein Anlass wurde diesmal der Weltfriedenstag am 1. September ins Feld gef\u00fchrt. Das <a rel=\"nofollow noopener\" target=\"_blank\" href=\"https:\/\/www.berliner-zeitung.de\/politik-gesellschaft\/berlins-linke-will-zum-weltfriedenstag-gaza-fluechtlinge-li.2352854\">berichtet<\/a> die <em>Berliner Zeitung<\/em>.<\/p>\n<p>Berlins Linke-Chefin Kerstin Wolter spricht in einer Mitteilung von &#8220;unertr\u00e4glichen Bildern&#8221; aus Gaza, wo das Sterben kein Ende finde und Hunderttausende von Hungersnot betroffen seien. Jetzt m\u00fcsse der &#8220;CDU-Senat (\u2026) endlich handeln und ein Landesaufnahmeprogramm auflegen&#8221;.<\/p>\n<p>Ihre Partei streite weiter f\u00fcr eine &#8220;solidarische Willkommenskultur&#8221; und ein friedliches Zusammenleben aller Menschen in Berlin, so Wolter weiter. Weiterhin lehne sich die Linkspartei &#8220;mit aller Kraft gegen die zunehmende Militarisierung der Gesellschaft, die Aufr\u00fcstungsspirale und gegen die Einf\u00fchrung der Wehrpflicht durch die Hintert\u00fcr.&#8221; Die Partei will auch eine &#8220;Friedensklausel&#8221; in die Berliner Verfassung aufnehmen und &#8220;daf\u00fcr sorgen, dass die Stadt keine Vertr\u00e4ge mit R\u00fcstungsunternehmen abschlie\u00dft&#8221;.<\/p>\n<p>Als weitere vermeintliche Rechtfertigung f\u00fcr die Aufnahme weiterer Fl\u00fcchtlinge in die ohnehin bereits aus allen N\u00e4hten platzende Hauptstadt f\u00fchrt Wolter an, dass in Berlin ohnehin bereits die\u00a0 &#8220;gr\u00f6\u00dfte pal\u00e4stinensische Community Deutschlands&#8221; lebe. Demnach sorgten sich viele von ihnen um Verwandte in der Region und sie sollten die M\u00f6glichkeit erhalten, Angeh\u00f6rige bei sich aufnehmen zu k\u00f6nnen. Das sei ein Gebot der Menschlichkeit, betont die 39-J\u00e4hrige.<\/p>\n<p>Bereits im vergangenen Oktober hatte die Abgeordnete die Aufnahme von Menschen aus dem Gazastreifen und aus dem Libanon \u2013 insbesondere der dort lebenden staatenlosen Pal\u00e4stinenser \u2013 in Berlin gefordert. Sie sprach damals sogar von &#8220;der gr\u00f6\u00dften pal\u00e4stinensischen Community Europas&#8221;, die in Berlin lebe, und forderte, entsprechende Aufnahmeprogramme, die bereits f\u00fcr Syrer, Iraker und Afghanen greifen, auch auf Pal\u00e4stinenser auszuweiten.<\/p>\n<p>CDU-Vertreter wie der Innenpolitiker\u00a0<a rel=\"nofollow noopener\" target=\"_blank\" href=\"https:\/\/www.berliner-zeitung.de\/topics\/burkhard-dregger\">Burkard Dregger<\/a>\u00a0kritisierten bereits in einem anderen Kontext die Linke: Diese forderte wiederholt, die Israel-Flagge vom Roten Rathaus zu nehmen. Dies stelle &#8220;gegen\u00fcber pal\u00e4stinensischen Berliner*innen, [\u2026] ein belastendes Symbol der aktuellen Kriegsf\u00fchrung&#8221; dar, wie die Partei in Berlin bereits im Juli ausf\u00fchrte. Dregger meint, die Israel-Flagge vor dem Roten Rathaus sei ein sichtbares Zeichen daf\u00fcr, dass die Solidarit\u00e4t mit Israel ein &#8220;zentrales Fundament der deutschen Demokratie&#8221; sei.<\/p>\n<p><strong>Mehr zum Thema<\/strong> &#8211; <a rel=\"nofollow noopener\" target=\"_blank\" href=\"https:\/\/freedert.online\/inland\/253072-strategie-fuer-queere-sicherheit-berlins\/\">&#8220;Strategie f\u00fcr queere Sicherheit&#8221; \u2013 Berlins Senat finanziert Schutzwohnungen und Unisex-Toiletten<\/a><\/p>\n<\/div>\n<p><br \/>\n<br \/><a href=\"https:\/\/de.rt.com\/inland\/254813-noch-platz-in-hauptstadt-berliner\/\">Source link <\/a><\/p>\n","protected":false},"excerpt":{"rendered":"<p>Anstatt Fluchtursachen und die dazugeh\u00f6rigen Akteure zu bek\u00e4mpfen, will die Berliner Linke noch mehr Fl\u00fcchtlinge ins Land holen: Der Senat soll sich f\u00fcr die Aufnahme von Pal\u00e4stinensern starkmachen \u2013 als Zeichen an die &#8220;gr\u00f6\u00dfte pal\u00e4stinensische Community Deutschlands&#8221;, wie Berlin Linken-Chefin Kerstin Wolter betont. Die Berliner Linke hat ihre Forderung, der Berliner Senat solle sich bei [&hellip;]<\/p>\n","protected":false},"author":3,"featured_media":89779,"comment_status":"open","ping_status":"open","sticky":false,"template":"","format":"standard","meta":{"_yoast_indexnow_last_ping":["1756730958"],"wp_automatic_camp":["217"],"da79043f6c95fe4ec667c59ddddbeb6c":["Ist noch Platz in der Hauptstadt? Berliner Linke will Gaza-Fl\u00fcchtlinge aufnehmen"],"original_link":["https:\/\/de.rt.com\/inland\/254813-noch-platz-in-hauptstadt-berliner\/"],"_thumbnail_id":["89779"],"jnews_social_counter_last_update":["1777182211"],"_wptgpro_p2tg_sent2tg":["a:1:{i:23737;s:19:\"2025-09-01 14:50:20\";}"]},"categories":[19,23],"tags":[31174,9101,82,67402,19693,414,1301,1674,11883],"yoast_head":"<!-- This site is optimized with the Yoast SEO Premium plugin v22.7 (Yoast SEO v22.7) - https:\/\/yoast.com\/wordpress\/plugins\/seo\/ -->\n<title>Ist noch Platz in der Hauptstadt? Berliner Linke will Gaza-Fl\u00fcchtlinge aufnehmen - just-now.NEWS Deutschland<\/title>\n<meta name=\"robots\" content=\"index, follow, max-snippet:-1, max-image-preview:large, max-video-preview:-1\" \/>\n<link rel=\"canonical\" href=\"https:\/\/now-news.de\/de\/deutschland\/ist-noch-platz-in-der-hauptstadt-berliner-linke-will-gaza-fluechtlinge-aufnehmen\/\" \/>\n<meta property=\"og:locale\" content=\"de_DE\" \/>\n<meta property=\"og:type\" content=\"article\" \/>\n<meta property=\"og:title\" content=\"Ist noch Platz in der Hauptstadt? Berliner Linke will Gaza-Fl\u00fcchtlinge aufnehmen\" \/>\n<meta property=\"og:description\" content=\"Anstatt Fluchtursachen und die dazugeh\u00f6rigen Akteure zu bek\u00e4mpfen, will die Berliner Linke noch mehr Fl\u00fcchtlinge ins Land holen: Der Senat soll sich f\u00fcr die Aufnahme von Pal\u00e4stinensern starkmachen \u2013 als Zeichen an die &#8220;gr\u00f6\u00dfte pal\u00e4stinensische Community Deutschlands&#8221;, wie Berlin Linken-Chefin Kerstin Wolter betont. Die Berliner Linke hat ihre Forderung, der Berliner Senat solle sich bei [&hellip;]\" \/>\n<meta property=\"og:url\" content=\"https:\/\/now-news.de\/de\/deutschland\/ist-noch-platz-in-der-hauptstadt-berliner-linke-will-gaza-fluechtlinge-aufnehmen\/\" \/>\n<meta property=\"og:site_name\" content=\"just-now.NEWS Deutschland\" \/>\n<meta property=\"article:publisher\" content=\"https:\/\/www.facebook.com\/wirmachenauf\" \/>\n<meta property=\"article:published_time\" content=\"2025-09-01T12:38:45+00:00\" \/>\n<meta property=\"og:image\" content=\"https:\/\/now-news.de\/de\/wp-content\/uploads\/sites\/3\/2025\/09\/68b5884348fbef6187229faf.jpg\" \/>\n<meta name=\"author\" content=\"rtnews\" \/>\n<meta name=\"twitter:card\" content=\"summary_large_image\" \/>\n<meta name=\"twitter:creator\" content=\"@WirMachenAuf_de\" \/>\n<meta name=\"twitter:site\" content=\"@WirMachenAuf_de\" \/>\n<meta name=\"twitter:label1\" content=\"Verfasst von\" \/>\n\t<meta name=\"twitter:data1\" content=\"rtnews\" \/>\n\t<meta name=\"twitter:label2\" content=\"Gesch\u00e4tzte Lesezeit\" \/>\n\t<meta name=\"twitter:data2\" content=\"2\u00a0Minuten\" \/>\n<script type=\"application\/ld+json\" class=\"yoast-schema-graph\">{\"@context\":\"https:\/\/schema.org\",\"@graph\":[{\"@type\":\"Article\",\"@id\":\"https:\/\/now-news.de\/de\/deutschland\/ist-noch-platz-in-der-hauptstadt-berliner-linke-will-gaza-fluechtlinge-aufnehmen\/#article\",\"isPartOf\":{\"@id\":\"https:\/\/now-news.de\/de\/deutschland\/ist-noch-platz-in-der-hauptstadt-berliner-linke-will-gaza-fluechtlinge-aufnehmen\/\"},\"author\":{\"name\":\"rtnews\",\"@id\":\"https:\/\/now-news.de\/de\/#\/schema\/person\/fb534a4e865501d8b3285208df34a9b5\"},\"headline\":\"Ist noch Platz in der Hauptstadt? Berliner Linke will Gaza-Fl\u00fcchtlinge aufnehmen\",\"datePublished\":\"2025-09-01T12:38:45+00:00\",\"dateModified\":\"2025-09-01T12:38:45+00:00\",\"mainEntityOfPage\":{\"@id\":\"https:\/\/now-news.de\/de\/deutschland\/ist-noch-platz-in-der-hauptstadt-berliner-linke-will-gaza-fluechtlinge-aufnehmen\/\"},\"wordCount\":453,\"commentCount\":0,\"publisher\":{\"@id\":\"https:\/\/now-news.de\/de\/#organization\"},\"image\":{\"@id\":\"https:\/\/now-news.de\/de\/deutschland\/ist-noch-platz-in-der-hauptstadt-berliner-linke-will-gaza-fluechtlinge-aufnehmen\/#primaryimage\"},\"thumbnailUrl\":\"https:\/\/now-news.de\/de\/wp-content\/uploads\/sites\/3\/2025\/09\/Ist-noch-Platz-in-der-Hauptstadt-Berliner-Linke-will-Gaza-Fluechtlinge.jpg\",\"keywords\":[\"aufnehmen\",\"Berliner\",\"der\",\"GazaFl\u00fcchtlinge\",\"Hauptstadt\",\"ist\",\"Linke\",\"noch\",\"Platz\"],\"articleSection\":[\"Deutschland\",\"Russland\"],\"inLanguage\":\"de\",\"potentialAction\":[{\"@type\":\"CommentAction\",\"name\":\"Comment\",\"target\":[\"https:\/\/now-news.de\/de\/deutschland\/ist-noch-platz-in-der-hauptstadt-berliner-linke-will-gaza-fluechtlinge-aufnehmen\/#respond\"]}]},{\"@type\":\"WebPage\",\"@id\":\"https:\/\/now-news.de\/de\/deutschland\/ist-noch-platz-in-der-hauptstadt-berliner-linke-will-gaza-fluechtlinge-aufnehmen\/\",\"url\":\"https:\/\/now-news.de\/de\/deutschland\/ist-noch-platz-in-der-hauptstadt-berliner-linke-will-gaza-fluechtlinge-aufnehmen\/\",\"name\":\"Ist noch Platz in der Hauptstadt? Berliner Linke will Gaza-Fl\u00fcchtlinge aufnehmen - just-now.NEWS Deutschland\",\"isPartOf\":{\"@id\":\"https:\/\/now-news.de\/de\/#website\"},\"primaryImageOfPage\":{\"@id\":\"https:\/\/now-news.de\/de\/deutschland\/ist-noch-platz-in-der-hauptstadt-berliner-linke-will-gaza-fluechtlinge-aufnehmen\/#primaryimage\"},\"image\":{\"@id\":\"https:\/\/now-news.de\/de\/deutschland\/ist-noch-platz-in-der-hauptstadt-berliner-linke-will-gaza-fluechtlinge-aufnehmen\/#primaryimage\"},\"thumbnailUrl\":\"https:\/\/now-news.de\/de\/wp-content\/uploads\/sites\/3\/2025\/09\/Ist-noch-Platz-in-der-Hauptstadt-Berliner-Linke-will-Gaza-Fluechtlinge.jpg\",\"datePublished\":\"2025-09-01T12:38:45+00:00\",\"dateModified\":\"2025-09-01T12:38:45+00:00\",\"breadcrumb\":{\"@id\":\"https:\/\/now-news.de\/de\/deutschland\/ist-noch-platz-in-der-hauptstadt-berliner-linke-will-gaza-fluechtlinge-aufnehmen\/#breadcrumb\"},\"inLanguage\":\"de\",\"potentialAction\":[{\"@type\":\"ReadAction\",\"target\":[\"https:\/\/now-news.de\/de\/deutschland\/ist-noch-platz-in-der-hauptstadt-berliner-linke-will-gaza-fluechtlinge-aufnehmen\/\"]}]},{\"@type\":\"ImageObject\",\"inLanguage\":\"de\",\"@id\":\"https:\/\/now-news.de\/de\/deutschland\/ist-noch-platz-in-der-hauptstadt-berliner-linke-will-gaza-fluechtlinge-aufnehmen\/#primaryimage\",\"url\":\"https:\/\/now-news.de\/de\/wp-content\/uploads\/sites\/3\/2025\/09\/Ist-noch-Platz-in-der-Hauptstadt-Berliner-Linke-will-Gaza-Fluechtlinge.jpg\",\"contentUrl\":\"https:\/\/now-news.de\/de\/wp-content\/uploads\/sites\/3\/2025\/09\/Ist-noch-Platz-in-der-Hauptstadt-Berliner-Linke-will-Gaza-Fluechtlinge.jpg\",\"width\":460,\"height\":259,\"caption\":\"Ist noch Platz in der Hauptstadt? Berliner Linke will Gaza-Fl\u00fcchtlinge aufnehmen\"},{\"@type\":\"BreadcrumbList\",\"@id\":\"https:\/\/now-news.de\/de\/deutschland\/ist-noch-platz-in-der-hauptstadt-berliner-linke-will-gaza-fluechtlinge-aufnehmen\/#breadcrumb\",\"itemListElement\":[{\"@type\":\"ListItem\",\"position\":1,\"name\":\"Home\",\"item\":\"https:\/\/now-news.de\/de\/\"},{\"@type\":\"ListItem\",\"position\":2,\"name\":\"Ist noch Platz in der Hauptstadt? Berliner Linke will Gaza-Fl\u00fcchtlinge aufnehmen\"}]},{\"@type\":\"WebSite\",\"@id\":\"https:\/\/now-news.de\/de\/#website\",\"url\":\"https:\/\/now-news.de\/de\/\",\"name\":\"just-now.NEWS Deutschland\",\"description\":\"Das Portal f\u00fcr unzensierte Nachrichten aus der Welt\",\"publisher\":{\"@id\":\"https:\/\/now-news.de\/de\/#organization\"},\"potentialAction\":[{\"@type\":\"SearchAction\",\"target\":{\"@type\":\"EntryPoint\",\"urlTemplate\":\"https:\/\/now-news.de\/de\/?s={search_term_string}\"},\"query-input\":\"required name=search_term_string\"}],\"inLanguage\":\"de\"},{\"@type\":\"Organization\",\"@id\":\"https:\/\/now-news.de\/de\/#organization\",\"name\":\"Just Now News\",\"url\":\"https:\/\/now-news.de\/de\/\",\"logo\":{\"@type\":\"ImageObject\",\"inLanguage\":\"de\",\"@id\":\"https:\/\/now-news.de\/de\/#\/schema\/logo\/image\/\",\"url\":\"http:\/\/just-now.news\/de\/wp-content\/uploads\/sites\/3\/2022\/04\/logo500x500.jpg\",\"contentUrl\":\"http:\/\/just-now.news\/de\/wp-content\/uploads\/sites\/3\/2022\/04\/logo500x500.jpg\",\"width\":500,\"height\":500,\"caption\":\"Just Now News\"},\"image\":{\"@id\":\"https:\/\/now-news.de\/de\/#\/schema\/logo\/image\/\"},\"sameAs\":[\"https:\/\/www.facebook.com\/wirmachenauf\",\"https:\/\/x.com\/WirMachenAuf_de\"]},{\"@type\":\"Person\",\"@id\":\"https:\/\/now-news.de\/de\/#\/schema\/person\/fb534a4e865501d8b3285208df34a9b5\",\"name\":\"rtnews\",\"image\":{\"@type\":\"ImageObject\",\"inLanguage\":\"de\",\"@id\":\"https:\/\/now-news.de\/de\/#\/schema\/person\/image\/\",\"url\":\"https:\/\/secure.gravatar.com\/avatar\/82aafea7d8127119dd649515f56e2117?s=96&d=mm&r=g\",\"contentUrl\":\"https:\/\/secure.gravatar.com\/avatar\/82aafea7d8127119dd649515f56e2117?s=96&d=mm&r=g\",\"caption\":\"rtnews\"},\"url\":\"https:\/\/now-news.de\/de\/author\/rnews\/\"}]}<\/script>\n<!-- \/ Yoast SEO Premium plugin. -->","yoast_head_json":{"title":"Ist noch Platz in der Hauptstadt? Berliner Linke will Gaza-Fl\u00fcchtlinge aufnehmen - just-now.NEWS Deutschland","robots":{"index":"index","follow":"follow","max-snippet":"max-snippet:-1","max-image-preview":"max-image-preview:large","max-video-preview":"max-video-preview:-1"},"canonical":"https:\/\/now-news.de\/de\/deutschland\/ist-noch-platz-in-der-hauptstadt-berliner-linke-will-gaza-fluechtlinge-aufnehmen\/","og_locale":"de_DE","og_type":"article","og_title":"Ist noch Platz in der Hauptstadt? Berliner Linke will Gaza-Fl\u00fcchtlinge aufnehmen","og_description":"Anstatt Fluchtursachen und die dazugeh\u00f6rigen Akteure zu bek\u00e4mpfen, will die Berliner Linke noch mehr Fl\u00fcchtlinge ins Land holen: Der Senat soll sich f\u00fcr die Aufnahme von Pal\u00e4stinensern starkmachen \u2013 als Zeichen an die &#8220;gr\u00f6\u00dfte pal\u00e4stinensische Community Deutschlands&#8221;, wie Berlin Linken-Chefin Kerstin Wolter betont. Die Berliner Linke hat ihre Forderung, der Berliner Senat solle sich bei [&hellip;]","og_url":"https:\/\/now-news.de\/de\/deutschland\/ist-noch-platz-in-der-hauptstadt-berliner-linke-will-gaza-fluechtlinge-aufnehmen\/","og_site_name":"just-now.NEWS Deutschland","article_publisher":"https:\/\/www.facebook.com\/wirmachenauf","article_published_time":"2025-09-01T12:38:45+00:00","og_image":[{"url":"https:\/\/now-news.de\/de\/wp-content\/uploads\/sites\/3\/2025\/09\/68b5884348fbef6187229faf.jpg"}],"author":"rtnews","twitter_card":"summary_large_image","twitter_creator":"@WirMachenAuf_de","twitter_site":"@WirMachenAuf_de","twitter_misc":{"Verfasst von":"rtnews","Gesch\u00e4tzte Lesezeit":"2\u00a0Minuten"},"schema":{"@context":"https:\/\/schema.org","@graph":[{"@type":"Article","@id":"https:\/\/now-news.de\/de\/deutschland\/ist-noch-platz-in-der-hauptstadt-berliner-linke-will-gaza-fluechtlinge-aufnehmen\/#article","isPartOf":{"@id":"https:\/\/now-news.de\/de\/deutschland\/ist-noch-platz-in-der-hauptstadt-berliner-linke-will-gaza-fluechtlinge-aufnehmen\/"},"author":{"name":"rtnews","@id":"https:\/\/now-news.de\/de\/#\/schema\/person\/fb534a4e865501d8b3285208df34a9b5"},"headline":"Ist noch Platz in der Hauptstadt? Berliner Linke will Gaza-Fl\u00fcchtlinge aufnehmen","datePublished":"2025-09-01T12:38:45+00:00","dateModified":"2025-09-01T12:38:45+00:00","mainEntityOfPage":{"@id":"https:\/\/now-news.de\/de\/deutschland\/ist-noch-platz-in-der-hauptstadt-berliner-linke-will-gaza-fluechtlinge-aufnehmen\/"},"wordCount":453,"commentCount":0,"publisher":{"@id":"https:\/\/now-news.de\/de\/#organization"},"image":{"@id":"https:\/\/now-news.de\/de\/deutschland\/ist-noch-platz-in-der-hauptstadt-berliner-linke-will-gaza-fluechtlinge-aufnehmen\/#primaryimage"},"thumbnailUrl":"https:\/\/now-news.de\/de\/wp-content\/uploads\/sites\/3\/2025\/09\/Ist-noch-Platz-in-der-Hauptstadt-Berliner-Linke-will-Gaza-Fluechtlinge.jpg","keywords":["aufnehmen","Berliner","der","GazaFl\u00fcchtlinge","Hauptstadt","ist","Linke","noch","Platz"],"articleSection":["Deutschland","Russland"],"inLanguage":"de","potentialAction":[{"@type":"CommentAction","name":"Comment","target":["https:\/\/now-news.de\/de\/deutschland\/ist-noch-platz-in-der-hauptstadt-berliner-linke-will-gaza-fluechtlinge-aufnehmen\/#respond"]}]},{"@type":"WebPage","@id":"https:\/\/now-news.de\/de\/deutschland\/ist-noch-platz-in-der-hauptstadt-berliner-linke-will-gaza-fluechtlinge-aufnehmen\/","url":"https:\/\/now-news.de\/de\/deutschland\/ist-noch-platz-in-der-hauptstadt-berliner-linke-will-gaza-fluechtlinge-aufnehmen\/","name":"Ist noch Platz in der Hauptstadt? Berliner Linke will Gaza-Fl\u00fcchtlinge aufnehmen - just-now.NEWS Deutschland","isPartOf":{"@id":"https:\/\/now-news.de\/de\/#website"},"primaryImageOfPage":{"@id":"https:\/\/now-news.de\/de\/deutschland\/ist-noch-platz-in-der-hauptstadt-berliner-linke-will-gaza-fluechtlinge-aufnehmen\/#primaryimage"},"image":{"@id":"https:\/\/now-news.de\/de\/deutschland\/ist-noch-platz-in-der-hauptstadt-berliner-linke-will-gaza-fluechtlinge-aufnehmen\/#primaryimage"},"thumbnailUrl":"https:\/\/now-news.de\/de\/wp-content\/uploads\/sites\/3\/2025\/09\/Ist-noch-Platz-in-der-Hauptstadt-Berliner-Linke-will-Gaza-Fluechtlinge.jpg","datePublished":"2025-09-01T12:38:45+00:00","dateModified":"2025-09-01T12:38:45+00:00","breadcrumb":{"@id":"https:\/\/now-news.de\/de\/deutschland\/ist-noch-platz-in-der-hauptstadt-berliner-linke-will-gaza-fluechtlinge-aufnehmen\/#breadcrumb"},"inLanguage":"de","potentialAction":[{"@type":"ReadAction","target":["https:\/\/now-news.de\/de\/deutschland\/ist-noch-platz-in-der-hauptstadt-berliner-linke-will-gaza-fluechtlinge-aufnehmen\/"]}]},{"@type":"ImageObject","inLanguage":"de","@id":"https:\/\/now-news.de\/de\/deutschland\/ist-noch-platz-in-der-hauptstadt-berliner-linke-will-gaza-fluechtlinge-aufnehmen\/#primaryimage","url":"https:\/\/now-news.de\/de\/wp-content\/uploads\/sites\/3\/2025\/09\/Ist-noch-Platz-in-der-Hauptstadt-Berliner-Linke-will-Gaza-Fluechtlinge.jpg","contentUrl":"https:\/\/now-news.de\/de\/wp-content\/uploads\/sites\/3\/2025\/09\/Ist-noch-Platz-in-der-Hauptstadt-Berliner-Linke-will-Gaza-Fluechtlinge.jpg","width":460,"height":259,"caption":"Ist noch Platz in der Hauptstadt? Berliner Linke will Gaza-Fl\u00fcchtlinge aufnehmen"},{"@type":"BreadcrumbList","@id":"https:\/\/now-news.de\/de\/deutschland\/ist-noch-platz-in-der-hauptstadt-berliner-linke-will-gaza-fluechtlinge-aufnehmen\/#breadcrumb","itemListElement":[{"@type":"ListItem","position":1,"name":"Home","item":"https:\/\/now-news.de\/de\/"},{"@type":"ListItem","position":2,"name":"Ist noch Platz in der Hauptstadt? Berliner Linke will Gaza-Fl\u00fcchtlinge aufnehmen"}]},{"@type":"WebSite","@id":"https:\/\/now-news.de\/de\/#website","url":"https:\/\/now-news.de\/de\/","name":"just-now.NEWS Deutschland","description":"Das Portal f\u00fcr unzensierte Nachrichten aus der Welt","publisher":{"@id":"https:\/\/now-news.de\/de\/#organization"},"potentialAction":[{"@type":"SearchAction","target":{"@type":"EntryPoint","urlTemplate":"https:\/\/now-news.de\/de\/?s={search_term_string}"},"query-input":"required name=search_term_string"}],"inLanguage":"de"},{"@type":"Organization","@id":"https:\/\/now-news.de\/de\/#organization","name":"Just Now News","url":"https:\/\/now-news.de\/de\/","logo":{"@type":"ImageObject","inLanguage":"de","@id":"https:\/\/now-news.de\/de\/#\/schema\/logo\/image\/","url":"http:\/\/just-now.news\/de\/wp-content\/uploads\/sites\/3\/2022\/04\/logo500x500.jpg","contentUrl":"http:\/\/just-now.news\/de\/wp-content\/uploads\/sites\/3\/2022\/04\/logo500x500.jpg","width":500,"height":500,"caption":"Just Now News"},"image":{"@id":"https:\/\/now-news.de\/de\/#\/schema\/logo\/image\/"},"sameAs":["https:\/\/www.facebook.com\/wirmachenauf","https:\/\/x.com\/WirMachenAuf_de"]},{"@type":"Person","@id":"https:\/\/now-news.de\/de\/#\/schema\/person\/fb534a4e865501d8b3285208df34a9b5","name":"rtnews","image":{"@type":"ImageObject","inLanguage":"de","@id":"https:\/\/now-news.de\/de\/#\/schema\/person\/image\/","url":"https:\/\/secure.gravatar.com\/avatar\/82aafea7d8127119dd649515f56e2117?s=96&d=mm&r=g","contentUrl":"https:\/\/secure.gravatar.com\/avatar\/82aafea7d8127119dd649515f56e2117?s=96&d=mm&r=g","caption":"rtnews"},"url":"https:\/\/now-news.de\/de\/author\/rnews\/"}]}},"_links":{"self":[{"href":"https:\/\/now-news.de\/de\/wp-json\/wp\/v2\/posts\/89778"}],"collection":[{"href":"https:\/\/now-news.de\/de\/wp-json\/wp\/v2\/posts"}],"about":[{"href":"https:\/\/now-news.de\/de\/wp-json\/wp\/v2\/types\/post"}],"author":[{"embeddable":true,"href":"https:\/\/now-news.de\/de\/wp-json\/wp\/v2\/users\/3"}],"replies":[{"embeddable":true,"href":"https:\/\/now-news.de\/de\/wp-json\/wp\/v2\/comments?post=89778"}],"version-history":[{"count":0,"href":"https:\/\/now-news.de\/de\/wp-json\/wp\/v2\/posts\/89778\/revisions"}],"wp:featuredmedia":[{"embeddable":true,"href":"https:\/\/now-news.de\/de\/wp-json\/wp\/v2\/media\/89779"}],"wp:attachment":[{"href":"https:\/\/now-news.de\/de\/wp-json\/wp\/v2\/media?parent=89778"}],"wp:term":[{"taxonomy":"category","embeddable":true,"href":"https:\/\/now-news.de\/de\/wp-json\/wp\/v2\/categories?post=89778"},{"taxonomy":"post_tag","embeddable":true,"href":"https:\/\/now-news.de\/de\/wp-json\/wp\/v2\/tags?post=89778"}],"curies":[{"name":"wp","href":"https:\/\/api.w.org\/{rel}","templated":true}]}}