{"id":89762,"date":"2025-08-31T21:12:55","date_gmt":"2025-08-31T19:12:55","guid":{"rendered":"https:\/\/now-news.de\/de\/deutschland\/jeffrey-sachs-nato-haette-bereits-1990-aufgeloest-werden-sollen\/"},"modified":"2025-08-31T21:12:55","modified_gmt":"2025-08-31T19:12:55","slug":"jeffrey-sachs-nato-haette-bereits-1990-aufgeloest-werden-sollen","status":"publish","type":"post","link":"https:\/\/now-news.de\/de\/deutschland\/jeffrey-sachs-nato-haette-bereits-1990-aufgeloest-werden-sollen\/","title":{"rendered":"Jeffrey Sachs: &quot;NATO h\u00e4tte bereits 1990 aufgel\u00f6st werden sollen&quot;  \u00a0"},"content":{"rendered":"<p><img decoding=\"async\" src=\"https:\/\/now-news.de\/de\/wp-content\/uploads\/sites\/3\/2025\/08\/68b4052a48fbef17ff254834.jpg\" \/><\/p>\n<div class=\"Text-root Text-type_1 \">\n                Die Nordatlantische Allianz wurde als Gegengewicht zur UdSSR geschaffen, meint der renommierte US-\u00d6konom Jeffrey Sachs in einem Interview. Nach der Aufl\u00f6sung des Warschauer Pakts in den fr\u00fchen 1990er-Jahren h\u00e4tte das B\u00fcndnis aufh\u00f6ren sollen zu existieren.\n            <\/div>\n<p><\/p>\n<div class=\"Text-root Text-type_5 ArticleView-text ViewText-root \">\n<p>Professor Jeffrey Sachs, einer der bekanntesten US-amerikanischen \u00d6konomen, hat der russischen Nachrichtenagentur\u00a0<em>RIA Nowosti<\/em>\u00a0ein Interview gegeben. &#8220;Die NATO h\u00e4tte bereits 1990 aufgel\u00f6st werden sollen, als Pr\u00e4sident der UdSSR Gorbatschow den Warschauer Pakt aufl\u00f6ste&#8221;, meinte der Direktor des Zentrums f\u00fcr nachhaltige Entwicklung an der Columbia University in New York.<\/p>\n<p>Sachs f\u00fchrte hierbei aus:<\/p>\n<blockquote>\n<p><em>&#8220;Schlie\u00dflich war die NATO ein Vertrag zur Verteidigung gegen die Sowjetunion, die es heute nicht mehr gibt. In diesem Sinne ist die Bestimmung des B\u00fcndnisses definitiv \u00fcberholt. Es ist zu einem Instrument zur Ausweitung der US-amerikanischen Macht geworden, und das ist nicht, was die NATO sein sollte.&#8221;<\/em><\/p>\n<\/blockquote>\n<p>Das Gespr\u00e4ch mit Sachs fand im Vorfeld des \u00d6stlichen Wirtschaftsforums (EEF) statt, das vom 3. bis 6. September in der russischen Hafenstadt Wladiwostok im Fernen Osten durchgef\u00fchrt wird. Der US-\u00d6konom wird bei der Gro\u00dfveranstaltung an einer Sitzung zum Thema &#8220;UN-Entwicklungsagenda nach 2030&#8221; teilnehmen.<\/p>\n<p>Ein Protokoll zur Beendigung des Warschauer Pakts wurde am 1. Juli 1991 von den Teilnehmerstaaten Bulgarien, Ungarn, Polen, Rum\u00e4nien, der UdSSR und der Tschechoslowakei in Prag unterzeichnet. Die Organisation des Warschauer Pakts wurde im Mai 1955 gegr\u00fcndet. Sie stellte ein milit\u00e4risch-politisches B\u00fcndnis der UdSSR und osteurop\u00e4ischer Staaten mit defensivem Schwerpunkt dar.\u00a0<\/p>\n<p>In der j\u00fcngsten Vergangenheit hat Russland beispiellose Aktivit\u00e4ten der NATO an seinen Westgrenzen beobachtet. Das B\u00fcndnis weitet seine milit\u00e4rischen Initiativen stetig aus und begr\u00fcndet das mit der &#8220;Eind\u00e4mmung der russischen Aggression&#8221;. Moskau hat mehrfach seine Besorgnis \u00fcber die Aufstockung der NATO-Kr\u00e4fte in Europa ge\u00e4u\u00dfert.<\/p>\n<p>Zuvor hatte Russlands Pr\u00e4sident Wladimir Putin in einem Interview mit dem US-amerikanischen Journalisten Tucker Carlson erkl\u00e4rt, dass sein Land nicht die Absicht habe, NATO-Mitgliedsstaaten anzugreifen. Dies habe keinen Sinn, betonte Putin.<\/p>\n<p>Zugleich wies der russische Staatschef darauf hin, dass westliche Politiker der Bev\u00f6lkerung in ihren L\u00e4ndern regelm\u00e4\u00dfig mit einer angeblichen russischen Bedrohung Angst einfl\u00f6\u00dften, um die Menschen von innenpolitischen Problemen abzulenken. &#8220;Intelligente Menschen verstehen jedoch ganz gut, dass es sich dabei um einen Fake handelt&#8221;, betonte Putin.<\/p>\n<p><strong>Mehr zum Thema<\/strong>\u00a0\u2012 <a rel=\"nofollow noopener\" target=\"_blank\" href=\"https:\/\/freedert.online\/international\/246746-jeffrey-sachs-europaeische-union-kann\/\">Jeffrey Sachs warnt: Die Europ\u00e4ische Union k\u00f6nnte auseinanderbrechen<\/a><\/p>\n<div class=\"EmbedBlock-root EmbedBlock-externalVideo EmbedBlock-rumble\">\n<div class=\"VkEmbed\"><iframe class=\"lazyload\" data-src=\"https:\/\/rumble.com\/embed\/v6w38ic\" frameborder=\"0\" width=\"853\" height=\"480\" allowfullscreen><\/iframe><\/div>\n<\/div>\n<\/div>\n<p><br \/>\n<br \/><a href=\"https:\/\/de.rt.com\/international\/254727-jeffrey-sachs-nato-haette-bereits\/\">Source link <\/a><\/p>\n","protected":false},"excerpt":{"rendered":"<p>Die Nordatlantische Allianz wurde als Gegengewicht zur UdSSR geschaffen, meint der renommierte US-\u00d6konom Jeffrey Sachs in einem Interview. Nach der Aufl\u00f6sung des Warschauer Pakts in den fr\u00fchen 1990er-Jahren h\u00e4tte das B\u00fcndnis aufh\u00f6ren sollen zu existieren. Professor Jeffrey Sachs, einer der bekanntesten US-amerikanischen \u00d6konomen, hat der russischen Nachrichtenagentur\u00a0RIA Nowosti\u00a0ein Interview gegeben. &#8220;Die NATO h\u00e4tte bereits 1990 [&hellip;]<\/p>\n","protected":false},"author":3,"featured_media":89763,"comment_status":"open","ping_status":"open","sticky":false,"template":"","format":"standard","meta":{"_yoast_indexnow_last_ping":["1756672163"],"wp_automatic_camp":["217"],"7628e1d10a0fd9aa4547f0902ee648ea":["Jeffrey Sachs: &quot;NATO h\u00e4tte bereits 1990 aufgel\u00f6st werden sollen&quot;  \u00a0"],"original_link":["https:\/\/de.rt.com\/international\/254727-jeffrey-sachs-nato-haette-bereits\/"],"_thumbnail_id":["89763"],"jnews_social_counter_last_update":["1777313557"],"_wptgpro_p2tg_sent2tg":["a:1:{i:23737;s:19:\"2025-08-31 22:30:23\";}"]},"categories":[19,23],"tags":[25303,10014,5373,25518,43503,33790,36554,1040],"yoast_head":"<!-- This site is optimized with the Yoast SEO Premium plugin v22.7 (Yoast SEO v22.7) - https:\/\/yoast.com\/wordpress\/plugins\/seo\/ -->\n<title>Jeffrey Sachs: &quot;NATO h\u00e4tte bereits 1990 aufgel\u00f6st werden sollen&quot; \u00a0 - just-now.NEWS Deutschland<\/title>\n<meta name=\"robots\" content=\"index, follow, max-snippet:-1, max-image-preview:large, max-video-preview:-1\" \/>\n<link rel=\"canonical\" href=\"https:\/\/now-news.de\/de\/deutschland\/jeffrey-sachs-nato-haette-bereits-1990-aufgeloest-werden-sollen\/\" \/>\n<meta property=\"og:locale\" content=\"de_DE\" \/>\n<meta property=\"og:type\" content=\"article\" \/>\n<meta property=\"og:title\" content=\"Jeffrey Sachs: &quot;NATO h\u00e4tte bereits 1990 aufgel\u00f6st werden sollen&quot; \u00a0\" \/>\n<meta property=\"og:description\" content=\"Die Nordatlantische Allianz wurde als Gegengewicht zur UdSSR geschaffen, meint der renommierte US-\u00d6konom Jeffrey Sachs in einem Interview. Nach der Aufl\u00f6sung des Warschauer Pakts in den fr\u00fchen 1990er-Jahren h\u00e4tte das B\u00fcndnis aufh\u00f6ren sollen zu existieren. Professor Jeffrey Sachs, einer der bekanntesten US-amerikanischen \u00d6konomen, hat der russischen Nachrichtenagentur\u00a0RIA Nowosti\u00a0ein Interview gegeben. &#8220;Die NATO h\u00e4tte bereits 1990 [&hellip;]\" \/>\n<meta property=\"og:url\" content=\"https:\/\/now-news.de\/de\/deutschland\/jeffrey-sachs-nato-haette-bereits-1990-aufgeloest-werden-sollen\/\" \/>\n<meta property=\"og:site_name\" content=\"just-now.NEWS Deutschland\" \/>\n<meta property=\"article:publisher\" content=\"https:\/\/www.facebook.com\/wirmachenauf\" \/>\n<meta property=\"article:published_time\" content=\"2025-08-31T19:12:55+00:00\" \/>\n<meta property=\"og:image\" content=\"https:\/\/now-news.de\/de\/wp-content\/uploads\/sites\/3\/2025\/08\/68b4052a48fbef17ff254834.jpg\" \/>\n<meta name=\"author\" content=\"rtnews\" \/>\n<meta name=\"twitter:card\" content=\"summary_large_image\" \/>\n<meta name=\"twitter:creator\" content=\"@WirMachenAuf_de\" \/>\n<meta name=\"twitter:site\" content=\"@WirMachenAuf_de\" \/>\n<meta name=\"twitter:label1\" content=\"Verfasst von\" \/>\n\t<meta name=\"twitter:data1\" content=\"rtnews\" \/>\n\t<meta name=\"twitter:label2\" content=\"Gesch\u00e4tzte Lesezeit\" \/>\n\t<meta name=\"twitter:data2\" content=\"2\u00a0Minuten\" \/>\n<script type=\"application\/ld+json\" class=\"yoast-schema-graph\">{\"@context\":\"https:\/\/schema.org\",\"@graph\":[{\"@type\":\"Article\",\"@id\":\"https:\/\/now-news.de\/de\/deutschland\/jeffrey-sachs-nato-haette-bereits-1990-aufgeloest-werden-sollen\/#article\",\"isPartOf\":{\"@id\":\"https:\/\/now-news.de\/de\/deutschland\/jeffrey-sachs-nato-haette-bereits-1990-aufgeloest-werden-sollen\/\"},\"author\":{\"name\":\"rtnews\",\"@id\":\"https:\/\/now-news.de\/de\/#\/schema\/person\/fb534a4e865501d8b3285208df34a9b5\"},\"headline\":\"Jeffrey Sachs: &quot;NATO h\u00e4tte bereits 1990 aufgel\u00f6st werden sollen&quot; \u00a0\",\"datePublished\":\"2025-08-31T19:12:55+00:00\",\"dateModified\":\"2025-08-31T19:12:55+00:00\",\"mainEntityOfPage\":{\"@id\":\"https:\/\/now-news.de\/de\/deutschland\/jeffrey-sachs-nato-haette-bereits-1990-aufgeloest-werden-sollen\/\"},\"wordCount\":409,\"commentCount\":0,\"publisher\":{\"@id\":\"https:\/\/now-news.de\/de\/#organization\"},\"image\":{\"@id\":\"https:\/\/now-news.de\/de\/deutschland\/jeffrey-sachs-nato-haette-bereits-1990-aufgeloest-werden-sollen\/#primaryimage\"},\"thumbnailUrl\":\"https:\/\/now-news.de\/de\/wp-content\/uploads\/sites\/3\/2025\/08\/Jeffrey-Sachs-quotNATO-haette-bereits-1990-aufgeloest-werden-sollenquot.jpg\",\"keywords\":[\"aufgel\u00f6st\",\"bereits\",\"h\u00e4tte\",\"Jeffrey\",\"quotNATO\",\"Sachs\",\"sollenquot\",\"Werden\"],\"articleSection\":[\"Deutschland\",\"Russland\"],\"inLanguage\":\"de\",\"potentialAction\":[{\"@type\":\"CommentAction\",\"name\":\"Comment\",\"target\":[\"https:\/\/now-news.de\/de\/deutschland\/jeffrey-sachs-nato-haette-bereits-1990-aufgeloest-werden-sollen\/#respond\"]}]},{\"@type\":\"WebPage\",\"@id\":\"https:\/\/now-news.de\/de\/deutschland\/jeffrey-sachs-nato-haette-bereits-1990-aufgeloest-werden-sollen\/\",\"url\":\"https:\/\/now-news.de\/de\/deutschland\/jeffrey-sachs-nato-haette-bereits-1990-aufgeloest-werden-sollen\/\",\"name\":\"Jeffrey Sachs: &quot;NATO h\u00e4tte bereits 1990 aufgel\u00f6st werden sollen&quot; \u00a0 - just-now.NEWS Deutschland\",\"isPartOf\":{\"@id\":\"https:\/\/now-news.de\/de\/#website\"},\"primaryImageOfPage\":{\"@id\":\"https:\/\/now-news.de\/de\/deutschland\/jeffrey-sachs-nato-haette-bereits-1990-aufgeloest-werden-sollen\/#primaryimage\"},\"image\":{\"@id\":\"https:\/\/now-news.de\/de\/deutschland\/jeffrey-sachs-nato-haette-bereits-1990-aufgeloest-werden-sollen\/#primaryimage\"},\"thumbnailUrl\":\"https:\/\/now-news.de\/de\/wp-content\/uploads\/sites\/3\/2025\/08\/Jeffrey-Sachs-quotNATO-haette-bereits-1990-aufgeloest-werden-sollenquot.jpg\",\"datePublished\":\"2025-08-31T19:12:55+00:00\",\"dateModified\":\"2025-08-31T19:12:55+00:00\",\"breadcrumb\":{\"@id\":\"https:\/\/now-news.de\/de\/deutschland\/jeffrey-sachs-nato-haette-bereits-1990-aufgeloest-werden-sollen\/#breadcrumb\"},\"inLanguage\":\"de\",\"potentialAction\":[{\"@type\":\"ReadAction\",\"target\":[\"https:\/\/now-news.de\/de\/deutschland\/jeffrey-sachs-nato-haette-bereits-1990-aufgeloest-werden-sollen\/\"]}]},{\"@type\":\"ImageObject\",\"inLanguage\":\"de\",\"@id\":\"https:\/\/now-news.de\/de\/deutschland\/jeffrey-sachs-nato-haette-bereits-1990-aufgeloest-werden-sollen\/#primaryimage\",\"url\":\"https:\/\/now-news.de\/de\/wp-content\/uploads\/sites\/3\/2025\/08\/Jeffrey-Sachs-quotNATO-haette-bereits-1990-aufgeloest-werden-sollenquot.jpg\",\"contentUrl\":\"https:\/\/now-news.de\/de\/wp-content\/uploads\/sites\/3\/2025\/08\/Jeffrey-Sachs-quotNATO-haette-bereits-1990-aufgeloest-werden-sollenquot.jpg\",\"width\":460,\"height\":259,\"caption\":\"Jeffrey Sachs: &quot;NATO h\u00e4tte bereits 1990 aufgel\u00f6st werden sollen&quot; \u00a0\"},{\"@type\":\"BreadcrumbList\",\"@id\":\"https:\/\/now-news.de\/de\/deutschland\/jeffrey-sachs-nato-haette-bereits-1990-aufgeloest-werden-sollen\/#breadcrumb\",\"itemListElement\":[{\"@type\":\"ListItem\",\"position\":1,\"name\":\"Home\",\"item\":\"https:\/\/now-news.de\/de\/\"},{\"@type\":\"ListItem\",\"position\":2,\"name\":\"Jeffrey Sachs: &quot;NATO h\u00e4tte bereits 1990 aufgel\u00f6st werden sollen&quot; \u00a0\"}]},{\"@type\":\"WebSite\",\"@id\":\"https:\/\/now-news.de\/de\/#website\",\"url\":\"https:\/\/now-news.de\/de\/\",\"name\":\"just-now.NEWS Deutschland\",\"description\":\"Das Portal f\u00fcr unzensierte Nachrichten aus der Welt\",\"publisher\":{\"@id\":\"https:\/\/now-news.de\/de\/#organization\"},\"potentialAction\":[{\"@type\":\"SearchAction\",\"target\":{\"@type\":\"EntryPoint\",\"urlTemplate\":\"https:\/\/now-news.de\/de\/?s={search_term_string}\"},\"query-input\":\"required name=search_term_string\"}],\"inLanguage\":\"de\"},{\"@type\":\"Organization\",\"@id\":\"https:\/\/now-news.de\/de\/#organization\",\"name\":\"Just Now News\",\"url\":\"https:\/\/now-news.de\/de\/\",\"logo\":{\"@type\":\"ImageObject\",\"inLanguage\":\"de\",\"@id\":\"https:\/\/now-news.de\/de\/#\/schema\/logo\/image\/\",\"url\":\"http:\/\/just-now.news\/de\/wp-content\/uploads\/sites\/3\/2022\/04\/logo500x500.jpg\",\"contentUrl\":\"http:\/\/just-now.news\/de\/wp-content\/uploads\/sites\/3\/2022\/04\/logo500x500.jpg\",\"width\":500,\"height\":500,\"caption\":\"Just Now News\"},\"image\":{\"@id\":\"https:\/\/now-news.de\/de\/#\/schema\/logo\/image\/\"},\"sameAs\":[\"https:\/\/www.facebook.com\/wirmachenauf\",\"https:\/\/x.com\/WirMachenAuf_de\"]},{\"@type\":\"Person\",\"@id\":\"https:\/\/now-news.de\/de\/#\/schema\/person\/fb534a4e865501d8b3285208df34a9b5\",\"name\":\"rtnews\",\"image\":{\"@type\":\"ImageObject\",\"inLanguage\":\"de\",\"@id\":\"https:\/\/now-news.de\/de\/#\/schema\/person\/image\/\",\"url\":\"https:\/\/secure.gravatar.com\/avatar\/82aafea7d8127119dd649515f56e2117?s=96&d=mm&r=g\",\"contentUrl\":\"https:\/\/secure.gravatar.com\/avatar\/82aafea7d8127119dd649515f56e2117?s=96&d=mm&r=g\",\"caption\":\"rtnews\"},\"url\":\"https:\/\/now-news.de\/de\/author\/rnews\/\"}]}<\/script>\n<!-- \/ Yoast SEO Premium plugin. -->","yoast_head_json":{"title":"Jeffrey Sachs: &quot;NATO h\u00e4tte bereits 1990 aufgel\u00f6st werden sollen&quot; \u00a0 - just-now.NEWS Deutschland","robots":{"index":"index","follow":"follow","max-snippet":"max-snippet:-1","max-image-preview":"max-image-preview:large","max-video-preview":"max-video-preview:-1"},"canonical":"https:\/\/now-news.de\/de\/deutschland\/jeffrey-sachs-nato-haette-bereits-1990-aufgeloest-werden-sollen\/","og_locale":"de_DE","og_type":"article","og_title":"Jeffrey Sachs: &quot;NATO h\u00e4tte bereits 1990 aufgel\u00f6st werden sollen&quot; \u00a0","og_description":"Die Nordatlantische Allianz wurde als Gegengewicht zur UdSSR geschaffen, meint der renommierte US-\u00d6konom Jeffrey Sachs in einem Interview. Nach der Aufl\u00f6sung des Warschauer Pakts in den fr\u00fchen 1990er-Jahren h\u00e4tte das B\u00fcndnis aufh\u00f6ren sollen zu existieren. Professor Jeffrey Sachs, einer der bekanntesten US-amerikanischen \u00d6konomen, hat der russischen Nachrichtenagentur\u00a0RIA Nowosti\u00a0ein Interview gegeben. &#8220;Die NATO h\u00e4tte bereits 1990 [&hellip;]","og_url":"https:\/\/now-news.de\/de\/deutschland\/jeffrey-sachs-nato-haette-bereits-1990-aufgeloest-werden-sollen\/","og_site_name":"just-now.NEWS Deutschland","article_publisher":"https:\/\/www.facebook.com\/wirmachenauf","article_published_time":"2025-08-31T19:12:55+00:00","og_image":[{"url":"https:\/\/now-news.de\/de\/wp-content\/uploads\/sites\/3\/2025\/08\/68b4052a48fbef17ff254834.jpg"}],"author":"rtnews","twitter_card":"summary_large_image","twitter_creator":"@WirMachenAuf_de","twitter_site":"@WirMachenAuf_de","twitter_misc":{"Verfasst von":"rtnews","Gesch\u00e4tzte Lesezeit":"2\u00a0Minuten"},"schema":{"@context":"https:\/\/schema.org","@graph":[{"@type":"Article","@id":"https:\/\/now-news.de\/de\/deutschland\/jeffrey-sachs-nato-haette-bereits-1990-aufgeloest-werden-sollen\/#article","isPartOf":{"@id":"https:\/\/now-news.de\/de\/deutschland\/jeffrey-sachs-nato-haette-bereits-1990-aufgeloest-werden-sollen\/"},"author":{"name":"rtnews","@id":"https:\/\/now-news.de\/de\/#\/schema\/person\/fb534a4e865501d8b3285208df34a9b5"},"headline":"Jeffrey Sachs: &quot;NATO h\u00e4tte bereits 1990 aufgel\u00f6st werden sollen&quot; \u00a0","datePublished":"2025-08-31T19:12:55+00:00","dateModified":"2025-08-31T19:12:55+00:00","mainEntityOfPage":{"@id":"https:\/\/now-news.de\/de\/deutschland\/jeffrey-sachs-nato-haette-bereits-1990-aufgeloest-werden-sollen\/"},"wordCount":409,"commentCount":0,"publisher":{"@id":"https:\/\/now-news.de\/de\/#organization"},"image":{"@id":"https:\/\/now-news.de\/de\/deutschland\/jeffrey-sachs-nato-haette-bereits-1990-aufgeloest-werden-sollen\/#primaryimage"},"thumbnailUrl":"https:\/\/now-news.de\/de\/wp-content\/uploads\/sites\/3\/2025\/08\/Jeffrey-Sachs-quotNATO-haette-bereits-1990-aufgeloest-werden-sollenquot.jpg","keywords":["aufgel\u00f6st","bereits","h\u00e4tte","Jeffrey","quotNATO","Sachs","sollenquot","Werden"],"articleSection":["Deutschland","Russland"],"inLanguage":"de","potentialAction":[{"@type":"CommentAction","name":"Comment","target":["https:\/\/now-news.de\/de\/deutschland\/jeffrey-sachs-nato-haette-bereits-1990-aufgeloest-werden-sollen\/#respond"]}]},{"@type":"WebPage","@id":"https:\/\/now-news.de\/de\/deutschland\/jeffrey-sachs-nato-haette-bereits-1990-aufgeloest-werden-sollen\/","url":"https:\/\/now-news.de\/de\/deutschland\/jeffrey-sachs-nato-haette-bereits-1990-aufgeloest-werden-sollen\/","name":"Jeffrey Sachs: &quot;NATO h\u00e4tte bereits 1990 aufgel\u00f6st werden sollen&quot; \u00a0 - just-now.NEWS Deutschland","isPartOf":{"@id":"https:\/\/now-news.de\/de\/#website"},"primaryImageOfPage":{"@id":"https:\/\/now-news.de\/de\/deutschland\/jeffrey-sachs-nato-haette-bereits-1990-aufgeloest-werden-sollen\/#primaryimage"},"image":{"@id":"https:\/\/now-news.de\/de\/deutschland\/jeffrey-sachs-nato-haette-bereits-1990-aufgeloest-werden-sollen\/#primaryimage"},"thumbnailUrl":"https:\/\/now-news.de\/de\/wp-content\/uploads\/sites\/3\/2025\/08\/Jeffrey-Sachs-quotNATO-haette-bereits-1990-aufgeloest-werden-sollenquot.jpg","datePublished":"2025-08-31T19:12:55+00:00","dateModified":"2025-08-31T19:12:55+00:00","breadcrumb":{"@id":"https:\/\/now-news.de\/de\/deutschland\/jeffrey-sachs-nato-haette-bereits-1990-aufgeloest-werden-sollen\/#breadcrumb"},"inLanguage":"de","potentialAction":[{"@type":"ReadAction","target":["https:\/\/now-news.de\/de\/deutschland\/jeffrey-sachs-nato-haette-bereits-1990-aufgeloest-werden-sollen\/"]}]},{"@type":"ImageObject","inLanguage":"de","@id":"https:\/\/now-news.de\/de\/deutschland\/jeffrey-sachs-nato-haette-bereits-1990-aufgeloest-werden-sollen\/#primaryimage","url":"https:\/\/now-news.de\/de\/wp-content\/uploads\/sites\/3\/2025\/08\/Jeffrey-Sachs-quotNATO-haette-bereits-1990-aufgeloest-werden-sollenquot.jpg","contentUrl":"https:\/\/now-news.de\/de\/wp-content\/uploads\/sites\/3\/2025\/08\/Jeffrey-Sachs-quotNATO-haette-bereits-1990-aufgeloest-werden-sollenquot.jpg","width":460,"height":259,"caption":"Jeffrey Sachs: &quot;NATO h\u00e4tte bereits 1990 aufgel\u00f6st werden sollen&quot; \u00a0"},{"@type":"BreadcrumbList","@id":"https:\/\/now-news.de\/de\/deutschland\/jeffrey-sachs-nato-haette-bereits-1990-aufgeloest-werden-sollen\/#breadcrumb","itemListElement":[{"@type":"ListItem","position":1,"name":"Home","item":"https:\/\/now-news.de\/de\/"},{"@type":"ListItem","position":2,"name":"Jeffrey Sachs: &quot;NATO h\u00e4tte bereits 1990 aufgel\u00f6st werden sollen&quot; \u00a0"}]},{"@type":"WebSite","@id":"https:\/\/now-news.de\/de\/#website","url":"https:\/\/now-news.de\/de\/","name":"just-now.NEWS Deutschland","description":"Das Portal f\u00fcr unzensierte Nachrichten aus der Welt","publisher":{"@id":"https:\/\/now-news.de\/de\/#organization"},"potentialAction":[{"@type":"SearchAction","target":{"@type":"EntryPoint","urlTemplate":"https:\/\/now-news.de\/de\/?s={search_term_string}"},"query-input":"required name=search_term_string"}],"inLanguage":"de"},{"@type":"Organization","@id":"https:\/\/now-news.de\/de\/#organization","name":"Just Now News","url":"https:\/\/now-news.de\/de\/","logo":{"@type":"ImageObject","inLanguage":"de","@id":"https:\/\/now-news.de\/de\/#\/schema\/logo\/image\/","url":"http:\/\/just-now.news\/de\/wp-content\/uploads\/sites\/3\/2022\/04\/logo500x500.jpg","contentUrl":"http:\/\/just-now.news\/de\/wp-content\/uploads\/sites\/3\/2022\/04\/logo500x500.jpg","width":500,"height":500,"caption":"Just Now News"},"image":{"@id":"https:\/\/now-news.de\/de\/#\/schema\/logo\/image\/"},"sameAs":["https:\/\/www.facebook.com\/wirmachenauf","https:\/\/x.com\/WirMachenAuf_de"]},{"@type":"Person","@id":"https:\/\/now-news.de\/de\/#\/schema\/person\/fb534a4e865501d8b3285208df34a9b5","name":"rtnews","image":{"@type":"ImageObject","inLanguage":"de","@id":"https:\/\/now-news.de\/de\/#\/schema\/person\/image\/","url":"https:\/\/secure.gravatar.com\/avatar\/82aafea7d8127119dd649515f56e2117?s=96&d=mm&r=g","contentUrl":"https:\/\/secure.gravatar.com\/avatar\/82aafea7d8127119dd649515f56e2117?s=96&d=mm&r=g","caption":"rtnews"},"url":"https:\/\/now-news.de\/de\/author\/rnews\/"}]}},"_links":{"self":[{"href":"https:\/\/now-news.de\/de\/wp-json\/wp\/v2\/posts\/89762"}],"collection":[{"href":"https:\/\/now-news.de\/de\/wp-json\/wp\/v2\/posts"}],"about":[{"href":"https:\/\/now-news.de\/de\/wp-json\/wp\/v2\/types\/post"}],"author":[{"embeddable":true,"href":"https:\/\/now-news.de\/de\/wp-json\/wp\/v2\/users\/3"}],"replies":[{"embeddable":true,"href":"https:\/\/now-news.de\/de\/wp-json\/wp\/v2\/comments?post=89762"}],"version-history":[{"count":0,"href":"https:\/\/now-news.de\/de\/wp-json\/wp\/v2\/posts\/89762\/revisions"}],"wp:featuredmedia":[{"embeddable":true,"href":"https:\/\/now-news.de\/de\/wp-json\/wp\/v2\/media\/89763"}],"wp:attachment":[{"href":"https:\/\/now-news.de\/de\/wp-json\/wp\/v2\/media?parent=89762"}],"wp:term":[{"taxonomy":"category","embeddable":true,"href":"https:\/\/now-news.de\/de\/wp-json\/wp\/v2\/categories?post=89762"},{"taxonomy":"post_tag","embeddable":true,"href":"https:\/\/now-news.de\/de\/wp-json\/wp\/v2\/tags?post=89762"}],"curies":[{"name":"wp","href":"https:\/\/api.w.org\/{rel}","templated":true}]}}